{"id":3513,"date":"2020-07-15T10:00:30","date_gmt":"2020-07-15T08:00:30","guid":{"rendered":"http:\/\/www.anovapeneira.gal\/?p=3513"},"modified":"2020-07-12T09:21:56","modified_gmt":"2020-07-12T07:21:56","slug":"bieito-lobeira-secretario-de-organizacion-do-bng","status":"publish","type":"post","link":"https:\/\/www.anovapeneira.gal\/index.php\/2020\/07\/15\/bieito-lobeira-secretario-de-organizacion-do-bng\/","title":{"rendered":"Bieito Lobeira secretario de organizaci\u00f3n do BNG"},"content":{"rendered":"\n<p><strong>Al\u00e1 polo mes de febreiro repart\u00eda eu Peneiras polos cami\u00f1os de Seixo, cando un desco\u00f1ecido lector se me achegou e al\u00e9n de demandarme un xornal botoume unha rifa considerable por non ter entrevistado nunca a Bieito Lobeira, sendo como somos un xornal nacionalista. Comprometinme con el a solucionar o asunto de contado. Lamentablemente o confinamento non me deu a oportunidade de conversar con Bieito ata a xornada de reflexi\u00f3n. Ese d\u00eda, en Seixo, claro, mantivemos unha extensa conversa na que repasamos distintos aspectos da s\u00faa vida persoal e pol\u00edtica. Bieito \u00e9 un home cordial , amable e moi apaixonado, defende as s\u00faas ideas con moita intensidade emotiva, e tam\u00e9n procura dotalas de solidez argumental. Vela\u00ed vai o que deu de si a nosa charla<\/strong><\/p>\n\n\n\n<p>\u201c<strong>A VONTADE INEQU\u00cdVOCA DO BNG \u00c9 QUE O BLOQUE SEXA A CASA COM\u00daN DE TODAS AS PERSOAS QUE ENTENDAN QUE OS ASUNTOS DE GALIZA DEBEN SER XESTIONADOS POLO POBO GALEGO\u201d<\/strong><\/p>\n\n\n\n<p><strong>A identidade colectiva do pobo galego creo eu que se artella m\u00e1is sobre a parroquia que sobre o concello, ti naciches en Seixo, e de onde te sentes?<\/strong><\/p>\n\n\n\n<blockquote class=\"wp-block-quote is-layout-flow wp-block-quote-is-layout-flow\"><p>Non \u00e9 que me sinta \u00e9 que eu son de Seixo, en concreto nac\u00edn en Loira que tam\u00e9n ten a s\u00faa personalidade.<\/p><\/blockquote>\n\n\n\n<p><strong>Que significou Seixo na t\u00faa vida?<\/strong><\/p>\n\n\n\n<blockquote class=\"wp-block-quote is-layout-flow wp-block-quote-is-layout-flow\"><p>Eu nac\u00edn nunha pequena casa, son de familia humilde, fillo e neto mari\u00f1eiros, e a contorna social na que me criei foi moi importante na conformaci\u00f3n da mi\u00f1a personalidade. Seixo significou moito na mi\u00f1a construci\u00f3n persoal como ser humano. O sentimento de comunidade a\u00ednda existe e \u00e9 algo moi importante nas zonas rurais do pa\u00eds galego, e para min tam\u00e9n o foi claro que si.<\/p><\/blockquote>\n\n\n\n<p><strong>Vexo que che sentes moi orgulloso das t\u00faas orixes?<\/strong><\/p>\n\n\n\n<blockquote class=\"wp-block-quote is-layout-flow wp-block-quote-is-layout-flow\"><p>Orgullos\u00edsimo, abof\u00e9 que \u00e9 as\u00ed.<\/p><\/blockquote>\n\n\n\n<p><strong>Cando e por que iniciaches a t\u00faa vida pol\u00edtica?<\/strong><\/p>\n\n\n\n<blockquote class=\"wp-block-quote is-layout-flow wp-block-quote-is-layout-flow\"><p>Houbo dous motivos fundamentais case simult\u00e1neos ; a primeira lectura que fixen do Sempre en Galiza, deb\u00eda de ter eu arredor de 13 ou 14 anos, e unha situaci\u00f3n persoal realmente traum\u00e1tica, pois eu que nac\u00edn falando en galego, sufr\u00edn maltrato f\u00edsico no colexio cando empregaba o meu idioma, e era obrigado a trav\u00e9s da violencia a mudarme ao castel\u00e1n. Recordo un feito vital persoal que tam\u00e9n incidiu significativamente; ter\u00eda eu 14 ou 15 anos e acompa\u00f1ei \u00e1 mi\u00f1a nai ao Concello de Mar\u00edn a facer unha xesti\u00f3n administrativa, a mi\u00f1a nai falou no seu idioma, os funcionarios do concello burl\u00e1ronse dela por falar en galego. Naquel momento decid\u00edn que a situaci\u00f3n inxusta ,que vive o noso pobo, de ser obrigado a subordinarse a unha realidade cultural allea deb\u00eda de ser confrontada, en consecuencia non me quedou outra que achegarme politicamente a quen m\u00e1is se identificaba coa mi\u00f1a forma de entender a realidade; o BNG<\/p><\/blockquote>\n\n\n\n<p><strong>Estamos falando do ano?<\/strong><\/p>\n\n\n\n<blockquote class=\"wp-block-quote is-layout-flow wp-block-quote-is-layout-flow\"><p>1984<\/p><\/blockquote>\n\n\n\n<p><strong>Levas 36 anos ininterrompidos no Bloque?<\/strong><\/p>\n\n\n\n<blockquote class=\"wp-block-quote is-layout-flow wp-block-quote-is-layout-flow\"><p>Ufff como soa iso, pois nunca botara a conta , pero si claro.<\/p><\/blockquote>\n\n\n\n<p><strong>Fuches SX de Galiza Nova?<\/strong><\/p>\n\n\n\n<blockquote class=\"wp-block-quote is-layout-flow wp-block-quote-is-layout-flow\"><p>Si, no ano 1992<\/p><\/blockquote>\n\n\n\n<p><strong>En m\u00e1is de 3 d\u00e9cadas de vida pol\u00edtica tiveches tempo para facer moitas cousas<\/strong><\/p>\n\n\n\n<blockquote class=\"wp-block-quote is-layout-flow wp-block-quote-is-layout-flow\"><p>Ha ha ha, a verdade \u00e9 que si fixen traballo pol\u00edtico de todo tipo<\/p><\/blockquote>\n\n\n\n<p><strong>Na t\u00faa comarca o nacionalismo ten unha presenza moi importante. Tedes as alcald\u00edas de Bueu e Moa\u00f1a e as tenencias de alcald\u00eda de Cangas e Vilaboa. A excepci\u00f3n \u00e9 Mar\u00edn, por que?<\/strong><\/p>\n\n\n\n<blockquote class=\"wp-block-quote is-layout-flow wp-block-quote-is-layout-flow\"><p>Eu creo que a resposta \u00e9 poli\u00e9drica. Seguro que n\u00f3s cometemos erros, a situaci\u00f3n pol\u00edtica non \u00e9 a que nos gustar\u00eda e con toda a humildade reco\u00f1ezo que hai cousas que non fixemos ben, e que agardo poidamos facer mellor. Por outra banda Mar\u00edn ten unha casu\u00edstica propia derivada da presencia da escola naval militar que crea unha realidade sociol\u00f3xica que non \u00e9 a m\u00e1is adecuada para espallar un proxecto pol\u00edtico como o noso. Eu lembro cando era mozo e \u00eda \u00e1 praia de Portocelo, que hab\u00eda unha parte do areal reservado en exclusiva para as familias dos militares<\/p><\/blockquote>\n\n\n\n<p><strong>E esa realidade sociol\u00f3xica que describes, ao teu xu\u00edzo, vai a m\u00e1is ou a menos?<\/strong><\/p>\n\n\n\n<blockquote class=\"wp-block-quote is-layout-flow wp-block-quote-is-layout-flow\"><p>Eu, malia o resultado que obtivo o PP de Mar\u00edn, estou convencido de que vai a menos. Creo que unha parte moi importante da sociedade marinense non participa dese sentir e estou seguro de que o nacionalismo en Mar\u00edn ten unha enorme potencialidade de crecemento. Te\u00f1o confianza plena no traballo de Luc\u00eda, a nosa portavoz, e aproveito a oportunidade para agradecerlle o seu esforzo e a s\u00faa xenerosidade nunhas circunstancias dif\u00edciles<\/p><\/blockquote>\n\n\n\n<p><strong>O nacionalismo en Mar\u00edn viviu varias rupturas e situaci\u00f3ns moi complicadas agora que a situaci\u00f3n do BNG no pa\u00eds galego \u00e9 pl\u00e1cida e semella que estades en tempo de vi\u00f1o e rosas, non hai posibilidade de integrar a todos os sectores pr\u00f3ximos que existen no espazo pol\u00edtico marinense?<\/strong><\/p>\n\n\n\n<blockquote class=\"wp-block-quote is-layout-flow wp-block-quote-is-layout-flow\"><p>Como che dixen antes, Tino, n\u00f3s cometemos erros, claro que si, pero quixera que todas e todos os lectores da Peneira tiveran clar\u00edsimo que a vontade do BNG en xeral, e da mi\u00f1a modesta persoa en particular, \u00e9 que o Bloque sexa a casa com\u00fan de todas as persoas e colectivos que entendan que os asuntos de Galiza debe decidilos a sociedade galega. Particularmente opino que a chegada de xente nova, mozas e mozos, que afortunadamente estase a producir de maneira contin\u00faa, xente sen apriorismos relacionados con desafortunadas situaci\u00f3ns pasadas vainos a axudar moito a que as vellas feridas sexan definitivamente cousa do pasado.<\/p><\/blockquote>\n\n\n\n<p><strong>Ese fen\u00f3meno do achegamento de xente nova ao que te refires obs\u00e9rvase en todo o pa\u00eds?<\/strong><\/p>\n\n\n\n<blockquote class=\"wp-block-quote is-layout-flow wp-block-quote-is-layout-flow\"><p>Si, e \u00e9 realmente emocionante, al\u00e9n de imprescindible para dotar de solidez \u00e1 organizaci\u00f3n, porque as coiunturas electorais poden ser mellores ou peores, pero ter unha organizaci\u00f3n s\u00f3lida, e cun importante tecido de mocidade \u00e9 a \u00fanica posibilidade de asegurar que o nacionalismo ,a consideraci\u00f3n de Galiza como unha realidade nacional singular no mundo, nin mellor nin peor ca ningunha outra, pero distinta a todas as demais, poida seguir existindo nas xeraci\u00f3ns futuras<\/p><\/blockquote>\n\n\n\n<p><strong>Eu que, coma ti, son nacionalista desde neno \u00e1s veces te\u00f1o medo, Bieito, de que non sexa posible que o noso idioma como lingua viva poida soportar moito m\u00e1is tempo a presi\u00f3n digl\u00f3sica e que sexa realmente dif\u00edcil a continuidade hist\u00f3rica futura da mi\u00f1a forma de entender a realidade?<\/strong><\/p>\n\n\n\n<blockquote class=\"wp-block-quote is-layout-flow wp-block-quote-is-layout-flow\"><p>E eu tam\u00e9n o te\u00f1o Tino, non \u00e9 nada f\u00e1cil, pero estou convencido de que os procesos de espa\u00f1olizaci\u00f3n que sofre o noso pobo son reversibles, agora ben, \u00e9 imprescindible que o nacionalismo chegue a gobernar este pa\u00eds. S\u00f3 as\u00ed poderemos garantir a supervivencia do noso idioma e do propio pa\u00eds galego<\/p><\/blockquote>\n\n\n\n<p><strong>Agora semella que o vento sopra de cara para o Bloque pero hai escasamente 8 anos a situaci\u00f3n pos Amio foi perigos\u00edsima. Como a viviches?<\/strong><\/p>\n\n\n\n<blockquote class=\"wp-block-quote is-layout-flow wp-block-quote-is-layout-flow\"><p>Con moita preocupaci\u00f3n, claro, pero tam\u00e9n con moita determinaci\u00f3n<\/p><\/blockquote>\n\n\n\n<p><strong>A presi\u00f3n \u00e1 que vos someteron para integrar ao Bloque en proxectos compartidos con forzas espa\u00f1olas foi enorme. Sinceiramente, Bieito, nunca dubidaches?<\/strong><\/p>\n\n\n\n<blockquote class=\"wp-block-quote is-layout-flow wp-block-quote-is-layout-flow\"><p>Nunca. E d\u00edgocho con rotundidade absoluta. Eu, e milleiros de militantes que ten o BNG cremos que se somos unha naci\u00f3n \u00e9 imprescindible termos unha expresi\u00f3n pol\u00edtica propia non subordinada a ningu\u00e9n<\/p><\/blockquote>\n\n\n\n<p><strong>A militancia \u00e9 o capital m\u00e1is importante que ten o BNG?<\/strong><\/p>\n\n\n\n<blockquote class=\"wp-block-quote is-layout-flow wp-block-quote-is-layout-flow\"><p>Absolutamente, e desculpa pero emoci\u00f3nome ao falar de meus compa\u00f1eiros e compa\u00f1eiras; milleiros de persoas que dan o mellor de si mesmos, que sacrifican horas e horas da s\u00faa vida persoal a cambio de nada . s\u00f3 polo seu inmenso compromiso co Bloque e coa sociedade galega no seu conxunto. Todas as p\u00e1xinas do mundo de todos os xornais do mundo non ser\u00edan suficientes para expresar o orgullo m\u00e1is inmenso que sinto da militancia do Bloque. Hai militantes do BNG que te\u00f1en perdido o seu posto de traballo por terse comprometido con n\u00f3s<\/p><\/blockquote>\n\n\n\n<p><strong>Supo\u00f1o que a recuperaci\u00f3n da representaci\u00f3n do Bloque no parlamento do estado, na persoa de N\u00e9stor Rego, ser\u00eda enormemente emocionante para ti?<\/strong><\/p>\n\n\n\n<blockquote class=\"wp-block-quote is-layout-flow wp-block-quote-is-layout-flow\"><p>Chorei.<\/p><\/blockquote>\n\n\n\n<p><strong>Esta entrevista fac\u00e9mola na xornada de reflexi\u00f3n, que vai pasar ma\u00f1\u00e1 Bieito?<\/strong><\/p>\n\n\n\n<blockquote class=\"wp-block-quote is-layout-flow wp-block-quote-is-layout-flow\"><p>Pode pasar calquera cousa, pero a opci\u00f3n de que o PP perda a maior\u00eda \u00e9 real<\/p><\/blockquote>\n\n\n\n<p><strong>E a opci\u00f3n de que o BNG supere ao PSOE?<\/strong><\/p>\n\n\n\n<blockquote class=\"wp-block-quote is-layout-flow wp-block-quote-is-layout-flow\"><p>Tam\u00e9n<\/p><\/blockquote>\n\n\n\n<p><strong>Atr\u00e9veste a prognosticar o n\u00famero de deputados e deputadas que ides sacar?<\/strong><\/p>\n\n\n\n<blockquote class=\"wp-block-quote is-layout-flow wp-block-quote-is-layout-flow\"><p>A mi\u00f1a porra, conservadora, \u00e9 15<\/p><\/blockquote>\n\n\n\n<p><strong>Ti es un dos 19 de Meir\u00e1s, como est\u00e1 a situaci\u00f3n?<\/strong><\/p>\n\n\n\n<blockquote class=\"wp-block-quote is-layout-flow wp-block-quote-is-layout-flow\"><p>Agora est\u00e1 no tribunal supremo, calculo que o xu\u00edzo ser\u00e1 en xaneiro do ano pr\u00f3ximo<\/p><\/blockquote>\n\n\n\n<p><strong>Vaia, e esa situaci\u00f3n do xu\u00edzo \u00e9 inevitable?<\/strong><\/p>\n\n\n\n<blockquote class=\"wp-block-quote is-layout-flow wp-block-quote-is-layout-flow\"><p>Si, de feito a familia Franco p\u00eddenos 13 anos de prisi\u00f3n e \u00bd mill\u00f3n de \u20ac multa. \u00c9 surrealista que vaiamos a ser xulgados por defender a democracia, fronte aos Franco<\/p><\/blockquote>\n\n\n\n<p><strong>Ti tam\u00e9n fuches citado como testemu\u00f1a no caso que a xustiza espa\u00f1ola segue contra Causa Galiza, a operaci\u00f3n Jaro, como ves ese asunto?<\/strong><\/p>\n\n\n\n<blockquote class=\"wp-block-quote is-layout-flow wp-block-quote-is-layout-flow\"><p>Outro exemplo m\u00e1is da baix\u00edsima calidade da democracia espa\u00f1ola. N\u00f3s solidariz\u00e1monos cos imputados nesa operaci\u00f3n claro. Eu cando fun interrogado , tiven que responder preguntas pol\u00edticas<\/p><\/blockquote>\n\n\n\n<p><strong>Non me digas?<\/strong><\/p>\n\n\n\n<blockquote class=\"wp-block-quote is-layout-flow wp-block-quote-is-layout-flow\"><p>E tanto que si. A min pregunt\u00e1ronme pola orientaci\u00f3n pol\u00edtica do BNG e polas nosas relaci\u00f3ns pol\u00edticas internacionais<\/p><\/blockquote>\n\n\n\n<p><strong>Falemos dalgunhas \u00e1reas de influencia do noso xornal. No Baixo Mi\u00f1o vaia resultados..Tomi\u00f1o , O Rosal e a nada na Guarda<\/strong><\/p>\n\n\n\n<blockquote class=\"wp-block-quote is-layout-flow wp-block-quote-is-layout-flow\"><p>Si, sen d\u00fabida, est\u00e1 \u00e9 unha das moitas comarcas na que se amosa que se nos dan a oportunidade de gobernar o noso modelo funciona\u00a0<\/p><\/blockquote>\n\n\n\n<p><strong>Onte conversaba cun prestixioso cient\u00edfico, que non \u00e9 do BNG, e dic\u00edame que leva moito tempo traballando en diversos concellos do sur da provincia e que nunca na s\u00faa vida se encontrou cun alcalde tan sumamente competente como con Pepe Represas&#8230;<\/strong><\/p>\n\n\n\n<blockquote class=\"wp-block-quote is-layout-flow wp-block-quote-is-layout-flow\"><p>Pepe \u00e9 unha pasada. Ning\u00fan alcalde que tivera Ponteareas resistir\u00eda a comparaci\u00f3n con Pepe, pero por goleada vamos<\/p><\/blockquote>\n\n\n\n<p><strong>E Soutomaior e Balneario vaia frustraci\u00f3n..<\/strong><\/p>\n\n\n\n<blockquote class=\"wp-block-quote is-layout-flow wp-block-quote-is-layout-flow\"><p>No 2023 ambos ser\u00e1n concellos BNG con seguridade<\/p><\/blockquote>\n\n\n\n<p><strong>E do mailing de Vox que nos dis?<\/strong><\/p>\n\n\n\n<blockquote class=\"wp-block-quote is-layout-flow wp-block-quote-is-layout-flow\"><p>Que n\u00f3s sexamos percibidos pola ultradereita espa\u00f1ola como a s\u00faa ant\u00edtese \u00e9 un orgullo<\/p><\/blockquote>\n\n\n\n<p><strong>Rematamos Bieito, estiveches nas nosas tres galas, e xa che comunico que en febreiro do 2021 teremos a IV edici\u00f3n, supo\u00f1o que poderemos contar contigo?<\/strong><\/p>\n\n\n\n<blockquote class=\"wp-block-quote is-layout-flow wp-block-quote-is-layout-flow\"><p>E que se non me convidas ofender\u00edasme Tino.<\/p><\/blockquote>\n\n\n\n<p><strong>Ha ha ha ha..Moitas grazas Bieito por este rato tan agradable<\/strong><\/p>\n","protected":false},"excerpt":{"rendered":"<div class=\"mh-excerpt\"><p>Al\u00e1 polo mes de febreiro repart\u00eda eu Peneiras polos cami\u00f1os de Seixo, cando un desco\u00f1ecido lector se me achegou e al\u00e9n de demandarme un xornal botoume unha rifa considerable por non ter entrevistado nunca a Bieito Lobeira, sendo como somos un xornal nacionalista <a class=\"mh-excerpt-more\" href=\"https:\/\/www.anovapeneira.gal\/index.php\/2020\/07\/15\/bieito-lobeira-secretario-de-organizacion-do-bng\/\" title=\"Bieito Lobeira secretario de organizaci\u00f3n do BNG\">[&#8230;]<\/a><\/p>\n<\/div>","protected":false},"author":2,"featured_media":3514,"comment_status":"open","ping_status":"open","sticky":false,"template":"","format":"standard","meta":{"_exactmetrics_skip_tracking":false,"_exactmetrics_sitenote_active":false,"_exactmetrics_sitenote_note":"","_exactmetrics_sitenote_category":0,"footnotes":""},"categories":[1],"tags":[1146,10],"class_list":{"0":"post-3513","1":"post","2":"type-post","3":"status-publish","4":"format-standard","5":"has-post-thumbnail","7":"category-sin-categoria","8":"tag-bieito-lobeira","9":"tag-bng"},"yoast_head":"<!-- This site is optimized with the Yoast SEO plugin v27.5 - https:\/\/yoast.com\/product\/yoast-seo-wordpress\/ -->\n<title>Bieito Lobeira secretario de organizaci\u00f3n do BNG -<\/title>\n<meta name=\"robots\" content=\"index, follow, max-snippet:-1, max-image-preview:large, max-video-preview:-1\" \/>\n<link rel=\"canonical\" href=\"https:\/\/www.anovapeneira.gal\/index.php\/2020\/07\/15\/bieito-lobeira-secretario-de-organizacion-do-bng\/\" \/>\n<meta property=\"og:locale\" content=\"gl_ES\" \/>\n<meta property=\"og:type\" content=\"article\" \/>\n<meta property=\"og:title\" content=\"Bieito Lobeira secretario de organizaci\u00f3n do BNG -\" \/>\n<meta property=\"og:description\" content=\"Al\u00e1 polo mes de febreiro repart\u00eda eu Peneiras polos cami\u00f1os de Seixo, cando un desco\u00f1ecido lector se me achegou e al\u00e9n de demandarme un xornal botoume unha rifa considerable por non ter entrevistado nunca a Bieito Lobeira, sendo como somos un xornal nacionalista [...]\" \/>\n<meta property=\"og:url\" content=\"https:\/\/www.anovapeneira.gal\/index.php\/2020\/07\/15\/bieito-lobeira-secretario-de-organizacion-do-bng\/\" \/>\n<meta property=\"article:publisher\" content=\"https:\/\/www.facebook.com\/anovapeneira\" \/>\n<meta property=\"article:published_time\" content=\"2020-07-15T08:00:30+00:00\" \/>\n<meta property=\"og:image\" content=\"https:\/\/www.anovapeneira.gal\/wp-content\/uploads\/2020\/07\/bieto_secretario_organizacion_bng_a_nova_peneira.jpg\" \/>\n\t<meta property=\"og:image:width\" content=\"720\" \/>\n\t<meta property=\"og:image:height\" content=\"432\" \/>\n\t<meta property=\"og:image:type\" content=\"image\/jpeg\" \/>\n<meta name=\"author\" content=\"Tino Lago\" \/>\n<meta name=\"twitter:card\" content=\"summary_large_image\" \/>\n<meta name=\"twitter:creator\" content=\"@APeneira\" \/>\n<meta name=\"twitter:site\" content=\"@APeneira\" \/>\n<meta name=\"twitter:label1\" content=\"Escrito por\" \/>\n\t<meta name=\"twitter:data1\" content=\"Tino Lago\" \/>\n\t<meta name=\"twitter:label2\" content=\"Tempo de lectura\" \/>\n\t<meta name=\"twitter:data2\" content=\"9 minutos\" \/>\n<script type=\"application\/ld+json\" class=\"yoast-schema-graph\">{\"@context\":\"https:\\\/\\\/schema.org\",\"@graph\":[{\"@type\":\"Article\",\"@id\":\"https:\\\/\\\/www.anovapeneira.gal\\\/index.php\\\/2020\\\/07\\\/15\\\/bieito-lobeira-secretario-de-organizacion-do-bng\\\/#article\",\"isPartOf\":{\"@id\":\"https:\\\/\\\/www.anovapeneira.gal\\\/index.php\\\/2020\\\/07\\\/15\\\/bieito-lobeira-secretario-de-organizacion-do-bng\\\/\"},\"author\":{\"name\":\"Tino Lago\",\"@id\":\"https:\\\/\\\/www.anovapeneira.gal\\\/#\\\/schema\\\/person\\\/424dfe65e3070fd8a44d22d2c088762a\"},\"headline\":\"Bieito Lobeira secretario de organizaci\u00f3n do BNG\",\"datePublished\":\"2020-07-15T08:00:30+00:00\",\"mainEntityOfPage\":{\"@id\":\"https:\\\/\\\/www.anovapeneira.gal\\\/index.php\\\/2020\\\/07\\\/15\\\/bieito-lobeira-secretario-de-organizacion-do-bng\\\/\"},\"wordCount\":1821,\"commentCount\":0,\"publisher\":{\"@id\":\"https:\\\/\\\/www.anovapeneira.gal\\\/#organization\"},\"image\":{\"@id\":\"https:\\\/\\\/www.anovapeneira.gal\\\/index.php\\\/2020\\\/07\\\/15\\\/bieito-lobeira-secretario-de-organizacion-do-bng\\\/#primaryimage\"},\"thumbnailUrl\":\"https:\\\/\\\/www.anovapeneira.gal\\\/wp-content\\\/uploads\\\/2020\\\/07\\\/bieto_secretario_organizacion_bng_a_nova_peneira.jpg\",\"keywords\":[\"Bieito Lobeira\",\"BNG\"],\"articleSection\":[\"Sin categor\u00eda\"],\"inLanguage\":\"gl-ES\",\"potentialAction\":[{\"@type\":\"CommentAction\",\"name\":\"Comment\",\"target\":[\"https:\\\/\\\/www.anovapeneira.gal\\\/index.php\\\/2020\\\/07\\\/15\\\/bieito-lobeira-secretario-de-organizacion-do-bng\\\/#respond\"]}]},{\"@type\":\"WebPage\",\"@id\":\"https:\\\/\\\/www.anovapeneira.gal\\\/index.php\\\/2020\\\/07\\\/15\\\/bieito-lobeira-secretario-de-organizacion-do-bng\\\/\",\"url\":\"https:\\\/\\\/www.anovapeneira.gal\\\/index.php\\\/2020\\\/07\\\/15\\\/bieito-lobeira-secretario-de-organizacion-do-bng\\\/\",\"name\":\"Bieito Lobeira secretario de organizaci\u00f3n do BNG -\",\"isPartOf\":{\"@id\":\"https:\\\/\\\/www.anovapeneira.gal\\\/#website\"},\"primaryImageOfPage\":{\"@id\":\"https:\\\/\\\/www.anovapeneira.gal\\\/index.php\\\/2020\\\/07\\\/15\\\/bieito-lobeira-secretario-de-organizacion-do-bng\\\/#primaryimage\"},\"image\":{\"@id\":\"https:\\\/\\\/www.anovapeneira.gal\\\/index.php\\\/2020\\\/07\\\/15\\\/bieito-lobeira-secretario-de-organizacion-do-bng\\\/#primaryimage\"},\"thumbnailUrl\":\"https:\\\/\\\/www.anovapeneira.gal\\\/wp-content\\\/uploads\\\/2020\\\/07\\\/bieto_secretario_organizacion_bng_a_nova_peneira.jpg\",\"datePublished\":\"2020-07-15T08:00:30+00:00\",\"breadcrumb\":{\"@id\":\"https:\\\/\\\/www.anovapeneira.gal\\\/index.php\\\/2020\\\/07\\\/15\\\/bieito-lobeira-secretario-de-organizacion-do-bng\\\/#breadcrumb\"},\"inLanguage\":\"gl-ES\",\"potentialAction\":[{\"@type\":\"ReadAction\",\"target\":[\"https:\\\/\\\/www.anovapeneira.gal\\\/index.php\\\/2020\\\/07\\\/15\\\/bieito-lobeira-secretario-de-organizacion-do-bng\\\/\"]}]},{\"@type\":\"ImageObject\",\"inLanguage\":\"gl-ES\",\"@id\":\"https:\\\/\\\/www.anovapeneira.gal\\\/index.php\\\/2020\\\/07\\\/15\\\/bieito-lobeira-secretario-de-organizacion-do-bng\\\/#primaryimage\",\"url\":\"https:\\\/\\\/www.anovapeneira.gal\\\/wp-content\\\/uploads\\\/2020\\\/07\\\/bieto_secretario_organizacion_bng_a_nova_peneira.jpg\",\"contentUrl\":\"https:\\\/\\\/www.anovapeneira.gal\\\/wp-content\\\/uploads\\\/2020\\\/07\\\/bieto_secretario_organizacion_bng_a_nova_peneira.jpg\",\"width\":720,\"height\":432,\"caption\":\"Bieito Lobeira secretario de organizaci\u00f3n do BNG A Nova Peneira\"},{\"@type\":\"BreadcrumbList\",\"@id\":\"https:\\\/\\\/www.anovapeneira.gal\\\/index.php\\\/2020\\\/07\\\/15\\\/bieito-lobeira-secretario-de-organizacion-do-bng\\\/#breadcrumb\",\"itemListElement\":[{\"@type\":\"ListItem\",\"position\":1,\"name\":\"Portada\",\"item\":\"https:\\\/\\\/www.anovapeneira.gal\\\/\"},{\"@type\":\"ListItem\",\"position\":2,\"name\":\"Bieito Lobeira secretario de organizaci\u00f3n do BNG\"}]},{\"@type\":\"WebSite\",\"@id\":\"https:\\\/\\\/www.anovapeneira.gal\\\/#website\",\"url\":\"https:\\\/\\\/www.anovapeneira.gal\\\/\",\"name\":\"\",\"description\":\"Xornal galego de informaci\u00f3n xeral Publicaci\u00f3n mensual de novas de Galicia e en especial dos Concellos da sur da provincia de Pontevedra.\",\"publisher\":{\"@id\":\"https:\\\/\\\/www.anovapeneira.gal\\\/#organization\"},\"potentialAction\":[{\"@type\":\"SearchAction\",\"target\":{\"@type\":\"EntryPoint\",\"urlTemplate\":\"https:\\\/\\\/www.anovapeneira.gal\\\/?s={search_term_string}\"},\"query-input\":{\"@type\":\"PropertyValueSpecification\",\"valueRequired\":true,\"valueName\":\"search_term_string\"}}],\"inLanguage\":\"gl-ES\"},{\"@type\":\"Organization\",\"@id\":\"https:\\\/\\\/www.anovapeneira.gal\\\/#organization\",\"name\":\"A Nova Peneira\",\"url\":\"https:\\\/\\\/www.anovapeneira.gal\\\/\",\"logo\":{\"@type\":\"ImageObject\",\"inLanguage\":\"gl-ES\",\"@id\":\"https:\\\/\\\/www.anovapeneira.gal\\\/#\\\/schema\\\/logo\\\/image\\\/\",\"url\":\"http:\\\/\\\/www.anovapeneira.gal\\\/wp-content\\\/uploads\\\/2019\\\/06\\\/logo_a_nova_peneira_portal_web.png\",\"contentUrl\":\"http:\\\/\\\/www.anovapeneira.gal\\\/wp-content\\\/uploads\\\/2019\\\/06\\\/logo_a_nova_peneira_portal_web.png\",\"width\":300,\"height\":100,\"caption\":\"A Nova Peneira\"},\"image\":{\"@id\":\"https:\\\/\\\/www.anovapeneira.gal\\\/#\\\/schema\\\/logo\\\/image\\\/\"},\"sameAs\":[\"https:\\\/\\\/www.facebook.com\\\/anovapeneira\",\"https:\\\/\\\/x.com\\\/APeneira\"]},{\"@type\":\"Person\",\"@id\":\"https:\\\/\\\/www.anovapeneira.gal\\\/#\\\/schema\\\/person\\\/424dfe65e3070fd8a44d22d2c088762a\",\"name\":\"Tino Lago\",\"image\":{\"@type\":\"ImageObject\",\"inLanguage\":\"gl-ES\",\"@id\":\"https:\\\/\\\/secure.gravatar.com\\\/avatar\\\/b3df6a06e44bab3111583b90f0f33a0379ee5e3d22cbadd232d39f21c30c62be?s=96&d=mm&r=g\",\"url\":\"https:\\\/\\\/secure.gravatar.com\\\/avatar\\\/b3df6a06e44bab3111583b90f0f33a0379ee5e3d22cbadd232d39f21c30c62be?s=96&d=mm&r=g\",\"contentUrl\":\"https:\\\/\\\/secure.gravatar.com\\\/avatar\\\/b3df6a06e44bab3111583b90f0f33a0379ee5e3d22cbadd232d39f21c30c62be?s=96&d=mm&r=g\",\"caption\":\"Tino Lago\"},\"sameAs\":[\"http:\\\/\\\/www.anovapeneira.gal\"],\"url\":\"https:\\\/\\\/www.anovapeneira.gal\\\/index.php\\\/author\\\/director\\\/\"}]}<\/script>\n<!-- \/ Yoast SEO plugin. -->","yoast_head_json":{"title":"Bieito Lobeira secretario de organizaci\u00f3n do BNG -","robots":{"index":"index","follow":"follow","max-snippet":"max-snippet:-1","max-image-preview":"max-image-preview:large","max-video-preview":"max-video-preview:-1"},"canonical":"https:\/\/www.anovapeneira.gal\/index.php\/2020\/07\/15\/bieito-lobeira-secretario-de-organizacion-do-bng\/","og_locale":"gl_ES","og_type":"article","og_title":"Bieito Lobeira secretario de organizaci\u00f3n do BNG -","og_description":"Al\u00e1 polo mes de febreiro repart\u00eda eu Peneiras polos cami\u00f1os de Seixo, cando un desco\u00f1ecido lector se me achegou e al\u00e9n de demandarme un xornal botoume unha rifa considerable por non ter entrevistado nunca a Bieito Lobeira, sendo como somos un xornal nacionalista [...]","og_url":"https:\/\/www.anovapeneira.gal\/index.php\/2020\/07\/15\/bieito-lobeira-secretario-de-organizacion-do-bng\/","article_publisher":"https:\/\/www.facebook.com\/anovapeneira","article_published_time":"2020-07-15T08:00:30+00:00","og_image":[{"width":720,"height":432,"url":"https:\/\/www.anovapeneira.gal\/wp-content\/uploads\/2020\/07\/bieto_secretario_organizacion_bng_a_nova_peneira.jpg","type":"image\/jpeg"}],"author":"Tino Lago","twitter_card":"summary_large_image","twitter_creator":"@APeneira","twitter_site":"@APeneira","twitter_misc":{"Escrito por":"Tino Lago","Tempo de lectura":"9 minutos"},"schema":{"@context":"https:\/\/schema.org","@graph":[{"@type":"Article","@id":"https:\/\/www.anovapeneira.gal\/index.php\/2020\/07\/15\/bieito-lobeira-secretario-de-organizacion-do-bng\/#article","isPartOf":{"@id":"https:\/\/www.anovapeneira.gal\/index.php\/2020\/07\/15\/bieito-lobeira-secretario-de-organizacion-do-bng\/"},"author":{"name":"Tino Lago","@id":"https:\/\/www.anovapeneira.gal\/#\/schema\/person\/424dfe65e3070fd8a44d22d2c088762a"},"headline":"Bieito Lobeira secretario de organizaci\u00f3n do BNG","datePublished":"2020-07-15T08:00:30+00:00","mainEntityOfPage":{"@id":"https:\/\/www.anovapeneira.gal\/index.php\/2020\/07\/15\/bieito-lobeira-secretario-de-organizacion-do-bng\/"},"wordCount":1821,"commentCount":0,"publisher":{"@id":"https:\/\/www.anovapeneira.gal\/#organization"},"image":{"@id":"https:\/\/www.anovapeneira.gal\/index.php\/2020\/07\/15\/bieito-lobeira-secretario-de-organizacion-do-bng\/#primaryimage"},"thumbnailUrl":"https:\/\/www.anovapeneira.gal\/wp-content\/uploads\/2020\/07\/bieto_secretario_organizacion_bng_a_nova_peneira.jpg","keywords":["Bieito Lobeira","BNG"],"articleSection":["Sin categor\u00eda"],"inLanguage":"gl-ES","potentialAction":[{"@type":"CommentAction","name":"Comment","target":["https:\/\/www.anovapeneira.gal\/index.php\/2020\/07\/15\/bieito-lobeira-secretario-de-organizacion-do-bng\/#respond"]}]},{"@type":"WebPage","@id":"https:\/\/www.anovapeneira.gal\/index.php\/2020\/07\/15\/bieito-lobeira-secretario-de-organizacion-do-bng\/","url":"https:\/\/www.anovapeneira.gal\/index.php\/2020\/07\/15\/bieito-lobeira-secretario-de-organizacion-do-bng\/","name":"Bieito Lobeira secretario de organizaci\u00f3n do BNG -","isPartOf":{"@id":"https:\/\/www.anovapeneira.gal\/#website"},"primaryImageOfPage":{"@id":"https:\/\/www.anovapeneira.gal\/index.php\/2020\/07\/15\/bieito-lobeira-secretario-de-organizacion-do-bng\/#primaryimage"},"image":{"@id":"https:\/\/www.anovapeneira.gal\/index.php\/2020\/07\/15\/bieito-lobeira-secretario-de-organizacion-do-bng\/#primaryimage"},"thumbnailUrl":"https:\/\/www.anovapeneira.gal\/wp-content\/uploads\/2020\/07\/bieto_secretario_organizacion_bng_a_nova_peneira.jpg","datePublished":"2020-07-15T08:00:30+00:00","breadcrumb":{"@id":"https:\/\/www.anovapeneira.gal\/index.php\/2020\/07\/15\/bieito-lobeira-secretario-de-organizacion-do-bng\/#breadcrumb"},"inLanguage":"gl-ES","potentialAction":[{"@type":"ReadAction","target":["https:\/\/www.anovapeneira.gal\/index.php\/2020\/07\/15\/bieito-lobeira-secretario-de-organizacion-do-bng\/"]}]},{"@type":"ImageObject","inLanguage":"gl-ES","@id":"https:\/\/www.anovapeneira.gal\/index.php\/2020\/07\/15\/bieito-lobeira-secretario-de-organizacion-do-bng\/#primaryimage","url":"https:\/\/www.anovapeneira.gal\/wp-content\/uploads\/2020\/07\/bieto_secretario_organizacion_bng_a_nova_peneira.jpg","contentUrl":"https:\/\/www.anovapeneira.gal\/wp-content\/uploads\/2020\/07\/bieto_secretario_organizacion_bng_a_nova_peneira.jpg","width":720,"height":432,"caption":"Bieito Lobeira secretario de organizaci\u00f3n do BNG A Nova Peneira"},{"@type":"BreadcrumbList","@id":"https:\/\/www.anovapeneira.gal\/index.php\/2020\/07\/15\/bieito-lobeira-secretario-de-organizacion-do-bng\/#breadcrumb","itemListElement":[{"@type":"ListItem","position":1,"name":"Portada","item":"https:\/\/www.anovapeneira.gal\/"},{"@type":"ListItem","position":2,"name":"Bieito Lobeira secretario de organizaci\u00f3n do BNG"}]},{"@type":"WebSite","@id":"https:\/\/www.anovapeneira.gal\/#website","url":"https:\/\/www.anovapeneira.gal\/","name":"","description":"Xornal galego de informaci\u00f3n xeral Publicaci\u00f3n mensual de novas de Galicia e en especial dos Concellos da sur da provincia de Pontevedra.","publisher":{"@id":"https:\/\/www.anovapeneira.gal\/#organization"},"potentialAction":[{"@type":"SearchAction","target":{"@type":"EntryPoint","urlTemplate":"https:\/\/www.anovapeneira.gal\/?s={search_term_string}"},"query-input":{"@type":"PropertyValueSpecification","valueRequired":true,"valueName":"search_term_string"}}],"inLanguage":"gl-ES"},{"@type":"Organization","@id":"https:\/\/www.anovapeneira.gal\/#organization","name":"A Nova Peneira","url":"https:\/\/www.anovapeneira.gal\/","logo":{"@type":"ImageObject","inLanguage":"gl-ES","@id":"https:\/\/www.anovapeneira.gal\/#\/schema\/logo\/image\/","url":"http:\/\/www.anovapeneira.gal\/wp-content\/uploads\/2019\/06\/logo_a_nova_peneira_portal_web.png","contentUrl":"http:\/\/www.anovapeneira.gal\/wp-content\/uploads\/2019\/06\/logo_a_nova_peneira_portal_web.png","width":300,"height":100,"caption":"A Nova Peneira"},"image":{"@id":"https:\/\/www.anovapeneira.gal\/#\/schema\/logo\/image\/"},"sameAs":["https:\/\/www.facebook.com\/anovapeneira","https:\/\/x.com\/APeneira"]},{"@type":"Person","@id":"https:\/\/www.anovapeneira.gal\/#\/schema\/person\/424dfe65e3070fd8a44d22d2c088762a","name":"Tino Lago","image":{"@type":"ImageObject","inLanguage":"gl-ES","@id":"https:\/\/secure.gravatar.com\/avatar\/b3df6a06e44bab3111583b90f0f33a0379ee5e3d22cbadd232d39f21c30c62be?s=96&d=mm&r=g","url":"https:\/\/secure.gravatar.com\/avatar\/b3df6a06e44bab3111583b90f0f33a0379ee5e3d22cbadd232d39f21c30c62be?s=96&d=mm&r=g","contentUrl":"https:\/\/secure.gravatar.com\/avatar\/b3df6a06e44bab3111583b90f0f33a0379ee5e3d22cbadd232d39f21c30c62be?s=96&d=mm&r=g","caption":"Tino Lago"},"sameAs":["http:\/\/www.anovapeneira.gal"],"url":"https:\/\/www.anovapeneira.gal\/index.php\/author\/director\/"}]}},"jetpack_featured_media_url":"https:\/\/www.anovapeneira.gal\/wp-content\/uploads\/2020\/07\/bieto_secretario_organizacion_bng_a_nova_peneira.jpg","_links":{"self":[{"href":"https:\/\/www.anovapeneira.gal\/index.php\/wp-json\/wp\/v2\/posts\/3513","targetHints":{"allow":["GET"]}}],"collection":[{"href":"https:\/\/www.anovapeneira.gal\/index.php\/wp-json\/wp\/v2\/posts"}],"about":[{"href":"https:\/\/www.anovapeneira.gal\/index.php\/wp-json\/wp\/v2\/types\/post"}],"author":[{"embeddable":true,"href":"https:\/\/www.anovapeneira.gal\/index.php\/wp-json\/wp\/v2\/users\/2"}],"replies":[{"embeddable":true,"href":"https:\/\/www.anovapeneira.gal\/index.php\/wp-json\/wp\/v2\/comments?post=3513"}],"version-history":[{"count":1,"href":"https:\/\/www.anovapeneira.gal\/index.php\/wp-json\/wp\/v2\/posts\/3513\/revisions"}],"predecessor-version":[{"id":3515,"href":"https:\/\/www.anovapeneira.gal\/index.php\/wp-json\/wp\/v2\/posts\/3513\/revisions\/3515"}],"wp:featuredmedia":[{"embeddable":true,"href":"https:\/\/www.anovapeneira.gal\/index.php\/wp-json\/wp\/v2\/media\/3514"}],"wp:attachment":[{"href":"https:\/\/www.anovapeneira.gal\/index.php\/wp-json\/wp\/v2\/media?parent=3513"}],"wp:term":[{"taxonomy":"category","embeddable":true,"href":"https:\/\/www.anovapeneira.gal\/index.php\/wp-json\/wp\/v2\/categories?post=3513"},{"taxonomy":"post_tag","embeddable":true,"href":"https:\/\/www.anovapeneira.gal\/index.php\/wp-json\/wp\/v2\/tags?post=3513"}],"curies":[{"name":"wp","href":"https:\/\/api.w.org\/{rel}","templated":true}]}}