{"id":3516,"date":"2020-07-15T12:00:29","date_gmt":"2020-07-15T10:00:29","guid":{"rendered":"http:\/\/www.anovapeneira.gal\/?p=3516"},"modified":"2020-07-12T09:28:54","modified_gmt":"2020-07-12T07:28:54","slug":"o-consello-da-infancia-e-adolescencia-de-tomino-reuniuse-cunha-vintena-de-novos-integrantes","status":"publish","type":"post","link":"https:\/\/www.anovapeneira.gal\/index.php\/2020\/07\/15\/o-consello-da-infancia-e-adolescencia-de-tomino-reuniuse-cunha-vintena-de-novos-integrantes\/","title":{"rendered":"O Consello da Infancia e Adolescencia de Tomi\u00f1o reuniuse cunha vintena de novos integrantes"},"content":{"rendered":"\n<h2 class=\"wp-block-heading\"><strong>Acompa\u00f1ado pola concelleira de Infancia e Mocidade, o grupo abordou temas coma o confinamento, resaltando as dificultades sufridas pola falta de cobertura de internet en moitas parroquias da vila<\/strong><\/h2>\n\n\n\n<h4 class=\"wp-block-heading\"><strong>A pr\u00f3xima xuntanza ser\u00e1 no lugar de Grix\u00f3 (entre as parroquias de Barrantes e Tebra), a mediados de agosto<\/strong><\/h4>\n\n\n\n<p><strong>Tomi\u00f1o, 11 de xullo de 2020<\/strong><\/p>\n\n\n\n<p>O Consello da Infancia e Adolescencia Voces Novas, de Tomi\u00f1o, celebrou onte a primeira reuni\u00f3n despois da pandemia do Coronavirus.<\/p>\n\n\n\n<p>A xuntanza, que tivo lugar ao aire libre, na zona do Lago da Pedra, foi tam\u00e9n a primeira para os novos integrantes, unha vintena, a raz\u00f3n de catro por colexio de Primaria e outro tanto do IES Ant\u00f3n Alonso R\u00edos.<\/p>\n\n\n\n<p>Logo dunha rolda de presentaci\u00f3n, con xogos e actividades participativas, elixiuse \u00e1 representante do Consello que actuar\u00e1 coma membro do xurado do Certame de pintura ao aire libre Antonio Fern\u00e1ndez, na secci\u00f3n infantil-xuvenil.<\/p>\n\n\n\n<p>Asemade, acompa\u00f1adas pola concelleira de Infancia e Mocidade, F\u00e1tima Rodr\u00edguez, e coordinadas por Karina Bouzada, as novas e novos compo\u00f1entes, relataron a s\u00faa experiencia do confinamento, salientando as dificultades de cobertura de internet e telef\u00f3nicas que sufriron en moitos casos, e que lles dificultaron sensiblemente a elaboraci\u00f3n das tarefas requiridas polos docentes.<\/p>\n\n\n\n<p>Falaron tam\u00e9n de como ser\u00e1 o vindeiro curso, do moito que botaron de menos aos amigos e familiares, e da data da vindeira reuni\u00f3n. Neste sentido, decidiuse que cada xuntanza ser\u00e1 nun punto diferente da vila, e concretamente a pr\u00f3xima, ser\u00e1 no lugar de Grix\u00f3 (entre as parroquias de Barrantes e Tebra), a mediados de agosto.<\/p>\n\n\n\n<p>Na orde do d\u00eda desa reuni\u00f3n estar\u00e1 o da forma de traballo para o resto do ano, xa que en principio, pensaban traballar dende os coles, elaborando propostas de traballo, pero agora este tema depende da evoluci\u00f3n das circunstancias orixinadas pola crise sanitaria. A xesti\u00f3n do Instagram e revisi\u00f3n dos estatutos por se fora necesario modificalos, ser\u00e1n outros dous importantes temas a tratar.<\/p>\n","protected":false},"excerpt":{"rendered":"<div class=\"mh-excerpt\"><p>Acompa\u00f1ado pola concelleira de Infancia e Mocidade, o grupo abordou temas coma o confinamento, resaltando as dificultades sufridas pola falta de cobertura de internet en moitas parroquias da vila <a class=\"mh-excerpt-more\" href=\"https:\/\/www.anovapeneira.gal\/index.php\/2020\/07\/15\/o-consello-da-infancia-e-adolescencia-de-tomino-reuniuse-cunha-vintena-de-novos-integrantes\/\" title=\"O Consello da Infancia e Adolescencia de Tomi\u00f1o reuniuse cunha vintena de novos integrantes\">[&#8230;]<\/a><\/p>\n<\/div>","protected":false},"author":3,"featured_media":3517,"comment_status":"open","ping_status":"open","sticky":false,"template":"","format":"standard","meta":{"_exactmetrics_skip_tracking":false,"_exactmetrics_sitenote_active":false,"_exactmetrics_sitenote_note":"","_exactmetrics_sitenote_category":0,"footnotes":""},"categories":[21],"tags":[81,1147],"class_list":{"0":"post-3516","1":"post","2":"type-post","3":"status-publish","4":"format-standard","5":"has-post-thumbnail","7":"category-baixo-mino","8":"tag-concello-de-tomino","9":"tag-consello-da-infancia-e-adolescencia"},"yoast_head":"<!-- This site is optimized with the Yoast SEO plugin v27.4 - https:\/\/yoast.com\/product\/yoast-seo-wordpress\/ -->\n<title>O Consello da Infancia e Adolescencia de Tomi\u00f1o reuniuse cunha vintena de novos integrantes -<\/title>\n<meta name=\"robots\" content=\"index, follow, max-snippet:-1, max-image-preview:large, max-video-preview:-1\" \/>\n<link rel=\"canonical\" href=\"https:\/\/www.anovapeneira.gal\/index.php\/2020\/07\/15\/o-consello-da-infancia-e-adolescencia-de-tomino-reuniuse-cunha-vintena-de-novos-integrantes\/\" \/>\n<meta property=\"og:locale\" content=\"gl_ES\" \/>\n<meta property=\"og:type\" content=\"article\" \/>\n<meta property=\"og:title\" content=\"O Consello da Infancia e Adolescencia de Tomi\u00f1o reuniuse cunha vintena de novos integrantes -\" \/>\n<meta property=\"og:description\" content=\"Acompa\u00f1ado pola concelleira de Infancia e Mocidade, o grupo abordou temas coma o confinamento, resaltando as dificultades sufridas pola falta de cobertura de internet en moitas parroquias da vila [...]\" \/>\n<meta property=\"og:url\" content=\"https:\/\/www.anovapeneira.gal\/index.php\/2020\/07\/15\/o-consello-da-infancia-e-adolescencia-de-tomino-reuniuse-cunha-vintena-de-novos-integrantes\/\" \/>\n<meta property=\"article:publisher\" content=\"https:\/\/www.facebook.com\/anovapeneira\" \/>\n<meta property=\"article:published_time\" content=\"2020-07-15T10:00:29+00:00\" \/>\n<meta property=\"og:image\" content=\"https:\/\/www.anovapeneira.gal\/wp-content\/uploads\/2020\/07\/infancia_mocidade_concello_tominho_a_nova_peneira.jpg\" \/>\n\t<meta property=\"og:image:width\" content=\"720\" \/>\n\t<meta property=\"og:image:height\" content=\"432\" \/>\n\t<meta property=\"og:image:type\" content=\"image\/jpeg\" \/>\n<meta name=\"author\" content=\"Redacci\u00f3n A Nova Peneira\" \/>\n<meta name=\"twitter:card\" content=\"summary_large_image\" \/>\n<meta name=\"twitter:creator\" content=\"@APeneira\" \/>\n<meta name=\"twitter:site\" content=\"@APeneira\" \/>\n<meta name=\"twitter:label1\" content=\"Escrito por\" \/>\n\t<meta name=\"twitter:data1\" content=\"Redacci\u00f3n A Nova Peneira\" \/>\n\t<meta name=\"twitter:label2\" content=\"Tempo de lectura\" \/>\n\t<meta name=\"twitter:data2\" content=\"2 minutos\" \/>\n<script type=\"application\/ld+json\" class=\"yoast-schema-graph\">{\"@context\":\"https:\\\/\\\/schema.org\",\"@graph\":[{\"@type\":\"Article\",\"@id\":\"https:\\\/\\\/www.anovapeneira.gal\\\/index.php\\\/2020\\\/07\\\/15\\\/o-consello-da-infancia-e-adolescencia-de-tomino-reuniuse-cunha-vintena-de-novos-integrantes\\\/#article\",\"isPartOf\":{\"@id\":\"https:\\\/\\\/www.anovapeneira.gal\\\/index.php\\\/2020\\\/07\\\/15\\\/o-consello-da-infancia-e-adolescencia-de-tomino-reuniuse-cunha-vintena-de-novos-integrantes\\\/\"},\"author\":{\"name\":\"Redacci\u00f3n A Nova Peneira\",\"@id\":\"https:\\\/\\\/www.anovapeneira.gal\\\/#\\\/schema\\\/person\\\/b93e3f8932e3f8da96334607eb6ac6aa\"},\"headline\":\"O Consello da Infancia e Adolescencia de Tomi\u00f1o reuniuse cunha vintena de novos integrantes\",\"datePublished\":\"2020-07-15T10:00:29+00:00\",\"mainEntityOfPage\":{\"@id\":\"https:\\\/\\\/www.anovapeneira.gal\\\/index.php\\\/2020\\\/07\\\/15\\\/o-consello-da-infancia-e-adolescencia-de-tomino-reuniuse-cunha-vintena-de-novos-integrantes\\\/\"},\"wordCount\":358,\"commentCount\":0,\"publisher\":{\"@id\":\"https:\\\/\\\/www.anovapeneira.gal\\\/#organization\"},\"image\":{\"@id\":\"https:\\\/\\\/www.anovapeneira.gal\\\/index.php\\\/2020\\\/07\\\/15\\\/o-consello-da-infancia-e-adolescencia-de-tomino-reuniuse-cunha-vintena-de-novos-integrantes\\\/#primaryimage\"},\"thumbnailUrl\":\"https:\\\/\\\/www.anovapeneira.gal\\\/wp-content\\\/uploads\\\/2020\\\/07\\\/infancia_mocidade_concello_tominho_a_nova_peneira.jpg\",\"keywords\":[\"Concello de Tomi\u00f1o\",\"Consello da Infancia e Adolescencia\"],\"articleSection\":[\"Baixo Mi\u00f1o\"],\"inLanguage\":\"gl-ES\",\"potentialAction\":[{\"@type\":\"CommentAction\",\"name\":\"Comment\",\"target\":[\"https:\\\/\\\/www.anovapeneira.gal\\\/index.php\\\/2020\\\/07\\\/15\\\/o-consello-da-infancia-e-adolescencia-de-tomino-reuniuse-cunha-vintena-de-novos-integrantes\\\/#respond\"]}]},{\"@type\":\"WebPage\",\"@id\":\"https:\\\/\\\/www.anovapeneira.gal\\\/index.php\\\/2020\\\/07\\\/15\\\/o-consello-da-infancia-e-adolescencia-de-tomino-reuniuse-cunha-vintena-de-novos-integrantes\\\/\",\"url\":\"https:\\\/\\\/www.anovapeneira.gal\\\/index.php\\\/2020\\\/07\\\/15\\\/o-consello-da-infancia-e-adolescencia-de-tomino-reuniuse-cunha-vintena-de-novos-integrantes\\\/\",\"name\":\"O Consello da Infancia e Adolescencia de Tomi\u00f1o reuniuse cunha vintena de novos integrantes -\",\"isPartOf\":{\"@id\":\"https:\\\/\\\/www.anovapeneira.gal\\\/#website\"},\"primaryImageOfPage\":{\"@id\":\"https:\\\/\\\/www.anovapeneira.gal\\\/index.php\\\/2020\\\/07\\\/15\\\/o-consello-da-infancia-e-adolescencia-de-tomino-reuniuse-cunha-vintena-de-novos-integrantes\\\/#primaryimage\"},\"image\":{\"@id\":\"https:\\\/\\\/www.anovapeneira.gal\\\/index.php\\\/2020\\\/07\\\/15\\\/o-consello-da-infancia-e-adolescencia-de-tomino-reuniuse-cunha-vintena-de-novos-integrantes\\\/#primaryimage\"},\"thumbnailUrl\":\"https:\\\/\\\/www.anovapeneira.gal\\\/wp-content\\\/uploads\\\/2020\\\/07\\\/infancia_mocidade_concello_tominho_a_nova_peneira.jpg\",\"datePublished\":\"2020-07-15T10:00:29+00:00\",\"breadcrumb\":{\"@id\":\"https:\\\/\\\/www.anovapeneira.gal\\\/index.php\\\/2020\\\/07\\\/15\\\/o-consello-da-infancia-e-adolescencia-de-tomino-reuniuse-cunha-vintena-de-novos-integrantes\\\/#breadcrumb\"},\"inLanguage\":\"gl-ES\",\"potentialAction\":[{\"@type\":\"ReadAction\",\"target\":[\"https:\\\/\\\/www.anovapeneira.gal\\\/index.php\\\/2020\\\/07\\\/15\\\/o-consello-da-infancia-e-adolescencia-de-tomino-reuniuse-cunha-vintena-de-novos-integrantes\\\/\"]}]},{\"@type\":\"ImageObject\",\"inLanguage\":\"gl-ES\",\"@id\":\"https:\\\/\\\/www.anovapeneira.gal\\\/index.php\\\/2020\\\/07\\\/15\\\/o-consello-da-infancia-e-adolescencia-de-tomino-reuniuse-cunha-vintena-de-novos-integrantes\\\/#primaryimage\",\"url\":\"https:\\\/\\\/www.anovapeneira.gal\\\/wp-content\\\/uploads\\\/2020\\\/07\\\/infancia_mocidade_concello_tominho_a_nova_peneira.jpg\",\"contentUrl\":\"https:\\\/\\\/www.anovapeneira.gal\\\/wp-content\\\/uploads\\\/2020\\\/07\\\/infancia_mocidade_concello_tominho_a_nova_peneira.jpg\",\"width\":720,\"height\":432,\"caption\":\"Consello da Infancia e Adolescencia de Tomi\u00f1o A Nova Peneira\"},{\"@type\":\"BreadcrumbList\",\"@id\":\"https:\\\/\\\/www.anovapeneira.gal\\\/index.php\\\/2020\\\/07\\\/15\\\/o-consello-da-infancia-e-adolescencia-de-tomino-reuniuse-cunha-vintena-de-novos-integrantes\\\/#breadcrumb\",\"itemListElement\":[{\"@type\":\"ListItem\",\"position\":1,\"name\":\"Portada\",\"item\":\"https:\\\/\\\/www.anovapeneira.gal\\\/\"},{\"@type\":\"ListItem\",\"position\":2,\"name\":\"O Consello da Infancia e Adolescencia de Tomi\u00f1o reuniuse cunha vintena de novos integrantes\"}]},{\"@type\":\"WebSite\",\"@id\":\"https:\\\/\\\/www.anovapeneira.gal\\\/#website\",\"url\":\"https:\\\/\\\/www.anovapeneira.gal\\\/\",\"name\":\"\",\"description\":\"Xornal galego de informaci\u00f3n xeral Publicaci\u00f3n mensual de novas de Galicia e en especial dos Concellos da sur da provincia de Pontevedra.\",\"publisher\":{\"@id\":\"https:\\\/\\\/www.anovapeneira.gal\\\/#organization\"},\"potentialAction\":[{\"@type\":\"SearchAction\",\"target\":{\"@type\":\"EntryPoint\",\"urlTemplate\":\"https:\\\/\\\/www.anovapeneira.gal\\\/?s={search_term_string}\"},\"query-input\":{\"@type\":\"PropertyValueSpecification\",\"valueRequired\":true,\"valueName\":\"search_term_string\"}}],\"inLanguage\":\"gl-ES\"},{\"@type\":\"Organization\",\"@id\":\"https:\\\/\\\/www.anovapeneira.gal\\\/#organization\",\"name\":\"A Nova Peneira\",\"url\":\"https:\\\/\\\/www.anovapeneira.gal\\\/\",\"logo\":{\"@type\":\"ImageObject\",\"inLanguage\":\"gl-ES\",\"@id\":\"https:\\\/\\\/www.anovapeneira.gal\\\/#\\\/schema\\\/logo\\\/image\\\/\",\"url\":\"http:\\\/\\\/www.anovapeneira.gal\\\/wp-content\\\/uploads\\\/2019\\\/06\\\/logo_a_nova_peneira_portal_web.png\",\"contentUrl\":\"http:\\\/\\\/www.anovapeneira.gal\\\/wp-content\\\/uploads\\\/2019\\\/06\\\/logo_a_nova_peneira_portal_web.png\",\"width\":300,\"height\":100,\"caption\":\"A Nova Peneira\"},\"image\":{\"@id\":\"https:\\\/\\\/www.anovapeneira.gal\\\/#\\\/schema\\\/logo\\\/image\\\/\"},\"sameAs\":[\"https:\\\/\\\/www.facebook.com\\\/anovapeneira\",\"https:\\\/\\\/x.com\\\/APeneira\"]},{\"@type\":\"Person\",\"@id\":\"https:\\\/\\\/www.anovapeneira.gal\\\/#\\\/schema\\\/person\\\/b93e3f8932e3f8da96334607eb6ac6aa\",\"name\":\"Redacci\u00f3n A Nova Peneira\",\"image\":{\"@type\":\"ImageObject\",\"inLanguage\":\"gl-ES\",\"@id\":\"https:\\\/\\\/secure.gravatar.com\\\/avatar\\\/c052a2551a06e23fac63626232eaa90abd78dbcf1700fc46a2b2c89fd27b735f?s=96&d=mm&r=g\",\"url\":\"https:\\\/\\\/secure.gravatar.com\\\/avatar\\\/c052a2551a06e23fac63626232eaa90abd78dbcf1700fc46a2b2c89fd27b735f?s=96&d=mm&r=g\",\"contentUrl\":\"https:\\\/\\\/secure.gravatar.com\\\/avatar\\\/c052a2551a06e23fac63626232eaa90abd78dbcf1700fc46a2b2c89fd27b735f?s=96&d=mm&r=g\",\"caption\":\"Redacci\u00f3n A Nova Peneira\"},\"sameAs\":[\"http:\\\/\\\/www.anovapeneira.gal\\\/\"],\"url\":\"https:\\\/\\\/www.anovapeneira.gal\\\/index.php\\\/author\\\/redactor\\\/\"}]}<\/script>\n<!-- \/ Yoast SEO plugin. -->","yoast_head_json":{"title":"O Consello da Infancia e Adolescencia de Tomi\u00f1o reuniuse cunha vintena de novos integrantes -","robots":{"index":"index","follow":"follow","max-snippet":"max-snippet:-1","max-image-preview":"max-image-preview:large","max-video-preview":"max-video-preview:-1"},"canonical":"https:\/\/www.anovapeneira.gal\/index.php\/2020\/07\/15\/o-consello-da-infancia-e-adolescencia-de-tomino-reuniuse-cunha-vintena-de-novos-integrantes\/","og_locale":"gl_ES","og_type":"article","og_title":"O Consello da Infancia e Adolescencia de Tomi\u00f1o reuniuse cunha vintena de novos integrantes -","og_description":"Acompa\u00f1ado pola concelleira de Infancia e Mocidade, o grupo abordou temas coma o confinamento, resaltando as dificultades sufridas pola falta de cobertura de internet en moitas parroquias da vila [...]","og_url":"https:\/\/www.anovapeneira.gal\/index.php\/2020\/07\/15\/o-consello-da-infancia-e-adolescencia-de-tomino-reuniuse-cunha-vintena-de-novos-integrantes\/","article_publisher":"https:\/\/www.facebook.com\/anovapeneira","article_published_time":"2020-07-15T10:00:29+00:00","og_image":[{"width":720,"height":432,"url":"https:\/\/www.anovapeneira.gal\/wp-content\/uploads\/2020\/07\/infancia_mocidade_concello_tominho_a_nova_peneira.jpg","type":"image\/jpeg"}],"author":"Redacci\u00f3n A Nova Peneira","twitter_card":"summary_large_image","twitter_creator":"@APeneira","twitter_site":"@APeneira","twitter_misc":{"Escrito por":"Redacci\u00f3n A Nova Peneira","Tempo de lectura":"2 minutos"},"schema":{"@context":"https:\/\/schema.org","@graph":[{"@type":"Article","@id":"https:\/\/www.anovapeneira.gal\/index.php\/2020\/07\/15\/o-consello-da-infancia-e-adolescencia-de-tomino-reuniuse-cunha-vintena-de-novos-integrantes\/#article","isPartOf":{"@id":"https:\/\/www.anovapeneira.gal\/index.php\/2020\/07\/15\/o-consello-da-infancia-e-adolescencia-de-tomino-reuniuse-cunha-vintena-de-novos-integrantes\/"},"author":{"name":"Redacci\u00f3n A Nova Peneira","@id":"https:\/\/www.anovapeneira.gal\/#\/schema\/person\/b93e3f8932e3f8da96334607eb6ac6aa"},"headline":"O Consello da Infancia e Adolescencia de Tomi\u00f1o reuniuse cunha vintena de novos integrantes","datePublished":"2020-07-15T10:00:29+00:00","mainEntityOfPage":{"@id":"https:\/\/www.anovapeneira.gal\/index.php\/2020\/07\/15\/o-consello-da-infancia-e-adolescencia-de-tomino-reuniuse-cunha-vintena-de-novos-integrantes\/"},"wordCount":358,"commentCount":0,"publisher":{"@id":"https:\/\/www.anovapeneira.gal\/#organization"},"image":{"@id":"https:\/\/www.anovapeneira.gal\/index.php\/2020\/07\/15\/o-consello-da-infancia-e-adolescencia-de-tomino-reuniuse-cunha-vintena-de-novos-integrantes\/#primaryimage"},"thumbnailUrl":"https:\/\/www.anovapeneira.gal\/wp-content\/uploads\/2020\/07\/infancia_mocidade_concello_tominho_a_nova_peneira.jpg","keywords":["Concello de Tomi\u00f1o","Consello da Infancia e Adolescencia"],"articleSection":["Baixo Mi\u00f1o"],"inLanguage":"gl-ES","potentialAction":[{"@type":"CommentAction","name":"Comment","target":["https:\/\/www.anovapeneira.gal\/index.php\/2020\/07\/15\/o-consello-da-infancia-e-adolescencia-de-tomino-reuniuse-cunha-vintena-de-novos-integrantes\/#respond"]}]},{"@type":"WebPage","@id":"https:\/\/www.anovapeneira.gal\/index.php\/2020\/07\/15\/o-consello-da-infancia-e-adolescencia-de-tomino-reuniuse-cunha-vintena-de-novos-integrantes\/","url":"https:\/\/www.anovapeneira.gal\/index.php\/2020\/07\/15\/o-consello-da-infancia-e-adolescencia-de-tomino-reuniuse-cunha-vintena-de-novos-integrantes\/","name":"O Consello da Infancia e Adolescencia de Tomi\u00f1o reuniuse cunha vintena de novos integrantes -","isPartOf":{"@id":"https:\/\/www.anovapeneira.gal\/#website"},"primaryImageOfPage":{"@id":"https:\/\/www.anovapeneira.gal\/index.php\/2020\/07\/15\/o-consello-da-infancia-e-adolescencia-de-tomino-reuniuse-cunha-vintena-de-novos-integrantes\/#primaryimage"},"image":{"@id":"https:\/\/www.anovapeneira.gal\/index.php\/2020\/07\/15\/o-consello-da-infancia-e-adolescencia-de-tomino-reuniuse-cunha-vintena-de-novos-integrantes\/#primaryimage"},"thumbnailUrl":"https:\/\/www.anovapeneira.gal\/wp-content\/uploads\/2020\/07\/infancia_mocidade_concello_tominho_a_nova_peneira.jpg","datePublished":"2020-07-15T10:00:29+00:00","breadcrumb":{"@id":"https:\/\/www.anovapeneira.gal\/index.php\/2020\/07\/15\/o-consello-da-infancia-e-adolescencia-de-tomino-reuniuse-cunha-vintena-de-novos-integrantes\/#breadcrumb"},"inLanguage":"gl-ES","potentialAction":[{"@type":"ReadAction","target":["https:\/\/www.anovapeneira.gal\/index.php\/2020\/07\/15\/o-consello-da-infancia-e-adolescencia-de-tomino-reuniuse-cunha-vintena-de-novos-integrantes\/"]}]},{"@type":"ImageObject","inLanguage":"gl-ES","@id":"https:\/\/www.anovapeneira.gal\/index.php\/2020\/07\/15\/o-consello-da-infancia-e-adolescencia-de-tomino-reuniuse-cunha-vintena-de-novos-integrantes\/#primaryimage","url":"https:\/\/www.anovapeneira.gal\/wp-content\/uploads\/2020\/07\/infancia_mocidade_concello_tominho_a_nova_peneira.jpg","contentUrl":"https:\/\/www.anovapeneira.gal\/wp-content\/uploads\/2020\/07\/infancia_mocidade_concello_tominho_a_nova_peneira.jpg","width":720,"height":432,"caption":"Consello da Infancia e Adolescencia de Tomi\u00f1o A Nova Peneira"},{"@type":"BreadcrumbList","@id":"https:\/\/www.anovapeneira.gal\/index.php\/2020\/07\/15\/o-consello-da-infancia-e-adolescencia-de-tomino-reuniuse-cunha-vintena-de-novos-integrantes\/#breadcrumb","itemListElement":[{"@type":"ListItem","position":1,"name":"Portada","item":"https:\/\/www.anovapeneira.gal\/"},{"@type":"ListItem","position":2,"name":"O Consello da Infancia e Adolescencia de Tomi\u00f1o reuniuse cunha vintena de novos integrantes"}]},{"@type":"WebSite","@id":"https:\/\/www.anovapeneira.gal\/#website","url":"https:\/\/www.anovapeneira.gal\/","name":"","description":"Xornal galego de informaci\u00f3n xeral Publicaci\u00f3n mensual de novas de Galicia e en especial dos Concellos da sur da provincia de Pontevedra.","publisher":{"@id":"https:\/\/www.anovapeneira.gal\/#organization"},"potentialAction":[{"@type":"SearchAction","target":{"@type":"EntryPoint","urlTemplate":"https:\/\/www.anovapeneira.gal\/?s={search_term_string}"},"query-input":{"@type":"PropertyValueSpecification","valueRequired":true,"valueName":"search_term_string"}}],"inLanguage":"gl-ES"},{"@type":"Organization","@id":"https:\/\/www.anovapeneira.gal\/#organization","name":"A Nova Peneira","url":"https:\/\/www.anovapeneira.gal\/","logo":{"@type":"ImageObject","inLanguage":"gl-ES","@id":"https:\/\/www.anovapeneira.gal\/#\/schema\/logo\/image\/","url":"http:\/\/www.anovapeneira.gal\/wp-content\/uploads\/2019\/06\/logo_a_nova_peneira_portal_web.png","contentUrl":"http:\/\/www.anovapeneira.gal\/wp-content\/uploads\/2019\/06\/logo_a_nova_peneira_portal_web.png","width":300,"height":100,"caption":"A Nova Peneira"},"image":{"@id":"https:\/\/www.anovapeneira.gal\/#\/schema\/logo\/image\/"},"sameAs":["https:\/\/www.facebook.com\/anovapeneira","https:\/\/x.com\/APeneira"]},{"@type":"Person","@id":"https:\/\/www.anovapeneira.gal\/#\/schema\/person\/b93e3f8932e3f8da96334607eb6ac6aa","name":"Redacci\u00f3n A Nova Peneira","image":{"@type":"ImageObject","inLanguage":"gl-ES","@id":"https:\/\/secure.gravatar.com\/avatar\/c052a2551a06e23fac63626232eaa90abd78dbcf1700fc46a2b2c89fd27b735f?s=96&d=mm&r=g","url":"https:\/\/secure.gravatar.com\/avatar\/c052a2551a06e23fac63626232eaa90abd78dbcf1700fc46a2b2c89fd27b735f?s=96&d=mm&r=g","contentUrl":"https:\/\/secure.gravatar.com\/avatar\/c052a2551a06e23fac63626232eaa90abd78dbcf1700fc46a2b2c89fd27b735f?s=96&d=mm&r=g","caption":"Redacci\u00f3n A Nova Peneira"},"sameAs":["http:\/\/www.anovapeneira.gal\/"],"url":"https:\/\/www.anovapeneira.gal\/index.php\/author\/redactor\/"}]}},"jetpack_featured_media_url":"https:\/\/www.anovapeneira.gal\/wp-content\/uploads\/2020\/07\/infancia_mocidade_concello_tominho_a_nova_peneira.jpg","_links":{"self":[{"href":"https:\/\/www.anovapeneira.gal\/index.php\/wp-json\/wp\/v2\/posts\/3516","targetHints":{"allow":["GET"]}}],"collection":[{"href":"https:\/\/www.anovapeneira.gal\/index.php\/wp-json\/wp\/v2\/posts"}],"about":[{"href":"https:\/\/www.anovapeneira.gal\/index.php\/wp-json\/wp\/v2\/types\/post"}],"author":[{"embeddable":true,"href":"https:\/\/www.anovapeneira.gal\/index.php\/wp-json\/wp\/v2\/users\/3"}],"replies":[{"embeddable":true,"href":"https:\/\/www.anovapeneira.gal\/index.php\/wp-json\/wp\/v2\/comments?post=3516"}],"version-history":[{"count":1,"href":"https:\/\/www.anovapeneira.gal\/index.php\/wp-json\/wp\/v2\/posts\/3516\/revisions"}],"predecessor-version":[{"id":3518,"href":"https:\/\/www.anovapeneira.gal\/index.php\/wp-json\/wp\/v2\/posts\/3516\/revisions\/3518"}],"wp:featuredmedia":[{"embeddable":true,"href":"https:\/\/www.anovapeneira.gal\/index.php\/wp-json\/wp\/v2\/media\/3517"}],"wp:attachment":[{"href":"https:\/\/www.anovapeneira.gal\/index.php\/wp-json\/wp\/v2\/media?parent=3516"}],"wp:term":[{"taxonomy":"category","embeddable":true,"href":"https:\/\/www.anovapeneira.gal\/index.php\/wp-json\/wp\/v2\/categories?post=3516"},{"taxonomy":"post_tag","embeddable":true,"href":"https:\/\/www.anovapeneira.gal\/index.php\/wp-json\/wp\/v2\/tags?post=3516"}],"curies":[{"name":"wp","href":"https:\/\/api.w.org\/{rel}","templated":true}]}}