{"id":3524,"date":"2020-07-16T12:00:37","date_gmt":"2020-07-16T10:00:37","guid":{"rendered":"http:\/\/www.anovapeneira.gal\/?p=3524"},"modified":"2020-07-15T10:15:30","modified_gmt":"2020-07-15T08:15:30","slug":"ponton-aspirabamos-a-mais-pero-triplicamos-forzas-e-somos-unha-alternativa-solida-que-hoxe-empeza-xa-a-traballar-polo-cambio-galego","status":"publish","type":"post","link":"https:\/\/www.anovapeneira.gal\/index.php\/2020\/07\/16\/ponton-aspirabamos-a-mais-pero-triplicamos-forzas-e-somos-unha-alternativa-solida-que-hoxe-empeza-xa-a-traballar-polo-cambio-galego\/","title":{"rendered":"Pont\u00f3n: \u201cAspir\u00e1bamos a m\u00e1is pero triplicamos forzas e somos unha alternativa s\u00f3lida que hoxe empeza xa a traballar polo cambio galego\u201d"},"content":{"rendered":"\n<h2 class=\"wp-block-heading\"><strong>Avanza \u201cman tendida e toda a colaboraci\u00f3n\u201d para poder \u201cerguer\u201d o pa\u00eds e superar a crise econ\u00f3mica e social sen precedentes: \u201cNon importan os resultados dun partido ou outro, o que importa \u00e9 mellorar a vida da xente\u201d, proclama<\/strong><\/h2>\n\n\n\n<p><strong>O resultado \u201cabre un novo ciclo pol\u00edtico e consolida ao BNG como alternativa\u201d<\/strong><\/p>\n\n\n\n<p><strong>Agradecemento aos m\u00e1is de 300.000 galegos e galegas que confiaron no BNG, en especial ao xente moza: \u201ctraballarei por darvos un futuro mellor\u201d<\/strong><\/p>\n\n\n\n<p><strong>Reco\u00f1ecemento a todas as persoas que fixeron posible a xornada electoral e palabras de afecto para a veci\u00f1anza da Mari\u00f1a<\/strong><\/p>\n\n\n\n<p><strong>Santiago de Compostela, 12 de xullo 2020<\/strong><\/p>\n\n\n\n<p>\u201cNon oculto que aspir\u00e1bamos a m\u00e1is, que quer\u00edamos po\u00f1er en marcha un cambio galego pero empezamos a traballar xa para que dentro de catro anos ese cambio sexa posible e este pa\u00eds poida ter unha presidenta. Quer\u00edamos alcanzar o cumio pero hoxe estamos m\u00e1is cerca e imos seguir avanzando, imos seguir escalando, porque o noso obxectivo e constru\u00edr unha Galiza mellor, con futuro e con oportunidades, e non imos deixar de intentalo at\u00e9 conseguilo. Tendes a mi\u00f1a palabra\u201d, proclamou a portavoz nacional, Ana Pont\u00f3n, na s\u00faa primeira valoraci\u00f3n dos resultados electorais.<\/p>\n\n\n\n<p>Un resultado que, recalcou, \u201ctam\u00e9n nos deixa esperanza porque hai unha alternativa s\u00f3lida ao PP e imos traballar con humildade pero con paix\u00f3n para conseguir ser esa alternativa de goberno sexa unha realidade en catro anos\u201d, salientou.<\/p>\n\n\n\n<p>Pont\u00f3n fixo referencia ao gran salto adiante conquistado polo BNG. \u201cA candidatura que tiven a honra de encabezar conseguiu un resultado hist\u00f3rico, aspir\u00e1bamos a m\u00e1is, pero triplicar \u00e9 un resultado importante, un capital pol\u00edtico que temos que seguir ampliando\u201d, recalcou, \u201ce a clave \u00e9 confiar nas nosas propias forzas defendendo que hai outra Galiza pos\u00edbel e outra forma de entender a pol\u00edtica\u201d.<\/p>\n\n\n\n<p>\u201cChegamos at\u00e9 aqu\u00ed coa idea clara de que temos que seguir avanzado porque nada vai facer que perdamos a confianza no pa\u00eds e na s\u00faa potencialidade desde un resultado que marca un novo ciclo pol\u00edtico para o BNG e para o pa\u00eds&#8221;, indicou, despois de que fai catro anos, \u201ccase ningu\u00e9n apostar\u00eda a que hoxe ser\u00edamos a segunda forza e con opci\u00f3ns de ter a Presidencia deste pa\u00eds\u201d, confesou, tras subli\u00f1ar que \u201cdetr\u00e1s deste resultado est\u00e1 o amor a Galiza, a coherencia e un traballo colectivo inmenso\u201d.<\/p>\n\n\n\n<p>Pont\u00f3n tam\u00e9n deixou unha segunda mensaxe moi clara na noite electoral, que o importante agora \u00e9 erguer o pa\u00eds e, tras felicitar ao candidato Feix\u00f3o, avanzou a man tendida para sacar Galiza adiante porque a prioridade \u00e9 a vida das persoas.<\/p>\n\n\n\n<p>\u201cEstamos nun momento e nunhas circunstancias excepcionais, cunha pandemia que deixa unha crise sanitaria, social e econ\u00f3mica sen precedentes e estas circunstancia requiren altura de miras, requiren pol\u00edtica con mai\u00fasculas porque o importante non \u00e9 o resultado do BNG, nin de ning\u00fan partido, o importante \u00e9 a xente deste pa\u00eds, as s\u00faas vida\u201d, resaltou.<\/p>\n\n\n\n<p><em><strong>Palabras de afecto para A Mari\u00f1a<\/strong><\/em><\/p>\n\n\n\n<p>E nesa prioridade focalizar\u00e1 o BNG a s\u00faa acci\u00f3n pol\u00edtica, \u201ctraballar para que saiamos adiante, para po\u00f1er en p\u00e9 este pa\u00eds sabendo que iso vai requirir pol\u00edticas diferentes. Dixen moitas veces na campa\u00f1a que se precisa un gran acordo de pa\u00eds pola reconstruci\u00f3n econ\u00f3mica e social, e imos traballar para que ese acordo se produza. Agardo que o PP tome nota porque haber\u00e1 que sumar moitas vontades e moita colaboraci\u00f3n para sa\u00edr adiante, pero iso \u00e9 o que nos move: que este pa\u00eds te\u00f1a un futuro mellor\u201d, salientou.<\/p>\n\n\n\n<p>Pont\u00f3n aproveitou a comparecencia para agradecer a participaci\u00f3n da cidadan\u00eda nesta xornada electoral nunhas circunstancias excepcionais, \u201cnunha pandemia que a\u00ednda est\u00e1 entre n\u00f3s como ben sabe a veci\u00f1anza da Mari\u00f1a \u00e1 que lle traslado todo o noso afecto\u201d. Igualmente,&nbsp;agradeceu o traballo \u201ca todas as persoas que estiveron nas mesas, de todos os partidos, porque neste contexto \u00e9 especialmente de agradecer o seu traballo\u201d. E tivo, obviamente, un especial agradecemento \u00e1s que estiveron representando ao BNG nos colexios electorais do pa\u00eds.<\/p>\n\n\n\n<p><em><strong>M\u00e1is de 300.000 agradecemetos<\/strong><\/em><\/p>\n\n\n\n<p>\u201cE, sobre todo, a cidadan\u00eda galega, quero agradecer a confianza \u00e1s m\u00e1is de 300.000 persoas que confiastes no BNG, darvos o meu sincero agradecemento desde o coraz\u00f3n, e dicirvos que cada unha desas papeletas \u00e9 unha raz\u00f3n poderosa para seguir loitando, e unha raz\u00f3n m\u00e1is para ter esperanza e para constru\u00edr unha Galiza con futuro\u201d.<\/p>\n\n\n\n<p>\u201cDetr\u00e1s est\u00e1 a ilusi\u00f3n e a esperanza de miles de persoas que, sendo ou non nacionalistas, collestes a papeleta do BNG, e quero facer unha menci\u00f3n especial a esa mocidade rebelde, inconformista, que defende o seu futuro, te\u00f1en o meu compromiso que seguirei traballando para que te\u00f1an unha Galiza na que poder vivir e traballar con dignidade\u201d.<\/p>\n\n\n\n<p>\u201cOs so\u00f1os son o motor do cambio e temos que seguir loitando por ese so\u00f1o colectivo, defendendo os intereses dos galegos e das galegas e facer deste apoio un caudal que ten que seguir medrando\u201d, explicou. Pont\u00f3n rematou cun compromiso: \u201cnunca vou aceptar un non por resposta cando se trate de Galiza, nunca vou aceptar un non por resposta cando se trate de defender o que \u00e9 xusto para a xente deste pa\u00eds, porque esa \u00e9 a raz\u00f3n de ser do BNG, e por iso estamos hoxe aqu\u00ed\u201d.<\/p>\n","protected":false},"excerpt":{"rendered":"<div class=\"mh-excerpt\"><p>Avanza \u201cman tendida e toda a colaboraci\u00f3n\u201d para poder \u201cerguer\u201d o pa\u00eds e superar a crise econ\u00f3mica e social sen precedentes: \u201cNon importan os resultados dun partido ou outro, o que importa \u00e9 mellorar a vida da xente\u201d, proclama <a class=\"mh-excerpt-more\" href=\"https:\/\/www.anovapeneira.gal\/index.php\/2020\/07\/16\/ponton-aspirabamos-a-mais-pero-triplicamos-forzas-e-somos-unha-alternativa-solida-que-hoxe-empeza-xa-a-traballar-polo-cambio-galego\/\" title=\"Pont\u00f3n: \u201cAspir\u00e1bamos a m\u00e1is pero triplicamos forzas e somos unha alternativa s\u00f3lida que hoxe empeza xa a traballar polo cambio galego\u201d\">[&#8230;]<\/a><\/p>\n<\/div>","protected":false},"author":3,"featured_media":3530,"comment_status":"open","ping_status":"open","sticky":false,"template":"","format":"standard","meta":{"_exactmetrics_skip_tracking":false,"_exactmetrics_sitenote_active":false,"_exactmetrics_sitenote_note":"","_exactmetrics_sitenote_category":0,"footnotes":""},"categories":[263],"tags":[281,10,1100],"class_list":{"0":"post-3524","1":"post","2":"type-post","3":"status-publish","4":"format-standard","5":"has-post-thumbnail","7":"category-novas","8":"tag-ana-ponton","9":"tag-bng","10":"tag-eleccions-12x"},"yoast_head":"<!-- This site is optimized with the Yoast SEO plugin v27.4 - https:\/\/yoast.com\/product\/yoast-seo-wordpress\/ -->\n<title>Pont\u00f3n: \u201cAspir\u00e1bamos a m\u00e1is pero triplicamos forzas e somos unha alternativa s\u00f3lida que hoxe empeza xa a traballar polo cambio galego\u201d -<\/title>\n<meta name=\"robots\" content=\"index, follow, max-snippet:-1, max-image-preview:large, max-video-preview:-1\" \/>\n<link rel=\"canonical\" href=\"https:\/\/www.anovapeneira.gal\/index.php\/2020\/07\/16\/ponton-aspirabamos-a-mais-pero-triplicamos-forzas-e-somos-unha-alternativa-solida-que-hoxe-empeza-xa-a-traballar-polo-cambio-galego\/\" \/>\n<meta property=\"og:locale\" content=\"gl_ES\" \/>\n<meta property=\"og:type\" content=\"article\" \/>\n<meta property=\"og:title\" content=\"Pont\u00f3n: \u201cAspir\u00e1bamos a m\u00e1is pero triplicamos forzas e somos unha alternativa s\u00f3lida que hoxe empeza xa a traballar polo cambio galego\u201d -\" \/>\n<meta property=\"og:description\" content=\"Avanza \u201cman tendida e toda a colaboraci\u00f3n\u201d para poder \u201cerguer\u201d o pa\u00eds e superar a crise econ\u00f3mica e social sen precedentes: \u201cNon importan os resultados dun partido ou outro, o que importa \u00e9 mellorar a vida da xente\u201d, proclama [...]\" \/>\n<meta property=\"og:url\" content=\"https:\/\/www.anovapeneira.gal\/index.php\/2020\/07\/16\/ponton-aspirabamos-a-mais-pero-triplicamos-forzas-e-somos-unha-alternativa-solida-que-hoxe-empeza-xa-a-traballar-polo-cambio-galego\/\" \/>\n<meta property=\"article:publisher\" content=\"https:\/\/www.facebook.com\/anovapeneira\" \/>\n<meta property=\"article:published_time\" content=\"2020-07-16T10:00:37+00:00\" \/>\n<meta property=\"og:image\" content=\"https:\/\/www.anovapeneira.gal\/wp-content\/uploads\/2020\/07\/ana_ponton_noite_electoral_a_nova_peneira.jpg\" \/>\n\t<meta property=\"og:image:width\" content=\"720\" \/>\n\t<meta property=\"og:image:height\" content=\"432\" \/>\n\t<meta property=\"og:image:type\" content=\"image\/jpeg\" \/>\n<meta name=\"author\" content=\"Redacci\u00f3n A Nova Peneira\" \/>\n<meta name=\"twitter:card\" content=\"summary_large_image\" \/>\n<meta name=\"twitter:creator\" content=\"@APeneira\" \/>\n<meta name=\"twitter:site\" content=\"@APeneira\" \/>\n<meta name=\"twitter:label1\" content=\"Escrito por\" \/>\n\t<meta name=\"twitter:data1\" content=\"Redacci\u00f3n A Nova Peneira\" \/>\n\t<meta name=\"twitter:label2\" content=\"Tempo de lectura\" \/>\n\t<meta name=\"twitter:data2\" content=\"5 minutos\" \/>\n<script type=\"application\/ld+json\" class=\"yoast-schema-graph\">{\"@context\":\"https:\\\/\\\/schema.org\",\"@graph\":[{\"@type\":\"Article\",\"@id\":\"https:\\\/\\\/www.anovapeneira.gal\\\/index.php\\\/2020\\\/07\\\/16\\\/ponton-aspirabamos-a-mais-pero-triplicamos-forzas-e-somos-unha-alternativa-solida-que-hoxe-empeza-xa-a-traballar-polo-cambio-galego\\\/#article\",\"isPartOf\":{\"@id\":\"https:\\\/\\\/www.anovapeneira.gal\\\/index.php\\\/2020\\\/07\\\/16\\\/ponton-aspirabamos-a-mais-pero-triplicamos-forzas-e-somos-unha-alternativa-solida-que-hoxe-empeza-xa-a-traballar-polo-cambio-galego\\\/\"},\"author\":{\"name\":\"Redacci\u00f3n A Nova Peneira\",\"@id\":\"https:\\\/\\\/www.anovapeneira.gal\\\/#\\\/schema\\\/person\\\/b93e3f8932e3f8da96334607eb6ac6aa\"},\"headline\":\"Pont\u00f3n: \u201cAspir\u00e1bamos a m\u00e1is pero triplicamos forzas e somos unha alternativa s\u00f3lida que hoxe empeza xa a traballar polo cambio galego\u201d\",\"datePublished\":\"2020-07-16T10:00:37+00:00\",\"mainEntityOfPage\":{\"@id\":\"https:\\\/\\\/www.anovapeneira.gal\\\/index.php\\\/2020\\\/07\\\/16\\\/ponton-aspirabamos-a-mais-pero-triplicamos-forzas-e-somos-unha-alternativa-solida-que-hoxe-empeza-xa-a-traballar-polo-cambio-galego\\\/\"},\"wordCount\":953,\"commentCount\":0,\"publisher\":{\"@id\":\"https:\\\/\\\/www.anovapeneira.gal\\\/#organization\"},\"image\":{\"@id\":\"https:\\\/\\\/www.anovapeneira.gal\\\/index.php\\\/2020\\\/07\\\/16\\\/ponton-aspirabamos-a-mais-pero-triplicamos-forzas-e-somos-unha-alternativa-solida-que-hoxe-empeza-xa-a-traballar-polo-cambio-galego\\\/#primaryimage\"},\"thumbnailUrl\":\"https:\\\/\\\/www.anovapeneira.gal\\\/wp-content\\\/uploads\\\/2020\\\/07\\\/ana_ponton_noite_electoral_a_nova_peneira.jpg\",\"keywords\":[\"Ana Pont\u00f3n\",\"BNG\",\"Elecci\u00f3ns 12X\"],\"articleSection\":[\"Novas\"],\"inLanguage\":\"gl-ES\",\"potentialAction\":[{\"@type\":\"CommentAction\",\"name\":\"Comment\",\"target\":[\"https:\\\/\\\/www.anovapeneira.gal\\\/index.php\\\/2020\\\/07\\\/16\\\/ponton-aspirabamos-a-mais-pero-triplicamos-forzas-e-somos-unha-alternativa-solida-que-hoxe-empeza-xa-a-traballar-polo-cambio-galego\\\/#respond\"]}]},{\"@type\":\"WebPage\",\"@id\":\"https:\\\/\\\/www.anovapeneira.gal\\\/index.php\\\/2020\\\/07\\\/16\\\/ponton-aspirabamos-a-mais-pero-triplicamos-forzas-e-somos-unha-alternativa-solida-que-hoxe-empeza-xa-a-traballar-polo-cambio-galego\\\/\",\"url\":\"https:\\\/\\\/www.anovapeneira.gal\\\/index.php\\\/2020\\\/07\\\/16\\\/ponton-aspirabamos-a-mais-pero-triplicamos-forzas-e-somos-unha-alternativa-solida-que-hoxe-empeza-xa-a-traballar-polo-cambio-galego\\\/\",\"name\":\"Pont\u00f3n: \u201cAspir\u00e1bamos a m\u00e1is pero triplicamos forzas e somos unha alternativa s\u00f3lida que hoxe empeza xa a traballar polo cambio galego\u201d -\",\"isPartOf\":{\"@id\":\"https:\\\/\\\/www.anovapeneira.gal\\\/#website\"},\"primaryImageOfPage\":{\"@id\":\"https:\\\/\\\/www.anovapeneira.gal\\\/index.php\\\/2020\\\/07\\\/16\\\/ponton-aspirabamos-a-mais-pero-triplicamos-forzas-e-somos-unha-alternativa-solida-que-hoxe-empeza-xa-a-traballar-polo-cambio-galego\\\/#primaryimage\"},\"image\":{\"@id\":\"https:\\\/\\\/www.anovapeneira.gal\\\/index.php\\\/2020\\\/07\\\/16\\\/ponton-aspirabamos-a-mais-pero-triplicamos-forzas-e-somos-unha-alternativa-solida-que-hoxe-empeza-xa-a-traballar-polo-cambio-galego\\\/#primaryimage\"},\"thumbnailUrl\":\"https:\\\/\\\/www.anovapeneira.gal\\\/wp-content\\\/uploads\\\/2020\\\/07\\\/ana_ponton_noite_electoral_a_nova_peneira.jpg\",\"datePublished\":\"2020-07-16T10:00:37+00:00\",\"breadcrumb\":{\"@id\":\"https:\\\/\\\/www.anovapeneira.gal\\\/index.php\\\/2020\\\/07\\\/16\\\/ponton-aspirabamos-a-mais-pero-triplicamos-forzas-e-somos-unha-alternativa-solida-que-hoxe-empeza-xa-a-traballar-polo-cambio-galego\\\/#breadcrumb\"},\"inLanguage\":\"gl-ES\",\"potentialAction\":[{\"@type\":\"ReadAction\",\"target\":[\"https:\\\/\\\/www.anovapeneira.gal\\\/index.php\\\/2020\\\/07\\\/16\\\/ponton-aspirabamos-a-mais-pero-triplicamos-forzas-e-somos-unha-alternativa-solida-que-hoxe-empeza-xa-a-traballar-polo-cambio-galego\\\/\"]}]},{\"@type\":\"ImageObject\",\"inLanguage\":\"gl-ES\",\"@id\":\"https:\\\/\\\/www.anovapeneira.gal\\\/index.php\\\/2020\\\/07\\\/16\\\/ponton-aspirabamos-a-mais-pero-triplicamos-forzas-e-somos-unha-alternativa-solida-que-hoxe-empeza-xa-a-traballar-polo-cambio-galego\\\/#primaryimage\",\"url\":\"https:\\\/\\\/www.anovapeneira.gal\\\/wp-content\\\/uploads\\\/2020\\\/07\\\/ana_ponton_noite_electoral_a_nova_peneira.jpg\",\"contentUrl\":\"https:\\\/\\\/www.anovapeneira.gal\\\/wp-content\\\/uploads\\\/2020\\\/07\\\/ana_ponton_noite_electoral_a_nova_peneira.jpg\",\"width\":720,\"height\":432,\"caption\":\"Noite electoral Ana Pont\u00f3n BNG A Nova Peneira\"},{\"@type\":\"BreadcrumbList\",\"@id\":\"https:\\\/\\\/www.anovapeneira.gal\\\/index.php\\\/2020\\\/07\\\/16\\\/ponton-aspirabamos-a-mais-pero-triplicamos-forzas-e-somos-unha-alternativa-solida-que-hoxe-empeza-xa-a-traballar-polo-cambio-galego\\\/#breadcrumb\",\"itemListElement\":[{\"@type\":\"ListItem\",\"position\":1,\"name\":\"Portada\",\"item\":\"https:\\\/\\\/www.anovapeneira.gal\\\/\"},{\"@type\":\"ListItem\",\"position\":2,\"name\":\"Pont\u00f3n: \u201cAspir\u00e1bamos a m\u00e1is pero triplicamos forzas e somos unha alternativa s\u00f3lida que hoxe empeza xa a traballar polo cambio galego\u201d\"}]},{\"@type\":\"WebSite\",\"@id\":\"https:\\\/\\\/www.anovapeneira.gal\\\/#website\",\"url\":\"https:\\\/\\\/www.anovapeneira.gal\\\/\",\"name\":\"\",\"description\":\"Xornal galego de informaci\u00f3n xeral Publicaci\u00f3n mensual de novas de Galicia e en especial dos Concellos da sur da provincia de Pontevedra.\",\"publisher\":{\"@id\":\"https:\\\/\\\/www.anovapeneira.gal\\\/#organization\"},\"potentialAction\":[{\"@type\":\"SearchAction\",\"target\":{\"@type\":\"EntryPoint\",\"urlTemplate\":\"https:\\\/\\\/www.anovapeneira.gal\\\/?s={search_term_string}\"},\"query-input\":{\"@type\":\"PropertyValueSpecification\",\"valueRequired\":true,\"valueName\":\"search_term_string\"}}],\"inLanguage\":\"gl-ES\"},{\"@type\":\"Organization\",\"@id\":\"https:\\\/\\\/www.anovapeneira.gal\\\/#organization\",\"name\":\"A Nova Peneira\",\"url\":\"https:\\\/\\\/www.anovapeneira.gal\\\/\",\"logo\":{\"@type\":\"ImageObject\",\"inLanguage\":\"gl-ES\",\"@id\":\"https:\\\/\\\/www.anovapeneira.gal\\\/#\\\/schema\\\/logo\\\/image\\\/\",\"url\":\"http:\\\/\\\/www.anovapeneira.gal\\\/wp-content\\\/uploads\\\/2019\\\/06\\\/logo_a_nova_peneira_portal_web.png\",\"contentUrl\":\"http:\\\/\\\/www.anovapeneira.gal\\\/wp-content\\\/uploads\\\/2019\\\/06\\\/logo_a_nova_peneira_portal_web.png\",\"width\":300,\"height\":100,\"caption\":\"A Nova Peneira\"},\"image\":{\"@id\":\"https:\\\/\\\/www.anovapeneira.gal\\\/#\\\/schema\\\/logo\\\/image\\\/\"},\"sameAs\":[\"https:\\\/\\\/www.facebook.com\\\/anovapeneira\",\"https:\\\/\\\/x.com\\\/APeneira\"]},{\"@type\":\"Person\",\"@id\":\"https:\\\/\\\/www.anovapeneira.gal\\\/#\\\/schema\\\/person\\\/b93e3f8932e3f8da96334607eb6ac6aa\",\"name\":\"Redacci\u00f3n A Nova Peneira\",\"image\":{\"@type\":\"ImageObject\",\"inLanguage\":\"gl-ES\",\"@id\":\"https:\\\/\\\/secure.gravatar.com\\\/avatar\\\/c052a2551a06e23fac63626232eaa90abd78dbcf1700fc46a2b2c89fd27b735f?s=96&d=mm&r=g\",\"url\":\"https:\\\/\\\/secure.gravatar.com\\\/avatar\\\/c052a2551a06e23fac63626232eaa90abd78dbcf1700fc46a2b2c89fd27b735f?s=96&d=mm&r=g\",\"contentUrl\":\"https:\\\/\\\/secure.gravatar.com\\\/avatar\\\/c052a2551a06e23fac63626232eaa90abd78dbcf1700fc46a2b2c89fd27b735f?s=96&d=mm&r=g\",\"caption\":\"Redacci\u00f3n A Nova Peneira\"},\"sameAs\":[\"http:\\\/\\\/www.anovapeneira.gal\\\/\"],\"url\":\"https:\\\/\\\/www.anovapeneira.gal\\\/index.php\\\/author\\\/redactor\\\/\"}]}<\/script>\n<!-- \/ Yoast SEO plugin. -->","yoast_head_json":{"title":"Pont\u00f3n: \u201cAspir\u00e1bamos a m\u00e1is pero triplicamos forzas e somos unha alternativa s\u00f3lida que hoxe empeza xa a traballar polo cambio galego\u201d -","robots":{"index":"index","follow":"follow","max-snippet":"max-snippet:-1","max-image-preview":"max-image-preview:large","max-video-preview":"max-video-preview:-1"},"canonical":"https:\/\/www.anovapeneira.gal\/index.php\/2020\/07\/16\/ponton-aspirabamos-a-mais-pero-triplicamos-forzas-e-somos-unha-alternativa-solida-que-hoxe-empeza-xa-a-traballar-polo-cambio-galego\/","og_locale":"gl_ES","og_type":"article","og_title":"Pont\u00f3n: \u201cAspir\u00e1bamos a m\u00e1is pero triplicamos forzas e somos unha alternativa s\u00f3lida que hoxe empeza xa a traballar polo cambio galego\u201d -","og_description":"Avanza \u201cman tendida e toda a colaboraci\u00f3n\u201d para poder \u201cerguer\u201d o pa\u00eds e superar a crise econ\u00f3mica e social sen precedentes: \u201cNon importan os resultados dun partido ou outro, o que importa \u00e9 mellorar a vida da xente\u201d, proclama [...]","og_url":"https:\/\/www.anovapeneira.gal\/index.php\/2020\/07\/16\/ponton-aspirabamos-a-mais-pero-triplicamos-forzas-e-somos-unha-alternativa-solida-que-hoxe-empeza-xa-a-traballar-polo-cambio-galego\/","article_publisher":"https:\/\/www.facebook.com\/anovapeneira","article_published_time":"2020-07-16T10:00:37+00:00","og_image":[{"width":720,"height":432,"url":"https:\/\/www.anovapeneira.gal\/wp-content\/uploads\/2020\/07\/ana_ponton_noite_electoral_a_nova_peneira.jpg","type":"image\/jpeg"}],"author":"Redacci\u00f3n A Nova Peneira","twitter_card":"summary_large_image","twitter_creator":"@APeneira","twitter_site":"@APeneira","twitter_misc":{"Escrito por":"Redacci\u00f3n A Nova Peneira","Tempo de lectura":"5 minutos"},"schema":{"@context":"https:\/\/schema.org","@graph":[{"@type":"Article","@id":"https:\/\/www.anovapeneira.gal\/index.php\/2020\/07\/16\/ponton-aspirabamos-a-mais-pero-triplicamos-forzas-e-somos-unha-alternativa-solida-que-hoxe-empeza-xa-a-traballar-polo-cambio-galego\/#article","isPartOf":{"@id":"https:\/\/www.anovapeneira.gal\/index.php\/2020\/07\/16\/ponton-aspirabamos-a-mais-pero-triplicamos-forzas-e-somos-unha-alternativa-solida-que-hoxe-empeza-xa-a-traballar-polo-cambio-galego\/"},"author":{"name":"Redacci\u00f3n A Nova Peneira","@id":"https:\/\/www.anovapeneira.gal\/#\/schema\/person\/b93e3f8932e3f8da96334607eb6ac6aa"},"headline":"Pont\u00f3n: \u201cAspir\u00e1bamos a m\u00e1is pero triplicamos forzas e somos unha alternativa s\u00f3lida que hoxe empeza xa a traballar polo cambio galego\u201d","datePublished":"2020-07-16T10:00:37+00:00","mainEntityOfPage":{"@id":"https:\/\/www.anovapeneira.gal\/index.php\/2020\/07\/16\/ponton-aspirabamos-a-mais-pero-triplicamos-forzas-e-somos-unha-alternativa-solida-que-hoxe-empeza-xa-a-traballar-polo-cambio-galego\/"},"wordCount":953,"commentCount":0,"publisher":{"@id":"https:\/\/www.anovapeneira.gal\/#organization"},"image":{"@id":"https:\/\/www.anovapeneira.gal\/index.php\/2020\/07\/16\/ponton-aspirabamos-a-mais-pero-triplicamos-forzas-e-somos-unha-alternativa-solida-que-hoxe-empeza-xa-a-traballar-polo-cambio-galego\/#primaryimage"},"thumbnailUrl":"https:\/\/www.anovapeneira.gal\/wp-content\/uploads\/2020\/07\/ana_ponton_noite_electoral_a_nova_peneira.jpg","keywords":["Ana Pont\u00f3n","BNG","Elecci\u00f3ns 12X"],"articleSection":["Novas"],"inLanguage":"gl-ES","potentialAction":[{"@type":"CommentAction","name":"Comment","target":["https:\/\/www.anovapeneira.gal\/index.php\/2020\/07\/16\/ponton-aspirabamos-a-mais-pero-triplicamos-forzas-e-somos-unha-alternativa-solida-que-hoxe-empeza-xa-a-traballar-polo-cambio-galego\/#respond"]}]},{"@type":"WebPage","@id":"https:\/\/www.anovapeneira.gal\/index.php\/2020\/07\/16\/ponton-aspirabamos-a-mais-pero-triplicamos-forzas-e-somos-unha-alternativa-solida-que-hoxe-empeza-xa-a-traballar-polo-cambio-galego\/","url":"https:\/\/www.anovapeneira.gal\/index.php\/2020\/07\/16\/ponton-aspirabamos-a-mais-pero-triplicamos-forzas-e-somos-unha-alternativa-solida-que-hoxe-empeza-xa-a-traballar-polo-cambio-galego\/","name":"Pont\u00f3n: \u201cAspir\u00e1bamos a m\u00e1is pero triplicamos forzas e somos unha alternativa s\u00f3lida que hoxe empeza xa a traballar polo cambio galego\u201d -","isPartOf":{"@id":"https:\/\/www.anovapeneira.gal\/#website"},"primaryImageOfPage":{"@id":"https:\/\/www.anovapeneira.gal\/index.php\/2020\/07\/16\/ponton-aspirabamos-a-mais-pero-triplicamos-forzas-e-somos-unha-alternativa-solida-que-hoxe-empeza-xa-a-traballar-polo-cambio-galego\/#primaryimage"},"image":{"@id":"https:\/\/www.anovapeneira.gal\/index.php\/2020\/07\/16\/ponton-aspirabamos-a-mais-pero-triplicamos-forzas-e-somos-unha-alternativa-solida-que-hoxe-empeza-xa-a-traballar-polo-cambio-galego\/#primaryimage"},"thumbnailUrl":"https:\/\/www.anovapeneira.gal\/wp-content\/uploads\/2020\/07\/ana_ponton_noite_electoral_a_nova_peneira.jpg","datePublished":"2020-07-16T10:00:37+00:00","breadcrumb":{"@id":"https:\/\/www.anovapeneira.gal\/index.php\/2020\/07\/16\/ponton-aspirabamos-a-mais-pero-triplicamos-forzas-e-somos-unha-alternativa-solida-que-hoxe-empeza-xa-a-traballar-polo-cambio-galego\/#breadcrumb"},"inLanguage":"gl-ES","potentialAction":[{"@type":"ReadAction","target":["https:\/\/www.anovapeneira.gal\/index.php\/2020\/07\/16\/ponton-aspirabamos-a-mais-pero-triplicamos-forzas-e-somos-unha-alternativa-solida-que-hoxe-empeza-xa-a-traballar-polo-cambio-galego\/"]}]},{"@type":"ImageObject","inLanguage":"gl-ES","@id":"https:\/\/www.anovapeneira.gal\/index.php\/2020\/07\/16\/ponton-aspirabamos-a-mais-pero-triplicamos-forzas-e-somos-unha-alternativa-solida-que-hoxe-empeza-xa-a-traballar-polo-cambio-galego\/#primaryimage","url":"https:\/\/www.anovapeneira.gal\/wp-content\/uploads\/2020\/07\/ana_ponton_noite_electoral_a_nova_peneira.jpg","contentUrl":"https:\/\/www.anovapeneira.gal\/wp-content\/uploads\/2020\/07\/ana_ponton_noite_electoral_a_nova_peneira.jpg","width":720,"height":432,"caption":"Noite electoral Ana Pont\u00f3n BNG A Nova Peneira"},{"@type":"BreadcrumbList","@id":"https:\/\/www.anovapeneira.gal\/index.php\/2020\/07\/16\/ponton-aspirabamos-a-mais-pero-triplicamos-forzas-e-somos-unha-alternativa-solida-que-hoxe-empeza-xa-a-traballar-polo-cambio-galego\/#breadcrumb","itemListElement":[{"@type":"ListItem","position":1,"name":"Portada","item":"https:\/\/www.anovapeneira.gal\/"},{"@type":"ListItem","position":2,"name":"Pont\u00f3n: \u201cAspir\u00e1bamos a m\u00e1is pero triplicamos forzas e somos unha alternativa s\u00f3lida que hoxe empeza xa a traballar polo cambio galego\u201d"}]},{"@type":"WebSite","@id":"https:\/\/www.anovapeneira.gal\/#website","url":"https:\/\/www.anovapeneira.gal\/","name":"","description":"Xornal galego de informaci\u00f3n xeral Publicaci\u00f3n mensual de novas de Galicia e en especial dos Concellos da sur da provincia de Pontevedra.","publisher":{"@id":"https:\/\/www.anovapeneira.gal\/#organization"},"potentialAction":[{"@type":"SearchAction","target":{"@type":"EntryPoint","urlTemplate":"https:\/\/www.anovapeneira.gal\/?s={search_term_string}"},"query-input":{"@type":"PropertyValueSpecification","valueRequired":true,"valueName":"search_term_string"}}],"inLanguage":"gl-ES"},{"@type":"Organization","@id":"https:\/\/www.anovapeneira.gal\/#organization","name":"A Nova Peneira","url":"https:\/\/www.anovapeneira.gal\/","logo":{"@type":"ImageObject","inLanguage":"gl-ES","@id":"https:\/\/www.anovapeneira.gal\/#\/schema\/logo\/image\/","url":"http:\/\/www.anovapeneira.gal\/wp-content\/uploads\/2019\/06\/logo_a_nova_peneira_portal_web.png","contentUrl":"http:\/\/www.anovapeneira.gal\/wp-content\/uploads\/2019\/06\/logo_a_nova_peneira_portal_web.png","width":300,"height":100,"caption":"A Nova Peneira"},"image":{"@id":"https:\/\/www.anovapeneira.gal\/#\/schema\/logo\/image\/"},"sameAs":["https:\/\/www.facebook.com\/anovapeneira","https:\/\/x.com\/APeneira"]},{"@type":"Person","@id":"https:\/\/www.anovapeneira.gal\/#\/schema\/person\/b93e3f8932e3f8da96334607eb6ac6aa","name":"Redacci\u00f3n A Nova Peneira","image":{"@type":"ImageObject","inLanguage":"gl-ES","@id":"https:\/\/secure.gravatar.com\/avatar\/c052a2551a06e23fac63626232eaa90abd78dbcf1700fc46a2b2c89fd27b735f?s=96&d=mm&r=g","url":"https:\/\/secure.gravatar.com\/avatar\/c052a2551a06e23fac63626232eaa90abd78dbcf1700fc46a2b2c89fd27b735f?s=96&d=mm&r=g","contentUrl":"https:\/\/secure.gravatar.com\/avatar\/c052a2551a06e23fac63626232eaa90abd78dbcf1700fc46a2b2c89fd27b735f?s=96&d=mm&r=g","caption":"Redacci\u00f3n A Nova Peneira"},"sameAs":["http:\/\/www.anovapeneira.gal\/"],"url":"https:\/\/www.anovapeneira.gal\/index.php\/author\/redactor\/"}]}},"jetpack_featured_media_url":"https:\/\/www.anovapeneira.gal\/wp-content\/uploads\/2020\/07\/ana_ponton_noite_electoral_a_nova_peneira.jpg","_links":{"self":[{"href":"https:\/\/www.anovapeneira.gal\/index.php\/wp-json\/wp\/v2\/posts\/3524","targetHints":{"allow":["GET"]}}],"collection":[{"href":"https:\/\/www.anovapeneira.gal\/index.php\/wp-json\/wp\/v2\/posts"}],"about":[{"href":"https:\/\/www.anovapeneira.gal\/index.php\/wp-json\/wp\/v2\/types\/post"}],"author":[{"embeddable":true,"href":"https:\/\/www.anovapeneira.gal\/index.php\/wp-json\/wp\/v2\/users\/3"}],"replies":[{"embeddable":true,"href":"https:\/\/www.anovapeneira.gal\/index.php\/wp-json\/wp\/v2\/comments?post=3524"}],"version-history":[{"count":2,"href":"https:\/\/www.anovapeneira.gal\/index.php\/wp-json\/wp\/v2\/posts\/3524\/revisions"}],"predecessor-version":[{"id":3531,"href":"https:\/\/www.anovapeneira.gal\/index.php\/wp-json\/wp\/v2\/posts\/3524\/revisions\/3531"}],"wp:featuredmedia":[{"embeddable":true,"href":"https:\/\/www.anovapeneira.gal\/index.php\/wp-json\/wp\/v2\/media\/3530"}],"wp:attachment":[{"href":"https:\/\/www.anovapeneira.gal\/index.php\/wp-json\/wp\/v2\/media?parent=3524"}],"wp:term":[{"taxonomy":"category","embeddable":true,"href":"https:\/\/www.anovapeneira.gal\/index.php\/wp-json\/wp\/v2\/categories?post=3524"},{"taxonomy":"post_tag","embeddable":true,"href":"https:\/\/www.anovapeneira.gal\/index.php\/wp-json\/wp\/v2\/tags?post=3524"}],"curies":[{"name":"wp","href":"https:\/\/api.w.org\/{rel}","templated":true}]}}