{"id":3548,"date":"2020-07-21T10:00:10","date_gmt":"2020-07-21T08:00:10","guid":{"rendered":"http:\/\/www.anovapeneira.gal\/?p=3548"},"modified":"2020-07-17T09:37:34","modified_gmt":"2020-07-17T07:37:34","slug":"a-mesa-e-outras-entidades-das-linguas-do-estado-denuncian-na-onu-os-ataques-da-xustiza-espanola-contra-as-suas-linguas-propias","status":"publish","type":"post","link":"https:\/\/www.anovapeneira.gal\/index.php\/2020\/07\/21\/a-mesa-e-outras-entidades-das-linguas-do-estado-denuncian-na-onu-os-ataques-da-xustiza-espanola-contra-as-suas-linguas-propias\/","title":{"rendered":"A Mesa e outras entidades das linguas do Estado denuncian na ONU os ataques da xustiza espa\u00f1ola contra as s\u00faas linguas propias"},"content":{"rendered":"\n<h2 class=\"wp-block-heading\"><strong>A rede europea para a igualdade das linguas, ELEN, traslada ao Consello de Dereitos Humanos da ONU a s\u00faa preocupaci\u00f3n polos ataques da xustiza espa\u00f1ola \u00e1s linguas minorizadas do Estado<\/strong><\/h2>\n\n\n\n<p><strong>Compostela, 16 de xullo de 2020<\/strong><\/p>\n\n\n\n<p>A rede europea para a igualdade das linguas, ELEN, trasladou hoxe ao Consello de Dereitos Humanos da ONU, no seu 44\u00ba exame peri\u00f3dico universal, a preocupaci\u00f3n da Mesa pola Normalizaci\u00f3n Ling\u00fc\u00edstica e doutras entidades de defensa das linguas do Estado polos ataques da xustiza espa\u00f1ola \u00e1s s\u00faas linguas propias, en relaci\u00f3n \u00e1 sentenzas do Tribunal Supremo contra axudas vinculadas ao uso do euskera, contra a comunicaci\u00f3n en catal\u00e1n entre Catalunya, Val\u00e8ncia e Balears e contra a Ordenanza do Uso do Galego aprobada por unanimidade no Concello de Lugo en 2012 e anulada despois parcialmente pola xustiza.<\/p>\n\n\n\n<p>&#8220;A sentenza do TSXG ratificada polo TS&#8221;, explica Marcos Maceira, presidente da Mesa, &#8220;ponlle o carimbo de legalidade e lexitimidade \u00e1 discriminaci\u00f3n de usuarias e usuarios de servizos p\u00fablicos privatizados por raz\u00f3n de lingua, ao primar o suposto dereito de desco\u00f1ecemento do galego por parte das empresas emprestadoras de servizos \u00e1 administraci\u00f3n municipal fronte ao dereito a empregalo e ser atendido en igualdade de condici\u00f3ns por parte das e dos cidad\u00e1ns. Este aspecto contrav\u00e9n ademais o contemplado no par\u00e1grafo 3 da Carta europea das linguas rexionais e minorizadas, ratificada polo Estado Espa\u00f1ol en 2001, que sinala o compromiso de garantir que as linguas rexionais ou minorizadas se empreguen na prestaci\u00f3n dun servizo tanto polas autoridades administrativas como polas persoas que act\u00faen no seu nome&#8221;.<\/p>\n","protected":false},"excerpt":{"rendered":"<div class=\"mh-excerpt\"><p>A rede europea para a igualdade das linguas, ELEN, traslada ao Consello de Dereitos Humanos da ONU a s\u00faa preocupaci\u00f3n polos ataques da xustiza espa\u00f1ola \u00e1s linguas minorizadas do Estado <a class=\"mh-excerpt-more\" href=\"https:\/\/www.anovapeneira.gal\/index.php\/2020\/07\/21\/a-mesa-e-outras-entidades-das-linguas-do-estado-denuncian-na-onu-os-ataques-da-xustiza-espanola-contra-as-suas-linguas-propias\/\" title=\"A Mesa e outras entidades das linguas do Estado denuncian na ONU os ataques da xustiza espa\u00f1ola contra as s\u00faas linguas propias\">[&#8230;]<\/a><\/p>\n<\/div>","protected":false},"author":3,"featured_media":3549,"comment_status":"open","ping_status":"open","sticky":false,"template":"","format":"standard","meta":{"_exactmetrics_skip_tracking":false,"_exactmetrics_sitenote_active":false,"_exactmetrics_sitenote_note":"","_exactmetrics_sitenote_category":0,"footnotes":""},"categories":[263],"tags":[684],"class_list":{"0":"post-3548","1":"post","2":"type-post","3":"status-publish","4":"format-standard","5":"has-post-thumbnail","7":"category-novas","8":"tag-mesa-pola-normalizacion-linguistica-para-galicia"},"yoast_head":"<!-- This site is optimized with the Yoast SEO plugin v27.4 - https:\/\/yoast.com\/product\/yoast-seo-wordpress\/ -->\n<title>A Mesa e outras entidades das linguas do Estado denuncian na ONU os ataques da xustiza espa\u00f1ola contra as s\u00faas linguas propias -<\/title>\n<meta name=\"robots\" content=\"index, follow, max-snippet:-1, max-image-preview:large, max-video-preview:-1\" \/>\n<link rel=\"canonical\" href=\"https:\/\/www.anovapeneira.gal\/index.php\/2020\/07\/21\/a-mesa-e-outras-entidades-das-linguas-do-estado-denuncian-na-onu-os-ataques-da-xustiza-espanola-contra-as-suas-linguas-propias\/\" \/>\n<meta property=\"og:locale\" content=\"gl_ES\" \/>\n<meta property=\"og:type\" content=\"article\" \/>\n<meta property=\"og:title\" content=\"A Mesa e outras entidades das linguas do Estado denuncian na ONU os ataques da xustiza espa\u00f1ola contra as s\u00faas linguas propias -\" \/>\n<meta property=\"og:description\" content=\"A rede europea para a igualdade das linguas, ELEN, traslada ao Consello de Dereitos Humanos da ONU a s\u00faa preocupaci\u00f3n polos ataques da xustiza espa\u00f1ola \u00e1s linguas minorizadas do Estado [...]\" \/>\n<meta property=\"og:url\" content=\"https:\/\/www.anovapeneira.gal\/index.php\/2020\/07\/21\/a-mesa-e-outras-entidades-das-linguas-do-estado-denuncian-na-onu-os-ataques-da-xustiza-espanola-contra-as-suas-linguas-propias\/\" \/>\n<meta property=\"article:publisher\" content=\"https:\/\/www.facebook.com\/anovapeneira\" \/>\n<meta property=\"article:published_time\" content=\"2020-07-21T08:00:10+00:00\" \/>\n<meta property=\"og:image\" content=\"https:\/\/www.anovapeneira.gal\/wp-content\/uploads\/2020\/07\/mesa_pola_normalizacion_onu_a_nova_peneira.jpg\" \/>\n\t<meta property=\"og:image:width\" content=\"720\" \/>\n\t<meta property=\"og:image:height\" content=\"432\" \/>\n\t<meta property=\"og:image:type\" content=\"image\/jpeg\" \/>\n<meta name=\"author\" content=\"Redacci\u00f3n A Nova Peneira\" \/>\n<meta name=\"twitter:card\" content=\"summary_large_image\" \/>\n<meta name=\"twitter:creator\" content=\"@APeneira\" \/>\n<meta name=\"twitter:site\" content=\"@APeneira\" \/>\n<meta name=\"twitter:label1\" content=\"Escrito por\" \/>\n\t<meta name=\"twitter:data1\" content=\"Redacci\u00f3n A Nova Peneira\" \/>\n\t<meta name=\"twitter:label2\" content=\"Tempo de lectura\" \/>\n\t<meta name=\"twitter:data2\" content=\"1 minuto\" \/>\n<script type=\"application\/ld+json\" class=\"yoast-schema-graph\">{\"@context\":\"https:\\\/\\\/schema.org\",\"@graph\":[{\"@type\":\"Article\",\"@id\":\"https:\\\/\\\/www.anovapeneira.gal\\\/index.php\\\/2020\\\/07\\\/21\\\/a-mesa-e-outras-entidades-das-linguas-do-estado-denuncian-na-onu-os-ataques-da-xustiza-espanola-contra-as-suas-linguas-propias\\\/#article\",\"isPartOf\":{\"@id\":\"https:\\\/\\\/www.anovapeneira.gal\\\/index.php\\\/2020\\\/07\\\/21\\\/a-mesa-e-outras-entidades-das-linguas-do-estado-denuncian-na-onu-os-ataques-da-xustiza-espanola-contra-as-suas-linguas-propias\\\/\"},\"author\":{\"name\":\"Redacci\u00f3n A Nova Peneira\",\"@id\":\"https:\\\/\\\/www.anovapeneira.gal\\\/#\\\/schema\\\/person\\\/b93e3f8932e3f8da96334607eb6ac6aa\"},\"headline\":\"A Mesa e outras entidades das linguas do Estado denuncian na ONU os ataques da xustiza espa\u00f1ola contra as s\u00faas linguas propias\",\"datePublished\":\"2020-07-21T08:00:10+00:00\",\"mainEntityOfPage\":{\"@id\":\"https:\\\/\\\/www.anovapeneira.gal\\\/index.php\\\/2020\\\/07\\\/21\\\/a-mesa-e-outras-entidades-das-linguas-do-estado-denuncian-na-onu-os-ataques-da-xustiza-espanola-contra-as-suas-linguas-propias\\\/\"},\"wordCount\":296,\"commentCount\":0,\"publisher\":{\"@id\":\"https:\\\/\\\/www.anovapeneira.gal\\\/#organization\"},\"image\":{\"@id\":\"https:\\\/\\\/www.anovapeneira.gal\\\/index.php\\\/2020\\\/07\\\/21\\\/a-mesa-e-outras-entidades-das-linguas-do-estado-denuncian-na-onu-os-ataques-da-xustiza-espanola-contra-as-suas-linguas-propias\\\/#primaryimage\"},\"thumbnailUrl\":\"https:\\\/\\\/www.anovapeneira.gal\\\/wp-content\\\/uploads\\\/2020\\\/07\\\/mesa_pola_normalizacion_onu_a_nova_peneira.jpg\",\"keywords\":[\"Mesa pola normalizaci\u00f3n ling\u00fc\u00edstica para Galicia\"],\"articleSection\":[\"Novas\"],\"inLanguage\":\"gl-ES\",\"potentialAction\":[{\"@type\":\"CommentAction\",\"name\":\"Comment\",\"target\":[\"https:\\\/\\\/www.anovapeneira.gal\\\/index.php\\\/2020\\\/07\\\/21\\\/a-mesa-e-outras-entidades-das-linguas-do-estado-denuncian-na-onu-os-ataques-da-xustiza-espanola-contra-as-suas-linguas-propias\\\/#respond\"]}]},{\"@type\":\"WebPage\",\"@id\":\"https:\\\/\\\/www.anovapeneira.gal\\\/index.php\\\/2020\\\/07\\\/21\\\/a-mesa-e-outras-entidades-das-linguas-do-estado-denuncian-na-onu-os-ataques-da-xustiza-espanola-contra-as-suas-linguas-propias\\\/\",\"url\":\"https:\\\/\\\/www.anovapeneira.gal\\\/index.php\\\/2020\\\/07\\\/21\\\/a-mesa-e-outras-entidades-das-linguas-do-estado-denuncian-na-onu-os-ataques-da-xustiza-espanola-contra-as-suas-linguas-propias\\\/\",\"name\":\"A Mesa e outras entidades das linguas do Estado denuncian na ONU os ataques da xustiza espa\u00f1ola contra as s\u00faas linguas propias -\",\"isPartOf\":{\"@id\":\"https:\\\/\\\/www.anovapeneira.gal\\\/#website\"},\"primaryImageOfPage\":{\"@id\":\"https:\\\/\\\/www.anovapeneira.gal\\\/index.php\\\/2020\\\/07\\\/21\\\/a-mesa-e-outras-entidades-das-linguas-do-estado-denuncian-na-onu-os-ataques-da-xustiza-espanola-contra-as-suas-linguas-propias\\\/#primaryimage\"},\"image\":{\"@id\":\"https:\\\/\\\/www.anovapeneira.gal\\\/index.php\\\/2020\\\/07\\\/21\\\/a-mesa-e-outras-entidades-das-linguas-do-estado-denuncian-na-onu-os-ataques-da-xustiza-espanola-contra-as-suas-linguas-propias\\\/#primaryimage\"},\"thumbnailUrl\":\"https:\\\/\\\/www.anovapeneira.gal\\\/wp-content\\\/uploads\\\/2020\\\/07\\\/mesa_pola_normalizacion_onu_a_nova_peneira.jpg\",\"datePublished\":\"2020-07-21T08:00:10+00:00\",\"breadcrumb\":{\"@id\":\"https:\\\/\\\/www.anovapeneira.gal\\\/index.php\\\/2020\\\/07\\\/21\\\/a-mesa-e-outras-entidades-das-linguas-do-estado-denuncian-na-onu-os-ataques-da-xustiza-espanola-contra-as-suas-linguas-propias\\\/#breadcrumb\"},\"inLanguage\":\"gl-ES\",\"potentialAction\":[{\"@type\":\"ReadAction\",\"target\":[\"https:\\\/\\\/www.anovapeneira.gal\\\/index.php\\\/2020\\\/07\\\/21\\\/a-mesa-e-outras-entidades-das-linguas-do-estado-denuncian-na-onu-os-ataques-da-xustiza-espanola-contra-as-suas-linguas-propias\\\/\"]}]},{\"@type\":\"ImageObject\",\"inLanguage\":\"gl-ES\",\"@id\":\"https:\\\/\\\/www.anovapeneira.gal\\\/index.php\\\/2020\\\/07\\\/21\\\/a-mesa-e-outras-entidades-das-linguas-do-estado-denuncian-na-onu-os-ataques-da-xustiza-espanola-contra-as-suas-linguas-propias\\\/#primaryimage\",\"url\":\"https:\\\/\\\/www.anovapeneira.gal\\\/wp-content\\\/uploads\\\/2020\\\/07\\\/mesa_pola_normalizacion_onu_a_nova_peneira.jpg\",\"contentUrl\":\"https:\\\/\\\/www.anovapeneira.gal\\\/wp-content\\\/uploads\\\/2020\\\/07\\\/mesa_pola_normalizacion_onu_a_nova_peneira.jpg\",\"width\":720,\"height\":432,\"caption\":\"Mesa Pola Normalizaci\u00f3n ling\u00fc\u00edstica A Nova Peneira\"},{\"@type\":\"BreadcrumbList\",\"@id\":\"https:\\\/\\\/www.anovapeneira.gal\\\/index.php\\\/2020\\\/07\\\/21\\\/a-mesa-e-outras-entidades-das-linguas-do-estado-denuncian-na-onu-os-ataques-da-xustiza-espanola-contra-as-suas-linguas-propias\\\/#breadcrumb\",\"itemListElement\":[{\"@type\":\"ListItem\",\"position\":1,\"name\":\"Portada\",\"item\":\"https:\\\/\\\/www.anovapeneira.gal\\\/\"},{\"@type\":\"ListItem\",\"position\":2,\"name\":\"A Mesa e outras entidades das linguas do Estado denuncian na ONU os ataques da xustiza espa\u00f1ola contra as s\u00faas linguas propias\"}]},{\"@type\":\"WebSite\",\"@id\":\"https:\\\/\\\/www.anovapeneira.gal\\\/#website\",\"url\":\"https:\\\/\\\/www.anovapeneira.gal\\\/\",\"name\":\"\",\"description\":\"Xornal galego de informaci\u00f3n xeral Publicaci\u00f3n mensual de novas de Galicia e en especial dos Concellos da sur da provincia de Pontevedra.\",\"publisher\":{\"@id\":\"https:\\\/\\\/www.anovapeneira.gal\\\/#organization\"},\"potentialAction\":[{\"@type\":\"SearchAction\",\"target\":{\"@type\":\"EntryPoint\",\"urlTemplate\":\"https:\\\/\\\/www.anovapeneira.gal\\\/?s={search_term_string}\"},\"query-input\":{\"@type\":\"PropertyValueSpecification\",\"valueRequired\":true,\"valueName\":\"search_term_string\"}}],\"inLanguage\":\"gl-ES\"},{\"@type\":\"Organization\",\"@id\":\"https:\\\/\\\/www.anovapeneira.gal\\\/#organization\",\"name\":\"A Nova Peneira\",\"url\":\"https:\\\/\\\/www.anovapeneira.gal\\\/\",\"logo\":{\"@type\":\"ImageObject\",\"inLanguage\":\"gl-ES\",\"@id\":\"https:\\\/\\\/www.anovapeneira.gal\\\/#\\\/schema\\\/logo\\\/image\\\/\",\"url\":\"http:\\\/\\\/www.anovapeneira.gal\\\/wp-content\\\/uploads\\\/2019\\\/06\\\/logo_a_nova_peneira_portal_web.png\",\"contentUrl\":\"http:\\\/\\\/www.anovapeneira.gal\\\/wp-content\\\/uploads\\\/2019\\\/06\\\/logo_a_nova_peneira_portal_web.png\",\"width\":300,\"height\":100,\"caption\":\"A Nova Peneira\"},\"image\":{\"@id\":\"https:\\\/\\\/www.anovapeneira.gal\\\/#\\\/schema\\\/logo\\\/image\\\/\"},\"sameAs\":[\"https:\\\/\\\/www.facebook.com\\\/anovapeneira\",\"https:\\\/\\\/x.com\\\/APeneira\"]},{\"@type\":\"Person\",\"@id\":\"https:\\\/\\\/www.anovapeneira.gal\\\/#\\\/schema\\\/person\\\/b93e3f8932e3f8da96334607eb6ac6aa\",\"name\":\"Redacci\u00f3n A Nova Peneira\",\"image\":{\"@type\":\"ImageObject\",\"inLanguage\":\"gl-ES\",\"@id\":\"https:\\\/\\\/secure.gravatar.com\\\/avatar\\\/c052a2551a06e23fac63626232eaa90abd78dbcf1700fc46a2b2c89fd27b735f?s=96&d=mm&r=g\",\"url\":\"https:\\\/\\\/secure.gravatar.com\\\/avatar\\\/c052a2551a06e23fac63626232eaa90abd78dbcf1700fc46a2b2c89fd27b735f?s=96&d=mm&r=g\",\"contentUrl\":\"https:\\\/\\\/secure.gravatar.com\\\/avatar\\\/c052a2551a06e23fac63626232eaa90abd78dbcf1700fc46a2b2c89fd27b735f?s=96&d=mm&r=g\",\"caption\":\"Redacci\u00f3n A Nova Peneira\"},\"sameAs\":[\"http:\\\/\\\/www.anovapeneira.gal\\\/\"],\"url\":\"https:\\\/\\\/www.anovapeneira.gal\\\/index.php\\\/author\\\/redactor\\\/\"}]}<\/script>\n<!-- \/ Yoast SEO plugin. -->","yoast_head_json":{"title":"A Mesa e outras entidades das linguas do Estado denuncian na ONU os ataques da xustiza espa\u00f1ola contra as s\u00faas linguas propias -","robots":{"index":"index","follow":"follow","max-snippet":"max-snippet:-1","max-image-preview":"max-image-preview:large","max-video-preview":"max-video-preview:-1"},"canonical":"https:\/\/www.anovapeneira.gal\/index.php\/2020\/07\/21\/a-mesa-e-outras-entidades-das-linguas-do-estado-denuncian-na-onu-os-ataques-da-xustiza-espanola-contra-as-suas-linguas-propias\/","og_locale":"gl_ES","og_type":"article","og_title":"A Mesa e outras entidades das linguas do Estado denuncian na ONU os ataques da xustiza espa\u00f1ola contra as s\u00faas linguas propias -","og_description":"A rede europea para a igualdade das linguas, ELEN, traslada ao Consello de Dereitos Humanos da ONU a s\u00faa preocupaci\u00f3n polos ataques da xustiza espa\u00f1ola \u00e1s linguas minorizadas do Estado [...]","og_url":"https:\/\/www.anovapeneira.gal\/index.php\/2020\/07\/21\/a-mesa-e-outras-entidades-das-linguas-do-estado-denuncian-na-onu-os-ataques-da-xustiza-espanola-contra-as-suas-linguas-propias\/","article_publisher":"https:\/\/www.facebook.com\/anovapeneira","article_published_time":"2020-07-21T08:00:10+00:00","og_image":[{"width":720,"height":432,"url":"https:\/\/www.anovapeneira.gal\/wp-content\/uploads\/2020\/07\/mesa_pola_normalizacion_onu_a_nova_peneira.jpg","type":"image\/jpeg"}],"author":"Redacci\u00f3n A Nova Peneira","twitter_card":"summary_large_image","twitter_creator":"@APeneira","twitter_site":"@APeneira","twitter_misc":{"Escrito por":"Redacci\u00f3n A Nova Peneira","Tempo de lectura":"1 minuto"},"schema":{"@context":"https:\/\/schema.org","@graph":[{"@type":"Article","@id":"https:\/\/www.anovapeneira.gal\/index.php\/2020\/07\/21\/a-mesa-e-outras-entidades-das-linguas-do-estado-denuncian-na-onu-os-ataques-da-xustiza-espanola-contra-as-suas-linguas-propias\/#article","isPartOf":{"@id":"https:\/\/www.anovapeneira.gal\/index.php\/2020\/07\/21\/a-mesa-e-outras-entidades-das-linguas-do-estado-denuncian-na-onu-os-ataques-da-xustiza-espanola-contra-as-suas-linguas-propias\/"},"author":{"name":"Redacci\u00f3n A Nova Peneira","@id":"https:\/\/www.anovapeneira.gal\/#\/schema\/person\/b93e3f8932e3f8da96334607eb6ac6aa"},"headline":"A Mesa e outras entidades das linguas do Estado denuncian na ONU os ataques da xustiza espa\u00f1ola contra as s\u00faas linguas propias","datePublished":"2020-07-21T08:00:10+00:00","mainEntityOfPage":{"@id":"https:\/\/www.anovapeneira.gal\/index.php\/2020\/07\/21\/a-mesa-e-outras-entidades-das-linguas-do-estado-denuncian-na-onu-os-ataques-da-xustiza-espanola-contra-as-suas-linguas-propias\/"},"wordCount":296,"commentCount":0,"publisher":{"@id":"https:\/\/www.anovapeneira.gal\/#organization"},"image":{"@id":"https:\/\/www.anovapeneira.gal\/index.php\/2020\/07\/21\/a-mesa-e-outras-entidades-das-linguas-do-estado-denuncian-na-onu-os-ataques-da-xustiza-espanola-contra-as-suas-linguas-propias\/#primaryimage"},"thumbnailUrl":"https:\/\/www.anovapeneira.gal\/wp-content\/uploads\/2020\/07\/mesa_pola_normalizacion_onu_a_nova_peneira.jpg","keywords":["Mesa pola normalizaci\u00f3n ling\u00fc\u00edstica para Galicia"],"articleSection":["Novas"],"inLanguage":"gl-ES","potentialAction":[{"@type":"CommentAction","name":"Comment","target":["https:\/\/www.anovapeneira.gal\/index.php\/2020\/07\/21\/a-mesa-e-outras-entidades-das-linguas-do-estado-denuncian-na-onu-os-ataques-da-xustiza-espanola-contra-as-suas-linguas-propias\/#respond"]}]},{"@type":"WebPage","@id":"https:\/\/www.anovapeneira.gal\/index.php\/2020\/07\/21\/a-mesa-e-outras-entidades-das-linguas-do-estado-denuncian-na-onu-os-ataques-da-xustiza-espanola-contra-as-suas-linguas-propias\/","url":"https:\/\/www.anovapeneira.gal\/index.php\/2020\/07\/21\/a-mesa-e-outras-entidades-das-linguas-do-estado-denuncian-na-onu-os-ataques-da-xustiza-espanola-contra-as-suas-linguas-propias\/","name":"A Mesa e outras entidades das linguas do Estado denuncian na ONU os ataques da xustiza espa\u00f1ola contra as s\u00faas linguas propias -","isPartOf":{"@id":"https:\/\/www.anovapeneira.gal\/#website"},"primaryImageOfPage":{"@id":"https:\/\/www.anovapeneira.gal\/index.php\/2020\/07\/21\/a-mesa-e-outras-entidades-das-linguas-do-estado-denuncian-na-onu-os-ataques-da-xustiza-espanola-contra-as-suas-linguas-propias\/#primaryimage"},"image":{"@id":"https:\/\/www.anovapeneira.gal\/index.php\/2020\/07\/21\/a-mesa-e-outras-entidades-das-linguas-do-estado-denuncian-na-onu-os-ataques-da-xustiza-espanola-contra-as-suas-linguas-propias\/#primaryimage"},"thumbnailUrl":"https:\/\/www.anovapeneira.gal\/wp-content\/uploads\/2020\/07\/mesa_pola_normalizacion_onu_a_nova_peneira.jpg","datePublished":"2020-07-21T08:00:10+00:00","breadcrumb":{"@id":"https:\/\/www.anovapeneira.gal\/index.php\/2020\/07\/21\/a-mesa-e-outras-entidades-das-linguas-do-estado-denuncian-na-onu-os-ataques-da-xustiza-espanola-contra-as-suas-linguas-propias\/#breadcrumb"},"inLanguage":"gl-ES","potentialAction":[{"@type":"ReadAction","target":["https:\/\/www.anovapeneira.gal\/index.php\/2020\/07\/21\/a-mesa-e-outras-entidades-das-linguas-do-estado-denuncian-na-onu-os-ataques-da-xustiza-espanola-contra-as-suas-linguas-propias\/"]}]},{"@type":"ImageObject","inLanguage":"gl-ES","@id":"https:\/\/www.anovapeneira.gal\/index.php\/2020\/07\/21\/a-mesa-e-outras-entidades-das-linguas-do-estado-denuncian-na-onu-os-ataques-da-xustiza-espanola-contra-as-suas-linguas-propias\/#primaryimage","url":"https:\/\/www.anovapeneira.gal\/wp-content\/uploads\/2020\/07\/mesa_pola_normalizacion_onu_a_nova_peneira.jpg","contentUrl":"https:\/\/www.anovapeneira.gal\/wp-content\/uploads\/2020\/07\/mesa_pola_normalizacion_onu_a_nova_peneira.jpg","width":720,"height":432,"caption":"Mesa Pola Normalizaci\u00f3n ling\u00fc\u00edstica A Nova Peneira"},{"@type":"BreadcrumbList","@id":"https:\/\/www.anovapeneira.gal\/index.php\/2020\/07\/21\/a-mesa-e-outras-entidades-das-linguas-do-estado-denuncian-na-onu-os-ataques-da-xustiza-espanola-contra-as-suas-linguas-propias\/#breadcrumb","itemListElement":[{"@type":"ListItem","position":1,"name":"Portada","item":"https:\/\/www.anovapeneira.gal\/"},{"@type":"ListItem","position":2,"name":"A Mesa e outras entidades das linguas do Estado denuncian na ONU os ataques da xustiza espa\u00f1ola contra as s\u00faas linguas propias"}]},{"@type":"WebSite","@id":"https:\/\/www.anovapeneira.gal\/#website","url":"https:\/\/www.anovapeneira.gal\/","name":"","description":"Xornal galego de informaci\u00f3n xeral Publicaci\u00f3n mensual de novas de Galicia e en especial dos Concellos da sur da provincia de Pontevedra.","publisher":{"@id":"https:\/\/www.anovapeneira.gal\/#organization"},"potentialAction":[{"@type":"SearchAction","target":{"@type":"EntryPoint","urlTemplate":"https:\/\/www.anovapeneira.gal\/?s={search_term_string}"},"query-input":{"@type":"PropertyValueSpecification","valueRequired":true,"valueName":"search_term_string"}}],"inLanguage":"gl-ES"},{"@type":"Organization","@id":"https:\/\/www.anovapeneira.gal\/#organization","name":"A Nova Peneira","url":"https:\/\/www.anovapeneira.gal\/","logo":{"@type":"ImageObject","inLanguage":"gl-ES","@id":"https:\/\/www.anovapeneira.gal\/#\/schema\/logo\/image\/","url":"http:\/\/www.anovapeneira.gal\/wp-content\/uploads\/2019\/06\/logo_a_nova_peneira_portal_web.png","contentUrl":"http:\/\/www.anovapeneira.gal\/wp-content\/uploads\/2019\/06\/logo_a_nova_peneira_portal_web.png","width":300,"height":100,"caption":"A Nova Peneira"},"image":{"@id":"https:\/\/www.anovapeneira.gal\/#\/schema\/logo\/image\/"},"sameAs":["https:\/\/www.facebook.com\/anovapeneira","https:\/\/x.com\/APeneira"]},{"@type":"Person","@id":"https:\/\/www.anovapeneira.gal\/#\/schema\/person\/b93e3f8932e3f8da96334607eb6ac6aa","name":"Redacci\u00f3n A Nova Peneira","image":{"@type":"ImageObject","inLanguage":"gl-ES","@id":"https:\/\/secure.gravatar.com\/avatar\/c052a2551a06e23fac63626232eaa90abd78dbcf1700fc46a2b2c89fd27b735f?s=96&d=mm&r=g","url":"https:\/\/secure.gravatar.com\/avatar\/c052a2551a06e23fac63626232eaa90abd78dbcf1700fc46a2b2c89fd27b735f?s=96&d=mm&r=g","contentUrl":"https:\/\/secure.gravatar.com\/avatar\/c052a2551a06e23fac63626232eaa90abd78dbcf1700fc46a2b2c89fd27b735f?s=96&d=mm&r=g","caption":"Redacci\u00f3n A Nova Peneira"},"sameAs":["http:\/\/www.anovapeneira.gal\/"],"url":"https:\/\/www.anovapeneira.gal\/index.php\/author\/redactor\/"}]}},"jetpack_featured_media_url":"https:\/\/www.anovapeneira.gal\/wp-content\/uploads\/2020\/07\/mesa_pola_normalizacion_onu_a_nova_peneira.jpg","_links":{"self":[{"href":"https:\/\/www.anovapeneira.gal\/index.php\/wp-json\/wp\/v2\/posts\/3548","targetHints":{"allow":["GET"]}}],"collection":[{"href":"https:\/\/www.anovapeneira.gal\/index.php\/wp-json\/wp\/v2\/posts"}],"about":[{"href":"https:\/\/www.anovapeneira.gal\/index.php\/wp-json\/wp\/v2\/types\/post"}],"author":[{"embeddable":true,"href":"https:\/\/www.anovapeneira.gal\/index.php\/wp-json\/wp\/v2\/users\/3"}],"replies":[{"embeddable":true,"href":"https:\/\/www.anovapeneira.gal\/index.php\/wp-json\/wp\/v2\/comments?post=3548"}],"version-history":[{"count":1,"href":"https:\/\/www.anovapeneira.gal\/index.php\/wp-json\/wp\/v2\/posts\/3548\/revisions"}],"predecessor-version":[{"id":3550,"href":"https:\/\/www.anovapeneira.gal\/index.php\/wp-json\/wp\/v2\/posts\/3548\/revisions\/3550"}],"wp:featuredmedia":[{"embeddable":true,"href":"https:\/\/www.anovapeneira.gal\/index.php\/wp-json\/wp\/v2\/media\/3549"}],"wp:attachment":[{"href":"https:\/\/www.anovapeneira.gal\/index.php\/wp-json\/wp\/v2\/media?parent=3548"}],"wp:term":[{"taxonomy":"category","embeddable":true,"href":"https:\/\/www.anovapeneira.gal\/index.php\/wp-json\/wp\/v2\/categories?post=3548"},{"taxonomy":"post_tag","embeddable":true,"href":"https:\/\/www.anovapeneira.gal\/index.php\/wp-json\/wp\/v2\/tags?post=3548"}],"curies":[{"name":"wp","href":"https:\/\/api.w.org\/{rel}","templated":true}]}}