{"id":3551,"date":"2020-07-21T12:00:37","date_gmt":"2020-07-21T10:00:37","guid":{"rendered":"http:\/\/www.anovapeneira.gal\/?p=3551"},"modified":"2020-07-21T10:29:20","modified_gmt":"2020-07-21T08:29:20","slug":"xoel-schwarz-lopez","status":"publish","type":"post","link":"https:\/\/www.anovapeneira.gal\/index.php\/2020\/07\/21\/xoel-schwarz-lopez\/","title":{"rendered":"Xoel Schwarz L\u00f3pez"},"content":{"rendered":"\n<h2 class=\"wp-block-heading\"><strong>PATR\u00d3N MAIOR DA CONFRAR\u00cdA DE PESCADORES DE REDONDELA<\/strong><\/h2>\n\n\n\n<figure class=\"wp-block-image size-large is-resized is-style-default\"><img loading=\"lazy\" decoding=\"async\" src=\"http:\/\/www.anovapeneira.gal\/wp-content\/uploads\/2019\/04\/marcos_santos_opinion_a_nova_peneira_bn.jpg\" alt=\"Marcos Santos Artigo opini\u00f3n a Nova Peneira\" class=\"wp-image-198\" width=\"95\" height=\"111\"\/><figcaption>Marcos Santos<\/figcaption><\/figure>\n\n\n\n<p><strong>Xoel \u00e9 un mozo de Redondela, excelente m\u00fasico, de pouco m\u00e1is de 30 anos de idade que en febreiro deste ano foi elixido patr\u00f3n maior da confrar\u00eda de pescadores de Redondela, substitu\u00edndo a Clemente Bastos. Asume o cargo nun contexto econ\u00f3mico moi complicado facendo da xesti\u00f3n econ\u00f3mica un dos eixos do seu traballo<\/strong><\/p>\n\n\n\n<p>\u201c&nbsp;<strong>A NOSA VONTADE \u00c9 COOPERAR COAS CONFRAR\u00cdAS DE ARCADE E DE VILABOA, PORQUE COOPERAR SEMPRE \u00c9 MELLOR QUE COMPETIR\u201d<\/strong><\/p>\n\n\n\n<p><strong>Unha das primeiras cousas que fixeches foi tentar clarificar o estado das contas, non?<\/strong><\/p>\n\n\n\n<blockquote class=\"wp-block-quote is-layout-flow wp-block-quote-is-layout-flow\"><p>Si, a transparencia econ\u00f3mica foi un dos nosos eixos de traballo principais. A confrar\u00eda \u00e9 de todas as persoas que a formamos e todos temos dereito a co\u00f1ecer o seu estado econ\u00f3mico<\/p><\/blockquote>\n\n\n\n<p><strong>Tes algunha queixa referente \u00e1 situaci\u00f3n econ\u00f3mica que che deixaron?<\/strong><\/p>\n\n\n\n<blockquote class=\"wp-block-quote is-layout-flow wp-block-quote-is-layout-flow\"><p>Non, penso que non. Iso non quita que considere necesario unha pol\u00edtica de transparencia absoluta<\/p><\/blockquote>\n\n\n\n<p><strong>Eliminaches a remuneraci\u00f3n do patr\u00f3n maior, por que?<\/strong><\/p>\n\n\n\n<blockquote class=\"wp-block-quote is-layout-flow wp-block-quote-is-layout-flow\"><p>Hai bastantes confrar\u00edas que non lle pagan aos seu patr\u00f3n maior. E eu creo que na nosa situaci\u00f3n ese soldo, \u00e9 perfectamente prescindible. Eu g\u00e1\u00f1ome a vida indo ao mar non facendo de administrativo. Esa funci\u00f3n as\u00famoa como un compromiso cos meus compa\u00f1eiros<\/p><\/blockquote>\n\n\n\n<p><strong>Cales van ser as vosas li\u00f1as principais de actuaci\u00f3n?<\/strong><\/p>\n\n\n\n<blockquote class=\"wp-block-quote is-layout-flow wp-block-quote-is-layout-flow\"><p>Fundamentalmente mellorar a situaci\u00f3n econ\u00f3mica, estamos bastante axustados. Os meses de confinamento foron realmente duros e costounos moito sobrevivir<\/p><\/blockquote>\n\n\n\n<p><strong>Canto tempo levas de mari\u00f1eiro?<\/strong><\/p>\n\n\n\n<blockquote class=\"wp-block-quote is-layout-flow wp-block-quote-is-layout-flow\"><p>Cinco anos<\/p><\/blockquote>\n\n\n\n<p><strong>Pero ti es m\u00fasico?<\/strong><\/p>\n\n\n\n<blockquote class=\"wp-block-quote is-layout-flow wp-block-quote-is-layout-flow\"><p>Eu son m\u00fasico vocacional, pero agora mesmo a mi\u00f1a profesi\u00f3n \u00e9 o mar que \u00e9 o que me d\u00e1 a liberdade e a tranquilidade de poder vivir do meu traballo<\/p><\/blockquote>\n\n\n\n<p><strong>\u00c9 duro traballar no mar?<\/strong><\/p>\n\n\n\n<blockquote class=\"wp-block-quote is-layout-flow wp-block-quote-is-layout-flow\"><p>Como calquera traballo ten cousas moi duras, e tam\u00e9n cousas moi bonitas, pode chegar a enganchar e a min \u00e9 un traballo que me gusta. De feito gustoume tanto que me met\u00edn a mercar unha embarcaci\u00f3n<\/p><\/blockquote>\n\n\n\n<p><strong>Chopi \u00e9 o secretario da confrar\u00eda de Arcade e ti o presidente da de Redondela. Dous Rockeiros en postos de direcci\u00f3n de ambas confrar\u00edas, expl\u00edcanos iso?<\/strong><\/p>\n\n\n\n<blockquote class=\"wp-block-quote is-layout-flow wp-block-quote-is-layout-flow\"><p>Ha ha ha ha.. Xa che dixen que o traballo \u00e9 moi bonito. Asemade n\u00f3s traballamos dentro da r\u00eda, vimos todos os d\u00edas a comer a casa e tampouco \u00e9 o mesmo que facer unha marea de altura<\/p><\/blockquote>\n\n\n\n<p><strong>En concreto que fai unha confrar\u00eda?<\/strong><\/p>\n\n\n\n<blockquote class=\"wp-block-quote is-layout-flow wp-block-quote-is-layout-flow\"><p>Pois resum\u00edndoo moito enc\u00e1rgase da xesti\u00f3n comercial e administrativa do traballo das xentes do mar. E os beneficios que eventualmente te\u00f1a investilos en mellorar as s\u00faas condici\u00f3ns de traballo<\/p><\/blockquote>\n\n\n\n<p><strong>Tedes empregados?<\/strong><\/p>\n\n\n\n<blockquote class=\"wp-block-quote is-layout-flow wp-block-quote-is-layout-flow\"><p>Si, asistencia t\u00e9cnica para levar o control do noso litoral<\/p><\/blockquote>\n\n\n\n<p><strong>Seica hai intenci\u00f3n de manterdes pol\u00edticas de colaboraci\u00f3n entre as distintas confrar\u00edas da R\u00eda, non?<\/strong><\/p>\n\n\n\n<blockquote class=\"wp-block-quote is-layout-flow wp-block-quote-is-layout-flow\"><p>Si, principalmente o que \u00e9 a area da enseada de San Sim\u00f3n. N\u00f3s entendemos que nos ir\u00e1 mellor a todos se cooperamos que si competimos porque todos os produtos que temos son de moita calidade. Incluso estamos explorando a posibilidade de vendermos xuntos<\/p><\/blockquote>\n\n\n\n<p><strong>Os xaponeses adoran as nosas algas. Pensaches en explotalas?<\/strong><\/p>\n\n\n\n<blockquote class=\"wp-block-quote is-layout-flow wp-block-quote-is-layout-flow\"><p>Alg\u00fan estudo hai feito, e \u00e9 que algo que debemos valorar en profundidade, porque \u00e9 posible que haxa un importante mercado por a\u00ed<\/p><\/blockquote>\n\n\n\n<p><strong>Este ano polas circunstancias especiais do par\u00f3n sanitario do COVID \u00e9 un tanto especial?<\/strong><\/p>\n\n\n\n<blockquote class=\"wp-block-quote is-layout-flow wp-block-quote-is-layout-flow\"><p>Si, a verdade \u00e9 que si, o marisco practicamente non se est\u00e1 tocando e se est\u00e1 a deixar que medre, case de maneira natural<\/p><\/blockquote>\n\n\n\n<p><strong>E como se determinan as condici\u00f3ns para decidir o que se sementa ou o que non?<\/strong><\/p>\n\n\n\n<blockquote class=\"wp-block-quote is-layout-flow wp-block-quote-is-layout-flow\"><p>Pois igual que nunha veiga, preparar ben o terreo, botar a semente estudando ben as condici\u00f3ns e traballando con intelixencia<\/p><\/blockquote>\n\n\n\n<p><strong>Economicamente como os apa\u00f1ades?<\/strong><\/p>\n\n\n\n<blockquote class=\"wp-block-quote is-layout-flow wp-block-quote-is-layout-flow\"><p>Entre os fondos propios e as axudas das distintas administraci\u00f3ns<\/p><\/blockquote>\n\n\n\n<p><strong>Que opinas do pantal\u00e1n do porto de Cesantes?<\/strong><\/p>\n\n\n\n<blockquote class=\"wp-block-quote is-layout-flow wp-block-quote-is-layout-flow\"><p>Hai un proxecto de portos de Galicia para demoler iso e facer un pantal\u00e1n flotante con dique. Esta praia de Cesantes forn\u00e9cese da area do Alvedosa e tal como est\u00e1 dese\u00f1ado fai que perda area cada ano e que se xunte lodo por iso temos tan pouco calado<\/p><\/blockquote>\n\n\n\n<p><strong>A idea de da pesca \u00e1 casa, como funcionou en Redondela?<\/strong><\/p>\n\n\n\n<blockquote class=\"wp-block-quote is-layout-flow wp-block-quote-is-layout-flow\"><p>N\u00f3s levamos xa 4 anos facendo venda directa. Antes de que entr\u00e1semos n\u00f3s s\u00f3 se vend\u00eda o choco pero a nosa intenci\u00f3n \u00e9 auto xestionarnos o m\u00e1ximo posible. E antes se pescabamos robaliza ou linguados ti\u00f1amos que levala a vender \u00e1 lonxa de Vigo co que perdiamos cartos. Agora, menos ameixa que ten que pasar por depuradora v\u00e9ndese de todo<\/p><\/blockquote>\n\n\n\n<p><strong>Por que non montar unha depuradora en Redondela?<\/strong><\/p>\n\n\n\n<blockquote class=\"wp-block-quote is-layout-flow wp-block-quote-is-layout-flow\"><p>Estamos valor\u00e1ndoo<\/p><\/blockquote>\n\n\n\n<p><strong>Sinceiramente; o choco de Redondela \u00e9 diferente aos demais?<\/strong><\/p>\n\n\n\n<blockquote class=\"wp-block-quote is-layout-flow wp-block-quote-is-layout-flow\"><p>Iso \u00e9 o que din os expertos. Seica \u00e9 pola desembocadura dos r\u00edos e a arquitectura xeogr\u00e1fica da nosa area que lle confire caracter\u00edsticas biol\u00f3xica particulares. Creo que a enseada de San Sim\u00f3n ten unhas caracter\u00edsticas tan peculiares que fan \u00fanicas a todas as especies que aqu\u00ed se desenrolan.<\/p><\/blockquote>\n\n\n\n<p><strong>O consumidor pode ir mercarvos todos os d\u00edas \u00e1 lonxa?<\/strong><\/p>\n\n\n\n<blockquote class=\"wp-block-quote is-layout-flow wp-block-quote-is-layout-flow\"><p>Si, todos os d\u00edas tanto de ma\u00f1\u00e1 como e tarde. O \u00fanico l\u00edmite que temos \u00e9 que media hora antes da poxa xa non podemos vender ao p\u00fablico<\/p><\/blockquote>\n\n\n\n<p><strong>Por que as poxas de peixe van \u00e1 baixa. Com\u00e9zase nun prezo e logo vai baixando?<\/strong><\/p>\n\n\n\n<blockquote class=\"wp-block-quote is-layout-flow wp-block-quote-is-layout-flow\"><p>Pois non saber\u00eda dicirche o motivo pero sempre se fixo as\u00ed. Supo\u00f1o que se se empeza cun prezo moi barato se pechar\u00eda demasiado r\u00e1pido nun prezo inferior ao valor real de mercado<\/p><\/blockquote>\n","protected":false},"excerpt":{"rendered":"<div class=\"mh-excerpt\"><p>Xoel \u00e9 un mozo de Redondela, excelente m\u00fasico, de pouco m\u00e1is de 30 anos de idade que en febreiro deste ano foi elixido patr\u00f3n maior da confrar\u00eda de pescadores de Redondela, substitu\u00edndo a Clemente Bastos. Asume o cargo nun contexto econ\u00f3mico moi complicado facendo da xesti\u00f3n econ\u00f3mica un dos eixos do seu traballo <a class=\"mh-excerpt-more\" href=\"https:\/\/www.anovapeneira.gal\/index.php\/2020\/07\/21\/xoel-schwarz-lopez\/\" title=\"Xoel Schwarz L\u00f3pez\">[&#8230;]<\/a><\/p>\n<\/div>","protected":false},"author":6,"featured_media":3552,"comment_status":"open","ping_status":"open","sticky":false,"template":"","format":"standard","meta":{"_exactmetrics_skip_tracking":false,"_exactmetrics_sitenote_active":false,"_exactmetrics_sitenote_note":"","_exactmetrics_sitenote_category":0,"footnotes":""},"categories":[270],"tags":[171,1151],"class_list":{"0":"post-3551","1":"post","2":"type-post","3":"status-publish","4":"format-standard","5":"has-post-thumbnail","7":"category-redondela-entrevistas","8":"tag-concello-de-redondela","9":"tag-pesca"},"yoast_head":"<!-- This site is optimized with the Yoast SEO plugin v27.5 - https:\/\/yoast.com\/product\/yoast-seo-wordpress\/ -->\n<title>Xoel Schwarz L\u00f3pez -<\/title>\n<meta name=\"robots\" content=\"index, follow, max-snippet:-1, max-image-preview:large, max-video-preview:-1\" \/>\n<link rel=\"canonical\" href=\"https:\/\/www.anovapeneira.gal\/index.php\/2020\/07\/21\/xoel-schwarz-lopez\/\" \/>\n<meta property=\"og:locale\" content=\"gl_ES\" \/>\n<meta property=\"og:type\" content=\"article\" \/>\n<meta property=\"og:title\" content=\"Xoel Schwarz L\u00f3pez -\" \/>\n<meta property=\"og:description\" content=\"Xoel \u00e9 un mozo de Redondela, excelente m\u00fasico, de pouco m\u00e1is de 30 anos de idade que en febreiro deste ano foi elixido patr\u00f3n maior da confrar\u00eda de pescadores de Redondela, substitu\u00edndo a Clemente Bastos. Asume o cargo nun contexto econ\u00f3mico moi complicado facendo da xesti\u00f3n econ\u00f3mica un dos eixos do seu traballo [...]\" \/>\n<meta property=\"og:url\" content=\"https:\/\/www.anovapeneira.gal\/index.php\/2020\/07\/21\/xoel-schwarz-lopez\/\" \/>\n<meta property=\"article:publisher\" content=\"https:\/\/www.facebook.com\/anovapeneira\" \/>\n<meta property=\"article:published_time\" content=\"2020-07-21T10:00:37+00:00\" \/>\n<meta property=\"og:image\" content=\"https:\/\/www.anovapeneira.gal\/wp-content\/uploads\/2020\/07\/xoel_Schwarz_lopez.jpg\" \/>\n\t<meta property=\"og:image:width\" content=\"720\" \/>\n\t<meta property=\"og:image:height\" content=\"432\" \/>\n\t<meta property=\"og:image:type\" content=\"image\/jpeg\" \/>\n<meta name=\"author\" content=\"Marcos Santos\" \/>\n<meta name=\"twitter:card\" content=\"summary_large_image\" \/>\n<meta name=\"twitter:creator\" content=\"@APeneira\" \/>\n<meta name=\"twitter:site\" content=\"@APeneira\" \/>\n<meta name=\"twitter:label1\" content=\"Escrito por\" \/>\n\t<meta name=\"twitter:data1\" content=\"Marcos Santos\" \/>\n\t<meta name=\"twitter:label2\" content=\"Tempo de lectura\" \/>\n\t<meta name=\"twitter:data2\" content=\"5 minutos\" \/>\n<script type=\"application\/ld+json\" class=\"yoast-schema-graph\">{\"@context\":\"https:\\\/\\\/schema.org\",\"@graph\":[{\"@type\":\"Article\",\"@id\":\"https:\\\/\\\/www.anovapeneira.gal\\\/index.php\\\/2020\\\/07\\\/21\\\/xoel-schwarz-lopez\\\/#article\",\"isPartOf\":{\"@id\":\"https:\\\/\\\/www.anovapeneira.gal\\\/index.php\\\/2020\\\/07\\\/21\\\/xoel-schwarz-lopez\\\/\"},\"author\":{\"name\":\"Marcos Santos\",\"@id\":\"https:\\\/\\\/www.anovapeneira.gal\\\/#\\\/schema\\\/person\\\/d9d84823564720e7593293bab054e52d\"},\"headline\":\"Xoel Schwarz L\u00f3pez\",\"datePublished\":\"2020-07-21T10:00:37+00:00\",\"mainEntityOfPage\":{\"@id\":\"https:\\\/\\\/www.anovapeneira.gal\\\/index.php\\\/2020\\\/07\\\/21\\\/xoel-schwarz-lopez\\\/\"},\"wordCount\":955,\"commentCount\":0,\"publisher\":{\"@id\":\"https:\\\/\\\/www.anovapeneira.gal\\\/#organization\"},\"image\":{\"@id\":\"https:\\\/\\\/www.anovapeneira.gal\\\/index.php\\\/2020\\\/07\\\/21\\\/xoel-schwarz-lopez\\\/#primaryimage\"},\"thumbnailUrl\":\"https:\\\/\\\/www.anovapeneira.gal\\\/wp-content\\\/uploads\\\/2020\\\/07\\\/xoel_Schwarz_lopez.jpg\",\"keywords\":[\"Concello de Redondela\",\"Pesca\"],\"articleSection\":[\"Redondela\"],\"inLanguage\":\"gl-ES\",\"potentialAction\":[{\"@type\":\"CommentAction\",\"name\":\"Comment\",\"target\":[\"https:\\\/\\\/www.anovapeneira.gal\\\/index.php\\\/2020\\\/07\\\/21\\\/xoel-schwarz-lopez\\\/#respond\"]}]},{\"@type\":\"WebPage\",\"@id\":\"https:\\\/\\\/www.anovapeneira.gal\\\/index.php\\\/2020\\\/07\\\/21\\\/xoel-schwarz-lopez\\\/\",\"url\":\"https:\\\/\\\/www.anovapeneira.gal\\\/index.php\\\/2020\\\/07\\\/21\\\/xoel-schwarz-lopez\\\/\",\"name\":\"Xoel Schwarz L\u00f3pez -\",\"isPartOf\":{\"@id\":\"https:\\\/\\\/www.anovapeneira.gal\\\/#website\"},\"primaryImageOfPage\":{\"@id\":\"https:\\\/\\\/www.anovapeneira.gal\\\/index.php\\\/2020\\\/07\\\/21\\\/xoel-schwarz-lopez\\\/#primaryimage\"},\"image\":{\"@id\":\"https:\\\/\\\/www.anovapeneira.gal\\\/index.php\\\/2020\\\/07\\\/21\\\/xoel-schwarz-lopez\\\/#primaryimage\"},\"thumbnailUrl\":\"https:\\\/\\\/www.anovapeneira.gal\\\/wp-content\\\/uploads\\\/2020\\\/07\\\/xoel_Schwarz_lopez.jpg\",\"datePublished\":\"2020-07-21T10:00:37+00:00\",\"breadcrumb\":{\"@id\":\"https:\\\/\\\/www.anovapeneira.gal\\\/index.php\\\/2020\\\/07\\\/21\\\/xoel-schwarz-lopez\\\/#breadcrumb\"},\"inLanguage\":\"gl-ES\",\"potentialAction\":[{\"@type\":\"ReadAction\",\"target\":[\"https:\\\/\\\/www.anovapeneira.gal\\\/index.php\\\/2020\\\/07\\\/21\\\/xoel-schwarz-lopez\\\/\"]}]},{\"@type\":\"ImageObject\",\"inLanguage\":\"gl-ES\",\"@id\":\"https:\\\/\\\/www.anovapeneira.gal\\\/index.php\\\/2020\\\/07\\\/21\\\/xoel-schwarz-lopez\\\/#primaryimage\",\"url\":\"https:\\\/\\\/www.anovapeneira.gal\\\/wp-content\\\/uploads\\\/2020\\\/07\\\/xoel_Schwarz_lopez.jpg\",\"contentUrl\":\"https:\\\/\\\/www.anovapeneira.gal\\\/wp-content\\\/uploads\\\/2020\\\/07\\\/xoel_Schwarz_lopez.jpg\",\"width\":720,\"height\":432,\"caption\":\"Xool Schwarz L\u00f3pez A Nova Peneira\"},{\"@type\":\"BreadcrumbList\",\"@id\":\"https:\\\/\\\/www.anovapeneira.gal\\\/index.php\\\/2020\\\/07\\\/21\\\/xoel-schwarz-lopez\\\/#breadcrumb\",\"itemListElement\":[{\"@type\":\"ListItem\",\"position\":1,\"name\":\"Portada\",\"item\":\"https:\\\/\\\/www.anovapeneira.gal\\\/\"},{\"@type\":\"ListItem\",\"position\":2,\"name\":\"Xoel Schwarz L\u00f3pez\"}]},{\"@type\":\"WebSite\",\"@id\":\"https:\\\/\\\/www.anovapeneira.gal\\\/#website\",\"url\":\"https:\\\/\\\/www.anovapeneira.gal\\\/\",\"name\":\"\",\"description\":\"Xornal galego de informaci\u00f3n xeral Publicaci\u00f3n mensual de novas de Galicia e en especial dos Concellos da sur da provincia de Pontevedra.\",\"publisher\":{\"@id\":\"https:\\\/\\\/www.anovapeneira.gal\\\/#organization\"},\"potentialAction\":[{\"@type\":\"SearchAction\",\"target\":{\"@type\":\"EntryPoint\",\"urlTemplate\":\"https:\\\/\\\/www.anovapeneira.gal\\\/?s={search_term_string}\"},\"query-input\":{\"@type\":\"PropertyValueSpecification\",\"valueRequired\":true,\"valueName\":\"search_term_string\"}}],\"inLanguage\":\"gl-ES\"},{\"@type\":\"Organization\",\"@id\":\"https:\\\/\\\/www.anovapeneira.gal\\\/#organization\",\"name\":\"A Nova Peneira\",\"url\":\"https:\\\/\\\/www.anovapeneira.gal\\\/\",\"logo\":{\"@type\":\"ImageObject\",\"inLanguage\":\"gl-ES\",\"@id\":\"https:\\\/\\\/www.anovapeneira.gal\\\/#\\\/schema\\\/logo\\\/image\\\/\",\"url\":\"http:\\\/\\\/www.anovapeneira.gal\\\/wp-content\\\/uploads\\\/2019\\\/06\\\/logo_a_nova_peneira_portal_web.png\",\"contentUrl\":\"http:\\\/\\\/www.anovapeneira.gal\\\/wp-content\\\/uploads\\\/2019\\\/06\\\/logo_a_nova_peneira_portal_web.png\",\"width\":300,\"height\":100,\"caption\":\"A Nova Peneira\"},\"image\":{\"@id\":\"https:\\\/\\\/www.anovapeneira.gal\\\/#\\\/schema\\\/logo\\\/image\\\/\"},\"sameAs\":[\"https:\\\/\\\/www.facebook.com\\\/anovapeneira\",\"https:\\\/\\\/x.com\\\/APeneira\"]},{\"@type\":\"Person\",\"@id\":\"https:\\\/\\\/www.anovapeneira.gal\\\/#\\\/schema\\\/person\\\/d9d84823564720e7593293bab054e52d\",\"name\":\"Marcos Santos\",\"image\":{\"@type\":\"ImageObject\",\"inLanguage\":\"gl-ES\",\"@id\":\"https:\\\/\\\/secure.gravatar.com\\\/avatar\\\/0e8017099a7a47c0a9d2275e865fe326484561eb3d70649069e4b8e61a8d2e8c?s=96&d=mm&r=g\",\"url\":\"https:\\\/\\\/secure.gravatar.com\\\/avatar\\\/0e8017099a7a47c0a9d2275e865fe326484561eb3d70649069e4b8e61a8d2e8c?s=96&d=mm&r=g\",\"contentUrl\":\"https:\\\/\\\/secure.gravatar.com\\\/avatar\\\/0e8017099a7a47c0a9d2275e865fe326484561eb3d70649069e4b8e61a8d2e8c?s=96&d=mm&r=g\",\"caption\":\"Marcos Santos\"},\"sameAs\":[\"http:\\\/\\\/anovapeneira.gal\"],\"url\":\"https:\\\/\\\/www.anovapeneira.gal\\\/index.php\\\/author\\\/marcos-santos\\\/\"}]}<\/script>\n<!-- \/ Yoast SEO plugin. -->","yoast_head_json":{"title":"Xoel Schwarz L\u00f3pez -","robots":{"index":"index","follow":"follow","max-snippet":"max-snippet:-1","max-image-preview":"max-image-preview:large","max-video-preview":"max-video-preview:-1"},"canonical":"https:\/\/www.anovapeneira.gal\/index.php\/2020\/07\/21\/xoel-schwarz-lopez\/","og_locale":"gl_ES","og_type":"article","og_title":"Xoel Schwarz L\u00f3pez -","og_description":"Xoel \u00e9 un mozo de Redondela, excelente m\u00fasico, de pouco m\u00e1is de 30 anos de idade que en febreiro deste ano foi elixido patr\u00f3n maior da confrar\u00eda de pescadores de Redondela, substitu\u00edndo a Clemente Bastos. Asume o cargo nun contexto econ\u00f3mico moi complicado facendo da xesti\u00f3n econ\u00f3mica un dos eixos do seu traballo [...]","og_url":"https:\/\/www.anovapeneira.gal\/index.php\/2020\/07\/21\/xoel-schwarz-lopez\/","article_publisher":"https:\/\/www.facebook.com\/anovapeneira","article_published_time":"2020-07-21T10:00:37+00:00","og_image":[{"width":720,"height":432,"url":"https:\/\/www.anovapeneira.gal\/wp-content\/uploads\/2020\/07\/xoel_Schwarz_lopez.jpg","type":"image\/jpeg"}],"author":"Marcos Santos","twitter_card":"summary_large_image","twitter_creator":"@APeneira","twitter_site":"@APeneira","twitter_misc":{"Escrito por":"Marcos Santos","Tempo de lectura":"5 minutos"},"schema":{"@context":"https:\/\/schema.org","@graph":[{"@type":"Article","@id":"https:\/\/www.anovapeneira.gal\/index.php\/2020\/07\/21\/xoel-schwarz-lopez\/#article","isPartOf":{"@id":"https:\/\/www.anovapeneira.gal\/index.php\/2020\/07\/21\/xoel-schwarz-lopez\/"},"author":{"name":"Marcos Santos","@id":"https:\/\/www.anovapeneira.gal\/#\/schema\/person\/d9d84823564720e7593293bab054e52d"},"headline":"Xoel Schwarz L\u00f3pez","datePublished":"2020-07-21T10:00:37+00:00","mainEntityOfPage":{"@id":"https:\/\/www.anovapeneira.gal\/index.php\/2020\/07\/21\/xoel-schwarz-lopez\/"},"wordCount":955,"commentCount":0,"publisher":{"@id":"https:\/\/www.anovapeneira.gal\/#organization"},"image":{"@id":"https:\/\/www.anovapeneira.gal\/index.php\/2020\/07\/21\/xoel-schwarz-lopez\/#primaryimage"},"thumbnailUrl":"https:\/\/www.anovapeneira.gal\/wp-content\/uploads\/2020\/07\/xoel_Schwarz_lopez.jpg","keywords":["Concello de Redondela","Pesca"],"articleSection":["Redondela"],"inLanguage":"gl-ES","potentialAction":[{"@type":"CommentAction","name":"Comment","target":["https:\/\/www.anovapeneira.gal\/index.php\/2020\/07\/21\/xoel-schwarz-lopez\/#respond"]}]},{"@type":"WebPage","@id":"https:\/\/www.anovapeneira.gal\/index.php\/2020\/07\/21\/xoel-schwarz-lopez\/","url":"https:\/\/www.anovapeneira.gal\/index.php\/2020\/07\/21\/xoel-schwarz-lopez\/","name":"Xoel Schwarz L\u00f3pez -","isPartOf":{"@id":"https:\/\/www.anovapeneira.gal\/#website"},"primaryImageOfPage":{"@id":"https:\/\/www.anovapeneira.gal\/index.php\/2020\/07\/21\/xoel-schwarz-lopez\/#primaryimage"},"image":{"@id":"https:\/\/www.anovapeneira.gal\/index.php\/2020\/07\/21\/xoel-schwarz-lopez\/#primaryimage"},"thumbnailUrl":"https:\/\/www.anovapeneira.gal\/wp-content\/uploads\/2020\/07\/xoel_Schwarz_lopez.jpg","datePublished":"2020-07-21T10:00:37+00:00","breadcrumb":{"@id":"https:\/\/www.anovapeneira.gal\/index.php\/2020\/07\/21\/xoel-schwarz-lopez\/#breadcrumb"},"inLanguage":"gl-ES","potentialAction":[{"@type":"ReadAction","target":["https:\/\/www.anovapeneira.gal\/index.php\/2020\/07\/21\/xoel-schwarz-lopez\/"]}]},{"@type":"ImageObject","inLanguage":"gl-ES","@id":"https:\/\/www.anovapeneira.gal\/index.php\/2020\/07\/21\/xoel-schwarz-lopez\/#primaryimage","url":"https:\/\/www.anovapeneira.gal\/wp-content\/uploads\/2020\/07\/xoel_Schwarz_lopez.jpg","contentUrl":"https:\/\/www.anovapeneira.gal\/wp-content\/uploads\/2020\/07\/xoel_Schwarz_lopez.jpg","width":720,"height":432,"caption":"Xool Schwarz L\u00f3pez A Nova Peneira"},{"@type":"BreadcrumbList","@id":"https:\/\/www.anovapeneira.gal\/index.php\/2020\/07\/21\/xoel-schwarz-lopez\/#breadcrumb","itemListElement":[{"@type":"ListItem","position":1,"name":"Portada","item":"https:\/\/www.anovapeneira.gal\/"},{"@type":"ListItem","position":2,"name":"Xoel Schwarz L\u00f3pez"}]},{"@type":"WebSite","@id":"https:\/\/www.anovapeneira.gal\/#website","url":"https:\/\/www.anovapeneira.gal\/","name":"","description":"Xornal galego de informaci\u00f3n xeral Publicaci\u00f3n mensual de novas de Galicia e en especial dos Concellos da sur da provincia de Pontevedra.","publisher":{"@id":"https:\/\/www.anovapeneira.gal\/#organization"},"potentialAction":[{"@type":"SearchAction","target":{"@type":"EntryPoint","urlTemplate":"https:\/\/www.anovapeneira.gal\/?s={search_term_string}"},"query-input":{"@type":"PropertyValueSpecification","valueRequired":true,"valueName":"search_term_string"}}],"inLanguage":"gl-ES"},{"@type":"Organization","@id":"https:\/\/www.anovapeneira.gal\/#organization","name":"A Nova Peneira","url":"https:\/\/www.anovapeneira.gal\/","logo":{"@type":"ImageObject","inLanguage":"gl-ES","@id":"https:\/\/www.anovapeneira.gal\/#\/schema\/logo\/image\/","url":"http:\/\/www.anovapeneira.gal\/wp-content\/uploads\/2019\/06\/logo_a_nova_peneira_portal_web.png","contentUrl":"http:\/\/www.anovapeneira.gal\/wp-content\/uploads\/2019\/06\/logo_a_nova_peneira_portal_web.png","width":300,"height":100,"caption":"A Nova Peneira"},"image":{"@id":"https:\/\/www.anovapeneira.gal\/#\/schema\/logo\/image\/"},"sameAs":["https:\/\/www.facebook.com\/anovapeneira","https:\/\/x.com\/APeneira"]},{"@type":"Person","@id":"https:\/\/www.anovapeneira.gal\/#\/schema\/person\/d9d84823564720e7593293bab054e52d","name":"Marcos Santos","image":{"@type":"ImageObject","inLanguage":"gl-ES","@id":"https:\/\/secure.gravatar.com\/avatar\/0e8017099a7a47c0a9d2275e865fe326484561eb3d70649069e4b8e61a8d2e8c?s=96&d=mm&r=g","url":"https:\/\/secure.gravatar.com\/avatar\/0e8017099a7a47c0a9d2275e865fe326484561eb3d70649069e4b8e61a8d2e8c?s=96&d=mm&r=g","contentUrl":"https:\/\/secure.gravatar.com\/avatar\/0e8017099a7a47c0a9d2275e865fe326484561eb3d70649069e4b8e61a8d2e8c?s=96&d=mm&r=g","caption":"Marcos Santos"},"sameAs":["http:\/\/anovapeneira.gal"],"url":"https:\/\/www.anovapeneira.gal\/index.php\/author\/marcos-santos\/"}]}},"jetpack_featured_media_url":"https:\/\/www.anovapeneira.gal\/wp-content\/uploads\/2020\/07\/xoel_Schwarz_lopez.jpg","_links":{"self":[{"href":"https:\/\/www.anovapeneira.gal\/index.php\/wp-json\/wp\/v2\/posts\/3551","targetHints":{"allow":["GET"]}}],"collection":[{"href":"https:\/\/www.anovapeneira.gal\/index.php\/wp-json\/wp\/v2\/posts"}],"about":[{"href":"https:\/\/www.anovapeneira.gal\/index.php\/wp-json\/wp\/v2\/types\/post"}],"author":[{"embeddable":true,"href":"https:\/\/www.anovapeneira.gal\/index.php\/wp-json\/wp\/v2\/users\/6"}],"replies":[{"embeddable":true,"href":"https:\/\/www.anovapeneira.gal\/index.php\/wp-json\/wp\/v2\/comments?post=3551"}],"version-history":[{"count":3,"href":"https:\/\/www.anovapeneira.gal\/index.php\/wp-json\/wp\/v2\/posts\/3551\/revisions"}],"predecessor-version":[{"id":3569,"href":"https:\/\/www.anovapeneira.gal\/index.php\/wp-json\/wp\/v2\/posts\/3551\/revisions\/3569"}],"wp:featuredmedia":[{"embeddable":true,"href":"https:\/\/www.anovapeneira.gal\/index.php\/wp-json\/wp\/v2\/media\/3552"}],"wp:attachment":[{"href":"https:\/\/www.anovapeneira.gal\/index.php\/wp-json\/wp\/v2\/media?parent=3551"}],"wp:term":[{"taxonomy":"category","embeddable":true,"href":"https:\/\/www.anovapeneira.gal\/index.php\/wp-json\/wp\/v2\/categories?post=3551"},{"taxonomy":"post_tag","embeddable":true,"href":"https:\/\/www.anovapeneira.gal\/index.php\/wp-json\/wp\/v2\/tags?post=3551"}],"curies":[{"name":"wp","href":"https:\/\/api.w.org\/{rel}","templated":true}]}}