{"id":3554,"date":"2020-07-22T10:00:52","date_gmt":"2020-07-22T08:00:52","guid":{"rendered":"http:\/\/www.anovapeneira.gal\/?p=3554"},"modified":"2020-07-21T09:49:23","modified_gmt":"2020-07-21T07:49:23","slug":"paciencia-paradise","status":"publish","type":"post","link":"https:\/\/www.anovapeneira.gal\/index.php\/2020\/07\/22\/paciencia-paradise\/","title":{"rendered":"Paciencia Paradise"},"content":{"rendered":"\n<figure class=\"wp-block-image size-large is-resized is-style-default\"><img loading=\"lazy\" decoding=\"async\" src=\"http:\/\/www.anovapeneira.gal\/wp-content\/uploads\/2019\/04\/marcos_santos_opinion_a_nova_peneira_bn.jpg\" alt=\"Marcos Santos Artigo opini\u00f3n a Nova Peneira\" class=\"wp-image-198\" width=\"95\" height=\"111\"\/><figcaption>Marcos Santos<\/figcaption><\/figure>\n\n\n\n<p><strong>Malia que eu son de Redondela e \u00e9 evidente que sinto unha vinculaci\u00f3n afectiva moi intensa coa vila que veu nacer a todos os meus devanceiros, creo que calquera observador imparcial pode percibir que o noso concello \u00e9 un inmenso oc\u00e9ano policrom\u00e1tico de expresi\u00f3ns culturais m\u00faltiples que, nin sequera a nefasta xesti\u00f3n cultural do anterior goberno municipal puido frear. Redondela \u00e9 pintura, m\u00fasica, literatura, lendas , escultura, debate &#8230;Redondela \u00e9 a etimolox\u00eda do concepto filosof\u00eda en toda a s\u00faa intensidade, Redondela \u00e9 ( a pesar do PP) amor \u00e1 sabidur\u00eda. Non haber\u00e1 nin unha soa expresi\u00f3n cultural e ou art\u00edstica do meu pobo que non pase polas nosas p\u00e1xinas. Hoxe conversamos con Gonzalo e Marcelo, dous dos compo\u00f1entes dun prometedor grupo de Rock, PACIENCIA PARADISE, venezolanos de nacemento e redondel\u00e1ns de adopci\u00f3n que nos contan a s\u00faa visi\u00f3n da vida cultural do noso pobo e as caracter\u00edsticas m\u00e1is importantes do seu conxunto musical<\/strong><\/p>\n\n\n\n<p><strong>Por que o nome?<\/strong><\/p>\n\n\n\n<blockquote class=\"wp-block-quote is-layout-flow wp-block-quote-is-layout-flow\"><p>Por que a paciencia \u00e9 a chave de todo \u00e9xito, foi o noso primeiro nome no ano 2.008,e o paradise engad\u00edmolo no 2.013 para darmos un plus m\u00e1is chamativo a algo tan importante nun grupo de m\u00fasica como o noso nome<\/p><\/blockquote>\n\n\n\n<p><strong>De onde sodes?<\/strong><\/p>\n\n\n\n<blockquote class=\"wp-block-quote is-layout-flow wp-block-quote-is-layout-flow\"><p>Nativos de Venezuela, e fillos adoptivos de Redondela, que nos acolleu de marabilla. Estamos moi agradecidos \u00e1 sociedade redondel\u00e1 polo ben que se portou con n\u00f3s.<\/p><\/blockquote>\n\n\n\n<p><strong>Cantas persoas compondes a banda?<\/strong><\/p>\n\n\n\n<blockquote class=\"wp-block-quote is-layout-flow wp-block-quote-is-layout-flow\"><p>Actualmente somos seis integrantes<\/p><\/blockquote>\n\n\n\n<p><strong>Que tipo de m\u00fasica practicades?<\/strong><\/p>\n\n\n\n<blockquote class=\"wp-block-quote is-layout-flow wp-block-quote-is-layout-flow\"><p>Somos un grupo de rock, que fusiona o ska e o reagge<\/p><\/blockquote>\n\n\n\n<p><strong>Pero tocades versi\u00f3ns, non?<\/strong><\/p>\n\n\n\n<blockquote class=\"wp-block-quote is-layout-flow wp-block-quote-is-layout-flow\"><p>Temos versi\u00f3ns, e tam\u00e9n canci\u00f3ns propias. De feito agora mesmo tocamos m\u00e1is temas propios ca versi\u00f3ns, estaremos arredor do 70\/30.Se n\u00f3s estamos desenvolvendo o noso traballo m\u00e1is na li\u00f1a de compo\u00f1er os nosos propios temas, en grande medida \u00e9 porque nos decatamos que en Galicia, nos ambientes culturais , en li\u00f1as xerais, val\u00f3rase m\u00e1is o propio que a versi\u00f3n<\/p><\/blockquote>\n\n\n\n<p><strong>Como valorades o contexto cultural de Redondela?<\/strong><\/p>\n\n\n\n<blockquote class=\"wp-block-quote is-layout-flow wp-block-quote-is-layout-flow\"><p>\u00c9 moi similar ao que existe na zona de Venezuela da que procedemos n\u00f3s, a zona do centro, \u00e9 poli crom\u00e1tico, diverso, amplo, fresco&#8230;.en definitiva \u00e9 enormemente atractivo. As grandes potencialidades culturais que ten Redondela \u00e9 un elemento m\u00e1is que contrib\u00fae a reforzar a nosa opini\u00f3n referente ao ben que estamos aqu\u00ed. En Redondela hai unha enorme canteira cultural de xente con moito talento, e o enorme tesouro que sup\u00f3n a s\u00faa ampla variedade de actividades culturais debe de permanecer no tempo porque iso \u00e9 a esencia do pobo<\/p><\/blockquote>\n\n\n\n<p><strong>Colaborastes no CD de ARTE LIXO verdade?<\/strong><\/p>\n\n\n\n<blockquote class=\"wp-block-quote is-layout-flow wp-block-quote-is-layout-flow\"><p>Si, para n\u00f3s foi unha honra colaborar xunto con outros 40 grupos con ese marabilloso colectivo. De Arte Lixo gustounos todo, ata a recuperaci\u00f3n do sitio no que se desenvolveu pareceunos especialmente atractiva. N\u00f3s chegamos a Redondela no ano 2.018, e o primeiro que vimos cando sa\u00edmos a pasear foi o ARTE LIXO polo que , como comprender\u00e1s, \u00e9 algo moi importante, tam\u00e9n desde un punto de vista simb\u00f3lico, para n\u00f3s<\/p><\/blockquote>\n\n\n\n<p><strong>V\u00f3s xa sodes uns choqueiros m\u00e1is, non s\u00f3 pasastes por Arte Lixo, sen\u00f3n tam\u00e9n por outras manifestaci\u00f3ns culturais, do noso pobo como Milho Verde ou Sinha Paca&#8230;?<\/strong><\/p>\n\n\n\n<blockquote class=\"wp-block-quote is-layout-flow wp-block-quote-is-layout-flow\"><p>Si a verdade \u00e9 que si. Tivemos tam\u00e9n actuaci\u00f3ns noutros sitios como na sala Salason de Cangas ou en Vigo, pero Redondela \u00e9 especial para n\u00f3s.<\/p><\/blockquote>\n\n\n\n<p><strong>O futuro inmediato?<\/strong><\/p>\n\n\n\n<blockquote class=\"wp-block-quote is-layout-flow wp-block-quote-is-layout-flow\"><p>Gravar un disco, estamos traballando moi forte e confiamos en poder telo en decembro<\/p><\/blockquote>\n\n\n\n<p><strong>Cantos temas?<\/strong><\/p>\n\n\n\n<blockquote class=\"wp-block-quote is-layout-flow wp-block-quote-is-layout-flow\"><p>Ter\u00e1 9 temas e a nosa idea \u00e9 facer unha presentaci\u00f3n p\u00fablica en Vigo e realizarmos unha ampla pol\u00edtica de difusi\u00f3n a trav\u00e9s das redes sociais<\/p><\/blockquote>\n\n\n\n<p><strong>Supo\u00f1o que xa estaredes nas redes?<\/strong><\/p>\n\n\n\n<blockquote class=\"wp-block-quote is-layout-flow wp-block-quote-is-layout-flow\"><p>Si, claro, estamos en facebook, instagram e you toube, al\u00ed xa nos poden co\u00f1ecer en profundidade<\/p><\/blockquote>\n","protected":false},"excerpt":{"rendered":"<div class=\"mh-excerpt\"><p>Malia que eu son de Redondela e \u00e9 evidente que sinto unha vinculaci\u00f3n afectiva moi intensa coa vila que veu nacer a todos os meus devanceiros, creo que calquera observador imparcial pode percibir que o noso concello \u00e9 un inmenso oc\u00e9ano policrom\u00e1tico de expresi\u00f3ns <a class=\"mh-excerpt-more\" href=\"https:\/\/www.anovapeneira.gal\/index.php\/2020\/07\/22\/paciencia-paradise\/\" title=\"Paciencia Paradise\">[&#8230;]<\/a><\/p>\n<\/div>","protected":false},"author":6,"featured_media":3556,"comment_status":"open","ping_status":"open","sticky":false,"template":"","format":"standard","meta":{"_exactmetrics_skip_tracking":false,"_exactmetrics_sitenote_active":false,"_exactmetrics_sitenote_note":"","_exactmetrics_sitenote_category":0,"footnotes":""},"categories":[270],"tags":[171,134,1152],"class_list":{"0":"post-3554","1":"post","2":"type-post","3":"status-publish","4":"format-standard","5":"has-post-thumbnail","7":"category-redondela-entrevistas","8":"tag-concello-de-redondela","9":"tag-musica","10":"tag-paciencia-paradise"},"yoast_head":"<!-- This site is optimized with the Yoast SEO plugin v27.4 - https:\/\/yoast.com\/product\/yoast-seo-wordpress\/ -->\n<title>Paciencia Paradise -<\/title>\n<meta name=\"robots\" content=\"index, follow, max-snippet:-1, max-image-preview:large, max-video-preview:-1\" \/>\n<link rel=\"canonical\" href=\"https:\/\/www.anovapeneira.gal\/index.php\/2020\/07\/22\/paciencia-paradise\/\" \/>\n<meta property=\"og:locale\" content=\"gl_ES\" \/>\n<meta property=\"og:type\" content=\"article\" \/>\n<meta property=\"og:title\" content=\"Paciencia Paradise -\" \/>\n<meta property=\"og:description\" content=\"Malia que eu son de Redondela e \u00e9 evidente que sinto unha vinculaci\u00f3n afectiva moi intensa coa vila que veu nacer a todos os meus devanceiros, creo que calquera observador imparcial pode percibir que o noso concello \u00e9 un inmenso oc\u00e9ano policrom\u00e1tico de expresi\u00f3ns [...]\" \/>\n<meta property=\"og:url\" content=\"https:\/\/www.anovapeneira.gal\/index.php\/2020\/07\/22\/paciencia-paradise\/\" \/>\n<meta property=\"article:publisher\" content=\"https:\/\/www.facebook.com\/anovapeneira\" \/>\n<meta property=\"article:published_time\" content=\"2020-07-22T08:00:52+00:00\" \/>\n<meta property=\"og:image\" content=\"https:\/\/www.anovapeneira.gal\/wp-content\/uploads\/2020\/07\/paciencia_paradise_a_nova_peneira.jpg\" \/>\n\t<meta property=\"og:image:width\" content=\"720\" \/>\n\t<meta property=\"og:image:height\" content=\"432\" \/>\n\t<meta property=\"og:image:type\" content=\"image\/jpeg\" \/>\n<meta name=\"author\" content=\"Marcos Santos\" \/>\n<meta name=\"twitter:card\" content=\"summary_large_image\" \/>\n<meta name=\"twitter:creator\" content=\"@APeneira\" \/>\n<meta name=\"twitter:site\" content=\"@APeneira\" \/>\n<meta name=\"twitter:label1\" content=\"Escrito por\" \/>\n\t<meta name=\"twitter:data1\" content=\"Marcos Santos\" \/>\n\t<meta name=\"twitter:label2\" content=\"Tempo de lectura\" \/>\n\t<meta name=\"twitter:data2\" content=\"3 minutos\" \/>\n<script type=\"application\/ld+json\" class=\"yoast-schema-graph\">{\"@context\":\"https:\\\/\\\/schema.org\",\"@graph\":[{\"@type\":\"Article\",\"@id\":\"https:\\\/\\\/www.anovapeneira.gal\\\/index.php\\\/2020\\\/07\\\/22\\\/paciencia-paradise\\\/#article\",\"isPartOf\":{\"@id\":\"https:\\\/\\\/www.anovapeneira.gal\\\/index.php\\\/2020\\\/07\\\/22\\\/paciencia-paradise\\\/\"},\"author\":{\"name\":\"Marcos Santos\",\"@id\":\"https:\\\/\\\/www.anovapeneira.gal\\\/#\\\/schema\\\/person\\\/d9d84823564720e7593293bab054e52d\"},\"headline\":\"Paciencia Paradise\",\"datePublished\":\"2020-07-22T08:00:52+00:00\",\"mainEntityOfPage\":{\"@id\":\"https:\\\/\\\/www.anovapeneira.gal\\\/index.php\\\/2020\\\/07\\\/22\\\/paciencia-paradise\\\/\"},\"wordCount\":659,\"commentCount\":0,\"publisher\":{\"@id\":\"https:\\\/\\\/www.anovapeneira.gal\\\/#organization\"},\"image\":{\"@id\":\"https:\\\/\\\/www.anovapeneira.gal\\\/index.php\\\/2020\\\/07\\\/22\\\/paciencia-paradise\\\/#primaryimage\"},\"thumbnailUrl\":\"https:\\\/\\\/www.anovapeneira.gal\\\/wp-content\\\/uploads\\\/2020\\\/07\\\/paciencia_paradise_a_nova_peneira.jpg\",\"keywords\":[\"Concello de Redondela\",\"M\u00fasica\",\"Paciencia Paradise\"],\"articleSection\":[\"Redondela\"],\"inLanguage\":\"gl-ES\",\"potentialAction\":[{\"@type\":\"CommentAction\",\"name\":\"Comment\",\"target\":[\"https:\\\/\\\/www.anovapeneira.gal\\\/index.php\\\/2020\\\/07\\\/22\\\/paciencia-paradise\\\/#respond\"]}]},{\"@type\":\"WebPage\",\"@id\":\"https:\\\/\\\/www.anovapeneira.gal\\\/index.php\\\/2020\\\/07\\\/22\\\/paciencia-paradise\\\/\",\"url\":\"https:\\\/\\\/www.anovapeneira.gal\\\/index.php\\\/2020\\\/07\\\/22\\\/paciencia-paradise\\\/\",\"name\":\"Paciencia Paradise -\",\"isPartOf\":{\"@id\":\"https:\\\/\\\/www.anovapeneira.gal\\\/#website\"},\"primaryImageOfPage\":{\"@id\":\"https:\\\/\\\/www.anovapeneira.gal\\\/index.php\\\/2020\\\/07\\\/22\\\/paciencia-paradise\\\/#primaryimage\"},\"image\":{\"@id\":\"https:\\\/\\\/www.anovapeneira.gal\\\/index.php\\\/2020\\\/07\\\/22\\\/paciencia-paradise\\\/#primaryimage\"},\"thumbnailUrl\":\"https:\\\/\\\/www.anovapeneira.gal\\\/wp-content\\\/uploads\\\/2020\\\/07\\\/paciencia_paradise_a_nova_peneira.jpg\",\"datePublished\":\"2020-07-22T08:00:52+00:00\",\"breadcrumb\":{\"@id\":\"https:\\\/\\\/www.anovapeneira.gal\\\/index.php\\\/2020\\\/07\\\/22\\\/paciencia-paradise\\\/#breadcrumb\"},\"inLanguage\":\"gl-ES\",\"potentialAction\":[{\"@type\":\"ReadAction\",\"target\":[\"https:\\\/\\\/www.anovapeneira.gal\\\/index.php\\\/2020\\\/07\\\/22\\\/paciencia-paradise\\\/\"]}]},{\"@type\":\"ImageObject\",\"inLanguage\":\"gl-ES\",\"@id\":\"https:\\\/\\\/www.anovapeneira.gal\\\/index.php\\\/2020\\\/07\\\/22\\\/paciencia-paradise\\\/#primaryimage\",\"url\":\"https:\\\/\\\/www.anovapeneira.gal\\\/wp-content\\\/uploads\\\/2020\\\/07\\\/paciencia_paradise_a_nova_peneira.jpg\",\"contentUrl\":\"https:\\\/\\\/www.anovapeneira.gal\\\/wp-content\\\/uploads\\\/2020\\\/07\\\/paciencia_paradise_a_nova_peneira.jpg\",\"width\":720,\"height\":432,\"caption\":\"Paciencia Paradise A Nova Peneira\"},{\"@type\":\"BreadcrumbList\",\"@id\":\"https:\\\/\\\/www.anovapeneira.gal\\\/index.php\\\/2020\\\/07\\\/22\\\/paciencia-paradise\\\/#breadcrumb\",\"itemListElement\":[{\"@type\":\"ListItem\",\"position\":1,\"name\":\"Portada\",\"item\":\"https:\\\/\\\/www.anovapeneira.gal\\\/\"},{\"@type\":\"ListItem\",\"position\":2,\"name\":\"Paciencia Paradise\"}]},{\"@type\":\"WebSite\",\"@id\":\"https:\\\/\\\/www.anovapeneira.gal\\\/#website\",\"url\":\"https:\\\/\\\/www.anovapeneira.gal\\\/\",\"name\":\"\",\"description\":\"Xornal galego de informaci\u00f3n xeral Publicaci\u00f3n mensual de novas de Galicia e en especial dos Concellos da sur da provincia de Pontevedra.\",\"publisher\":{\"@id\":\"https:\\\/\\\/www.anovapeneira.gal\\\/#organization\"},\"potentialAction\":[{\"@type\":\"SearchAction\",\"target\":{\"@type\":\"EntryPoint\",\"urlTemplate\":\"https:\\\/\\\/www.anovapeneira.gal\\\/?s={search_term_string}\"},\"query-input\":{\"@type\":\"PropertyValueSpecification\",\"valueRequired\":true,\"valueName\":\"search_term_string\"}}],\"inLanguage\":\"gl-ES\"},{\"@type\":\"Organization\",\"@id\":\"https:\\\/\\\/www.anovapeneira.gal\\\/#organization\",\"name\":\"A Nova Peneira\",\"url\":\"https:\\\/\\\/www.anovapeneira.gal\\\/\",\"logo\":{\"@type\":\"ImageObject\",\"inLanguage\":\"gl-ES\",\"@id\":\"https:\\\/\\\/www.anovapeneira.gal\\\/#\\\/schema\\\/logo\\\/image\\\/\",\"url\":\"http:\\\/\\\/www.anovapeneira.gal\\\/wp-content\\\/uploads\\\/2019\\\/06\\\/logo_a_nova_peneira_portal_web.png\",\"contentUrl\":\"http:\\\/\\\/www.anovapeneira.gal\\\/wp-content\\\/uploads\\\/2019\\\/06\\\/logo_a_nova_peneira_portal_web.png\",\"width\":300,\"height\":100,\"caption\":\"A Nova Peneira\"},\"image\":{\"@id\":\"https:\\\/\\\/www.anovapeneira.gal\\\/#\\\/schema\\\/logo\\\/image\\\/\"},\"sameAs\":[\"https:\\\/\\\/www.facebook.com\\\/anovapeneira\",\"https:\\\/\\\/x.com\\\/APeneira\"]},{\"@type\":\"Person\",\"@id\":\"https:\\\/\\\/www.anovapeneira.gal\\\/#\\\/schema\\\/person\\\/d9d84823564720e7593293bab054e52d\",\"name\":\"Marcos Santos\",\"image\":{\"@type\":\"ImageObject\",\"inLanguage\":\"gl-ES\",\"@id\":\"https:\\\/\\\/secure.gravatar.com\\\/avatar\\\/0e8017099a7a47c0a9d2275e865fe326484561eb3d70649069e4b8e61a8d2e8c?s=96&d=mm&r=g\",\"url\":\"https:\\\/\\\/secure.gravatar.com\\\/avatar\\\/0e8017099a7a47c0a9d2275e865fe326484561eb3d70649069e4b8e61a8d2e8c?s=96&d=mm&r=g\",\"contentUrl\":\"https:\\\/\\\/secure.gravatar.com\\\/avatar\\\/0e8017099a7a47c0a9d2275e865fe326484561eb3d70649069e4b8e61a8d2e8c?s=96&d=mm&r=g\",\"caption\":\"Marcos Santos\"},\"sameAs\":[\"http:\\\/\\\/anovapeneira.gal\"],\"url\":\"https:\\\/\\\/www.anovapeneira.gal\\\/index.php\\\/author\\\/marcos-santos\\\/\"}]}<\/script>\n<!-- \/ Yoast SEO plugin. -->","yoast_head_json":{"title":"Paciencia Paradise -","robots":{"index":"index","follow":"follow","max-snippet":"max-snippet:-1","max-image-preview":"max-image-preview:large","max-video-preview":"max-video-preview:-1"},"canonical":"https:\/\/www.anovapeneira.gal\/index.php\/2020\/07\/22\/paciencia-paradise\/","og_locale":"gl_ES","og_type":"article","og_title":"Paciencia Paradise -","og_description":"Malia que eu son de Redondela e \u00e9 evidente que sinto unha vinculaci\u00f3n afectiva moi intensa coa vila que veu nacer a todos os meus devanceiros, creo que calquera observador imparcial pode percibir que o noso concello \u00e9 un inmenso oc\u00e9ano policrom\u00e1tico de expresi\u00f3ns [...]","og_url":"https:\/\/www.anovapeneira.gal\/index.php\/2020\/07\/22\/paciencia-paradise\/","article_publisher":"https:\/\/www.facebook.com\/anovapeneira","article_published_time":"2020-07-22T08:00:52+00:00","og_image":[{"width":720,"height":432,"url":"https:\/\/www.anovapeneira.gal\/wp-content\/uploads\/2020\/07\/paciencia_paradise_a_nova_peneira.jpg","type":"image\/jpeg"}],"author":"Marcos Santos","twitter_card":"summary_large_image","twitter_creator":"@APeneira","twitter_site":"@APeneira","twitter_misc":{"Escrito por":"Marcos Santos","Tempo de lectura":"3 minutos"},"schema":{"@context":"https:\/\/schema.org","@graph":[{"@type":"Article","@id":"https:\/\/www.anovapeneira.gal\/index.php\/2020\/07\/22\/paciencia-paradise\/#article","isPartOf":{"@id":"https:\/\/www.anovapeneira.gal\/index.php\/2020\/07\/22\/paciencia-paradise\/"},"author":{"name":"Marcos Santos","@id":"https:\/\/www.anovapeneira.gal\/#\/schema\/person\/d9d84823564720e7593293bab054e52d"},"headline":"Paciencia Paradise","datePublished":"2020-07-22T08:00:52+00:00","mainEntityOfPage":{"@id":"https:\/\/www.anovapeneira.gal\/index.php\/2020\/07\/22\/paciencia-paradise\/"},"wordCount":659,"commentCount":0,"publisher":{"@id":"https:\/\/www.anovapeneira.gal\/#organization"},"image":{"@id":"https:\/\/www.anovapeneira.gal\/index.php\/2020\/07\/22\/paciencia-paradise\/#primaryimage"},"thumbnailUrl":"https:\/\/www.anovapeneira.gal\/wp-content\/uploads\/2020\/07\/paciencia_paradise_a_nova_peneira.jpg","keywords":["Concello de Redondela","M\u00fasica","Paciencia Paradise"],"articleSection":["Redondela"],"inLanguage":"gl-ES","potentialAction":[{"@type":"CommentAction","name":"Comment","target":["https:\/\/www.anovapeneira.gal\/index.php\/2020\/07\/22\/paciencia-paradise\/#respond"]}]},{"@type":"WebPage","@id":"https:\/\/www.anovapeneira.gal\/index.php\/2020\/07\/22\/paciencia-paradise\/","url":"https:\/\/www.anovapeneira.gal\/index.php\/2020\/07\/22\/paciencia-paradise\/","name":"Paciencia Paradise -","isPartOf":{"@id":"https:\/\/www.anovapeneira.gal\/#website"},"primaryImageOfPage":{"@id":"https:\/\/www.anovapeneira.gal\/index.php\/2020\/07\/22\/paciencia-paradise\/#primaryimage"},"image":{"@id":"https:\/\/www.anovapeneira.gal\/index.php\/2020\/07\/22\/paciencia-paradise\/#primaryimage"},"thumbnailUrl":"https:\/\/www.anovapeneira.gal\/wp-content\/uploads\/2020\/07\/paciencia_paradise_a_nova_peneira.jpg","datePublished":"2020-07-22T08:00:52+00:00","breadcrumb":{"@id":"https:\/\/www.anovapeneira.gal\/index.php\/2020\/07\/22\/paciencia-paradise\/#breadcrumb"},"inLanguage":"gl-ES","potentialAction":[{"@type":"ReadAction","target":["https:\/\/www.anovapeneira.gal\/index.php\/2020\/07\/22\/paciencia-paradise\/"]}]},{"@type":"ImageObject","inLanguage":"gl-ES","@id":"https:\/\/www.anovapeneira.gal\/index.php\/2020\/07\/22\/paciencia-paradise\/#primaryimage","url":"https:\/\/www.anovapeneira.gal\/wp-content\/uploads\/2020\/07\/paciencia_paradise_a_nova_peneira.jpg","contentUrl":"https:\/\/www.anovapeneira.gal\/wp-content\/uploads\/2020\/07\/paciencia_paradise_a_nova_peneira.jpg","width":720,"height":432,"caption":"Paciencia Paradise A Nova Peneira"},{"@type":"BreadcrumbList","@id":"https:\/\/www.anovapeneira.gal\/index.php\/2020\/07\/22\/paciencia-paradise\/#breadcrumb","itemListElement":[{"@type":"ListItem","position":1,"name":"Portada","item":"https:\/\/www.anovapeneira.gal\/"},{"@type":"ListItem","position":2,"name":"Paciencia Paradise"}]},{"@type":"WebSite","@id":"https:\/\/www.anovapeneira.gal\/#website","url":"https:\/\/www.anovapeneira.gal\/","name":"","description":"Xornal galego de informaci\u00f3n xeral Publicaci\u00f3n mensual de novas de Galicia e en especial dos Concellos da sur da provincia de Pontevedra.","publisher":{"@id":"https:\/\/www.anovapeneira.gal\/#organization"},"potentialAction":[{"@type":"SearchAction","target":{"@type":"EntryPoint","urlTemplate":"https:\/\/www.anovapeneira.gal\/?s={search_term_string}"},"query-input":{"@type":"PropertyValueSpecification","valueRequired":true,"valueName":"search_term_string"}}],"inLanguage":"gl-ES"},{"@type":"Organization","@id":"https:\/\/www.anovapeneira.gal\/#organization","name":"A Nova Peneira","url":"https:\/\/www.anovapeneira.gal\/","logo":{"@type":"ImageObject","inLanguage":"gl-ES","@id":"https:\/\/www.anovapeneira.gal\/#\/schema\/logo\/image\/","url":"http:\/\/www.anovapeneira.gal\/wp-content\/uploads\/2019\/06\/logo_a_nova_peneira_portal_web.png","contentUrl":"http:\/\/www.anovapeneira.gal\/wp-content\/uploads\/2019\/06\/logo_a_nova_peneira_portal_web.png","width":300,"height":100,"caption":"A Nova Peneira"},"image":{"@id":"https:\/\/www.anovapeneira.gal\/#\/schema\/logo\/image\/"},"sameAs":["https:\/\/www.facebook.com\/anovapeneira","https:\/\/x.com\/APeneira"]},{"@type":"Person","@id":"https:\/\/www.anovapeneira.gal\/#\/schema\/person\/d9d84823564720e7593293bab054e52d","name":"Marcos Santos","image":{"@type":"ImageObject","inLanguage":"gl-ES","@id":"https:\/\/secure.gravatar.com\/avatar\/0e8017099a7a47c0a9d2275e865fe326484561eb3d70649069e4b8e61a8d2e8c?s=96&d=mm&r=g","url":"https:\/\/secure.gravatar.com\/avatar\/0e8017099a7a47c0a9d2275e865fe326484561eb3d70649069e4b8e61a8d2e8c?s=96&d=mm&r=g","contentUrl":"https:\/\/secure.gravatar.com\/avatar\/0e8017099a7a47c0a9d2275e865fe326484561eb3d70649069e4b8e61a8d2e8c?s=96&d=mm&r=g","caption":"Marcos Santos"},"sameAs":["http:\/\/anovapeneira.gal"],"url":"https:\/\/www.anovapeneira.gal\/index.php\/author\/marcos-santos\/"}]}},"jetpack_featured_media_url":"https:\/\/www.anovapeneira.gal\/wp-content\/uploads\/2020\/07\/paciencia_paradise_a_nova_peneira.jpg","_links":{"self":[{"href":"https:\/\/www.anovapeneira.gal\/index.php\/wp-json\/wp\/v2\/posts\/3554","targetHints":{"allow":["GET"]}}],"collection":[{"href":"https:\/\/www.anovapeneira.gal\/index.php\/wp-json\/wp\/v2\/posts"}],"about":[{"href":"https:\/\/www.anovapeneira.gal\/index.php\/wp-json\/wp\/v2\/types\/post"}],"author":[{"embeddable":true,"href":"https:\/\/www.anovapeneira.gal\/index.php\/wp-json\/wp\/v2\/users\/6"}],"replies":[{"embeddable":true,"href":"https:\/\/www.anovapeneira.gal\/index.php\/wp-json\/wp\/v2\/comments?post=3554"}],"version-history":[{"count":5,"href":"https:\/\/www.anovapeneira.gal\/index.php\/wp-json\/wp\/v2\/posts\/3554\/revisions"}],"predecessor-version":[{"id":3567,"href":"https:\/\/www.anovapeneira.gal\/index.php\/wp-json\/wp\/v2\/posts\/3554\/revisions\/3567"}],"wp:featuredmedia":[{"embeddable":true,"href":"https:\/\/www.anovapeneira.gal\/index.php\/wp-json\/wp\/v2\/media\/3556"}],"wp:attachment":[{"href":"https:\/\/www.anovapeneira.gal\/index.php\/wp-json\/wp\/v2\/media?parent=3554"}],"wp:term":[{"taxonomy":"category","embeddable":true,"href":"https:\/\/www.anovapeneira.gal\/index.php\/wp-json\/wp\/v2\/categories?post=3554"},{"taxonomy":"post_tag","embeddable":true,"href":"https:\/\/www.anovapeneira.gal\/index.php\/wp-json\/wp\/v2\/tags?post=3554"}],"curies":[{"name":"wp","href":"https:\/\/api.w.org\/{rel}","templated":true}]}}