{"id":3572,"date":"2020-07-23T12:00:12","date_gmt":"2020-07-23T10:00:12","guid":{"rendered":"http:\/\/www.anovapeneira.gal\/?p=3572"},"modified":"2020-07-21T20:49:42","modified_gmt":"2020-07-21T18:49:42","slug":"carlos-rodriguez-saxa-crego-de-reboreda","status":"publish","type":"post","link":"https:\/\/www.anovapeneira.gal\/index.php\/2020\/07\/23\/carlos-rodriguez-saxa-crego-de-reboreda\/","title":{"rendered":"Carlos Rodr\u00edguez \u201cSAXA\u201d Crego de Reboreda"},"content":{"rendered":"\n<h2 class=\"wp-block-heading\"><strong>Carlos \u00e9 o crego de Reboreda, e \u00e9 un home culto, sensible \u00e1 dor allea, razoable, e un excelente conversador. Foi un pracer ter seguido o consello do noso bo amigo Andr\u00e9s Cou\u00f1ago e co\u00f1ecelo. Vela\u00ed vai o que deu de si a nosa extensa conversa<\/strong><\/h2>\n\n\n\n<p>\u201c<strong>Moitas das pr\u00e1cticas relixiosas da Galicia de hoxe son priscilianistas\u201d<\/strong><\/p>\n\n\n\n<p><strong>A que ven o teu alcume de Saxa?<\/strong><\/p>\n\n\n\n<blockquote class=\"wp-block-quote is-layout-flow wp-block-quote-is-layout-flow\"><p>\u00c9 polo sitio onde nac\u00edn. Eu son de Saxamonde. O alcume xa mo puxeron no seminario<\/p><\/blockquote>\n\n\n\n<p><strong>Neste pa\u00eds, a importancia da parroquia na conformaci\u00f3n da s\u00faa identidade colectiva \u00e9 moi elevada, creo eu. Ti de onde te sentes?<\/strong><\/p>\n\n\n\n<blockquote class=\"wp-block-quote is-layout-flow wp-block-quote-is-layout-flow\"><p>Coincido contigo, de feito non \u00e9 que me sinta \u00e9 que eu son de Saxamonde<\/p><\/blockquote>\n\n\n\n<p><strong>Cando e por que agromou en ti a vocaci\u00f3n relixiosa?<\/strong><\/p>\n\n\n\n<blockquote class=\"wp-block-quote is-layout-flow wp-block-quote-is-layout-flow\"><p>O meu av\u00f3 traballaba no seminario<\/p><\/blockquote>\n\n\n\n<p><strong>Non ser\u00eda cura?<\/strong><\/p>\n\n\n\n<blockquote class=\"wp-block-quote is-layout-flow wp-block-quote-is-layout-flow\"><p>Ha, ha, ha. Non, era coci\u00f1eiro<\/p><\/blockquote>\n\n\n\n<p><strong>Ben, tampouco ser\u00eda tan estra\u00f1o. Casualmente a semana pasada cont\u00e1ronme un caso dun crego de cuxo nome non quero lembrarme que ti\u00f1a un neto xogando nun equipo de f\u00fatbol<\/strong><\/p>\n\n\n\n<blockquote class=\"wp-block-quote is-layout-flow wp-block-quote-is-layout-flow\"><p>Non creo que fose o seu neto, supo\u00f1o que ser\u00eda o seu sobri\u00f1o<\/p><\/blockquote>\n\n\n\n<p><strong>Ha ha ha ha ha ha ha ha .Ben, sigamos coa t\u00faa historia<\/strong><\/p>\n\n\n\n<blockquote class=\"wp-block-quote is-layout-flow wp-block-quote-is-layout-flow\"><p>Como che dixen o meu av\u00f3 era coci\u00f1eiro de Seminario de Tui, e tam\u00e9n tiven dous t\u00edos traballando al\u00ed. Un deles chegou a ser o chofer do bispo. Asemade tiven un primo meu que pasou por al\u00ed e finalmente en 8\u00ba de EXB acabei chegando eu<\/p><\/blockquote>\n\n\n\n<p><strong>Pero, supo\u00f1o que con 13 anos, un neno non decide que quere ser sacerdote?<\/strong><\/p>\n\n\n\n<blockquote class=\"wp-block-quote is-layout-flow wp-block-quote-is-layout-flow\"><p>Non, indubidablemente que non. Eu son de familia moi humilde, e naqueles tempos o seminario a\u00ednda se observaba como unha posible sa\u00edda<\/p><\/blockquote>\n\n\n\n<p><strong>No teu caso cando descobres a vocaci\u00f3n?<\/strong><\/p>\n\n\n\n<blockquote class=\"wp-block-quote is-layout-flow wp-block-quote-is-layout-flow\"><p>Eu creo que no Seminario Maior cando estudei filosof\u00eda e teolox\u00eda<\/p><\/blockquote>\n\n\n\n<p><strong>Cales foron as t\u00faas primeiras parroquias?<\/strong><\/p>\n\n\n\n<blockquote class=\"wp-block-quote is-layout-flow wp-block-quote-is-layout-flow\"><p>Sabax\u00e1ns , Santa Mari\u00f1a de Covelo, Para\u00f1os<\/p><\/blockquote>\n\n\n\n<p><strong>Houbo unha \u00e9poca na mi\u00f1a vida que a casualidade fixo que me tivera que mergullar no mundo da teolox\u00eda, e seguramente ser\u00eda incapacidade mi\u00f1a, ou ate\u00edsmo militante que me escurece o entendemento Carlos, pero cheguei a conclu\u00edr que as d\u00faas disciplinas que ti estudaches, a filosof\u00eda e a teolox\u00eda, non pod\u00edan ser compatibles, que a unha anulaba \u00e1 outra e viceversa. Que pensas?<\/strong><\/p>\n\n\n\n<blockquote class=\"wp-block-quote is-layout-flow wp-block-quote-is-layout-flow\"><p>Eu non concordo coa t\u00faa opini\u00f3n, considero que son terreos diferentes e perfectamente compatibles. A funci\u00f3n da filosof\u00eda \u00e9 , basicamente, facer preguntas<\/p><\/blockquote>\n\n\n\n<p><strong>E a Teolox\u00eda ofrece respostas?<\/strong><\/p>\n\n\n\n<blockquote class=\"wp-block-quote is-layout-flow wp-block-quote-is-layout-flow\"><p>A Teolox\u00eda ofrece unha soa resposta. No fondo hai dous principios fundamentais, ou ben un acepta que a vida est\u00e1 desde sempre aqu\u00ed transform\u00e1ndose en metamorfoses continuas, ou ben consideras a existencia dun Deus creador<\/p><\/blockquote>\n\n\n\n<p><strong>Ti cres na existencia dun Deus creador, ou queres crelo?<\/strong><\/p>\n\n\n\n<blockquote class=\"wp-block-quote is-layout-flow wp-block-quote-is-layout-flow\"><p>Seguramente estea na mesma posici\u00f3n ca Unamuno<\/p><\/blockquote>\n\n\n\n<p><strong>Desco\u00f1\u00e9zoa<\/strong><\/p>\n\n\n\n<blockquote class=\"wp-block-quote is-layout-flow wp-block-quote-is-layout-flow\"><p>Esa loita ag\u00f3nica de crer crelo, cr\u00e9ndoo<\/p><\/blockquote>\n\n\n\n<p><strong>Caramba, e esa tesitura non che provoca angustia existencial?<\/strong><\/p>\n\n\n\n<blockquote class=\"wp-block-quote is-layout-flow wp-block-quote-is-layout-flow\"><p>Si claro, desde logo que a provoca<\/p><\/blockquote>\n\n\n\n<p><strong>Onde estudaches filosof\u00eda?<\/strong><\/p>\n\n\n\n<blockquote class=\"wp-block-quote is-layout-flow wp-block-quote-is-layout-flow\"><p>En Salamanca, fixen a licenciatura en dous anos<\/p><\/blockquote>\n\n\n\n<p><strong>Vaia, impresionante, pero non ser\u00eda unha licenciatura como a de Pablo Casado?<\/strong><\/p>\n\n\n\n<blockquote class=\"wp-block-quote is-layout-flow wp-block-quote-is-layout-flow\"><p>Non, claro que non. Eu fixen a Tesi\u00f1a sobre Mar\u00eda Zambrano e a tese doutoral tam\u00e9n. De feito cheguei a traballar como profesor na mesma universidade de Salamanca<\/p><\/blockquote>\n\n\n\n<p><strong>Cantos anos levas de crego?<\/strong><\/p>\n\n\n\n<blockquote class=\"wp-block-quote is-layout-flow wp-block-quote-is-layout-flow\"><p>Comecei en 1.991<\/p><\/blockquote>\n\n\n\n<p><strong>Tes sona de ser un sacerdote activista?<\/strong><\/p>\n\n\n\n<blockquote class=\"wp-block-quote is-layout-flow wp-block-quote-is-layout-flow\"><p>Ben, pois non saber\u00eda dicirche se \u00e9 unha sona xustificada. Certo activismo socio pol\u00edtico si que te\u00f1o desenvolvido<\/p><\/blockquote>\n\n\n\n<p><strong>Por exemplo?<\/strong><\/p>\n\n\n\n<blockquote class=\"wp-block-quote is-layout-flow wp-block-quote-is-layout-flow\"><p>Pois recordo ter participado en Para\u00f1os, na creaci\u00f3n dunha AVV , con certos problemas co Concello por certo<\/p><\/blockquote>\n\n\n\n<p><strong>Para\u00f1os est\u00e1 en Covelo, supo\u00f1o que o alcalde co que tivestes tensi\u00f3n ser\u00eda o eterno Pepe Costas?<\/strong><\/p>\n\n\n\n<blockquote class=\"wp-block-quote is-layout-flow wp-block-quote-is-layout-flow\"><p>O mesmo<\/p><\/blockquote>\n\n\n\n<p><strong>Pepe, ao meu xu\u00edzo claro, ti\u00f1a unha forma de gobernar moi caracter\u00edstica en moitos concellos da Galicia profunda, e moi vencellada con caciquismo end\u00e9mico que leva padecendo o noso pa\u00eds desde a noite dos tempos. Ese modus operandi, telo observado durante o exercicio do teu sacerdocio?<\/strong><\/p>\n\n\n\n<blockquote class=\"wp-block-quote is-layout-flow wp-block-quote-is-layout-flow\"><p>Si, obs\u00e9rvase sobre todo nesas vacas sagradas que foron alcaldes desde o inicio dos tempo<\/p><\/blockquote>\n\n\n\n<p><strong>Nas terras do Val da Louri\u00f1a tam\u00e9n exerciches verdade?<\/strong><\/p>\n\n\n\n<blockquote class=\"wp-block-quote is-layout-flow wp-block-quote-is-layout-flow\"><p>Si, nas parroquias de Petelos e de Sangui\u00f1eda<\/p><\/blockquote>\n\n\n\n<p><strong>No corpus te\u00f3rico do cristianismo existen santas e santos, iso non \u00e9 unha cristianizaci\u00f3n do politeismo?<\/strong><\/p>\n\n\n\n<blockquote class=\"wp-block-quote is-layout-flow wp-block-quote-is-layout-flow\"><p>Non, non o \u00e9. Nos seus inicios os cristi\u00e1ns non sab\u00edan moi ben onde situarse pois non eran nin xudeus nin politeistas e ese problema de identidade levounos a verdadeiras desfeitas culturais<\/p><\/blockquote>\n\n\n\n<p><strong>O proceso de cristianizaci\u00f3n de Galicia \u00e9 peculiar verdade<\/strong>?<\/p>\n\n\n\n<blockquote class=\"wp-block-quote is-layout-flow wp-block-quote-is-layout-flow\"><p>Abof\u00e9 que o \u00e9. Aqu\u00ed seguimos a manter o nome primixenio das parroquias, e o \u00fanico que se fai para cristianizalas \u00e9 engadir un xenitivo. Asemade en Galicia, moitas das pr\u00e1cticas relixiosas de hoxe en d\u00eda son priscilianistas<\/p><\/blockquote>\n\n\n\n<p><strong>Por exemplo?<\/strong><\/p>\n\n\n\n<blockquote class=\"wp-block-quote is-layout-flow wp-block-quote-is-layout-flow\"><p>A forma de practicar o culto aos mortos, entend\u00e9ndoos como parte da parroquia, s\u00f3 se d\u00e1 aqu\u00ed.<\/p><\/blockquote>\n\n\n\n<p><strong>Prisciliano \u00e9 quen est\u00e1 enterrado na catedral de Santiago como se fose o ap\u00f3stolo?<\/strong><\/p>\n\n\n\n<blockquote class=\"wp-block-quote is-layout-flow wp-block-quote-is-layout-flow\"><p>Non che vou a dicir que non<\/p><\/blockquote>\n\n\n\n<p><strong>Supo\u00f1o Carlos que ti non creras no asunto ese da barca de Pedra que veu de Palestina?<\/strong><\/p>\n\n\n\n<blockquote class=\"wp-block-quote is-layout-flow wp-block-quote-is-layout-flow\"><p>Non home, claro que non.<\/p><\/blockquote>\n\n\n\n<p><strong>Eu creo Carlos que se existise Deus, non far\u00eda categorizaci\u00f3ns morais en funci\u00f3n das posici\u00f3ns intelectuais. Ti que opinas?<\/strong><\/p>\n\n\n\n<blockquote class=\"wp-block-quote is-layout-flow wp-block-quote-is-layout-flow\"><p>Estou seguro de que non as fai. Iso por desgraza fac\u00e9molo as persoas. Incluso condenar no nome de. As persoas med\u00edmonos exclusivamente polos nosos comportamento, e o que n\u00f3s facemos \u00e9 o \u00fanico que \u00e9 correcto valorar<\/p><\/blockquote>\n\n\n\n<p><strong>Ti sempre deches a eucarist\u00eda en galego, tiveches algunha vez problemas por facelo as\u00ed?<\/strong><\/p>\n\n\n\n<blockquote class=\"wp-block-quote is-layout-flow wp-block-quote-is-layout-flow\"><p>Non, nunca xamais, nin con ning\u00fan fregu\u00e9s, nin con ning\u00fan superior<\/p><\/blockquote>\n\n\n\n<p><strong>Cando a evidencia indica que a morte f\u00edsica dun ser querido est\u00e1 pr\u00f3xima, como se lle pode dar consolo moral?<\/strong><\/p>\n\n\n\n<blockquote class=\"wp-block-quote is-layout-flow wp-block-quote-is-layout-flow\"><p>Esa \u00e9 unha pregunta de moi dif\u00edcil resposta, a dor e o sufrimento \u00e9 algo moi complicado de explicar. \u00c9 realmente incomprensible \u00e1s veces como a vida pode chegar a ser tan inxusta e terrible<\/p><\/blockquote>\n\n\n\n<p><strong>Eu te\u00f1o debatido m\u00e1is dalgunha vez con alg\u00fan cristi\u00e1n sobre ese tipo de espantosas realidades e o que me aducen \u00e9 o \u201clibre albedr\u00edo\u201d<\/strong><\/p>\n\n\n\n<blockquote class=\"wp-block-quote is-layout-flow wp-block-quote-is-layout-flow\"><p>O libre albedr\u00edo non \u00e9 suficiente para explicar o mal e a dor .O mal \u00e9 inexplicable<\/p><\/blockquote>\n\n\n\n<p><strong>Lembras aquela fotograf\u00eda de Ernesto Cardenal axeonllado diante de Xo\u00e1n Paulo II?<\/strong><\/p>\n\n\n\n<blockquote class=\"wp-block-quote is-layout-flow wp-block-quote-is-layout-flow\"><p>Si, l\u00e9mbroa claro que si<\/p><\/blockquote>\n\n\n\n<p><strong>E que opinas?<\/strong><\/p>\n\n\n\n<blockquote class=\"wp-block-quote is-layout-flow wp-block-quote-is-layout-flow\"><p>Eu tiven a sorte de ter profesores que me marcaron unha li\u00f1a liberadora, non opresiva nin opresora como \u00e9 o caso desa foto no que o Pont\u00edfice M\u00e1ximo, a modo de emperador, est\u00e1 reprendendo a un s\u00fabdito. As cousas afortunadamente est\u00e1n mudando<\/p><\/blockquote>\n\n\n\n<p><strong>En serio?<\/strong><\/p>\n\n\n\n<blockquote class=\"wp-block-quote is-layout-flow wp-block-quote-is-layout-flow\"><p>Est\u00e1n mudando a nivel formal, pero cambios estruturais non hai. Eu creo que o Vaticano \u00e9 unha forza de poder terrible<\/p><\/blockquote>\n\n\n\n<p><strong>Viches as 3 partes da pel\u00edcula \u201cO padri\u00f1o\u201d?<\/strong><\/p>\n\n\n\n<blockquote class=\"wp-block-quote is-layout-flow wp-block-quote-is-layout-flow\"><p>Si<\/p><\/blockquote>\n\n\n\n<p><strong>A representaci\u00f3n que se fai nesa pel\u00edcula do Vaticano como unha estrutura mafiosa sen ning\u00fan tipo de escr\u00fapulo moral incluso para asasinar, responder\u00e1 \u00e1 realidade?<\/strong><\/p>\n\n\n\n<blockquote class=\"wp-block-quote is-layout-flow wp-block-quote-is-layout-flow\"><p>Agardo que sexa unha esaxeraci\u00f3n malia que existen relaci\u00f3ns de poder dentro do Vaticano, eu creo que si \u00e9 certo.<\/p><\/blockquote>\n\n\n\n<p><strong>A divisi\u00f3n entre os cristi\u00e1ns cat\u00f3licos e os ortodoxos \u00e9 pol\u00edtica?<\/strong><\/p>\n\n\n\n<blockquote class=\"wp-block-quote is-layout-flow wp-block-quote-is-layout-flow\"><p>E a dos luteranos tam\u00e9n, incluso m\u00e1is. D\u00e1te de conta de que a igrexa recolle todas as estruturas incluso as terminol\u00f3xicas do imperio romano<\/p><\/blockquote>\n\n\n\n<p><strong>Rematamos Carlos agradec\u00e9ndoche este rato tan agradable e cunha pregunta complicada: A consideraci\u00f3n da existencia dun ente volitivo metaf\u00edsico como creador das cousas f\u00edsicas perdurar\u00e1 ao longo de toda a historia da humanidade, ou corre o risco de ser algunha vez cousa do pasado?<\/strong><\/p>\n\n\n\n<blockquote class=\"wp-block-quote is-layout-flow wp-block-quote-is-layout-flow\"><p>Ten que haber un Deus persoal. Ogall\u00e1 que algunha vez o ser humano comece a pensar no ben colectivo, iso si que ser\u00eda unha revoluci\u00f3n substancial na historia da humanidade<\/p><\/blockquote>\n","protected":false},"excerpt":{"rendered":"<div class=\"mh-excerpt\"><p>Carlos \u00e9 o crego de Reboreda, e \u00e9 un home culto, sensible \u00e1 dor allea, razoable, e un excelente conversador <a class=\"mh-excerpt-more\" href=\"https:\/\/www.anovapeneira.gal\/index.php\/2020\/07\/23\/carlos-rodriguez-saxa-crego-de-reboreda\/\" title=\"Carlos Rodr\u00edguez \u201cSAXA\u201d Crego de Reboreda\">[&#8230;]<\/a><\/p>\n<\/div>","protected":false},"author":3,"featured_media":3574,"comment_status":"open","ping_status":"open","sticky":false,"template":"","format":"standard","meta":{"_exactmetrics_skip_tracking":false,"_exactmetrics_sitenote_active":false,"_exactmetrics_sitenote_note":"","_exactmetrics_sitenote_category":0,"footnotes":""},"categories":[270,1],"tags":[171,1155,1154,1156],"class_list":{"0":"post-3572","1":"post","2":"type-post","3":"status-publish","4":"format-standard","5":"has-post-thumbnail","7":"category-redondela-entrevistas","8":"category-sin-categoria","9":"tag-concello-de-redondela","10":"tag-creo-de-reboreda","11":"tag-reboreda","12":"tag-saxa"},"yoast_head":"<!-- This site is optimized with the Yoast SEO plugin v27.4 - https:\/\/yoast.com\/product\/yoast-seo-wordpress\/ -->\n<title>Carlos Rodr\u00edguez \u201cSAXA\u201d Crego de Reboreda -<\/title>\n<meta name=\"robots\" content=\"index, follow, max-snippet:-1, max-image-preview:large, max-video-preview:-1\" \/>\n<link rel=\"canonical\" href=\"https:\/\/www.anovapeneira.gal\/index.php\/2020\/07\/23\/carlos-rodriguez-saxa-crego-de-reboreda\/\" \/>\n<meta property=\"og:locale\" content=\"gl_ES\" \/>\n<meta property=\"og:type\" content=\"article\" \/>\n<meta property=\"og:title\" content=\"Carlos Rodr\u00edguez \u201cSAXA\u201d Crego de Reboreda -\" \/>\n<meta property=\"og:description\" content=\"Carlos \u00e9 o crego de Reboreda, e \u00e9 un home culto, sensible \u00e1 dor allea, razoable, e un excelente conversador [...]\" \/>\n<meta property=\"og:url\" content=\"https:\/\/www.anovapeneira.gal\/index.php\/2020\/07\/23\/carlos-rodriguez-saxa-crego-de-reboreda\/\" \/>\n<meta property=\"article:publisher\" content=\"https:\/\/www.facebook.com\/anovapeneira\" \/>\n<meta property=\"article:published_time\" content=\"2020-07-23T10:00:12+00:00\" \/>\n<meta property=\"og:image\" content=\"https:\/\/www.anovapeneira.gal\/wp-content\/uploads\/2020\/07\/crego_de_reboreda_a_nova_peneira.jpg\" \/>\n\t<meta property=\"og:image:width\" content=\"720\" \/>\n\t<meta property=\"og:image:height\" content=\"432\" \/>\n\t<meta property=\"og:image:type\" content=\"image\/jpeg\" \/>\n<meta name=\"author\" content=\"Redacci\u00f3n A Nova Peneira\" \/>\n<meta name=\"twitter:card\" content=\"summary_large_image\" \/>\n<meta name=\"twitter:creator\" content=\"@APeneira\" \/>\n<meta name=\"twitter:site\" content=\"@APeneira\" \/>\n<meta name=\"twitter:label1\" content=\"Escrito por\" \/>\n\t<meta name=\"twitter:data1\" content=\"Redacci\u00f3n A Nova Peneira\" \/>\n\t<meta name=\"twitter:label2\" content=\"Tempo de lectura\" \/>\n\t<meta name=\"twitter:data2\" content=\"7 minutos\" \/>\n<script type=\"application\/ld+json\" class=\"yoast-schema-graph\">{\"@context\":\"https:\\\/\\\/schema.org\",\"@graph\":[{\"@type\":\"Article\",\"@id\":\"https:\\\/\\\/www.anovapeneira.gal\\\/index.php\\\/2020\\\/07\\\/23\\\/carlos-rodriguez-saxa-crego-de-reboreda\\\/#article\",\"isPartOf\":{\"@id\":\"https:\\\/\\\/www.anovapeneira.gal\\\/index.php\\\/2020\\\/07\\\/23\\\/carlos-rodriguez-saxa-crego-de-reboreda\\\/\"},\"author\":{\"name\":\"Redacci\u00f3n A Nova Peneira\",\"@id\":\"https:\\\/\\\/www.anovapeneira.gal\\\/#\\\/schema\\\/person\\\/b93e3f8932e3f8da96334607eb6ac6aa\"},\"headline\":\"Carlos Rodr\u00edguez \u201cSAXA\u201d Crego de Reboreda\",\"datePublished\":\"2020-07-23T10:00:12+00:00\",\"mainEntityOfPage\":{\"@id\":\"https:\\\/\\\/www.anovapeneira.gal\\\/index.php\\\/2020\\\/07\\\/23\\\/carlos-rodriguez-saxa-crego-de-reboreda\\\/\"},\"wordCount\":1369,\"commentCount\":0,\"publisher\":{\"@id\":\"https:\\\/\\\/www.anovapeneira.gal\\\/#organization\"},\"image\":{\"@id\":\"https:\\\/\\\/www.anovapeneira.gal\\\/index.php\\\/2020\\\/07\\\/23\\\/carlos-rodriguez-saxa-crego-de-reboreda\\\/#primaryimage\"},\"thumbnailUrl\":\"https:\\\/\\\/www.anovapeneira.gal\\\/wp-content\\\/uploads\\\/2020\\\/07\\\/crego_de_reboreda_a_nova_peneira.jpg\",\"keywords\":[\"Concello de Redondela\",\"Creo de Reboreda\",\"Reboreda\",\"Saxa\"],\"articleSection\":[\"Redondela\",\"Sin categor\u00eda\"],\"inLanguage\":\"gl-ES\",\"potentialAction\":[{\"@type\":\"CommentAction\",\"name\":\"Comment\",\"target\":[\"https:\\\/\\\/www.anovapeneira.gal\\\/index.php\\\/2020\\\/07\\\/23\\\/carlos-rodriguez-saxa-crego-de-reboreda\\\/#respond\"]}]},{\"@type\":\"WebPage\",\"@id\":\"https:\\\/\\\/www.anovapeneira.gal\\\/index.php\\\/2020\\\/07\\\/23\\\/carlos-rodriguez-saxa-crego-de-reboreda\\\/\",\"url\":\"https:\\\/\\\/www.anovapeneira.gal\\\/index.php\\\/2020\\\/07\\\/23\\\/carlos-rodriguez-saxa-crego-de-reboreda\\\/\",\"name\":\"Carlos Rodr\u00edguez \u201cSAXA\u201d Crego de Reboreda -\",\"isPartOf\":{\"@id\":\"https:\\\/\\\/www.anovapeneira.gal\\\/#website\"},\"primaryImageOfPage\":{\"@id\":\"https:\\\/\\\/www.anovapeneira.gal\\\/index.php\\\/2020\\\/07\\\/23\\\/carlos-rodriguez-saxa-crego-de-reboreda\\\/#primaryimage\"},\"image\":{\"@id\":\"https:\\\/\\\/www.anovapeneira.gal\\\/index.php\\\/2020\\\/07\\\/23\\\/carlos-rodriguez-saxa-crego-de-reboreda\\\/#primaryimage\"},\"thumbnailUrl\":\"https:\\\/\\\/www.anovapeneira.gal\\\/wp-content\\\/uploads\\\/2020\\\/07\\\/crego_de_reboreda_a_nova_peneira.jpg\",\"datePublished\":\"2020-07-23T10:00:12+00:00\",\"breadcrumb\":{\"@id\":\"https:\\\/\\\/www.anovapeneira.gal\\\/index.php\\\/2020\\\/07\\\/23\\\/carlos-rodriguez-saxa-crego-de-reboreda\\\/#breadcrumb\"},\"inLanguage\":\"gl-ES\",\"potentialAction\":[{\"@type\":\"ReadAction\",\"target\":[\"https:\\\/\\\/www.anovapeneira.gal\\\/index.php\\\/2020\\\/07\\\/23\\\/carlos-rodriguez-saxa-crego-de-reboreda\\\/\"]}]},{\"@type\":\"ImageObject\",\"inLanguage\":\"gl-ES\",\"@id\":\"https:\\\/\\\/www.anovapeneira.gal\\\/index.php\\\/2020\\\/07\\\/23\\\/carlos-rodriguez-saxa-crego-de-reboreda\\\/#primaryimage\",\"url\":\"https:\\\/\\\/www.anovapeneira.gal\\\/wp-content\\\/uploads\\\/2020\\\/07\\\/crego_de_reboreda_a_nova_peneira.jpg\",\"contentUrl\":\"https:\\\/\\\/www.anovapeneira.gal\\\/wp-content\\\/uploads\\\/2020\\\/07\\\/crego_de_reboreda_a_nova_peneira.jpg\",\"width\":720,\"height\":432,\"caption\":\"Creo de Reboreda A Nova Peneira\"},{\"@type\":\"BreadcrumbList\",\"@id\":\"https:\\\/\\\/www.anovapeneira.gal\\\/index.php\\\/2020\\\/07\\\/23\\\/carlos-rodriguez-saxa-crego-de-reboreda\\\/#breadcrumb\",\"itemListElement\":[{\"@type\":\"ListItem\",\"position\":1,\"name\":\"Portada\",\"item\":\"https:\\\/\\\/www.anovapeneira.gal\\\/\"},{\"@type\":\"ListItem\",\"position\":2,\"name\":\"Carlos Rodr\u00edguez \u201cSAXA\u201d Crego de Reboreda\"}]},{\"@type\":\"WebSite\",\"@id\":\"https:\\\/\\\/www.anovapeneira.gal\\\/#website\",\"url\":\"https:\\\/\\\/www.anovapeneira.gal\\\/\",\"name\":\"\",\"description\":\"Xornal galego de informaci\u00f3n xeral Publicaci\u00f3n mensual de novas de Galicia e en especial dos Concellos da sur da provincia de Pontevedra.\",\"publisher\":{\"@id\":\"https:\\\/\\\/www.anovapeneira.gal\\\/#organization\"},\"potentialAction\":[{\"@type\":\"SearchAction\",\"target\":{\"@type\":\"EntryPoint\",\"urlTemplate\":\"https:\\\/\\\/www.anovapeneira.gal\\\/?s={search_term_string}\"},\"query-input\":{\"@type\":\"PropertyValueSpecification\",\"valueRequired\":true,\"valueName\":\"search_term_string\"}}],\"inLanguage\":\"gl-ES\"},{\"@type\":\"Organization\",\"@id\":\"https:\\\/\\\/www.anovapeneira.gal\\\/#organization\",\"name\":\"A Nova Peneira\",\"url\":\"https:\\\/\\\/www.anovapeneira.gal\\\/\",\"logo\":{\"@type\":\"ImageObject\",\"inLanguage\":\"gl-ES\",\"@id\":\"https:\\\/\\\/www.anovapeneira.gal\\\/#\\\/schema\\\/logo\\\/image\\\/\",\"url\":\"http:\\\/\\\/www.anovapeneira.gal\\\/wp-content\\\/uploads\\\/2019\\\/06\\\/logo_a_nova_peneira_portal_web.png\",\"contentUrl\":\"http:\\\/\\\/www.anovapeneira.gal\\\/wp-content\\\/uploads\\\/2019\\\/06\\\/logo_a_nova_peneira_portal_web.png\",\"width\":300,\"height\":100,\"caption\":\"A Nova Peneira\"},\"image\":{\"@id\":\"https:\\\/\\\/www.anovapeneira.gal\\\/#\\\/schema\\\/logo\\\/image\\\/\"},\"sameAs\":[\"https:\\\/\\\/www.facebook.com\\\/anovapeneira\",\"https:\\\/\\\/x.com\\\/APeneira\"]},{\"@type\":\"Person\",\"@id\":\"https:\\\/\\\/www.anovapeneira.gal\\\/#\\\/schema\\\/person\\\/b93e3f8932e3f8da96334607eb6ac6aa\",\"name\":\"Redacci\u00f3n A Nova Peneira\",\"image\":{\"@type\":\"ImageObject\",\"inLanguage\":\"gl-ES\",\"@id\":\"https:\\\/\\\/secure.gravatar.com\\\/avatar\\\/c052a2551a06e23fac63626232eaa90abd78dbcf1700fc46a2b2c89fd27b735f?s=96&d=mm&r=g\",\"url\":\"https:\\\/\\\/secure.gravatar.com\\\/avatar\\\/c052a2551a06e23fac63626232eaa90abd78dbcf1700fc46a2b2c89fd27b735f?s=96&d=mm&r=g\",\"contentUrl\":\"https:\\\/\\\/secure.gravatar.com\\\/avatar\\\/c052a2551a06e23fac63626232eaa90abd78dbcf1700fc46a2b2c89fd27b735f?s=96&d=mm&r=g\",\"caption\":\"Redacci\u00f3n A Nova Peneira\"},\"sameAs\":[\"http:\\\/\\\/www.anovapeneira.gal\\\/\"],\"url\":\"https:\\\/\\\/www.anovapeneira.gal\\\/index.php\\\/author\\\/redactor\\\/\"}]}<\/script>\n<!-- \/ Yoast SEO plugin. -->","yoast_head_json":{"title":"Carlos Rodr\u00edguez \u201cSAXA\u201d Crego de Reboreda -","robots":{"index":"index","follow":"follow","max-snippet":"max-snippet:-1","max-image-preview":"max-image-preview:large","max-video-preview":"max-video-preview:-1"},"canonical":"https:\/\/www.anovapeneira.gal\/index.php\/2020\/07\/23\/carlos-rodriguez-saxa-crego-de-reboreda\/","og_locale":"gl_ES","og_type":"article","og_title":"Carlos Rodr\u00edguez \u201cSAXA\u201d Crego de Reboreda -","og_description":"Carlos \u00e9 o crego de Reboreda, e \u00e9 un home culto, sensible \u00e1 dor allea, razoable, e un excelente conversador [...]","og_url":"https:\/\/www.anovapeneira.gal\/index.php\/2020\/07\/23\/carlos-rodriguez-saxa-crego-de-reboreda\/","article_publisher":"https:\/\/www.facebook.com\/anovapeneira","article_published_time":"2020-07-23T10:00:12+00:00","og_image":[{"width":720,"height":432,"url":"https:\/\/www.anovapeneira.gal\/wp-content\/uploads\/2020\/07\/crego_de_reboreda_a_nova_peneira.jpg","type":"image\/jpeg"}],"author":"Redacci\u00f3n A Nova Peneira","twitter_card":"summary_large_image","twitter_creator":"@APeneira","twitter_site":"@APeneira","twitter_misc":{"Escrito por":"Redacci\u00f3n A Nova Peneira","Tempo de lectura":"7 minutos"},"schema":{"@context":"https:\/\/schema.org","@graph":[{"@type":"Article","@id":"https:\/\/www.anovapeneira.gal\/index.php\/2020\/07\/23\/carlos-rodriguez-saxa-crego-de-reboreda\/#article","isPartOf":{"@id":"https:\/\/www.anovapeneira.gal\/index.php\/2020\/07\/23\/carlos-rodriguez-saxa-crego-de-reboreda\/"},"author":{"name":"Redacci\u00f3n A Nova Peneira","@id":"https:\/\/www.anovapeneira.gal\/#\/schema\/person\/b93e3f8932e3f8da96334607eb6ac6aa"},"headline":"Carlos Rodr\u00edguez \u201cSAXA\u201d Crego de Reboreda","datePublished":"2020-07-23T10:00:12+00:00","mainEntityOfPage":{"@id":"https:\/\/www.anovapeneira.gal\/index.php\/2020\/07\/23\/carlos-rodriguez-saxa-crego-de-reboreda\/"},"wordCount":1369,"commentCount":0,"publisher":{"@id":"https:\/\/www.anovapeneira.gal\/#organization"},"image":{"@id":"https:\/\/www.anovapeneira.gal\/index.php\/2020\/07\/23\/carlos-rodriguez-saxa-crego-de-reboreda\/#primaryimage"},"thumbnailUrl":"https:\/\/www.anovapeneira.gal\/wp-content\/uploads\/2020\/07\/crego_de_reboreda_a_nova_peneira.jpg","keywords":["Concello de Redondela","Creo de Reboreda","Reboreda","Saxa"],"articleSection":["Redondela","Sin categor\u00eda"],"inLanguage":"gl-ES","potentialAction":[{"@type":"CommentAction","name":"Comment","target":["https:\/\/www.anovapeneira.gal\/index.php\/2020\/07\/23\/carlos-rodriguez-saxa-crego-de-reboreda\/#respond"]}]},{"@type":"WebPage","@id":"https:\/\/www.anovapeneira.gal\/index.php\/2020\/07\/23\/carlos-rodriguez-saxa-crego-de-reboreda\/","url":"https:\/\/www.anovapeneira.gal\/index.php\/2020\/07\/23\/carlos-rodriguez-saxa-crego-de-reboreda\/","name":"Carlos Rodr\u00edguez \u201cSAXA\u201d Crego de Reboreda -","isPartOf":{"@id":"https:\/\/www.anovapeneira.gal\/#website"},"primaryImageOfPage":{"@id":"https:\/\/www.anovapeneira.gal\/index.php\/2020\/07\/23\/carlos-rodriguez-saxa-crego-de-reboreda\/#primaryimage"},"image":{"@id":"https:\/\/www.anovapeneira.gal\/index.php\/2020\/07\/23\/carlos-rodriguez-saxa-crego-de-reboreda\/#primaryimage"},"thumbnailUrl":"https:\/\/www.anovapeneira.gal\/wp-content\/uploads\/2020\/07\/crego_de_reboreda_a_nova_peneira.jpg","datePublished":"2020-07-23T10:00:12+00:00","breadcrumb":{"@id":"https:\/\/www.anovapeneira.gal\/index.php\/2020\/07\/23\/carlos-rodriguez-saxa-crego-de-reboreda\/#breadcrumb"},"inLanguage":"gl-ES","potentialAction":[{"@type":"ReadAction","target":["https:\/\/www.anovapeneira.gal\/index.php\/2020\/07\/23\/carlos-rodriguez-saxa-crego-de-reboreda\/"]}]},{"@type":"ImageObject","inLanguage":"gl-ES","@id":"https:\/\/www.anovapeneira.gal\/index.php\/2020\/07\/23\/carlos-rodriguez-saxa-crego-de-reboreda\/#primaryimage","url":"https:\/\/www.anovapeneira.gal\/wp-content\/uploads\/2020\/07\/crego_de_reboreda_a_nova_peneira.jpg","contentUrl":"https:\/\/www.anovapeneira.gal\/wp-content\/uploads\/2020\/07\/crego_de_reboreda_a_nova_peneira.jpg","width":720,"height":432,"caption":"Creo de Reboreda A Nova Peneira"},{"@type":"BreadcrumbList","@id":"https:\/\/www.anovapeneira.gal\/index.php\/2020\/07\/23\/carlos-rodriguez-saxa-crego-de-reboreda\/#breadcrumb","itemListElement":[{"@type":"ListItem","position":1,"name":"Portada","item":"https:\/\/www.anovapeneira.gal\/"},{"@type":"ListItem","position":2,"name":"Carlos Rodr\u00edguez \u201cSAXA\u201d Crego de Reboreda"}]},{"@type":"WebSite","@id":"https:\/\/www.anovapeneira.gal\/#website","url":"https:\/\/www.anovapeneira.gal\/","name":"","description":"Xornal galego de informaci\u00f3n xeral Publicaci\u00f3n mensual de novas de Galicia e en especial dos Concellos da sur da provincia de Pontevedra.","publisher":{"@id":"https:\/\/www.anovapeneira.gal\/#organization"},"potentialAction":[{"@type":"SearchAction","target":{"@type":"EntryPoint","urlTemplate":"https:\/\/www.anovapeneira.gal\/?s={search_term_string}"},"query-input":{"@type":"PropertyValueSpecification","valueRequired":true,"valueName":"search_term_string"}}],"inLanguage":"gl-ES"},{"@type":"Organization","@id":"https:\/\/www.anovapeneira.gal\/#organization","name":"A Nova Peneira","url":"https:\/\/www.anovapeneira.gal\/","logo":{"@type":"ImageObject","inLanguage":"gl-ES","@id":"https:\/\/www.anovapeneira.gal\/#\/schema\/logo\/image\/","url":"http:\/\/www.anovapeneira.gal\/wp-content\/uploads\/2019\/06\/logo_a_nova_peneira_portal_web.png","contentUrl":"http:\/\/www.anovapeneira.gal\/wp-content\/uploads\/2019\/06\/logo_a_nova_peneira_portal_web.png","width":300,"height":100,"caption":"A Nova Peneira"},"image":{"@id":"https:\/\/www.anovapeneira.gal\/#\/schema\/logo\/image\/"},"sameAs":["https:\/\/www.facebook.com\/anovapeneira","https:\/\/x.com\/APeneira"]},{"@type":"Person","@id":"https:\/\/www.anovapeneira.gal\/#\/schema\/person\/b93e3f8932e3f8da96334607eb6ac6aa","name":"Redacci\u00f3n A Nova Peneira","image":{"@type":"ImageObject","inLanguage":"gl-ES","@id":"https:\/\/secure.gravatar.com\/avatar\/c052a2551a06e23fac63626232eaa90abd78dbcf1700fc46a2b2c89fd27b735f?s=96&d=mm&r=g","url":"https:\/\/secure.gravatar.com\/avatar\/c052a2551a06e23fac63626232eaa90abd78dbcf1700fc46a2b2c89fd27b735f?s=96&d=mm&r=g","contentUrl":"https:\/\/secure.gravatar.com\/avatar\/c052a2551a06e23fac63626232eaa90abd78dbcf1700fc46a2b2c89fd27b735f?s=96&d=mm&r=g","caption":"Redacci\u00f3n A Nova Peneira"},"sameAs":["http:\/\/www.anovapeneira.gal\/"],"url":"https:\/\/www.anovapeneira.gal\/index.php\/author\/redactor\/"}]}},"jetpack_featured_media_url":"https:\/\/www.anovapeneira.gal\/wp-content\/uploads\/2020\/07\/crego_de_reboreda_a_nova_peneira.jpg","_links":{"self":[{"href":"https:\/\/www.anovapeneira.gal\/index.php\/wp-json\/wp\/v2\/posts\/3572","targetHints":{"allow":["GET"]}}],"collection":[{"href":"https:\/\/www.anovapeneira.gal\/index.php\/wp-json\/wp\/v2\/posts"}],"about":[{"href":"https:\/\/www.anovapeneira.gal\/index.php\/wp-json\/wp\/v2\/types\/post"}],"author":[{"embeddable":true,"href":"https:\/\/www.anovapeneira.gal\/index.php\/wp-json\/wp\/v2\/users\/3"}],"replies":[{"embeddable":true,"href":"https:\/\/www.anovapeneira.gal\/index.php\/wp-json\/wp\/v2\/comments?post=3572"}],"version-history":[{"count":2,"href":"https:\/\/www.anovapeneira.gal\/index.php\/wp-json\/wp\/v2\/posts\/3572\/revisions"}],"predecessor-version":[{"id":3575,"href":"https:\/\/www.anovapeneira.gal\/index.php\/wp-json\/wp\/v2\/posts\/3572\/revisions\/3575"}],"wp:featuredmedia":[{"embeddable":true,"href":"https:\/\/www.anovapeneira.gal\/index.php\/wp-json\/wp\/v2\/media\/3574"}],"wp:attachment":[{"href":"https:\/\/www.anovapeneira.gal\/index.php\/wp-json\/wp\/v2\/media?parent=3572"}],"wp:term":[{"taxonomy":"category","embeddable":true,"href":"https:\/\/www.anovapeneira.gal\/index.php\/wp-json\/wp\/v2\/categories?post=3572"},{"taxonomy":"post_tag","embeddable":true,"href":"https:\/\/www.anovapeneira.gal\/index.php\/wp-json\/wp\/v2\/tags?post=3572"}],"curies":[{"name":"wp","href":"https:\/\/api.w.org\/{rel}","templated":true}]}}