{"id":3581,"date":"2020-07-24T10:00:31","date_gmt":"2020-07-24T08:00:31","guid":{"rendered":"http:\/\/www.anovapeneira.gal\/?p=3581"},"modified":"2020-07-24T13:40:13","modified_gmt":"2020-07-24T11:40:13","slug":"o-pineiral-o-puntal-en-camposancos-sumase-aos-enormes-atractivos-que-xa-ten-esta-parroquia","status":"publish","type":"post","link":"https:\/\/www.anovapeneira.gal\/index.php\/2020\/07\/24\/o-pineiral-o-puntal-en-camposancos-sumase-aos-enormes-atractivos-que-xa-ten-esta-parroquia\/","title":{"rendered":"O Pi\u00f1eiral o Puntal en Camposancos s\u00famase aos enormes atractivos que xa ten esta parroquia"},"content":{"rendered":"\n<p><strong>Camposancos \u00e9 unha parroquia do Concello de A Guarda. Entidade Local Menor, cunha personalidade enormemente marcada. Camposancos, un dos l\u00edmites naturais do pa\u00eds galego co resto do mundo \u00e9 un lugar precioso, inzado de atractivos est\u00e9ticos de enorme beleza e asolagado de luz e cor cunha intensidade tal que cando o gozas na s\u00faa plenitude leva a respirar a vida na s\u00faa parte m\u00e1is fermosa. O pi\u00f1eiral do Puntal \u00e9 a fin da fin, pois al\u00ed remata a terra camposina e desde agora mesmo un atractivo a maiores que convida a gozar da beleza da parroquia, xa que o redondel\u00e1n Xos\u00e9 Cabaleiro, afincado na Guarda, coa colaboraci\u00f3n de Gemma Marqu\u00e9s e Dani, artistas locais, souberon plasmar os petr\u00f3glifos e tr\u00edsceles do museo do Tegra debullados, case dir\u00eda fusionados coas \u00e1rbores do pi\u00f1eiral nunha mestura pl\u00e1stica entre natureza historia e cultura. N\u00f3s quixemos co\u00f1ecer un pouco m\u00e1is este proxecto e conversamos co artista, Xos\u00e9 Cabaleiro e coa presidenta da Entidade Local Menor, Mercedes Mart\u00ednez<\/strong><\/p>\n\n\n\n<p><strong>As persoas que coma ti nacestes en Camposancos, sent\u00eddevos camposinas ou guardesas?<\/strong><\/p>\n\n\n\n<blockquote class=\"wp-block-quote is-layout-flow wp-block-quote-is-layout-flow\"><p>A identidade camposina est\u00e1 moi marcada e os que somos nativos de camposancos sent\u00edmonos camposinos. Por\u00e9n o arraigo comeza a dilu\u00edrse un tanto porque moitas persoas de f\u00f3ra residen ou fixeron a s\u00faa segunda residencia na nosa parroquia<\/p><\/blockquote>\n\n\n\n<p><strong>Canto tempo levas presidindo a entidade local ,Merchi?<\/strong><\/p>\n\n\n\n<blockquote class=\"wp-block-quote is-layout-flow wp-block-quote-is-layout-flow\"><p>Un ano<\/p><\/blockquote>\n\n\n\n<p><strong>E como o valoras?<\/strong><\/p>\n\n\n\n<blockquote class=\"wp-block-quote is-layout-flow wp-block-quote-is-layout-flow\"><p>Val\u00f3roo moi positivamente. As relaci\u00f3ns coas mi\u00f1as veci\u00f1as e veci\u00f1os son excelentes e o que sinto \u00e9 que todas e todos estamos c\u00f3bado con c\u00f3bado para mellorar as condici\u00f3ns de vida da nosa parroquia<\/p><\/blockquote>\n\n\n\n<p><strong>E as relaci\u00f3ns co concello?<\/strong><\/p>\n\n\n\n<blockquote class=\"wp-block-quote is-layout-flow wp-block-quote-is-layout-flow\"><p>Mellorables<\/p><\/blockquote>\n\n\n\n<p><strong>En que aspectos?<\/strong><\/p>\n\n\n\n<blockquote class=\"wp-block-quote is-layout-flow wp-block-quote-is-layout-flow\"><p>Non nos acabamos de entender. Camposancos \u00e9 a primeira vez que ten unha presidenta do BNG, e ten unha situaci\u00f3n aritm\u00e9tica que non debera ser complexa pero si o \u00e9. Na entidade local estamos d\u00faas persoas do BNG, d\u00faas do PP e 1 do Psoe, que en moitas ocasi\u00f3ns vai pola sua conta<\/p><\/blockquote>\n\n\n\n<p><strong>Cales son os principais problemas que padece Camposancos?<\/strong><\/p>\n\n\n\n<blockquote class=\"wp-block-quote is-layout-flow wp-block-quote-is-layout-flow\"><p>Temos serios problemas con terreos, porque antes de que foramos Entidade local menor, chamab\u00e1monos COTO DE CAMPOSANCOS, e moitos dos terreos da parroquia a\u00ednda est\u00e1n a nome do COTO. E aseg\u00faroche Tino que actualizar todo iso sup\u00f3n unha morea de complex\u00edsimos problemas administrativos que me te\u00f1en dado verdadeiras dores de cabeza<\/p><\/blockquote>\n\n\n\n<p><strong>Na \u00e1rea de influencia de A Nova Peneira existiron dous arrepiantes campos de concentraci\u00f3n no abrente do franquismo, o da Illa de San Sim\u00f3n en Redondela e o de Camposancos. No caso de Redondela hai un traballo moi importante que logrou que a maior parte da sociedade considere a San Sim\u00f3n como un espazo de reivindicaci\u00f3n da dignidade e a memoria das persoas que al\u00ed sufriron, pero no caso da vosa parroquia, ao meu xu\u00edzo non se fixo o suficiente, ou se se fixo non se acadou o resultado de Redondela, para lograr un status semellante para o campo de concentraci\u00f3n que existiu aqu\u00ed. Que opinas?<\/strong><\/p>\n\n\n\n<blockquote class=\"wp-block-quote is-layout-flow wp-block-quote-is-layout-flow\"><p>Estou de acordo contigo. Se cadra as raz\u00f3ns son varias entre as que poder\u00eda ser que a maior\u00eda dos presos eran de f\u00f3ra. A mi\u00f1a nai lev\u00e1balle comida a presos e a\u00ednda conservo na mi\u00f1a casa algunhas pulseiras ,unha co seu nome gravado, que lle regalaron alg\u00fans dos presos aos que atend\u00eda. Ese terreo \u00e9 o antigo colexio xesu\u00edta e est\u00e1 en total abandono, tanto a nivel local como auton\u00f3mico, e desde logo que se estivera nas mi\u00f1as mans si que lle dariamos un impulso moito maior para converter ao antigo campo de concentraci\u00f3n nun espazo de reivindicaci\u00f3n da memoria de quen al\u00ed sufriu<\/p><\/blockquote>\n\n\n\n<figure class=\"wp-block-image size-large is-style-default\"><img loading=\"lazy\" decoding=\"async\" width=\"720\" height=\"432\" src=\"http:\/\/www.anovapeneira.gal\/wp-content\/uploads\/2020\/07\/pulseiras_camposancos_a_nova_peneira.jpg\" alt=\"\" class=\"wp-image-3584\" srcset=\"https:\/\/www.anovapeneira.gal\/wp-content\/uploads\/2020\/07\/pulseiras_camposancos_a_nova_peneira.jpg 720w, https:\/\/www.anovapeneira.gal\/wp-content\/uploads\/2020\/07\/pulseiras_camposancos_a_nova_peneira-300x180.jpg 300w\" sizes=\"auto, (max-width: 720px) 100vw, 720px\" \/><figcaption>Pulseira que un preso do campo de concentraci\u00f3n ao que a coidaba a nai de Mercedes , lle regalou&nbsp; co seu nome grabado:Carmen<\/figcaption><\/figure>\n\n\n\n<p><strong>Ben esta relaci\u00f3n entre Redondela e Camposancos xa nos serve para presentar ao seguinte convidado a esta reportaxe Xos\u00e9 Cabaleiro, un redondel\u00e1n veci\u00f1o da Guarda. C\u00f3ntanos brevemente a t\u00faa propia historia?<\/strong><\/p>\n\n\n\n<blockquote class=\"wp-block-quote is-layout-flow wp-block-quote-is-layout-flow\"><p>Eu son nativo de Redondela, e a ra\u00edz dunha cuesti\u00f3n persoal vin vivir \u00e1 Guarda<\/p><\/blockquote>\n\n\n\n<p><strong>Cal \u00e9 a t\u00faa profesi\u00f3n?<\/strong><\/p>\n\n\n\n<blockquote class=\"wp-block-quote is-layout-flow wp-block-quote-is-layout-flow\"><p>Eu sempre me dediquei \u00e1 hostalar\u00eda e tiven unha importante vocaci\u00f3n art\u00edstica xa desde moi novo. Cheguei \u00e1 Guarda no ano 2.010 e cando paseaba polos castros do Trega result\u00e1banme apaixonantes e comecei a facer esculturas en pedra en plan mosaicos<\/p><\/blockquote>\n\n\n\n<p><strong>Dos castros?<\/strong><\/p>\n\n\n\n<blockquote class=\"wp-block-quote is-layout-flow wp-block-quote-is-layout-flow\"><p>Si, pero non s\u00f3, tam\u00e9n de casas antigas galegas, tr\u00edsceles&#8230;.<\/p><\/blockquote>\n\n\n\n<p><strong>E onde os tes?<\/strong><\/p>\n\n\n\n<blockquote class=\"wp-block-quote is-layout-flow wp-block-quote-is-layout-flow\"><p>Na mi\u00f1a casa, al\u00ed te\u00f1o unha especie de taller<\/p><\/blockquote>\n\n\n\n<p><strong>Como chegaches ao proxecto que nos vas presentar agora?<\/strong><\/p>\n\n\n\n<blockquote class=\"wp-block-quote is-layout-flow wp-block-quote-is-layout-flow\"><p>Paseando polo puntal de Camposancos decateime que moitas das figuras do museo do Trega encaixar\u00edan perfectamente na s\u00faas \u00e1rbores e al\u00ed comecei a madurar a idea. F\u00edxose un proxecto por computador<\/p><\/blockquote>\n\n\n\n<p><strong>Ti s\u00f3?<\/strong><\/p>\n\n\n\n<blockquote class=\"wp-block-quote is-layout-flow wp-block-quote-is-layout-flow\"><p>Non, coa colaboraci\u00f3n da artista Gemma Marqu\u00e9s e de Dani, o seu home. Vi\u00f1amos \u00e1 noite en pleno mes de outubro cun proxector<\/p><\/blockquote>\n\n\n\n<p><strong>Mi\u00f1a nai..<\/strong><\/p>\n\n\n\n<blockquote class=\"wp-block-quote is-layout-flow wp-block-quote-is-layout-flow\"><p>Ata tivemos que pedir un xerador el\u00e9ctrico, a verdade foi toda unha odisea<\/p><\/blockquote>\n\n\n\n<p><strong>Supo\u00f1o que teriades que solicitar moitos permisos?<\/strong><\/p>\n\n\n\n<blockquote class=\"wp-block-quote is-layout-flow wp-block-quote-is-layout-flow\"><p>E tanto que si, estivemos dous anos loitando<\/p><\/blockquote>\n\n\n\n<p><strong>A resposta das distintas administraci\u00f3ns foi positiva?<\/strong><\/p>\n\n\n\n<blockquote class=\"wp-block-quote is-layout-flow wp-block-quote-is-layout-flow\"><p>Foi moi complexo, derivado da complexa situaci\u00f3n pol\u00edtica do concello da Guarda. Nun principio no PSOE , present\u00e1ndolle as referencias de Allariz e do bosque de Oma, de Ibarrola, pareceulles moi ben, logo cando chega Bea do BNG \u00e1 conceller\u00eda de cultura tam\u00e9n me deu o seu apoio, pero, como sabes, o BNG deixou o goberno e as s\u00faas \u00e1reas foron novamente asumidas polo PSOE, e al\u00ed, non sei por que, mudou o conto e de s\u00fapeto a mesma concelleira que nos dixera que si, agora non sei cal \u00e9 a raz\u00f3n dinos que non \u00e9 un proxecto viable<\/p><\/blockquote>\n\n\n\n<p><strong>E nese momento en que fase estaba o proxecto?<\/strong><\/p>\n\n\n\n<blockquote class=\"wp-block-quote is-layout-flow wp-block-quote-is-layout-flow\"><p>Aproximadamente estaba pola metade<\/p><\/blockquote>\n\n\n\n<p><strong>Como lograstes rematalo?<\/strong><\/p>\n\n\n\n<blockquote class=\"wp-block-quote is-layout-flow wp-block-quote-is-layout-flow\"><p>Pois grazas \u00e1 axuda de Entidade Local Menor e en particular, non \u00e9 porque estea aqu\u00ed con n\u00f3s, \u00e9 porque \u00e9 verdade, grazas \u00e1 xesti\u00f3n da s\u00faa presidenta<\/p><\/blockquote>\n\n\n\n<p><strong>Est\u00e1 rematado o proxecto?<\/strong><\/p>\n\n\n\n<blockquote class=\"wp-block-quote is-layout-flow wp-block-quote-is-layout-flow\"><p>A pintura si, o que a\u00ednda falta son os paneis informativos<\/p><\/blockquote>\n\n\n\n<p><strong>Por que non est\u00e1n postos os paneis?<\/strong><\/p>\n\n\n\n<blockquote class=\"wp-block-quote is-layout-flow wp-block-quote-is-layout-flow\"><p>Iso nun principio \u00eda ser financiado pola DEP, pero non sei por que agora seica mudaron de opini\u00f3n. Est\u00e1n patrocinando outros proxectos semellantes e este non, a verdade non nos explicamos a raz\u00f3n do cambio de criterio. O \u00fanico que se me ocorre son raz\u00f3ns de tipo pol\u00edtico porque outras con franqueza non atopo<\/p><\/blockquote>\n\n\n\n<p><strong>Cobrastes polo traballo?<\/strong><\/p>\n\n\n\n<blockquote class=\"wp-block-quote is-layout-flow wp-block-quote-is-layout-flow\"><p>Non, foi de balde<\/p><\/blockquote>\n\n\n\n<p><strong>Que receptividade atopastes na poboaci\u00f3n camposina e guardesa en xeral a este proxecto?<\/strong><\/p>\n\n\n\n<blockquote class=\"wp-block-quote is-layout-flow wp-block-quote-is-layout-flow\"><p>Enormemente positiva, pero sen ning\u00fan tipo de matiz, todo o mundo que o ten valorado am\u00f3sase moi satisfeito. Cremos que pode ser un atractivo m\u00e1is engadido aos numerosos atractivos que xa pos\u00fae Camposancos<\/p><\/blockquote>\n\n\n\n<p><strong>De todos os proxectos art\u00edsticos que fixestes na t\u00faa vida este \u00e9 do que est\u00e1s m\u00e1is orgulloso?<\/strong><\/p>\n\n\n\n<blockquote class=\"wp-block-quote is-layout-flow wp-block-quote-is-layout-flow\"><p>Si, sen d\u00fabida<\/p><\/blockquote>\n","protected":false},"excerpt":{"rendered":"<div class=\"mh-excerpt\"><p>Camposancos \u00e9 unha parroquia do Concello de A Guarda. Entidade Local Menor, cunha personalidade enormemente marcada. Camposancos, un dos l\u00edmites naturais do pa\u00eds galego co resto do mundo \u00e9 un lugar precioso, inzado de atractivos est\u00e9ticos de enorme beleza e asolagado de luz e cor cunha intensidade tal que cando o gozas na s\u00faa plenitude leva a respirar a vida na s\u00faa parte m\u00e1is fermosa <a class=\"mh-excerpt-more\" href=\"https:\/\/www.anovapeneira.gal\/index.php\/2020\/07\/24\/o-pineiral-o-puntal-en-camposancos-sumase-aos-enormes-atractivos-que-xa-ten-esta-parroquia\/\" title=\"O Pi\u00f1eiral o Puntal en Camposancos s\u00famase aos enormes atractivos que xa ten esta parroquia\">[&#8230;]<\/a><\/p>\n<\/div>","protected":false},"author":3,"featured_media":3582,"comment_status":"open","ping_status":"open","sticky":false,"template":"","format":"standard","meta":{"_exactmetrics_skip_tracking":false,"_exactmetrics_sitenote_active":false,"_exactmetrics_sitenote_note":"","_exactmetrics_sitenote_category":0,"footnotes":""},"categories":[266],"tags":[277,1157],"class_list":{"0":"post-3581","1":"post","2":"type-post","3":"status-publish","4":"format-standard","5":"has-post-thumbnail","7":"category-baixo-mino-entrevistas","8":"tag-camposancos","9":"tag-concello-de-a-guarda"},"yoast_head":"<!-- This site is optimized with the Yoast SEO plugin v27.4 - https:\/\/yoast.com\/product\/yoast-seo-wordpress\/ -->\n<title>O Pi\u00f1eiral o Puntal en Camposancos s\u00famase aos enormes atractivos que xa ten esta parroquia -<\/title>\n<meta name=\"robots\" content=\"index, follow, max-snippet:-1, max-image-preview:large, max-video-preview:-1\" \/>\n<link rel=\"canonical\" href=\"https:\/\/www.anovapeneira.gal\/index.php\/2020\/07\/24\/o-pineiral-o-puntal-en-camposancos-sumase-aos-enormes-atractivos-que-xa-ten-esta-parroquia\/\" \/>\n<meta property=\"og:locale\" content=\"gl_ES\" \/>\n<meta property=\"og:type\" content=\"article\" \/>\n<meta property=\"og:title\" content=\"O Pi\u00f1eiral o Puntal en Camposancos s\u00famase aos enormes atractivos que xa ten esta parroquia -\" \/>\n<meta property=\"og:description\" content=\"Camposancos \u00e9 unha parroquia do Concello de A Guarda. Entidade Local Menor, cunha personalidade enormemente marcada. Camposancos, un dos l\u00edmites naturais do pa\u00eds galego co resto do mundo \u00e9 un lugar precioso, inzado de atractivos est\u00e9ticos de enorme beleza e asolagado de luz e cor cunha intensidade tal que cando o gozas na s\u00faa plenitude leva a respirar a vida na s\u00faa parte m\u00e1is fermosa [...]\" \/>\n<meta property=\"og:url\" content=\"https:\/\/www.anovapeneira.gal\/index.php\/2020\/07\/24\/o-pineiral-o-puntal-en-camposancos-sumase-aos-enormes-atractivos-que-xa-ten-esta-parroquia\/\" \/>\n<meta property=\"article:publisher\" content=\"https:\/\/www.facebook.com\/anovapeneira\" \/>\n<meta property=\"article:published_time\" content=\"2020-07-24T08:00:31+00:00\" \/>\n<meta property=\"article:modified_time\" content=\"2020-07-24T11:40:13+00:00\" \/>\n<meta property=\"og:image\" content=\"https:\/\/www.anovapeneira.gal\/wp-content\/uploads\/2020\/07\/pinheiral_camposancos_a_nova_peneira.jpg\" \/>\n\t<meta property=\"og:image:width\" content=\"720\" \/>\n\t<meta property=\"og:image:height\" content=\"432\" \/>\n\t<meta property=\"og:image:type\" content=\"image\/jpeg\" \/>\n<meta name=\"author\" content=\"Redacci\u00f3n A Nova Peneira\" \/>\n<meta name=\"twitter:card\" content=\"summary_large_image\" \/>\n<meta name=\"twitter:creator\" content=\"@APeneira\" \/>\n<meta name=\"twitter:site\" content=\"@APeneira\" \/>\n<meta name=\"twitter:label1\" content=\"Escrito por\" \/>\n\t<meta name=\"twitter:data1\" content=\"Redacci\u00f3n A Nova Peneira\" \/>\n\t<meta name=\"twitter:label2\" content=\"Tempo de lectura\" \/>\n\t<meta name=\"twitter:data2\" content=\"6 minutos\" \/>\n<script type=\"application\/ld+json\" class=\"yoast-schema-graph\">{\"@context\":\"https:\\\/\\\/schema.org\",\"@graph\":[{\"@type\":\"Article\",\"@id\":\"https:\\\/\\\/www.anovapeneira.gal\\\/index.php\\\/2020\\\/07\\\/24\\\/o-pineiral-o-puntal-en-camposancos-sumase-aos-enormes-atractivos-que-xa-ten-esta-parroquia\\\/#article\",\"isPartOf\":{\"@id\":\"https:\\\/\\\/www.anovapeneira.gal\\\/index.php\\\/2020\\\/07\\\/24\\\/o-pineiral-o-puntal-en-camposancos-sumase-aos-enormes-atractivos-que-xa-ten-esta-parroquia\\\/\"},\"author\":{\"name\":\"Redacci\u00f3n A Nova Peneira\",\"@id\":\"https:\\\/\\\/www.anovapeneira.gal\\\/#\\\/schema\\\/person\\\/b93e3f8932e3f8da96334607eb6ac6aa\"},\"headline\":\"O Pi\u00f1eiral o Puntal en Camposancos s\u00famase aos enormes atractivos que xa ten esta parroquia\",\"datePublished\":\"2020-07-24T08:00:31+00:00\",\"dateModified\":\"2020-07-24T11:40:13+00:00\",\"mainEntityOfPage\":{\"@id\":\"https:\\\/\\\/www.anovapeneira.gal\\\/index.php\\\/2020\\\/07\\\/24\\\/o-pineiral-o-puntal-en-camposancos-sumase-aos-enormes-atractivos-que-xa-ten-esta-parroquia\\\/\"},\"wordCount\":1243,\"commentCount\":0,\"publisher\":{\"@id\":\"https:\\\/\\\/www.anovapeneira.gal\\\/#organization\"},\"image\":{\"@id\":\"https:\\\/\\\/www.anovapeneira.gal\\\/index.php\\\/2020\\\/07\\\/24\\\/o-pineiral-o-puntal-en-camposancos-sumase-aos-enormes-atractivos-que-xa-ten-esta-parroquia\\\/#primaryimage\"},\"thumbnailUrl\":\"https:\\\/\\\/www.anovapeneira.gal\\\/wp-content\\\/uploads\\\/2020\\\/07\\\/pinheiral_camposancos_a_nova_peneira.jpg\",\"keywords\":[\"Camposancos\",\"Concello de A Guarda\"],\"articleSection\":[\"Baixo Mi\u00f1o\"],\"inLanguage\":\"gl-ES\",\"potentialAction\":[{\"@type\":\"CommentAction\",\"name\":\"Comment\",\"target\":[\"https:\\\/\\\/www.anovapeneira.gal\\\/index.php\\\/2020\\\/07\\\/24\\\/o-pineiral-o-puntal-en-camposancos-sumase-aos-enormes-atractivos-que-xa-ten-esta-parroquia\\\/#respond\"]}]},{\"@type\":\"WebPage\",\"@id\":\"https:\\\/\\\/www.anovapeneira.gal\\\/index.php\\\/2020\\\/07\\\/24\\\/o-pineiral-o-puntal-en-camposancos-sumase-aos-enormes-atractivos-que-xa-ten-esta-parroquia\\\/\",\"url\":\"https:\\\/\\\/www.anovapeneira.gal\\\/index.php\\\/2020\\\/07\\\/24\\\/o-pineiral-o-puntal-en-camposancos-sumase-aos-enormes-atractivos-que-xa-ten-esta-parroquia\\\/\",\"name\":\"O Pi\u00f1eiral o Puntal en Camposancos s\u00famase aos enormes atractivos que xa ten esta parroquia -\",\"isPartOf\":{\"@id\":\"https:\\\/\\\/www.anovapeneira.gal\\\/#website\"},\"primaryImageOfPage\":{\"@id\":\"https:\\\/\\\/www.anovapeneira.gal\\\/index.php\\\/2020\\\/07\\\/24\\\/o-pineiral-o-puntal-en-camposancos-sumase-aos-enormes-atractivos-que-xa-ten-esta-parroquia\\\/#primaryimage\"},\"image\":{\"@id\":\"https:\\\/\\\/www.anovapeneira.gal\\\/index.php\\\/2020\\\/07\\\/24\\\/o-pineiral-o-puntal-en-camposancos-sumase-aos-enormes-atractivos-que-xa-ten-esta-parroquia\\\/#primaryimage\"},\"thumbnailUrl\":\"https:\\\/\\\/www.anovapeneira.gal\\\/wp-content\\\/uploads\\\/2020\\\/07\\\/pinheiral_camposancos_a_nova_peneira.jpg\",\"datePublished\":\"2020-07-24T08:00:31+00:00\",\"dateModified\":\"2020-07-24T11:40:13+00:00\",\"breadcrumb\":{\"@id\":\"https:\\\/\\\/www.anovapeneira.gal\\\/index.php\\\/2020\\\/07\\\/24\\\/o-pineiral-o-puntal-en-camposancos-sumase-aos-enormes-atractivos-que-xa-ten-esta-parroquia\\\/#breadcrumb\"},\"inLanguage\":\"gl-ES\",\"potentialAction\":[{\"@type\":\"ReadAction\",\"target\":[\"https:\\\/\\\/www.anovapeneira.gal\\\/index.php\\\/2020\\\/07\\\/24\\\/o-pineiral-o-puntal-en-camposancos-sumase-aos-enormes-atractivos-que-xa-ten-esta-parroquia\\\/\"]}]},{\"@type\":\"ImageObject\",\"inLanguage\":\"gl-ES\",\"@id\":\"https:\\\/\\\/www.anovapeneira.gal\\\/index.php\\\/2020\\\/07\\\/24\\\/o-pineiral-o-puntal-en-camposancos-sumase-aos-enormes-atractivos-que-xa-ten-esta-parroquia\\\/#primaryimage\",\"url\":\"https:\\\/\\\/www.anovapeneira.gal\\\/wp-content\\\/uploads\\\/2020\\\/07\\\/pinheiral_camposancos_a_nova_peneira.jpg\",\"contentUrl\":\"https:\\\/\\\/www.anovapeneira.gal\\\/wp-content\\\/uploads\\\/2020\\\/07\\\/pinheiral_camposancos_a_nova_peneira.jpg\",\"width\":720,\"height\":432,\"caption\":\"O artista Xos\u00e9 Cabaleiro e Mercedes a presidenta da ELM\"},{\"@type\":\"BreadcrumbList\",\"@id\":\"https:\\\/\\\/www.anovapeneira.gal\\\/index.php\\\/2020\\\/07\\\/24\\\/o-pineiral-o-puntal-en-camposancos-sumase-aos-enormes-atractivos-que-xa-ten-esta-parroquia\\\/#breadcrumb\",\"itemListElement\":[{\"@type\":\"ListItem\",\"position\":1,\"name\":\"Portada\",\"item\":\"https:\\\/\\\/www.anovapeneira.gal\\\/\"},{\"@type\":\"ListItem\",\"position\":2,\"name\":\"O Pi\u00f1eiral o Puntal en Camposancos s\u00famase aos enormes atractivos que xa ten esta parroquia\"}]},{\"@type\":\"WebSite\",\"@id\":\"https:\\\/\\\/www.anovapeneira.gal\\\/#website\",\"url\":\"https:\\\/\\\/www.anovapeneira.gal\\\/\",\"name\":\"\",\"description\":\"Xornal galego de informaci\u00f3n xeral Publicaci\u00f3n mensual de novas de Galicia e en especial dos Concellos da sur da provincia de Pontevedra.\",\"publisher\":{\"@id\":\"https:\\\/\\\/www.anovapeneira.gal\\\/#organization\"},\"potentialAction\":[{\"@type\":\"SearchAction\",\"target\":{\"@type\":\"EntryPoint\",\"urlTemplate\":\"https:\\\/\\\/www.anovapeneira.gal\\\/?s={search_term_string}\"},\"query-input\":{\"@type\":\"PropertyValueSpecification\",\"valueRequired\":true,\"valueName\":\"search_term_string\"}}],\"inLanguage\":\"gl-ES\"},{\"@type\":\"Organization\",\"@id\":\"https:\\\/\\\/www.anovapeneira.gal\\\/#organization\",\"name\":\"A Nova Peneira\",\"url\":\"https:\\\/\\\/www.anovapeneira.gal\\\/\",\"logo\":{\"@type\":\"ImageObject\",\"inLanguage\":\"gl-ES\",\"@id\":\"https:\\\/\\\/www.anovapeneira.gal\\\/#\\\/schema\\\/logo\\\/image\\\/\",\"url\":\"http:\\\/\\\/www.anovapeneira.gal\\\/wp-content\\\/uploads\\\/2019\\\/06\\\/logo_a_nova_peneira_portal_web.png\",\"contentUrl\":\"http:\\\/\\\/www.anovapeneira.gal\\\/wp-content\\\/uploads\\\/2019\\\/06\\\/logo_a_nova_peneira_portal_web.png\",\"width\":300,\"height\":100,\"caption\":\"A Nova Peneira\"},\"image\":{\"@id\":\"https:\\\/\\\/www.anovapeneira.gal\\\/#\\\/schema\\\/logo\\\/image\\\/\"},\"sameAs\":[\"https:\\\/\\\/www.facebook.com\\\/anovapeneira\",\"https:\\\/\\\/x.com\\\/APeneira\"]},{\"@type\":\"Person\",\"@id\":\"https:\\\/\\\/www.anovapeneira.gal\\\/#\\\/schema\\\/person\\\/b93e3f8932e3f8da96334607eb6ac6aa\",\"name\":\"Redacci\u00f3n A Nova Peneira\",\"image\":{\"@type\":\"ImageObject\",\"inLanguage\":\"gl-ES\",\"@id\":\"https:\\\/\\\/secure.gravatar.com\\\/avatar\\\/c052a2551a06e23fac63626232eaa90abd78dbcf1700fc46a2b2c89fd27b735f?s=96&d=mm&r=g\",\"url\":\"https:\\\/\\\/secure.gravatar.com\\\/avatar\\\/c052a2551a06e23fac63626232eaa90abd78dbcf1700fc46a2b2c89fd27b735f?s=96&d=mm&r=g\",\"contentUrl\":\"https:\\\/\\\/secure.gravatar.com\\\/avatar\\\/c052a2551a06e23fac63626232eaa90abd78dbcf1700fc46a2b2c89fd27b735f?s=96&d=mm&r=g\",\"caption\":\"Redacci\u00f3n A Nova Peneira\"},\"sameAs\":[\"http:\\\/\\\/www.anovapeneira.gal\\\/\"],\"url\":\"https:\\\/\\\/www.anovapeneira.gal\\\/index.php\\\/author\\\/redactor\\\/\"}]}<\/script>\n<!-- \/ Yoast SEO plugin. -->","yoast_head_json":{"title":"O Pi\u00f1eiral o Puntal en Camposancos s\u00famase aos enormes atractivos que xa ten esta parroquia -","robots":{"index":"index","follow":"follow","max-snippet":"max-snippet:-1","max-image-preview":"max-image-preview:large","max-video-preview":"max-video-preview:-1"},"canonical":"https:\/\/www.anovapeneira.gal\/index.php\/2020\/07\/24\/o-pineiral-o-puntal-en-camposancos-sumase-aos-enormes-atractivos-que-xa-ten-esta-parroquia\/","og_locale":"gl_ES","og_type":"article","og_title":"O Pi\u00f1eiral o Puntal en Camposancos s\u00famase aos enormes atractivos que xa ten esta parroquia -","og_description":"Camposancos \u00e9 unha parroquia do Concello de A Guarda. Entidade Local Menor, cunha personalidade enormemente marcada. Camposancos, un dos l\u00edmites naturais do pa\u00eds galego co resto do mundo \u00e9 un lugar precioso, inzado de atractivos est\u00e9ticos de enorme beleza e asolagado de luz e cor cunha intensidade tal que cando o gozas na s\u00faa plenitude leva a respirar a vida na s\u00faa parte m\u00e1is fermosa [...]","og_url":"https:\/\/www.anovapeneira.gal\/index.php\/2020\/07\/24\/o-pineiral-o-puntal-en-camposancos-sumase-aos-enormes-atractivos-que-xa-ten-esta-parroquia\/","article_publisher":"https:\/\/www.facebook.com\/anovapeneira","article_published_time":"2020-07-24T08:00:31+00:00","article_modified_time":"2020-07-24T11:40:13+00:00","og_image":[{"width":720,"height":432,"url":"https:\/\/www.anovapeneira.gal\/wp-content\/uploads\/2020\/07\/pinheiral_camposancos_a_nova_peneira.jpg","type":"image\/jpeg"}],"author":"Redacci\u00f3n A Nova Peneira","twitter_card":"summary_large_image","twitter_creator":"@APeneira","twitter_site":"@APeneira","twitter_misc":{"Escrito por":"Redacci\u00f3n A Nova Peneira","Tempo de lectura":"6 minutos"},"schema":{"@context":"https:\/\/schema.org","@graph":[{"@type":"Article","@id":"https:\/\/www.anovapeneira.gal\/index.php\/2020\/07\/24\/o-pineiral-o-puntal-en-camposancos-sumase-aos-enormes-atractivos-que-xa-ten-esta-parroquia\/#article","isPartOf":{"@id":"https:\/\/www.anovapeneira.gal\/index.php\/2020\/07\/24\/o-pineiral-o-puntal-en-camposancos-sumase-aos-enormes-atractivos-que-xa-ten-esta-parroquia\/"},"author":{"name":"Redacci\u00f3n A Nova Peneira","@id":"https:\/\/www.anovapeneira.gal\/#\/schema\/person\/b93e3f8932e3f8da96334607eb6ac6aa"},"headline":"O Pi\u00f1eiral o Puntal en Camposancos s\u00famase aos enormes atractivos que xa ten esta parroquia","datePublished":"2020-07-24T08:00:31+00:00","dateModified":"2020-07-24T11:40:13+00:00","mainEntityOfPage":{"@id":"https:\/\/www.anovapeneira.gal\/index.php\/2020\/07\/24\/o-pineiral-o-puntal-en-camposancos-sumase-aos-enormes-atractivos-que-xa-ten-esta-parroquia\/"},"wordCount":1243,"commentCount":0,"publisher":{"@id":"https:\/\/www.anovapeneira.gal\/#organization"},"image":{"@id":"https:\/\/www.anovapeneira.gal\/index.php\/2020\/07\/24\/o-pineiral-o-puntal-en-camposancos-sumase-aos-enormes-atractivos-que-xa-ten-esta-parroquia\/#primaryimage"},"thumbnailUrl":"https:\/\/www.anovapeneira.gal\/wp-content\/uploads\/2020\/07\/pinheiral_camposancos_a_nova_peneira.jpg","keywords":["Camposancos","Concello de A Guarda"],"articleSection":["Baixo Mi\u00f1o"],"inLanguage":"gl-ES","potentialAction":[{"@type":"CommentAction","name":"Comment","target":["https:\/\/www.anovapeneira.gal\/index.php\/2020\/07\/24\/o-pineiral-o-puntal-en-camposancos-sumase-aos-enormes-atractivos-que-xa-ten-esta-parroquia\/#respond"]}]},{"@type":"WebPage","@id":"https:\/\/www.anovapeneira.gal\/index.php\/2020\/07\/24\/o-pineiral-o-puntal-en-camposancos-sumase-aos-enormes-atractivos-que-xa-ten-esta-parroquia\/","url":"https:\/\/www.anovapeneira.gal\/index.php\/2020\/07\/24\/o-pineiral-o-puntal-en-camposancos-sumase-aos-enormes-atractivos-que-xa-ten-esta-parroquia\/","name":"O Pi\u00f1eiral o Puntal en Camposancos s\u00famase aos enormes atractivos que xa ten esta parroquia -","isPartOf":{"@id":"https:\/\/www.anovapeneira.gal\/#website"},"primaryImageOfPage":{"@id":"https:\/\/www.anovapeneira.gal\/index.php\/2020\/07\/24\/o-pineiral-o-puntal-en-camposancos-sumase-aos-enormes-atractivos-que-xa-ten-esta-parroquia\/#primaryimage"},"image":{"@id":"https:\/\/www.anovapeneira.gal\/index.php\/2020\/07\/24\/o-pineiral-o-puntal-en-camposancos-sumase-aos-enormes-atractivos-que-xa-ten-esta-parroquia\/#primaryimage"},"thumbnailUrl":"https:\/\/www.anovapeneira.gal\/wp-content\/uploads\/2020\/07\/pinheiral_camposancos_a_nova_peneira.jpg","datePublished":"2020-07-24T08:00:31+00:00","dateModified":"2020-07-24T11:40:13+00:00","breadcrumb":{"@id":"https:\/\/www.anovapeneira.gal\/index.php\/2020\/07\/24\/o-pineiral-o-puntal-en-camposancos-sumase-aos-enormes-atractivos-que-xa-ten-esta-parroquia\/#breadcrumb"},"inLanguage":"gl-ES","potentialAction":[{"@type":"ReadAction","target":["https:\/\/www.anovapeneira.gal\/index.php\/2020\/07\/24\/o-pineiral-o-puntal-en-camposancos-sumase-aos-enormes-atractivos-que-xa-ten-esta-parroquia\/"]}]},{"@type":"ImageObject","inLanguage":"gl-ES","@id":"https:\/\/www.anovapeneira.gal\/index.php\/2020\/07\/24\/o-pineiral-o-puntal-en-camposancos-sumase-aos-enormes-atractivos-que-xa-ten-esta-parroquia\/#primaryimage","url":"https:\/\/www.anovapeneira.gal\/wp-content\/uploads\/2020\/07\/pinheiral_camposancos_a_nova_peneira.jpg","contentUrl":"https:\/\/www.anovapeneira.gal\/wp-content\/uploads\/2020\/07\/pinheiral_camposancos_a_nova_peneira.jpg","width":720,"height":432,"caption":"O artista Xos\u00e9 Cabaleiro e Mercedes a presidenta da ELM"},{"@type":"BreadcrumbList","@id":"https:\/\/www.anovapeneira.gal\/index.php\/2020\/07\/24\/o-pineiral-o-puntal-en-camposancos-sumase-aos-enormes-atractivos-que-xa-ten-esta-parroquia\/#breadcrumb","itemListElement":[{"@type":"ListItem","position":1,"name":"Portada","item":"https:\/\/www.anovapeneira.gal\/"},{"@type":"ListItem","position":2,"name":"O Pi\u00f1eiral o Puntal en Camposancos s\u00famase aos enormes atractivos que xa ten esta parroquia"}]},{"@type":"WebSite","@id":"https:\/\/www.anovapeneira.gal\/#website","url":"https:\/\/www.anovapeneira.gal\/","name":"","description":"Xornal galego de informaci\u00f3n xeral Publicaci\u00f3n mensual de novas de Galicia e en especial dos Concellos da sur da provincia de Pontevedra.","publisher":{"@id":"https:\/\/www.anovapeneira.gal\/#organization"},"potentialAction":[{"@type":"SearchAction","target":{"@type":"EntryPoint","urlTemplate":"https:\/\/www.anovapeneira.gal\/?s={search_term_string}"},"query-input":{"@type":"PropertyValueSpecification","valueRequired":true,"valueName":"search_term_string"}}],"inLanguage":"gl-ES"},{"@type":"Organization","@id":"https:\/\/www.anovapeneira.gal\/#organization","name":"A Nova Peneira","url":"https:\/\/www.anovapeneira.gal\/","logo":{"@type":"ImageObject","inLanguage":"gl-ES","@id":"https:\/\/www.anovapeneira.gal\/#\/schema\/logo\/image\/","url":"http:\/\/www.anovapeneira.gal\/wp-content\/uploads\/2019\/06\/logo_a_nova_peneira_portal_web.png","contentUrl":"http:\/\/www.anovapeneira.gal\/wp-content\/uploads\/2019\/06\/logo_a_nova_peneira_portal_web.png","width":300,"height":100,"caption":"A Nova Peneira"},"image":{"@id":"https:\/\/www.anovapeneira.gal\/#\/schema\/logo\/image\/"},"sameAs":["https:\/\/www.facebook.com\/anovapeneira","https:\/\/x.com\/APeneira"]},{"@type":"Person","@id":"https:\/\/www.anovapeneira.gal\/#\/schema\/person\/b93e3f8932e3f8da96334607eb6ac6aa","name":"Redacci\u00f3n A Nova Peneira","image":{"@type":"ImageObject","inLanguage":"gl-ES","@id":"https:\/\/secure.gravatar.com\/avatar\/c052a2551a06e23fac63626232eaa90abd78dbcf1700fc46a2b2c89fd27b735f?s=96&d=mm&r=g","url":"https:\/\/secure.gravatar.com\/avatar\/c052a2551a06e23fac63626232eaa90abd78dbcf1700fc46a2b2c89fd27b735f?s=96&d=mm&r=g","contentUrl":"https:\/\/secure.gravatar.com\/avatar\/c052a2551a06e23fac63626232eaa90abd78dbcf1700fc46a2b2c89fd27b735f?s=96&d=mm&r=g","caption":"Redacci\u00f3n A Nova Peneira"},"sameAs":["http:\/\/www.anovapeneira.gal\/"],"url":"https:\/\/www.anovapeneira.gal\/index.php\/author\/redactor\/"}]}},"jetpack_featured_media_url":"https:\/\/www.anovapeneira.gal\/wp-content\/uploads\/2020\/07\/pinheiral_camposancos_a_nova_peneira.jpg","_links":{"self":[{"href":"https:\/\/www.anovapeneira.gal\/index.php\/wp-json\/wp\/v2\/posts\/3581","targetHints":{"allow":["GET"]}}],"collection":[{"href":"https:\/\/www.anovapeneira.gal\/index.php\/wp-json\/wp\/v2\/posts"}],"about":[{"href":"https:\/\/www.anovapeneira.gal\/index.php\/wp-json\/wp\/v2\/types\/post"}],"author":[{"embeddable":true,"href":"https:\/\/www.anovapeneira.gal\/index.php\/wp-json\/wp\/v2\/users\/3"}],"replies":[{"embeddable":true,"href":"https:\/\/www.anovapeneira.gal\/index.php\/wp-json\/wp\/v2\/comments?post=3581"}],"version-history":[{"count":3,"href":"https:\/\/www.anovapeneira.gal\/index.php\/wp-json\/wp\/v2\/posts\/3581\/revisions"}],"predecessor-version":[{"id":3604,"href":"https:\/\/www.anovapeneira.gal\/index.php\/wp-json\/wp\/v2\/posts\/3581\/revisions\/3604"}],"wp:featuredmedia":[{"embeddable":true,"href":"https:\/\/www.anovapeneira.gal\/index.php\/wp-json\/wp\/v2\/media\/3582"}],"wp:attachment":[{"href":"https:\/\/www.anovapeneira.gal\/index.php\/wp-json\/wp\/v2\/media?parent=3581"}],"wp:term":[{"taxonomy":"category","embeddable":true,"href":"https:\/\/www.anovapeneira.gal\/index.php\/wp-json\/wp\/v2\/categories?post=3581"},{"taxonomy":"post_tag","embeddable":true,"href":"https:\/\/www.anovapeneira.gal\/index.php\/wp-json\/wp\/v2\/tags?post=3581"}],"curies":[{"name":"wp","href":"https:\/\/api.w.org\/{rel}","templated":true}]}}