{"id":3586,"date":"2020-07-27T10:00:11","date_gmt":"2020-07-27T08:00:11","guid":{"rendered":"http:\/\/www.anovapeneira.gal\/?p=3586"},"modified":"2020-07-21T21:17:36","modified_gmt":"2020-07-21T19:17:36","slug":"vigo-ciclabel-a-praia-en-bici","status":"publish","type":"post","link":"https:\/\/www.anovapeneira.gal\/index.php\/2020\/07\/27\/vigo-ciclabel-a-praia-en-bici\/","title":{"rendered":"Vigo Ciclabel, \u00e1 praia en bici"},"content":{"rendered":"\n<figure class=\"wp-block-image size-large is-resized is-style-default\"><img loading=\"lazy\" decoding=\"async\" src=\"http:\/\/www.anovapeneira.gal\/wp-content\/uploads\/2019\/07\/cristobal_a_nova_peneira.jpg\" alt=\"Crist\u00f3bal L\u00f3pez A Nova Peneira\" class=\"wp-image-555\" width=\"95\" height=\"111\"\/><figcaption><strong>Crist\u00f3bal L\u00f3pez, coordinador de Ecoloxistas en Acci\u00f3n Vigo<\/strong><\/figcaption><\/figure>\n\n\n\n<p>A agrupaci\u00f3n Vigo Ciclabel da que Ecoloxistas en Acci\u00f3n Vigo \u00e9 integrante xunto coas asociaci\u00f3ns A Golpe de Pedal, ConBici, Verdegaia, ADEGA, Greenpeace, Mulleres Bicivisibeis, Vigo Hist\u00f3rico e Xuventude polo Clima lanzamos unha campa\u00f1a para fomentar durante o ver\u00e1n o uso da bicicleta como medio de transporte nos desprazamentos \u00e1s praias de Vigo. Para que esta ciclo-mobilidade sexa unha realidade propo\u00f1emos ao Concello de Vigo que implemente&nbsp; corredores ciclistas na avenida de Europa, na avenida de Samil e na avenida de Beiramar, dedicando un carril de ida e outro de volta \u00e1 mobilidade exclusivamente en bicicleta e ciclocarr\u00eds mixtos na r\u00faa Tom\u00e1s Alonso, r\u00faa Camilo Veiga, avenida da Atl\u00e1ntida, avenida da Florida, r\u00faa de Tom\u00e1s Paredes, r\u00faa do R\u00edo e r\u00faa de Canido, mediante a reduci\u00f3n da velocidade m\u00e1xima a 30km\/h en todos os traxectos e a colocaci\u00f3n de lombos na calzada como medida de pacificaci\u00f3n do tr\u00e1fico rodado a motor.<\/p>\n\n\n\n<p>A bicicleta non pode enfrontarse en guerra aberta co coche, non poder\u00e1 recuperar os espazos p\u00fablicos sen antes pacificarse o tr\u00e1fico. Para acadar dita pacificaci\u00f3n \u00e9 necesario reducir a densidade de tr\u00e1fico de autom\u00f3vil e restrinxir a velocidade m\u00e1xima de circulaci\u00f3n a 30km\/h. Por iso, unha das medidas que propo\u00f1emos desde Vigo Ciclabel \u00e9 a eliminaci\u00f3n de zonas de aparcadoiro nos areais de Vigo para disuadir do uso de veh\u00edculos a motor. Medida que debe ir acompa\u00f1ada da instalaci\u00f3n de aparcadoiros para bicis en todos os accesos \u00e1s praias do litoral vigu\u00e9s. Non menos importante \u00e9 o estabrecemento da intermoladidade entre o autob\u00fas urbano e a bicicleta, ampliando deste xeito a distancia a cubrir polo ciclista e garantindo a posibilidade dunha mobilidade alternativa no caso de empeorar as condici\u00f3ns para o uso da bicicleta.<\/p>\n\n\n\n<p>M\u00e1is al\u00f3 da proposta de habilitaci\u00f3n de itinerarios ciclistas seguros que permitan achegarse en bicicleta \u00e1 franxa litoral, pretendemos concienciar dos beneficios tanto ecol\u00f3xicos como para \u00e1 sa\u00fade deste medio de transporte sen fumes.&nbsp;<\/p>\n\n\n\n<p>Menos coches na estrada significa menos emisi\u00f3ns de gases efecto invernadoiro que provocan o cambio clim\u00e1tico. O transporte por estrada \u00e9 un dos principais causante da crise clim\u00e1tica.<\/p>\n\n\n\n<p>Menos coches na cidade implica menos envelenamentos pola contaminaci\u00f3n que mana dos tubos de escape. Na provincia de Pontevedra morren unha media de 85 persoas s\u00f3 de envelenamento por NO2 e son multiples as afecci\u00f3ns ao sistema respiratorio causantes de enfermidades cr\u00f3nicas que en moitos casos derivan en falecemento.&nbsp;<\/p>\n\n\n\n<p>Menos coches circulando equivale a menos accidentes, menos colisi\u00f3ns, menos alcances a veh\u00edculos sen motor e menos atropelos a viandantes. A cidadan\u00eda ten a percepci\u00f3n acertada de que a mortalidade por colisi\u00f3ns entre veh\u00edculos leva anos en descenso, pero non \u00e9 as\u00ed cos accidentes por atropelo. As estad\u00edsticas falan de preto de 10.000 alcances ano en Espa\u00f1a cunha cifra de mortos pr\u00f3xima \u00e1s 400 persoas. Galicia \u00e9 a segunda comunidade con maior \u00edndice de atropelos e Vigo ten a dubidosa honra de encabezar a listaxe das cidades galegas.&nbsp;<\/p>\n\n\n\n<p>Fomentar o uso da bicicleta revirte na sa\u00fade do ciclista e dos seus concidad\u00e1ns. Menos atascos, menos fumes e menos ru\u00eddo. As experiencias de creaci\u00f3n de Zonas Baixas en Emisi\u00f3ns noutras cidades como Londres ou Madrid non da lugar a d\u00fabidas, en ambas capitais acadaron unha dr\u00e1stica reducci\u00f3n de emisi\u00f3ns de CO2 e NO2. En Vigo non necesitamos ir tan lonxe para atopar exemplos a imitar de implantaci\u00f3n de ZBE, temos a Pontevedra moi preto.&nbsp;<\/p>\n\n\n\n<p>Sabemos do esforzo que est\u00e1 facendo o Concello de Vigo para implementar carr\u00eds bici de uso exclusivo para ciclos e ciclocarr\u00eds de uso compartido na cidade. Poderiamos tildar de serodio este esforzo, pero mellor concentrarnos en que o esforzo sexa continuado no tempo e alcance o \u00e9xito cumplindo o obxetivo de seducir \u00e1s viguesas e vigueses para que confinen os coches e fagan Vigo a pedaladas.&nbsp;<\/p>\n\n\n\n<p>Aplaudimos este esforzo e a rengl\u00f3n seguido sinalamos as deficiencias para que os carr\u00eds bici rec\u00e9n inagurados non queden en meros paseos para ciclistas de domingo. Ademais das medidas xa citadas como a reducci\u00f3n da velocidade maxima a 30km\/h e a admisi\u00f3n da bici no transporte colectivo, solicitamos ao goberno local que non se quede a medias cando nos xogamos o futuro da nosa cidade. Sen demora debemos acometer a instalaci\u00f3n de aparcadoiros de bicicletas en todas as \u00e1reas de afluencia da cidade, implantar un servizo municipal de aluguer de ciclos enfocado a fomentar o seu uso entre a poboaci\u00f3n flotante e retomar a humanizaci\u00f3n de r\u00faas e prazas. Gustarianos presumir da peonalizaci\u00f3n dese\u00f1ada para contorna do Sireo, pero as\u00ed non. O tunel de Elduayen lonxe de pacificar o tr\u00e1fico, fai efecto chamada ao mellorar a fluidez da circulaci\u00f3n, en vez de disuadir do uso do coche polo centro hist\u00f3rico da cidade.<\/p>\n\n\n\n<p>Repensemos a nosa cidade tendo en conta o futuro das xeraci\u00f3ns vindeiras. Fagamos Vigo a golpe de pedal indo ao traballo ou a praia en bici.<\/p>\n","protected":false},"excerpt":{"rendered":"<div class=\"mh-excerpt\"><p>A agrupaci\u00f3n Vigo Ciclabel da que Ecoloxistas en Acci\u00f3n Vigo \u00e9 integrante xunto coas asociaci\u00f3ns A Golpe de Pedal, ConBici, Verdegaia, ADEGA, Greenpeace, Mulleres Bicivisibeis, Vigo Hist\u00f3rico e Xuventude polo Clima lanzamos unha campa\u00f1a para fomentar durante o ver\u00e1n o uso da bicicleta como medio de transporte nos desprazamentos \u00e1s praias de Vigo <a class=\"mh-excerpt-more\" href=\"https:\/\/www.anovapeneira.gal\/index.php\/2020\/07\/27\/vigo-ciclabel-a-praia-en-bici\/\" title=\"Vigo Ciclabel, \u00e1 praia en bici\">[&#8230;]<\/a><\/p>\n<\/div>","protected":false},"author":13,"featured_media":3587,"comment_status":"open","ping_status":"open","sticky":false,"template":"","format":"standard","meta":{"_exactmetrics_skip_tracking":false,"_exactmetrics_sitenote_active":false,"_exactmetrics_sitenote_note":"","_exactmetrics_sitenote_category":0,"footnotes":""},"categories":[19],"tags":[1158,227,924],"class_list":{"0":"post-3586","1":"post","2":"type-post","3":"status-publish","4":"format-standard","5":"has-post-thumbnail","7":"category-vigo","8":"tag-a-praia-en-bici","9":"tag-concello-de-vigo","10":"tag-ecoloxistas-en-accion"},"yoast_head":"<!-- This site is optimized with the Yoast SEO plugin v27.4 - https:\/\/yoast.com\/product\/yoast-seo-wordpress\/ -->\n<title>Vigo Ciclabel, \u00e1 praia en bici -<\/title>\n<meta name=\"robots\" content=\"index, follow, max-snippet:-1, max-image-preview:large, max-video-preview:-1\" \/>\n<link rel=\"canonical\" href=\"https:\/\/www.anovapeneira.gal\/index.php\/2020\/07\/27\/vigo-ciclabel-a-praia-en-bici\/\" \/>\n<meta property=\"og:locale\" content=\"gl_ES\" \/>\n<meta property=\"og:type\" content=\"article\" \/>\n<meta property=\"og:title\" content=\"Vigo Ciclabel, \u00e1 praia en bici -\" \/>\n<meta property=\"og:description\" content=\"A agrupaci\u00f3n Vigo Ciclabel da que Ecoloxistas en Acci\u00f3n Vigo \u00e9 integrante xunto coas asociaci\u00f3ns A Golpe de Pedal, ConBici, Verdegaia, ADEGA, Greenpeace, Mulleres Bicivisibeis, Vigo Hist\u00f3rico e Xuventude polo Clima lanzamos unha campa\u00f1a para fomentar durante o ver\u00e1n o uso da bicicleta como medio de transporte nos desprazamentos \u00e1s praias de Vigo [...]\" \/>\n<meta property=\"og:url\" content=\"https:\/\/www.anovapeneira.gal\/index.php\/2020\/07\/27\/vigo-ciclabel-a-praia-en-bici\/\" \/>\n<meta property=\"article:publisher\" content=\"https:\/\/www.facebook.com\/anovapeneira\" \/>\n<meta property=\"article:published_time\" content=\"2020-07-27T08:00:11+00:00\" \/>\n<meta property=\"og:image\" content=\"https:\/\/www.anovapeneira.gal\/wp-content\/uploads\/2020\/07\/a_praia_en_bici_a_nova_peneira.jpg\" \/>\n\t<meta property=\"og:image:width\" content=\"720\" \/>\n\t<meta property=\"og:image:height\" content=\"432\" \/>\n\t<meta property=\"og:image:type\" content=\"image\/jpeg\" \/>\n<meta name=\"author\" content=\"Cristobal L\u00f3pez\" \/>\n<meta name=\"twitter:card\" content=\"summary_large_image\" \/>\n<meta name=\"twitter:creator\" content=\"@APeneira\" \/>\n<meta name=\"twitter:site\" content=\"@APeneira\" \/>\n<meta name=\"twitter:label1\" content=\"Escrito por\" \/>\n\t<meta name=\"twitter:data1\" content=\"Cristobal L\u00f3pez\" \/>\n\t<meta name=\"twitter:label2\" content=\"Tempo de lectura\" \/>\n\t<meta name=\"twitter:data2\" content=\"4 minutos\" \/>\n<script type=\"application\/ld+json\" class=\"yoast-schema-graph\">{\"@context\":\"https:\\\/\\\/schema.org\",\"@graph\":[{\"@type\":\"Article\",\"@id\":\"https:\\\/\\\/www.anovapeneira.gal\\\/index.php\\\/2020\\\/07\\\/27\\\/vigo-ciclabel-a-praia-en-bici\\\/#article\",\"isPartOf\":{\"@id\":\"https:\\\/\\\/www.anovapeneira.gal\\\/index.php\\\/2020\\\/07\\\/27\\\/vigo-ciclabel-a-praia-en-bici\\\/\"},\"author\":{\"name\":\"Cristobal L\u00f3pez\",\"@id\":\"https:\\\/\\\/www.anovapeneira.gal\\\/#\\\/schema\\\/person\\\/45b3df2338e4d898b7616809f9c5906c\"},\"headline\":\"Vigo Ciclabel, \u00e1 praia en bici\",\"datePublished\":\"2020-07-27T08:00:11+00:00\",\"mainEntityOfPage\":{\"@id\":\"https:\\\/\\\/www.anovapeneira.gal\\\/index.php\\\/2020\\\/07\\\/27\\\/vigo-ciclabel-a-praia-en-bici\\\/\"},\"wordCount\":898,\"commentCount\":0,\"publisher\":{\"@id\":\"https:\\\/\\\/www.anovapeneira.gal\\\/#organization\"},\"image\":{\"@id\":\"https:\\\/\\\/www.anovapeneira.gal\\\/index.php\\\/2020\\\/07\\\/27\\\/vigo-ciclabel-a-praia-en-bici\\\/#primaryimage\"},\"thumbnailUrl\":\"https:\\\/\\\/www.anovapeneira.gal\\\/wp-content\\\/uploads\\\/2020\\\/07\\\/a_praia_en_bici_a_nova_peneira.jpg\",\"keywords\":[\"\u00c1 praia en bici\",\"Concello de Vigo\",\"Ecoloxistas en Acci\u00f3n\"],\"articleSection\":[\"Vigo\"],\"inLanguage\":\"gl-ES\",\"potentialAction\":[{\"@type\":\"CommentAction\",\"name\":\"Comment\",\"target\":[\"https:\\\/\\\/www.anovapeneira.gal\\\/index.php\\\/2020\\\/07\\\/27\\\/vigo-ciclabel-a-praia-en-bici\\\/#respond\"]}]},{\"@type\":\"WebPage\",\"@id\":\"https:\\\/\\\/www.anovapeneira.gal\\\/index.php\\\/2020\\\/07\\\/27\\\/vigo-ciclabel-a-praia-en-bici\\\/\",\"url\":\"https:\\\/\\\/www.anovapeneira.gal\\\/index.php\\\/2020\\\/07\\\/27\\\/vigo-ciclabel-a-praia-en-bici\\\/\",\"name\":\"Vigo Ciclabel, \u00e1 praia en bici -\",\"isPartOf\":{\"@id\":\"https:\\\/\\\/www.anovapeneira.gal\\\/#website\"},\"primaryImageOfPage\":{\"@id\":\"https:\\\/\\\/www.anovapeneira.gal\\\/index.php\\\/2020\\\/07\\\/27\\\/vigo-ciclabel-a-praia-en-bici\\\/#primaryimage\"},\"image\":{\"@id\":\"https:\\\/\\\/www.anovapeneira.gal\\\/index.php\\\/2020\\\/07\\\/27\\\/vigo-ciclabel-a-praia-en-bici\\\/#primaryimage\"},\"thumbnailUrl\":\"https:\\\/\\\/www.anovapeneira.gal\\\/wp-content\\\/uploads\\\/2020\\\/07\\\/a_praia_en_bici_a_nova_peneira.jpg\",\"datePublished\":\"2020-07-27T08:00:11+00:00\",\"breadcrumb\":{\"@id\":\"https:\\\/\\\/www.anovapeneira.gal\\\/index.php\\\/2020\\\/07\\\/27\\\/vigo-ciclabel-a-praia-en-bici\\\/#breadcrumb\"},\"inLanguage\":\"gl-ES\",\"potentialAction\":[{\"@type\":\"ReadAction\",\"target\":[\"https:\\\/\\\/www.anovapeneira.gal\\\/index.php\\\/2020\\\/07\\\/27\\\/vigo-ciclabel-a-praia-en-bici\\\/\"]}]},{\"@type\":\"ImageObject\",\"inLanguage\":\"gl-ES\",\"@id\":\"https:\\\/\\\/www.anovapeneira.gal\\\/index.php\\\/2020\\\/07\\\/27\\\/vigo-ciclabel-a-praia-en-bici\\\/#primaryimage\",\"url\":\"https:\\\/\\\/www.anovapeneira.gal\\\/wp-content\\\/uploads\\\/2020\\\/07\\\/a_praia_en_bici_a_nova_peneira.jpg\",\"contentUrl\":\"https:\\\/\\\/www.anovapeneira.gal\\\/wp-content\\\/uploads\\\/2020\\\/07\\\/a_praia_en_bici_a_nova_peneira.jpg\",\"width\":720,\"height\":432,\"caption\":\"\u00e1 praia en bici A Nova Peneira\"},{\"@type\":\"BreadcrumbList\",\"@id\":\"https:\\\/\\\/www.anovapeneira.gal\\\/index.php\\\/2020\\\/07\\\/27\\\/vigo-ciclabel-a-praia-en-bici\\\/#breadcrumb\",\"itemListElement\":[{\"@type\":\"ListItem\",\"position\":1,\"name\":\"Portada\",\"item\":\"https:\\\/\\\/www.anovapeneira.gal\\\/\"},{\"@type\":\"ListItem\",\"position\":2,\"name\":\"Vigo Ciclabel, \u00e1 praia en bici\"}]},{\"@type\":\"WebSite\",\"@id\":\"https:\\\/\\\/www.anovapeneira.gal\\\/#website\",\"url\":\"https:\\\/\\\/www.anovapeneira.gal\\\/\",\"name\":\"\",\"description\":\"Xornal galego de informaci\u00f3n xeral Publicaci\u00f3n mensual de novas de Galicia e en especial dos Concellos da sur da provincia de Pontevedra.\",\"publisher\":{\"@id\":\"https:\\\/\\\/www.anovapeneira.gal\\\/#organization\"},\"potentialAction\":[{\"@type\":\"SearchAction\",\"target\":{\"@type\":\"EntryPoint\",\"urlTemplate\":\"https:\\\/\\\/www.anovapeneira.gal\\\/?s={search_term_string}\"},\"query-input\":{\"@type\":\"PropertyValueSpecification\",\"valueRequired\":true,\"valueName\":\"search_term_string\"}}],\"inLanguage\":\"gl-ES\"},{\"@type\":\"Organization\",\"@id\":\"https:\\\/\\\/www.anovapeneira.gal\\\/#organization\",\"name\":\"A Nova Peneira\",\"url\":\"https:\\\/\\\/www.anovapeneira.gal\\\/\",\"logo\":{\"@type\":\"ImageObject\",\"inLanguage\":\"gl-ES\",\"@id\":\"https:\\\/\\\/www.anovapeneira.gal\\\/#\\\/schema\\\/logo\\\/image\\\/\",\"url\":\"http:\\\/\\\/www.anovapeneira.gal\\\/wp-content\\\/uploads\\\/2019\\\/06\\\/logo_a_nova_peneira_portal_web.png\",\"contentUrl\":\"http:\\\/\\\/www.anovapeneira.gal\\\/wp-content\\\/uploads\\\/2019\\\/06\\\/logo_a_nova_peneira_portal_web.png\",\"width\":300,\"height\":100,\"caption\":\"A Nova Peneira\"},\"image\":{\"@id\":\"https:\\\/\\\/www.anovapeneira.gal\\\/#\\\/schema\\\/logo\\\/image\\\/\"},\"sameAs\":[\"https:\\\/\\\/www.facebook.com\\\/anovapeneira\",\"https:\\\/\\\/x.com\\\/APeneira\"]},{\"@type\":\"Person\",\"@id\":\"https:\\\/\\\/www.anovapeneira.gal\\\/#\\\/schema\\\/person\\\/45b3df2338e4d898b7616809f9c5906c\",\"name\":\"Cristobal L\u00f3pez\",\"image\":{\"@type\":\"ImageObject\",\"inLanguage\":\"gl-ES\",\"@id\":\"https:\\\/\\\/secure.gravatar.com\\\/avatar\\\/b537cf06ef8166c9ef72b09f4d5f6446b1e22ea99505d94e40b8685710482f79?s=96&d=mm&r=g\",\"url\":\"https:\\\/\\\/secure.gravatar.com\\\/avatar\\\/b537cf06ef8166c9ef72b09f4d5f6446b1e22ea99505d94e40b8685710482f79?s=96&d=mm&r=g\",\"contentUrl\":\"https:\\\/\\\/secure.gravatar.com\\\/avatar\\\/b537cf06ef8166c9ef72b09f4d5f6446b1e22ea99505d94e40b8685710482f79?s=96&d=mm&r=g\",\"caption\":\"Cristobal L\u00f3pez\"},\"sameAs\":[\"http:\\\/\\\/anovapeneira.gal\"],\"url\":\"https:\\\/\\\/www.anovapeneira.gal\\\/index.php\\\/author\\\/opinioncristoballopez\\\/\"}]}<\/script>\n<!-- \/ Yoast SEO plugin. -->","yoast_head_json":{"title":"Vigo Ciclabel, \u00e1 praia en bici -","robots":{"index":"index","follow":"follow","max-snippet":"max-snippet:-1","max-image-preview":"max-image-preview:large","max-video-preview":"max-video-preview:-1"},"canonical":"https:\/\/www.anovapeneira.gal\/index.php\/2020\/07\/27\/vigo-ciclabel-a-praia-en-bici\/","og_locale":"gl_ES","og_type":"article","og_title":"Vigo Ciclabel, \u00e1 praia en bici -","og_description":"A agrupaci\u00f3n Vigo Ciclabel da que Ecoloxistas en Acci\u00f3n Vigo \u00e9 integrante xunto coas asociaci\u00f3ns A Golpe de Pedal, ConBici, Verdegaia, ADEGA, Greenpeace, Mulleres Bicivisibeis, Vigo Hist\u00f3rico e Xuventude polo Clima lanzamos unha campa\u00f1a para fomentar durante o ver\u00e1n o uso da bicicleta como medio de transporte nos desprazamentos \u00e1s praias de Vigo [...]","og_url":"https:\/\/www.anovapeneira.gal\/index.php\/2020\/07\/27\/vigo-ciclabel-a-praia-en-bici\/","article_publisher":"https:\/\/www.facebook.com\/anovapeneira","article_published_time":"2020-07-27T08:00:11+00:00","og_image":[{"width":720,"height":432,"url":"https:\/\/www.anovapeneira.gal\/wp-content\/uploads\/2020\/07\/a_praia_en_bici_a_nova_peneira.jpg","type":"image\/jpeg"}],"author":"Cristobal L\u00f3pez","twitter_card":"summary_large_image","twitter_creator":"@APeneira","twitter_site":"@APeneira","twitter_misc":{"Escrito por":"Cristobal L\u00f3pez","Tempo de lectura":"4 minutos"},"schema":{"@context":"https:\/\/schema.org","@graph":[{"@type":"Article","@id":"https:\/\/www.anovapeneira.gal\/index.php\/2020\/07\/27\/vigo-ciclabel-a-praia-en-bici\/#article","isPartOf":{"@id":"https:\/\/www.anovapeneira.gal\/index.php\/2020\/07\/27\/vigo-ciclabel-a-praia-en-bici\/"},"author":{"name":"Cristobal L\u00f3pez","@id":"https:\/\/www.anovapeneira.gal\/#\/schema\/person\/45b3df2338e4d898b7616809f9c5906c"},"headline":"Vigo Ciclabel, \u00e1 praia en bici","datePublished":"2020-07-27T08:00:11+00:00","mainEntityOfPage":{"@id":"https:\/\/www.anovapeneira.gal\/index.php\/2020\/07\/27\/vigo-ciclabel-a-praia-en-bici\/"},"wordCount":898,"commentCount":0,"publisher":{"@id":"https:\/\/www.anovapeneira.gal\/#organization"},"image":{"@id":"https:\/\/www.anovapeneira.gal\/index.php\/2020\/07\/27\/vigo-ciclabel-a-praia-en-bici\/#primaryimage"},"thumbnailUrl":"https:\/\/www.anovapeneira.gal\/wp-content\/uploads\/2020\/07\/a_praia_en_bici_a_nova_peneira.jpg","keywords":["\u00c1 praia en bici","Concello de Vigo","Ecoloxistas en Acci\u00f3n"],"articleSection":["Vigo"],"inLanguage":"gl-ES","potentialAction":[{"@type":"CommentAction","name":"Comment","target":["https:\/\/www.anovapeneira.gal\/index.php\/2020\/07\/27\/vigo-ciclabel-a-praia-en-bici\/#respond"]}]},{"@type":"WebPage","@id":"https:\/\/www.anovapeneira.gal\/index.php\/2020\/07\/27\/vigo-ciclabel-a-praia-en-bici\/","url":"https:\/\/www.anovapeneira.gal\/index.php\/2020\/07\/27\/vigo-ciclabel-a-praia-en-bici\/","name":"Vigo Ciclabel, \u00e1 praia en bici -","isPartOf":{"@id":"https:\/\/www.anovapeneira.gal\/#website"},"primaryImageOfPage":{"@id":"https:\/\/www.anovapeneira.gal\/index.php\/2020\/07\/27\/vigo-ciclabel-a-praia-en-bici\/#primaryimage"},"image":{"@id":"https:\/\/www.anovapeneira.gal\/index.php\/2020\/07\/27\/vigo-ciclabel-a-praia-en-bici\/#primaryimage"},"thumbnailUrl":"https:\/\/www.anovapeneira.gal\/wp-content\/uploads\/2020\/07\/a_praia_en_bici_a_nova_peneira.jpg","datePublished":"2020-07-27T08:00:11+00:00","breadcrumb":{"@id":"https:\/\/www.anovapeneira.gal\/index.php\/2020\/07\/27\/vigo-ciclabel-a-praia-en-bici\/#breadcrumb"},"inLanguage":"gl-ES","potentialAction":[{"@type":"ReadAction","target":["https:\/\/www.anovapeneira.gal\/index.php\/2020\/07\/27\/vigo-ciclabel-a-praia-en-bici\/"]}]},{"@type":"ImageObject","inLanguage":"gl-ES","@id":"https:\/\/www.anovapeneira.gal\/index.php\/2020\/07\/27\/vigo-ciclabel-a-praia-en-bici\/#primaryimage","url":"https:\/\/www.anovapeneira.gal\/wp-content\/uploads\/2020\/07\/a_praia_en_bici_a_nova_peneira.jpg","contentUrl":"https:\/\/www.anovapeneira.gal\/wp-content\/uploads\/2020\/07\/a_praia_en_bici_a_nova_peneira.jpg","width":720,"height":432,"caption":"\u00e1 praia en bici A Nova Peneira"},{"@type":"BreadcrumbList","@id":"https:\/\/www.anovapeneira.gal\/index.php\/2020\/07\/27\/vigo-ciclabel-a-praia-en-bici\/#breadcrumb","itemListElement":[{"@type":"ListItem","position":1,"name":"Portada","item":"https:\/\/www.anovapeneira.gal\/"},{"@type":"ListItem","position":2,"name":"Vigo Ciclabel, \u00e1 praia en bici"}]},{"@type":"WebSite","@id":"https:\/\/www.anovapeneira.gal\/#website","url":"https:\/\/www.anovapeneira.gal\/","name":"","description":"Xornal galego de informaci\u00f3n xeral Publicaci\u00f3n mensual de novas de Galicia e en especial dos Concellos da sur da provincia de Pontevedra.","publisher":{"@id":"https:\/\/www.anovapeneira.gal\/#organization"},"potentialAction":[{"@type":"SearchAction","target":{"@type":"EntryPoint","urlTemplate":"https:\/\/www.anovapeneira.gal\/?s={search_term_string}"},"query-input":{"@type":"PropertyValueSpecification","valueRequired":true,"valueName":"search_term_string"}}],"inLanguage":"gl-ES"},{"@type":"Organization","@id":"https:\/\/www.anovapeneira.gal\/#organization","name":"A Nova Peneira","url":"https:\/\/www.anovapeneira.gal\/","logo":{"@type":"ImageObject","inLanguage":"gl-ES","@id":"https:\/\/www.anovapeneira.gal\/#\/schema\/logo\/image\/","url":"http:\/\/www.anovapeneira.gal\/wp-content\/uploads\/2019\/06\/logo_a_nova_peneira_portal_web.png","contentUrl":"http:\/\/www.anovapeneira.gal\/wp-content\/uploads\/2019\/06\/logo_a_nova_peneira_portal_web.png","width":300,"height":100,"caption":"A Nova Peneira"},"image":{"@id":"https:\/\/www.anovapeneira.gal\/#\/schema\/logo\/image\/"},"sameAs":["https:\/\/www.facebook.com\/anovapeneira","https:\/\/x.com\/APeneira"]},{"@type":"Person","@id":"https:\/\/www.anovapeneira.gal\/#\/schema\/person\/45b3df2338e4d898b7616809f9c5906c","name":"Cristobal L\u00f3pez","image":{"@type":"ImageObject","inLanguage":"gl-ES","@id":"https:\/\/secure.gravatar.com\/avatar\/b537cf06ef8166c9ef72b09f4d5f6446b1e22ea99505d94e40b8685710482f79?s=96&d=mm&r=g","url":"https:\/\/secure.gravatar.com\/avatar\/b537cf06ef8166c9ef72b09f4d5f6446b1e22ea99505d94e40b8685710482f79?s=96&d=mm&r=g","contentUrl":"https:\/\/secure.gravatar.com\/avatar\/b537cf06ef8166c9ef72b09f4d5f6446b1e22ea99505d94e40b8685710482f79?s=96&d=mm&r=g","caption":"Cristobal L\u00f3pez"},"sameAs":["http:\/\/anovapeneira.gal"],"url":"https:\/\/www.anovapeneira.gal\/index.php\/author\/opinioncristoballopez\/"}]}},"jetpack_featured_media_url":"https:\/\/www.anovapeneira.gal\/wp-content\/uploads\/2020\/07\/a_praia_en_bici_a_nova_peneira.jpg","_links":{"self":[{"href":"https:\/\/www.anovapeneira.gal\/index.php\/wp-json\/wp\/v2\/posts\/3586","targetHints":{"allow":["GET"]}}],"collection":[{"href":"https:\/\/www.anovapeneira.gal\/index.php\/wp-json\/wp\/v2\/posts"}],"about":[{"href":"https:\/\/www.anovapeneira.gal\/index.php\/wp-json\/wp\/v2\/types\/post"}],"author":[{"embeddable":true,"href":"https:\/\/www.anovapeneira.gal\/index.php\/wp-json\/wp\/v2\/users\/13"}],"replies":[{"embeddable":true,"href":"https:\/\/www.anovapeneira.gal\/index.php\/wp-json\/wp\/v2\/comments?post=3586"}],"version-history":[{"count":1,"href":"https:\/\/www.anovapeneira.gal\/index.php\/wp-json\/wp\/v2\/posts\/3586\/revisions"}],"predecessor-version":[{"id":3588,"href":"https:\/\/www.anovapeneira.gal\/index.php\/wp-json\/wp\/v2\/posts\/3586\/revisions\/3588"}],"wp:featuredmedia":[{"embeddable":true,"href":"https:\/\/www.anovapeneira.gal\/index.php\/wp-json\/wp\/v2\/media\/3587"}],"wp:attachment":[{"href":"https:\/\/www.anovapeneira.gal\/index.php\/wp-json\/wp\/v2\/media?parent=3586"}],"wp:term":[{"taxonomy":"category","embeddable":true,"href":"https:\/\/www.anovapeneira.gal\/index.php\/wp-json\/wp\/v2\/categories?post=3586"},{"taxonomy":"post_tag","embeddable":true,"href":"https:\/\/www.anovapeneira.gal\/index.php\/wp-json\/wp\/v2\/tags?post=3586"}],"curies":[{"name":"wp","href":"https:\/\/api.w.org\/{rel}","templated":true}]}}