{"id":3591,"date":"2020-07-28T10:00:23","date_gmt":"2020-07-28T08:00:23","guid":{"rendered":"http:\/\/www.anovapeneira.gal\/?p=3591"},"modified":"2020-07-21T21:41:45","modified_gmt":"2020-07-21T19:41:45","slug":"25-de-xullo-dia-nacional-de-galicia","status":"publish","type":"post","link":"https:\/\/www.anovapeneira.gal\/index.php\/2020\/07\/28\/25-de-xullo-dia-nacional-de-galicia\/","title":{"rendered":"25 de Xullo. D\u00eda Nacional de Galicia"},"content":{"rendered":"\n<figure class=\"wp-block-image size-large is-resized is-style-default\"><img loading=\"lazy\" decoding=\"async\" src=\"http:\/\/www.anovapeneira.gal\/wp-content\/uploads\/2019\/05\/tino_lago_director_a_nova_peneira.jpg\" alt=\"Tino Lago director a Nova Peneira\" class=\"wp-image-189\" width=\"95\" height=\"111\"\/><figcaption>Tino Lago director a Nova Peneira<\/figcaption><\/figure>\n\n\n\n<p>O pasado s\u00e1bado foi o d\u00eda nacional do meu pa\u00eds, por\u00e9n foi un 25 de xullo diferente. As circunstancias sanitarias que vive a humanidade, inmersa na loita contra a pandemia v\u00edrica do coronavirus, fixeron que por primeira vez en varias d\u00e9cadas non estivera percorrendo as r\u00faas de Santiago canda milleiros de homes e mulleres que, coma min ,queremos expresar tanto a nosa convicci\u00f3n de que Galicia \u00e9 unha realidade singular no mundo, nin mellor nin peor que ningunha outra , pero diferente a todas as demais, como a nosa determinaci\u00f3n de que como o mar que ilustra a imaxe da nosa portada bate nas rochas unha e outra vez , d\u00eda a dia e ano a ano ata os l\u00edmites da eternidade, remata por conseguir aos poucos mudar as p\u00e9treas realidades que semellaban inmutables , batendo coa forza do noso amor e o exemplo dos nosos comportamentos na conciencia colectiva do pobo galego unha e outra vez, d\u00eda a d\u00eda e ano a ano ata os l\u00edmites da eternidade rematemos por mudar as p\u00e9treas realidades que parecen inmutables e convencer \u00e1 inmensa maior\u00eda social deste pa\u00eds dalgo tan sinxelo \u00e9 \u00e1 vez tan revolucionario como que os asuntos que atinxen aos intereses do noso pobo deben de ser xestionados polo noso pobo, pois ese \u00e9 o \u00fanico cami\u00f1o posible para que o interese xeral do pobo galego non estea subordinado \u00e1s raz\u00f3ns de outros, igualmente lex\u00edtimas abof\u00e9, pero que non son as nosas.<\/p>\n\n\n\n<p>O 25 de Xullo non estiven en Santiago, paseino, noutra fermosa rexi\u00f3n deste pa\u00eds, na serra da Groba da comarca do Baixo Mi\u00f1o admirando a beleza sen igual da maior reserva de cabalos salvaxes en liberdade do planeta terra, aquela na que a voracidade dos axentes comerciais das oligarqu\u00edas econ\u00f3micas, agochados baixo a forma dun partido pol\u00edtico fundado por varios ministros franquistas, un d\u00eda quixo converter en campo de golf para o goce dos se\u00f1oritos \u201ccastellanos de castilla\u201d e que agora ameaza cun novo proxecto en forma de parque e\u00f3lico, como tan ben describe a nosa compa\u00f1eira Montse Fajardo nunha brillante reportaxe que poden ler nas mesmas p\u00e1xinas desta edici\u00f3n. Al\u00ed xunto ao meu amigo Xos\u00e9 Abelenda , un galego ao que como tantos e tantas non lle quedou m\u00e1is remedio que ga\u00f1ar a vida f\u00f3ra de Galicia, e que ten un fillo que naceu o mesmo d\u00eda que naceu \u00e1 mi\u00f1a filla, analizamos o resultado das pasadas elecci\u00f3ns auton\u00f3micas e ambos conclu\u00edmos que o nacionalismo galego non pode desaproveitar a ocasi\u00f3n hist\u00f3rica dun esperanzador ciclo pol\u00edtico que semella querer agromar. O partido popular volveu ga\u00f1ar as elecci\u00f3ns e toca darlle os parab\u00e9ns e desexarlle todo tipo de acertos e sorte na s\u00faa xesti\u00f3n, pois os seus acertos ser\u00e1n os do pobo galego no seu conxunto. Por\u00e9n non podemos esquecer que o modelo social que defende o partido cuxo presidente se avergonza dos seu nome, pois eliminouno en todos os carteis da campa\u00f1a electoral, o liberalismo econ\u00f3mico e a moral conservadora ,\u00e9 a causa directa da pobreza e a fame no mundo, al\u00e9n de ser motor dos peores per\u00edodos de represi\u00f3n da historia da humanidade. O PP poder\u00e1 xestionar mellor o peor, agardo que o fagan de marabilla, pero o seu modelo de sociedade non serve m\u00e1is que para xerar pobreza e aumentar as fendas entre quen ten moito e quen nunca poder\u00e1 ter nada. O Nacionalismo galego tirou un resultado espectacular multiplicando por 3 os seus votos e os seus escanos, pero non \u00e9 a primeira vez na recente historia de Galicia que acontece un fen\u00f3meno semellante, pois as\u00ed sucedeu cando Beiras era portavoz nacional do BNG, e todo ese caudal pol\u00edtico foi desperdiciado ata o punto de que hai escasos anos o nacionalismo organizado como expresi\u00f3n pol\u00edtica propia correu un risco moi serio de desaparecer. Xa que logo, c\u00f3mpre aprender de erros pasados para non repetilos e, ao meu modo de ver, traballar nas seguintes chaves;-O nacionalismo acadou algo m\u00e1is de 300.000 votos, pero en Galicia non hai 300.000 persoas, que se sintan nacionalistas. \u00c9 unha suma de raz\u00f3ns diversas \u00e1s que levaron a milleiros de persoas non nacionalistas a depositar a s\u00faa confianza no proxecto encabezado por Ana Pont\u00f3n.-O voto prestado \u00e9 como o amor , hai que traballalo para conservalo. S\u00f3 a humildade, o traballo incansable na defensa dos intereses colectivos, a cohesi\u00f3n interna( por favor Amio nunca m\u00e1is),os comportamentos escrupulosamente \u00e9ticos, a contundencia superlativa contra calquera acto inmoral, ve\u00f1a de quen ve\u00f1a, e o tratamento respectuoso a todas as persoas poden facer que o que hoxe \u00e9 un pr\u00e9stamo ma\u00f1\u00e1 sexa un compromiso permanente. E co\u00f1ecendo persoalmente como co\u00f1ezo a Ana, a N\u00e9stor, a Noa, a Mini, a Bieito, a Luis, a Manu&#8230;a esperanza alumea a mi\u00f1a realidade , sei positivamente que van traballar con humildade absoluta e de maneira incansable .E como o mar que bate nas rochas e remata por transformalas bater\u00e1n unha e outra vez na conciencia colectiva do noso pobo ata transformar as realidades en aparencia intransformables.<\/p>\n","protected":false},"excerpt":{"rendered":"<div class=\"mh-excerpt\"><p>O pasado s\u00e1bado foi o d\u00eda nacional do meu pa\u00eds, por\u00e9n foi un 25 de xullo diferente. As circunstancias sanitarias que vive a humanidade, inmersa na loita contra a pandemia v\u00edrica do coronavirus, fixeron que por primeira vez en varias d\u00e9cadas non estivera percorrendo as r\u00faas de Santiago canda milleiros de homes e mulleres que, coma min ,queremos expresar tanto a nosa convicci\u00f3n de que Galicia \u00e9 unha realidade singular no mundo, nin mellor nin peor que ningunha outra <a class=\"mh-excerpt-more\" href=\"https:\/\/www.anovapeneira.gal\/index.php\/2020\/07\/28\/25-de-xullo-dia-nacional-de-galicia\/\" title=\"25 de Xullo. D\u00eda Nacional de Galicia\">[&#8230;]<\/a><\/p>\n<\/div>","protected":false},"author":2,"featured_media":913,"comment_status":"open","ping_status":"open","sticky":false,"template":"","format":"standard","meta":{"_exactmetrics_skip_tracking":false,"_exactmetrics_sitenote_active":false,"_exactmetrics_sitenote_note":"","_exactmetrics_sitenote_category":0,"footnotes":""},"categories":[61],"tags":[282],"class_list":{"0":"post-3591","1":"post","2":"type-post","3":"status-publish","4":"format-standard","5":"has-post-thumbnail","7":"category-artigo-editorial","8":"tag-25-de-xullo"},"yoast_head":"<!-- This site is optimized with the Yoast SEO plugin v27.4 - https:\/\/yoast.com\/product\/yoast-seo-wordpress\/ -->\n<title>25 de Xullo. D\u00eda Nacional de Galicia -<\/title>\n<meta name=\"robots\" content=\"index, follow, max-snippet:-1, max-image-preview:large, max-video-preview:-1\" \/>\n<link rel=\"canonical\" href=\"https:\/\/www.anovapeneira.gal\/index.php\/2020\/07\/28\/25-de-xullo-dia-nacional-de-galicia\/\" \/>\n<meta property=\"og:locale\" content=\"gl_ES\" \/>\n<meta property=\"og:type\" content=\"article\" \/>\n<meta property=\"og:title\" content=\"25 de Xullo. D\u00eda Nacional de Galicia -\" \/>\n<meta property=\"og:description\" content=\"O pasado s\u00e1bado foi o d\u00eda nacional do meu pa\u00eds, por\u00e9n foi un 25 de xullo diferente. As circunstancias sanitarias que vive a humanidade, inmersa na loita contra a pandemia v\u00edrica do coronavirus, fixeron que por primeira vez en varias d\u00e9cadas non estivera percorrendo as r\u00faas de Santiago canda milleiros de homes e mulleres que, coma min ,queremos expresar tanto a nosa convicci\u00f3n de que Galicia \u00e9 unha realidade singular no mundo, nin mellor nin peor que ningunha outra [...]\" \/>\n<meta property=\"og:url\" content=\"https:\/\/www.anovapeneira.gal\/index.php\/2020\/07\/28\/25-de-xullo-dia-nacional-de-galicia\/\" \/>\n<meta property=\"article:publisher\" content=\"https:\/\/www.facebook.com\/anovapeneira\" \/>\n<meta property=\"article:published_time\" content=\"2020-07-28T08:00:23+00:00\" \/>\n<meta property=\"og:image\" content=\"https:\/\/www.anovapeneira.gal\/wp-content\/uploads\/2019\/08\/artigo_editorial_a_nova_peneira.jpg\" \/>\n\t<meta property=\"og:image:width\" content=\"720\" \/>\n\t<meta property=\"og:image:height\" content=\"473\" \/>\n\t<meta property=\"og:image:type\" content=\"image\/jpeg\" \/>\n<meta name=\"author\" content=\"Tino Lago\" \/>\n<meta name=\"twitter:card\" content=\"summary_large_image\" \/>\n<meta name=\"twitter:creator\" content=\"@APeneira\" \/>\n<meta name=\"twitter:site\" content=\"@APeneira\" \/>\n<meta name=\"twitter:label1\" content=\"Escrito por\" \/>\n\t<meta name=\"twitter:data1\" content=\"Tino Lago\" \/>\n\t<meta name=\"twitter:label2\" content=\"Tempo de lectura\" \/>\n\t<meta name=\"twitter:data2\" content=\"4 minutos\" \/>\n<script type=\"application\/ld+json\" class=\"yoast-schema-graph\">{\"@context\":\"https:\\\/\\\/schema.org\",\"@graph\":[{\"@type\":\"Article\",\"@id\":\"https:\\\/\\\/www.anovapeneira.gal\\\/index.php\\\/2020\\\/07\\\/28\\\/25-de-xullo-dia-nacional-de-galicia\\\/#article\",\"isPartOf\":{\"@id\":\"https:\\\/\\\/www.anovapeneira.gal\\\/index.php\\\/2020\\\/07\\\/28\\\/25-de-xullo-dia-nacional-de-galicia\\\/\"},\"author\":{\"name\":\"Tino Lago\",\"@id\":\"https:\\\/\\\/www.anovapeneira.gal\\\/#\\\/schema\\\/person\\\/424dfe65e3070fd8a44d22d2c088762a\"},\"headline\":\"25 de Xullo. D\u00eda Nacional de Galicia\",\"datePublished\":\"2020-07-28T08:00:23+00:00\",\"mainEntityOfPage\":{\"@id\":\"https:\\\/\\\/www.anovapeneira.gal\\\/index.php\\\/2020\\\/07\\\/28\\\/25-de-xullo-dia-nacional-de-galicia\\\/\"},\"wordCount\":900,\"commentCount\":0,\"publisher\":{\"@id\":\"https:\\\/\\\/www.anovapeneira.gal\\\/#organization\"},\"image\":{\"@id\":\"https:\\\/\\\/www.anovapeneira.gal\\\/index.php\\\/2020\\\/07\\\/28\\\/25-de-xullo-dia-nacional-de-galicia\\\/#primaryimage\"},\"thumbnailUrl\":\"https:\\\/\\\/www.anovapeneira.gal\\\/wp-content\\\/uploads\\\/2019\\\/08\\\/artigo_editorial_a_nova_peneira.jpg\",\"keywords\":[\"25 de xullo\"],\"articleSection\":[\"Artigo editorial\"],\"inLanguage\":\"gl-ES\",\"potentialAction\":[{\"@type\":\"CommentAction\",\"name\":\"Comment\",\"target\":[\"https:\\\/\\\/www.anovapeneira.gal\\\/index.php\\\/2020\\\/07\\\/28\\\/25-de-xullo-dia-nacional-de-galicia\\\/#respond\"]}]},{\"@type\":\"WebPage\",\"@id\":\"https:\\\/\\\/www.anovapeneira.gal\\\/index.php\\\/2020\\\/07\\\/28\\\/25-de-xullo-dia-nacional-de-galicia\\\/\",\"url\":\"https:\\\/\\\/www.anovapeneira.gal\\\/index.php\\\/2020\\\/07\\\/28\\\/25-de-xullo-dia-nacional-de-galicia\\\/\",\"name\":\"25 de Xullo. D\u00eda Nacional de Galicia -\",\"isPartOf\":{\"@id\":\"https:\\\/\\\/www.anovapeneira.gal\\\/#website\"},\"primaryImageOfPage\":{\"@id\":\"https:\\\/\\\/www.anovapeneira.gal\\\/index.php\\\/2020\\\/07\\\/28\\\/25-de-xullo-dia-nacional-de-galicia\\\/#primaryimage\"},\"image\":{\"@id\":\"https:\\\/\\\/www.anovapeneira.gal\\\/index.php\\\/2020\\\/07\\\/28\\\/25-de-xullo-dia-nacional-de-galicia\\\/#primaryimage\"},\"thumbnailUrl\":\"https:\\\/\\\/www.anovapeneira.gal\\\/wp-content\\\/uploads\\\/2019\\\/08\\\/artigo_editorial_a_nova_peneira.jpg\",\"datePublished\":\"2020-07-28T08:00:23+00:00\",\"breadcrumb\":{\"@id\":\"https:\\\/\\\/www.anovapeneira.gal\\\/index.php\\\/2020\\\/07\\\/28\\\/25-de-xullo-dia-nacional-de-galicia\\\/#breadcrumb\"},\"inLanguage\":\"gl-ES\",\"potentialAction\":[{\"@type\":\"ReadAction\",\"target\":[\"https:\\\/\\\/www.anovapeneira.gal\\\/index.php\\\/2020\\\/07\\\/28\\\/25-de-xullo-dia-nacional-de-galicia\\\/\"]}]},{\"@type\":\"ImageObject\",\"inLanguage\":\"gl-ES\",\"@id\":\"https:\\\/\\\/www.anovapeneira.gal\\\/index.php\\\/2020\\\/07\\\/28\\\/25-de-xullo-dia-nacional-de-galicia\\\/#primaryimage\",\"url\":\"https:\\\/\\\/www.anovapeneira.gal\\\/wp-content\\\/uploads\\\/2019\\\/08\\\/artigo_editorial_a_nova_peneira.jpg\",\"contentUrl\":\"https:\\\/\\\/www.anovapeneira.gal\\\/wp-content\\\/uploads\\\/2019\\\/08\\\/artigo_editorial_a_nova_peneira.jpg\",\"width\":720,\"height\":473,\"caption\":\"Artigo editorial Tino Lago A Nova Peneira\"},{\"@type\":\"BreadcrumbList\",\"@id\":\"https:\\\/\\\/www.anovapeneira.gal\\\/index.php\\\/2020\\\/07\\\/28\\\/25-de-xullo-dia-nacional-de-galicia\\\/#breadcrumb\",\"itemListElement\":[{\"@type\":\"ListItem\",\"position\":1,\"name\":\"Portada\",\"item\":\"https:\\\/\\\/www.anovapeneira.gal\\\/\"},{\"@type\":\"ListItem\",\"position\":2,\"name\":\"25 de Xullo. D\u00eda Nacional de Galicia\"}]},{\"@type\":\"WebSite\",\"@id\":\"https:\\\/\\\/www.anovapeneira.gal\\\/#website\",\"url\":\"https:\\\/\\\/www.anovapeneira.gal\\\/\",\"name\":\"\",\"description\":\"Xornal galego de informaci\u00f3n xeral Publicaci\u00f3n mensual de novas de Galicia e en especial dos Concellos da sur da provincia de Pontevedra.\",\"publisher\":{\"@id\":\"https:\\\/\\\/www.anovapeneira.gal\\\/#organization\"},\"potentialAction\":[{\"@type\":\"SearchAction\",\"target\":{\"@type\":\"EntryPoint\",\"urlTemplate\":\"https:\\\/\\\/www.anovapeneira.gal\\\/?s={search_term_string}\"},\"query-input\":{\"@type\":\"PropertyValueSpecification\",\"valueRequired\":true,\"valueName\":\"search_term_string\"}}],\"inLanguage\":\"gl-ES\"},{\"@type\":\"Organization\",\"@id\":\"https:\\\/\\\/www.anovapeneira.gal\\\/#organization\",\"name\":\"A Nova Peneira\",\"url\":\"https:\\\/\\\/www.anovapeneira.gal\\\/\",\"logo\":{\"@type\":\"ImageObject\",\"inLanguage\":\"gl-ES\",\"@id\":\"https:\\\/\\\/www.anovapeneira.gal\\\/#\\\/schema\\\/logo\\\/image\\\/\",\"url\":\"http:\\\/\\\/www.anovapeneira.gal\\\/wp-content\\\/uploads\\\/2019\\\/06\\\/logo_a_nova_peneira_portal_web.png\",\"contentUrl\":\"http:\\\/\\\/www.anovapeneira.gal\\\/wp-content\\\/uploads\\\/2019\\\/06\\\/logo_a_nova_peneira_portal_web.png\",\"width\":300,\"height\":100,\"caption\":\"A Nova Peneira\"},\"image\":{\"@id\":\"https:\\\/\\\/www.anovapeneira.gal\\\/#\\\/schema\\\/logo\\\/image\\\/\"},\"sameAs\":[\"https:\\\/\\\/www.facebook.com\\\/anovapeneira\",\"https:\\\/\\\/x.com\\\/APeneira\"]},{\"@type\":\"Person\",\"@id\":\"https:\\\/\\\/www.anovapeneira.gal\\\/#\\\/schema\\\/person\\\/424dfe65e3070fd8a44d22d2c088762a\",\"name\":\"Tino Lago\",\"image\":{\"@type\":\"ImageObject\",\"inLanguage\":\"gl-ES\",\"@id\":\"https:\\\/\\\/secure.gravatar.com\\\/avatar\\\/b3df6a06e44bab3111583b90f0f33a0379ee5e3d22cbadd232d39f21c30c62be?s=96&d=mm&r=g\",\"url\":\"https:\\\/\\\/secure.gravatar.com\\\/avatar\\\/b3df6a06e44bab3111583b90f0f33a0379ee5e3d22cbadd232d39f21c30c62be?s=96&d=mm&r=g\",\"contentUrl\":\"https:\\\/\\\/secure.gravatar.com\\\/avatar\\\/b3df6a06e44bab3111583b90f0f33a0379ee5e3d22cbadd232d39f21c30c62be?s=96&d=mm&r=g\",\"caption\":\"Tino Lago\"},\"sameAs\":[\"http:\\\/\\\/www.anovapeneira.gal\"],\"url\":\"https:\\\/\\\/www.anovapeneira.gal\\\/index.php\\\/author\\\/director\\\/\"}]}<\/script>\n<!-- \/ Yoast SEO plugin. -->","yoast_head_json":{"title":"25 de Xullo. D\u00eda Nacional de Galicia -","robots":{"index":"index","follow":"follow","max-snippet":"max-snippet:-1","max-image-preview":"max-image-preview:large","max-video-preview":"max-video-preview:-1"},"canonical":"https:\/\/www.anovapeneira.gal\/index.php\/2020\/07\/28\/25-de-xullo-dia-nacional-de-galicia\/","og_locale":"gl_ES","og_type":"article","og_title":"25 de Xullo. D\u00eda Nacional de Galicia -","og_description":"O pasado s\u00e1bado foi o d\u00eda nacional do meu pa\u00eds, por\u00e9n foi un 25 de xullo diferente. As circunstancias sanitarias que vive a humanidade, inmersa na loita contra a pandemia v\u00edrica do coronavirus, fixeron que por primeira vez en varias d\u00e9cadas non estivera percorrendo as r\u00faas de Santiago canda milleiros de homes e mulleres que, coma min ,queremos expresar tanto a nosa convicci\u00f3n de que Galicia \u00e9 unha realidade singular no mundo, nin mellor nin peor que ningunha outra [...]","og_url":"https:\/\/www.anovapeneira.gal\/index.php\/2020\/07\/28\/25-de-xullo-dia-nacional-de-galicia\/","article_publisher":"https:\/\/www.facebook.com\/anovapeneira","article_published_time":"2020-07-28T08:00:23+00:00","og_image":[{"width":720,"height":473,"url":"https:\/\/www.anovapeneira.gal\/wp-content\/uploads\/2019\/08\/artigo_editorial_a_nova_peneira.jpg","type":"image\/jpeg"}],"author":"Tino Lago","twitter_card":"summary_large_image","twitter_creator":"@APeneira","twitter_site":"@APeneira","twitter_misc":{"Escrito por":"Tino Lago","Tempo de lectura":"4 minutos"},"schema":{"@context":"https:\/\/schema.org","@graph":[{"@type":"Article","@id":"https:\/\/www.anovapeneira.gal\/index.php\/2020\/07\/28\/25-de-xullo-dia-nacional-de-galicia\/#article","isPartOf":{"@id":"https:\/\/www.anovapeneira.gal\/index.php\/2020\/07\/28\/25-de-xullo-dia-nacional-de-galicia\/"},"author":{"name":"Tino Lago","@id":"https:\/\/www.anovapeneira.gal\/#\/schema\/person\/424dfe65e3070fd8a44d22d2c088762a"},"headline":"25 de Xullo. D\u00eda Nacional de Galicia","datePublished":"2020-07-28T08:00:23+00:00","mainEntityOfPage":{"@id":"https:\/\/www.anovapeneira.gal\/index.php\/2020\/07\/28\/25-de-xullo-dia-nacional-de-galicia\/"},"wordCount":900,"commentCount":0,"publisher":{"@id":"https:\/\/www.anovapeneira.gal\/#organization"},"image":{"@id":"https:\/\/www.anovapeneira.gal\/index.php\/2020\/07\/28\/25-de-xullo-dia-nacional-de-galicia\/#primaryimage"},"thumbnailUrl":"https:\/\/www.anovapeneira.gal\/wp-content\/uploads\/2019\/08\/artigo_editorial_a_nova_peneira.jpg","keywords":["25 de xullo"],"articleSection":["Artigo editorial"],"inLanguage":"gl-ES","potentialAction":[{"@type":"CommentAction","name":"Comment","target":["https:\/\/www.anovapeneira.gal\/index.php\/2020\/07\/28\/25-de-xullo-dia-nacional-de-galicia\/#respond"]}]},{"@type":"WebPage","@id":"https:\/\/www.anovapeneira.gal\/index.php\/2020\/07\/28\/25-de-xullo-dia-nacional-de-galicia\/","url":"https:\/\/www.anovapeneira.gal\/index.php\/2020\/07\/28\/25-de-xullo-dia-nacional-de-galicia\/","name":"25 de Xullo. D\u00eda Nacional de Galicia -","isPartOf":{"@id":"https:\/\/www.anovapeneira.gal\/#website"},"primaryImageOfPage":{"@id":"https:\/\/www.anovapeneira.gal\/index.php\/2020\/07\/28\/25-de-xullo-dia-nacional-de-galicia\/#primaryimage"},"image":{"@id":"https:\/\/www.anovapeneira.gal\/index.php\/2020\/07\/28\/25-de-xullo-dia-nacional-de-galicia\/#primaryimage"},"thumbnailUrl":"https:\/\/www.anovapeneira.gal\/wp-content\/uploads\/2019\/08\/artigo_editorial_a_nova_peneira.jpg","datePublished":"2020-07-28T08:00:23+00:00","breadcrumb":{"@id":"https:\/\/www.anovapeneira.gal\/index.php\/2020\/07\/28\/25-de-xullo-dia-nacional-de-galicia\/#breadcrumb"},"inLanguage":"gl-ES","potentialAction":[{"@type":"ReadAction","target":["https:\/\/www.anovapeneira.gal\/index.php\/2020\/07\/28\/25-de-xullo-dia-nacional-de-galicia\/"]}]},{"@type":"ImageObject","inLanguage":"gl-ES","@id":"https:\/\/www.anovapeneira.gal\/index.php\/2020\/07\/28\/25-de-xullo-dia-nacional-de-galicia\/#primaryimage","url":"https:\/\/www.anovapeneira.gal\/wp-content\/uploads\/2019\/08\/artigo_editorial_a_nova_peneira.jpg","contentUrl":"https:\/\/www.anovapeneira.gal\/wp-content\/uploads\/2019\/08\/artigo_editorial_a_nova_peneira.jpg","width":720,"height":473,"caption":"Artigo editorial Tino Lago A Nova Peneira"},{"@type":"BreadcrumbList","@id":"https:\/\/www.anovapeneira.gal\/index.php\/2020\/07\/28\/25-de-xullo-dia-nacional-de-galicia\/#breadcrumb","itemListElement":[{"@type":"ListItem","position":1,"name":"Portada","item":"https:\/\/www.anovapeneira.gal\/"},{"@type":"ListItem","position":2,"name":"25 de Xullo. D\u00eda Nacional de Galicia"}]},{"@type":"WebSite","@id":"https:\/\/www.anovapeneira.gal\/#website","url":"https:\/\/www.anovapeneira.gal\/","name":"","description":"Xornal galego de informaci\u00f3n xeral Publicaci\u00f3n mensual de novas de Galicia e en especial dos Concellos da sur da provincia de Pontevedra.","publisher":{"@id":"https:\/\/www.anovapeneira.gal\/#organization"},"potentialAction":[{"@type":"SearchAction","target":{"@type":"EntryPoint","urlTemplate":"https:\/\/www.anovapeneira.gal\/?s={search_term_string}"},"query-input":{"@type":"PropertyValueSpecification","valueRequired":true,"valueName":"search_term_string"}}],"inLanguage":"gl-ES"},{"@type":"Organization","@id":"https:\/\/www.anovapeneira.gal\/#organization","name":"A Nova Peneira","url":"https:\/\/www.anovapeneira.gal\/","logo":{"@type":"ImageObject","inLanguage":"gl-ES","@id":"https:\/\/www.anovapeneira.gal\/#\/schema\/logo\/image\/","url":"http:\/\/www.anovapeneira.gal\/wp-content\/uploads\/2019\/06\/logo_a_nova_peneira_portal_web.png","contentUrl":"http:\/\/www.anovapeneira.gal\/wp-content\/uploads\/2019\/06\/logo_a_nova_peneira_portal_web.png","width":300,"height":100,"caption":"A Nova Peneira"},"image":{"@id":"https:\/\/www.anovapeneira.gal\/#\/schema\/logo\/image\/"},"sameAs":["https:\/\/www.facebook.com\/anovapeneira","https:\/\/x.com\/APeneira"]},{"@type":"Person","@id":"https:\/\/www.anovapeneira.gal\/#\/schema\/person\/424dfe65e3070fd8a44d22d2c088762a","name":"Tino Lago","image":{"@type":"ImageObject","inLanguage":"gl-ES","@id":"https:\/\/secure.gravatar.com\/avatar\/b3df6a06e44bab3111583b90f0f33a0379ee5e3d22cbadd232d39f21c30c62be?s=96&d=mm&r=g","url":"https:\/\/secure.gravatar.com\/avatar\/b3df6a06e44bab3111583b90f0f33a0379ee5e3d22cbadd232d39f21c30c62be?s=96&d=mm&r=g","contentUrl":"https:\/\/secure.gravatar.com\/avatar\/b3df6a06e44bab3111583b90f0f33a0379ee5e3d22cbadd232d39f21c30c62be?s=96&d=mm&r=g","caption":"Tino Lago"},"sameAs":["http:\/\/www.anovapeneira.gal"],"url":"https:\/\/www.anovapeneira.gal\/index.php\/author\/director\/"}]}},"jetpack_featured_media_url":"https:\/\/www.anovapeneira.gal\/wp-content\/uploads\/2019\/08\/artigo_editorial_a_nova_peneira.jpg","_links":{"self":[{"href":"https:\/\/www.anovapeneira.gal\/index.php\/wp-json\/wp\/v2\/posts\/3591","targetHints":{"allow":["GET"]}}],"collection":[{"href":"https:\/\/www.anovapeneira.gal\/index.php\/wp-json\/wp\/v2\/posts"}],"about":[{"href":"https:\/\/www.anovapeneira.gal\/index.php\/wp-json\/wp\/v2\/types\/post"}],"author":[{"embeddable":true,"href":"https:\/\/www.anovapeneira.gal\/index.php\/wp-json\/wp\/v2\/users\/2"}],"replies":[{"embeddable":true,"href":"https:\/\/www.anovapeneira.gal\/index.php\/wp-json\/wp\/v2\/comments?post=3591"}],"version-history":[{"count":1,"href":"https:\/\/www.anovapeneira.gal\/index.php\/wp-json\/wp\/v2\/posts\/3591\/revisions"}],"predecessor-version":[{"id":3592,"href":"https:\/\/www.anovapeneira.gal\/index.php\/wp-json\/wp\/v2\/posts\/3591\/revisions\/3592"}],"wp:featuredmedia":[{"embeddable":true,"href":"https:\/\/www.anovapeneira.gal\/index.php\/wp-json\/wp\/v2\/media\/913"}],"wp:attachment":[{"href":"https:\/\/www.anovapeneira.gal\/index.php\/wp-json\/wp\/v2\/media?parent=3591"}],"wp:term":[{"taxonomy":"category","embeddable":true,"href":"https:\/\/www.anovapeneira.gal\/index.php\/wp-json\/wp\/v2\/categories?post=3591"},{"taxonomy":"post_tag","embeddable":true,"href":"https:\/\/www.anovapeneira.gal\/index.php\/wp-json\/wp\/v2\/tags?post=3591"}],"curies":[{"name":"wp","href":"https:\/\/api.w.org\/{rel}","templated":true}]}}