{"id":3609,"date":"2020-07-30T10:00:38","date_gmt":"2020-07-30T08:00:38","guid":{"rendered":"http:\/\/www.anovapeneira.gal\/?p=3609"},"modified":"2020-07-30T15:26:12","modified_gmt":"2020-07-30T13:26:12","slug":"defendamos-o-tren-como-servizo-publico-social-e-ecoloxico","status":"publish","type":"post","link":"https:\/\/www.anovapeneira.gal\/index.php\/2020\/07\/30\/defendamos-o-tren-como-servizo-publico-social-e-ecoloxico\/","title":{"rendered":"Defendamos o tren como servizo p\u00fablico, social e ecol\u00f3xico"},"content":{"rendered":"\n<h2 class=\"wp-block-heading\"><strong>Concentraci\u00f3n en Guixar-Vigo contra os recortes en servizos&nbsp; ferroviarios<\/strong><\/h2>\n\n\n\n<div class=\"wp-block-columns is-layout-flex wp-container-core-columns-is-layout-9d6595d7 wp-block-columns-is-layout-flex\">\n<div class=\"wp-block-column is-layout-flow wp-block-column-is-layout-flow\">\n<figure class=\"wp-block-image size-large is-resized is-style-default\"><img loading=\"lazy\" decoding=\"async\" src=\"http:\/\/www.anovapeneira.gal\/wp-content\/uploads\/2019\/07\/cristobal_a_nova_peneira.jpg\" alt=\"Crist\u00f3bal L\u00f3pez A Nova Peneira\" class=\"wp-image-555\" width=\"95\" height=\"111\"\/><figcaption>Crist\u00f3bal L\u00f3pez Pazo | Comuneiro dos montes de Tameiga, militante de anticapitalistas, ecoloxista en acci\u00f3n e veci\u00f1o constitu\u00ednte da asemblea veci\u00f1al ga\u00f1aM\u00f3s<\/figcaption><\/figure>\n<\/div>\n\n\n\n<div class=\"wp-block-column is-layout-flow wp-block-column-is-layout-flow\">\n<figure class=\"wp-block-image size-large is-resized is-style-default\"><img loading=\"lazy\" decoding=\"async\" src=\"http:\/\/www.anovapeneira.gal\/wp-content\/uploads\/2020\/02\/xaquin_pastoriza_a_nova_peneira.jpg\" alt=\"Xaqu\u00edn Pastoriza de Anticapitalistas de Galicia\" class=\"wp-image-2624\" width=\"95\" height=\"111\"\/><figcaption>Xaqu\u00edn Pastoriza de Anticapitalistas de Galicia<\/figcaption><\/figure>\n<\/div>\n<\/div>\n\n\n\n<p>Levamos asistindo nos \u00faltimos anos a un progresivo pero continuo desmantelamento do ferrocarril como servizo p\u00fablico. Supresi\u00f3n de li\u00f1as, recortes de persoal e privatizaci\u00f3n de servizos, nunha espiral de degradaci\u00f3n que ten coma obxectivo entregar ao capital sectores que escapaban da l\u00f3xica mercantilizadora. O \u00faltimo clavo no ata\u00fade foi o anuncio da supresi\u00f3n dos trens hoteis que unen Galiza con Madrid e Barcelona.<\/p>\n\n\n\n<p>A desaparici\u00f3n destas conexi\u00f3ns reduce unha oferta transversal de viaxes entre cidades e comunidades atacando as\u00ed un dereito fundamental como \u00e9 o da mobilidade. Renfe est\u00e1 aproveitando a crise sanitaria provocada polo Covid-19 para suprimir estes servizos ferroviarios nocturnos que leva anos degradando con recortes, especialmente o tren hotel a Madrid , reducindo as prazas ofertadas ou quitando coches, como en 2016, cando eliminou un 60 % de prazas, centrando os recortes ademais nas m\u00e1is econ\u00f3micas (sentadas e liteiras turistas). A isto \u00fanese a supresi\u00f3n de paradas(especialmente no rural) e servizos de cercan\u00edas, a suba desmesurada dos billetes e o tento de privilexiar as li\u00f1as de maior rendabilidade econ\u00f3mica e tamen m\u00e1is elitistas como as de Alta Velocidade. A direcci\u00f3n seguida por RENFE apunta no sentido contrario a unha mobilidade sostible que priorice a proximidade e as interconexi\u00f3ns e axude a vertebrar o Pa\u00eds dun xeito respetuoso co medio ambiente.<\/p>\n\n\n\n<p>O tren sup\u00f3n unha alternativa ecol\u00f3xica a medios de transporte moito m\u00e1is contaminantes ( o avi\u00f3n contamina 20 veces m\u00e1is que o tren, que emite 7 veces menos CO2 \u00e1 atm\u00f3sfera por pasaxeiro). Precisamente alg\u00fans pa\u00edses europeos est\u00e1n potenciando este tipo de trens en substituci\u00f3n do avi\u00f3n, como alternativa m\u00e1is sostible dentro das pol\u00edticas de loita contra o cambio clim\u00e1tico polo que resulta incomprensible que RENFE e o Goberno espa\u00f1ol aposten polo contrario, mentras se rescatan con cifras millonarias sectores que causan cantidades inxentes de emisi\u00f3ns de gases de efecto invernadoiro como a automoci\u00f3n ou o avi\u00f3n.<\/p>\n\n\n\n<p>Ademais, este tipo de trens, con compartimentos individuais e familiares, favorecen o distanciamiento f\u00edsico na viaxe e o cumprimento dos diversos protocolos derivados da crise sanitaria que padecemos. Por se fora pouco, estas medidas provocar\u00e1n a perda de numerosos postos de traballo, tanto directos como indirectos. Una empresa p\u00fablica como RENFE deber\u00eda velar sempre pola creaci\u00f3n de emprego de calidade e por ofrecer un servizo digno por enriba de intereses curtopracistas.&nbsp; O tren como transporte electrificado, como alternativa ecol\u00f3xica, como esperanza verde, deber\u00eda sa\u00edr a escena como protagonista principal da mobilidade tanto de pasaxeiros como de mercador\u00edas, aumentando a intermodalidade e a electrificaci\u00f3n de li\u00f1as, non recortando li\u00f1as e servizos. Non podemos asistir de brazos cruzados ao desmantelamento do ferrocarril convencional.<\/p>\n\n\n\n<p>Por iso, CGT Ferroviarios, co apoio de Ecoloxistas en Acci\u00f3n, iniciou mobilizaci\u00f3ns na Coru\u00f1a primeiro e este m\u00e9rcores 22 en Vigo contra o recorte de servizos. Defendamos xuntas un medio de transporte p\u00fablico, social e sostible!<\/p>\n\n\n\n<figure class=\"wp-block-embed-youtube wp-block-embed is-type-video is-provider-youtube wp-embed-aspect-16-9 wp-has-aspect-ratio\"><div class=\"wp-block-embed__wrapper\">\n<iframe loading=\"lazy\" title=\"CONCENTRACI\u00d3N EN DEFENSA DO FERROCARRIL P\u00daBLICO 07 2020\" width=\"500\" height=\"281\" src=\"https:\/\/www.youtube.com\/embed\/sV1DyONe51o?feature=oembed\" frameborder=\"0\" allow=\"accelerometer; autoplay; clipboard-write; encrypted-media; gyroscope; picture-in-picture; web-share\" referrerpolicy=\"strict-origin-when-cross-origin\" allowfullscreen><\/iframe>\n<\/div><\/figure>\n","protected":false},"excerpt":{"rendered":"<div class=\"mh-excerpt\"><p>Concentraci\u00f3n en Guixar-Vigo contra os recortes en servizos&nbsp; ferroviarios Levamos asistindo nos \u00faltimos anos a un progresivo pero continuo desmantelamento do ferrocarril como servizo p\u00fablico. Supresi\u00f3n de li\u00f1as, recortes de persoal e privatizaci\u00f3n de servizos, <a class=\"mh-excerpt-more\" href=\"https:\/\/www.anovapeneira.gal\/index.php\/2020\/07\/30\/defendamos-o-tren-como-servizo-publico-social-e-ecoloxico\/\" title=\"Defendamos o tren como servizo p\u00fablico, social e ecol\u00f3xico\">[&#8230;]<\/a><\/p>\n<\/div>","protected":false},"author":13,"featured_media":3646,"comment_status":"open","ping_status":"open","sticky":false,"template":"","format":"standard","meta":{"_exactmetrics_skip_tracking":false,"_exactmetrics_sitenote_active":false,"_exactmetrics_sitenote_note":"","_exactmetrics_sitenote_category":0,"footnotes":""},"categories":[19],"tags":[1165,1113,1055],"class_list":{"0":"post-3609","1":"post","2":"type-post","3":"status-publish","4":"format-standard","5":"has-post-thumbnail","7":"category-vigo","8":"tag-ecoloxico","9":"tag-ferrocarril","10":"tag-servizo-publico"},"yoast_head":"<!-- This site is optimized with the Yoast SEO plugin v27.4 - https:\/\/yoast.com\/product\/yoast-seo-wordpress\/ -->\n<title>Defendamos o tren como servizo p\u00fablico, social e ecol\u00f3xico -<\/title>\n<meta name=\"robots\" content=\"index, follow, max-snippet:-1, max-image-preview:large, max-video-preview:-1\" \/>\n<link rel=\"canonical\" href=\"https:\/\/www.anovapeneira.gal\/index.php\/2020\/07\/30\/defendamos-o-tren-como-servizo-publico-social-e-ecoloxico\/\" \/>\n<meta property=\"og:locale\" content=\"gl_ES\" \/>\n<meta property=\"og:type\" content=\"article\" \/>\n<meta property=\"og:title\" content=\"Defendamos o tren como servizo p\u00fablico, social e ecol\u00f3xico -\" \/>\n<meta property=\"og:description\" content=\"Concentraci\u00f3n en Guixar-Vigo contra os recortes en servizos&nbsp; ferroviarios Levamos asistindo nos \u00faltimos anos a un progresivo pero continuo desmantelamento do ferrocarril como servizo p\u00fablico. Supresi\u00f3n de li\u00f1as, recortes de persoal e privatizaci\u00f3n de servizos, [...]\" \/>\n<meta property=\"og:url\" content=\"https:\/\/www.anovapeneira.gal\/index.php\/2020\/07\/30\/defendamos-o-tren-como-servizo-publico-social-e-ecoloxico\/\" \/>\n<meta property=\"article:publisher\" content=\"https:\/\/www.facebook.com\/anovapeneira\" \/>\n<meta property=\"article:published_time\" content=\"2020-07-30T08:00:38+00:00\" \/>\n<meta property=\"article:modified_time\" content=\"2020-07-30T13:26:12+00:00\" \/>\n<meta property=\"og:image\" content=\"https:\/\/www.anovapeneira.gal\/wp-content\/uploads\/2020\/07\/defendamos_o_ferrocarril_a_nova_peneira.jpg\" \/>\n\t<meta property=\"og:image:width\" content=\"720\" \/>\n\t<meta property=\"og:image:height\" content=\"432\" \/>\n\t<meta property=\"og:image:type\" content=\"image\/jpeg\" \/>\n<meta name=\"author\" content=\"Cristobal L\u00f3pez\" \/>\n<meta name=\"twitter:card\" content=\"summary_large_image\" \/>\n<meta name=\"twitter:creator\" content=\"@APeneira\" \/>\n<meta name=\"twitter:site\" content=\"@APeneira\" \/>\n<meta name=\"twitter:label1\" content=\"Escrito por\" \/>\n\t<meta name=\"twitter:data1\" content=\"Cristobal L\u00f3pez\" \/>\n\t<meta name=\"twitter:label2\" content=\"Tempo de lectura\" \/>\n\t<meta name=\"twitter:data2\" content=\"3 minutos\" \/>\n<script type=\"application\/ld+json\" class=\"yoast-schema-graph\">{\"@context\":\"https:\\\/\\\/schema.org\",\"@graph\":[{\"@type\":\"Article\",\"@id\":\"https:\\\/\\\/www.anovapeneira.gal\\\/index.php\\\/2020\\\/07\\\/30\\\/defendamos-o-tren-como-servizo-publico-social-e-ecoloxico\\\/#article\",\"isPartOf\":{\"@id\":\"https:\\\/\\\/www.anovapeneira.gal\\\/index.php\\\/2020\\\/07\\\/30\\\/defendamos-o-tren-como-servizo-publico-social-e-ecoloxico\\\/\"},\"author\":{\"name\":\"Cristobal L\u00f3pez\",\"@id\":\"https:\\\/\\\/www.anovapeneira.gal\\\/#\\\/schema\\\/person\\\/45b3df2338e4d898b7616809f9c5906c\"},\"headline\":\"Defendamos o tren como servizo p\u00fablico, social e ecol\u00f3xico\",\"datePublished\":\"2020-07-30T08:00:38+00:00\",\"dateModified\":\"2020-07-30T13:26:12+00:00\",\"mainEntityOfPage\":{\"@id\":\"https:\\\/\\\/www.anovapeneira.gal\\\/index.php\\\/2020\\\/07\\\/30\\\/defendamos-o-tren-como-servizo-publico-social-e-ecoloxico\\\/\"},\"wordCount\":578,\"commentCount\":0,\"publisher\":{\"@id\":\"https:\\\/\\\/www.anovapeneira.gal\\\/#organization\"},\"image\":{\"@id\":\"https:\\\/\\\/www.anovapeneira.gal\\\/index.php\\\/2020\\\/07\\\/30\\\/defendamos-o-tren-como-servizo-publico-social-e-ecoloxico\\\/#primaryimage\"},\"thumbnailUrl\":\"https:\\\/\\\/www.anovapeneira.gal\\\/wp-content\\\/uploads\\\/2020\\\/07\\\/defendamos_o_ferrocarril_a_nova_peneira.jpg\",\"keywords\":[\"ecol\u00f3xico\",\"Ferrocarril\",\"Servizo P\u00fablico\"],\"articleSection\":[\"Vigo\"],\"inLanguage\":\"gl-ES\",\"potentialAction\":[{\"@type\":\"CommentAction\",\"name\":\"Comment\",\"target\":[\"https:\\\/\\\/www.anovapeneira.gal\\\/index.php\\\/2020\\\/07\\\/30\\\/defendamos-o-tren-como-servizo-publico-social-e-ecoloxico\\\/#respond\"]}]},{\"@type\":\"WebPage\",\"@id\":\"https:\\\/\\\/www.anovapeneira.gal\\\/index.php\\\/2020\\\/07\\\/30\\\/defendamos-o-tren-como-servizo-publico-social-e-ecoloxico\\\/\",\"url\":\"https:\\\/\\\/www.anovapeneira.gal\\\/index.php\\\/2020\\\/07\\\/30\\\/defendamos-o-tren-como-servizo-publico-social-e-ecoloxico\\\/\",\"name\":\"Defendamos o tren como servizo p\u00fablico, social e ecol\u00f3xico -\",\"isPartOf\":{\"@id\":\"https:\\\/\\\/www.anovapeneira.gal\\\/#website\"},\"primaryImageOfPage\":{\"@id\":\"https:\\\/\\\/www.anovapeneira.gal\\\/index.php\\\/2020\\\/07\\\/30\\\/defendamos-o-tren-como-servizo-publico-social-e-ecoloxico\\\/#primaryimage\"},\"image\":{\"@id\":\"https:\\\/\\\/www.anovapeneira.gal\\\/index.php\\\/2020\\\/07\\\/30\\\/defendamos-o-tren-como-servizo-publico-social-e-ecoloxico\\\/#primaryimage\"},\"thumbnailUrl\":\"https:\\\/\\\/www.anovapeneira.gal\\\/wp-content\\\/uploads\\\/2020\\\/07\\\/defendamos_o_ferrocarril_a_nova_peneira.jpg\",\"datePublished\":\"2020-07-30T08:00:38+00:00\",\"dateModified\":\"2020-07-30T13:26:12+00:00\",\"breadcrumb\":{\"@id\":\"https:\\\/\\\/www.anovapeneira.gal\\\/index.php\\\/2020\\\/07\\\/30\\\/defendamos-o-tren-como-servizo-publico-social-e-ecoloxico\\\/#breadcrumb\"},\"inLanguage\":\"gl-ES\",\"potentialAction\":[{\"@type\":\"ReadAction\",\"target\":[\"https:\\\/\\\/www.anovapeneira.gal\\\/index.php\\\/2020\\\/07\\\/30\\\/defendamos-o-tren-como-servizo-publico-social-e-ecoloxico\\\/\"]}]},{\"@type\":\"ImageObject\",\"inLanguage\":\"gl-ES\",\"@id\":\"https:\\\/\\\/www.anovapeneira.gal\\\/index.php\\\/2020\\\/07\\\/30\\\/defendamos-o-tren-como-servizo-publico-social-e-ecoloxico\\\/#primaryimage\",\"url\":\"https:\\\/\\\/www.anovapeneira.gal\\\/wp-content\\\/uploads\\\/2020\\\/07\\\/defendamos_o_ferrocarril_a_nova_peneira.jpg\",\"contentUrl\":\"https:\\\/\\\/www.anovapeneira.gal\\\/wp-content\\\/uploads\\\/2020\\\/07\\\/defendamos_o_ferrocarril_a_nova_peneira.jpg\",\"width\":720,\"height\":432,\"caption\":\"Defendamos o ferrocarril\"},{\"@type\":\"BreadcrumbList\",\"@id\":\"https:\\\/\\\/www.anovapeneira.gal\\\/index.php\\\/2020\\\/07\\\/30\\\/defendamos-o-tren-como-servizo-publico-social-e-ecoloxico\\\/#breadcrumb\",\"itemListElement\":[{\"@type\":\"ListItem\",\"position\":1,\"name\":\"Portada\",\"item\":\"https:\\\/\\\/www.anovapeneira.gal\\\/\"},{\"@type\":\"ListItem\",\"position\":2,\"name\":\"Defendamos o tren como servizo p\u00fablico, social e ecol\u00f3xico\"}]},{\"@type\":\"WebSite\",\"@id\":\"https:\\\/\\\/www.anovapeneira.gal\\\/#website\",\"url\":\"https:\\\/\\\/www.anovapeneira.gal\\\/\",\"name\":\"\",\"description\":\"Xornal galego de informaci\u00f3n xeral Publicaci\u00f3n mensual de novas de Galicia e en especial dos Concellos da sur da provincia de Pontevedra.\",\"publisher\":{\"@id\":\"https:\\\/\\\/www.anovapeneira.gal\\\/#organization\"},\"potentialAction\":[{\"@type\":\"SearchAction\",\"target\":{\"@type\":\"EntryPoint\",\"urlTemplate\":\"https:\\\/\\\/www.anovapeneira.gal\\\/?s={search_term_string}\"},\"query-input\":{\"@type\":\"PropertyValueSpecification\",\"valueRequired\":true,\"valueName\":\"search_term_string\"}}],\"inLanguage\":\"gl-ES\"},{\"@type\":\"Organization\",\"@id\":\"https:\\\/\\\/www.anovapeneira.gal\\\/#organization\",\"name\":\"A Nova Peneira\",\"url\":\"https:\\\/\\\/www.anovapeneira.gal\\\/\",\"logo\":{\"@type\":\"ImageObject\",\"inLanguage\":\"gl-ES\",\"@id\":\"https:\\\/\\\/www.anovapeneira.gal\\\/#\\\/schema\\\/logo\\\/image\\\/\",\"url\":\"http:\\\/\\\/www.anovapeneira.gal\\\/wp-content\\\/uploads\\\/2019\\\/06\\\/logo_a_nova_peneira_portal_web.png\",\"contentUrl\":\"http:\\\/\\\/www.anovapeneira.gal\\\/wp-content\\\/uploads\\\/2019\\\/06\\\/logo_a_nova_peneira_portal_web.png\",\"width\":300,\"height\":100,\"caption\":\"A Nova Peneira\"},\"image\":{\"@id\":\"https:\\\/\\\/www.anovapeneira.gal\\\/#\\\/schema\\\/logo\\\/image\\\/\"},\"sameAs\":[\"https:\\\/\\\/www.facebook.com\\\/anovapeneira\",\"https:\\\/\\\/x.com\\\/APeneira\"]},{\"@type\":\"Person\",\"@id\":\"https:\\\/\\\/www.anovapeneira.gal\\\/#\\\/schema\\\/person\\\/45b3df2338e4d898b7616809f9c5906c\",\"name\":\"Cristobal L\u00f3pez\",\"image\":{\"@type\":\"ImageObject\",\"inLanguage\":\"gl-ES\",\"@id\":\"https:\\\/\\\/secure.gravatar.com\\\/avatar\\\/b537cf06ef8166c9ef72b09f4d5f6446b1e22ea99505d94e40b8685710482f79?s=96&d=mm&r=g\",\"url\":\"https:\\\/\\\/secure.gravatar.com\\\/avatar\\\/b537cf06ef8166c9ef72b09f4d5f6446b1e22ea99505d94e40b8685710482f79?s=96&d=mm&r=g\",\"contentUrl\":\"https:\\\/\\\/secure.gravatar.com\\\/avatar\\\/b537cf06ef8166c9ef72b09f4d5f6446b1e22ea99505d94e40b8685710482f79?s=96&d=mm&r=g\",\"caption\":\"Cristobal L\u00f3pez\"},\"sameAs\":[\"http:\\\/\\\/anovapeneira.gal\"],\"url\":\"https:\\\/\\\/www.anovapeneira.gal\\\/index.php\\\/author\\\/opinioncristoballopez\\\/\"}]}<\/script>\n<!-- \/ Yoast SEO plugin. -->","yoast_head_json":{"title":"Defendamos o tren como servizo p\u00fablico, social e ecol\u00f3xico -","robots":{"index":"index","follow":"follow","max-snippet":"max-snippet:-1","max-image-preview":"max-image-preview:large","max-video-preview":"max-video-preview:-1"},"canonical":"https:\/\/www.anovapeneira.gal\/index.php\/2020\/07\/30\/defendamos-o-tren-como-servizo-publico-social-e-ecoloxico\/","og_locale":"gl_ES","og_type":"article","og_title":"Defendamos o tren como servizo p\u00fablico, social e ecol\u00f3xico -","og_description":"Concentraci\u00f3n en Guixar-Vigo contra os recortes en servizos&nbsp; ferroviarios Levamos asistindo nos \u00faltimos anos a un progresivo pero continuo desmantelamento do ferrocarril como servizo p\u00fablico. Supresi\u00f3n de li\u00f1as, recortes de persoal e privatizaci\u00f3n de servizos, [...]","og_url":"https:\/\/www.anovapeneira.gal\/index.php\/2020\/07\/30\/defendamos-o-tren-como-servizo-publico-social-e-ecoloxico\/","article_publisher":"https:\/\/www.facebook.com\/anovapeneira","article_published_time":"2020-07-30T08:00:38+00:00","article_modified_time":"2020-07-30T13:26:12+00:00","og_image":[{"width":720,"height":432,"url":"https:\/\/www.anovapeneira.gal\/wp-content\/uploads\/2020\/07\/defendamos_o_ferrocarril_a_nova_peneira.jpg","type":"image\/jpeg"}],"author":"Cristobal L\u00f3pez","twitter_card":"summary_large_image","twitter_creator":"@APeneira","twitter_site":"@APeneira","twitter_misc":{"Escrito por":"Cristobal L\u00f3pez","Tempo de lectura":"3 minutos"},"schema":{"@context":"https:\/\/schema.org","@graph":[{"@type":"Article","@id":"https:\/\/www.anovapeneira.gal\/index.php\/2020\/07\/30\/defendamos-o-tren-como-servizo-publico-social-e-ecoloxico\/#article","isPartOf":{"@id":"https:\/\/www.anovapeneira.gal\/index.php\/2020\/07\/30\/defendamos-o-tren-como-servizo-publico-social-e-ecoloxico\/"},"author":{"name":"Cristobal L\u00f3pez","@id":"https:\/\/www.anovapeneira.gal\/#\/schema\/person\/45b3df2338e4d898b7616809f9c5906c"},"headline":"Defendamos o tren como servizo p\u00fablico, social e ecol\u00f3xico","datePublished":"2020-07-30T08:00:38+00:00","dateModified":"2020-07-30T13:26:12+00:00","mainEntityOfPage":{"@id":"https:\/\/www.anovapeneira.gal\/index.php\/2020\/07\/30\/defendamos-o-tren-como-servizo-publico-social-e-ecoloxico\/"},"wordCount":578,"commentCount":0,"publisher":{"@id":"https:\/\/www.anovapeneira.gal\/#organization"},"image":{"@id":"https:\/\/www.anovapeneira.gal\/index.php\/2020\/07\/30\/defendamos-o-tren-como-servizo-publico-social-e-ecoloxico\/#primaryimage"},"thumbnailUrl":"https:\/\/www.anovapeneira.gal\/wp-content\/uploads\/2020\/07\/defendamos_o_ferrocarril_a_nova_peneira.jpg","keywords":["ecol\u00f3xico","Ferrocarril","Servizo P\u00fablico"],"articleSection":["Vigo"],"inLanguage":"gl-ES","potentialAction":[{"@type":"CommentAction","name":"Comment","target":["https:\/\/www.anovapeneira.gal\/index.php\/2020\/07\/30\/defendamos-o-tren-como-servizo-publico-social-e-ecoloxico\/#respond"]}]},{"@type":"WebPage","@id":"https:\/\/www.anovapeneira.gal\/index.php\/2020\/07\/30\/defendamos-o-tren-como-servizo-publico-social-e-ecoloxico\/","url":"https:\/\/www.anovapeneira.gal\/index.php\/2020\/07\/30\/defendamos-o-tren-como-servizo-publico-social-e-ecoloxico\/","name":"Defendamos o tren como servizo p\u00fablico, social e ecol\u00f3xico -","isPartOf":{"@id":"https:\/\/www.anovapeneira.gal\/#website"},"primaryImageOfPage":{"@id":"https:\/\/www.anovapeneira.gal\/index.php\/2020\/07\/30\/defendamos-o-tren-como-servizo-publico-social-e-ecoloxico\/#primaryimage"},"image":{"@id":"https:\/\/www.anovapeneira.gal\/index.php\/2020\/07\/30\/defendamos-o-tren-como-servizo-publico-social-e-ecoloxico\/#primaryimage"},"thumbnailUrl":"https:\/\/www.anovapeneira.gal\/wp-content\/uploads\/2020\/07\/defendamos_o_ferrocarril_a_nova_peneira.jpg","datePublished":"2020-07-30T08:00:38+00:00","dateModified":"2020-07-30T13:26:12+00:00","breadcrumb":{"@id":"https:\/\/www.anovapeneira.gal\/index.php\/2020\/07\/30\/defendamos-o-tren-como-servizo-publico-social-e-ecoloxico\/#breadcrumb"},"inLanguage":"gl-ES","potentialAction":[{"@type":"ReadAction","target":["https:\/\/www.anovapeneira.gal\/index.php\/2020\/07\/30\/defendamos-o-tren-como-servizo-publico-social-e-ecoloxico\/"]}]},{"@type":"ImageObject","inLanguage":"gl-ES","@id":"https:\/\/www.anovapeneira.gal\/index.php\/2020\/07\/30\/defendamos-o-tren-como-servizo-publico-social-e-ecoloxico\/#primaryimage","url":"https:\/\/www.anovapeneira.gal\/wp-content\/uploads\/2020\/07\/defendamos_o_ferrocarril_a_nova_peneira.jpg","contentUrl":"https:\/\/www.anovapeneira.gal\/wp-content\/uploads\/2020\/07\/defendamos_o_ferrocarril_a_nova_peneira.jpg","width":720,"height":432,"caption":"Defendamos o ferrocarril"},{"@type":"BreadcrumbList","@id":"https:\/\/www.anovapeneira.gal\/index.php\/2020\/07\/30\/defendamos-o-tren-como-servizo-publico-social-e-ecoloxico\/#breadcrumb","itemListElement":[{"@type":"ListItem","position":1,"name":"Portada","item":"https:\/\/www.anovapeneira.gal\/"},{"@type":"ListItem","position":2,"name":"Defendamos o tren como servizo p\u00fablico, social e ecol\u00f3xico"}]},{"@type":"WebSite","@id":"https:\/\/www.anovapeneira.gal\/#website","url":"https:\/\/www.anovapeneira.gal\/","name":"","description":"Xornal galego de informaci\u00f3n xeral Publicaci\u00f3n mensual de novas de Galicia e en especial dos Concellos da sur da provincia de Pontevedra.","publisher":{"@id":"https:\/\/www.anovapeneira.gal\/#organization"},"potentialAction":[{"@type":"SearchAction","target":{"@type":"EntryPoint","urlTemplate":"https:\/\/www.anovapeneira.gal\/?s={search_term_string}"},"query-input":{"@type":"PropertyValueSpecification","valueRequired":true,"valueName":"search_term_string"}}],"inLanguage":"gl-ES"},{"@type":"Organization","@id":"https:\/\/www.anovapeneira.gal\/#organization","name":"A Nova Peneira","url":"https:\/\/www.anovapeneira.gal\/","logo":{"@type":"ImageObject","inLanguage":"gl-ES","@id":"https:\/\/www.anovapeneira.gal\/#\/schema\/logo\/image\/","url":"http:\/\/www.anovapeneira.gal\/wp-content\/uploads\/2019\/06\/logo_a_nova_peneira_portal_web.png","contentUrl":"http:\/\/www.anovapeneira.gal\/wp-content\/uploads\/2019\/06\/logo_a_nova_peneira_portal_web.png","width":300,"height":100,"caption":"A Nova Peneira"},"image":{"@id":"https:\/\/www.anovapeneira.gal\/#\/schema\/logo\/image\/"},"sameAs":["https:\/\/www.facebook.com\/anovapeneira","https:\/\/x.com\/APeneira"]},{"@type":"Person","@id":"https:\/\/www.anovapeneira.gal\/#\/schema\/person\/45b3df2338e4d898b7616809f9c5906c","name":"Cristobal L\u00f3pez","image":{"@type":"ImageObject","inLanguage":"gl-ES","@id":"https:\/\/secure.gravatar.com\/avatar\/b537cf06ef8166c9ef72b09f4d5f6446b1e22ea99505d94e40b8685710482f79?s=96&d=mm&r=g","url":"https:\/\/secure.gravatar.com\/avatar\/b537cf06ef8166c9ef72b09f4d5f6446b1e22ea99505d94e40b8685710482f79?s=96&d=mm&r=g","contentUrl":"https:\/\/secure.gravatar.com\/avatar\/b537cf06ef8166c9ef72b09f4d5f6446b1e22ea99505d94e40b8685710482f79?s=96&d=mm&r=g","caption":"Cristobal L\u00f3pez"},"sameAs":["http:\/\/anovapeneira.gal"],"url":"https:\/\/www.anovapeneira.gal\/index.php\/author\/opinioncristoballopez\/"}]}},"jetpack_featured_media_url":"https:\/\/www.anovapeneira.gal\/wp-content\/uploads\/2020\/07\/defendamos_o_ferrocarril_a_nova_peneira.jpg","_links":{"self":[{"href":"https:\/\/www.anovapeneira.gal\/index.php\/wp-json\/wp\/v2\/posts\/3609","targetHints":{"allow":["GET"]}}],"collection":[{"href":"https:\/\/www.anovapeneira.gal\/index.php\/wp-json\/wp\/v2\/posts"}],"about":[{"href":"https:\/\/www.anovapeneira.gal\/index.php\/wp-json\/wp\/v2\/types\/post"}],"author":[{"embeddable":true,"href":"https:\/\/www.anovapeneira.gal\/index.php\/wp-json\/wp\/v2\/users\/13"}],"replies":[{"embeddable":true,"href":"https:\/\/www.anovapeneira.gal\/index.php\/wp-json\/wp\/v2\/comments?post=3609"}],"version-history":[{"count":3,"href":"https:\/\/www.anovapeneira.gal\/index.php\/wp-json\/wp\/v2\/posts\/3609\/revisions"}],"predecessor-version":[{"id":3612,"href":"https:\/\/www.anovapeneira.gal\/index.php\/wp-json\/wp\/v2\/posts\/3609\/revisions\/3612"}],"wp:featuredmedia":[{"embeddable":true,"href":"https:\/\/www.anovapeneira.gal\/index.php\/wp-json\/wp\/v2\/media\/3646"}],"wp:attachment":[{"href":"https:\/\/www.anovapeneira.gal\/index.php\/wp-json\/wp\/v2\/media?parent=3609"}],"wp:term":[{"taxonomy":"category","embeddable":true,"href":"https:\/\/www.anovapeneira.gal\/index.php\/wp-json\/wp\/v2\/categories?post=3609"},{"taxonomy":"post_tag","embeddable":true,"href":"https:\/\/www.anovapeneira.gal\/index.php\/wp-json\/wp\/v2\/tags?post=3609"}],"curies":[{"name":"wp","href":"https:\/\/api.w.org\/{rel}","templated":true}]}}