{"id":3617,"date":"2020-07-31T10:00:17","date_gmt":"2020-07-31T08:00:17","guid":{"rendered":"http:\/\/www.anovapeneira.gal\/?p=3617"},"modified":"2020-07-29T09:44:23","modified_gmt":"2020-07-29T07:44:23","slug":"tomino-reactiva-o-revitaliza-e-presentao-ante-as-comunidades-de-montes-e-asociacions-vecinais","status":"publish","type":"post","link":"https:\/\/www.anovapeneira.gal\/index.php\/2020\/07\/31\/tomino-reactiva-o-revitaliza-e-presentao-ante-as-comunidades-de-montes-e-asociacions-vecinais\/","title":{"rendered":"Tomi\u00f1o reactiva o\u00a0REVITALIZA\u00a0 e pres\u00e9ntao ante as Comunidades de Montes e Asociaci\u00f3ns Veci\u00f1ais"},"content":{"rendered":"\n<h2 class=\"wp-block-heading\"><strong>De aqu\u00ed a final de ano, est\u00e1 previsto ampliar a 12 os centros de compostaxe comunitario do Seixo e a 4 os de Goi\u00e1n, para dar servizo a todas as vivendas dos centros urbanos<\/strong><\/h2>\n\n\n\n<h3 class=\"wp-block-heading\"><strong>O investimento para levar a cabo este proxecto \u00e9 de 528.104,50 \u20ac, cunha achega da Deputaci\u00f3n de 456.018,24\u20ac.<\/strong><\/h3>\n\n\n\n<p><strong>Tomi\u00f1o, 24 de xullo de 2020<\/strong><\/p>\n\n\n\n<p>Despois duns meses de par\u00f3n, por mor do estado de alarma, o Departamento de Medio Ambiente do Concello de Tomi\u00f1o reactiva o Revitaliza.<\/p>\n\n\n\n<p>Logo de estar traballando na an\u00e1lise da situaci\u00f3n e necesidades do concello, as\u00ed como ver a situaci\u00f3n noutros concellos en fases m\u00e1is avanzadas, o departamento de Medio Ambiente e os t\u00e9cnicos do Revitaliza (mestres composteiros), quixeron comprobar a impresi\u00f3n e opini\u00f3n das comunidades de montes, coas que se reuniron o pasado 15 de xullo, e coas asociaci\u00f3ns de veci\u00f1os, \u00e1s que se pretende citar a semana pr\u00f3xima.<\/p>\n\n\n\n<p>Nestas reuni\u00f3ns, aparte de explicar en que consiste este novo modelo, f\u00e1lase sobre todo da necesidade de cada parroquia de instalar &#8220;Puntos verdes&#8221; (ou de intercambio de biomasa), da posibilidade de por un composteiro nos cemiterios e do contacto e lugar para organizar reuni\u00f3ns de entrega\/cesi\u00f3n de composteiros individuais (COIN) aos veci\u00f1os de cada parroquia (cas medidas de seguridade precisas ante a covid-19).<\/p>\n\n\n\n<p>O REVITALIZA foi dese\u00f1ado e impulsado pola Deputaci\u00f3n de Pontevedra, co obxectivo&nbsp;de establecer un novo modelo de xesti\u00f3n dos residuos municipais centrado na separaci\u00f3n\/tratamento da fracci\u00f3n org\u00e1nica dos residuos, o m\u00e1is cerca posible do punto de xeraci\u00f3n (Principio de proximidade-Estratexia Europea).<\/p>\n\n\n\n<p>O investimento para levar a cabo o proxecto (como xa se presentou nos orzamentos deste ano), \u00e9 de&nbsp;528.104,50 \u20ac, cunha achega da Deputaci\u00f3n de 456.018,24\u20ac.<\/p>\n\n\n\n<p>En toda a provincia, dentro do marco do Revitaliza, xa se te\u00f1en repartido m\u00e1is de 5.000 composteiros individuais (COINs), e s\u00f3<strong>en Tomi\u00f1o, nos pr\u00f3ximos meses, repartiranse ata 3.000<\/strong>. \u00c9ste reparto est\u00e1 previsto en d\u00faas fases, a primeira centralizada nun punto do centro de Tomi\u00f1o, para veci\u00f1os que xa ti\u00f1an solicitado COIN e que se citar\u00e1n por tel\u00e9fono, e, a segunda, nas reuni\u00f3ns por parroquias.&nbsp;<\/p>\n\n\n\n<p>En canto a centros de compostaxe comunitario (CCCs), que se sit\u00faan nos centros urbanos , hai 115 activos na provincia, dos cales 2 est\u00e1n en Tomi\u00f1o (un no Seixo e outro en Goi\u00e1n). De aqu\u00ed a final de ano, est\u00e1 previsto ampliar CCCs para dar servizo a t\u00f3dalas vivendas no Seixo (11) e en Goi\u00e1n (3).<\/p>\n","protected":false},"excerpt":{"rendered":"<div class=\"mh-excerpt\"><p>De aqu\u00ed a final de ano, est\u00e1 previsto ampliar a 12 os centros de compostaxe comunitario do Seixo e a 4 os de Goi\u00e1n, para dar servizo a todas as vivendas dos centros urbanos <a class=\"mh-excerpt-more\" href=\"https:\/\/www.anovapeneira.gal\/index.php\/2020\/07\/31\/tomino-reactiva-o-revitaliza-e-presentao-ante-as-comunidades-de-montes-e-asociacions-vecinais\/\" title=\"Tomi\u00f1o reactiva o\u00a0REVITALIZA\u00a0 e pres\u00e9ntao ante as Comunidades de Montes e Asociaci\u00f3ns Veci\u00f1ais\">[&#8230;]<\/a><\/p>\n<\/div>","protected":false},"author":3,"featured_media":3618,"comment_status":"open","ping_status":"open","sticky":false,"template":"","format":"standard","meta":{"_exactmetrics_skip_tracking":false,"_exactmetrics_sitenote_active":false,"_exactmetrics_sitenote_note":"","_exactmetrics_sitenote_category":0,"footnotes":""},"categories":[21],"tags":[1163,81,1162],"class_list":{"0":"post-3617","1":"post","2":"type-post","3":"status-publish","4":"format-standard","5":"has-post-thumbnail","7":"category-baixo-mino","8":"tag-compostaxe","9":"tag-concello-de-tomino","10":"tag-revitaliza"},"yoast_head":"<!-- This site is optimized with the Yoast SEO plugin v27.4 - https:\/\/yoast.com\/product\/yoast-seo-wordpress\/ -->\n<title>Tomi\u00f1o reactiva o\u00a0REVITALIZA\u00a0 e pres\u00e9ntao ante as Comunidades de Montes e Asociaci\u00f3ns Veci\u00f1ais -<\/title>\n<meta name=\"robots\" content=\"index, follow, max-snippet:-1, max-image-preview:large, max-video-preview:-1\" \/>\n<link rel=\"canonical\" href=\"https:\/\/www.anovapeneira.gal\/index.php\/2020\/07\/31\/tomino-reactiva-o-revitaliza-e-presentao-ante-as-comunidades-de-montes-e-asociacions-vecinais\/\" \/>\n<meta property=\"og:locale\" content=\"gl_ES\" \/>\n<meta property=\"og:type\" content=\"article\" \/>\n<meta property=\"og:title\" content=\"Tomi\u00f1o reactiva o\u00a0REVITALIZA\u00a0 e pres\u00e9ntao ante as Comunidades de Montes e Asociaci\u00f3ns Veci\u00f1ais -\" \/>\n<meta property=\"og:description\" content=\"De aqu\u00ed a final de ano, est\u00e1 previsto ampliar a 12 os centros de compostaxe comunitario do Seixo e a 4 os de Goi\u00e1n, para dar servizo a todas as vivendas dos centros urbanos [...]\" \/>\n<meta property=\"og:url\" content=\"https:\/\/www.anovapeneira.gal\/index.php\/2020\/07\/31\/tomino-reactiva-o-revitaliza-e-presentao-ante-as-comunidades-de-montes-e-asociacions-vecinais\/\" \/>\n<meta property=\"article:publisher\" content=\"https:\/\/www.facebook.com\/anovapeneira\" \/>\n<meta property=\"article:published_time\" content=\"2020-07-31T08:00:17+00:00\" \/>\n<meta property=\"og:image\" content=\"https:\/\/www.anovapeneira.gal\/wp-content\/uploads\/2020\/07\/revitaliza_montes_salceda_a_nova_peneira.jpg\" \/>\n\t<meta property=\"og:image:width\" content=\"720\" \/>\n\t<meta property=\"og:image:height\" content=\"432\" \/>\n\t<meta property=\"og:image:type\" content=\"image\/jpeg\" \/>\n<meta name=\"author\" content=\"Redacci\u00f3n A Nova Peneira\" \/>\n<meta name=\"twitter:card\" content=\"summary_large_image\" \/>\n<meta name=\"twitter:creator\" content=\"@APeneira\" \/>\n<meta name=\"twitter:site\" content=\"@APeneira\" \/>\n<meta name=\"twitter:label1\" content=\"Escrito por\" \/>\n\t<meta name=\"twitter:data1\" content=\"Redacci\u00f3n A Nova Peneira\" \/>\n\t<meta name=\"twitter:label2\" content=\"Tempo de lectura\" \/>\n\t<meta name=\"twitter:data2\" content=\"2 minutos\" \/>\n<script type=\"application\/ld+json\" class=\"yoast-schema-graph\">{\"@context\":\"https:\\\/\\\/schema.org\",\"@graph\":[{\"@type\":\"Article\",\"@id\":\"https:\\\/\\\/www.anovapeneira.gal\\\/index.php\\\/2020\\\/07\\\/31\\\/tomino-reactiva-o-revitaliza-e-presentao-ante-as-comunidades-de-montes-e-asociacions-vecinais\\\/#article\",\"isPartOf\":{\"@id\":\"https:\\\/\\\/www.anovapeneira.gal\\\/index.php\\\/2020\\\/07\\\/31\\\/tomino-reactiva-o-revitaliza-e-presentao-ante-as-comunidades-de-montes-e-asociacions-vecinais\\\/\"},\"author\":{\"name\":\"Redacci\u00f3n A Nova Peneira\",\"@id\":\"https:\\\/\\\/www.anovapeneira.gal\\\/#\\\/schema\\\/person\\\/b93e3f8932e3f8da96334607eb6ac6aa\"},\"headline\":\"Tomi\u00f1o reactiva o\u00a0REVITALIZA\u00a0 e pres\u00e9ntao ante as Comunidades de Montes e Asociaci\u00f3ns Veci\u00f1ais\",\"datePublished\":\"2020-07-31T08:00:17+00:00\",\"mainEntityOfPage\":{\"@id\":\"https:\\\/\\\/www.anovapeneira.gal\\\/index.php\\\/2020\\\/07\\\/31\\\/tomino-reactiva-o-revitaliza-e-presentao-ante-as-comunidades-de-montes-e-asociacions-vecinais\\\/\"},\"wordCount\":449,\"commentCount\":0,\"publisher\":{\"@id\":\"https:\\\/\\\/www.anovapeneira.gal\\\/#organization\"},\"image\":{\"@id\":\"https:\\\/\\\/www.anovapeneira.gal\\\/index.php\\\/2020\\\/07\\\/31\\\/tomino-reactiva-o-revitaliza-e-presentao-ante-as-comunidades-de-montes-e-asociacions-vecinais\\\/#primaryimage\"},\"thumbnailUrl\":\"https:\\\/\\\/www.anovapeneira.gal\\\/wp-content\\\/uploads\\\/2020\\\/07\\\/revitaliza_montes_salceda_a_nova_peneira.jpg\",\"keywords\":[\"Compostaxe\",\"Concello de Tomi\u00f1o\",\"Revitaliza\"],\"articleSection\":[\"Baixo Mi\u00f1o\"],\"inLanguage\":\"gl-ES\",\"potentialAction\":[{\"@type\":\"CommentAction\",\"name\":\"Comment\",\"target\":[\"https:\\\/\\\/www.anovapeneira.gal\\\/index.php\\\/2020\\\/07\\\/31\\\/tomino-reactiva-o-revitaliza-e-presentao-ante-as-comunidades-de-montes-e-asociacions-vecinais\\\/#respond\"]}]},{\"@type\":\"WebPage\",\"@id\":\"https:\\\/\\\/www.anovapeneira.gal\\\/index.php\\\/2020\\\/07\\\/31\\\/tomino-reactiva-o-revitaliza-e-presentao-ante-as-comunidades-de-montes-e-asociacions-vecinais\\\/\",\"url\":\"https:\\\/\\\/www.anovapeneira.gal\\\/index.php\\\/2020\\\/07\\\/31\\\/tomino-reactiva-o-revitaliza-e-presentao-ante-as-comunidades-de-montes-e-asociacions-vecinais\\\/\",\"name\":\"Tomi\u00f1o reactiva o\u00a0REVITALIZA\u00a0 e pres\u00e9ntao ante as Comunidades de Montes e Asociaci\u00f3ns Veci\u00f1ais -\",\"isPartOf\":{\"@id\":\"https:\\\/\\\/www.anovapeneira.gal\\\/#website\"},\"primaryImageOfPage\":{\"@id\":\"https:\\\/\\\/www.anovapeneira.gal\\\/index.php\\\/2020\\\/07\\\/31\\\/tomino-reactiva-o-revitaliza-e-presentao-ante-as-comunidades-de-montes-e-asociacions-vecinais\\\/#primaryimage\"},\"image\":{\"@id\":\"https:\\\/\\\/www.anovapeneira.gal\\\/index.php\\\/2020\\\/07\\\/31\\\/tomino-reactiva-o-revitaliza-e-presentao-ante-as-comunidades-de-montes-e-asociacions-vecinais\\\/#primaryimage\"},\"thumbnailUrl\":\"https:\\\/\\\/www.anovapeneira.gal\\\/wp-content\\\/uploads\\\/2020\\\/07\\\/revitaliza_montes_salceda_a_nova_peneira.jpg\",\"datePublished\":\"2020-07-31T08:00:17+00:00\",\"breadcrumb\":{\"@id\":\"https:\\\/\\\/www.anovapeneira.gal\\\/index.php\\\/2020\\\/07\\\/31\\\/tomino-reactiva-o-revitaliza-e-presentao-ante-as-comunidades-de-montes-e-asociacions-vecinais\\\/#breadcrumb\"},\"inLanguage\":\"gl-ES\",\"potentialAction\":[{\"@type\":\"ReadAction\",\"target\":[\"https:\\\/\\\/www.anovapeneira.gal\\\/index.php\\\/2020\\\/07\\\/31\\\/tomino-reactiva-o-revitaliza-e-presentao-ante-as-comunidades-de-montes-e-asociacions-vecinais\\\/\"]}]},{\"@type\":\"ImageObject\",\"inLanguage\":\"gl-ES\",\"@id\":\"https:\\\/\\\/www.anovapeneira.gal\\\/index.php\\\/2020\\\/07\\\/31\\\/tomino-reactiva-o-revitaliza-e-presentao-ante-as-comunidades-de-montes-e-asociacions-vecinais\\\/#primaryimage\",\"url\":\"https:\\\/\\\/www.anovapeneira.gal\\\/wp-content\\\/uploads\\\/2020\\\/07\\\/revitaliza_montes_salceda_a_nova_peneira.jpg\",\"contentUrl\":\"https:\\\/\\\/www.anovapeneira.gal\\\/wp-content\\\/uploads\\\/2020\\\/07\\\/revitaliza_montes_salceda_a_nova_peneira.jpg\",\"width\":720,\"height\":432,\"caption\":\"Revitaliza Compostaxe concello de Tomi\u00f1o A Nova Peneira\"},{\"@type\":\"BreadcrumbList\",\"@id\":\"https:\\\/\\\/www.anovapeneira.gal\\\/index.php\\\/2020\\\/07\\\/31\\\/tomino-reactiva-o-revitaliza-e-presentao-ante-as-comunidades-de-montes-e-asociacions-vecinais\\\/#breadcrumb\",\"itemListElement\":[{\"@type\":\"ListItem\",\"position\":1,\"name\":\"Portada\",\"item\":\"https:\\\/\\\/www.anovapeneira.gal\\\/\"},{\"@type\":\"ListItem\",\"position\":2,\"name\":\"Tomi\u00f1o reactiva o\u00a0REVITALIZA\u00a0 e pres\u00e9ntao ante as Comunidades de Montes e Asociaci\u00f3ns Veci\u00f1ais\"}]},{\"@type\":\"WebSite\",\"@id\":\"https:\\\/\\\/www.anovapeneira.gal\\\/#website\",\"url\":\"https:\\\/\\\/www.anovapeneira.gal\\\/\",\"name\":\"\",\"description\":\"Xornal galego de informaci\u00f3n xeral Publicaci\u00f3n mensual de novas de Galicia e en especial dos Concellos da sur da provincia de Pontevedra.\",\"publisher\":{\"@id\":\"https:\\\/\\\/www.anovapeneira.gal\\\/#organization\"},\"potentialAction\":[{\"@type\":\"SearchAction\",\"target\":{\"@type\":\"EntryPoint\",\"urlTemplate\":\"https:\\\/\\\/www.anovapeneira.gal\\\/?s={search_term_string}\"},\"query-input\":{\"@type\":\"PropertyValueSpecification\",\"valueRequired\":true,\"valueName\":\"search_term_string\"}}],\"inLanguage\":\"gl-ES\"},{\"@type\":\"Organization\",\"@id\":\"https:\\\/\\\/www.anovapeneira.gal\\\/#organization\",\"name\":\"A Nova Peneira\",\"url\":\"https:\\\/\\\/www.anovapeneira.gal\\\/\",\"logo\":{\"@type\":\"ImageObject\",\"inLanguage\":\"gl-ES\",\"@id\":\"https:\\\/\\\/www.anovapeneira.gal\\\/#\\\/schema\\\/logo\\\/image\\\/\",\"url\":\"http:\\\/\\\/www.anovapeneira.gal\\\/wp-content\\\/uploads\\\/2019\\\/06\\\/logo_a_nova_peneira_portal_web.png\",\"contentUrl\":\"http:\\\/\\\/www.anovapeneira.gal\\\/wp-content\\\/uploads\\\/2019\\\/06\\\/logo_a_nova_peneira_portal_web.png\",\"width\":300,\"height\":100,\"caption\":\"A Nova Peneira\"},\"image\":{\"@id\":\"https:\\\/\\\/www.anovapeneira.gal\\\/#\\\/schema\\\/logo\\\/image\\\/\"},\"sameAs\":[\"https:\\\/\\\/www.facebook.com\\\/anovapeneira\",\"https:\\\/\\\/x.com\\\/APeneira\"]},{\"@type\":\"Person\",\"@id\":\"https:\\\/\\\/www.anovapeneira.gal\\\/#\\\/schema\\\/person\\\/b93e3f8932e3f8da96334607eb6ac6aa\",\"name\":\"Redacci\u00f3n A Nova Peneira\",\"image\":{\"@type\":\"ImageObject\",\"inLanguage\":\"gl-ES\",\"@id\":\"https:\\\/\\\/secure.gravatar.com\\\/avatar\\\/c052a2551a06e23fac63626232eaa90abd78dbcf1700fc46a2b2c89fd27b735f?s=96&d=mm&r=g\",\"url\":\"https:\\\/\\\/secure.gravatar.com\\\/avatar\\\/c052a2551a06e23fac63626232eaa90abd78dbcf1700fc46a2b2c89fd27b735f?s=96&d=mm&r=g\",\"contentUrl\":\"https:\\\/\\\/secure.gravatar.com\\\/avatar\\\/c052a2551a06e23fac63626232eaa90abd78dbcf1700fc46a2b2c89fd27b735f?s=96&d=mm&r=g\",\"caption\":\"Redacci\u00f3n A Nova Peneira\"},\"sameAs\":[\"http:\\\/\\\/www.anovapeneira.gal\\\/\"],\"url\":\"https:\\\/\\\/www.anovapeneira.gal\\\/index.php\\\/author\\\/redactor\\\/\"}]}<\/script>\n<!-- \/ Yoast SEO plugin. -->","yoast_head_json":{"title":"Tomi\u00f1o reactiva o\u00a0REVITALIZA\u00a0 e pres\u00e9ntao ante as Comunidades de Montes e Asociaci\u00f3ns Veci\u00f1ais -","robots":{"index":"index","follow":"follow","max-snippet":"max-snippet:-1","max-image-preview":"max-image-preview:large","max-video-preview":"max-video-preview:-1"},"canonical":"https:\/\/www.anovapeneira.gal\/index.php\/2020\/07\/31\/tomino-reactiva-o-revitaliza-e-presentao-ante-as-comunidades-de-montes-e-asociacions-vecinais\/","og_locale":"gl_ES","og_type":"article","og_title":"Tomi\u00f1o reactiva o\u00a0REVITALIZA\u00a0 e pres\u00e9ntao ante as Comunidades de Montes e Asociaci\u00f3ns Veci\u00f1ais -","og_description":"De aqu\u00ed a final de ano, est\u00e1 previsto ampliar a 12 os centros de compostaxe comunitario do Seixo e a 4 os de Goi\u00e1n, para dar servizo a todas as vivendas dos centros urbanos [...]","og_url":"https:\/\/www.anovapeneira.gal\/index.php\/2020\/07\/31\/tomino-reactiva-o-revitaliza-e-presentao-ante-as-comunidades-de-montes-e-asociacions-vecinais\/","article_publisher":"https:\/\/www.facebook.com\/anovapeneira","article_published_time":"2020-07-31T08:00:17+00:00","og_image":[{"width":720,"height":432,"url":"https:\/\/www.anovapeneira.gal\/wp-content\/uploads\/2020\/07\/revitaliza_montes_salceda_a_nova_peneira.jpg","type":"image\/jpeg"}],"author":"Redacci\u00f3n A Nova Peneira","twitter_card":"summary_large_image","twitter_creator":"@APeneira","twitter_site":"@APeneira","twitter_misc":{"Escrito por":"Redacci\u00f3n A Nova Peneira","Tempo de lectura":"2 minutos"},"schema":{"@context":"https:\/\/schema.org","@graph":[{"@type":"Article","@id":"https:\/\/www.anovapeneira.gal\/index.php\/2020\/07\/31\/tomino-reactiva-o-revitaliza-e-presentao-ante-as-comunidades-de-montes-e-asociacions-vecinais\/#article","isPartOf":{"@id":"https:\/\/www.anovapeneira.gal\/index.php\/2020\/07\/31\/tomino-reactiva-o-revitaliza-e-presentao-ante-as-comunidades-de-montes-e-asociacions-vecinais\/"},"author":{"name":"Redacci\u00f3n A Nova Peneira","@id":"https:\/\/www.anovapeneira.gal\/#\/schema\/person\/b93e3f8932e3f8da96334607eb6ac6aa"},"headline":"Tomi\u00f1o reactiva o\u00a0REVITALIZA\u00a0 e pres\u00e9ntao ante as Comunidades de Montes e Asociaci\u00f3ns Veci\u00f1ais","datePublished":"2020-07-31T08:00:17+00:00","mainEntityOfPage":{"@id":"https:\/\/www.anovapeneira.gal\/index.php\/2020\/07\/31\/tomino-reactiva-o-revitaliza-e-presentao-ante-as-comunidades-de-montes-e-asociacions-vecinais\/"},"wordCount":449,"commentCount":0,"publisher":{"@id":"https:\/\/www.anovapeneira.gal\/#organization"},"image":{"@id":"https:\/\/www.anovapeneira.gal\/index.php\/2020\/07\/31\/tomino-reactiva-o-revitaliza-e-presentao-ante-as-comunidades-de-montes-e-asociacions-vecinais\/#primaryimage"},"thumbnailUrl":"https:\/\/www.anovapeneira.gal\/wp-content\/uploads\/2020\/07\/revitaliza_montes_salceda_a_nova_peneira.jpg","keywords":["Compostaxe","Concello de Tomi\u00f1o","Revitaliza"],"articleSection":["Baixo Mi\u00f1o"],"inLanguage":"gl-ES","potentialAction":[{"@type":"CommentAction","name":"Comment","target":["https:\/\/www.anovapeneira.gal\/index.php\/2020\/07\/31\/tomino-reactiva-o-revitaliza-e-presentao-ante-as-comunidades-de-montes-e-asociacions-vecinais\/#respond"]}]},{"@type":"WebPage","@id":"https:\/\/www.anovapeneira.gal\/index.php\/2020\/07\/31\/tomino-reactiva-o-revitaliza-e-presentao-ante-as-comunidades-de-montes-e-asociacions-vecinais\/","url":"https:\/\/www.anovapeneira.gal\/index.php\/2020\/07\/31\/tomino-reactiva-o-revitaliza-e-presentao-ante-as-comunidades-de-montes-e-asociacions-vecinais\/","name":"Tomi\u00f1o reactiva o\u00a0REVITALIZA\u00a0 e pres\u00e9ntao ante as Comunidades de Montes e Asociaci\u00f3ns Veci\u00f1ais -","isPartOf":{"@id":"https:\/\/www.anovapeneira.gal\/#website"},"primaryImageOfPage":{"@id":"https:\/\/www.anovapeneira.gal\/index.php\/2020\/07\/31\/tomino-reactiva-o-revitaliza-e-presentao-ante-as-comunidades-de-montes-e-asociacions-vecinais\/#primaryimage"},"image":{"@id":"https:\/\/www.anovapeneira.gal\/index.php\/2020\/07\/31\/tomino-reactiva-o-revitaliza-e-presentao-ante-as-comunidades-de-montes-e-asociacions-vecinais\/#primaryimage"},"thumbnailUrl":"https:\/\/www.anovapeneira.gal\/wp-content\/uploads\/2020\/07\/revitaliza_montes_salceda_a_nova_peneira.jpg","datePublished":"2020-07-31T08:00:17+00:00","breadcrumb":{"@id":"https:\/\/www.anovapeneira.gal\/index.php\/2020\/07\/31\/tomino-reactiva-o-revitaliza-e-presentao-ante-as-comunidades-de-montes-e-asociacions-vecinais\/#breadcrumb"},"inLanguage":"gl-ES","potentialAction":[{"@type":"ReadAction","target":["https:\/\/www.anovapeneira.gal\/index.php\/2020\/07\/31\/tomino-reactiva-o-revitaliza-e-presentao-ante-as-comunidades-de-montes-e-asociacions-vecinais\/"]}]},{"@type":"ImageObject","inLanguage":"gl-ES","@id":"https:\/\/www.anovapeneira.gal\/index.php\/2020\/07\/31\/tomino-reactiva-o-revitaliza-e-presentao-ante-as-comunidades-de-montes-e-asociacions-vecinais\/#primaryimage","url":"https:\/\/www.anovapeneira.gal\/wp-content\/uploads\/2020\/07\/revitaliza_montes_salceda_a_nova_peneira.jpg","contentUrl":"https:\/\/www.anovapeneira.gal\/wp-content\/uploads\/2020\/07\/revitaliza_montes_salceda_a_nova_peneira.jpg","width":720,"height":432,"caption":"Revitaliza Compostaxe concello de Tomi\u00f1o A Nova Peneira"},{"@type":"BreadcrumbList","@id":"https:\/\/www.anovapeneira.gal\/index.php\/2020\/07\/31\/tomino-reactiva-o-revitaliza-e-presentao-ante-as-comunidades-de-montes-e-asociacions-vecinais\/#breadcrumb","itemListElement":[{"@type":"ListItem","position":1,"name":"Portada","item":"https:\/\/www.anovapeneira.gal\/"},{"@type":"ListItem","position":2,"name":"Tomi\u00f1o reactiva o\u00a0REVITALIZA\u00a0 e pres\u00e9ntao ante as Comunidades de Montes e Asociaci\u00f3ns Veci\u00f1ais"}]},{"@type":"WebSite","@id":"https:\/\/www.anovapeneira.gal\/#website","url":"https:\/\/www.anovapeneira.gal\/","name":"","description":"Xornal galego de informaci\u00f3n xeral Publicaci\u00f3n mensual de novas de Galicia e en especial dos Concellos da sur da provincia de Pontevedra.","publisher":{"@id":"https:\/\/www.anovapeneira.gal\/#organization"},"potentialAction":[{"@type":"SearchAction","target":{"@type":"EntryPoint","urlTemplate":"https:\/\/www.anovapeneira.gal\/?s={search_term_string}"},"query-input":{"@type":"PropertyValueSpecification","valueRequired":true,"valueName":"search_term_string"}}],"inLanguage":"gl-ES"},{"@type":"Organization","@id":"https:\/\/www.anovapeneira.gal\/#organization","name":"A Nova Peneira","url":"https:\/\/www.anovapeneira.gal\/","logo":{"@type":"ImageObject","inLanguage":"gl-ES","@id":"https:\/\/www.anovapeneira.gal\/#\/schema\/logo\/image\/","url":"http:\/\/www.anovapeneira.gal\/wp-content\/uploads\/2019\/06\/logo_a_nova_peneira_portal_web.png","contentUrl":"http:\/\/www.anovapeneira.gal\/wp-content\/uploads\/2019\/06\/logo_a_nova_peneira_portal_web.png","width":300,"height":100,"caption":"A Nova Peneira"},"image":{"@id":"https:\/\/www.anovapeneira.gal\/#\/schema\/logo\/image\/"},"sameAs":["https:\/\/www.facebook.com\/anovapeneira","https:\/\/x.com\/APeneira"]},{"@type":"Person","@id":"https:\/\/www.anovapeneira.gal\/#\/schema\/person\/b93e3f8932e3f8da96334607eb6ac6aa","name":"Redacci\u00f3n A Nova Peneira","image":{"@type":"ImageObject","inLanguage":"gl-ES","@id":"https:\/\/secure.gravatar.com\/avatar\/c052a2551a06e23fac63626232eaa90abd78dbcf1700fc46a2b2c89fd27b735f?s=96&d=mm&r=g","url":"https:\/\/secure.gravatar.com\/avatar\/c052a2551a06e23fac63626232eaa90abd78dbcf1700fc46a2b2c89fd27b735f?s=96&d=mm&r=g","contentUrl":"https:\/\/secure.gravatar.com\/avatar\/c052a2551a06e23fac63626232eaa90abd78dbcf1700fc46a2b2c89fd27b735f?s=96&d=mm&r=g","caption":"Redacci\u00f3n A Nova Peneira"},"sameAs":["http:\/\/www.anovapeneira.gal\/"],"url":"https:\/\/www.anovapeneira.gal\/index.php\/author\/redactor\/"}]}},"jetpack_featured_media_url":"https:\/\/www.anovapeneira.gal\/wp-content\/uploads\/2020\/07\/revitaliza_montes_salceda_a_nova_peneira.jpg","_links":{"self":[{"href":"https:\/\/www.anovapeneira.gal\/index.php\/wp-json\/wp\/v2\/posts\/3617","targetHints":{"allow":["GET"]}}],"collection":[{"href":"https:\/\/www.anovapeneira.gal\/index.php\/wp-json\/wp\/v2\/posts"}],"about":[{"href":"https:\/\/www.anovapeneira.gal\/index.php\/wp-json\/wp\/v2\/types\/post"}],"author":[{"embeddable":true,"href":"https:\/\/www.anovapeneira.gal\/index.php\/wp-json\/wp\/v2\/users\/3"}],"replies":[{"embeddable":true,"href":"https:\/\/www.anovapeneira.gal\/index.php\/wp-json\/wp\/v2\/comments?post=3617"}],"version-history":[{"count":1,"href":"https:\/\/www.anovapeneira.gal\/index.php\/wp-json\/wp\/v2\/posts\/3617\/revisions"}],"predecessor-version":[{"id":3619,"href":"https:\/\/www.anovapeneira.gal\/index.php\/wp-json\/wp\/v2\/posts\/3617\/revisions\/3619"}],"wp:featuredmedia":[{"embeddable":true,"href":"https:\/\/www.anovapeneira.gal\/index.php\/wp-json\/wp\/v2\/media\/3618"}],"wp:attachment":[{"href":"https:\/\/www.anovapeneira.gal\/index.php\/wp-json\/wp\/v2\/media?parent=3617"}],"wp:term":[{"taxonomy":"category","embeddable":true,"href":"https:\/\/www.anovapeneira.gal\/index.php\/wp-json\/wp\/v2\/categories?post=3617"},{"taxonomy":"post_tag","embeddable":true,"href":"https:\/\/www.anovapeneira.gal\/index.php\/wp-json\/wp\/v2\/tags?post=3617"}],"curies":[{"name":"wp","href":"https:\/\/api.w.org\/{rel}","templated":true}]}}