{"id":3623,"date":"2020-07-29T14:00:47","date_gmt":"2020-07-29T12:00:47","guid":{"rendered":"http:\/\/www.anovapeneira.gal\/?p=3623"},"modified":"2020-07-29T10:09:12","modified_gmt":"2020-07-29T08:09:12","slug":"redondela-inaugura-a-filmoteca-galega","status":"publish","type":"post","link":"https:\/\/www.anovapeneira.gal\/index.php\/2020\/07\/29\/redondela-inaugura-a-filmoteca-galega\/","title":{"rendered":"Redondela inaugura a Filmoteca Galega"},"content":{"rendered":"\n<p>O cinema en lingua galega ocupa xa un lugar propio nas viodetecas galegas. Logo dos \u00e9xitos acadados polos \u00faltimos filmes (O que arde, Longa noite ou Trinta lumes), o Servizo de Normalizaci\u00f3n Ling\u00fc\u00edstica impulsou esta iniciativa. A proposta tr\u00e1tase de crear un fondo propio baixo o lema &#8220;Filmoteca Galega&#8221; que incluir\u00e1 curtas e longametraxes, documentais ou cinema infantil. O prop\u00f3sito, como anunciou a responsable de Normalizaci\u00f3n Ling\u00fc\u00edstica e alcaldesa Digna Rivas, &#8220;\u00e9 continuar aumentando este fondo do cine galego feito en galego, Queremos que Redondela sexa un lugar de referencia para o audivisual feito na nosa lingua&#8221;.&nbsp;<\/p>\n\n\n\n<p>Co ocasi\u00f3n tam\u00e9n se anunciou a adquisici\u00f3n de novas pel\u00edculas, que se poder\u00e1n recoller tanto na biblioteca Xela Arias de Chapela como na Valle-Incl\u00e1n de Redondela, como son &#8220;O que arde&#8221; ou &#8220;Dhogs&#8221;, dous dos \u00faltimos \u00e9xitos do cinema feito en Galicia e en galego. Pola s\u00faa parte, o t\u00e9cnico de normalizaci\u00f3n ling\u00fc\u00edstica, Xurxo Mart\u00ednez, explicou que a idea de crear a Filmoteca Galega partiu das xornadas dedicadas ao Novo CInema Galego, organizadas no pasado outono. O \u00e9xito de asistencia, a participaci\u00f3n do p\u00fablico nos coloquios e a vontade de darlle continuidade &#8220;serviron para que recolleramos o recado e impulsaramos esta iniciativa&#8221;.<\/p>\n\n\n\n<p>Por \u00faltimo, Digna Rivas subli\u00f1ou que este acto estaba previsto celebrarse no mes de maio, co gallo do D\u00eda das Letras Galegas, e que se fixo agora para incorporalo \u00e1s actividades que o concello preparou para a celebraci\u00f3n do D\u00eda de Galicia.<\/p>\n","protected":false},"excerpt":{"rendered":"<div class=\"mh-excerpt\"><p>O cinema en lingua galega ocupa xa un lugar propio nas viodetecas galegas. Logo dos \u00e9xitos acadados polos \u00faltimos filmes (O que arde, Longa noite ou Trinta lumes), o Servizo de Normalizaci\u00f3n Ling\u00fc\u00edstica impulsou esta iniciativa. A proposta tr\u00e1tase de crear un fondo propio baixo o lema &#8220;Filmoteca Galega&#8221; que incluir\u00e1 curtas e longametraxes, documentais ou cinema infantil <a class=\"mh-excerpt-more\" href=\"https:\/\/www.anovapeneira.gal\/index.php\/2020\/07\/29\/redondela-inaugura-a-filmoteca-galega\/\" title=\"Redondela inaugura a Filmoteca Galega\">[&#8230;]<\/a><\/p>\n<\/div>","protected":false},"author":3,"featured_media":3624,"comment_status":"open","ping_status":"open","sticky":false,"template":"","format":"standard","meta":{"_exactmetrics_skip_tracking":false,"_exactmetrics_sitenote_active":false,"_exactmetrics_sitenote_note":"","_exactmetrics_sitenote_category":0,"footnotes":""},"categories":[24],"tags":[171,1167],"class_list":{"0":"post-3623","1":"post","2":"type-post","3":"status-publish","4":"format-standard","5":"has-post-thumbnail","7":"category-redondela","8":"tag-concello-de-redondela","9":"tag-filmoteca-galega"},"yoast_head":"<!-- This site is optimized with the Yoast SEO plugin v27.4 - https:\/\/yoast.com\/product\/yoast-seo-wordpress\/ -->\n<title>Redondela inaugura a Filmoteca Galega -<\/title>\n<meta name=\"robots\" content=\"index, follow, max-snippet:-1, max-image-preview:large, max-video-preview:-1\" \/>\n<link rel=\"canonical\" href=\"https:\/\/www.anovapeneira.gal\/index.php\/2020\/07\/29\/redondela-inaugura-a-filmoteca-galega\/\" \/>\n<meta property=\"og:locale\" content=\"gl_ES\" \/>\n<meta property=\"og:type\" content=\"article\" \/>\n<meta property=\"og:title\" content=\"Redondela inaugura a Filmoteca Galega -\" \/>\n<meta property=\"og:description\" content=\"O cinema en lingua galega ocupa xa un lugar propio nas viodetecas galegas. Logo dos \u00e9xitos acadados polos \u00faltimos filmes (O que arde, Longa noite ou Trinta lumes), o Servizo de Normalizaci\u00f3n Ling\u00fc\u00edstica impulsou esta iniciativa. A proposta tr\u00e1tase de crear un fondo propio baixo o lema &quot;Filmoteca Galega&quot; que incluir\u00e1 curtas e longametraxes, documentais ou cinema infantil [...]\" \/>\n<meta property=\"og:url\" content=\"https:\/\/www.anovapeneira.gal\/index.php\/2020\/07\/29\/redondela-inaugura-a-filmoteca-galega\/\" \/>\n<meta property=\"article:publisher\" content=\"https:\/\/www.facebook.com\/anovapeneira\" \/>\n<meta property=\"article:published_time\" content=\"2020-07-29T12:00:47+00:00\" \/>\n<meta property=\"og:image\" content=\"https:\/\/www.anovapeneira.gal\/wp-content\/uploads\/2020\/07\/filmoteca_galega_redondela_a_nova_peneira.jpg\" \/>\n\t<meta property=\"og:image:width\" content=\"720\" \/>\n\t<meta property=\"og:image:height\" content=\"432\" \/>\n\t<meta property=\"og:image:type\" content=\"image\/jpeg\" \/>\n<meta name=\"author\" content=\"Redacci\u00f3n A Nova Peneira\" \/>\n<meta name=\"twitter:card\" content=\"summary_large_image\" \/>\n<meta name=\"twitter:creator\" content=\"@APeneira\" \/>\n<meta name=\"twitter:site\" content=\"@APeneira\" \/>\n<meta name=\"twitter:label1\" content=\"Escrito por\" \/>\n\t<meta name=\"twitter:data1\" content=\"Redacci\u00f3n A Nova Peneira\" \/>\n\t<meta name=\"twitter:label2\" content=\"Tempo de lectura\" \/>\n\t<meta name=\"twitter:data2\" content=\"1 minuto\" \/>\n<script type=\"application\/ld+json\" class=\"yoast-schema-graph\">{\"@context\":\"https:\\\/\\\/schema.org\",\"@graph\":[{\"@type\":\"Article\",\"@id\":\"https:\\\/\\\/www.anovapeneira.gal\\\/index.php\\\/2020\\\/07\\\/29\\\/redondela-inaugura-a-filmoteca-galega\\\/#article\",\"isPartOf\":{\"@id\":\"https:\\\/\\\/www.anovapeneira.gal\\\/index.php\\\/2020\\\/07\\\/29\\\/redondela-inaugura-a-filmoteca-galega\\\/\"},\"author\":{\"name\":\"Redacci\u00f3n A Nova Peneira\",\"@id\":\"https:\\\/\\\/www.anovapeneira.gal\\\/#\\\/schema\\\/person\\\/b93e3f8932e3f8da96334607eb6ac6aa\"},\"headline\":\"Redondela inaugura a Filmoteca Galega\",\"datePublished\":\"2020-07-29T12:00:47+00:00\",\"mainEntityOfPage\":{\"@id\":\"https:\\\/\\\/www.anovapeneira.gal\\\/index.php\\\/2020\\\/07\\\/29\\\/redondela-inaugura-a-filmoteca-galega\\\/\"},\"wordCount\":269,\"commentCount\":0,\"publisher\":{\"@id\":\"https:\\\/\\\/www.anovapeneira.gal\\\/#organization\"},\"image\":{\"@id\":\"https:\\\/\\\/www.anovapeneira.gal\\\/index.php\\\/2020\\\/07\\\/29\\\/redondela-inaugura-a-filmoteca-galega\\\/#primaryimage\"},\"thumbnailUrl\":\"https:\\\/\\\/www.anovapeneira.gal\\\/wp-content\\\/uploads\\\/2020\\\/07\\\/filmoteca_galega_redondela_a_nova_peneira.jpg\",\"keywords\":[\"Concello de Redondela\",\"Filmoteca Galega\"],\"articleSection\":[\"Redondela\"],\"inLanguage\":\"gl-ES\",\"potentialAction\":[{\"@type\":\"CommentAction\",\"name\":\"Comment\",\"target\":[\"https:\\\/\\\/www.anovapeneira.gal\\\/index.php\\\/2020\\\/07\\\/29\\\/redondela-inaugura-a-filmoteca-galega\\\/#respond\"]}]},{\"@type\":\"WebPage\",\"@id\":\"https:\\\/\\\/www.anovapeneira.gal\\\/index.php\\\/2020\\\/07\\\/29\\\/redondela-inaugura-a-filmoteca-galega\\\/\",\"url\":\"https:\\\/\\\/www.anovapeneira.gal\\\/index.php\\\/2020\\\/07\\\/29\\\/redondela-inaugura-a-filmoteca-galega\\\/\",\"name\":\"Redondela inaugura a Filmoteca Galega -\",\"isPartOf\":{\"@id\":\"https:\\\/\\\/www.anovapeneira.gal\\\/#website\"},\"primaryImageOfPage\":{\"@id\":\"https:\\\/\\\/www.anovapeneira.gal\\\/index.php\\\/2020\\\/07\\\/29\\\/redondela-inaugura-a-filmoteca-galega\\\/#primaryimage\"},\"image\":{\"@id\":\"https:\\\/\\\/www.anovapeneira.gal\\\/index.php\\\/2020\\\/07\\\/29\\\/redondela-inaugura-a-filmoteca-galega\\\/#primaryimage\"},\"thumbnailUrl\":\"https:\\\/\\\/www.anovapeneira.gal\\\/wp-content\\\/uploads\\\/2020\\\/07\\\/filmoteca_galega_redondela_a_nova_peneira.jpg\",\"datePublished\":\"2020-07-29T12:00:47+00:00\",\"breadcrumb\":{\"@id\":\"https:\\\/\\\/www.anovapeneira.gal\\\/index.php\\\/2020\\\/07\\\/29\\\/redondela-inaugura-a-filmoteca-galega\\\/#breadcrumb\"},\"inLanguage\":\"gl-ES\",\"potentialAction\":[{\"@type\":\"ReadAction\",\"target\":[\"https:\\\/\\\/www.anovapeneira.gal\\\/index.php\\\/2020\\\/07\\\/29\\\/redondela-inaugura-a-filmoteca-galega\\\/\"]}]},{\"@type\":\"ImageObject\",\"inLanguage\":\"gl-ES\",\"@id\":\"https:\\\/\\\/www.anovapeneira.gal\\\/index.php\\\/2020\\\/07\\\/29\\\/redondela-inaugura-a-filmoteca-galega\\\/#primaryimage\",\"url\":\"https:\\\/\\\/www.anovapeneira.gal\\\/wp-content\\\/uploads\\\/2020\\\/07\\\/filmoteca_galega_redondela_a_nova_peneira.jpg\",\"contentUrl\":\"https:\\\/\\\/www.anovapeneira.gal\\\/wp-content\\\/uploads\\\/2020\\\/07\\\/filmoteca_galega_redondela_a_nova_peneira.jpg\",\"width\":720,\"height\":432,\"caption\":\"Filmoteca Galega Concello de Redondela A Nova Peneira\"},{\"@type\":\"BreadcrumbList\",\"@id\":\"https:\\\/\\\/www.anovapeneira.gal\\\/index.php\\\/2020\\\/07\\\/29\\\/redondela-inaugura-a-filmoteca-galega\\\/#breadcrumb\",\"itemListElement\":[{\"@type\":\"ListItem\",\"position\":1,\"name\":\"Portada\",\"item\":\"https:\\\/\\\/www.anovapeneira.gal\\\/\"},{\"@type\":\"ListItem\",\"position\":2,\"name\":\"Redondela inaugura a Filmoteca Galega\"}]},{\"@type\":\"WebSite\",\"@id\":\"https:\\\/\\\/www.anovapeneira.gal\\\/#website\",\"url\":\"https:\\\/\\\/www.anovapeneira.gal\\\/\",\"name\":\"\",\"description\":\"Xornal galego de informaci\u00f3n xeral Publicaci\u00f3n mensual de novas de Galicia e en especial dos Concellos da sur da provincia de Pontevedra.\",\"publisher\":{\"@id\":\"https:\\\/\\\/www.anovapeneira.gal\\\/#organization\"},\"potentialAction\":[{\"@type\":\"SearchAction\",\"target\":{\"@type\":\"EntryPoint\",\"urlTemplate\":\"https:\\\/\\\/www.anovapeneira.gal\\\/?s={search_term_string}\"},\"query-input\":{\"@type\":\"PropertyValueSpecification\",\"valueRequired\":true,\"valueName\":\"search_term_string\"}}],\"inLanguage\":\"gl-ES\"},{\"@type\":\"Organization\",\"@id\":\"https:\\\/\\\/www.anovapeneira.gal\\\/#organization\",\"name\":\"A Nova Peneira\",\"url\":\"https:\\\/\\\/www.anovapeneira.gal\\\/\",\"logo\":{\"@type\":\"ImageObject\",\"inLanguage\":\"gl-ES\",\"@id\":\"https:\\\/\\\/www.anovapeneira.gal\\\/#\\\/schema\\\/logo\\\/image\\\/\",\"url\":\"http:\\\/\\\/www.anovapeneira.gal\\\/wp-content\\\/uploads\\\/2019\\\/06\\\/logo_a_nova_peneira_portal_web.png\",\"contentUrl\":\"http:\\\/\\\/www.anovapeneira.gal\\\/wp-content\\\/uploads\\\/2019\\\/06\\\/logo_a_nova_peneira_portal_web.png\",\"width\":300,\"height\":100,\"caption\":\"A Nova Peneira\"},\"image\":{\"@id\":\"https:\\\/\\\/www.anovapeneira.gal\\\/#\\\/schema\\\/logo\\\/image\\\/\"},\"sameAs\":[\"https:\\\/\\\/www.facebook.com\\\/anovapeneira\",\"https:\\\/\\\/x.com\\\/APeneira\"]},{\"@type\":\"Person\",\"@id\":\"https:\\\/\\\/www.anovapeneira.gal\\\/#\\\/schema\\\/person\\\/b93e3f8932e3f8da96334607eb6ac6aa\",\"name\":\"Redacci\u00f3n A Nova Peneira\",\"image\":{\"@type\":\"ImageObject\",\"inLanguage\":\"gl-ES\",\"@id\":\"https:\\\/\\\/secure.gravatar.com\\\/avatar\\\/c052a2551a06e23fac63626232eaa90abd78dbcf1700fc46a2b2c89fd27b735f?s=96&d=mm&r=g\",\"url\":\"https:\\\/\\\/secure.gravatar.com\\\/avatar\\\/c052a2551a06e23fac63626232eaa90abd78dbcf1700fc46a2b2c89fd27b735f?s=96&d=mm&r=g\",\"contentUrl\":\"https:\\\/\\\/secure.gravatar.com\\\/avatar\\\/c052a2551a06e23fac63626232eaa90abd78dbcf1700fc46a2b2c89fd27b735f?s=96&d=mm&r=g\",\"caption\":\"Redacci\u00f3n A Nova Peneira\"},\"sameAs\":[\"http:\\\/\\\/www.anovapeneira.gal\\\/\"],\"url\":\"https:\\\/\\\/www.anovapeneira.gal\\\/index.php\\\/author\\\/redactor\\\/\"}]}<\/script>\n<!-- \/ Yoast SEO plugin. -->","yoast_head_json":{"title":"Redondela inaugura a Filmoteca Galega -","robots":{"index":"index","follow":"follow","max-snippet":"max-snippet:-1","max-image-preview":"max-image-preview:large","max-video-preview":"max-video-preview:-1"},"canonical":"https:\/\/www.anovapeneira.gal\/index.php\/2020\/07\/29\/redondela-inaugura-a-filmoteca-galega\/","og_locale":"gl_ES","og_type":"article","og_title":"Redondela inaugura a Filmoteca Galega -","og_description":"O cinema en lingua galega ocupa xa un lugar propio nas viodetecas galegas. Logo dos \u00e9xitos acadados polos \u00faltimos filmes (O que arde, Longa noite ou Trinta lumes), o Servizo de Normalizaci\u00f3n Ling\u00fc\u00edstica impulsou esta iniciativa. A proposta tr\u00e1tase de crear un fondo propio baixo o lema \"Filmoteca Galega\" que incluir\u00e1 curtas e longametraxes, documentais ou cinema infantil [...]","og_url":"https:\/\/www.anovapeneira.gal\/index.php\/2020\/07\/29\/redondela-inaugura-a-filmoteca-galega\/","article_publisher":"https:\/\/www.facebook.com\/anovapeneira","article_published_time":"2020-07-29T12:00:47+00:00","og_image":[{"width":720,"height":432,"url":"https:\/\/www.anovapeneira.gal\/wp-content\/uploads\/2020\/07\/filmoteca_galega_redondela_a_nova_peneira.jpg","type":"image\/jpeg"}],"author":"Redacci\u00f3n A Nova Peneira","twitter_card":"summary_large_image","twitter_creator":"@APeneira","twitter_site":"@APeneira","twitter_misc":{"Escrito por":"Redacci\u00f3n A Nova Peneira","Tempo de lectura":"1 minuto"},"schema":{"@context":"https:\/\/schema.org","@graph":[{"@type":"Article","@id":"https:\/\/www.anovapeneira.gal\/index.php\/2020\/07\/29\/redondela-inaugura-a-filmoteca-galega\/#article","isPartOf":{"@id":"https:\/\/www.anovapeneira.gal\/index.php\/2020\/07\/29\/redondela-inaugura-a-filmoteca-galega\/"},"author":{"name":"Redacci\u00f3n A Nova Peneira","@id":"https:\/\/www.anovapeneira.gal\/#\/schema\/person\/b93e3f8932e3f8da96334607eb6ac6aa"},"headline":"Redondela inaugura a Filmoteca Galega","datePublished":"2020-07-29T12:00:47+00:00","mainEntityOfPage":{"@id":"https:\/\/www.anovapeneira.gal\/index.php\/2020\/07\/29\/redondela-inaugura-a-filmoteca-galega\/"},"wordCount":269,"commentCount":0,"publisher":{"@id":"https:\/\/www.anovapeneira.gal\/#organization"},"image":{"@id":"https:\/\/www.anovapeneira.gal\/index.php\/2020\/07\/29\/redondela-inaugura-a-filmoteca-galega\/#primaryimage"},"thumbnailUrl":"https:\/\/www.anovapeneira.gal\/wp-content\/uploads\/2020\/07\/filmoteca_galega_redondela_a_nova_peneira.jpg","keywords":["Concello de Redondela","Filmoteca Galega"],"articleSection":["Redondela"],"inLanguage":"gl-ES","potentialAction":[{"@type":"CommentAction","name":"Comment","target":["https:\/\/www.anovapeneira.gal\/index.php\/2020\/07\/29\/redondela-inaugura-a-filmoteca-galega\/#respond"]}]},{"@type":"WebPage","@id":"https:\/\/www.anovapeneira.gal\/index.php\/2020\/07\/29\/redondela-inaugura-a-filmoteca-galega\/","url":"https:\/\/www.anovapeneira.gal\/index.php\/2020\/07\/29\/redondela-inaugura-a-filmoteca-galega\/","name":"Redondela inaugura a Filmoteca Galega -","isPartOf":{"@id":"https:\/\/www.anovapeneira.gal\/#website"},"primaryImageOfPage":{"@id":"https:\/\/www.anovapeneira.gal\/index.php\/2020\/07\/29\/redondela-inaugura-a-filmoteca-galega\/#primaryimage"},"image":{"@id":"https:\/\/www.anovapeneira.gal\/index.php\/2020\/07\/29\/redondela-inaugura-a-filmoteca-galega\/#primaryimage"},"thumbnailUrl":"https:\/\/www.anovapeneira.gal\/wp-content\/uploads\/2020\/07\/filmoteca_galega_redondela_a_nova_peneira.jpg","datePublished":"2020-07-29T12:00:47+00:00","breadcrumb":{"@id":"https:\/\/www.anovapeneira.gal\/index.php\/2020\/07\/29\/redondela-inaugura-a-filmoteca-galega\/#breadcrumb"},"inLanguage":"gl-ES","potentialAction":[{"@type":"ReadAction","target":["https:\/\/www.anovapeneira.gal\/index.php\/2020\/07\/29\/redondela-inaugura-a-filmoteca-galega\/"]}]},{"@type":"ImageObject","inLanguage":"gl-ES","@id":"https:\/\/www.anovapeneira.gal\/index.php\/2020\/07\/29\/redondela-inaugura-a-filmoteca-galega\/#primaryimage","url":"https:\/\/www.anovapeneira.gal\/wp-content\/uploads\/2020\/07\/filmoteca_galega_redondela_a_nova_peneira.jpg","contentUrl":"https:\/\/www.anovapeneira.gal\/wp-content\/uploads\/2020\/07\/filmoteca_galega_redondela_a_nova_peneira.jpg","width":720,"height":432,"caption":"Filmoteca Galega Concello de Redondela A Nova Peneira"},{"@type":"BreadcrumbList","@id":"https:\/\/www.anovapeneira.gal\/index.php\/2020\/07\/29\/redondela-inaugura-a-filmoteca-galega\/#breadcrumb","itemListElement":[{"@type":"ListItem","position":1,"name":"Portada","item":"https:\/\/www.anovapeneira.gal\/"},{"@type":"ListItem","position":2,"name":"Redondela inaugura a Filmoteca Galega"}]},{"@type":"WebSite","@id":"https:\/\/www.anovapeneira.gal\/#website","url":"https:\/\/www.anovapeneira.gal\/","name":"","description":"Xornal galego de informaci\u00f3n xeral Publicaci\u00f3n mensual de novas de Galicia e en especial dos Concellos da sur da provincia de Pontevedra.","publisher":{"@id":"https:\/\/www.anovapeneira.gal\/#organization"},"potentialAction":[{"@type":"SearchAction","target":{"@type":"EntryPoint","urlTemplate":"https:\/\/www.anovapeneira.gal\/?s={search_term_string}"},"query-input":{"@type":"PropertyValueSpecification","valueRequired":true,"valueName":"search_term_string"}}],"inLanguage":"gl-ES"},{"@type":"Organization","@id":"https:\/\/www.anovapeneira.gal\/#organization","name":"A Nova Peneira","url":"https:\/\/www.anovapeneira.gal\/","logo":{"@type":"ImageObject","inLanguage":"gl-ES","@id":"https:\/\/www.anovapeneira.gal\/#\/schema\/logo\/image\/","url":"http:\/\/www.anovapeneira.gal\/wp-content\/uploads\/2019\/06\/logo_a_nova_peneira_portal_web.png","contentUrl":"http:\/\/www.anovapeneira.gal\/wp-content\/uploads\/2019\/06\/logo_a_nova_peneira_portal_web.png","width":300,"height":100,"caption":"A Nova Peneira"},"image":{"@id":"https:\/\/www.anovapeneira.gal\/#\/schema\/logo\/image\/"},"sameAs":["https:\/\/www.facebook.com\/anovapeneira","https:\/\/x.com\/APeneira"]},{"@type":"Person","@id":"https:\/\/www.anovapeneira.gal\/#\/schema\/person\/b93e3f8932e3f8da96334607eb6ac6aa","name":"Redacci\u00f3n A Nova Peneira","image":{"@type":"ImageObject","inLanguage":"gl-ES","@id":"https:\/\/secure.gravatar.com\/avatar\/c052a2551a06e23fac63626232eaa90abd78dbcf1700fc46a2b2c89fd27b735f?s=96&d=mm&r=g","url":"https:\/\/secure.gravatar.com\/avatar\/c052a2551a06e23fac63626232eaa90abd78dbcf1700fc46a2b2c89fd27b735f?s=96&d=mm&r=g","contentUrl":"https:\/\/secure.gravatar.com\/avatar\/c052a2551a06e23fac63626232eaa90abd78dbcf1700fc46a2b2c89fd27b735f?s=96&d=mm&r=g","caption":"Redacci\u00f3n A Nova Peneira"},"sameAs":["http:\/\/www.anovapeneira.gal\/"],"url":"https:\/\/www.anovapeneira.gal\/index.php\/author\/redactor\/"}]}},"jetpack_featured_media_url":"https:\/\/www.anovapeneira.gal\/wp-content\/uploads\/2020\/07\/filmoteca_galega_redondela_a_nova_peneira.jpg","_links":{"self":[{"href":"https:\/\/www.anovapeneira.gal\/index.php\/wp-json\/wp\/v2\/posts\/3623","targetHints":{"allow":["GET"]}}],"collection":[{"href":"https:\/\/www.anovapeneira.gal\/index.php\/wp-json\/wp\/v2\/posts"}],"about":[{"href":"https:\/\/www.anovapeneira.gal\/index.php\/wp-json\/wp\/v2\/types\/post"}],"author":[{"embeddable":true,"href":"https:\/\/www.anovapeneira.gal\/index.php\/wp-json\/wp\/v2\/users\/3"}],"replies":[{"embeddable":true,"href":"https:\/\/www.anovapeneira.gal\/index.php\/wp-json\/wp\/v2\/comments?post=3623"}],"version-history":[{"count":1,"href":"https:\/\/www.anovapeneira.gal\/index.php\/wp-json\/wp\/v2\/posts\/3623\/revisions"}],"predecessor-version":[{"id":3625,"href":"https:\/\/www.anovapeneira.gal\/index.php\/wp-json\/wp\/v2\/posts\/3623\/revisions\/3625"}],"wp:featuredmedia":[{"embeddable":true,"href":"https:\/\/www.anovapeneira.gal\/index.php\/wp-json\/wp\/v2\/media\/3624"}],"wp:attachment":[{"href":"https:\/\/www.anovapeneira.gal\/index.php\/wp-json\/wp\/v2\/media?parent=3623"}],"wp:term":[{"taxonomy":"category","embeddable":true,"href":"https:\/\/www.anovapeneira.gal\/index.php\/wp-json\/wp\/v2\/categories?post=3623"},{"taxonomy":"post_tag","embeddable":true,"href":"https:\/\/www.anovapeneira.gal\/index.php\/wp-json\/wp\/v2\/tags?post=3623"}],"curies":[{"name":"wp","href":"https:\/\/api.w.org\/{rel}","templated":true}]}}