{"id":3648,"date":"2020-08-03T10:00:46","date_gmt":"2020-08-03T08:00:46","guid":{"rendered":"http:\/\/www.anovapeneira.gal\/?p=3648"},"modified":"2020-08-03T08:01:04","modified_gmt":"2020-08-03T06:01:04","slug":"entra-en-funcionamento-a-area-de-preferencia-peonil-do-concello-de-tomino","status":"publish","type":"post","link":"https:\/\/www.anovapeneira.gal\/index.php\/2020\/08\/03\/entra-en-funcionamento-a-area-de-preferencia-peonil-do-concello-de-tomino\/","title":{"rendered":"Entra en funcionamento a \u00e1rea de preferencia peonil do concello de Tomi\u00f1o"},"content":{"rendered":"\n<h2 class=\"wp-block-heading\"><strong>Tras as obras de recuperaci\u00f3n do espazo p\u00fablico levadas a cabo nas r\u00faas adxacentes \u00e1 Praza do Seixo, o Concello contar\u00e1 cun sistema de c\u00e1maras de v\u00eddeo-vixilancia, con reco\u00f1ecemento de matr\u00edculas, para o control do tr\u00e1fico<\/strong><\/h2>\n\n\n\n<p><strong>Tomi\u00f1o, 31 de xullo de 2020<\/strong><\/p>\n\n\n\n<p>O d\u00eda 1 de agosto de 2020 entra en funcionamento a \u00c1rea de Preferencia Peonil nas r\u00faas do n\u00facleo urbano do Seixo, con total prioridade para os pe\u00f3ns, e na que non se permitir\u00e1 a circulaci\u00f3n de veh\u00edculos, salvo os debidamente autorizados.<\/p>\n\n\n\n<p>Tras as obras de recuperaci\u00f3n do espazo p\u00fablico levadas a cabo nas r\u00faas A Guarda e Avenida Rep\u00fablica Arxentina, o Concello contar\u00e1 cun sistema de c\u00e1maras de v\u00eddeo-vixilancia, con reco\u00f1ecemento de matr\u00edculas, para o control do tr\u00e1fico nas v\u00edas urbanas. Este sistema funcionar\u00e1 de forma centralizada, enviando todas as matr\u00edculas detectadas a un servidor central, que comprobar\u00e1 cada acceso na lista de veh\u00edculos autorizados, e xerar\u00e1 as infracci\u00f3ns correspondentes, en caso de non dispor de permiso.<\/p>\n\n\n\n<p>Dentro das excepci\u00f3ns, at\u00f3panse as persoas residentes, propietarias de comercios ou usuarias de garaxes; veh\u00edculos de carga e descarga de mercador\u00edas e gasoil; servizos de emerxencias, ambulancias, bombeiros, polic\u00eda, taxis e bicicletas, entres outros.<\/p>\n\n\n\n<p>Asemade, non se poder\u00e1 estacionar na zona, salvo as persoas residentes, que dispor\u00e1n de 10 minutos para carga e descarga dom\u00e9stica (carga e descarga de mercador\u00edas, at\u00e9 30 minutos).<\/p>\n\n\n\n<p>Asemade, reforzarase a vixilancia das zonas azuis co obxecto de garantir a mellora da mobilidade peonil e a seguridade viaria.<\/p>\n\n\n\n<p>O concelleiro de Tr\u00e1fico e Seguridade, Ismael Troncoso, lembra que a cidadan\u00eda conta con tres estacionamentos municipais gratu\u00edtos, situados nas zonas pr\u00f3ximas ao Seixo.<\/p>\n\n\n\n<p>Tanto residentes como comerciantes, contin\u00faan tendo \u00e1 s\u00faa disposici\u00f3n no Concello ou na da sede electr\u00f3nica (tomino.gal), un modelo de solicitude para a autorizaci\u00f3n de acceso \u00e1 zona restrinxida.<\/p>\n\n\n\n<p>As obras de recuperaci\u00f3n do espazo p\u00fablico levadas a cabo no n\u00facleo do Seixo,<strong>cun investimento total de 670.000 euros (500.000 do Plan DepoRemse da Deputaci\u00f3n de Pontevedra)<\/strong>,estanse a rematar nestas semanas na r\u00faa Col\u00f3n, que tam\u00e9n ser\u00e1 peonil.<\/p>\n","protected":false},"excerpt":{"rendered":"<div class=\"mh-excerpt\"><p>Tras as obras de recuperaci\u00f3n do espazo p\u00fablico levadas a cabo nas r\u00faas adxacentes \u00e1 Praza do Seixo, o Concello contar\u00e1 cun sistema de c\u00e1maras de v\u00eddeo-vixilancia, con reco\u00f1ecemento de matr\u00edculas, para o control do tr\u00e1fico <a class=\"mh-excerpt-more\" href=\"https:\/\/www.anovapeneira.gal\/index.php\/2020\/08\/03\/entra-en-funcionamento-a-area-de-preferencia-peonil-do-concello-de-tomino\/\" title=\"Entra en funcionamento a \u00e1rea de preferencia peonil do concello de Tomi\u00f1o\">[&#8230;]<\/a><\/p>\n<\/div>","protected":false},"author":3,"featured_media":3649,"comment_status":"open","ping_status":"open","sticky":false,"template":"","format":"standard","meta":{"_exactmetrics_skip_tracking":false,"_exactmetrics_sitenote_active":false,"_exactmetrics_sitenote_note":"","_exactmetrics_sitenote_category":0,"footnotes":""},"categories":[21],"tags":[81,121],"class_list":{"0":"post-3648","1":"post","2":"type-post","3":"status-publish","4":"format-standard","5":"has-post-thumbnail","7":"category-baixo-mino","8":"tag-concello-de-tomino","9":"tag-fomento"},"yoast_head":"<!-- This site is optimized with the Yoast SEO plugin v27.4 - https:\/\/yoast.com\/product\/yoast-seo-wordpress\/ -->\n<title>Entra en funcionamento a \u00e1rea de preferencia peonil do concello de Tomi\u00f1o -<\/title>\n<meta name=\"robots\" content=\"index, follow, max-snippet:-1, max-image-preview:large, max-video-preview:-1\" \/>\n<link rel=\"canonical\" href=\"https:\/\/www.anovapeneira.gal\/index.php\/2020\/08\/03\/entra-en-funcionamento-a-area-de-preferencia-peonil-do-concello-de-tomino\/\" \/>\n<meta property=\"og:locale\" content=\"gl_ES\" \/>\n<meta property=\"og:type\" content=\"article\" \/>\n<meta property=\"og:title\" content=\"Entra en funcionamento a \u00e1rea de preferencia peonil do concello de Tomi\u00f1o -\" \/>\n<meta property=\"og:description\" content=\"Tras as obras de recuperaci\u00f3n do espazo p\u00fablico levadas a cabo nas r\u00faas adxacentes \u00e1 Praza do Seixo, o Concello contar\u00e1 cun sistema de c\u00e1maras de v\u00eddeo-vixilancia, con reco\u00f1ecemento de matr\u00edculas, para o control do tr\u00e1fico [...]\" \/>\n<meta property=\"og:url\" content=\"https:\/\/www.anovapeneira.gal\/index.php\/2020\/08\/03\/entra-en-funcionamento-a-area-de-preferencia-peonil-do-concello-de-tomino\/\" \/>\n<meta property=\"article:publisher\" content=\"https:\/\/www.facebook.com\/anovapeneira\" \/>\n<meta property=\"article:published_time\" content=\"2020-08-03T08:00:46+00:00\" \/>\n<meta property=\"og:image\" content=\"https:\/\/www.anovapeneira.gal\/wp-content\/uploads\/2020\/08\/zoa_peonil_concello_tominho_a_nova_peneira.jpg\" \/>\n\t<meta property=\"og:image:width\" content=\"720\" \/>\n\t<meta property=\"og:image:height\" content=\"432\" \/>\n\t<meta property=\"og:image:type\" content=\"image\/jpeg\" \/>\n<meta name=\"author\" content=\"Redacci\u00f3n A Nova Peneira\" \/>\n<meta name=\"twitter:card\" content=\"summary_large_image\" \/>\n<meta name=\"twitter:creator\" content=\"@APeneira\" \/>\n<meta name=\"twitter:site\" content=\"@APeneira\" \/>\n<meta name=\"twitter:label1\" content=\"Escrito por\" \/>\n\t<meta name=\"twitter:data1\" content=\"Redacci\u00f3n A Nova Peneira\" \/>\n\t<meta name=\"twitter:label2\" content=\"Tempo de lectura\" \/>\n\t<meta name=\"twitter:data2\" content=\"2 minutos\" \/>\n<script type=\"application\/ld+json\" class=\"yoast-schema-graph\">{\"@context\":\"https:\\\/\\\/schema.org\",\"@graph\":[{\"@type\":\"Article\",\"@id\":\"https:\\\/\\\/www.anovapeneira.gal\\\/index.php\\\/2020\\\/08\\\/03\\\/entra-en-funcionamento-a-area-de-preferencia-peonil-do-concello-de-tomino\\\/#article\",\"isPartOf\":{\"@id\":\"https:\\\/\\\/www.anovapeneira.gal\\\/index.php\\\/2020\\\/08\\\/03\\\/entra-en-funcionamento-a-area-de-preferencia-peonil-do-concello-de-tomino\\\/\"},\"author\":{\"name\":\"Redacci\u00f3n A Nova Peneira\",\"@id\":\"https:\\\/\\\/www.anovapeneira.gal\\\/#\\\/schema\\\/person\\\/b93e3f8932e3f8da96334607eb6ac6aa\"},\"headline\":\"Entra en funcionamento a \u00e1rea de preferencia peonil do concello de Tomi\u00f1o\",\"datePublished\":\"2020-08-03T08:00:46+00:00\",\"mainEntityOfPage\":{\"@id\":\"https:\\\/\\\/www.anovapeneira.gal\\\/index.php\\\/2020\\\/08\\\/03\\\/entra-en-funcionamento-a-area-de-preferencia-peonil-do-concello-de-tomino\\\/\"},\"wordCount\":391,\"commentCount\":0,\"publisher\":{\"@id\":\"https:\\\/\\\/www.anovapeneira.gal\\\/#organization\"},\"image\":{\"@id\":\"https:\\\/\\\/www.anovapeneira.gal\\\/index.php\\\/2020\\\/08\\\/03\\\/entra-en-funcionamento-a-area-de-preferencia-peonil-do-concello-de-tomino\\\/#primaryimage\"},\"thumbnailUrl\":\"https:\\\/\\\/www.anovapeneira.gal\\\/wp-content\\\/uploads\\\/2020\\\/08\\\/zoa_peonil_concello_tominho_a_nova_peneira.jpg\",\"keywords\":[\"Concello de Tomi\u00f1o\",\"Fomento\"],\"articleSection\":[\"Baixo Mi\u00f1o\"],\"inLanguage\":\"gl-ES\",\"potentialAction\":[{\"@type\":\"CommentAction\",\"name\":\"Comment\",\"target\":[\"https:\\\/\\\/www.anovapeneira.gal\\\/index.php\\\/2020\\\/08\\\/03\\\/entra-en-funcionamento-a-area-de-preferencia-peonil-do-concello-de-tomino\\\/#respond\"]}]},{\"@type\":\"WebPage\",\"@id\":\"https:\\\/\\\/www.anovapeneira.gal\\\/index.php\\\/2020\\\/08\\\/03\\\/entra-en-funcionamento-a-area-de-preferencia-peonil-do-concello-de-tomino\\\/\",\"url\":\"https:\\\/\\\/www.anovapeneira.gal\\\/index.php\\\/2020\\\/08\\\/03\\\/entra-en-funcionamento-a-area-de-preferencia-peonil-do-concello-de-tomino\\\/\",\"name\":\"Entra en funcionamento a \u00e1rea de preferencia peonil do concello de Tomi\u00f1o -\",\"isPartOf\":{\"@id\":\"https:\\\/\\\/www.anovapeneira.gal\\\/#website\"},\"primaryImageOfPage\":{\"@id\":\"https:\\\/\\\/www.anovapeneira.gal\\\/index.php\\\/2020\\\/08\\\/03\\\/entra-en-funcionamento-a-area-de-preferencia-peonil-do-concello-de-tomino\\\/#primaryimage\"},\"image\":{\"@id\":\"https:\\\/\\\/www.anovapeneira.gal\\\/index.php\\\/2020\\\/08\\\/03\\\/entra-en-funcionamento-a-area-de-preferencia-peonil-do-concello-de-tomino\\\/#primaryimage\"},\"thumbnailUrl\":\"https:\\\/\\\/www.anovapeneira.gal\\\/wp-content\\\/uploads\\\/2020\\\/08\\\/zoa_peonil_concello_tominho_a_nova_peneira.jpg\",\"datePublished\":\"2020-08-03T08:00:46+00:00\",\"breadcrumb\":{\"@id\":\"https:\\\/\\\/www.anovapeneira.gal\\\/index.php\\\/2020\\\/08\\\/03\\\/entra-en-funcionamento-a-area-de-preferencia-peonil-do-concello-de-tomino\\\/#breadcrumb\"},\"inLanguage\":\"gl-ES\",\"potentialAction\":[{\"@type\":\"ReadAction\",\"target\":[\"https:\\\/\\\/www.anovapeneira.gal\\\/index.php\\\/2020\\\/08\\\/03\\\/entra-en-funcionamento-a-area-de-preferencia-peonil-do-concello-de-tomino\\\/\"]}]},{\"@type\":\"ImageObject\",\"inLanguage\":\"gl-ES\",\"@id\":\"https:\\\/\\\/www.anovapeneira.gal\\\/index.php\\\/2020\\\/08\\\/03\\\/entra-en-funcionamento-a-area-de-preferencia-peonil-do-concello-de-tomino\\\/#primaryimage\",\"url\":\"https:\\\/\\\/www.anovapeneira.gal\\\/wp-content\\\/uploads\\\/2020\\\/08\\\/zoa_peonil_concello_tominho_a_nova_peneira.jpg\",\"contentUrl\":\"https:\\\/\\\/www.anovapeneira.gal\\\/wp-content\\\/uploads\\\/2020\\\/08\\\/zoa_peonil_concello_tominho_a_nova_peneira.jpg\",\"width\":720,\"height\":432,\"caption\":\"\u00e1rea de preferencia peonil do concello de Tomi\u00f1o\"},{\"@type\":\"BreadcrumbList\",\"@id\":\"https:\\\/\\\/www.anovapeneira.gal\\\/index.php\\\/2020\\\/08\\\/03\\\/entra-en-funcionamento-a-area-de-preferencia-peonil-do-concello-de-tomino\\\/#breadcrumb\",\"itemListElement\":[{\"@type\":\"ListItem\",\"position\":1,\"name\":\"Portada\",\"item\":\"https:\\\/\\\/www.anovapeneira.gal\\\/\"},{\"@type\":\"ListItem\",\"position\":2,\"name\":\"Entra en funcionamento a \u00e1rea de preferencia peonil do concello de Tomi\u00f1o\"}]},{\"@type\":\"WebSite\",\"@id\":\"https:\\\/\\\/www.anovapeneira.gal\\\/#website\",\"url\":\"https:\\\/\\\/www.anovapeneira.gal\\\/\",\"name\":\"\",\"description\":\"Xornal galego de informaci\u00f3n xeral Publicaci\u00f3n mensual de novas de Galicia e en especial dos Concellos da sur da provincia de Pontevedra.\",\"publisher\":{\"@id\":\"https:\\\/\\\/www.anovapeneira.gal\\\/#organization\"},\"potentialAction\":[{\"@type\":\"SearchAction\",\"target\":{\"@type\":\"EntryPoint\",\"urlTemplate\":\"https:\\\/\\\/www.anovapeneira.gal\\\/?s={search_term_string}\"},\"query-input\":{\"@type\":\"PropertyValueSpecification\",\"valueRequired\":true,\"valueName\":\"search_term_string\"}}],\"inLanguage\":\"gl-ES\"},{\"@type\":\"Organization\",\"@id\":\"https:\\\/\\\/www.anovapeneira.gal\\\/#organization\",\"name\":\"A Nova Peneira\",\"url\":\"https:\\\/\\\/www.anovapeneira.gal\\\/\",\"logo\":{\"@type\":\"ImageObject\",\"inLanguage\":\"gl-ES\",\"@id\":\"https:\\\/\\\/www.anovapeneira.gal\\\/#\\\/schema\\\/logo\\\/image\\\/\",\"url\":\"http:\\\/\\\/www.anovapeneira.gal\\\/wp-content\\\/uploads\\\/2019\\\/06\\\/logo_a_nova_peneira_portal_web.png\",\"contentUrl\":\"http:\\\/\\\/www.anovapeneira.gal\\\/wp-content\\\/uploads\\\/2019\\\/06\\\/logo_a_nova_peneira_portal_web.png\",\"width\":300,\"height\":100,\"caption\":\"A Nova Peneira\"},\"image\":{\"@id\":\"https:\\\/\\\/www.anovapeneira.gal\\\/#\\\/schema\\\/logo\\\/image\\\/\"},\"sameAs\":[\"https:\\\/\\\/www.facebook.com\\\/anovapeneira\",\"https:\\\/\\\/x.com\\\/APeneira\"]},{\"@type\":\"Person\",\"@id\":\"https:\\\/\\\/www.anovapeneira.gal\\\/#\\\/schema\\\/person\\\/b93e3f8932e3f8da96334607eb6ac6aa\",\"name\":\"Redacci\u00f3n A Nova Peneira\",\"image\":{\"@type\":\"ImageObject\",\"inLanguage\":\"gl-ES\",\"@id\":\"https:\\\/\\\/secure.gravatar.com\\\/avatar\\\/c052a2551a06e23fac63626232eaa90abd78dbcf1700fc46a2b2c89fd27b735f?s=96&d=mm&r=g\",\"url\":\"https:\\\/\\\/secure.gravatar.com\\\/avatar\\\/c052a2551a06e23fac63626232eaa90abd78dbcf1700fc46a2b2c89fd27b735f?s=96&d=mm&r=g\",\"contentUrl\":\"https:\\\/\\\/secure.gravatar.com\\\/avatar\\\/c052a2551a06e23fac63626232eaa90abd78dbcf1700fc46a2b2c89fd27b735f?s=96&d=mm&r=g\",\"caption\":\"Redacci\u00f3n A Nova Peneira\"},\"sameAs\":[\"http:\\\/\\\/www.anovapeneira.gal\\\/\"],\"url\":\"https:\\\/\\\/www.anovapeneira.gal\\\/index.php\\\/author\\\/redactor\\\/\"}]}<\/script>\n<!-- \/ Yoast SEO plugin. -->","yoast_head_json":{"title":"Entra en funcionamento a \u00e1rea de preferencia peonil do concello de Tomi\u00f1o -","robots":{"index":"index","follow":"follow","max-snippet":"max-snippet:-1","max-image-preview":"max-image-preview:large","max-video-preview":"max-video-preview:-1"},"canonical":"https:\/\/www.anovapeneira.gal\/index.php\/2020\/08\/03\/entra-en-funcionamento-a-area-de-preferencia-peonil-do-concello-de-tomino\/","og_locale":"gl_ES","og_type":"article","og_title":"Entra en funcionamento a \u00e1rea de preferencia peonil do concello de Tomi\u00f1o -","og_description":"Tras as obras de recuperaci\u00f3n do espazo p\u00fablico levadas a cabo nas r\u00faas adxacentes \u00e1 Praza do Seixo, o Concello contar\u00e1 cun sistema de c\u00e1maras de v\u00eddeo-vixilancia, con reco\u00f1ecemento de matr\u00edculas, para o control do tr\u00e1fico [...]","og_url":"https:\/\/www.anovapeneira.gal\/index.php\/2020\/08\/03\/entra-en-funcionamento-a-area-de-preferencia-peonil-do-concello-de-tomino\/","article_publisher":"https:\/\/www.facebook.com\/anovapeneira","article_published_time":"2020-08-03T08:00:46+00:00","og_image":[{"width":720,"height":432,"url":"https:\/\/www.anovapeneira.gal\/wp-content\/uploads\/2020\/08\/zoa_peonil_concello_tominho_a_nova_peneira.jpg","type":"image\/jpeg"}],"author":"Redacci\u00f3n A Nova Peneira","twitter_card":"summary_large_image","twitter_creator":"@APeneira","twitter_site":"@APeneira","twitter_misc":{"Escrito por":"Redacci\u00f3n A Nova Peneira","Tempo de lectura":"2 minutos"},"schema":{"@context":"https:\/\/schema.org","@graph":[{"@type":"Article","@id":"https:\/\/www.anovapeneira.gal\/index.php\/2020\/08\/03\/entra-en-funcionamento-a-area-de-preferencia-peonil-do-concello-de-tomino\/#article","isPartOf":{"@id":"https:\/\/www.anovapeneira.gal\/index.php\/2020\/08\/03\/entra-en-funcionamento-a-area-de-preferencia-peonil-do-concello-de-tomino\/"},"author":{"name":"Redacci\u00f3n A Nova Peneira","@id":"https:\/\/www.anovapeneira.gal\/#\/schema\/person\/b93e3f8932e3f8da96334607eb6ac6aa"},"headline":"Entra en funcionamento a \u00e1rea de preferencia peonil do concello de Tomi\u00f1o","datePublished":"2020-08-03T08:00:46+00:00","mainEntityOfPage":{"@id":"https:\/\/www.anovapeneira.gal\/index.php\/2020\/08\/03\/entra-en-funcionamento-a-area-de-preferencia-peonil-do-concello-de-tomino\/"},"wordCount":391,"commentCount":0,"publisher":{"@id":"https:\/\/www.anovapeneira.gal\/#organization"},"image":{"@id":"https:\/\/www.anovapeneira.gal\/index.php\/2020\/08\/03\/entra-en-funcionamento-a-area-de-preferencia-peonil-do-concello-de-tomino\/#primaryimage"},"thumbnailUrl":"https:\/\/www.anovapeneira.gal\/wp-content\/uploads\/2020\/08\/zoa_peonil_concello_tominho_a_nova_peneira.jpg","keywords":["Concello de Tomi\u00f1o","Fomento"],"articleSection":["Baixo Mi\u00f1o"],"inLanguage":"gl-ES","potentialAction":[{"@type":"CommentAction","name":"Comment","target":["https:\/\/www.anovapeneira.gal\/index.php\/2020\/08\/03\/entra-en-funcionamento-a-area-de-preferencia-peonil-do-concello-de-tomino\/#respond"]}]},{"@type":"WebPage","@id":"https:\/\/www.anovapeneira.gal\/index.php\/2020\/08\/03\/entra-en-funcionamento-a-area-de-preferencia-peonil-do-concello-de-tomino\/","url":"https:\/\/www.anovapeneira.gal\/index.php\/2020\/08\/03\/entra-en-funcionamento-a-area-de-preferencia-peonil-do-concello-de-tomino\/","name":"Entra en funcionamento a \u00e1rea de preferencia peonil do concello de Tomi\u00f1o -","isPartOf":{"@id":"https:\/\/www.anovapeneira.gal\/#website"},"primaryImageOfPage":{"@id":"https:\/\/www.anovapeneira.gal\/index.php\/2020\/08\/03\/entra-en-funcionamento-a-area-de-preferencia-peonil-do-concello-de-tomino\/#primaryimage"},"image":{"@id":"https:\/\/www.anovapeneira.gal\/index.php\/2020\/08\/03\/entra-en-funcionamento-a-area-de-preferencia-peonil-do-concello-de-tomino\/#primaryimage"},"thumbnailUrl":"https:\/\/www.anovapeneira.gal\/wp-content\/uploads\/2020\/08\/zoa_peonil_concello_tominho_a_nova_peneira.jpg","datePublished":"2020-08-03T08:00:46+00:00","breadcrumb":{"@id":"https:\/\/www.anovapeneira.gal\/index.php\/2020\/08\/03\/entra-en-funcionamento-a-area-de-preferencia-peonil-do-concello-de-tomino\/#breadcrumb"},"inLanguage":"gl-ES","potentialAction":[{"@type":"ReadAction","target":["https:\/\/www.anovapeneira.gal\/index.php\/2020\/08\/03\/entra-en-funcionamento-a-area-de-preferencia-peonil-do-concello-de-tomino\/"]}]},{"@type":"ImageObject","inLanguage":"gl-ES","@id":"https:\/\/www.anovapeneira.gal\/index.php\/2020\/08\/03\/entra-en-funcionamento-a-area-de-preferencia-peonil-do-concello-de-tomino\/#primaryimage","url":"https:\/\/www.anovapeneira.gal\/wp-content\/uploads\/2020\/08\/zoa_peonil_concello_tominho_a_nova_peneira.jpg","contentUrl":"https:\/\/www.anovapeneira.gal\/wp-content\/uploads\/2020\/08\/zoa_peonil_concello_tominho_a_nova_peneira.jpg","width":720,"height":432,"caption":"\u00e1rea de preferencia peonil do concello de Tomi\u00f1o"},{"@type":"BreadcrumbList","@id":"https:\/\/www.anovapeneira.gal\/index.php\/2020\/08\/03\/entra-en-funcionamento-a-area-de-preferencia-peonil-do-concello-de-tomino\/#breadcrumb","itemListElement":[{"@type":"ListItem","position":1,"name":"Portada","item":"https:\/\/www.anovapeneira.gal\/"},{"@type":"ListItem","position":2,"name":"Entra en funcionamento a \u00e1rea de preferencia peonil do concello de Tomi\u00f1o"}]},{"@type":"WebSite","@id":"https:\/\/www.anovapeneira.gal\/#website","url":"https:\/\/www.anovapeneira.gal\/","name":"","description":"Xornal galego de informaci\u00f3n xeral Publicaci\u00f3n mensual de novas de Galicia e en especial dos Concellos da sur da provincia de Pontevedra.","publisher":{"@id":"https:\/\/www.anovapeneira.gal\/#organization"},"potentialAction":[{"@type":"SearchAction","target":{"@type":"EntryPoint","urlTemplate":"https:\/\/www.anovapeneira.gal\/?s={search_term_string}"},"query-input":{"@type":"PropertyValueSpecification","valueRequired":true,"valueName":"search_term_string"}}],"inLanguage":"gl-ES"},{"@type":"Organization","@id":"https:\/\/www.anovapeneira.gal\/#organization","name":"A Nova Peneira","url":"https:\/\/www.anovapeneira.gal\/","logo":{"@type":"ImageObject","inLanguage":"gl-ES","@id":"https:\/\/www.anovapeneira.gal\/#\/schema\/logo\/image\/","url":"http:\/\/www.anovapeneira.gal\/wp-content\/uploads\/2019\/06\/logo_a_nova_peneira_portal_web.png","contentUrl":"http:\/\/www.anovapeneira.gal\/wp-content\/uploads\/2019\/06\/logo_a_nova_peneira_portal_web.png","width":300,"height":100,"caption":"A Nova Peneira"},"image":{"@id":"https:\/\/www.anovapeneira.gal\/#\/schema\/logo\/image\/"},"sameAs":["https:\/\/www.facebook.com\/anovapeneira","https:\/\/x.com\/APeneira"]},{"@type":"Person","@id":"https:\/\/www.anovapeneira.gal\/#\/schema\/person\/b93e3f8932e3f8da96334607eb6ac6aa","name":"Redacci\u00f3n A Nova Peneira","image":{"@type":"ImageObject","inLanguage":"gl-ES","@id":"https:\/\/secure.gravatar.com\/avatar\/c052a2551a06e23fac63626232eaa90abd78dbcf1700fc46a2b2c89fd27b735f?s=96&d=mm&r=g","url":"https:\/\/secure.gravatar.com\/avatar\/c052a2551a06e23fac63626232eaa90abd78dbcf1700fc46a2b2c89fd27b735f?s=96&d=mm&r=g","contentUrl":"https:\/\/secure.gravatar.com\/avatar\/c052a2551a06e23fac63626232eaa90abd78dbcf1700fc46a2b2c89fd27b735f?s=96&d=mm&r=g","caption":"Redacci\u00f3n A Nova Peneira"},"sameAs":["http:\/\/www.anovapeneira.gal\/"],"url":"https:\/\/www.anovapeneira.gal\/index.php\/author\/redactor\/"}]}},"jetpack_featured_media_url":"https:\/\/www.anovapeneira.gal\/wp-content\/uploads\/2020\/08\/zoa_peonil_concello_tominho_a_nova_peneira.jpg","_links":{"self":[{"href":"https:\/\/www.anovapeneira.gal\/index.php\/wp-json\/wp\/v2\/posts\/3648","targetHints":{"allow":["GET"]}}],"collection":[{"href":"https:\/\/www.anovapeneira.gal\/index.php\/wp-json\/wp\/v2\/posts"}],"about":[{"href":"https:\/\/www.anovapeneira.gal\/index.php\/wp-json\/wp\/v2\/types\/post"}],"author":[{"embeddable":true,"href":"https:\/\/www.anovapeneira.gal\/index.php\/wp-json\/wp\/v2\/users\/3"}],"replies":[{"embeddable":true,"href":"https:\/\/www.anovapeneira.gal\/index.php\/wp-json\/wp\/v2\/comments?post=3648"}],"version-history":[{"count":1,"href":"https:\/\/www.anovapeneira.gal\/index.php\/wp-json\/wp\/v2\/posts\/3648\/revisions"}],"predecessor-version":[{"id":3650,"href":"https:\/\/www.anovapeneira.gal\/index.php\/wp-json\/wp\/v2\/posts\/3648\/revisions\/3650"}],"wp:featuredmedia":[{"embeddable":true,"href":"https:\/\/www.anovapeneira.gal\/index.php\/wp-json\/wp\/v2\/media\/3649"}],"wp:attachment":[{"href":"https:\/\/www.anovapeneira.gal\/index.php\/wp-json\/wp\/v2\/media?parent=3648"}],"wp:term":[{"taxonomy":"category","embeddable":true,"href":"https:\/\/www.anovapeneira.gal\/index.php\/wp-json\/wp\/v2\/categories?post=3648"},{"taxonomy":"post_tag","embeddable":true,"href":"https:\/\/www.anovapeneira.gal\/index.php\/wp-json\/wp\/v2\/tags?post=3648"}],"curies":[{"name":"wp","href":"https:\/\/api.w.org\/{rel}","templated":true}]}}