{"id":3657,"date":"2020-08-04T12:00:12","date_gmt":"2020-08-04T10:00:12","guid":{"rendered":"http:\/\/www.anovapeneira.gal\/?p=3657"},"modified":"2020-08-03T08:30:31","modified_gmt":"2020-08-03T06:30:31","slug":"o-alcalde-de-nigran-comunica-aos-vecinos-a-aprobacion-do-cambio-de-titularidade-de-otero-pedrayo-que-permite-ao-concello-emprender-as-obras-de-humanizacion","status":"publish","type":"post","link":"https:\/\/www.anovapeneira.gal\/index.php\/2020\/08\/04\/o-alcalde-de-nigran-comunica-aos-vecinos-a-aprobacion-do-cambio-de-titularidade-de-otero-pedrayo-que-permite-ao-concello-emprender-as-obras-de-humanizacion\/","title":{"rendered":"O Alcalde de Nigr\u00e1n comunica aos veci\u00f1os a aprobaci\u00f3n do cambio de titularidade de Otero Pedrayo que permite ao concello emprender as obras de humanizaci\u00f3n"},"content":{"rendered":"\n<p><strong>O Consello da Xunta deu luz verde onte ao cambio de titularidade pedido polo Concello de Nigr\u00e1n en enero deste ano tras seis anos tratando de que a Xunta asumise as obras ao ser a estrada da s\u00faa competencia<\/strong><\/p>\n\n\n\n<p><strong>O Concello conta xa cun proxecto desde febreiro deste ano que cifra o investimento en 1,5 mill\u00f3ns e que est\u00e1 pendente de diferentes informes sectoriais, unha vez aprobado definitivamente se licitar\u00e1n as obras&nbsp;<\/strong><\/p>\n\n\n\n<p><strong>Nigr\u00e1n, 31 de xullo de 2020<\/strong><\/p>\n\n\n\n<p>O alcalde de Nigr\u00e1n, Juan Gonz\u00e1lez, comunicou esta ma\u00f1\u00e1 xunto a &#8216;A.V. Monteferro&#8217; aos veci\u00f1os da contorna de Otero Pedrayo a aprobaci\u00f3n onte por parte do Consello da Xunta do cambio de titularidade desta r\u00faa a favor municipal, o que permitir\u00e1 ao fin ao Concello emprender obras de humanizaci\u00f3n en solitario por valor de 1,5 mill\u00f3ns de euros. O goberno local levaba seis anos reclamando \u00e1 Xunta unha intervenci\u00f3n nesta estrada auton\u00f3mica, que se atopa nun estado calamitoso e conta coas beirav\u00edas peor conservadas da provincia, chegando ao punto de pedir no pleno ordinario de xaneiro que directamente fose transferida ao Concello para non depender m\u00e1is do goberno auton\u00f3mico (incluso no 2016 a unanimidade da corporaci\u00f3n reclamara \u00e1 Xunta que asumise as obras de xeito inmediato, tam\u00e9n sen resposta).<\/p>\n\n\n\n<p>&#8220;Agora que a estrada pasa a ser municipal ao fin \u00edmos emprender estas obras que son urxent\u00edsimas e que durante m\u00e1is de 6 anos vi\u00f1emos reclamando \u00e1 Xunta sen resposta algunha, o intentamos por todos os medios e esta \u00e9 a \u00fanica soluci\u00f3n. Xa temos un proxecto e que non lles quede ningunha d\u00fabida aos veci\u00f1os de que \u00e9 un asunto prioritario e urxente para este Concello&#8221;, resume o alcalde, Juan Gonz\u00e1lez, quen califica a situaci\u00f3n de Otero Pedrayo como &#8220;absolutamente calamitosa, cunhas beirav\u00edas esnaquizadas, e uns servizos que tanto ambientalmente como estruturalmente supo\u00f1en un gran problema para Nigr\u00e1n&#8221;. Compre sinalar que esta estrada vertebra o municipio ao comunicar o n\u00facleo urbano de Nigr\u00e1n con Panx\u00f3n e conta con ducias de denuncias por mor da ca\u00edda de pe\u00f3ns debido ao mal estado xeral.<\/p>\n\n\n\n<p>Precisamente para avanzar prazos, o Concello conta cun proxecto desde febreiro deste ano que cifra o investimento en 1,5 mill\u00f3ns de euros, cont\u00eda que, definitivamente, asumir\u00e1 en solitario con cargo ao remanente de tesourer\u00eda ou mediante cr\u00e9dito, &#8220;a \u00fanica soluci\u00f3n pasa, lamentablemente, por asumir sen axuda algunha da Xunta estas obras que, realmente, ti\u00f1an que ter feito eles hai xa moitos anos ao ser unha estrada da s\u00faa competencia&#8221;, incide Gonz\u00e1lez. O proxecto, do que xa se foron tramitando os pertinentes permisos, contempla a renovaci\u00f3n de toda a pavimentaci\u00f3n ampliando as beirarr\u00faas, nova rede de abastecemento e saneamento, iluminaci\u00f3n, arbolado, xardiner\u00eda e mobiliario urbano, asi como nova sinalizaci\u00f3n. &#8220;Ser\u00e1 unha reforma integral desta estrada de 1,8 km e que se atopa en estado p\u00e9simo&#8221;, argumenta Gonz\u00e1lez.<\/p>\n\n\n\n<p>&#8220;Este \u00e9 o paso definitivo porque as obras depender\u00e1n s\u00f3 de nos, e estamos totalmente comprometidos. Xa temos o proxecto e estamos a esperar os diferentes informes sectoriais para aprobalo definitivamente e abrir o proceso de contrataci\u00f3n, con todo, agardamos que a finais de 2021 a nova r\u00faa Otero Pedrayo sexa xa unha realidade&#8221;, resume.<\/p>\n","protected":false},"excerpt":{"rendered":"<div class=\"mh-excerpt\"><p>O Consello da Xunta deu luz verde onte ao cambio de titularidade pedido polo Concello de Nigr\u00e1n en enero deste ano tras seis anos tratando de que a Xunta asumise as obras ao ser a estrada da s\u00faa competencia <a class=\"mh-excerpt-more\" href=\"https:\/\/www.anovapeneira.gal\/index.php\/2020\/08\/04\/o-alcalde-de-nigran-comunica-aos-vecinos-a-aprobacion-do-cambio-de-titularidade-de-otero-pedrayo-que-permite-ao-concello-emprender-as-obras-de-humanizacion\/\" title=\"O Alcalde de Nigr\u00e1n comunica aos veci\u00f1os a aprobaci\u00f3n do cambio de titularidade de Otero Pedrayo que permite ao concello emprender as obras de humanizaci\u00f3n\">[&#8230;]<\/a><\/p>\n<\/div>","protected":false},"author":3,"featured_media":3658,"comment_status":"open","ping_status":"open","sticky":false,"template":"","format":"standard","meta":{"_exactmetrics_skip_tracking":false,"_exactmetrics_sitenote_active":false,"_exactmetrics_sitenote_note":"","_exactmetrics_sitenote_category":0,"footnotes":""},"categories":[20],"tags":[135],"class_list":{"0":"post-3657","1":"post","2":"type-post","3":"status-publish","4":"format-standard","5":"has-post-thumbnail","7":"category-val-minor","8":"tag-concello-de-nigran"},"yoast_head":"<!-- This site is optimized with the Yoast SEO plugin v27.4 - https:\/\/yoast.com\/product\/yoast-seo-wordpress\/ -->\n<title>O Alcalde de Nigr\u00e1n comunica aos veci\u00f1os a aprobaci\u00f3n do cambio de titularidade de Otero Pedrayo que permite ao concello emprender as obras de humanizaci\u00f3n -<\/title>\n<meta name=\"robots\" content=\"index, follow, max-snippet:-1, max-image-preview:large, max-video-preview:-1\" \/>\n<link rel=\"canonical\" href=\"https:\/\/www.anovapeneira.gal\/index.php\/2020\/08\/04\/o-alcalde-de-nigran-comunica-aos-vecinos-a-aprobacion-do-cambio-de-titularidade-de-otero-pedrayo-que-permite-ao-concello-emprender-as-obras-de-humanizacion\/\" \/>\n<meta property=\"og:locale\" content=\"gl_ES\" \/>\n<meta property=\"og:type\" content=\"article\" \/>\n<meta property=\"og:title\" content=\"O Alcalde de Nigr\u00e1n comunica aos veci\u00f1os a aprobaci\u00f3n do cambio de titularidade de Otero Pedrayo que permite ao concello emprender as obras de humanizaci\u00f3n -\" \/>\n<meta property=\"og:description\" content=\"O Consello da Xunta deu luz verde onte ao cambio de titularidade pedido polo Concello de Nigr\u00e1n en enero deste ano tras seis anos tratando de que a Xunta asumise as obras ao ser a estrada da s\u00faa competencia [...]\" \/>\n<meta property=\"og:url\" content=\"https:\/\/www.anovapeneira.gal\/index.php\/2020\/08\/04\/o-alcalde-de-nigran-comunica-aos-vecinos-a-aprobacion-do-cambio-de-titularidade-de-otero-pedrayo-que-permite-ao-concello-emprender-as-obras-de-humanizacion\/\" \/>\n<meta property=\"article:publisher\" content=\"https:\/\/www.facebook.com\/anovapeneira\" \/>\n<meta property=\"article:published_time\" content=\"2020-08-04T10:00:12+00:00\" \/>\n<meta property=\"og:image\" content=\"https:\/\/www.anovapeneira.gal\/wp-content\/uploads\/2020\/08\/otero_pedrayo_concello_de_nigran_a_nova_peneira.jpg\" \/>\n\t<meta property=\"og:image:width\" content=\"720\" \/>\n\t<meta property=\"og:image:height\" content=\"432\" \/>\n\t<meta property=\"og:image:type\" content=\"image\/jpeg\" \/>\n<meta name=\"author\" content=\"Redacci\u00f3n A Nova Peneira\" \/>\n<meta name=\"twitter:card\" content=\"summary_large_image\" \/>\n<meta name=\"twitter:creator\" content=\"@APeneira\" \/>\n<meta name=\"twitter:site\" content=\"@APeneira\" \/>\n<meta name=\"twitter:label1\" content=\"Escrito por\" \/>\n\t<meta name=\"twitter:data1\" content=\"Redacci\u00f3n A Nova Peneira\" \/>\n\t<meta name=\"twitter:label2\" content=\"Tempo de lectura\" \/>\n\t<meta name=\"twitter:data2\" content=\"3 minutos\" \/>\n<script type=\"application\/ld+json\" class=\"yoast-schema-graph\">{\"@context\":\"https:\\\/\\\/schema.org\",\"@graph\":[{\"@type\":\"Article\",\"@id\":\"https:\\\/\\\/www.anovapeneira.gal\\\/index.php\\\/2020\\\/08\\\/04\\\/o-alcalde-de-nigran-comunica-aos-vecinos-a-aprobacion-do-cambio-de-titularidade-de-otero-pedrayo-que-permite-ao-concello-emprender-as-obras-de-humanizacion\\\/#article\",\"isPartOf\":{\"@id\":\"https:\\\/\\\/www.anovapeneira.gal\\\/index.php\\\/2020\\\/08\\\/04\\\/o-alcalde-de-nigran-comunica-aos-vecinos-a-aprobacion-do-cambio-de-titularidade-de-otero-pedrayo-que-permite-ao-concello-emprender-as-obras-de-humanizacion\\\/\"},\"author\":{\"name\":\"Redacci\u00f3n A Nova Peneira\",\"@id\":\"https:\\\/\\\/www.anovapeneira.gal\\\/#\\\/schema\\\/person\\\/b93e3f8932e3f8da96334607eb6ac6aa\"},\"headline\":\"O Alcalde de Nigr\u00e1n comunica aos veci\u00f1os a aprobaci\u00f3n do cambio de titularidade de Otero Pedrayo que permite ao concello emprender as obras de humanizaci\u00f3n\",\"datePublished\":\"2020-08-04T10:00:12+00:00\",\"mainEntityOfPage\":{\"@id\":\"https:\\\/\\\/www.anovapeneira.gal\\\/index.php\\\/2020\\\/08\\\/04\\\/o-alcalde-de-nigran-comunica-aos-vecinos-a-aprobacion-do-cambio-de-titularidade-de-otero-pedrayo-que-permite-ao-concello-emprender-as-obras-de-humanizacion\\\/\"},\"wordCount\":591,\"commentCount\":0,\"publisher\":{\"@id\":\"https:\\\/\\\/www.anovapeneira.gal\\\/#organization\"},\"image\":{\"@id\":\"https:\\\/\\\/www.anovapeneira.gal\\\/index.php\\\/2020\\\/08\\\/04\\\/o-alcalde-de-nigran-comunica-aos-vecinos-a-aprobacion-do-cambio-de-titularidade-de-otero-pedrayo-que-permite-ao-concello-emprender-as-obras-de-humanizacion\\\/#primaryimage\"},\"thumbnailUrl\":\"https:\\\/\\\/www.anovapeneira.gal\\\/wp-content\\\/uploads\\\/2020\\\/08\\\/otero_pedrayo_concello_de_nigran_a_nova_peneira.jpg\",\"keywords\":[\"Concello de Nigr\u00e1n\"],\"articleSection\":[\"Val Mi\u00f1or\"],\"inLanguage\":\"gl-ES\",\"potentialAction\":[{\"@type\":\"CommentAction\",\"name\":\"Comment\",\"target\":[\"https:\\\/\\\/www.anovapeneira.gal\\\/index.php\\\/2020\\\/08\\\/04\\\/o-alcalde-de-nigran-comunica-aos-vecinos-a-aprobacion-do-cambio-de-titularidade-de-otero-pedrayo-que-permite-ao-concello-emprender-as-obras-de-humanizacion\\\/#respond\"]}]},{\"@type\":\"WebPage\",\"@id\":\"https:\\\/\\\/www.anovapeneira.gal\\\/index.php\\\/2020\\\/08\\\/04\\\/o-alcalde-de-nigran-comunica-aos-vecinos-a-aprobacion-do-cambio-de-titularidade-de-otero-pedrayo-que-permite-ao-concello-emprender-as-obras-de-humanizacion\\\/\",\"url\":\"https:\\\/\\\/www.anovapeneira.gal\\\/index.php\\\/2020\\\/08\\\/04\\\/o-alcalde-de-nigran-comunica-aos-vecinos-a-aprobacion-do-cambio-de-titularidade-de-otero-pedrayo-que-permite-ao-concello-emprender-as-obras-de-humanizacion\\\/\",\"name\":\"O Alcalde de Nigr\u00e1n comunica aos veci\u00f1os a aprobaci\u00f3n do cambio de titularidade de Otero Pedrayo que permite ao concello emprender as obras de humanizaci\u00f3n -\",\"isPartOf\":{\"@id\":\"https:\\\/\\\/www.anovapeneira.gal\\\/#website\"},\"primaryImageOfPage\":{\"@id\":\"https:\\\/\\\/www.anovapeneira.gal\\\/index.php\\\/2020\\\/08\\\/04\\\/o-alcalde-de-nigran-comunica-aos-vecinos-a-aprobacion-do-cambio-de-titularidade-de-otero-pedrayo-que-permite-ao-concello-emprender-as-obras-de-humanizacion\\\/#primaryimage\"},\"image\":{\"@id\":\"https:\\\/\\\/www.anovapeneira.gal\\\/index.php\\\/2020\\\/08\\\/04\\\/o-alcalde-de-nigran-comunica-aos-vecinos-a-aprobacion-do-cambio-de-titularidade-de-otero-pedrayo-que-permite-ao-concello-emprender-as-obras-de-humanizacion\\\/#primaryimage\"},\"thumbnailUrl\":\"https:\\\/\\\/www.anovapeneira.gal\\\/wp-content\\\/uploads\\\/2020\\\/08\\\/otero_pedrayo_concello_de_nigran_a_nova_peneira.jpg\",\"datePublished\":\"2020-08-04T10:00:12+00:00\",\"breadcrumb\":{\"@id\":\"https:\\\/\\\/www.anovapeneira.gal\\\/index.php\\\/2020\\\/08\\\/04\\\/o-alcalde-de-nigran-comunica-aos-vecinos-a-aprobacion-do-cambio-de-titularidade-de-otero-pedrayo-que-permite-ao-concello-emprender-as-obras-de-humanizacion\\\/#breadcrumb\"},\"inLanguage\":\"gl-ES\",\"potentialAction\":[{\"@type\":\"ReadAction\",\"target\":[\"https:\\\/\\\/www.anovapeneira.gal\\\/index.php\\\/2020\\\/08\\\/04\\\/o-alcalde-de-nigran-comunica-aos-vecinos-a-aprobacion-do-cambio-de-titularidade-de-otero-pedrayo-que-permite-ao-concello-emprender-as-obras-de-humanizacion\\\/\"]}]},{\"@type\":\"ImageObject\",\"inLanguage\":\"gl-ES\",\"@id\":\"https:\\\/\\\/www.anovapeneira.gal\\\/index.php\\\/2020\\\/08\\\/04\\\/o-alcalde-de-nigran-comunica-aos-vecinos-a-aprobacion-do-cambio-de-titularidade-de-otero-pedrayo-que-permite-ao-concello-emprender-as-obras-de-humanizacion\\\/#primaryimage\",\"url\":\"https:\\\/\\\/www.anovapeneira.gal\\\/wp-content\\\/uploads\\\/2020\\\/08\\\/otero_pedrayo_concello_de_nigran_a_nova_peneira.jpg\",\"contentUrl\":\"https:\\\/\\\/www.anovapeneira.gal\\\/wp-content\\\/uploads\\\/2020\\\/08\\\/otero_pedrayo_concello_de_nigran_a_nova_peneira.jpg\",\"width\":720,\"height\":432,\"caption\":\"A.V. Monteferro cambio de titularidade de Otero Pedrayo Humanizaci\u00f3n\"},{\"@type\":\"BreadcrumbList\",\"@id\":\"https:\\\/\\\/www.anovapeneira.gal\\\/index.php\\\/2020\\\/08\\\/04\\\/o-alcalde-de-nigran-comunica-aos-vecinos-a-aprobacion-do-cambio-de-titularidade-de-otero-pedrayo-que-permite-ao-concello-emprender-as-obras-de-humanizacion\\\/#breadcrumb\",\"itemListElement\":[{\"@type\":\"ListItem\",\"position\":1,\"name\":\"Portada\",\"item\":\"https:\\\/\\\/www.anovapeneira.gal\\\/\"},{\"@type\":\"ListItem\",\"position\":2,\"name\":\"O Alcalde de Nigr\u00e1n comunica aos veci\u00f1os a aprobaci\u00f3n do cambio de titularidade de Otero Pedrayo que permite ao concello emprender as obras de humanizaci\u00f3n\"}]},{\"@type\":\"WebSite\",\"@id\":\"https:\\\/\\\/www.anovapeneira.gal\\\/#website\",\"url\":\"https:\\\/\\\/www.anovapeneira.gal\\\/\",\"name\":\"\",\"description\":\"Xornal galego de informaci\u00f3n xeral Publicaci\u00f3n mensual de novas de Galicia e en especial dos Concellos da sur da provincia de Pontevedra.\",\"publisher\":{\"@id\":\"https:\\\/\\\/www.anovapeneira.gal\\\/#organization\"},\"potentialAction\":[{\"@type\":\"SearchAction\",\"target\":{\"@type\":\"EntryPoint\",\"urlTemplate\":\"https:\\\/\\\/www.anovapeneira.gal\\\/?s={search_term_string}\"},\"query-input\":{\"@type\":\"PropertyValueSpecification\",\"valueRequired\":true,\"valueName\":\"search_term_string\"}}],\"inLanguage\":\"gl-ES\"},{\"@type\":\"Organization\",\"@id\":\"https:\\\/\\\/www.anovapeneira.gal\\\/#organization\",\"name\":\"A Nova Peneira\",\"url\":\"https:\\\/\\\/www.anovapeneira.gal\\\/\",\"logo\":{\"@type\":\"ImageObject\",\"inLanguage\":\"gl-ES\",\"@id\":\"https:\\\/\\\/www.anovapeneira.gal\\\/#\\\/schema\\\/logo\\\/image\\\/\",\"url\":\"http:\\\/\\\/www.anovapeneira.gal\\\/wp-content\\\/uploads\\\/2019\\\/06\\\/logo_a_nova_peneira_portal_web.png\",\"contentUrl\":\"http:\\\/\\\/www.anovapeneira.gal\\\/wp-content\\\/uploads\\\/2019\\\/06\\\/logo_a_nova_peneira_portal_web.png\",\"width\":300,\"height\":100,\"caption\":\"A Nova Peneira\"},\"image\":{\"@id\":\"https:\\\/\\\/www.anovapeneira.gal\\\/#\\\/schema\\\/logo\\\/image\\\/\"},\"sameAs\":[\"https:\\\/\\\/www.facebook.com\\\/anovapeneira\",\"https:\\\/\\\/x.com\\\/APeneira\"]},{\"@type\":\"Person\",\"@id\":\"https:\\\/\\\/www.anovapeneira.gal\\\/#\\\/schema\\\/person\\\/b93e3f8932e3f8da96334607eb6ac6aa\",\"name\":\"Redacci\u00f3n A Nova Peneira\",\"image\":{\"@type\":\"ImageObject\",\"inLanguage\":\"gl-ES\",\"@id\":\"https:\\\/\\\/secure.gravatar.com\\\/avatar\\\/c052a2551a06e23fac63626232eaa90abd78dbcf1700fc46a2b2c89fd27b735f?s=96&d=mm&r=g\",\"url\":\"https:\\\/\\\/secure.gravatar.com\\\/avatar\\\/c052a2551a06e23fac63626232eaa90abd78dbcf1700fc46a2b2c89fd27b735f?s=96&d=mm&r=g\",\"contentUrl\":\"https:\\\/\\\/secure.gravatar.com\\\/avatar\\\/c052a2551a06e23fac63626232eaa90abd78dbcf1700fc46a2b2c89fd27b735f?s=96&d=mm&r=g\",\"caption\":\"Redacci\u00f3n A Nova Peneira\"},\"sameAs\":[\"http:\\\/\\\/www.anovapeneira.gal\\\/\"],\"url\":\"https:\\\/\\\/www.anovapeneira.gal\\\/index.php\\\/author\\\/redactor\\\/\"}]}<\/script>\n<!-- \/ Yoast SEO plugin. -->","yoast_head_json":{"title":"O Alcalde de Nigr\u00e1n comunica aos veci\u00f1os a aprobaci\u00f3n do cambio de titularidade de Otero Pedrayo que permite ao concello emprender as obras de humanizaci\u00f3n -","robots":{"index":"index","follow":"follow","max-snippet":"max-snippet:-1","max-image-preview":"max-image-preview:large","max-video-preview":"max-video-preview:-1"},"canonical":"https:\/\/www.anovapeneira.gal\/index.php\/2020\/08\/04\/o-alcalde-de-nigran-comunica-aos-vecinos-a-aprobacion-do-cambio-de-titularidade-de-otero-pedrayo-que-permite-ao-concello-emprender-as-obras-de-humanizacion\/","og_locale":"gl_ES","og_type":"article","og_title":"O Alcalde de Nigr\u00e1n comunica aos veci\u00f1os a aprobaci\u00f3n do cambio de titularidade de Otero Pedrayo que permite ao concello emprender as obras de humanizaci\u00f3n -","og_description":"O Consello da Xunta deu luz verde onte ao cambio de titularidade pedido polo Concello de Nigr\u00e1n en enero deste ano tras seis anos tratando de que a Xunta asumise as obras ao ser a estrada da s\u00faa competencia [...]","og_url":"https:\/\/www.anovapeneira.gal\/index.php\/2020\/08\/04\/o-alcalde-de-nigran-comunica-aos-vecinos-a-aprobacion-do-cambio-de-titularidade-de-otero-pedrayo-que-permite-ao-concello-emprender-as-obras-de-humanizacion\/","article_publisher":"https:\/\/www.facebook.com\/anovapeneira","article_published_time":"2020-08-04T10:00:12+00:00","og_image":[{"width":720,"height":432,"url":"https:\/\/www.anovapeneira.gal\/wp-content\/uploads\/2020\/08\/otero_pedrayo_concello_de_nigran_a_nova_peneira.jpg","type":"image\/jpeg"}],"author":"Redacci\u00f3n A Nova Peneira","twitter_card":"summary_large_image","twitter_creator":"@APeneira","twitter_site":"@APeneira","twitter_misc":{"Escrito por":"Redacci\u00f3n A Nova Peneira","Tempo de lectura":"3 minutos"},"schema":{"@context":"https:\/\/schema.org","@graph":[{"@type":"Article","@id":"https:\/\/www.anovapeneira.gal\/index.php\/2020\/08\/04\/o-alcalde-de-nigran-comunica-aos-vecinos-a-aprobacion-do-cambio-de-titularidade-de-otero-pedrayo-que-permite-ao-concello-emprender-as-obras-de-humanizacion\/#article","isPartOf":{"@id":"https:\/\/www.anovapeneira.gal\/index.php\/2020\/08\/04\/o-alcalde-de-nigran-comunica-aos-vecinos-a-aprobacion-do-cambio-de-titularidade-de-otero-pedrayo-que-permite-ao-concello-emprender-as-obras-de-humanizacion\/"},"author":{"name":"Redacci\u00f3n A Nova Peneira","@id":"https:\/\/www.anovapeneira.gal\/#\/schema\/person\/b93e3f8932e3f8da96334607eb6ac6aa"},"headline":"O Alcalde de Nigr\u00e1n comunica aos veci\u00f1os a aprobaci\u00f3n do cambio de titularidade de Otero Pedrayo que permite ao concello emprender as obras de humanizaci\u00f3n","datePublished":"2020-08-04T10:00:12+00:00","mainEntityOfPage":{"@id":"https:\/\/www.anovapeneira.gal\/index.php\/2020\/08\/04\/o-alcalde-de-nigran-comunica-aos-vecinos-a-aprobacion-do-cambio-de-titularidade-de-otero-pedrayo-que-permite-ao-concello-emprender-as-obras-de-humanizacion\/"},"wordCount":591,"commentCount":0,"publisher":{"@id":"https:\/\/www.anovapeneira.gal\/#organization"},"image":{"@id":"https:\/\/www.anovapeneira.gal\/index.php\/2020\/08\/04\/o-alcalde-de-nigran-comunica-aos-vecinos-a-aprobacion-do-cambio-de-titularidade-de-otero-pedrayo-que-permite-ao-concello-emprender-as-obras-de-humanizacion\/#primaryimage"},"thumbnailUrl":"https:\/\/www.anovapeneira.gal\/wp-content\/uploads\/2020\/08\/otero_pedrayo_concello_de_nigran_a_nova_peneira.jpg","keywords":["Concello de Nigr\u00e1n"],"articleSection":["Val Mi\u00f1or"],"inLanguage":"gl-ES","potentialAction":[{"@type":"CommentAction","name":"Comment","target":["https:\/\/www.anovapeneira.gal\/index.php\/2020\/08\/04\/o-alcalde-de-nigran-comunica-aos-vecinos-a-aprobacion-do-cambio-de-titularidade-de-otero-pedrayo-que-permite-ao-concello-emprender-as-obras-de-humanizacion\/#respond"]}]},{"@type":"WebPage","@id":"https:\/\/www.anovapeneira.gal\/index.php\/2020\/08\/04\/o-alcalde-de-nigran-comunica-aos-vecinos-a-aprobacion-do-cambio-de-titularidade-de-otero-pedrayo-que-permite-ao-concello-emprender-as-obras-de-humanizacion\/","url":"https:\/\/www.anovapeneira.gal\/index.php\/2020\/08\/04\/o-alcalde-de-nigran-comunica-aos-vecinos-a-aprobacion-do-cambio-de-titularidade-de-otero-pedrayo-que-permite-ao-concello-emprender-as-obras-de-humanizacion\/","name":"O Alcalde de Nigr\u00e1n comunica aos veci\u00f1os a aprobaci\u00f3n do cambio de titularidade de Otero Pedrayo que permite ao concello emprender as obras de humanizaci\u00f3n -","isPartOf":{"@id":"https:\/\/www.anovapeneira.gal\/#website"},"primaryImageOfPage":{"@id":"https:\/\/www.anovapeneira.gal\/index.php\/2020\/08\/04\/o-alcalde-de-nigran-comunica-aos-vecinos-a-aprobacion-do-cambio-de-titularidade-de-otero-pedrayo-que-permite-ao-concello-emprender-as-obras-de-humanizacion\/#primaryimage"},"image":{"@id":"https:\/\/www.anovapeneira.gal\/index.php\/2020\/08\/04\/o-alcalde-de-nigran-comunica-aos-vecinos-a-aprobacion-do-cambio-de-titularidade-de-otero-pedrayo-que-permite-ao-concello-emprender-as-obras-de-humanizacion\/#primaryimage"},"thumbnailUrl":"https:\/\/www.anovapeneira.gal\/wp-content\/uploads\/2020\/08\/otero_pedrayo_concello_de_nigran_a_nova_peneira.jpg","datePublished":"2020-08-04T10:00:12+00:00","breadcrumb":{"@id":"https:\/\/www.anovapeneira.gal\/index.php\/2020\/08\/04\/o-alcalde-de-nigran-comunica-aos-vecinos-a-aprobacion-do-cambio-de-titularidade-de-otero-pedrayo-que-permite-ao-concello-emprender-as-obras-de-humanizacion\/#breadcrumb"},"inLanguage":"gl-ES","potentialAction":[{"@type":"ReadAction","target":["https:\/\/www.anovapeneira.gal\/index.php\/2020\/08\/04\/o-alcalde-de-nigran-comunica-aos-vecinos-a-aprobacion-do-cambio-de-titularidade-de-otero-pedrayo-que-permite-ao-concello-emprender-as-obras-de-humanizacion\/"]}]},{"@type":"ImageObject","inLanguage":"gl-ES","@id":"https:\/\/www.anovapeneira.gal\/index.php\/2020\/08\/04\/o-alcalde-de-nigran-comunica-aos-vecinos-a-aprobacion-do-cambio-de-titularidade-de-otero-pedrayo-que-permite-ao-concello-emprender-as-obras-de-humanizacion\/#primaryimage","url":"https:\/\/www.anovapeneira.gal\/wp-content\/uploads\/2020\/08\/otero_pedrayo_concello_de_nigran_a_nova_peneira.jpg","contentUrl":"https:\/\/www.anovapeneira.gal\/wp-content\/uploads\/2020\/08\/otero_pedrayo_concello_de_nigran_a_nova_peneira.jpg","width":720,"height":432,"caption":"A.V. Monteferro cambio de titularidade de Otero Pedrayo Humanizaci\u00f3n"},{"@type":"BreadcrumbList","@id":"https:\/\/www.anovapeneira.gal\/index.php\/2020\/08\/04\/o-alcalde-de-nigran-comunica-aos-vecinos-a-aprobacion-do-cambio-de-titularidade-de-otero-pedrayo-que-permite-ao-concello-emprender-as-obras-de-humanizacion\/#breadcrumb","itemListElement":[{"@type":"ListItem","position":1,"name":"Portada","item":"https:\/\/www.anovapeneira.gal\/"},{"@type":"ListItem","position":2,"name":"O Alcalde de Nigr\u00e1n comunica aos veci\u00f1os a aprobaci\u00f3n do cambio de titularidade de Otero Pedrayo que permite ao concello emprender as obras de humanizaci\u00f3n"}]},{"@type":"WebSite","@id":"https:\/\/www.anovapeneira.gal\/#website","url":"https:\/\/www.anovapeneira.gal\/","name":"","description":"Xornal galego de informaci\u00f3n xeral Publicaci\u00f3n mensual de novas de Galicia e en especial dos Concellos da sur da provincia de Pontevedra.","publisher":{"@id":"https:\/\/www.anovapeneira.gal\/#organization"},"potentialAction":[{"@type":"SearchAction","target":{"@type":"EntryPoint","urlTemplate":"https:\/\/www.anovapeneira.gal\/?s={search_term_string}"},"query-input":{"@type":"PropertyValueSpecification","valueRequired":true,"valueName":"search_term_string"}}],"inLanguage":"gl-ES"},{"@type":"Organization","@id":"https:\/\/www.anovapeneira.gal\/#organization","name":"A Nova Peneira","url":"https:\/\/www.anovapeneira.gal\/","logo":{"@type":"ImageObject","inLanguage":"gl-ES","@id":"https:\/\/www.anovapeneira.gal\/#\/schema\/logo\/image\/","url":"http:\/\/www.anovapeneira.gal\/wp-content\/uploads\/2019\/06\/logo_a_nova_peneira_portal_web.png","contentUrl":"http:\/\/www.anovapeneira.gal\/wp-content\/uploads\/2019\/06\/logo_a_nova_peneira_portal_web.png","width":300,"height":100,"caption":"A Nova Peneira"},"image":{"@id":"https:\/\/www.anovapeneira.gal\/#\/schema\/logo\/image\/"},"sameAs":["https:\/\/www.facebook.com\/anovapeneira","https:\/\/x.com\/APeneira"]},{"@type":"Person","@id":"https:\/\/www.anovapeneira.gal\/#\/schema\/person\/b93e3f8932e3f8da96334607eb6ac6aa","name":"Redacci\u00f3n A Nova Peneira","image":{"@type":"ImageObject","inLanguage":"gl-ES","@id":"https:\/\/secure.gravatar.com\/avatar\/c052a2551a06e23fac63626232eaa90abd78dbcf1700fc46a2b2c89fd27b735f?s=96&d=mm&r=g","url":"https:\/\/secure.gravatar.com\/avatar\/c052a2551a06e23fac63626232eaa90abd78dbcf1700fc46a2b2c89fd27b735f?s=96&d=mm&r=g","contentUrl":"https:\/\/secure.gravatar.com\/avatar\/c052a2551a06e23fac63626232eaa90abd78dbcf1700fc46a2b2c89fd27b735f?s=96&d=mm&r=g","caption":"Redacci\u00f3n A Nova Peneira"},"sameAs":["http:\/\/www.anovapeneira.gal\/"],"url":"https:\/\/www.anovapeneira.gal\/index.php\/author\/redactor\/"}]}},"jetpack_featured_media_url":"https:\/\/www.anovapeneira.gal\/wp-content\/uploads\/2020\/08\/otero_pedrayo_concello_de_nigran_a_nova_peneira.jpg","_links":{"self":[{"href":"https:\/\/www.anovapeneira.gal\/index.php\/wp-json\/wp\/v2\/posts\/3657","targetHints":{"allow":["GET"]}}],"collection":[{"href":"https:\/\/www.anovapeneira.gal\/index.php\/wp-json\/wp\/v2\/posts"}],"about":[{"href":"https:\/\/www.anovapeneira.gal\/index.php\/wp-json\/wp\/v2\/types\/post"}],"author":[{"embeddable":true,"href":"https:\/\/www.anovapeneira.gal\/index.php\/wp-json\/wp\/v2\/users\/3"}],"replies":[{"embeddable":true,"href":"https:\/\/www.anovapeneira.gal\/index.php\/wp-json\/wp\/v2\/comments?post=3657"}],"version-history":[{"count":1,"href":"https:\/\/www.anovapeneira.gal\/index.php\/wp-json\/wp\/v2\/posts\/3657\/revisions"}],"predecessor-version":[{"id":3659,"href":"https:\/\/www.anovapeneira.gal\/index.php\/wp-json\/wp\/v2\/posts\/3657\/revisions\/3659"}],"wp:featuredmedia":[{"embeddable":true,"href":"https:\/\/www.anovapeneira.gal\/index.php\/wp-json\/wp\/v2\/media\/3658"}],"wp:attachment":[{"href":"https:\/\/www.anovapeneira.gal\/index.php\/wp-json\/wp\/v2\/media?parent=3657"}],"wp:term":[{"taxonomy":"category","embeddable":true,"href":"https:\/\/www.anovapeneira.gal\/index.php\/wp-json\/wp\/v2\/categories?post=3657"},{"taxonomy":"post_tag","embeddable":true,"href":"https:\/\/www.anovapeneira.gal\/index.php\/wp-json\/wp\/v2\/tags?post=3657"}],"curies":[{"name":"wp","href":"https:\/\/api.w.org\/{rel}","templated":true}]}}