{"id":3660,"date":"2020-08-05T10:00:39","date_gmt":"2020-08-05T08:00:39","guid":{"rendered":"http:\/\/www.anovapeneira.gal\/?p=3660"},"modified":"2020-08-03T08:39:13","modified_gmt":"2020-08-03T06:39:13","slug":"o-concello-de-salvaterra-de-mino-restaura-e-amplia-o-espazo-de-recreo-infantil-do-parque-de-a-canuda","status":"publish","type":"post","link":"https:\/\/www.anovapeneira.gal\/index.php\/2020\/08\/05\/o-concello-de-salvaterra-de-mino-restaura-e-amplia-o-espazo-de-recreo-infantil-do-parque-de-a-canuda\/","title":{"rendered":"O concello\u00a0 de Salvaterra de Mi\u00f1o restaura\u00a0 e ampl\u00eda o espazo de recreo infantil do parque de a Canuda"},"content":{"rendered":"\n<p>O Concello de Salvaterra de Mi\u00f1o&nbsp; aproveitando o peche do parque por mor da pandemia, e co af\u00e1n de continuar coas melloras das infraestruturas que se prestan, ven de empezar as obras de restauraci\u00f3n do parque infantil da Canuda por un importe total de&nbsp; 48.335,98\u20ac, dos cales 33.835,19 est\u00e1n&nbsp; financiados a trav\u00e9s da subvenci\u00f3n de Vicepresidencia da Xunta de Galicia para a creaci\u00f3n e\/ou mellora das infraestruturas, dotaci\u00f3ns, instalaci\u00f3n e equipamentos vinculados \u00e1 prestaci\u00f3n de servizos municipais, destinadas a concellos de Galicia para o ano 2020, e o resto,&nbsp; 14.500,79\u20ac est\u00e1n financiados con fondos propios.<\/p>\n\n\n\n<p>O obxecto deste proxecto \u00e9 dotar, m\u00e1is se cabe, a zona de ocio infantil do Parque de A Canuda&nbsp; dos mecanismos de seguridade e ocio dos seus xogos deteriorados polo paso do tempo, coa restauraci\u00f3n e reparaci\u00f3n de todos os xogos e a instalaci\u00f3n de dous novos,&nbsp; unha pir\u00e1mide de cordas de 2,50m de altura e unha tirolina de madeira.&nbsp; C\u00f3mpre destacar que&nbsp; o Parque de A Canuda ten ao redor de 300.000 visitas cada ano, cun atractivo singular para os m\u00e1is cativos no seu espazo de xogo infantil.<\/p>\n\n\n\n<p>O Parque P\u00fablico A Canuda \u00e9 un referente do ocio para a comarca e a provincia de Pontevedra, pola s\u00faa extensa e variada oferta de ocio, que resulta unido aos m\u00e1is de 30km de sendas, ao Espazo Termal L\u00fadico, o Recinto Amurallado e o Museo da Ciencia do Vi\u00f1o, que a nosa Vila sexa moi atractiva para o visitante, ademais de contar cun emprazamento privilexiado, a beira do R\u00edo Mi\u00f1o, que invita ao paseo, relax e disfrute dos nosos veci\u00f1os e visitantes.<\/p>\n\n\n\n<p>Debido ao paso do tempo e as diferentes inundaci\u00f3ns que ten soportado esta zona de xogos dende a s\u00faa inauguraci\u00f3n no ano 2007, fac\u00eda&nbsp; necesario implementar unha obra de mellora que abarcara a toda a zona, tanto na restauraci\u00f3n de toda a zona de xogo como coa instalaci\u00f3n de novos xogos para aumentar a variedade tem\u00e1tica dos mesmos, que supor\u00e1 unha gran mellora nas infraestruturas de ocio infantil existentes no termo municipal.<\/p>\n\n\n\n<p>As obras te\u00f1en un soporte definido en tres piares fundamentais:<\/p>\n\n\n\n<p>1.&nbsp;&nbsp;&nbsp;&nbsp;&nbsp;Restauraci\u00f3n de practicamente a totalidade xogos infant\u00eds.<\/p>\n\n\n\n<p>2.&nbsp;&nbsp;&nbsp;&nbsp;&nbsp;Substituci\u00f3n das pezas danadas ou en mal estado por outras novas.<\/p>\n\n\n\n<p>3.&nbsp;&nbsp;&nbsp;&nbsp;&nbsp;Instalaci\u00f3n de DOUS NOVOS xogos: Unha TIROLINA e unha PIR\u00c1MIDE de rede.<\/p>\n\n\n\n<p>Desta maneira e cando a COVID o permita, o Parque de A Canuda abrir\u00e1 as s\u00faas portas enchendo de ledicia aos nenos e nenas que gozar\u00e1n novamente dun espazo saudable e l\u00fadico referente na nosa comarca.<\/p>\n","protected":false},"excerpt":{"rendered":"<div class=\"mh-excerpt\"><p>O Concello de Salvaterra de Mi\u00f1o  aproveitando o peche do parque por mor da pandemia, e co af\u00e1n de continuar coas melloras das infraestruturas que se prestan, ven de empezar as obras de restauraci\u00f3n do parque infantil da Canuda <a class=\"mh-excerpt-more\" href=\"https:\/\/www.anovapeneira.gal\/index.php\/2020\/08\/05\/o-concello-de-salvaterra-de-mino-restaura-e-amplia-o-espazo-de-recreo-infantil-do-parque-de-a-canuda\/\" title=\"O concello\u00a0 de Salvaterra de Mi\u00f1o restaura\u00a0 e ampl\u00eda o espazo de recreo infantil do parque de a Canuda\">[&#8230;]<\/a><\/p>\n<\/div>","protected":false},"author":3,"featured_media":3661,"comment_status":"open","ping_status":"open","sticky":false,"template":"","format":"standard","meta":{"_exactmetrics_skip_tracking":false,"_exactmetrics_sitenote_active":false,"_exactmetrics_sitenote_note":"","_exactmetrics_sitenote_category":0,"footnotes":""},"categories":[25],"tags":[958],"class_list":{"0":"post-3660","1":"post","2":"type-post","3":"status-publish","4":"format-standard","5":"has-post-thumbnail","7":"category-condado","8":"tag-concello-salvaterra-de-mino"},"yoast_head":"<!-- This site is optimized with the Yoast SEO plugin v27.4 - https:\/\/yoast.com\/product\/yoast-seo-wordpress\/ -->\n<title>O concello\u00a0 de Salvaterra de Mi\u00f1o restaura\u00a0 e ampl\u00eda o espazo de recreo infantil do parque de a Canuda -<\/title>\n<meta name=\"robots\" content=\"index, follow, max-snippet:-1, max-image-preview:large, max-video-preview:-1\" \/>\n<link rel=\"canonical\" href=\"https:\/\/www.anovapeneira.gal\/index.php\/2020\/08\/05\/o-concello-de-salvaterra-de-mino-restaura-e-amplia-o-espazo-de-recreo-infantil-do-parque-de-a-canuda\/\" \/>\n<meta property=\"og:locale\" content=\"gl_ES\" \/>\n<meta property=\"og:type\" content=\"article\" \/>\n<meta property=\"og:title\" content=\"O concello\u00a0 de Salvaterra de Mi\u00f1o restaura\u00a0 e ampl\u00eda o espazo de recreo infantil do parque de a Canuda -\" \/>\n<meta property=\"og:description\" content=\"O Concello de Salvaterra de Mi\u00f1o aproveitando o peche do parque por mor da pandemia, e co af\u00e1n de continuar coas melloras das infraestruturas que se prestan, ven de empezar as obras de restauraci\u00f3n do parque infantil da Canuda [...]\" \/>\n<meta property=\"og:url\" content=\"https:\/\/www.anovapeneira.gal\/index.php\/2020\/08\/05\/o-concello-de-salvaterra-de-mino-restaura-e-amplia-o-espazo-de-recreo-infantil-do-parque-de-a-canuda\/\" \/>\n<meta property=\"article:publisher\" content=\"https:\/\/www.facebook.com\/anovapeneira\" \/>\n<meta property=\"article:published_time\" content=\"2020-08-05T08:00:39+00:00\" \/>\n<meta property=\"og:image\" content=\"https:\/\/www.anovapeneira.gal\/wp-content\/uploads\/2020\/08\/parque_infantil_salvaterra_de_minho_a_nova_peneira.jpg\" \/>\n\t<meta property=\"og:image:width\" content=\"720\" \/>\n\t<meta property=\"og:image:height\" content=\"432\" \/>\n\t<meta property=\"og:image:type\" content=\"image\/jpeg\" \/>\n<meta name=\"author\" content=\"Redacci\u00f3n A Nova Peneira\" \/>\n<meta name=\"twitter:card\" content=\"summary_large_image\" \/>\n<meta name=\"twitter:creator\" content=\"@APeneira\" \/>\n<meta name=\"twitter:site\" content=\"@APeneira\" \/>\n<meta name=\"twitter:label1\" content=\"Escrito por\" \/>\n\t<meta name=\"twitter:data1\" content=\"Redacci\u00f3n A Nova Peneira\" \/>\n\t<meta name=\"twitter:label2\" content=\"Tempo de lectura\" \/>\n\t<meta name=\"twitter:data2\" content=\"2 minutos\" \/>\n<script type=\"application\/ld+json\" class=\"yoast-schema-graph\">{\"@context\":\"https:\\\/\\\/schema.org\",\"@graph\":[{\"@type\":\"Article\",\"@id\":\"https:\\\/\\\/www.anovapeneira.gal\\\/index.php\\\/2020\\\/08\\\/05\\\/o-concello-de-salvaterra-de-mino-restaura-e-amplia-o-espazo-de-recreo-infantil-do-parque-de-a-canuda\\\/#article\",\"isPartOf\":{\"@id\":\"https:\\\/\\\/www.anovapeneira.gal\\\/index.php\\\/2020\\\/08\\\/05\\\/o-concello-de-salvaterra-de-mino-restaura-e-amplia-o-espazo-de-recreo-infantil-do-parque-de-a-canuda\\\/\"},\"author\":{\"name\":\"Redacci\u00f3n A Nova Peneira\",\"@id\":\"https:\\\/\\\/www.anovapeneira.gal\\\/#\\\/schema\\\/person\\\/b93e3f8932e3f8da96334607eb6ac6aa\"},\"headline\":\"O concello\u00a0 de Salvaterra de Mi\u00f1o restaura\u00a0 e ampl\u00eda o espazo de recreo infantil do parque de a Canuda\",\"datePublished\":\"2020-08-05T08:00:39+00:00\",\"mainEntityOfPage\":{\"@id\":\"https:\\\/\\\/www.anovapeneira.gal\\\/index.php\\\/2020\\\/08\\\/05\\\/o-concello-de-salvaterra-de-mino-restaura-e-amplia-o-espazo-de-recreo-infantil-do-parque-de-a-canuda\\\/\"},\"wordCount\":493,\"commentCount\":0,\"publisher\":{\"@id\":\"https:\\\/\\\/www.anovapeneira.gal\\\/#organization\"},\"image\":{\"@id\":\"https:\\\/\\\/www.anovapeneira.gal\\\/index.php\\\/2020\\\/08\\\/05\\\/o-concello-de-salvaterra-de-mino-restaura-e-amplia-o-espazo-de-recreo-infantil-do-parque-de-a-canuda\\\/#primaryimage\"},\"thumbnailUrl\":\"https:\\\/\\\/www.anovapeneira.gal\\\/wp-content\\\/uploads\\\/2020\\\/08\\\/parque_infantil_salvaterra_de_minho_a_nova_peneira.jpg\",\"keywords\":[\"Concello Salvaterra de Mi\u00f1o\"],\"articleSection\":[\"Condado\"],\"inLanguage\":\"gl-ES\",\"potentialAction\":[{\"@type\":\"CommentAction\",\"name\":\"Comment\",\"target\":[\"https:\\\/\\\/www.anovapeneira.gal\\\/index.php\\\/2020\\\/08\\\/05\\\/o-concello-de-salvaterra-de-mino-restaura-e-amplia-o-espazo-de-recreo-infantil-do-parque-de-a-canuda\\\/#respond\"]}]},{\"@type\":\"WebPage\",\"@id\":\"https:\\\/\\\/www.anovapeneira.gal\\\/index.php\\\/2020\\\/08\\\/05\\\/o-concello-de-salvaterra-de-mino-restaura-e-amplia-o-espazo-de-recreo-infantil-do-parque-de-a-canuda\\\/\",\"url\":\"https:\\\/\\\/www.anovapeneira.gal\\\/index.php\\\/2020\\\/08\\\/05\\\/o-concello-de-salvaterra-de-mino-restaura-e-amplia-o-espazo-de-recreo-infantil-do-parque-de-a-canuda\\\/\",\"name\":\"O concello\u00a0 de Salvaterra de Mi\u00f1o restaura\u00a0 e ampl\u00eda o espazo de recreo infantil do parque de a Canuda -\",\"isPartOf\":{\"@id\":\"https:\\\/\\\/www.anovapeneira.gal\\\/#website\"},\"primaryImageOfPage\":{\"@id\":\"https:\\\/\\\/www.anovapeneira.gal\\\/index.php\\\/2020\\\/08\\\/05\\\/o-concello-de-salvaterra-de-mino-restaura-e-amplia-o-espazo-de-recreo-infantil-do-parque-de-a-canuda\\\/#primaryimage\"},\"image\":{\"@id\":\"https:\\\/\\\/www.anovapeneira.gal\\\/index.php\\\/2020\\\/08\\\/05\\\/o-concello-de-salvaterra-de-mino-restaura-e-amplia-o-espazo-de-recreo-infantil-do-parque-de-a-canuda\\\/#primaryimage\"},\"thumbnailUrl\":\"https:\\\/\\\/www.anovapeneira.gal\\\/wp-content\\\/uploads\\\/2020\\\/08\\\/parque_infantil_salvaterra_de_minho_a_nova_peneira.jpg\",\"datePublished\":\"2020-08-05T08:00:39+00:00\",\"breadcrumb\":{\"@id\":\"https:\\\/\\\/www.anovapeneira.gal\\\/index.php\\\/2020\\\/08\\\/05\\\/o-concello-de-salvaterra-de-mino-restaura-e-amplia-o-espazo-de-recreo-infantil-do-parque-de-a-canuda\\\/#breadcrumb\"},\"inLanguage\":\"gl-ES\",\"potentialAction\":[{\"@type\":\"ReadAction\",\"target\":[\"https:\\\/\\\/www.anovapeneira.gal\\\/index.php\\\/2020\\\/08\\\/05\\\/o-concello-de-salvaterra-de-mino-restaura-e-amplia-o-espazo-de-recreo-infantil-do-parque-de-a-canuda\\\/\"]}]},{\"@type\":\"ImageObject\",\"inLanguage\":\"gl-ES\",\"@id\":\"https:\\\/\\\/www.anovapeneira.gal\\\/index.php\\\/2020\\\/08\\\/05\\\/o-concello-de-salvaterra-de-mino-restaura-e-amplia-o-espazo-de-recreo-infantil-do-parque-de-a-canuda\\\/#primaryimage\",\"url\":\"https:\\\/\\\/www.anovapeneira.gal\\\/wp-content\\\/uploads\\\/2020\\\/08\\\/parque_infantil_salvaterra_de_minho_a_nova_peneira.jpg\",\"contentUrl\":\"https:\\\/\\\/www.anovapeneira.gal\\\/wp-content\\\/uploads\\\/2020\\\/08\\\/parque_infantil_salvaterra_de_minho_a_nova_peneira.jpg\",\"width\":720,\"height\":432,\"caption\":\"Parque de A Canuda Salvaterra de Mi\u00f1o A Nova Peneira\"},{\"@type\":\"BreadcrumbList\",\"@id\":\"https:\\\/\\\/www.anovapeneira.gal\\\/index.php\\\/2020\\\/08\\\/05\\\/o-concello-de-salvaterra-de-mino-restaura-e-amplia-o-espazo-de-recreo-infantil-do-parque-de-a-canuda\\\/#breadcrumb\",\"itemListElement\":[{\"@type\":\"ListItem\",\"position\":1,\"name\":\"Portada\",\"item\":\"https:\\\/\\\/www.anovapeneira.gal\\\/\"},{\"@type\":\"ListItem\",\"position\":2,\"name\":\"O concello\u00a0 de Salvaterra de Mi\u00f1o restaura\u00a0 e ampl\u00eda o espazo de recreo infantil do parque de a Canuda\"}]},{\"@type\":\"WebSite\",\"@id\":\"https:\\\/\\\/www.anovapeneira.gal\\\/#website\",\"url\":\"https:\\\/\\\/www.anovapeneira.gal\\\/\",\"name\":\"\",\"description\":\"Xornal galego de informaci\u00f3n xeral Publicaci\u00f3n mensual de novas de Galicia e en especial dos Concellos da sur da provincia de Pontevedra.\",\"publisher\":{\"@id\":\"https:\\\/\\\/www.anovapeneira.gal\\\/#organization\"},\"potentialAction\":[{\"@type\":\"SearchAction\",\"target\":{\"@type\":\"EntryPoint\",\"urlTemplate\":\"https:\\\/\\\/www.anovapeneira.gal\\\/?s={search_term_string}\"},\"query-input\":{\"@type\":\"PropertyValueSpecification\",\"valueRequired\":true,\"valueName\":\"search_term_string\"}}],\"inLanguage\":\"gl-ES\"},{\"@type\":\"Organization\",\"@id\":\"https:\\\/\\\/www.anovapeneira.gal\\\/#organization\",\"name\":\"A Nova Peneira\",\"url\":\"https:\\\/\\\/www.anovapeneira.gal\\\/\",\"logo\":{\"@type\":\"ImageObject\",\"inLanguage\":\"gl-ES\",\"@id\":\"https:\\\/\\\/www.anovapeneira.gal\\\/#\\\/schema\\\/logo\\\/image\\\/\",\"url\":\"http:\\\/\\\/www.anovapeneira.gal\\\/wp-content\\\/uploads\\\/2019\\\/06\\\/logo_a_nova_peneira_portal_web.png\",\"contentUrl\":\"http:\\\/\\\/www.anovapeneira.gal\\\/wp-content\\\/uploads\\\/2019\\\/06\\\/logo_a_nova_peneira_portal_web.png\",\"width\":300,\"height\":100,\"caption\":\"A Nova Peneira\"},\"image\":{\"@id\":\"https:\\\/\\\/www.anovapeneira.gal\\\/#\\\/schema\\\/logo\\\/image\\\/\"},\"sameAs\":[\"https:\\\/\\\/www.facebook.com\\\/anovapeneira\",\"https:\\\/\\\/x.com\\\/APeneira\"]},{\"@type\":\"Person\",\"@id\":\"https:\\\/\\\/www.anovapeneira.gal\\\/#\\\/schema\\\/person\\\/b93e3f8932e3f8da96334607eb6ac6aa\",\"name\":\"Redacci\u00f3n A Nova Peneira\",\"image\":{\"@type\":\"ImageObject\",\"inLanguage\":\"gl-ES\",\"@id\":\"https:\\\/\\\/secure.gravatar.com\\\/avatar\\\/c052a2551a06e23fac63626232eaa90abd78dbcf1700fc46a2b2c89fd27b735f?s=96&d=mm&r=g\",\"url\":\"https:\\\/\\\/secure.gravatar.com\\\/avatar\\\/c052a2551a06e23fac63626232eaa90abd78dbcf1700fc46a2b2c89fd27b735f?s=96&d=mm&r=g\",\"contentUrl\":\"https:\\\/\\\/secure.gravatar.com\\\/avatar\\\/c052a2551a06e23fac63626232eaa90abd78dbcf1700fc46a2b2c89fd27b735f?s=96&d=mm&r=g\",\"caption\":\"Redacci\u00f3n A Nova Peneira\"},\"sameAs\":[\"http:\\\/\\\/www.anovapeneira.gal\\\/\"],\"url\":\"https:\\\/\\\/www.anovapeneira.gal\\\/index.php\\\/author\\\/redactor\\\/\"}]}<\/script>\n<!-- \/ Yoast SEO plugin. -->","yoast_head_json":{"title":"O concello\u00a0 de Salvaterra de Mi\u00f1o restaura\u00a0 e ampl\u00eda o espazo de recreo infantil do parque de a Canuda -","robots":{"index":"index","follow":"follow","max-snippet":"max-snippet:-1","max-image-preview":"max-image-preview:large","max-video-preview":"max-video-preview:-1"},"canonical":"https:\/\/www.anovapeneira.gal\/index.php\/2020\/08\/05\/o-concello-de-salvaterra-de-mino-restaura-e-amplia-o-espazo-de-recreo-infantil-do-parque-de-a-canuda\/","og_locale":"gl_ES","og_type":"article","og_title":"O concello\u00a0 de Salvaterra de Mi\u00f1o restaura\u00a0 e ampl\u00eda o espazo de recreo infantil do parque de a Canuda -","og_description":"O Concello de Salvaterra de Mi\u00f1o aproveitando o peche do parque por mor da pandemia, e co af\u00e1n de continuar coas melloras das infraestruturas que se prestan, ven de empezar as obras de restauraci\u00f3n do parque infantil da Canuda [...]","og_url":"https:\/\/www.anovapeneira.gal\/index.php\/2020\/08\/05\/o-concello-de-salvaterra-de-mino-restaura-e-amplia-o-espazo-de-recreo-infantil-do-parque-de-a-canuda\/","article_publisher":"https:\/\/www.facebook.com\/anovapeneira","article_published_time":"2020-08-05T08:00:39+00:00","og_image":[{"width":720,"height":432,"url":"https:\/\/www.anovapeneira.gal\/wp-content\/uploads\/2020\/08\/parque_infantil_salvaterra_de_minho_a_nova_peneira.jpg","type":"image\/jpeg"}],"author":"Redacci\u00f3n A Nova Peneira","twitter_card":"summary_large_image","twitter_creator":"@APeneira","twitter_site":"@APeneira","twitter_misc":{"Escrito por":"Redacci\u00f3n A Nova Peneira","Tempo de lectura":"2 minutos"},"schema":{"@context":"https:\/\/schema.org","@graph":[{"@type":"Article","@id":"https:\/\/www.anovapeneira.gal\/index.php\/2020\/08\/05\/o-concello-de-salvaterra-de-mino-restaura-e-amplia-o-espazo-de-recreo-infantil-do-parque-de-a-canuda\/#article","isPartOf":{"@id":"https:\/\/www.anovapeneira.gal\/index.php\/2020\/08\/05\/o-concello-de-salvaterra-de-mino-restaura-e-amplia-o-espazo-de-recreo-infantil-do-parque-de-a-canuda\/"},"author":{"name":"Redacci\u00f3n A Nova Peneira","@id":"https:\/\/www.anovapeneira.gal\/#\/schema\/person\/b93e3f8932e3f8da96334607eb6ac6aa"},"headline":"O concello\u00a0 de Salvaterra de Mi\u00f1o restaura\u00a0 e ampl\u00eda o espazo de recreo infantil do parque de a Canuda","datePublished":"2020-08-05T08:00:39+00:00","mainEntityOfPage":{"@id":"https:\/\/www.anovapeneira.gal\/index.php\/2020\/08\/05\/o-concello-de-salvaterra-de-mino-restaura-e-amplia-o-espazo-de-recreo-infantil-do-parque-de-a-canuda\/"},"wordCount":493,"commentCount":0,"publisher":{"@id":"https:\/\/www.anovapeneira.gal\/#organization"},"image":{"@id":"https:\/\/www.anovapeneira.gal\/index.php\/2020\/08\/05\/o-concello-de-salvaterra-de-mino-restaura-e-amplia-o-espazo-de-recreo-infantil-do-parque-de-a-canuda\/#primaryimage"},"thumbnailUrl":"https:\/\/www.anovapeneira.gal\/wp-content\/uploads\/2020\/08\/parque_infantil_salvaterra_de_minho_a_nova_peneira.jpg","keywords":["Concello Salvaterra de Mi\u00f1o"],"articleSection":["Condado"],"inLanguage":"gl-ES","potentialAction":[{"@type":"CommentAction","name":"Comment","target":["https:\/\/www.anovapeneira.gal\/index.php\/2020\/08\/05\/o-concello-de-salvaterra-de-mino-restaura-e-amplia-o-espazo-de-recreo-infantil-do-parque-de-a-canuda\/#respond"]}]},{"@type":"WebPage","@id":"https:\/\/www.anovapeneira.gal\/index.php\/2020\/08\/05\/o-concello-de-salvaterra-de-mino-restaura-e-amplia-o-espazo-de-recreo-infantil-do-parque-de-a-canuda\/","url":"https:\/\/www.anovapeneira.gal\/index.php\/2020\/08\/05\/o-concello-de-salvaterra-de-mino-restaura-e-amplia-o-espazo-de-recreo-infantil-do-parque-de-a-canuda\/","name":"O concello\u00a0 de Salvaterra de Mi\u00f1o restaura\u00a0 e ampl\u00eda o espazo de recreo infantil do parque de a Canuda -","isPartOf":{"@id":"https:\/\/www.anovapeneira.gal\/#website"},"primaryImageOfPage":{"@id":"https:\/\/www.anovapeneira.gal\/index.php\/2020\/08\/05\/o-concello-de-salvaterra-de-mino-restaura-e-amplia-o-espazo-de-recreo-infantil-do-parque-de-a-canuda\/#primaryimage"},"image":{"@id":"https:\/\/www.anovapeneira.gal\/index.php\/2020\/08\/05\/o-concello-de-salvaterra-de-mino-restaura-e-amplia-o-espazo-de-recreo-infantil-do-parque-de-a-canuda\/#primaryimage"},"thumbnailUrl":"https:\/\/www.anovapeneira.gal\/wp-content\/uploads\/2020\/08\/parque_infantil_salvaterra_de_minho_a_nova_peneira.jpg","datePublished":"2020-08-05T08:00:39+00:00","breadcrumb":{"@id":"https:\/\/www.anovapeneira.gal\/index.php\/2020\/08\/05\/o-concello-de-salvaterra-de-mino-restaura-e-amplia-o-espazo-de-recreo-infantil-do-parque-de-a-canuda\/#breadcrumb"},"inLanguage":"gl-ES","potentialAction":[{"@type":"ReadAction","target":["https:\/\/www.anovapeneira.gal\/index.php\/2020\/08\/05\/o-concello-de-salvaterra-de-mino-restaura-e-amplia-o-espazo-de-recreo-infantil-do-parque-de-a-canuda\/"]}]},{"@type":"ImageObject","inLanguage":"gl-ES","@id":"https:\/\/www.anovapeneira.gal\/index.php\/2020\/08\/05\/o-concello-de-salvaterra-de-mino-restaura-e-amplia-o-espazo-de-recreo-infantil-do-parque-de-a-canuda\/#primaryimage","url":"https:\/\/www.anovapeneira.gal\/wp-content\/uploads\/2020\/08\/parque_infantil_salvaterra_de_minho_a_nova_peneira.jpg","contentUrl":"https:\/\/www.anovapeneira.gal\/wp-content\/uploads\/2020\/08\/parque_infantil_salvaterra_de_minho_a_nova_peneira.jpg","width":720,"height":432,"caption":"Parque de A Canuda Salvaterra de Mi\u00f1o A Nova Peneira"},{"@type":"BreadcrumbList","@id":"https:\/\/www.anovapeneira.gal\/index.php\/2020\/08\/05\/o-concello-de-salvaterra-de-mino-restaura-e-amplia-o-espazo-de-recreo-infantil-do-parque-de-a-canuda\/#breadcrumb","itemListElement":[{"@type":"ListItem","position":1,"name":"Portada","item":"https:\/\/www.anovapeneira.gal\/"},{"@type":"ListItem","position":2,"name":"O concello\u00a0 de Salvaterra de Mi\u00f1o restaura\u00a0 e ampl\u00eda o espazo de recreo infantil do parque de a Canuda"}]},{"@type":"WebSite","@id":"https:\/\/www.anovapeneira.gal\/#website","url":"https:\/\/www.anovapeneira.gal\/","name":"","description":"Xornal galego de informaci\u00f3n xeral Publicaci\u00f3n mensual de novas de Galicia e en especial dos Concellos da sur da provincia de Pontevedra.","publisher":{"@id":"https:\/\/www.anovapeneira.gal\/#organization"},"potentialAction":[{"@type":"SearchAction","target":{"@type":"EntryPoint","urlTemplate":"https:\/\/www.anovapeneira.gal\/?s={search_term_string}"},"query-input":{"@type":"PropertyValueSpecification","valueRequired":true,"valueName":"search_term_string"}}],"inLanguage":"gl-ES"},{"@type":"Organization","@id":"https:\/\/www.anovapeneira.gal\/#organization","name":"A Nova Peneira","url":"https:\/\/www.anovapeneira.gal\/","logo":{"@type":"ImageObject","inLanguage":"gl-ES","@id":"https:\/\/www.anovapeneira.gal\/#\/schema\/logo\/image\/","url":"http:\/\/www.anovapeneira.gal\/wp-content\/uploads\/2019\/06\/logo_a_nova_peneira_portal_web.png","contentUrl":"http:\/\/www.anovapeneira.gal\/wp-content\/uploads\/2019\/06\/logo_a_nova_peneira_portal_web.png","width":300,"height":100,"caption":"A Nova Peneira"},"image":{"@id":"https:\/\/www.anovapeneira.gal\/#\/schema\/logo\/image\/"},"sameAs":["https:\/\/www.facebook.com\/anovapeneira","https:\/\/x.com\/APeneira"]},{"@type":"Person","@id":"https:\/\/www.anovapeneira.gal\/#\/schema\/person\/b93e3f8932e3f8da96334607eb6ac6aa","name":"Redacci\u00f3n A Nova Peneira","image":{"@type":"ImageObject","inLanguage":"gl-ES","@id":"https:\/\/secure.gravatar.com\/avatar\/c052a2551a06e23fac63626232eaa90abd78dbcf1700fc46a2b2c89fd27b735f?s=96&d=mm&r=g","url":"https:\/\/secure.gravatar.com\/avatar\/c052a2551a06e23fac63626232eaa90abd78dbcf1700fc46a2b2c89fd27b735f?s=96&d=mm&r=g","contentUrl":"https:\/\/secure.gravatar.com\/avatar\/c052a2551a06e23fac63626232eaa90abd78dbcf1700fc46a2b2c89fd27b735f?s=96&d=mm&r=g","caption":"Redacci\u00f3n A Nova Peneira"},"sameAs":["http:\/\/www.anovapeneira.gal\/"],"url":"https:\/\/www.anovapeneira.gal\/index.php\/author\/redactor\/"}]}},"jetpack_featured_media_url":"https:\/\/www.anovapeneira.gal\/wp-content\/uploads\/2020\/08\/parque_infantil_salvaterra_de_minho_a_nova_peneira.jpg","_links":{"self":[{"href":"https:\/\/www.anovapeneira.gal\/index.php\/wp-json\/wp\/v2\/posts\/3660","targetHints":{"allow":["GET"]}}],"collection":[{"href":"https:\/\/www.anovapeneira.gal\/index.php\/wp-json\/wp\/v2\/posts"}],"about":[{"href":"https:\/\/www.anovapeneira.gal\/index.php\/wp-json\/wp\/v2\/types\/post"}],"author":[{"embeddable":true,"href":"https:\/\/www.anovapeneira.gal\/index.php\/wp-json\/wp\/v2\/users\/3"}],"replies":[{"embeddable":true,"href":"https:\/\/www.anovapeneira.gal\/index.php\/wp-json\/wp\/v2\/comments?post=3660"}],"version-history":[{"count":1,"href":"https:\/\/www.anovapeneira.gal\/index.php\/wp-json\/wp\/v2\/posts\/3660\/revisions"}],"predecessor-version":[{"id":3662,"href":"https:\/\/www.anovapeneira.gal\/index.php\/wp-json\/wp\/v2\/posts\/3660\/revisions\/3662"}],"wp:featuredmedia":[{"embeddable":true,"href":"https:\/\/www.anovapeneira.gal\/index.php\/wp-json\/wp\/v2\/media\/3661"}],"wp:attachment":[{"href":"https:\/\/www.anovapeneira.gal\/index.php\/wp-json\/wp\/v2\/media?parent=3660"}],"wp:term":[{"taxonomy":"category","embeddable":true,"href":"https:\/\/www.anovapeneira.gal\/index.php\/wp-json\/wp\/v2\/categories?post=3660"},{"taxonomy":"post_tag","embeddable":true,"href":"https:\/\/www.anovapeneira.gal\/index.php\/wp-json\/wp\/v2\/tags?post=3660"}],"curies":[{"name":"wp","href":"https:\/\/api.w.org\/{rel}","templated":true}]}}