{"id":3668,"date":"2020-08-06T10:00:22","date_gmt":"2020-08-06T08:00:22","guid":{"rendered":"http:\/\/www.anovapeneira.gal\/?p=3668"},"modified":"2020-08-05T08:05:52","modified_gmt":"2020-08-05T06:05:52","slug":"mondariz-continua-sen-orzamentos-municipais-actualizados","status":"publish","type":"post","link":"https:\/\/www.anovapeneira.gal\/index.php\/2020\/08\/06\/mondariz-continua-sen-orzamentos-municipais-actualizados\/","title":{"rendered":"Mondariz contin\u00faa sen orzamentos municipais actualizados"},"content":{"rendered":"\n<h2 class=\"wp-block-heading\">Durante a \u00faltima sesi\u00f3n ordinaria do Pleno da Corporaci\u00f3n Municipal, Alternativa por Mondariz e Partido Popular votaron en contra do plan orzamentario presentado polo goberno para o exercicio 2020, que non puido ser aprobado<\/h2>\n\n\n\n<p><strong>Mondariz,<\/strong> <strong>1 de agosto de 2020<\/strong><\/p>\n\n\n\n<p>O goberno de Mondariz levou este venres ao Pleno da Corporaci\u00f3n Municipal a s\u00faa proposta de Orzamento Xeral para o exercicio 2020, despois de varios meses de conversas cos diferentes grupos pol\u00edticos. A proposta, que era austera pero inclu\u00eda partidas para facer fronte a obrigas financieiras do Concello tan importantes como a d\u00e9beda acumulada desde 2017 coa Xunta de Galicia pola xesti\u00f3n do Centro de D\u00eda, non foi aprobada polos votos en contra de Alternativa por Mondariz e Partido Popular, que superaron aos votos a favor de BNG, PSOE e Ciudadanos.<\/p>\n\n\n\n<p>&#8220;O goberno iniciou o di\u00e1logo cos grupos pol\u00edticos de oposici\u00f3n o ano pasado. Durante a primeira fase de di\u00e1logo, consistente en reuni\u00f3ns por separado con cada grupo pol\u00edtico para intercambiar puntos de vista e comprobar que hab\u00eda interese en consensuar uns novos orzamentos municipais, mantiv\u00e9ronse reuni\u00f3ns con PP e Ciudadanos, porque AporM rexeitou esta modalidade de di\u00e1logo inicial e non quixo participar. Nas \u00faltimas semanas, co plan orzamentario para este exercicio 2020 xa preparado, houbo ata tres reuni\u00f3ns conxuntas nas que todos os grupos pol\u00edticos puideron manifestar as s\u00faas opini\u00f3ns, mais non se fixeron propostas construtivas respecto ao plan orzamentario&#8221;, explica o alcalde, Xos\u00e9 Emilio Barros. &#8220;O goberno chegou \u00e1 sesi\u00f3n plenaria coa esperanza de que AporM ou PP se abstivesen na votaci\u00f3n para facilitar a necesaria actualizaci\u00f3n do orzamento municipal&#8221;.<\/p>\n\n\n\n<p>O Concello de Mondariz funciona actualmente cun orzamento pensado para 2017, xa que foi prorrogado durante dous anos, sen ter en conta as necesidades municipais. Esta situaci\u00f3n provoca que non haxa partidas orzamentarias para facer fronte \u00e1s actuais obrigas financieiras, dar resposta \u00e1s lex\u00edtimas demandas dos veci\u00f1os e das veci\u00f1as ou promover o desenvolvemento local de Mondariz. &#8220;Actualizar o orzamento municipal \u00e9 unha cuesti\u00f3n de responsabilidade pol\u00edtica. Os grupos pol\u00edticos est\u00e1n informados da grave situaci\u00f3n financieira do Concello de Mondariz desde fai tempo e saben que hai pouca marxe de manobra porque os gastos estruturais, como os gastos de persoal (47,93%) e os gastos correntes en bens e servizos (36,27%), son amplamente maioritarios. Por parte do goberno houbo unha transparencia total&#8221;, comenta Barros.<\/p>\n\n\n\n<p>Entre as novas partidas que se inclu\u00edan no plan orzamentario do goberno municipal hab\u00eda axudas para as tra\u00eddas de augas veci\u00f1ais, o baleirado de&nbsp;fosas s\u00e9pticas e o desenvolvemento rural nas parroquias. Tam\u00e9n se reco\u00f1ec\u00eda o dereito das entidades locais menores a percibir polo menos o 25% da recadaci\u00f3n fiscal entre os seus veci\u00f1os e veci\u00f1as, que \u00e9 unha reclamaci\u00f3n hist\u00f3rica avalada este ano por unha senteza xudicial. Os incrementos de gastos en transferencias e persoal, alleos \u00e1 decisi\u00f3n pol\u00edtica, obrigaron a conter o gasto corrente en servizos e asumir unha necesaria austeridade.<\/p>\n\n\n\n<p>&#8220;AporM alegou na sesi\u00f3n plenaria que as cont\u00edas das partidas destinadas a&nbsp;tra\u00eddas de augas veci\u00f1ais non eran suficientes, pero aqu\u00ed o m\u00e1is importante \u00e9 crear a partida. Se non hai partida orzamentaria \u00e9 imposible dar resposta \u00e1s necesidades, e as tra\u00eddas veci\u00f1ais son fundamentais para a xesti\u00f3n dun servizo tan b\u00e1sico como o suministro de auga&#8221;, sinala Barros. &#8220;Tam\u00e9n dixo que&nbsp;<em>non era o momento<\/em>&nbsp;de reco\u00f1ecer o dereito das entidades locais menores a percibir o 25% da s\u00faa recadaci\u00f3n fiscal, como manda a lei. O goberno xa deixou claro que abrir\u00eda un proceso de negociaci\u00f3n con Vilasobroso e Queimadelos para determinar as competencias que deb\u00edan asumir en contrapartida, pero se realmente hai vontade de solucionar este asunto \u00e9 preciso crear unha partida orzamentaria&#8221;.<\/p>\n\n\n\n<p>Tanto o alcalde, Xos\u00e9 Emilio Barros, como o concelleiro de Facenda, Jos\u00e9 Luis Fern\u00e1ndez, manifestaron a s\u00faa decepci\u00f3n &#8220;pola frivolidade e a inconsistencia de AporM e PP na valoraci\u00f3n da situaci\u00f3n municipal derivada da mala xesti\u00f3n pol\u00edtica dos gobernos anteriores, especialmente no \u00e1mbito econ\u00f3mico-financieiro&#8221;. Malia esta votaci\u00f3n en contra, &#8220;o goberno continuar\u00e1 optimizando os recursos dispo\u00f1ibles e traballando desde este mesmo luns para presentar, canto antes, un novo plan orzamentario para o vindeiro exercicio 2021&#8221;, comenta Barros.<\/p>\n","protected":false},"excerpt":{"rendered":"<div class=\"mh-excerpt\"><p>Durante a \u00faltima sesi\u00f3n ordinaria do Pleno da Corporaci\u00f3n Municipal, Alternativa por Mondariz e Partido Popular votaron en contra do plan orzamentario presentado polo goberno para o exercicio 2020, que non puido ser aprobado <a class=\"mh-excerpt-more\" href=\"https:\/\/www.anovapeneira.gal\/index.php\/2020\/08\/06\/mondariz-continua-sen-orzamentos-municipais-actualizados\/\" title=\"Mondariz contin\u00faa sen orzamentos municipais actualizados\">[&#8230;]<\/a><\/p>\n<\/div>","protected":false},"author":3,"featured_media":3669,"comment_status":"open","ping_status":"open","sticky":false,"template":"","format":"standard","meta":{"_exactmetrics_skip_tracking":false,"_exactmetrics_sitenote_active":false,"_exactmetrics_sitenote_note":"","_exactmetrics_sitenote_category":0,"footnotes":""},"categories":[25],"tags":[405,1172],"class_list":{"0":"post-3668","1":"post","2":"type-post","3":"status-publish","4":"format-standard","5":"has-post-thumbnail","7":"category-condado","8":"tag-concello-de-mondariz","9":"tag-orzamentos"},"yoast_head":"<!-- This site is optimized with the Yoast SEO plugin v27.4 - https:\/\/yoast.com\/product\/yoast-seo-wordpress\/ -->\n<title>Mondariz contin\u00faa sen orzamentos municipais actualizados -<\/title>\n<meta name=\"robots\" content=\"index, follow, max-snippet:-1, max-image-preview:large, max-video-preview:-1\" \/>\n<link rel=\"canonical\" href=\"https:\/\/www.anovapeneira.gal\/index.php\/2020\/08\/06\/mondariz-continua-sen-orzamentos-municipais-actualizados\/\" \/>\n<meta property=\"og:locale\" content=\"gl_ES\" \/>\n<meta property=\"og:type\" content=\"article\" \/>\n<meta property=\"og:title\" content=\"Mondariz contin\u00faa sen orzamentos municipais actualizados -\" \/>\n<meta property=\"og:description\" content=\"Durante a \u00faltima sesi\u00f3n ordinaria do Pleno da Corporaci\u00f3n Municipal, Alternativa por Mondariz e Partido Popular votaron en contra do plan orzamentario presentado polo goberno para o exercicio 2020, que non puido ser aprobado [...]\" \/>\n<meta property=\"og:url\" content=\"https:\/\/www.anovapeneira.gal\/index.php\/2020\/08\/06\/mondariz-continua-sen-orzamentos-municipais-actualizados\/\" \/>\n<meta property=\"article:publisher\" content=\"https:\/\/www.facebook.com\/anovapeneira\" \/>\n<meta property=\"article:published_time\" content=\"2020-08-06T08:00:22+00:00\" \/>\n<meta property=\"og:image\" content=\"https:\/\/www.anovapeneira.gal\/wp-content\/uploads\/2020\/08\/pleno_concello_mondariz_a_nova_peneira.jpg\" \/>\n\t<meta property=\"og:image:width\" content=\"720\" \/>\n\t<meta property=\"og:image:height\" content=\"432\" \/>\n\t<meta property=\"og:image:type\" content=\"image\/jpeg\" \/>\n<meta name=\"author\" content=\"Redacci\u00f3n A Nova Peneira\" \/>\n<meta name=\"twitter:card\" content=\"summary_large_image\" \/>\n<meta name=\"twitter:creator\" content=\"@APeneira\" \/>\n<meta name=\"twitter:site\" content=\"@APeneira\" \/>\n<meta name=\"twitter:label1\" content=\"Escrito por\" \/>\n\t<meta name=\"twitter:data1\" content=\"Redacci\u00f3n A Nova Peneira\" \/>\n\t<meta name=\"twitter:label2\" content=\"Tempo de lectura\" \/>\n\t<meta name=\"twitter:data2\" content=\"4 minutos\" \/>\n<script type=\"application\/ld+json\" class=\"yoast-schema-graph\">{\"@context\":\"https:\\\/\\\/schema.org\",\"@graph\":[{\"@type\":\"Article\",\"@id\":\"https:\\\/\\\/www.anovapeneira.gal\\\/index.php\\\/2020\\\/08\\\/06\\\/mondariz-continua-sen-orzamentos-municipais-actualizados\\\/#article\",\"isPartOf\":{\"@id\":\"https:\\\/\\\/www.anovapeneira.gal\\\/index.php\\\/2020\\\/08\\\/06\\\/mondariz-continua-sen-orzamentos-municipais-actualizados\\\/\"},\"author\":{\"name\":\"Redacci\u00f3n A Nova Peneira\",\"@id\":\"https:\\\/\\\/www.anovapeneira.gal\\\/#\\\/schema\\\/person\\\/b93e3f8932e3f8da96334607eb6ac6aa\"},\"headline\":\"Mondariz contin\u00faa sen orzamentos municipais actualizados\",\"datePublished\":\"2020-08-06T08:00:22+00:00\",\"mainEntityOfPage\":{\"@id\":\"https:\\\/\\\/www.anovapeneira.gal\\\/index.php\\\/2020\\\/08\\\/06\\\/mondariz-continua-sen-orzamentos-municipais-actualizados\\\/\"},\"wordCount\":748,\"commentCount\":0,\"publisher\":{\"@id\":\"https:\\\/\\\/www.anovapeneira.gal\\\/#organization\"},\"image\":{\"@id\":\"https:\\\/\\\/www.anovapeneira.gal\\\/index.php\\\/2020\\\/08\\\/06\\\/mondariz-continua-sen-orzamentos-municipais-actualizados\\\/#primaryimage\"},\"thumbnailUrl\":\"https:\\\/\\\/www.anovapeneira.gal\\\/wp-content\\\/uploads\\\/2020\\\/08\\\/pleno_concello_mondariz_a_nova_peneira.jpg\",\"keywords\":[\"Concello de Mondariz\",\"Orzamentos\"],\"articleSection\":[\"Condado\"],\"inLanguage\":\"gl-ES\",\"potentialAction\":[{\"@type\":\"CommentAction\",\"name\":\"Comment\",\"target\":[\"https:\\\/\\\/www.anovapeneira.gal\\\/index.php\\\/2020\\\/08\\\/06\\\/mondariz-continua-sen-orzamentos-municipais-actualizados\\\/#respond\"]}]},{\"@type\":\"WebPage\",\"@id\":\"https:\\\/\\\/www.anovapeneira.gal\\\/index.php\\\/2020\\\/08\\\/06\\\/mondariz-continua-sen-orzamentos-municipais-actualizados\\\/\",\"url\":\"https:\\\/\\\/www.anovapeneira.gal\\\/index.php\\\/2020\\\/08\\\/06\\\/mondariz-continua-sen-orzamentos-municipais-actualizados\\\/\",\"name\":\"Mondariz contin\u00faa sen orzamentos municipais actualizados -\",\"isPartOf\":{\"@id\":\"https:\\\/\\\/www.anovapeneira.gal\\\/#website\"},\"primaryImageOfPage\":{\"@id\":\"https:\\\/\\\/www.anovapeneira.gal\\\/index.php\\\/2020\\\/08\\\/06\\\/mondariz-continua-sen-orzamentos-municipais-actualizados\\\/#primaryimage\"},\"image\":{\"@id\":\"https:\\\/\\\/www.anovapeneira.gal\\\/index.php\\\/2020\\\/08\\\/06\\\/mondariz-continua-sen-orzamentos-municipais-actualizados\\\/#primaryimage\"},\"thumbnailUrl\":\"https:\\\/\\\/www.anovapeneira.gal\\\/wp-content\\\/uploads\\\/2020\\\/08\\\/pleno_concello_mondariz_a_nova_peneira.jpg\",\"datePublished\":\"2020-08-06T08:00:22+00:00\",\"breadcrumb\":{\"@id\":\"https:\\\/\\\/www.anovapeneira.gal\\\/index.php\\\/2020\\\/08\\\/06\\\/mondariz-continua-sen-orzamentos-municipais-actualizados\\\/#breadcrumb\"},\"inLanguage\":\"gl-ES\",\"potentialAction\":[{\"@type\":\"ReadAction\",\"target\":[\"https:\\\/\\\/www.anovapeneira.gal\\\/index.php\\\/2020\\\/08\\\/06\\\/mondariz-continua-sen-orzamentos-municipais-actualizados\\\/\"]}]},{\"@type\":\"ImageObject\",\"inLanguage\":\"gl-ES\",\"@id\":\"https:\\\/\\\/www.anovapeneira.gal\\\/index.php\\\/2020\\\/08\\\/06\\\/mondariz-continua-sen-orzamentos-municipais-actualizados\\\/#primaryimage\",\"url\":\"https:\\\/\\\/www.anovapeneira.gal\\\/wp-content\\\/uploads\\\/2020\\\/08\\\/pleno_concello_mondariz_a_nova_peneira.jpg\",\"contentUrl\":\"https:\\\/\\\/www.anovapeneira.gal\\\/wp-content\\\/uploads\\\/2020\\\/08\\\/pleno_concello_mondariz_a_nova_peneira.jpg\",\"width\":720,\"height\":432,\"caption\":\"Orzamentos Municipais Concello de Mondariiz A Nova Peneira\"},{\"@type\":\"BreadcrumbList\",\"@id\":\"https:\\\/\\\/www.anovapeneira.gal\\\/index.php\\\/2020\\\/08\\\/06\\\/mondariz-continua-sen-orzamentos-municipais-actualizados\\\/#breadcrumb\",\"itemListElement\":[{\"@type\":\"ListItem\",\"position\":1,\"name\":\"Portada\",\"item\":\"https:\\\/\\\/www.anovapeneira.gal\\\/\"},{\"@type\":\"ListItem\",\"position\":2,\"name\":\"Mondariz contin\u00faa sen orzamentos municipais actualizados\"}]},{\"@type\":\"WebSite\",\"@id\":\"https:\\\/\\\/www.anovapeneira.gal\\\/#website\",\"url\":\"https:\\\/\\\/www.anovapeneira.gal\\\/\",\"name\":\"\",\"description\":\"Xornal galego de informaci\u00f3n xeral Publicaci\u00f3n mensual de novas de Galicia e en especial dos Concellos da sur da provincia de Pontevedra.\",\"publisher\":{\"@id\":\"https:\\\/\\\/www.anovapeneira.gal\\\/#organization\"},\"potentialAction\":[{\"@type\":\"SearchAction\",\"target\":{\"@type\":\"EntryPoint\",\"urlTemplate\":\"https:\\\/\\\/www.anovapeneira.gal\\\/?s={search_term_string}\"},\"query-input\":{\"@type\":\"PropertyValueSpecification\",\"valueRequired\":true,\"valueName\":\"search_term_string\"}}],\"inLanguage\":\"gl-ES\"},{\"@type\":\"Organization\",\"@id\":\"https:\\\/\\\/www.anovapeneira.gal\\\/#organization\",\"name\":\"A Nova Peneira\",\"url\":\"https:\\\/\\\/www.anovapeneira.gal\\\/\",\"logo\":{\"@type\":\"ImageObject\",\"inLanguage\":\"gl-ES\",\"@id\":\"https:\\\/\\\/www.anovapeneira.gal\\\/#\\\/schema\\\/logo\\\/image\\\/\",\"url\":\"http:\\\/\\\/www.anovapeneira.gal\\\/wp-content\\\/uploads\\\/2019\\\/06\\\/logo_a_nova_peneira_portal_web.png\",\"contentUrl\":\"http:\\\/\\\/www.anovapeneira.gal\\\/wp-content\\\/uploads\\\/2019\\\/06\\\/logo_a_nova_peneira_portal_web.png\",\"width\":300,\"height\":100,\"caption\":\"A Nova Peneira\"},\"image\":{\"@id\":\"https:\\\/\\\/www.anovapeneira.gal\\\/#\\\/schema\\\/logo\\\/image\\\/\"},\"sameAs\":[\"https:\\\/\\\/www.facebook.com\\\/anovapeneira\",\"https:\\\/\\\/x.com\\\/APeneira\"]},{\"@type\":\"Person\",\"@id\":\"https:\\\/\\\/www.anovapeneira.gal\\\/#\\\/schema\\\/person\\\/b93e3f8932e3f8da96334607eb6ac6aa\",\"name\":\"Redacci\u00f3n A Nova Peneira\",\"image\":{\"@type\":\"ImageObject\",\"inLanguage\":\"gl-ES\",\"@id\":\"https:\\\/\\\/secure.gravatar.com\\\/avatar\\\/c052a2551a06e23fac63626232eaa90abd78dbcf1700fc46a2b2c89fd27b735f?s=96&d=mm&r=g\",\"url\":\"https:\\\/\\\/secure.gravatar.com\\\/avatar\\\/c052a2551a06e23fac63626232eaa90abd78dbcf1700fc46a2b2c89fd27b735f?s=96&d=mm&r=g\",\"contentUrl\":\"https:\\\/\\\/secure.gravatar.com\\\/avatar\\\/c052a2551a06e23fac63626232eaa90abd78dbcf1700fc46a2b2c89fd27b735f?s=96&d=mm&r=g\",\"caption\":\"Redacci\u00f3n A Nova Peneira\"},\"sameAs\":[\"http:\\\/\\\/www.anovapeneira.gal\\\/\"],\"url\":\"https:\\\/\\\/www.anovapeneira.gal\\\/index.php\\\/author\\\/redactor\\\/\"}]}<\/script>\n<!-- \/ Yoast SEO plugin. -->","yoast_head_json":{"title":"Mondariz contin\u00faa sen orzamentos municipais actualizados -","robots":{"index":"index","follow":"follow","max-snippet":"max-snippet:-1","max-image-preview":"max-image-preview:large","max-video-preview":"max-video-preview:-1"},"canonical":"https:\/\/www.anovapeneira.gal\/index.php\/2020\/08\/06\/mondariz-continua-sen-orzamentos-municipais-actualizados\/","og_locale":"gl_ES","og_type":"article","og_title":"Mondariz contin\u00faa sen orzamentos municipais actualizados -","og_description":"Durante a \u00faltima sesi\u00f3n ordinaria do Pleno da Corporaci\u00f3n Municipal, Alternativa por Mondariz e Partido Popular votaron en contra do plan orzamentario presentado polo goberno para o exercicio 2020, que non puido ser aprobado [...]","og_url":"https:\/\/www.anovapeneira.gal\/index.php\/2020\/08\/06\/mondariz-continua-sen-orzamentos-municipais-actualizados\/","article_publisher":"https:\/\/www.facebook.com\/anovapeneira","article_published_time":"2020-08-06T08:00:22+00:00","og_image":[{"width":720,"height":432,"url":"https:\/\/www.anovapeneira.gal\/wp-content\/uploads\/2020\/08\/pleno_concello_mondariz_a_nova_peneira.jpg","type":"image\/jpeg"}],"author":"Redacci\u00f3n A Nova Peneira","twitter_card":"summary_large_image","twitter_creator":"@APeneira","twitter_site":"@APeneira","twitter_misc":{"Escrito por":"Redacci\u00f3n A Nova Peneira","Tempo de lectura":"4 minutos"},"schema":{"@context":"https:\/\/schema.org","@graph":[{"@type":"Article","@id":"https:\/\/www.anovapeneira.gal\/index.php\/2020\/08\/06\/mondariz-continua-sen-orzamentos-municipais-actualizados\/#article","isPartOf":{"@id":"https:\/\/www.anovapeneira.gal\/index.php\/2020\/08\/06\/mondariz-continua-sen-orzamentos-municipais-actualizados\/"},"author":{"name":"Redacci\u00f3n A Nova Peneira","@id":"https:\/\/www.anovapeneira.gal\/#\/schema\/person\/b93e3f8932e3f8da96334607eb6ac6aa"},"headline":"Mondariz contin\u00faa sen orzamentos municipais actualizados","datePublished":"2020-08-06T08:00:22+00:00","mainEntityOfPage":{"@id":"https:\/\/www.anovapeneira.gal\/index.php\/2020\/08\/06\/mondariz-continua-sen-orzamentos-municipais-actualizados\/"},"wordCount":748,"commentCount":0,"publisher":{"@id":"https:\/\/www.anovapeneira.gal\/#organization"},"image":{"@id":"https:\/\/www.anovapeneira.gal\/index.php\/2020\/08\/06\/mondariz-continua-sen-orzamentos-municipais-actualizados\/#primaryimage"},"thumbnailUrl":"https:\/\/www.anovapeneira.gal\/wp-content\/uploads\/2020\/08\/pleno_concello_mondariz_a_nova_peneira.jpg","keywords":["Concello de Mondariz","Orzamentos"],"articleSection":["Condado"],"inLanguage":"gl-ES","potentialAction":[{"@type":"CommentAction","name":"Comment","target":["https:\/\/www.anovapeneira.gal\/index.php\/2020\/08\/06\/mondariz-continua-sen-orzamentos-municipais-actualizados\/#respond"]}]},{"@type":"WebPage","@id":"https:\/\/www.anovapeneira.gal\/index.php\/2020\/08\/06\/mondariz-continua-sen-orzamentos-municipais-actualizados\/","url":"https:\/\/www.anovapeneira.gal\/index.php\/2020\/08\/06\/mondariz-continua-sen-orzamentos-municipais-actualizados\/","name":"Mondariz contin\u00faa sen orzamentos municipais actualizados -","isPartOf":{"@id":"https:\/\/www.anovapeneira.gal\/#website"},"primaryImageOfPage":{"@id":"https:\/\/www.anovapeneira.gal\/index.php\/2020\/08\/06\/mondariz-continua-sen-orzamentos-municipais-actualizados\/#primaryimage"},"image":{"@id":"https:\/\/www.anovapeneira.gal\/index.php\/2020\/08\/06\/mondariz-continua-sen-orzamentos-municipais-actualizados\/#primaryimage"},"thumbnailUrl":"https:\/\/www.anovapeneira.gal\/wp-content\/uploads\/2020\/08\/pleno_concello_mondariz_a_nova_peneira.jpg","datePublished":"2020-08-06T08:00:22+00:00","breadcrumb":{"@id":"https:\/\/www.anovapeneira.gal\/index.php\/2020\/08\/06\/mondariz-continua-sen-orzamentos-municipais-actualizados\/#breadcrumb"},"inLanguage":"gl-ES","potentialAction":[{"@type":"ReadAction","target":["https:\/\/www.anovapeneira.gal\/index.php\/2020\/08\/06\/mondariz-continua-sen-orzamentos-municipais-actualizados\/"]}]},{"@type":"ImageObject","inLanguage":"gl-ES","@id":"https:\/\/www.anovapeneira.gal\/index.php\/2020\/08\/06\/mondariz-continua-sen-orzamentos-municipais-actualizados\/#primaryimage","url":"https:\/\/www.anovapeneira.gal\/wp-content\/uploads\/2020\/08\/pleno_concello_mondariz_a_nova_peneira.jpg","contentUrl":"https:\/\/www.anovapeneira.gal\/wp-content\/uploads\/2020\/08\/pleno_concello_mondariz_a_nova_peneira.jpg","width":720,"height":432,"caption":"Orzamentos Municipais Concello de Mondariiz A Nova Peneira"},{"@type":"BreadcrumbList","@id":"https:\/\/www.anovapeneira.gal\/index.php\/2020\/08\/06\/mondariz-continua-sen-orzamentos-municipais-actualizados\/#breadcrumb","itemListElement":[{"@type":"ListItem","position":1,"name":"Portada","item":"https:\/\/www.anovapeneira.gal\/"},{"@type":"ListItem","position":2,"name":"Mondariz contin\u00faa sen orzamentos municipais actualizados"}]},{"@type":"WebSite","@id":"https:\/\/www.anovapeneira.gal\/#website","url":"https:\/\/www.anovapeneira.gal\/","name":"","description":"Xornal galego de informaci\u00f3n xeral Publicaci\u00f3n mensual de novas de Galicia e en especial dos Concellos da sur da provincia de Pontevedra.","publisher":{"@id":"https:\/\/www.anovapeneira.gal\/#organization"},"potentialAction":[{"@type":"SearchAction","target":{"@type":"EntryPoint","urlTemplate":"https:\/\/www.anovapeneira.gal\/?s={search_term_string}"},"query-input":{"@type":"PropertyValueSpecification","valueRequired":true,"valueName":"search_term_string"}}],"inLanguage":"gl-ES"},{"@type":"Organization","@id":"https:\/\/www.anovapeneira.gal\/#organization","name":"A Nova Peneira","url":"https:\/\/www.anovapeneira.gal\/","logo":{"@type":"ImageObject","inLanguage":"gl-ES","@id":"https:\/\/www.anovapeneira.gal\/#\/schema\/logo\/image\/","url":"http:\/\/www.anovapeneira.gal\/wp-content\/uploads\/2019\/06\/logo_a_nova_peneira_portal_web.png","contentUrl":"http:\/\/www.anovapeneira.gal\/wp-content\/uploads\/2019\/06\/logo_a_nova_peneira_portal_web.png","width":300,"height":100,"caption":"A Nova Peneira"},"image":{"@id":"https:\/\/www.anovapeneira.gal\/#\/schema\/logo\/image\/"},"sameAs":["https:\/\/www.facebook.com\/anovapeneira","https:\/\/x.com\/APeneira"]},{"@type":"Person","@id":"https:\/\/www.anovapeneira.gal\/#\/schema\/person\/b93e3f8932e3f8da96334607eb6ac6aa","name":"Redacci\u00f3n A Nova Peneira","image":{"@type":"ImageObject","inLanguage":"gl-ES","@id":"https:\/\/secure.gravatar.com\/avatar\/c052a2551a06e23fac63626232eaa90abd78dbcf1700fc46a2b2c89fd27b735f?s=96&d=mm&r=g","url":"https:\/\/secure.gravatar.com\/avatar\/c052a2551a06e23fac63626232eaa90abd78dbcf1700fc46a2b2c89fd27b735f?s=96&d=mm&r=g","contentUrl":"https:\/\/secure.gravatar.com\/avatar\/c052a2551a06e23fac63626232eaa90abd78dbcf1700fc46a2b2c89fd27b735f?s=96&d=mm&r=g","caption":"Redacci\u00f3n A Nova Peneira"},"sameAs":["http:\/\/www.anovapeneira.gal\/"],"url":"https:\/\/www.anovapeneira.gal\/index.php\/author\/redactor\/"}]}},"jetpack_featured_media_url":"https:\/\/www.anovapeneira.gal\/wp-content\/uploads\/2020\/08\/pleno_concello_mondariz_a_nova_peneira.jpg","_links":{"self":[{"href":"https:\/\/www.anovapeneira.gal\/index.php\/wp-json\/wp\/v2\/posts\/3668","targetHints":{"allow":["GET"]}}],"collection":[{"href":"https:\/\/www.anovapeneira.gal\/index.php\/wp-json\/wp\/v2\/posts"}],"about":[{"href":"https:\/\/www.anovapeneira.gal\/index.php\/wp-json\/wp\/v2\/types\/post"}],"author":[{"embeddable":true,"href":"https:\/\/www.anovapeneira.gal\/index.php\/wp-json\/wp\/v2\/users\/3"}],"replies":[{"embeddable":true,"href":"https:\/\/www.anovapeneira.gal\/index.php\/wp-json\/wp\/v2\/comments?post=3668"}],"version-history":[{"count":1,"href":"https:\/\/www.anovapeneira.gal\/index.php\/wp-json\/wp\/v2\/posts\/3668\/revisions"}],"predecessor-version":[{"id":3670,"href":"https:\/\/www.anovapeneira.gal\/index.php\/wp-json\/wp\/v2\/posts\/3668\/revisions\/3670"}],"wp:featuredmedia":[{"embeddable":true,"href":"https:\/\/www.anovapeneira.gal\/index.php\/wp-json\/wp\/v2\/media\/3669"}],"wp:attachment":[{"href":"https:\/\/www.anovapeneira.gal\/index.php\/wp-json\/wp\/v2\/media?parent=3668"}],"wp:term":[{"taxonomy":"category","embeddable":true,"href":"https:\/\/www.anovapeneira.gal\/index.php\/wp-json\/wp\/v2\/categories?post=3668"},{"taxonomy":"post_tag","embeddable":true,"href":"https:\/\/www.anovapeneira.gal\/index.php\/wp-json\/wp\/v2\/tags?post=3668"}],"curies":[{"name":"wp","href":"https:\/\/api.w.org\/{rel}","templated":true}]}}