{"id":3674,"date":"2020-08-07T10:00:24","date_gmt":"2020-08-07T08:00:24","guid":{"rendered":"http:\/\/www.anovapeneira.gal\/?p=3674"},"modified":"2020-08-05T08:30:05","modified_gmt":"2020-08-05T06:30:05","slug":"o-santuario-vacaloura-de-santiago","status":"publish","type":"post","link":"https:\/\/www.anovapeneira.gal\/index.php\/2020\/08\/07\/o-santuario-vacaloura-de-santiago\/","title":{"rendered":"O Santuario Vacaloura de Santiago"},"content":{"rendered":"\n<p><strong>Un santuario \u00e9 un lugar no que os animais son levados a vivir en condici\u00f3ns de dignidade e seguridade suficientes desde que chegan ata que a s\u00faa vida remata. A s\u00faa existencia soe depender dun enorme exercicio de voluntarismo dunhas poucas persoas que deciden dedicar o mellor das s\u00faas vidas a protexer e dignificar as de animais non humanos. Para ocuparse dun santuario animal hai que estar feito dunha pasta especial, pois non \u00e9 nada f\u00e1cil atopar persoas que decidan renunciar a todo, si, a todo, non \u00e9 unha poetizaci\u00f3n da realidade \u00e9 a realidade , para dedicar a s\u00faa vida, o seu esforzo, as s\u00faas ilusi\u00f3ns o seu tempo, ,tanto o do traballo como o de lecer, \u00e1s vidas de outros .Non \u00e9 f\u00e1cil atopar persoas que decidan convivir coa frustraci\u00f3n e a incomprensi\u00f3n, e n\u00f3s tivemos a fortuna de encontrar a d\u00faas; In\u00e9s e Mario. Eles son parella e hai 7 anos fundaron o santuario vacaloura na capital de Galicia. N\u00f3s conversamos con In\u00e9s, vela\u00ed vai o que deu de si a nosa conversa<\/strong><\/p>\n\n\n\n<p><strong>IN\u00c9S TRILLO.<\/strong><\/p>\n\n\n\n<p>\u201c<strong>OS ANIMAIS EXPERIMENTAN DOR, MEDO, FRUSTRACI\u00d3N, TRISTURA SOLIDARIEDADE, AMOR, CURIOSIDADE,ALEGR\u00cdA&#8230;E CALQUERA OUTRA EMOCI\u00d3N QUE TEMOS OS HUMANOS\u201d<\/strong><\/p>\n\n\n\n<p><strong>C\u00f3ntanos sinteticamente a historia do santuario. Cando e como nacestes?<\/strong><\/p>\n\n\n\n<blockquote class=\"wp-block-quote is-layout-flow wp-block-quote-is-layout-flow\"><p>Nacemos no ver\u00e1n do ano 2013. Xa levabamos moito tempo tratando de facer realidade o noso so\u00f1o dun proxecto semellante, e finalmente puidemos concretalo Mario, a mi\u00f1a parella, e eu mesma<\/p><\/blockquote>\n\n\n\n<p><strong>Cal foi o motivo?<\/strong><\/p>\n\n\n\n<blockquote class=\"wp-block-quote is-layout-flow wp-block-quote-is-layout-flow\"><p>Pois por pura e dura necesidade dos animais. N\u00f3s xa levabamos tempo concienciados co benestar animal e implicados en dar o mellor de n\u00f3s para contribu\u00edr a proporcionarllo. Antes de VACALOURA fixeramos voluntariado e distintas colaboraci\u00f3ns con diversos refuxios e asociaci\u00f3ns protectoras de animais. Estas actividades lev\u00e1ronnos a decatarnos das necesidades dos animais m\u00e1is habituais na convivencia dom\u00e9stica coas persoas. Aos poucos Mario e eu fix\u00e9monos veganos e decat\u00e1monos de que hab\u00eda moitos outros animais que tam\u00e9n ti\u00f1an importantes carencias e para os cales non hab\u00eda apenas refuxios. N\u00f3s viviamos nun pequeno baixo con horta e se aparec\u00eda alg\u00fan animal que precisase refuxio acabab\u00e1molo acollendo n\u00f3s<\/p><\/blockquote>\n\n\n\n<p><strong>A\u00ednda convivides con alg\u00fan?&nbsp;<\/strong><\/p>\n\n\n\n<blockquote class=\"wp-block-quote is-layout-flow wp-block-quote-is-layout-flow\"><p>Si, Lu\u00edsa ,unha porca vietnamita que \u00e9 habitante de Vacaloura<\/p><\/blockquote>\n\n\n\n<p><strong>Pero claro, nunha pequena horta en Compostela non poderiades acoller a moitos animais?<\/strong><\/p>\n\n\n\n<blockquote class=\"wp-block-quote is-layout-flow wp-block-quote-is-layout-flow\"><p>Non claro, chegou un momento en que xa non era posible proporcionarlles , no espazo que ti\u00f1amos, unhas condici\u00f3ns \u00f3ptimas<\/p><\/blockquote>\n\n\n\n<p><strong>E a\u00ed naceu Vacaloura?<\/strong><\/p>\n\n\n\n<blockquote class=\"wp-block-quote is-layout-flow wp-block-quote-is-layout-flow\"><p>Al\u00ed demos o grande salto, si.<\/p><\/blockquote>\n\n\n\n<p><strong>Non vos deu medo?<\/strong><\/p>\n\n\n\n<blockquote class=\"wp-block-quote is-layout-flow wp-block-quote-is-layout-flow\"><p>A verdade foi como dar un salto ao vacio, e iso sempre asusta, pero ben, comezamos a acoller a animais de forma regular e a nosa vida xa deu un cambio total<\/p><\/blockquote>\n\n\n\n<p><strong>Onde estades situados exactamente?<\/strong><\/p>\n\n\n\n<blockquote class=\"wp-block-quote is-layout-flow wp-block-quote-is-layout-flow\"><p>Estamos situados en Santiago, desde que comezamos xa tivemos unha mudanza a un terreo m\u00e1is grande e agora queremos mudarnos a un terreo definitivo. Non quero dar a direcci\u00f3n exacta por motivos de seguridade para os animais<\/p><\/blockquote>\n\n\n\n<p><strong>Expl\u00edcame iso?<\/strong><\/p>\n\n\n\n<blockquote class=\"wp-block-quote is-layout-flow wp-block-quote-is-layout-flow\"><p>Temos animais incautados a maltratadores, a xente moi perigosa, e queremos evitar que poidan tomar alg\u00fan tipo de represalia contra eles<\/p><\/blockquote>\n\n\n\n<p><strong>Alucino, tedes constancia de comportamentos tan repugnantes?<\/strong><\/p>\n\n\n\n<blockquote class=\"wp-block-quote is-layout-flow wp-block-quote-is-layout-flow\"><p>E tanto que si, por exemplo nun santuario de f\u00f3ra de Espa\u00f1a descortizaron a un becerro al\u00ed mesmo<\/p><\/blockquote>\n\n\n\n<p><strong>Que barbaridade\u00a1\u00a1<\/strong><\/p>\n\n\n\n<blockquote class=\"wp-block-quote is-layout-flow wp-block-quote-is-layout-flow\"><p>En verdade Tino, que se chegan a ver cousas terribles<\/p><\/blockquote>\n\n\n\n<p><strong>Cando prevedes ter o terreo definitivo?&nbsp;<\/strong><\/p>\n\n\n\n<blockquote class=\"wp-block-quote is-layout-flow wp-block-quote-is-layout-flow\"><p>Non o sabemos. Iniciamos unha campa\u00f1a de captaci\u00f3n de fondos a finais do ano pasado e levamos arredor de 20.000\u20ac, en principio precisariamos sobre 100.000\u20ac. N\u00f3s non quereriamos pasar m\u00e1is dun inverno onde estamos na actualidade. O terreo \u00e9 moi bo pero as instalaci\u00f3ns est\u00e1n moi deterioradas e precisar\u00edan un investimento constante<\/p><\/blockquote>\n\n\n\n<figure class=\"wp-block-image size-large is-style-default\"><img loading=\"lazy\" decoding=\"async\" width=\"720\" height=\"432\" src=\"http:\/\/www.anovapeneira.gal\/wp-content\/uploads\/2020\/08\/santuario_vacaloura_santiago_a_nova_peneira.jpg\" alt=\"\" class=\"wp-image-3677\" srcset=\"https:\/\/www.anovapeneira.gal\/wp-content\/uploads\/2020\/08\/santuario_vacaloura_santiago_a_nova_peneira.jpg 720w, https:\/\/www.anovapeneira.gal\/wp-content\/uploads\/2020\/08\/santuario_vacaloura_santiago_a_nova_peneira-300x180.jpg 300w\" sizes=\"auto, (max-width: 720px) 100vw, 720px\" \/><\/figure>\n\n\n\n<p><strong>Cantas persoas estades no santuario?<\/strong><\/p>\n\n\n\n<blockquote class=\"wp-block-quote is-layout-flow wp-block-quote-is-layout-flow\"><p>Mario e eu. \u00c1s veces no ver\u00e1n temos unha persoa residente, e o que si temos \u00e9 moito apoio de voluntariado que ven a botar unha man no que poden en canto poden.<\/p><\/blockquote>\n\n\n\n<p><strong>Cantas horas diarias son para o santuario?<\/strong><\/p>\n\n\n\n<blockquote class=\"wp-block-quote is-layout-flow wp-block-quote-is-layout-flow\"><p>Un m\u00ednimo de doce horas diarias. \u00c9 un traballo moi duro que implica moit\u00edsimo tempo<\/p><\/blockquote>\n\n\n\n<p><strong>Vivides disto, ou \u00e9 puro e duro voluntarismo?<\/strong><\/p>\n\n\n\n<blockquote class=\"wp-block-quote is-layout-flow wp-block-quote-is-layout-flow\"><p>N\u00f3s cando comezamos, levabamos un ano cunha tenda vegana, a nosa idea era financiar o santuario coa tenda, e os primeiros anos fix\u00e9molo as\u00ed, ata que chegou un momento onde xa ti\u00f1amos tantos animais e precisaban tanta atenci\u00f3n que non nos quedou m\u00e1is remedio, a Mario e a min que facer quendas, e estar medio media cada un ou no santuario ou na tenda, pero isto tam\u00e9n chegou a se imposible e non nos quedou m\u00e1is opci\u00f3n que traspasar a tenda. Estivemos un tempo vivindo dos cartos do traspaso e finalmente abrimos unha marca de roupa \u00e9tica vegana \u201covella negra\u201d. Non cobramos m\u00e1is que o m\u00ednimo para os nosos gastos de subsistencia.<\/p><\/blockquote>\n\n\n\n<p><strong>Cantos habitantes non humanos conviven no santuario?<\/strong><\/p>\n\n\n\n<blockquote class=\"wp-block-quote is-layout-flow wp-block-quote-is-layout-flow\"><p>Preto de 300<\/p><\/blockquote>\n\n\n\n<p><strong>A cada habitante po\u00f1\u00e9deslle un nome humano, por que?<\/strong><\/p>\n\n\n\n<blockquote class=\"wp-block-quote is-layout-flow wp-block-quote-is-layout-flow\"><p>Non exactamente humano. Po\u00f1\u00e9moslle un nome diferente a cada un para nominalizar a s\u00faa individualidade como ser individual que \u00e9<\/p><\/blockquote>\n\n\n\n<p><strong>Aceptades todo tipo de especies?<\/strong><\/p>\n\n\n\n<blockquote class=\"wp-block-quote is-layout-flow wp-block-quote-is-layout-flow\"><p>Non, s\u00f3 aquelas que sabemos que poidamos coidar e para as que temos un espazo axeitado. Agardo que no pr\u00f3ximo refuxio poidamos ter espazos adecuados para acollermos m\u00e1is especies<\/p><\/blockquote>\n\n\n\n<p><strong>Da t\u00faa experiencia no trato cos animais dir\u00edas que en li\u00f1as xerais experimentan as mesmas emoci\u00f3ns que temos os humanos: medo, rabia, incerteza, dor, amor, agradecemento, empat\u00eda, curiosidade&#8230;.?<\/strong><\/p>\n\n\n\n<blockquote class=\"wp-block-quote is-layout-flow wp-block-quote-is-layout-flow\"><p>Si, rotundamente si. N\u00f3s comprob\u00e1molo a diario<\/p><\/blockquote>\n\n\n\n<p><strong>E importa a especie?<\/strong><\/p>\n\n\n\n<blockquote class=\"wp-block-quote is-layout-flow wp-block-quote-is-layout-flow\"><p>Non, non importa. N\u00f3s temos percibido tristeza profunda en animais, cando ven morrer a outros cos que socializaban, alegr\u00eda , cari\u00f1o, petici\u00f3ns de afecto, medo, incerteza, solidariedade<\/p><\/blockquote>\n\n\n\n<p><strong>Non te\u00f1o datos e \u00e9 unha impresi\u00f3n puramente subxectiva, pero eu te\u00f1o a sensaci\u00f3n de que a sensibilidade social cara ao benestar animal vai en aumento. Ti que pensas?<\/strong><\/p>\n\n\n\n<blockquote class=\"wp-block-quote is-layout-flow wp-block-quote-is-layout-flow\"><p>Si, vai en aumento. Malia que a\u00ednda existen moitas contradici\u00f3ns. Agardo que xa sexa por raz\u00f3ns \u00e9ticas xa sexa por raz\u00f3ns de pura necesidade, pois o modo de vida dos humanos leva ao noso planeta \u00e1 destruci\u00f3n, cada vez nos acheguemos m\u00e1is a un mundo vegano<\/p><\/blockquote>\n\n\n\n<p><strong>Ti cres que \u00e9 compatible ser unha persoa sensible e comprometida socialmente, e \u00e1 vez gozar con \u201cespect\u00e1culos\u201d de tortura animal como a tauromaquia ou os circos?<\/strong><\/p>\n\n\n\n<blockquote class=\"wp-block-quote is-layout-flow wp-block-quote-is-layout-flow\"><p>Non, eu creo que non \u00e9 compatible, pero \u00e9 certo que o ser humano est\u00e1 cheo de contradici\u00f3ns hai xente antiracista que amosa comportamentos machistas&#8230;Eu creo que todas as discriminaci\u00f3ns , sexan as que sexan, deben ser combatidas, porque impo\u00f1er os teus par\u00e1metros mentais a quen non os sente as\u00ed, sempre \u00e9 unha inxustiza,<\/p><\/blockquote>\n\n\n\n<p><strong>Que modificaci\u00f3ns legais inmediatas ser\u00edan necesarias, ao teu xu\u00edzo, no que respecta ao benestar animal?<\/strong><\/p>\n\n\n\n<blockquote class=\"wp-block-quote is-layout-flow wp-block-quote-is-layout-flow\"><p>Para n\u00f3s \u00e9 esencial unha lei que acolla a figura do santuario animal, agora mesmo non existe e temos que darnos de alta como \u201cexplotaci\u00f3ns de animais\u201d para poder ter animais de granxa<\/p><\/blockquote>\n\n\n\n<p><strong>Non existe ningunha figura legal que ampare ter animais sen ser para o seu uso?<\/strong><\/p>\n\n\n\n<blockquote class=\"wp-block-quote is-layout-flow wp-block-quote-is-layout-flow\"><p>Non, e xa che digo que para n\u00f3s ser\u00eda esencial que si existise. F\u00edxate, se alg\u00fan dos nosos animais dese positivo nalgunha enfermidade de obrigada declaraci\u00f3n poderiamos ser obrigados a sacrificalo, pero nun circo, ante a mesma enfermidade non ter\u00edan que asasinar ao animal. As modificaci\u00f3ns legais son moi importantes, pero as modificaci\u00f3ns na conciencia colectiva son m\u00e1is importantes. A formaci\u00f3n de polic\u00edas, xu\u00edces e da administraci\u00f3n en xeral sobre o maltrato animal \u00e9 esencial para avanzar en positivo<\/p><\/blockquote>\n\n\n\n<p><strong>Que tal se porta con v\u00f3s o Concello ?<\/strong><\/p>\n\n\n\n<blockquote class=\"wp-block-quote is-layout-flow wp-block-quote-is-layout-flow\"><p>O concello de Santiago, tanto na anterior administraci\u00f3n de Compostela aberta, como na actual do PSOE amosa unha desidia absoluta, non te\u00f1en interese real en axudar aos animais.<\/p><\/blockquote>\n\n\n\n<p><strong>Como vos financiades?<\/strong><\/p>\n\n\n\n<blockquote class=\"wp-block-quote is-layout-flow wp-block-quote-is-layout-flow\"><p>Con moita imaxinaci\u00f3n, de todas as maneiras que se nos ocorra, ata cun 1\u20ac ao mes se nos pode axudar. Temos a opci\u00f3n tam\u00e9n do socio cl\u00e1sico, desde 6\u20ac ao mes. \u00c9 posible amadri\u00f1ar a un animal desde 10\u20ac ao mes. Tam\u00e9n, como che dixen antes temos a marca de roupa ovella negra, de comercio xusto e ecol\u00f3xica. Facemos cosm\u00e9tica natural, recibimos doaz\u00f3ns puntuais&#8230;&#8230;en definitiva con moita imaxinaci\u00f3n<\/p><\/blockquote>\n\n\n\n<p><strong>Se alg\u00fan lector ou lectora quere colaborar economicamente, ou doutra maneira, co santuario, que ter\u00eda que facer?<\/strong><\/p>\n\n\n\n<blockquote class=\"wp-block-quote is-layout-flow wp-block-quote-is-layout-flow\"><p>Entrando na nosa web: santuariovacaloura.org no apartado colabora tedes todas as opci\u00f3ns de colaboraci\u00f3n<\/p><\/blockquote>\n\n\n\n<p><strong>Todas as persoas que estades no santuario sodes veganas?<\/strong><\/p>\n\n\n\n<blockquote class=\"wp-block-quote is-layout-flow wp-block-quote-is-layout-flow\"><p>Mario e eu si. Aceptamos voluntariado que non o sexa .Entendemos que pode ser unha v\u00eda para dar o paso ao veganismo, como xa nos pasou con varias voluntarias. Si que non admitiriamos na direcci\u00f3n do santuario a algu\u00e9n que non fose vegano<\/p><\/blockquote>\n\n\n\n<p><strong>So\u00f1ar cun mundo vegano \u00e9 unha tolemia, ou nun futuro perfecto poder\u00eda ser posible?<\/strong><\/p>\n\n\n\n<blockquote class=\"wp-block-quote is-layout-flow wp-block-quote-is-layout-flow\"><p>Eu tendo a ser positiva, e gustar\u00edame pensar que si que \u00e9 posible. Cada vez hai m\u00e1is persoas concienciadas<\/p><\/blockquote>\n\n\n\n<p><strong>Mario pensa o mesmo?<\/strong><\/p>\n\n\n\n<blockquote class=\"wp-block-quote is-layout-flow wp-block-quote-is-layout-flow\"><p>Eu creo que non comparte a mi\u00f1a opini\u00f3n<\/p><\/blockquote>\n\n\n\n<p><strong>Rematamos agradec\u00e9ndoche a t\u00faa atenci\u00f3n desex\u00e1ndoche sorte, e cunha \u00faltima cuesti\u00f3n: O Santuario Vacaloura \u00e9 para toda a t\u00faa vida?, e para despois tam\u00e9n?<\/strong><\/p>\n\n\n\n<blockquote class=\"wp-block-quote is-layout-flow wp-block-quote-is-layout-flow\"><p>Eu xa non concibo a mi\u00f1a vida sen facer o que fago<\/p><\/blockquote>\n\n\n\n<p><strong>Non debe de ser f\u00e1cil?<\/strong><\/p>\n\n\n\n<blockquote class=\"wp-block-quote is-layout-flow wp-block-quote-is-layout-flow\"><p>Desde logo que non, sup\u00f3n renunciar a practicamente todo o demais, pero como xa che dixen a implicaci\u00f3n emocional \u00e9 tan elevada que a nosa vida xa \u00e9 o santuario. Encantar\u00edame poder chegar \u00e1 situaci\u00f3n de contratar persoal, para que cando Mario e eu xa non poidamos seguir algu\u00e9n garanta o futuro do santuario<\/p><\/blockquote>\n\n\n\n<p><strong>Moitas grazas In\u00e9s e moita sorte. Perm\u00edteme por favor despedirme dedic\u00e1ndovos a Mario e a ti un fermoso proverbio xudeu<\/strong><\/p>\n\n\n\n<p>\u201c<strong>QUEN SALVA UNHA VIDA, SALVA O MUNDO ENTEIRO\u201d<\/strong><\/p>\n","protected":false},"excerpt":{"rendered":"<div class=\"mh-excerpt\"><p>Un santuario \u00e9 un lugar no que os animais son levados a vivir en condici\u00f3ns de dignidade e seguridade suficientes desde que chegan ata que a s\u00faa vida remata. <a class=\"mh-excerpt-more\" href=\"https:\/\/www.anovapeneira.gal\/index.php\/2020\/08\/07\/o-santuario-vacaloura-de-santiago\/\" title=\"O Santuario Vacaloura de Santiago\">[&#8230;]<\/a><\/p>\n<\/div>","protected":false},"author":2,"featured_media":3676,"comment_status":"open","ping_status":"open","sticky":false,"template":"","format":"standard","meta":{"_exactmetrics_skip_tracking":false,"_exactmetrics_sitenote_active":false,"_exactmetrics_sitenote_note":"","_exactmetrics_sitenote_category":0,"footnotes":""},"categories":[589],"tags":[1173,1174],"class_list":{"0":"post-3674","1":"post","2":"type-post","3":"status-publish","4":"format-standard","5":"has-post-thumbnail","7":"category-reportaxe_galicia","8":"tag-concello-de-santiago-de-compostela","9":"tag-santuario-vacaloura"},"yoast_head":"<!-- This site is optimized with the Yoast SEO plugin v27.4 - https:\/\/yoast.com\/product\/yoast-seo-wordpress\/ -->\n<title>O Santuario Vacaloura de Santiago -<\/title>\n<meta name=\"robots\" content=\"index, follow, max-snippet:-1, max-image-preview:large, max-video-preview:-1\" \/>\n<link rel=\"canonical\" href=\"https:\/\/www.anovapeneira.gal\/index.php\/2020\/08\/07\/o-santuario-vacaloura-de-santiago\/\" \/>\n<meta property=\"og:locale\" content=\"gl_ES\" \/>\n<meta property=\"og:type\" content=\"article\" \/>\n<meta property=\"og:title\" content=\"O Santuario Vacaloura de Santiago -\" \/>\n<meta property=\"og:description\" content=\"Un santuario \u00e9 un lugar no que os animais son levados a vivir en condici\u00f3ns de dignidade e seguridade suficientes desde que chegan ata que a s\u00faa vida remata. [...]\" \/>\n<meta property=\"og:url\" content=\"https:\/\/www.anovapeneira.gal\/index.php\/2020\/08\/07\/o-santuario-vacaloura-de-santiago\/\" \/>\n<meta property=\"article:publisher\" content=\"https:\/\/www.facebook.com\/anovapeneira\" \/>\n<meta property=\"article:published_time\" content=\"2020-08-07T08:00:24+00:00\" \/>\n<meta property=\"og:image\" content=\"https:\/\/www.anovapeneira.gal\/wp-content\/uploads\/2020\/08\/santuario_vacaloura_santiago_a_nova_peneira_1.jpg\" \/>\n\t<meta property=\"og:image:width\" content=\"720\" \/>\n\t<meta property=\"og:image:height\" content=\"432\" \/>\n\t<meta property=\"og:image:type\" content=\"image\/jpeg\" \/>\n<meta name=\"author\" content=\"Tino Lago\" \/>\n<meta name=\"twitter:card\" content=\"summary_large_image\" \/>\n<meta name=\"twitter:creator\" content=\"@APeneira\" \/>\n<meta name=\"twitter:site\" content=\"@APeneira\" \/>\n<meta name=\"twitter:label1\" content=\"Escrito por\" \/>\n\t<meta name=\"twitter:data1\" content=\"Tino Lago\" \/>\n\t<meta name=\"twitter:label2\" content=\"Tempo de lectura\" \/>\n\t<meta name=\"twitter:data2\" content=\"9 minutos\" \/>\n<script type=\"application\/ld+json\" class=\"yoast-schema-graph\">{\"@context\":\"https:\\\/\\\/schema.org\",\"@graph\":[{\"@type\":\"Article\",\"@id\":\"https:\\\/\\\/www.anovapeneira.gal\\\/index.php\\\/2020\\\/08\\\/07\\\/o-santuario-vacaloura-de-santiago\\\/#article\",\"isPartOf\":{\"@id\":\"https:\\\/\\\/www.anovapeneira.gal\\\/index.php\\\/2020\\\/08\\\/07\\\/o-santuario-vacaloura-de-santiago\\\/\"},\"author\":{\"name\":\"Tino Lago\",\"@id\":\"https:\\\/\\\/www.anovapeneira.gal\\\/#\\\/schema\\\/person\\\/424dfe65e3070fd8a44d22d2c088762a\"},\"headline\":\"O Santuario Vacaloura de Santiago\",\"datePublished\":\"2020-08-07T08:00:24+00:00\",\"mainEntityOfPage\":{\"@id\":\"https:\\\/\\\/www.anovapeneira.gal\\\/index.php\\\/2020\\\/08\\\/07\\\/o-santuario-vacaloura-de-santiago\\\/\"},\"wordCount\":1713,\"commentCount\":0,\"publisher\":{\"@id\":\"https:\\\/\\\/www.anovapeneira.gal\\\/#organization\"},\"image\":{\"@id\":\"https:\\\/\\\/www.anovapeneira.gal\\\/index.php\\\/2020\\\/08\\\/07\\\/o-santuario-vacaloura-de-santiago\\\/#primaryimage\"},\"thumbnailUrl\":\"https:\\\/\\\/www.anovapeneira.gal\\\/wp-content\\\/uploads\\\/2020\\\/08\\\/santuario_vacaloura_santiago_a_nova_peneira_1.jpg\",\"keywords\":[\"Concello de Santiago de Compostela\",\"Santuario Vacaloura\"],\"articleSection\":[\"Reportaxes\"],\"inLanguage\":\"gl-ES\",\"potentialAction\":[{\"@type\":\"CommentAction\",\"name\":\"Comment\",\"target\":[\"https:\\\/\\\/www.anovapeneira.gal\\\/index.php\\\/2020\\\/08\\\/07\\\/o-santuario-vacaloura-de-santiago\\\/#respond\"]}]},{\"@type\":\"WebPage\",\"@id\":\"https:\\\/\\\/www.anovapeneira.gal\\\/index.php\\\/2020\\\/08\\\/07\\\/o-santuario-vacaloura-de-santiago\\\/\",\"url\":\"https:\\\/\\\/www.anovapeneira.gal\\\/index.php\\\/2020\\\/08\\\/07\\\/o-santuario-vacaloura-de-santiago\\\/\",\"name\":\"O Santuario Vacaloura de Santiago -\",\"isPartOf\":{\"@id\":\"https:\\\/\\\/www.anovapeneira.gal\\\/#website\"},\"primaryImageOfPage\":{\"@id\":\"https:\\\/\\\/www.anovapeneira.gal\\\/index.php\\\/2020\\\/08\\\/07\\\/o-santuario-vacaloura-de-santiago\\\/#primaryimage\"},\"image\":{\"@id\":\"https:\\\/\\\/www.anovapeneira.gal\\\/index.php\\\/2020\\\/08\\\/07\\\/o-santuario-vacaloura-de-santiago\\\/#primaryimage\"},\"thumbnailUrl\":\"https:\\\/\\\/www.anovapeneira.gal\\\/wp-content\\\/uploads\\\/2020\\\/08\\\/santuario_vacaloura_santiago_a_nova_peneira_1.jpg\",\"datePublished\":\"2020-08-07T08:00:24+00:00\",\"breadcrumb\":{\"@id\":\"https:\\\/\\\/www.anovapeneira.gal\\\/index.php\\\/2020\\\/08\\\/07\\\/o-santuario-vacaloura-de-santiago\\\/#breadcrumb\"},\"inLanguage\":\"gl-ES\",\"potentialAction\":[{\"@type\":\"ReadAction\",\"target\":[\"https:\\\/\\\/www.anovapeneira.gal\\\/index.php\\\/2020\\\/08\\\/07\\\/o-santuario-vacaloura-de-santiago\\\/\"]}]},{\"@type\":\"ImageObject\",\"inLanguage\":\"gl-ES\",\"@id\":\"https:\\\/\\\/www.anovapeneira.gal\\\/index.php\\\/2020\\\/08\\\/07\\\/o-santuario-vacaloura-de-santiago\\\/#primaryimage\",\"url\":\"https:\\\/\\\/www.anovapeneira.gal\\\/wp-content\\\/uploads\\\/2020\\\/08\\\/santuario_vacaloura_santiago_a_nova_peneira_1.jpg\",\"contentUrl\":\"https:\\\/\\\/www.anovapeneira.gal\\\/wp-content\\\/uploads\\\/2020\\\/08\\\/santuario_vacaloura_santiago_a_nova_peneira_1.jpg\",\"width\":720,\"height\":432,\"caption\":\"Santuario Vacaloura Santiago A Nova Peneira\"},{\"@type\":\"BreadcrumbList\",\"@id\":\"https:\\\/\\\/www.anovapeneira.gal\\\/index.php\\\/2020\\\/08\\\/07\\\/o-santuario-vacaloura-de-santiago\\\/#breadcrumb\",\"itemListElement\":[{\"@type\":\"ListItem\",\"position\":1,\"name\":\"Portada\",\"item\":\"https:\\\/\\\/www.anovapeneira.gal\\\/\"},{\"@type\":\"ListItem\",\"position\":2,\"name\":\"O Santuario Vacaloura de Santiago\"}]},{\"@type\":\"WebSite\",\"@id\":\"https:\\\/\\\/www.anovapeneira.gal\\\/#website\",\"url\":\"https:\\\/\\\/www.anovapeneira.gal\\\/\",\"name\":\"\",\"description\":\"Xornal galego de informaci\u00f3n xeral Publicaci\u00f3n mensual de novas de Galicia e en especial dos Concellos da sur da provincia de Pontevedra.\",\"publisher\":{\"@id\":\"https:\\\/\\\/www.anovapeneira.gal\\\/#organization\"},\"potentialAction\":[{\"@type\":\"SearchAction\",\"target\":{\"@type\":\"EntryPoint\",\"urlTemplate\":\"https:\\\/\\\/www.anovapeneira.gal\\\/?s={search_term_string}\"},\"query-input\":{\"@type\":\"PropertyValueSpecification\",\"valueRequired\":true,\"valueName\":\"search_term_string\"}}],\"inLanguage\":\"gl-ES\"},{\"@type\":\"Organization\",\"@id\":\"https:\\\/\\\/www.anovapeneira.gal\\\/#organization\",\"name\":\"A Nova Peneira\",\"url\":\"https:\\\/\\\/www.anovapeneira.gal\\\/\",\"logo\":{\"@type\":\"ImageObject\",\"inLanguage\":\"gl-ES\",\"@id\":\"https:\\\/\\\/www.anovapeneira.gal\\\/#\\\/schema\\\/logo\\\/image\\\/\",\"url\":\"http:\\\/\\\/www.anovapeneira.gal\\\/wp-content\\\/uploads\\\/2019\\\/06\\\/logo_a_nova_peneira_portal_web.png\",\"contentUrl\":\"http:\\\/\\\/www.anovapeneira.gal\\\/wp-content\\\/uploads\\\/2019\\\/06\\\/logo_a_nova_peneira_portal_web.png\",\"width\":300,\"height\":100,\"caption\":\"A Nova Peneira\"},\"image\":{\"@id\":\"https:\\\/\\\/www.anovapeneira.gal\\\/#\\\/schema\\\/logo\\\/image\\\/\"},\"sameAs\":[\"https:\\\/\\\/www.facebook.com\\\/anovapeneira\",\"https:\\\/\\\/x.com\\\/APeneira\"]},{\"@type\":\"Person\",\"@id\":\"https:\\\/\\\/www.anovapeneira.gal\\\/#\\\/schema\\\/person\\\/424dfe65e3070fd8a44d22d2c088762a\",\"name\":\"Tino Lago\",\"image\":{\"@type\":\"ImageObject\",\"inLanguage\":\"gl-ES\",\"@id\":\"https:\\\/\\\/secure.gravatar.com\\\/avatar\\\/b3df6a06e44bab3111583b90f0f33a0379ee5e3d22cbadd232d39f21c30c62be?s=96&d=mm&r=g\",\"url\":\"https:\\\/\\\/secure.gravatar.com\\\/avatar\\\/b3df6a06e44bab3111583b90f0f33a0379ee5e3d22cbadd232d39f21c30c62be?s=96&d=mm&r=g\",\"contentUrl\":\"https:\\\/\\\/secure.gravatar.com\\\/avatar\\\/b3df6a06e44bab3111583b90f0f33a0379ee5e3d22cbadd232d39f21c30c62be?s=96&d=mm&r=g\",\"caption\":\"Tino Lago\"},\"sameAs\":[\"http:\\\/\\\/www.anovapeneira.gal\"],\"url\":\"https:\\\/\\\/www.anovapeneira.gal\\\/index.php\\\/author\\\/director\\\/\"}]}<\/script>\n<!-- \/ Yoast SEO plugin. -->","yoast_head_json":{"title":"O Santuario Vacaloura de Santiago -","robots":{"index":"index","follow":"follow","max-snippet":"max-snippet:-1","max-image-preview":"max-image-preview:large","max-video-preview":"max-video-preview:-1"},"canonical":"https:\/\/www.anovapeneira.gal\/index.php\/2020\/08\/07\/o-santuario-vacaloura-de-santiago\/","og_locale":"gl_ES","og_type":"article","og_title":"O Santuario Vacaloura de Santiago -","og_description":"Un santuario \u00e9 un lugar no que os animais son levados a vivir en condici\u00f3ns de dignidade e seguridade suficientes desde que chegan ata que a s\u00faa vida remata. [...]","og_url":"https:\/\/www.anovapeneira.gal\/index.php\/2020\/08\/07\/o-santuario-vacaloura-de-santiago\/","article_publisher":"https:\/\/www.facebook.com\/anovapeneira","article_published_time":"2020-08-07T08:00:24+00:00","og_image":[{"width":720,"height":432,"url":"https:\/\/www.anovapeneira.gal\/wp-content\/uploads\/2020\/08\/santuario_vacaloura_santiago_a_nova_peneira_1.jpg","type":"image\/jpeg"}],"author":"Tino Lago","twitter_card":"summary_large_image","twitter_creator":"@APeneira","twitter_site":"@APeneira","twitter_misc":{"Escrito por":"Tino Lago","Tempo de lectura":"9 minutos"},"schema":{"@context":"https:\/\/schema.org","@graph":[{"@type":"Article","@id":"https:\/\/www.anovapeneira.gal\/index.php\/2020\/08\/07\/o-santuario-vacaloura-de-santiago\/#article","isPartOf":{"@id":"https:\/\/www.anovapeneira.gal\/index.php\/2020\/08\/07\/o-santuario-vacaloura-de-santiago\/"},"author":{"name":"Tino Lago","@id":"https:\/\/www.anovapeneira.gal\/#\/schema\/person\/424dfe65e3070fd8a44d22d2c088762a"},"headline":"O Santuario Vacaloura de Santiago","datePublished":"2020-08-07T08:00:24+00:00","mainEntityOfPage":{"@id":"https:\/\/www.anovapeneira.gal\/index.php\/2020\/08\/07\/o-santuario-vacaloura-de-santiago\/"},"wordCount":1713,"commentCount":0,"publisher":{"@id":"https:\/\/www.anovapeneira.gal\/#organization"},"image":{"@id":"https:\/\/www.anovapeneira.gal\/index.php\/2020\/08\/07\/o-santuario-vacaloura-de-santiago\/#primaryimage"},"thumbnailUrl":"https:\/\/www.anovapeneira.gal\/wp-content\/uploads\/2020\/08\/santuario_vacaloura_santiago_a_nova_peneira_1.jpg","keywords":["Concello de Santiago de Compostela","Santuario Vacaloura"],"articleSection":["Reportaxes"],"inLanguage":"gl-ES","potentialAction":[{"@type":"CommentAction","name":"Comment","target":["https:\/\/www.anovapeneira.gal\/index.php\/2020\/08\/07\/o-santuario-vacaloura-de-santiago\/#respond"]}]},{"@type":"WebPage","@id":"https:\/\/www.anovapeneira.gal\/index.php\/2020\/08\/07\/o-santuario-vacaloura-de-santiago\/","url":"https:\/\/www.anovapeneira.gal\/index.php\/2020\/08\/07\/o-santuario-vacaloura-de-santiago\/","name":"O Santuario Vacaloura de Santiago -","isPartOf":{"@id":"https:\/\/www.anovapeneira.gal\/#website"},"primaryImageOfPage":{"@id":"https:\/\/www.anovapeneira.gal\/index.php\/2020\/08\/07\/o-santuario-vacaloura-de-santiago\/#primaryimage"},"image":{"@id":"https:\/\/www.anovapeneira.gal\/index.php\/2020\/08\/07\/o-santuario-vacaloura-de-santiago\/#primaryimage"},"thumbnailUrl":"https:\/\/www.anovapeneira.gal\/wp-content\/uploads\/2020\/08\/santuario_vacaloura_santiago_a_nova_peneira_1.jpg","datePublished":"2020-08-07T08:00:24+00:00","breadcrumb":{"@id":"https:\/\/www.anovapeneira.gal\/index.php\/2020\/08\/07\/o-santuario-vacaloura-de-santiago\/#breadcrumb"},"inLanguage":"gl-ES","potentialAction":[{"@type":"ReadAction","target":["https:\/\/www.anovapeneira.gal\/index.php\/2020\/08\/07\/o-santuario-vacaloura-de-santiago\/"]}]},{"@type":"ImageObject","inLanguage":"gl-ES","@id":"https:\/\/www.anovapeneira.gal\/index.php\/2020\/08\/07\/o-santuario-vacaloura-de-santiago\/#primaryimage","url":"https:\/\/www.anovapeneira.gal\/wp-content\/uploads\/2020\/08\/santuario_vacaloura_santiago_a_nova_peneira_1.jpg","contentUrl":"https:\/\/www.anovapeneira.gal\/wp-content\/uploads\/2020\/08\/santuario_vacaloura_santiago_a_nova_peneira_1.jpg","width":720,"height":432,"caption":"Santuario Vacaloura Santiago A Nova Peneira"},{"@type":"BreadcrumbList","@id":"https:\/\/www.anovapeneira.gal\/index.php\/2020\/08\/07\/o-santuario-vacaloura-de-santiago\/#breadcrumb","itemListElement":[{"@type":"ListItem","position":1,"name":"Portada","item":"https:\/\/www.anovapeneira.gal\/"},{"@type":"ListItem","position":2,"name":"O Santuario Vacaloura de Santiago"}]},{"@type":"WebSite","@id":"https:\/\/www.anovapeneira.gal\/#website","url":"https:\/\/www.anovapeneira.gal\/","name":"","description":"Xornal galego de informaci\u00f3n xeral Publicaci\u00f3n mensual de novas de Galicia e en especial dos Concellos da sur da provincia de Pontevedra.","publisher":{"@id":"https:\/\/www.anovapeneira.gal\/#organization"},"potentialAction":[{"@type":"SearchAction","target":{"@type":"EntryPoint","urlTemplate":"https:\/\/www.anovapeneira.gal\/?s={search_term_string}"},"query-input":{"@type":"PropertyValueSpecification","valueRequired":true,"valueName":"search_term_string"}}],"inLanguage":"gl-ES"},{"@type":"Organization","@id":"https:\/\/www.anovapeneira.gal\/#organization","name":"A Nova Peneira","url":"https:\/\/www.anovapeneira.gal\/","logo":{"@type":"ImageObject","inLanguage":"gl-ES","@id":"https:\/\/www.anovapeneira.gal\/#\/schema\/logo\/image\/","url":"http:\/\/www.anovapeneira.gal\/wp-content\/uploads\/2019\/06\/logo_a_nova_peneira_portal_web.png","contentUrl":"http:\/\/www.anovapeneira.gal\/wp-content\/uploads\/2019\/06\/logo_a_nova_peneira_portal_web.png","width":300,"height":100,"caption":"A Nova Peneira"},"image":{"@id":"https:\/\/www.anovapeneira.gal\/#\/schema\/logo\/image\/"},"sameAs":["https:\/\/www.facebook.com\/anovapeneira","https:\/\/x.com\/APeneira"]},{"@type":"Person","@id":"https:\/\/www.anovapeneira.gal\/#\/schema\/person\/424dfe65e3070fd8a44d22d2c088762a","name":"Tino Lago","image":{"@type":"ImageObject","inLanguage":"gl-ES","@id":"https:\/\/secure.gravatar.com\/avatar\/b3df6a06e44bab3111583b90f0f33a0379ee5e3d22cbadd232d39f21c30c62be?s=96&d=mm&r=g","url":"https:\/\/secure.gravatar.com\/avatar\/b3df6a06e44bab3111583b90f0f33a0379ee5e3d22cbadd232d39f21c30c62be?s=96&d=mm&r=g","contentUrl":"https:\/\/secure.gravatar.com\/avatar\/b3df6a06e44bab3111583b90f0f33a0379ee5e3d22cbadd232d39f21c30c62be?s=96&d=mm&r=g","caption":"Tino Lago"},"sameAs":["http:\/\/www.anovapeneira.gal"],"url":"https:\/\/www.anovapeneira.gal\/index.php\/author\/director\/"}]}},"jetpack_featured_media_url":"https:\/\/www.anovapeneira.gal\/wp-content\/uploads\/2020\/08\/santuario_vacaloura_santiago_a_nova_peneira_1.jpg","_links":{"self":[{"href":"https:\/\/www.anovapeneira.gal\/index.php\/wp-json\/wp\/v2\/posts\/3674","targetHints":{"allow":["GET"]}}],"collection":[{"href":"https:\/\/www.anovapeneira.gal\/index.php\/wp-json\/wp\/v2\/posts"}],"about":[{"href":"https:\/\/www.anovapeneira.gal\/index.php\/wp-json\/wp\/v2\/types\/post"}],"author":[{"embeddable":true,"href":"https:\/\/www.anovapeneira.gal\/index.php\/wp-json\/wp\/v2\/users\/2"}],"replies":[{"embeddable":true,"href":"https:\/\/www.anovapeneira.gal\/index.php\/wp-json\/wp\/v2\/comments?post=3674"}],"version-history":[{"count":2,"href":"https:\/\/www.anovapeneira.gal\/index.php\/wp-json\/wp\/v2\/posts\/3674\/revisions"}],"predecessor-version":[{"id":3678,"href":"https:\/\/www.anovapeneira.gal\/index.php\/wp-json\/wp\/v2\/posts\/3674\/revisions\/3678"}],"wp:featuredmedia":[{"embeddable":true,"href":"https:\/\/www.anovapeneira.gal\/index.php\/wp-json\/wp\/v2\/media\/3676"}],"wp:attachment":[{"href":"https:\/\/www.anovapeneira.gal\/index.php\/wp-json\/wp\/v2\/media?parent=3674"}],"wp:term":[{"taxonomy":"category","embeddable":true,"href":"https:\/\/www.anovapeneira.gal\/index.php\/wp-json\/wp\/v2\/categories?post=3674"},{"taxonomy":"post_tag","embeddable":true,"href":"https:\/\/www.anovapeneira.gal\/index.php\/wp-json\/wp\/v2\/tags?post=3674"}],"curies":[{"name":"wp","href":"https:\/\/api.w.org\/{rel}","templated":true}]}}