{"id":3680,"date":"2020-08-07T12:00:13","date_gmt":"2020-08-07T10:00:13","guid":{"rendered":"http:\/\/www.anovapeneira.gal\/?p=3680"},"modified":"2020-08-06T18:13:31","modified_gmt":"2020-08-06T16:13:31","slug":"o-derradeiro-brindo-do-ribeira","status":"publish","type":"post","link":"https:\/\/www.anovapeneira.gal\/index.php\/2020\/08\/07\/o-derradeiro-brindo-do-ribeira\/","title":{"rendered":"O derradeiro brindo do Ribeira"},"content":{"rendered":"\n<figure class=\"wp-block-image size-large is-resized is-style-default\"><img loading=\"lazy\" decoding=\"async\" src=\"http:\/\/www.anovapeneira.gal\/wp-content\/uploads\/2020\/05\/kike_estevez_avatar_a_nova_peneira.jpg\" alt=\"Kike Estevez Artigo de opini\u00f3n A Nova Peneira\" class=\"wp-image-3062\" width=\"95\" height=\"111\"\/><figcaption>Kike Est\u00e9vez<\/figcaption><\/figure>\n\n\n\n<p><em><strong>A min ch\u00e1mancheme Antonio<\/strong>.<\/em> As\u00ed te presentabas ante o teu p\u00fablico. Sempre con esa facilidade verbal, con esa sinxeleza e sabedor\u00eda que che daba a experiencia de tantas veladas improvisando versos, armado co teu chapeu e co teu eterno sorriso.\u00a0<em><strong>Eu nac\u00edn en Louzarela<\/strong>;<\/em>lugar perdido e agachado entre monta\u00f1as, baixo a ollada, como dic\u00eda Novoneyra, dos tesos cumes do Courel e dos Ancares. Louzarela, aldea gala, basti\u00f3n galaico da resistencia da nosa tradici\u00f3n oral, sempre ser\u00e1 recordada grazas a ti, o \u201cBrindeiro Maior da Serra\u201d, o \u201cBrindador da dentro\u201d.<em><strong>Cuando era eu chiquit\u00edn<\/strong>;<\/em>si, daquela foi cando aprendiches o oficio de brindar, con apenas 10 anos, do que non te separar\u00edas ata o derradeiro d\u00eda. Era outra \u00e9poca. Guerra Civil. A morte dos teus pais. Tempos duros dos que hab\u00eda que sa\u00edr coa testa alta e facendo comunidade da mellor maneira.<em><strong>Uns brindaban desde f\u00f3ra e outros desde a ventana<\/strong>;<\/em>aquelas vodas monta\u00f1esas eran parte da vida courel\u00e1 e ancaresa, unha especie de rito onde se produc\u00eda algo m\u00e1xico: reclamo de participaci\u00f3n, cr\u00edticas asumidas, alivio das tensi\u00f3ns, divertimento e \u00e9xtase comunitario.<em><strong>Esto non o fai calquera<\/strong>;<\/em>non era un traballo f\u00e1cil: sa\u00edr da casa ataviado para a voda sen estar convidado, percorrer pistas e corredoiras para chegar ao lugar da celebraci\u00f3n. Vinte ou trinta quil\u00f3metros. Chegar, cantarlle aos noivos, aos padri\u00f1os e a toda a comitiva da voda. Divertir a xente, ser respectuoso cos teus rivais e botar horas improvisando coplas ata a madrugada ou ata o d\u00eda seguinte.<em><strong>Apr\u00e9ndolles a brindar<\/strong>;\u00a0<\/em>as\u00ed lle dixeches a Carlos N\u00fa\u00f1ez no disco del en que participaches. Non foi no \u00fanico: tam\u00e9n naquela \u201cRapsodia de aires populares\u201d de honra aos daquela pr\u00edncipes do Estado. Que orgulloso quedaches desa. Ou cando fuches a Su\u00edza: Centro Galego, Laussane, tratamento de xeneral. Foron moitas e moi boas. Non as esqueceremos.\u00a0<em><strong>Ai! estate calado ho<\/strong>;\u00a0<\/em>as\u00ed lle dic\u00edas a Calvi\u00f1o de Tallo naquela disputa entre regueifa e brindo no 1\u00ba Certame de Regueifas disputado en Vigo e na Coru\u00f1a. Xuntanza irrepetible entre as d\u00faas tradici\u00f3ns. Sei que non che gustou. Retorc\u00edas os foci\u00f1os cando cho recordaba. Pero foi hist\u00f3rico. Aquelas batallas verbais con Antonio de Xornes, Guillermo da Rabadeira, O Atrevido de Grixoa e co gran Calvi\u00f1o de Tallo quedar\u00e1n gravadas na memoria das persoas que as presenciaron en directo e na de todas as que tivemos ocasi\u00f3n de escoitar as gravaci\u00f3ns. Brindo e regueifa, auga e aceite. O\u00a0<em>ying<\/em>e o\u00a0<em>yang<\/em>do repente galaico. Marabilla oral improvisada.\u00a0<em><strong>Nadie me parou os p\u00e9s<\/strong>;\u00a0<\/em>nin uns nin outros puideron contigo. Nin a vella nin a nova xeraci\u00f3n. Hai quen di que os regueifeiros de Berganti\u00f1os che deron unha boa malleira aquelas d\u00faas xornadas hai vinte e cinco anos. Non foi as\u00ed. Soubeches contestar, \u00e1 t\u00faa maneira. M\u00e1is suave, m\u00e1is doce, m\u00e1is nobre. Oralidade sublimada ao extremo. Versificador supremo.\u00a0<em><strong>Xa pasou a primavera;\u00a0<\/strong><\/em>al\u00f3 foi a primavera do brindo. Os paxaros brindadores xa non cantan nas vodas, o seu rechouch\u00edo en coplas redondas non se escoita desde hai moito tempo. As flores das brindeiras e das lo\u00edstas xa murcharon onde vai. Pero ti fuches a pr\u00f3rroga. Ese tempo a maiores co que ningu\u00e9n conta. Grazas ao cura Don Xes\u00fas ou ao gaiteiro Foxo, trasladaches esta arte dende os teus d\u00edas ata os nosos. Sobrevivente, deix\u00e1chesnos o teu legado e o da t\u00faa xeraci\u00f3n.\u00a0<em><strong>Loh voun dar a despedida;\u00a0<\/strong><\/em>como despedirse cando non saen as palabras?Nunca saberemos agradecerche todo o que nos aprendiches. Marchaches sen facer ru\u00eddo e desped\u00edndote dos teus e das t\u00faas. Como se do teu derradeiro brindo se tratase, fuches xenio e figura ata a fin. Grazas, mestre. Estra\u00f1ar\u00e9moste. Botar\u00e9moste moito en falta. Boa viaxe e que a terra che sexa leve, Antonio R\u00edo Montero, O Ribeira de Louzarela, brindador da dentro:<\/p>\n\n\n\n<p><em><strong>Eu pensein que estaba solo<\/strong><\/em><\/p>\n\n\n\n<p><em><strong>Pero estoun acompanado<\/strong><\/em><\/p>\n\n\n\n<p><em><strong>Doulle-las gracias a todos<\/strong><\/em><\/p>\n\n\n\n<p><em><strong>Pola atencion que han prestado<\/strong><\/em><\/p>\n\n\n\n<p><em><strong>Antonio R\u00edo Montero, O Ribeira de Louzarela&nbsp;<\/strong><\/em><strong>(Louzarela, 1987)<\/strong><\/p>\n","protected":false},"excerpt":{"rendered":"<div class=\"mh-excerpt\"><p>A min ch\u00e1mancheme Antonio. As\u00ed te presentabas ante o teu p\u00fablico. Sempre con esa facilidade verbal, con esa sinxeleza e sabedor\u00eda que che daba a experiencia de tantas veladas improvisando versos, armado co teu chapeu e co teu eterno sorriso <a class=\"mh-excerpt-more\" href=\"https:\/\/www.anovapeneira.gal\/index.php\/2020\/08\/07\/o-derradeiro-brindo-do-ribeira\/\" title=\"O derradeiro brindo do Ribeira\">[&#8230;]<\/a><\/p>\n<\/div>","protected":false},"author":25,"featured_media":3681,"comment_status":"open","ping_status":"open","sticky":false,"template":"","format":"standard","meta":{"_exactmetrics_skip_tracking":false,"_exactmetrics_sitenote_active":false,"_exactmetrics_sitenote_note":"","_exactmetrics_sitenote_category":0,"footnotes":""},"categories":[7],"tags":[1175,707],"class_list":{"0":"post-3680","1":"post","2":"type-post","3":"status-publish","4":"format-standard","5":"has-post-thumbnail","7":"category-artigos-de-opinion","8":"tag-antonio-rio-montero","9":"tag-kike-estevez"},"yoast_head":"<!-- This site is optimized with the Yoast SEO plugin v27.4 - https:\/\/yoast.com\/product\/yoast-seo-wordpress\/ -->\n<title>O derradeiro brindo do Ribeira -<\/title>\n<meta name=\"robots\" content=\"index, follow, max-snippet:-1, max-image-preview:large, max-video-preview:-1\" \/>\n<link rel=\"canonical\" href=\"https:\/\/www.anovapeneira.gal\/index.php\/2020\/08\/07\/o-derradeiro-brindo-do-ribeira\/\" \/>\n<meta property=\"og:locale\" content=\"gl_ES\" \/>\n<meta property=\"og:type\" content=\"article\" \/>\n<meta property=\"og:title\" content=\"O derradeiro brindo do Ribeira -\" \/>\n<meta property=\"og:description\" content=\"A min ch\u00e1mancheme Antonio. As\u00ed te presentabas ante o teu p\u00fablico. Sempre con esa facilidade verbal, con esa sinxeleza e sabedor\u00eda que che daba a experiencia de tantas veladas improvisando versos, armado co teu chapeu e co teu eterno sorriso [...]\" \/>\n<meta property=\"og:url\" content=\"https:\/\/www.anovapeneira.gal\/index.php\/2020\/08\/07\/o-derradeiro-brindo-do-ribeira\/\" \/>\n<meta property=\"article:publisher\" content=\"https:\/\/www.facebook.com\/anovapeneira\" \/>\n<meta property=\"article:published_time\" content=\"2020-08-07T10:00:13+00:00\" \/>\n<meta property=\"og:image\" content=\"https:\/\/www.anovapeneira.gal\/wp-content\/uploads\/2020\/08\/o_derradeiro_brindo_do_ribeira_a_nova_peneira.jpg\" \/>\n\t<meta property=\"og:image:width\" content=\"720\" \/>\n\t<meta property=\"og:image:height\" content=\"432\" \/>\n\t<meta property=\"og:image:type\" content=\"image\/jpeg\" \/>\n<meta name=\"author\" content=\"Kike Est\u00e9vez\" \/>\n<meta name=\"twitter:card\" content=\"summary_large_image\" \/>\n<meta name=\"twitter:creator\" content=\"@APeneira\" \/>\n<meta name=\"twitter:site\" content=\"@APeneira\" \/>\n<meta name=\"twitter:label1\" content=\"Escrito por\" \/>\n\t<meta name=\"twitter:data1\" content=\"Kike Est\u00e9vez\" \/>\n\t<meta name=\"twitter:label2\" content=\"Tempo de lectura\" \/>\n\t<meta name=\"twitter:data2\" content=\"4 minutos\" \/>\n<script type=\"application\/ld+json\" class=\"yoast-schema-graph\">{\"@context\":\"https:\\\/\\\/schema.org\",\"@graph\":[{\"@type\":\"Article\",\"@id\":\"https:\\\/\\\/www.anovapeneira.gal\\\/index.php\\\/2020\\\/08\\\/07\\\/o-derradeiro-brindo-do-ribeira\\\/#article\",\"isPartOf\":{\"@id\":\"https:\\\/\\\/www.anovapeneira.gal\\\/index.php\\\/2020\\\/08\\\/07\\\/o-derradeiro-brindo-do-ribeira\\\/\"},\"author\":{\"name\":\"Kike Est\u00e9vez\",\"@id\":\"https:\\\/\\\/www.anovapeneira.gal\\\/#\\\/schema\\\/person\\\/a63aaacbeda0b255d5b7200cb817bcfb\"},\"headline\":\"O derradeiro brindo do Ribeira\",\"datePublished\":\"2020-08-07T10:00:13+00:00\",\"mainEntityOfPage\":{\"@id\":\"https:\\\/\\\/www.anovapeneira.gal\\\/index.php\\\/2020\\\/08\\\/07\\\/o-derradeiro-brindo-do-ribeira\\\/\"},\"wordCount\":725,\"commentCount\":0,\"publisher\":{\"@id\":\"https:\\\/\\\/www.anovapeneira.gal\\\/#organization\"},\"image\":{\"@id\":\"https:\\\/\\\/www.anovapeneira.gal\\\/index.php\\\/2020\\\/08\\\/07\\\/o-derradeiro-brindo-do-ribeira\\\/#primaryimage\"},\"thumbnailUrl\":\"https:\\\/\\\/www.anovapeneira.gal\\\/wp-content\\\/uploads\\\/2020\\\/08\\\/o_derradeiro_brindo_do_ribeira_a_nova_peneira.jpg\",\"keywords\":[\"Antonio R\u00edo Montero\",\"Kike Est\u00e9vez\"],\"articleSection\":[\"Artigos de opini\u00f3n\"],\"inLanguage\":\"gl-ES\",\"potentialAction\":[{\"@type\":\"CommentAction\",\"name\":\"Comment\",\"target\":[\"https:\\\/\\\/www.anovapeneira.gal\\\/index.php\\\/2020\\\/08\\\/07\\\/o-derradeiro-brindo-do-ribeira\\\/#respond\"]}]},{\"@type\":\"WebPage\",\"@id\":\"https:\\\/\\\/www.anovapeneira.gal\\\/index.php\\\/2020\\\/08\\\/07\\\/o-derradeiro-brindo-do-ribeira\\\/\",\"url\":\"https:\\\/\\\/www.anovapeneira.gal\\\/index.php\\\/2020\\\/08\\\/07\\\/o-derradeiro-brindo-do-ribeira\\\/\",\"name\":\"O derradeiro brindo do Ribeira -\",\"isPartOf\":{\"@id\":\"https:\\\/\\\/www.anovapeneira.gal\\\/#website\"},\"primaryImageOfPage\":{\"@id\":\"https:\\\/\\\/www.anovapeneira.gal\\\/index.php\\\/2020\\\/08\\\/07\\\/o-derradeiro-brindo-do-ribeira\\\/#primaryimage\"},\"image\":{\"@id\":\"https:\\\/\\\/www.anovapeneira.gal\\\/index.php\\\/2020\\\/08\\\/07\\\/o-derradeiro-brindo-do-ribeira\\\/#primaryimage\"},\"thumbnailUrl\":\"https:\\\/\\\/www.anovapeneira.gal\\\/wp-content\\\/uploads\\\/2020\\\/08\\\/o_derradeiro_brindo_do_ribeira_a_nova_peneira.jpg\",\"datePublished\":\"2020-08-07T10:00:13+00:00\",\"breadcrumb\":{\"@id\":\"https:\\\/\\\/www.anovapeneira.gal\\\/index.php\\\/2020\\\/08\\\/07\\\/o-derradeiro-brindo-do-ribeira\\\/#breadcrumb\"},\"inLanguage\":\"gl-ES\",\"potentialAction\":[{\"@type\":\"ReadAction\",\"target\":[\"https:\\\/\\\/www.anovapeneira.gal\\\/index.php\\\/2020\\\/08\\\/07\\\/o-derradeiro-brindo-do-ribeira\\\/\"]}]},{\"@type\":\"ImageObject\",\"inLanguage\":\"gl-ES\",\"@id\":\"https:\\\/\\\/www.anovapeneira.gal\\\/index.php\\\/2020\\\/08\\\/07\\\/o-derradeiro-brindo-do-ribeira\\\/#primaryimage\",\"url\":\"https:\\\/\\\/www.anovapeneira.gal\\\/wp-content\\\/uploads\\\/2020\\\/08\\\/o_derradeiro_brindo_do_ribeira_a_nova_peneira.jpg\",\"contentUrl\":\"https:\\\/\\\/www.anovapeneira.gal\\\/wp-content\\\/uploads\\\/2020\\\/08\\\/o_derradeiro_brindo_do_ribeira_a_nova_peneira.jpg\",\"width\":720,\"height\":432,\"caption\":\"O derradeiro brindo do Ribeira\"},{\"@type\":\"BreadcrumbList\",\"@id\":\"https:\\\/\\\/www.anovapeneira.gal\\\/index.php\\\/2020\\\/08\\\/07\\\/o-derradeiro-brindo-do-ribeira\\\/#breadcrumb\",\"itemListElement\":[{\"@type\":\"ListItem\",\"position\":1,\"name\":\"Portada\",\"item\":\"https:\\\/\\\/www.anovapeneira.gal\\\/\"},{\"@type\":\"ListItem\",\"position\":2,\"name\":\"O derradeiro brindo do Ribeira\"}]},{\"@type\":\"WebSite\",\"@id\":\"https:\\\/\\\/www.anovapeneira.gal\\\/#website\",\"url\":\"https:\\\/\\\/www.anovapeneira.gal\\\/\",\"name\":\"\",\"description\":\"Xornal galego de informaci\u00f3n xeral Publicaci\u00f3n mensual de novas de Galicia e en especial dos Concellos da sur da provincia de Pontevedra.\",\"publisher\":{\"@id\":\"https:\\\/\\\/www.anovapeneira.gal\\\/#organization\"},\"potentialAction\":[{\"@type\":\"SearchAction\",\"target\":{\"@type\":\"EntryPoint\",\"urlTemplate\":\"https:\\\/\\\/www.anovapeneira.gal\\\/?s={search_term_string}\"},\"query-input\":{\"@type\":\"PropertyValueSpecification\",\"valueRequired\":true,\"valueName\":\"search_term_string\"}}],\"inLanguage\":\"gl-ES\"},{\"@type\":\"Organization\",\"@id\":\"https:\\\/\\\/www.anovapeneira.gal\\\/#organization\",\"name\":\"A Nova Peneira\",\"url\":\"https:\\\/\\\/www.anovapeneira.gal\\\/\",\"logo\":{\"@type\":\"ImageObject\",\"inLanguage\":\"gl-ES\",\"@id\":\"https:\\\/\\\/www.anovapeneira.gal\\\/#\\\/schema\\\/logo\\\/image\\\/\",\"url\":\"http:\\\/\\\/www.anovapeneira.gal\\\/wp-content\\\/uploads\\\/2019\\\/06\\\/logo_a_nova_peneira_portal_web.png\",\"contentUrl\":\"http:\\\/\\\/www.anovapeneira.gal\\\/wp-content\\\/uploads\\\/2019\\\/06\\\/logo_a_nova_peneira_portal_web.png\",\"width\":300,\"height\":100,\"caption\":\"A Nova Peneira\"},\"image\":{\"@id\":\"https:\\\/\\\/www.anovapeneira.gal\\\/#\\\/schema\\\/logo\\\/image\\\/\"},\"sameAs\":[\"https:\\\/\\\/www.facebook.com\\\/anovapeneira\",\"https:\\\/\\\/x.com\\\/APeneira\"]},{\"@type\":\"Person\",\"@id\":\"https:\\\/\\\/www.anovapeneira.gal\\\/#\\\/schema\\\/person\\\/a63aaacbeda0b255d5b7200cb817bcfb\",\"name\":\"Kike Est\u00e9vez\",\"image\":{\"@type\":\"ImageObject\",\"inLanguage\":\"gl-ES\",\"@id\":\"https:\\\/\\\/secure.gravatar.com\\\/avatar\\\/6c58b0c68f148b095117774cae6da4203d12d8ad9b4ca1a8e55c3edd2ce6ad0a?s=96&d=mm&r=g\",\"url\":\"https:\\\/\\\/secure.gravatar.com\\\/avatar\\\/6c58b0c68f148b095117774cae6da4203d12d8ad9b4ca1a8e55c3edd2ce6ad0a?s=96&d=mm&r=g\",\"contentUrl\":\"https:\\\/\\\/secure.gravatar.com\\\/avatar\\\/6c58b0c68f148b095117774cae6da4203d12d8ad9b4ca1a8e55c3edd2ce6ad0a?s=96&d=mm&r=g\",\"caption\":\"Kike Est\u00e9vez\"},\"url\":\"https:\\\/\\\/www.anovapeneira.gal\\\/index.php\\\/author\\\/kike_estevez\\\/\"}]}<\/script>\n<!-- \/ Yoast SEO plugin. -->","yoast_head_json":{"title":"O derradeiro brindo do Ribeira -","robots":{"index":"index","follow":"follow","max-snippet":"max-snippet:-1","max-image-preview":"max-image-preview:large","max-video-preview":"max-video-preview:-1"},"canonical":"https:\/\/www.anovapeneira.gal\/index.php\/2020\/08\/07\/o-derradeiro-brindo-do-ribeira\/","og_locale":"gl_ES","og_type":"article","og_title":"O derradeiro brindo do Ribeira -","og_description":"A min ch\u00e1mancheme Antonio. As\u00ed te presentabas ante o teu p\u00fablico. Sempre con esa facilidade verbal, con esa sinxeleza e sabedor\u00eda que che daba a experiencia de tantas veladas improvisando versos, armado co teu chapeu e co teu eterno sorriso [...]","og_url":"https:\/\/www.anovapeneira.gal\/index.php\/2020\/08\/07\/o-derradeiro-brindo-do-ribeira\/","article_publisher":"https:\/\/www.facebook.com\/anovapeneira","article_published_time":"2020-08-07T10:00:13+00:00","og_image":[{"width":720,"height":432,"url":"https:\/\/www.anovapeneira.gal\/wp-content\/uploads\/2020\/08\/o_derradeiro_brindo_do_ribeira_a_nova_peneira.jpg","type":"image\/jpeg"}],"author":"Kike Est\u00e9vez","twitter_card":"summary_large_image","twitter_creator":"@APeneira","twitter_site":"@APeneira","twitter_misc":{"Escrito por":"Kike Est\u00e9vez","Tempo de lectura":"4 minutos"},"schema":{"@context":"https:\/\/schema.org","@graph":[{"@type":"Article","@id":"https:\/\/www.anovapeneira.gal\/index.php\/2020\/08\/07\/o-derradeiro-brindo-do-ribeira\/#article","isPartOf":{"@id":"https:\/\/www.anovapeneira.gal\/index.php\/2020\/08\/07\/o-derradeiro-brindo-do-ribeira\/"},"author":{"name":"Kike Est\u00e9vez","@id":"https:\/\/www.anovapeneira.gal\/#\/schema\/person\/a63aaacbeda0b255d5b7200cb817bcfb"},"headline":"O derradeiro brindo do Ribeira","datePublished":"2020-08-07T10:00:13+00:00","mainEntityOfPage":{"@id":"https:\/\/www.anovapeneira.gal\/index.php\/2020\/08\/07\/o-derradeiro-brindo-do-ribeira\/"},"wordCount":725,"commentCount":0,"publisher":{"@id":"https:\/\/www.anovapeneira.gal\/#organization"},"image":{"@id":"https:\/\/www.anovapeneira.gal\/index.php\/2020\/08\/07\/o-derradeiro-brindo-do-ribeira\/#primaryimage"},"thumbnailUrl":"https:\/\/www.anovapeneira.gal\/wp-content\/uploads\/2020\/08\/o_derradeiro_brindo_do_ribeira_a_nova_peneira.jpg","keywords":["Antonio R\u00edo Montero","Kike Est\u00e9vez"],"articleSection":["Artigos de opini\u00f3n"],"inLanguage":"gl-ES","potentialAction":[{"@type":"CommentAction","name":"Comment","target":["https:\/\/www.anovapeneira.gal\/index.php\/2020\/08\/07\/o-derradeiro-brindo-do-ribeira\/#respond"]}]},{"@type":"WebPage","@id":"https:\/\/www.anovapeneira.gal\/index.php\/2020\/08\/07\/o-derradeiro-brindo-do-ribeira\/","url":"https:\/\/www.anovapeneira.gal\/index.php\/2020\/08\/07\/o-derradeiro-brindo-do-ribeira\/","name":"O derradeiro brindo do Ribeira -","isPartOf":{"@id":"https:\/\/www.anovapeneira.gal\/#website"},"primaryImageOfPage":{"@id":"https:\/\/www.anovapeneira.gal\/index.php\/2020\/08\/07\/o-derradeiro-brindo-do-ribeira\/#primaryimage"},"image":{"@id":"https:\/\/www.anovapeneira.gal\/index.php\/2020\/08\/07\/o-derradeiro-brindo-do-ribeira\/#primaryimage"},"thumbnailUrl":"https:\/\/www.anovapeneira.gal\/wp-content\/uploads\/2020\/08\/o_derradeiro_brindo_do_ribeira_a_nova_peneira.jpg","datePublished":"2020-08-07T10:00:13+00:00","breadcrumb":{"@id":"https:\/\/www.anovapeneira.gal\/index.php\/2020\/08\/07\/o-derradeiro-brindo-do-ribeira\/#breadcrumb"},"inLanguage":"gl-ES","potentialAction":[{"@type":"ReadAction","target":["https:\/\/www.anovapeneira.gal\/index.php\/2020\/08\/07\/o-derradeiro-brindo-do-ribeira\/"]}]},{"@type":"ImageObject","inLanguage":"gl-ES","@id":"https:\/\/www.anovapeneira.gal\/index.php\/2020\/08\/07\/o-derradeiro-brindo-do-ribeira\/#primaryimage","url":"https:\/\/www.anovapeneira.gal\/wp-content\/uploads\/2020\/08\/o_derradeiro_brindo_do_ribeira_a_nova_peneira.jpg","contentUrl":"https:\/\/www.anovapeneira.gal\/wp-content\/uploads\/2020\/08\/o_derradeiro_brindo_do_ribeira_a_nova_peneira.jpg","width":720,"height":432,"caption":"O derradeiro brindo do Ribeira"},{"@type":"BreadcrumbList","@id":"https:\/\/www.anovapeneira.gal\/index.php\/2020\/08\/07\/o-derradeiro-brindo-do-ribeira\/#breadcrumb","itemListElement":[{"@type":"ListItem","position":1,"name":"Portada","item":"https:\/\/www.anovapeneira.gal\/"},{"@type":"ListItem","position":2,"name":"O derradeiro brindo do Ribeira"}]},{"@type":"WebSite","@id":"https:\/\/www.anovapeneira.gal\/#website","url":"https:\/\/www.anovapeneira.gal\/","name":"","description":"Xornal galego de informaci\u00f3n xeral Publicaci\u00f3n mensual de novas de Galicia e en especial dos Concellos da sur da provincia de Pontevedra.","publisher":{"@id":"https:\/\/www.anovapeneira.gal\/#organization"},"potentialAction":[{"@type":"SearchAction","target":{"@type":"EntryPoint","urlTemplate":"https:\/\/www.anovapeneira.gal\/?s={search_term_string}"},"query-input":{"@type":"PropertyValueSpecification","valueRequired":true,"valueName":"search_term_string"}}],"inLanguage":"gl-ES"},{"@type":"Organization","@id":"https:\/\/www.anovapeneira.gal\/#organization","name":"A Nova Peneira","url":"https:\/\/www.anovapeneira.gal\/","logo":{"@type":"ImageObject","inLanguage":"gl-ES","@id":"https:\/\/www.anovapeneira.gal\/#\/schema\/logo\/image\/","url":"http:\/\/www.anovapeneira.gal\/wp-content\/uploads\/2019\/06\/logo_a_nova_peneira_portal_web.png","contentUrl":"http:\/\/www.anovapeneira.gal\/wp-content\/uploads\/2019\/06\/logo_a_nova_peneira_portal_web.png","width":300,"height":100,"caption":"A Nova Peneira"},"image":{"@id":"https:\/\/www.anovapeneira.gal\/#\/schema\/logo\/image\/"},"sameAs":["https:\/\/www.facebook.com\/anovapeneira","https:\/\/x.com\/APeneira"]},{"@type":"Person","@id":"https:\/\/www.anovapeneira.gal\/#\/schema\/person\/a63aaacbeda0b255d5b7200cb817bcfb","name":"Kike Est\u00e9vez","image":{"@type":"ImageObject","inLanguage":"gl-ES","@id":"https:\/\/secure.gravatar.com\/avatar\/6c58b0c68f148b095117774cae6da4203d12d8ad9b4ca1a8e55c3edd2ce6ad0a?s=96&d=mm&r=g","url":"https:\/\/secure.gravatar.com\/avatar\/6c58b0c68f148b095117774cae6da4203d12d8ad9b4ca1a8e55c3edd2ce6ad0a?s=96&d=mm&r=g","contentUrl":"https:\/\/secure.gravatar.com\/avatar\/6c58b0c68f148b095117774cae6da4203d12d8ad9b4ca1a8e55c3edd2ce6ad0a?s=96&d=mm&r=g","caption":"Kike Est\u00e9vez"},"url":"https:\/\/www.anovapeneira.gal\/index.php\/author\/kike_estevez\/"}]}},"jetpack_featured_media_url":"https:\/\/www.anovapeneira.gal\/wp-content\/uploads\/2020\/08\/o_derradeiro_brindo_do_ribeira_a_nova_peneira.jpg","_links":{"self":[{"href":"https:\/\/www.anovapeneira.gal\/index.php\/wp-json\/wp\/v2\/posts\/3680","targetHints":{"allow":["GET"]}}],"collection":[{"href":"https:\/\/www.anovapeneira.gal\/index.php\/wp-json\/wp\/v2\/posts"}],"about":[{"href":"https:\/\/www.anovapeneira.gal\/index.php\/wp-json\/wp\/v2\/types\/post"}],"author":[{"embeddable":true,"href":"https:\/\/www.anovapeneira.gal\/index.php\/wp-json\/wp\/v2\/users\/25"}],"replies":[{"embeddable":true,"href":"https:\/\/www.anovapeneira.gal\/index.php\/wp-json\/wp\/v2\/comments?post=3680"}],"version-history":[{"count":1,"href":"https:\/\/www.anovapeneira.gal\/index.php\/wp-json\/wp\/v2\/posts\/3680\/revisions"}],"predecessor-version":[{"id":3682,"href":"https:\/\/www.anovapeneira.gal\/index.php\/wp-json\/wp\/v2\/posts\/3680\/revisions\/3682"}],"wp:featuredmedia":[{"embeddable":true,"href":"https:\/\/www.anovapeneira.gal\/index.php\/wp-json\/wp\/v2\/media\/3681"}],"wp:attachment":[{"href":"https:\/\/www.anovapeneira.gal\/index.php\/wp-json\/wp\/v2\/media?parent=3680"}],"wp:term":[{"taxonomy":"category","embeddable":true,"href":"https:\/\/www.anovapeneira.gal\/index.php\/wp-json\/wp\/v2\/categories?post=3680"},{"taxonomy":"post_tag","embeddable":true,"href":"https:\/\/www.anovapeneira.gal\/index.php\/wp-json\/wp\/v2\/tags?post=3680"}],"curies":[{"name":"wp","href":"https:\/\/api.w.org\/{rel}","templated":true}]}}