{"id":3683,"date":"2020-08-10T10:00:57","date_gmt":"2020-08-10T08:00:57","guid":{"rendered":"http:\/\/www.anovapeneira.gal\/?p=3683"},"modified":"2020-08-07T11:17:32","modified_gmt":"2020-08-07T09:17:32","slug":"o-erizana-c-f-e-o-instituto-de-estudos-minoranos-distingidos-coa-medalla-de-ouro-do-concello-de-baiona-maxima-concecoracion-que-pode-outorgar-a-corporacion-municipal","status":"publish","type":"post","link":"https:\/\/www.anovapeneira.gal\/index.php\/2020\/08\/10\/o-erizana-c-f-e-o-instituto-de-estudos-minoranos-distingidos-coa-medalla-de-ouro-do-concello-de-baiona-maxima-concecoracion-que-pode-outorgar-a-corporacion-municipal\/","title":{"rendered":"O Erizana C.F. e o Instituto de Estudos Mi\u00f1oranos, distingidos coa &#8216;Medalla de Ouro&#8217; do Concello de Baiona, m\u00e1xima concecoraci\u00f3n que pode outorgar a Corporaci\u00f3n Municipal"},"content":{"rendered":"\n<h2 class=\"wp-block-heading\">A Comisi\u00f3n de Honras e Distinci\u00f3ns tam\u00e9n decidiu, por unanimidade, conceder o nomeamento de fillos adoptivos de Baiona a Marie Savariau Dreno e Rom\u00e1n Pereiro Alonso e a distinci\u00f3n honor\u00edfica de Lazo de Honra a Pedro Novalbos<\/h2>\n\n\n\n<p><strong>Baiona, 05 de&nbsp;<\/strong><strong>agosto<\/strong><strong>de 2020<\/strong><\/p>\n\n\n\n<p>O Goberno local de Baiona, seguindo a li\u00f1a emprendida polas anteriores corporaci\u00f3ns municipais, v\u00e9n de dar a co\u00f1ecer os distintos galard\u00f3ns cos que o Concello quere sumarse ao reco\u00f1ecemento p\u00fablico de todas aquelas acci\u00f3ns realizadas por persoas ou colectivos que, sendo ou non naturais do municipio, contrib\u00faan coas s\u00faas acci\u00f3ns e traballo ao engrandecemento de Baiona.<\/p>\n\n\n\n<p>As\u00ed, a Comisi\u00f3n de Honras e Distinci\u00f3ns do Concello decidiu neste ano 2020 conceder a distinci\u00f3n honor\u00edfica de &#8216;Medalla de Ouro&#8217;, m\u00e1ximo galard\u00f3n que pode outorgar a Corporaci\u00f3n Municipal, ao Erizana C.F. e ao Instituto de Estudos Mi\u00f1oranos (IEM).<\/p>\n\n\n\n<p>A mesma comisi\u00f3n tam\u00e9n acordou, por unanimidade, os nomeamentos de Filla Adoptiva de Baiona a Marie Savariau Dreno e Fillo Adoptivo de Baiona a Rom\u00e1n Pereiro Alonso. Estas d\u00faas distinci\u00f3ns conc\u00e9dense, segundo o regulamento do Concello \u201ca aquelas persoas que, sen ser naturais do municipio, destaquen polas s\u00faas actuaci\u00f3ns extraordinarias e os seus m\u00e9ritos singulares en favor do municipio de Baiona\u201d.<\/p>\n\n\n\n<p>Finalmente a Comisi\u00f3n decidiu outorgar a distinci\u00f3n honor\u00edfica de &#8216;Lazo de Honra&#8217; a Pedro Novalbos, dita distinci\u00f3n reco\u00f1ece o traballo das persoas, asociaci\u00f3n ou entidades \u201cque realicen unha labor relevante no campo das artes e das letras, das ciencias, do social e das humanidades sempre que nas s\u00faas obras se diten ou exalten aspectos que afecten ao concello de Baiona\u201d.<\/p>\n\n\n\n<p>O alcalde de Baiona, Carlos G\u00f3mez, aseguraba \u00e1 hora de falar das diferentes distinci\u00f3ns, que a concesi\u00f3n da &#8216;Medalla de Ouro&#8217; ao Erizana e IEM, \u201ceran de xustiza\u201d. Polo Erizana, apunta o rexedor baiones, \u201cte\u00f1en pasado dende os anos 50, ano tras ano, xeraci\u00f3ns enteiras de baioneses e baionesas que, amais de practicar deporte, &#8216;empap\u00e1ronse&#8217; dos valores que transmite a pr\u00e1ctica deportiva como o compa\u00f1eirismo, o traballo en equipo ou a solidariedade\u201d.<\/p>\n\n\n\n<p>Pola s\u00faa banda o Instituto de Estudos Mi\u00f1oranos, leva anos traballando arreo \u201ce de forma altruista\u201d para conservar e transmitir \u201ca historia, patrimonio e cultura de Baiona e as s\u00faas parroquias e preservando estes co\u00f1ecementos para as vindeiras xeraci\u00f3ns\u201d.<\/p>\n\n\n\n<p>No caso de Marie Savariau e Rom\u00e1n Pereiro, filla e fillo adoptivo de Baiona, respectivamente, o rexedor local, fixo fincap\u00e9 no xeito en que \u201cdende as s\u00faas respectivas \u00e1reas, levan anos traballando a prol do municipio. Marie Savariau, que traballa para estreitar, cada d\u00eda m\u00e1is, os lazos de irmandamento entre Baiona e Pornic e en ampliar a dimensi\u00f3n internacional que ten o noso municipio e Rom\u00e1n Pereiro, como un dos principais promotores de &#8216;Atl\u00e1ntica&#8217;, un fen\u00f3meno art\u00edstico e sociol\u00f3xico a nivel nacional e que tivo en Baiona o seu lugar de nacemento\u201d.<\/p>\n\n\n\n<p>Por \u00faltimo, Carlos G\u00f3mez, amosaba a s\u00faa satisfacci\u00f3n polo &#8216;Lazo de Honra&#8217; concedido a Pedro Novalbos \u201cunha persoa que m\u00e1is que traballou e loitou para que Baiona puidera amosar na Casa da Navegaci\u00f3n, a veci\u00f1anza e visitantes, todo o patrimonio hist\u00f3rico que se ti\u00f1a atopado no fondo da ba\u00eda de Baiona e que permanec\u00eda agochado nun almac\u00e9n do Museo de Pontevedra\u201d.<\/p>\n","protected":false},"excerpt":{"rendered":"<div class=\"mh-excerpt\"><p>A Comisi\u00f3n de Honras e Distinci\u00f3ns tam\u00e9n decidiu, por unanimidade, conceder o nomeamento de fillos adoptivos de Baiona a Marie Savariau Dreno e Rom\u00e1n Pereiro Alonso e a distinci\u00f3n honor\u00edfica de Lazo de Honra a Pedro Novalbos <a class=\"mh-excerpt-more\" href=\"https:\/\/www.anovapeneira.gal\/index.php\/2020\/08\/10\/o-erizana-c-f-e-o-instituto-de-estudos-minoranos-distingidos-coa-medalla-de-ouro-do-concello-de-baiona-maxima-concecoracion-que-pode-outorgar-a-corporacion-municipal\/\" title=\"O Erizana C.F. e o Instituto de Estudos Mi\u00f1oranos, distingidos coa &#8216;Medalla de Ouro&#8217; do Concello de Baiona, m\u00e1xima concecoraci\u00f3n que pode outorgar a Corporaci\u00f3n Municipal\">[&#8230;]<\/a><\/p>\n<\/div>","protected":false},"author":3,"featured_media":3685,"comment_status":"open","ping_status":"open","sticky":false,"template":"","format":"standard","meta":{"_exactmetrics_skip_tracking":false,"_exactmetrics_sitenote_active":false,"_exactmetrics_sitenote_note":"","_exactmetrics_sitenote_category":0,"footnotes":""},"categories":[20],"tags":[1176,1177],"class_list":{"0":"post-3683","1":"post","2":"type-post","3":"status-publish","4":"format-standard","5":"has-post-thumbnail","7":"category-val-minor","8":"tag-erizada-c-f","9":"tag-estudos-minoranos-iem"},"yoast_head":"<!-- This site is optimized with the Yoast SEO plugin v27.4 - https:\/\/yoast.com\/product\/yoast-seo-wordpress\/ -->\n<title>O Erizana C.F. e o Instituto de Estudos Mi\u00f1oranos, distingidos coa &#039;Medalla de Ouro&#039; do Concello de Baiona, m\u00e1xima concecoraci\u00f3n que pode outorgar a Corporaci\u00f3n Municipal -<\/title>\n<meta name=\"robots\" content=\"index, follow, max-snippet:-1, max-image-preview:large, max-video-preview:-1\" \/>\n<link rel=\"canonical\" href=\"https:\/\/www.anovapeneira.gal\/index.php\/2020\/08\/10\/o-erizana-c-f-e-o-instituto-de-estudos-minoranos-distingidos-coa-medalla-de-ouro-do-concello-de-baiona-maxima-concecoracion-que-pode-outorgar-a-corporacion-municipal\/\" \/>\n<meta property=\"og:locale\" content=\"gl_ES\" \/>\n<meta property=\"og:type\" content=\"article\" \/>\n<meta property=\"og:title\" content=\"O Erizana C.F. e o Instituto de Estudos Mi\u00f1oranos, distingidos coa &#039;Medalla de Ouro&#039; do Concello de Baiona, m\u00e1xima concecoraci\u00f3n que pode outorgar a Corporaci\u00f3n Municipal -\" \/>\n<meta property=\"og:description\" content=\"A Comisi\u00f3n de Honras e Distinci\u00f3ns tam\u00e9n decidiu, por unanimidade, conceder o nomeamento de fillos adoptivos de Baiona a Marie Savariau Dreno e Rom\u00e1n Pereiro Alonso e a distinci\u00f3n honor\u00edfica de Lazo de Honra a Pedro Novalbos [...]\" \/>\n<meta property=\"og:url\" content=\"https:\/\/www.anovapeneira.gal\/index.php\/2020\/08\/10\/o-erizana-c-f-e-o-instituto-de-estudos-minoranos-distingidos-coa-medalla-de-ouro-do-concello-de-baiona-maxima-concecoracion-que-pode-outorgar-a-corporacion-municipal\/\" \/>\n<meta property=\"article:publisher\" content=\"https:\/\/www.facebook.com\/anovapeneira\" \/>\n<meta property=\"article:published_time\" content=\"2020-08-10T08:00:57+00:00\" \/>\n<meta property=\"og:image\" content=\"https:\/\/www.anovapeneira.gal\/wp-content\/uploads\/2020\/08\/concello_de_baiona_a_nova_peneira.png\" \/>\n\t<meta property=\"og:image:width\" content=\"720\" \/>\n\t<meta property=\"og:image:height\" content=\"432\" \/>\n\t<meta property=\"og:image:type\" content=\"image\/png\" \/>\n<meta name=\"author\" content=\"Redacci\u00f3n A Nova Peneira\" \/>\n<meta name=\"twitter:card\" content=\"summary_large_image\" \/>\n<meta name=\"twitter:creator\" content=\"@APeneira\" \/>\n<meta name=\"twitter:site\" content=\"@APeneira\" \/>\n<meta name=\"twitter:label1\" content=\"Escrito por\" \/>\n\t<meta name=\"twitter:data1\" content=\"Redacci\u00f3n A Nova Peneira\" \/>\n\t<meta name=\"twitter:label2\" content=\"Tempo de lectura\" \/>\n\t<meta name=\"twitter:data2\" content=\"3 minutos\" \/>\n<script type=\"application\/ld+json\" class=\"yoast-schema-graph\">{\"@context\":\"https:\\\/\\\/schema.org\",\"@graph\":[{\"@type\":\"Article\",\"@id\":\"https:\\\/\\\/www.anovapeneira.gal\\\/index.php\\\/2020\\\/08\\\/10\\\/o-erizana-c-f-e-o-instituto-de-estudos-minoranos-distingidos-coa-medalla-de-ouro-do-concello-de-baiona-maxima-concecoracion-que-pode-outorgar-a-corporacion-municipal\\\/#article\",\"isPartOf\":{\"@id\":\"https:\\\/\\\/www.anovapeneira.gal\\\/index.php\\\/2020\\\/08\\\/10\\\/o-erizana-c-f-e-o-instituto-de-estudos-minoranos-distingidos-coa-medalla-de-ouro-do-concello-de-baiona-maxima-concecoracion-que-pode-outorgar-a-corporacion-municipal\\\/\"},\"author\":{\"name\":\"Redacci\u00f3n A Nova Peneira\",\"@id\":\"https:\\\/\\\/www.anovapeneira.gal\\\/#\\\/schema\\\/person\\\/b93e3f8932e3f8da96334607eb6ac6aa\"},\"headline\":\"O Erizana C.F. e o Instituto de Estudos Mi\u00f1oranos, distingidos coa &#8216;Medalla de Ouro&#8217; do Concello de Baiona, m\u00e1xima concecoraci\u00f3n que pode outorgar a Corporaci\u00f3n Municipal\",\"datePublished\":\"2020-08-10T08:00:57+00:00\",\"mainEntityOfPage\":{\"@id\":\"https:\\\/\\\/www.anovapeneira.gal\\\/index.php\\\/2020\\\/08\\\/10\\\/o-erizana-c-f-e-o-instituto-de-estudos-minoranos-distingidos-coa-medalla-de-ouro-do-concello-de-baiona-maxima-concecoracion-que-pode-outorgar-a-corporacion-municipal\\\/\"},\"wordCount\":626,\"commentCount\":0,\"publisher\":{\"@id\":\"https:\\\/\\\/www.anovapeneira.gal\\\/#organization\"},\"image\":{\"@id\":\"https:\\\/\\\/www.anovapeneira.gal\\\/index.php\\\/2020\\\/08\\\/10\\\/o-erizana-c-f-e-o-instituto-de-estudos-minoranos-distingidos-coa-medalla-de-ouro-do-concello-de-baiona-maxima-concecoracion-que-pode-outorgar-a-corporacion-municipal\\\/#primaryimage\"},\"thumbnailUrl\":\"https:\\\/\\\/www.anovapeneira.gal\\\/wp-content\\\/uploads\\\/2020\\\/08\\\/concello_de_baiona_a_nova_peneira.png\",\"keywords\":[\"Erizada C.F.\",\"Estudos Mi\u00f1oranos IEM\"],\"articleSection\":[\"Val Mi\u00f1or\"],\"inLanguage\":\"gl-ES\",\"potentialAction\":[{\"@type\":\"CommentAction\",\"name\":\"Comment\",\"target\":[\"https:\\\/\\\/www.anovapeneira.gal\\\/index.php\\\/2020\\\/08\\\/10\\\/o-erizana-c-f-e-o-instituto-de-estudos-minoranos-distingidos-coa-medalla-de-ouro-do-concello-de-baiona-maxima-concecoracion-que-pode-outorgar-a-corporacion-municipal\\\/#respond\"]}]},{\"@type\":\"WebPage\",\"@id\":\"https:\\\/\\\/www.anovapeneira.gal\\\/index.php\\\/2020\\\/08\\\/10\\\/o-erizana-c-f-e-o-instituto-de-estudos-minoranos-distingidos-coa-medalla-de-ouro-do-concello-de-baiona-maxima-concecoracion-que-pode-outorgar-a-corporacion-municipal\\\/\",\"url\":\"https:\\\/\\\/www.anovapeneira.gal\\\/index.php\\\/2020\\\/08\\\/10\\\/o-erizana-c-f-e-o-instituto-de-estudos-minoranos-distingidos-coa-medalla-de-ouro-do-concello-de-baiona-maxima-concecoracion-que-pode-outorgar-a-corporacion-municipal\\\/\",\"name\":\"O Erizana C.F. e o Instituto de Estudos Mi\u00f1oranos, distingidos coa 'Medalla de Ouro' do Concello de Baiona, m\u00e1xima concecoraci\u00f3n que pode outorgar a Corporaci\u00f3n Municipal -\",\"isPartOf\":{\"@id\":\"https:\\\/\\\/www.anovapeneira.gal\\\/#website\"},\"primaryImageOfPage\":{\"@id\":\"https:\\\/\\\/www.anovapeneira.gal\\\/index.php\\\/2020\\\/08\\\/10\\\/o-erizana-c-f-e-o-instituto-de-estudos-minoranos-distingidos-coa-medalla-de-ouro-do-concello-de-baiona-maxima-concecoracion-que-pode-outorgar-a-corporacion-municipal\\\/#primaryimage\"},\"image\":{\"@id\":\"https:\\\/\\\/www.anovapeneira.gal\\\/index.php\\\/2020\\\/08\\\/10\\\/o-erizana-c-f-e-o-instituto-de-estudos-minoranos-distingidos-coa-medalla-de-ouro-do-concello-de-baiona-maxima-concecoracion-que-pode-outorgar-a-corporacion-municipal\\\/#primaryimage\"},\"thumbnailUrl\":\"https:\\\/\\\/www.anovapeneira.gal\\\/wp-content\\\/uploads\\\/2020\\\/08\\\/concello_de_baiona_a_nova_peneira.png\",\"datePublished\":\"2020-08-10T08:00:57+00:00\",\"breadcrumb\":{\"@id\":\"https:\\\/\\\/www.anovapeneira.gal\\\/index.php\\\/2020\\\/08\\\/10\\\/o-erizana-c-f-e-o-instituto-de-estudos-minoranos-distingidos-coa-medalla-de-ouro-do-concello-de-baiona-maxima-concecoracion-que-pode-outorgar-a-corporacion-municipal\\\/#breadcrumb\"},\"inLanguage\":\"gl-ES\",\"potentialAction\":[{\"@type\":\"ReadAction\",\"target\":[\"https:\\\/\\\/www.anovapeneira.gal\\\/index.php\\\/2020\\\/08\\\/10\\\/o-erizana-c-f-e-o-instituto-de-estudos-minoranos-distingidos-coa-medalla-de-ouro-do-concello-de-baiona-maxima-concecoracion-que-pode-outorgar-a-corporacion-municipal\\\/\"]}]},{\"@type\":\"ImageObject\",\"inLanguage\":\"gl-ES\",\"@id\":\"https:\\\/\\\/www.anovapeneira.gal\\\/index.php\\\/2020\\\/08\\\/10\\\/o-erizana-c-f-e-o-instituto-de-estudos-minoranos-distingidos-coa-medalla-de-ouro-do-concello-de-baiona-maxima-concecoracion-que-pode-outorgar-a-corporacion-municipal\\\/#primaryimage\",\"url\":\"https:\\\/\\\/www.anovapeneira.gal\\\/wp-content\\\/uploads\\\/2020\\\/08\\\/concello_de_baiona_a_nova_peneira.png\",\"contentUrl\":\"https:\\\/\\\/www.anovapeneira.gal\\\/wp-content\\\/uploads\\\/2020\\\/08\\\/concello_de_baiona_a_nova_peneira.png\",\"width\":720,\"height\":432,\"caption\":\"Concello de Baiona\"},{\"@type\":\"BreadcrumbList\",\"@id\":\"https:\\\/\\\/www.anovapeneira.gal\\\/index.php\\\/2020\\\/08\\\/10\\\/o-erizana-c-f-e-o-instituto-de-estudos-minoranos-distingidos-coa-medalla-de-ouro-do-concello-de-baiona-maxima-concecoracion-que-pode-outorgar-a-corporacion-municipal\\\/#breadcrumb\",\"itemListElement\":[{\"@type\":\"ListItem\",\"position\":1,\"name\":\"Portada\",\"item\":\"https:\\\/\\\/www.anovapeneira.gal\\\/\"},{\"@type\":\"ListItem\",\"position\":2,\"name\":\"O Erizana C.F. e o Instituto de Estudos Mi\u00f1oranos, distingidos coa &#8216;Medalla de Ouro&#8217; do Concello de Baiona, m\u00e1xima concecoraci\u00f3n que pode outorgar a Corporaci\u00f3n Municipal\"}]},{\"@type\":\"WebSite\",\"@id\":\"https:\\\/\\\/www.anovapeneira.gal\\\/#website\",\"url\":\"https:\\\/\\\/www.anovapeneira.gal\\\/\",\"name\":\"\",\"description\":\"Xornal galego de informaci\u00f3n xeral Publicaci\u00f3n mensual de novas de Galicia e en especial dos Concellos da sur da provincia de Pontevedra.\",\"publisher\":{\"@id\":\"https:\\\/\\\/www.anovapeneira.gal\\\/#organization\"},\"potentialAction\":[{\"@type\":\"SearchAction\",\"target\":{\"@type\":\"EntryPoint\",\"urlTemplate\":\"https:\\\/\\\/www.anovapeneira.gal\\\/?s={search_term_string}\"},\"query-input\":{\"@type\":\"PropertyValueSpecification\",\"valueRequired\":true,\"valueName\":\"search_term_string\"}}],\"inLanguage\":\"gl-ES\"},{\"@type\":\"Organization\",\"@id\":\"https:\\\/\\\/www.anovapeneira.gal\\\/#organization\",\"name\":\"A Nova Peneira\",\"url\":\"https:\\\/\\\/www.anovapeneira.gal\\\/\",\"logo\":{\"@type\":\"ImageObject\",\"inLanguage\":\"gl-ES\",\"@id\":\"https:\\\/\\\/www.anovapeneira.gal\\\/#\\\/schema\\\/logo\\\/image\\\/\",\"url\":\"http:\\\/\\\/www.anovapeneira.gal\\\/wp-content\\\/uploads\\\/2019\\\/06\\\/logo_a_nova_peneira_portal_web.png\",\"contentUrl\":\"http:\\\/\\\/www.anovapeneira.gal\\\/wp-content\\\/uploads\\\/2019\\\/06\\\/logo_a_nova_peneira_portal_web.png\",\"width\":300,\"height\":100,\"caption\":\"A Nova Peneira\"},\"image\":{\"@id\":\"https:\\\/\\\/www.anovapeneira.gal\\\/#\\\/schema\\\/logo\\\/image\\\/\"},\"sameAs\":[\"https:\\\/\\\/www.facebook.com\\\/anovapeneira\",\"https:\\\/\\\/x.com\\\/APeneira\"]},{\"@type\":\"Person\",\"@id\":\"https:\\\/\\\/www.anovapeneira.gal\\\/#\\\/schema\\\/person\\\/b93e3f8932e3f8da96334607eb6ac6aa\",\"name\":\"Redacci\u00f3n A Nova Peneira\",\"image\":{\"@type\":\"ImageObject\",\"inLanguage\":\"gl-ES\",\"@id\":\"https:\\\/\\\/secure.gravatar.com\\\/avatar\\\/c052a2551a06e23fac63626232eaa90abd78dbcf1700fc46a2b2c89fd27b735f?s=96&d=mm&r=g\",\"url\":\"https:\\\/\\\/secure.gravatar.com\\\/avatar\\\/c052a2551a06e23fac63626232eaa90abd78dbcf1700fc46a2b2c89fd27b735f?s=96&d=mm&r=g\",\"contentUrl\":\"https:\\\/\\\/secure.gravatar.com\\\/avatar\\\/c052a2551a06e23fac63626232eaa90abd78dbcf1700fc46a2b2c89fd27b735f?s=96&d=mm&r=g\",\"caption\":\"Redacci\u00f3n A Nova Peneira\"},\"sameAs\":[\"http:\\\/\\\/www.anovapeneira.gal\\\/\"],\"url\":\"https:\\\/\\\/www.anovapeneira.gal\\\/index.php\\\/author\\\/redactor\\\/\"}]}<\/script>\n<!-- \/ Yoast SEO plugin. -->","yoast_head_json":{"title":"O Erizana C.F. e o Instituto de Estudos Mi\u00f1oranos, distingidos coa 'Medalla de Ouro' do Concello de Baiona, m\u00e1xima concecoraci\u00f3n que pode outorgar a Corporaci\u00f3n Municipal -","robots":{"index":"index","follow":"follow","max-snippet":"max-snippet:-1","max-image-preview":"max-image-preview:large","max-video-preview":"max-video-preview:-1"},"canonical":"https:\/\/www.anovapeneira.gal\/index.php\/2020\/08\/10\/o-erizana-c-f-e-o-instituto-de-estudos-minoranos-distingidos-coa-medalla-de-ouro-do-concello-de-baiona-maxima-concecoracion-que-pode-outorgar-a-corporacion-municipal\/","og_locale":"gl_ES","og_type":"article","og_title":"O Erizana C.F. e o Instituto de Estudos Mi\u00f1oranos, distingidos coa 'Medalla de Ouro' do Concello de Baiona, m\u00e1xima concecoraci\u00f3n que pode outorgar a Corporaci\u00f3n Municipal -","og_description":"A Comisi\u00f3n de Honras e Distinci\u00f3ns tam\u00e9n decidiu, por unanimidade, conceder o nomeamento de fillos adoptivos de Baiona a Marie Savariau Dreno e Rom\u00e1n Pereiro Alonso e a distinci\u00f3n honor\u00edfica de Lazo de Honra a Pedro Novalbos [...]","og_url":"https:\/\/www.anovapeneira.gal\/index.php\/2020\/08\/10\/o-erizana-c-f-e-o-instituto-de-estudos-minoranos-distingidos-coa-medalla-de-ouro-do-concello-de-baiona-maxima-concecoracion-que-pode-outorgar-a-corporacion-municipal\/","article_publisher":"https:\/\/www.facebook.com\/anovapeneira","article_published_time":"2020-08-10T08:00:57+00:00","og_image":[{"width":720,"height":432,"url":"https:\/\/www.anovapeneira.gal\/wp-content\/uploads\/2020\/08\/concello_de_baiona_a_nova_peneira.png","type":"image\/png"}],"author":"Redacci\u00f3n A Nova Peneira","twitter_card":"summary_large_image","twitter_creator":"@APeneira","twitter_site":"@APeneira","twitter_misc":{"Escrito por":"Redacci\u00f3n A Nova Peneira","Tempo de lectura":"3 minutos"},"schema":{"@context":"https:\/\/schema.org","@graph":[{"@type":"Article","@id":"https:\/\/www.anovapeneira.gal\/index.php\/2020\/08\/10\/o-erizana-c-f-e-o-instituto-de-estudos-minoranos-distingidos-coa-medalla-de-ouro-do-concello-de-baiona-maxima-concecoracion-que-pode-outorgar-a-corporacion-municipal\/#article","isPartOf":{"@id":"https:\/\/www.anovapeneira.gal\/index.php\/2020\/08\/10\/o-erizana-c-f-e-o-instituto-de-estudos-minoranos-distingidos-coa-medalla-de-ouro-do-concello-de-baiona-maxima-concecoracion-que-pode-outorgar-a-corporacion-municipal\/"},"author":{"name":"Redacci\u00f3n A Nova Peneira","@id":"https:\/\/www.anovapeneira.gal\/#\/schema\/person\/b93e3f8932e3f8da96334607eb6ac6aa"},"headline":"O Erizana C.F. e o Instituto de Estudos Mi\u00f1oranos, distingidos coa &#8216;Medalla de Ouro&#8217; do Concello de Baiona, m\u00e1xima concecoraci\u00f3n que pode outorgar a Corporaci\u00f3n Municipal","datePublished":"2020-08-10T08:00:57+00:00","mainEntityOfPage":{"@id":"https:\/\/www.anovapeneira.gal\/index.php\/2020\/08\/10\/o-erizana-c-f-e-o-instituto-de-estudos-minoranos-distingidos-coa-medalla-de-ouro-do-concello-de-baiona-maxima-concecoracion-que-pode-outorgar-a-corporacion-municipal\/"},"wordCount":626,"commentCount":0,"publisher":{"@id":"https:\/\/www.anovapeneira.gal\/#organization"},"image":{"@id":"https:\/\/www.anovapeneira.gal\/index.php\/2020\/08\/10\/o-erizana-c-f-e-o-instituto-de-estudos-minoranos-distingidos-coa-medalla-de-ouro-do-concello-de-baiona-maxima-concecoracion-que-pode-outorgar-a-corporacion-municipal\/#primaryimage"},"thumbnailUrl":"https:\/\/www.anovapeneira.gal\/wp-content\/uploads\/2020\/08\/concello_de_baiona_a_nova_peneira.png","keywords":["Erizada C.F.","Estudos Mi\u00f1oranos IEM"],"articleSection":["Val Mi\u00f1or"],"inLanguage":"gl-ES","potentialAction":[{"@type":"CommentAction","name":"Comment","target":["https:\/\/www.anovapeneira.gal\/index.php\/2020\/08\/10\/o-erizana-c-f-e-o-instituto-de-estudos-minoranos-distingidos-coa-medalla-de-ouro-do-concello-de-baiona-maxima-concecoracion-que-pode-outorgar-a-corporacion-municipal\/#respond"]}]},{"@type":"WebPage","@id":"https:\/\/www.anovapeneira.gal\/index.php\/2020\/08\/10\/o-erizana-c-f-e-o-instituto-de-estudos-minoranos-distingidos-coa-medalla-de-ouro-do-concello-de-baiona-maxima-concecoracion-que-pode-outorgar-a-corporacion-municipal\/","url":"https:\/\/www.anovapeneira.gal\/index.php\/2020\/08\/10\/o-erizana-c-f-e-o-instituto-de-estudos-minoranos-distingidos-coa-medalla-de-ouro-do-concello-de-baiona-maxima-concecoracion-que-pode-outorgar-a-corporacion-municipal\/","name":"O Erizana C.F. e o Instituto de Estudos Mi\u00f1oranos, distingidos coa 'Medalla de Ouro' do Concello de Baiona, m\u00e1xima concecoraci\u00f3n que pode outorgar a Corporaci\u00f3n Municipal -","isPartOf":{"@id":"https:\/\/www.anovapeneira.gal\/#website"},"primaryImageOfPage":{"@id":"https:\/\/www.anovapeneira.gal\/index.php\/2020\/08\/10\/o-erizana-c-f-e-o-instituto-de-estudos-minoranos-distingidos-coa-medalla-de-ouro-do-concello-de-baiona-maxima-concecoracion-que-pode-outorgar-a-corporacion-municipal\/#primaryimage"},"image":{"@id":"https:\/\/www.anovapeneira.gal\/index.php\/2020\/08\/10\/o-erizana-c-f-e-o-instituto-de-estudos-minoranos-distingidos-coa-medalla-de-ouro-do-concello-de-baiona-maxima-concecoracion-que-pode-outorgar-a-corporacion-municipal\/#primaryimage"},"thumbnailUrl":"https:\/\/www.anovapeneira.gal\/wp-content\/uploads\/2020\/08\/concello_de_baiona_a_nova_peneira.png","datePublished":"2020-08-10T08:00:57+00:00","breadcrumb":{"@id":"https:\/\/www.anovapeneira.gal\/index.php\/2020\/08\/10\/o-erizana-c-f-e-o-instituto-de-estudos-minoranos-distingidos-coa-medalla-de-ouro-do-concello-de-baiona-maxima-concecoracion-que-pode-outorgar-a-corporacion-municipal\/#breadcrumb"},"inLanguage":"gl-ES","potentialAction":[{"@type":"ReadAction","target":["https:\/\/www.anovapeneira.gal\/index.php\/2020\/08\/10\/o-erizana-c-f-e-o-instituto-de-estudos-minoranos-distingidos-coa-medalla-de-ouro-do-concello-de-baiona-maxima-concecoracion-que-pode-outorgar-a-corporacion-municipal\/"]}]},{"@type":"ImageObject","inLanguage":"gl-ES","@id":"https:\/\/www.anovapeneira.gal\/index.php\/2020\/08\/10\/o-erizana-c-f-e-o-instituto-de-estudos-minoranos-distingidos-coa-medalla-de-ouro-do-concello-de-baiona-maxima-concecoracion-que-pode-outorgar-a-corporacion-municipal\/#primaryimage","url":"https:\/\/www.anovapeneira.gal\/wp-content\/uploads\/2020\/08\/concello_de_baiona_a_nova_peneira.png","contentUrl":"https:\/\/www.anovapeneira.gal\/wp-content\/uploads\/2020\/08\/concello_de_baiona_a_nova_peneira.png","width":720,"height":432,"caption":"Concello de Baiona"},{"@type":"BreadcrumbList","@id":"https:\/\/www.anovapeneira.gal\/index.php\/2020\/08\/10\/o-erizana-c-f-e-o-instituto-de-estudos-minoranos-distingidos-coa-medalla-de-ouro-do-concello-de-baiona-maxima-concecoracion-que-pode-outorgar-a-corporacion-municipal\/#breadcrumb","itemListElement":[{"@type":"ListItem","position":1,"name":"Portada","item":"https:\/\/www.anovapeneira.gal\/"},{"@type":"ListItem","position":2,"name":"O Erizana C.F. e o Instituto de Estudos Mi\u00f1oranos, distingidos coa &#8216;Medalla de Ouro&#8217; do Concello de Baiona, m\u00e1xima concecoraci\u00f3n que pode outorgar a Corporaci\u00f3n Municipal"}]},{"@type":"WebSite","@id":"https:\/\/www.anovapeneira.gal\/#website","url":"https:\/\/www.anovapeneira.gal\/","name":"","description":"Xornal galego de informaci\u00f3n xeral Publicaci\u00f3n mensual de novas de Galicia e en especial dos Concellos da sur da provincia de Pontevedra.","publisher":{"@id":"https:\/\/www.anovapeneira.gal\/#organization"},"potentialAction":[{"@type":"SearchAction","target":{"@type":"EntryPoint","urlTemplate":"https:\/\/www.anovapeneira.gal\/?s={search_term_string}"},"query-input":{"@type":"PropertyValueSpecification","valueRequired":true,"valueName":"search_term_string"}}],"inLanguage":"gl-ES"},{"@type":"Organization","@id":"https:\/\/www.anovapeneira.gal\/#organization","name":"A Nova Peneira","url":"https:\/\/www.anovapeneira.gal\/","logo":{"@type":"ImageObject","inLanguage":"gl-ES","@id":"https:\/\/www.anovapeneira.gal\/#\/schema\/logo\/image\/","url":"http:\/\/www.anovapeneira.gal\/wp-content\/uploads\/2019\/06\/logo_a_nova_peneira_portal_web.png","contentUrl":"http:\/\/www.anovapeneira.gal\/wp-content\/uploads\/2019\/06\/logo_a_nova_peneira_portal_web.png","width":300,"height":100,"caption":"A Nova Peneira"},"image":{"@id":"https:\/\/www.anovapeneira.gal\/#\/schema\/logo\/image\/"},"sameAs":["https:\/\/www.facebook.com\/anovapeneira","https:\/\/x.com\/APeneira"]},{"@type":"Person","@id":"https:\/\/www.anovapeneira.gal\/#\/schema\/person\/b93e3f8932e3f8da96334607eb6ac6aa","name":"Redacci\u00f3n A Nova Peneira","image":{"@type":"ImageObject","inLanguage":"gl-ES","@id":"https:\/\/secure.gravatar.com\/avatar\/c052a2551a06e23fac63626232eaa90abd78dbcf1700fc46a2b2c89fd27b735f?s=96&d=mm&r=g","url":"https:\/\/secure.gravatar.com\/avatar\/c052a2551a06e23fac63626232eaa90abd78dbcf1700fc46a2b2c89fd27b735f?s=96&d=mm&r=g","contentUrl":"https:\/\/secure.gravatar.com\/avatar\/c052a2551a06e23fac63626232eaa90abd78dbcf1700fc46a2b2c89fd27b735f?s=96&d=mm&r=g","caption":"Redacci\u00f3n A Nova Peneira"},"sameAs":["http:\/\/www.anovapeneira.gal\/"],"url":"https:\/\/www.anovapeneira.gal\/index.php\/author\/redactor\/"}]}},"jetpack_featured_media_url":"https:\/\/www.anovapeneira.gal\/wp-content\/uploads\/2020\/08\/concello_de_baiona_a_nova_peneira.png","_links":{"self":[{"href":"https:\/\/www.anovapeneira.gal\/index.php\/wp-json\/wp\/v2\/posts\/3683","targetHints":{"allow":["GET"]}}],"collection":[{"href":"https:\/\/www.anovapeneira.gal\/index.php\/wp-json\/wp\/v2\/posts"}],"about":[{"href":"https:\/\/www.anovapeneira.gal\/index.php\/wp-json\/wp\/v2\/types\/post"}],"author":[{"embeddable":true,"href":"https:\/\/www.anovapeneira.gal\/index.php\/wp-json\/wp\/v2\/users\/3"}],"replies":[{"embeddable":true,"href":"https:\/\/www.anovapeneira.gal\/index.php\/wp-json\/wp\/v2\/comments?post=3683"}],"version-history":[{"count":2,"href":"https:\/\/www.anovapeneira.gal\/index.php\/wp-json\/wp\/v2\/posts\/3683\/revisions"}],"predecessor-version":[{"id":3686,"href":"https:\/\/www.anovapeneira.gal\/index.php\/wp-json\/wp\/v2\/posts\/3683\/revisions\/3686"}],"wp:featuredmedia":[{"embeddable":true,"href":"https:\/\/www.anovapeneira.gal\/index.php\/wp-json\/wp\/v2\/media\/3685"}],"wp:attachment":[{"href":"https:\/\/www.anovapeneira.gal\/index.php\/wp-json\/wp\/v2\/media?parent=3683"}],"wp:term":[{"taxonomy":"category","embeddable":true,"href":"https:\/\/www.anovapeneira.gal\/index.php\/wp-json\/wp\/v2\/categories?post=3683"},{"taxonomy":"post_tag","embeddable":true,"href":"https:\/\/www.anovapeneira.gal\/index.php\/wp-json\/wp\/v2\/tags?post=3683"}],"curies":[{"name":"wp","href":"https:\/\/api.w.org\/{rel}","templated":true}]}}