{"id":3692,"date":"2020-08-11T10:00:43","date_gmt":"2020-08-11T08:00:43","guid":{"rendered":"http:\/\/www.anovapeneira.gal\/?p=3692"},"modified":"2020-08-07T11:58:50","modified_gmt":"2020-08-07T09:58:50","slug":"o-deporte-no-concello-de-as-neves","status":"publish","type":"post","link":"https:\/\/www.anovapeneira.gal\/index.php\/2020\/08\/11\/o-deporte-no-concello-de-as-neves\/","title":{"rendered":"O deporte no Concello de As neves"},"content":{"rendered":"\n<p><strong>O equipo de f\u00fatbol que leva o nome do Concello, despois dunha grande temporada acadou o ascenso ata a segunda divisi\u00f3n auton\u00f3mica. N\u00f3s acheg\u00e1monos ata AS NEVES e conversamos con Salvador, o seu presidente, para co\u00f1ecer como encaran o presente ano e aproveitamos a viaxe para falarmos con \u00d3scar, o concelleiro de deportes, para co\u00f1ecer o m\u00e1is salientable do deporte neste fermos\u00edsimo concello. As Neves \u00e9 un concello que ten un encanto especial. O acougo e paz que transmiten as s\u00faas r\u00faas, a pegada hist\u00f3rica tan profunda que podemos atopar en cada curruncho do pobo, fan que o viaxeiro se sinta rapidamente identificado coa sociolox\u00eda nevense. Na actualidade atravesa, como moitas outras zonas da Galicia interior, un grave problema demogr\u00e1fico. Sen d\u00fabida merece un esforzo extra de toda a sociedade galega para axudar a que localidades tan bonitas como As Neves estean eternamente vivas din\u00e1micas e con oportunidades para que quen queira poida desenvolver un proxecto de vida no seu territorio. Vela\u00ed vai o que deron de si ambas conversas<\/strong><\/p>\n\n\n\n<p><strong>SALVADOR P\u00c9REZ PRESIDENTE DO AS NEVES F.C<\/strong><\/p>\n\n\n\n<p>\u201c<strong>N\u00d3S DEBEMOS ASPIRAR \u00c1 1\u00ba AUTON\u00d3MICA PERO PARA ELO SER\u00cdA NECESARIO UNHA IMPLICACI\u00d3N MOITO MAIOR DE TODA A SOCIEDADE NEVENSE\u201d<\/strong><\/p>\n\n\n\n<p><strong>Temos que darche os parab\u00e9ns polo ascenso<\/strong><\/p>\n\n\n\n<blockquote class=\"wp-block-quote is-layout-flow wp-block-quote-is-layout-flow\"><p>Moitas grazas, a verdade no medio de moitas dificultades conseguimos o noso obxectivo deportivo, que era ascender, e estamos moi satisfeitos abof\u00e9 que si<\/p><\/blockquote>\n\n\n\n<p><strong>Cantos anos levas na presidencia?<\/strong><\/p>\n\n\n\n<blockquote class=\"wp-block-quote is-layout-flow wp-block-quote-is-layout-flow\"><p>Non cho podo dicir con seguridade, pero arredor de 10, creo eu.<\/p><\/blockquote>\n\n\n\n<p><strong>Es natural de As Neves?<\/strong><\/p>\n\n\n\n<blockquote class=\"wp-block-quote is-layout-flow wp-block-quote-is-layout-flow\"><p>Son de Ribarteme.<\/p><\/blockquote>\n\n\n\n<p><strong>Como chegaches \u00e1 presidencia?<\/strong><\/p>\n\n\n\n<blockquote class=\"wp-block-quote is-layout-flow wp-block-quote-is-layout-flow\"><p>A min g\u00fastame moito o f\u00fatbol, e cando regresei de Alacante, al\u00ed desenvolv\u00eda a mi\u00f1a actividade profesional, f\u00edxenme socio do equipo, e o que estaba de presidente convenceume para que accedera \u00e1 vicepresidencia. Ao pouco tempo el deixouno e asum\u00edn eu a presidencia<\/p><\/blockquote>\n\n\n\n<p><strong>Cando colliches o equipo en que divisi\u00f3n estaba?<\/strong><\/p>\n\n\n\n<blockquote class=\"wp-block-quote is-layout-flow wp-block-quote-is-layout-flow\"><p>Estabamos en terceira, sub\u00edmolo a segunda, estivemos un tempo en segunda, logo volvemos baixar, e despois de dous anos en terceira, a pasada temporada logramos ascender de novo<\/p><\/blockquote>\n\n\n\n<p><strong>Cal foi a chave do ascenso ao teu xu\u00edzo?<\/strong><\/p>\n\n\n\n<blockquote class=\"wp-block-quote is-layout-flow wp-block-quote-is-layout-flow\"><p>Eu creo que conseguimos formar un grupo excepcional, tanto deportivo, temos moi bos xogadores, como humano, somos como unha familia. Non me gusta personalizar porque \u00e9 m\u00e9rito de todos por igual, xa que todos fixeron un traballo excepcional, pero quixera mencionar a gran labor que fixo Julio<\/p><\/blockquote>\n\n\n\n<p><strong>Os xogadores de onde son?<\/strong><\/p>\n\n\n\n<blockquote class=\"wp-block-quote is-layout-flow wp-block-quote-is-layout-flow\"><p>A maior\u00eda dos 17 que temos, son das Neves, ag\u00e1s un par deles que son de Arbo, practicamente todos son naturais do noso concello<\/p><\/blockquote>\n\n\n\n<p><strong>S\u00f3 tivestes 17 fichas?<\/strong><\/p>\n\n\n\n<blockquote class=\"wp-block-quote is-layout-flow wp-block-quote-is-layout-flow\"><p>Si, pero non por falta de vontade sen\u00f3n, porque como sabes a nosa contorna padece un grave problema demogr\u00e1fico, hai moi pouca xente nova, e xa que logo non \u00e9 nada doado toparmos xogadores<\/p><\/blockquote>\n\n\n\n<p><strong>O adestrador vai continuar este ano?<\/strong><\/p>\n\n\n\n<blockquote class=\"wp-block-quote is-layout-flow wp-block-quote-is-layout-flow\"><p>Desde logo, estamos moi contentos con Javi, un home que xa foi porteiro do noso club<\/p><\/blockquote>\n\n\n\n<p><strong>Supo\u00f1o que este ano ficharedes a algu\u00e9n para reforzarvos?<\/strong><\/p>\n\n\n\n<blockquote class=\"wp-block-quote is-layout-flow wp-block-quote-is-layout-flow\"><p>A nosa intenci\u00f3n \u00e9 manter o grupo, xa che dixen que estamos realmente contentos con el, e facer algunha fichaxe para reforzarnos. Agardo que poidamos ter 20 fichas este ano, pero non te creas que \u00e9 f\u00e1cil atopar xente. A demograf\u00eda \u00e9 un problema enorme para o noso pobo.<\/p><\/blockquote>\n\n\n\n<p><strong>V\u00f3s xogades no campo municipal, que se chama Pepe Cap\u00f3n. Il\u00fastranos presidente, quen foi a persoa que lle d\u00e1 nome ao terreo de xogo?<\/strong><\/p>\n\n\n\n<blockquote class=\"wp-block-quote is-layout-flow wp-block-quote-is-layout-flow\"><p>Eu non o cheguei a co\u00f1ecer. Seica foi unha persoa que dedicou toda a s\u00faa vida ao club<\/p><\/blockquote>\n\n\n\n<p><strong>Observo que cambiastes o c\u00e9spede?<\/strong><\/p>\n\n\n\n<blockquote class=\"wp-block-quote is-layout-flow wp-block-quote-is-layout-flow\"><p>Si, acabamos de mudalo este ano. Cambiouno o concello. Estou realmente satisfeito da nosa relaci\u00f3n tanto co alcalde como con \u00d3scar, o concelleiro de deportes<\/p><\/blockquote>\n\n\n\n<p><strong>Cando chegaches ti \u00e1 presidencia estaba Ra\u00fal de alcalde non?<\/strong><\/p>\n\n\n\n<blockquote class=\"wp-block-quote is-layout-flow wp-block-quote-is-layout-flow\"><p>Si, e tam\u00e9n tiven moi boas relaci\u00f3ns con el. As mi\u00f1as relaci\u00f3ns tanto con Raul como con Xose foron excelentes. O \u00fanico que podo de dicir do trato que nos d\u00e1 o Concello de As Neves son cousas boas<\/p><\/blockquote>\n\n\n\n<p><strong>Cantos equipos tedes?<\/strong><\/p>\n\n\n\n<blockquote class=\"wp-block-quote is-layout-flow wp-block-quote-is-layout-flow\"><p>A maior parte dos anos tivemos 5: alev\u00edns, infant\u00eds, cadetes, xuven\u00eds e senior, pero como mencionei antes temos un grav\u00edsimo problema demogr\u00e1fico e non nos queda outra que adecuarnos \u00e1 realidade. Este ano creo que nos imos quedar con tres; alev\u00edns, cadetes e o equipo maior<\/p><\/blockquote>\n\n\n\n<p><strong>E f\u00fatbol feminino?<\/strong><\/p>\n\n\n\n<blockquote class=\"wp-block-quote is-layout-flow wp-block-quote-is-layout-flow\"><p>Intentamos facelo, pero foinos imposible. Non hai suficientes mozas interesadas no Concello para podelo montar<\/p><\/blockquote>\n\n\n\n<p><strong>Como valoras a implicaci\u00f3n da veci\u00f1anza co equipo?<\/strong><\/p>\n\n\n\n<blockquote class=\"wp-block-quote is-layout-flow wp-block-quote-is-layout-flow\"><p>Para min \u00e9 escasa. Somos moi poucos socios, s\u00f3 80.Os que estamos implicados dedic\u00e1moslle grande cantidade de horas, esforzo, sacrificio e imaxinaci\u00f3n para procurar financiamento. De non ser as\u00ed ser\u00eda imposible<\/p><\/blockquote>\n\n\n\n<p><strong>Cantas persoas soen asistir aos partidos?<\/strong><\/p>\n\n\n\n<blockquote class=\"wp-block-quote is-layout-flow wp-block-quote-is-layout-flow\"><p>Este ano como iamos moi ben a asistencia era algo maior que o habitual pero normalmente ven moi pouca xente, arredor de 50 persoas de media. \u00e1s veces ven m\u00e1is p\u00fablico de f\u00f3ra que de casa<\/p><\/blockquote>\n\n\n\n<p><strong>Tedes cantina?<\/strong><\/p>\n\n\n\n<blockquote class=\"wp-block-quote is-layout-flow wp-block-quote-is-layout-flow\"><p>Si, pero ao vir pouca xente aos partidos non te creas que deixa moito. N\u00f3s chegamos a ter dous equipos de veteranos, que se desfixeron. Cando exist\u00edan a cantina funcionaba un pouco mellor<\/p><\/blockquote>\n\n\n\n<p><strong>Cantas persoas sodes na directiva?<\/strong><\/p>\n\n\n\n<blockquote class=\"wp-block-quote is-layout-flow wp-block-quote-is-layout-flow\"><p>Cinco. Agardo que este ano poida meter a d\u00faas persoas m\u00e1is<\/p><\/blockquote>\n\n\n\n<p><strong>Os obxectivos deportivos para esta temporada cales son?<\/strong><\/p>\n\n\n\n<blockquote class=\"wp-block-quote is-layout-flow wp-block-quote-is-layout-flow\"><p>Manternos, de momento non podemos aspirar a m\u00e1is<\/p><\/blockquote>\n\n\n\n<p><strong>En funci\u00f3n da dimensi\u00f3n e estrutura sociol\u00f3xica das Neves, cal dir\u00edas ti que \u00e9 o lugar natural do equipo?<\/strong><\/p>\n\n\n\n<blockquote class=\"wp-block-quote is-layout-flow wp-block-quote-is-layout-flow\"><p>N\u00f3s debemos aspirar \u00e1 1\u00ba auton\u00f3mica, pero para iso necesitamos unha implicaci\u00f3n moito m\u00e1is elevada de toda a sociedade nevense<\/p><\/blockquote>\n\n\n\n<p><strong>Rematamos Salvador. O f\u00fatbol modesto sen p\u00fablico \u00e9 viable?<\/strong><\/p>\n\n\n\n<blockquote class=\"wp-block-quote is-layout-flow wp-block-quote-is-layout-flow\"><p>De ningunha maneira. Se tal como sucedeu nos \u00faltimos partidos de liga profesional, f\u00f3semos obrigados a xogar sen p\u00fablico, ser\u00eda total e absolutamente imposible a viabilidade do f\u00fatbol modesto<\/p><\/blockquote>\n\n\n\n<p><strong>\u00d3SCAR GONZ\u00c1LEZ CONCELLEIRO DE DEPORTES DO CONCELLO DE AS NEVES<\/strong><\/p>\n\n\n\n<p><strong>\u00d3scar \u00e9 un mozo de Taboexa ,que entre outras leva a \u00e1rea de deportes no goberno municipal. Desde moi novo est\u00e1 vencellado ao asociacionismo da sociedade civil do seu pobo, e a\u00ednda que non chega aos 40 anos xa leva un feixe deles militando no BNG das Neves<\/strong><\/p>\n\n\n\n<figure class=\"wp-block-image size-large is-style-default\"><img loading=\"lazy\" decoding=\"async\" width=\"720\" height=\"432\" src=\"http:\/\/www.anovapeneira.gal\/wp-content\/uploads\/2020\/08\/oscar_cocelleiro_deportes_as_neves.jpg\" alt=\"\u00d3scar L\u00f3pez Concelleiro Deportes As Neves A Nova Peneira\" class=\"wp-image-3695\" srcset=\"https:\/\/www.anovapeneira.gal\/wp-content\/uploads\/2020\/08\/oscar_cocelleiro_deportes_as_neves.jpg 720w, https:\/\/www.anovapeneira.gal\/wp-content\/uploads\/2020\/08\/oscar_cocelleiro_deportes_as_neves-300x180.jpg 300w\" sizes=\"auto, (max-width: 720px) 100vw, 720px\" \/><\/figure>\n\n\n\n<p>\u201c<strong>Tanto este concelleiro de deportes, como todo o goberno, estamos ao dispor de calquera colectivo deportivo do noso pobo para tratar de facilitarlles as cousas\u201d<\/strong><\/p>\n\n\n\n<p><strong>Que \u00e1reas levas ti, \u00d3scar?<\/strong><\/p>\n\n\n\n<blockquote class=\"wp-block-quote is-layout-flow wp-block-quote-is-layout-flow\"><p>Eu levo servizos p\u00fablicos, medio ambiente, medio rural, deportes e innovaci\u00f3n tecnol\u00f3xica<\/p><\/blockquote>\n\n\n\n<p><strong>Cal \u00e9 a t\u00faa formaci\u00f3n?<\/strong><\/p>\n\n\n\n<blockquote class=\"wp-block-quote is-layout-flow wp-block-quote-is-layout-flow\"><p>Son t\u00e9cnico inform\u00e1tico<\/p><\/blockquote>\n\n\n\n<p><strong>Canto tempo levas en pol\u00edtica?<\/strong><\/p>\n\n\n\n<blockquote class=\"wp-block-quote is-layout-flow wp-block-quote-is-layout-flow\"><p>Desde o ano 2.006, xa levo 14 anos no BNG das Neves. Todo comezou nunha feira do Requeixo. Estaba eu visit\u00e1ndoa e hab\u00eda un posto informativo do BNG, achegueime, comezamos a conversar, e 14 anos despois aqu\u00ed estou<\/p><\/blockquote>\n\n\n\n<p><strong>Xa estaba Xose naquel posto?<\/strong><\/p>\n\n\n\n<blockquote class=\"wp-block-quote is-layout-flow wp-block-quote-is-layout-flow\"><p>Si, al\u00ed estaba ao actual alcalde, si<\/p><\/blockquote>\n\n\n\n<p><strong>Que tal no cogoberno co PSOE neste segundo mandato?<\/strong><\/p>\n\n\n\n<blockquote class=\"wp-block-quote is-layout-flow wp-block-quote-is-layout-flow\"><p>Moi ben, moit\u00edsimo m\u00e1is c\u00f3modos que no anterior<\/p><\/blockquote>\n\n\n\n<p><strong>De onde es natural?<\/strong><\/p>\n\n\n\n<blockquote class=\"wp-block-quote is-layout-flow wp-block-quote-is-layout-flow\"><p>Eu son natural da parroquia de Taboexa<\/p><\/blockquote>\n\n\n\n<p><strong>Ve\u00f1o de falar con Salvador, e el dime que est\u00e1 moi contento das relaci\u00f3ns que ten tanto co alcalde como contigo. E ti?<\/strong><\/p>\n\n\n\n<blockquote class=\"wp-block-quote is-layout-flow wp-block-quote-is-layout-flow\"><p>N\u00f3s procuramos ter a relaci\u00f3n m\u00e1is intensa posible co equipo de f\u00fatbol, como non pod\u00eda ser doutra maneira. Son un colectivo do noso concello, levan o nome do noso pobo, e compiten nun campo que \u00e9 municipal, polo tanto, como con calquera outra entidade deportiva nevense, este concelleiro e o goberno en pleno estamos ao seu dispor para tratar de facilitarlles as cousas<\/p><\/blockquote>\n\n\n\n<p><strong>Mudastes o c\u00e9spede do campo. Ese tipo de obras son moi custosas verdade?<\/strong><\/p>\n\n\n\n<blockquote class=\"wp-block-quote is-layout-flow wp-block-quote-is-layout-flow\"><p>Si, o custe final estivo arredor dos 130.000\u20ac.N\u00f3s recibimos unha subvenci\u00f3n do ministerio de transici\u00f3n ecol\u00f3xica, s\u00f3 o noso concello e o de Vigo, na provincia de Pontevedra, acudimos a esa subvenci\u00f3n destinada a paliar os efectos dos incendios do 2.017.E naquel lume, as redes exteriores arderon caeron no c\u00e9spede e dan\u00e1rono. Esa subvenci\u00f3n sufraga cerca da metade da obra<\/p><\/blockquote>\n\n\n\n<p><strong>E o resto?<\/strong><\/p>\n\n\n\n<blockquote class=\"wp-block-quote is-layout-flow wp-block-quote-is-layout-flow\"><p>Entre a compa\u00f1\u00eda aseguradora do campo e o Concello.<\/p><\/blockquote>\n\n\n\n<p><strong>O presidente do equipo de f\u00fatbol est\u00e1 preocupado pola dificultade tanto para encontrar xogadores como para que haxa un posible relevo xeracional \u00e1 xunta directiva actual?<\/strong><\/p>\n\n\n\n<blockquote class=\"wp-block-quote is-layout-flow wp-block-quote-is-layout-flow\"><p>Non somos alleos a esa circunstancia .Somos conscientes que o noso pobo, como moitos outros da Galicia interior, padece un grave problema demogr\u00e1fico. \u00c9 responsabilidade de todos, da administraci\u00f3n municipal tam\u00e9n, claro que si, tratar de mitigalo<\/p><\/blockquote>\n\n\n\n<p><strong>Cantos equipos deportivos ten AS NEVES?<\/strong><\/p>\n\n\n\n<blockquote class=\"wp-block-quote is-layout-flow wp-block-quote-is-layout-flow\"><p>Al\u00e9n do equipo con cuxo presidente acabas de falar, est\u00e1 o Rubi\u00f3s, outro equipo de f\u00fatbol que milita en 3\u00ba auton\u00f3mica e que tam\u00e9n te\u00f1en equipo de veteranos. O F\u00fatbol Sala As Neves, que xogan o pavill\u00f3n municipal, que tam\u00e9n tivo un ano moi bo, pois participou na auton\u00f3mica sur e quedaron primeiros. O Club de Badminton As Neves ten moit\u00edsima importancia no noso concello, pois temos algunha persoa participando en competici\u00f3ns europeas. Debemos destacar o caso de Luc\u00eda Rodr\u00edguez que est\u00e1 a participar no campionato do mundo coa selecci\u00f3n espa\u00f1ola. Non me quero esquecer do Cornelios, un club que se dedica ao deporte relacionado coa orientaci\u00f3n. Fan moitas modalidades como andainas, kayak&#8230;<\/p><\/blockquote>\n\n\n\n<p><strong>Vaia, malia que temos problemas demogr\u00e1ficos evidentes, observo que o deporte ten unha presenza ampla e variada<\/strong><\/p>\n\n\n\n<blockquote class=\"wp-block-quote is-layout-flow wp-block-quote-is-layout-flow\"><p>E tanto que si. Tam\u00e9n temos asociaci\u00f3ns deportivas como por exemplo a asociaci\u00f3n SANOMEDIO, que maioritariamente fai andainas e BTT.E por \u00faltimo en Taboexa tam\u00e9n se organizan campionatos de motocross<\/p><\/blockquote>\n\n\n\n<p><strong>E de instalaci\u00f3ns como andamos?<\/strong><\/p>\n\n\n\n<blockquote class=\"wp-block-quote is-layout-flow wp-block-quote-is-layout-flow\"><p>Ben, temos o campo de f\u00fatbol municipal, e o pavill\u00f3n de deportes<\/p><\/blockquote>\n\n\n\n<p><strong>O campo pareceume que est\u00e1 moi ben, pero creo que \u00e1 grada fac\u00edalle falta un lavado de cara<\/strong><\/p>\n\n\n\n<blockquote class=\"wp-block-quote is-layout-flow wp-block-quote-is-layout-flow\"><p>Estou de acordo contigo, de feito temos a intenci\u00f3n de facelo antes de que comece a temporada<\/p><\/blockquote>\n\n\n\n<p><strong>O pavill\u00f3n non o co\u00f1ezo, como est\u00e1n as instalaci\u00f3ns?<\/strong><\/p>\n\n\n\n<blockquote class=\"wp-block-quote is-layout-flow wp-block-quote-is-layout-flow\"><p>No 2.015 remataron a modificaci\u00f3n das gradas e a partir de a\u00ed, nos acometemos unha obra para mellorar a iluminaci\u00f3n interior. Cambiamos a LED a iluminaci\u00f3n do teito<\/p><\/blockquote>\n\n\n\n<p><strong>As relaci\u00f3ns do concelleiro con todas as asociaci\u00f3ns e clubs que mencionaches son boas?<\/strong><\/p>\n\n\n\n<blockquote class=\"wp-block-quote is-layout-flow wp-block-quote-is-layout-flow\"><p>Pola mi\u00f1a parte desde logo que si, agardo que o sentimento sexa rec\u00edproco en todos os equipos. Eu polo menos, procuro de dar o mellor de min mesmo, e tratar a todos con equidade para que as\u00ed sexa.<\/p><\/blockquote>\n\n\n\n<p><strong>Vexo que est\u00e1s moi c\u00f3modo na conceller\u00eda de deportes?<\/strong><\/p>\n\n\n\n<blockquote class=\"wp-block-quote is-layout-flow wp-block-quote-is-layout-flow\"><p>Estouno, a verdade \u00e9 que si. A min o que me gusta \u00e9 traballar polo ben com\u00fan .Xa desde moi novo estou vencellado ao asociacionismo na sociedade civil, e considero que a procura do ben colectivo \u00e9 o cami\u00f1o m\u00e1is adecuado para asegurar o benestar individual<\/p><\/blockquote>\n","protected":false},"excerpt":{"rendered":"<div class=\"mh-excerpt\"><p>O equipo de f\u00fatbol que leva o nome do Concello, despois dunha grande temporada acadou o ascenso ata a segunda divisi\u00f3n auton\u00f3mica. N\u00f3s acheg\u00e1monos ata AS NEVES e conversamos con Salvador, o seu presidente, para co\u00f1ecer como encaran o presente ano e aproveitamos a viaxe para falarmos con \u00d3scar, o concelleiro de deportes, para co\u00f1ecer o m\u00e1is salientable do deporte neste fermos\u00edsimo concello. As Neves \u00e9 un concello que ten un encanto especial <a class=\"mh-excerpt-more\" href=\"https:\/\/www.anovapeneira.gal\/index.php\/2020\/08\/11\/o-deporte-no-concello-de-as-neves\/\" title=\"O deporte no Concello de As neves\">[&#8230;]<\/a><\/p>\n<\/div>","protected":false},"author":3,"featured_media":3693,"comment_status":"open","ping_status":"open","sticky":false,"template":"","format":"standard","meta":{"_exactmetrics_skip_tracking":false,"_exactmetrics_sitenote_active":false,"_exactmetrics_sitenote_note":"","_exactmetrics_sitenote_category":0,"footnotes":""},"categories":[267],"tags":[546,368],"class_list":{"0":"post-3692","1":"post","2":"type-post","3":"status-publish","4":"format-standard","5":"has-post-thumbnail","7":"category-condado-entrevistas","8":"tag-concello-das-neves","9":"tag-futbol"},"yoast_head":"<!-- This site is optimized with the Yoast SEO plugin v27.4 - https:\/\/yoast.com\/product\/yoast-seo-wordpress\/ -->\n<title>O deporte no Concello de As neves -<\/title>\n<meta name=\"robots\" content=\"index, follow, max-snippet:-1, max-image-preview:large, max-video-preview:-1\" \/>\n<link rel=\"canonical\" href=\"https:\/\/www.anovapeneira.gal\/index.php\/2020\/08\/11\/o-deporte-no-concello-de-as-neves\/\" \/>\n<meta property=\"og:locale\" content=\"gl_ES\" \/>\n<meta property=\"og:type\" content=\"article\" \/>\n<meta property=\"og:title\" content=\"O deporte no Concello de As neves -\" \/>\n<meta property=\"og:description\" content=\"O equipo de f\u00fatbol que leva o nome do Concello, despois dunha grande temporada acadou o ascenso ata a segunda divisi\u00f3n auton\u00f3mica. N\u00f3s acheg\u00e1monos ata AS NEVES e conversamos con Salvador, o seu presidente, para co\u00f1ecer como encaran o presente ano e aproveitamos a viaxe para falarmos con \u00d3scar, o concelleiro de deportes, para co\u00f1ecer o m\u00e1is salientable do deporte neste fermos\u00edsimo concello. As Neves \u00e9 un concello que ten un encanto especial [...]\" \/>\n<meta property=\"og:url\" content=\"https:\/\/www.anovapeneira.gal\/index.php\/2020\/08\/11\/o-deporte-no-concello-de-as-neves\/\" \/>\n<meta property=\"article:publisher\" content=\"https:\/\/www.facebook.com\/anovapeneira\" \/>\n<meta property=\"article:published_time\" content=\"2020-08-11T08:00:43+00:00\" \/>\n<meta property=\"og:image\" content=\"https:\/\/www.anovapeneira.gal\/wp-content\/uploads\/2020\/08\/salvador_presidente_futbol_as_neves.jpg\" \/>\n\t<meta property=\"og:image:width\" content=\"720\" \/>\n\t<meta property=\"og:image:height\" content=\"432\" \/>\n\t<meta property=\"og:image:type\" content=\"image\/jpeg\" \/>\n<meta name=\"author\" content=\"Redacci\u00f3n A Nova Peneira\" \/>\n<meta name=\"twitter:card\" content=\"summary_large_image\" \/>\n<meta name=\"twitter:creator\" content=\"@APeneira\" \/>\n<meta name=\"twitter:site\" content=\"@APeneira\" \/>\n<meta name=\"twitter:label1\" content=\"Escrito por\" \/>\n\t<meta name=\"twitter:data1\" content=\"Redacci\u00f3n A Nova Peneira\" \/>\n\t<meta name=\"twitter:label2\" content=\"Tempo de lectura\" \/>\n\t<meta name=\"twitter:data2\" content=\"9 minutos\" \/>\n<script type=\"application\/ld+json\" class=\"yoast-schema-graph\">{\"@context\":\"https:\\\/\\\/schema.org\",\"@graph\":[{\"@type\":\"Article\",\"@id\":\"https:\\\/\\\/www.anovapeneira.gal\\\/index.php\\\/2020\\\/08\\\/11\\\/o-deporte-no-concello-de-as-neves\\\/#article\",\"isPartOf\":{\"@id\":\"https:\\\/\\\/www.anovapeneira.gal\\\/index.php\\\/2020\\\/08\\\/11\\\/o-deporte-no-concello-de-as-neves\\\/\"},\"author\":{\"name\":\"Redacci\u00f3n A Nova Peneira\",\"@id\":\"https:\\\/\\\/www.anovapeneira.gal\\\/#\\\/schema\\\/person\\\/b93e3f8932e3f8da96334607eb6ac6aa\"},\"headline\":\"O deporte no Concello de As neves\",\"datePublished\":\"2020-08-11T08:00:43+00:00\",\"mainEntityOfPage\":{\"@id\":\"https:\\\/\\\/www.anovapeneira.gal\\\/index.php\\\/2020\\\/08\\\/11\\\/o-deporte-no-concello-de-as-neves\\\/\"},\"wordCount\":1877,\"commentCount\":0,\"publisher\":{\"@id\":\"https:\\\/\\\/www.anovapeneira.gal\\\/#organization\"},\"image\":{\"@id\":\"https:\\\/\\\/www.anovapeneira.gal\\\/index.php\\\/2020\\\/08\\\/11\\\/o-deporte-no-concello-de-as-neves\\\/#primaryimage\"},\"thumbnailUrl\":\"https:\\\/\\\/www.anovapeneira.gal\\\/wp-content\\\/uploads\\\/2020\\\/08\\\/salvador_presidente_futbol_as_neves.jpg\",\"keywords\":[\"Concello das Neves\",\"F\u00fatbol\"],\"articleSection\":[\"Condado\"],\"inLanguage\":\"gl-ES\",\"potentialAction\":[{\"@type\":\"CommentAction\",\"name\":\"Comment\",\"target\":[\"https:\\\/\\\/www.anovapeneira.gal\\\/index.php\\\/2020\\\/08\\\/11\\\/o-deporte-no-concello-de-as-neves\\\/#respond\"]}]},{\"@type\":\"WebPage\",\"@id\":\"https:\\\/\\\/www.anovapeneira.gal\\\/index.php\\\/2020\\\/08\\\/11\\\/o-deporte-no-concello-de-as-neves\\\/\",\"url\":\"https:\\\/\\\/www.anovapeneira.gal\\\/index.php\\\/2020\\\/08\\\/11\\\/o-deporte-no-concello-de-as-neves\\\/\",\"name\":\"O deporte no Concello de As neves -\",\"isPartOf\":{\"@id\":\"https:\\\/\\\/www.anovapeneira.gal\\\/#website\"},\"primaryImageOfPage\":{\"@id\":\"https:\\\/\\\/www.anovapeneira.gal\\\/index.php\\\/2020\\\/08\\\/11\\\/o-deporte-no-concello-de-as-neves\\\/#primaryimage\"},\"image\":{\"@id\":\"https:\\\/\\\/www.anovapeneira.gal\\\/index.php\\\/2020\\\/08\\\/11\\\/o-deporte-no-concello-de-as-neves\\\/#primaryimage\"},\"thumbnailUrl\":\"https:\\\/\\\/www.anovapeneira.gal\\\/wp-content\\\/uploads\\\/2020\\\/08\\\/salvador_presidente_futbol_as_neves.jpg\",\"datePublished\":\"2020-08-11T08:00:43+00:00\",\"breadcrumb\":{\"@id\":\"https:\\\/\\\/www.anovapeneira.gal\\\/index.php\\\/2020\\\/08\\\/11\\\/o-deporte-no-concello-de-as-neves\\\/#breadcrumb\"},\"inLanguage\":\"gl-ES\",\"potentialAction\":[{\"@type\":\"ReadAction\",\"target\":[\"https:\\\/\\\/www.anovapeneira.gal\\\/index.php\\\/2020\\\/08\\\/11\\\/o-deporte-no-concello-de-as-neves\\\/\"]}]},{\"@type\":\"ImageObject\",\"inLanguage\":\"gl-ES\",\"@id\":\"https:\\\/\\\/www.anovapeneira.gal\\\/index.php\\\/2020\\\/08\\\/11\\\/o-deporte-no-concello-de-as-neves\\\/#primaryimage\",\"url\":\"https:\\\/\\\/www.anovapeneira.gal\\\/wp-content\\\/uploads\\\/2020\\\/08\\\/salvador_presidente_futbol_as_neves.jpg\",\"contentUrl\":\"https:\\\/\\\/www.anovapeneira.gal\\\/wp-content\\\/uploads\\\/2020\\\/08\\\/salvador_presidente_futbol_as_neves.jpg\",\"width\":720,\"height\":432,\"caption\":\"Salvador Presidente club f\u00fatbol As Neves\"},{\"@type\":\"BreadcrumbList\",\"@id\":\"https:\\\/\\\/www.anovapeneira.gal\\\/index.php\\\/2020\\\/08\\\/11\\\/o-deporte-no-concello-de-as-neves\\\/#breadcrumb\",\"itemListElement\":[{\"@type\":\"ListItem\",\"position\":1,\"name\":\"Portada\",\"item\":\"https:\\\/\\\/www.anovapeneira.gal\\\/\"},{\"@type\":\"ListItem\",\"position\":2,\"name\":\"O deporte no Concello de As neves\"}]},{\"@type\":\"WebSite\",\"@id\":\"https:\\\/\\\/www.anovapeneira.gal\\\/#website\",\"url\":\"https:\\\/\\\/www.anovapeneira.gal\\\/\",\"name\":\"\",\"description\":\"Xornal galego de informaci\u00f3n xeral Publicaci\u00f3n mensual de novas de Galicia e en especial dos Concellos da sur da provincia de Pontevedra.\",\"publisher\":{\"@id\":\"https:\\\/\\\/www.anovapeneira.gal\\\/#organization\"},\"potentialAction\":[{\"@type\":\"SearchAction\",\"target\":{\"@type\":\"EntryPoint\",\"urlTemplate\":\"https:\\\/\\\/www.anovapeneira.gal\\\/?s={search_term_string}\"},\"query-input\":{\"@type\":\"PropertyValueSpecification\",\"valueRequired\":true,\"valueName\":\"search_term_string\"}}],\"inLanguage\":\"gl-ES\"},{\"@type\":\"Organization\",\"@id\":\"https:\\\/\\\/www.anovapeneira.gal\\\/#organization\",\"name\":\"A Nova Peneira\",\"url\":\"https:\\\/\\\/www.anovapeneira.gal\\\/\",\"logo\":{\"@type\":\"ImageObject\",\"inLanguage\":\"gl-ES\",\"@id\":\"https:\\\/\\\/www.anovapeneira.gal\\\/#\\\/schema\\\/logo\\\/image\\\/\",\"url\":\"http:\\\/\\\/www.anovapeneira.gal\\\/wp-content\\\/uploads\\\/2019\\\/06\\\/logo_a_nova_peneira_portal_web.png\",\"contentUrl\":\"http:\\\/\\\/www.anovapeneira.gal\\\/wp-content\\\/uploads\\\/2019\\\/06\\\/logo_a_nova_peneira_portal_web.png\",\"width\":300,\"height\":100,\"caption\":\"A Nova Peneira\"},\"image\":{\"@id\":\"https:\\\/\\\/www.anovapeneira.gal\\\/#\\\/schema\\\/logo\\\/image\\\/\"},\"sameAs\":[\"https:\\\/\\\/www.facebook.com\\\/anovapeneira\",\"https:\\\/\\\/x.com\\\/APeneira\"]},{\"@type\":\"Person\",\"@id\":\"https:\\\/\\\/www.anovapeneira.gal\\\/#\\\/schema\\\/person\\\/b93e3f8932e3f8da96334607eb6ac6aa\",\"name\":\"Redacci\u00f3n A Nova Peneira\",\"image\":{\"@type\":\"ImageObject\",\"inLanguage\":\"gl-ES\",\"@id\":\"https:\\\/\\\/secure.gravatar.com\\\/avatar\\\/c052a2551a06e23fac63626232eaa90abd78dbcf1700fc46a2b2c89fd27b735f?s=96&d=mm&r=g\",\"url\":\"https:\\\/\\\/secure.gravatar.com\\\/avatar\\\/c052a2551a06e23fac63626232eaa90abd78dbcf1700fc46a2b2c89fd27b735f?s=96&d=mm&r=g\",\"contentUrl\":\"https:\\\/\\\/secure.gravatar.com\\\/avatar\\\/c052a2551a06e23fac63626232eaa90abd78dbcf1700fc46a2b2c89fd27b735f?s=96&d=mm&r=g\",\"caption\":\"Redacci\u00f3n A Nova Peneira\"},\"sameAs\":[\"http:\\\/\\\/www.anovapeneira.gal\\\/\"],\"url\":\"https:\\\/\\\/www.anovapeneira.gal\\\/index.php\\\/author\\\/redactor\\\/\"}]}<\/script>\n<!-- \/ Yoast SEO plugin. -->","yoast_head_json":{"title":"O deporte no Concello de As neves -","robots":{"index":"index","follow":"follow","max-snippet":"max-snippet:-1","max-image-preview":"max-image-preview:large","max-video-preview":"max-video-preview:-1"},"canonical":"https:\/\/www.anovapeneira.gal\/index.php\/2020\/08\/11\/o-deporte-no-concello-de-as-neves\/","og_locale":"gl_ES","og_type":"article","og_title":"O deporte no Concello de As neves -","og_description":"O equipo de f\u00fatbol que leva o nome do Concello, despois dunha grande temporada acadou o ascenso ata a segunda divisi\u00f3n auton\u00f3mica. N\u00f3s acheg\u00e1monos ata AS NEVES e conversamos con Salvador, o seu presidente, para co\u00f1ecer como encaran o presente ano e aproveitamos a viaxe para falarmos con \u00d3scar, o concelleiro de deportes, para co\u00f1ecer o m\u00e1is salientable do deporte neste fermos\u00edsimo concello. As Neves \u00e9 un concello que ten un encanto especial [...]","og_url":"https:\/\/www.anovapeneira.gal\/index.php\/2020\/08\/11\/o-deporte-no-concello-de-as-neves\/","article_publisher":"https:\/\/www.facebook.com\/anovapeneira","article_published_time":"2020-08-11T08:00:43+00:00","og_image":[{"width":720,"height":432,"url":"https:\/\/www.anovapeneira.gal\/wp-content\/uploads\/2020\/08\/salvador_presidente_futbol_as_neves.jpg","type":"image\/jpeg"}],"author":"Redacci\u00f3n A Nova Peneira","twitter_card":"summary_large_image","twitter_creator":"@APeneira","twitter_site":"@APeneira","twitter_misc":{"Escrito por":"Redacci\u00f3n A Nova Peneira","Tempo de lectura":"9 minutos"},"schema":{"@context":"https:\/\/schema.org","@graph":[{"@type":"Article","@id":"https:\/\/www.anovapeneira.gal\/index.php\/2020\/08\/11\/o-deporte-no-concello-de-as-neves\/#article","isPartOf":{"@id":"https:\/\/www.anovapeneira.gal\/index.php\/2020\/08\/11\/o-deporte-no-concello-de-as-neves\/"},"author":{"name":"Redacci\u00f3n A Nova Peneira","@id":"https:\/\/www.anovapeneira.gal\/#\/schema\/person\/b93e3f8932e3f8da96334607eb6ac6aa"},"headline":"O deporte no Concello de As neves","datePublished":"2020-08-11T08:00:43+00:00","mainEntityOfPage":{"@id":"https:\/\/www.anovapeneira.gal\/index.php\/2020\/08\/11\/o-deporte-no-concello-de-as-neves\/"},"wordCount":1877,"commentCount":0,"publisher":{"@id":"https:\/\/www.anovapeneira.gal\/#organization"},"image":{"@id":"https:\/\/www.anovapeneira.gal\/index.php\/2020\/08\/11\/o-deporte-no-concello-de-as-neves\/#primaryimage"},"thumbnailUrl":"https:\/\/www.anovapeneira.gal\/wp-content\/uploads\/2020\/08\/salvador_presidente_futbol_as_neves.jpg","keywords":["Concello das Neves","F\u00fatbol"],"articleSection":["Condado"],"inLanguage":"gl-ES","potentialAction":[{"@type":"CommentAction","name":"Comment","target":["https:\/\/www.anovapeneira.gal\/index.php\/2020\/08\/11\/o-deporte-no-concello-de-as-neves\/#respond"]}]},{"@type":"WebPage","@id":"https:\/\/www.anovapeneira.gal\/index.php\/2020\/08\/11\/o-deporte-no-concello-de-as-neves\/","url":"https:\/\/www.anovapeneira.gal\/index.php\/2020\/08\/11\/o-deporte-no-concello-de-as-neves\/","name":"O deporte no Concello de As neves -","isPartOf":{"@id":"https:\/\/www.anovapeneira.gal\/#website"},"primaryImageOfPage":{"@id":"https:\/\/www.anovapeneira.gal\/index.php\/2020\/08\/11\/o-deporte-no-concello-de-as-neves\/#primaryimage"},"image":{"@id":"https:\/\/www.anovapeneira.gal\/index.php\/2020\/08\/11\/o-deporte-no-concello-de-as-neves\/#primaryimage"},"thumbnailUrl":"https:\/\/www.anovapeneira.gal\/wp-content\/uploads\/2020\/08\/salvador_presidente_futbol_as_neves.jpg","datePublished":"2020-08-11T08:00:43+00:00","breadcrumb":{"@id":"https:\/\/www.anovapeneira.gal\/index.php\/2020\/08\/11\/o-deporte-no-concello-de-as-neves\/#breadcrumb"},"inLanguage":"gl-ES","potentialAction":[{"@type":"ReadAction","target":["https:\/\/www.anovapeneira.gal\/index.php\/2020\/08\/11\/o-deporte-no-concello-de-as-neves\/"]}]},{"@type":"ImageObject","inLanguage":"gl-ES","@id":"https:\/\/www.anovapeneira.gal\/index.php\/2020\/08\/11\/o-deporte-no-concello-de-as-neves\/#primaryimage","url":"https:\/\/www.anovapeneira.gal\/wp-content\/uploads\/2020\/08\/salvador_presidente_futbol_as_neves.jpg","contentUrl":"https:\/\/www.anovapeneira.gal\/wp-content\/uploads\/2020\/08\/salvador_presidente_futbol_as_neves.jpg","width":720,"height":432,"caption":"Salvador Presidente club f\u00fatbol As Neves"},{"@type":"BreadcrumbList","@id":"https:\/\/www.anovapeneira.gal\/index.php\/2020\/08\/11\/o-deporte-no-concello-de-as-neves\/#breadcrumb","itemListElement":[{"@type":"ListItem","position":1,"name":"Portada","item":"https:\/\/www.anovapeneira.gal\/"},{"@type":"ListItem","position":2,"name":"O deporte no Concello de As neves"}]},{"@type":"WebSite","@id":"https:\/\/www.anovapeneira.gal\/#website","url":"https:\/\/www.anovapeneira.gal\/","name":"","description":"Xornal galego de informaci\u00f3n xeral Publicaci\u00f3n mensual de novas de Galicia e en especial dos Concellos da sur da provincia de Pontevedra.","publisher":{"@id":"https:\/\/www.anovapeneira.gal\/#organization"},"potentialAction":[{"@type":"SearchAction","target":{"@type":"EntryPoint","urlTemplate":"https:\/\/www.anovapeneira.gal\/?s={search_term_string}"},"query-input":{"@type":"PropertyValueSpecification","valueRequired":true,"valueName":"search_term_string"}}],"inLanguage":"gl-ES"},{"@type":"Organization","@id":"https:\/\/www.anovapeneira.gal\/#organization","name":"A Nova Peneira","url":"https:\/\/www.anovapeneira.gal\/","logo":{"@type":"ImageObject","inLanguage":"gl-ES","@id":"https:\/\/www.anovapeneira.gal\/#\/schema\/logo\/image\/","url":"http:\/\/www.anovapeneira.gal\/wp-content\/uploads\/2019\/06\/logo_a_nova_peneira_portal_web.png","contentUrl":"http:\/\/www.anovapeneira.gal\/wp-content\/uploads\/2019\/06\/logo_a_nova_peneira_portal_web.png","width":300,"height":100,"caption":"A Nova Peneira"},"image":{"@id":"https:\/\/www.anovapeneira.gal\/#\/schema\/logo\/image\/"},"sameAs":["https:\/\/www.facebook.com\/anovapeneira","https:\/\/x.com\/APeneira"]},{"@type":"Person","@id":"https:\/\/www.anovapeneira.gal\/#\/schema\/person\/b93e3f8932e3f8da96334607eb6ac6aa","name":"Redacci\u00f3n A Nova Peneira","image":{"@type":"ImageObject","inLanguage":"gl-ES","@id":"https:\/\/secure.gravatar.com\/avatar\/c052a2551a06e23fac63626232eaa90abd78dbcf1700fc46a2b2c89fd27b735f?s=96&d=mm&r=g","url":"https:\/\/secure.gravatar.com\/avatar\/c052a2551a06e23fac63626232eaa90abd78dbcf1700fc46a2b2c89fd27b735f?s=96&d=mm&r=g","contentUrl":"https:\/\/secure.gravatar.com\/avatar\/c052a2551a06e23fac63626232eaa90abd78dbcf1700fc46a2b2c89fd27b735f?s=96&d=mm&r=g","caption":"Redacci\u00f3n A Nova Peneira"},"sameAs":["http:\/\/www.anovapeneira.gal\/"],"url":"https:\/\/www.anovapeneira.gal\/index.php\/author\/redactor\/"}]}},"jetpack_featured_media_url":"https:\/\/www.anovapeneira.gal\/wp-content\/uploads\/2020\/08\/salvador_presidente_futbol_as_neves.jpg","_links":{"self":[{"href":"https:\/\/www.anovapeneira.gal\/index.php\/wp-json\/wp\/v2\/posts\/3692","targetHints":{"allow":["GET"]}}],"collection":[{"href":"https:\/\/www.anovapeneira.gal\/index.php\/wp-json\/wp\/v2\/posts"}],"about":[{"href":"https:\/\/www.anovapeneira.gal\/index.php\/wp-json\/wp\/v2\/types\/post"}],"author":[{"embeddable":true,"href":"https:\/\/www.anovapeneira.gal\/index.php\/wp-json\/wp\/v2\/users\/3"}],"replies":[{"embeddable":true,"href":"https:\/\/www.anovapeneira.gal\/index.php\/wp-json\/wp\/v2\/comments?post=3692"}],"version-history":[{"count":2,"href":"https:\/\/www.anovapeneira.gal\/index.php\/wp-json\/wp\/v2\/posts\/3692\/revisions"}],"predecessor-version":[{"id":3696,"href":"https:\/\/www.anovapeneira.gal\/index.php\/wp-json\/wp\/v2\/posts\/3692\/revisions\/3696"}],"wp:featuredmedia":[{"embeddable":true,"href":"https:\/\/www.anovapeneira.gal\/index.php\/wp-json\/wp\/v2\/media\/3693"}],"wp:attachment":[{"href":"https:\/\/www.anovapeneira.gal\/index.php\/wp-json\/wp\/v2\/media?parent=3692"}],"wp:term":[{"taxonomy":"category","embeddable":true,"href":"https:\/\/www.anovapeneira.gal\/index.php\/wp-json\/wp\/v2\/categories?post=3692"},{"taxonomy":"post_tag","embeddable":true,"href":"https:\/\/www.anovapeneira.gal\/index.php\/wp-json\/wp\/v2\/tags?post=3692"}],"curies":[{"name":"wp","href":"https:\/\/api.w.org\/{rel}","templated":true}]}}