{"id":3699,"date":"2020-08-12T10:00:11","date_gmt":"2020-08-12T08:00:11","guid":{"rendered":"http:\/\/www.anovapeneira.gal\/?p=3699"},"modified":"2020-08-10T08:01:31","modified_gmt":"2020-08-10T06:01:31","slug":"o-vixesimo-primeiro-fragmento-do-diario-de-senlua-arraiana","status":"publish","type":"post","link":"https:\/\/www.anovapeneira.gal\/index.php\/2020\/08\/12\/o-vixesimo-primeiro-fragmento-do-diario-de-senlua-arraiana\/","title":{"rendered":"O vix\u00e9simo primeiro fragmento do diario de Senl\u00faa Arraiana"},"content":{"rendered":"\n<h2 class=\"wp-block-heading\"><em>OS MAGUFOS<\/em><\/h2>\n\n\n\n<figure class=\"wp-block-image size-large is-resized is-style-default\"><img loading=\"lazy\" decoding=\"async\" src=\"http:\/\/www.anovapeneira.gal\/wp-content\/uploads\/2019\/07\/cristobal_a_nova_peneira.jpg\" alt=\"Crist\u00f3bal L\u00f3pez A Nova Peneira\" class=\"wp-image-555\" width=\"95\" height=\"111\"\/><figcaption>Crist\u00f3bal L\u00f3pez Pazo | Comuneiro dos montes de Tameiga, militante de anticapitalistas, ecoloxista en acci\u00f3n e veci\u00f1o constitu\u00ednte da asemblea veci\u00f1al ga\u00f1aM\u00f3s<\/figcaption><\/figure>\n\n\n\n<div class=\"wp-block-columns is-layout-flex wp-container-core-columns-is-layout-9d6595d7 wp-block-columns-is-layout-flex\">\n<div class=\"wp-block-column is-layout-flow wp-block-column-is-layout-flow\">\n<figure class=\"wp-block-image size-large is-style-default\"><img loading=\"lazy\" decoding=\"async\" width=\"700\" height=\"816\" src=\"http:\/\/www.anovapeneira.gal\/wp-content\/uploads\/2019\/08\/senlua_arraiana_2135.jpg\" alt=\"\" class=\"wp-image-877\" srcset=\"https:\/\/www.anovapeneira.gal\/wp-content\/uploads\/2019\/08\/senlua_arraiana_2135.jpg 700w, https:\/\/www.anovapeneira.gal\/wp-content\/uploads\/2019\/08\/senlua_arraiana_2135-257x300.jpg 257w\" sizes=\"auto, (max-width: 700px) 100vw, 700px\" \/><\/figure>\n<\/div>\n\n\n\n<div class=\"wp-block-column is-layout-flow wp-block-column-is-layout-flow\">\n<p><strong><em>(Este vix\u00e9simo primeiro fragmento do diario de Senl\u00faa Arraiana foi recuperado e adiantado ao noso tempo por Noitepedralonga, fiel camarada do av\u00f3 da futura l\u00edder da resistencia arraiana).\u00a0<\/em><\/strong><\/p>\n<\/div>\n<\/div>\n\n\n\n<p>Os magufos estaban aqu\u00ed. Cando a esperanza de \u00e9xito comezaba a flaquear incluso no Roxo. Not\u00e1baselle nos derradeiros d\u00edas a falta do \u00edmpetu inicial para facer soar o seu mirlit\u00f3n. Ao final a melod\u00eda santo e se\u00f1a alcanzou so seus destinatarios.&nbsp;<\/p>\n\n\n\n<p>Polo xeito en que fixeron a s\u00faa aparici\u00f3n estou segura que levaban d\u00edas observ\u00e1ndonos. Adentr\u00e1ronse con seguridade at\u00e9 o centro do noso campamento e sen m\u00e1is sac\u00e1ronse as artificiosas m\u00e1scaras coas que cubr\u00edan as s\u00faas facianas e nos saudaron co pu\u00f1o en alto \u00e1 antigua usanza.\u00a0<\/p>\n\n\n\n<p>Desconcertadas tardamos uns intres e devolverlles o sa\u00fado. Mentres eles continuaron esp\u00edndose libr\u00e1ndose das s\u00faas casacas repletas de charretas e abalorios. Os magufos esvaec\u00e9ranse baixo a nosa mirada.&nbsp; Coas nosas facianas imp\u00e1vidas ped\u00edamos a berros unha explicaci\u00f3n e non tardamos en ser satisfeitas. O grupo de desmagufados sentouse ag\u00e1s unha muller que ficou de p\u00e9 e que comezou a falarnos cunha voz meliflua pero que por ensalmo acaparaba toda a nosa atenci\u00f3n como se as s\u00faas verbas danzaran no aire collendo br\u00edo con cada frase. Creo que permanecimos de p\u00e9 embelesadas e extaticas na posici\u00f3n na que nos sorprendeu at\u00e9 uns intres despois de que aquela feiticeira das ondas rematara. Unha vez cesou a voz, senteime ou m\u00e1is ben deixeime caer no chan mentres trataba de discernir se a historia que nos acababan de narrar era nova ou xa moraba na mi\u00f1a memoria desde sempre.&nbsp;<\/p>\n\n\n\n<p>Caer\u00eda como as demais baixo o influxo das hipn\u00f3ticas palabras se non fora polo casual cruce de miradas con Gataparda. As s\u00faas cellas enarcadas reflict\u00edan o estado de estupor no que se atopaba. Incorporeime coma un resorte e berrei &#8216;non&#8217; como quen rompe un espello dun cabezazo sen saber se vai permanecer neste lado do espello ou vai atravesalo cara unha dimensi\u00f3n remota e desco\u00f1ecida.&nbsp;<\/p>\n\n\n\n<p>-Non &#8211; repet\u00edn desga\u00f1itandome, opo\u00f1endome con todo o meu ser ao perverso influxo. A mi\u00f1a voz foi devolvendo \u00e1 realidade aos meus compa\u00f1eiros. Primeiro resoltoulles insidiosa. Foi contestada polas s\u00faas miradas de espanto concentradas en mi. Logo unha vez que a mi\u00f1a voz rompeu o xugo resultoulles reconfortante e liberadora, todos se ergueron encarando \u00e1 feiticeira e a s\u00faa comitiva.&nbsp;<\/p>\n\n\n\n<p>-Non- volv\u00edn repetir, pero esta vez interpelando a mi\u00f1a xente-, imos deixar que se presenten de novo, imos comezar de cero e desta vez veredes como a verdade fluir\u00e1 das suas bocas e non teremos que volver a amolarnos.&nbsp;<\/p>\n\n\n\n<p>Non se fixeron de rogar, ao instante unha muller maior situada detr\u00e1s da embaucadora levantouse e marcoulle un aceno a esta para que non insistira. Como preludio da s\u00faa explicaci\u00f3n agasallounos cun sincero sorriso. &#8220;Desculpas aceptadas&#8221; bisbei para facilitarlle o mal trago.&nbsp;<\/p>\n\n\n\n<p>-Non pretendiamos faceros mal, de verdade. \u00c9 o noso xeito de defendernos dos intrusos. Levamos d\u00edas escoit\u00e1ndovos tocar un antigo contrasinal noso, pero non temos claro quen sodes e porqu\u00e9 nos estades buscando e para qu\u00e9 &#8211; tras o dito continuo nun tono m\u00e1is baixo, sinal da derrota-. Ningu\u00e9n at\u00e9 agora se resistira a nosa maquina de hipnose sonora, non sei quen sodes pero dende logo non sodes xente corrente.<\/p>\n\n\n\n<p>Antes de que poidera articular palabra saltou Puxeiros o Roxo. -Eu son Puxeiros O Roxo, amigo de Portela Verde. Debedes saber que esa muller coa que estades falando \u00e9 Senl\u00faa Arraina, a filla de Puxeiros o Negro, a elexida polos ceos para rematar coa tiran\u00eda da Colmea.<\/p>\n\n\n\n<p>Xa est\u00e1bamos coa gaita da &#8220;elexida polos ceos&#8221;. Non era momento de contradecir ao Roxo, pero algo me dec\u00eda que un d\u00eda me saldr\u00eda caro xogar a ser un mito. En fin, puxen cara de especialita e fiquei a mirada sobre eles o m\u00e1is erguida posible.<\/p>\n\n\n\n<p>Sorprendentemente sab\u00edan da mi\u00f1a existencia. Ao escoitar o meu nome&nbsp; toda a comitiva fixo un conato de genuflexi\u00f3n no meu honor e ficaron quedas mir\u00e1ndome cos ollos abertos como se eu empu\u00f1ara unha espada de fogo.&nbsp;<\/p>\n\n\n\n<p>-A cear &#8211; balbucei. Foi todo o que se me ocurriu para sa\u00edr do paso. Non me quedou m\u00e1is remedio que reafirmarme. -Todas a cear, ve\u00f1a, un banquete para celebrar a xuntanza de puxeiros. Non preocuparos pola comida que eu nos meu tempo libre multiplico pans e peces. A \u00faltima frase saiume sen pensar. Escoit\u00e1ralla moitas veces a mi\u00f1a nai, pero desco\u00f1ec\u00eda a s\u00faa procedencia. Useina sen saber moi ben se ti\u00f1a alg\u00fan sentido naquel momento. A mi\u00f1a nai acostumaba mascullar a frasecita cando na asemblea arraiana lle solicitaban que se encargara de algo dificil de conseguir e hoxe, coas nosas escaseza en v\u00edveres, estaba complicado que a cea se asemellara a un \u00e1gape celebratorio.&nbsp;<\/p>\n\n\n\n<p>Os meus compa\u00f1eiros, co\u00f1ecedores da escaseza de provisi\u00f3ns, esbozaron un sorriro forzado ante a mi\u00f1a ocurrencia. Zafra e Malandrea, as\u00ed se presentaron logo as d\u00faas mulleres que case acadan a artima\u00f1a h\u00edpnotica conosco, deberon decatarse do complicado da situaci\u00f3n, falaron entre elas e logo dirix\u00edronse aos seus compa\u00f1eiros quen foron buscar o necesario para o banquete fixera xustiza ao seu motivo de celebraci\u00f3n.&nbsp;<\/p>\n\n\n\n<p>Naquel intre non o sab\u00eda, ambas eran fillas de Portela Verde. Cando eramos moi cativas, antes do \u00e9xodo cara a raia do oeste,&nbsp; xog\u00e1bamos xuntas. As puxeiri\u00f1as nos chamaban. Completaba o grupo Gataparda e a malograda filla maior do Roxo. At\u00e9 ti\u00f1amos un s\u00edmbolo para o grupo, un debuxo esquematico sacado dunha vella foto do centro social da parroquia de Tameiga onde viv\u00edan os nosos av\u00f3s e naceu gran parte das nosas familias. N\u00f3s somos todas nacidas posthecatombe, s\u00f3 pudimos atisbar ese mundo verde e azul a trav\u00e9s das lembranzas dos nosos maiores. Era un reencuentro serodio pero non por iso menos emotivo.&nbsp;<\/p>\n\n\n\n<p>Na cea tivemos tempo para po\u00f1ernos ao d\u00eda. Eu estaba moi interesada na s\u00faa m\u00e1quina de h\u00edpnose e as s\u00faas posibilidades b\u00e9licas. Que m\u00e1is artefactos e artiluxios ter\u00edan agochados?&nbsp;<\/p>\n\n\n\n<p>Pero non era momento, agora tocaba reestabrecer e reforzar os azos de amizade entre nos. Gataparda entendeuno ben e aplicouse, falou e r\u00edu m\u00e1is na cea que no \u00faltimo mes.&nbsp;<\/p>\n\n\n\n<p>As peripecias e tribulaci\u00f3ns da familia de Zafra e Malandrea para fuxir da persecuci\u00f3n da Colmea eran propias dun relato de ciencia ficci\u00f3n. S\u00f3 a fidelidade do elenco de cient\u00edficos que traballaba coa s\u00faa nai e que as acompa\u00f1aron na fuxida, fixo posible que escaparan das garras da barbarie. O nome de Portela Verde xunto co do meu pai encabezaban a listaxe de elementos perigosos para a Colmea. A ditadura militar tem\u00eda \u00e1 ciencia, mais cando non a controlaba. A persecuci\u00f3n e acoso \u00e1 familia das mi\u00f1as amigas de infancia foi unha constante nos gobernos que se sucederon ao fronte do imperio do terror. Disfrazarse de magufos e espallar o rumor da s\u00faa dexeneraci\u00f3n nunha secta de botarates adoradores da electricidade foi o mellor xeito que atoparon para agocharse da ira de Areval\u00e9fica.<\/p>\n","protected":false},"excerpt":{"rendered":"<div class=\"mh-excerpt\"><p>Este vix\u00e9simo primeiro fragmento do diario de Senl\u00faa Arraiana foi recuperado e adiantado ao noso tempo por Noitepedralonga, fiel camarada do av\u00f3 da futura l\u00edder da resistencia arraiana <a class=\"mh-excerpt-more\" href=\"https:\/\/www.anovapeneira.gal\/index.php\/2020\/08\/12\/o-vixesimo-primeiro-fragmento-do-diario-de-senlua-arraiana\/\" title=\"O vix\u00e9simo primeiro fragmento do diario de Senl\u00faa Arraiana\">[&#8230;]<\/a><\/p>\n<\/div>","protected":false},"author":13,"featured_media":3700,"comment_status":"open","ping_status":"open","sticky":false,"template":"","format":"standard","meta":{"_exactmetrics_skip_tracking":false,"_exactmetrics_sitenote_active":false,"_exactmetrics_sitenote_note":"","_exactmetrics_sitenote_category":0,"footnotes":""},"categories":[7],"tags":[235],"class_list":{"0":"post-3699","1":"post","2":"type-post","3":"status-publish","4":"format-standard","5":"has-post-thumbnail","7":"category-artigos-de-opinion","8":"tag-senlua-arraiana"},"yoast_head":"<!-- This site is optimized with the Yoast SEO plugin v27.4 - https:\/\/yoast.com\/product\/yoast-seo-wordpress\/ -->\n<title>O vix\u00e9simo primeiro fragmento do diario de Senl\u00faa Arraiana -<\/title>\n<meta name=\"robots\" content=\"index, follow, max-snippet:-1, max-image-preview:large, max-video-preview:-1\" \/>\n<link rel=\"canonical\" href=\"https:\/\/www.anovapeneira.gal\/index.php\/2020\/08\/12\/o-vixesimo-primeiro-fragmento-do-diario-de-senlua-arraiana\/\" \/>\n<meta property=\"og:locale\" content=\"gl_ES\" \/>\n<meta property=\"og:type\" content=\"article\" \/>\n<meta property=\"og:title\" content=\"O vix\u00e9simo primeiro fragmento do diario de Senl\u00faa Arraiana -\" \/>\n<meta property=\"og:description\" content=\"Este vix\u00e9simo primeiro fragmento do diario de Senl\u00faa Arraiana foi recuperado e adiantado ao noso tempo por Noitepedralonga, fiel camarada do av\u00f3 da futura l\u00edder da resistencia arraiana [...]\" \/>\n<meta property=\"og:url\" content=\"https:\/\/www.anovapeneira.gal\/index.php\/2020\/08\/12\/o-vixesimo-primeiro-fragmento-do-diario-de-senlua-arraiana\/\" \/>\n<meta property=\"article:publisher\" content=\"https:\/\/www.facebook.com\/anovapeneira\" \/>\n<meta property=\"article:published_time\" content=\"2020-08-12T08:00:11+00:00\" \/>\n<meta property=\"og:image\" content=\"https:\/\/www.anovapeneira.gal\/wp-content\/uploads\/2020\/08\/senlua_arraiana_21_a_nova_peneira.jpg\" \/>\n\t<meta property=\"og:image:width\" content=\"720\" \/>\n\t<meta property=\"og:image:height\" content=\"432\" \/>\n\t<meta property=\"og:image:type\" content=\"image\/jpeg\" \/>\n<meta name=\"author\" content=\"Cristobal L\u00f3pez\" \/>\n<meta name=\"twitter:card\" content=\"summary_large_image\" \/>\n<meta name=\"twitter:creator\" content=\"@APeneira\" \/>\n<meta name=\"twitter:site\" content=\"@APeneira\" \/>\n<meta name=\"twitter:label1\" content=\"Escrito por\" \/>\n\t<meta name=\"twitter:data1\" content=\"Cristobal L\u00f3pez\" \/>\n\t<meta name=\"twitter:label2\" content=\"Tempo de lectura\" \/>\n\t<meta name=\"twitter:data2\" content=\"7 minutos\" \/>\n<script type=\"application\/ld+json\" class=\"yoast-schema-graph\">{\"@context\":\"https:\\\/\\\/schema.org\",\"@graph\":[{\"@type\":\"Article\",\"@id\":\"https:\\\/\\\/www.anovapeneira.gal\\\/index.php\\\/2020\\\/08\\\/12\\\/o-vixesimo-primeiro-fragmento-do-diario-de-senlua-arraiana\\\/#article\",\"isPartOf\":{\"@id\":\"https:\\\/\\\/www.anovapeneira.gal\\\/index.php\\\/2020\\\/08\\\/12\\\/o-vixesimo-primeiro-fragmento-do-diario-de-senlua-arraiana\\\/\"},\"author\":{\"name\":\"Cristobal L\u00f3pez\",\"@id\":\"https:\\\/\\\/www.anovapeneira.gal\\\/#\\\/schema\\\/person\\\/45b3df2338e4d898b7616809f9c5906c\"},\"headline\":\"O vix\u00e9simo primeiro fragmento do diario de Senl\u00faa Arraiana\",\"datePublished\":\"2020-08-12T08:00:11+00:00\",\"mainEntityOfPage\":{\"@id\":\"https:\\\/\\\/www.anovapeneira.gal\\\/index.php\\\/2020\\\/08\\\/12\\\/o-vixesimo-primeiro-fragmento-do-diario-de-senlua-arraiana\\\/\"},\"wordCount\":1312,\"commentCount\":0,\"publisher\":{\"@id\":\"https:\\\/\\\/www.anovapeneira.gal\\\/#organization\"},\"image\":{\"@id\":\"https:\\\/\\\/www.anovapeneira.gal\\\/index.php\\\/2020\\\/08\\\/12\\\/o-vixesimo-primeiro-fragmento-do-diario-de-senlua-arraiana\\\/#primaryimage\"},\"thumbnailUrl\":\"https:\\\/\\\/www.anovapeneira.gal\\\/wp-content\\\/uploads\\\/2020\\\/08\\\/senlua_arraiana_21_a_nova_peneira.jpg\",\"keywords\":[\"Senl\u00faa Arraiana\"],\"articleSection\":[\"Artigos de opini\u00f3n\"],\"inLanguage\":\"gl-ES\",\"potentialAction\":[{\"@type\":\"CommentAction\",\"name\":\"Comment\",\"target\":[\"https:\\\/\\\/www.anovapeneira.gal\\\/index.php\\\/2020\\\/08\\\/12\\\/o-vixesimo-primeiro-fragmento-do-diario-de-senlua-arraiana\\\/#respond\"]}]},{\"@type\":\"WebPage\",\"@id\":\"https:\\\/\\\/www.anovapeneira.gal\\\/index.php\\\/2020\\\/08\\\/12\\\/o-vixesimo-primeiro-fragmento-do-diario-de-senlua-arraiana\\\/\",\"url\":\"https:\\\/\\\/www.anovapeneira.gal\\\/index.php\\\/2020\\\/08\\\/12\\\/o-vixesimo-primeiro-fragmento-do-diario-de-senlua-arraiana\\\/\",\"name\":\"O vix\u00e9simo primeiro fragmento do diario de Senl\u00faa Arraiana -\",\"isPartOf\":{\"@id\":\"https:\\\/\\\/www.anovapeneira.gal\\\/#website\"},\"primaryImageOfPage\":{\"@id\":\"https:\\\/\\\/www.anovapeneira.gal\\\/index.php\\\/2020\\\/08\\\/12\\\/o-vixesimo-primeiro-fragmento-do-diario-de-senlua-arraiana\\\/#primaryimage\"},\"image\":{\"@id\":\"https:\\\/\\\/www.anovapeneira.gal\\\/index.php\\\/2020\\\/08\\\/12\\\/o-vixesimo-primeiro-fragmento-do-diario-de-senlua-arraiana\\\/#primaryimage\"},\"thumbnailUrl\":\"https:\\\/\\\/www.anovapeneira.gal\\\/wp-content\\\/uploads\\\/2020\\\/08\\\/senlua_arraiana_21_a_nova_peneira.jpg\",\"datePublished\":\"2020-08-12T08:00:11+00:00\",\"breadcrumb\":{\"@id\":\"https:\\\/\\\/www.anovapeneira.gal\\\/index.php\\\/2020\\\/08\\\/12\\\/o-vixesimo-primeiro-fragmento-do-diario-de-senlua-arraiana\\\/#breadcrumb\"},\"inLanguage\":\"gl-ES\",\"potentialAction\":[{\"@type\":\"ReadAction\",\"target\":[\"https:\\\/\\\/www.anovapeneira.gal\\\/index.php\\\/2020\\\/08\\\/12\\\/o-vixesimo-primeiro-fragmento-do-diario-de-senlua-arraiana\\\/\"]}]},{\"@type\":\"ImageObject\",\"inLanguage\":\"gl-ES\",\"@id\":\"https:\\\/\\\/www.anovapeneira.gal\\\/index.php\\\/2020\\\/08\\\/12\\\/o-vixesimo-primeiro-fragmento-do-diario-de-senlua-arraiana\\\/#primaryimage\",\"url\":\"https:\\\/\\\/www.anovapeneira.gal\\\/wp-content\\\/uploads\\\/2020\\\/08\\\/senlua_arraiana_21_a_nova_peneira.jpg\",\"contentUrl\":\"https:\\\/\\\/www.anovapeneira.gal\\\/wp-content\\\/uploads\\\/2020\\\/08\\\/senlua_arraiana_21_a_nova_peneira.jpg\",\"width\":720,\"height\":432,\"caption\":\"Senl\u00faa Arraiana\"},{\"@type\":\"BreadcrumbList\",\"@id\":\"https:\\\/\\\/www.anovapeneira.gal\\\/index.php\\\/2020\\\/08\\\/12\\\/o-vixesimo-primeiro-fragmento-do-diario-de-senlua-arraiana\\\/#breadcrumb\",\"itemListElement\":[{\"@type\":\"ListItem\",\"position\":1,\"name\":\"Portada\",\"item\":\"https:\\\/\\\/www.anovapeneira.gal\\\/\"},{\"@type\":\"ListItem\",\"position\":2,\"name\":\"O vix\u00e9simo primeiro fragmento do diario de Senl\u00faa Arraiana\"}]},{\"@type\":\"WebSite\",\"@id\":\"https:\\\/\\\/www.anovapeneira.gal\\\/#website\",\"url\":\"https:\\\/\\\/www.anovapeneira.gal\\\/\",\"name\":\"\",\"description\":\"Xornal galego de informaci\u00f3n xeral Publicaci\u00f3n mensual de novas de Galicia e en especial dos Concellos da sur da provincia de Pontevedra.\",\"publisher\":{\"@id\":\"https:\\\/\\\/www.anovapeneira.gal\\\/#organization\"},\"potentialAction\":[{\"@type\":\"SearchAction\",\"target\":{\"@type\":\"EntryPoint\",\"urlTemplate\":\"https:\\\/\\\/www.anovapeneira.gal\\\/?s={search_term_string}\"},\"query-input\":{\"@type\":\"PropertyValueSpecification\",\"valueRequired\":true,\"valueName\":\"search_term_string\"}}],\"inLanguage\":\"gl-ES\"},{\"@type\":\"Organization\",\"@id\":\"https:\\\/\\\/www.anovapeneira.gal\\\/#organization\",\"name\":\"A Nova Peneira\",\"url\":\"https:\\\/\\\/www.anovapeneira.gal\\\/\",\"logo\":{\"@type\":\"ImageObject\",\"inLanguage\":\"gl-ES\",\"@id\":\"https:\\\/\\\/www.anovapeneira.gal\\\/#\\\/schema\\\/logo\\\/image\\\/\",\"url\":\"http:\\\/\\\/www.anovapeneira.gal\\\/wp-content\\\/uploads\\\/2019\\\/06\\\/logo_a_nova_peneira_portal_web.png\",\"contentUrl\":\"http:\\\/\\\/www.anovapeneira.gal\\\/wp-content\\\/uploads\\\/2019\\\/06\\\/logo_a_nova_peneira_portal_web.png\",\"width\":300,\"height\":100,\"caption\":\"A Nova Peneira\"},\"image\":{\"@id\":\"https:\\\/\\\/www.anovapeneira.gal\\\/#\\\/schema\\\/logo\\\/image\\\/\"},\"sameAs\":[\"https:\\\/\\\/www.facebook.com\\\/anovapeneira\",\"https:\\\/\\\/x.com\\\/APeneira\"]},{\"@type\":\"Person\",\"@id\":\"https:\\\/\\\/www.anovapeneira.gal\\\/#\\\/schema\\\/person\\\/45b3df2338e4d898b7616809f9c5906c\",\"name\":\"Cristobal L\u00f3pez\",\"image\":{\"@type\":\"ImageObject\",\"inLanguage\":\"gl-ES\",\"@id\":\"https:\\\/\\\/secure.gravatar.com\\\/avatar\\\/b537cf06ef8166c9ef72b09f4d5f6446b1e22ea99505d94e40b8685710482f79?s=96&d=mm&r=g\",\"url\":\"https:\\\/\\\/secure.gravatar.com\\\/avatar\\\/b537cf06ef8166c9ef72b09f4d5f6446b1e22ea99505d94e40b8685710482f79?s=96&d=mm&r=g\",\"contentUrl\":\"https:\\\/\\\/secure.gravatar.com\\\/avatar\\\/b537cf06ef8166c9ef72b09f4d5f6446b1e22ea99505d94e40b8685710482f79?s=96&d=mm&r=g\",\"caption\":\"Cristobal L\u00f3pez\"},\"sameAs\":[\"http:\\\/\\\/anovapeneira.gal\"],\"url\":\"https:\\\/\\\/www.anovapeneira.gal\\\/index.php\\\/author\\\/opinioncristoballopez\\\/\"}]}<\/script>\n<!-- \/ Yoast SEO plugin. -->","yoast_head_json":{"title":"O vix\u00e9simo primeiro fragmento do diario de Senl\u00faa Arraiana -","robots":{"index":"index","follow":"follow","max-snippet":"max-snippet:-1","max-image-preview":"max-image-preview:large","max-video-preview":"max-video-preview:-1"},"canonical":"https:\/\/www.anovapeneira.gal\/index.php\/2020\/08\/12\/o-vixesimo-primeiro-fragmento-do-diario-de-senlua-arraiana\/","og_locale":"gl_ES","og_type":"article","og_title":"O vix\u00e9simo primeiro fragmento do diario de Senl\u00faa Arraiana -","og_description":"Este vix\u00e9simo primeiro fragmento do diario de Senl\u00faa Arraiana foi recuperado e adiantado ao noso tempo por Noitepedralonga, fiel camarada do av\u00f3 da futura l\u00edder da resistencia arraiana [...]","og_url":"https:\/\/www.anovapeneira.gal\/index.php\/2020\/08\/12\/o-vixesimo-primeiro-fragmento-do-diario-de-senlua-arraiana\/","article_publisher":"https:\/\/www.facebook.com\/anovapeneira","article_published_time":"2020-08-12T08:00:11+00:00","og_image":[{"width":720,"height":432,"url":"https:\/\/www.anovapeneira.gal\/wp-content\/uploads\/2020\/08\/senlua_arraiana_21_a_nova_peneira.jpg","type":"image\/jpeg"}],"author":"Cristobal L\u00f3pez","twitter_card":"summary_large_image","twitter_creator":"@APeneira","twitter_site":"@APeneira","twitter_misc":{"Escrito por":"Cristobal L\u00f3pez","Tempo de lectura":"7 minutos"},"schema":{"@context":"https:\/\/schema.org","@graph":[{"@type":"Article","@id":"https:\/\/www.anovapeneira.gal\/index.php\/2020\/08\/12\/o-vixesimo-primeiro-fragmento-do-diario-de-senlua-arraiana\/#article","isPartOf":{"@id":"https:\/\/www.anovapeneira.gal\/index.php\/2020\/08\/12\/o-vixesimo-primeiro-fragmento-do-diario-de-senlua-arraiana\/"},"author":{"name":"Cristobal L\u00f3pez","@id":"https:\/\/www.anovapeneira.gal\/#\/schema\/person\/45b3df2338e4d898b7616809f9c5906c"},"headline":"O vix\u00e9simo primeiro fragmento do diario de Senl\u00faa Arraiana","datePublished":"2020-08-12T08:00:11+00:00","mainEntityOfPage":{"@id":"https:\/\/www.anovapeneira.gal\/index.php\/2020\/08\/12\/o-vixesimo-primeiro-fragmento-do-diario-de-senlua-arraiana\/"},"wordCount":1312,"commentCount":0,"publisher":{"@id":"https:\/\/www.anovapeneira.gal\/#organization"},"image":{"@id":"https:\/\/www.anovapeneira.gal\/index.php\/2020\/08\/12\/o-vixesimo-primeiro-fragmento-do-diario-de-senlua-arraiana\/#primaryimage"},"thumbnailUrl":"https:\/\/www.anovapeneira.gal\/wp-content\/uploads\/2020\/08\/senlua_arraiana_21_a_nova_peneira.jpg","keywords":["Senl\u00faa Arraiana"],"articleSection":["Artigos de opini\u00f3n"],"inLanguage":"gl-ES","potentialAction":[{"@type":"CommentAction","name":"Comment","target":["https:\/\/www.anovapeneira.gal\/index.php\/2020\/08\/12\/o-vixesimo-primeiro-fragmento-do-diario-de-senlua-arraiana\/#respond"]}]},{"@type":"WebPage","@id":"https:\/\/www.anovapeneira.gal\/index.php\/2020\/08\/12\/o-vixesimo-primeiro-fragmento-do-diario-de-senlua-arraiana\/","url":"https:\/\/www.anovapeneira.gal\/index.php\/2020\/08\/12\/o-vixesimo-primeiro-fragmento-do-diario-de-senlua-arraiana\/","name":"O vix\u00e9simo primeiro fragmento do diario de Senl\u00faa Arraiana -","isPartOf":{"@id":"https:\/\/www.anovapeneira.gal\/#website"},"primaryImageOfPage":{"@id":"https:\/\/www.anovapeneira.gal\/index.php\/2020\/08\/12\/o-vixesimo-primeiro-fragmento-do-diario-de-senlua-arraiana\/#primaryimage"},"image":{"@id":"https:\/\/www.anovapeneira.gal\/index.php\/2020\/08\/12\/o-vixesimo-primeiro-fragmento-do-diario-de-senlua-arraiana\/#primaryimage"},"thumbnailUrl":"https:\/\/www.anovapeneira.gal\/wp-content\/uploads\/2020\/08\/senlua_arraiana_21_a_nova_peneira.jpg","datePublished":"2020-08-12T08:00:11+00:00","breadcrumb":{"@id":"https:\/\/www.anovapeneira.gal\/index.php\/2020\/08\/12\/o-vixesimo-primeiro-fragmento-do-diario-de-senlua-arraiana\/#breadcrumb"},"inLanguage":"gl-ES","potentialAction":[{"@type":"ReadAction","target":["https:\/\/www.anovapeneira.gal\/index.php\/2020\/08\/12\/o-vixesimo-primeiro-fragmento-do-diario-de-senlua-arraiana\/"]}]},{"@type":"ImageObject","inLanguage":"gl-ES","@id":"https:\/\/www.anovapeneira.gal\/index.php\/2020\/08\/12\/o-vixesimo-primeiro-fragmento-do-diario-de-senlua-arraiana\/#primaryimage","url":"https:\/\/www.anovapeneira.gal\/wp-content\/uploads\/2020\/08\/senlua_arraiana_21_a_nova_peneira.jpg","contentUrl":"https:\/\/www.anovapeneira.gal\/wp-content\/uploads\/2020\/08\/senlua_arraiana_21_a_nova_peneira.jpg","width":720,"height":432,"caption":"Senl\u00faa Arraiana"},{"@type":"BreadcrumbList","@id":"https:\/\/www.anovapeneira.gal\/index.php\/2020\/08\/12\/o-vixesimo-primeiro-fragmento-do-diario-de-senlua-arraiana\/#breadcrumb","itemListElement":[{"@type":"ListItem","position":1,"name":"Portada","item":"https:\/\/www.anovapeneira.gal\/"},{"@type":"ListItem","position":2,"name":"O vix\u00e9simo primeiro fragmento do diario de Senl\u00faa Arraiana"}]},{"@type":"WebSite","@id":"https:\/\/www.anovapeneira.gal\/#website","url":"https:\/\/www.anovapeneira.gal\/","name":"","description":"Xornal galego de informaci\u00f3n xeral Publicaci\u00f3n mensual de novas de Galicia e en especial dos Concellos da sur da provincia de Pontevedra.","publisher":{"@id":"https:\/\/www.anovapeneira.gal\/#organization"},"potentialAction":[{"@type":"SearchAction","target":{"@type":"EntryPoint","urlTemplate":"https:\/\/www.anovapeneira.gal\/?s={search_term_string}"},"query-input":{"@type":"PropertyValueSpecification","valueRequired":true,"valueName":"search_term_string"}}],"inLanguage":"gl-ES"},{"@type":"Organization","@id":"https:\/\/www.anovapeneira.gal\/#organization","name":"A Nova Peneira","url":"https:\/\/www.anovapeneira.gal\/","logo":{"@type":"ImageObject","inLanguage":"gl-ES","@id":"https:\/\/www.anovapeneira.gal\/#\/schema\/logo\/image\/","url":"http:\/\/www.anovapeneira.gal\/wp-content\/uploads\/2019\/06\/logo_a_nova_peneira_portal_web.png","contentUrl":"http:\/\/www.anovapeneira.gal\/wp-content\/uploads\/2019\/06\/logo_a_nova_peneira_portal_web.png","width":300,"height":100,"caption":"A Nova Peneira"},"image":{"@id":"https:\/\/www.anovapeneira.gal\/#\/schema\/logo\/image\/"},"sameAs":["https:\/\/www.facebook.com\/anovapeneira","https:\/\/x.com\/APeneira"]},{"@type":"Person","@id":"https:\/\/www.anovapeneira.gal\/#\/schema\/person\/45b3df2338e4d898b7616809f9c5906c","name":"Cristobal L\u00f3pez","image":{"@type":"ImageObject","inLanguage":"gl-ES","@id":"https:\/\/secure.gravatar.com\/avatar\/b537cf06ef8166c9ef72b09f4d5f6446b1e22ea99505d94e40b8685710482f79?s=96&d=mm&r=g","url":"https:\/\/secure.gravatar.com\/avatar\/b537cf06ef8166c9ef72b09f4d5f6446b1e22ea99505d94e40b8685710482f79?s=96&d=mm&r=g","contentUrl":"https:\/\/secure.gravatar.com\/avatar\/b537cf06ef8166c9ef72b09f4d5f6446b1e22ea99505d94e40b8685710482f79?s=96&d=mm&r=g","caption":"Cristobal L\u00f3pez"},"sameAs":["http:\/\/anovapeneira.gal"],"url":"https:\/\/www.anovapeneira.gal\/index.php\/author\/opinioncristoballopez\/"}]}},"jetpack_featured_media_url":"https:\/\/www.anovapeneira.gal\/wp-content\/uploads\/2020\/08\/senlua_arraiana_21_a_nova_peneira.jpg","_links":{"self":[{"href":"https:\/\/www.anovapeneira.gal\/index.php\/wp-json\/wp\/v2\/posts\/3699","targetHints":{"allow":["GET"]}}],"collection":[{"href":"https:\/\/www.anovapeneira.gal\/index.php\/wp-json\/wp\/v2\/posts"}],"about":[{"href":"https:\/\/www.anovapeneira.gal\/index.php\/wp-json\/wp\/v2\/types\/post"}],"author":[{"embeddable":true,"href":"https:\/\/www.anovapeneira.gal\/index.php\/wp-json\/wp\/v2\/users\/13"}],"replies":[{"embeddable":true,"href":"https:\/\/www.anovapeneira.gal\/index.php\/wp-json\/wp\/v2\/comments?post=3699"}],"version-history":[{"count":3,"href":"https:\/\/www.anovapeneira.gal\/index.php\/wp-json\/wp\/v2\/posts\/3699\/revisions"}],"predecessor-version":[{"id":3703,"href":"https:\/\/www.anovapeneira.gal\/index.php\/wp-json\/wp\/v2\/posts\/3699\/revisions\/3703"}],"wp:featuredmedia":[{"embeddable":true,"href":"https:\/\/www.anovapeneira.gal\/index.php\/wp-json\/wp\/v2\/media\/3700"}],"wp:attachment":[{"href":"https:\/\/www.anovapeneira.gal\/index.php\/wp-json\/wp\/v2\/media?parent=3699"}],"wp:term":[{"taxonomy":"category","embeddable":true,"href":"https:\/\/www.anovapeneira.gal\/index.php\/wp-json\/wp\/v2\/categories?post=3699"},{"taxonomy":"post_tag","embeddable":true,"href":"https:\/\/www.anovapeneira.gal\/index.php\/wp-json\/wp\/v2\/tags?post=3699"}],"curies":[{"name":"wp","href":"https:\/\/api.w.org\/{rel}","templated":true}]}}