{"id":3731,"date":"2020-08-17T10:00:23","date_gmt":"2020-08-17T08:00:23","guid":{"rendered":"http:\/\/www.anovapeneira.gal\/?p=3731"},"modified":"2020-08-13T10:09:15","modified_gmt":"2020-08-13T08:09:15","slug":"alberto-pazos-secretario-organizacion-ppdeg-deputado-autonomico","status":"publish","type":"post","link":"https:\/\/www.anovapeneira.gal\/index.php\/2020\/08\/17\/alberto-pazos-secretario-organizacion-ppdeg-deputado-autonomico\/","title":{"rendered":"Alberto Pazos Secretario de Organizaci\u00f3n do PPdeG e Deputado Auton\u00f3mico"},"content":{"rendered":"\n<h2 class=\"wp-block-heading\"><strong>Alberto \u00e9 un avogado redondel\u00e1n, deputado auton\u00f3mico do Partido Popular, e o seu secretario de organizaci\u00f3n. Mantivemos unha extens\u00edsima e cordial conversa na que nos deu a s\u00faa visi\u00f3n da realidade pol\u00edtica galega. Formul\u00e1moslle m\u00e1is de 50 preguntas que contestou con amabilidade e sen p\u00f3r ning\u00fan tipo de condicionante ao noso traballo. E a sensaci\u00f3n que te\u00f1o \u00e9 que me soubo a pouco, pois quedaron bastantes temas sen tocar. Lamentablemente o espazo \u00e9 o que \u00e9. En calquera caso foi un pracer discrepar con el.<\/strong><\/h2>\n\n\n\n<h3 class=\"wp-block-heading\">\u201c&nbsp;<strong>SE A APERTURA DE DILIXENCIAS CONTRA ANA PONT\u00d3N SE TIVERA PRODUCIDO CUN GOBERNO DO PP, DE CONTADO TERIAMOS SIDO ACUSADOS DE PERSEGUIR AO NACIONALISMO GALEGO\u201d<\/strong><\/h3>\n\n\n\n<h4 class=\"wp-block-heading\"><strong>Antes que nada agrad\u00e9zoche profundamente a t\u00faa disposici\u00f3n a conversar con n\u00f3s. Ti que es un tipo listo sabes perfectamente o tipo de entrevista que che vou facer, e manif\u00e9stoche todo o meu respecto por estar aqu\u00ed comigo, sen ning\u00fan tipo de apriorismo nin condicionante<\/strong><\/h4>\n\n\n\n<blockquote class=\"wp-block-quote is-layout-flow wp-block-quote-is-layout-flow\"><p>Un pracer. Xa non \u00e9 a primeira vez que falamos e coido que sabes que non sei se \u201c un tipo listo\u201d pero unha persoa moi respectuosa co pensamento alleo si que son.<\/p><\/blockquote>\n\n\n\n<p><strong>Dou fe. Ben, douche os meus sinceros parab\u00e9ns por seres deputado electo, unha circunstancia que , supo\u00f1o che far\u00e1 sentir enormemente orgulloso?<\/strong><\/p>\n\n\n\n<blockquote class=\"wp-block-quote is-layout-flow wp-block-quote-is-layout-flow\"><p>Moitas grazas polos parab\u00e9ns, e abof\u00e9 que non te equivocas na t\u00faa apreciaci\u00f3n. Ser deputado no parlamento de Galicia, \u00e9 para min unha inmensa honra, \u00e9ncheme de orgullo e tam\u00e9n de ilusi\u00f3n e de responsabilidade para con a sociedade galega. Desta volta \u00e9, se cadra, un pouco m\u00e1is especial para min, porque \u00e9 a primeira vez que te\u00f1o a oportunidade de estar desde a sesi\u00f3n constitutiva do parlamento.<\/p><\/blockquote>\n\n\n\n<p><strong>Cantos mandatos levas?<\/strong><\/p>\n\n\n\n<blockquote class=\"wp-block-quote is-layout-flow wp-block-quote-is-layout-flow\"><p>Este \u00e9 o terceiro malia que o primeiro foi moi breve , s\u00f3 estiven 10 meses pois incorporeime \u00e1 direcci\u00f3n xeral de administraci\u00f3n local<\/p><\/blockquote>\n\n\n\n<p><strong>A noite electoral a TVG quitou unha primeira enquisa na que contemplaba a posibilidade de que perderades a maior\u00eda absoluta, pois , falo de memoria, inicialmente d\u00e1banvos un abano de entre 37-39 asentos. Ben \u00e9 certo que foi algo moi breve porque, aos poucos de comezar a computar o voto, xa se v\u00eda con claridade que non iades ter problema en conservala. Confesa Alberto, eses minutos iniciais non chegaches a estar un pouco \u201cacojonado\u201d?<\/strong><\/p>\n\n\n\n<blockquote class=\"wp-block-quote is-layout-flow wp-block-quote-is-layout-flow\"><p>Non. Te\u00f1o que dicir que desde logo houbo certa sorpresa en todas as persoas que estabamos en Santiago, pero eu despois de facer milleiros e milleiros de kmts en campa\u00f1a estaba convencido de que era practicamente imposible que perderamos a maior\u00eda.<\/p><\/blockquote>\n\n\n\n<p><strong>En calquera caso o escano 42, o teu, estivo bailando entre v\u00f3s e o psdg e non o confirmastes ata o c\u00f3mputo do voto emigrante. Imaxino que eses d\u00edas si deberon de ser emocionantes para ti?<\/strong><\/p>\n\n\n\n<blockquote class=\"wp-block-quote is-layout-flow wp-block-quote-is-layout-flow\"><p>Foi unha semana moi emocionante para min, si, desde logo que si.<\/p><\/blockquote>\n\n\n\n<p><strong>A pandemia sanitaria que vive a humanidade vai condicionar todo, e a situaci\u00f3n pode variar substancialmente desde hoxe, 10 de agosto, ata que publiquemos esta entrevista. A d\u00eda de hoxe como a valoras?<\/strong><\/p>\n\n\n\n<blockquote class=\"wp-block-quote is-layout-flow wp-block-quote-is-layout-flow\"><p>Agora mesmo a sensaci\u00f3n dominante \u00e9 a de inquietude, pero, con toda a cautela do mundo, quero dicir que isto xa era previsible. Tam\u00e9n quixera manifestar que cando convocamos a data das elecci\u00f3ns para a primeira quincena de xullo, a n\u00f3s critic\u00f3usenos moito, pero creo que as circunstancias amosan o acertado da data escollida porque todos os indicios apuntaban que nas semanas finais de xullo e no mes de agosto haber\u00eda rebrotes. E por desgraza as\u00ed \u00e9. Insisto en afirmar que falo con toda a cautela do mundo porque como ti ben dis ,a situaci\u00f3n pode variar pero creo que o estamos levando razoablemente ben. Os contaxios aumentan notablemente pero a presi\u00f3n sobre os hospitais \u00e9 moi baixa.<\/p><\/blockquote>\n\n\n\n<p><strong>Como \u00e9 o traballo dos rastrexadores?<\/strong><\/p>\n\n\n\n<blockquote class=\"wp-block-quote is-layout-flow wp-block-quote-is-layout-flow\"><p>\u00c9 un traballo esencial e basicamente consiste en que a partir de que aparece un positivo tr\u00e1tase de localizar de contado a todas as persoas que tiveran contacto con el e illar a aquelas que se valore que puidera haber un risco serio de contaxio. \u00c9 a \u00fanica maneira de romper as cadeas<\/p><\/blockquote>\n\n\n\n<p><strong>Quen desenvolve ese traballo?<\/strong><\/p>\n\n\n\n<blockquote class=\"wp-block-quote is-layout-flow wp-block-quote-is-layout-flow\"><p>Persoas contratadas polo SERGAS que operan telefonicamente<\/p><\/blockquote>\n\n\n\n<p><strong>Sanitarios?<\/strong><\/p>\n\n\n\n<blockquote class=\"wp-block-quote is-layout-flow wp-block-quote-is-layout-flow\"><p>Non necesariamente, pero si est\u00e1n dirixidos por sanitarios e aplican protocolos designados por sanitarios<\/p><\/blockquote>\n\n\n\n<p><strong>Como se determina o n\u00famero de persoas necesarias para desenvolver ese traballo?<\/strong><\/p>\n\n\n\n<blockquote class=\"wp-block-quote is-layout-flow wp-block-quote-is-layout-flow\"><p>En funci\u00f3n de distintas variables como por exemplo a poboaci\u00f3n da \u00e1rea sanitaria sobre a que se opere, ou a situaci\u00f3n epid\u00e9mica.<\/p><\/blockquote>\n\n\n\n<p><strong>Agardo ferventemente que non pase, pero p\u00f3ndonos no peor dos casos e que en Galicia se dese unha situaci\u00f3n de contaxio masivo como por desgraza semella que acontece noutras zonas do estado, a Xunta ten dese\u00f1ados protocolos de actuaci\u00f3n?<\/strong><\/p>\n\n\n\n<blockquote class=\"wp-block-quote is-layout-flow wp-block-quote-is-layout-flow\"><p>Si, por descontado. De feito algunhas medidas estiveron a piques de realizarse no momento que peor o pasamos. Temos plans dese\u00f1ados e os materiais almacenados por se se dese un escenario moito peor que o que temos agora. Coma ti, eu tam\u00e9n agardo ferventemente que non sexa necesario.<\/p><\/blockquote>\n\n\n\n<p><strong>Falando de materiais, cres que deixar aqueles respiradores a Madrid, foi unha decisi\u00f3n acertada?<\/strong><\/p>\n\n\n\n<blockquote class=\"wp-block-quote is-layout-flow wp-block-quote-is-layout-flow\"><p>Si, rotundamente si. Para min colaborar con quen o precise \u00e9 un imperativo moral. O contrario ser\u00eda ,ao meu xu\u00edzo, eticamente censurable.<\/p><\/blockquote>\n\n\n\n<p><strong>Temos o material sanitario suficiente se se dese un escenario semellante ao de marzo abril?<\/strong><\/p>\n\n\n\n<blockquote class=\"wp-block-quote is-layout-flow wp-block-quote-is-layout-flow\"><p>Vamos ver, temos o material suficiente que nos fixo falta nos peores momentos que vivimos. En calquera caso cando foi necesario Galicia foi solidaria, e se se dese unha situaci\u00f3n de desborde estou seguro que tam\u00e9n recibiriamos esa solidariedade.<\/p><\/blockquote>\n\n\n\n<p><strong>Por que abristes tan tarde os centros de dia?<\/strong><\/p>\n\n\n\n<blockquote class=\"wp-block-quote is-layout-flow wp-block-quote-is-layout-flow\"><p>N\u00f3s creamos dous comit\u00e9s: un cl\u00ednico e outro econ\u00f3mico. As persoas que os forman son as mellores, e n\u00f3s seguimos os seus consellos, que nunca son ideol\u00f3xicos sen\u00f3n t\u00e9cnicos. O asunto dos centros de d\u00eda polo que me preguntas non foi outra cousa que seguir o consello do comit\u00e9 cl\u00ednico. Eles consideraban que era unha situaci\u00f3n de risco extremo, e n\u00f3s seguimos o seu parecer.<\/p><\/blockquote>\n\n\n\n<p><strong>Pero claro Alberto esa situaci\u00f3n supuxo un golpe moi importante para persoas que precisan terapias e que non poden estar sen elas<\/strong><\/p>\n\n\n\n<blockquote class=\"wp-block-quote is-layout-flow wp-block-quote-is-layout-flow\"><p>Iso \u00e9 indiscutible e somos perfectamente conscientes do dif\u00edcil que foi para moita xente maior e sensibles \u00e1 dor das s\u00faas familias, pero no momento en que hai que decidir entre arriscar a s\u00faa vida ou a continuidade das terapias que fas?. Non \u00e9 nada f\u00e1cil, pero ante unha tesitura de tal envergadura sempre hai que optar polo criterio dos cient\u00edficos<\/p><\/blockquote>\n\n\n\n<p><strong>A situaci\u00f3n das residencias de maiores chegou a ser enormemente preocupante. Temos controlado o seu estado para que nunca se volva a repetir?<\/strong><\/p>\n\n\n\n<blockquote class=\"wp-block-quote is-layout-flow wp-block-quote-is-layout-flow\"><p>En todas as residencias nas que, fose pola v\u00eda que fose, tivemos constancia de que puidese non terse actuado correctamente abrimos expedientes de investigaci\u00f3n que van chegar ata o final e veremos como rematan en todos os casos<\/p><\/blockquote>\n\n\n\n<p><strong>Incluso no caso da empresa titular de varias residencias nas que se produciron falecementos e que no seu momento premiou a Xunta?<\/strong><\/p>\n\n\n\n<blockquote class=\"wp-block-quote is-layout-flow wp-block-quote-is-layout-flow\"><p>Non s\u00f3 recibiu premios da Xunta, recibiunos de varias entidades, pero si claro, investigaremos a todas e cada unha das empresas.<\/p><\/blockquote>\n\n\n\n<p><strong>Como valoras a oposici\u00f3n que, neste tema en concreto, est\u00e1n exercendo o BNG e o PSdG?<\/strong><\/p>\n\n\n\n<blockquote class=\"wp-block-quote is-layout-flow wp-block-quote-is-layout-flow\"><p>Son distintas. Eu penso que o BNG neste asunto desenvolve unha oposici\u00f3n m\u00e1is propositiva e respectuosa coa acci\u00f3n de goberno. Creo que soubo estar \u00e1 altura, pero coido que o partido socialista equivocouse gravemente pois centrouse en cuestionar calquera cousa que fixeramos n\u00f3s, acertaramos ou non, mentres que avalaban calquera cousa do goberno central acertaran ou non. N\u00f3s as\u00ed o fixemos e tal como manifestou o presidente Feijoo o PP debe facer unha oposici\u00f3n leal neste asunto.<\/p><\/blockquote>\n\n\n\n<p><strong>Reaf\u00edrmome Alberto, na mi\u00f1a afirmaci\u00f3n anterior de que es un tipo listo, porque xa prev\u00e9s cal \u00eda ser a mi\u00f1a seguinte pregunta e anticipas a resposta.<\/strong><\/p>\n\n\n\n<blockquote class=\"wp-block-quote is-layout-flow wp-block-quote-is-layout-flow\"><p>Non , non<\/p><\/blockquote>\n\n\n\n<p><strong>Ha ha ha ha ha, noonn que va<\/strong><\/p>\n\n\n\n<blockquote class=\"wp-block-quote is-layout-flow wp-block-quote-is-layout-flow\"><p>En serio Tino, digo o da oposici\u00f3n leal porque creo que \u00e9 certo<\/p><\/blockquote>\n\n\n\n<p><strong>Alberto por favor\u00a1\u00a1, de verdade podes dicir que a oposici\u00f3n do PP ao goberno de Pedro S\u00e1nchez, neste asunto en concreto, foi leal, honesta e responsable?<\/strong><\/p>\n\n\n\n<blockquote class=\"wp-block-quote is-layout-flow wp-block-quote-is-layout-flow\"><p>Pois si, d\u00edgoo porque as\u00ed o penso. Quero lembrar que cando o goberno foi abandonado polos seus socios, foi o PP quen lle aprobou os estados de alarma. E ao goberno faltoulle sensibilidade para reco\u00f1ecelo<\/p><\/blockquote>\n\n\n\n<p><strong>Chamar \u201cterrorista\u201d ao pai do vicepresidente do goberno par\u00e9ceche unha forma correcta de exercer unha oposici\u00f3n leal, honesta e responsable?<\/strong><\/p>\n\n\n\n<blockquote class=\"wp-block-quote is-layout-flow wp-block-quote-is-layout-flow\"><p>Vamos ver, a min persoalmente, e ao PPdeG, ese tono e ese tipo de intervenci\u00f3ns nos desgustan e non van con n\u00f3s. Recorda que o presidente Feijoo manifestouno as\u00ed de maneira expl\u00edcita. Tam\u00e9n c\u00f3mpre lembrar que esa situaci\u00f3n produciuse como resposta a unha provocaci\u00f3n inicial do vicepresidente que trataba de denigrar a unha persoa facendo referencia aos t\u00edtulos nobiliarios da s\u00faa familia . A min os debates crispados que se deron no parlamento do estado non me gustan en absoluto, e aspiro a que non se reproduzan no parlamento de Galicia<\/p><\/blockquote>\n\n\n\n<p><strong>De quen \u00e9 a responsabilidade desa crispaci\u00f3n que mencionas?<\/strong><\/p>\n\n\n\n<blockquote class=\"wp-block-quote is-layout-flow wp-block-quote-is-layout-flow\"><p>Probablemente un pouco de todos. Por\u00e9n, creo que neste tema \u00e9 preciso salientar que no caso de Podemos, a crispaci\u00f3n era o obxectivo das s\u00faas pol\u00edticas e levan anos practic\u00e1ndoa. Eu en pol\u00edtica te\u00f1o adversarios, pero non inimigos. Pola contra a praxe pol\u00edtica de Podemos trata de converter en inimigos a quen non pensamos o mesmo ca eles.<\/p><\/blockquote>\n\n\n\n<p><strong>Como valoras o escenario pol\u00edtico que deixou en Galicia as elecci\u00f3ns de xullo?<\/strong><\/p>\n\n\n\n<blockquote class=\"wp-block-quote is-layout-flow wp-block-quote-is-layout-flow\"><p>Eu creo que desde a s\u00faa ideolox\u00eda a xente votou a quen defend\u00eda mellor Galicia. Podemos foi borrado porque os seus votantes percib\u00edrono como unha sucursal de Madrid, o Psoe pagou o seu ali\u00f1amento incondicional coas decisi\u00f3ns do goberno do estado, mentres que os votantes de centro dereita reco\u00f1eceron maioritariamente a defensa dos intereses de Galicia do PP, e os votantes de esquerda fixeron o mesmo, co BNG.<\/p><\/blockquote>\n\n\n\n<p><strong>Por que motivo na vosa propagada electoral o logo do PP estaba borrado ou reducido \u00e1 m\u00ednima expresi\u00f3n?<\/strong><\/p>\n\n\n\n<blockquote class=\"wp-block-quote is-layout-flow wp-block-quote-is-layout-flow\"><p>Pero imos ver, en verdade cres que hai unha soa persoa en toda Galicia que non saiba que Feijoo \u00e9 do PP\u00a1\u00a1.Cada organizaci\u00f3n pol\u00edtica ocupa o seu espazo co que ela considera lexitimamente prioritario. E a nosa prioridade \u00e9 Galicia. \u00c9 as\u00ed de sinxelo.<\/p><\/blockquote>\n\n\n\n<p><strong>Ent\u00f3n non existiu vontade de ocultar a marca PP?<\/strong><\/p>\n\n\n\n<blockquote class=\"wp-block-quote is-layout-flow wp-block-quote-is-layout-flow\"><p>A verdade esa pregunta faima moita xente e faime moita gracia<\/p><\/blockquote>\n\n\n\n<p><strong>Pois se cha preguntan moitas veces por algo ser\u00e1<\/strong><\/p>\n\n\n\n<blockquote class=\"wp-block-quote is-layout-flow wp-block-quote-is-layout-flow\"><p>Vou contestala rotundamente; Eu estou moi orgulloso de militar no PP e nin eu nin ning\u00fan militante do PPdG sentimos o m\u00e1is m\u00ednimo aceno de vergonza, todo o contrario<\/p><\/blockquote>\n\n\n\n<p><strong>Falando de vergonza. Se levas a portada da pr\u00f3xima Peneira, ou parte dela, un xornal claramente connotado co nacionalismo, non che dar\u00e1 vergonza?<\/strong><\/p>\n\n\n\n<blockquote class=\"wp-block-quote is-layout-flow wp-block-quote-is-layout-flow\"><p>Non claro que non. A min parecer\u00edame mal aparecer no medio dun libelo ou dun texto que insulte ou falte ao respecto, pero de ning\u00fan modo nun medio cunha li\u00f1a editorial distinta \u00e1 mi\u00f1a forma de entender a realidade<\/p><\/blockquote>\n\n\n\n<p><strong>Vale, vale, eu av\u00edsoche a priori para que non che asustes<\/strong><\/p>\n\n\n\n<blockquote class=\"wp-block-quote is-layout-flow wp-block-quote-is-layout-flow\"><p>Pois grazas por avisar pero tranquilo que eu non me asusto<\/p><\/blockquote>\n\n\n\n<p><strong>E como prognosticas que pode evolucionar a realidade pol\u00edtica galega?<\/strong><\/p>\n\n\n\n<blockquote class=\"wp-block-quote is-layout-flow wp-block-quote-is-layout-flow\"><p>Eu son un horroroso futur\u00f3logo en non te\u00f1o por costume facer progn\u00f3sticos<\/p><\/blockquote>\n\n\n\n<p><strong>Ha ha ha ha .Non me digas, porque non o crer\u00eda, que non fixeches porras sobre o n\u00famero de deputados que iades sacar?<\/strong><\/p>\n\n\n\n<blockquote class=\"wp-block-quote is-layout-flow wp-block-quote-is-layout-flow\"><p>Si, si que a fixen<\/p><\/blockquote>\n\n\n\n<p><strong>E cantos prognosticastes?<\/strong><\/p>\n\n\n\n<blockquote class=\"wp-block-quote is-layout-flow wp-block-quote-is-layout-flow\"><p>Equivoqueime nun. Eu dixen 43<\/p><\/blockquote>\n\n\n\n<p><strong>Eu equivoqueime en 5<\/strong><\/p>\n\n\n\n<blockquote class=\"wp-block-quote is-layout-flow wp-block-quote-is-layout-flow\"><p>Ha ha ha ha. Creo que iso foi m\u00e1is un desexo que un progn\u00f3stico rigoroso<\/p><\/blockquote>\n\n\n\n<p><strong>Na t\u00faa localidade, Redondela, o resultado voso estivo 8 puntos por debaixo da media da provincia, por que?<\/strong><\/p>\n\n\n\n<blockquote class=\"wp-block-quote is-layout-flow wp-block-quote-is-layout-flow\"><p>Ben, Redondela ten unha situaci\u00f3n pol\u00edtica peculiar, por outra parte o candidato de aqu\u00ed, eu mesmo, por decisi\u00f3n do partido , que me encargou tarefas de organizaci\u00f3n, non puiden dedicar case nada de tempo a explicar o que fixemos en beneficio de Redondela. Iso non quita que te\u00f1amos que reflexionar e mellorar todo aquelo que sexa susceptible de ser mellorado.<\/p><\/blockquote>\n\n\n\n<p><strong>Se o PP de Casado non se consolida como unha alternativa con posibilidades aritm\u00e9ticas reais de disputarlle, con expectativas razoables de \u00e9xito, a maior\u00eda ao goberno de coalici\u00f3n actual, hai posibilidades de que Feijoo non acabe a lexislatura ?<\/strong><\/p>\n\n\n\n<blockquote class=\"wp-block-quote is-layout-flow wp-block-quote-is-layout-flow\"><p>Como antes che dixen son mal futur\u00f3logo e non son capaz de sabelo. Agora ben na pol\u00edtica galega ao presidente Feijoo se lle leva un mont\u00f3n de anos acusando de ter ambici\u00f3ns en Madrid, e el leva ese mesmo mont\u00f3n de anos aqu\u00ed. E d\u00edgoche que te\u00f1o o convencemento de que se no \u00faltimo congreso se tivera presentado ter\u00edao ga\u00f1ado. Non o fixo ,porque el non quixo. E f\u00edxate que curiosa \u00e9 a vida que un se\u00f1or, o deputado G\u00f3mez Reino, e unha se\u00f1ora, a ministra de traballo, que acusaban ao presidente de quererse ir a Madrid est\u00e1n eles en Madrid. En fin..<\/p><\/blockquote>\n\n\n\n<p><strong>Na campa\u00f1a electoral asumistes o compromiso de solucionar o tema Alcoa<\/strong><\/p>\n\n\n\n<blockquote class=\"wp-block-quote is-layout-flow wp-block-quote-is-layout-flow\"><p>Non, non nos comprometemos a solucionalo porque o asunto non est\u00e1 nas nosas mans. N\u00f3s compromet\u00e9monos a apoiar toda aquela medida que axude a solucionar ese problema e imos estar a\u00ed. O de Alcoa \u00e9 unha canallada<\/p><\/blockquote>\n\n\n\n<p><strong>Unha canallada de quen?<\/strong><\/p>\n\n\n\n<blockquote class=\"wp-block-quote is-layout-flow wp-block-quote-is-layout-flow\"><p>Da propiedade que debe facerse a un lado e permitir a venda e do goberno do estado pola s\u00faa actitude ao respecto do estatuto electro intensivo<\/p><\/blockquote>\n\n\n\n<p><strong>A soluci\u00f3n \u00e9 a nacionalizaci\u00f3n?<\/strong><\/p>\n\n\n\n<blockquote class=\"wp-block-quote is-layout-flow wp-block-quote-is-layout-flow\"><p>Non, iso non \u00e9 serio. Alcoa \u00e9 viable e o que precisa \u00e9 un prezo estable da electricidade e que o propietario permita a s\u00faa venda. Houbo unha ministra que foi \u00e1 mari\u00f1a e dixo que o estatuto electro intensivo estaba listo e que non o ensinaba porque non quer\u00eda xogar ao electoralismo. Xa pasou moito tempo desde as xerais. Onde est\u00e1 o estatuto?<\/p><\/blockquote>\n\n\n\n<p><strong>En relaci\u00f3n ao prezo da electricidade, estades en desacordo cunha tarifa el\u00e9ctrica espec\u00edfica para Galicia?<\/strong><\/p>\n\n\n\n<blockquote class=\"wp-block-quote is-layout-flow wp-block-quote-is-layout-flow\"><p>Estamos en desacordo, si. Non pensamos que esa tarifa sexa a soluci\u00f3n.<\/p><\/blockquote>\n\n\n\n<p><strong>Por\u00e9n, cando no mandato anterior a CIG presentou unha ILP que defend\u00eda unha tarifa el\u00e9ctrica propia para Galicia, v\u00f3s votastes a favor. Por que?&nbsp;<\/strong><\/p>\n\n\n\n<blockquote class=\"wp-block-quote is-layout-flow wp-block-quote-is-layout-flow\"><p>Non<\/p><\/blockquote>\n\n\n\n<p><strong>Como que non Alberto, foi aprobada por unanimidade<\/strong><\/p>\n\n\n\n<blockquote class=\"wp-block-quote is-layout-flow wp-block-quote-is-layout-flow\"><p>Non, a\u00ed hab\u00eda un paquete de varias medidas e a esencial \u00eda dirixida a garantir o futuro das electro intensivas, que foi o que apoiamos n\u00f3s, o paquete en xeral<\/p><\/blockquote>\n\n\n\n<p><strong>Que pasou con PEMEX?<\/strong><\/p>\n\n\n\n<blockquote class=\"wp-block-quote is-layout-flow wp-block-quote-is-layout-flow\"><p>Esa \u00e9 unha empresa que nun momento dado foi moi importante para os estaleiros galegos e que despois tivo un devir moi negativo para a propia PEMEX, o que levou a suspensi\u00f3n duns pedidos que ter\u00edan sido moi relevantes para Galicia<\/p><\/blockquote>\n\n\n\n<p><strong>Vulcano est\u00e1 definitivamente morto?<\/strong><\/p>\n\n\n\n<blockquote class=\"wp-block-quote is-layout-flow wp-block-quote-is-layout-flow\"><p>Non o sei, a min gustar\u00edame que non claro<\/p><\/blockquote>\n\n\n\n<p><strong>Hoxe \u00e9 10 de agosto, e onte co\u00f1ecemos que a AN abre dilixencias contra Ana Pont\u00f3n por unhas declaraci\u00f3ns sobre a casa real. Que opinas desta actuaci\u00f3n xudicial?<\/strong><\/p>\n\n\n\n<blockquote class=\"wp-block-quote is-layout-flow wp-block-quote-is-layout-flow\"><p>Eu como sabes son avogado, e das decisi\u00f3ns xudiciais intento opinar pouco. Son moi respectuoso coa xustiza. Creo que Ana Pont\u00f3n equivocouse con esas palabras , outra cousa \u00e9 que te\u00f1an relevancia penal, que \u00e9 o que debe determinar a xustiza. Dito isto quixera precisar d\u00faas cousas; \u00c1 se\u00f1ora Pont\u00f3n, no terreo persoal des\u00e9xolle o mellor, e non me alegro que lle pase iso nin moito menos, pero al\u00e9grame que non se dea cun goberno do PP, porque se fose as\u00ed non te\u00f1o d\u00fabida de que seriamos acusados de contado de perseguir ao nacionalismo<\/p><\/blockquote>\n\n\n\n<p><strong>Non te parece que no estado, goberne quen goberne, estase optando en moitas ocasi\u00f3ns pola v\u00eda represiva contra o discrepante<\/strong><\/p>\n\n\n\n<blockquote class=\"wp-block-quote is-layout-flow wp-block-quote-is-layout-flow\"><p>Non. En Espa\u00f1a rexen leis aprobadas por parlamentos lex\u00edtimos en votaci\u00f3ns lex\u00edtimas .E pedir o cumprimento da lei para todos por igual, non \u00e9 represivo, \u00e9 a esencia mesma da democracia<\/p><\/blockquote>\n\n\n\n<p><strong>Cando dis que todos debemos someternos \u00e1 lei incl\u00faes a todos os membros da casa real?<\/strong><\/p>\n\n\n\n<blockquote class=\"wp-block-quote is-layout-flow wp-block-quote-is-layout-flow\"><p>Por suposto<\/p><\/blockquote>\n\n\n\n<p><strong>Os tribunais europeos te\u00f1en amonestado en diversas ocasi\u00f3ns aos espa\u00f1ois<\/strong><\/p>\n\n\n\n<blockquote class=\"wp-block-quote is-layout-flow wp-block-quote-is-layout-flow\"><p>Moitas menos veces que a outros estados europeos. E iso son datos obxectivos nin sensaci\u00f3ns nin especulaci\u00f3ns<\/p><\/blockquote>\n\n\n\n<p><strong>Xa, pero non sei eu se noutros estados europeos se deron casos tan sumamente graves como o de bateragune que fixo que unha serie de persoas sufriran 6 anos \u00edntegros no c\u00e1rcere cumprindo a sentenza dun xu\u00edzo que en Europa se ditaminou como nulo<\/strong><\/p>\n\n\n\n<blockquote class=\"wp-block-quote is-layout-flow wp-block-quote-is-layout-flow\"><p>Hai resoluci\u00f3ns dos tribunais europeos que eu non comparto, pero como che dixen antes, acatalas todas \u00e9 parte da democracia<\/p><\/blockquote>\n\n\n\n<p><strong>Xa, pero o TS espa\u00f1ol tardou unha barbaridade de tempo en executar esa sentenza. Faino moi pouco tempo despois das elecci\u00f3ns vascas, e se o tivera feito antes Otegui poder\u00eda terse presentado \u00e1s mesmas. Non me digas que non che parece nin minimamente sospeitoso?<\/strong><\/p>\n\n\n\n<blockquote class=\"wp-block-quote is-layout-flow wp-block-quote-is-layout-flow\"><p>Non, a xustiza est\u00e1 como est\u00e1 e ten os seus tempos. O retraso \u00e9 xeral e \u00e9 o seu problema principal<\/p><\/blockquote>\n\n\n\n<p><strong>Ent\u00f3n ti pensas que a execuci\u00f3n desa sentenza xusto despois das elecci\u00f3ns en Euskadi foi unha circunstancia procesal normal?<\/strong><\/p>\n\n\n\n<blockquote class=\"wp-block-quote is-layout-flow wp-block-quote-is-layout-flow\"><p>Si. \u00c9 que se a xustiza se aplicase en funci\u00f3n de criterios de oportunidade pol\u00edtica non ser\u00eda xustiza<\/p><\/blockquote>\n\n\n\n<p><strong>Acabamos esta extens\u00edsima conversa, quedan un feixe de temas, pero o espazo \u00e9 limitado. Grazas pola t\u00faa atenci\u00f3n Alberto e unha \u00faltima cuesti\u00f3n; se a pandemia o permite cales&nbsp;<\/strong><\/p>\n\n\n\n<p><strong>van ser os grandes obxectivos pol\u00edticos do PPdG esta lexislatura?<\/strong><\/p>\n\n\n\n<blockquote class=\"wp-block-quote is-layout-flow wp-block-quote-is-layout-flow\"><p>O esencial \u00e9 superar a pandemia o antes posible e da mellor maneira posible. E al\u00e9n desa circunstancia imos dedicar todos os nosos esforzos \u00e1 recuperaci\u00f3n econ\u00f3mica e a loitar contra a crise demogr\u00e1fica\u00a0<\/p><\/blockquote>\n","protected":false},"excerpt":{"rendered":"<div class=\"mh-excerpt\"><p>Alberto \u00e9 un avogado redondel\u00e1n, deputado auton\u00f3mico do Partido Popular, e o seu secretario de organizaci\u00f3n. Mantivemos unha extens\u00edsima e cordial conversa na que nos deu a s\u00faa visi\u00f3n da realidade pol\u00edtica galega <a class=\"mh-excerpt-more\" href=\"https:\/\/www.anovapeneira.gal\/index.php\/2020\/08\/17\/alberto-pazos-secretario-organizacion-ppdeg-deputado-autonomico\/\" title=\"Alberto Pazos Secretario de Organizaci\u00f3n do PPdeG e Deputado Auton\u00f3mico\">[&#8230;]<\/a><\/p>\n<\/div>","protected":false},"author":2,"featured_media":3732,"comment_status":"open","ping_status":"open","sticky":false,"template":"","format":"standard","meta":{"_exactmetrics_skip_tracking":false,"_exactmetrics_sitenote_active":false,"_exactmetrics_sitenote_note":"","_exactmetrics_sitenote_category":0,"footnotes":""},"categories":[264],"tags":[171,1182],"class_list":{"0":"post-3731","1":"post","2":"type-post","3":"status-publish","4":"format-standard","5":"has-post-thumbnail","7":"category-entrevistas-galicia","8":"tag-concello-de-redondela","9":"tag-ppdeg"},"yoast_head":"<!-- This site is optimized with the Yoast SEO plugin v27.4 - https:\/\/yoast.com\/product\/yoast-seo-wordpress\/ -->\n<title>Alberto Pazos Secretario de Organizaci\u00f3n do PPdeG e Deputado Auton\u00f3mico -<\/title>\n<meta name=\"description\" content=\"Alberto Pazo secretario organizaci\u00f3n do PPdeG e deputuado auton\u00f3mico \u00e9 avogado redondel\u00e1n.\" \/>\n<meta name=\"robots\" content=\"index, follow, max-snippet:-1, max-image-preview:large, max-video-preview:-1\" \/>\n<link rel=\"canonical\" href=\"https:\/\/www.anovapeneira.gal\/index.php\/2020\/08\/17\/alberto-pazos-secretario-organizacion-ppdeg-deputado-autonomico\/\" \/>\n<meta property=\"og:locale\" content=\"gl_ES\" \/>\n<meta property=\"og:type\" content=\"article\" \/>\n<meta property=\"og:title\" content=\"Alberto Pazos Secretario de Organizaci\u00f3n do PPdeG e Deputado Auton\u00f3mico -\" \/>\n<meta property=\"og:description\" content=\"Alberto Pazo secretario organizaci\u00f3n do PPdeG e deputuado auton\u00f3mico \u00e9 avogado redondel\u00e1n.\" \/>\n<meta property=\"og:url\" content=\"https:\/\/www.anovapeneira.gal\/index.php\/2020\/08\/17\/alberto-pazos-secretario-organizacion-ppdeg-deputado-autonomico\/\" \/>\n<meta property=\"article:publisher\" content=\"https:\/\/www.facebook.com\/anovapeneira\" \/>\n<meta property=\"article:published_time\" content=\"2020-08-17T08:00:23+00:00\" \/>\n<meta property=\"og:image\" content=\"https:\/\/www.anovapeneira.gal\/wp-content\/uploads\/2020\/08\/alberto_pazos_secretario_organizacion_pp_a_nova_peneira.jpg\" \/>\n\t<meta property=\"og:image:width\" content=\"720\" \/>\n\t<meta property=\"og:image:height\" content=\"432\" \/>\n\t<meta property=\"og:image:type\" content=\"image\/jpeg\" \/>\n<meta name=\"author\" content=\"Tino Lago\" \/>\n<meta name=\"twitter:card\" content=\"summary_large_image\" \/>\n<meta name=\"twitter:creator\" content=\"@APeneira\" \/>\n<meta name=\"twitter:site\" content=\"@APeneira\" \/>\n<meta name=\"twitter:label1\" content=\"Escrito por\" \/>\n\t<meta name=\"twitter:data1\" content=\"Tino Lago\" \/>\n\t<meta name=\"twitter:label2\" content=\"Tempo de lectura\" \/>\n\t<meta name=\"twitter:data2\" content=\"15 minutos\" \/>\n<script type=\"application\/ld+json\" class=\"yoast-schema-graph\">{\"@context\":\"https:\\\/\\\/schema.org\",\"@graph\":[{\"@type\":\"Article\",\"@id\":\"https:\\\/\\\/www.anovapeneira.gal\\\/index.php\\\/2020\\\/08\\\/17\\\/alberto-pazos-secretario-organizacion-ppdeg-deputado-autonomico\\\/#article\",\"isPartOf\":{\"@id\":\"https:\\\/\\\/www.anovapeneira.gal\\\/index.php\\\/2020\\\/08\\\/17\\\/alberto-pazos-secretario-organizacion-ppdeg-deputado-autonomico\\\/\"},\"author\":{\"name\":\"Tino Lago\",\"@id\":\"https:\\\/\\\/www.anovapeneira.gal\\\/#\\\/schema\\\/person\\\/424dfe65e3070fd8a44d22d2c088762a\"},\"headline\":\"Alberto Pazos Secretario de Organizaci\u00f3n do PPdeG e Deputado Auton\u00f3mico\",\"datePublished\":\"2020-08-17T08:00:23+00:00\",\"mainEntityOfPage\":{\"@id\":\"https:\\\/\\\/www.anovapeneira.gal\\\/index.php\\\/2020\\\/08\\\/17\\\/alberto-pazos-secretario-organizacion-ppdeg-deputado-autonomico\\\/\"},\"wordCount\":3089,\"commentCount\":0,\"publisher\":{\"@id\":\"https:\\\/\\\/www.anovapeneira.gal\\\/#organization\"},\"image\":{\"@id\":\"https:\\\/\\\/www.anovapeneira.gal\\\/index.php\\\/2020\\\/08\\\/17\\\/alberto-pazos-secretario-organizacion-ppdeg-deputado-autonomico\\\/#primaryimage\"},\"thumbnailUrl\":\"https:\\\/\\\/www.anovapeneira.gal\\\/wp-content\\\/uploads\\\/2020\\\/08\\\/alberto_pazos_secretario_organizacion_pp_a_nova_peneira.jpg\",\"keywords\":[\"Concello de Redondela\",\"PPdeG\"],\"articleSection\":[\"Entrevistas\"],\"inLanguage\":\"gl-ES\",\"potentialAction\":[{\"@type\":\"CommentAction\",\"name\":\"Comment\",\"target\":[\"https:\\\/\\\/www.anovapeneira.gal\\\/index.php\\\/2020\\\/08\\\/17\\\/alberto-pazos-secretario-organizacion-ppdeg-deputado-autonomico\\\/#respond\"]}]},{\"@type\":\"WebPage\",\"@id\":\"https:\\\/\\\/www.anovapeneira.gal\\\/index.php\\\/2020\\\/08\\\/17\\\/alberto-pazos-secretario-organizacion-ppdeg-deputado-autonomico\\\/\",\"url\":\"https:\\\/\\\/www.anovapeneira.gal\\\/index.php\\\/2020\\\/08\\\/17\\\/alberto-pazos-secretario-organizacion-ppdeg-deputado-autonomico\\\/\",\"name\":\"Alberto Pazos Secretario de Organizaci\u00f3n do PPdeG e Deputado Auton\u00f3mico -\",\"isPartOf\":{\"@id\":\"https:\\\/\\\/www.anovapeneira.gal\\\/#website\"},\"primaryImageOfPage\":{\"@id\":\"https:\\\/\\\/www.anovapeneira.gal\\\/index.php\\\/2020\\\/08\\\/17\\\/alberto-pazos-secretario-organizacion-ppdeg-deputado-autonomico\\\/#primaryimage\"},\"image\":{\"@id\":\"https:\\\/\\\/www.anovapeneira.gal\\\/index.php\\\/2020\\\/08\\\/17\\\/alberto-pazos-secretario-organizacion-ppdeg-deputado-autonomico\\\/#primaryimage\"},\"thumbnailUrl\":\"https:\\\/\\\/www.anovapeneira.gal\\\/wp-content\\\/uploads\\\/2020\\\/08\\\/alberto_pazos_secretario_organizacion_pp_a_nova_peneira.jpg\",\"datePublished\":\"2020-08-17T08:00:23+00:00\",\"description\":\"Alberto Pazo secretario organizaci\u00f3n do PPdeG e deputuado auton\u00f3mico \u00e9 avogado redondel\u00e1n.\",\"breadcrumb\":{\"@id\":\"https:\\\/\\\/www.anovapeneira.gal\\\/index.php\\\/2020\\\/08\\\/17\\\/alberto-pazos-secretario-organizacion-ppdeg-deputado-autonomico\\\/#breadcrumb\"},\"inLanguage\":\"gl-ES\",\"potentialAction\":[{\"@type\":\"ReadAction\",\"target\":[\"https:\\\/\\\/www.anovapeneira.gal\\\/index.php\\\/2020\\\/08\\\/17\\\/alberto-pazos-secretario-organizacion-ppdeg-deputado-autonomico\\\/\"]}]},{\"@type\":\"ImageObject\",\"inLanguage\":\"gl-ES\",\"@id\":\"https:\\\/\\\/www.anovapeneira.gal\\\/index.php\\\/2020\\\/08\\\/17\\\/alberto-pazos-secretario-organizacion-ppdeg-deputado-autonomico\\\/#primaryimage\",\"url\":\"https:\\\/\\\/www.anovapeneira.gal\\\/wp-content\\\/uploads\\\/2020\\\/08\\\/alberto_pazos_secretario_organizacion_pp_a_nova_peneira.jpg\",\"contentUrl\":\"https:\\\/\\\/www.anovapeneira.gal\\\/wp-content\\\/uploads\\\/2020\\\/08\\\/alberto_pazos_secretario_organizacion_pp_a_nova_peneira.jpg\",\"width\":720,\"height\":432,\"caption\":\"Alberto Pazos secretario do PPdeG\"},{\"@type\":\"BreadcrumbList\",\"@id\":\"https:\\\/\\\/www.anovapeneira.gal\\\/index.php\\\/2020\\\/08\\\/17\\\/alberto-pazos-secretario-organizacion-ppdeg-deputado-autonomico\\\/#breadcrumb\",\"itemListElement\":[{\"@type\":\"ListItem\",\"position\":1,\"name\":\"Portada\",\"item\":\"https:\\\/\\\/www.anovapeneira.gal\\\/\"},{\"@type\":\"ListItem\",\"position\":2,\"name\":\"Alberto Pazos Secretario de Organizaci\u00f3n do PPdeG e Deputado Auton\u00f3mico\"}]},{\"@type\":\"WebSite\",\"@id\":\"https:\\\/\\\/www.anovapeneira.gal\\\/#website\",\"url\":\"https:\\\/\\\/www.anovapeneira.gal\\\/\",\"name\":\"\",\"description\":\"Xornal galego de informaci\u00f3n xeral Publicaci\u00f3n mensual de novas de Galicia e en especial dos Concellos da sur da provincia de Pontevedra.\",\"publisher\":{\"@id\":\"https:\\\/\\\/www.anovapeneira.gal\\\/#organization\"},\"potentialAction\":[{\"@type\":\"SearchAction\",\"target\":{\"@type\":\"EntryPoint\",\"urlTemplate\":\"https:\\\/\\\/www.anovapeneira.gal\\\/?s={search_term_string}\"},\"query-input\":{\"@type\":\"PropertyValueSpecification\",\"valueRequired\":true,\"valueName\":\"search_term_string\"}}],\"inLanguage\":\"gl-ES\"},{\"@type\":\"Organization\",\"@id\":\"https:\\\/\\\/www.anovapeneira.gal\\\/#organization\",\"name\":\"A Nova Peneira\",\"url\":\"https:\\\/\\\/www.anovapeneira.gal\\\/\",\"logo\":{\"@type\":\"ImageObject\",\"inLanguage\":\"gl-ES\",\"@id\":\"https:\\\/\\\/www.anovapeneira.gal\\\/#\\\/schema\\\/logo\\\/image\\\/\",\"url\":\"http:\\\/\\\/www.anovapeneira.gal\\\/wp-content\\\/uploads\\\/2019\\\/06\\\/logo_a_nova_peneira_portal_web.png\",\"contentUrl\":\"http:\\\/\\\/www.anovapeneira.gal\\\/wp-content\\\/uploads\\\/2019\\\/06\\\/logo_a_nova_peneira_portal_web.png\",\"width\":300,\"height\":100,\"caption\":\"A Nova Peneira\"},\"image\":{\"@id\":\"https:\\\/\\\/www.anovapeneira.gal\\\/#\\\/schema\\\/logo\\\/image\\\/\"},\"sameAs\":[\"https:\\\/\\\/www.facebook.com\\\/anovapeneira\",\"https:\\\/\\\/x.com\\\/APeneira\"]},{\"@type\":\"Person\",\"@id\":\"https:\\\/\\\/www.anovapeneira.gal\\\/#\\\/schema\\\/person\\\/424dfe65e3070fd8a44d22d2c088762a\",\"name\":\"Tino Lago\",\"image\":{\"@type\":\"ImageObject\",\"inLanguage\":\"gl-ES\",\"@id\":\"https:\\\/\\\/secure.gravatar.com\\\/avatar\\\/b3df6a06e44bab3111583b90f0f33a0379ee5e3d22cbadd232d39f21c30c62be?s=96&d=mm&r=g\",\"url\":\"https:\\\/\\\/secure.gravatar.com\\\/avatar\\\/b3df6a06e44bab3111583b90f0f33a0379ee5e3d22cbadd232d39f21c30c62be?s=96&d=mm&r=g\",\"contentUrl\":\"https:\\\/\\\/secure.gravatar.com\\\/avatar\\\/b3df6a06e44bab3111583b90f0f33a0379ee5e3d22cbadd232d39f21c30c62be?s=96&d=mm&r=g\",\"caption\":\"Tino Lago\"},\"sameAs\":[\"http:\\\/\\\/www.anovapeneira.gal\"],\"url\":\"https:\\\/\\\/www.anovapeneira.gal\\\/index.php\\\/author\\\/director\\\/\"}]}<\/script>\n<!-- \/ Yoast SEO plugin. -->","yoast_head_json":{"title":"Alberto Pazos Secretario de Organizaci\u00f3n do PPdeG e Deputado Auton\u00f3mico -","description":"Alberto Pazo secretario organizaci\u00f3n do PPdeG e deputuado auton\u00f3mico \u00e9 avogado redondel\u00e1n.","robots":{"index":"index","follow":"follow","max-snippet":"max-snippet:-1","max-image-preview":"max-image-preview:large","max-video-preview":"max-video-preview:-1"},"canonical":"https:\/\/www.anovapeneira.gal\/index.php\/2020\/08\/17\/alberto-pazos-secretario-organizacion-ppdeg-deputado-autonomico\/","og_locale":"gl_ES","og_type":"article","og_title":"Alberto Pazos Secretario de Organizaci\u00f3n do PPdeG e Deputado Auton\u00f3mico -","og_description":"Alberto Pazo secretario organizaci\u00f3n do PPdeG e deputuado auton\u00f3mico \u00e9 avogado redondel\u00e1n.","og_url":"https:\/\/www.anovapeneira.gal\/index.php\/2020\/08\/17\/alberto-pazos-secretario-organizacion-ppdeg-deputado-autonomico\/","article_publisher":"https:\/\/www.facebook.com\/anovapeneira","article_published_time":"2020-08-17T08:00:23+00:00","og_image":[{"width":720,"height":432,"url":"https:\/\/www.anovapeneira.gal\/wp-content\/uploads\/2020\/08\/alberto_pazos_secretario_organizacion_pp_a_nova_peneira.jpg","type":"image\/jpeg"}],"author":"Tino Lago","twitter_card":"summary_large_image","twitter_creator":"@APeneira","twitter_site":"@APeneira","twitter_misc":{"Escrito por":"Tino Lago","Tempo de lectura":"15 minutos"},"schema":{"@context":"https:\/\/schema.org","@graph":[{"@type":"Article","@id":"https:\/\/www.anovapeneira.gal\/index.php\/2020\/08\/17\/alberto-pazos-secretario-organizacion-ppdeg-deputado-autonomico\/#article","isPartOf":{"@id":"https:\/\/www.anovapeneira.gal\/index.php\/2020\/08\/17\/alberto-pazos-secretario-organizacion-ppdeg-deputado-autonomico\/"},"author":{"name":"Tino Lago","@id":"https:\/\/www.anovapeneira.gal\/#\/schema\/person\/424dfe65e3070fd8a44d22d2c088762a"},"headline":"Alberto Pazos Secretario de Organizaci\u00f3n do PPdeG e Deputado Auton\u00f3mico","datePublished":"2020-08-17T08:00:23+00:00","mainEntityOfPage":{"@id":"https:\/\/www.anovapeneira.gal\/index.php\/2020\/08\/17\/alberto-pazos-secretario-organizacion-ppdeg-deputado-autonomico\/"},"wordCount":3089,"commentCount":0,"publisher":{"@id":"https:\/\/www.anovapeneira.gal\/#organization"},"image":{"@id":"https:\/\/www.anovapeneira.gal\/index.php\/2020\/08\/17\/alberto-pazos-secretario-organizacion-ppdeg-deputado-autonomico\/#primaryimage"},"thumbnailUrl":"https:\/\/www.anovapeneira.gal\/wp-content\/uploads\/2020\/08\/alberto_pazos_secretario_organizacion_pp_a_nova_peneira.jpg","keywords":["Concello de Redondela","PPdeG"],"articleSection":["Entrevistas"],"inLanguage":"gl-ES","potentialAction":[{"@type":"CommentAction","name":"Comment","target":["https:\/\/www.anovapeneira.gal\/index.php\/2020\/08\/17\/alberto-pazos-secretario-organizacion-ppdeg-deputado-autonomico\/#respond"]}]},{"@type":"WebPage","@id":"https:\/\/www.anovapeneira.gal\/index.php\/2020\/08\/17\/alberto-pazos-secretario-organizacion-ppdeg-deputado-autonomico\/","url":"https:\/\/www.anovapeneira.gal\/index.php\/2020\/08\/17\/alberto-pazos-secretario-organizacion-ppdeg-deputado-autonomico\/","name":"Alberto Pazos Secretario de Organizaci\u00f3n do PPdeG e Deputado Auton\u00f3mico -","isPartOf":{"@id":"https:\/\/www.anovapeneira.gal\/#website"},"primaryImageOfPage":{"@id":"https:\/\/www.anovapeneira.gal\/index.php\/2020\/08\/17\/alberto-pazos-secretario-organizacion-ppdeg-deputado-autonomico\/#primaryimage"},"image":{"@id":"https:\/\/www.anovapeneira.gal\/index.php\/2020\/08\/17\/alberto-pazos-secretario-organizacion-ppdeg-deputado-autonomico\/#primaryimage"},"thumbnailUrl":"https:\/\/www.anovapeneira.gal\/wp-content\/uploads\/2020\/08\/alberto_pazos_secretario_organizacion_pp_a_nova_peneira.jpg","datePublished":"2020-08-17T08:00:23+00:00","description":"Alberto Pazo secretario organizaci\u00f3n do PPdeG e deputuado auton\u00f3mico \u00e9 avogado redondel\u00e1n.","breadcrumb":{"@id":"https:\/\/www.anovapeneira.gal\/index.php\/2020\/08\/17\/alberto-pazos-secretario-organizacion-ppdeg-deputado-autonomico\/#breadcrumb"},"inLanguage":"gl-ES","potentialAction":[{"@type":"ReadAction","target":["https:\/\/www.anovapeneira.gal\/index.php\/2020\/08\/17\/alberto-pazos-secretario-organizacion-ppdeg-deputado-autonomico\/"]}]},{"@type":"ImageObject","inLanguage":"gl-ES","@id":"https:\/\/www.anovapeneira.gal\/index.php\/2020\/08\/17\/alberto-pazos-secretario-organizacion-ppdeg-deputado-autonomico\/#primaryimage","url":"https:\/\/www.anovapeneira.gal\/wp-content\/uploads\/2020\/08\/alberto_pazos_secretario_organizacion_pp_a_nova_peneira.jpg","contentUrl":"https:\/\/www.anovapeneira.gal\/wp-content\/uploads\/2020\/08\/alberto_pazos_secretario_organizacion_pp_a_nova_peneira.jpg","width":720,"height":432,"caption":"Alberto Pazos secretario do PPdeG"},{"@type":"BreadcrumbList","@id":"https:\/\/www.anovapeneira.gal\/index.php\/2020\/08\/17\/alberto-pazos-secretario-organizacion-ppdeg-deputado-autonomico\/#breadcrumb","itemListElement":[{"@type":"ListItem","position":1,"name":"Portada","item":"https:\/\/www.anovapeneira.gal\/"},{"@type":"ListItem","position":2,"name":"Alberto Pazos Secretario de Organizaci\u00f3n do PPdeG e Deputado Auton\u00f3mico"}]},{"@type":"WebSite","@id":"https:\/\/www.anovapeneira.gal\/#website","url":"https:\/\/www.anovapeneira.gal\/","name":"","description":"Xornal galego de informaci\u00f3n xeral Publicaci\u00f3n mensual de novas de Galicia e en especial dos Concellos da sur da provincia de Pontevedra.","publisher":{"@id":"https:\/\/www.anovapeneira.gal\/#organization"},"potentialAction":[{"@type":"SearchAction","target":{"@type":"EntryPoint","urlTemplate":"https:\/\/www.anovapeneira.gal\/?s={search_term_string}"},"query-input":{"@type":"PropertyValueSpecification","valueRequired":true,"valueName":"search_term_string"}}],"inLanguage":"gl-ES"},{"@type":"Organization","@id":"https:\/\/www.anovapeneira.gal\/#organization","name":"A Nova Peneira","url":"https:\/\/www.anovapeneira.gal\/","logo":{"@type":"ImageObject","inLanguage":"gl-ES","@id":"https:\/\/www.anovapeneira.gal\/#\/schema\/logo\/image\/","url":"http:\/\/www.anovapeneira.gal\/wp-content\/uploads\/2019\/06\/logo_a_nova_peneira_portal_web.png","contentUrl":"http:\/\/www.anovapeneira.gal\/wp-content\/uploads\/2019\/06\/logo_a_nova_peneira_portal_web.png","width":300,"height":100,"caption":"A Nova Peneira"},"image":{"@id":"https:\/\/www.anovapeneira.gal\/#\/schema\/logo\/image\/"},"sameAs":["https:\/\/www.facebook.com\/anovapeneira","https:\/\/x.com\/APeneira"]},{"@type":"Person","@id":"https:\/\/www.anovapeneira.gal\/#\/schema\/person\/424dfe65e3070fd8a44d22d2c088762a","name":"Tino Lago","image":{"@type":"ImageObject","inLanguage":"gl-ES","@id":"https:\/\/secure.gravatar.com\/avatar\/b3df6a06e44bab3111583b90f0f33a0379ee5e3d22cbadd232d39f21c30c62be?s=96&d=mm&r=g","url":"https:\/\/secure.gravatar.com\/avatar\/b3df6a06e44bab3111583b90f0f33a0379ee5e3d22cbadd232d39f21c30c62be?s=96&d=mm&r=g","contentUrl":"https:\/\/secure.gravatar.com\/avatar\/b3df6a06e44bab3111583b90f0f33a0379ee5e3d22cbadd232d39f21c30c62be?s=96&d=mm&r=g","caption":"Tino Lago"},"sameAs":["http:\/\/www.anovapeneira.gal"],"url":"https:\/\/www.anovapeneira.gal\/index.php\/author\/director\/"}]}},"jetpack_featured_media_url":"https:\/\/www.anovapeneira.gal\/wp-content\/uploads\/2020\/08\/alberto_pazos_secretario_organizacion_pp_a_nova_peneira.jpg","_links":{"self":[{"href":"https:\/\/www.anovapeneira.gal\/index.php\/wp-json\/wp\/v2\/posts\/3731","targetHints":{"allow":["GET"]}}],"collection":[{"href":"https:\/\/www.anovapeneira.gal\/index.php\/wp-json\/wp\/v2\/posts"}],"about":[{"href":"https:\/\/www.anovapeneira.gal\/index.php\/wp-json\/wp\/v2\/types\/post"}],"author":[{"embeddable":true,"href":"https:\/\/www.anovapeneira.gal\/index.php\/wp-json\/wp\/v2\/users\/2"}],"replies":[{"embeddable":true,"href":"https:\/\/www.anovapeneira.gal\/index.php\/wp-json\/wp\/v2\/comments?post=3731"}],"version-history":[{"count":3,"href":"https:\/\/www.anovapeneira.gal\/index.php\/wp-json\/wp\/v2\/posts\/3731\/revisions"}],"predecessor-version":[{"id":3736,"href":"https:\/\/www.anovapeneira.gal\/index.php\/wp-json\/wp\/v2\/posts\/3731\/revisions\/3736"}],"wp:featuredmedia":[{"embeddable":true,"href":"https:\/\/www.anovapeneira.gal\/index.php\/wp-json\/wp\/v2\/media\/3732"}],"wp:attachment":[{"href":"https:\/\/www.anovapeneira.gal\/index.php\/wp-json\/wp\/v2\/media?parent=3731"}],"wp:term":[{"taxonomy":"category","embeddable":true,"href":"https:\/\/www.anovapeneira.gal\/index.php\/wp-json\/wp\/v2\/categories?post=3731"},{"taxonomy":"post_tag","embeddable":true,"href":"https:\/\/www.anovapeneira.gal\/index.php\/wp-json\/wp\/v2\/tags?post=3731"}],"curies":[{"name":"wp","href":"https:\/\/api.w.org\/{rel}","templated":true}]}}