{"id":3737,"date":"2020-08-17T12:00:07","date_gmt":"2020-08-17T10:00:07","guid":{"rendered":"http:\/\/www.anovapeneira.gal\/?p=3737"},"modified":"2020-10-16T08:07:15","modified_gmt":"2020-10-16T06:07:15","slug":"contra-a-monarquia","status":"publish","type":"post","link":"https:\/\/www.anovapeneira.gal\/index.php\/2020\/08\/17\/contra-a-monarquia\/","title":{"rendered":"Contra a monarqu\u00eda"},"content":{"rendered":"\n<figure class=\"wp-block-image size-large is-resized is-style-default\"><img loading=\"lazy\" decoding=\"async\" src=\"http:\/\/www.anovapeneira.gal\/wp-content\/uploads\/2020\/08\/xurxo_martinez_a_nova_peneira_opinion.jpg\" alt=\"\" class=\"wp-image-3738\" width=\"95\" height=\"111\"\/><figcaption><strong>Xurxo Mart\u00ednez. Escritor<\/strong><\/figcaption><\/figure>\n\n\n\n<p>Velaqu\u00ed a nai do a\u00f1o. Este lema haino que proclamar na rosa dos ventos: contra a monarqu\u00eda. Pensen como pensen, profesen a fe que profesen, voten a quen voten. Porque estar contra a monarqu\u00eda l\u00e9vanos a estar coa democracia. A realeza \u00e9 o principal escollo para que un pobo exerza totalmente a s\u00faa soberan\u00eda.<\/p>\n\n\n\n<p>Isto s\u00e1bese denantes da chegada dos Borb\u00f3ns a Espa\u00f1a. Porque esta \u00e9 unha familia for\u00e1nea malia ser adoptada con todo tipo de arrolos e garatuxas pola dereita espa\u00f1ol\u00edsima. Ten o seu aquel que os vixiantes das fronteiras, al\u00e9rxicos a todo o estranxeiro, sexan escudeiros dos Borb\u00f3ns. Ser\u00e1 que hai for\u00e1neos de primeira clase, que dan lustre ao escudo e brillantina \u00e1s fotograf\u00edas, e for\u00e1neos de \u00faltima estaci\u00f3n, encarnaci\u00f3n da decadencia occidental que por miserables salarios soste\u00f1en sectores produtivos onde non hai espa\u00f1ois dispostos a traballar. Os segundos r\u00f3ubanos e os primeiros m\u00edmannos. Que bonitas as tres flores de lis na her\u00e1ldica patria!<\/p>\n\n\n\n<p>A monarqu\u00eda borb\u00f3nica \u00e9 bastarda. Basta follear&nbsp;<em>Los Borbones en pelotas<\/em>(con debuxos de Valeriano e textos de Gustavo Adolfo B\u00e9cquer) para comprobar a alegre vida sexual de Isabel II namentres o coitado do home, an\u00f3malo xenital, asume a paternidade de fillo tras fillo. E Isabel II coidaba dar felicidade o pobo coma as porcas paridoiras a dan \u00e1s casas labregas.&nbsp;<\/p>\n\n\n\n<p>A apetencia dos Borb\u00f3ns f\u00f3ra do fiel e leal matriomonio foi herdada.&nbsp;<em>Nao faz mal<\/em>, que dir\u00edan os lusos, porque a n\u00f3s como s\u00fabditos nola trae ao pairo onde Juan Carlos I ou Felipe VI encanastren. Se cadra, os Borb\u00f3ns son a primeira estirpe mon\u00e1rquica que defende o matrimonio liberal, digamos unha relaci\u00f3n aberta, e o cruce sangu\u00edneo, malia o malestar de Sostres, home da corte e co\u00f1ecementos bastos.<\/p>\n\n\n\n<p>Pero as\u00ed foi o pasado real e as\u00ed \u00e9 o real\u00edsimo presente. Cantos versos m\u00e1is escribir\u00eda Valle-Incl\u00e1n para rematar aqueles ripios:&nbsp;&#8220;Cabr\u00f3n el tatarabuelo, un canalla el bisabuelo. Puta y reputa la abuela, el padre chulo y parguela, el hijo m\u00e1s listo, lelo. \u00a1Distinguida parentela la de nuestro reyezuelo!&#8221;. Mais, hoxe (na mellor democracia posible, como nos repiten at\u00e9 o empacho verborreal) Valle ir\u00eda declarar ao Tribunal por inxurias \u00e1 Coroa, para agrado dos pseudointelectualoides org\u00e1nicos de premios varios e tertulias radiotelevisivas.<\/p>\n\n\n\n<p>Que os Borb\u00f3ns sexan realeza francesa (oh! Salven do desgusto aos espa\u00f1ol\u00edsimos de pulserilla e m\u00e1scara rojigualda) imp\u00f3rtanos nada. Que mante\u00f1an unha activa axenda sexual, pois igual de desinterese nos crea. Pro, reparemos, como a prensa mon\u00e1rquica descarga contra Corinna unha responsabilidade coma o dogma cat\u00f3lico descarga o peor dos males posibles sobre Eva por ofrecerlle unha maz\u00e1 (imaxino tipo reineta) a Ad\u00e1n, o primeiro imb\u00e9cil co\u00f1ecido na historia sacra. Pero facerse o parvo ten alegres consecuencias como a infanta Cristina sabe ben e como Laureano Oubi\u00f1a alegar ao seu favor: \u201ccomo vamos ser narcos se somos case analfabetos\u201d.<\/p>\n\n\n\n<p>O problema reside nas decisi\u00f3ns tomadas pola Casa Real que afecta \u00e1&nbsp;<em>res publica<\/em>. A corrupci\u00f3n que levou ao exilio a Mar\u00eda Cristina, Isabel II e outros familiares borb\u00f3nicos. A represi\u00f3n empregada contra persoas que defend\u00edan xornadas de oito horas laborais, a eliminaci\u00f3n do traballo infantil, o meter man nos bancos e caixas, a connivencia co escravismo e a trata de persoas, a oposici\u00f3n ao sufraxio universal e o feminino etc. A marca da casa foi o&nbsp;<em>borboneo<\/em>constante na pol\u00edtica do&nbsp;<em>turnismo<\/em>e da ditadura militar, gran sost\u00e9n dos Borb\u00f3ns coma ben saben Alfonso XIII e Juan Carlos I.&nbsp;<\/p>\n\n\n\n<p>A prensa mon\u00e1rquica convive alegremente co&nbsp;<em>campechanismo<\/em>do rei em\u00e9rito e cala as fechor\u00edas como calar\u00e1 os vindeiros episodios de Felipe VI. A ocultaci\u00f3n do destino do rei fuxido non provocou balbordo. Todo porque por riba da democracia est\u00e1 a unidade espa\u00f1ola como se esta fose seguro de orde e progreso. A dicotom\u00eda non \u00e9 Borb\u00f3ns vs. Caos sen\u00f3n Monarqu\u00eda vs. Rep\u00fablica. Pro que m\u00e1is dar\u00e1 se aos vasalos lles basta un \u201cperd\u00f3n, me he equivocado\u201d e a prensa pon o ventilador e o turnismo pol\u00edtico colabora ou mira para ao chan?<\/p>\n\n\n\n<p>A monarqu\u00eda espa\u00f1ola \u00e9 s\u00f3, e nada m\u00e1is, un garante da unidade de Espa\u00f1a. E isto sup\u00f3n cultura, educaci\u00f3n, sanidade, servizos p\u00fablicos? Sup\u00f3n investigaci\u00f3n, econom\u00eda produtiva, lecer, ecolox\u00eda? Sup\u00f3n transparencia, exemplaridade, valores, \u00e9tica? Pois non.<\/p>\n\n\n\n<p>No real compango est\u00e1n os pol\u00edticos af\u00edns, a prensa borb\u00f3nica e outros axentes vividores do r\u00e9xime. Gastan regueiros de tinta telem\u00e1tica en induc\u00edrnolo cada d\u00eda: vivimos no mellor dos pa\u00edses posibles. Fronte a todo isto, a rep\u00fablica e a democracia chegar\u00e1n precisamente pola alianza das forzas republicanas, consolidadas nas naci\u00f3ns sen estado (de dereita a esquerda no arco ideol\u00f3xico) e esquivas ou dubitativas (no mellor dos casos) das forzas progresistas espa\u00f1olas. A alianza republicana a nivel do estado, dende o pluralismo que o integra, \u00e9 a principal consigna actual que c\u00f3mpre coidar e consolidar.<\/p>\n\n\n\n<p>A Rep\u00fablica en Espa\u00f1a chegou de maneira c\u00edvica, sen guerras nin revoltas, sen disparos nas Cortes nin cabalos esbravexados. Suspenden o exame quen insisten en afirmar que a Rep\u00fablica veu con violencia. Santa ignorancia! Ao rev\u00e9s, a Rep\u00fablica (1873-74, 1931-36) chegou por vieiros democr\u00e1ticos e caeu por v\u00edas armadas e militaristas tras anos de progreso social, educativo, cultural e democr\u00e1tico. Ese \u00e9 o principal testemu\u00f1o da Rep\u00fablica.<\/p>\n\n\n\n<p>Se a Rep\u00fablica chegase alg\u00fan d\u00eda non ser\u00e1 grazas as alarmas catastrofistas da prensa mon\u00e1rquica nin dos poderes econ\u00f3micos acomodados no actual r\u00e9xime corrupto (da area pol\u00edtica \u00e1 financeira). Chegar\u00e1 de maneira pac\u00edfica como resultado dun movemento democr\u00e1tico, integrador e plural. E chega a hora de po\u00f1elo en marcha dende os concellos at\u00e9 os parlamentos, dende os movementos c\u00edvicos at\u00e9 os sindicais.<\/p>\n\n\n\n<p>Por iso, no taboleiro est\u00e1 a protecci\u00f3n da \u201ccultura republicana\u201d fronte a monarqu\u00eda. Por iso queren xulgar a Ana Pont\u00f3n, Teresa Rodr\u00edguez e Pere Aragon\u00e9s. Porque aqu\u00ed non se trata (neste preciso asunto) de debates nacionais sen\u00f3n de fundamentos e valores democr\u00e1ticos.<\/p>\n\n\n\n<p>E se os Borb\u00f3ns son a garant\u00eda da unidade espa\u00f1ola como de leais e fieis son \u00e1 familia borb\u00f3nica, que se preparen para maos tempos.<\/p>\n\n\n\n<p>Por iso,&nbsp;<em>eu contra a monarqu\u00eda<\/em>.<\/p>\n\n\n\n<p><strong>Xurxo Mart\u00ednez Gonz\u00e1lez.<\/strong><\/p>\n","protected":false},"excerpt":{"rendered":"<div class=\"mh-excerpt\"><p>Velaqu\u00ed a nai do a\u00f1o. Este lema haino que proclamar na rosa dos ventos: contra a monarqu\u00eda. Pensen como pensen, profesen a fe que profesen, voten a quen voten. Porque estar contra a monarqu\u00eda l\u00e9vanos a estar coa democracia. A realeza \u00e9 o principal escollo para que un pobo exerza totalmente a s\u00faa soberan\u00eda <a class=\"mh-excerpt-more\" href=\"https:\/\/www.anovapeneira.gal\/index.php\/2020\/08\/17\/contra-a-monarquia\/\" title=\"Contra a monarqu\u00eda\">[&#8230;]<\/a><\/p>\n<\/div>","protected":false},"author":30,"featured_media":584,"comment_status":"open","ping_status":"open","sticky":false,"template":"","format":"standard","meta":{"_exactmetrics_skip_tracking":false,"_exactmetrics_sitenote_active":false,"_exactmetrics_sitenote_note":"","_exactmetrics_sitenote_category":0,"footnotes":""},"categories":[7],"tags":[1117,58],"class_list":{"0":"post-3737","1":"post","2":"type-post","3":"status-publish","4":"format-standard","5":"has-post-thumbnail","7":"category-artigos-de-opinion","8":"tag-monarquia","9":"tag-opinion"},"yoast_head":"<!-- This site is optimized with the Yoast SEO plugin v27.4 - https:\/\/yoast.com\/product\/yoast-seo-wordpress\/ -->\n<title>Contra a monarqu\u00eda -<\/title>\n<meta name=\"description\" content=\"Contra a monarquia. A realeza \u00e9 o principal escollo para que un pobo exerza totalmente a s\u00faa soberan\u00eda.\" \/>\n<meta name=\"robots\" content=\"index, follow, max-snippet:-1, max-image-preview:large, max-video-preview:-1\" \/>\n<link rel=\"canonical\" href=\"https:\/\/www.anovapeneira.gal\/index.php\/2020\/08\/17\/contra-a-monarquia\/\" \/>\n<meta property=\"og:locale\" content=\"gl_ES\" \/>\n<meta property=\"og:type\" content=\"article\" \/>\n<meta property=\"og:title\" content=\"Contra a monarqu\u00eda -\" \/>\n<meta property=\"og:description\" content=\"Contra a monarquia. A realeza \u00e9 o principal escollo para que un pobo exerza totalmente a s\u00faa soberan\u00eda.\" \/>\n<meta property=\"og:url\" content=\"https:\/\/www.anovapeneira.gal\/index.php\/2020\/08\/17\/contra-a-monarquia\/\" \/>\n<meta property=\"article:publisher\" content=\"https:\/\/www.facebook.com\/anovapeneira\" \/>\n<meta property=\"article:published_time\" content=\"2020-08-17T10:00:07+00:00\" \/>\n<meta property=\"article:modified_time\" content=\"2020-10-16T06:07:15+00:00\" \/>\n<meta property=\"og:image\" content=\"https:\/\/www.anovapeneira.gal\/wp-content\/uploads\/2019\/07\/ARTIGO_DE_OPINION_A_NOVA_PENEIRA.jpg\" \/>\n\t<meta property=\"og:image:width\" content=\"720\" \/>\n\t<meta property=\"og:image:height\" content=\"473\" \/>\n\t<meta property=\"og:image:type\" content=\"image\/jpeg\" \/>\n<meta name=\"author\" content=\"Xurxo Mart\u00ednez\" \/>\n<meta name=\"twitter:card\" content=\"summary_large_image\" \/>\n<meta name=\"twitter:creator\" content=\"@APeneira\" \/>\n<meta name=\"twitter:site\" content=\"@APeneira\" \/>\n<meta name=\"twitter:label1\" content=\"Escrito por\" \/>\n\t<meta name=\"twitter:data1\" content=\"Xurxo Mart\u00ednez\" \/>\n\t<meta name=\"twitter:label2\" content=\"Tempo de lectura\" \/>\n\t<meta name=\"twitter:data2\" content=\"6 minutos\" \/>\n<script type=\"application\/ld+json\" class=\"yoast-schema-graph\">{\"@context\":\"https:\\\/\\\/schema.org\",\"@graph\":[{\"@type\":\"Article\",\"@id\":\"https:\\\/\\\/www.anovapeneira.gal\\\/index.php\\\/2020\\\/08\\\/17\\\/contra-a-monarquia\\\/#article\",\"isPartOf\":{\"@id\":\"https:\\\/\\\/www.anovapeneira.gal\\\/index.php\\\/2020\\\/08\\\/17\\\/contra-a-monarquia\\\/\"},\"author\":{\"name\":\"Xurxo Mart\u00ednez\",\"@id\":\"https:\\\/\\\/www.anovapeneira.gal\\\/#\\\/schema\\\/person\\\/d52dbbbf149d517ce65e4e586762bc71\"},\"headline\":\"Contra a monarqu\u00eda\",\"datePublished\":\"2020-08-17T10:00:07+00:00\",\"dateModified\":\"2020-10-16T06:07:15+00:00\",\"mainEntityOfPage\":{\"@id\":\"https:\\\/\\\/www.anovapeneira.gal\\\/index.php\\\/2020\\\/08\\\/17\\\/contra-a-monarquia\\\/\"},\"wordCount\":1137,\"commentCount\":0,\"publisher\":{\"@id\":\"https:\\\/\\\/www.anovapeneira.gal\\\/#organization\"},\"image\":{\"@id\":\"https:\\\/\\\/www.anovapeneira.gal\\\/index.php\\\/2020\\\/08\\\/17\\\/contra-a-monarquia\\\/#primaryimage\"},\"thumbnailUrl\":\"https:\\\/\\\/www.anovapeneira.gal\\\/wp-content\\\/uploads\\\/2019\\\/07\\\/ARTIGO_DE_OPINION_A_NOVA_PENEIRA.jpg\",\"keywords\":[\"Monarqu\u00eda\",\"Opini\u00f3n\"],\"articleSection\":[\"Artigos de opini\u00f3n\"],\"inLanguage\":\"gl-ES\",\"potentialAction\":[{\"@type\":\"CommentAction\",\"name\":\"Comment\",\"target\":[\"https:\\\/\\\/www.anovapeneira.gal\\\/index.php\\\/2020\\\/08\\\/17\\\/contra-a-monarquia\\\/#respond\"]}]},{\"@type\":\"WebPage\",\"@id\":\"https:\\\/\\\/www.anovapeneira.gal\\\/index.php\\\/2020\\\/08\\\/17\\\/contra-a-monarquia\\\/\",\"url\":\"https:\\\/\\\/www.anovapeneira.gal\\\/index.php\\\/2020\\\/08\\\/17\\\/contra-a-monarquia\\\/\",\"name\":\"Contra a monarqu\u00eda -\",\"isPartOf\":{\"@id\":\"https:\\\/\\\/www.anovapeneira.gal\\\/#website\"},\"primaryImageOfPage\":{\"@id\":\"https:\\\/\\\/www.anovapeneira.gal\\\/index.php\\\/2020\\\/08\\\/17\\\/contra-a-monarquia\\\/#primaryimage\"},\"image\":{\"@id\":\"https:\\\/\\\/www.anovapeneira.gal\\\/index.php\\\/2020\\\/08\\\/17\\\/contra-a-monarquia\\\/#primaryimage\"},\"thumbnailUrl\":\"https:\\\/\\\/www.anovapeneira.gal\\\/wp-content\\\/uploads\\\/2019\\\/07\\\/ARTIGO_DE_OPINION_A_NOVA_PENEIRA.jpg\",\"datePublished\":\"2020-08-17T10:00:07+00:00\",\"dateModified\":\"2020-10-16T06:07:15+00:00\",\"description\":\"Contra a monarquia. A realeza \u00e9 o principal escollo para que un pobo exerza totalmente a s\u00faa soberan\u00eda.\",\"breadcrumb\":{\"@id\":\"https:\\\/\\\/www.anovapeneira.gal\\\/index.php\\\/2020\\\/08\\\/17\\\/contra-a-monarquia\\\/#breadcrumb\"},\"inLanguage\":\"gl-ES\",\"potentialAction\":[{\"@type\":\"ReadAction\",\"target\":[\"https:\\\/\\\/www.anovapeneira.gal\\\/index.php\\\/2020\\\/08\\\/17\\\/contra-a-monarquia\\\/\"]}]},{\"@type\":\"ImageObject\",\"inLanguage\":\"gl-ES\",\"@id\":\"https:\\\/\\\/www.anovapeneira.gal\\\/index.php\\\/2020\\\/08\\\/17\\\/contra-a-monarquia\\\/#primaryimage\",\"url\":\"https:\\\/\\\/www.anovapeneira.gal\\\/wp-content\\\/uploads\\\/2019\\\/07\\\/ARTIGO_DE_OPINION_A_NOVA_PENEIRA.jpg\",\"contentUrl\":\"https:\\\/\\\/www.anovapeneira.gal\\\/wp-content\\\/uploads\\\/2019\\\/07\\\/ARTIGO_DE_OPINION_A_NOVA_PENEIRA.jpg\",\"width\":720,\"height\":473,\"caption\":\"Artigo de opini\u00f3n A Nova Peneira\"},{\"@type\":\"BreadcrumbList\",\"@id\":\"https:\\\/\\\/www.anovapeneira.gal\\\/index.php\\\/2020\\\/08\\\/17\\\/contra-a-monarquia\\\/#breadcrumb\",\"itemListElement\":[{\"@type\":\"ListItem\",\"position\":1,\"name\":\"Portada\",\"item\":\"https:\\\/\\\/www.anovapeneira.gal\\\/\"},{\"@type\":\"ListItem\",\"position\":2,\"name\":\"Contra a monarqu\u00eda\"}]},{\"@type\":\"WebSite\",\"@id\":\"https:\\\/\\\/www.anovapeneira.gal\\\/#website\",\"url\":\"https:\\\/\\\/www.anovapeneira.gal\\\/\",\"name\":\"\",\"description\":\"Xornal galego de informaci\u00f3n xeral Publicaci\u00f3n mensual de novas de Galicia e en especial dos Concellos da sur da provincia de Pontevedra.\",\"publisher\":{\"@id\":\"https:\\\/\\\/www.anovapeneira.gal\\\/#organization\"},\"potentialAction\":[{\"@type\":\"SearchAction\",\"target\":{\"@type\":\"EntryPoint\",\"urlTemplate\":\"https:\\\/\\\/www.anovapeneira.gal\\\/?s={search_term_string}\"},\"query-input\":{\"@type\":\"PropertyValueSpecification\",\"valueRequired\":true,\"valueName\":\"search_term_string\"}}],\"inLanguage\":\"gl-ES\"},{\"@type\":\"Organization\",\"@id\":\"https:\\\/\\\/www.anovapeneira.gal\\\/#organization\",\"name\":\"A Nova Peneira\",\"url\":\"https:\\\/\\\/www.anovapeneira.gal\\\/\",\"logo\":{\"@type\":\"ImageObject\",\"inLanguage\":\"gl-ES\",\"@id\":\"https:\\\/\\\/www.anovapeneira.gal\\\/#\\\/schema\\\/logo\\\/image\\\/\",\"url\":\"http:\\\/\\\/www.anovapeneira.gal\\\/wp-content\\\/uploads\\\/2019\\\/06\\\/logo_a_nova_peneira_portal_web.png\",\"contentUrl\":\"http:\\\/\\\/www.anovapeneira.gal\\\/wp-content\\\/uploads\\\/2019\\\/06\\\/logo_a_nova_peneira_portal_web.png\",\"width\":300,\"height\":100,\"caption\":\"A Nova Peneira\"},\"image\":{\"@id\":\"https:\\\/\\\/www.anovapeneira.gal\\\/#\\\/schema\\\/logo\\\/image\\\/\"},\"sameAs\":[\"https:\\\/\\\/www.facebook.com\\\/anovapeneira\",\"https:\\\/\\\/x.com\\\/APeneira\"]},{\"@type\":\"Person\",\"@id\":\"https:\\\/\\\/www.anovapeneira.gal\\\/#\\\/schema\\\/person\\\/d52dbbbf149d517ce65e4e586762bc71\",\"name\":\"Xurxo Mart\u00ednez\",\"image\":{\"@type\":\"ImageObject\",\"inLanguage\":\"gl-ES\",\"@id\":\"https:\\\/\\\/secure.gravatar.com\\\/avatar\\\/0a76004ba1c349b37c00b08828ad1bec7dac494b82eb417f5be2cef9de4ed382?s=96&d=mm&r=g\",\"url\":\"https:\\\/\\\/secure.gravatar.com\\\/avatar\\\/0a76004ba1c349b37c00b08828ad1bec7dac494b82eb417f5be2cef9de4ed382?s=96&d=mm&r=g\",\"contentUrl\":\"https:\\\/\\\/secure.gravatar.com\\\/avatar\\\/0a76004ba1c349b37c00b08828ad1bec7dac494b82eb417f5be2cef9de4ed382?s=96&d=mm&r=g\",\"caption\":\"Xurxo Mart\u00ednez\"},\"url\":\"https:\\\/\\\/www.anovapeneira.gal\\\/index.php\\\/author\\\/xurxomartinez\\\/\"}]}<\/script>\n<!-- \/ Yoast SEO plugin. -->","yoast_head_json":{"title":"Contra a monarqu\u00eda -","description":"Contra a monarquia. A realeza \u00e9 o principal escollo para que un pobo exerza totalmente a s\u00faa soberan\u00eda.","robots":{"index":"index","follow":"follow","max-snippet":"max-snippet:-1","max-image-preview":"max-image-preview:large","max-video-preview":"max-video-preview:-1"},"canonical":"https:\/\/www.anovapeneira.gal\/index.php\/2020\/08\/17\/contra-a-monarquia\/","og_locale":"gl_ES","og_type":"article","og_title":"Contra a monarqu\u00eda -","og_description":"Contra a monarquia. A realeza \u00e9 o principal escollo para que un pobo exerza totalmente a s\u00faa soberan\u00eda.","og_url":"https:\/\/www.anovapeneira.gal\/index.php\/2020\/08\/17\/contra-a-monarquia\/","article_publisher":"https:\/\/www.facebook.com\/anovapeneira","article_published_time":"2020-08-17T10:00:07+00:00","article_modified_time":"2020-10-16T06:07:15+00:00","og_image":[{"width":720,"height":473,"url":"https:\/\/www.anovapeneira.gal\/wp-content\/uploads\/2019\/07\/ARTIGO_DE_OPINION_A_NOVA_PENEIRA.jpg","type":"image\/jpeg"}],"author":"Xurxo Mart\u00ednez","twitter_card":"summary_large_image","twitter_creator":"@APeneira","twitter_site":"@APeneira","twitter_misc":{"Escrito por":"Xurxo Mart\u00ednez","Tempo de lectura":"6 minutos"},"schema":{"@context":"https:\/\/schema.org","@graph":[{"@type":"Article","@id":"https:\/\/www.anovapeneira.gal\/index.php\/2020\/08\/17\/contra-a-monarquia\/#article","isPartOf":{"@id":"https:\/\/www.anovapeneira.gal\/index.php\/2020\/08\/17\/contra-a-monarquia\/"},"author":{"name":"Xurxo Mart\u00ednez","@id":"https:\/\/www.anovapeneira.gal\/#\/schema\/person\/d52dbbbf149d517ce65e4e586762bc71"},"headline":"Contra a monarqu\u00eda","datePublished":"2020-08-17T10:00:07+00:00","dateModified":"2020-10-16T06:07:15+00:00","mainEntityOfPage":{"@id":"https:\/\/www.anovapeneira.gal\/index.php\/2020\/08\/17\/contra-a-monarquia\/"},"wordCount":1137,"commentCount":0,"publisher":{"@id":"https:\/\/www.anovapeneira.gal\/#organization"},"image":{"@id":"https:\/\/www.anovapeneira.gal\/index.php\/2020\/08\/17\/contra-a-monarquia\/#primaryimage"},"thumbnailUrl":"https:\/\/www.anovapeneira.gal\/wp-content\/uploads\/2019\/07\/ARTIGO_DE_OPINION_A_NOVA_PENEIRA.jpg","keywords":["Monarqu\u00eda","Opini\u00f3n"],"articleSection":["Artigos de opini\u00f3n"],"inLanguage":"gl-ES","potentialAction":[{"@type":"CommentAction","name":"Comment","target":["https:\/\/www.anovapeneira.gal\/index.php\/2020\/08\/17\/contra-a-monarquia\/#respond"]}]},{"@type":"WebPage","@id":"https:\/\/www.anovapeneira.gal\/index.php\/2020\/08\/17\/contra-a-monarquia\/","url":"https:\/\/www.anovapeneira.gal\/index.php\/2020\/08\/17\/contra-a-monarquia\/","name":"Contra a monarqu\u00eda -","isPartOf":{"@id":"https:\/\/www.anovapeneira.gal\/#website"},"primaryImageOfPage":{"@id":"https:\/\/www.anovapeneira.gal\/index.php\/2020\/08\/17\/contra-a-monarquia\/#primaryimage"},"image":{"@id":"https:\/\/www.anovapeneira.gal\/index.php\/2020\/08\/17\/contra-a-monarquia\/#primaryimage"},"thumbnailUrl":"https:\/\/www.anovapeneira.gal\/wp-content\/uploads\/2019\/07\/ARTIGO_DE_OPINION_A_NOVA_PENEIRA.jpg","datePublished":"2020-08-17T10:00:07+00:00","dateModified":"2020-10-16T06:07:15+00:00","description":"Contra a monarquia. A realeza \u00e9 o principal escollo para que un pobo exerza totalmente a s\u00faa soberan\u00eda.","breadcrumb":{"@id":"https:\/\/www.anovapeneira.gal\/index.php\/2020\/08\/17\/contra-a-monarquia\/#breadcrumb"},"inLanguage":"gl-ES","potentialAction":[{"@type":"ReadAction","target":["https:\/\/www.anovapeneira.gal\/index.php\/2020\/08\/17\/contra-a-monarquia\/"]}]},{"@type":"ImageObject","inLanguage":"gl-ES","@id":"https:\/\/www.anovapeneira.gal\/index.php\/2020\/08\/17\/contra-a-monarquia\/#primaryimage","url":"https:\/\/www.anovapeneira.gal\/wp-content\/uploads\/2019\/07\/ARTIGO_DE_OPINION_A_NOVA_PENEIRA.jpg","contentUrl":"https:\/\/www.anovapeneira.gal\/wp-content\/uploads\/2019\/07\/ARTIGO_DE_OPINION_A_NOVA_PENEIRA.jpg","width":720,"height":473,"caption":"Artigo de opini\u00f3n A Nova Peneira"},{"@type":"BreadcrumbList","@id":"https:\/\/www.anovapeneira.gal\/index.php\/2020\/08\/17\/contra-a-monarquia\/#breadcrumb","itemListElement":[{"@type":"ListItem","position":1,"name":"Portada","item":"https:\/\/www.anovapeneira.gal\/"},{"@type":"ListItem","position":2,"name":"Contra a monarqu\u00eda"}]},{"@type":"WebSite","@id":"https:\/\/www.anovapeneira.gal\/#website","url":"https:\/\/www.anovapeneira.gal\/","name":"","description":"Xornal galego de informaci\u00f3n xeral Publicaci\u00f3n mensual de novas de Galicia e en especial dos Concellos da sur da provincia de Pontevedra.","publisher":{"@id":"https:\/\/www.anovapeneira.gal\/#organization"},"potentialAction":[{"@type":"SearchAction","target":{"@type":"EntryPoint","urlTemplate":"https:\/\/www.anovapeneira.gal\/?s={search_term_string}"},"query-input":{"@type":"PropertyValueSpecification","valueRequired":true,"valueName":"search_term_string"}}],"inLanguage":"gl-ES"},{"@type":"Organization","@id":"https:\/\/www.anovapeneira.gal\/#organization","name":"A Nova Peneira","url":"https:\/\/www.anovapeneira.gal\/","logo":{"@type":"ImageObject","inLanguage":"gl-ES","@id":"https:\/\/www.anovapeneira.gal\/#\/schema\/logo\/image\/","url":"http:\/\/www.anovapeneira.gal\/wp-content\/uploads\/2019\/06\/logo_a_nova_peneira_portal_web.png","contentUrl":"http:\/\/www.anovapeneira.gal\/wp-content\/uploads\/2019\/06\/logo_a_nova_peneira_portal_web.png","width":300,"height":100,"caption":"A Nova Peneira"},"image":{"@id":"https:\/\/www.anovapeneira.gal\/#\/schema\/logo\/image\/"},"sameAs":["https:\/\/www.facebook.com\/anovapeneira","https:\/\/x.com\/APeneira"]},{"@type":"Person","@id":"https:\/\/www.anovapeneira.gal\/#\/schema\/person\/d52dbbbf149d517ce65e4e586762bc71","name":"Xurxo Mart\u00ednez","image":{"@type":"ImageObject","inLanguage":"gl-ES","@id":"https:\/\/secure.gravatar.com\/avatar\/0a76004ba1c349b37c00b08828ad1bec7dac494b82eb417f5be2cef9de4ed382?s=96&d=mm&r=g","url":"https:\/\/secure.gravatar.com\/avatar\/0a76004ba1c349b37c00b08828ad1bec7dac494b82eb417f5be2cef9de4ed382?s=96&d=mm&r=g","contentUrl":"https:\/\/secure.gravatar.com\/avatar\/0a76004ba1c349b37c00b08828ad1bec7dac494b82eb417f5be2cef9de4ed382?s=96&d=mm&r=g","caption":"Xurxo Mart\u00ednez"},"url":"https:\/\/www.anovapeneira.gal\/index.php\/author\/xurxomartinez\/"}]}},"jetpack_featured_media_url":"https:\/\/www.anovapeneira.gal\/wp-content\/uploads\/2019\/07\/ARTIGO_DE_OPINION_A_NOVA_PENEIRA.jpg","_links":{"self":[{"href":"https:\/\/www.anovapeneira.gal\/index.php\/wp-json\/wp\/v2\/posts\/3737","targetHints":{"allow":["GET"]}}],"collection":[{"href":"https:\/\/www.anovapeneira.gal\/index.php\/wp-json\/wp\/v2\/posts"}],"about":[{"href":"https:\/\/www.anovapeneira.gal\/index.php\/wp-json\/wp\/v2\/types\/post"}],"author":[{"embeddable":true,"href":"https:\/\/www.anovapeneira.gal\/index.php\/wp-json\/wp\/v2\/users\/30"}],"replies":[{"embeddable":true,"href":"https:\/\/www.anovapeneira.gal\/index.php\/wp-json\/wp\/v2\/comments?post=3737"}],"version-history":[{"count":3,"href":"https:\/\/www.anovapeneira.gal\/index.php\/wp-json\/wp\/v2\/posts\/3737\/revisions"}],"predecessor-version":[{"id":4129,"href":"https:\/\/www.anovapeneira.gal\/index.php\/wp-json\/wp\/v2\/posts\/3737\/revisions\/4129"}],"wp:featuredmedia":[{"embeddable":true,"href":"https:\/\/www.anovapeneira.gal\/index.php\/wp-json\/wp\/v2\/media\/584"}],"wp:attachment":[{"href":"https:\/\/www.anovapeneira.gal\/index.php\/wp-json\/wp\/v2\/media?parent=3737"}],"wp:term":[{"taxonomy":"category","embeddable":true,"href":"https:\/\/www.anovapeneira.gal\/index.php\/wp-json\/wp\/v2\/categories?post=3737"},{"taxonomy":"post_tag","embeddable":true,"href":"https:\/\/www.anovapeneira.gal\/index.php\/wp-json\/wp\/v2\/tags?post=3737"}],"curies":[{"name":"wp","href":"https:\/\/api.w.org\/{rel}","templated":true}]}}