{"id":3741,"date":"2020-08-18T10:00:53","date_gmt":"2020-08-18T08:00:53","guid":{"rendered":"http:\/\/www.anovapeneira.gal\/?p=3741"},"modified":"2020-08-13T11:04:26","modified_gmt":"2020-08-13T09:04:26","slug":"luis-bara-parlamentario-autonomico-do-bng-pola-provincia-de-pontevedra","status":"publish","type":"post","link":"https:\/\/www.anovapeneira.gal\/index.php\/2020\/08\/18\/luis-bara-parlamentario-autonomico-do-bng-pola-provincia-de-pontevedra\/","title":{"rendered":"LU\u00cdS BAR\u00c1. Parlamentario auton\u00f3mico do BNG pola provincia de Pontevedra"},"content":{"rendered":"\n<h2 class=\"wp-block-heading\">\u201c<strong>Temos que explicarlles a todos os sectores da sociedade que para Galiza \u00e9 beneficioso un proxecto como o do BNG\u201d<\/strong><\/h2>\n\n\n\n<h3 class=\"wp-block-heading\"><em>O parlamentario denuncia que a riqueza do pa\u00eds, en lugar de estar a disposici\u00f3n da maior\u00eda social, est\u00e1 sendo espoliada por grandes grupos econ\u00f3micos para os que o PP funciona como unha xestor\u00eda<\/em><\/h3>\n\n\n\n<p>Lu\u00eds Bar\u00e1 Torres (Vilaboa, 1965) inicia o seu segundo mandato como parlamentario auton\u00f3mico tras encabezar a lista do BNG pola provincia de Pontevedra. A primeira vez que integrou unha candidatura da formaci\u00f3n foi en 1991, nas elecci\u00f3ns municipais da s\u00faa Vilaboa natal. Catro anos despois converteuse en edil de Pontevedra, a cidade na que reside, e no mandato seguinte formou parte do goberno encabezado por Miguel Anxo Fern\u00e1ndez Lores, no que permaneceu ata 2018 salvo por unha par\u00e9ntese de catro anos, de 2005 a 2009, na que exerceu como Director Xeral de Cultura do goberno bipartito. Con el analizamos a actual situaci\u00f3n pol\u00edtica do pa\u00eds, cun Partido Popular coa maior\u00eda m\u00e1is ampla de N\u00fa\u00f1ez Feij\u00f3o, e un BNG que, tras triplicar representaci\u00f3n, se presenta como alternativa de goberno de cara \u00e1 vindeira lexislatura.<\/p>\n\n\n\n<p><strong>Xa con tempo para facer unha an\u00e1lise m\u00e1is calmada, a que achaca os hist\u00f3ricos resultados do BNG?<\/strong><\/p>\n\n\n\n<blockquote class=\"wp-block-quote is-layout-flow wp-block-quote-is-layout-flow\"><p>Creo que hai tres factores principais. O primeiro foi ter un proxecto para a maior\u00eda social claro, fi\u00e1bel e coherente que defendemos con valent\u00eda, non pensando en oportunismos. Percibiuse unha actualizaci\u00f3n do discurso tradicional do BNG, que ti\u00f1a certas dificultades para facerse comprens\u00edbel: \u00e9 como se emit\u00edsemos nunha onda distinta \u00e1 que a xente escoitaba e de repente conseguiramos sintonizar. O segundo factor para min foi contar cun equipo s\u00f3lido e solvente, tam\u00e9n nas instituci\u00f3ns, que fixo un traballo rigoroso e fi\u00e1bel apoiado nunha organizaci\u00f3n cun labor intenso e honesto en todo o pa\u00eds. E o terceiro foi o liderado de Ana Pont\u00f3n, integrador cara a dentro e mobilizador cara a f\u00f3ra, que chegou a sectores moi amplos e, sobre todo, \u00e1 xente nova.\u00a0<\/p><\/blockquote>\n\n\n\n<p><strong>A que houbo que renunciar para acadar esa sinton\u00eda?<\/strong><\/p>\n\n\n\n<blockquote class=\"wp-block-quote is-layout-flow wp-block-quote-is-layout-flow\"><p>Ideoloxicamente a nada. Defendemos as mesmas ideas pero quizais cunha modulaci\u00f3n de propostas, porque non podemos prometerlle \u00e1 xente que Galiza vai ser un pa\u00eds soberano cun goberno con total capacidade de decisi\u00f3n, pero si presentar un proxecto ilusionante para ir facendo conquistas. Levamos catro anos insistindo en que Galiza \u00e9 un pa\u00eds con recursos, cunha riqueza que se ti\u00f1a que p\u00f3r a disposici\u00f3n da maior\u00eda social e por\u00e9n est\u00e1 sendo espoliada por grandes grupos econ\u00f3micos alleos que est\u00e1n sendo representados polos partidos centralistas. E fac\u00e9molo cun discurso moderno que aposta pola innovaci\u00f3n, a ciencia, a econom\u00eda sustent\u00e1bel ou o feminismo e que est\u00e1 sendo moi coherente na pr\u00e1ctica, por exemplo, con gran presenza de mulleres na direcci\u00f3n do BNG.<\/p><\/blockquote>\n\n\n\n<p><strong>P\u00f3dese pensar nunha pol\u00edtica alternativa cando o PP logra, con 42 escanos, a maior\u00eda absoluta m\u00e1is ampla de N\u00fa\u00f1ez Feij\u00f3o?<\/strong><\/p>\n\n\n\n<blockquote class=\"wp-block-quote is-layout-flow wp-block-quote-is-layout-flow\"><p>Un pa\u00eds non se goberna s\u00f3 desde as instituci\u00f3ns. Hai moitas maneiras de condicionar as decisi\u00f3ns que toman os gobernos e quizais a m\u00e1is importante sexa a mobilizaci\u00f3n social. Ver\u00edn \u00e9 o exemplo. Hai que combinar unha oposici\u00f3n firme, que ademais de exercer o control presenta alternativas, cun traballo social que faga fronte \u00e1s pol\u00edticas insolidarias, inxustas e discriminatorias do Partido Popular, e tam\u00e9n \u00e1s pol\u00edticas discriminatorias con Galiza que se fan desde o Estado. Creo que estamos nun novo ciclo pol\u00edtico no que moita xente non nacionalista viu no BNG unha alternativa de futuro cun liderado forte.\u00a0<\/p><\/blockquote>\n\n\n\n<p><strong>Que \u00e9 o que m\u00e1is lle preocupa de outros catro anos de goberno do PP?<\/strong><\/p>\n\n\n\n<blockquote class=\"wp-block-quote is-layout-flow wp-block-quote-is-layout-flow\"><p>Os tempos en pol\u00edtica son relativos e pasan r\u00e1pido. \u00c9 certo que hai un proceso de espoliaci\u00f3n de riqueza, desmantelamento de servizos p\u00fablicos e deterioro da cultura ou da lingua moi preocupante, pero nada \u00e9 irrevers\u00edbel. A cultura galega ten unha grande capacidade de resistencia e a econom\u00eda tam\u00e9n ten fortalezas propias, non hai m\u00e1is que ver a cantidade de iniciativas que est\u00e1n a xurdir nos sectores produtivos. Tocan catro anos de resistir e tam\u00e9n de presentar alternativas porque a xente quere esperanza, quere futuro e non s\u00f3 confrontaci\u00f3n coa dereita, o centralismo ou o PP. O gran logro foi que o pobo galego visualizou que co BNG outro pa\u00eds \u00e9 pos\u00edbel. Temos un proxecto atractivo mesmo para a xente que non se define como nacionalista.\u00a0<\/p><\/blockquote>\n\n\n\n<p><strong>Cre que a crise sanitaria pode servir de freo a ese desmantelamento dos servizos p\u00fablicos?<\/strong><\/p>\n\n\n\n<blockquote class=\"wp-block-quote is-layout-flow wp-block-quote-is-layout-flow\"><p>Est\u00e1 claro que o contexto de pandemia vai facer que lles resulte m\u00e1is dif\u00edcil xustificar o desmantelamento e ademais van ter unha maior resposta social. Hai un discurso derrotista ao que eu son totalmente contrario: \u201cComo o PP sacou 42, temos que aturar todo o que faga e se non, non terlle votado\u201d. Par\u00e9ceme moi t\u00f3xico, o peor que pode pasar. O PP sacou, en determinadas circunstancias e con pouca participaci\u00f3n, un resultado que hai que reco\u00f1ecerlle, pero vimos tam\u00e9n que a metade da poboaci\u00f3n non est\u00e1 de acordo con ese modelo.\u00a0<\/p><\/blockquote>\n\n\n\n<p><strong>O sur da provincia de Pontevedra tivo un comportamento distinto ao resto cuns resultados que impedir\u00edan gobernar ao PP. Cre que \u00e9 influencia dos concellos, maioritariamente gobernados pola esquerda?<\/strong><\/p>\n\n\n\n<blockquote class=\"wp-block-quote is-layout-flow wp-block-quote-is-layout-flow\"><p>Creo que non \u00e9 o \u00fanico factor porque na Coru\u00f1a o PSOE ten a Deputaci\u00f3n e as principais cidades, e o comportamento foi distinto. Para min a causa principal \u00e9 medi\u00e1tica. No sur de Pontevedra non funciona o escudo que ten no norte. En dez anos Feij\u00f3o non ten balance. Que fixo? Basicamente propaganda, pero funcionoulle. Creo que a clave da maior\u00eda absoluta foi medi\u00e1tica, e no sur hai medios que non controla. Aqu\u00ed non pode vender o que non fixo nin tapar o desmantelamento do p\u00fablico ou o sometemento aos intereses do capital for\u00e1neo. Tam\u00e9n \u00e9 certo que nesta zona o BNG ten moita base social e resultados moi bos e a nosa credibilidade como formaci\u00f3n ten moito que ver co feito de que son os concellos nos que gobernamos os que est\u00e1n a facer as pol\u00edticas m\u00e1is avanzadas.<\/p><\/blockquote>\n\n\n\n<p><strong>A oposici\u00f3n ao goberno galego non ten certa responsabilidade por non ser quen, vendo os resultados, de desmontar ese discurso do PP?<\/strong><\/p>\n\n\n\n<blockquote class=\"wp-block-quote is-layout-flow wp-block-quote-is-layout-flow\"><p>Hai que analizar por que a xente vota ao PP. As maior\u00edas absolutas sempre acadan certa fidelidade, -a xente apoia a quen goberna-, e logo eles vend\u00e9ronse como unha opci\u00f3n segura, est\u00e1bel, fronte ao suposto caos dun goberno de moitas forzas. Ademais fixeron unha operaci\u00f3n para camuflarse como forza galeguista que logrou que unha parte do electorado lles votase pensando que \u00edan defender os intereses de Galiza fronte a Madrid. O partido que representa os intereses econ\u00f3micos das elites madrile\u00f1as travestiuse para presentarse como defensor dos intereses galegos. Quitaron as siglas do Partido Popular, repetiron \u201cGalicia, Galicia, Galicia\u201d, e funcionoulles.<\/p><\/blockquote>\n\n\n\n<p><strong>Audasa, Pemex, A Banca, enerx\u00eda e\u00f3lica\u2026 Na s\u00faa opini\u00f3n, cal foi a decisi\u00f3n do PP que m\u00e1is dano lle fixo a esa \u201cGalicia, Galicia, Galicia\u201d que tanto nomean?<\/strong><\/p>\n\n\n\n<blockquote class=\"wp-block-quote is-layout-flow wp-block-quote-is-layout-flow\"><p>A postura do PP con Audasa foi escandalosa, votando aqu\u00ed unha cousa e en Madrid outra. A Pemex utiliz\u00e1rono como propaganda electoral e logo, cando xurdiron os problemas, eludiron a responsabilidade a pesar de ser quen negociaran a s\u00faa entrada en Barreras. E tam\u00e9n foron os respons\u00e1beis directos do desmantelamento do sistema financieiro galego, de vender as nosas caixas a prezo de saldo. Todo \u00e9 o mesmo. Para min o peor que lle fixo a Galiza o PP foi asumir ese papel de delegado de intereses alleos ao pa\u00eds. P\u00f3rse ao servizo de Pemex, ou de Ence, ou de Iberdrola no tema e\u00f3lico\u2026 O goberno de Feix\u00f3o \u00e9 o xestor do espolio do pa\u00eds. Cando din que el \u00e9 un bo xestor \u00e9 porque fixo moi ben ese papel: creou unha xestor\u00eda ao servizo das empresas do IBEX e de X\u00e9nova. Fronte a esa pol\u00edtica, o BNG ofrece un proxecto de pa\u00eds alternativo.\u00a0<\/p><\/blockquote>\n\n\n\n<p><strong>Cales ser\u00edan as grandes li\u00f1as de traballo do BNG de cara aos pr\u00f3ximos catro anos?<\/strong><\/p>\n\n\n\n<blockquote class=\"wp-block-quote is-layout-flow wp-block-quote-is-layout-flow\"><p>Neste momento para n\u00f3s hai d\u00faas prioridades: a sa\u00fade e o emprego. Temos que protexer a poboaci\u00f3n nesta crise sanitaria e temos que desenvolver todas as capacidades que ten o pa\u00eds naqueles sectores que te\u00f1an posibilidades de xerar traballo, buscando, sobre todo, que a xente nova non marche de Galiza. Iso pasa polo desenvolvemento industrial, pola innovaci\u00f3n, por aproveitar todos os recursos que temos no sector primario, agrario, gandeiro, pesqueiro, forestal\u2026 Sei que iso non se fai desde a oposici\u00f3n pero n\u00f3s imos facer propostas para constru\u00edr unha alternativa. Creo que o gran esforzo que ten que facer o BNG nestes anos \u00e9 de di\u00e1logo. Ana Pont\u00f3n marcou as grandes li\u00f1as cando falaba de traballo e humildade. Temos que baixar \u00e1 r\u00faa, m\u00e1is a\u00ednda, e explicarlles a todos os sectores da sociedade que para Galiza \u00e9 beneficioso un proxecto como o do BNG. A Galiza inter\u00e9salle, -\u00e1 xente labrega, a xente nova, \u00e1s mulleres inter\u00e9salles-, que o BNG poida desenvolver o proxecto de futuro que ten para o pa\u00eds.<\/p><\/blockquote>\n\n\n\n<p><strong>Coa desaparici\u00f3n da forza que lideraba a oposici\u00f3n, estas elecci\u00f3ns amosaron que non hai voto seguro. Como vai traballar o BNG xa non para afianzarse sen\u00f3n para converterse en alternativa no 2024?<\/strong><\/p>\n\n\n\n<blockquote class=\"wp-block-quote is-layout-flow wp-block-quote-is-layout-flow\"><p>O BNG ten que disputarlle a hexemon\u00eda ao Partido Popular, iso quere dicir que ten que entrar no seu electorado. Hai xente que vota ao PP porque pensa que lle pode beneficiar, e hai que explicarlle que o que lle beneficia \u00e9 ter unha forza pol\u00edtica propia. Empeza xa a conta atr\u00e1s para gobernar no 2024.\u00a0<\/p><\/blockquote>\n\n\n\n<p><strong>Ser\u00e1 Ana Pont\u00f3n a primeira muller presidenta da Galiza, logo?<\/strong><\/p>\n\n\n\n<blockquote class=\"wp-block-quote is-layout-flow wp-block-quote-is-layout-flow\"><p>Ana Pont\u00f3n empezou a exercer de presidenta o mesmo d\u00eda das elecci\u00f3ns co seu discurso integrador. Ten algo moi positivo do que careceron outros liderados: xera unha adhesi\u00f3n moi forte no seu electorado e non xera rexeitamento en quen non a vota, ao contrario, esperta simpat\u00edas en votantes doutras opci\u00f3ns.\u00a0<\/p><\/blockquote>\n\n\n\n<p><strong>Integrar a persoas procedentes desa opci\u00f3n agora desaparecida, como pasou coa n\u00famero 3 da s\u00faa lista, Alexandra Fern\u00e1ndez, \u00e9 unha das claves para alcanzar o goberno?<\/strong><\/p>\n\n\n\n<blockquote class=\"wp-block-quote is-layout-flow wp-block-quote-is-layout-flow\"><p>Est\u00e1 claro que o BNG ten que abrirse e ten que expandirse, pero para todos lados, non s\u00f3 para un. Necesitamos integrar a moita xente, non s\u00f3 doutras forzas e non s\u00f3 a trav\u00e9s da v\u00eda da militancia. Necesitamos persoas de distintos \u00e1mbitos que te\u00f1an algo que dicir, que poidan achegar algo \u00e1 construci\u00f3n da alternativa. Persoas dun espectro ideol\u00f3xico moi amplo que cren que Galiza ten que ter unha forza pol\u00edtica propia e un goberno que sirva aos intereses do pa\u00eds.\u00a0<\/p><\/blockquote>\n\n\n\n<p><strong>Hai intereses do pa\u00eds que dependen do goberno central e o BNG fiou o apoio na investidura \u00e1 s\u00faa defensa. Pero, cumpra Moncloa ou non, ser\u00eda dif\u00edcil explicar a retirada dun apoio que resultar\u00eda beneficioso para a dereita\u2026<\/strong><\/p>\n\n\n\n<blockquote class=\"wp-block-quote is-layout-flow wp-block-quote-is-layout-flow\"><p>N\u00f3s imos esixir que se cumpran eses acordos, que nunha parte estaban vinculados \u00e1 aprobaci\u00f3n dos novos orzamentos. As\u00ed que agora que se vai abrir o debate orzamentario \u00e9 obvio que imos utilizar a nosa influencia pol\u00edtica en Madrid para conseguir beneficios para o noso pa\u00eds. Non sabemos que vai pasar, pero ese vai ser o noso papel. As nosas demandas est\u00e1n recollidas nun pacto e se o outro non cumpre, ser\u00e1 quen te\u00f1a que dar explicaci\u00f3ns. N\u00f3s temos claro que os acordos est\u00e1n para cumprilos.<\/p><\/blockquote>\n","protected":false},"excerpt":{"rendered":"<div class=\"mh-excerpt\"><p>Temos que explicarlles a todos os sectores da sociedade que para Galiza \u00e9 beneficioso un proxecto como o do BNG <a class=\"mh-excerpt-more\" href=\"https:\/\/www.anovapeneira.gal\/index.php\/2020\/08\/18\/luis-bara-parlamentario-autonomico-do-bng-pola-provincia-de-pontevedra\/\" title=\"LU\u00cdS BAR\u00c1. Parlamentario auton\u00f3mico do BNG pola provincia de Pontevedra\">[&#8230;]<\/a><\/p>\n<\/div>","protected":false},"author":15,"featured_media":3742,"comment_status":"open","ping_status":"open","sticky":false,"template":"","format":"standard","meta":{"_exactmetrics_skip_tracking":false,"_exactmetrics_sitenote_active":false,"_exactmetrics_sitenote_note":"","_exactmetrics_sitenote_category":0,"footnotes":""},"categories":[264],"tags":[10,372,1108],"class_list":{"0":"post-3741","1":"post","2":"type-post","3":"status-publish","4":"format-standard","5":"has-post-thumbnail","7":"category-entrevistas-galicia","8":"tag-bng","9":"tag-luis-bara","10":"tag-pontevedra"},"yoast_head":"<!-- This site is optimized with the Yoast SEO plugin v27.4 - https:\/\/yoast.com\/product\/yoast-seo-wordpress\/ -->\n<title>LU\u00cdS BAR\u00c1. Parlamentario auton\u00f3mico do BNG pola provincia de Pontevedra -<\/title>\n<meta name=\"description\" content=\"LU\u00cdS BAR\u00c1 Parlamentario auton\u00f3mico BNG Pontevedra denuncia que a riqueza do pa\u00eds, est\u00e1 sendo espoliada por grupos econ\u00f3micos para os que o PP funciona como xestor\u00eda\" \/>\n<meta name=\"robots\" content=\"index, follow, max-snippet:-1, max-image-preview:large, max-video-preview:-1\" \/>\n<link rel=\"canonical\" href=\"https:\/\/www.anovapeneira.gal\/index.php\/2020\/08\/18\/luis-bara-parlamentario-autonomico-do-bng-pola-provincia-de-pontevedra\/\" \/>\n<meta property=\"og:locale\" content=\"gl_ES\" \/>\n<meta property=\"og:type\" content=\"article\" \/>\n<meta property=\"og:title\" content=\"LU\u00cdS BAR\u00c1. Parlamentario auton\u00f3mico do BNG pola provincia de Pontevedra -\" \/>\n<meta property=\"og:description\" content=\"LU\u00cdS BAR\u00c1 Parlamentario auton\u00f3mico BNG Pontevedra denuncia que a riqueza do pa\u00eds, est\u00e1 sendo espoliada por grupos econ\u00f3micos para os que o PP funciona como xestor\u00eda\" \/>\n<meta property=\"og:url\" content=\"https:\/\/www.anovapeneira.gal\/index.php\/2020\/08\/18\/luis-bara-parlamentario-autonomico-do-bng-pola-provincia-de-pontevedra\/\" \/>\n<meta property=\"article:publisher\" content=\"https:\/\/www.facebook.com\/anovapeneira\" \/>\n<meta property=\"article:published_time\" content=\"2020-08-18T08:00:53+00:00\" \/>\n<meta property=\"og:image\" content=\"https:\/\/www.anovapeneira.gal\/wp-content\/uploads\/2020\/08\/luis_bara_bng_pontevedra_a_nova_peneira.jpg\" \/>\n\t<meta property=\"og:image:width\" content=\"720\" \/>\n\t<meta property=\"og:image:height\" content=\"432\" \/>\n\t<meta property=\"og:image:type\" content=\"image\/jpeg\" \/>\n<meta name=\"author\" content=\"Montse Fajardo\" \/>\n<meta name=\"twitter:card\" content=\"summary_large_image\" \/>\n<meta name=\"twitter:creator\" content=\"@APeneira\" \/>\n<meta name=\"twitter:site\" content=\"@APeneira\" \/>\n<meta name=\"twitter:label1\" content=\"Escrito por\" \/>\n\t<meta name=\"twitter:data1\" content=\"Montse Fajardo\" \/>\n\t<meta name=\"twitter:label2\" content=\"Tempo de lectura\" \/>\n\t<meta name=\"twitter:data2\" content=\"10 minutos\" \/>\n<script type=\"application\/ld+json\" class=\"yoast-schema-graph\">{\"@context\":\"https:\\\/\\\/schema.org\",\"@graph\":[{\"@type\":\"Article\",\"@id\":\"https:\\\/\\\/www.anovapeneira.gal\\\/index.php\\\/2020\\\/08\\\/18\\\/luis-bara-parlamentario-autonomico-do-bng-pola-provincia-de-pontevedra\\\/#article\",\"isPartOf\":{\"@id\":\"https:\\\/\\\/www.anovapeneira.gal\\\/index.php\\\/2020\\\/08\\\/18\\\/luis-bara-parlamentario-autonomico-do-bng-pola-provincia-de-pontevedra\\\/\"},\"author\":{\"name\":\"Montse Fajardo\",\"@id\":\"https:\\\/\\\/www.anovapeneira.gal\\\/#\\\/schema\\\/person\\\/b5d841c74dee61f6776658b07b904c18\"},\"headline\":\"LU\u00cdS BAR\u00c1. Parlamentario auton\u00f3mico do BNG pola provincia de Pontevedra\",\"datePublished\":\"2020-08-18T08:00:53+00:00\",\"mainEntityOfPage\":{\"@id\":\"https:\\\/\\\/www.anovapeneira.gal\\\/index.php\\\/2020\\\/08\\\/18\\\/luis-bara-parlamentario-autonomico-do-bng-pola-provincia-de-pontevedra\\\/\"},\"wordCount\":2029,\"commentCount\":0,\"publisher\":{\"@id\":\"https:\\\/\\\/www.anovapeneira.gal\\\/#organization\"},\"image\":{\"@id\":\"https:\\\/\\\/www.anovapeneira.gal\\\/index.php\\\/2020\\\/08\\\/18\\\/luis-bara-parlamentario-autonomico-do-bng-pola-provincia-de-pontevedra\\\/#primaryimage\"},\"thumbnailUrl\":\"https:\\\/\\\/www.anovapeneira.gal\\\/wp-content\\\/uploads\\\/2020\\\/08\\\/luis_bara_bng_pontevedra_a_nova_peneira.jpg\",\"keywords\":[\"BNG\",\"Lu\u00eds Bar\u00e1\",\"Pontevedra\"],\"articleSection\":[\"Entrevistas\"],\"inLanguage\":\"gl-ES\",\"potentialAction\":[{\"@type\":\"CommentAction\",\"name\":\"Comment\",\"target\":[\"https:\\\/\\\/www.anovapeneira.gal\\\/index.php\\\/2020\\\/08\\\/18\\\/luis-bara-parlamentario-autonomico-do-bng-pola-provincia-de-pontevedra\\\/#respond\"]}]},{\"@type\":\"WebPage\",\"@id\":\"https:\\\/\\\/www.anovapeneira.gal\\\/index.php\\\/2020\\\/08\\\/18\\\/luis-bara-parlamentario-autonomico-do-bng-pola-provincia-de-pontevedra\\\/\",\"url\":\"https:\\\/\\\/www.anovapeneira.gal\\\/index.php\\\/2020\\\/08\\\/18\\\/luis-bara-parlamentario-autonomico-do-bng-pola-provincia-de-pontevedra\\\/\",\"name\":\"LU\u00cdS BAR\u00c1. Parlamentario auton\u00f3mico do BNG pola provincia de Pontevedra -\",\"isPartOf\":{\"@id\":\"https:\\\/\\\/www.anovapeneira.gal\\\/#website\"},\"primaryImageOfPage\":{\"@id\":\"https:\\\/\\\/www.anovapeneira.gal\\\/index.php\\\/2020\\\/08\\\/18\\\/luis-bara-parlamentario-autonomico-do-bng-pola-provincia-de-pontevedra\\\/#primaryimage\"},\"image\":{\"@id\":\"https:\\\/\\\/www.anovapeneira.gal\\\/index.php\\\/2020\\\/08\\\/18\\\/luis-bara-parlamentario-autonomico-do-bng-pola-provincia-de-pontevedra\\\/#primaryimage\"},\"thumbnailUrl\":\"https:\\\/\\\/www.anovapeneira.gal\\\/wp-content\\\/uploads\\\/2020\\\/08\\\/luis_bara_bng_pontevedra_a_nova_peneira.jpg\",\"datePublished\":\"2020-08-18T08:00:53+00:00\",\"description\":\"LU\u00cdS BAR\u00c1 Parlamentario auton\u00f3mico BNG Pontevedra denuncia que a riqueza do pa\u00eds, est\u00e1 sendo espoliada por grupos econ\u00f3micos para os que o PP funciona como xestor\u00eda\",\"breadcrumb\":{\"@id\":\"https:\\\/\\\/www.anovapeneira.gal\\\/index.php\\\/2020\\\/08\\\/18\\\/luis-bara-parlamentario-autonomico-do-bng-pola-provincia-de-pontevedra\\\/#breadcrumb\"},\"inLanguage\":\"gl-ES\",\"potentialAction\":[{\"@type\":\"ReadAction\",\"target\":[\"https:\\\/\\\/www.anovapeneira.gal\\\/index.php\\\/2020\\\/08\\\/18\\\/luis-bara-parlamentario-autonomico-do-bng-pola-provincia-de-pontevedra\\\/\"]}]},{\"@type\":\"ImageObject\",\"inLanguage\":\"gl-ES\",\"@id\":\"https:\\\/\\\/www.anovapeneira.gal\\\/index.php\\\/2020\\\/08\\\/18\\\/luis-bara-parlamentario-autonomico-do-bng-pola-provincia-de-pontevedra\\\/#primaryimage\",\"url\":\"https:\\\/\\\/www.anovapeneira.gal\\\/wp-content\\\/uploads\\\/2020\\\/08\\\/luis_bara_bng_pontevedra_a_nova_peneira.jpg\",\"contentUrl\":\"https:\\\/\\\/www.anovapeneira.gal\\\/wp-content\\\/uploads\\\/2020\\\/08\\\/luis_bara_bng_pontevedra_a_nova_peneira.jpg\",\"width\":720,\"height\":432,\"caption\":\"Lu\u00eds Bar\u00e1 Parlamentario auton\u00f3mico do BNG pola provincia de Pontevedra\"},{\"@type\":\"BreadcrumbList\",\"@id\":\"https:\\\/\\\/www.anovapeneira.gal\\\/index.php\\\/2020\\\/08\\\/18\\\/luis-bara-parlamentario-autonomico-do-bng-pola-provincia-de-pontevedra\\\/#breadcrumb\",\"itemListElement\":[{\"@type\":\"ListItem\",\"position\":1,\"name\":\"Portada\",\"item\":\"https:\\\/\\\/www.anovapeneira.gal\\\/\"},{\"@type\":\"ListItem\",\"position\":2,\"name\":\"LU\u00cdS BAR\u00c1. Parlamentario auton\u00f3mico do BNG pola provincia de Pontevedra\"}]},{\"@type\":\"WebSite\",\"@id\":\"https:\\\/\\\/www.anovapeneira.gal\\\/#website\",\"url\":\"https:\\\/\\\/www.anovapeneira.gal\\\/\",\"name\":\"\",\"description\":\"Xornal galego de informaci\u00f3n xeral Publicaci\u00f3n mensual de novas de Galicia e en especial dos Concellos da sur da provincia de Pontevedra.\",\"publisher\":{\"@id\":\"https:\\\/\\\/www.anovapeneira.gal\\\/#organization\"},\"potentialAction\":[{\"@type\":\"SearchAction\",\"target\":{\"@type\":\"EntryPoint\",\"urlTemplate\":\"https:\\\/\\\/www.anovapeneira.gal\\\/?s={search_term_string}\"},\"query-input\":{\"@type\":\"PropertyValueSpecification\",\"valueRequired\":true,\"valueName\":\"search_term_string\"}}],\"inLanguage\":\"gl-ES\"},{\"@type\":\"Organization\",\"@id\":\"https:\\\/\\\/www.anovapeneira.gal\\\/#organization\",\"name\":\"A Nova Peneira\",\"url\":\"https:\\\/\\\/www.anovapeneira.gal\\\/\",\"logo\":{\"@type\":\"ImageObject\",\"inLanguage\":\"gl-ES\",\"@id\":\"https:\\\/\\\/www.anovapeneira.gal\\\/#\\\/schema\\\/logo\\\/image\\\/\",\"url\":\"http:\\\/\\\/www.anovapeneira.gal\\\/wp-content\\\/uploads\\\/2019\\\/06\\\/logo_a_nova_peneira_portal_web.png\",\"contentUrl\":\"http:\\\/\\\/www.anovapeneira.gal\\\/wp-content\\\/uploads\\\/2019\\\/06\\\/logo_a_nova_peneira_portal_web.png\",\"width\":300,\"height\":100,\"caption\":\"A Nova Peneira\"},\"image\":{\"@id\":\"https:\\\/\\\/www.anovapeneira.gal\\\/#\\\/schema\\\/logo\\\/image\\\/\"},\"sameAs\":[\"https:\\\/\\\/www.facebook.com\\\/anovapeneira\",\"https:\\\/\\\/x.com\\\/APeneira\"]},{\"@type\":\"Person\",\"@id\":\"https:\\\/\\\/www.anovapeneira.gal\\\/#\\\/schema\\\/person\\\/b5d841c74dee61f6776658b07b904c18\",\"name\":\"Montse Fajardo\",\"image\":{\"@type\":\"ImageObject\",\"inLanguage\":\"gl-ES\",\"@id\":\"https:\\\/\\\/secure.gravatar.com\\\/avatar\\\/7167d7c282cf42b377b7010dbd21f855dfb9df18abd8af43f29029fc82996df3?s=96&d=mm&r=g\",\"url\":\"https:\\\/\\\/secure.gravatar.com\\\/avatar\\\/7167d7c282cf42b377b7010dbd21f855dfb9df18abd8af43f29029fc82996df3?s=96&d=mm&r=g\",\"contentUrl\":\"https:\\\/\\\/secure.gravatar.com\\\/avatar\\\/7167d7c282cf42b377b7010dbd21f855dfb9df18abd8af43f29029fc82996df3?s=96&d=mm&r=g\",\"caption\":\"Montse Fajardo\"},\"sameAs\":[\"http:\\\/\\\/www.anovapeneira.gal\\\/\"],\"url\":\"https:\\\/\\\/www.anovapeneira.gal\\\/index.php\\\/author\\\/montse-fajardo\\\/\"}]}<\/script>\n<!-- \/ Yoast SEO plugin. -->","yoast_head_json":{"title":"LU\u00cdS BAR\u00c1. Parlamentario auton\u00f3mico do BNG pola provincia de Pontevedra -","description":"LU\u00cdS BAR\u00c1 Parlamentario auton\u00f3mico BNG Pontevedra denuncia que a riqueza do pa\u00eds, est\u00e1 sendo espoliada por grupos econ\u00f3micos para os que o PP funciona como xestor\u00eda","robots":{"index":"index","follow":"follow","max-snippet":"max-snippet:-1","max-image-preview":"max-image-preview:large","max-video-preview":"max-video-preview:-1"},"canonical":"https:\/\/www.anovapeneira.gal\/index.php\/2020\/08\/18\/luis-bara-parlamentario-autonomico-do-bng-pola-provincia-de-pontevedra\/","og_locale":"gl_ES","og_type":"article","og_title":"LU\u00cdS BAR\u00c1. Parlamentario auton\u00f3mico do BNG pola provincia de Pontevedra -","og_description":"LU\u00cdS BAR\u00c1 Parlamentario auton\u00f3mico BNG Pontevedra denuncia que a riqueza do pa\u00eds, est\u00e1 sendo espoliada por grupos econ\u00f3micos para os que o PP funciona como xestor\u00eda","og_url":"https:\/\/www.anovapeneira.gal\/index.php\/2020\/08\/18\/luis-bara-parlamentario-autonomico-do-bng-pola-provincia-de-pontevedra\/","article_publisher":"https:\/\/www.facebook.com\/anovapeneira","article_published_time":"2020-08-18T08:00:53+00:00","og_image":[{"width":720,"height":432,"url":"https:\/\/www.anovapeneira.gal\/wp-content\/uploads\/2020\/08\/luis_bara_bng_pontevedra_a_nova_peneira.jpg","type":"image\/jpeg"}],"author":"Montse Fajardo","twitter_card":"summary_large_image","twitter_creator":"@APeneira","twitter_site":"@APeneira","twitter_misc":{"Escrito por":"Montse Fajardo","Tempo de lectura":"10 minutos"},"schema":{"@context":"https:\/\/schema.org","@graph":[{"@type":"Article","@id":"https:\/\/www.anovapeneira.gal\/index.php\/2020\/08\/18\/luis-bara-parlamentario-autonomico-do-bng-pola-provincia-de-pontevedra\/#article","isPartOf":{"@id":"https:\/\/www.anovapeneira.gal\/index.php\/2020\/08\/18\/luis-bara-parlamentario-autonomico-do-bng-pola-provincia-de-pontevedra\/"},"author":{"name":"Montse Fajardo","@id":"https:\/\/www.anovapeneira.gal\/#\/schema\/person\/b5d841c74dee61f6776658b07b904c18"},"headline":"LU\u00cdS BAR\u00c1. Parlamentario auton\u00f3mico do BNG pola provincia de Pontevedra","datePublished":"2020-08-18T08:00:53+00:00","mainEntityOfPage":{"@id":"https:\/\/www.anovapeneira.gal\/index.php\/2020\/08\/18\/luis-bara-parlamentario-autonomico-do-bng-pola-provincia-de-pontevedra\/"},"wordCount":2029,"commentCount":0,"publisher":{"@id":"https:\/\/www.anovapeneira.gal\/#organization"},"image":{"@id":"https:\/\/www.anovapeneira.gal\/index.php\/2020\/08\/18\/luis-bara-parlamentario-autonomico-do-bng-pola-provincia-de-pontevedra\/#primaryimage"},"thumbnailUrl":"https:\/\/www.anovapeneira.gal\/wp-content\/uploads\/2020\/08\/luis_bara_bng_pontevedra_a_nova_peneira.jpg","keywords":["BNG","Lu\u00eds Bar\u00e1","Pontevedra"],"articleSection":["Entrevistas"],"inLanguage":"gl-ES","potentialAction":[{"@type":"CommentAction","name":"Comment","target":["https:\/\/www.anovapeneira.gal\/index.php\/2020\/08\/18\/luis-bara-parlamentario-autonomico-do-bng-pola-provincia-de-pontevedra\/#respond"]}]},{"@type":"WebPage","@id":"https:\/\/www.anovapeneira.gal\/index.php\/2020\/08\/18\/luis-bara-parlamentario-autonomico-do-bng-pola-provincia-de-pontevedra\/","url":"https:\/\/www.anovapeneira.gal\/index.php\/2020\/08\/18\/luis-bara-parlamentario-autonomico-do-bng-pola-provincia-de-pontevedra\/","name":"LU\u00cdS BAR\u00c1. Parlamentario auton\u00f3mico do BNG pola provincia de Pontevedra -","isPartOf":{"@id":"https:\/\/www.anovapeneira.gal\/#website"},"primaryImageOfPage":{"@id":"https:\/\/www.anovapeneira.gal\/index.php\/2020\/08\/18\/luis-bara-parlamentario-autonomico-do-bng-pola-provincia-de-pontevedra\/#primaryimage"},"image":{"@id":"https:\/\/www.anovapeneira.gal\/index.php\/2020\/08\/18\/luis-bara-parlamentario-autonomico-do-bng-pola-provincia-de-pontevedra\/#primaryimage"},"thumbnailUrl":"https:\/\/www.anovapeneira.gal\/wp-content\/uploads\/2020\/08\/luis_bara_bng_pontevedra_a_nova_peneira.jpg","datePublished":"2020-08-18T08:00:53+00:00","description":"LU\u00cdS BAR\u00c1 Parlamentario auton\u00f3mico BNG Pontevedra denuncia que a riqueza do pa\u00eds, est\u00e1 sendo espoliada por grupos econ\u00f3micos para os que o PP funciona como xestor\u00eda","breadcrumb":{"@id":"https:\/\/www.anovapeneira.gal\/index.php\/2020\/08\/18\/luis-bara-parlamentario-autonomico-do-bng-pola-provincia-de-pontevedra\/#breadcrumb"},"inLanguage":"gl-ES","potentialAction":[{"@type":"ReadAction","target":["https:\/\/www.anovapeneira.gal\/index.php\/2020\/08\/18\/luis-bara-parlamentario-autonomico-do-bng-pola-provincia-de-pontevedra\/"]}]},{"@type":"ImageObject","inLanguage":"gl-ES","@id":"https:\/\/www.anovapeneira.gal\/index.php\/2020\/08\/18\/luis-bara-parlamentario-autonomico-do-bng-pola-provincia-de-pontevedra\/#primaryimage","url":"https:\/\/www.anovapeneira.gal\/wp-content\/uploads\/2020\/08\/luis_bara_bng_pontevedra_a_nova_peneira.jpg","contentUrl":"https:\/\/www.anovapeneira.gal\/wp-content\/uploads\/2020\/08\/luis_bara_bng_pontevedra_a_nova_peneira.jpg","width":720,"height":432,"caption":"Lu\u00eds Bar\u00e1 Parlamentario auton\u00f3mico do BNG pola provincia de Pontevedra"},{"@type":"BreadcrumbList","@id":"https:\/\/www.anovapeneira.gal\/index.php\/2020\/08\/18\/luis-bara-parlamentario-autonomico-do-bng-pola-provincia-de-pontevedra\/#breadcrumb","itemListElement":[{"@type":"ListItem","position":1,"name":"Portada","item":"https:\/\/www.anovapeneira.gal\/"},{"@type":"ListItem","position":2,"name":"LU\u00cdS BAR\u00c1. Parlamentario auton\u00f3mico do BNG pola provincia de Pontevedra"}]},{"@type":"WebSite","@id":"https:\/\/www.anovapeneira.gal\/#website","url":"https:\/\/www.anovapeneira.gal\/","name":"","description":"Xornal galego de informaci\u00f3n xeral Publicaci\u00f3n mensual de novas de Galicia e en especial dos Concellos da sur da provincia de Pontevedra.","publisher":{"@id":"https:\/\/www.anovapeneira.gal\/#organization"},"potentialAction":[{"@type":"SearchAction","target":{"@type":"EntryPoint","urlTemplate":"https:\/\/www.anovapeneira.gal\/?s={search_term_string}"},"query-input":{"@type":"PropertyValueSpecification","valueRequired":true,"valueName":"search_term_string"}}],"inLanguage":"gl-ES"},{"@type":"Organization","@id":"https:\/\/www.anovapeneira.gal\/#organization","name":"A Nova Peneira","url":"https:\/\/www.anovapeneira.gal\/","logo":{"@type":"ImageObject","inLanguage":"gl-ES","@id":"https:\/\/www.anovapeneira.gal\/#\/schema\/logo\/image\/","url":"http:\/\/www.anovapeneira.gal\/wp-content\/uploads\/2019\/06\/logo_a_nova_peneira_portal_web.png","contentUrl":"http:\/\/www.anovapeneira.gal\/wp-content\/uploads\/2019\/06\/logo_a_nova_peneira_portal_web.png","width":300,"height":100,"caption":"A Nova Peneira"},"image":{"@id":"https:\/\/www.anovapeneira.gal\/#\/schema\/logo\/image\/"},"sameAs":["https:\/\/www.facebook.com\/anovapeneira","https:\/\/x.com\/APeneira"]},{"@type":"Person","@id":"https:\/\/www.anovapeneira.gal\/#\/schema\/person\/b5d841c74dee61f6776658b07b904c18","name":"Montse Fajardo","image":{"@type":"ImageObject","inLanguage":"gl-ES","@id":"https:\/\/secure.gravatar.com\/avatar\/7167d7c282cf42b377b7010dbd21f855dfb9df18abd8af43f29029fc82996df3?s=96&d=mm&r=g","url":"https:\/\/secure.gravatar.com\/avatar\/7167d7c282cf42b377b7010dbd21f855dfb9df18abd8af43f29029fc82996df3?s=96&d=mm&r=g","contentUrl":"https:\/\/secure.gravatar.com\/avatar\/7167d7c282cf42b377b7010dbd21f855dfb9df18abd8af43f29029fc82996df3?s=96&d=mm&r=g","caption":"Montse Fajardo"},"sameAs":["http:\/\/www.anovapeneira.gal\/"],"url":"https:\/\/www.anovapeneira.gal\/index.php\/author\/montse-fajardo\/"}]}},"jetpack_featured_media_url":"https:\/\/www.anovapeneira.gal\/wp-content\/uploads\/2020\/08\/luis_bara_bng_pontevedra_a_nova_peneira.jpg","_links":{"self":[{"href":"https:\/\/www.anovapeneira.gal\/index.php\/wp-json\/wp\/v2\/posts\/3741","targetHints":{"allow":["GET"]}}],"collection":[{"href":"https:\/\/www.anovapeneira.gal\/index.php\/wp-json\/wp\/v2\/posts"}],"about":[{"href":"https:\/\/www.anovapeneira.gal\/index.php\/wp-json\/wp\/v2\/types\/post"}],"author":[{"embeddable":true,"href":"https:\/\/www.anovapeneira.gal\/index.php\/wp-json\/wp\/v2\/users\/15"}],"replies":[{"embeddable":true,"href":"https:\/\/www.anovapeneira.gal\/index.php\/wp-json\/wp\/v2\/comments?post=3741"}],"version-history":[{"count":1,"href":"https:\/\/www.anovapeneira.gal\/index.php\/wp-json\/wp\/v2\/posts\/3741\/revisions"}],"predecessor-version":[{"id":3743,"href":"https:\/\/www.anovapeneira.gal\/index.php\/wp-json\/wp\/v2\/posts\/3741\/revisions\/3743"}],"wp:featuredmedia":[{"embeddable":true,"href":"https:\/\/www.anovapeneira.gal\/index.php\/wp-json\/wp\/v2\/media\/3742"}],"wp:attachment":[{"href":"https:\/\/www.anovapeneira.gal\/index.php\/wp-json\/wp\/v2\/media?parent=3741"}],"wp:term":[{"taxonomy":"category","embeddable":true,"href":"https:\/\/www.anovapeneira.gal\/index.php\/wp-json\/wp\/v2\/categories?post=3741"},{"taxonomy":"post_tag","embeddable":true,"href":"https:\/\/www.anovapeneira.gal\/index.php\/wp-json\/wp\/v2\/tags?post=3741"}],"curies":[{"name":"wp","href":"https:\/\/api.w.org\/{rel}","templated":true}]}}