{"id":3744,"date":"2020-08-18T12:00:52","date_gmt":"2020-08-18T10:00:52","guid":{"rendered":"http:\/\/www.anovapeneira.gal\/?p=3744"},"modified":"2020-08-13T11:11:17","modified_gmt":"2020-08-13T09:11:17","slug":"fugas-na-democracia","status":"publish","type":"post","link":"https:\/\/www.anovapeneira.gal\/index.php\/2020\/08\/18\/fugas-na-democracia\/","title":{"rendered":"Fugas na democracia"},"content":{"rendered":"\n<figure class=\"wp-block-image size-large is-resized is-style-default\"><img loading=\"lazy\" decoding=\"async\" src=\"http:\/\/www.anovapeneira.gal\/wp-content\/uploads\/2019\/12\/retrato_montse_fajardo_cambados_a_nova_peneira.jpg\" alt=\"Retrato Montse Fajardo A Nova Peneira\" class=\"wp-image-2085\" width=\"95\" height=\"111\"\/><figcaption>Montse Fajardo<\/figcaption><\/figure>\n\n\n\n<p>Tras a sa\u00edda de Espa\u00f1a do rei em\u00e9rito, a maquinaria p\u00faxose en funcionamento para dirixir o foco cara onde quere que miremos. Pretenden convencernos de que o problema reside na conduta persoal de Juan Carlos I e non na existencia dunha instituci\u00f3n, a monarqu\u00eda, que non pode ter cabida nun r\u00e9xime plenamente democr\u00e1tico porque elude o principio b\u00e1sico que o sustenta: todas as persoas somos iguais ante a lei. Nin pode ser o berce o que marque a xefatura de Estado nin pode haber cargo alg\u00fan que fique por riba da propia democracia. E iso \u00e9 precisamente o que \u2013nunha indefend\u00edbel contradici\u00f3n- ampara a constituci\u00f3n de 1978: Que o xefe de Estado, faga o que faga, non se someta a control ning\u00fan, nin ao das urnas nin ao xudicial.&nbsp;<\/p>\n\n\n\n<p>\u00c9 indubid\u00e1bel a urxencia de mudarmos iso e, por\u00e9n, queren centrar o debate no comportamento persoal de Juan Carlos I, nun intento de convencernos de que coa marcha del ficar\u00eda impoluta a Coroa. T\u00f3canos agora sacralizar a Felipe VI, que como lle pasara ao seu pai con Urdangar\u00edn, nin sabe nada nin nada ten que ver con ning\u00fan comportamento escuro. Non aprendemos que a xefatura de Estado non pode equipararse \u00e1 compra dunha sand\u00eda \u2013a ver se temos sorte e s\u00e1enos boa-, sen\u00f3n que hai que esixir, por hixiene democr\u00e1tica, que estea sometida a controis que garantan que o seu comportamento se adec\u00faa as leis.&nbsp;<\/p>\n\n\n\n<p>Que Juan Carlos I abandonara Espa\u00f1a non \u00e9 unha boa nova. Non sup\u00f3n unha mellora do sistema. A mellora ser\u00eda que se puidesen investigar e xulgar as s\u00faas actividades ata as \u00faltimas consecuencias, tam\u00e9n como forma para defender esa presunci\u00f3n de inocencia que esixen alporizados alg\u00fans cortes\u00e1ns. Por\u00e9n, a fiscal\u00eda persegue a quen fai esta esixencia mentres o em\u00e9rito vive, nunca mellor dito, a corpo de rei, con cartos de dubidosa procedencia e con escolta pagada por n\u00f3s co benepl\u00e1cito dun goberno que se define como progresista.&nbsp;<\/p>\n\n\n\n<p>Para sa\u00edr deste medievo \u00e9 urxente esixir que a Coroa deixe de ser unha illa dentro da democracia. Un reino de Taifas onde as consecuencias son as mesmas se o fas ben que se o fas mal. E s\u00f3 \u00e9 un paso. A partir de a\u00ed temos que traballar para mudar o modelo de Estado porque a monarqu\u00eda \u00e9 unha instituci\u00f3n arcaica, clasista e profundamente machista, tan antidemocr\u00e1tica que mesmo dentro do escollido berce, un home ten preferencia sobre unha muller para ocupar o cargo. Por iso resulta dif\u00edcil entender que formaci\u00f3ns como o PSOE, que se gaban do seu feminismo e do seu ADN republicano, a defendan con tantos folgos.&nbsp;<\/p>\n\n\n\n<p>Esquecemos, nese empe\u00f1o de agochar a nosa historia m\u00e1is recente, que a dinast\u00eda borb\u00f3nica \u00e9 a sucesora do franquismo. Que o rei em\u00e9rito foi elixido polo ditador para continuar co seu legado porque no seu pensamento fascista unha filla s\u00f3 pod\u00eda herdar o espoliado, e a trav\u00e9s do matrimonio. Por iso educou a Juan Carlos desde ben novo: para que xurase o cargo, como fixo, reco\u00f1ecendo a lexitimidade nacida do 18 de xullo de 1936. E deixouno todo atado e ben atado. E chegou a Transici\u00f3n. E convenc\u00e9ronos de que eran necesarias todas as concesi\u00f3ns para non derivar nun novo golpe de Estado. Pero os tempos son chegados. Van al\u00e1 corenta e cinco anos e \u00e9 hora de empezar a asumir que un Estado con Coroa poder\u00e1 chamarse constitucionalista ou parlamentario, pero nunca ser\u00e1, por definici\u00f3n, verdadeiramente democr\u00e1tico.&nbsp;<\/p>\n","protected":false},"excerpt":{"rendered":"<div class=\"mh-excerpt\"><p>Tras a sa\u00edda de Espa\u00f1a do rei em\u00e9rito, a maquinaria p\u00faxose en funcionamento para dirixir o foco cara onde quere que miremos. Pretenden convencernos de que o problema reside na conduta persoal de Juan Carlos I e non na existencia dunha instituci\u00f3n, a monarqu\u00eda, que non pode ter cabida nun r\u00e9xime plenamente democr\u00e1tico porque elude o principio b\u00e1sico que o sustenta: todas as persoas somos iguais ante a lei <a class=\"mh-excerpt-more\" href=\"https:\/\/www.anovapeneira.gal\/index.php\/2020\/08\/18\/fugas-na-democracia\/\" title=\"Fugas na democracia\">[&#8230;]<\/a><\/p>\n<\/div>","protected":false},"author":15,"featured_media":584,"comment_status":"open","ping_status":"open","sticky":false,"template":"","format":"standard","meta":{"_exactmetrics_skip_tracking":false,"_exactmetrics_sitenote_active":false,"_exactmetrics_sitenote_note":"","_exactmetrics_sitenote_category":0,"footnotes":""},"categories":[7],"tags":[200,58],"class_list":{"0":"post-3744","1":"post","2":"type-post","3":"status-publish","4":"format-standard","5":"has-post-thumbnail","7":"category-artigos-de-opinion","8":"tag-democracia","9":"tag-opinion"},"yoast_head":"<!-- This site is optimized with the Yoast SEO plugin v27.4 - https:\/\/yoast.com\/product\/yoast-seo-wordpress\/ -->\n<title>Fugas na democracia -<\/title>\n<meta name=\"description\" content=\"Fugas na democracia a sa\u00edda de Espa\u00f1a do rei em\u00e9rito pretenden convencernos de que o problema reside na conduta persoal de Juan Carlos I e non na existencia dunha instituci\u00f3n, a monarqu\u00eda\" \/>\n<meta name=\"robots\" content=\"index, follow, max-snippet:-1, max-image-preview:large, max-video-preview:-1\" \/>\n<link rel=\"canonical\" href=\"https:\/\/www.anovapeneira.gal\/index.php\/2020\/08\/18\/fugas-na-democracia\/\" \/>\n<meta property=\"og:locale\" content=\"gl_ES\" \/>\n<meta property=\"og:type\" content=\"article\" \/>\n<meta property=\"og:title\" content=\"Fugas na democracia -\" \/>\n<meta property=\"og:description\" content=\"Fugas na democracia a sa\u00edda de Espa\u00f1a do rei em\u00e9rito pretenden convencernos de que o problema reside na conduta persoal de Juan Carlos I e non na existencia dunha instituci\u00f3n, a monarqu\u00eda\" \/>\n<meta property=\"og:url\" content=\"https:\/\/www.anovapeneira.gal\/index.php\/2020\/08\/18\/fugas-na-democracia\/\" \/>\n<meta property=\"article:publisher\" content=\"https:\/\/www.facebook.com\/anovapeneira\" \/>\n<meta property=\"article:published_time\" content=\"2020-08-18T10:00:52+00:00\" \/>\n<meta property=\"og:image\" content=\"https:\/\/www.anovapeneira.gal\/wp-content\/uploads\/2019\/07\/ARTIGO_DE_OPINION_A_NOVA_PENEIRA.jpg\" \/>\n\t<meta property=\"og:image:width\" content=\"720\" \/>\n\t<meta property=\"og:image:height\" content=\"473\" \/>\n\t<meta property=\"og:image:type\" content=\"image\/jpeg\" \/>\n<meta name=\"author\" content=\"Montse Fajardo\" \/>\n<meta name=\"twitter:card\" content=\"summary_large_image\" \/>\n<meta name=\"twitter:creator\" content=\"@APeneira\" \/>\n<meta name=\"twitter:site\" content=\"@APeneira\" \/>\n<meta name=\"twitter:label1\" content=\"Escrito por\" \/>\n\t<meta name=\"twitter:data1\" content=\"Montse Fajardo\" \/>\n\t<meta name=\"twitter:label2\" content=\"Tempo de lectura\" \/>\n\t<meta name=\"twitter:data2\" content=\"3 minutos\" \/>\n<script type=\"application\/ld+json\" class=\"yoast-schema-graph\">{\"@context\":\"https:\\\/\\\/schema.org\",\"@graph\":[{\"@type\":\"Article\",\"@id\":\"https:\\\/\\\/www.anovapeneira.gal\\\/index.php\\\/2020\\\/08\\\/18\\\/fugas-na-democracia\\\/#article\",\"isPartOf\":{\"@id\":\"https:\\\/\\\/www.anovapeneira.gal\\\/index.php\\\/2020\\\/08\\\/18\\\/fugas-na-democracia\\\/\"},\"author\":{\"name\":\"Montse Fajardo\",\"@id\":\"https:\\\/\\\/www.anovapeneira.gal\\\/#\\\/schema\\\/person\\\/b5d841c74dee61f6776658b07b904c18\"},\"headline\":\"Fugas na democracia\",\"datePublished\":\"2020-08-18T10:00:52+00:00\",\"mainEntityOfPage\":{\"@id\":\"https:\\\/\\\/www.anovapeneira.gal\\\/index.php\\\/2020\\\/08\\\/18\\\/fugas-na-democracia\\\/\"},\"wordCount\":625,\"commentCount\":0,\"publisher\":{\"@id\":\"https:\\\/\\\/www.anovapeneira.gal\\\/#organization\"},\"image\":{\"@id\":\"https:\\\/\\\/www.anovapeneira.gal\\\/index.php\\\/2020\\\/08\\\/18\\\/fugas-na-democracia\\\/#primaryimage\"},\"thumbnailUrl\":\"https:\\\/\\\/www.anovapeneira.gal\\\/wp-content\\\/uploads\\\/2019\\\/07\\\/ARTIGO_DE_OPINION_A_NOVA_PENEIRA.jpg\",\"keywords\":[\"Democracia\",\"Opini\u00f3n\"],\"articleSection\":[\"Artigos de opini\u00f3n\"],\"inLanguage\":\"gl-ES\",\"potentialAction\":[{\"@type\":\"CommentAction\",\"name\":\"Comment\",\"target\":[\"https:\\\/\\\/www.anovapeneira.gal\\\/index.php\\\/2020\\\/08\\\/18\\\/fugas-na-democracia\\\/#respond\"]}]},{\"@type\":\"WebPage\",\"@id\":\"https:\\\/\\\/www.anovapeneira.gal\\\/index.php\\\/2020\\\/08\\\/18\\\/fugas-na-democracia\\\/\",\"url\":\"https:\\\/\\\/www.anovapeneira.gal\\\/index.php\\\/2020\\\/08\\\/18\\\/fugas-na-democracia\\\/\",\"name\":\"Fugas na democracia -\",\"isPartOf\":{\"@id\":\"https:\\\/\\\/www.anovapeneira.gal\\\/#website\"},\"primaryImageOfPage\":{\"@id\":\"https:\\\/\\\/www.anovapeneira.gal\\\/index.php\\\/2020\\\/08\\\/18\\\/fugas-na-democracia\\\/#primaryimage\"},\"image\":{\"@id\":\"https:\\\/\\\/www.anovapeneira.gal\\\/index.php\\\/2020\\\/08\\\/18\\\/fugas-na-democracia\\\/#primaryimage\"},\"thumbnailUrl\":\"https:\\\/\\\/www.anovapeneira.gal\\\/wp-content\\\/uploads\\\/2019\\\/07\\\/ARTIGO_DE_OPINION_A_NOVA_PENEIRA.jpg\",\"datePublished\":\"2020-08-18T10:00:52+00:00\",\"description\":\"Fugas na democracia a sa\u00edda de Espa\u00f1a do rei em\u00e9rito pretenden convencernos de que o problema reside na conduta persoal de Juan Carlos I e non na existencia dunha instituci\u00f3n, a monarqu\u00eda\",\"breadcrumb\":{\"@id\":\"https:\\\/\\\/www.anovapeneira.gal\\\/index.php\\\/2020\\\/08\\\/18\\\/fugas-na-democracia\\\/#breadcrumb\"},\"inLanguage\":\"gl-ES\",\"potentialAction\":[{\"@type\":\"ReadAction\",\"target\":[\"https:\\\/\\\/www.anovapeneira.gal\\\/index.php\\\/2020\\\/08\\\/18\\\/fugas-na-democracia\\\/\"]}]},{\"@type\":\"ImageObject\",\"inLanguage\":\"gl-ES\",\"@id\":\"https:\\\/\\\/www.anovapeneira.gal\\\/index.php\\\/2020\\\/08\\\/18\\\/fugas-na-democracia\\\/#primaryimage\",\"url\":\"https:\\\/\\\/www.anovapeneira.gal\\\/wp-content\\\/uploads\\\/2019\\\/07\\\/ARTIGO_DE_OPINION_A_NOVA_PENEIRA.jpg\",\"contentUrl\":\"https:\\\/\\\/www.anovapeneira.gal\\\/wp-content\\\/uploads\\\/2019\\\/07\\\/ARTIGO_DE_OPINION_A_NOVA_PENEIRA.jpg\",\"width\":720,\"height\":473,\"caption\":\"Artigo de opini\u00f3n A Nova Peneira\"},{\"@type\":\"BreadcrumbList\",\"@id\":\"https:\\\/\\\/www.anovapeneira.gal\\\/index.php\\\/2020\\\/08\\\/18\\\/fugas-na-democracia\\\/#breadcrumb\",\"itemListElement\":[{\"@type\":\"ListItem\",\"position\":1,\"name\":\"Portada\",\"item\":\"https:\\\/\\\/www.anovapeneira.gal\\\/\"},{\"@type\":\"ListItem\",\"position\":2,\"name\":\"Fugas na democracia\"}]},{\"@type\":\"WebSite\",\"@id\":\"https:\\\/\\\/www.anovapeneira.gal\\\/#website\",\"url\":\"https:\\\/\\\/www.anovapeneira.gal\\\/\",\"name\":\"\",\"description\":\"Xornal galego de informaci\u00f3n xeral Publicaci\u00f3n mensual de novas de Galicia e en especial dos Concellos da sur da provincia de Pontevedra.\",\"publisher\":{\"@id\":\"https:\\\/\\\/www.anovapeneira.gal\\\/#organization\"},\"potentialAction\":[{\"@type\":\"SearchAction\",\"target\":{\"@type\":\"EntryPoint\",\"urlTemplate\":\"https:\\\/\\\/www.anovapeneira.gal\\\/?s={search_term_string}\"},\"query-input\":{\"@type\":\"PropertyValueSpecification\",\"valueRequired\":true,\"valueName\":\"search_term_string\"}}],\"inLanguage\":\"gl-ES\"},{\"@type\":\"Organization\",\"@id\":\"https:\\\/\\\/www.anovapeneira.gal\\\/#organization\",\"name\":\"A Nova Peneira\",\"url\":\"https:\\\/\\\/www.anovapeneira.gal\\\/\",\"logo\":{\"@type\":\"ImageObject\",\"inLanguage\":\"gl-ES\",\"@id\":\"https:\\\/\\\/www.anovapeneira.gal\\\/#\\\/schema\\\/logo\\\/image\\\/\",\"url\":\"http:\\\/\\\/www.anovapeneira.gal\\\/wp-content\\\/uploads\\\/2019\\\/06\\\/logo_a_nova_peneira_portal_web.png\",\"contentUrl\":\"http:\\\/\\\/www.anovapeneira.gal\\\/wp-content\\\/uploads\\\/2019\\\/06\\\/logo_a_nova_peneira_portal_web.png\",\"width\":300,\"height\":100,\"caption\":\"A Nova Peneira\"},\"image\":{\"@id\":\"https:\\\/\\\/www.anovapeneira.gal\\\/#\\\/schema\\\/logo\\\/image\\\/\"},\"sameAs\":[\"https:\\\/\\\/www.facebook.com\\\/anovapeneira\",\"https:\\\/\\\/x.com\\\/APeneira\"]},{\"@type\":\"Person\",\"@id\":\"https:\\\/\\\/www.anovapeneira.gal\\\/#\\\/schema\\\/person\\\/b5d841c74dee61f6776658b07b904c18\",\"name\":\"Montse Fajardo\",\"image\":{\"@type\":\"ImageObject\",\"inLanguage\":\"gl-ES\",\"@id\":\"https:\\\/\\\/secure.gravatar.com\\\/avatar\\\/7167d7c282cf42b377b7010dbd21f855dfb9df18abd8af43f29029fc82996df3?s=96&d=mm&r=g\",\"url\":\"https:\\\/\\\/secure.gravatar.com\\\/avatar\\\/7167d7c282cf42b377b7010dbd21f855dfb9df18abd8af43f29029fc82996df3?s=96&d=mm&r=g\",\"contentUrl\":\"https:\\\/\\\/secure.gravatar.com\\\/avatar\\\/7167d7c282cf42b377b7010dbd21f855dfb9df18abd8af43f29029fc82996df3?s=96&d=mm&r=g\",\"caption\":\"Montse Fajardo\"},\"sameAs\":[\"http:\\\/\\\/www.anovapeneira.gal\\\/\"],\"url\":\"https:\\\/\\\/www.anovapeneira.gal\\\/index.php\\\/author\\\/montse-fajardo\\\/\"}]}<\/script>\n<!-- \/ Yoast SEO plugin. -->","yoast_head_json":{"title":"Fugas na democracia -","description":"Fugas na democracia a sa\u00edda de Espa\u00f1a do rei em\u00e9rito pretenden convencernos de que o problema reside na conduta persoal de Juan Carlos I e non na existencia dunha instituci\u00f3n, a monarqu\u00eda","robots":{"index":"index","follow":"follow","max-snippet":"max-snippet:-1","max-image-preview":"max-image-preview:large","max-video-preview":"max-video-preview:-1"},"canonical":"https:\/\/www.anovapeneira.gal\/index.php\/2020\/08\/18\/fugas-na-democracia\/","og_locale":"gl_ES","og_type":"article","og_title":"Fugas na democracia -","og_description":"Fugas na democracia a sa\u00edda de Espa\u00f1a do rei em\u00e9rito pretenden convencernos de que o problema reside na conduta persoal de Juan Carlos I e non na existencia dunha instituci\u00f3n, a monarqu\u00eda","og_url":"https:\/\/www.anovapeneira.gal\/index.php\/2020\/08\/18\/fugas-na-democracia\/","article_publisher":"https:\/\/www.facebook.com\/anovapeneira","article_published_time":"2020-08-18T10:00:52+00:00","og_image":[{"width":720,"height":473,"url":"https:\/\/www.anovapeneira.gal\/wp-content\/uploads\/2019\/07\/ARTIGO_DE_OPINION_A_NOVA_PENEIRA.jpg","type":"image\/jpeg"}],"author":"Montse Fajardo","twitter_card":"summary_large_image","twitter_creator":"@APeneira","twitter_site":"@APeneira","twitter_misc":{"Escrito por":"Montse Fajardo","Tempo de lectura":"3 minutos"},"schema":{"@context":"https:\/\/schema.org","@graph":[{"@type":"Article","@id":"https:\/\/www.anovapeneira.gal\/index.php\/2020\/08\/18\/fugas-na-democracia\/#article","isPartOf":{"@id":"https:\/\/www.anovapeneira.gal\/index.php\/2020\/08\/18\/fugas-na-democracia\/"},"author":{"name":"Montse Fajardo","@id":"https:\/\/www.anovapeneira.gal\/#\/schema\/person\/b5d841c74dee61f6776658b07b904c18"},"headline":"Fugas na democracia","datePublished":"2020-08-18T10:00:52+00:00","mainEntityOfPage":{"@id":"https:\/\/www.anovapeneira.gal\/index.php\/2020\/08\/18\/fugas-na-democracia\/"},"wordCount":625,"commentCount":0,"publisher":{"@id":"https:\/\/www.anovapeneira.gal\/#organization"},"image":{"@id":"https:\/\/www.anovapeneira.gal\/index.php\/2020\/08\/18\/fugas-na-democracia\/#primaryimage"},"thumbnailUrl":"https:\/\/www.anovapeneira.gal\/wp-content\/uploads\/2019\/07\/ARTIGO_DE_OPINION_A_NOVA_PENEIRA.jpg","keywords":["Democracia","Opini\u00f3n"],"articleSection":["Artigos de opini\u00f3n"],"inLanguage":"gl-ES","potentialAction":[{"@type":"CommentAction","name":"Comment","target":["https:\/\/www.anovapeneira.gal\/index.php\/2020\/08\/18\/fugas-na-democracia\/#respond"]}]},{"@type":"WebPage","@id":"https:\/\/www.anovapeneira.gal\/index.php\/2020\/08\/18\/fugas-na-democracia\/","url":"https:\/\/www.anovapeneira.gal\/index.php\/2020\/08\/18\/fugas-na-democracia\/","name":"Fugas na democracia -","isPartOf":{"@id":"https:\/\/www.anovapeneira.gal\/#website"},"primaryImageOfPage":{"@id":"https:\/\/www.anovapeneira.gal\/index.php\/2020\/08\/18\/fugas-na-democracia\/#primaryimage"},"image":{"@id":"https:\/\/www.anovapeneira.gal\/index.php\/2020\/08\/18\/fugas-na-democracia\/#primaryimage"},"thumbnailUrl":"https:\/\/www.anovapeneira.gal\/wp-content\/uploads\/2019\/07\/ARTIGO_DE_OPINION_A_NOVA_PENEIRA.jpg","datePublished":"2020-08-18T10:00:52+00:00","description":"Fugas na democracia a sa\u00edda de Espa\u00f1a do rei em\u00e9rito pretenden convencernos de que o problema reside na conduta persoal de Juan Carlos I e non na existencia dunha instituci\u00f3n, a monarqu\u00eda","breadcrumb":{"@id":"https:\/\/www.anovapeneira.gal\/index.php\/2020\/08\/18\/fugas-na-democracia\/#breadcrumb"},"inLanguage":"gl-ES","potentialAction":[{"@type":"ReadAction","target":["https:\/\/www.anovapeneira.gal\/index.php\/2020\/08\/18\/fugas-na-democracia\/"]}]},{"@type":"ImageObject","inLanguage":"gl-ES","@id":"https:\/\/www.anovapeneira.gal\/index.php\/2020\/08\/18\/fugas-na-democracia\/#primaryimage","url":"https:\/\/www.anovapeneira.gal\/wp-content\/uploads\/2019\/07\/ARTIGO_DE_OPINION_A_NOVA_PENEIRA.jpg","contentUrl":"https:\/\/www.anovapeneira.gal\/wp-content\/uploads\/2019\/07\/ARTIGO_DE_OPINION_A_NOVA_PENEIRA.jpg","width":720,"height":473,"caption":"Artigo de opini\u00f3n A Nova Peneira"},{"@type":"BreadcrumbList","@id":"https:\/\/www.anovapeneira.gal\/index.php\/2020\/08\/18\/fugas-na-democracia\/#breadcrumb","itemListElement":[{"@type":"ListItem","position":1,"name":"Portada","item":"https:\/\/www.anovapeneira.gal\/"},{"@type":"ListItem","position":2,"name":"Fugas na democracia"}]},{"@type":"WebSite","@id":"https:\/\/www.anovapeneira.gal\/#website","url":"https:\/\/www.anovapeneira.gal\/","name":"","description":"Xornal galego de informaci\u00f3n xeral Publicaci\u00f3n mensual de novas de Galicia e en especial dos Concellos da sur da provincia de Pontevedra.","publisher":{"@id":"https:\/\/www.anovapeneira.gal\/#organization"},"potentialAction":[{"@type":"SearchAction","target":{"@type":"EntryPoint","urlTemplate":"https:\/\/www.anovapeneira.gal\/?s={search_term_string}"},"query-input":{"@type":"PropertyValueSpecification","valueRequired":true,"valueName":"search_term_string"}}],"inLanguage":"gl-ES"},{"@type":"Organization","@id":"https:\/\/www.anovapeneira.gal\/#organization","name":"A Nova Peneira","url":"https:\/\/www.anovapeneira.gal\/","logo":{"@type":"ImageObject","inLanguage":"gl-ES","@id":"https:\/\/www.anovapeneira.gal\/#\/schema\/logo\/image\/","url":"http:\/\/www.anovapeneira.gal\/wp-content\/uploads\/2019\/06\/logo_a_nova_peneira_portal_web.png","contentUrl":"http:\/\/www.anovapeneira.gal\/wp-content\/uploads\/2019\/06\/logo_a_nova_peneira_portal_web.png","width":300,"height":100,"caption":"A Nova Peneira"},"image":{"@id":"https:\/\/www.anovapeneira.gal\/#\/schema\/logo\/image\/"},"sameAs":["https:\/\/www.facebook.com\/anovapeneira","https:\/\/x.com\/APeneira"]},{"@type":"Person","@id":"https:\/\/www.anovapeneira.gal\/#\/schema\/person\/b5d841c74dee61f6776658b07b904c18","name":"Montse Fajardo","image":{"@type":"ImageObject","inLanguage":"gl-ES","@id":"https:\/\/secure.gravatar.com\/avatar\/7167d7c282cf42b377b7010dbd21f855dfb9df18abd8af43f29029fc82996df3?s=96&d=mm&r=g","url":"https:\/\/secure.gravatar.com\/avatar\/7167d7c282cf42b377b7010dbd21f855dfb9df18abd8af43f29029fc82996df3?s=96&d=mm&r=g","contentUrl":"https:\/\/secure.gravatar.com\/avatar\/7167d7c282cf42b377b7010dbd21f855dfb9df18abd8af43f29029fc82996df3?s=96&d=mm&r=g","caption":"Montse Fajardo"},"sameAs":["http:\/\/www.anovapeneira.gal\/"],"url":"https:\/\/www.anovapeneira.gal\/index.php\/author\/montse-fajardo\/"}]}},"jetpack_featured_media_url":"https:\/\/www.anovapeneira.gal\/wp-content\/uploads\/2019\/07\/ARTIGO_DE_OPINION_A_NOVA_PENEIRA.jpg","_links":{"self":[{"href":"https:\/\/www.anovapeneira.gal\/index.php\/wp-json\/wp\/v2\/posts\/3744","targetHints":{"allow":["GET"]}}],"collection":[{"href":"https:\/\/www.anovapeneira.gal\/index.php\/wp-json\/wp\/v2\/posts"}],"about":[{"href":"https:\/\/www.anovapeneira.gal\/index.php\/wp-json\/wp\/v2\/types\/post"}],"author":[{"embeddable":true,"href":"https:\/\/www.anovapeneira.gal\/index.php\/wp-json\/wp\/v2\/users\/15"}],"replies":[{"embeddable":true,"href":"https:\/\/www.anovapeneira.gal\/index.php\/wp-json\/wp\/v2\/comments?post=3744"}],"version-history":[{"count":1,"href":"https:\/\/www.anovapeneira.gal\/index.php\/wp-json\/wp\/v2\/posts\/3744\/revisions"}],"predecessor-version":[{"id":3745,"href":"https:\/\/www.anovapeneira.gal\/index.php\/wp-json\/wp\/v2\/posts\/3744\/revisions\/3745"}],"wp:featuredmedia":[{"embeddable":true,"href":"https:\/\/www.anovapeneira.gal\/index.php\/wp-json\/wp\/v2\/media\/584"}],"wp:attachment":[{"href":"https:\/\/www.anovapeneira.gal\/index.php\/wp-json\/wp\/v2\/media?parent=3744"}],"wp:term":[{"taxonomy":"category","embeddable":true,"href":"https:\/\/www.anovapeneira.gal\/index.php\/wp-json\/wp\/v2\/categories?post=3744"},{"taxonomy":"post_tag","embeddable":true,"href":"https:\/\/www.anovapeneira.gal\/index.php\/wp-json\/wp\/v2\/tags?post=3744"}],"curies":[{"name":"wp","href":"https:\/\/api.w.org\/{rel}","templated":true}]}}