{"id":3749,"date":"2020-08-19T12:00:20","date_gmt":"2020-08-19T10:00:20","guid":{"rendered":"http:\/\/www.anovapeneira.gal\/?p=3749"},"modified":"2020-08-17T12:25:41","modified_gmt":"2020-08-17T10:25:41","slug":"victoria-alonso-voceira-psdeg-mos","status":"publish","type":"post","link":"https:\/\/www.anovapeneira.gal\/index.php\/2020\/08\/19\/victoria-alonso-voceira-psdeg-mos\/","title":{"rendered":"Victoria Alonso voceira do PSdeG en Mos"},"content":{"rendered":"\n<p><strong>Victoria Alonso, Viki, \u00e9 a voceira dos socialistas de Mos, lidera o principal grupo de oposici\u00f3n ao partido popular local e \u00e9 deputada provincial. Despois dun curso pol\u00edtico de enorme intensidade ti\u00f1amos ga\u00f1as de sentarnos con ela para co\u00f1ecer a s\u00faa valoraci\u00f3n da actualidade pol\u00edtica. Vela\u00ed vai o que deu de si a nosa conversa.<\/strong><\/p>\n\n\n\n<p>\u201c<strong>AS PERSOAS QUE DEPOSITARON A S\u00daA CONFIANZA NOS SOCIALISTAS DE MOS, PODEN ESTAR ABSOLUTAMENTE TRANQUILAS: SOMOS E SEREMOS UNHA ALTERNATIVA S\u00d3LIDA E SOLVENTE AO DESGOBERNO DO PP\u201d<\/strong><\/p>\n\n\n\n<p><strong>Como che vai a vida Viki?<\/strong><\/p>\n\n\n\n<blockquote class=\"wp-block-quote is-layout-flow wp-block-quote-is-layout-flow\"><p>Ben, pois no que atinxe \u00e1 mi\u00f1a vida pol\u00edtica, que imaxino que \u00e9 ao que se refire a pregunta pois traballando moito, tanto no concello como na deputaci\u00f3n e con moit\u00edsima ilusi\u00f3n<\/p><\/blockquote>\n\n\n\n<p><strong>Pois estar ilusionada nunhas circunstancias como estas xa ten m\u00e9rito<\/strong><\/p>\n\n\n\n<blockquote class=\"wp-block-quote is-layout-flow wp-block-quote-is-layout-flow\"><p>Estar ilusionada non \u00e9 incompatible con que sexa plenamente consciente do momento tan sumamente complexo que vive a sociedade galega e de que estea firmemente comprometida , desde a m\u00e1is absoluta humildade, en p\u00f3r o mellor de min mesma para contribu\u00edr a superalo<\/p><\/blockquote>\n\n\n\n<p><strong>Ti es deputada provincial de cultura, vaia situaci\u00f3n m\u00e1is horrible pola que atravesa o sector..<\/strong><\/p>\n\n\n\n<blockquote class=\"wp-block-quote is-layout-flow wp-block-quote-is-layout-flow\"><p>E tanto que si. Eu creo que as administraci\u00f3ns debemos de multiplicar os esforzos e o noso compromiso co sector para apoialo, para minimizar o tremendo impacto que est\u00e1n a padecer. Todo o contrario que fai o concello de Mos, que aproveita a pandemia sanitaria para desentenderse deles e deixalos \u00e1 s\u00faa sorte. \u00c9 o t\u00edpico modus operandi do PP ante as crises: s\u00e1lvese quen poida. De feito no ver\u00e1n o concello non vai facer nada, pero nada en absoluto<\/p><\/blockquote>\n\n\n\n<p><strong>Nin sequera ofrecer algunha li\u00f1a de axuda para o sector cultural que ten o seu modo de vida tan limitado cando non pechado?<\/strong><\/p>\n\n\n\n<blockquote class=\"wp-block-quote is-layout-flow wp-block-quote-is-layout-flow\"><p>N\u00f3s pedimos que o Concello ofrecese algunha li\u00f1a de axudas para aut\u00f3nomos e pequenos empresarios de Mos, e a resposta foi moi clara: Non<\/p><\/blockquote>\n\n\n\n<p><strong>O grupo municipal do PSOE acaba de ter unha ruptura pois unha concelleira pasou a ser non adscrita. Por que?<\/strong><\/p>\n\n\n\n<blockquote class=\"wp-block-quote is-layout-flow wp-block-quote-is-layout-flow\"><p>\u00c9 unha decisi\u00f3n persoal que tomou esa concelleira, que est\u00e1 no seu dereito de conservar a acta, a\u00ednda que este tipo de actuaci\u00f3ns eu non as comparto.<\/p><\/blockquote>\n\n\n\n<p><strong>No pleno no que anunciou a s\u00faa decisi\u00f3n manifestou graves acusaci\u00f3ns contra o grupo municipal socialista e afirmou sentirse marxinada<\/strong><\/p>\n\n\n\n<blockquote class=\"wp-block-quote is-layout-flow wp-block-quote-is-layout-flow\"><p>Non vou entrar nese tipo de debate. N\u00f3s non marxinamos a ningu\u00e9n e o ambiente da agrupaci\u00f3n local \u00e9 excepcional, de comodidade e de traballo leal.<\/p><\/blockquote>\n\n\n\n<p><strong>Cal \u00e9 a situaci\u00f3n econ\u00f3mica do Concello de Mos?<\/strong><\/p>\n\n\n\n<blockquote class=\"wp-block-quote is-layout-flow wp-block-quote-is-layout-flow\"><p>Neste ano xa van arredor de 2.000.000\u20ac de facturas impagadas que levaron a reco\u00f1ecemento extraxudicial de cr\u00e9dito. A xesti\u00f3n \u00e9 p\u00e9sima anal\u00edcese desde o prisma que se analice. E ultimamente nos estamos a decatar dunha pr\u00e1ctica peculiar, que consiste en pagar gastos que non est\u00e1n en partidas orzamentarias e non pagar os que si est\u00e1n.<\/p><\/blockquote>\n\n\n\n<blockquote class=\"wp-block-quote is-layout-flow wp-block-quote-is-layout-flow\"><p>A pleno, no ordinario de xullo, levaron m\u00e1is de mill\u00f3n e medio de facturas que estaban f\u00f3ra do orzamento. A liquidaci\u00f3n do ano 19, que levaron ao pleno de xullo ti\u00f1a os informes da intervenci\u00f3n de bastante antes das auton\u00f3micas, por que a levan ao pleno de xullo, despois das elecci\u00f3ns?<\/p><\/blockquote>\n\n\n\n<blockquote class=\"wp-block-quote is-layout-flow wp-block-quote-is-layout-flow\"><p>Por outra parte a regra de gasto do anterior Plan Econ\u00f3mico incumpriuse, e non queda outra que facer un plan novo, os informes de intervenci\u00f3n referentes a evitar os gastos que non sexan estritamente necesarios inc\u00famprese sistematicamente. En definitiva a xesti\u00f3n econ\u00f3mica deste concello, m\u00edrese como se mire, \u00e9 desastrosa.<\/p><\/blockquote>\n\n\n\n<p><strong>S\u00e9nteste c\u00f3moda exercendo a oposici\u00f3n?<\/strong><\/p>\n\n\n\n<blockquote class=\"wp-block-quote is-layout-flow wp-block-quote-is-layout-flow\"><p>Eu, como non pod\u00eda ser doutro modo, estou onde me puxeron os votos das veci\u00f1as e veci\u00f1os e exerzo a mi\u00f1a labor con orgullo, responsabilidade e da mellor maneira que podo e sei. Por\u00e9n, facer pol\u00edtica neste concello non \u00e9 f\u00e1cil pois a alcaldesa trata de disimular a s\u00faa carencia argumental con agresividade, ao modo Cayetana \u00c1lvarez de Toledo, e converte os plenos en exercicios de crispaci\u00f3n nos que \u00e9 moi complexo facer pol\u00edtica construtiva. Por outra banda as s\u00faas deficiencias democr\u00e1ticas son notorias, cando algo non lle gusta ret\u00edrache a palabra e punto. E non creas que iso o fai s\u00f3 coa oposici\u00f3n, cando alg\u00fan compa\u00f1eiro seu fala algo que non lle gusta c\u00f3rtalle de contado. Quero dicir tam\u00e9n que as persoas que depositaron a s\u00faa confianza no PSOE de Mos, poden estar absolutamente tranquilas porque a nosa alternativa ao desgoberno popular \u00e9 s\u00f3lida solvente e coa vontade inequ\u00edvoca de que, nas vindeiras municipais, Mos te\u00f1a o cambio pol\u00edtico que precisa e merece.<\/p><\/blockquote>\n\n\n\n<p><strong>E como deputada provincial est\u00e1s c\u00f3moda?<\/strong><\/p>\n\n\n\n<blockquote class=\"wp-block-quote is-layout-flow wp-block-quote-is-layout-flow\"><p>Si. A maneira de dirixir a administraci\u00f3n provincial \u00e9 moi diferente a como se fai no noso concello. Na DEP poderase acertar ou equivocarnos pero a vontade \u00e9 de tratar a todos por igual con equidade e xustiza<\/p><\/blockquote>\n\n\n\n<p><strong>Ben, alg\u00fan alcalde e alcaldesa do PP non di o mesmo<\/strong><\/p>\n\n\n\n<blockquote class=\"wp-block-quote is-layout-flow wp-block-quote-is-layout-flow\"><p>Estou segura de que o que din en p\u00fablico non \u00e9 o mesmo que o que pensan, xa que na DEP tr\u00e1tase a todos por igual e iso non \u00e9 cuestionable obxectivamente.<\/p><\/blockquote>\n\n\n\n<p><strong>O mes pasado a AVV da Portela de Tameiga manifestou na Peneira que non eran recibidos polo goberno municipal<\/strong><\/p>\n\n\n\n<blockquote class=\"wp-block-quote is-layout-flow wp-block-quote-is-layout-flow\"><p>\u00c9 que este goberno trata de maneira diferente aos veci\u00f1os segundo os perciba como os seus simpatizantes ou non. Unha aut\u00e9ntica vergonza vaia. De feito recibe a veci\u00f1os de Vilar, en Redondela, acompa\u00f1ados pola voceira do PP de Redondela, e non o fai con esa asociaci\u00f3n que mencionas. Ese tipo de pr\u00e1cticas son intolerables<\/p><\/blockquote>\n\n\n\n<p><strong>Como vai o asunto do Celta?<\/strong><\/p>\n\n\n\n<blockquote class=\"wp-block-quote is-layout-flow wp-block-quote-is-layout-flow\"><p>N\u00f3s presentamos unha moci\u00f3n pedindo a retirada do proxecto pois entendemos que cos informes desfavorables que existen non ten cabida<\/p><\/blockquote>\n\n\n\n<p><strong>E o seu resultado?<\/strong><\/p>\n\n\n\n<blockquote class=\"wp-block-quote is-layout-flow wp-block-quote-is-layout-flow\"><p>Nin a levou a pleno. As obras de Pereiras seguen avanzando e o de Tameiga, a ver como evoluciona, pois a \u00fanica v\u00eda que ten \u00e9 a expropiaci\u00f3n. Te\u00f1o a sensaci\u00f3n de que o asunto Tameiga resolverase v\u00eda xudicial, non vexo outra sa\u00edda<\/p><\/blockquote>\n\n\n\n<p><strong>Vaia decepci\u00f3n o resultado das auton\u00f3micas?<\/strong><\/p>\n\n\n\n<blockquote class=\"wp-block-quote is-layout-flow wp-block-quote-is-layout-flow\"><p>Si, a verdade \u00e9 que non era o que esperabamos. Toca reflexionar e traballar m\u00e1is e mellor para conectar coas maior\u00edas sociais de Galicia e dar a co\u00f1ecer o noso proxecto para solucionar os moitos problemas que a xesti\u00f3n do PP xerou na nosa comunidade aut\u00f3noma<\/p><\/blockquote>\n\n\n\n<p><strong>O futuro de Gonzalo Caballero?<\/strong><\/p>\n\n\n\n<blockquote class=\"wp-block-quote is-layout-flow wp-block-quote-is-layout-flow\"><p>El \u00e9 o noso Secretario Xeral, e o seu futuro \u00e9 cousa s\u00faa<\/p><\/blockquote>\n\n\n\n<p><strong>Ti avalas a xesti\u00f3n da executiva do PSdeG?<\/strong><\/p>\n\n\n\n<blockquote class=\"wp-block-quote is-layout-flow wp-block-quote-is-layout-flow\"><p>Si.<\/p><\/blockquote>\n\n\n\n<p><strong>Eu xa levo uns ani\u00f1os neste mundo, Viki, e tradicionalmente a vida interna do PSdeG non se caracterizou pola placidez<\/strong><\/p>\n\n\n\n<blockquote class=\"wp-block-quote is-layout-flow wp-block-quote-is-layout-flow\"><p>Pois a mi\u00f1a percepci\u00f3n \u00e9 que a vontade maioritaria da militancia \u00e9 a unidade , a cohesi\u00f3n e a consideraci\u00f3n clar\u00edsima de que o adversario \u00e9 a dereita. En Pontevedra, que \u00e9 o que eu co\u00f1ezo, a sa\u00fade interna do PSdeG \u00e9 moi s\u00f3lida. De feito os resultados de Pontevedra foron razoablemente satisfactorios<\/p><\/blockquote>\n\n\n\n<p><strong>Ent\u00f3n podes dicir que David Regades e o seu equipo fixeron todo o que puideron para que Gonzalo Caballero ga\u00f1ara as elecci\u00f3ns auton\u00f3micas?<\/strong><\/p>\n\n\n\n<blockquote class=\"wp-block-quote is-layout-flow wp-block-quote-is-layout-flow\"><p>Si, rotundamente si, sen o menor aceno de d\u00fabida, si.<\/p><\/blockquote>\n\n\n\n<p><strong>Rematamos Viki, non podo deixar de preguntarche pola fuxida do que foi xefe do estado nos \u00faltimos 40 anos e de amosarche a mi\u00f1a decepci\u00f3n pola posici\u00f3n tan timorata e ambigua do partido socialista<\/strong><\/p>\n\n\n\n<blockquote class=\"wp-block-quote is-layout-flow wp-block-quote-is-layout-flow\"><p>Hai un important\u00edsimo segmento da poboaci\u00f3n, que est\u00e1 c\u00f3moda coa actual arquitectura do estado<\/p><\/blockquote>\n\n\n\n<p><strong>Estou de acordo, pero tam\u00e9n os hai, e cada vez m\u00e1is, que non o est\u00e1n<\/strong><\/p>\n\n\n\n<blockquote class=\"wp-block-quote is-layout-flow wp-block-quote-is-layout-flow\"><p>Son absolutamente consciente<\/p><\/blockquote>\n\n\n\n<p><strong>Non \u00e9 posible cuantificar pero que o debate est\u00e1 na sociedade de maneira moi intensa \u00e9 incuestionable, ent\u00f3n, por que non preguntar o que nunca se preguntou?<\/strong><\/p>\n\n\n\n<blockquote class=\"wp-block-quote is-layout-flow wp-block-quote-is-layout-flow\"><p>Supo\u00f1o que algunha vez haber\u00e1 que facelo<\/p><\/blockquote>\n","protected":false},"excerpt":{"rendered":"<div class=\"mh-excerpt\"><p>Victoria Alonso, Viki, \u00e9 a voceira dos socialistas de Mos, lidera o principal grupo de oposici\u00f3n ao partido popular local e \u00e9 deputada provincial. Despois dun curso pol\u00edtico de enorme intensidade ti\u00f1amos ga\u00f1as de sentarnos con ela para co\u00f1ecer a s\u00faa valoraci\u00f3n da actualidade pol\u00edtica. Vela\u00ed vai o que deu de si a nosa conversa. <a class=\"mh-excerpt-more\" href=\"https:\/\/www.anovapeneira.gal\/index.php\/2020\/08\/19\/victoria-alonso-voceira-psdeg-mos\/\" title=\"Victoria Alonso voceira do PSdeG en Mos\">[&#8230;]<\/a><\/p>\n<\/div>","protected":false},"author":3,"featured_media":3750,"comment_status":"open","ping_status":"open","sticky":false,"template":"","format":"standard","meta":{"_exactmetrics_skip_tracking":false,"_exactmetrics_sitenote_active":false,"_exactmetrics_sitenote_note":"","_exactmetrics_sitenote_category":0,"footnotes":""},"categories":[265],"tags":[218,1184],"class_list":{"0":"post-3749","1":"post","2":"type-post","3":"status-publish","4":"format-standard","5":"has-post-thumbnail","7":"category-a-lourina-entrevistas","8":"tag-concello-de-mos","9":"tag-psdeg"},"yoast_head":"<!-- This site is optimized with the Yoast SEO plugin v27.4 - https:\/\/yoast.com\/product\/yoast-seo-wordpress\/ -->\n<title>Victoria Alonso voceira do PSdeG en Mos -<\/title>\n<meta name=\"description\" content=\"Victoria Alonso, Viki, \u00e9 a voceira dos socialistas de Mos, lidera o principal grupo de oposici\u00f3n ao partido popular local e \u00e9 deputada provincial\" \/>\n<meta name=\"robots\" content=\"index, follow, max-snippet:-1, max-image-preview:large, max-video-preview:-1\" \/>\n<link rel=\"canonical\" href=\"https:\/\/www.anovapeneira.gal\/index.php\/2020\/08\/19\/victoria-alonso-voceira-psdeg-mos\/\" \/>\n<meta property=\"og:locale\" content=\"gl_ES\" \/>\n<meta property=\"og:type\" content=\"article\" \/>\n<meta property=\"og:title\" content=\"Victoria Alonso voceira do PSdeG en Mos -\" \/>\n<meta property=\"og:description\" content=\"Victoria Alonso, Viki, \u00e9 a voceira dos socialistas de Mos, lidera o principal grupo de oposici\u00f3n ao partido popular local e \u00e9 deputada provincial\" \/>\n<meta property=\"og:url\" content=\"https:\/\/www.anovapeneira.gal\/index.php\/2020\/08\/19\/victoria-alonso-voceira-psdeg-mos\/\" \/>\n<meta property=\"article:publisher\" content=\"https:\/\/www.facebook.com\/anovapeneira\" \/>\n<meta property=\"article:published_time\" content=\"2020-08-19T10:00:20+00:00\" \/>\n<meta property=\"og:image\" content=\"https:\/\/www.anovapeneira.gal\/wp-content\/uploads\/2020\/08\/VIKI-PSOE-MOS_a_nova_peneira.jpg\" \/>\n\t<meta property=\"og:image:width\" content=\"720\" \/>\n\t<meta property=\"og:image:height\" content=\"432\" \/>\n\t<meta property=\"og:image:type\" content=\"image\/jpeg\" \/>\n<meta name=\"author\" content=\"Redacci\u00f3n A Nova Peneira\" \/>\n<meta name=\"twitter:card\" content=\"summary_large_image\" \/>\n<meta name=\"twitter:creator\" content=\"@APeneira\" \/>\n<meta name=\"twitter:site\" content=\"@APeneira\" \/>\n<meta name=\"twitter:label1\" content=\"Escrito por\" \/>\n\t<meta name=\"twitter:data1\" content=\"Redacci\u00f3n A Nova Peneira\" \/>\n\t<meta name=\"twitter:label2\" content=\"Tempo de lectura\" \/>\n\t<meta name=\"twitter:data2\" content=\"7 minutos\" \/>\n<script type=\"application\/ld+json\" class=\"yoast-schema-graph\">{\"@context\":\"https:\\\/\\\/schema.org\",\"@graph\":[{\"@type\":\"Article\",\"@id\":\"https:\\\/\\\/www.anovapeneira.gal\\\/index.php\\\/2020\\\/08\\\/19\\\/victoria-alonso-voceira-psdeg-mos\\\/#article\",\"isPartOf\":{\"@id\":\"https:\\\/\\\/www.anovapeneira.gal\\\/index.php\\\/2020\\\/08\\\/19\\\/victoria-alonso-voceira-psdeg-mos\\\/\"},\"author\":{\"name\":\"Redacci\u00f3n A Nova Peneira\",\"@id\":\"https:\\\/\\\/www.anovapeneira.gal\\\/#\\\/schema\\\/person\\\/b93e3f8932e3f8da96334607eb6ac6aa\"},\"headline\":\"Victoria Alonso voceira do PSdeG en Mos\",\"datePublished\":\"2020-08-19T10:00:20+00:00\",\"mainEntityOfPage\":{\"@id\":\"https:\\\/\\\/www.anovapeneira.gal\\\/index.php\\\/2020\\\/08\\\/19\\\/victoria-alonso-voceira-psdeg-mos\\\/\"},\"wordCount\":1375,\"commentCount\":0,\"publisher\":{\"@id\":\"https:\\\/\\\/www.anovapeneira.gal\\\/#organization\"},\"image\":{\"@id\":\"https:\\\/\\\/www.anovapeneira.gal\\\/index.php\\\/2020\\\/08\\\/19\\\/victoria-alonso-voceira-psdeg-mos\\\/#primaryimage\"},\"thumbnailUrl\":\"https:\\\/\\\/www.anovapeneira.gal\\\/wp-content\\\/uploads\\\/2020\\\/08\\\/VIKI-PSOE-MOS_a_nova_peneira.jpg\",\"keywords\":[\"Concello de Mos\",\"PSdeG\"],\"articleSection\":[\"A Louri\u00f1a\"],\"inLanguage\":\"gl-ES\",\"potentialAction\":[{\"@type\":\"CommentAction\",\"name\":\"Comment\",\"target\":[\"https:\\\/\\\/www.anovapeneira.gal\\\/index.php\\\/2020\\\/08\\\/19\\\/victoria-alonso-voceira-psdeg-mos\\\/#respond\"]}]},{\"@type\":\"WebPage\",\"@id\":\"https:\\\/\\\/www.anovapeneira.gal\\\/index.php\\\/2020\\\/08\\\/19\\\/victoria-alonso-voceira-psdeg-mos\\\/\",\"url\":\"https:\\\/\\\/www.anovapeneira.gal\\\/index.php\\\/2020\\\/08\\\/19\\\/victoria-alonso-voceira-psdeg-mos\\\/\",\"name\":\"Victoria Alonso voceira do PSdeG en Mos -\",\"isPartOf\":{\"@id\":\"https:\\\/\\\/www.anovapeneira.gal\\\/#website\"},\"primaryImageOfPage\":{\"@id\":\"https:\\\/\\\/www.anovapeneira.gal\\\/index.php\\\/2020\\\/08\\\/19\\\/victoria-alonso-voceira-psdeg-mos\\\/#primaryimage\"},\"image\":{\"@id\":\"https:\\\/\\\/www.anovapeneira.gal\\\/index.php\\\/2020\\\/08\\\/19\\\/victoria-alonso-voceira-psdeg-mos\\\/#primaryimage\"},\"thumbnailUrl\":\"https:\\\/\\\/www.anovapeneira.gal\\\/wp-content\\\/uploads\\\/2020\\\/08\\\/VIKI-PSOE-MOS_a_nova_peneira.jpg\",\"datePublished\":\"2020-08-19T10:00:20+00:00\",\"description\":\"Victoria Alonso, Viki, \u00e9 a voceira dos socialistas de Mos, lidera o principal grupo de oposici\u00f3n ao partido popular local e \u00e9 deputada provincial\",\"breadcrumb\":{\"@id\":\"https:\\\/\\\/www.anovapeneira.gal\\\/index.php\\\/2020\\\/08\\\/19\\\/victoria-alonso-voceira-psdeg-mos\\\/#breadcrumb\"},\"inLanguage\":\"gl-ES\",\"potentialAction\":[{\"@type\":\"ReadAction\",\"target\":[\"https:\\\/\\\/www.anovapeneira.gal\\\/index.php\\\/2020\\\/08\\\/19\\\/victoria-alonso-voceira-psdeg-mos\\\/\"]}]},{\"@type\":\"ImageObject\",\"inLanguage\":\"gl-ES\",\"@id\":\"https:\\\/\\\/www.anovapeneira.gal\\\/index.php\\\/2020\\\/08\\\/19\\\/victoria-alonso-voceira-psdeg-mos\\\/#primaryimage\",\"url\":\"https:\\\/\\\/www.anovapeneira.gal\\\/wp-content\\\/uploads\\\/2020\\\/08\\\/VIKI-PSOE-MOS_a_nova_peneira.jpg\",\"contentUrl\":\"https:\\\/\\\/www.anovapeneira.gal\\\/wp-content\\\/uploads\\\/2020\\\/08\\\/VIKI-PSOE-MOS_a_nova_peneira.jpg\",\"width\":720,\"height\":432,\"caption\":\"Vitoria Alonso voceira do PSDEG en Mos\"},{\"@type\":\"BreadcrumbList\",\"@id\":\"https:\\\/\\\/www.anovapeneira.gal\\\/index.php\\\/2020\\\/08\\\/19\\\/victoria-alonso-voceira-psdeg-mos\\\/#breadcrumb\",\"itemListElement\":[{\"@type\":\"ListItem\",\"position\":1,\"name\":\"Portada\",\"item\":\"https:\\\/\\\/www.anovapeneira.gal\\\/\"},{\"@type\":\"ListItem\",\"position\":2,\"name\":\"Victoria Alonso voceira do PSdeG en Mos\"}]},{\"@type\":\"WebSite\",\"@id\":\"https:\\\/\\\/www.anovapeneira.gal\\\/#website\",\"url\":\"https:\\\/\\\/www.anovapeneira.gal\\\/\",\"name\":\"\",\"description\":\"Xornal galego de informaci\u00f3n xeral Publicaci\u00f3n mensual de novas de Galicia e en especial dos Concellos da sur da provincia de Pontevedra.\",\"publisher\":{\"@id\":\"https:\\\/\\\/www.anovapeneira.gal\\\/#organization\"},\"potentialAction\":[{\"@type\":\"SearchAction\",\"target\":{\"@type\":\"EntryPoint\",\"urlTemplate\":\"https:\\\/\\\/www.anovapeneira.gal\\\/?s={search_term_string}\"},\"query-input\":{\"@type\":\"PropertyValueSpecification\",\"valueRequired\":true,\"valueName\":\"search_term_string\"}}],\"inLanguage\":\"gl-ES\"},{\"@type\":\"Organization\",\"@id\":\"https:\\\/\\\/www.anovapeneira.gal\\\/#organization\",\"name\":\"A Nova Peneira\",\"url\":\"https:\\\/\\\/www.anovapeneira.gal\\\/\",\"logo\":{\"@type\":\"ImageObject\",\"inLanguage\":\"gl-ES\",\"@id\":\"https:\\\/\\\/www.anovapeneira.gal\\\/#\\\/schema\\\/logo\\\/image\\\/\",\"url\":\"http:\\\/\\\/www.anovapeneira.gal\\\/wp-content\\\/uploads\\\/2019\\\/06\\\/logo_a_nova_peneira_portal_web.png\",\"contentUrl\":\"http:\\\/\\\/www.anovapeneira.gal\\\/wp-content\\\/uploads\\\/2019\\\/06\\\/logo_a_nova_peneira_portal_web.png\",\"width\":300,\"height\":100,\"caption\":\"A Nova Peneira\"},\"image\":{\"@id\":\"https:\\\/\\\/www.anovapeneira.gal\\\/#\\\/schema\\\/logo\\\/image\\\/\"},\"sameAs\":[\"https:\\\/\\\/www.facebook.com\\\/anovapeneira\",\"https:\\\/\\\/x.com\\\/APeneira\"]},{\"@type\":\"Person\",\"@id\":\"https:\\\/\\\/www.anovapeneira.gal\\\/#\\\/schema\\\/person\\\/b93e3f8932e3f8da96334607eb6ac6aa\",\"name\":\"Redacci\u00f3n A Nova Peneira\",\"image\":{\"@type\":\"ImageObject\",\"inLanguage\":\"gl-ES\",\"@id\":\"https:\\\/\\\/secure.gravatar.com\\\/avatar\\\/c052a2551a06e23fac63626232eaa90abd78dbcf1700fc46a2b2c89fd27b735f?s=96&d=mm&r=g\",\"url\":\"https:\\\/\\\/secure.gravatar.com\\\/avatar\\\/c052a2551a06e23fac63626232eaa90abd78dbcf1700fc46a2b2c89fd27b735f?s=96&d=mm&r=g\",\"contentUrl\":\"https:\\\/\\\/secure.gravatar.com\\\/avatar\\\/c052a2551a06e23fac63626232eaa90abd78dbcf1700fc46a2b2c89fd27b735f?s=96&d=mm&r=g\",\"caption\":\"Redacci\u00f3n A Nova Peneira\"},\"sameAs\":[\"http:\\\/\\\/www.anovapeneira.gal\\\/\"],\"url\":\"https:\\\/\\\/www.anovapeneira.gal\\\/index.php\\\/author\\\/redactor\\\/\"}]}<\/script>\n<!-- \/ Yoast SEO plugin. -->","yoast_head_json":{"title":"Victoria Alonso voceira do PSdeG en Mos -","description":"Victoria Alonso, Viki, \u00e9 a voceira dos socialistas de Mos, lidera o principal grupo de oposici\u00f3n ao partido popular local e \u00e9 deputada provincial","robots":{"index":"index","follow":"follow","max-snippet":"max-snippet:-1","max-image-preview":"max-image-preview:large","max-video-preview":"max-video-preview:-1"},"canonical":"https:\/\/www.anovapeneira.gal\/index.php\/2020\/08\/19\/victoria-alonso-voceira-psdeg-mos\/","og_locale":"gl_ES","og_type":"article","og_title":"Victoria Alonso voceira do PSdeG en Mos -","og_description":"Victoria Alonso, Viki, \u00e9 a voceira dos socialistas de Mos, lidera o principal grupo de oposici\u00f3n ao partido popular local e \u00e9 deputada provincial","og_url":"https:\/\/www.anovapeneira.gal\/index.php\/2020\/08\/19\/victoria-alonso-voceira-psdeg-mos\/","article_publisher":"https:\/\/www.facebook.com\/anovapeneira","article_published_time":"2020-08-19T10:00:20+00:00","og_image":[{"width":720,"height":432,"url":"https:\/\/www.anovapeneira.gal\/wp-content\/uploads\/2020\/08\/VIKI-PSOE-MOS_a_nova_peneira.jpg","type":"image\/jpeg"}],"author":"Redacci\u00f3n A Nova Peneira","twitter_card":"summary_large_image","twitter_creator":"@APeneira","twitter_site":"@APeneira","twitter_misc":{"Escrito por":"Redacci\u00f3n A Nova Peneira","Tempo de lectura":"7 minutos"},"schema":{"@context":"https:\/\/schema.org","@graph":[{"@type":"Article","@id":"https:\/\/www.anovapeneira.gal\/index.php\/2020\/08\/19\/victoria-alonso-voceira-psdeg-mos\/#article","isPartOf":{"@id":"https:\/\/www.anovapeneira.gal\/index.php\/2020\/08\/19\/victoria-alonso-voceira-psdeg-mos\/"},"author":{"name":"Redacci\u00f3n A Nova Peneira","@id":"https:\/\/www.anovapeneira.gal\/#\/schema\/person\/b93e3f8932e3f8da96334607eb6ac6aa"},"headline":"Victoria Alonso voceira do PSdeG en Mos","datePublished":"2020-08-19T10:00:20+00:00","mainEntityOfPage":{"@id":"https:\/\/www.anovapeneira.gal\/index.php\/2020\/08\/19\/victoria-alonso-voceira-psdeg-mos\/"},"wordCount":1375,"commentCount":0,"publisher":{"@id":"https:\/\/www.anovapeneira.gal\/#organization"},"image":{"@id":"https:\/\/www.anovapeneira.gal\/index.php\/2020\/08\/19\/victoria-alonso-voceira-psdeg-mos\/#primaryimage"},"thumbnailUrl":"https:\/\/www.anovapeneira.gal\/wp-content\/uploads\/2020\/08\/VIKI-PSOE-MOS_a_nova_peneira.jpg","keywords":["Concello de Mos","PSdeG"],"articleSection":["A Louri\u00f1a"],"inLanguage":"gl-ES","potentialAction":[{"@type":"CommentAction","name":"Comment","target":["https:\/\/www.anovapeneira.gal\/index.php\/2020\/08\/19\/victoria-alonso-voceira-psdeg-mos\/#respond"]}]},{"@type":"WebPage","@id":"https:\/\/www.anovapeneira.gal\/index.php\/2020\/08\/19\/victoria-alonso-voceira-psdeg-mos\/","url":"https:\/\/www.anovapeneira.gal\/index.php\/2020\/08\/19\/victoria-alonso-voceira-psdeg-mos\/","name":"Victoria Alonso voceira do PSdeG en Mos -","isPartOf":{"@id":"https:\/\/www.anovapeneira.gal\/#website"},"primaryImageOfPage":{"@id":"https:\/\/www.anovapeneira.gal\/index.php\/2020\/08\/19\/victoria-alonso-voceira-psdeg-mos\/#primaryimage"},"image":{"@id":"https:\/\/www.anovapeneira.gal\/index.php\/2020\/08\/19\/victoria-alonso-voceira-psdeg-mos\/#primaryimage"},"thumbnailUrl":"https:\/\/www.anovapeneira.gal\/wp-content\/uploads\/2020\/08\/VIKI-PSOE-MOS_a_nova_peneira.jpg","datePublished":"2020-08-19T10:00:20+00:00","description":"Victoria Alonso, Viki, \u00e9 a voceira dos socialistas de Mos, lidera o principal grupo de oposici\u00f3n ao partido popular local e \u00e9 deputada provincial","breadcrumb":{"@id":"https:\/\/www.anovapeneira.gal\/index.php\/2020\/08\/19\/victoria-alonso-voceira-psdeg-mos\/#breadcrumb"},"inLanguage":"gl-ES","potentialAction":[{"@type":"ReadAction","target":["https:\/\/www.anovapeneira.gal\/index.php\/2020\/08\/19\/victoria-alonso-voceira-psdeg-mos\/"]}]},{"@type":"ImageObject","inLanguage":"gl-ES","@id":"https:\/\/www.anovapeneira.gal\/index.php\/2020\/08\/19\/victoria-alonso-voceira-psdeg-mos\/#primaryimage","url":"https:\/\/www.anovapeneira.gal\/wp-content\/uploads\/2020\/08\/VIKI-PSOE-MOS_a_nova_peneira.jpg","contentUrl":"https:\/\/www.anovapeneira.gal\/wp-content\/uploads\/2020\/08\/VIKI-PSOE-MOS_a_nova_peneira.jpg","width":720,"height":432,"caption":"Vitoria Alonso voceira do PSDEG en Mos"},{"@type":"BreadcrumbList","@id":"https:\/\/www.anovapeneira.gal\/index.php\/2020\/08\/19\/victoria-alonso-voceira-psdeg-mos\/#breadcrumb","itemListElement":[{"@type":"ListItem","position":1,"name":"Portada","item":"https:\/\/www.anovapeneira.gal\/"},{"@type":"ListItem","position":2,"name":"Victoria Alonso voceira do PSdeG en Mos"}]},{"@type":"WebSite","@id":"https:\/\/www.anovapeneira.gal\/#website","url":"https:\/\/www.anovapeneira.gal\/","name":"","description":"Xornal galego de informaci\u00f3n xeral Publicaci\u00f3n mensual de novas de Galicia e en especial dos Concellos da sur da provincia de Pontevedra.","publisher":{"@id":"https:\/\/www.anovapeneira.gal\/#organization"},"potentialAction":[{"@type":"SearchAction","target":{"@type":"EntryPoint","urlTemplate":"https:\/\/www.anovapeneira.gal\/?s={search_term_string}"},"query-input":{"@type":"PropertyValueSpecification","valueRequired":true,"valueName":"search_term_string"}}],"inLanguage":"gl-ES"},{"@type":"Organization","@id":"https:\/\/www.anovapeneira.gal\/#organization","name":"A Nova Peneira","url":"https:\/\/www.anovapeneira.gal\/","logo":{"@type":"ImageObject","inLanguage":"gl-ES","@id":"https:\/\/www.anovapeneira.gal\/#\/schema\/logo\/image\/","url":"http:\/\/www.anovapeneira.gal\/wp-content\/uploads\/2019\/06\/logo_a_nova_peneira_portal_web.png","contentUrl":"http:\/\/www.anovapeneira.gal\/wp-content\/uploads\/2019\/06\/logo_a_nova_peneira_portal_web.png","width":300,"height":100,"caption":"A Nova Peneira"},"image":{"@id":"https:\/\/www.anovapeneira.gal\/#\/schema\/logo\/image\/"},"sameAs":["https:\/\/www.facebook.com\/anovapeneira","https:\/\/x.com\/APeneira"]},{"@type":"Person","@id":"https:\/\/www.anovapeneira.gal\/#\/schema\/person\/b93e3f8932e3f8da96334607eb6ac6aa","name":"Redacci\u00f3n A Nova Peneira","image":{"@type":"ImageObject","inLanguage":"gl-ES","@id":"https:\/\/secure.gravatar.com\/avatar\/c052a2551a06e23fac63626232eaa90abd78dbcf1700fc46a2b2c89fd27b735f?s=96&d=mm&r=g","url":"https:\/\/secure.gravatar.com\/avatar\/c052a2551a06e23fac63626232eaa90abd78dbcf1700fc46a2b2c89fd27b735f?s=96&d=mm&r=g","contentUrl":"https:\/\/secure.gravatar.com\/avatar\/c052a2551a06e23fac63626232eaa90abd78dbcf1700fc46a2b2c89fd27b735f?s=96&d=mm&r=g","caption":"Redacci\u00f3n A Nova Peneira"},"sameAs":["http:\/\/www.anovapeneira.gal\/"],"url":"https:\/\/www.anovapeneira.gal\/index.php\/author\/redactor\/"}]}},"jetpack_featured_media_url":"https:\/\/www.anovapeneira.gal\/wp-content\/uploads\/2020\/08\/VIKI-PSOE-MOS_a_nova_peneira.jpg","_links":{"self":[{"href":"https:\/\/www.anovapeneira.gal\/index.php\/wp-json\/wp\/v2\/posts\/3749","targetHints":{"allow":["GET"]}}],"collection":[{"href":"https:\/\/www.anovapeneira.gal\/index.php\/wp-json\/wp\/v2\/posts"}],"about":[{"href":"https:\/\/www.anovapeneira.gal\/index.php\/wp-json\/wp\/v2\/types\/post"}],"author":[{"embeddable":true,"href":"https:\/\/www.anovapeneira.gal\/index.php\/wp-json\/wp\/v2\/users\/3"}],"replies":[{"embeddable":true,"href":"https:\/\/www.anovapeneira.gal\/index.php\/wp-json\/wp\/v2\/comments?post=3749"}],"version-history":[{"count":1,"href":"https:\/\/www.anovapeneira.gal\/index.php\/wp-json\/wp\/v2\/posts\/3749\/revisions"}],"predecessor-version":[{"id":3751,"href":"https:\/\/www.anovapeneira.gal\/index.php\/wp-json\/wp\/v2\/posts\/3749\/revisions\/3751"}],"wp:featuredmedia":[{"embeddable":true,"href":"https:\/\/www.anovapeneira.gal\/index.php\/wp-json\/wp\/v2\/media\/3750"}],"wp:attachment":[{"href":"https:\/\/www.anovapeneira.gal\/index.php\/wp-json\/wp\/v2\/media?parent=3749"}],"wp:term":[{"taxonomy":"category","embeddable":true,"href":"https:\/\/www.anovapeneira.gal\/index.php\/wp-json\/wp\/v2\/categories?post=3749"},{"taxonomy":"post_tag","embeddable":true,"href":"https:\/\/www.anovapeneira.gal\/index.php\/wp-json\/wp\/v2\/tags?post=3749"}],"curies":[{"name":"wp","href":"https:\/\/api.w.org\/{rel}","templated":true}]}}