{"id":3752,"date":"2020-08-20T10:00:05","date_gmt":"2020-08-20T08:00:05","guid":{"rendered":"http:\/\/www.anovapeneira.gal\/?p=3752"},"modified":"2020-08-17T12:38:28","modified_gmt":"2020-08-17T10:38:28","slug":"mariano-abalo-concelleiro-do-goberno-de-cangas","status":"publish","type":"post","link":"https:\/\/www.anovapeneira.gal\/index.php\/2020\/08\/20\/mariano-abalo-concelleiro-do-goberno-de-cangas\/","title":{"rendered":"Mariano Abalo, Concelleiro do Goberno de Cangas"},"content":{"rendered":"\n<p><strong>Mariano \u00e9 un hist\u00f3rico do nacionalismo galego e un peso pesado no goberno municipal de Cangas. Despois de moito tempo tivemos de novo a oportunidade de manter unha longa conversa con el. Vela\u00ed vai o que deu de si<\/strong><\/p>\n\n\n\n<p>\u201c&nbsp;<strong>O NOSO OBXECTIVO TEN QUE SER QUE O NIVEL DE COINCIDENCIA ENTRE ACE, AVANTE .E O BNG SEXA NO D\u00cdA A D\u00cdA CADA VEZ MAIOR\u201d<\/strong><\/p>\n\n\n\n<p><strong>Hai moito tempo que non ti\u00f1amos oportunidade de falar, Mariano. Como che vai a vida?<\/strong><\/p>\n\n\n\n<blockquote class=\"wp-block-quote is-layout-flow wp-block-quote-is-layout-flow\"><p>Ben, pois imos tirando<\/p><\/blockquote>\n\n\n\n<p><strong>Eu, sabes que che te\u00f1o aprecio Mariano, e agardo que a t\u00faa vida persoal che vaia ben, pero a pregunta ref\u00edrese evidentemente \u00e1 t\u00faa vida pol\u00edtica, polo que che agradecer\u00eda que foses un pouco m\u00e1is preciso<\/strong><\/p>\n\n\n\n<blockquote class=\"wp-block-quote is-layout-flow wp-block-quote-is-layout-flow\"><p>A vida pol\u00edtica complexa ,no contexto xeral dun escenario pol\u00edtico moi complexo, como puidemos apreciar nas recentes elecci\u00f3ns galegas<\/p><\/blockquote>\n\n\n\n<p><strong>No primeiro mandato do goberno ACE ti levabas as \u00e1reas de urbanismo e de facenda, e agora s\u00f3 a de facenda, por que?<\/strong><\/p>\n\n\n\n<blockquote class=\"wp-block-quote is-layout-flow wp-block-quote-is-layout-flow\"><p>Ambas son \u00e1reas de especial complexidade e importancia, e prefer\u00edn centrar os meus esforzos nunha soa; facenda, que \u00e9 capital, en calquera contexto, pero m\u00e1is nun tan complicado como este, para que un concello poida funcionar como debe e prestar os servizos necesarios para o ben com\u00fan<\/p><\/blockquote>\n\n\n\n<p><strong>Cales son as t\u00faas principais li\u00f1as de traballo na conceller\u00eda de facenda?<\/strong><\/p>\n\n\n\n<blockquote class=\"wp-block-quote is-layout-flow wp-block-quote-is-layout-flow\"><p>Tal como est\u00e1n as cousas o m\u00e1is importante vai ser ter a capacidade de soster a econom\u00eda municipal, sermos quen de superar a esta enorme crise econ\u00f3mica. Por outra banda temos que recuperar os servizos p\u00fablicos e mellorar de maneira notoria en eficiencia enerx\u00e9tica<\/p><\/blockquote>\n\n\n\n<p><strong>Lembro algunha conversa que temos tido cando levabas urbanismo, e ti\u00f1as especial interese no asunto MASSO, como est\u00e1 na actualidade?<\/strong><\/p>\n\n\n\n<blockquote class=\"wp-block-quote is-layout-flow wp-block-quote-is-layout-flow\"><p>Est\u00e1 parado. O concelleiro que levaba esa \u00e1rea marchou para Madrid e iso est\u00e1 repercutindo \u00e1 hora de poder levar a cabo alg\u00fan tipo de pol\u00edtica para arranxar ese asunto<\/p><\/blockquote>\n\n\n\n<p><strong>Que haber\u00eda que facer al\u00ed?&nbsp;<\/strong><\/p>\n\n\n\n<blockquote class=\"wp-block-quote is-layout-flow wp-block-quote-is-layout-flow\"><p>Desafectar o \u00e1mbito portuario e que o PP cumprira a promesa electoral da cesi\u00f3n gratu\u00edta deses terreos ao concello. Esa zona ten un potencial enorme e \u00e9 estrat\u00e9xica para o desenvolvemento futuro de Cangas<\/p><\/blockquote>\n\n\n\n<p><strong>E do plan xeral que nos dis?<\/strong><\/p>\n\n\n\n<blockquote class=\"wp-block-quote is-layout-flow wp-block-quote-is-layout-flow\"><p>Nunha situaci\u00f3n de par\u00e1lise, relacionada coa circunstancia particular do concelleiro do PSOE que antes che mencionei<\/p><\/blockquote>\n\n\n\n<p><strong>Pero ser\u00eda necesario movelo neste mandato, non?<\/strong><\/p>\n\n\n\n<blockquote class=\"wp-block-quote is-layout-flow wp-block-quote-is-layout-flow\"><p>Si claro, pero al\u00e9n de vontade ter\u00eda que haber traballo pol\u00edtico real. Agora houbo un cambio de persoa na \u00e1rea, agardo que sexamos quen de movelo<\/p><\/blockquote>\n\n\n\n<p><strong>No primeiro mandato ACE goberno con dous socios; BNG e Avante, neste s\u00f3 con un; o PSOE, que valoraci\u00f3n, en canto \u00e1 comodidade e efectividade, fas de ambos mandatos?<\/strong><\/p>\n\n\n\n<blockquote class=\"wp-block-quote is-layout-flow wp-block-quote-is-layout-flow\"><p>Hai unha diferencia substancial, antes gobernabamos con 11 concelleiros e agora con 8, por outra parte, cando menos no plano te\u00f3rico, sempre vai haber m\u00e1is opci\u00f3ns de coincidencias con outras opci\u00f3ns m\u00e1is \u00e1 esquerda do que poida representar o PSOE<\/p><\/blockquote>\n\n\n\n<p><strong>Al\u00e9n da dificultade aritm\u00e9tica que sup\u00f3n un goberno de 8 sobre 21, a comodidade do goberno conxunto co PSOE como a valoras?<\/strong><\/p>\n\n\n\n<blockquote class=\"wp-block-quote is-layout-flow wp-block-quote-is-layout-flow\"><p>Hai diferencias significativas que non fan doado manexar a situaci\u00f3n, pero en pol\u00edtica hai que saberse adaptar \u00e1 realidade<\/p><\/blockquote>\n\n\n\n<p><strong>Conseguistes aprobar os orzamentos deste ano co apoio dos concelleiros do BNG e de Avante. Como foi esa negociaci\u00f3n?<\/strong><\/p>\n\n\n\n<blockquote class=\"wp-block-quote is-layout-flow wp-block-quote-is-layout-flow\"><p>Ben, pois como concelleiro de facenda levei eu o peso, e te\u00f1o que dicir que tanto Avante como o BNG, especialmente estes \u00faltimos fixeron achegas moi importantes e o nivel de punto de encontro foi moi elevado o que posibilitou que se aprobaran de maneira moi folgada<\/p><\/blockquote>\n\n\n\n<p><strong>Ese acordo ao que chegastes con Avante e co BNG para aprobar os orzamentos por que non espallalo a algo m\u00e1is amplo?<\/strong><\/p>\n\n\n\n<blockquote class=\"wp-block-quote is-layout-flow wp-block-quote-is-layout-flow\"><p>Ben, ambos grupos formul\u00e1ronme a proposta que eu desde logo aceptei de que o orzamento do 2.021 te\u00f1a a mesma mec\u00e1nica de consenso c\u00f3 do 2.020<\/p><\/blockquote>\n\n\n\n<p><strong>Como est\u00e1 a vivir o sector hostaleiro de Cangas un ano tan complicado como este?<\/strong><\/p>\n\n\n\n<blockquote class=\"wp-block-quote is-layout-flow wp-block-quote-is-layout-flow\"><p>Este \u00e9 un problema xeneralizado, e o golpe non s\u00f3 en Cangas sen\u00f3n en todos os sitios \u00e9 dur\u00edsimo. Estase sobrevivindo como boamente se pode<\/p><\/blockquote>\n\n\n\n<p><strong>O concello estableceu alg\u00fan tipo de axuda para botar unha man aos pequenos comerciantes de Cangas?<\/strong><\/p>\n\n\n\n<blockquote class=\"wp-block-quote is-layout-flow wp-block-quote-is-layout-flow\"><p>Nos orzamentos establec\u00e9ronse unha serie de axudas tanto en emerxencia social como na relaci\u00f3n co pequeno comercio onde se contemplan actuaci\u00f3ns que se est\u00e1n concretando neste momento tanto con FECIMO como con Cangas Vella, e tam\u00e9n destinamos unha partida importante que mellore a alternativa da oferta tur\u00edstica<\/p><\/blockquote>\n\n\n\n<p><strong>Notaches que aumentou o n\u00famero de persoas que requiren axuda para atender as s\u00faas necesidades m\u00e1is b\u00e1sicas?<\/strong><\/p>\n\n\n\n<blockquote class=\"wp-block-quote is-layout-flow wp-block-quote-is-layout-flow\"><p>Aumentou de maneira moi notable<\/p><\/blockquote>\n\n\n\n<p><strong>Como est\u00e1 a situaci\u00f3n do conflito coa empresa de augas?<\/strong><\/p>\n\n\n\n<blockquote class=\"wp-block-quote is-layout-flow wp-block-quote-is-layout-flow\"><p>En diversas frontes. Neste \u00faltimo pleno ac\u00e1base de recuperar un expediente de resoluci\u00f3n culpable contra a empresa por incumprimento de contrato e por unha serie de carencias que se dan no servizo. Por outro lado a fiscal\u00eda est\u00e1 cunha investigaci\u00f3n ao respecto da alteraci\u00f3n do contrato , e por \u00faltimo imos tratar de retomar os expedientes sancionadores contra a empresa porque os vertidos son cada vez m\u00e1is incontrolados e as deficiencias nas depuradoras son cada vez maiores<\/p><\/blockquote>\n\n\n\n<p><strong>Que pasou coa asistencia \u00e1s praias de Cangas, discriminades aos que non son nativos do pobo?<\/strong><\/p>\n\n\n\n<blockquote class=\"wp-block-quote is-layout-flow wp-block-quote-is-layout-flow\"><p>Imos ver , o que tratamos de evitar son as aglomeraci\u00f3ns que far\u00edan absolutamente imposible que se cumprisen as medidas de distanciamento social imprescindibles para controlar a pandemia. As medidas de control de acceso aos areais s\u00f3 perseguen a seguridade das persoas<\/p><\/blockquote>\n\n\n\n<p><strong>Pero esas medidas son discriminatorias para a xente que non \u00e9 de Cangas?<\/strong><\/p>\n\n\n\n<blockquote class=\"wp-block-quote is-layout-flow wp-block-quote-is-layout-flow\"><p>Se non controlas o acceso rodado que ve\u00f1a de f\u00f3ra \u00e9 imposible manter nunha praia as medidas de distanciamento social. N\u00f3s queremos que a xente quen non \u00e9 de Cangas goce das nosas praias pero, mentres dure a emerxencia sanitaria, ter\u00e1 que ser baixo un estrito control que garanta a seguridade de todos e todas<\/p><\/blockquote>\n\n\n\n<p><strong>Est\u00e1s contento co nivel de civismo que est\u00e1 a amosar o pobo de Cangas?<\/strong><\/p>\n\n\n\n<blockquote class=\"wp-block-quote is-layout-flow wp-block-quote-is-layout-flow\"><p>Si, rotundamente si<\/p><\/blockquote>\n\n\n\n<p><strong>A t\u00faa foto detr\u00e1s de Ana Pont\u00f3n nas pasadas elecci\u00f3ns auton\u00f3micas foi realmente significativa, e deixa un escenario, na pol\u00edtica local, moi dif\u00edcil de albiscar. Que vas facer? :vas seguir en ACE?, vas apoiar ao BNG?&#8230;<\/strong><\/p>\n\n\n\n<blockquote class=\"wp-block-quote is-layout-flow wp-block-quote-is-layout-flow\"><p>A mi\u00f1a vida pol\u00edtica non ten importancia. O que si a ten \u00e9 a vida pol\u00edtica do pa\u00eds, dunha Galicia de esquerdas que moitos ambicionamos. O que aconteza no futuro ter\u00e1 que vir dado pola pr\u00e1ctica. O desexable ser\u00eda a existencia dun punto de encontro para todos e todas as persoas e forzas de esquerdas cunha perspectiva de pa\u00eds<\/p><\/blockquote>\n\n\n\n<p><strong>Si claro, pero Pazos xa manifestou en p\u00fablico que non ti\u00f1a a intenci\u00f3n de volverse a presentar. Eu supo\u00f1o que ti xa ter\u00e1s contemplada algunha hip\u00f3tese sobre como artellar o complexo escenario pol\u00edtico da esquerda de Cangas de aqu\u00ed \u00e1s municipais do 2.023?<\/strong><\/p>\n\n\n\n<blockquote class=\"wp-block-quote is-layout-flow wp-block-quote-is-layout-flow\"><p>Eu creo que \u00e9 precipitado xogar a futur\u00f3logo. O que \u00e9 esencial \u00e9 desenvolver unha pr\u00e1ctica pol\u00edtica e un programa que vaia unificando \u00e1s forzas de esquerdas que pensamos en chave galega<\/p><\/blockquote>\n\n\n\n<p><strong>Na corporaci\u00f3n de Cangas hai tres grupos cun corpus te\u00f3rico moi semellante&nbsp;<\/strong><\/p>\n\n\n\n<blockquote class=\"wp-block-quote is-layout-flow wp-block-quote-is-layout-flow\"><p>Insisto en que precipitar acontecementos sobre como pode evolucionar a esquerda en Cangas \u00e9 un erro. O obxectivo ten que ser que o nivel de coincidencia de ACE, AVANTE e BNG no d\u00eda a d\u00eda sexa cada vez maior<\/p><\/blockquote>\n\n\n\n<p><strong>Ti segues sent\u00edndoche ilusionado coa pr\u00e1ctica pol\u00edtica?<\/strong><\/p>\n\n\n\n<blockquote class=\"wp-block-quote is-layout-flow wp-block-quote-is-layout-flow\"><p>Eu entendo que o contexto tan grave xa non deixa espazo para falar de ilusi\u00f3n, sen\u00f3n de necesidade<\/p><\/blockquote>\n\n\n\n<p><strong>Oes, que pasou na residencia de Ald\u00e1n?<\/strong><\/p>\n\n\n\n<blockquote class=\"wp-block-quote is-layout-flow wp-block-quote-is-layout-flow\"><p>Unha desgraza, igual que en moitas outras residencias de maiores do pa\u00eds. A consideraci\u00f3n dalgo tan humanamente b\u00e1sico como proporcionarlle \u00e1s persoas anci\u00e1s un \u00faltimo contexto vital c\u00f3modo, confortable e seguro nos seus \u00faltimos anos de vida, como un negocio, como unha forma de lucrarse \u00e9 a praxe pol\u00edtica do PP, e este modo de facer pol\u00edtica ten as consecuencias que ten<\/p><\/blockquote>\n\n\n\n<p><strong>O resultado das elecci\u00f3ns galegas poder\u00eda indicar que para o nacionalismo galego, por vez primeira na s\u00faa historia, agroma un ciclo que o sit\u00fae nunha situaci\u00f3n semellante aos outros pa\u00edses deste estado?<\/strong><\/p>\n\n\n\n<blockquote class=\"wp-block-quote is-layout-flow wp-block-quote-is-layout-flow\"><p>Non \u00e9 f\u00e1cil de prognosticar, eu creo que si poder\u00eda ser as\u00ed, sempre que haxa altura de miras, xenerosidade e a vontade clara de apertura.<\/p><\/blockquote>\n\n\n\n<p><strong>O BNG tivo arredor de 310.000 votos, pero en Galicia non hai 300.000 persoas que se sintan nacionalistas. Como se fai para consolidar e incluso ampliar ese importante segmento social?<\/strong><\/p>\n\n\n\n<blockquote class=\"wp-block-quote is-layout-flow wp-block-quote-is-layout-flow\"><p>A\u00ednda que haxa xente que non se sinta nacionalista, todo o mundo o que si sente \u00e9 a Galicia, polo tanto eu creo que o que c\u00f3mpre \u00e9 ser percibido como unha forza que defenda con coherencia os intereses de Galicia al\u00e9n dos dereitos das maior\u00edas sociais. Se fai desa maneira , o normal \u00e9 que ese polo tenda a reforzarse<\/p><\/blockquote>\n\n\n\n<p><strong>A fuga do que foi xefe de estado nos \u00faltimos 40 anos amosa que a arquitectura do estado espa\u00f1ol est\u00e1 podre?<\/strong><\/p>\n\n\n\n<blockquote class=\"wp-block-quote is-layout-flow wp-block-quote-is-layout-flow\"><p>Est\u00e1 podre desde o primeiro momento. A min faime moita graza o que di o PSOE de que non se cuestiona a instituci\u00f3n sen\u00f3n \u00e1 persoa. En Espa\u00f1a non se cuestiona nada, nin a instituci\u00f3n nin \u00e1 persoa. A monarqu\u00eda espa\u00f1ola en ning\u00fan momento nin denunciou nin se desmarcou dos crimes do franquismo<\/p><\/blockquote>\n\n\n\n<p><strong>Rematamos Mariano, como sempre foi un pracer conversar contigo , e cunha \u00faltima cuesti\u00f3n: ata que a humanidade non estea en condici\u00f3ns de dispor dunha vacina efectiva contra este virus e con posibilidade de ser distribu\u00edda de maneira universal, te\u00f1o a sensaci\u00f3n de que nos agardan tempos moi duros, pero o que me parece a min \u00e9 que unha vez m\u00e1is, de maneira vergonzosa e criminal, van primar m\u00e1is os intereses comerciais en facer negocio coa vacina que a vontade de liberar \u00e1 humanidade desta pesada lousa. Ti que opinas?<\/strong><\/p>\n\n\n\n<blockquote class=\"wp-block-quote is-layout-flow wp-block-quote-is-layout-flow\"><p>Estou de acordo contigo. Esta situaci\u00f3n amosa unha vez m\u00e1is o fracaso estrepitoso do liberalismo econ\u00f3mico que sume a unha grande parte da poboaci\u00f3n mundial na pobreza e na desesperaci\u00f3n .Os disparates de personaxes nocivos para a humanidade como os presidentes de Brasil ou de EEUU son un exemplo evidente do perigo extremo no que o capitalismo voraz levou \u00e1 civilizaci\u00f3n humana.<\/p><\/blockquote>\n","protected":false},"excerpt":{"rendered":"<div class=\"mh-excerpt\"><p>Mariano \u00e9 un hist\u00f3rico do nacionalismo galego e un peso pesado no goberno municipal de Cangas. Despois de moito tempo tivemos de novo a oportunidade de manter unha longa conversa con el. Vela\u00ed vai o que deu de si <a class=\"mh-excerpt-more\" href=\"https:\/\/www.anovapeneira.gal\/index.php\/2020\/08\/20\/mariano-abalo-concelleiro-do-goberno-de-cangas\/\" title=\"Mariano Abalo, Concelleiro do Goberno de Cangas\">[&#8230;]<\/a><\/p>\n<\/div>","protected":false},"author":3,"featured_media":3753,"comment_status":"open","ping_status":"open","sticky":false,"template":"","format":"standard","meta":{"_exactmetrics_skip_tracking":false,"_exactmetrics_sitenote_active":false,"_exactmetrics_sitenote_note":"","_exactmetrics_sitenote_category":0,"footnotes":""},"categories":[268],"tags":[1073,1185],"class_list":{"0":"post-3752","1":"post","2":"type-post","3":"status-publish","4":"format-standard","5":"has-post-thumbnail","7":"category-morrazo-entrevistas","8":"tag-concello-de-cangas","9":"tag-mariano-abalo"},"yoast_head":"<!-- This site is optimized with the Yoast SEO plugin v27.4 - https:\/\/yoast.com\/product\/yoast-seo-wordpress\/ -->\n<title>Mariano Abalo, Concelleiro do Goberno de Cangas -<\/title>\n<meta name=\"description\" content=\"Mariano Abalo Concelleiro do Goberno de Cangas un hist\u00f3rico do nacionalismo galego e un peso pesado no goberno municipal de Cangas\" \/>\n<meta name=\"robots\" content=\"index, follow, max-snippet:-1, max-image-preview:large, max-video-preview:-1\" \/>\n<link rel=\"canonical\" href=\"https:\/\/www.anovapeneira.gal\/index.php\/2020\/08\/20\/mariano-abalo-concelleiro-do-goberno-de-cangas\/\" \/>\n<meta property=\"og:locale\" content=\"gl_ES\" \/>\n<meta property=\"og:type\" content=\"article\" \/>\n<meta property=\"og:title\" content=\"Mariano Abalo, Concelleiro do Goberno de Cangas -\" \/>\n<meta property=\"og:description\" content=\"Mariano Abalo Concelleiro do Goberno de Cangas un hist\u00f3rico do nacionalismo galego e un peso pesado no goberno municipal de Cangas\" \/>\n<meta property=\"og:url\" content=\"https:\/\/www.anovapeneira.gal\/index.php\/2020\/08\/20\/mariano-abalo-concelleiro-do-goberno-de-cangas\/\" \/>\n<meta property=\"article:publisher\" content=\"https:\/\/www.facebook.com\/anovapeneira\" \/>\n<meta property=\"article:published_time\" content=\"2020-08-20T08:00:05+00:00\" \/>\n<meta property=\"og:image\" content=\"https:\/\/www.anovapeneira.gal\/wp-content\/uploads\/2020\/08\/mariano_abalo_a_nova_peneira.jpg\" \/>\n\t<meta property=\"og:image:width\" content=\"720\" \/>\n\t<meta property=\"og:image:height\" content=\"432\" \/>\n\t<meta property=\"og:image:type\" content=\"image\/jpeg\" \/>\n<meta name=\"author\" content=\"Redacci\u00f3n A Nova Peneira\" \/>\n<meta name=\"twitter:card\" content=\"summary_large_image\" \/>\n<meta name=\"twitter:creator\" content=\"@APeneira\" \/>\n<meta name=\"twitter:site\" content=\"@APeneira\" \/>\n<meta name=\"twitter:label1\" content=\"Escrito por\" \/>\n\t<meta name=\"twitter:data1\" content=\"Redacci\u00f3n A Nova Peneira\" \/>\n\t<meta name=\"twitter:label2\" content=\"Tempo de lectura\" \/>\n\t<meta name=\"twitter:data2\" content=\"9 minutos\" \/>\n<script type=\"application\/ld+json\" class=\"yoast-schema-graph\">{\"@context\":\"https:\\\/\\\/schema.org\",\"@graph\":[{\"@type\":\"Article\",\"@id\":\"https:\\\/\\\/www.anovapeneira.gal\\\/index.php\\\/2020\\\/08\\\/20\\\/mariano-abalo-concelleiro-do-goberno-de-cangas\\\/#article\",\"isPartOf\":{\"@id\":\"https:\\\/\\\/www.anovapeneira.gal\\\/index.php\\\/2020\\\/08\\\/20\\\/mariano-abalo-concelleiro-do-goberno-de-cangas\\\/\"},\"author\":{\"name\":\"Redacci\u00f3n A Nova Peneira\",\"@id\":\"https:\\\/\\\/www.anovapeneira.gal\\\/#\\\/schema\\\/person\\\/b93e3f8932e3f8da96334607eb6ac6aa\"},\"headline\":\"Mariano Abalo, Concelleiro do Goberno de Cangas\",\"datePublished\":\"2020-08-20T08:00:05+00:00\",\"mainEntityOfPage\":{\"@id\":\"https:\\\/\\\/www.anovapeneira.gal\\\/index.php\\\/2020\\\/08\\\/20\\\/mariano-abalo-concelleiro-do-goberno-de-cangas\\\/\"},\"wordCount\":1801,\"commentCount\":0,\"publisher\":{\"@id\":\"https:\\\/\\\/www.anovapeneira.gal\\\/#organization\"},\"image\":{\"@id\":\"https:\\\/\\\/www.anovapeneira.gal\\\/index.php\\\/2020\\\/08\\\/20\\\/mariano-abalo-concelleiro-do-goberno-de-cangas\\\/#primaryimage\"},\"thumbnailUrl\":\"https:\\\/\\\/www.anovapeneira.gal\\\/wp-content\\\/uploads\\\/2020\\\/08\\\/mariano_abalo_a_nova_peneira.jpg\",\"keywords\":[\"Concello de Cangas\",\"Mariano Abalo\"],\"articleSection\":[\"Morrazo\"],\"inLanguage\":\"gl-ES\",\"potentialAction\":[{\"@type\":\"CommentAction\",\"name\":\"Comment\",\"target\":[\"https:\\\/\\\/www.anovapeneira.gal\\\/index.php\\\/2020\\\/08\\\/20\\\/mariano-abalo-concelleiro-do-goberno-de-cangas\\\/#respond\"]}]},{\"@type\":\"WebPage\",\"@id\":\"https:\\\/\\\/www.anovapeneira.gal\\\/index.php\\\/2020\\\/08\\\/20\\\/mariano-abalo-concelleiro-do-goberno-de-cangas\\\/\",\"url\":\"https:\\\/\\\/www.anovapeneira.gal\\\/index.php\\\/2020\\\/08\\\/20\\\/mariano-abalo-concelleiro-do-goberno-de-cangas\\\/\",\"name\":\"Mariano Abalo, Concelleiro do Goberno de Cangas -\",\"isPartOf\":{\"@id\":\"https:\\\/\\\/www.anovapeneira.gal\\\/#website\"},\"primaryImageOfPage\":{\"@id\":\"https:\\\/\\\/www.anovapeneira.gal\\\/index.php\\\/2020\\\/08\\\/20\\\/mariano-abalo-concelleiro-do-goberno-de-cangas\\\/#primaryimage\"},\"image\":{\"@id\":\"https:\\\/\\\/www.anovapeneira.gal\\\/index.php\\\/2020\\\/08\\\/20\\\/mariano-abalo-concelleiro-do-goberno-de-cangas\\\/#primaryimage\"},\"thumbnailUrl\":\"https:\\\/\\\/www.anovapeneira.gal\\\/wp-content\\\/uploads\\\/2020\\\/08\\\/mariano_abalo_a_nova_peneira.jpg\",\"datePublished\":\"2020-08-20T08:00:05+00:00\",\"description\":\"Mariano Abalo Concelleiro do Goberno de Cangas un hist\u00f3rico do nacionalismo galego e un peso pesado no goberno municipal de Cangas\",\"breadcrumb\":{\"@id\":\"https:\\\/\\\/www.anovapeneira.gal\\\/index.php\\\/2020\\\/08\\\/20\\\/mariano-abalo-concelleiro-do-goberno-de-cangas\\\/#breadcrumb\"},\"inLanguage\":\"gl-ES\",\"potentialAction\":[{\"@type\":\"ReadAction\",\"target\":[\"https:\\\/\\\/www.anovapeneira.gal\\\/index.php\\\/2020\\\/08\\\/20\\\/mariano-abalo-concelleiro-do-goberno-de-cangas\\\/\"]}]},{\"@type\":\"ImageObject\",\"inLanguage\":\"gl-ES\",\"@id\":\"https:\\\/\\\/www.anovapeneira.gal\\\/index.php\\\/2020\\\/08\\\/20\\\/mariano-abalo-concelleiro-do-goberno-de-cangas\\\/#primaryimage\",\"url\":\"https:\\\/\\\/www.anovapeneira.gal\\\/wp-content\\\/uploads\\\/2020\\\/08\\\/mariano_abalo_a_nova_peneira.jpg\",\"contentUrl\":\"https:\\\/\\\/www.anovapeneira.gal\\\/wp-content\\\/uploads\\\/2020\\\/08\\\/mariano_abalo_a_nova_peneira.jpg\",\"width\":720,\"height\":432,\"caption\":\"Mariano Abalo, Concelleiro do Goberno de Cangas\"},{\"@type\":\"BreadcrumbList\",\"@id\":\"https:\\\/\\\/www.anovapeneira.gal\\\/index.php\\\/2020\\\/08\\\/20\\\/mariano-abalo-concelleiro-do-goberno-de-cangas\\\/#breadcrumb\",\"itemListElement\":[{\"@type\":\"ListItem\",\"position\":1,\"name\":\"Portada\",\"item\":\"https:\\\/\\\/www.anovapeneira.gal\\\/\"},{\"@type\":\"ListItem\",\"position\":2,\"name\":\"Mariano Abalo, Concelleiro do Goberno de Cangas\"}]},{\"@type\":\"WebSite\",\"@id\":\"https:\\\/\\\/www.anovapeneira.gal\\\/#website\",\"url\":\"https:\\\/\\\/www.anovapeneira.gal\\\/\",\"name\":\"\",\"description\":\"Xornal galego de informaci\u00f3n xeral Publicaci\u00f3n mensual de novas de Galicia e en especial dos Concellos da sur da provincia de Pontevedra.\",\"publisher\":{\"@id\":\"https:\\\/\\\/www.anovapeneira.gal\\\/#organization\"},\"potentialAction\":[{\"@type\":\"SearchAction\",\"target\":{\"@type\":\"EntryPoint\",\"urlTemplate\":\"https:\\\/\\\/www.anovapeneira.gal\\\/?s={search_term_string}\"},\"query-input\":{\"@type\":\"PropertyValueSpecification\",\"valueRequired\":true,\"valueName\":\"search_term_string\"}}],\"inLanguage\":\"gl-ES\"},{\"@type\":\"Organization\",\"@id\":\"https:\\\/\\\/www.anovapeneira.gal\\\/#organization\",\"name\":\"A Nova Peneira\",\"url\":\"https:\\\/\\\/www.anovapeneira.gal\\\/\",\"logo\":{\"@type\":\"ImageObject\",\"inLanguage\":\"gl-ES\",\"@id\":\"https:\\\/\\\/www.anovapeneira.gal\\\/#\\\/schema\\\/logo\\\/image\\\/\",\"url\":\"http:\\\/\\\/www.anovapeneira.gal\\\/wp-content\\\/uploads\\\/2019\\\/06\\\/logo_a_nova_peneira_portal_web.png\",\"contentUrl\":\"http:\\\/\\\/www.anovapeneira.gal\\\/wp-content\\\/uploads\\\/2019\\\/06\\\/logo_a_nova_peneira_portal_web.png\",\"width\":300,\"height\":100,\"caption\":\"A Nova Peneira\"},\"image\":{\"@id\":\"https:\\\/\\\/www.anovapeneira.gal\\\/#\\\/schema\\\/logo\\\/image\\\/\"},\"sameAs\":[\"https:\\\/\\\/www.facebook.com\\\/anovapeneira\",\"https:\\\/\\\/x.com\\\/APeneira\"]},{\"@type\":\"Person\",\"@id\":\"https:\\\/\\\/www.anovapeneira.gal\\\/#\\\/schema\\\/person\\\/b93e3f8932e3f8da96334607eb6ac6aa\",\"name\":\"Redacci\u00f3n A Nova Peneira\",\"image\":{\"@type\":\"ImageObject\",\"inLanguage\":\"gl-ES\",\"@id\":\"https:\\\/\\\/secure.gravatar.com\\\/avatar\\\/c052a2551a06e23fac63626232eaa90abd78dbcf1700fc46a2b2c89fd27b735f?s=96&d=mm&r=g\",\"url\":\"https:\\\/\\\/secure.gravatar.com\\\/avatar\\\/c052a2551a06e23fac63626232eaa90abd78dbcf1700fc46a2b2c89fd27b735f?s=96&d=mm&r=g\",\"contentUrl\":\"https:\\\/\\\/secure.gravatar.com\\\/avatar\\\/c052a2551a06e23fac63626232eaa90abd78dbcf1700fc46a2b2c89fd27b735f?s=96&d=mm&r=g\",\"caption\":\"Redacci\u00f3n A Nova Peneira\"},\"sameAs\":[\"http:\\\/\\\/www.anovapeneira.gal\\\/\"],\"url\":\"https:\\\/\\\/www.anovapeneira.gal\\\/index.php\\\/author\\\/redactor\\\/\"}]}<\/script>\n<!-- \/ Yoast SEO plugin. -->","yoast_head_json":{"title":"Mariano Abalo, Concelleiro do Goberno de Cangas -","description":"Mariano Abalo Concelleiro do Goberno de Cangas un hist\u00f3rico do nacionalismo galego e un peso pesado no goberno municipal de Cangas","robots":{"index":"index","follow":"follow","max-snippet":"max-snippet:-1","max-image-preview":"max-image-preview:large","max-video-preview":"max-video-preview:-1"},"canonical":"https:\/\/www.anovapeneira.gal\/index.php\/2020\/08\/20\/mariano-abalo-concelleiro-do-goberno-de-cangas\/","og_locale":"gl_ES","og_type":"article","og_title":"Mariano Abalo, Concelleiro do Goberno de Cangas -","og_description":"Mariano Abalo Concelleiro do Goberno de Cangas un hist\u00f3rico do nacionalismo galego e un peso pesado no goberno municipal de Cangas","og_url":"https:\/\/www.anovapeneira.gal\/index.php\/2020\/08\/20\/mariano-abalo-concelleiro-do-goberno-de-cangas\/","article_publisher":"https:\/\/www.facebook.com\/anovapeneira","article_published_time":"2020-08-20T08:00:05+00:00","og_image":[{"width":720,"height":432,"url":"https:\/\/www.anovapeneira.gal\/wp-content\/uploads\/2020\/08\/mariano_abalo_a_nova_peneira.jpg","type":"image\/jpeg"}],"author":"Redacci\u00f3n A Nova Peneira","twitter_card":"summary_large_image","twitter_creator":"@APeneira","twitter_site":"@APeneira","twitter_misc":{"Escrito por":"Redacci\u00f3n A Nova Peneira","Tempo de lectura":"9 minutos"},"schema":{"@context":"https:\/\/schema.org","@graph":[{"@type":"Article","@id":"https:\/\/www.anovapeneira.gal\/index.php\/2020\/08\/20\/mariano-abalo-concelleiro-do-goberno-de-cangas\/#article","isPartOf":{"@id":"https:\/\/www.anovapeneira.gal\/index.php\/2020\/08\/20\/mariano-abalo-concelleiro-do-goberno-de-cangas\/"},"author":{"name":"Redacci\u00f3n A Nova Peneira","@id":"https:\/\/www.anovapeneira.gal\/#\/schema\/person\/b93e3f8932e3f8da96334607eb6ac6aa"},"headline":"Mariano Abalo, Concelleiro do Goberno de Cangas","datePublished":"2020-08-20T08:00:05+00:00","mainEntityOfPage":{"@id":"https:\/\/www.anovapeneira.gal\/index.php\/2020\/08\/20\/mariano-abalo-concelleiro-do-goberno-de-cangas\/"},"wordCount":1801,"commentCount":0,"publisher":{"@id":"https:\/\/www.anovapeneira.gal\/#organization"},"image":{"@id":"https:\/\/www.anovapeneira.gal\/index.php\/2020\/08\/20\/mariano-abalo-concelleiro-do-goberno-de-cangas\/#primaryimage"},"thumbnailUrl":"https:\/\/www.anovapeneira.gal\/wp-content\/uploads\/2020\/08\/mariano_abalo_a_nova_peneira.jpg","keywords":["Concello de Cangas","Mariano Abalo"],"articleSection":["Morrazo"],"inLanguage":"gl-ES","potentialAction":[{"@type":"CommentAction","name":"Comment","target":["https:\/\/www.anovapeneira.gal\/index.php\/2020\/08\/20\/mariano-abalo-concelleiro-do-goberno-de-cangas\/#respond"]}]},{"@type":"WebPage","@id":"https:\/\/www.anovapeneira.gal\/index.php\/2020\/08\/20\/mariano-abalo-concelleiro-do-goberno-de-cangas\/","url":"https:\/\/www.anovapeneira.gal\/index.php\/2020\/08\/20\/mariano-abalo-concelleiro-do-goberno-de-cangas\/","name":"Mariano Abalo, Concelleiro do Goberno de Cangas -","isPartOf":{"@id":"https:\/\/www.anovapeneira.gal\/#website"},"primaryImageOfPage":{"@id":"https:\/\/www.anovapeneira.gal\/index.php\/2020\/08\/20\/mariano-abalo-concelleiro-do-goberno-de-cangas\/#primaryimage"},"image":{"@id":"https:\/\/www.anovapeneira.gal\/index.php\/2020\/08\/20\/mariano-abalo-concelleiro-do-goberno-de-cangas\/#primaryimage"},"thumbnailUrl":"https:\/\/www.anovapeneira.gal\/wp-content\/uploads\/2020\/08\/mariano_abalo_a_nova_peneira.jpg","datePublished":"2020-08-20T08:00:05+00:00","description":"Mariano Abalo Concelleiro do Goberno de Cangas un hist\u00f3rico do nacionalismo galego e un peso pesado no goberno municipal de Cangas","breadcrumb":{"@id":"https:\/\/www.anovapeneira.gal\/index.php\/2020\/08\/20\/mariano-abalo-concelleiro-do-goberno-de-cangas\/#breadcrumb"},"inLanguage":"gl-ES","potentialAction":[{"@type":"ReadAction","target":["https:\/\/www.anovapeneira.gal\/index.php\/2020\/08\/20\/mariano-abalo-concelleiro-do-goberno-de-cangas\/"]}]},{"@type":"ImageObject","inLanguage":"gl-ES","@id":"https:\/\/www.anovapeneira.gal\/index.php\/2020\/08\/20\/mariano-abalo-concelleiro-do-goberno-de-cangas\/#primaryimage","url":"https:\/\/www.anovapeneira.gal\/wp-content\/uploads\/2020\/08\/mariano_abalo_a_nova_peneira.jpg","contentUrl":"https:\/\/www.anovapeneira.gal\/wp-content\/uploads\/2020\/08\/mariano_abalo_a_nova_peneira.jpg","width":720,"height":432,"caption":"Mariano Abalo, Concelleiro do Goberno de Cangas"},{"@type":"BreadcrumbList","@id":"https:\/\/www.anovapeneira.gal\/index.php\/2020\/08\/20\/mariano-abalo-concelleiro-do-goberno-de-cangas\/#breadcrumb","itemListElement":[{"@type":"ListItem","position":1,"name":"Portada","item":"https:\/\/www.anovapeneira.gal\/"},{"@type":"ListItem","position":2,"name":"Mariano Abalo, Concelleiro do Goberno de Cangas"}]},{"@type":"WebSite","@id":"https:\/\/www.anovapeneira.gal\/#website","url":"https:\/\/www.anovapeneira.gal\/","name":"","description":"Xornal galego de informaci\u00f3n xeral Publicaci\u00f3n mensual de novas de Galicia e en especial dos Concellos da sur da provincia de Pontevedra.","publisher":{"@id":"https:\/\/www.anovapeneira.gal\/#organization"},"potentialAction":[{"@type":"SearchAction","target":{"@type":"EntryPoint","urlTemplate":"https:\/\/www.anovapeneira.gal\/?s={search_term_string}"},"query-input":{"@type":"PropertyValueSpecification","valueRequired":true,"valueName":"search_term_string"}}],"inLanguage":"gl-ES"},{"@type":"Organization","@id":"https:\/\/www.anovapeneira.gal\/#organization","name":"A Nova Peneira","url":"https:\/\/www.anovapeneira.gal\/","logo":{"@type":"ImageObject","inLanguage":"gl-ES","@id":"https:\/\/www.anovapeneira.gal\/#\/schema\/logo\/image\/","url":"http:\/\/www.anovapeneira.gal\/wp-content\/uploads\/2019\/06\/logo_a_nova_peneira_portal_web.png","contentUrl":"http:\/\/www.anovapeneira.gal\/wp-content\/uploads\/2019\/06\/logo_a_nova_peneira_portal_web.png","width":300,"height":100,"caption":"A Nova Peneira"},"image":{"@id":"https:\/\/www.anovapeneira.gal\/#\/schema\/logo\/image\/"},"sameAs":["https:\/\/www.facebook.com\/anovapeneira","https:\/\/x.com\/APeneira"]},{"@type":"Person","@id":"https:\/\/www.anovapeneira.gal\/#\/schema\/person\/b93e3f8932e3f8da96334607eb6ac6aa","name":"Redacci\u00f3n A Nova Peneira","image":{"@type":"ImageObject","inLanguage":"gl-ES","@id":"https:\/\/secure.gravatar.com\/avatar\/c052a2551a06e23fac63626232eaa90abd78dbcf1700fc46a2b2c89fd27b735f?s=96&d=mm&r=g","url":"https:\/\/secure.gravatar.com\/avatar\/c052a2551a06e23fac63626232eaa90abd78dbcf1700fc46a2b2c89fd27b735f?s=96&d=mm&r=g","contentUrl":"https:\/\/secure.gravatar.com\/avatar\/c052a2551a06e23fac63626232eaa90abd78dbcf1700fc46a2b2c89fd27b735f?s=96&d=mm&r=g","caption":"Redacci\u00f3n A Nova Peneira"},"sameAs":["http:\/\/www.anovapeneira.gal\/"],"url":"https:\/\/www.anovapeneira.gal\/index.php\/author\/redactor\/"}]}},"jetpack_featured_media_url":"https:\/\/www.anovapeneira.gal\/wp-content\/uploads\/2020\/08\/mariano_abalo_a_nova_peneira.jpg","_links":{"self":[{"href":"https:\/\/www.anovapeneira.gal\/index.php\/wp-json\/wp\/v2\/posts\/3752","targetHints":{"allow":["GET"]}}],"collection":[{"href":"https:\/\/www.anovapeneira.gal\/index.php\/wp-json\/wp\/v2\/posts"}],"about":[{"href":"https:\/\/www.anovapeneira.gal\/index.php\/wp-json\/wp\/v2\/types\/post"}],"author":[{"embeddable":true,"href":"https:\/\/www.anovapeneira.gal\/index.php\/wp-json\/wp\/v2\/users\/3"}],"replies":[{"embeddable":true,"href":"https:\/\/www.anovapeneira.gal\/index.php\/wp-json\/wp\/v2\/comments?post=3752"}],"version-history":[{"count":3,"href":"https:\/\/www.anovapeneira.gal\/index.php\/wp-json\/wp\/v2\/posts\/3752\/revisions"}],"predecessor-version":[{"id":3756,"href":"https:\/\/www.anovapeneira.gal\/index.php\/wp-json\/wp\/v2\/posts\/3752\/revisions\/3756"}],"wp:featuredmedia":[{"embeddable":true,"href":"https:\/\/www.anovapeneira.gal\/index.php\/wp-json\/wp\/v2\/media\/3753"}],"wp:attachment":[{"href":"https:\/\/www.anovapeneira.gal\/index.php\/wp-json\/wp\/v2\/media?parent=3752"}],"wp:term":[{"taxonomy":"category","embeddable":true,"href":"https:\/\/www.anovapeneira.gal\/index.php\/wp-json\/wp\/v2\/categories?post=3752"},{"taxonomy":"post_tag","embeddable":true,"href":"https:\/\/www.anovapeneira.gal\/index.php\/wp-json\/wp\/v2\/tags?post=3752"}],"curies":[{"name":"wp","href":"https:\/\/api.w.org\/{rel}","templated":true}]}}