{"id":3784,"date":"2020-08-26T12:00:55","date_gmt":"2020-08-26T10:00:55","guid":{"rendered":"http:\/\/www.anovapeneira.gal\/?p=3784"},"modified":"2020-08-21T12:03:47","modified_gmt":"2020-08-21T10:03:47","slug":"cristina-correa-alcaldesa-de-oia-08-2020","status":"publish","type":"post","link":"https:\/\/www.anovapeneira.gal\/index.php\/2020\/08\/26\/cristina-correa-alcaldesa-de-oia-08-2020\/","title":{"rendered":"Cristina Correa. Alcaldesa de Oia"},"content":{"rendered":"\n<h2 class=\"wp-block-heading\"><strong>Un ano m\u00e1is acheg\u00e1monos ata o concello de Oia a conversar con Cristina , a s\u00faa alcaldesa, para co\u00f1ecer como van as cousas neste fermoso curruncho do Baixo Mi\u00f1o<\/strong><\/h2>\n\n\n\n<p>\u201c\u00a0<strong>A NOSA REINCORPORACI\u00d3N \u00c1 MANCOMUNIDADE SER\u00c1 CANDO O EQUIPO DE GOBERNO O ESTIME OPORTUNO\u201d<\/strong><\/p>\n\n\n\n<p><strong>Este mandato, Cristina, no que tes a confianza da maior\u00eda absoluta e presum\u00edase pl\u00e1cido para ti, \u00e9 de todo menos pl\u00e1cido?<\/strong><\/p>\n\n\n\n<blockquote class=\"wp-block-quote is-layout-flow wp-block-quote-is-layout-flow\"><p>Est\u00e1 sendo un ano mo dif\u00edcil si, non s\u00f3 para n\u00f3s sen\u00f3n para toda a humanidade. Enfront\u00e1monos a unha terrible crise sanitaria que inevitablemente vai ocasionar unha importante crise social e econ\u00f3mica. Esta situaci\u00f3n altera todas as previsi\u00f3ns que ti\u00f1amos e obriga a adiar distintos proxectos, porque o esencial \u00e9 sa\u00edrmos desta situaci\u00f3n canto antes, e da mellor maneira posible<\/p><\/blockquote>\n\n\n\n<p><strong>Alg\u00fan outro alcalde tenme comentado que nota un incremento notable de persoas que requiren das axudas sociais para atender as s\u00faas necesidades m\u00e1is b\u00e1sicas. Ti notas o mesmo en Oia?<\/strong><\/p>\n\n\n\n<blockquote class=\"wp-block-quote is-layout-flow wp-block-quote-is-layout-flow\"><p>No noso caso notamos un pequeno aumento, pero de momento nada significativo. Estamos no ver\u00e1n e no noso pobo a econom\u00eda estase movendo. Preoc\u00fapame o que poida pasar a partir de outubro<\/p><\/blockquote>\n\n\n\n<p><strong>Falando da econom\u00eda de Oia c\u00f3ntoche que hai arredor dun mes veume visitar un amigo su\u00edzo coa s\u00faa parella e o seu fillo, pediume que o levara a un sitio bonito. E eu leveinos a Oia. Quedaron namorados do teu pobo e prometeume volver un feixe de veces con m\u00e1is familiares e amigos<\/strong><\/p>\n\n\n\n<blockquote class=\"wp-block-quote is-layout-flow wp-block-quote-is-layout-flow\"><p>Pois al\u00e9grame moito o\u00edr iso Tino, pero, con toda a humildade do mundo, perm\u00edteme que che diga que non me sorprende, pois o meu querido Concello \u00e9 un para\u00edso natural que ten de todo para que o turista, busque o que busque, poida gozar.<\/p><\/blockquote>\n\n\n\n<p><strong>Ben, malia que a situaci\u00f3n sanitaria todo o condiciona supo\u00f1o que para ti, este mandato que tes maior\u00eda absoluta, ser\u00e1 m\u00e1is c\u00f3modo c\u00f3 anterior que estabas en minor\u00eda?<\/strong><\/p>\n\n\n\n<blockquote class=\"wp-block-quote is-layout-flow wp-block-quote-is-layout-flow\"><p>\u00c9 m\u00e1is tranquilo claro, sabemos que a situaci\u00f3n aritm\u00e9tica da corporaci\u00f3n permite levar adiante aqueles proxectos e decisi\u00f3ns que tomemos, algo que non podiamos facer no mandato anterior e complicaba moito as cousas<\/p><\/blockquote>\n\n\n\n<p><strong>Ti noutras ocasi\u00f3ns que temos falado lai\u00e1baste do trato recibido da DEP, segues pensando o mesmo?<\/strong><\/p>\n\n\n\n<blockquote class=\"wp-block-quote is-layout-flow wp-block-quote-is-layout-flow\"><p>Coa DEP agora mesmo temos unha relaci\u00f3n cordial e flu\u00edda. Agora ben, tampouco recibimos nada m\u00e1is do que estritamente nos corresponde pola nosa poboaci\u00f3n. A DEP debe apoiar m\u00e1is e mellor aos concellos como o noso, de feito esa \u00e9 a s\u00faa funci\u00f3n. E a DEP de Pontevedra, ao meu xu\u00edzo non o fai adecuadamente<\/p><\/blockquote>\n\n\n\n<p><strong>E coa Xunta que tal a relaci\u00f3n?<\/strong><\/p>\n\n\n\n<blockquote class=\"wp-block-quote is-layout-flow wp-block-quote-is-layout-flow\"><p>Moi ben, como debe ser<\/p><\/blockquote>\n\n\n\n<p><strong>A volta \u00e1 escola en Oia como se presenta?<\/strong><\/p>\n\n\n\n<blockquote class=\"wp-block-quote is-layout-flow wp-block-quote-is-layout-flow\"><p>Eu creo que non hai ningunha persoa agora que non estea preocupada por ese tema. E n\u00f3s tam\u00e9n claro. Eu penso que resultar\u00eda enormemente dif\u00edcil, por non dicir case imposible, que calquera protocolo que se dese\u00f1e, por moi rigoroso que sexa, garanta a seguridade absoluta. N\u00f3s colaboraremos na medida do posible cos colexios e coa conseller\u00eda para que todos os protocolos se apliquen con rigor e minimizar os riscos.<\/p><\/blockquote>\n\n\n\n<p><strong>Por que rexeitastes a moci\u00f3n do BNG que ped\u00eda a vosa reincorporaci\u00f3n \u00e1 mancomunidade?<\/strong><\/p>\n\n\n\n<blockquote class=\"wp-block-quote is-layout-flow wp-block-quote-is-layout-flow\"><p>Ben. No seu d\u00eda fomos obrigados, o goberno do PP, por capricho, por puro e duro capricho, da oposici\u00f3n, cando n\u00f3s estabamos en minor\u00eda a sa\u00edr. E a entrada teremos que estudala moi ben, pero ser\u00e1 cando o goberno municipal o considere oportuno.<\/p><\/blockquote>\n\n\n\n<p><strong>E que fai falta para que o consideredes oportuno?<\/strong><\/p>\n\n\n\n<blockquote class=\"wp-block-quote is-layout-flow wp-block-quote-is-layout-flow\"><p>Ter as cuesti\u00f3ns orzamentarias absolutamente claras<\/p><\/blockquote>\n\n\n\n<p><strong>Como vai o tema do saneamento?<\/strong><\/p>\n\n\n\n<blockquote class=\"wp-block-quote is-layout-flow wp-block-quote-is-layout-flow\"><p>Temos que distinguir entre a zona de Costa, que xa ten saneamento e que agora mesmo hai unha empresa estudando soluci\u00f3ns para melloralo, e a zona de interior, na que imos comezar a facer un rexistro de fosas para dar unha soluci\u00f3n ao que \u00e9 a recollida de fosas como servizo municipal. Estamos tam\u00e9n \u00e1 procura de buscar colaboraci\u00f3ns institucionais para unha proba piloto de depuraci\u00f3n con plantas macrofitas, que xa vimos noutras zonas, e que me pareceu que funciona moi ben. Pronto daremos tam\u00e9n unha pequena axuda \u00e1s distintas tra\u00eddas de augas<\/p><\/blockquote>\n\n\n\n<p><strong>E o mosteiro que, cando se vai solucionar ese tema Cristina?<\/strong><\/p>\n\n\n\n<blockquote class=\"wp-block-quote is-layout-flow wp-block-quote-is-layout-flow\"><p>Teremos que aprobar unha modificaci\u00f3n das normas subsidiarias e a propiedade estaba adapt\u00e1ndoas \u00e1 nova normativa. Pronto nos sentaremos coa propiedade para seguir avanzando na soluci\u00f3n necesaria<\/p><\/blockquote>\n\n\n\n<p><strong>Os terreos do antigo camping de Pedra Rubia xa os comprastes?<\/strong><\/p>\n\n\n\n<blockquote class=\"wp-block-quote is-layout-flow wp-block-quote-is-layout-flow\"><p>Si<\/p><\/blockquote>\n\n\n\n<p><strong>Que ides facer al\u00ed?<\/strong><\/p>\n\n\n\n<blockquote class=\"wp-block-quote is-layout-flow wp-block-quote-is-layout-flow\"><p>A nosa idea \u00e9 rehabilitalo como camping e darlle unha finalidade de lecer. Recuperar a piscina con auga salgada, as salinas..En definitiva contar cun novo espazo para a promoci\u00f3n tur\u00edstica<\/p><\/blockquote>\n\n\n\n<p><strong>No Baixo Mi\u00f1o hai unha importante plataforma en defensa da sanidade p\u00fablica. Como est\u00e1 a situaci\u00f3n sanitaria no teu concello?<\/strong><\/p>\n\n\n\n<blockquote class=\"wp-block-quote is-layout-flow wp-block-quote-is-layout-flow\"><p>Agora mesmo a nosa pediatra, que \u00e9 compartida co concello de O Rosal, est\u00e1 de baixa, co que as nenas e nenos te\u00f1en que ser atendidos na Guarda. Como consecuencia da Pandemia tam\u00e9n temos queixas pola atenci\u00f3n telef\u00f3nica. Os m\u00e9dicos e enfermeiros est\u00e1n en li\u00f1as xerais moi cansados. N\u00f3s trasladamos ao SERGAS as queixas que nos chegan da veci\u00f1anza<\/p><\/blockquote>\n\n\n\n<p><strong>Rematamos Cristina, segues animada e ilusionada?<\/strong><\/p>\n\n\n\n<blockquote class=\"wp-block-quote is-layout-flow wp-block-quote-is-layout-flow\"><p>Si rotundamente si, con moitos proxectos na cabeza para mellorar Oia<\/p><\/blockquote>\n\n\n\n<p><strong>Por exemplo?<\/strong><\/p>\n\n\n\n<blockquote class=\"wp-block-quote is-layout-flow wp-block-quote-is-layout-flow\"><p>O camping que antes che comentaba, a recuperaci\u00f3n da nosa igrexa, tratar de solucionar o problema de conxesti\u00f3n de tr\u00e1fico que se produce na zona do mosteiro&#8230;<\/p><\/blockquote>\n","protected":false},"excerpt":{"rendered":"<div class=\"mh-excerpt\"><p>Un ano m\u00e1is acheg\u00e1monos ata o concello de Oia a conversar con Cristina , a s\u00faa alcaldesa, para co\u00f1ecer como van as cousas neste fermoso curruncho do Baixo Mi\u00f1o <a class=\"mh-excerpt-more\" href=\"https:\/\/www.anovapeneira.gal\/index.php\/2020\/08\/26\/cristina-correa-alcaldesa-de-oia-08-2020\/\" title=\"Cristina Correa. Alcaldesa de Oia\">[&#8230;]<\/a><\/p>\n<\/div>","protected":false},"author":2,"featured_media":948,"comment_status":"open","ping_status":"open","sticky":false,"template":"","format":"standard","meta":{"_exactmetrics_skip_tracking":false,"_exactmetrics_sitenote_active":false,"_exactmetrics_sitenote_note":"","_exactmetrics_sitenote_category":0,"footnotes":""},"categories":[271],"tags":[456],"class_list":{"0":"post-3784","1":"post","2":"type-post","3":"status-publish","4":"format-standard","5":"has-post-thumbnail","7":"category-val-minor-entrevistas","8":"tag-concello-de-oia"},"yoast_head":"<!-- This site is optimized with the Yoast SEO plugin v27.4 - https:\/\/yoast.com\/product\/yoast-seo-wordpress\/ -->\n<title>Cristina Correa. Alcaldesa de Oia -<\/title>\n<meta name=\"description\" content=\"Cristina Correa. Alcaldesa de Oia. a nosa reincorporaci\u00f3n \u00e1 mancomunidade ser\u00e1 cando o equipo de goberno o estime oportuno\" \/>\n<meta name=\"robots\" content=\"index, follow, max-snippet:-1, max-image-preview:large, max-video-preview:-1\" \/>\n<link rel=\"canonical\" href=\"https:\/\/www.anovapeneira.gal\/index.php\/2020\/08\/26\/cristina-correa-alcaldesa-de-oia-08-2020\/\" \/>\n<meta property=\"og:locale\" content=\"gl_ES\" \/>\n<meta property=\"og:type\" content=\"article\" \/>\n<meta property=\"og:title\" content=\"Cristina Correa. Alcaldesa de Oia -\" \/>\n<meta property=\"og:description\" content=\"Cristina Correa. Alcaldesa de Oia. a nosa reincorporaci\u00f3n \u00e1 mancomunidade ser\u00e1 cando o equipo de goberno o estime oportuno\" \/>\n<meta property=\"og:url\" content=\"https:\/\/www.anovapeneira.gal\/index.php\/2020\/08\/26\/cristina-correa-alcaldesa-de-oia-08-2020\/\" \/>\n<meta property=\"article:publisher\" content=\"https:\/\/www.facebook.com\/anovapeneira\" \/>\n<meta property=\"article:published_time\" content=\"2020-08-26T10:00:55+00:00\" \/>\n<meta property=\"og:image\" content=\"https:\/\/www.anovapeneira.gal\/wp-content\/uploads\/2019\/08\/CRISTINA_CORREA_ALCALDESA_DE_OIA_a_nova_peneira.jpg\" \/>\n\t<meta property=\"og:image:width\" content=\"720\" \/>\n\t<meta property=\"og:image:height\" content=\"473\" \/>\n\t<meta property=\"og:image:type\" content=\"image\/jpeg\" \/>\n<meta name=\"author\" content=\"Tino Lago\" \/>\n<meta name=\"twitter:card\" content=\"summary_large_image\" \/>\n<meta name=\"twitter:creator\" content=\"@APeneira\" \/>\n<meta name=\"twitter:site\" content=\"@APeneira\" \/>\n<meta name=\"twitter:label1\" content=\"Escrito por\" \/>\n\t<meta name=\"twitter:data1\" content=\"Tino Lago\" \/>\n\t<meta name=\"twitter:label2\" content=\"Tempo de lectura\" \/>\n\t<meta name=\"twitter:data2\" content=\"5 minutos\" \/>\n<script type=\"application\/ld+json\" class=\"yoast-schema-graph\">{\"@context\":\"https:\\\/\\\/schema.org\",\"@graph\":[{\"@type\":\"Article\",\"@id\":\"https:\\\/\\\/www.anovapeneira.gal\\\/index.php\\\/2020\\\/08\\\/26\\\/cristina-correa-alcaldesa-de-oia-08-2020\\\/#article\",\"isPartOf\":{\"@id\":\"https:\\\/\\\/www.anovapeneira.gal\\\/index.php\\\/2020\\\/08\\\/26\\\/cristina-correa-alcaldesa-de-oia-08-2020\\\/\"},\"author\":{\"name\":\"Tino Lago\",\"@id\":\"https:\\\/\\\/www.anovapeneira.gal\\\/#\\\/schema\\\/person\\\/424dfe65e3070fd8a44d22d2c088762a\"},\"headline\":\"Cristina Correa. Alcaldesa de Oia\",\"datePublished\":\"2020-08-26T10:00:55+00:00\",\"mainEntityOfPage\":{\"@id\":\"https:\\\/\\\/www.anovapeneira.gal\\\/index.php\\\/2020\\\/08\\\/26\\\/cristina-correa-alcaldesa-de-oia-08-2020\\\/\"},\"wordCount\":978,\"commentCount\":0,\"publisher\":{\"@id\":\"https:\\\/\\\/www.anovapeneira.gal\\\/#organization\"},\"image\":{\"@id\":\"https:\\\/\\\/www.anovapeneira.gal\\\/index.php\\\/2020\\\/08\\\/26\\\/cristina-correa-alcaldesa-de-oia-08-2020\\\/#primaryimage\"},\"thumbnailUrl\":\"https:\\\/\\\/www.anovapeneira.gal\\\/wp-content\\\/uploads\\\/2019\\\/08\\\/CRISTINA_CORREA_ALCALDESA_DE_OIA_a_nova_peneira.jpg\",\"keywords\":[\"Concello de Oia\"],\"articleSection\":[\"Val Mi\u00f1or\"],\"inLanguage\":\"gl-ES\",\"potentialAction\":[{\"@type\":\"CommentAction\",\"name\":\"Comment\",\"target\":[\"https:\\\/\\\/www.anovapeneira.gal\\\/index.php\\\/2020\\\/08\\\/26\\\/cristina-correa-alcaldesa-de-oia-08-2020\\\/#respond\"]}]},{\"@type\":\"WebPage\",\"@id\":\"https:\\\/\\\/www.anovapeneira.gal\\\/index.php\\\/2020\\\/08\\\/26\\\/cristina-correa-alcaldesa-de-oia-08-2020\\\/\",\"url\":\"https:\\\/\\\/www.anovapeneira.gal\\\/index.php\\\/2020\\\/08\\\/26\\\/cristina-correa-alcaldesa-de-oia-08-2020\\\/\",\"name\":\"Cristina Correa. Alcaldesa de Oia -\",\"isPartOf\":{\"@id\":\"https:\\\/\\\/www.anovapeneira.gal\\\/#website\"},\"primaryImageOfPage\":{\"@id\":\"https:\\\/\\\/www.anovapeneira.gal\\\/index.php\\\/2020\\\/08\\\/26\\\/cristina-correa-alcaldesa-de-oia-08-2020\\\/#primaryimage\"},\"image\":{\"@id\":\"https:\\\/\\\/www.anovapeneira.gal\\\/index.php\\\/2020\\\/08\\\/26\\\/cristina-correa-alcaldesa-de-oia-08-2020\\\/#primaryimage\"},\"thumbnailUrl\":\"https:\\\/\\\/www.anovapeneira.gal\\\/wp-content\\\/uploads\\\/2019\\\/08\\\/CRISTINA_CORREA_ALCALDESA_DE_OIA_a_nova_peneira.jpg\",\"datePublished\":\"2020-08-26T10:00:55+00:00\",\"description\":\"Cristina Correa. Alcaldesa de Oia. a nosa reincorporaci\u00f3n \u00e1 mancomunidade ser\u00e1 cando o equipo de goberno o estime oportuno\",\"breadcrumb\":{\"@id\":\"https:\\\/\\\/www.anovapeneira.gal\\\/index.php\\\/2020\\\/08\\\/26\\\/cristina-correa-alcaldesa-de-oia-08-2020\\\/#breadcrumb\"},\"inLanguage\":\"gl-ES\",\"potentialAction\":[{\"@type\":\"ReadAction\",\"target\":[\"https:\\\/\\\/www.anovapeneira.gal\\\/index.php\\\/2020\\\/08\\\/26\\\/cristina-correa-alcaldesa-de-oia-08-2020\\\/\"]}]},{\"@type\":\"ImageObject\",\"inLanguage\":\"gl-ES\",\"@id\":\"https:\\\/\\\/www.anovapeneira.gal\\\/index.php\\\/2020\\\/08\\\/26\\\/cristina-correa-alcaldesa-de-oia-08-2020\\\/#primaryimage\",\"url\":\"https:\\\/\\\/www.anovapeneira.gal\\\/wp-content\\\/uploads\\\/2019\\\/08\\\/CRISTINA_CORREA_ALCALDESA_DE_OIA_a_nova_peneira.jpg\",\"contentUrl\":\"https:\\\/\\\/www.anovapeneira.gal\\\/wp-content\\\/uploads\\\/2019\\\/08\\\/CRISTINA_CORREA_ALCALDESA_DE_OIA_a_nova_peneira.jpg\",\"width\":720,\"height\":473,\"caption\":\"Cristina Correa Alcaldesa Concello de Oia A Nova Peneira\"},{\"@type\":\"BreadcrumbList\",\"@id\":\"https:\\\/\\\/www.anovapeneira.gal\\\/index.php\\\/2020\\\/08\\\/26\\\/cristina-correa-alcaldesa-de-oia-08-2020\\\/#breadcrumb\",\"itemListElement\":[{\"@type\":\"ListItem\",\"position\":1,\"name\":\"Portada\",\"item\":\"https:\\\/\\\/www.anovapeneira.gal\\\/\"},{\"@type\":\"ListItem\",\"position\":2,\"name\":\"Cristina Correa. Alcaldesa de Oia\"}]},{\"@type\":\"WebSite\",\"@id\":\"https:\\\/\\\/www.anovapeneira.gal\\\/#website\",\"url\":\"https:\\\/\\\/www.anovapeneira.gal\\\/\",\"name\":\"\",\"description\":\"Xornal galego de informaci\u00f3n xeral Publicaci\u00f3n mensual de novas de Galicia e en especial dos Concellos da sur da provincia de Pontevedra.\",\"publisher\":{\"@id\":\"https:\\\/\\\/www.anovapeneira.gal\\\/#organization\"},\"potentialAction\":[{\"@type\":\"SearchAction\",\"target\":{\"@type\":\"EntryPoint\",\"urlTemplate\":\"https:\\\/\\\/www.anovapeneira.gal\\\/?s={search_term_string}\"},\"query-input\":{\"@type\":\"PropertyValueSpecification\",\"valueRequired\":true,\"valueName\":\"search_term_string\"}}],\"inLanguage\":\"gl-ES\"},{\"@type\":\"Organization\",\"@id\":\"https:\\\/\\\/www.anovapeneira.gal\\\/#organization\",\"name\":\"A Nova Peneira\",\"url\":\"https:\\\/\\\/www.anovapeneira.gal\\\/\",\"logo\":{\"@type\":\"ImageObject\",\"inLanguage\":\"gl-ES\",\"@id\":\"https:\\\/\\\/www.anovapeneira.gal\\\/#\\\/schema\\\/logo\\\/image\\\/\",\"url\":\"http:\\\/\\\/www.anovapeneira.gal\\\/wp-content\\\/uploads\\\/2019\\\/06\\\/logo_a_nova_peneira_portal_web.png\",\"contentUrl\":\"http:\\\/\\\/www.anovapeneira.gal\\\/wp-content\\\/uploads\\\/2019\\\/06\\\/logo_a_nova_peneira_portal_web.png\",\"width\":300,\"height\":100,\"caption\":\"A Nova Peneira\"},\"image\":{\"@id\":\"https:\\\/\\\/www.anovapeneira.gal\\\/#\\\/schema\\\/logo\\\/image\\\/\"},\"sameAs\":[\"https:\\\/\\\/www.facebook.com\\\/anovapeneira\",\"https:\\\/\\\/x.com\\\/APeneira\"]},{\"@type\":\"Person\",\"@id\":\"https:\\\/\\\/www.anovapeneira.gal\\\/#\\\/schema\\\/person\\\/424dfe65e3070fd8a44d22d2c088762a\",\"name\":\"Tino Lago\",\"image\":{\"@type\":\"ImageObject\",\"inLanguage\":\"gl-ES\",\"@id\":\"https:\\\/\\\/secure.gravatar.com\\\/avatar\\\/b3df6a06e44bab3111583b90f0f33a0379ee5e3d22cbadd232d39f21c30c62be?s=96&d=mm&r=g\",\"url\":\"https:\\\/\\\/secure.gravatar.com\\\/avatar\\\/b3df6a06e44bab3111583b90f0f33a0379ee5e3d22cbadd232d39f21c30c62be?s=96&d=mm&r=g\",\"contentUrl\":\"https:\\\/\\\/secure.gravatar.com\\\/avatar\\\/b3df6a06e44bab3111583b90f0f33a0379ee5e3d22cbadd232d39f21c30c62be?s=96&d=mm&r=g\",\"caption\":\"Tino Lago\"},\"sameAs\":[\"http:\\\/\\\/www.anovapeneira.gal\"],\"url\":\"https:\\\/\\\/www.anovapeneira.gal\\\/index.php\\\/author\\\/director\\\/\"}]}<\/script>\n<!-- \/ Yoast SEO plugin. -->","yoast_head_json":{"title":"Cristina Correa. Alcaldesa de Oia -","description":"Cristina Correa. Alcaldesa de Oia. a nosa reincorporaci\u00f3n \u00e1 mancomunidade ser\u00e1 cando o equipo de goberno o estime oportuno","robots":{"index":"index","follow":"follow","max-snippet":"max-snippet:-1","max-image-preview":"max-image-preview:large","max-video-preview":"max-video-preview:-1"},"canonical":"https:\/\/www.anovapeneira.gal\/index.php\/2020\/08\/26\/cristina-correa-alcaldesa-de-oia-08-2020\/","og_locale":"gl_ES","og_type":"article","og_title":"Cristina Correa. Alcaldesa de Oia -","og_description":"Cristina Correa. Alcaldesa de Oia. a nosa reincorporaci\u00f3n \u00e1 mancomunidade ser\u00e1 cando o equipo de goberno o estime oportuno","og_url":"https:\/\/www.anovapeneira.gal\/index.php\/2020\/08\/26\/cristina-correa-alcaldesa-de-oia-08-2020\/","article_publisher":"https:\/\/www.facebook.com\/anovapeneira","article_published_time":"2020-08-26T10:00:55+00:00","og_image":[{"width":720,"height":473,"url":"https:\/\/www.anovapeneira.gal\/wp-content\/uploads\/2019\/08\/CRISTINA_CORREA_ALCALDESA_DE_OIA_a_nova_peneira.jpg","type":"image\/jpeg"}],"author":"Tino Lago","twitter_card":"summary_large_image","twitter_creator":"@APeneira","twitter_site":"@APeneira","twitter_misc":{"Escrito por":"Tino Lago","Tempo de lectura":"5 minutos"},"schema":{"@context":"https:\/\/schema.org","@graph":[{"@type":"Article","@id":"https:\/\/www.anovapeneira.gal\/index.php\/2020\/08\/26\/cristina-correa-alcaldesa-de-oia-08-2020\/#article","isPartOf":{"@id":"https:\/\/www.anovapeneira.gal\/index.php\/2020\/08\/26\/cristina-correa-alcaldesa-de-oia-08-2020\/"},"author":{"name":"Tino Lago","@id":"https:\/\/www.anovapeneira.gal\/#\/schema\/person\/424dfe65e3070fd8a44d22d2c088762a"},"headline":"Cristina Correa. Alcaldesa de Oia","datePublished":"2020-08-26T10:00:55+00:00","mainEntityOfPage":{"@id":"https:\/\/www.anovapeneira.gal\/index.php\/2020\/08\/26\/cristina-correa-alcaldesa-de-oia-08-2020\/"},"wordCount":978,"commentCount":0,"publisher":{"@id":"https:\/\/www.anovapeneira.gal\/#organization"},"image":{"@id":"https:\/\/www.anovapeneira.gal\/index.php\/2020\/08\/26\/cristina-correa-alcaldesa-de-oia-08-2020\/#primaryimage"},"thumbnailUrl":"https:\/\/www.anovapeneira.gal\/wp-content\/uploads\/2019\/08\/CRISTINA_CORREA_ALCALDESA_DE_OIA_a_nova_peneira.jpg","keywords":["Concello de Oia"],"articleSection":["Val Mi\u00f1or"],"inLanguage":"gl-ES","potentialAction":[{"@type":"CommentAction","name":"Comment","target":["https:\/\/www.anovapeneira.gal\/index.php\/2020\/08\/26\/cristina-correa-alcaldesa-de-oia-08-2020\/#respond"]}]},{"@type":"WebPage","@id":"https:\/\/www.anovapeneira.gal\/index.php\/2020\/08\/26\/cristina-correa-alcaldesa-de-oia-08-2020\/","url":"https:\/\/www.anovapeneira.gal\/index.php\/2020\/08\/26\/cristina-correa-alcaldesa-de-oia-08-2020\/","name":"Cristina Correa. Alcaldesa de Oia -","isPartOf":{"@id":"https:\/\/www.anovapeneira.gal\/#website"},"primaryImageOfPage":{"@id":"https:\/\/www.anovapeneira.gal\/index.php\/2020\/08\/26\/cristina-correa-alcaldesa-de-oia-08-2020\/#primaryimage"},"image":{"@id":"https:\/\/www.anovapeneira.gal\/index.php\/2020\/08\/26\/cristina-correa-alcaldesa-de-oia-08-2020\/#primaryimage"},"thumbnailUrl":"https:\/\/www.anovapeneira.gal\/wp-content\/uploads\/2019\/08\/CRISTINA_CORREA_ALCALDESA_DE_OIA_a_nova_peneira.jpg","datePublished":"2020-08-26T10:00:55+00:00","description":"Cristina Correa. Alcaldesa de Oia. a nosa reincorporaci\u00f3n \u00e1 mancomunidade ser\u00e1 cando o equipo de goberno o estime oportuno","breadcrumb":{"@id":"https:\/\/www.anovapeneira.gal\/index.php\/2020\/08\/26\/cristina-correa-alcaldesa-de-oia-08-2020\/#breadcrumb"},"inLanguage":"gl-ES","potentialAction":[{"@type":"ReadAction","target":["https:\/\/www.anovapeneira.gal\/index.php\/2020\/08\/26\/cristina-correa-alcaldesa-de-oia-08-2020\/"]}]},{"@type":"ImageObject","inLanguage":"gl-ES","@id":"https:\/\/www.anovapeneira.gal\/index.php\/2020\/08\/26\/cristina-correa-alcaldesa-de-oia-08-2020\/#primaryimage","url":"https:\/\/www.anovapeneira.gal\/wp-content\/uploads\/2019\/08\/CRISTINA_CORREA_ALCALDESA_DE_OIA_a_nova_peneira.jpg","contentUrl":"https:\/\/www.anovapeneira.gal\/wp-content\/uploads\/2019\/08\/CRISTINA_CORREA_ALCALDESA_DE_OIA_a_nova_peneira.jpg","width":720,"height":473,"caption":"Cristina Correa Alcaldesa Concello de Oia A Nova Peneira"},{"@type":"BreadcrumbList","@id":"https:\/\/www.anovapeneira.gal\/index.php\/2020\/08\/26\/cristina-correa-alcaldesa-de-oia-08-2020\/#breadcrumb","itemListElement":[{"@type":"ListItem","position":1,"name":"Portada","item":"https:\/\/www.anovapeneira.gal\/"},{"@type":"ListItem","position":2,"name":"Cristina Correa. Alcaldesa de Oia"}]},{"@type":"WebSite","@id":"https:\/\/www.anovapeneira.gal\/#website","url":"https:\/\/www.anovapeneira.gal\/","name":"","description":"Xornal galego de informaci\u00f3n xeral Publicaci\u00f3n mensual de novas de Galicia e en especial dos Concellos da sur da provincia de Pontevedra.","publisher":{"@id":"https:\/\/www.anovapeneira.gal\/#organization"},"potentialAction":[{"@type":"SearchAction","target":{"@type":"EntryPoint","urlTemplate":"https:\/\/www.anovapeneira.gal\/?s={search_term_string}"},"query-input":{"@type":"PropertyValueSpecification","valueRequired":true,"valueName":"search_term_string"}}],"inLanguage":"gl-ES"},{"@type":"Organization","@id":"https:\/\/www.anovapeneira.gal\/#organization","name":"A Nova Peneira","url":"https:\/\/www.anovapeneira.gal\/","logo":{"@type":"ImageObject","inLanguage":"gl-ES","@id":"https:\/\/www.anovapeneira.gal\/#\/schema\/logo\/image\/","url":"http:\/\/www.anovapeneira.gal\/wp-content\/uploads\/2019\/06\/logo_a_nova_peneira_portal_web.png","contentUrl":"http:\/\/www.anovapeneira.gal\/wp-content\/uploads\/2019\/06\/logo_a_nova_peneira_portal_web.png","width":300,"height":100,"caption":"A Nova Peneira"},"image":{"@id":"https:\/\/www.anovapeneira.gal\/#\/schema\/logo\/image\/"},"sameAs":["https:\/\/www.facebook.com\/anovapeneira","https:\/\/x.com\/APeneira"]},{"@type":"Person","@id":"https:\/\/www.anovapeneira.gal\/#\/schema\/person\/424dfe65e3070fd8a44d22d2c088762a","name":"Tino Lago","image":{"@type":"ImageObject","inLanguage":"gl-ES","@id":"https:\/\/secure.gravatar.com\/avatar\/b3df6a06e44bab3111583b90f0f33a0379ee5e3d22cbadd232d39f21c30c62be?s=96&d=mm&r=g","url":"https:\/\/secure.gravatar.com\/avatar\/b3df6a06e44bab3111583b90f0f33a0379ee5e3d22cbadd232d39f21c30c62be?s=96&d=mm&r=g","contentUrl":"https:\/\/secure.gravatar.com\/avatar\/b3df6a06e44bab3111583b90f0f33a0379ee5e3d22cbadd232d39f21c30c62be?s=96&d=mm&r=g","caption":"Tino Lago"},"sameAs":["http:\/\/www.anovapeneira.gal"],"url":"https:\/\/www.anovapeneira.gal\/index.php\/author\/director\/"}]}},"jetpack_featured_media_url":"https:\/\/www.anovapeneira.gal\/wp-content\/uploads\/2019\/08\/CRISTINA_CORREA_ALCALDESA_DE_OIA_a_nova_peneira.jpg","_links":{"self":[{"href":"https:\/\/www.anovapeneira.gal\/index.php\/wp-json\/wp\/v2\/posts\/3784","targetHints":{"allow":["GET"]}}],"collection":[{"href":"https:\/\/www.anovapeneira.gal\/index.php\/wp-json\/wp\/v2\/posts"}],"about":[{"href":"https:\/\/www.anovapeneira.gal\/index.php\/wp-json\/wp\/v2\/types\/post"}],"author":[{"embeddable":true,"href":"https:\/\/www.anovapeneira.gal\/index.php\/wp-json\/wp\/v2\/users\/2"}],"replies":[{"embeddable":true,"href":"https:\/\/www.anovapeneira.gal\/index.php\/wp-json\/wp\/v2\/comments?post=3784"}],"version-history":[{"count":2,"href":"https:\/\/www.anovapeneira.gal\/index.php\/wp-json\/wp\/v2\/posts\/3784\/revisions"}],"predecessor-version":[{"id":3786,"href":"https:\/\/www.anovapeneira.gal\/index.php\/wp-json\/wp\/v2\/posts\/3784\/revisions\/3786"}],"wp:featuredmedia":[{"embeddable":true,"href":"https:\/\/www.anovapeneira.gal\/index.php\/wp-json\/wp\/v2\/media\/948"}],"wp:attachment":[{"href":"https:\/\/www.anovapeneira.gal\/index.php\/wp-json\/wp\/v2\/media?parent=3784"}],"wp:term":[{"taxonomy":"category","embeddable":true,"href":"https:\/\/www.anovapeneira.gal\/index.php\/wp-json\/wp\/v2\/categories?post=3784"},{"taxonomy":"post_tag","embeddable":true,"href":"https:\/\/www.anovapeneira.gal\/index.php\/wp-json\/wp\/v2\/tags?post=3784"}],"curies":[{"name":"wp","href":"https:\/\/api.w.org\/{rel}","templated":true}]}}