{"id":3787,"date":"2020-08-27T10:00:20","date_gmt":"2020-08-27T08:00:20","guid":{"rendered":"http:\/\/www.anovapeneira.gal\/?p=3787"},"modified":"2020-08-21T12:26:15","modified_gmt":"2020-08-21T10:26:15","slug":"todo-pasa-e-nada-queda-no-porrino","status":"publish","type":"post","link":"https:\/\/www.anovapeneira.gal\/index.php\/2020\/08\/27\/todo-pasa-e-nada-queda-no-porrino\/","title":{"rendered":"Todo pasa e nada queda no Porri\u00f1o"},"content":{"rendered":"\n<figure class=\"wp-block-image size-large is-resized is-style-default\"><img loading=\"lazy\" decoding=\"async\" src=\"http:\/\/www.anovapeneira.gal\/wp-content\/uploads\/2020\/08\/pedro_o_campo_a_nova_peneira.jpg\" alt=\"Pedro Ocampo\" class=\"wp-image-3789\" width=\"95\" height=\"115\"\/><figcaption>Pedro Ocampo<\/figcaption><\/figure>\n\n\n\n<blockquote class=\"wp-block-quote is-layout-flow wp-block-quote-is-layout-flow\"><p>\u201c<em>Todo pasa y todo queda,&nbsp;<\/em><\/p><p><em>pero lo nuestro es pasar\u201d<\/em><\/p><cite>Antonio Machado<\/cite><\/blockquote>\n\n\n\n<p>O Porri\u00f1o sempre percibiuse coma unha vila de paso; coma un cruce de cami\u00f1os ou un lugar no que poder\u00edas pararte un rato e mercar unha bola de pan para continuar o cami\u00f1o. A xente co\u00f1ece ou lle soa o nome curioso do Porri\u00f1o e \u00e9 f\u00e1cil que pronto se lle asocie ao granito rosa, ao pan, a Antonio Palacios, ao matadoiro, a unha parada no Cami\u00f1o Portugu\u00e9s, \u00e1s G\u00e1ndaras e ao Faro de Budi\u00f1o, ou ao lindano ultimamente, por exemplo. Ademais tam\u00e9n \u00e9 doado que o saiban situar no tr\u00e1nsito cara a Vigo ou Portugal.&nbsp;<\/p>\n\n\n\n<p>Sen embargo, este feito conv\u00e9rtese en fatal cando tam\u00e9n \u00e9 percibido ou vivido as\u00ed polas propias veci\u00f1as e veci\u00f1os do Porri\u00f1o; e deriva en tr\u00e1xico cando \u00e9 forma de facer pol\u00edtica e gobernar en todo o que levamos de democracia. O&nbsp;<em>des-coido<\/em>de un \u00e9 o proveito doutro:<\/p>\n\n\n\n<p>No Porri\u00f1o explotouse unha riqueza natural coma as canteiras para enriquecemento das empresas e prexu\u00edzo para a veci\u00f1anza que sufr\u00eda tremores, contaminaci\u00f3n ambiental e ac\u00fastica, deterioro da paisaxe e miraba como nada repercut\u00eda en positivo a cambio.&nbsp;<\/p>\n\n\n\n<p>No Porri\u00f1o a empresa Zeltia contaminou de lindano as terras en Torneiros e esta contaminaci\u00f3n estendeuse por toda a vila e a veci\u00f1a Mos. O caso volveu despois das obras en contrasto e ocupou noticias en todos os medios.parec\u00eda que \u00eda ser diferente, pero pese ao traballo do noso grupo en todas as instituci\u00f3ns, inclu\u00edda Europa, a veci\u00f1anza volve aceptar coma espectadores algo que xa estaba a\u00ed.&nbsp;<\/p>\n\n\n\n<p>As G\u00e1ndaras de Budi\u00f1o son unha das reservas naturais m\u00e1is importantes de Espa\u00f1a, forman parte da Rede Natura, un valor ecol\u00f3xico e incluso econ\u00f3mico para O Porri\u00f1o; sen embargo, tratouse coma unha molestia para o paso do tempo, para o o irremediable; hab\u00eda que deixalas morrer.<\/p>\n\n\n\n<p>O urbanismo seguiu a senda do caos, o crecemento sen gu\u00eda, sen idea de que tipo de urbanismo quer\u00edamos.&nbsp;<\/p>\n\n\n\n<p>A industria se instala, ocupa, se lle favorece, mentres e o comercio local e o campo e as parroquias esmorecen.<\/p>\n\n\n\n<p>A parroquia de Torneiros s\u00f3 acumula xente e problemas; nin vida econ\u00f3mica, nin social, nin cultural ou tan siquera un servizos dignos para unha poboaci\u00f3n de clase media-baixa.<\/p>\n\n\n\n<p>Inst\u00e1lase o escurantismo e clientelismo na contrataci\u00f3n; a falta de transparencia e participaci\u00f3n na toma de decisi\u00f3ns clave.<\/p>\n\n\n\n<p>Quen vai \u201cpasando\u201d polos diferentes gobernos municipais reflicten, acom\u00f3danse e perpet\u00faan esa \u201cfatalidade\u201d; porque \u00e9 unha fatalidade, porque ao final si que vivimos, crecemos, estudiamos, traballamos, temos familia, fillos e fillas, facemos cultura e a necesitamos, ao igual que o aire, a paisaxe, a vida social, a seguridade de pasear por r\u00faas para as persoas; porque ao final si que padecemos as crises no Porri\u00f1o, padecemos as doenzas, os cheiros, a contaminaci\u00f3n, a falta de espazos para compartir, para vivir en com\u00fan, para sentirnos ben, e non s\u00f3 \u201cpasar o tempo\u201d.<\/p>\n\n\n\n<p>Non hai cabeza, planificaci\u00f3n, proxecto, nin sequera unha idea. S\u00f3 reaccionamos e sempre coma espectadoras, coma tertualianas de caf\u00e9\/bar\/terraza. E que ben agora as redes para desfogarse e dar un pouco a lata.<\/p>\n\n\n\n<p>A Alcaldesa que temos chegou de f\u00f3ra e parec\u00eda unha oportunidade, pois ademais \u00e9 muller. Eu mesmo saudei este feito na primeira investidura, a\u00ednda sendo do PSOE e gobenando con UDDL. Sen embargo, pronto divisou O Porri\u00f1o como algo de paso, sen empat\u00eda, sen crer nun proxecto, sen amabilidade. Tomou primeiro o PSOE e acabou co mellor ou m\u00e1is \u00e1 esquerda que hab\u00eda nel; no Goberno acabou con calquera esperanza de cambio.&nbsp;<\/p>\n\n\n\n<p>O BNG de Pedro Pereira m\u00edrase nunha encrucillada: pode ser Alcalde, a\u00ednda que accidentalmente, pero Alcalde. Hai que tapar o nariz, deixar de \u201cmirar\u201d e correr cara a diante para que non pille o pasado e non salpique a roda con tanto barro.&nbsp;<\/p>\n\n\n\n<p>O PP cre, coma sempre fai a dereita, que o pode \u00e9 seu, por dereito real, e quen estea a\u00ed \u00e9 usurpador, o resto complices.&nbsp;<\/p>\n\n\n\n<p>M\u00e1goa de alternativas, n\u00f3s propusemos unha, f\u00f3ra a Alcaldesa, goberno a tres e cambio radical das maneiras e formas de facer pol\u00edtica.<\/p>\n\n\n\n<p>Mentres non te\u00f1amos algu\u00e9n que crea no Porri\u00f1o, que cultive esa crenza coma un proxecto; mentres non sexa as\u00ed sentir\u00e9monos forasteiras na nosa vila e nunca ser\u00e1 o lugar para \u201cvivir\u201d.&nbsp;<\/p>\n\n\n\n<p>A Alcaldesa non \u00e9 que sexa \u201cestra\u00f1a\u201d ao Porri\u00f1o, a Alcaldesa reflicte o que somos coma Porri\u00f1o. Non est\u00e1 escrito que te\u00f1a que ser sempre as\u00ed, pero empe\u00f1\u00e1monos en convertelo en verdade inexorable.&nbsp;<\/p>\n\n\n\n<p>Comecei citando ao mestre Antonio Machado e vou rematar parafraseando os seus versos dende o sentido existencial ao pol\u00edtico local:&nbsp;<em>Todo pasa e nada queda, pero o noso \u00e9 pasar\u2026<\/em><\/p>\n","protected":false},"excerpt":{"rendered":"<div class=\"mh-excerpt\"><p>O Porri\u00f1o sempre percibiuse coma unha vila de paso; coma un cruce de cami\u00f1os ou un lugar no que poder\u00edas pararte un rato e mercar unha bola de pan para continuar o cami\u00f1o <a class=\"mh-excerpt-more\" href=\"https:\/\/www.anovapeneira.gal\/index.php\/2020\/08\/27\/todo-pasa-e-nada-queda-no-porrino\/\" title=\"Todo pasa e nada queda no Porri\u00f1o\">[&#8230;]<\/a><\/p>\n<\/div>","protected":false},"author":31,"featured_media":584,"comment_status":"open","ping_status":"open","sticky":false,"template":"","format":"standard","meta":{"_exactmetrics_skip_tracking":false,"_exactmetrics_sitenote_active":false,"_exactmetrics_sitenote_note":"","_exactmetrics_sitenote_category":0,"footnotes":""},"categories":[7],"tags":[701],"class_list":{"0":"post-3787","1":"post","2":"type-post","3":"status-publish","4":"format-standard","5":"has-post-thumbnail","7":"category-artigos-de-opinion","8":"tag-concello-o-porrino"},"yoast_head":"<!-- This site is optimized with the Yoast SEO plugin v27.5 - https:\/\/yoast.com\/product\/yoast-seo-wordpress\/ -->\n<title>Todo pasa e nada queda no Porri\u00f1o -<\/title>\n<meta name=\"robots\" content=\"index, follow, max-snippet:-1, max-image-preview:large, max-video-preview:-1\" \/>\n<link rel=\"canonical\" href=\"https:\/\/www.anovapeneira.gal\/index.php\/2020\/08\/27\/todo-pasa-e-nada-queda-no-porrino\/\" \/>\n<meta property=\"og:locale\" content=\"gl_ES\" \/>\n<meta property=\"og:type\" content=\"article\" \/>\n<meta property=\"og:title\" content=\"Todo pasa e nada queda no Porri\u00f1o -\" \/>\n<meta property=\"og:description\" content=\"O Porri\u00f1o sempre percibiuse coma unha vila de paso; coma un cruce de cami\u00f1os ou un lugar no que poder\u00edas pararte un rato e mercar unha bola de pan para continuar o cami\u00f1o [...]\" \/>\n<meta property=\"og:url\" content=\"https:\/\/www.anovapeneira.gal\/index.php\/2020\/08\/27\/todo-pasa-e-nada-queda-no-porrino\/\" \/>\n<meta property=\"article:publisher\" content=\"https:\/\/www.facebook.com\/anovapeneira\" \/>\n<meta property=\"article:published_time\" content=\"2020-08-27T08:00:20+00:00\" \/>\n<meta property=\"og:image\" content=\"https:\/\/www.anovapeneira.gal\/wp-content\/uploads\/2019\/07\/ARTIGO_DE_OPINION_A_NOVA_PENEIRA.jpg\" \/>\n\t<meta property=\"og:image:width\" content=\"720\" \/>\n\t<meta property=\"og:image:height\" content=\"473\" \/>\n\t<meta property=\"og:image:type\" content=\"image\/jpeg\" \/>\n<meta name=\"author\" content=\"Pedro Ocampo\" \/>\n<meta name=\"twitter:card\" content=\"summary_large_image\" \/>\n<meta name=\"twitter:creator\" content=\"@APeneira\" \/>\n<meta name=\"twitter:site\" content=\"@APeneira\" \/>\n<meta name=\"twitter:label1\" content=\"Escrito por\" \/>\n\t<meta name=\"twitter:data1\" content=\"Pedro Ocampo\" \/>\n\t<meta name=\"twitter:label2\" content=\"Tempo de lectura\" \/>\n\t<meta name=\"twitter:data2\" content=\"4 minutos\" \/>\n<script type=\"application\/ld+json\" class=\"yoast-schema-graph\">{\"@context\":\"https:\\\/\\\/schema.org\",\"@graph\":[{\"@type\":\"Article\",\"@id\":\"https:\\\/\\\/www.anovapeneira.gal\\\/index.php\\\/2020\\\/08\\\/27\\\/todo-pasa-e-nada-queda-no-porrino\\\/#article\",\"isPartOf\":{\"@id\":\"https:\\\/\\\/www.anovapeneira.gal\\\/index.php\\\/2020\\\/08\\\/27\\\/todo-pasa-e-nada-queda-no-porrino\\\/\"},\"author\":{\"name\":\"Pedro Ocampo\",\"@id\":\"https:\\\/\\\/www.anovapeneira.gal\\\/#\\\/schema\\\/person\\\/59f819e7b5b7225b862dd0f3acc152a6\"},\"headline\":\"Todo pasa e nada queda no Porri\u00f1o\",\"datePublished\":\"2020-08-27T08:00:20+00:00\",\"mainEntityOfPage\":{\"@id\":\"https:\\\/\\\/www.anovapeneira.gal\\\/index.php\\\/2020\\\/08\\\/27\\\/todo-pasa-e-nada-queda-no-porrino\\\/\"},\"wordCount\":863,\"commentCount\":0,\"publisher\":{\"@id\":\"https:\\\/\\\/www.anovapeneira.gal\\\/#organization\"},\"image\":{\"@id\":\"https:\\\/\\\/www.anovapeneira.gal\\\/index.php\\\/2020\\\/08\\\/27\\\/todo-pasa-e-nada-queda-no-porrino\\\/#primaryimage\"},\"thumbnailUrl\":\"https:\\\/\\\/www.anovapeneira.gal\\\/wp-content\\\/uploads\\\/2019\\\/07\\\/ARTIGO_DE_OPINION_A_NOVA_PENEIRA.jpg\",\"keywords\":[\"Concello O Porri\u00f1o\"],\"articleSection\":[\"Artigos de opini\u00f3n\"],\"inLanguage\":\"gl-ES\",\"potentialAction\":[{\"@type\":\"CommentAction\",\"name\":\"Comment\",\"target\":[\"https:\\\/\\\/www.anovapeneira.gal\\\/index.php\\\/2020\\\/08\\\/27\\\/todo-pasa-e-nada-queda-no-porrino\\\/#respond\"]}]},{\"@type\":\"WebPage\",\"@id\":\"https:\\\/\\\/www.anovapeneira.gal\\\/index.php\\\/2020\\\/08\\\/27\\\/todo-pasa-e-nada-queda-no-porrino\\\/\",\"url\":\"https:\\\/\\\/www.anovapeneira.gal\\\/index.php\\\/2020\\\/08\\\/27\\\/todo-pasa-e-nada-queda-no-porrino\\\/\",\"name\":\"Todo pasa e nada queda no Porri\u00f1o -\",\"isPartOf\":{\"@id\":\"https:\\\/\\\/www.anovapeneira.gal\\\/#website\"},\"primaryImageOfPage\":{\"@id\":\"https:\\\/\\\/www.anovapeneira.gal\\\/index.php\\\/2020\\\/08\\\/27\\\/todo-pasa-e-nada-queda-no-porrino\\\/#primaryimage\"},\"image\":{\"@id\":\"https:\\\/\\\/www.anovapeneira.gal\\\/index.php\\\/2020\\\/08\\\/27\\\/todo-pasa-e-nada-queda-no-porrino\\\/#primaryimage\"},\"thumbnailUrl\":\"https:\\\/\\\/www.anovapeneira.gal\\\/wp-content\\\/uploads\\\/2019\\\/07\\\/ARTIGO_DE_OPINION_A_NOVA_PENEIRA.jpg\",\"datePublished\":\"2020-08-27T08:00:20+00:00\",\"breadcrumb\":{\"@id\":\"https:\\\/\\\/www.anovapeneira.gal\\\/index.php\\\/2020\\\/08\\\/27\\\/todo-pasa-e-nada-queda-no-porrino\\\/#breadcrumb\"},\"inLanguage\":\"gl-ES\",\"potentialAction\":[{\"@type\":\"ReadAction\",\"target\":[\"https:\\\/\\\/www.anovapeneira.gal\\\/index.php\\\/2020\\\/08\\\/27\\\/todo-pasa-e-nada-queda-no-porrino\\\/\"]}]},{\"@type\":\"ImageObject\",\"inLanguage\":\"gl-ES\",\"@id\":\"https:\\\/\\\/www.anovapeneira.gal\\\/index.php\\\/2020\\\/08\\\/27\\\/todo-pasa-e-nada-queda-no-porrino\\\/#primaryimage\",\"url\":\"https:\\\/\\\/www.anovapeneira.gal\\\/wp-content\\\/uploads\\\/2019\\\/07\\\/ARTIGO_DE_OPINION_A_NOVA_PENEIRA.jpg\",\"contentUrl\":\"https:\\\/\\\/www.anovapeneira.gal\\\/wp-content\\\/uploads\\\/2019\\\/07\\\/ARTIGO_DE_OPINION_A_NOVA_PENEIRA.jpg\",\"width\":720,\"height\":473,\"caption\":\"Artigo de opini\u00f3n A Nova Peneira\"},{\"@type\":\"BreadcrumbList\",\"@id\":\"https:\\\/\\\/www.anovapeneira.gal\\\/index.php\\\/2020\\\/08\\\/27\\\/todo-pasa-e-nada-queda-no-porrino\\\/#breadcrumb\",\"itemListElement\":[{\"@type\":\"ListItem\",\"position\":1,\"name\":\"Portada\",\"item\":\"https:\\\/\\\/www.anovapeneira.gal\\\/\"},{\"@type\":\"ListItem\",\"position\":2,\"name\":\"Todo pasa e nada queda no Porri\u00f1o\"}]},{\"@type\":\"WebSite\",\"@id\":\"https:\\\/\\\/www.anovapeneira.gal\\\/#website\",\"url\":\"https:\\\/\\\/www.anovapeneira.gal\\\/\",\"name\":\"\",\"description\":\"Xornal galego de informaci\u00f3n xeral Publicaci\u00f3n mensual de novas de Galicia e en especial dos Concellos da sur da provincia de Pontevedra.\",\"publisher\":{\"@id\":\"https:\\\/\\\/www.anovapeneira.gal\\\/#organization\"},\"potentialAction\":[{\"@type\":\"SearchAction\",\"target\":{\"@type\":\"EntryPoint\",\"urlTemplate\":\"https:\\\/\\\/www.anovapeneira.gal\\\/?s={search_term_string}\"},\"query-input\":{\"@type\":\"PropertyValueSpecification\",\"valueRequired\":true,\"valueName\":\"search_term_string\"}}],\"inLanguage\":\"gl-ES\"},{\"@type\":\"Organization\",\"@id\":\"https:\\\/\\\/www.anovapeneira.gal\\\/#organization\",\"name\":\"A Nova Peneira\",\"url\":\"https:\\\/\\\/www.anovapeneira.gal\\\/\",\"logo\":{\"@type\":\"ImageObject\",\"inLanguage\":\"gl-ES\",\"@id\":\"https:\\\/\\\/www.anovapeneira.gal\\\/#\\\/schema\\\/logo\\\/image\\\/\",\"url\":\"http:\\\/\\\/www.anovapeneira.gal\\\/wp-content\\\/uploads\\\/2019\\\/06\\\/logo_a_nova_peneira_portal_web.png\",\"contentUrl\":\"http:\\\/\\\/www.anovapeneira.gal\\\/wp-content\\\/uploads\\\/2019\\\/06\\\/logo_a_nova_peneira_portal_web.png\",\"width\":300,\"height\":100,\"caption\":\"A Nova Peneira\"},\"image\":{\"@id\":\"https:\\\/\\\/www.anovapeneira.gal\\\/#\\\/schema\\\/logo\\\/image\\\/\"},\"sameAs\":[\"https:\\\/\\\/www.facebook.com\\\/anovapeneira\",\"https:\\\/\\\/x.com\\\/APeneira\"]},{\"@type\":\"Person\",\"@id\":\"https:\\\/\\\/www.anovapeneira.gal\\\/#\\\/schema\\\/person\\\/59f819e7b5b7225b862dd0f3acc152a6\",\"name\":\"Pedro Ocampo\",\"image\":{\"@type\":\"ImageObject\",\"inLanguage\":\"gl-ES\",\"@id\":\"https:\\\/\\\/secure.gravatar.com\\\/avatar\\\/29f5c58b71af7f5763352785b2cac8a8cff4023ebb4f501472fa996016e55107?s=96&d=mm&r=g\",\"url\":\"https:\\\/\\\/secure.gravatar.com\\\/avatar\\\/29f5c58b71af7f5763352785b2cac8a8cff4023ebb4f501472fa996016e55107?s=96&d=mm&r=g\",\"contentUrl\":\"https:\\\/\\\/secure.gravatar.com\\\/avatar\\\/29f5c58b71af7f5763352785b2cac8a8cff4023ebb4f501472fa996016e55107?s=96&d=mm&r=g\",\"caption\":\"Pedro Ocampo\"},\"url\":\"https:\\\/\\\/www.anovapeneira.gal\\\/index.php\\\/author\\\/pedroocampo\\\/\"}]}<\/script>\n<!-- \/ Yoast SEO plugin. -->","yoast_head_json":{"title":"Todo pasa e nada queda no Porri\u00f1o -","robots":{"index":"index","follow":"follow","max-snippet":"max-snippet:-1","max-image-preview":"max-image-preview:large","max-video-preview":"max-video-preview:-1"},"canonical":"https:\/\/www.anovapeneira.gal\/index.php\/2020\/08\/27\/todo-pasa-e-nada-queda-no-porrino\/","og_locale":"gl_ES","og_type":"article","og_title":"Todo pasa e nada queda no Porri\u00f1o -","og_description":"O Porri\u00f1o sempre percibiuse coma unha vila de paso; coma un cruce de cami\u00f1os ou un lugar no que poder\u00edas pararte un rato e mercar unha bola de pan para continuar o cami\u00f1o [...]","og_url":"https:\/\/www.anovapeneira.gal\/index.php\/2020\/08\/27\/todo-pasa-e-nada-queda-no-porrino\/","article_publisher":"https:\/\/www.facebook.com\/anovapeneira","article_published_time":"2020-08-27T08:00:20+00:00","og_image":[{"width":720,"height":473,"url":"https:\/\/www.anovapeneira.gal\/wp-content\/uploads\/2019\/07\/ARTIGO_DE_OPINION_A_NOVA_PENEIRA.jpg","type":"image\/jpeg"}],"author":"Pedro Ocampo","twitter_card":"summary_large_image","twitter_creator":"@APeneira","twitter_site":"@APeneira","twitter_misc":{"Escrito por":"Pedro Ocampo","Tempo de lectura":"4 minutos"},"schema":{"@context":"https:\/\/schema.org","@graph":[{"@type":"Article","@id":"https:\/\/www.anovapeneira.gal\/index.php\/2020\/08\/27\/todo-pasa-e-nada-queda-no-porrino\/#article","isPartOf":{"@id":"https:\/\/www.anovapeneira.gal\/index.php\/2020\/08\/27\/todo-pasa-e-nada-queda-no-porrino\/"},"author":{"name":"Pedro Ocampo","@id":"https:\/\/www.anovapeneira.gal\/#\/schema\/person\/59f819e7b5b7225b862dd0f3acc152a6"},"headline":"Todo pasa e nada queda no Porri\u00f1o","datePublished":"2020-08-27T08:00:20+00:00","mainEntityOfPage":{"@id":"https:\/\/www.anovapeneira.gal\/index.php\/2020\/08\/27\/todo-pasa-e-nada-queda-no-porrino\/"},"wordCount":863,"commentCount":0,"publisher":{"@id":"https:\/\/www.anovapeneira.gal\/#organization"},"image":{"@id":"https:\/\/www.anovapeneira.gal\/index.php\/2020\/08\/27\/todo-pasa-e-nada-queda-no-porrino\/#primaryimage"},"thumbnailUrl":"https:\/\/www.anovapeneira.gal\/wp-content\/uploads\/2019\/07\/ARTIGO_DE_OPINION_A_NOVA_PENEIRA.jpg","keywords":["Concello O Porri\u00f1o"],"articleSection":["Artigos de opini\u00f3n"],"inLanguage":"gl-ES","potentialAction":[{"@type":"CommentAction","name":"Comment","target":["https:\/\/www.anovapeneira.gal\/index.php\/2020\/08\/27\/todo-pasa-e-nada-queda-no-porrino\/#respond"]}]},{"@type":"WebPage","@id":"https:\/\/www.anovapeneira.gal\/index.php\/2020\/08\/27\/todo-pasa-e-nada-queda-no-porrino\/","url":"https:\/\/www.anovapeneira.gal\/index.php\/2020\/08\/27\/todo-pasa-e-nada-queda-no-porrino\/","name":"Todo pasa e nada queda no Porri\u00f1o -","isPartOf":{"@id":"https:\/\/www.anovapeneira.gal\/#website"},"primaryImageOfPage":{"@id":"https:\/\/www.anovapeneira.gal\/index.php\/2020\/08\/27\/todo-pasa-e-nada-queda-no-porrino\/#primaryimage"},"image":{"@id":"https:\/\/www.anovapeneira.gal\/index.php\/2020\/08\/27\/todo-pasa-e-nada-queda-no-porrino\/#primaryimage"},"thumbnailUrl":"https:\/\/www.anovapeneira.gal\/wp-content\/uploads\/2019\/07\/ARTIGO_DE_OPINION_A_NOVA_PENEIRA.jpg","datePublished":"2020-08-27T08:00:20+00:00","breadcrumb":{"@id":"https:\/\/www.anovapeneira.gal\/index.php\/2020\/08\/27\/todo-pasa-e-nada-queda-no-porrino\/#breadcrumb"},"inLanguage":"gl-ES","potentialAction":[{"@type":"ReadAction","target":["https:\/\/www.anovapeneira.gal\/index.php\/2020\/08\/27\/todo-pasa-e-nada-queda-no-porrino\/"]}]},{"@type":"ImageObject","inLanguage":"gl-ES","@id":"https:\/\/www.anovapeneira.gal\/index.php\/2020\/08\/27\/todo-pasa-e-nada-queda-no-porrino\/#primaryimage","url":"https:\/\/www.anovapeneira.gal\/wp-content\/uploads\/2019\/07\/ARTIGO_DE_OPINION_A_NOVA_PENEIRA.jpg","contentUrl":"https:\/\/www.anovapeneira.gal\/wp-content\/uploads\/2019\/07\/ARTIGO_DE_OPINION_A_NOVA_PENEIRA.jpg","width":720,"height":473,"caption":"Artigo de opini\u00f3n A Nova Peneira"},{"@type":"BreadcrumbList","@id":"https:\/\/www.anovapeneira.gal\/index.php\/2020\/08\/27\/todo-pasa-e-nada-queda-no-porrino\/#breadcrumb","itemListElement":[{"@type":"ListItem","position":1,"name":"Portada","item":"https:\/\/www.anovapeneira.gal\/"},{"@type":"ListItem","position":2,"name":"Todo pasa e nada queda no Porri\u00f1o"}]},{"@type":"WebSite","@id":"https:\/\/www.anovapeneira.gal\/#website","url":"https:\/\/www.anovapeneira.gal\/","name":"","description":"Xornal galego de informaci\u00f3n xeral Publicaci\u00f3n mensual de novas de Galicia e en especial dos Concellos da sur da provincia de Pontevedra.","publisher":{"@id":"https:\/\/www.anovapeneira.gal\/#organization"},"potentialAction":[{"@type":"SearchAction","target":{"@type":"EntryPoint","urlTemplate":"https:\/\/www.anovapeneira.gal\/?s={search_term_string}"},"query-input":{"@type":"PropertyValueSpecification","valueRequired":true,"valueName":"search_term_string"}}],"inLanguage":"gl-ES"},{"@type":"Organization","@id":"https:\/\/www.anovapeneira.gal\/#organization","name":"A Nova Peneira","url":"https:\/\/www.anovapeneira.gal\/","logo":{"@type":"ImageObject","inLanguage":"gl-ES","@id":"https:\/\/www.anovapeneira.gal\/#\/schema\/logo\/image\/","url":"http:\/\/www.anovapeneira.gal\/wp-content\/uploads\/2019\/06\/logo_a_nova_peneira_portal_web.png","contentUrl":"http:\/\/www.anovapeneira.gal\/wp-content\/uploads\/2019\/06\/logo_a_nova_peneira_portal_web.png","width":300,"height":100,"caption":"A Nova Peneira"},"image":{"@id":"https:\/\/www.anovapeneira.gal\/#\/schema\/logo\/image\/"},"sameAs":["https:\/\/www.facebook.com\/anovapeneira","https:\/\/x.com\/APeneira"]},{"@type":"Person","@id":"https:\/\/www.anovapeneira.gal\/#\/schema\/person\/59f819e7b5b7225b862dd0f3acc152a6","name":"Pedro Ocampo","image":{"@type":"ImageObject","inLanguage":"gl-ES","@id":"https:\/\/secure.gravatar.com\/avatar\/29f5c58b71af7f5763352785b2cac8a8cff4023ebb4f501472fa996016e55107?s=96&d=mm&r=g","url":"https:\/\/secure.gravatar.com\/avatar\/29f5c58b71af7f5763352785b2cac8a8cff4023ebb4f501472fa996016e55107?s=96&d=mm&r=g","contentUrl":"https:\/\/secure.gravatar.com\/avatar\/29f5c58b71af7f5763352785b2cac8a8cff4023ebb4f501472fa996016e55107?s=96&d=mm&r=g","caption":"Pedro Ocampo"},"url":"https:\/\/www.anovapeneira.gal\/index.php\/author\/pedroocampo\/"}]}},"jetpack_featured_media_url":"https:\/\/www.anovapeneira.gal\/wp-content\/uploads\/2019\/07\/ARTIGO_DE_OPINION_A_NOVA_PENEIRA.jpg","_links":{"self":[{"href":"https:\/\/www.anovapeneira.gal\/index.php\/wp-json\/wp\/v2\/posts\/3787","targetHints":{"allow":["GET"]}}],"collection":[{"href":"https:\/\/www.anovapeneira.gal\/index.php\/wp-json\/wp\/v2\/posts"}],"about":[{"href":"https:\/\/www.anovapeneira.gal\/index.php\/wp-json\/wp\/v2\/types\/post"}],"author":[{"embeddable":true,"href":"https:\/\/www.anovapeneira.gal\/index.php\/wp-json\/wp\/v2\/users\/31"}],"replies":[{"embeddable":true,"href":"https:\/\/www.anovapeneira.gal\/index.php\/wp-json\/wp\/v2\/comments?post=3787"}],"version-history":[{"count":4,"href":"https:\/\/www.anovapeneira.gal\/index.php\/wp-json\/wp\/v2\/posts\/3787\/revisions"}],"predecessor-version":[{"id":3792,"href":"https:\/\/www.anovapeneira.gal\/index.php\/wp-json\/wp\/v2\/posts\/3787\/revisions\/3792"}],"wp:featuredmedia":[{"embeddable":true,"href":"https:\/\/www.anovapeneira.gal\/index.php\/wp-json\/wp\/v2\/media\/584"}],"wp:attachment":[{"href":"https:\/\/www.anovapeneira.gal\/index.php\/wp-json\/wp\/v2\/media?parent=3787"}],"wp:term":[{"taxonomy":"category","embeddable":true,"href":"https:\/\/www.anovapeneira.gal\/index.php\/wp-json\/wp\/v2\/categories?post=3787"},{"taxonomy":"post_tag","embeddable":true,"href":"https:\/\/www.anovapeneira.gal\/index.php\/wp-json\/wp\/v2\/tags?post=3787"}],"curies":[{"name":"wp","href":"https:\/\/api.w.org\/{rel}","templated":true}]}}