{"id":3795,"date":"2020-08-28T10:00:57","date_gmt":"2020-08-28T08:00:57","guid":{"rendered":"http:\/\/www.anovapeneira.gal\/?p=3795"},"modified":"2020-08-21T12:38:32","modified_gmt":"2020-08-21T10:38:32","slug":"tomino-consolida-a-implementacion-da-compostaxe-para-mellorar-a-xestion-do-lixo-no-municipio","status":"publish","type":"post","link":"https:\/\/www.anovapeneira.gal\/index.php\/2020\/08\/28\/tomino-consolida-a-implementacion-da-compostaxe-para-mellorar-a-xestion-do-lixo-no-municipio\/","title":{"rendered":"Tomi\u00f1o consolida a implementaci\u00f3n da compostaxe para mellorar a xesti\u00f3n do lixo no municipio"},"content":{"rendered":"\n<h2 class=\"wp-block-heading\"><strong>O Concello fixo esta ma\u00f1\u00e1 a entrega da primeira remesa de 30 composteiros individuais, dentro da 2\u00aa fase do Revitaliza<\/strong><\/h2>\n\n\n\n<p><strong>Tomi\u00f1o, 20 de agosto de 2020<\/strong><\/p>\n\n\n\n<p>O Concello de Tomi\u00f1o presentou onte \u00e1 veci\u00f1anza a segunda fase do Plan Revitaliza de compostaxe individual e comunitario, procedendo \u00e1 entrega da 1\u00aa remesa de composteiros (30 unidades) a cidad\u00e1ns que levaban tempo agardando por eles.<\/p>\n\n\n\n<p>Presidiu o acto a alcaldesa de Tomi\u00f1o, Sandra Gonz\u00e1lez, acompa\u00f1ada pola concelleira de Medio Ambiente, Ana Bel\u00e9n Casaleiro, agradecendo o interese da cidadan\u00eda por contribu\u00edr \u00e1 reduci\u00f3n do lixo que xera o municipio e cuxo transporte e tratamento ten custes moi elevados, non s\u00f3 dende o punto de vista econ\u00f3mico, sen\u00f3n tam\u00e9n ambiental. \u201cO Concello de Tomi\u00f1o vai tentar consolidar un cambio de modelo na xesti\u00f3n do lixo, que hoxe por hoxe \u00e9 un dos factores de maior contaminaci\u00f3n do planeta. En colaboraci\u00f3n coa Deputaci\u00f3n de Pontevedra, a trav\u00e9s do Revitaliza, aspiraremos a unha maior sustentabilidade do municipio\u201d, explicou a alcaldesa.<\/p>\n\n\n\n<p>Na charla previa \u00e1 entrega dos composteiros, as e os t\u00e9cnicos do programa explicaron o sistema de xesti\u00f3n dos residuos que leva a cabo na actualidade SOGAMA, dando a co\u00f1ecer tam\u00e9n datos sobre Tomi\u00f1o, coma que o 90% do lixo que se tira vai ao colector verde, xerando un gasto inasumible para o Concello, xa que segue habendo d\u00e9ficit entre a taxa recaudada e o que custa o servizo.<\/p>\n\n\n\n<p>Tras a explicaci\u00f3n e consulta de d\u00fabidas, procedeuse \u00e1 entrega de 30 composteiros individuais cos seus complementos (term\u00f3metro e aireador), de cuxo uso farase un seguimento periodicamente.<\/p>\n\n\n\n<p>Despois de case 4 anos, desde que se adherira ao Revitaliza da Deputaci\u00f3n de Pontevedra na s\u00faa fase 1, o Concello de Tomi\u00f1o consolidar\u00e1 a medio prazo unha profunda mellora do sistema de recollida e tratamento de residuos, que se centrar\u00e1 na compostaxe individual e comunitaria, tentando acadar unha maior taxa de reciclaxe e unha xesti\u00f3n m\u00e1is eficiente, xa que se evita o transporte a longas distancias dos residuos e se transforman,&nbsp;<em>in situ<\/em>, nun recurso como \u00e9 o compost. Para isto tam\u00e9n levar\u00e1n a cabo acci\u00f3ns de formaci\u00f3n e seguimento das pautas para converter os residuos org\u00e1nicos en compost de calidade.<\/p>\n\n\n\n<p>De aqu\u00ed a final de ano, est\u00e1 previsto repartir ata 3.000 Composteiros individuais (COINs) e a instalaci\u00f3n de 13 Centros de Compostaxe Comunitaria (CCCs). Esta \u00e9 unha terefa ardua, xa que debido \u00e1 situaci\u00f3n de pandemia, non se poden facer grandes reuni\u00f3ns, como se far\u00eda en condici\u00f3ns normais. As\u00ed que se citar\u00e1n por tel\u00e9fono ou por carta aos veci\u00f1os e veci\u00f1as para asegurar un n\u00famero de asistentes, tanto para reuni\u00f3ns de entrega de COINs, coma para usuarios dos CCCs.<\/p>\n\n\n\n<p>En canto a CCCs, esta semana, comezou a instalaci\u00f3n de bases sobre as que se situar\u00e1 un novo centro no n\u00facleo do Seixo (estacionamento r\u00faa Daniel Calzado), e para a vindeira semana, empezaranse as de Goi\u00e1n.<\/p>\n\n\n\n<p>Outro servizo que se implementar\u00e1 \u00e9 a creaci\u00f3n de puntos verdes, onde os veci\u00f1os poidan deixar restos de podas, que posteriormente ser\u00edan triturados&nbsp;<em>in situ<\/em>deixando o triturado a disposici\u00f3n de quen poidan usalo nos seus composteiros, como estruturante.<\/p>\n\n\n\n<p>Aparte disto, tam\u00e9n se estuda un servizo de pr\u00e9stamo de pequenas trituradoras, para poder usalas durante un per\u00edodo determinado nos seus terreos e aforrar o traslado ao punto verde.<\/p>\n\n\n\n<p>O orzamento para este proxecto \u00e9 de 528.104,50 euros, dos que o ente provincial achega o 86%, (456.018 euros) e o Concello o 14% restante (72.086,23 euros).<\/p>\n","protected":false},"excerpt":{"rendered":"<div class=\"mh-excerpt\"><p>O Concello fixo esta ma\u00f1\u00e1 a entrega da primeira remesa de 30 composteiros individuais, dentro da 2\u00aa fase do Revitaliza Tomi\u00f1o, 20 de agosto de 2020 O Concello de Tomi\u00f1o presentou onte \u00e1 veci\u00f1anza a <a class=\"mh-excerpt-more\" href=\"https:\/\/www.anovapeneira.gal\/index.php\/2020\/08\/28\/tomino-consolida-a-implementacion-da-compostaxe-para-mellorar-a-xestion-do-lixo-no-municipio\/\" title=\"Tomi\u00f1o consolida a implementaci\u00f3n da compostaxe para mellorar a xesti\u00f3n do lixo no municipio\">[&#8230;]<\/a><\/p>\n<\/div>","protected":false},"author":3,"featured_media":3796,"comment_status":"open","ping_status":"open","sticky":false,"template":"","format":"standard","meta":{"_exactmetrics_skip_tracking":false,"_exactmetrics_sitenote_active":false,"_exactmetrics_sitenote_note":"","_exactmetrics_sitenote_category":0,"footnotes":""},"categories":[21],"tags":[81,374],"class_list":{"0":"post-3795","1":"post","2":"type-post","3":"status-publish","4":"format-standard","5":"has-post-thumbnail","7":"category-baixo-mino","8":"tag-concello-de-tomino","9":"tag-lixo"},"yoast_head":"<!-- This site is optimized with the Yoast SEO plugin v27.4 - https:\/\/yoast.com\/product\/yoast-seo-wordpress\/ -->\n<title>Tomi\u00f1o consolida a implementaci\u00f3n da compostaxe para mellorar a xesti\u00f3n do lixo no municipio -<\/title>\n<meta name=\"robots\" content=\"index, follow, max-snippet:-1, max-image-preview:large, max-video-preview:-1\" \/>\n<link rel=\"canonical\" href=\"https:\/\/www.anovapeneira.gal\/index.php\/2020\/08\/28\/tomino-consolida-a-implementacion-da-compostaxe-para-mellorar-a-xestion-do-lixo-no-municipio\/\" \/>\n<meta property=\"og:locale\" content=\"gl_ES\" \/>\n<meta property=\"og:type\" content=\"article\" \/>\n<meta property=\"og:title\" content=\"Tomi\u00f1o consolida a implementaci\u00f3n da compostaxe para mellorar a xesti\u00f3n do lixo no municipio -\" \/>\n<meta property=\"og:description\" content=\"O Concello fixo esta ma\u00f1\u00e1 a entrega da primeira remesa de 30 composteiros individuais, dentro da 2\u00aa fase do Revitaliza Tomi\u00f1o, 20 de agosto de 2020 O Concello de Tomi\u00f1o presentou onte \u00e1 veci\u00f1anza a [...]\" \/>\n<meta property=\"og:url\" content=\"https:\/\/www.anovapeneira.gal\/index.php\/2020\/08\/28\/tomino-consolida-a-implementacion-da-compostaxe-para-mellorar-a-xestion-do-lixo-no-municipio\/\" \/>\n<meta property=\"article:publisher\" content=\"https:\/\/www.facebook.com\/anovapeneira\" \/>\n<meta property=\"article:published_time\" content=\"2020-08-28T08:00:57+00:00\" \/>\n<meta property=\"og:image\" content=\"https:\/\/www.anovapeneira.gal\/wp-content\/uploads\/2020\/08\/compostaxe_tominho_a_nova_peneira.jpg\" \/>\n\t<meta property=\"og:image:width\" content=\"720\" \/>\n\t<meta property=\"og:image:height\" content=\"432\" \/>\n\t<meta property=\"og:image:type\" content=\"image\/jpeg\" \/>\n<meta name=\"author\" content=\"Redacci\u00f3n A Nova Peneira\" \/>\n<meta name=\"twitter:card\" content=\"summary_large_image\" \/>\n<meta name=\"twitter:creator\" content=\"@APeneira\" \/>\n<meta name=\"twitter:site\" content=\"@APeneira\" \/>\n<meta name=\"twitter:label1\" content=\"Escrito por\" \/>\n\t<meta name=\"twitter:data1\" content=\"Redacci\u00f3n A Nova Peneira\" \/>\n\t<meta name=\"twitter:label2\" content=\"Tempo de lectura\" \/>\n\t<meta name=\"twitter:data2\" content=\"3 minutos\" \/>\n<script type=\"application\/ld+json\" class=\"yoast-schema-graph\">{\"@context\":\"https:\\\/\\\/schema.org\",\"@graph\":[{\"@type\":\"Article\",\"@id\":\"https:\\\/\\\/www.anovapeneira.gal\\\/index.php\\\/2020\\\/08\\\/28\\\/tomino-consolida-a-implementacion-da-compostaxe-para-mellorar-a-xestion-do-lixo-no-municipio\\\/#article\",\"isPartOf\":{\"@id\":\"https:\\\/\\\/www.anovapeneira.gal\\\/index.php\\\/2020\\\/08\\\/28\\\/tomino-consolida-a-implementacion-da-compostaxe-para-mellorar-a-xestion-do-lixo-no-municipio\\\/\"},\"author\":{\"name\":\"Redacci\u00f3n A Nova Peneira\",\"@id\":\"https:\\\/\\\/www.anovapeneira.gal\\\/#\\\/schema\\\/person\\\/b93e3f8932e3f8da96334607eb6ac6aa\"},\"headline\":\"Tomi\u00f1o consolida a implementaci\u00f3n da compostaxe para mellorar a xesti\u00f3n do lixo no municipio\",\"datePublished\":\"2020-08-28T08:00:57+00:00\",\"mainEntityOfPage\":{\"@id\":\"https:\\\/\\\/www.anovapeneira.gal\\\/index.php\\\/2020\\\/08\\\/28\\\/tomino-consolida-a-implementacion-da-compostaxe-para-mellorar-a-xestion-do-lixo-no-municipio\\\/\"},\"wordCount\":623,\"commentCount\":0,\"publisher\":{\"@id\":\"https:\\\/\\\/www.anovapeneira.gal\\\/#organization\"},\"image\":{\"@id\":\"https:\\\/\\\/www.anovapeneira.gal\\\/index.php\\\/2020\\\/08\\\/28\\\/tomino-consolida-a-implementacion-da-compostaxe-para-mellorar-a-xestion-do-lixo-no-municipio\\\/#primaryimage\"},\"thumbnailUrl\":\"https:\\\/\\\/www.anovapeneira.gal\\\/wp-content\\\/uploads\\\/2020\\\/08\\\/compostaxe_tominho_a_nova_peneira.jpg\",\"keywords\":[\"Concello de Tomi\u00f1o\",\"Lixo\"],\"articleSection\":[\"Baixo Mi\u00f1o\"],\"inLanguage\":\"gl-ES\",\"potentialAction\":[{\"@type\":\"CommentAction\",\"name\":\"Comment\",\"target\":[\"https:\\\/\\\/www.anovapeneira.gal\\\/index.php\\\/2020\\\/08\\\/28\\\/tomino-consolida-a-implementacion-da-compostaxe-para-mellorar-a-xestion-do-lixo-no-municipio\\\/#respond\"]}]},{\"@type\":\"WebPage\",\"@id\":\"https:\\\/\\\/www.anovapeneira.gal\\\/index.php\\\/2020\\\/08\\\/28\\\/tomino-consolida-a-implementacion-da-compostaxe-para-mellorar-a-xestion-do-lixo-no-municipio\\\/\",\"url\":\"https:\\\/\\\/www.anovapeneira.gal\\\/index.php\\\/2020\\\/08\\\/28\\\/tomino-consolida-a-implementacion-da-compostaxe-para-mellorar-a-xestion-do-lixo-no-municipio\\\/\",\"name\":\"Tomi\u00f1o consolida a implementaci\u00f3n da compostaxe para mellorar a xesti\u00f3n do lixo no municipio -\",\"isPartOf\":{\"@id\":\"https:\\\/\\\/www.anovapeneira.gal\\\/#website\"},\"primaryImageOfPage\":{\"@id\":\"https:\\\/\\\/www.anovapeneira.gal\\\/index.php\\\/2020\\\/08\\\/28\\\/tomino-consolida-a-implementacion-da-compostaxe-para-mellorar-a-xestion-do-lixo-no-municipio\\\/#primaryimage\"},\"image\":{\"@id\":\"https:\\\/\\\/www.anovapeneira.gal\\\/index.php\\\/2020\\\/08\\\/28\\\/tomino-consolida-a-implementacion-da-compostaxe-para-mellorar-a-xestion-do-lixo-no-municipio\\\/#primaryimage\"},\"thumbnailUrl\":\"https:\\\/\\\/www.anovapeneira.gal\\\/wp-content\\\/uploads\\\/2020\\\/08\\\/compostaxe_tominho_a_nova_peneira.jpg\",\"datePublished\":\"2020-08-28T08:00:57+00:00\",\"breadcrumb\":{\"@id\":\"https:\\\/\\\/www.anovapeneira.gal\\\/index.php\\\/2020\\\/08\\\/28\\\/tomino-consolida-a-implementacion-da-compostaxe-para-mellorar-a-xestion-do-lixo-no-municipio\\\/#breadcrumb\"},\"inLanguage\":\"gl-ES\",\"potentialAction\":[{\"@type\":\"ReadAction\",\"target\":[\"https:\\\/\\\/www.anovapeneira.gal\\\/index.php\\\/2020\\\/08\\\/28\\\/tomino-consolida-a-implementacion-da-compostaxe-para-mellorar-a-xestion-do-lixo-no-municipio\\\/\"]}]},{\"@type\":\"ImageObject\",\"inLanguage\":\"gl-ES\",\"@id\":\"https:\\\/\\\/www.anovapeneira.gal\\\/index.php\\\/2020\\\/08\\\/28\\\/tomino-consolida-a-implementacion-da-compostaxe-para-mellorar-a-xestion-do-lixo-no-municipio\\\/#primaryimage\",\"url\":\"https:\\\/\\\/www.anovapeneira.gal\\\/wp-content\\\/uploads\\\/2020\\\/08\\\/compostaxe_tominho_a_nova_peneira.jpg\",\"contentUrl\":\"https:\\\/\\\/www.anovapeneira.gal\\\/wp-content\\\/uploads\\\/2020\\\/08\\\/compostaxe_tominho_a_nova_peneira.jpg\",\"width\":720,\"height\":432,\"caption\":\"Tomi\u00f1o consolida a implementaci\u00f3n da compostaxe para mellorar a xesti\u00f3n do lixo no municipio\"},{\"@type\":\"BreadcrumbList\",\"@id\":\"https:\\\/\\\/www.anovapeneira.gal\\\/index.php\\\/2020\\\/08\\\/28\\\/tomino-consolida-a-implementacion-da-compostaxe-para-mellorar-a-xestion-do-lixo-no-municipio\\\/#breadcrumb\",\"itemListElement\":[{\"@type\":\"ListItem\",\"position\":1,\"name\":\"Portada\",\"item\":\"https:\\\/\\\/www.anovapeneira.gal\\\/\"},{\"@type\":\"ListItem\",\"position\":2,\"name\":\"Tomi\u00f1o consolida a implementaci\u00f3n da compostaxe para mellorar a xesti\u00f3n do lixo no municipio\"}]},{\"@type\":\"WebSite\",\"@id\":\"https:\\\/\\\/www.anovapeneira.gal\\\/#website\",\"url\":\"https:\\\/\\\/www.anovapeneira.gal\\\/\",\"name\":\"\",\"description\":\"Xornal galego de informaci\u00f3n xeral Publicaci\u00f3n mensual de novas de Galicia e en especial dos Concellos da sur da provincia de Pontevedra.\",\"publisher\":{\"@id\":\"https:\\\/\\\/www.anovapeneira.gal\\\/#organization\"},\"potentialAction\":[{\"@type\":\"SearchAction\",\"target\":{\"@type\":\"EntryPoint\",\"urlTemplate\":\"https:\\\/\\\/www.anovapeneira.gal\\\/?s={search_term_string}\"},\"query-input\":{\"@type\":\"PropertyValueSpecification\",\"valueRequired\":true,\"valueName\":\"search_term_string\"}}],\"inLanguage\":\"gl-ES\"},{\"@type\":\"Organization\",\"@id\":\"https:\\\/\\\/www.anovapeneira.gal\\\/#organization\",\"name\":\"A Nova Peneira\",\"url\":\"https:\\\/\\\/www.anovapeneira.gal\\\/\",\"logo\":{\"@type\":\"ImageObject\",\"inLanguage\":\"gl-ES\",\"@id\":\"https:\\\/\\\/www.anovapeneira.gal\\\/#\\\/schema\\\/logo\\\/image\\\/\",\"url\":\"http:\\\/\\\/www.anovapeneira.gal\\\/wp-content\\\/uploads\\\/2019\\\/06\\\/logo_a_nova_peneira_portal_web.png\",\"contentUrl\":\"http:\\\/\\\/www.anovapeneira.gal\\\/wp-content\\\/uploads\\\/2019\\\/06\\\/logo_a_nova_peneira_portal_web.png\",\"width\":300,\"height\":100,\"caption\":\"A Nova Peneira\"},\"image\":{\"@id\":\"https:\\\/\\\/www.anovapeneira.gal\\\/#\\\/schema\\\/logo\\\/image\\\/\"},\"sameAs\":[\"https:\\\/\\\/www.facebook.com\\\/anovapeneira\",\"https:\\\/\\\/x.com\\\/APeneira\"]},{\"@type\":\"Person\",\"@id\":\"https:\\\/\\\/www.anovapeneira.gal\\\/#\\\/schema\\\/person\\\/b93e3f8932e3f8da96334607eb6ac6aa\",\"name\":\"Redacci\u00f3n A Nova Peneira\",\"image\":{\"@type\":\"ImageObject\",\"inLanguage\":\"gl-ES\",\"@id\":\"https:\\\/\\\/secure.gravatar.com\\\/avatar\\\/c052a2551a06e23fac63626232eaa90abd78dbcf1700fc46a2b2c89fd27b735f?s=96&d=mm&r=g\",\"url\":\"https:\\\/\\\/secure.gravatar.com\\\/avatar\\\/c052a2551a06e23fac63626232eaa90abd78dbcf1700fc46a2b2c89fd27b735f?s=96&d=mm&r=g\",\"contentUrl\":\"https:\\\/\\\/secure.gravatar.com\\\/avatar\\\/c052a2551a06e23fac63626232eaa90abd78dbcf1700fc46a2b2c89fd27b735f?s=96&d=mm&r=g\",\"caption\":\"Redacci\u00f3n A Nova Peneira\"},\"sameAs\":[\"http:\\\/\\\/www.anovapeneira.gal\\\/\"],\"url\":\"https:\\\/\\\/www.anovapeneira.gal\\\/index.php\\\/author\\\/redactor\\\/\"}]}<\/script>\n<!-- \/ Yoast SEO plugin. -->","yoast_head_json":{"title":"Tomi\u00f1o consolida a implementaci\u00f3n da compostaxe para mellorar a xesti\u00f3n do lixo no municipio -","robots":{"index":"index","follow":"follow","max-snippet":"max-snippet:-1","max-image-preview":"max-image-preview:large","max-video-preview":"max-video-preview:-1"},"canonical":"https:\/\/www.anovapeneira.gal\/index.php\/2020\/08\/28\/tomino-consolida-a-implementacion-da-compostaxe-para-mellorar-a-xestion-do-lixo-no-municipio\/","og_locale":"gl_ES","og_type":"article","og_title":"Tomi\u00f1o consolida a implementaci\u00f3n da compostaxe para mellorar a xesti\u00f3n do lixo no municipio -","og_description":"O Concello fixo esta ma\u00f1\u00e1 a entrega da primeira remesa de 30 composteiros individuais, dentro da 2\u00aa fase do Revitaliza Tomi\u00f1o, 20 de agosto de 2020 O Concello de Tomi\u00f1o presentou onte \u00e1 veci\u00f1anza a [...]","og_url":"https:\/\/www.anovapeneira.gal\/index.php\/2020\/08\/28\/tomino-consolida-a-implementacion-da-compostaxe-para-mellorar-a-xestion-do-lixo-no-municipio\/","article_publisher":"https:\/\/www.facebook.com\/anovapeneira","article_published_time":"2020-08-28T08:00:57+00:00","og_image":[{"width":720,"height":432,"url":"https:\/\/www.anovapeneira.gal\/wp-content\/uploads\/2020\/08\/compostaxe_tominho_a_nova_peneira.jpg","type":"image\/jpeg"}],"author":"Redacci\u00f3n A Nova Peneira","twitter_card":"summary_large_image","twitter_creator":"@APeneira","twitter_site":"@APeneira","twitter_misc":{"Escrito por":"Redacci\u00f3n A Nova Peneira","Tempo de lectura":"3 minutos"},"schema":{"@context":"https:\/\/schema.org","@graph":[{"@type":"Article","@id":"https:\/\/www.anovapeneira.gal\/index.php\/2020\/08\/28\/tomino-consolida-a-implementacion-da-compostaxe-para-mellorar-a-xestion-do-lixo-no-municipio\/#article","isPartOf":{"@id":"https:\/\/www.anovapeneira.gal\/index.php\/2020\/08\/28\/tomino-consolida-a-implementacion-da-compostaxe-para-mellorar-a-xestion-do-lixo-no-municipio\/"},"author":{"name":"Redacci\u00f3n A Nova Peneira","@id":"https:\/\/www.anovapeneira.gal\/#\/schema\/person\/b93e3f8932e3f8da96334607eb6ac6aa"},"headline":"Tomi\u00f1o consolida a implementaci\u00f3n da compostaxe para mellorar a xesti\u00f3n do lixo no municipio","datePublished":"2020-08-28T08:00:57+00:00","mainEntityOfPage":{"@id":"https:\/\/www.anovapeneira.gal\/index.php\/2020\/08\/28\/tomino-consolida-a-implementacion-da-compostaxe-para-mellorar-a-xestion-do-lixo-no-municipio\/"},"wordCount":623,"commentCount":0,"publisher":{"@id":"https:\/\/www.anovapeneira.gal\/#organization"},"image":{"@id":"https:\/\/www.anovapeneira.gal\/index.php\/2020\/08\/28\/tomino-consolida-a-implementacion-da-compostaxe-para-mellorar-a-xestion-do-lixo-no-municipio\/#primaryimage"},"thumbnailUrl":"https:\/\/www.anovapeneira.gal\/wp-content\/uploads\/2020\/08\/compostaxe_tominho_a_nova_peneira.jpg","keywords":["Concello de Tomi\u00f1o","Lixo"],"articleSection":["Baixo Mi\u00f1o"],"inLanguage":"gl-ES","potentialAction":[{"@type":"CommentAction","name":"Comment","target":["https:\/\/www.anovapeneira.gal\/index.php\/2020\/08\/28\/tomino-consolida-a-implementacion-da-compostaxe-para-mellorar-a-xestion-do-lixo-no-municipio\/#respond"]}]},{"@type":"WebPage","@id":"https:\/\/www.anovapeneira.gal\/index.php\/2020\/08\/28\/tomino-consolida-a-implementacion-da-compostaxe-para-mellorar-a-xestion-do-lixo-no-municipio\/","url":"https:\/\/www.anovapeneira.gal\/index.php\/2020\/08\/28\/tomino-consolida-a-implementacion-da-compostaxe-para-mellorar-a-xestion-do-lixo-no-municipio\/","name":"Tomi\u00f1o consolida a implementaci\u00f3n da compostaxe para mellorar a xesti\u00f3n do lixo no municipio -","isPartOf":{"@id":"https:\/\/www.anovapeneira.gal\/#website"},"primaryImageOfPage":{"@id":"https:\/\/www.anovapeneira.gal\/index.php\/2020\/08\/28\/tomino-consolida-a-implementacion-da-compostaxe-para-mellorar-a-xestion-do-lixo-no-municipio\/#primaryimage"},"image":{"@id":"https:\/\/www.anovapeneira.gal\/index.php\/2020\/08\/28\/tomino-consolida-a-implementacion-da-compostaxe-para-mellorar-a-xestion-do-lixo-no-municipio\/#primaryimage"},"thumbnailUrl":"https:\/\/www.anovapeneira.gal\/wp-content\/uploads\/2020\/08\/compostaxe_tominho_a_nova_peneira.jpg","datePublished":"2020-08-28T08:00:57+00:00","breadcrumb":{"@id":"https:\/\/www.anovapeneira.gal\/index.php\/2020\/08\/28\/tomino-consolida-a-implementacion-da-compostaxe-para-mellorar-a-xestion-do-lixo-no-municipio\/#breadcrumb"},"inLanguage":"gl-ES","potentialAction":[{"@type":"ReadAction","target":["https:\/\/www.anovapeneira.gal\/index.php\/2020\/08\/28\/tomino-consolida-a-implementacion-da-compostaxe-para-mellorar-a-xestion-do-lixo-no-municipio\/"]}]},{"@type":"ImageObject","inLanguage":"gl-ES","@id":"https:\/\/www.anovapeneira.gal\/index.php\/2020\/08\/28\/tomino-consolida-a-implementacion-da-compostaxe-para-mellorar-a-xestion-do-lixo-no-municipio\/#primaryimage","url":"https:\/\/www.anovapeneira.gal\/wp-content\/uploads\/2020\/08\/compostaxe_tominho_a_nova_peneira.jpg","contentUrl":"https:\/\/www.anovapeneira.gal\/wp-content\/uploads\/2020\/08\/compostaxe_tominho_a_nova_peneira.jpg","width":720,"height":432,"caption":"Tomi\u00f1o consolida a implementaci\u00f3n da compostaxe para mellorar a xesti\u00f3n do lixo no municipio"},{"@type":"BreadcrumbList","@id":"https:\/\/www.anovapeneira.gal\/index.php\/2020\/08\/28\/tomino-consolida-a-implementacion-da-compostaxe-para-mellorar-a-xestion-do-lixo-no-municipio\/#breadcrumb","itemListElement":[{"@type":"ListItem","position":1,"name":"Portada","item":"https:\/\/www.anovapeneira.gal\/"},{"@type":"ListItem","position":2,"name":"Tomi\u00f1o consolida a implementaci\u00f3n da compostaxe para mellorar a xesti\u00f3n do lixo no municipio"}]},{"@type":"WebSite","@id":"https:\/\/www.anovapeneira.gal\/#website","url":"https:\/\/www.anovapeneira.gal\/","name":"","description":"Xornal galego de informaci\u00f3n xeral Publicaci\u00f3n mensual de novas de Galicia e en especial dos Concellos da sur da provincia de Pontevedra.","publisher":{"@id":"https:\/\/www.anovapeneira.gal\/#organization"},"potentialAction":[{"@type":"SearchAction","target":{"@type":"EntryPoint","urlTemplate":"https:\/\/www.anovapeneira.gal\/?s={search_term_string}"},"query-input":{"@type":"PropertyValueSpecification","valueRequired":true,"valueName":"search_term_string"}}],"inLanguage":"gl-ES"},{"@type":"Organization","@id":"https:\/\/www.anovapeneira.gal\/#organization","name":"A Nova Peneira","url":"https:\/\/www.anovapeneira.gal\/","logo":{"@type":"ImageObject","inLanguage":"gl-ES","@id":"https:\/\/www.anovapeneira.gal\/#\/schema\/logo\/image\/","url":"http:\/\/www.anovapeneira.gal\/wp-content\/uploads\/2019\/06\/logo_a_nova_peneira_portal_web.png","contentUrl":"http:\/\/www.anovapeneira.gal\/wp-content\/uploads\/2019\/06\/logo_a_nova_peneira_portal_web.png","width":300,"height":100,"caption":"A Nova Peneira"},"image":{"@id":"https:\/\/www.anovapeneira.gal\/#\/schema\/logo\/image\/"},"sameAs":["https:\/\/www.facebook.com\/anovapeneira","https:\/\/x.com\/APeneira"]},{"@type":"Person","@id":"https:\/\/www.anovapeneira.gal\/#\/schema\/person\/b93e3f8932e3f8da96334607eb6ac6aa","name":"Redacci\u00f3n A Nova Peneira","image":{"@type":"ImageObject","inLanguage":"gl-ES","@id":"https:\/\/secure.gravatar.com\/avatar\/c052a2551a06e23fac63626232eaa90abd78dbcf1700fc46a2b2c89fd27b735f?s=96&d=mm&r=g","url":"https:\/\/secure.gravatar.com\/avatar\/c052a2551a06e23fac63626232eaa90abd78dbcf1700fc46a2b2c89fd27b735f?s=96&d=mm&r=g","contentUrl":"https:\/\/secure.gravatar.com\/avatar\/c052a2551a06e23fac63626232eaa90abd78dbcf1700fc46a2b2c89fd27b735f?s=96&d=mm&r=g","caption":"Redacci\u00f3n A Nova Peneira"},"sameAs":["http:\/\/www.anovapeneira.gal\/"],"url":"https:\/\/www.anovapeneira.gal\/index.php\/author\/redactor\/"}]}},"jetpack_featured_media_url":"https:\/\/www.anovapeneira.gal\/wp-content\/uploads\/2020\/08\/compostaxe_tominho_a_nova_peneira.jpg","_links":{"self":[{"href":"https:\/\/www.anovapeneira.gal\/index.php\/wp-json\/wp\/v2\/posts\/3795","targetHints":{"allow":["GET"]}}],"collection":[{"href":"https:\/\/www.anovapeneira.gal\/index.php\/wp-json\/wp\/v2\/posts"}],"about":[{"href":"https:\/\/www.anovapeneira.gal\/index.php\/wp-json\/wp\/v2\/types\/post"}],"author":[{"embeddable":true,"href":"https:\/\/www.anovapeneira.gal\/index.php\/wp-json\/wp\/v2\/users\/3"}],"replies":[{"embeddable":true,"href":"https:\/\/www.anovapeneira.gal\/index.php\/wp-json\/wp\/v2\/comments?post=3795"}],"version-history":[{"count":1,"href":"https:\/\/www.anovapeneira.gal\/index.php\/wp-json\/wp\/v2\/posts\/3795\/revisions"}],"predecessor-version":[{"id":3797,"href":"https:\/\/www.anovapeneira.gal\/index.php\/wp-json\/wp\/v2\/posts\/3795\/revisions\/3797"}],"wp:featuredmedia":[{"embeddable":true,"href":"https:\/\/www.anovapeneira.gal\/index.php\/wp-json\/wp\/v2\/media\/3796"}],"wp:attachment":[{"href":"https:\/\/www.anovapeneira.gal\/index.php\/wp-json\/wp\/v2\/media?parent=3795"}],"wp:term":[{"taxonomy":"category","embeddable":true,"href":"https:\/\/www.anovapeneira.gal\/index.php\/wp-json\/wp\/v2\/categories?post=3795"},{"taxonomy":"post_tag","embeddable":true,"href":"https:\/\/www.anovapeneira.gal\/index.php\/wp-json\/wp\/v2\/tags?post=3795"}],"curies":[{"name":"wp","href":"https:\/\/api.w.org\/{rel}","templated":true}]}}