{"id":3798,"date":"2020-08-28T12:00:19","date_gmt":"2020-08-28T10:00:19","guid":{"rendered":"http:\/\/www.anovapeneira.gal\/?p=3798"},"modified":"2020-08-21T12:43:38","modified_gmt":"2020-08-21T10:43:38","slug":"o-recinto-escolar-do-ceip-pintor-antonio-fernandez-de-goian-sera-ampliado-en-mais-de-1500-metros-cadrados","status":"publish","type":"post","link":"https:\/\/www.anovapeneira.gal\/index.php\/2020\/08\/28\/o-recinto-escolar-do-ceip-pintor-antonio-fernandez-de-goian-sera-ampliado-en-mais-de-1500-metros-cadrados\/","title":{"rendered":"O recinto escolar do CEIP Pintor Antonio Fern\u00e1ndez de Goi\u00e1n, ser\u00e1 ampliado en m\u00e1is de 1500 metros cadrados"},"content":{"rendered":"\n<h2 class=\"wp-block-heading\"><strong>C\u00e9sar P\u00e9rez Ares reuniuse coa alcaldesa e co concelleiro de Urbanismo, para co\u00f1ecer as melloras que se levar\u00e1n a cabo no centro antes do comezo do curso<\/strong><\/h2>\n\n\n\n<p><strong>Tomi\u00f1o, 19 de agosto de 2020<\/strong><\/p>\n\n\n\n<p>A alcaldesa de Tomi\u00f1o, Sandra Gonz\u00e1lez, acompa\u00f1ada polo concelleiro de Urbanismo, Ux\u00edo Ben\u00edtez, presentou ao xefe territorial de Educaci\u00f3n, C\u00e9sar P\u00e9rez Ares, as obras correspondentes ao peche do CEIP Pintor Antonio Fern\u00e1ndez (Goi\u00e1n), que se comezar\u00e1n nos vindeiros d\u00edas e estar\u00e1n rematadas antes do inicio do curso.<\/p>\n\n\n\n<p>A intervenci\u00f3n consistir\u00e1 no peche do per\u00edmetro do colexio e supor\u00e1 unha ampliaci\u00f3n do recinto escolar de 1500 m2, cunha superficie verde que respectar\u00e1 o arboredo existente e as s\u00faas especies aut\u00f3ctonas, creando zonas de luz e sombra, descanso e xogo, etc.<\/p>\n\n\n\n<p>Estas obras significan o inicio da conexi\u00f3n do colexio coa zona da \u00e1rea deportiva e a Escola de M\u00fasica, prevista no Proxecto M\u00e1is Goi\u00e1n, que se comezar\u00e1 en breve e que vai supo\u00f1er a comunicaci\u00f3n definitiva do centro da parroquia coa nova zona da carballeira, espazos de lecer e instalaci\u00f3ns deportivas.<\/p>\n\n\n\n<p>Ademais, na xuntanza celebrada onte no Concello de Tomi\u00f1o, ao xefe territorial de Educaci\u00f3n exp\u00fasoselle a instalaci\u00f3n dunha p\u00e9rgola na entrada do colexio, de xeito que o centro quede totalmente integrado na contorna da praza, expresando P\u00e9rez Ares o seu apoio \u00e1s obras.<\/p>\n\n\n\n<p>Asemade, durante a reuni\u00f3n a alcaldesa repasou as obras de mellora e mantemento levadas a cabo polo Concello (por valor de 60.000 euros) durante o ver\u00e1n e o confinamento en diferentes centros educativos do municipio, compromet\u00e9ndose P\u00e9rez Ares a regresar a Tomi\u00f1o nos pr\u00f3ximos d\u00edas para co\u00f1ecer&nbsp;<em>in situ<\/em>algunhas desas intervenci\u00f3ns, tales coma as realizadas nas aulas do CRA (Colexio Rural Agrupado) de Barro, Vilach\u00e1n e Figueir\u00f3, e na escola infantil do Seixo; instalaci\u00f3n de proxectores nas aulas de Educaci\u00f3n Infantil de Sobrada; renovaci\u00f3n dos parques infant\u00eds dos colexios de Tebra e Sobrada, etc.<\/p>\n\n\n\n<p>Por \u00faltimo, a alcaldesa comentou ao mandatario as dificultades existentes para financiar a limpeza que esixe o novo protocolo da Xunta, coincidindo ambos os dous na necesidade de colaborar lealmente de maneira institucional para que o inicio do curso sexa o m\u00e1is seguro posible.<\/p>\n","protected":false},"excerpt":{"rendered":"<div class=\"mh-excerpt\"><p>C\u00e9sar P\u00e9rez Ares reuniuse coa alcaldesa e co concelleiro de Urbanismo, para co\u00f1ecer as melloras que se levar\u00e1n a cabo no centro antes do comezo do curso <a class=\"mh-excerpt-more\" href=\"https:\/\/www.anovapeneira.gal\/index.php\/2020\/08\/28\/o-recinto-escolar-do-ceip-pintor-antonio-fernandez-de-goian-sera-ampliado-en-mais-de-1500-metros-cadrados\/\" title=\"O recinto escolar do CEIP Pintor Antonio Fern\u00e1ndez de Goi\u00e1n, ser\u00e1 ampliado en m\u00e1is de 1500 metros cadrados\">[&#8230;]<\/a><\/p>\n<\/div>","protected":false},"author":3,"featured_media":3800,"comment_status":"open","ping_status":"open","sticky":false,"template":"","format":"standard","meta":{"_exactmetrics_skip_tracking":false,"_exactmetrics_sitenote_active":false,"_exactmetrics_sitenote_note":"","_exactmetrics_sitenote_category":0,"footnotes":""},"categories":[21],"tags":[81,97],"class_list":{"0":"post-3798","1":"post","2":"type-post","3":"status-publish","4":"format-standard","5":"has-post-thumbnail","7":"category-baixo-mino","8":"tag-concello-de-tomino","9":"tag-educacion"},"yoast_head":"<!-- This site is optimized with the Yoast SEO plugin v27.4 - https:\/\/yoast.com\/product\/yoast-seo-wordpress\/ -->\n<title>O recinto escolar do CEIP Pintor Antonio Fern\u00e1ndez de Goi\u00e1n, ser\u00e1 ampliado en m\u00e1is de 1500 metros cadrados -<\/title>\n<meta name=\"robots\" content=\"index, follow, max-snippet:-1, max-image-preview:large, max-video-preview:-1\" \/>\n<link rel=\"canonical\" href=\"https:\/\/www.anovapeneira.gal\/index.php\/2020\/08\/28\/o-recinto-escolar-do-ceip-pintor-antonio-fernandez-de-goian-sera-ampliado-en-mais-de-1500-metros-cadrados\/\" \/>\n<meta property=\"og:locale\" content=\"gl_ES\" \/>\n<meta property=\"og:type\" content=\"article\" \/>\n<meta property=\"og:title\" content=\"O recinto escolar do CEIP Pintor Antonio Fern\u00e1ndez de Goi\u00e1n, ser\u00e1 ampliado en m\u00e1is de 1500 metros cadrados -\" \/>\n<meta property=\"og:description\" content=\"C\u00e9sar P\u00e9rez Ares reuniuse coa alcaldesa e co concelleiro de Urbanismo, para co\u00f1ecer as melloras que se levar\u00e1n a cabo no centro antes do comezo do curso [...]\" \/>\n<meta property=\"og:url\" content=\"https:\/\/www.anovapeneira.gal\/index.php\/2020\/08\/28\/o-recinto-escolar-do-ceip-pintor-antonio-fernandez-de-goian-sera-ampliado-en-mais-de-1500-metros-cadrados\/\" \/>\n<meta property=\"article:publisher\" content=\"https:\/\/www.facebook.com\/anovapeneira\" \/>\n<meta property=\"article:published_time\" content=\"2020-08-28T10:00:19+00:00\" \/>\n<meta property=\"og:image\" content=\"https:\/\/www.anovapeneira.gal\/wp-content\/uploads\/2020\/08\/ceip_goian_a_nova_peneira.jpg\" \/>\n\t<meta property=\"og:image:width\" content=\"720\" \/>\n\t<meta property=\"og:image:height\" content=\"432\" \/>\n\t<meta property=\"og:image:type\" content=\"image\/jpeg\" \/>\n<meta name=\"author\" content=\"Redacci\u00f3n A Nova Peneira\" \/>\n<meta name=\"twitter:card\" content=\"summary_large_image\" \/>\n<meta name=\"twitter:creator\" content=\"@APeneira\" \/>\n<meta name=\"twitter:site\" content=\"@APeneira\" \/>\n<meta name=\"twitter:label1\" content=\"Escrito por\" \/>\n\t<meta name=\"twitter:data1\" content=\"Redacci\u00f3n A Nova Peneira\" \/>\n\t<meta name=\"twitter:label2\" content=\"Tempo de lectura\" \/>\n\t<meta name=\"twitter:data2\" content=\"2 minutos\" \/>\n<script type=\"application\/ld+json\" class=\"yoast-schema-graph\">{\"@context\":\"https:\\\/\\\/schema.org\",\"@graph\":[{\"@type\":\"Article\",\"@id\":\"https:\\\/\\\/www.anovapeneira.gal\\\/index.php\\\/2020\\\/08\\\/28\\\/o-recinto-escolar-do-ceip-pintor-antonio-fernandez-de-goian-sera-ampliado-en-mais-de-1500-metros-cadrados\\\/#article\",\"isPartOf\":{\"@id\":\"https:\\\/\\\/www.anovapeneira.gal\\\/index.php\\\/2020\\\/08\\\/28\\\/o-recinto-escolar-do-ceip-pintor-antonio-fernandez-de-goian-sera-ampliado-en-mais-de-1500-metros-cadrados\\\/\"},\"author\":{\"name\":\"Redacci\u00f3n A Nova Peneira\",\"@id\":\"https:\\\/\\\/www.anovapeneira.gal\\\/#\\\/schema\\\/person\\\/b93e3f8932e3f8da96334607eb6ac6aa\"},\"headline\":\"O recinto escolar do CEIP Pintor Antonio Fern\u00e1ndez de Goi\u00e1n, ser\u00e1 ampliado en m\u00e1is de 1500 metros cadrados\",\"datePublished\":\"2020-08-28T10:00:19+00:00\",\"mainEntityOfPage\":{\"@id\":\"https:\\\/\\\/www.anovapeneira.gal\\\/index.php\\\/2020\\\/08\\\/28\\\/o-recinto-escolar-do-ceip-pintor-antonio-fernandez-de-goian-sera-ampliado-en-mais-de-1500-metros-cadrados\\\/\"},\"wordCount\":422,\"commentCount\":0,\"publisher\":{\"@id\":\"https:\\\/\\\/www.anovapeneira.gal\\\/#organization\"},\"image\":{\"@id\":\"https:\\\/\\\/www.anovapeneira.gal\\\/index.php\\\/2020\\\/08\\\/28\\\/o-recinto-escolar-do-ceip-pintor-antonio-fernandez-de-goian-sera-ampliado-en-mais-de-1500-metros-cadrados\\\/#primaryimage\"},\"thumbnailUrl\":\"https:\\\/\\\/www.anovapeneira.gal\\\/wp-content\\\/uploads\\\/2020\\\/08\\\/ceip_goian_a_nova_peneira.jpg\",\"keywords\":[\"Concello de Tomi\u00f1o\",\"Educaci\u00f3n\"],\"articleSection\":[\"Baixo Mi\u00f1o\"],\"inLanguage\":\"gl-ES\",\"potentialAction\":[{\"@type\":\"CommentAction\",\"name\":\"Comment\",\"target\":[\"https:\\\/\\\/www.anovapeneira.gal\\\/index.php\\\/2020\\\/08\\\/28\\\/o-recinto-escolar-do-ceip-pintor-antonio-fernandez-de-goian-sera-ampliado-en-mais-de-1500-metros-cadrados\\\/#respond\"]}]},{\"@type\":\"WebPage\",\"@id\":\"https:\\\/\\\/www.anovapeneira.gal\\\/index.php\\\/2020\\\/08\\\/28\\\/o-recinto-escolar-do-ceip-pintor-antonio-fernandez-de-goian-sera-ampliado-en-mais-de-1500-metros-cadrados\\\/\",\"url\":\"https:\\\/\\\/www.anovapeneira.gal\\\/index.php\\\/2020\\\/08\\\/28\\\/o-recinto-escolar-do-ceip-pintor-antonio-fernandez-de-goian-sera-ampliado-en-mais-de-1500-metros-cadrados\\\/\",\"name\":\"O recinto escolar do CEIP Pintor Antonio Fern\u00e1ndez de Goi\u00e1n, ser\u00e1 ampliado en m\u00e1is de 1500 metros cadrados -\",\"isPartOf\":{\"@id\":\"https:\\\/\\\/www.anovapeneira.gal\\\/#website\"},\"primaryImageOfPage\":{\"@id\":\"https:\\\/\\\/www.anovapeneira.gal\\\/index.php\\\/2020\\\/08\\\/28\\\/o-recinto-escolar-do-ceip-pintor-antonio-fernandez-de-goian-sera-ampliado-en-mais-de-1500-metros-cadrados\\\/#primaryimage\"},\"image\":{\"@id\":\"https:\\\/\\\/www.anovapeneira.gal\\\/index.php\\\/2020\\\/08\\\/28\\\/o-recinto-escolar-do-ceip-pintor-antonio-fernandez-de-goian-sera-ampliado-en-mais-de-1500-metros-cadrados\\\/#primaryimage\"},\"thumbnailUrl\":\"https:\\\/\\\/www.anovapeneira.gal\\\/wp-content\\\/uploads\\\/2020\\\/08\\\/ceip_goian_a_nova_peneira.jpg\",\"datePublished\":\"2020-08-28T10:00:19+00:00\",\"breadcrumb\":{\"@id\":\"https:\\\/\\\/www.anovapeneira.gal\\\/index.php\\\/2020\\\/08\\\/28\\\/o-recinto-escolar-do-ceip-pintor-antonio-fernandez-de-goian-sera-ampliado-en-mais-de-1500-metros-cadrados\\\/#breadcrumb\"},\"inLanguage\":\"gl-ES\",\"potentialAction\":[{\"@type\":\"ReadAction\",\"target\":[\"https:\\\/\\\/www.anovapeneira.gal\\\/index.php\\\/2020\\\/08\\\/28\\\/o-recinto-escolar-do-ceip-pintor-antonio-fernandez-de-goian-sera-ampliado-en-mais-de-1500-metros-cadrados\\\/\"]}]},{\"@type\":\"ImageObject\",\"inLanguage\":\"gl-ES\",\"@id\":\"https:\\\/\\\/www.anovapeneira.gal\\\/index.php\\\/2020\\\/08\\\/28\\\/o-recinto-escolar-do-ceip-pintor-antonio-fernandez-de-goian-sera-ampliado-en-mais-de-1500-metros-cadrados\\\/#primaryimage\",\"url\":\"https:\\\/\\\/www.anovapeneira.gal\\\/wp-content\\\/uploads\\\/2020\\\/08\\\/ceip_goian_a_nova_peneira.jpg\",\"contentUrl\":\"https:\\\/\\\/www.anovapeneira.gal\\\/wp-content\\\/uploads\\\/2020\\\/08\\\/ceip_goian_a_nova_peneira.jpg\",\"width\":720,\"height\":432,\"caption\":\"Tomi\u00f1o consolida a implementaci\u00f3n da compostaxe para mellorar a xesti\u00f3n do lixo no municipio\"},{\"@type\":\"BreadcrumbList\",\"@id\":\"https:\\\/\\\/www.anovapeneira.gal\\\/index.php\\\/2020\\\/08\\\/28\\\/o-recinto-escolar-do-ceip-pintor-antonio-fernandez-de-goian-sera-ampliado-en-mais-de-1500-metros-cadrados\\\/#breadcrumb\",\"itemListElement\":[{\"@type\":\"ListItem\",\"position\":1,\"name\":\"Portada\",\"item\":\"https:\\\/\\\/www.anovapeneira.gal\\\/\"},{\"@type\":\"ListItem\",\"position\":2,\"name\":\"O recinto escolar do CEIP Pintor Antonio Fern\u00e1ndez de Goi\u00e1n, ser\u00e1 ampliado en m\u00e1is de 1500 metros cadrados\"}]},{\"@type\":\"WebSite\",\"@id\":\"https:\\\/\\\/www.anovapeneira.gal\\\/#website\",\"url\":\"https:\\\/\\\/www.anovapeneira.gal\\\/\",\"name\":\"\",\"description\":\"Xornal galego de informaci\u00f3n xeral Publicaci\u00f3n mensual de novas de Galicia e en especial dos Concellos da sur da provincia de Pontevedra.\",\"publisher\":{\"@id\":\"https:\\\/\\\/www.anovapeneira.gal\\\/#organization\"},\"potentialAction\":[{\"@type\":\"SearchAction\",\"target\":{\"@type\":\"EntryPoint\",\"urlTemplate\":\"https:\\\/\\\/www.anovapeneira.gal\\\/?s={search_term_string}\"},\"query-input\":{\"@type\":\"PropertyValueSpecification\",\"valueRequired\":true,\"valueName\":\"search_term_string\"}}],\"inLanguage\":\"gl-ES\"},{\"@type\":\"Organization\",\"@id\":\"https:\\\/\\\/www.anovapeneira.gal\\\/#organization\",\"name\":\"A Nova Peneira\",\"url\":\"https:\\\/\\\/www.anovapeneira.gal\\\/\",\"logo\":{\"@type\":\"ImageObject\",\"inLanguage\":\"gl-ES\",\"@id\":\"https:\\\/\\\/www.anovapeneira.gal\\\/#\\\/schema\\\/logo\\\/image\\\/\",\"url\":\"http:\\\/\\\/www.anovapeneira.gal\\\/wp-content\\\/uploads\\\/2019\\\/06\\\/logo_a_nova_peneira_portal_web.png\",\"contentUrl\":\"http:\\\/\\\/www.anovapeneira.gal\\\/wp-content\\\/uploads\\\/2019\\\/06\\\/logo_a_nova_peneira_portal_web.png\",\"width\":300,\"height\":100,\"caption\":\"A Nova Peneira\"},\"image\":{\"@id\":\"https:\\\/\\\/www.anovapeneira.gal\\\/#\\\/schema\\\/logo\\\/image\\\/\"},\"sameAs\":[\"https:\\\/\\\/www.facebook.com\\\/anovapeneira\",\"https:\\\/\\\/x.com\\\/APeneira\"]},{\"@type\":\"Person\",\"@id\":\"https:\\\/\\\/www.anovapeneira.gal\\\/#\\\/schema\\\/person\\\/b93e3f8932e3f8da96334607eb6ac6aa\",\"name\":\"Redacci\u00f3n A Nova Peneira\",\"image\":{\"@type\":\"ImageObject\",\"inLanguage\":\"gl-ES\",\"@id\":\"https:\\\/\\\/secure.gravatar.com\\\/avatar\\\/c052a2551a06e23fac63626232eaa90abd78dbcf1700fc46a2b2c89fd27b735f?s=96&d=mm&r=g\",\"url\":\"https:\\\/\\\/secure.gravatar.com\\\/avatar\\\/c052a2551a06e23fac63626232eaa90abd78dbcf1700fc46a2b2c89fd27b735f?s=96&d=mm&r=g\",\"contentUrl\":\"https:\\\/\\\/secure.gravatar.com\\\/avatar\\\/c052a2551a06e23fac63626232eaa90abd78dbcf1700fc46a2b2c89fd27b735f?s=96&d=mm&r=g\",\"caption\":\"Redacci\u00f3n A Nova Peneira\"},\"sameAs\":[\"http:\\\/\\\/www.anovapeneira.gal\\\/\"],\"url\":\"https:\\\/\\\/www.anovapeneira.gal\\\/index.php\\\/author\\\/redactor\\\/\"}]}<\/script>\n<!-- \/ Yoast SEO plugin. -->","yoast_head_json":{"title":"O recinto escolar do CEIP Pintor Antonio Fern\u00e1ndez de Goi\u00e1n, ser\u00e1 ampliado en m\u00e1is de 1500 metros cadrados -","robots":{"index":"index","follow":"follow","max-snippet":"max-snippet:-1","max-image-preview":"max-image-preview:large","max-video-preview":"max-video-preview:-1"},"canonical":"https:\/\/www.anovapeneira.gal\/index.php\/2020\/08\/28\/o-recinto-escolar-do-ceip-pintor-antonio-fernandez-de-goian-sera-ampliado-en-mais-de-1500-metros-cadrados\/","og_locale":"gl_ES","og_type":"article","og_title":"O recinto escolar do CEIP Pintor Antonio Fern\u00e1ndez de Goi\u00e1n, ser\u00e1 ampliado en m\u00e1is de 1500 metros cadrados -","og_description":"C\u00e9sar P\u00e9rez Ares reuniuse coa alcaldesa e co concelleiro de Urbanismo, para co\u00f1ecer as melloras que se levar\u00e1n a cabo no centro antes do comezo do curso [...]","og_url":"https:\/\/www.anovapeneira.gal\/index.php\/2020\/08\/28\/o-recinto-escolar-do-ceip-pintor-antonio-fernandez-de-goian-sera-ampliado-en-mais-de-1500-metros-cadrados\/","article_publisher":"https:\/\/www.facebook.com\/anovapeneira","article_published_time":"2020-08-28T10:00:19+00:00","og_image":[{"width":720,"height":432,"url":"https:\/\/www.anovapeneira.gal\/wp-content\/uploads\/2020\/08\/ceip_goian_a_nova_peneira.jpg","type":"image\/jpeg"}],"author":"Redacci\u00f3n A Nova Peneira","twitter_card":"summary_large_image","twitter_creator":"@APeneira","twitter_site":"@APeneira","twitter_misc":{"Escrito por":"Redacci\u00f3n A Nova Peneira","Tempo de lectura":"2 minutos"},"schema":{"@context":"https:\/\/schema.org","@graph":[{"@type":"Article","@id":"https:\/\/www.anovapeneira.gal\/index.php\/2020\/08\/28\/o-recinto-escolar-do-ceip-pintor-antonio-fernandez-de-goian-sera-ampliado-en-mais-de-1500-metros-cadrados\/#article","isPartOf":{"@id":"https:\/\/www.anovapeneira.gal\/index.php\/2020\/08\/28\/o-recinto-escolar-do-ceip-pintor-antonio-fernandez-de-goian-sera-ampliado-en-mais-de-1500-metros-cadrados\/"},"author":{"name":"Redacci\u00f3n A Nova Peneira","@id":"https:\/\/www.anovapeneira.gal\/#\/schema\/person\/b93e3f8932e3f8da96334607eb6ac6aa"},"headline":"O recinto escolar do CEIP Pintor Antonio Fern\u00e1ndez de Goi\u00e1n, ser\u00e1 ampliado en m\u00e1is de 1500 metros cadrados","datePublished":"2020-08-28T10:00:19+00:00","mainEntityOfPage":{"@id":"https:\/\/www.anovapeneira.gal\/index.php\/2020\/08\/28\/o-recinto-escolar-do-ceip-pintor-antonio-fernandez-de-goian-sera-ampliado-en-mais-de-1500-metros-cadrados\/"},"wordCount":422,"commentCount":0,"publisher":{"@id":"https:\/\/www.anovapeneira.gal\/#organization"},"image":{"@id":"https:\/\/www.anovapeneira.gal\/index.php\/2020\/08\/28\/o-recinto-escolar-do-ceip-pintor-antonio-fernandez-de-goian-sera-ampliado-en-mais-de-1500-metros-cadrados\/#primaryimage"},"thumbnailUrl":"https:\/\/www.anovapeneira.gal\/wp-content\/uploads\/2020\/08\/ceip_goian_a_nova_peneira.jpg","keywords":["Concello de Tomi\u00f1o","Educaci\u00f3n"],"articleSection":["Baixo Mi\u00f1o"],"inLanguage":"gl-ES","potentialAction":[{"@type":"CommentAction","name":"Comment","target":["https:\/\/www.anovapeneira.gal\/index.php\/2020\/08\/28\/o-recinto-escolar-do-ceip-pintor-antonio-fernandez-de-goian-sera-ampliado-en-mais-de-1500-metros-cadrados\/#respond"]}]},{"@type":"WebPage","@id":"https:\/\/www.anovapeneira.gal\/index.php\/2020\/08\/28\/o-recinto-escolar-do-ceip-pintor-antonio-fernandez-de-goian-sera-ampliado-en-mais-de-1500-metros-cadrados\/","url":"https:\/\/www.anovapeneira.gal\/index.php\/2020\/08\/28\/o-recinto-escolar-do-ceip-pintor-antonio-fernandez-de-goian-sera-ampliado-en-mais-de-1500-metros-cadrados\/","name":"O recinto escolar do CEIP Pintor Antonio Fern\u00e1ndez de Goi\u00e1n, ser\u00e1 ampliado en m\u00e1is de 1500 metros cadrados -","isPartOf":{"@id":"https:\/\/www.anovapeneira.gal\/#website"},"primaryImageOfPage":{"@id":"https:\/\/www.anovapeneira.gal\/index.php\/2020\/08\/28\/o-recinto-escolar-do-ceip-pintor-antonio-fernandez-de-goian-sera-ampliado-en-mais-de-1500-metros-cadrados\/#primaryimage"},"image":{"@id":"https:\/\/www.anovapeneira.gal\/index.php\/2020\/08\/28\/o-recinto-escolar-do-ceip-pintor-antonio-fernandez-de-goian-sera-ampliado-en-mais-de-1500-metros-cadrados\/#primaryimage"},"thumbnailUrl":"https:\/\/www.anovapeneira.gal\/wp-content\/uploads\/2020\/08\/ceip_goian_a_nova_peneira.jpg","datePublished":"2020-08-28T10:00:19+00:00","breadcrumb":{"@id":"https:\/\/www.anovapeneira.gal\/index.php\/2020\/08\/28\/o-recinto-escolar-do-ceip-pintor-antonio-fernandez-de-goian-sera-ampliado-en-mais-de-1500-metros-cadrados\/#breadcrumb"},"inLanguage":"gl-ES","potentialAction":[{"@type":"ReadAction","target":["https:\/\/www.anovapeneira.gal\/index.php\/2020\/08\/28\/o-recinto-escolar-do-ceip-pintor-antonio-fernandez-de-goian-sera-ampliado-en-mais-de-1500-metros-cadrados\/"]}]},{"@type":"ImageObject","inLanguage":"gl-ES","@id":"https:\/\/www.anovapeneira.gal\/index.php\/2020\/08\/28\/o-recinto-escolar-do-ceip-pintor-antonio-fernandez-de-goian-sera-ampliado-en-mais-de-1500-metros-cadrados\/#primaryimage","url":"https:\/\/www.anovapeneira.gal\/wp-content\/uploads\/2020\/08\/ceip_goian_a_nova_peneira.jpg","contentUrl":"https:\/\/www.anovapeneira.gal\/wp-content\/uploads\/2020\/08\/ceip_goian_a_nova_peneira.jpg","width":720,"height":432,"caption":"Tomi\u00f1o consolida a implementaci\u00f3n da compostaxe para mellorar a xesti\u00f3n do lixo no municipio"},{"@type":"BreadcrumbList","@id":"https:\/\/www.anovapeneira.gal\/index.php\/2020\/08\/28\/o-recinto-escolar-do-ceip-pintor-antonio-fernandez-de-goian-sera-ampliado-en-mais-de-1500-metros-cadrados\/#breadcrumb","itemListElement":[{"@type":"ListItem","position":1,"name":"Portada","item":"https:\/\/www.anovapeneira.gal\/"},{"@type":"ListItem","position":2,"name":"O recinto escolar do CEIP Pintor Antonio Fern\u00e1ndez de Goi\u00e1n, ser\u00e1 ampliado en m\u00e1is de 1500 metros cadrados"}]},{"@type":"WebSite","@id":"https:\/\/www.anovapeneira.gal\/#website","url":"https:\/\/www.anovapeneira.gal\/","name":"","description":"Xornal galego de informaci\u00f3n xeral Publicaci\u00f3n mensual de novas de Galicia e en especial dos Concellos da sur da provincia de Pontevedra.","publisher":{"@id":"https:\/\/www.anovapeneira.gal\/#organization"},"potentialAction":[{"@type":"SearchAction","target":{"@type":"EntryPoint","urlTemplate":"https:\/\/www.anovapeneira.gal\/?s={search_term_string}"},"query-input":{"@type":"PropertyValueSpecification","valueRequired":true,"valueName":"search_term_string"}}],"inLanguage":"gl-ES"},{"@type":"Organization","@id":"https:\/\/www.anovapeneira.gal\/#organization","name":"A Nova Peneira","url":"https:\/\/www.anovapeneira.gal\/","logo":{"@type":"ImageObject","inLanguage":"gl-ES","@id":"https:\/\/www.anovapeneira.gal\/#\/schema\/logo\/image\/","url":"http:\/\/www.anovapeneira.gal\/wp-content\/uploads\/2019\/06\/logo_a_nova_peneira_portal_web.png","contentUrl":"http:\/\/www.anovapeneira.gal\/wp-content\/uploads\/2019\/06\/logo_a_nova_peneira_portal_web.png","width":300,"height":100,"caption":"A Nova Peneira"},"image":{"@id":"https:\/\/www.anovapeneira.gal\/#\/schema\/logo\/image\/"},"sameAs":["https:\/\/www.facebook.com\/anovapeneira","https:\/\/x.com\/APeneira"]},{"@type":"Person","@id":"https:\/\/www.anovapeneira.gal\/#\/schema\/person\/b93e3f8932e3f8da96334607eb6ac6aa","name":"Redacci\u00f3n A Nova Peneira","image":{"@type":"ImageObject","inLanguage":"gl-ES","@id":"https:\/\/secure.gravatar.com\/avatar\/c052a2551a06e23fac63626232eaa90abd78dbcf1700fc46a2b2c89fd27b735f?s=96&d=mm&r=g","url":"https:\/\/secure.gravatar.com\/avatar\/c052a2551a06e23fac63626232eaa90abd78dbcf1700fc46a2b2c89fd27b735f?s=96&d=mm&r=g","contentUrl":"https:\/\/secure.gravatar.com\/avatar\/c052a2551a06e23fac63626232eaa90abd78dbcf1700fc46a2b2c89fd27b735f?s=96&d=mm&r=g","caption":"Redacci\u00f3n A Nova Peneira"},"sameAs":["http:\/\/www.anovapeneira.gal\/"],"url":"https:\/\/www.anovapeneira.gal\/index.php\/author\/redactor\/"}]}},"jetpack_featured_media_url":"https:\/\/www.anovapeneira.gal\/wp-content\/uploads\/2020\/08\/ceip_goian_a_nova_peneira.jpg","_links":{"self":[{"href":"https:\/\/www.anovapeneira.gal\/index.php\/wp-json\/wp\/v2\/posts\/3798","targetHints":{"allow":["GET"]}}],"collection":[{"href":"https:\/\/www.anovapeneira.gal\/index.php\/wp-json\/wp\/v2\/posts"}],"about":[{"href":"https:\/\/www.anovapeneira.gal\/index.php\/wp-json\/wp\/v2\/types\/post"}],"author":[{"embeddable":true,"href":"https:\/\/www.anovapeneira.gal\/index.php\/wp-json\/wp\/v2\/users\/3"}],"replies":[{"embeddable":true,"href":"https:\/\/www.anovapeneira.gal\/index.php\/wp-json\/wp\/v2\/comments?post=3798"}],"version-history":[{"count":2,"href":"https:\/\/www.anovapeneira.gal\/index.php\/wp-json\/wp\/v2\/posts\/3798\/revisions"}],"predecessor-version":[{"id":3801,"href":"https:\/\/www.anovapeneira.gal\/index.php\/wp-json\/wp\/v2\/posts\/3798\/revisions\/3801"}],"wp:featuredmedia":[{"embeddable":true,"href":"https:\/\/www.anovapeneira.gal\/index.php\/wp-json\/wp\/v2\/media\/3800"}],"wp:attachment":[{"href":"https:\/\/www.anovapeneira.gal\/index.php\/wp-json\/wp\/v2\/media?parent=3798"}],"wp:term":[{"taxonomy":"category","embeddable":true,"href":"https:\/\/www.anovapeneira.gal\/index.php\/wp-json\/wp\/v2\/categories?post=3798"},{"taxonomy":"post_tag","embeddable":true,"href":"https:\/\/www.anovapeneira.gal\/index.php\/wp-json\/wp\/v2\/tags?post=3798"}],"curies":[{"name":"wp","href":"https:\/\/api.w.org\/{rel}","templated":true}]}}