{"id":3806,"date":"2020-08-31T10:00:42","date_gmt":"2020-08-31T08:00:42","guid":{"rendered":"http:\/\/www.anovapeneira.gal\/?p=3806"},"modified":"2020-08-30T08:34:56","modified_gmt":"2020-08-30T06:34:56","slug":"nova-anormalidade","status":"publish","type":"post","link":"https:\/\/www.anovapeneira.gal\/index.php\/2020\/08\/31\/nova-anormalidade\/","title":{"rendered":"Nova anormalidade"},"content":{"rendered":"\n<figure class=\"wp-block-image size-large is-resized is-style-default\"><img loading=\"lazy\" decoding=\"async\" src=\"http:\/\/www.anovapeneira.gal\/wp-content\/uploads\/2020\/03\/mestre_ceip_salvaterra_a_nova_peneira.jpg\" alt=\"Xo\u00e1n Carlos Caballero\" class=\"wp-image-2693\" width=\"95\" height=\"111\"\/><figcaption>Xo\u00e1n Carlos Caballero\n&#8211; Mestre no CEIP de Salvaterra<\/figcaption><\/figure>\n\n\n\n<p>Nunha farmacia, despois de facer varios minutos de cola, entra un educado atracador a cara descuberta.<\/p>\n\n\n\n<p>\u2014D\u00e9ame t\u00f3dolos cartos que te\u00f1a na caixa \u2014murmuroulle \u00e1 farmac\u00e9utica.<\/p>\n\n\n\n<p>\u2014De ningunha das maneiras, pero a quen se lle ocorre facer un atraco sen mascari\u00f1a.<\/p>\n\n\n\n<p>\u2014D\u00e9ixese de bromas se\u00f1ora que eu xa bastante fixen con respetar a cola.<\/p>\n\n\n\n<p>\u2014Ante todo hai que ser profesional, mire os camareiros nos bares&#8230;<\/p>\n\n\n\n<p>\u2014Estame dicindo que non fago ben o meu traballo?\u2026<\/p>\n\n\n\n<p>\u2014Pois claro. Vostede non ve a todo o mundo coa cara tapada?<\/p>\n\n\n\n<p>\u2014Si, pero e que eles non son os atracadores.<\/p>\n\n\n\n<p>\u2014Sabe que lle digo? Que mentres non se po\u00f1a a mascari\u00f1a non o atendo \u2014insistiu a dona da farmacia.<\/p>\n\n\n\n<p>O asaltante comezaba a alporizarse e d\u00edxolle \u00e1 se\u00f1ora.&nbsp;<\/p>\n\n\n\n<p>\u2014Mire, estamos en fase d\u00faas\u2026<\/p>\n\n\n\n<p>\u2014Como que en fase d\u00faas! Vostede non se entera, actual\u00edcese por favor!<\/p>\n\n\n\n<p>\u2014Se\u00f1ora, a mi\u00f1a paciencia ten un l\u00edmite, estoume fartando\u2026<\/p>\n\n\n\n<p>\u2014Rep\u00edtollo, se non se cubre non o atendo.<\/p>\n\n\n\n<p>\u2014De acordo, vostede ga\u00f1a. Deme o dichoso bozo!<\/p>\n\n\n\n<p>\u2014De que tipo \u2014cont\u00e9stalle a farmac\u00e9utica?<\/p>\n\n\n\n<p>\u2014Como que de que tipo!<\/p>\n\n\n\n<p>\u2014Temos estes tres modelos FFP2, FFP3, N95.<\/p>\n\n\n\n<p>Un home, que estaba \u00e1 cola dirixiuse ao atracador:<\/p>\n\n\n\n<p>\u2014A ver si vamos acabando que non temos todo o d\u00eda!<\/p>\n\n\n\n<p>A farmac\u00e9utica, como o home estaba lonxe, e como apenas se lle entend\u00eda coa boca tapada, pensou que era o socio do asaltador e dirix\u00edndose a el d\u00edxolle:<\/p>\n\n\n\n<p>\u2014Ach\u00e9guese que entre a gripe que te\u00f1o e a mampara anticontaxio de metacrilato, non o escoito.<\/p>\n\n\n\n<p>\u2014Non podo, estar\u00eda pasando por alto a normativa que regula a distancia de seguridade.<\/p>\n\n\n\n<p>Sorprendida pola sensatez da resposta e do cumprimento inquebrantable das medidas hixi\u00e9nico-sanitarias das que fixo gala esta persoa, a farmac\u00e9utica aproveitou unha vez m\u00e1is para arremeter contra o desenmascarado:<\/p>\n\n\n\n<p>\u2014Ve? A\u00ed o ten, f\u00edxese como o seu compa\u00f1eiro pensa na sa\u00fade das s\u00faas v\u00edtimas.&nbsp;<\/p>\n\n\n\n<p>\u2014Pero que compa\u00f1eiro si eu son aut\u00f3nomo non asintom\u00e1tico!<\/p>\n\n\n\n<p>\u2014Ben, pois ent\u00f3n non se queixe que seguro que est\u00e1 a cobrar un ERTE.<\/p>\n\n\n\n<p>Nese intre achegouse o auxiliar co c\u00f3bado en alto e o caco p\u00faxose \u00e1 defensiva.<\/p>\n\n\n\n<p>\u2014Tranquilo, s\u00f3 quero saudalo e animalo a cubrirse a cara \u2014dille o auxiliar.<\/p>\n\n\n\n<p>\u2014E certo, que se me esquecera, tam\u00e9n as temos reutilizables e con dese\u00f1os orixinais \u2014engadiu a farmac\u00e9utica.&nbsp;<\/p>\n\n\n\n<p>\u2014Cumpren coa norma UNE 0065? \u2014preguntou outro cliente.&nbsp;<\/p>\n\n\n\n<p>\u2014Por suposto, estas ve\u00f1en de Wuhan, zona cero e con certificaci\u00f3n ISO!\u2014respondeu esta ofendida pola pregunta.<\/p>\n\n\n\n<p>O atracador fora de si levantou o xersei e amosando un revolver ameazou a boticaria:<\/p>\n\n\n\n<p>\u2014Non llo repito m\u00e1is, non me faga sacar o ferro.<\/p>\n\n\n\n<p>\u2014Non me diga que tam\u00e9n trae un arma alma c\u00e1ndida!<\/p>\n\n\n\n<p>\u2014Pois menos mal porque se non traio unha, far\u00eda de novo alusi\u00f3n a mi\u00f1a falta de profesionalidade.<\/p>\n\n\n\n<p>\u2014Xa, pero non sabe canto tempo sobrevive a Covid nos metais? Quero pensar que estar\u00e1 desinfectada con xel hidroalc\u00f3holico.&nbsp;<\/p>\n\n\n\n<p>\u2014Mire se\u00f1ora, non a aguanto m\u00e1is!<\/p>\n\n\n\n<p>\u2014Negacioncista, Miguel Bos\u00e9, Bolsonaro \u2014espetoulle esta a modo de insultos.<\/p>\n\n\n\n<p>\u2014Estame po\u00f1endo dos nervios e padezo de ansiedade, d\u00e9ame un cigarro electr\u00f3nico xa, ou l\u00edome a tiros aqu\u00ed mesmo.<\/p>\n\n\n\n<p>\u2014Eu doullo pero recorde que agora hai unha nova normativa para os fumadores.&nbsp;<\/p>\n\n\n\n<p>\u2014Feis nius se\u00f1ora, iso non son m\u00e1is que feis nius!<\/p>\n\n\n\n<p>\u2014B\u00f3telle unha ollada ao DOG do 12 de agosto se non o cre.<\/p>\n\n\n\n<p>O atracador exasperado abandonou o establecemento cag\u00e1ndose na Covid e antes de sa\u00edr berrou:<\/p>\n\n\n\n<p>\u2014Que ben se viv\u00eda con Franco e co&nbsp;SARS-CoV!<\/p>\n\n\n\n<p>Mentres, na cola, unha persoa co xornal na man coment\u00e1balle a outra que durante a pandemia descendera a delincuencia. O interpelado respondeu:<\/p>\n\n\n\n<p>\u2014A verdade e que tal como est\u00e1n as cousas faise dif\u00edcil ata delinquir. A xente \u00e9 cada vez m\u00e1is tiquismiquis.<\/p>\n\n\n\n<p>Poucos d\u00edas despois o atracador acudiu a manifestaci\u00f3n da Praza de Col\u00f3n convencido de que estabamos ante unha plandemia. Acabou contraendo o virus. Ingresou no hospital e negouse a recibir o tratamento por medo a que lle colocaran un microchip. Aos m\u00e9dicos non lle quedou m\u00e1is remedio que conectalo a unha m\u00e1quina de osixenaci\u00f3n por membrana extracorp\u00f3rea (ECMO) pero a\u00ednda as\u00ed nada se puido facer por salvarlle a vida. Descanse en paz.&nbsp;<\/p>\n","protected":false},"excerpt":{"rendered":"<div class=\"mh-excerpt\"><p>Nunha farmacia, despois de facer varios minutos de cola, entra un educado atracador a cara descuberta. \u2014D\u00e9ame t\u00f3dolos cartos que te\u00f1a na caixa \u2014murmuroulle \u00e1 farmac\u00e9utica. \u2014De ningunha das maneiras, pero a quen se lle <a class=\"mh-excerpt-more\" href=\"https:\/\/www.anovapeneira.gal\/index.php\/2020\/08\/31\/nova-anormalidade\/\" title=\"Nova anormalidade\">[&#8230;]<\/a><\/p>\n<\/div>","protected":false},"author":22,"featured_media":584,"comment_status":"open","ping_status":"open","sticky":false,"template":"","format":"standard","meta":{"_exactmetrics_skip_tracking":false,"_exactmetrics_sitenote_active":false,"_exactmetrics_sitenote_note":"","_exactmetrics_sitenote_category":0,"footnotes":""},"categories":[7],"tags":[],"class_list":{"0":"post-3806","1":"post","2":"type-post","3":"status-publish","4":"format-standard","5":"has-post-thumbnail","7":"category-artigos-de-opinion"},"yoast_head":"<!-- This site is optimized with the Yoast SEO plugin v27.4 - https:\/\/yoast.com\/product\/yoast-seo-wordpress\/ -->\n<title>Nova anormalidade -<\/title>\n<meta name=\"robots\" content=\"index, follow, max-snippet:-1, max-image-preview:large, max-video-preview:-1\" \/>\n<link rel=\"canonical\" href=\"https:\/\/www.anovapeneira.gal\/index.php\/2020\/08\/31\/nova-anormalidade\/\" \/>\n<meta property=\"og:locale\" content=\"gl_ES\" \/>\n<meta property=\"og:type\" content=\"article\" \/>\n<meta property=\"og:title\" content=\"Nova anormalidade -\" \/>\n<meta property=\"og:description\" content=\"Nunha farmacia, despois de facer varios minutos de cola, entra un educado atracador a cara descuberta. \u2014D\u00e9ame t\u00f3dolos cartos que te\u00f1a na caixa \u2014murmuroulle \u00e1 farmac\u00e9utica. \u2014De ningunha das maneiras, pero a quen se lle [...]\" \/>\n<meta property=\"og:url\" content=\"https:\/\/www.anovapeneira.gal\/index.php\/2020\/08\/31\/nova-anormalidade\/\" \/>\n<meta property=\"article:publisher\" content=\"https:\/\/www.facebook.com\/anovapeneira\" \/>\n<meta property=\"article:published_time\" content=\"2020-08-31T08:00:42+00:00\" \/>\n<meta property=\"og:image\" content=\"https:\/\/www.anovapeneira.gal\/wp-content\/uploads\/2019\/07\/ARTIGO_DE_OPINION_A_NOVA_PENEIRA.jpg\" \/>\n\t<meta property=\"og:image:width\" content=\"720\" \/>\n\t<meta property=\"og:image:height\" content=\"473\" \/>\n\t<meta property=\"og:image:type\" content=\"image\/jpeg\" \/>\n<meta name=\"author\" content=\"Xo\u00e1n Carlos Caballero\" \/>\n<meta name=\"twitter:card\" content=\"summary_large_image\" \/>\n<meta name=\"twitter:creator\" content=\"@APeneira\" \/>\n<meta name=\"twitter:site\" content=\"@APeneira\" \/>\n<meta name=\"twitter:label1\" content=\"Escrito por\" \/>\n\t<meta name=\"twitter:data1\" content=\"Xo\u00e1n Carlos Caballero\" \/>\n\t<meta name=\"twitter:label2\" content=\"Tempo de lectura\" \/>\n\t<meta name=\"twitter:data2\" content=\"4 minutos\" \/>\n<script type=\"application\/ld+json\" class=\"yoast-schema-graph\">{\"@context\":\"https:\\\/\\\/schema.org\",\"@graph\":[{\"@type\":\"Article\",\"@id\":\"https:\\\/\\\/www.anovapeneira.gal\\\/index.php\\\/2020\\\/08\\\/31\\\/nova-anormalidade\\\/#article\",\"isPartOf\":{\"@id\":\"https:\\\/\\\/www.anovapeneira.gal\\\/index.php\\\/2020\\\/08\\\/31\\\/nova-anormalidade\\\/\"},\"author\":{\"name\":\"Xo\u00e1n Carlos Caballero\",\"@id\":\"https:\\\/\\\/www.anovapeneira.gal\\\/#\\\/schema\\\/person\\\/1b50ea4c70279e2639668c02bf1674e5\"},\"headline\":\"Nova anormalidade\",\"datePublished\":\"2020-08-31T08:00:42+00:00\",\"mainEntityOfPage\":{\"@id\":\"https:\\\/\\\/www.anovapeneira.gal\\\/index.php\\\/2020\\\/08\\\/31\\\/nova-anormalidade\\\/\"},\"wordCount\":770,\"commentCount\":0,\"publisher\":{\"@id\":\"https:\\\/\\\/www.anovapeneira.gal\\\/#organization\"},\"image\":{\"@id\":\"https:\\\/\\\/www.anovapeneira.gal\\\/index.php\\\/2020\\\/08\\\/31\\\/nova-anormalidade\\\/#primaryimage\"},\"thumbnailUrl\":\"https:\\\/\\\/www.anovapeneira.gal\\\/wp-content\\\/uploads\\\/2019\\\/07\\\/ARTIGO_DE_OPINION_A_NOVA_PENEIRA.jpg\",\"articleSection\":[\"Artigos de opini\u00f3n\"],\"inLanguage\":\"gl-ES\",\"potentialAction\":[{\"@type\":\"CommentAction\",\"name\":\"Comment\",\"target\":[\"https:\\\/\\\/www.anovapeneira.gal\\\/index.php\\\/2020\\\/08\\\/31\\\/nova-anormalidade\\\/#respond\"]}]},{\"@type\":\"WebPage\",\"@id\":\"https:\\\/\\\/www.anovapeneira.gal\\\/index.php\\\/2020\\\/08\\\/31\\\/nova-anormalidade\\\/\",\"url\":\"https:\\\/\\\/www.anovapeneira.gal\\\/index.php\\\/2020\\\/08\\\/31\\\/nova-anormalidade\\\/\",\"name\":\"Nova anormalidade -\",\"isPartOf\":{\"@id\":\"https:\\\/\\\/www.anovapeneira.gal\\\/#website\"},\"primaryImageOfPage\":{\"@id\":\"https:\\\/\\\/www.anovapeneira.gal\\\/index.php\\\/2020\\\/08\\\/31\\\/nova-anormalidade\\\/#primaryimage\"},\"image\":{\"@id\":\"https:\\\/\\\/www.anovapeneira.gal\\\/index.php\\\/2020\\\/08\\\/31\\\/nova-anormalidade\\\/#primaryimage\"},\"thumbnailUrl\":\"https:\\\/\\\/www.anovapeneira.gal\\\/wp-content\\\/uploads\\\/2019\\\/07\\\/ARTIGO_DE_OPINION_A_NOVA_PENEIRA.jpg\",\"datePublished\":\"2020-08-31T08:00:42+00:00\",\"breadcrumb\":{\"@id\":\"https:\\\/\\\/www.anovapeneira.gal\\\/index.php\\\/2020\\\/08\\\/31\\\/nova-anormalidade\\\/#breadcrumb\"},\"inLanguage\":\"gl-ES\",\"potentialAction\":[{\"@type\":\"ReadAction\",\"target\":[\"https:\\\/\\\/www.anovapeneira.gal\\\/index.php\\\/2020\\\/08\\\/31\\\/nova-anormalidade\\\/\"]}]},{\"@type\":\"ImageObject\",\"inLanguage\":\"gl-ES\",\"@id\":\"https:\\\/\\\/www.anovapeneira.gal\\\/index.php\\\/2020\\\/08\\\/31\\\/nova-anormalidade\\\/#primaryimage\",\"url\":\"https:\\\/\\\/www.anovapeneira.gal\\\/wp-content\\\/uploads\\\/2019\\\/07\\\/ARTIGO_DE_OPINION_A_NOVA_PENEIRA.jpg\",\"contentUrl\":\"https:\\\/\\\/www.anovapeneira.gal\\\/wp-content\\\/uploads\\\/2019\\\/07\\\/ARTIGO_DE_OPINION_A_NOVA_PENEIRA.jpg\",\"width\":720,\"height\":473,\"caption\":\"Artigo de opini\u00f3n A Nova Peneira\"},{\"@type\":\"BreadcrumbList\",\"@id\":\"https:\\\/\\\/www.anovapeneira.gal\\\/index.php\\\/2020\\\/08\\\/31\\\/nova-anormalidade\\\/#breadcrumb\",\"itemListElement\":[{\"@type\":\"ListItem\",\"position\":1,\"name\":\"Portada\",\"item\":\"https:\\\/\\\/www.anovapeneira.gal\\\/\"},{\"@type\":\"ListItem\",\"position\":2,\"name\":\"Nova anormalidade\"}]},{\"@type\":\"WebSite\",\"@id\":\"https:\\\/\\\/www.anovapeneira.gal\\\/#website\",\"url\":\"https:\\\/\\\/www.anovapeneira.gal\\\/\",\"name\":\"\",\"description\":\"Xornal galego de informaci\u00f3n xeral Publicaci\u00f3n mensual de novas de Galicia e en especial dos Concellos da sur da provincia de Pontevedra.\",\"publisher\":{\"@id\":\"https:\\\/\\\/www.anovapeneira.gal\\\/#organization\"},\"potentialAction\":[{\"@type\":\"SearchAction\",\"target\":{\"@type\":\"EntryPoint\",\"urlTemplate\":\"https:\\\/\\\/www.anovapeneira.gal\\\/?s={search_term_string}\"},\"query-input\":{\"@type\":\"PropertyValueSpecification\",\"valueRequired\":true,\"valueName\":\"search_term_string\"}}],\"inLanguage\":\"gl-ES\"},{\"@type\":\"Organization\",\"@id\":\"https:\\\/\\\/www.anovapeneira.gal\\\/#organization\",\"name\":\"A Nova Peneira\",\"url\":\"https:\\\/\\\/www.anovapeneira.gal\\\/\",\"logo\":{\"@type\":\"ImageObject\",\"inLanguage\":\"gl-ES\",\"@id\":\"https:\\\/\\\/www.anovapeneira.gal\\\/#\\\/schema\\\/logo\\\/image\\\/\",\"url\":\"http:\\\/\\\/www.anovapeneira.gal\\\/wp-content\\\/uploads\\\/2019\\\/06\\\/logo_a_nova_peneira_portal_web.png\",\"contentUrl\":\"http:\\\/\\\/www.anovapeneira.gal\\\/wp-content\\\/uploads\\\/2019\\\/06\\\/logo_a_nova_peneira_portal_web.png\",\"width\":300,\"height\":100,\"caption\":\"A Nova Peneira\"},\"image\":{\"@id\":\"https:\\\/\\\/www.anovapeneira.gal\\\/#\\\/schema\\\/logo\\\/image\\\/\"},\"sameAs\":[\"https:\\\/\\\/www.facebook.com\\\/anovapeneira\",\"https:\\\/\\\/x.com\\\/APeneira\"]},{\"@type\":\"Person\",\"@id\":\"https:\\\/\\\/www.anovapeneira.gal\\\/#\\\/schema\\\/person\\\/1b50ea4c70279e2639668c02bf1674e5\",\"name\":\"Xo\u00e1n Carlos Caballero\",\"image\":{\"@type\":\"ImageObject\",\"inLanguage\":\"gl-ES\",\"@id\":\"https:\\\/\\\/secure.gravatar.com\\\/avatar\\\/3527a74f68662d57f3183bf223473824f80a9c34a28b750bb59badaf22fb2f38?s=96&d=mm&r=g\",\"url\":\"https:\\\/\\\/secure.gravatar.com\\\/avatar\\\/3527a74f68662d57f3183bf223473824f80a9c34a28b750bb59badaf22fb2f38?s=96&d=mm&r=g\",\"contentUrl\":\"https:\\\/\\\/secure.gravatar.com\\\/avatar\\\/3527a74f68662d57f3183bf223473824f80a9c34a28b750bb59badaf22fb2f38?s=96&d=mm&r=g\",\"caption\":\"Xo\u00e1n Carlos Caballero\"},\"sameAs\":[\"http:\\\/\\\/anovapeneira.gal\"],\"url\":\"https:\\\/\\\/www.anovapeneira.gal\\\/index.php\\\/author\\\/xoan-carlos-caballero\\\/\"}]}<\/script>\n<!-- \/ Yoast SEO plugin. -->","yoast_head_json":{"title":"Nova anormalidade -","robots":{"index":"index","follow":"follow","max-snippet":"max-snippet:-1","max-image-preview":"max-image-preview:large","max-video-preview":"max-video-preview:-1"},"canonical":"https:\/\/www.anovapeneira.gal\/index.php\/2020\/08\/31\/nova-anormalidade\/","og_locale":"gl_ES","og_type":"article","og_title":"Nova anormalidade -","og_description":"Nunha farmacia, despois de facer varios minutos de cola, entra un educado atracador a cara descuberta. \u2014D\u00e9ame t\u00f3dolos cartos que te\u00f1a na caixa \u2014murmuroulle \u00e1 farmac\u00e9utica. \u2014De ningunha das maneiras, pero a quen se lle [...]","og_url":"https:\/\/www.anovapeneira.gal\/index.php\/2020\/08\/31\/nova-anormalidade\/","article_publisher":"https:\/\/www.facebook.com\/anovapeneira","article_published_time":"2020-08-31T08:00:42+00:00","og_image":[{"width":720,"height":473,"url":"https:\/\/www.anovapeneira.gal\/wp-content\/uploads\/2019\/07\/ARTIGO_DE_OPINION_A_NOVA_PENEIRA.jpg","type":"image\/jpeg"}],"author":"Xo\u00e1n Carlos Caballero","twitter_card":"summary_large_image","twitter_creator":"@APeneira","twitter_site":"@APeneira","twitter_misc":{"Escrito por":"Xo\u00e1n Carlos Caballero","Tempo de lectura":"4 minutos"},"schema":{"@context":"https:\/\/schema.org","@graph":[{"@type":"Article","@id":"https:\/\/www.anovapeneira.gal\/index.php\/2020\/08\/31\/nova-anormalidade\/#article","isPartOf":{"@id":"https:\/\/www.anovapeneira.gal\/index.php\/2020\/08\/31\/nova-anormalidade\/"},"author":{"name":"Xo\u00e1n Carlos Caballero","@id":"https:\/\/www.anovapeneira.gal\/#\/schema\/person\/1b50ea4c70279e2639668c02bf1674e5"},"headline":"Nova anormalidade","datePublished":"2020-08-31T08:00:42+00:00","mainEntityOfPage":{"@id":"https:\/\/www.anovapeneira.gal\/index.php\/2020\/08\/31\/nova-anormalidade\/"},"wordCount":770,"commentCount":0,"publisher":{"@id":"https:\/\/www.anovapeneira.gal\/#organization"},"image":{"@id":"https:\/\/www.anovapeneira.gal\/index.php\/2020\/08\/31\/nova-anormalidade\/#primaryimage"},"thumbnailUrl":"https:\/\/www.anovapeneira.gal\/wp-content\/uploads\/2019\/07\/ARTIGO_DE_OPINION_A_NOVA_PENEIRA.jpg","articleSection":["Artigos de opini\u00f3n"],"inLanguage":"gl-ES","potentialAction":[{"@type":"CommentAction","name":"Comment","target":["https:\/\/www.anovapeneira.gal\/index.php\/2020\/08\/31\/nova-anormalidade\/#respond"]}]},{"@type":"WebPage","@id":"https:\/\/www.anovapeneira.gal\/index.php\/2020\/08\/31\/nova-anormalidade\/","url":"https:\/\/www.anovapeneira.gal\/index.php\/2020\/08\/31\/nova-anormalidade\/","name":"Nova anormalidade -","isPartOf":{"@id":"https:\/\/www.anovapeneira.gal\/#website"},"primaryImageOfPage":{"@id":"https:\/\/www.anovapeneira.gal\/index.php\/2020\/08\/31\/nova-anormalidade\/#primaryimage"},"image":{"@id":"https:\/\/www.anovapeneira.gal\/index.php\/2020\/08\/31\/nova-anormalidade\/#primaryimage"},"thumbnailUrl":"https:\/\/www.anovapeneira.gal\/wp-content\/uploads\/2019\/07\/ARTIGO_DE_OPINION_A_NOVA_PENEIRA.jpg","datePublished":"2020-08-31T08:00:42+00:00","breadcrumb":{"@id":"https:\/\/www.anovapeneira.gal\/index.php\/2020\/08\/31\/nova-anormalidade\/#breadcrumb"},"inLanguage":"gl-ES","potentialAction":[{"@type":"ReadAction","target":["https:\/\/www.anovapeneira.gal\/index.php\/2020\/08\/31\/nova-anormalidade\/"]}]},{"@type":"ImageObject","inLanguage":"gl-ES","@id":"https:\/\/www.anovapeneira.gal\/index.php\/2020\/08\/31\/nova-anormalidade\/#primaryimage","url":"https:\/\/www.anovapeneira.gal\/wp-content\/uploads\/2019\/07\/ARTIGO_DE_OPINION_A_NOVA_PENEIRA.jpg","contentUrl":"https:\/\/www.anovapeneira.gal\/wp-content\/uploads\/2019\/07\/ARTIGO_DE_OPINION_A_NOVA_PENEIRA.jpg","width":720,"height":473,"caption":"Artigo de opini\u00f3n A Nova Peneira"},{"@type":"BreadcrumbList","@id":"https:\/\/www.anovapeneira.gal\/index.php\/2020\/08\/31\/nova-anormalidade\/#breadcrumb","itemListElement":[{"@type":"ListItem","position":1,"name":"Portada","item":"https:\/\/www.anovapeneira.gal\/"},{"@type":"ListItem","position":2,"name":"Nova anormalidade"}]},{"@type":"WebSite","@id":"https:\/\/www.anovapeneira.gal\/#website","url":"https:\/\/www.anovapeneira.gal\/","name":"","description":"Xornal galego de informaci\u00f3n xeral Publicaci\u00f3n mensual de novas de Galicia e en especial dos Concellos da sur da provincia de Pontevedra.","publisher":{"@id":"https:\/\/www.anovapeneira.gal\/#organization"},"potentialAction":[{"@type":"SearchAction","target":{"@type":"EntryPoint","urlTemplate":"https:\/\/www.anovapeneira.gal\/?s={search_term_string}"},"query-input":{"@type":"PropertyValueSpecification","valueRequired":true,"valueName":"search_term_string"}}],"inLanguage":"gl-ES"},{"@type":"Organization","@id":"https:\/\/www.anovapeneira.gal\/#organization","name":"A Nova Peneira","url":"https:\/\/www.anovapeneira.gal\/","logo":{"@type":"ImageObject","inLanguage":"gl-ES","@id":"https:\/\/www.anovapeneira.gal\/#\/schema\/logo\/image\/","url":"http:\/\/www.anovapeneira.gal\/wp-content\/uploads\/2019\/06\/logo_a_nova_peneira_portal_web.png","contentUrl":"http:\/\/www.anovapeneira.gal\/wp-content\/uploads\/2019\/06\/logo_a_nova_peneira_portal_web.png","width":300,"height":100,"caption":"A Nova Peneira"},"image":{"@id":"https:\/\/www.anovapeneira.gal\/#\/schema\/logo\/image\/"},"sameAs":["https:\/\/www.facebook.com\/anovapeneira","https:\/\/x.com\/APeneira"]},{"@type":"Person","@id":"https:\/\/www.anovapeneira.gal\/#\/schema\/person\/1b50ea4c70279e2639668c02bf1674e5","name":"Xo\u00e1n Carlos Caballero","image":{"@type":"ImageObject","inLanguage":"gl-ES","@id":"https:\/\/secure.gravatar.com\/avatar\/3527a74f68662d57f3183bf223473824f80a9c34a28b750bb59badaf22fb2f38?s=96&d=mm&r=g","url":"https:\/\/secure.gravatar.com\/avatar\/3527a74f68662d57f3183bf223473824f80a9c34a28b750bb59badaf22fb2f38?s=96&d=mm&r=g","contentUrl":"https:\/\/secure.gravatar.com\/avatar\/3527a74f68662d57f3183bf223473824f80a9c34a28b750bb59badaf22fb2f38?s=96&d=mm&r=g","caption":"Xo\u00e1n Carlos Caballero"},"sameAs":["http:\/\/anovapeneira.gal"],"url":"https:\/\/www.anovapeneira.gal\/index.php\/author\/xoan-carlos-caballero\/"}]}},"jetpack_featured_media_url":"https:\/\/www.anovapeneira.gal\/wp-content\/uploads\/2019\/07\/ARTIGO_DE_OPINION_A_NOVA_PENEIRA.jpg","_links":{"self":[{"href":"https:\/\/www.anovapeneira.gal\/index.php\/wp-json\/wp\/v2\/posts\/3806","targetHints":{"allow":["GET"]}}],"collection":[{"href":"https:\/\/www.anovapeneira.gal\/index.php\/wp-json\/wp\/v2\/posts"}],"about":[{"href":"https:\/\/www.anovapeneira.gal\/index.php\/wp-json\/wp\/v2\/types\/post"}],"author":[{"embeddable":true,"href":"https:\/\/www.anovapeneira.gal\/index.php\/wp-json\/wp\/v2\/users\/22"}],"replies":[{"embeddable":true,"href":"https:\/\/www.anovapeneira.gal\/index.php\/wp-json\/wp\/v2\/comments?post=3806"}],"version-history":[{"count":1,"href":"https:\/\/www.anovapeneira.gal\/index.php\/wp-json\/wp\/v2\/posts\/3806\/revisions"}],"predecessor-version":[{"id":3807,"href":"https:\/\/www.anovapeneira.gal\/index.php\/wp-json\/wp\/v2\/posts\/3806\/revisions\/3807"}],"wp:featuredmedia":[{"embeddable":true,"href":"https:\/\/www.anovapeneira.gal\/index.php\/wp-json\/wp\/v2\/media\/584"}],"wp:attachment":[{"href":"https:\/\/www.anovapeneira.gal\/index.php\/wp-json\/wp\/v2\/media?parent=3806"}],"wp:term":[{"taxonomy":"category","embeddable":true,"href":"https:\/\/www.anovapeneira.gal\/index.php\/wp-json\/wp\/v2\/categories?post=3806"},{"taxonomy":"post_tag","embeddable":true,"href":"https:\/\/www.anovapeneira.gal\/index.php\/wp-json\/wp\/v2\/tags?post=3806"}],"curies":[{"name":"wp","href":"https:\/\/api.w.org\/{rel}","templated":true}]}}