{"id":3817,"date":"2020-09-01T10:00:16","date_gmt":"2020-09-01T08:00:16","guid":{"rendered":"http:\/\/www.anovapeneira.gal\/?p=3817"},"modified":"2020-08-30T09:11:38","modified_gmt":"2020-08-30T07:11:38","slug":"a-xunta-prioriza-a-parroquia-de-padrons-para-o-desbroce-das-faixas-de-defensa-contra-incendios","status":"publish","type":"post","link":"https:\/\/www.anovapeneira.gal\/index.php\/2020\/09\/01\/a-xunta-prioriza-a-parroquia-de-padrons-para-o-desbroce-das-faixas-de-defensa-contra-incendios\/","title":{"rendered":"A Xunta prioriza a parroquia de Padr\u00f3ns para  o desbroce das faixas de defensa contra incendios"},"content":{"rendered":"\n<h2 class=\"wp-block-heading\"><strong>A superficie de actuaci\u00f3n \u00e9 de 131,52 hect\u00e1reas dun total de 2.079 parcelas das cales, 1.179 cunha superficie de 80,84 hect\u00e1reas est\u00e1n ben xestionadas<\/strong><\/h2>\n\n\n\n<p>A Concelleira de Medio Ambiente, Rosa Covelo, v\u00e9n de informar de que en base ao convenio de colaboraci\u00f3n subscrito entre a Xunta de Galicia, a FEGAMP e a empresa p\u00fablica SEAGA, ao que se adher\u00edu o Concello de Ponteareas, en materia de prevenci\u00f3n e defensa contra incendios forestais, para o establecemento dun sistema p\u00fablico de xesti\u00f3n da biomasa, no concello de Ponteareas foi seleccionada como prioritaria a parroquia de Padr\u00f3ns para realizar a xesti\u00f3n da biomasa nas faixas secundarias.<\/p>\n\n\n\n<p>Nunha recente reuni\u00f3n celebrada no torreiro de Padr\u00f3ns, o alcalde de Ponteareas, Xos\u00e9 Represas e a concelleira de Medio Ambiente, acompa\u00f1ados da t\u00e9cnica municipal e dun t\u00e9cnico de Seaga, informaron das zonas das faixas secundarias na parroquia, onde o sistema p\u00fablico realizar\u00e1 a xesti\u00f3n da biomasa. A superficie de actuaci\u00f3n \u00e9 de 131,52 hect\u00e1reas dun total de 2.079 parcelas das cales, 1.179 cunha superficie de 80,84 hect\u00e1reas est\u00e1n ben xestionadas e non precisan ning\u00fan tipo de actuaci\u00f3n, centr\u00e1ndose agora os esforzos nas 882 parcelas restantes que suman 50,68 hect\u00e1reas, segundo os datos facilitados por SEAGA.<\/p>\n\n\n\n<p>En base ao citado convenio, as e os propietarios de parcelas situadas nas faixas secundarias, que desexen que o sistema p\u00fablico se faga responsable da xesti\u00f3n da biomasa das s\u00faas parcelas poden facelo a trav\u00e9s do Concello, mediante a sinatura dun contrato de xesti\u00f3n da biomasa, como xa fixeron ducias de veci\u00f1os e de veci\u00f1as de Padr\u00f3ns nas \u00faltimas semanas.<\/p>\n\n\n\n<p>Este sistema p\u00fablico consiste na posibilidade de contratar a xesti\u00f3n da biomasa vexetal, nas redes de faixas secundarias, a trav\u00e9s da empresa p\u00fablica Seaga que a realizar\u00e1 a cambio dunha tarifa anual de 35 \u20ac por cada 1.000 m2, asumindo todas as obrigas que corresponden \u00e1s persoas responsables segundo a Lei 3\/2007, de prevenci\u00f3n e defensa contra os incendios forestais de Galicia.<\/p>\n\n\n\n<p>Nos casos de incumprimento e de propietarios desco\u00f1ecidos ou ilocalizables, o Concello encargar\u00e1 a Seaga a execuci\u00f3n do desbroce desas parcelas repercutindo posteriormente os costes da xesti\u00f3n da biomasa aos propietarios, sen prexu\u00edzo da instruci\u00f3n do procedemento sancionador que corresponda.<\/p>\n\n\n\n<p>Deste xeito se deber\u00e1 dar cumprimento por parte dos propietarios e propietarias de todos os predios, montes e soares inclu\u00eddos nas faixas secundarias \u00e1s obrigas de prevenci\u00f3n e defensa contra os incendios forestais, mant\u00e9ndose nas mellores condici\u00f3ns de funcionalidade, seguridade, salubridade e limpeza co fin de previr e evitar o risco de incendios, sendo as distancias de seguridade a respectar de 50 metros dende as edificaci\u00f3ns libre de maleza e libre de pino, mimosa, eucalipto, fento, toxo, acacias e resto das especies que regula a normativa.<\/p>\n\n\n\n<p>Para a consulta das parcelas de Padr\u00f3ns inclu\u00eddas nas faixas secundrais, os planos poden consultarse na web municipal. Para aclarar algunha d\u00fabida relativa \u00e1s parcelas ou informaci\u00f3n acerca deste tr\u00e1mite ao respecto deste procedemento poder\u00e1 coller cita previa tfno.986090164 ou mediante correo electr\u00f3nico medioambiente@ponteareas.gal. Os d\u00edas de Atenci\u00f3n ao P\u00fablico ser\u00e1n os Martes e Xoves sempre con cita previa.<\/p>\n","protected":false},"excerpt":{"rendered":"<div class=\"mh-excerpt\"><p>A superficie de actuaci\u00f3n \u00e9 de 131,52 hect\u00e1reas dun total de 2.079 parcelas das cales, 1.179 cunha superficie de 80,84 hect\u00e1reas est\u00e1n ben xestionadas <a class=\"mh-excerpt-more\" href=\"https:\/\/www.anovapeneira.gal\/index.php\/2020\/09\/01\/a-xunta-prioriza-a-parroquia-de-padrons-para-o-desbroce-das-faixas-de-defensa-contra-incendios\/\" title=\"A Xunta prioriza a parroquia de Padr\u00f3ns para  o desbroce das faixas de defensa contra incendios\">[&#8230;]<\/a><\/p>\n<\/div>","protected":false},"author":3,"featured_media":3818,"comment_status":"open","ping_status":"open","sticky":false,"template":"","format":"standard","meta":{"_exactmetrics_skip_tracking":false,"_exactmetrics_sitenote_active":false,"_exactmetrics_sitenote_note":"","_exactmetrics_sitenote_category":0,"footnotes":""},"categories":[25],"tags":[208],"class_list":{"0":"post-3817","1":"post","2":"type-post","3":"status-publish","4":"format-standard","5":"has-post-thumbnail","7":"category-condado","8":"tag-concello-de-ponteareas"},"yoast_head":"<!-- This site is optimized with the Yoast SEO plugin v27.4 - https:\/\/yoast.com\/product\/yoast-seo-wordpress\/ -->\n<title>A Xunta prioriza a parroquia de Padr\u00f3ns para o desbroce das faixas de defensa contra incendios -<\/title>\n<meta name=\"description\" content=\"A superficie de actuaci\u00f3n \u00e9 de 131,52 hect\u00e1reas dun total de 2.079 parcelas das cales, 1.179 cunha superficie de 80,84 hect\u00e1reas est\u00e1n ben xestionadas\" \/>\n<meta name=\"robots\" content=\"index, follow, max-snippet:-1, max-image-preview:large, max-video-preview:-1\" \/>\n<link rel=\"canonical\" href=\"https:\/\/www.anovapeneira.gal\/index.php\/2020\/09\/01\/a-xunta-prioriza-a-parroquia-de-padrons-para-o-desbroce-das-faixas-de-defensa-contra-incendios\/\" \/>\n<meta property=\"og:locale\" content=\"gl_ES\" \/>\n<meta property=\"og:type\" content=\"article\" \/>\n<meta property=\"og:title\" content=\"A Xunta prioriza a parroquia de Padr\u00f3ns para o desbroce das faixas de defensa contra incendios -\" \/>\n<meta property=\"og:description\" content=\"A superficie de actuaci\u00f3n \u00e9 de 131,52 hect\u00e1reas dun total de 2.079 parcelas das cales, 1.179 cunha superficie de 80,84 hect\u00e1reas est\u00e1n ben xestionadas\" \/>\n<meta property=\"og:url\" content=\"https:\/\/www.anovapeneira.gal\/index.php\/2020\/09\/01\/a-xunta-prioriza-a-parroquia-de-padrons-para-o-desbroce-das-faixas-de-defensa-contra-incendios\/\" \/>\n<meta property=\"article:publisher\" content=\"https:\/\/www.facebook.com\/anovapeneira\" \/>\n<meta property=\"article:published_time\" content=\"2020-09-01T08:00:16+00:00\" \/>\n<meta property=\"og:image\" content=\"https:\/\/www.anovapeneira.gal\/wp-content\/uploads\/2020\/08\/parroquia_padrons_a_nova_peneira.jpg\" \/>\n\t<meta property=\"og:image:width\" content=\"720\" \/>\n\t<meta property=\"og:image:height\" content=\"432\" \/>\n\t<meta property=\"og:image:type\" content=\"image\/jpeg\" \/>\n<meta name=\"author\" content=\"Redacci\u00f3n A Nova Peneira\" \/>\n<meta name=\"twitter:card\" content=\"summary_large_image\" \/>\n<meta name=\"twitter:creator\" content=\"@APeneira\" \/>\n<meta name=\"twitter:site\" content=\"@APeneira\" \/>\n<meta name=\"twitter:label1\" content=\"Escrito por\" \/>\n\t<meta name=\"twitter:data1\" content=\"Redacci\u00f3n A Nova Peneira\" \/>\n\t<meta name=\"twitter:label2\" content=\"Tempo de lectura\" \/>\n\t<meta name=\"twitter:data2\" content=\"3 minutos\" \/>\n<script type=\"application\/ld+json\" class=\"yoast-schema-graph\">{\"@context\":\"https:\\\/\\\/schema.org\",\"@graph\":[{\"@type\":\"Article\",\"@id\":\"https:\\\/\\\/www.anovapeneira.gal\\\/index.php\\\/2020\\\/09\\\/01\\\/a-xunta-prioriza-a-parroquia-de-padrons-para-o-desbroce-das-faixas-de-defensa-contra-incendios\\\/#article\",\"isPartOf\":{\"@id\":\"https:\\\/\\\/www.anovapeneira.gal\\\/index.php\\\/2020\\\/09\\\/01\\\/a-xunta-prioriza-a-parroquia-de-padrons-para-o-desbroce-das-faixas-de-defensa-contra-incendios\\\/\"},\"author\":{\"name\":\"Redacci\u00f3n A Nova Peneira\",\"@id\":\"https:\\\/\\\/www.anovapeneira.gal\\\/#\\\/schema\\\/person\\\/b93e3f8932e3f8da96334607eb6ac6aa\"},\"headline\":\"A Xunta prioriza a parroquia de Padr\u00f3ns para o desbroce das faixas de defensa contra incendios\",\"datePublished\":\"2020-09-01T08:00:16+00:00\",\"mainEntityOfPage\":{\"@id\":\"https:\\\/\\\/www.anovapeneira.gal\\\/index.php\\\/2020\\\/09\\\/01\\\/a-xunta-prioriza-a-parroquia-de-padrons-para-o-desbroce-das-faixas-de-defensa-contra-incendios\\\/\"},\"wordCount\":568,\"commentCount\":0,\"publisher\":{\"@id\":\"https:\\\/\\\/www.anovapeneira.gal\\\/#organization\"},\"image\":{\"@id\":\"https:\\\/\\\/www.anovapeneira.gal\\\/index.php\\\/2020\\\/09\\\/01\\\/a-xunta-prioriza-a-parroquia-de-padrons-para-o-desbroce-das-faixas-de-defensa-contra-incendios\\\/#primaryimage\"},\"thumbnailUrl\":\"https:\\\/\\\/www.anovapeneira.gal\\\/wp-content\\\/uploads\\\/2020\\\/08\\\/parroquia_padrons_a_nova_peneira.jpg\",\"keywords\":[\"Concello de Ponteareas\"],\"articleSection\":[\"Condado\"],\"inLanguage\":\"gl-ES\",\"potentialAction\":[{\"@type\":\"CommentAction\",\"name\":\"Comment\",\"target\":[\"https:\\\/\\\/www.anovapeneira.gal\\\/index.php\\\/2020\\\/09\\\/01\\\/a-xunta-prioriza-a-parroquia-de-padrons-para-o-desbroce-das-faixas-de-defensa-contra-incendios\\\/#respond\"]}]},{\"@type\":\"WebPage\",\"@id\":\"https:\\\/\\\/www.anovapeneira.gal\\\/index.php\\\/2020\\\/09\\\/01\\\/a-xunta-prioriza-a-parroquia-de-padrons-para-o-desbroce-das-faixas-de-defensa-contra-incendios\\\/\",\"url\":\"https:\\\/\\\/www.anovapeneira.gal\\\/index.php\\\/2020\\\/09\\\/01\\\/a-xunta-prioriza-a-parroquia-de-padrons-para-o-desbroce-das-faixas-de-defensa-contra-incendios\\\/\",\"name\":\"A Xunta prioriza a parroquia de Padr\u00f3ns para o desbroce das faixas de defensa contra incendios -\",\"isPartOf\":{\"@id\":\"https:\\\/\\\/www.anovapeneira.gal\\\/#website\"},\"primaryImageOfPage\":{\"@id\":\"https:\\\/\\\/www.anovapeneira.gal\\\/index.php\\\/2020\\\/09\\\/01\\\/a-xunta-prioriza-a-parroquia-de-padrons-para-o-desbroce-das-faixas-de-defensa-contra-incendios\\\/#primaryimage\"},\"image\":{\"@id\":\"https:\\\/\\\/www.anovapeneira.gal\\\/index.php\\\/2020\\\/09\\\/01\\\/a-xunta-prioriza-a-parroquia-de-padrons-para-o-desbroce-das-faixas-de-defensa-contra-incendios\\\/#primaryimage\"},\"thumbnailUrl\":\"https:\\\/\\\/www.anovapeneira.gal\\\/wp-content\\\/uploads\\\/2020\\\/08\\\/parroquia_padrons_a_nova_peneira.jpg\",\"datePublished\":\"2020-09-01T08:00:16+00:00\",\"description\":\"A superficie de actuaci\u00f3n \u00e9 de 131,52 hect\u00e1reas dun total de 2.079 parcelas das cales, 1.179 cunha superficie de 80,84 hect\u00e1reas est\u00e1n ben xestionadas\",\"breadcrumb\":{\"@id\":\"https:\\\/\\\/www.anovapeneira.gal\\\/index.php\\\/2020\\\/09\\\/01\\\/a-xunta-prioriza-a-parroquia-de-padrons-para-o-desbroce-das-faixas-de-defensa-contra-incendios\\\/#breadcrumb\"},\"inLanguage\":\"gl-ES\",\"potentialAction\":[{\"@type\":\"ReadAction\",\"target\":[\"https:\\\/\\\/www.anovapeneira.gal\\\/index.php\\\/2020\\\/09\\\/01\\\/a-xunta-prioriza-a-parroquia-de-padrons-para-o-desbroce-das-faixas-de-defensa-contra-incendios\\\/\"]}]},{\"@type\":\"ImageObject\",\"inLanguage\":\"gl-ES\",\"@id\":\"https:\\\/\\\/www.anovapeneira.gal\\\/index.php\\\/2020\\\/09\\\/01\\\/a-xunta-prioriza-a-parroquia-de-padrons-para-o-desbroce-das-faixas-de-defensa-contra-incendios\\\/#primaryimage\",\"url\":\"https:\\\/\\\/www.anovapeneira.gal\\\/wp-content\\\/uploads\\\/2020\\\/08\\\/parroquia_padrons_a_nova_peneira.jpg\",\"contentUrl\":\"https:\\\/\\\/www.anovapeneira.gal\\\/wp-content\\\/uploads\\\/2020\\\/08\\\/parroquia_padrons_a_nova_peneira.jpg\",\"width\":720,\"height\":432,\"caption\":\"A Xunta prioriza a parroquia de Padr\u00f3ns para o desbroce das faixas de defensa contra incendios\"},{\"@type\":\"BreadcrumbList\",\"@id\":\"https:\\\/\\\/www.anovapeneira.gal\\\/index.php\\\/2020\\\/09\\\/01\\\/a-xunta-prioriza-a-parroquia-de-padrons-para-o-desbroce-das-faixas-de-defensa-contra-incendios\\\/#breadcrumb\",\"itemListElement\":[{\"@type\":\"ListItem\",\"position\":1,\"name\":\"Portada\",\"item\":\"https:\\\/\\\/www.anovapeneira.gal\\\/\"},{\"@type\":\"ListItem\",\"position\":2,\"name\":\"A Xunta prioriza a parroquia de Padr\u00f3ns para o desbroce das faixas de defensa contra incendios\"}]},{\"@type\":\"WebSite\",\"@id\":\"https:\\\/\\\/www.anovapeneira.gal\\\/#website\",\"url\":\"https:\\\/\\\/www.anovapeneira.gal\\\/\",\"name\":\"\",\"description\":\"Xornal galego de informaci\u00f3n xeral Publicaci\u00f3n mensual de novas de Galicia e en especial dos Concellos da sur da provincia de Pontevedra.\",\"publisher\":{\"@id\":\"https:\\\/\\\/www.anovapeneira.gal\\\/#organization\"},\"potentialAction\":[{\"@type\":\"SearchAction\",\"target\":{\"@type\":\"EntryPoint\",\"urlTemplate\":\"https:\\\/\\\/www.anovapeneira.gal\\\/?s={search_term_string}\"},\"query-input\":{\"@type\":\"PropertyValueSpecification\",\"valueRequired\":true,\"valueName\":\"search_term_string\"}}],\"inLanguage\":\"gl-ES\"},{\"@type\":\"Organization\",\"@id\":\"https:\\\/\\\/www.anovapeneira.gal\\\/#organization\",\"name\":\"A Nova Peneira\",\"url\":\"https:\\\/\\\/www.anovapeneira.gal\\\/\",\"logo\":{\"@type\":\"ImageObject\",\"inLanguage\":\"gl-ES\",\"@id\":\"https:\\\/\\\/www.anovapeneira.gal\\\/#\\\/schema\\\/logo\\\/image\\\/\",\"url\":\"http:\\\/\\\/www.anovapeneira.gal\\\/wp-content\\\/uploads\\\/2019\\\/06\\\/logo_a_nova_peneira_portal_web.png\",\"contentUrl\":\"http:\\\/\\\/www.anovapeneira.gal\\\/wp-content\\\/uploads\\\/2019\\\/06\\\/logo_a_nova_peneira_portal_web.png\",\"width\":300,\"height\":100,\"caption\":\"A Nova Peneira\"},\"image\":{\"@id\":\"https:\\\/\\\/www.anovapeneira.gal\\\/#\\\/schema\\\/logo\\\/image\\\/\"},\"sameAs\":[\"https:\\\/\\\/www.facebook.com\\\/anovapeneira\",\"https:\\\/\\\/x.com\\\/APeneira\"]},{\"@type\":\"Person\",\"@id\":\"https:\\\/\\\/www.anovapeneira.gal\\\/#\\\/schema\\\/person\\\/b93e3f8932e3f8da96334607eb6ac6aa\",\"name\":\"Redacci\u00f3n A Nova Peneira\",\"image\":{\"@type\":\"ImageObject\",\"inLanguage\":\"gl-ES\",\"@id\":\"https:\\\/\\\/secure.gravatar.com\\\/avatar\\\/c052a2551a06e23fac63626232eaa90abd78dbcf1700fc46a2b2c89fd27b735f?s=96&d=mm&r=g\",\"url\":\"https:\\\/\\\/secure.gravatar.com\\\/avatar\\\/c052a2551a06e23fac63626232eaa90abd78dbcf1700fc46a2b2c89fd27b735f?s=96&d=mm&r=g\",\"contentUrl\":\"https:\\\/\\\/secure.gravatar.com\\\/avatar\\\/c052a2551a06e23fac63626232eaa90abd78dbcf1700fc46a2b2c89fd27b735f?s=96&d=mm&r=g\",\"caption\":\"Redacci\u00f3n A Nova Peneira\"},\"sameAs\":[\"http:\\\/\\\/www.anovapeneira.gal\\\/\"],\"url\":\"https:\\\/\\\/www.anovapeneira.gal\\\/index.php\\\/author\\\/redactor\\\/\"}]}<\/script>\n<!-- \/ Yoast SEO plugin. -->","yoast_head_json":{"title":"A Xunta prioriza a parroquia de Padr\u00f3ns para o desbroce das faixas de defensa contra incendios -","description":"A superficie de actuaci\u00f3n \u00e9 de 131,52 hect\u00e1reas dun total de 2.079 parcelas das cales, 1.179 cunha superficie de 80,84 hect\u00e1reas est\u00e1n ben xestionadas","robots":{"index":"index","follow":"follow","max-snippet":"max-snippet:-1","max-image-preview":"max-image-preview:large","max-video-preview":"max-video-preview:-1"},"canonical":"https:\/\/www.anovapeneira.gal\/index.php\/2020\/09\/01\/a-xunta-prioriza-a-parroquia-de-padrons-para-o-desbroce-das-faixas-de-defensa-contra-incendios\/","og_locale":"gl_ES","og_type":"article","og_title":"A Xunta prioriza a parroquia de Padr\u00f3ns para o desbroce das faixas de defensa contra incendios -","og_description":"A superficie de actuaci\u00f3n \u00e9 de 131,52 hect\u00e1reas dun total de 2.079 parcelas das cales, 1.179 cunha superficie de 80,84 hect\u00e1reas est\u00e1n ben xestionadas","og_url":"https:\/\/www.anovapeneira.gal\/index.php\/2020\/09\/01\/a-xunta-prioriza-a-parroquia-de-padrons-para-o-desbroce-das-faixas-de-defensa-contra-incendios\/","article_publisher":"https:\/\/www.facebook.com\/anovapeneira","article_published_time":"2020-09-01T08:00:16+00:00","og_image":[{"width":720,"height":432,"url":"https:\/\/www.anovapeneira.gal\/wp-content\/uploads\/2020\/08\/parroquia_padrons_a_nova_peneira.jpg","type":"image\/jpeg"}],"author":"Redacci\u00f3n A Nova Peneira","twitter_card":"summary_large_image","twitter_creator":"@APeneira","twitter_site":"@APeneira","twitter_misc":{"Escrito por":"Redacci\u00f3n A Nova Peneira","Tempo de lectura":"3 minutos"},"schema":{"@context":"https:\/\/schema.org","@graph":[{"@type":"Article","@id":"https:\/\/www.anovapeneira.gal\/index.php\/2020\/09\/01\/a-xunta-prioriza-a-parroquia-de-padrons-para-o-desbroce-das-faixas-de-defensa-contra-incendios\/#article","isPartOf":{"@id":"https:\/\/www.anovapeneira.gal\/index.php\/2020\/09\/01\/a-xunta-prioriza-a-parroquia-de-padrons-para-o-desbroce-das-faixas-de-defensa-contra-incendios\/"},"author":{"name":"Redacci\u00f3n A Nova Peneira","@id":"https:\/\/www.anovapeneira.gal\/#\/schema\/person\/b93e3f8932e3f8da96334607eb6ac6aa"},"headline":"A Xunta prioriza a parroquia de Padr\u00f3ns para o desbroce das faixas de defensa contra incendios","datePublished":"2020-09-01T08:00:16+00:00","mainEntityOfPage":{"@id":"https:\/\/www.anovapeneira.gal\/index.php\/2020\/09\/01\/a-xunta-prioriza-a-parroquia-de-padrons-para-o-desbroce-das-faixas-de-defensa-contra-incendios\/"},"wordCount":568,"commentCount":0,"publisher":{"@id":"https:\/\/www.anovapeneira.gal\/#organization"},"image":{"@id":"https:\/\/www.anovapeneira.gal\/index.php\/2020\/09\/01\/a-xunta-prioriza-a-parroquia-de-padrons-para-o-desbroce-das-faixas-de-defensa-contra-incendios\/#primaryimage"},"thumbnailUrl":"https:\/\/www.anovapeneira.gal\/wp-content\/uploads\/2020\/08\/parroquia_padrons_a_nova_peneira.jpg","keywords":["Concello de Ponteareas"],"articleSection":["Condado"],"inLanguage":"gl-ES","potentialAction":[{"@type":"CommentAction","name":"Comment","target":["https:\/\/www.anovapeneira.gal\/index.php\/2020\/09\/01\/a-xunta-prioriza-a-parroquia-de-padrons-para-o-desbroce-das-faixas-de-defensa-contra-incendios\/#respond"]}]},{"@type":"WebPage","@id":"https:\/\/www.anovapeneira.gal\/index.php\/2020\/09\/01\/a-xunta-prioriza-a-parroquia-de-padrons-para-o-desbroce-das-faixas-de-defensa-contra-incendios\/","url":"https:\/\/www.anovapeneira.gal\/index.php\/2020\/09\/01\/a-xunta-prioriza-a-parroquia-de-padrons-para-o-desbroce-das-faixas-de-defensa-contra-incendios\/","name":"A Xunta prioriza a parroquia de Padr\u00f3ns para o desbroce das faixas de defensa contra incendios -","isPartOf":{"@id":"https:\/\/www.anovapeneira.gal\/#website"},"primaryImageOfPage":{"@id":"https:\/\/www.anovapeneira.gal\/index.php\/2020\/09\/01\/a-xunta-prioriza-a-parroquia-de-padrons-para-o-desbroce-das-faixas-de-defensa-contra-incendios\/#primaryimage"},"image":{"@id":"https:\/\/www.anovapeneira.gal\/index.php\/2020\/09\/01\/a-xunta-prioriza-a-parroquia-de-padrons-para-o-desbroce-das-faixas-de-defensa-contra-incendios\/#primaryimage"},"thumbnailUrl":"https:\/\/www.anovapeneira.gal\/wp-content\/uploads\/2020\/08\/parroquia_padrons_a_nova_peneira.jpg","datePublished":"2020-09-01T08:00:16+00:00","description":"A superficie de actuaci\u00f3n \u00e9 de 131,52 hect\u00e1reas dun total de 2.079 parcelas das cales, 1.179 cunha superficie de 80,84 hect\u00e1reas est\u00e1n ben xestionadas","breadcrumb":{"@id":"https:\/\/www.anovapeneira.gal\/index.php\/2020\/09\/01\/a-xunta-prioriza-a-parroquia-de-padrons-para-o-desbroce-das-faixas-de-defensa-contra-incendios\/#breadcrumb"},"inLanguage":"gl-ES","potentialAction":[{"@type":"ReadAction","target":["https:\/\/www.anovapeneira.gal\/index.php\/2020\/09\/01\/a-xunta-prioriza-a-parroquia-de-padrons-para-o-desbroce-das-faixas-de-defensa-contra-incendios\/"]}]},{"@type":"ImageObject","inLanguage":"gl-ES","@id":"https:\/\/www.anovapeneira.gal\/index.php\/2020\/09\/01\/a-xunta-prioriza-a-parroquia-de-padrons-para-o-desbroce-das-faixas-de-defensa-contra-incendios\/#primaryimage","url":"https:\/\/www.anovapeneira.gal\/wp-content\/uploads\/2020\/08\/parroquia_padrons_a_nova_peneira.jpg","contentUrl":"https:\/\/www.anovapeneira.gal\/wp-content\/uploads\/2020\/08\/parroquia_padrons_a_nova_peneira.jpg","width":720,"height":432,"caption":"A Xunta prioriza a parroquia de Padr\u00f3ns para o desbroce das faixas de defensa contra incendios"},{"@type":"BreadcrumbList","@id":"https:\/\/www.anovapeneira.gal\/index.php\/2020\/09\/01\/a-xunta-prioriza-a-parroquia-de-padrons-para-o-desbroce-das-faixas-de-defensa-contra-incendios\/#breadcrumb","itemListElement":[{"@type":"ListItem","position":1,"name":"Portada","item":"https:\/\/www.anovapeneira.gal\/"},{"@type":"ListItem","position":2,"name":"A Xunta prioriza a parroquia de Padr\u00f3ns para o desbroce das faixas de defensa contra incendios"}]},{"@type":"WebSite","@id":"https:\/\/www.anovapeneira.gal\/#website","url":"https:\/\/www.anovapeneira.gal\/","name":"","description":"Xornal galego de informaci\u00f3n xeral Publicaci\u00f3n mensual de novas de Galicia e en especial dos Concellos da sur da provincia de Pontevedra.","publisher":{"@id":"https:\/\/www.anovapeneira.gal\/#organization"},"potentialAction":[{"@type":"SearchAction","target":{"@type":"EntryPoint","urlTemplate":"https:\/\/www.anovapeneira.gal\/?s={search_term_string}"},"query-input":{"@type":"PropertyValueSpecification","valueRequired":true,"valueName":"search_term_string"}}],"inLanguage":"gl-ES"},{"@type":"Organization","@id":"https:\/\/www.anovapeneira.gal\/#organization","name":"A Nova Peneira","url":"https:\/\/www.anovapeneira.gal\/","logo":{"@type":"ImageObject","inLanguage":"gl-ES","@id":"https:\/\/www.anovapeneira.gal\/#\/schema\/logo\/image\/","url":"http:\/\/www.anovapeneira.gal\/wp-content\/uploads\/2019\/06\/logo_a_nova_peneira_portal_web.png","contentUrl":"http:\/\/www.anovapeneira.gal\/wp-content\/uploads\/2019\/06\/logo_a_nova_peneira_portal_web.png","width":300,"height":100,"caption":"A Nova Peneira"},"image":{"@id":"https:\/\/www.anovapeneira.gal\/#\/schema\/logo\/image\/"},"sameAs":["https:\/\/www.facebook.com\/anovapeneira","https:\/\/x.com\/APeneira"]},{"@type":"Person","@id":"https:\/\/www.anovapeneira.gal\/#\/schema\/person\/b93e3f8932e3f8da96334607eb6ac6aa","name":"Redacci\u00f3n A Nova Peneira","image":{"@type":"ImageObject","inLanguage":"gl-ES","@id":"https:\/\/secure.gravatar.com\/avatar\/c052a2551a06e23fac63626232eaa90abd78dbcf1700fc46a2b2c89fd27b735f?s=96&d=mm&r=g","url":"https:\/\/secure.gravatar.com\/avatar\/c052a2551a06e23fac63626232eaa90abd78dbcf1700fc46a2b2c89fd27b735f?s=96&d=mm&r=g","contentUrl":"https:\/\/secure.gravatar.com\/avatar\/c052a2551a06e23fac63626232eaa90abd78dbcf1700fc46a2b2c89fd27b735f?s=96&d=mm&r=g","caption":"Redacci\u00f3n A Nova Peneira"},"sameAs":["http:\/\/www.anovapeneira.gal\/"],"url":"https:\/\/www.anovapeneira.gal\/index.php\/author\/redactor\/"}]}},"jetpack_featured_media_url":"https:\/\/www.anovapeneira.gal\/wp-content\/uploads\/2020\/08\/parroquia_padrons_a_nova_peneira.jpg","_links":{"self":[{"href":"https:\/\/www.anovapeneira.gal\/index.php\/wp-json\/wp\/v2\/posts\/3817","targetHints":{"allow":["GET"]}}],"collection":[{"href":"https:\/\/www.anovapeneira.gal\/index.php\/wp-json\/wp\/v2\/posts"}],"about":[{"href":"https:\/\/www.anovapeneira.gal\/index.php\/wp-json\/wp\/v2\/types\/post"}],"author":[{"embeddable":true,"href":"https:\/\/www.anovapeneira.gal\/index.php\/wp-json\/wp\/v2\/users\/3"}],"replies":[{"embeddable":true,"href":"https:\/\/www.anovapeneira.gal\/index.php\/wp-json\/wp\/v2\/comments?post=3817"}],"version-history":[{"count":1,"href":"https:\/\/www.anovapeneira.gal\/index.php\/wp-json\/wp\/v2\/posts\/3817\/revisions"}],"predecessor-version":[{"id":3819,"href":"https:\/\/www.anovapeneira.gal\/index.php\/wp-json\/wp\/v2\/posts\/3817\/revisions\/3819"}],"wp:featuredmedia":[{"embeddable":true,"href":"https:\/\/www.anovapeneira.gal\/index.php\/wp-json\/wp\/v2\/media\/3818"}],"wp:attachment":[{"href":"https:\/\/www.anovapeneira.gal\/index.php\/wp-json\/wp\/v2\/media?parent=3817"}],"wp:term":[{"taxonomy":"category","embeddable":true,"href":"https:\/\/www.anovapeneira.gal\/index.php\/wp-json\/wp\/v2\/categories?post=3817"},{"taxonomy":"post_tag","embeddable":true,"href":"https:\/\/www.anovapeneira.gal\/index.php\/wp-json\/wp\/v2\/tags?post=3817"}],"curies":[{"name":"wp","href":"https:\/\/api.w.org\/{rel}","templated":true}]}}