{"id":382,"date":"2019-07-11T08:15:51","date_gmt":"2019-07-11T06:15:51","guid":{"rendered":"http:\/\/www.anovapeneira.gal\/?p=382"},"modified":"2019-07-21T22:48:37","modified_gmt":"2019-07-21T20:48:37","slug":"jessica-garcia-concelleira-do-bng-de-redondela","status":"publish","type":"post","link":"https:\/\/www.anovapeneira.gal\/index.php\/2019\/07\/11\/jessica-garcia-concelleira-do-bng-de-redondela\/","title":{"rendered":"Jessica Garc\u00eda Concelleira do BNG De Redondela"},"content":{"rendered":"\n<p><strong>Nas\npasadas elecci\u00f3n municipais, case nos minutos de desconto, o BNG  de\nRedondela obti\u00f1a unha segunda acta, que converteu en concelleira \u00e1\nveci\u00f1a de Vilar Jessica Garc\u00eda. Jessica \u00e9 unha moza de 25 anos,\nfil\u00f3loga, como o que isto escribe, e dunha solvencia intelectual e\nmoral m\u00e1is que notable. Te\u00f1o a convicci\u00f3n de que o futuro do\nnacionalismo na vila dos viadutos est\u00e1 garantido en persoas como\nela, que sen d\u00fabida ter\u00e1 un papel moi relevante nas vindeiras\nd\u00e9cadas da pol\u00edtica galega. Acheg\u00e1monos ata o local do bloque na\nvila para co\u00f1ec\u00e9rmola mellor.<\/strong><\/p>\n\n\n\n<p>\u201c<strong>A NOSA\nOPOSICI\u00d3N SER\u00c1 HONESTA E CONSTRUTIVA,ESTOU SEGURA DE QUE CO PSOE E\nCON AER IMOS TER MOITOS PUNTOS DE ENCONTRO\u201d<\/strong><\/p>\n\n\n\n<p><strong>Ti es unha\nrapaza nova, tes 25 anos, para as veci\u00f1as e veci\u00f1os que non te\nco\u00f1ezan; quen \u00e9 Jessica Garc\u00eda?<\/strong><\/p>\n\n\n\n<blockquote class=\"wp-block-quote is-layout-flow wp-block-quote-is-layout-flow\"><p>Eu son veci\u00f1a da parroquia de Vilar, son graduada en lingua e literatura galega, fixen estudos portugueses en Braga, de feito estiven un ano vivindo al\u00ed. E na actualidade traballo no eido comercial no sector das telecomunicaci\u00f3ns. A corto prazo, se todo vai ben, te\u00f1o a intenci\u00f3n de comezar un m\u00e1ster para opositar a educaci\u00f3n secundaria.<\/p><\/blockquote>\n\n\n\n<p><strong>Vaia, \u00e9\nnecesario facer un m\u00e1ster para opositar?<\/strong><\/p>\n\n\n\n<blockquote class=\"wp-block-quote is-layout-flow wp-block-quote-is-layout-flow\"><p>Si, \u00e9 necesario. Un exemplo claro das pol\u00edticas do PP que elitizan a educaci\u00f3n e complican o acceso ao mercado laboral, a quen non te\u00f1a 7.000\u20ac para pagarse un m\u00e1ster privado. O PP cargouse a sociedade de benestar, dificulta considerablemente que as fillas e fillos das clases traballadoras poidamos estudar e ter un traballo digno relacionado cos nosos estudos. A min, quen m\u00e1is me fixo de esquerdas foi o PP.<\/p><\/blockquote>\n\n\n\n<p><strong>Acabas de\niniciar o mandato como concelleira da corporaci\u00f3n redondel\u00e1, e\na\u00ednda que \u00e9 moi pronto quero preguntarche como te sentes?<\/strong><\/p>\n\n\n\n<blockquote class=\"wp-block-quote is-layout-flow wp-block-quote-is-layout-flow\"><p>S\u00edntome moi contenta pola subida que experimentou o BNG de Redondela, despois duns anos convulsos, e con moitas ga\u00f1as de levar ao concello o intenso traballo de r\u00faa que desenvolve a nosa organizaci\u00f3n pol\u00edtica.<\/p><\/blockquote>\n\n\n\n<p><strong>A t\u00faa acta foi\nconseguida polos pelos, case nos minutos de prorroga,  iso\nsignificar\u00eda alegr\u00eda dupla, supo\u00f1o?<\/strong><\/p>\n\n\n\n<blockquote class=\"wp-block-quote is-layout-flow wp-block-quote-is-layout-flow\"><p>A verdade a noite electoral viviuse no noso local cunha intensidade m\u00e1xima, as emoci\u00f3ns de todas e todos os que aqu\u00ed estabamos mantiv\u00e9ronse en niveis elevad\u00edsimos;  ata m\u00e1is ou menos o 65% do reconto d\u00e1bannos dous, logo caemos a un e finalmente arredor do 98% recuperamos a segunda acta.<\/p><\/blockquote>\n\n\n\n<p><strong>E cando, con case o 100%, confirmouse que eras concelleira?<\/strong><\/p>\n\n\n\n<blockquote class=\"wp-block-quote is-layout-flow wp-block-quote-is-layout-flow\"><p>Celebr\u00e1molo como se ga\u00f1aramos a alcald\u00eda.<\/p><\/blockquote>\n\n\n\n<p><strong>Nesa suba que\nexperimentastes o traballo de Xo\u00e1n Carlos que parte de \u201cculpa\u201d\nten?<\/strong><\/p>\n\n\n\n<blockquote class=\"wp-block-quote is-layout-flow wp-block-quote-is-layout-flow\"><p>Eu creo que moita, considero que no mandato anterior, Xo\u00e1n Carlos foi a oposici\u00f3n real ao PP. A oposici\u00f3n do BNG foi a que levou as propostas realmente relevantes.<\/p><\/blockquote>\n\n\n\n<p><strong>Por exemplo?<\/strong><\/p>\n\n\n\n<blockquote class=\"wp-block-quote is-layout-flow wp-block-quote-is-layout-flow\"><p>As cuesti\u00f3ns sociais , ou as tra\u00eddas de augas.<\/p><\/blockquote>\n\n\n\n<p><strong>E a t\u00faa valoraci\u00f3n\nxeral dos resultados en Redondela?<\/strong><\/p>\n\n\n\n<blockquote class=\"wp-block-quote is-layout-flow wp-block-quote-is-layout-flow\"><p>Penso que quedou claro que a maior\u00eda de Redondela non quere ao partido popular. A nosa valoraci\u00f3n \u00e9 moi positiva polo cambio de goberno.<\/p><\/blockquote>\n\n\n\n<p><strong>Imaxino que tam\u00e9n\nvalorar\u00e1s de maneira positiva que, por primeira vez na historia,\nRedondela te\u00f1a unha alcaldesa?<\/strong><\/p>\n\n\n\n<blockquote class=\"wp-block-quote is-layout-flow wp-block-quote-is-layout-flow\"><p>Desde logo que si, para unha muller feminista coma min, \u00e9 unha circunstancia que me enche de alegr\u00eda, al\u00e9n de que as mulleres sexamos maior\u00eda no pleno.<\/p><\/blockquote>\n\n\n\n<p><strong>Non entendo as\nmotivaci\u00f3ns que vos impulsan a non entrar no goberno, e francamente\npenso que choca co discurso que estivestes mantendo estes anos?<\/strong><\/p>\n\n\n\n<blockquote class=\"wp-block-quote is-layout-flow wp-block-quote-is-layout-flow\"><p>Pois eu entendo que a nosa, \u00e9 unha decisi\u00f3n moi responsable. Desde o primeiro d\u00eda apoiamos a Digna para que ela puidese ser alcaldesa. Nos non entramos a formar parte dese goberno porque nun tripartito con 2 representantes de 12 non teriamos as capacidades para desenvolver o proxecto aut\u00f3nomo que ten o BNG para Redondela e para Galiza. N\u00f3s temos a intenci\u00f3n de manter canles flu\u00eddos de comunicaci\u00f3n co goberno, e imos facer unha oposici\u00f3n honesta e construtiva.<\/p><\/blockquote>\n\n\n\n<p><strong>Tal como quedou conformada a aritm\u00e9tica municipal v\u00f3s ides ter un papel moi relevante; 10 o goberno 9 a oposici\u00f3n do PP e v\u00f3s sodes 2 que seredes decisivos en moitas ocasi\u00f3ns; non che d\u00e1 medo ter que coincidir en votaci\u00f3ns coas posici\u00f3ns do PP e que se formule a hip\u00f3tese, que tanto lle gusta ao PSOE, da pinza , neste caso BNG\/PP?<\/strong><\/p>\n\n\n\n<blockquote class=\"wp-block-quote is-layout-flow wp-block-quote-is-layout-flow\"><p>Non. Estou segura de que co PSOE e con AER imos ter moit\u00edsimos puntos de encontro, ademais n\u00f3s somos xente seria e honesta e a nosa oposici\u00f3n ser\u00e1 construtiva, te\u00f1o claro que a do PP non. Que algunha vez poidamos coincidir co PP, pois non che digo que non, pero tam\u00e9n sucedeu estes anos.<\/p><\/blockquote>\n\n\n\n<p><strong>As li\u00f1as pol\u00edticas\nb\u00e1sicas que ides tratar de desenvolver?<\/strong><\/p>\n\n\n\n<blockquote class=\"wp-block-quote is-layout-flow wp-block-quote-is-layout-flow\"><p>Esencialmente meterlle man aos servizos sociais, para que dunha vez sexan eficaces e \u00fatiles na  atenci\u00f3n \u00e1s veci\u00f1as e veci\u00f1os que peor o pasan. A regresi\u00f3n en algo tan relevante, nestes anos de nefasto goberno do PP, foi horrible e c\u00f3mpre reconducir a s\u00faa xesti\u00f3n de contado. Por outra banda non queremos que o feminismo sexa algo meramente est\u00e9tico sen\u00f3n que todas as \u00e1reas de goberno desenvolvan pol\u00edticas autenticamente feministas. C\u00f3nstame que esa \u00e9 a intenci\u00f3n da alcaldesa, e al\u00ed ter\u00e1 ao BNG coa man tendida. Queremos mellorar substancialmente as tra\u00eddas de augas, recuperar a cultura como un sinal de identidade do noso pobo, pero todas as expresi\u00f3ns culturais independentes e libres&#8230;.<\/p><\/blockquote>\n\n\n\n<p><strong>Que pasou co facebook\ndo Concello de Redondela?<\/strong><\/p>\n\n\n\n<blockquote class=\"wp-block-quote is-layout-flow wp-block-quote-is-layout-flow\"><p>Seica estaba manexado por unha persoa de confianza do PP e ben, di que como estaba ao seu nome b\u00f3rrao e listo.<\/p><\/blockquote>\n\n\n\n<p><strong>Falemos de pa\u00eds, como\nves para o BNG a situaci\u00f3n cara as elecci\u00f3ns auton\u00f3micas do ano\npr\u00f3ximo?<\/strong><\/p>\n\n\n\n<blockquote class=\"wp-block-quote is-layout-flow wp-block-quote-is-layout-flow\"><p>Ben, entendo que a tendencia a alza do BNG \u00e9 incuestionable. A nosa posici\u00f3n de cohesi\u00f3n interna \u00e9 inmellorable e considero que o noso traballo \u00e9 enormemente valorado polo conxunto da sociedade galega. As perspectivas para o BNG son moi positivas e estou segura de que teremos unha suba moi importante e seremos decisivos na conformaci\u00f3n dun m\u00e1is que necesario goberno alternativo ao PP.<\/p><\/blockquote>\n\n\n\n<p><strong>Rematamos Jessica; que\npode esperar un veci\u00f1o ou veci\u00f1a de do traballo pol\u00edtico da\nconcelleira e do concelleiro do Bloque na corporaci\u00f3n de Redondela?<\/strong><\/p>\n\n\n\n<blockquote class=\"wp-block-quote is-layout-flow wp-block-quote-is-layout-flow\"><p>Que os defendamos sempre, que os seus intereses sexan os nosos, porque n\u00f3s somos como eles, e os seus problemas son tam\u00e9n os nosos.<\/p><\/blockquote>\n","protected":false},"excerpt":{"rendered":"<div class=\"mh-excerpt\"><p>Nas pasadas elecci\u00f3n municipais, case nos minutos de desconto, o BNG de Redondela obti\u00f1a unha segunda acta, que converteu en concelleira \u00e1 veci\u00f1a de Vilar Jessica Garc\u00eda. Jessica \u00e9 unha moza de 25 anos, fil\u00f3loga, <a class=\"mh-excerpt-more\" href=\"https:\/\/www.anovapeneira.gal\/index.php\/2019\/07\/11\/jessica-garcia-concelleira-do-bng-de-redondela\/\" title=\"Jessica Garc\u00eda Concelleira do BNG De Redondela\">[&#8230;]<\/a><\/p>\n<\/div>","protected":false},"author":3,"featured_media":384,"comment_status":"open","ping_status":"open","sticky":false,"template":"","format":"standard","meta":{"_exactmetrics_skip_tracking":false,"_exactmetrics_sitenote_active":false,"_exactmetrics_sitenote_note":"","_exactmetrics_sitenote_category":0,"footnotes":""},"categories":[270],"tags":[10,94,12,31],"class_list":{"0":"post-382","1":"post","2":"type-post","3":"status-publish","4":"format-standard","5":"has-post-thumbnail","7":"category-redondela-entrevistas","8":"tag-bng","9":"tag-jessica-garcia","10":"tag-politica","11":"tag-redondela"},"yoast_head":"<!-- This site is optimized with the Yoast SEO plugin v27.4 - https:\/\/yoast.com\/product\/yoast-seo-wordpress\/ -->\n<title>Jessica Garc\u00eda Concelleira do BNG De Redondela -<\/title>\n<meta name=\"robots\" content=\"index, follow, max-snippet:-1, max-image-preview:large, max-video-preview:-1\" \/>\n<link rel=\"canonical\" href=\"https:\/\/www.anovapeneira.gal\/index.php\/2019\/07\/11\/jessica-garcia-concelleira-do-bng-de-redondela\/\" \/>\n<meta property=\"og:locale\" content=\"gl_ES\" \/>\n<meta property=\"og:type\" content=\"article\" \/>\n<meta property=\"og:title\" content=\"Jessica Garc\u00eda Concelleira do BNG De Redondela -\" \/>\n<meta property=\"og:description\" content=\"Nas pasadas elecci\u00f3n municipais, case nos minutos de desconto, o BNG de Redondela obti\u00f1a unha segunda acta, que converteu en concelleira \u00e1 veci\u00f1a de Vilar Jessica Garc\u00eda. Jessica \u00e9 unha moza de 25 anos, fil\u00f3loga, [...]\" \/>\n<meta property=\"og:url\" content=\"https:\/\/www.anovapeneira.gal\/index.php\/2019\/07\/11\/jessica-garcia-concelleira-do-bng-de-redondela\/\" \/>\n<meta property=\"article:publisher\" content=\"https:\/\/www.facebook.com\/anovapeneira\" \/>\n<meta property=\"article:published_time\" content=\"2019-07-11T06:15:51+00:00\" \/>\n<meta property=\"article:modified_time\" content=\"2019-07-21T20:48:37+00:00\" \/>\n<meta property=\"og:image\" content=\"https:\/\/www.anovapeneira.gal\/wp-content\/uploads\/2019\/07\/Jessica_garcia_BNG_redondela.jpg\" \/>\n\t<meta property=\"og:image:width\" content=\"720\" \/>\n\t<meta property=\"og:image:height\" content=\"473\" \/>\n\t<meta property=\"og:image:type\" content=\"image\/jpeg\" \/>\n<meta name=\"author\" content=\"Redacci\u00f3n A Nova Peneira\" \/>\n<meta name=\"twitter:card\" content=\"summary_large_image\" \/>\n<meta name=\"twitter:creator\" content=\"@APeneira\" \/>\n<meta name=\"twitter:site\" content=\"@APeneira\" \/>\n<meta name=\"twitter:label1\" content=\"Escrito por\" \/>\n\t<meta name=\"twitter:data1\" content=\"Redacci\u00f3n A Nova Peneira\" \/>\n\t<meta name=\"twitter:label2\" content=\"Tempo de lectura\" \/>\n\t<meta name=\"twitter:data2\" content=\"6 minutos\" \/>\n<script type=\"application\/ld+json\" class=\"yoast-schema-graph\">{\"@context\":\"https:\\\/\\\/schema.org\",\"@graph\":[{\"@type\":\"Article\",\"@id\":\"https:\\\/\\\/www.anovapeneira.gal\\\/index.php\\\/2019\\\/07\\\/11\\\/jessica-garcia-concelleira-do-bng-de-redondela\\\/#article\",\"isPartOf\":{\"@id\":\"https:\\\/\\\/www.anovapeneira.gal\\\/index.php\\\/2019\\\/07\\\/11\\\/jessica-garcia-concelleira-do-bng-de-redondela\\\/\"},\"author\":{\"name\":\"Redacci\u00f3n A Nova Peneira\",\"@id\":\"https:\\\/\\\/www.anovapeneira.gal\\\/#\\\/schema\\\/person\\\/b93e3f8932e3f8da96334607eb6ac6aa\"},\"headline\":\"Jessica Garc\u00eda Concelleira do BNG De Redondela\",\"datePublished\":\"2019-07-11T06:15:51+00:00\",\"dateModified\":\"2019-07-21T20:48:37+00:00\",\"mainEntityOfPage\":{\"@id\":\"https:\\\/\\\/www.anovapeneira.gal\\\/index.php\\\/2019\\\/07\\\/11\\\/jessica-garcia-concelleira-do-bng-de-redondela\\\/\"},\"wordCount\":1142,\"commentCount\":0,\"publisher\":{\"@id\":\"https:\\\/\\\/www.anovapeneira.gal\\\/#organization\"},\"image\":{\"@id\":\"https:\\\/\\\/www.anovapeneira.gal\\\/index.php\\\/2019\\\/07\\\/11\\\/jessica-garcia-concelleira-do-bng-de-redondela\\\/#primaryimage\"},\"thumbnailUrl\":\"https:\\\/\\\/www.anovapeneira.gal\\\/wp-content\\\/uploads\\\/2019\\\/07\\\/Jessica_garcia_BNG_redondela.jpg\",\"keywords\":[\"BNG\",\"Jessica Garc\u00eda\",\"Pol\u00edtica\",\"Redondela\"],\"articleSection\":[\"Redondela\"],\"inLanguage\":\"gl-ES\",\"potentialAction\":[{\"@type\":\"CommentAction\",\"name\":\"Comment\",\"target\":[\"https:\\\/\\\/www.anovapeneira.gal\\\/index.php\\\/2019\\\/07\\\/11\\\/jessica-garcia-concelleira-do-bng-de-redondela\\\/#respond\"]}]},{\"@type\":\"WebPage\",\"@id\":\"https:\\\/\\\/www.anovapeneira.gal\\\/index.php\\\/2019\\\/07\\\/11\\\/jessica-garcia-concelleira-do-bng-de-redondela\\\/\",\"url\":\"https:\\\/\\\/www.anovapeneira.gal\\\/index.php\\\/2019\\\/07\\\/11\\\/jessica-garcia-concelleira-do-bng-de-redondela\\\/\",\"name\":\"Jessica Garc\u00eda Concelleira do BNG De Redondela -\",\"isPartOf\":{\"@id\":\"https:\\\/\\\/www.anovapeneira.gal\\\/#website\"},\"primaryImageOfPage\":{\"@id\":\"https:\\\/\\\/www.anovapeneira.gal\\\/index.php\\\/2019\\\/07\\\/11\\\/jessica-garcia-concelleira-do-bng-de-redondela\\\/#primaryimage\"},\"image\":{\"@id\":\"https:\\\/\\\/www.anovapeneira.gal\\\/index.php\\\/2019\\\/07\\\/11\\\/jessica-garcia-concelleira-do-bng-de-redondela\\\/#primaryimage\"},\"thumbnailUrl\":\"https:\\\/\\\/www.anovapeneira.gal\\\/wp-content\\\/uploads\\\/2019\\\/07\\\/Jessica_garcia_BNG_redondela.jpg\",\"datePublished\":\"2019-07-11T06:15:51+00:00\",\"dateModified\":\"2019-07-21T20:48:37+00:00\",\"breadcrumb\":{\"@id\":\"https:\\\/\\\/www.anovapeneira.gal\\\/index.php\\\/2019\\\/07\\\/11\\\/jessica-garcia-concelleira-do-bng-de-redondela\\\/#breadcrumb\"},\"inLanguage\":\"gl-ES\",\"potentialAction\":[{\"@type\":\"ReadAction\",\"target\":[\"https:\\\/\\\/www.anovapeneira.gal\\\/index.php\\\/2019\\\/07\\\/11\\\/jessica-garcia-concelleira-do-bng-de-redondela\\\/\"]}]},{\"@type\":\"ImageObject\",\"inLanguage\":\"gl-ES\",\"@id\":\"https:\\\/\\\/www.anovapeneira.gal\\\/index.php\\\/2019\\\/07\\\/11\\\/jessica-garcia-concelleira-do-bng-de-redondela\\\/#primaryimage\",\"url\":\"https:\\\/\\\/www.anovapeneira.gal\\\/wp-content\\\/uploads\\\/2019\\\/07\\\/Jessica_garcia_BNG_redondela.jpg\",\"contentUrl\":\"https:\\\/\\\/www.anovapeneira.gal\\\/wp-content\\\/uploads\\\/2019\\\/07\\\/Jessica_garcia_BNG_redondela.jpg\",\"width\":720,\"height\":473,\"caption\":\"Jessica Garc\u00eda BNG Redondela A Nova Peneira\"},{\"@type\":\"BreadcrumbList\",\"@id\":\"https:\\\/\\\/www.anovapeneira.gal\\\/index.php\\\/2019\\\/07\\\/11\\\/jessica-garcia-concelleira-do-bng-de-redondela\\\/#breadcrumb\",\"itemListElement\":[{\"@type\":\"ListItem\",\"position\":1,\"name\":\"Portada\",\"item\":\"https:\\\/\\\/www.anovapeneira.gal\\\/\"},{\"@type\":\"ListItem\",\"position\":2,\"name\":\"Jessica Garc\u00eda Concelleira do BNG De Redondela\"}]},{\"@type\":\"WebSite\",\"@id\":\"https:\\\/\\\/www.anovapeneira.gal\\\/#website\",\"url\":\"https:\\\/\\\/www.anovapeneira.gal\\\/\",\"name\":\"\",\"description\":\"Xornal galego de informaci\u00f3n xeral Publicaci\u00f3n mensual de novas de Galicia e en especial dos Concellos da sur da provincia de Pontevedra.\",\"publisher\":{\"@id\":\"https:\\\/\\\/www.anovapeneira.gal\\\/#organization\"},\"potentialAction\":[{\"@type\":\"SearchAction\",\"target\":{\"@type\":\"EntryPoint\",\"urlTemplate\":\"https:\\\/\\\/www.anovapeneira.gal\\\/?s={search_term_string}\"},\"query-input\":{\"@type\":\"PropertyValueSpecification\",\"valueRequired\":true,\"valueName\":\"search_term_string\"}}],\"inLanguage\":\"gl-ES\"},{\"@type\":\"Organization\",\"@id\":\"https:\\\/\\\/www.anovapeneira.gal\\\/#organization\",\"name\":\"A Nova Peneira\",\"url\":\"https:\\\/\\\/www.anovapeneira.gal\\\/\",\"logo\":{\"@type\":\"ImageObject\",\"inLanguage\":\"gl-ES\",\"@id\":\"https:\\\/\\\/www.anovapeneira.gal\\\/#\\\/schema\\\/logo\\\/image\\\/\",\"url\":\"http:\\\/\\\/www.anovapeneira.gal\\\/wp-content\\\/uploads\\\/2019\\\/06\\\/logo_a_nova_peneira_portal_web.png\",\"contentUrl\":\"http:\\\/\\\/www.anovapeneira.gal\\\/wp-content\\\/uploads\\\/2019\\\/06\\\/logo_a_nova_peneira_portal_web.png\",\"width\":300,\"height\":100,\"caption\":\"A Nova Peneira\"},\"image\":{\"@id\":\"https:\\\/\\\/www.anovapeneira.gal\\\/#\\\/schema\\\/logo\\\/image\\\/\"},\"sameAs\":[\"https:\\\/\\\/www.facebook.com\\\/anovapeneira\",\"https:\\\/\\\/x.com\\\/APeneira\"]},{\"@type\":\"Person\",\"@id\":\"https:\\\/\\\/www.anovapeneira.gal\\\/#\\\/schema\\\/person\\\/b93e3f8932e3f8da96334607eb6ac6aa\",\"name\":\"Redacci\u00f3n A Nova Peneira\",\"image\":{\"@type\":\"ImageObject\",\"inLanguage\":\"gl-ES\",\"@id\":\"https:\\\/\\\/secure.gravatar.com\\\/avatar\\\/c052a2551a06e23fac63626232eaa90abd78dbcf1700fc46a2b2c89fd27b735f?s=96&d=mm&r=g\",\"url\":\"https:\\\/\\\/secure.gravatar.com\\\/avatar\\\/c052a2551a06e23fac63626232eaa90abd78dbcf1700fc46a2b2c89fd27b735f?s=96&d=mm&r=g\",\"contentUrl\":\"https:\\\/\\\/secure.gravatar.com\\\/avatar\\\/c052a2551a06e23fac63626232eaa90abd78dbcf1700fc46a2b2c89fd27b735f?s=96&d=mm&r=g\",\"caption\":\"Redacci\u00f3n A Nova Peneira\"},\"sameAs\":[\"http:\\\/\\\/www.anovapeneira.gal\\\/\"],\"url\":\"https:\\\/\\\/www.anovapeneira.gal\\\/index.php\\\/author\\\/redactor\\\/\"}]}<\/script>\n<!-- \/ Yoast SEO plugin. -->","yoast_head_json":{"title":"Jessica Garc\u00eda Concelleira do BNG De Redondela -","robots":{"index":"index","follow":"follow","max-snippet":"max-snippet:-1","max-image-preview":"max-image-preview:large","max-video-preview":"max-video-preview:-1"},"canonical":"https:\/\/www.anovapeneira.gal\/index.php\/2019\/07\/11\/jessica-garcia-concelleira-do-bng-de-redondela\/","og_locale":"gl_ES","og_type":"article","og_title":"Jessica Garc\u00eda Concelleira do BNG De Redondela -","og_description":"Nas pasadas elecci\u00f3n municipais, case nos minutos de desconto, o BNG de Redondela obti\u00f1a unha segunda acta, que converteu en concelleira \u00e1 veci\u00f1a de Vilar Jessica Garc\u00eda. Jessica \u00e9 unha moza de 25 anos, fil\u00f3loga, [...]","og_url":"https:\/\/www.anovapeneira.gal\/index.php\/2019\/07\/11\/jessica-garcia-concelleira-do-bng-de-redondela\/","article_publisher":"https:\/\/www.facebook.com\/anovapeneira","article_published_time":"2019-07-11T06:15:51+00:00","article_modified_time":"2019-07-21T20:48:37+00:00","og_image":[{"width":720,"height":473,"url":"https:\/\/www.anovapeneira.gal\/wp-content\/uploads\/2019\/07\/Jessica_garcia_BNG_redondela.jpg","type":"image\/jpeg"}],"author":"Redacci\u00f3n A Nova Peneira","twitter_card":"summary_large_image","twitter_creator":"@APeneira","twitter_site":"@APeneira","twitter_misc":{"Escrito por":"Redacci\u00f3n A Nova Peneira","Tempo de lectura":"6 minutos"},"schema":{"@context":"https:\/\/schema.org","@graph":[{"@type":"Article","@id":"https:\/\/www.anovapeneira.gal\/index.php\/2019\/07\/11\/jessica-garcia-concelleira-do-bng-de-redondela\/#article","isPartOf":{"@id":"https:\/\/www.anovapeneira.gal\/index.php\/2019\/07\/11\/jessica-garcia-concelleira-do-bng-de-redondela\/"},"author":{"name":"Redacci\u00f3n A Nova Peneira","@id":"https:\/\/www.anovapeneira.gal\/#\/schema\/person\/b93e3f8932e3f8da96334607eb6ac6aa"},"headline":"Jessica Garc\u00eda Concelleira do BNG De Redondela","datePublished":"2019-07-11T06:15:51+00:00","dateModified":"2019-07-21T20:48:37+00:00","mainEntityOfPage":{"@id":"https:\/\/www.anovapeneira.gal\/index.php\/2019\/07\/11\/jessica-garcia-concelleira-do-bng-de-redondela\/"},"wordCount":1142,"commentCount":0,"publisher":{"@id":"https:\/\/www.anovapeneira.gal\/#organization"},"image":{"@id":"https:\/\/www.anovapeneira.gal\/index.php\/2019\/07\/11\/jessica-garcia-concelleira-do-bng-de-redondela\/#primaryimage"},"thumbnailUrl":"https:\/\/www.anovapeneira.gal\/wp-content\/uploads\/2019\/07\/Jessica_garcia_BNG_redondela.jpg","keywords":["BNG","Jessica Garc\u00eda","Pol\u00edtica","Redondela"],"articleSection":["Redondela"],"inLanguage":"gl-ES","potentialAction":[{"@type":"CommentAction","name":"Comment","target":["https:\/\/www.anovapeneira.gal\/index.php\/2019\/07\/11\/jessica-garcia-concelleira-do-bng-de-redondela\/#respond"]}]},{"@type":"WebPage","@id":"https:\/\/www.anovapeneira.gal\/index.php\/2019\/07\/11\/jessica-garcia-concelleira-do-bng-de-redondela\/","url":"https:\/\/www.anovapeneira.gal\/index.php\/2019\/07\/11\/jessica-garcia-concelleira-do-bng-de-redondela\/","name":"Jessica Garc\u00eda Concelleira do BNG De Redondela -","isPartOf":{"@id":"https:\/\/www.anovapeneira.gal\/#website"},"primaryImageOfPage":{"@id":"https:\/\/www.anovapeneira.gal\/index.php\/2019\/07\/11\/jessica-garcia-concelleira-do-bng-de-redondela\/#primaryimage"},"image":{"@id":"https:\/\/www.anovapeneira.gal\/index.php\/2019\/07\/11\/jessica-garcia-concelleira-do-bng-de-redondela\/#primaryimage"},"thumbnailUrl":"https:\/\/www.anovapeneira.gal\/wp-content\/uploads\/2019\/07\/Jessica_garcia_BNG_redondela.jpg","datePublished":"2019-07-11T06:15:51+00:00","dateModified":"2019-07-21T20:48:37+00:00","breadcrumb":{"@id":"https:\/\/www.anovapeneira.gal\/index.php\/2019\/07\/11\/jessica-garcia-concelleira-do-bng-de-redondela\/#breadcrumb"},"inLanguage":"gl-ES","potentialAction":[{"@type":"ReadAction","target":["https:\/\/www.anovapeneira.gal\/index.php\/2019\/07\/11\/jessica-garcia-concelleira-do-bng-de-redondela\/"]}]},{"@type":"ImageObject","inLanguage":"gl-ES","@id":"https:\/\/www.anovapeneira.gal\/index.php\/2019\/07\/11\/jessica-garcia-concelleira-do-bng-de-redondela\/#primaryimage","url":"https:\/\/www.anovapeneira.gal\/wp-content\/uploads\/2019\/07\/Jessica_garcia_BNG_redondela.jpg","contentUrl":"https:\/\/www.anovapeneira.gal\/wp-content\/uploads\/2019\/07\/Jessica_garcia_BNG_redondela.jpg","width":720,"height":473,"caption":"Jessica Garc\u00eda BNG Redondela A Nova Peneira"},{"@type":"BreadcrumbList","@id":"https:\/\/www.anovapeneira.gal\/index.php\/2019\/07\/11\/jessica-garcia-concelleira-do-bng-de-redondela\/#breadcrumb","itemListElement":[{"@type":"ListItem","position":1,"name":"Portada","item":"https:\/\/www.anovapeneira.gal\/"},{"@type":"ListItem","position":2,"name":"Jessica Garc\u00eda Concelleira do BNG De Redondela"}]},{"@type":"WebSite","@id":"https:\/\/www.anovapeneira.gal\/#website","url":"https:\/\/www.anovapeneira.gal\/","name":"","description":"Xornal galego de informaci\u00f3n xeral Publicaci\u00f3n mensual de novas de Galicia e en especial dos Concellos da sur da provincia de Pontevedra.","publisher":{"@id":"https:\/\/www.anovapeneira.gal\/#organization"},"potentialAction":[{"@type":"SearchAction","target":{"@type":"EntryPoint","urlTemplate":"https:\/\/www.anovapeneira.gal\/?s={search_term_string}"},"query-input":{"@type":"PropertyValueSpecification","valueRequired":true,"valueName":"search_term_string"}}],"inLanguage":"gl-ES"},{"@type":"Organization","@id":"https:\/\/www.anovapeneira.gal\/#organization","name":"A Nova Peneira","url":"https:\/\/www.anovapeneira.gal\/","logo":{"@type":"ImageObject","inLanguage":"gl-ES","@id":"https:\/\/www.anovapeneira.gal\/#\/schema\/logo\/image\/","url":"http:\/\/www.anovapeneira.gal\/wp-content\/uploads\/2019\/06\/logo_a_nova_peneira_portal_web.png","contentUrl":"http:\/\/www.anovapeneira.gal\/wp-content\/uploads\/2019\/06\/logo_a_nova_peneira_portal_web.png","width":300,"height":100,"caption":"A Nova Peneira"},"image":{"@id":"https:\/\/www.anovapeneira.gal\/#\/schema\/logo\/image\/"},"sameAs":["https:\/\/www.facebook.com\/anovapeneira","https:\/\/x.com\/APeneira"]},{"@type":"Person","@id":"https:\/\/www.anovapeneira.gal\/#\/schema\/person\/b93e3f8932e3f8da96334607eb6ac6aa","name":"Redacci\u00f3n A Nova Peneira","image":{"@type":"ImageObject","inLanguage":"gl-ES","@id":"https:\/\/secure.gravatar.com\/avatar\/c052a2551a06e23fac63626232eaa90abd78dbcf1700fc46a2b2c89fd27b735f?s=96&d=mm&r=g","url":"https:\/\/secure.gravatar.com\/avatar\/c052a2551a06e23fac63626232eaa90abd78dbcf1700fc46a2b2c89fd27b735f?s=96&d=mm&r=g","contentUrl":"https:\/\/secure.gravatar.com\/avatar\/c052a2551a06e23fac63626232eaa90abd78dbcf1700fc46a2b2c89fd27b735f?s=96&d=mm&r=g","caption":"Redacci\u00f3n A Nova Peneira"},"sameAs":["http:\/\/www.anovapeneira.gal\/"],"url":"https:\/\/www.anovapeneira.gal\/index.php\/author\/redactor\/"}]}},"jetpack_featured_media_url":"https:\/\/www.anovapeneira.gal\/wp-content\/uploads\/2019\/07\/Jessica_garcia_BNG_redondela.jpg","_links":{"self":[{"href":"https:\/\/www.anovapeneira.gal\/index.php\/wp-json\/wp\/v2\/posts\/382","targetHints":{"allow":["GET"]}}],"collection":[{"href":"https:\/\/www.anovapeneira.gal\/index.php\/wp-json\/wp\/v2\/posts"}],"about":[{"href":"https:\/\/www.anovapeneira.gal\/index.php\/wp-json\/wp\/v2\/types\/post"}],"author":[{"embeddable":true,"href":"https:\/\/www.anovapeneira.gal\/index.php\/wp-json\/wp\/v2\/users\/3"}],"replies":[{"embeddable":true,"href":"https:\/\/www.anovapeneira.gal\/index.php\/wp-json\/wp\/v2\/comments?post=382"}],"version-history":[{"count":2,"href":"https:\/\/www.anovapeneira.gal\/index.php\/wp-json\/wp\/v2\/posts\/382\/revisions"}],"predecessor-version":[{"id":385,"href":"https:\/\/www.anovapeneira.gal\/index.php\/wp-json\/wp\/v2\/posts\/382\/revisions\/385"}],"wp:featuredmedia":[{"embeddable":true,"href":"https:\/\/www.anovapeneira.gal\/index.php\/wp-json\/wp\/v2\/media\/384"}],"wp:attachment":[{"href":"https:\/\/www.anovapeneira.gal\/index.php\/wp-json\/wp\/v2\/media?parent=382"}],"wp:term":[{"taxonomy":"category","embeddable":true,"href":"https:\/\/www.anovapeneira.gal\/index.php\/wp-json\/wp\/v2\/categories?post=382"},{"taxonomy":"post_tag","embeddable":true,"href":"https:\/\/www.anovapeneira.gal\/index.php\/wp-json\/wp\/v2\/tags?post=382"}],"curies":[{"name":"wp","href":"https:\/\/api.w.org\/{rel}","templated":true}]}}