{"id":3836,"date":"2020-09-03T10:00:04","date_gmt":"2020-09-03T08:00:04","guid":{"rendered":"http:\/\/www.anovapeneira.gal\/?p=3836"},"modified":"2020-09-02T09:26:29","modified_gmt":"2020-09-02T07:26:29","slug":"jose-antonio-vidueiro-director-da-banda-de-gaitas-de-forcarei","status":"publish","type":"post","link":"https:\/\/www.anovapeneira.gal\/index.php\/2020\/09\/03\/jose-antonio-vidueiro-director-da-banda-de-gaitas-de-forcarei\/","title":{"rendered":"Jos\u00e9 Antonio Vidueiro, director da Banda de Gaitas de Forcarei"},"content":{"rendered":"\n<h5 class=\"wp-block-heading\"><strong>Forcarei non \u00e9 alleo \u00e1 principal problem\u00e1tica que padece o rural galego, a ca\u00edda de poboaci\u00f3n ante a falta de oportunidades para que os mozos e mozas poidan desenvolver un proxecto de vida na s\u00faa terra, e a escaseza de servizos. Por ese motivo, todos aqueles proxectos que, como a marabillosa banda de gaitas de Forcarei, contrib\u00faan a establecer v\u00ednculos e cultura de comunidade merecen ser apoiados en grado superlativo. Na maior\u00eda dos casos este tipo de asociaci\u00f3ns culturais ou deportivas xorden do voluntarismo e do inmenso esforzo dunhas poucas persoas que lles dedican o mellor do seu tempo persoal. As\u00ed \u00e9 o caso de Jose Antonio, un dos fundadores da banda e o seu actual director. El \u00e9 tam\u00e9n director do colexio do pobo e al\u00ed conversamos.<\/strong><\/h5>\n\n\n\n<p>\u201c<strong>POUCAS BANDAS CHEGARON A TANTO EN TAN POUCO TEMPO,E HONESTAMENTE CREO QUE MERECEMOSUN MELLOR TRATAMENTO\u201d<\/strong><\/p>\n\n\n\n<p><strong>Ben, malia que a nosa cita ten por obxecto falarmos da banda de gaitas, xa que es o director do colexio, non podemos deixar de preguntarche por<\/strong><strong>Como estades a vivir aqu\u00ed a inminencia da volta \u00e1 escola dos nenos e das nenas?<\/strong><\/p>\n\n\n\n<blockquote class=\"wp-block-quote is-layout-flow wp-block-quote-is-layout-flow\"><p>Ben, pois de feito, ma\u00f1\u00e1 temos previsto presentarlle \u00e1 comunidade educativa o protocolo que o d\u00eda 22 de xullo foi publicado pola Xunta e destinado a todos os centros e que cada un debemos elaborar adaptado \u00e1 nosa propia realidade. Con respecto ao tema das ratios, non temos moitos problemas porque somos un colexio con 90 alumnos. Temos aulas de 50 m<sup>2<\/sup>e unha media de alumnos por aula de 11 ou 12, ent\u00f3n d\u00e1 para manter as distancias. Temos alumnos dende infantil de 3 anos ata 6\u00ba de primaria. Logo pasan ao instituto que temos aqu\u00ed en fronte.<\/p><\/blockquote>\n\n\n\n<p><strong>Est\u00e1s contento, satisfeito, cos protocolos que implementa a Xunta para supervisar a volta ao colexio?<\/strong><\/p>\n\n\n\n<blockquote class=\"wp-block-quote is-layout-flow wp-block-quote-is-layout-flow\"><p>Eu creo que \u00e9 un protocolo bastante completo. Sei que hai centros con m\u00e1is problem\u00e1ticas sobre todo co tema da distancia entre o alumnado. O problema \u00e9 que o risco cero non existe, iso \u00e9 imposible. Ir\u00e1 vendo a Administraci\u00f3n se seguen os centros abertos ou pechan, agora ben, p\u00f3doche dicir que o sentir dos compa\u00f1eiros \u00e9 que estamos desexando que a ensinanza sexa presencial. Houbo moita alarma e agora hai moit\u00edsimas opini\u00f3ns e incertezas, ao final, non sabes a quen facerlle caso. A preocupaci\u00f3n existe, o certo \u00e9 que convivimos con xente de risco, con compa\u00f1eiros que conviven con persoas de risco, en fin. As familias e o profesorado estamos preocupados.<\/p><\/blockquote>\n\n\n\n<p><strong>Falemos de ti Jose Antonio, ti es natural de Silleda e es mestre non?.<\/strong><\/p>\n\n\n\n<blockquote class=\"wp-block-quote is-layout-flow wp-block-quote-is-layout-flow\"><p>Mestre en educaci\u00f3n musical. De a\u00ed a mi\u00f1a relaci\u00f3n ca banda de gaitas. Estudei na Universidade de Pontificia de Salamanca. Toda a mi\u00f1a familia \u00e9 m\u00fasica, ve\u00f1o dunha gran tradici\u00f3n familiar musical. Ademais, en Silleda hai unha das grandes bandas de Galicia. O meu t\u00edo tocaba mesa banda, tocou durante 55 anos. Estaba solteiro e viv\u00eda al\u00ed connosco na casa onde nac\u00edn. E ben, foi un pouqui\u00f1o o que nos inculcou esa paix\u00f3n pola m\u00fasica. Gustoume estudar en Salamanca, \u00e9 unha cidade impresionante! Sigo indo case todos os anos porque \u00e1 mi\u00f1a muller e \u00e1s mi\u00f1as fillas enc\u00e1ntalles. \u00c9 raro que non vaiamos un ano facerlle unha visita.<\/p><\/blockquote>\n\n\n\n<figure class=\"wp-block-image size-large is-style-default\"><img loading=\"lazy\" decoding=\"async\" width=\"1024\" height=\"768\" src=\"http:\/\/www.anovapeneira.gal\/wp-content\/uploads\/2020\/09\/DIRECTOR-DA-BANDA-DE-MA\u009aSICA-DE-FORCAREI-1024x768.jpg\" alt=\"\" class=\"wp-image-3839\" srcset=\"https:\/\/www.anovapeneira.gal\/wp-content\/uploads\/2020\/09\/DIRECTOR-DA-BANDA-DE-MA\u009aSICA-DE-FORCAREI-1024x768.jpg 1024w, https:\/\/www.anovapeneira.gal\/wp-content\/uploads\/2020\/09\/DIRECTOR-DA-BANDA-DE-MA\u009aSICA-DE-FORCAREI-300x225.jpg 300w, https:\/\/www.anovapeneira.gal\/wp-content\/uploads\/2020\/09\/DIRECTOR-DA-BANDA-DE-MA\u009aSICA-DE-FORCAREI-768x576.jpg 768w, https:\/\/www.anovapeneira.gal\/wp-content\/uploads\/2020\/09\/DIRECTOR-DA-BANDA-DE-MA\u009aSICA-DE-FORCAREI-1536x1152.jpg 1536w, https:\/\/www.anovapeneira.gal\/wp-content\/uploads\/2020\/09\/DIRECTOR-DA-BANDA-DE-MA\u009aSICA-DE-FORCAREI-2048x1536.jpg 2048w, https:\/\/www.anovapeneira.gal\/wp-content\/uploads\/2020\/09\/DIRECTOR-DA-BANDA-DE-MA\u009aSICA-DE-FORCAREI-678x509.jpg 678w, https:\/\/www.anovapeneira.gal\/wp-content\/uploads\/2020\/09\/DIRECTOR-DA-BANDA-DE-MA\u009aSICA-DE-FORCAREI-326x245.jpg 326w, https:\/\/www.anovapeneira.gal\/wp-content\/uploads\/2020\/09\/DIRECTOR-DA-BANDA-DE-MA\u009aSICA-DE-FORCAREI-80x60.jpg 80w\" sizes=\"auto, (max-width: 1024px) 100vw, 1024px\" \/><\/figure>\n\n\n\n<p><strong>Como empezou a t\u00faa vida laboral?<\/strong><\/p>\n\n\n\n<blockquote class=\"wp-block-quote is-layout-flow wp-block-quote-is-layout-flow\"><p>En canto acabei a carreira tiven varias ofertas porque ese ano est\u00e1base implementando esa figura de mestre de m\u00fasica nos colexios, que antes non exist\u00eda. Ent\u00f3n, rexeitei esas chamadas, tam\u00e9n da Pontificia, para preparar oposici\u00f3ns durante un ano. Qu\u00edxeno intentar e aprobei. Foi no ano 96.<\/p><\/blockquote>\n\n\n\n<blockquote class=\"wp-block-quote is-layout-flow wp-block-quote-is-layout-flow\"><p>O primeiro colexio no que traballei foi o de Olveira, que est\u00e1 mesmo fronte das Dunas de Corrubedo, \u00e9 un colexio precioso, con vistas cara as dunas. Despois en Rodeiro, en Forcarei, en Vila de Cruces, e o quinto ano xa con destino definitivo aqu\u00ed en Forcarei. A\u00ednda que vivo en Silleda, a uns 15 minutos de coche, s\u00edntome moi implicado na sociedade de Forcarei. Xa lle estou dando clases a fillos de alumnos, incluso alg\u00fans xa marcharon do colexio!<\/p><\/blockquote>\n\n\n\n<p><strong>Cando decidiches crear a banda de gaitas de Forcarei?<\/strong><\/p>\n\n\n\n<blockquote class=\"wp-block-quote is-layout-flow wp-block-quote-is-layout-flow\"><p>Vouche contar como vai o tema da banda de gaitas. Cando aprobei as oposici\u00f3ns no meu primeiro destino coincid\u00edn cun compa\u00f1eiro que tam\u00e9n era m\u00fasico da Banda Art\u00edstica de Merza, preto de Silleda, que tam\u00e9n ten unha banda centenaria. Como non ti\u00f1a carn\u00e9 de conducir veu onda min para proporme de compartir coche e piso porque os centros onde pediramos destino quedaban moi preto. Estivemos vivindo un ano en Boiro. Este compa\u00f1eiro \u00e9 Manuel Otero Rodr\u00edguez, agora mesmo \u00e9 o director do CEIP de Soutelo, o outro colexio que hai aqu\u00ed en Forcarei, o CEIP de Soutelo de Montes. El, o meu irm\u00e1n Juan Manuel e m\u00e1is eu fomos os 3 fundadores da banda<\/p><\/blockquote>\n\n\n\n<p><strong>Ah, ent\u00f3n o famoso gaiteiro de Soutelo realmente \u00e9 de Forcarei?.<\/strong><\/p>\n\n\n\n<blockquote class=\"wp-block-quote is-layout-flow wp-block-quote-is-layout-flow\"><p>Si, da parroquia de Soutelo, concello de Forcarei. O tema \u00e9 que desde aquela fix\u00e9monos moi amigos e acabamos ambos os dous en Forcarei. El \u00e9 tam\u00e9n profesor de m\u00fasica en Soutelo. Ent\u00f3n, o anterior alcalde David Raposeira, que faleceu no 2011, tam\u00e9n era profesor aqu\u00ed no colexio, e unha persoa moi querida, estaba organizando todos os anos a festa do Gaiteiro de Soutelo. Prop\u00faxonos formar unha organizaci\u00f3n que representase Forcarei. Existiron Os Marteli\u00f1os e pouco m\u00e1is. Como n\u00f3s os dous eramos mestres de m\u00fasica pux\u00e9monos al\u00e1 polo mediados do 2005 a dar clases nos colexios, tanto en Soutelo como en Forcarei, como actividade extraescolar para crear unha banda de gaitas. Dix\u00e9moslle a David que precis\u00e1bamos unha compra b\u00e1sica de material: gaitas, percusi\u00f3n\u2026 Cando xa empezou a coller forma a banda de gaitas ped\u00edmoslle uns traxes. David estaba moi ilusionado coa banda de gaitas e o concello port\u00e1base moi ben. Os fillos del tocan agora na nosa banda de gaitas.<\/p><\/blockquote>\n\n\n\n<p><strong>Cantos erades na banda?<\/strong><\/p>\n\n\n\n<blockquote class=\"wp-block-quote is-layout-flow wp-block-quote-is-layout-flow\"><p>Ao principio eramos 30, na actualidade 55 m\u00fasicos, metade homes e metade mulleres, dende os 13 aos 60 anos de idade. \u00c9 das m\u00e1is grandes de Galicia.<\/p><\/blockquote>\n\n\n\n<p><strong>Cada canto tempo ensaiades?<\/strong><\/p>\n\n\n\n<blockquote class=\"wp-block-quote is-layout-flow wp-block-quote-is-layout-flow\"><p>Com\u00e9ntoche, os m\u00e9rcores e os xoves, d\u00e1mos clases na Escola da banda de gaitas tradicional que est\u00e1 aqu\u00ed no colexio. Cando acaba o per\u00edodo lectivo, os m\u00e9rcores damos clases en Forcarei e os xoves en Soutelo de Montes. O s\u00e1bado pola ma\u00f1\u00e1 , temos un grupo de pandereteiras \u201cLus de Queicoa\u201d que d\u00e1 clases de 11 a 12 aqu\u00ed no colexio, e despois de 12 a 13:30 facemos ensaio xeral da banda de gaitas.<\/p><\/blockquote>\n\n\n\n<p><strong>C\u00f3ntanos as principais actuaci\u00f3ns que tivestes?<\/strong><\/p>\n\n\n\n<blockquote class=\"wp-block-quote is-layout-flow wp-block-quote-is-layout-flow\"><p>A verdade \u00e9 que foron moitas. Poucas bandas de gaitas en tan pouco tempo chegaron tan alto. Actuamos nas festas da contorna de Forcarei e outra festas. Pero un dos alicientes que lle ofrecemos \u00e1 xuventude para telos enchufados \u00e1 m\u00fasica son as viaxes. Hoxe en d\u00eda a xuventude est\u00e1 sobrecargada de oferta de actividades. Ent\u00f3n para atraelos organizamos viaxes e concertos que saian do habitual, por exemplo, estivemos en Portugal, Santander, Barcelona, Madrid, Italia no ano 2013. Poucas bandas conseguiron actuar 2 veces no Festival Interc\u00e9ltico de Lorient. N\u00f3s estivemos no ano 2013 e o ano pasado. Este Festival ded\u00edcase cada ano a unha naci\u00f3n, pois o ano pasado foi dedicado a Galicia (tam\u00e9n fai 11 anos) e a Banda de Gaitas de Forcarei foi representando a Galicia. Preparamos un proxecto moi bonito coa Banda de M\u00fasica de Silleda e realizamos o concerto inaugural, no Real Teatro de Lorient, e despois, como pa\u00eds invitado actuamos no Espace Marine, cunha capacidade duns 6.000 espectadores.<\/p><\/blockquote>\n\n\n\n<p><strong>E o repertorio?<\/strong><\/p>\n\n\n\n<blockquote class=\"wp-block-quote is-layout-flow wp-block-quote-is-layout-flow\"><p>Preparamos o espect\u00e1culo que estreamos o ano pasado nas Festas do Ap\u00f3stolo en Santiago: \u201cOs cami\u00f1os de Breog\u00e1n\u201d. Foi un \u00e9xito total.<\/p><\/blockquote>\n\n\n\n<p><strong>Como financiades estas viaxes?<\/strong><\/p>\n\n\n\n<blockquote class=\"wp-block-quote is-layout-flow wp-block-quote-is-layout-flow\"><p>Petando en moitas portas (Administraci\u00f3n local, provincial e Xunta) e presentando proxectos interesantes. Agora \u00e9 m\u00e1is sinxelo polo prestixio que acadamos. Por outra banda, fixemos algo novidoso como \u00e9 concertos con bandas de m\u00fasica profesionais. Entre outros, Concerto de Nadal coa Banda Municipal da Coru\u00f1a no Auditorio de Galicia, coa Banda Municipal de Pontevedra, con bandas populares como a de Boiro, de Mea\u00f1o, de Silleda&#8230; Mesturamos a m\u00fasica dos dous tipos de bandas que tradicionalmente amenizaban as festas en Galicia, as gaitas e as bandas de m\u00fasica.<\/p><\/blockquote>\n\n\n\n<blockquote class=\"wp-block-quote is-layout-flow wp-block-quote-is-layout-flow\"><p>Temos unha asociaci\u00f3n cultural sen \u00e1nimo de lucro que xestiona o tema econ\u00f3mico.<\/p><\/blockquote>\n\n\n\n<p><strong>Como se fan os dese\u00f1os dos traxes?<\/strong><\/p>\n\n\n\n<blockquote class=\"wp-block-quote is-layout-flow wp-block-quote-is-layout-flow\"><p>O vestiario \u00e9 moi importante. O ano pasado para acudir a Lorient fixemos traxes novos, o que supuxo un desembolso importante para a Banda de Gaitas. Unha parte foi financiada polos compo\u00f1entes e outra parte por fondos que fomos tendo a\u00ed de aportaci\u00f3ns de socios e actuaci\u00f3ns que realizamos.<\/p><\/blockquote>\n\n\n\n<p><strong>Estades contentos co actual goberno do PSOE?<\/strong><\/p>\n\n\n\n<blockquote class=\"wp-block-quote is-layout-flow wp-block-quote-is-layout-flow\"><p>A subvenci\u00f3n que ti\u00f1amos asignada anual sempre nola deron, Ver\u00f3nica respecta o tratado, pero sempre queres m\u00e1is. Sinceramente, esta banda merece un mellor tratamento, acadamos grandes \u00e9xitos e un gran nivel..<\/p><\/blockquote>\n\n\n\n<p><strong>Como \u00e9 a implicaci\u00f3n da sociedade de Forcarei coa Banda? Hai futuro cos nenos e coas nenas?<\/strong><\/p>\n\n\n\n<blockquote class=\"wp-block-quote is-layout-flow wp-block-quote-is-layout-flow\"><p>Boa, para min a relaci\u00f3n coa xente non pode ser mellor. A escola est\u00e1 a funcionar moi ben, con moitos alumnos e a Banda est\u00e1 a funcionar moi ben. Deixamos unha base moi s\u00f3lida.<\/p><\/blockquote>\n","protected":false},"excerpt":{"rendered":"<div class=\"mh-excerpt\"><p>Forcarei non \u00e9 alleo \u00e1 principal problem\u00e1tica que padece o rural galego, a ca\u00edda de poboaci\u00f3n ante a falta de oportunidades para que os mozos e mozas poidan desenvolver un proxecto de vida na s\u00faa terra, e a escaseza de servizos <a class=\"mh-excerpt-more\" href=\"https:\/\/www.anovapeneira.gal\/index.php\/2020\/09\/03\/jose-antonio-vidueiro-director-da-banda-de-gaitas-de-forcarei\/\" title=\"Jos\u00e9 Antonio Vidueiro, director da Banda de Gaitas de Forcarei\">[&#8230;]<\/a><\/p>\n<\/div>","protected":false},"author":3,"featured_media":3838,"comment_status":"open","ping_status":"open","sticky":false,"template":"","format":"standard","meta":{"_exactmetrics_skip_tracking":false,"_exactmetrics_sitenote_active":false,"_exactmetrics_sitenote_note":"","_exactmetrics_sitenote_category":0,"footnotes":""},"categories":[264],"tags":[1188],"class_list":{"0":"post-3836","1":"post","2":"type-post","3":"status-publish","4":"format-standard","5":"has-post-thumbnail","7":"category-entrevistas-galicia","8":"tag-concello-de-forcarei"},"yoast_head":"<!-- This site is optimized with the Yoast SEO plugin v27.4 - https:\/\/yoast.com\/product\/yoast-seo-wordpress\/ -->\n<title>Jos\u00e9 Antonio Vidueiro, director da Banda de Gaitas de Forcarei -<\/title>\n<meta name=\"description\" content=\"Jos\u00e9 Antonio Vidueiro director da Banda de Gaitas de Forcarei. poucas bandas chegaron a tanto en tan pouco tempo,e honestamente creo que merecemosun mellor tratamento\" \/>\n<meta name=\"robots\" content=\"index, follow, max-snippet:-1, max-image-preview:large, max-video-preview:-1\" \/>\n<link rel=\"canonical\" href=\"https:\/\/www.anovapeneira.gal\/index.php\/2020\/09\/03\/jose-antonio-vidueiro-director-da-banda-de-gaitas-de-forcarei\/\" \/>\n<meta property=\"og:locale\" content=\"gl_ES\" \/>\n<meta property=\"og:type\" content=\"article\" \/>\n<meta property=\"og:title\" content=\"Jos\u00e9 Antonio Vidueiro, director da Banda de Gaitas de Forcarei -\" \/>\n<meta property=\"og:description\" content=\"Jos\u00e9 Antonio Vidueiro director da Banda de Gaitas de Forcarei. poucas bandas chegaron a tanto en tan pouco tempo,e honestamente creo que merecemosun mellor tratamento\" \/>\n<meta property=\"og:url\" content=\"https:\/\/www.anovapeneira.gal\/index.php\/2020\/09\/03\/jose-antonio-vidueiro-director-da-banda-de-gaitas-de-forcarei\/\" \/>\n<meta property=\"article:publisher\" content=\"https:\/\/www.facebook.com\/anovapeneira\" \/>\n<meta property=\"article:published_time\" content=\"2020-09-03T08:00:04+00:00\" \/>\n<meta property=\"og:image\" content=\"https:\/\/www.anovapeneira.gal\/wp-content\/uploads\/2020\/09\/banda_gatitas_forcarei_a_nova_peneira.jpg\" \/>\n\t<meta property=\"og:image:width\" content=\"720\" \/>\n\t<meta property=\"og:image:height\" content=\"432\" \/>\n\t<meta property=\"og:image:type\" content=\"image\/jpeg\" \/>\n<meta name=\"author\" content=\"Redacci\u00f3n A Nova Peneira\" \/>\n<meta name=\"twitter:card\" content=\"summary_large_image\" \/>\n<meta name=\"twitter:creator\" content=\"@APeneira\" \/>\n<meta name=\"twitter:site\" content=\"@APeneira\" \/>\n<meta name=\"twitter:label1\" content=\"Escrito por\" \/>\n\t<meta name=\"twitter:data1\" content=\"Redacci\u00f3n A Nova Peneira\" \/>\n\t<meta name=\"twitter:label2\" content=\"Tempo de lectura\" \/>\n\t<meta name=\"twitter:data2\" content=\"8 minutos\" \/>\n<script type=\"application\/ld+json\" class=\"yoast-schema-graph\">{\"@context\":\"https:\\\/\\\/schema.org\",\"@graph\":[{\"@type\":\"Article\",\"@id\":\"https:\\\/\\\/www.anovapeneira.gal\\\/index.php\\\/2020\\\/09\\\/03\\\/jose-antonio-vidueiro-director-da-banda-de-gaitas-de-forcarei\\\/#article\",\"isPartOf\":{\"@id\":\"https:\\\/\\\/www.anovapeneira.gal\\\/index.php\\\/2020\\\/09\\\/03\\\/jose-antonio-vidueiro-director-da-banda-de-gaitas-de-forcarei\\\/\"},\"author\":{\"name\":\"Redacci\u00f3n A Nova Peneira\",\"@id\":\"https:\\\/\\\/www.anovapeneira.gal\\\/#\\\/schema\\\/person\\\/b93e3f8932e3f8da96334607eb6ac6aa\"},\"headline\":\"Jos\u00e9 Antonio Vidueiro, director da Banda de Gaitas de Forcarei\",\"datePublished\":\"2020-09-03T08:00:04+00:00\",\"mainEntityOfPage\":{\"@id\":\"https:\\\/\\\/www.anovapeneira.gal\\\/index.php\\\/2020\\\/09\\\/03\\\/jose-antonio-vidueiro-director-da-banda-de-gaitas-de-forcarei\\\/\"},\"wordCount\":1590,\"commentCount\":0,\"publisher\":{\"@id\":\"https:\\\/\\\/www.anovapeneira.gal\\\/#organization\"},\"image\":{\"@id\":\"https:\\\/\\\/www.anovapeneira.gal\\\/index.php\\\/2020\\\/09\\\/03\\\/jose-antonio-vidueiro-director-da-banda-de-gaitas-de-forcarei\\\/#primaryimage\"},\"thumbnailUrl\":\"https:\\\/\\\/www.anovapeneira.gal\\\/wp-content\\\/uploads\\\/2020\\\/09\\\/banda_gatitas_forcarei_a_nova_peneira.jpg\",\"keywords\":[\"Concello de Forcarei\"],\"articleSection\":[\"Entrevistas\"],\"inLanguage\":\"gl-ES\",\"potentialAction\":[{\"@type\":\"CommentAction\",\"name\":\"Comment\",\"target\":[\"https:\\\/\\\/www.anovapeneira.gal\\\/index.php\\\/2020\\\/09\\\/03\\\/jose-antonio-vidueiro-director-da-banda-de-gaitas-de-forcarei\\\/#respond\"]}]},{\"@type\":\"WebPage\",\"@id\":\"https:\\\/\\\/www.anovapeneira.gal\\\/index.php\\\/2020\\\/09\\\/03\\\/jose-antonio-vidueiro-director-da-banda-de-gaitas-de-forcarei\\\/\",\"url\":\"https:\\\/\\\/www.anovapeneira.gal\\\/index.php\\\/2020\\\/09\\\/03\\\/jose-antonio-vidueiro-director-da-banda-de-gaitas-de-forcarei\\\/\",\"name\":\"Jos\u00e9 Antonio Vidueiro, director da Banda de Gaitas de Forcarei -\",\"isPartOf\":{\"@id\":\"https:\\\/\\\/www.anovapeneira.gal\\\/#website\"},\"primaryImageOfPage\":{\"@id\":\"https:\\\/\\\/www.anovapeneira.gal\\\/index.php\\\/2020\\\/09\\\/03\\\/jose-antonio-vidueiro-director-da-banda-de-gaitas-de-forcarei\\\/#primaryimage\"},\"image\":{\"@id\":\"https:\\\/\\\/www.anovapeneira.gal\\\/index.php\\\/2020\\\/09\\\/03\\\/jose-antonio-vidueiro-director-da-banda-de-gaitas-de-forcarei\\\/#primaryimage\"},\"thumbnailUrl\":\"https:\\\/\\\/www.anovapeneira.gal\\\/wp-content\\\/uploads\\\/2020\\\/09\\\/banda_gatitas_forcarei_a_nova_peneira.jpg\",\"datePublished\":\"2020-09-03T08:00:04+00:00\",\"description\":\"Jos\u00e9 Antonio Vidueiro director da Banda de Gaitas de Forcarei. poucas bandas chegaron a tanto en tan pouco tempo,e honestamente creo que merecemosun mellor tratamento\",\"breadcrumb\":{\"@id\":\"https:\\\/\\\/www.anovapeneira.gal\\\/index.php\\\/2020\\\/09\\\/03\\\/jose-antonio-vidueiro-director-da-banda-de-gaitas-de-forcarei\\\/#breadcrumb\"},\"inLanguage\":\"gl-ES\",\"potentialAction\":[{\"@type\":\"ReadAction\",\"target\":[\"https:\\\/\\\/www.anovapeneira.gal\\\/index.php\\\/2020\\\/09\\\/03\\\/jose-antonio-vidueiro-director-da-banda-de-gaitas-de-forcarei\\\/\"]}]},{\"@type\":\"ImageObject\",\"inLanguage\":\"gl-ES\",\"@id\":\"https:\\\/\\\/www.anovapeneira.gal\\\/index.php\\\/2020\\\/09\\\/03\\\/jose-antonio-vidueiro-director-da-banda-de-gaitas-de-forcarei\\\/#primaryimage\",\"url\":\"https:\\\/\\\/www.anovapeneira.gal\\\/wp-content\\\/uploads\\\/2020\\\/09\\\/banda_gatitas_forcarei_a_nova_peneira.jpg\",\"contentUrl\":\"https:\\\/\\\/www.anovapeneira.gal\\\/wp-content\\\/uploads\\\/2020\\\/09\\\/banda_gatitas_forcarei_a_nova_peneira.jpg\",\"width\":720,\"height\":432,\"caption\":\"Banda de Gaitas de Forcarei\"},{\"@type\":\"BreadcrumbList\",\"@id\":\"https:\\\/\\\/www.anovapeneira.gal\\\/index.php\\\/2020\\\/09\\\/03\\\/jose-antonio-vidueiro-director-da-banda-de-gaitas-de-forcarei\\\/#breadcrumb\",\"itemListElement\":[{\"@type\":\"ListItem\",\"position\":1,\"name\":\"Portada\",\"item\":\"https:\\\/\\\/www.anovapeneira.gal\\\/\"},{\"@type\":\"ListItem\",\"position\":2,\"name\":\"Jos\u00e9 Antonio Vidueiro, director da Banda de Gaitas de Forcarei\"}]},{\"@type\":\"WebSite\",\"@id\":\"https:\\\/\\\/www.anovapeneira.gal\\\/#website\",\"url\":\"https:\\\/\\\/www.anovapeneira.gal\\\/\",\"name\":\"\",\"description\":\"Xornal galego de informaci\u00f3n xeral Publicaci\u00f3n mensual de novas de Galicia e en especial dos Concellos da sur da provincia de Pontevedra.\",\"publisher\":{\"@id\":\"https:\\\/\\\/www.anovapeneira.gal\\\/#organization\"},\"potentialAction\":[{\"@type\":\"SearchAction\",\"target\":{\"@type\":\"EntryPoint\",\"urlTemplate\":\"https:\\\/\\\/www.anovapeneira.gal\\\/?s={search_term_string}\"},\"query-input\":{\"@type\":\"PropertyValueSpecification\",\"valueRequired\":true,\"valueName\":\"search_term_string\"}}],\"inLanguage\":\"gl-ES\"},{\"@type\":\"Organization\",\"@id\":\"https:\\\/\\\/www.anovapeneira.gal\\\/#organization\",\"name\":\"A Nova Peneira\",\"url\":\"https:\\\/\\\/www.anovapeneira.gal\\\/\",\"logo\":{\"@type\":\"ImageObject\",\"inLanguage\":\"gl-ES\",\"@id\":\"https:\\\/\\\/www.anovapeneira.gal\\\/#\\\/schema\\\/logo\\\/image\\\/\",\"url\":\"http:\\\/\\\/www.anovapeneira.gal\\\/wp-content\\\/uploads\\\/2019\\\/06\\\/logo_a_nova_peneira_portal_web.png\",\"contentUrl\":\"http:\\\/\\\/www.anovapeneira.gal\\\/wp-content\\\/uploads\\\/2019\\\/06\\\/logo_a_nova_peneira_portal_web.png\",\"width\":300,\"height\":100,\"caption\":\"A Nova Peneira\"},\"image\":{\"@id\":\"https:\\\/\\\/www.anovapeneira.gal\\\/#\\\/schema\\\/logo\\\/image\\\/\"},\"sameAs\":[\"https:\\\/\\\/www.facebook.com\\\/anovapeneira\",\"https:\\\/\\\/x.com\\\/APeneira\"]},{\"@type\":\"Person\",\"@id\":\"https:\\\/\\\/www.anovapeneira.gal\\\/#\\\/schema\\\/person\\\/b93e3f8932e3f8da96334607eb6ac6aa\",\"name\":\"Redacci\u00f3n A Nova Peneira\",\"image\":{\"@type\":\"ImageObject\",\"inLanguage\":\"gl-ES\",\"@id\":\"https:\\\/\\\/secure.gravatar.com\\\/avatar\\\/c052a2551a06e23fac63626232eaa90abd78dbcf1700fc46a2b2c89fd27b735f?s=96&d=mm&r=g\",\"url\":\"https:\\\/\\\/secure.gravatar.com\\\/avatar\\\/c052a2551a06e23fac63626232eaa90abd78dbcf1700fc46a2b2c89fd27b735f?s=96&d=mm&r=g\",\"contentUrl\":\"https:\\\/\\\/secure.gravatar.com\\\/avatar\\\/c052a2551a06e23fac63626232eaa90abd78dbcf1700fc46a2b2c89fd27b735f?s=96&d=mm&r=g\",\"caption\":\"Redacci\u00f3n A Nova Peneira\"},\"sameAs\":[\"http:\\\/\\\/www.anovapeneira.gal\\\/\"],\"url\":\"https:\\\/\\\/www.anovapeneira.gal\\\/index.php\\\/author\\\/redactor\\\/\"}]}<\/script>\n<!-- \/ Yoast SEO plugin. -->","yoast_head_json":{"title":"Jos\u00e9 Antonio Vidueiro, director da Banda de Gaitas de Forcarei -","description":"Jos\u00e9 Antonio Vidueiro director da Banda de Gaitas de Forcarei. poucas bandas chegaron a tanto en tan pouco tempo,e honestamente creo que merecemosun mellor tratamento","robots":{"index":"index","follow":"follow","max-snippet":"max-snippet:-1","max-image-preview":"max-image-preview:large","max-video-preview":"max-video-preview:-1"},"canonical":"https:\/\/www.anovapeneira.gal\/index.php\/2020\/09\/03\/jose-antonio-vidueiro-director-da-banda-de-gaitas-de-forcarei\/","og_locale":"gl_ES","og_type":"article","og_title":"Jos\u00e9 Antonio Vidueiro, director da Banda de Gaitas de Forcarei -","og_description":"Jos\u00e9 Antonio Vidueiro director da Banda de Gaitas de Forcarei. poucas bandas chegaron a tanto en tan pouco tempo,e honestamente creo que merecemosun mellor tratamento","og_url":"https:\/\/www.anovapeneira.gal\/index.php\/2020\/09\/03\/jose-antonio-vidueiro-director-da-banda-de-gaitas-de-forcarei\/","article_publisher":"https:\/\/www.facebook.com\/anovapeneira","article_published_time":"2020-09-03T08:00:04+00:00","og_image":[{"width":720,"height":432,"url":"https:\/\/www.anovapeneira.gal\/wp-content\/uploads\/2020\/09\/banda_gatitas_forcarei_a_nova_peneira.jpg","type":"image\/jpeg"}],"author":"Redacci\u00f3n A Nova Peneira","twitter_card":"summary_large_image","twitter_creator":"@APeneira","twitter_site":"@APeneira","twitter_misc":{"Escrito por":"Redacci\u00f3n A Nova Peneira","Tempo de lectura":"8 minutos"},"schema":{"@context":"https:\/\/schema.org","@graph":[{"@type":"Article","@id":"https:\/\/www.anovapeneira.gal\/index.php\/2020\/09\/03\/jose-antonio-vidueiro-director-da-banda-de-gaitas-de-forcarei\/#article","isPartOf":{"@id":"https:\/\/www.anovapeneira.gal\/index.php\/2020\/09\/03\/jose-antonio-vidueiro-director-da-banda-de-gaitas-de-forcarei\/"},"author":{"name":"Redacci\u00f3n A Nova Peneira","@id":"https:\/\/www.anovapeneira.gal\/#\/schema\/person\/b93e3f8932e3f8da96334607eb6ac6aa"},"headline":"Jos\u00e9 Antonio Vidueiro, director da Banda de Gaitas de Forcarei","datePublished":"2020-09-03T08:00:04+00:00","mainEntityOfPage":{"@id":"https:\/\/www.anovapeneira.gal\/index.php\/2020\/09\/03\/jose-antonio-vidueiro-director-da-banda-de-gaitas-de-forcarei\/"},"wordCount":1590,"commentCount":0,"publisher":{"@id":"https:\/\/www.anovapeneira.gal\/#organization"},"image":{"@id":"https:\/\/www.anovapeneira.gal\/index.php\/2020\/09\/03\/jose-antonio-vidueiro-director-da-banda-de-gaitas-de-forcarei\/#primaryimage"},"thumbnailUrl":"https:\/\/www.anovapeneira.gal\/wp-content\/uploads\/2020\/09\/banda_gatitas_forcarei_a_nova_peneira.jpg","keywords":["Concello de Forcarei"],"articleSection":["Entrevistas"],"inLanguage":"gl-ES","potentialAction":[{"@type":"CommentAction","name":"Comment","target":["https:\/\/www.anovapeneira.gal\/index.php\/2020\/09\/03\/jose-antonio-vidueiro-director-da-banda-de-gaitas-de-forcarei\/#respond"]}]},{"@type":"WebPage","@id":"https:\/\/www.anovapeneira.gal\/index.php\/2020\/09\/03\/jose-antonio-vidueiro-director-da-banda-de-gaitas-de-forcarei\/","url":"https:\/\/www.anovapeneira.gal\/index.php\/2020\/09\/03\/jose-antonio-vidueiro-director-da-banda-de-gaitas-de-forcarei\/","name":"Jos\u00e9 Antonio Vidueiro, director da Banda de Gaitas de Forcarei -","isPartOf":{"@id":"https:\/\/www.anovapeneira.gal\/#website"},"primaryImageOfPage":{"@id":"https:\/\/www.anovapeneira.gal\/index.php\/2020\/09\/03\/jose-antonio-vidueiro-director-da-banda-de-gaitas-de-forcarei\/#primaryimage"},"image":{"@id":"https:\/\/www.anovapeneira.gal\/index.php\/2020\/09\/03\/jose-antonio-vidueiro-director-da-banda-de-gaitas-de-forcarei\/#primaryimage"},"thumbnailUrl":"https:\/\/www.anovapeneira.gal\/wp-content\/uploads\/2020\/09\/banda_gatitas_forcarei_a_nova_peneira.jpg","datePublished":"2020-09-03T08:00:04+00:00","description":"Jos\u00e9 Antonio Vidueiro director da Banda de Gaitas de Forcarei. poucas bandas chegaron a tanto en tan pouco tempo,e honestamente creo que merecemosun mellor tratamento","breadcrumb":{"@id":"https:\/\/www.anovapeneira.gal\/index.php\/2020\/09\/03\/jose-antonio-vidueiro-director-da-banda-de-gaitas-de-forcarei\/#breadcrumb"},"inLanguage":"gl-ES","potentialAction":[{"@type":"ReadAction","target":["https:\/\/www.anovapeneira.gal\/index.php\/2020\/09\/03\/jose-antonio-vidueiro-director-da-banda-de-gaitas-de-forcarei\/"]}]},{"@type":"ImageObject","inLanguage":"gl-ES","@id":"https:\/\/www.anovapeneira.gal\/index.php\/2020\/09\/03\/jose-antonio-vidueiro-director-da-banda-de-gaitas-de-forcarei\/#primaryimage","url":"https:\/\/www.anovapeneira.gal\/wp-content\/uploads\/2020\/09\/banda_gatitas_forcarei_a_nova_peneira.jpg","contentUrl":"https:\/\/www.anovapeneira.gal\/wp-content\/uploads\/2020\/09\/banda_gatitas_forcarei_a_nova_peneira.jpg","width":720,"height":432,"caption":"Banda de Gaitas de Forcarei"},{"@type":"BreadcrumbList","@id":"https:\/\/www.anovapeneira.gal\/index.php\/2020\/09\/03\/jose-antonio-vidueiro-director-da-banda-de-gaitas-de-forcarei\/#breadcrumb","itemListElement":[{"@type":"ListItem","position":1,"name":"Portada","item":"https:\/\/www.anovapeneira.gal\/"},{"@type":"ListItem","position":2,"name":"Jos\u00e9 Antonio Vidueiro, director da Banda de Gaitas de Forcarei"}]},{"@type":"WebSite","@id":"https:\/\/www.anovapeneira.gal\/#website","url":"https:\/\/www.anovapeneira.gal\/","name":"","description":"Xornal galego de informaci\u00f3n xeral Publicaci\u00f3n mensual de novas de Galicia e en especial dos Concellos da sur da provincia de Pontevedra.","publisher":{"@id":"https:\/\/www.anovapeneira.gal\/#organization"},"potentialAction":[{"@type":"SearchAction","target":{"@type":"EntryPoint","urlTemplate":"https:\/\/www.anovapeneira.gal\/?s={search_term_string}"},"query-input":{"@type":"PropertyValueSpecification","valueRequired":true,"valueName":"search_term_string"}}],"inLanguage":"gl-ES"},{"@type":"Organization","@id":"https:\/\/www.anovapeneira.gal\/#organization","name":"A Nova Peneira","url":"https:\/\/www.anovapeneira.gal\/","logo":{"@type":"ImageObject","inLanguage":"gl-ES","@id":"https:\/\/www.anovapeneira.gal\/#\/schema\/logo\/image\/","url":"http:\/\/www.anovapeneira.gal\/wp-content\/uploads\/2019\/06\/logo_a_nova_peneira_portal_web.png","contentUrl":"http:\/\/www.anovapeneira.gal\/wp-content\/uploads\/2019\/06\/logo_a_nova_peneira_portal_web.png","width":300,"height":100,"caption":"A Nova Peneira"},"image":{"@id":"https:\/\/www.anovapeneira.gal\/#\/schema\/logo\/image\/"},"sameAs":["https:\/\/www.facebook.com\/anovapeneira","https:\/\/x.com\/APeneira"]},{"@type":"Person","@id":"https:\/\/www.anovapeneira.gal\/#\/schema\/person\/b93e3f8932e3f8da96334607eb6ac6aa","name":"Redacci\u00f3n A Nova Peneira","image":{"@type":"ImageObject","inLanguage":"gl-ES","@id":"https:\/\/secure.gravatar.com\/avatar\/c052a2551a06e23fac63626232eaa90abd78dbcf1700fc46a2b2c89fd27b735f?s=96&d=mm&r=g","url":"https:\/\/secure.gravatar.com\/avatar\/c052a2551a06e23fac63626232eaa90abd78dbcf1700fc46a2b2c89fd27b735f?s=96&d=mm&r=g","contentUrl":"https:\/\/secure.gravatar.com\/avatar\/c052a2551a06e23fac63626232eaa90abd78dbcf1700fc46a2b2c89fd27b735f?s=96&d=mm&r=g","caption":"Redacci\u00f3n A Nova Peneira"},"sameAs":["http:\/\/www.anovapeneira.gal\/"],"url":"https:\/\/www.anovapeneira.gal\/index.php\/author\/redactor\/"}]}},"jetpack_featured_media_url":"https:\/\/www.anovapeneira.gal\/wp-content\/uploads\/2020\/09\/banda_gatitas_forcarei_a_nova_peneira.jpg","_links":{"self":[{"href":"https:\/\/www.anovapeneira.gal\/index.php\/wp-json\/wp\/v2\/posts\/3836","targetHints":{"allow":["GET"]}}],"collection":[{"href":"https:\/\/www.anovapeneira.gal\/index.php\/wp-json\/wp\/v2\/posts"}],"about":[{"href":"https:\/\/www.anovapeneira.gal\/index.php\/wp-json\/wp\/v2\/types\/post"}],"author":[{"embeddable":true,"href":"https:\/\/www.anovapeneira.gal\/index.php\/wp-json\/wp\/v2\/users\/3"}],"replies":[{"embeddable":true,"href":"https:\/\/www.anovapeneira.gal\/index.php\/wp-json\/wp\/v2\/comments?post=3836"}],"version-history":[{"count":2,"href":"https:\/\/www.anovapeneira.gal\/index.php\/wp-json\/wp\/v2\/posts\/3836\/revisions"}],"predecessor-version":[{"id":3840,"href":"https:\/\/www.anovapeneira.gal\/index.php\/wp-json\/wp\/v2\/posts\/3836\/revisions\/3840"}],"wp:featuredmedia":[{"embeddable":true,"href":"https:\/\/www.anovapeneira.gal\/index.php\/wp-json\/wp\/v2\/media\/3838"}],"wp:attachment":[{"href":"https:\/\/www.anovapeneira.gal\/index.php\/wp-json\/wp\/v2\/media?parent=3836"}],"wp:term":[{"taxonomy":"category","embeddable":true,"href":"https:\/\/www.anovapeneira.gal\/index.php\/wp-json\/wp\/v2\/categories?post=3836"},{"taxonomy":"post_tag","embeddable":true,"href":"https:\/\/www.anovapeneira.gal\/index.php\/wp-json\/wp\/v2\/tags?post=3836"}],"curies":[{"name":"wp","href":"https:\/\/api.w.org\/{rel}","templated":true}]}}