{"id":3841,"date":"2020-09-03T12:00:48","date_gmt":"2020-09-03T10:00:48","guid":{"rendered":"http:\/\/www.anovapeneira.gal\/?p=3841"},"modified":"2020-09-02T09:37:23","modified_gmt":"2020-09-02T07:37:23","slug":"anton-barreiro-voceiro-do-bng-de-a-lama","status":"publish","type":"post","link":"https:\/\/www.anovapeneira.gal\/index.php\/2020\/09\/03\/anton-barreiro-voceiro-do-bng-de-a-lama\/","title":{"rendered":"Ant\u00f3n Barreiro, Voceiro do BNG de A Lama"},"content":{"rendered":"\n<h5 class=\"wp-block-heading\"><strong>A Lama \u00e9 un concello no que o PP semella ter ga\u00f1ada \u00e1 inmensa maior\u00eda da s\u00faa poboaci\u00f3n e con poucas posibilidades para que o nacionalismo artelle unha alternativa solvente que estea en condici\u00f3ns de disputarlle a vitoria aos populares. O Bloque quedou f\u00f3ra da corporaci\u00f3n nas municipais do 2.015. Nas \u00faltimas elecci\u00f3ns celebradas o pasado ano, recuperou a presenza e cun espectacular resultado nas auton\u00f3micos un novo tempo de ilusi\u00f3n e esperanza agroma na cada vez maior asemblea local dos nacionalistas de A Lama. N\u00f3s falamos con Ant\u00f3n, un dos seus voceiros<\/strong><\/h5>\n\n\n\n<p>\u201c&nbsp;<strong>NON \u00c9 NADA F\u00c1CIL SER DO BNG NA LAMA\u201d<\/strong><\/p>\n\n\n\n<p><strong>Ti es natural de A Lama Ant\u00f3n?<\/strong><\/p>\n\n\n\n<blockquote class=\"wp-block-quote is-layout-flow wp-block-quote-is-layout-flow\"><p>Si e tam\u00e9n vivo aqu\u00ed<\/p><\/blockquote>\n\n\n\n<p><strong>Fainos unha valoraci\u00f3n xeral da situaci\u00f3n pol\u00edtica do Concello?<\/strong><\/p>\n\n\n\n<blockquote class=\"wp-block-quote is-layout-flow wp-block-quote-is-layout-flow\"><p>A situaci\u00f3n pol\u00edtica de A Lama p\u00f3dese caracterizar por unha palabra: inmobilismo. Desde hai moito tempo a dereita local ten a maior\u00eda absoluta na corporaci\u00f3n, e a atomizaci\u00f3n da oposici\u00f3n non axuda a reverter as cousas. O PP local sit\u00faase na parte m\u00e1is \u00e1 dereita da dereita e desenvolve unha pol\u00edtica caciquil e clientelar contra a que \u00e9 moi dif\u00edcil loitar.<\/p><\/blockquote>\n\n\n\n<p><strong>Cales son os principais problemas que padece A Lama?<\/strong><\/p>\n\n\n\n<blockquote class=\"wp-block-quote is-layout-flow wp-block-quote-is-layout-flow\"><p>A perda de poboaci\u00f3n que padecemos \u00e9 catastr\u00f3fica. Hai 30 anos estabamos polos 6.000 habitantes e agora, tan s\u00f3 tres d\u00e9cadas despois, apenas chegamos aos 2.000.N\u00f3s \u00faltimos catro anos a perda \u00e9 tan elevada que non desenvolver pol\u00edticas que a combatan amosa a enorme irresponsabilidade na que se move o goberno do noso concello. Case 350 persoas, nestes 4 anos que che comentaba deixaron de vivir no noso pobo\u00a1\u00a1<\/p><\/blockquote>\n\n\n\n<p><strong>Ent\u00f3n ti consideras que a administraci\u00f3n municipal non desenvolve pol\u00edticas adecuadas para tratar de conter a ca\u00edda de poboaci\u00f3n?<\/strong><\/p>\n\n\n\n<blockquote class=\"wp-block-quote is-layout-flow wp-block-quote-is-layout-flow\"><p>Nin adecuadas, nin inadecuadas. Directamente non fan nada. O \u00fanico que fai este goberno \u00e9 manter os servizos b\u00e1sicos, cando os mant\u00e9n, porque \u00e1s veces como pasou hai anos ,deixa todo a escuras para pagar a d\u00e9beda que temos coa empresa el\u00e9ctrica<\/p><\/blockquote>\n\n\n\n<p><strong>Como \u00e9 iso da d\u00e9beda coa compa\u00f1\u00eda el\u00e9ctrica?<\/strong><\/p>\n\n\n\n<blockquote class=\"wp-block-quote is-layout-flow wp-block-quote-is-layout-flow\"><p>Pois ten que tratarse de mala xesti\u00f3n. Neste concello dest\u00ednanse unha cantidade enorme de cartos a pagar soldos. A estrutura de xente que traballa para o concello est\u00e1 claramente sobredimensionada para o noso volume de poboaci\u00f3n,e por conseguinte quedan moi poucos recursos para atender outro tipo de necesidades<\/p><\/blockquote>\n\n\n\n<p><strong>Como est\u00e1 a sa\u00fade do nacionalismo en A Lama?<\/strong><\/p>\n\n\n\n<blockquote class=\"wp-block-quote is-layout-flow wp-block-quote-is-layout-flow\"><p>Pod\u00eda estar mellor, pero estivemos moito peor. Eu qu\u00e9dome co positivo da situaci\u00f3n e na actualidade temos artellada unha asemblea local moi interesante, con moitas ga\u00f1as de traballar. E te\u00f1o a convicci\u00f3n de que estamos en proceso de crecemento, malia que non che creas que resulta f\u00e1cil ser do BNG na Lama. \u00c1s veces ,a xente ten medo a significarse. \u00c9 triste dicilo, pero \u00e9 a realidade.<\/p><\/blockquote>\n\n\n\n<p><strong>Cal \u00e9 a vosa posici\u00f3n pol\u00edtica sobre o tema da mina que supostamente pretenden instalar en terreos, que, entre outros, tam\u00e9n afectar\u00edan ao concello de A Lama?<\/strong><\/p>\n\n\n\n<blockquote class=\"wp-block-quote is-layout-flow wp-block-quote-is-layout-flow\"><p>De momento o que hai \u00e9 un desco\u00f1ecemento enorme. Eu mesmo non co\u00f1ec\u00edn esta nova ata hai moi pouco. Teremos que investigar o tema en profundidade, pois de momento a \u00fanica certeza que temos \u00e9 que existe unha denuncia de Ecoloxistas en acci\u00f3n. Seica a proxecci\u00f3n da mina \u00e9 nun terreo de 1.500 hect\u00e1reas<\/p><\/blockquote>\n\n\n\n<p><strong>Mi\u00f1a nai iso \u00e9 unha inmensidade<\/strong><\/p>\n\n\n\n<blockquote class=\"wp-block-quote is-layout-flow wp-block-quote-is-layout-flow\"><p>E tanto que si. Ese tipo de explotaci\u00f3ns son moi perigosas, as augas \u00e1cidas que xeran poder\u00edan ser letais para os r\u00edos e todo o seu ecosistema. O turismo rural tam\u00e9n se poder\u00eda ver seriamente afectado co que se danar\u00eda a forma de vida de moitas persoas<\/p><\/blockquote>\n","protected":false},"excerpt":{"rendered":"<div class=\"mh-excerpt\"><p>A Lama \u00e9 un concello no que o PP semella ter ga\u00f1ada \u00e1 inmensa maior\u00eda da s\u00faa poboaci\u00f3n e con poucas posibilidades para que o nacionalismo artelle unha alternativa solvente que estea en condici\u00f3ns de disputarlle a vitoria aos populares. O Bloque quedou f\u00f3ra da corporaci\u00f3n nas municipais do 2.015. Nas \u00faltimas elecci\u00f3ns celebradas o pasado ano, recuperou a presenza e cun espectacular resultado nas auton\u00f3micos un novo tempo de ilusi\u00f3n e esperanza agroma na cada vez maior asemblea local dos nacionalistas de A Lama <a class=\"mh-excerpt-more\" href=\"https:\/\/www.anovapeneira.gal\/index.php\/2020\/09\/03\/anton-barreiro-voceiro-do-bng-de-a-lama\/\" title=\"Ant\u00f3n Barreiro, Voceiro do BNG de A Lama\">[&#8230;]<\/a><\/p>\n<\/div>","protected":false},"author":3,"featured_media":3842,"comment_status":"open","ping_status":"open","sticky":false,"template":"","format":"standard","meta":{"_exactmetrics_skip_tracking":false,"_exactmetrics_sitenote_active":false,"_exactmetrics_sitenote_note":"","_exactmetrics_sitenote_category":0,"footnotes":""},"categories":[26],"tags":[10,692],"class_list":{"0":"post-3841","1":"post","2":"type-post","3":"status-publish","4":"format-standard","5":"has-post-thumbnail","7":"category-pontevedra","8":"tag-bng","9":"tag-concello-de-a-lama"},"yoast_head":"<!-- This site is optimized with the Yoast SEO plugin v27.4 - https:\/\/yoast.com\/product\/yoast-seo-wordpress\/ -->\n<title>Ant\u00f3n Barreiro, Voceiro do BNG de A Lama -<\/title>\n<meta name=\"description\" content=\"Ant\u00f3n Barreiro Voceiro do BNG de A Lama: A situaci\u00f3n pol\u00edtica de A Lama p\u00f3dese caracterizar por unha palabra: inmobilismo. Desde hai moito tempo a dereita local ten a maior\u00eda absoluta na corporaci\u00f3n, e a atomizaci\u00f3n da oposici\u00f3n non axuda a reverter as cousas.\" \/>\n<meta name=\"robots\" content=\"index, follow, max-snippet:-1, max-image-preview:large, max-video-preview:-1\" \/>\n<link rel=\"canonical\" href=\"https:\/\/www.anovapeneira.gal\/index.php\/2020\/09\/03\/anton-barreiro-voceiro-do-bng-de-a-lama\/\" \/>\n<meta property=\"og:locale\" content=\"gl_ES\" \/>\n<meta property=\"og:type\" content=\"article\" \/>\n<meta property=\"og:title\" content=\"Ant\u00f3n Barreiro, Voceiro do BNG de A Lama -\" \/>\n<meta property=\"og:description\" content=\"Ant\u00f3n Barreiro Voceiro do BNG de A Lama: A situaci\u00f3n pol\u00edtica de A Lama p\u00f3dese caracterizar por unha palabra: inmobilismo. Desde hai moito tempo a dereita local ten a maior\u00eda absoluta na corporaci\u00f3n, e a atomizaci\u00f3n da oposici\u00f3n non axuda a reverter as cousas.\" \/>\n<meta property=\"og:url\" content=\"https:\/\/www.anovapeneira.gal\/index.php\/2020\/09\/03\/anton-barreiro-voceiro-do-bng-de-a-lama\/\" \/>\n<meta property=\"article:publisher\" content=\"https:\/\/www.facebook.com\/anovapeneira\" \/>\n<meta property=\"article:published_time\" content=\"2020-09-03T10:00:48+00:00\" \/>\n<meta property=\"og:image\" content=\"https:\/\/www.anovapeneira.gal\/wp-content\/uploads\/2020\/09\/anton_barreiro_bng_a_lama_a_nova_peneira.jpg\" \/>\n\t<meta property=\"og:image:width\" content=\"720\" \/>\n\t<meta property=\"og:image:height\" content=\"432\" \/>\n\t<meta property=\"og:image:type\" content=\"image\/jpeg\" \/>\n<meta name=\"author\" content=\"Redacci\u00f3n A Nova Peneira\" \/>\n<meta name=\"twitter:card\" content=\"summary_large_image\" \/>\n<meta name=\"twitter:creator\" content=\"@APeneira\" \/>\n<meta name=\"twitter:site\" content=\"@APeneira\" \/>\n<meta name=\"twitter:label1\" content=\"Escrito por\" \/>\n\t<meta name=\"twitter:data1\" content=\"Redacci\u00f3n A Nova Peneira\" \/>\n\t<meta name=\"twitter:label2\" content=\"Tempo de lectura\" \/>\n\t<meta name=\"twitter:data2\" content=\"3 minutos\" \/>\n<script type=\"application\/ld+json\" class=\"yoast-schema-graph\">{\"@context\":\"https:\\\/\\\/schema.org\",\"@graph\":[{\"@type\":\"Article\",\"@id\":\"https:\\\/\\\/www.anovapeneira.gal\\\/index.php\\\/2020\\\/09\\\/03\\\/anton-barreiro-voceiro-do-bng-de-a-lama\\\/#article\",\"isPartOf\":{\"@id\":\"https:\\\/\\\/www.anovapeneira.gal\\\/index.php\\\/2020\\\/09\\\/03\\\/anton-barreiro-voceiro-do-bng-de-a-lama\\\/\"},\"author\":{\"name\":\"Redacci\u00f3n A Nova Peneira\",\"@id\":\"https:\\\/\\\/www.anovapeneira.gal\\\/#\\\/schema\\\/person\\\/b93e3f8932e3f8da96334607eb6ac6aa\"},\"headline\":\"Ant\u00f3n Barreiro, Voceiro do BNG de A Lama\",\"datePublished\":\"2020-09-03T10:00:48+00:00\",\"mainEntityOfPage\":{\"@id\":\"https:\\\/\\\/www.anovapeneira.gal\\\/index.php\\\/2020\\\/09\\\/03\\\/anton-barreiro-voceiro-do-bng-de-a-lama\\\/\"},\"wordCount\":652,\"commentCount\":0,\"publisher\":{\"@id\":\"https:\\\/\\\/www.anovapeneira.gal\\\/#organization\"},\"image\":{\"@id\":\"https:\\\/\\\/www.anovapeneira.gal\\\/index.php\\\/2020\\\/09\\\/03\\\/anton-barreiro-voceiro-do-bng-de-a-lama\\\/#primaryimage\"},\"thumbnailUrl\":\"https:\\\/\\\/www.anovapeneira.gal\\\/wp-content\\\/uploads\\\/2020\\\/09\\\/anton_barreiro_bng_a_lama_a_nova_peneira.jpg\",\"keywords\":[\"BNG\",\"Concello de A Lama\"],\"articleSection\":[\"Pontevedra\"],\"inLanguage\":\"gl-ES\",\"potentialAction\":[{\"@type\":\"CommentAction\",\"name\":\"Comment\",\"target\":[\"https:\\\/\\\/www.anovapeneira.gal\\\/index.php\\\/2020\\\/09\\\/03\\\/anton-barreiro-voceiro-do-bng-de-a-lama\\\/#respond\"]}]},{\"@type\":\"WebPage\",\"@id\":\"https:\\\/\\\/www.anovapeneira.gal\\\/index.php\\\/2020\\\/09\\\/03\\\/anton-barreiro-voceiro-do-bng-de-a-lama\\\/\",\"url\":\"https:\\\/\\\/www.anovapeneira.gal\\\/index.php\\\/2020\\\/09\\\/03\\\/anton-barreiro-voceiro-do-bng-de-a-lama\\\/\",\"name\":\"Ant\u00f3n Barreiro, Voceiro do BNG de A Lama -\",\"isPartOf\":{\"@id\":\"https:\\\/\\\/www.anovapeneira.gal\\\/#website\"},\"primaryImageOfPage\":{\"@id\":\"https:\\\/\\\/www.anovapeneira.gal\\\/index.php\\\/2020\\\/09\\\/03\\\/anton-barreiro-voceiro-do-bng-de-a-lama\\\/#primaryimage\"},\"image\":{\"@id\":\"https:\\\/\\\/www.anovapeneira.gal\\\/index.php\\\/2020\\\/09\\\/03\\\/anton-barreiro-voceiro-do-bng-de-a-lama\\\/#primaryimage\"},\"thumbnailUrl\":\"https:\\\/\\\/www.anovapeneira.gal\\\/wp-content\\\/uploads\\\/2020\\\/09\\\/anton_barreiro_bng_a_lama_a_nova_peneira.jpg\",\"datePublished\":\"2020-09-03T10:00:48+00:00\",\"description\":\"Ant\u00f3n Barreiro Voceiro do BNG de A Lama: A situaci\u00f3n pol\u00edtica de A Lama p\u00f3dese caracterizar por unha palabra: inmobilismo. Desde hai moito tempo a dereita local ten a maior\u00eda absoluta na corporaci\u00f3n, e a atomizaci\u00f3n da oposici\u00f3n non axuda a reverter as cousas.\",\"breadcrumb\":{\"@id\":\"https:\\\/\\\/www.anovapeneira.gal\\\/index.php\\\/2020\\\/09\\\/03\\\/anton-barreiro-voceiro-do-bng-de-a-lama\\\/#breadcrumb\"},\"inLanguage\":\"gl-ES\",\"potentialAction\":[{\"@type\":\"ReadAction\",\"target\":[\"https:\\\/\\\/www.anovapeneira.gal\\\/index.php\\\/2020\\\/09\\\/03\\\/anton-barreiro-voceiro-do-bng-de-a-lama\\\/\"]}]},{\"@type\":\"ImageObject\",\"inLanguage\":\"gl-ES\",\"@id\":\"https:\\\/\\\/www.anovapeneira.gal\\\/index.php\\\/2020\\\/09\\\/03\\\/anton-barreiro-voceiro-do-bng-de-a-lama\\\/#primaryimage\",\"url\":\"https:\\\/\\\/www.anovapeneira.gal\\\/wp-content\\\/uploads\\\/2020\\\/09\\\/anton_barreiro_bng_a_lama_a_nova_peneira.jpg\",\"contentUrl\":\"https:\\\/\\\/www.anovapeneira.gal\\\/wp-content\\\/uploads\\\/2020\\\/09\\\/anton_barreiro_bng_a_lama_a_nova_peneira.jpg\",\"width\":720,\"height\":432,\"caption\":\"Ant\u00f3n Barreiro, Voceiro do BNG de A Lama\"},{\"@type\":\"BreadcrumbList\",\"@id\":\"https:\\\/\\\/www.anovapeneira.gal\\\/index.php\\\/2020\\\/09\\\/03\\\/anton-barreiro-voceiro-do-bng-de-a-lama\\\/#breadcrumb\",\"itemListElement\":[{\"@type\":\"ListItem\",\"position\":1,\"name\":\"Portada\",\"item\":\"https:\\\/\\\/www.anovapeneira.gal\\\/\"},{\"@type\":\"ListItem\",\"position\":2,\"name\":\"Ant\u00f3n Barreiro, Voceiro do BNG de A Lama\"}]},{\"@type\":\"WebSite\",\"@id\":\"https:\\\/\\\/www.anovapeneira.gal\\\/#website\",\"url\":\"https:\\\/\\\/www.anovapeneira.gal\\\/\",\"name\":\"\",\"description\":\"Xornal galego de informaci\u00f3n xeral Publicaci\u00f3n mensual de novas de Galicia e en especial dos Concellos da sur da provincia de Pontevedra.\",\"publisher\":{\"@id\":\"https:\\\/\\\/www.anovapeneira.gal\\\/#organization\"},\"potentialAction\":[{\"@type\":\"SearchAction\",\"target\":{\"@type\":\"EntryPoint\",\"urlTemplate\":\"https:\\\/\\\/www.anovapeneira.gal\\\/?s={search_term_string}\"},\"query-input\":{\"@type\":\"PropertyValueSpecification\",\"valueRequired\":true,\"valueName\":\"search_term_string\"}}],\"inLanguage\":\"gl-ES\"},{\"@type\":\"Organization\",\"@id\":\"https:\\\/\\\/www.anovapeneira.gal\\\/#organization\",\"name\":\"A Nova Peneira\",\"url\":\"https:\\\/\\\/www.anovapeneira.gal\\\/\",\"logo\":{\"@type\":\"ImageObject\",\"inLanguage\":\"gl-ES\",\"@id\":\"https:\\\/\\\/www.anovapeneira.gal\\\/#\\\/schema\\\/logo\\\/image\\\/\",\"url\":\"http:\\\/\\\/www.anovapeneira.gal\\\/wp-content\\\/uploads\\\/2019\\\/06\\\/logo_a_nova_peneira_portal_web.png\",\"contentUrl\":\"http:\\\/\\\/www.anovapeneira.gal\\\/wp-content\\\/uploads\\\/2019\\\/06\\\/logo_a_nova_peneira_portal_web.png\",\"width\":300,\"height\":100,\"caption\":\"A Nova Peneira\"},\"image\":{\"@id\":\"https:\\\/\\\/www.anovapeneira.gal\\\/#\\\/schema\\\/logo\\\/image\\\/\"},\"sameAs\":[\"https:\\\/\\\/www.facebook.com\\\/anovapeneira\",\"https:\\\/\\\/x.com\\\/APeneira\"]},{\"@type\":\"Person\",\"@id\":\"https:\\\/\\\/www.anovapeneira.gal\\\/#\\\/schema\\\/person\\\/b93e3f8932e3f8da96334607eb6ac6aa\",\"name\":\"Redacci\u00f3n A Nova Peneira\",\"image\":{\"@type\":\"ImageObject\",\"inLanguage\":\"gl-ES\",\"@id\":\"https:\\\/\\\/secure.gravatar.com\\\/avatar\\\/c052a2551a06e23fac63626232eaa90abd78dbcf1700fc46a2b2c89fd27b735f?s=96&d=mm&r=g\",\"url\":\"https:\\\/\\\/secure.gravatar.com\\\/avatar\\\/c052a2551a06e23fac63626232eaa90abd78dbcf1700fc46a2b2c89fd27b735f?s=96&d=mm&r=g\",\"contentUrl\":\"https:\\\/\\\/secure.gravatar.com\\\/avatar\\\/c052a2551a06e23fac63626232eaa90abd78dbcf1700fc46a2b2c89fd27b735f?s=96&d=mm&r=g\",\"caption\":\"Redacci\u00f3n A Nova Peneira\"},\"sameAs\":[\"http:\\\/\\\/www.anovapeneira.gal\\\/\"],\"url\":\"https:\\\/\\\/www.anovapeneira.gal\\\/index.php\\\/author\\\/redactor\\\/\"}]}<\/script>\n<!-- \/ Yoast SEO plugin. -->","yoast_head_json":{"title":"Ant\u00f3n Barreiro, Voceiro do BNG de A Lama -","description":"Ant\u00f3n Barreiro Voceiro do BNG de A Lama: A situaci\u00f3n pol\u00edtica de A Lama p\u00f3dese caracterizar por unha palabra: inmobilismo. Desde hai moito tempo a dereita local ten a maior\u00eda absoluta na corporaci\u00f3n, e a atomizaci\u00f3n da oposici\u00f3n non axuda a reverter as cousas.","robots":{"index":"index","follow":"follow","max-snippet":"max-snippet:-1","max-image-preview":"max-image-preview:large","max-video-preview":"max-video-preview:-1"},"canonical":"https:\/\/www.anovapeneira.gal\/index.php\/2020\/09\/03\/anton-barreiro-voceiro-do-bng-de-a-lama\/","og_locale":"gl_ES","og_type":"article","og_title":"Ant\u00f3n Barreiro, Voceiro do BNG de A Lama -","og_description":"Ant\u00f3n Barreiro Voceiro do BNG de A Lama: A situaci\u00f3n pol\u00edtica de A Lama p\u00f3dese caracterizar por unha palabra: inmobilismo. Desde hai moito tempo a dereita local ten a maior\u00eda absoluta na corporaci\u00f3n, e a atomizaci\u00f3n da oposici\u00f3n non axuda a reverter as cousas.","og_url":"https:\/\/www.anovapeneira.gal\/index.php\/2020\/09\/03\/anton-barreiro-voceiro-do-bng-de-a-lama\/","article_publisher":"https:\/\/www.facebook.com\/anovapeneira","article_published_time":"2020-09-03T10:00:48+00:00","og_image":[{"width":720,"height":432,"url":"https:\/\/www.anovapeneira.gal\/wp-content\/uploads\/2020\/09\/anton_barreiro_bng_a_lama_a_nova_peneira.jpg","type":"image\/jpeg"}],"author":"Redacci\u00f3n A Nova Peneira","twitter_card":"summary_large_image","twitter_creator":"@APeneira","twitter_site":"@APeneira","twitter_misc":{"Escrito por":"Redacci\u00f3n A Nova Peneira","Tempo de lectura":"3 minutos"},"schema":{"@context":"https:\/\/schema.org","@graph":[{"@type":"Article","@id":"https:\/\/www.anovapeneira.gal\/index.php\/2020\/09\/03\/anton-barreiro-voceiro-do-bng-de-a-lama\/#article","isPartOf":{"@id":"https:\/\/www.anovapeneira.gal\/index.php\/2020\/09\/03\/anton-barreiro-voceiro-do-bng-de-a-lama\/"},"author":{"name":"Redacci\u00f3n A Nova Peneira","@id":"https:\/\/www.anovapeneira.gal\/#\/schema\/person\/b93e3f8932e3f8da96334607eb6ac6aa"},"headline":"Ant\u00f3n Barreiro, Voceiro do BNG de A Lama","datePublished":"2020-09-03T10:00:48+00:00","mainEntityOfPage":{"@id":"https:\/\/www.anovapeneira.gal\/index.php\/2020\/09\/03\/anton-barreiro-voceiro-do-bng-de-a-lama\/"},"wordCount":652,"commentCount":0,"publisher":{"@id":"https:\/\/www.anovapeneira.gal\/#organization"},"image":{"@id":"https:\/\/www.anovapeneira.gal\/index.php\/2020\/09\/03\/anton-barreiro-voceiro-do-bng-de-a-lama\/#primaryimage"},"thumbnailUrl":"https:\/\/www.anovapeneira.gal\/wp-content\/uploads\/2020\/09\/anton_barreiro_bng_a_lama_a_nova_peneira.jpg","keywords":["BNG","Concello de A Lama"],"articleSection":["Pontevedra"],"inLanguage":"gl-ES","potentialAction":[{"@type":"CommentAction","name":"Comment","target":["https:\/\/www.anovapeneira.gal\/index.php\/2020\/09\/03\/anton-barreiro-voceiro-do-bng-de-a-lama\/#respond"]}]},{"@type":"WebPage","@id":"https:\/\/www.anovapeneira.gal\/index.php\/2020\/09\/03\/anton-barreiro-voceiro-do-bng-de-a-lama\/","url":"https:\/\/www.anovapeneira.gal\/index.php\/2020\/09\/03\/anton-barreiro-voceiro-do-bng-de-a-lama\/","name":"Ant\u00f3n Barreiro, Voceiro do BNG de A Lama -","isPartOf":{"@id":"https:\/\/www.anovapeneira.gal\/#website"},"primaryImageOfPage":{"@id":"https:\/\/www.anovapeneira.gal\/index.php\/2020\/09\/03\/anton-barreiro-voceiro-do-bng-de-a-lama\/#primaryimage"},"image":{"@id":"https:\/\/www.anovapeneira.gal\/index.php\/2020\/09\/03\/anton-barreiro-voceiro-do-bng-de-a-lama\/#primaryimage"},"thumbnailUrl":"https:\/\/www.anovapeneira.gal\/wp-content\/uploads\/2020\/09\/anton_barreiro_bng_a_lama_a_nova_peneira.jpg","datePublished":"2020-09-03T10:00:48+00:00","description":"Ant\u00f3n Barreiro Voceiro do BNG de A Lama: A situaci\u00f3n pol\u00edtica de A Lama p\u00f3dese caracterizar por unha palabra: inmobilismo. Desde hai moito tempo a dereita local ten a maior\u00eda absoluta na corporaci\u00f3n, e a atomizaci\u00f3n da oposici\u00f3n non axuda a reverter as cousas.","breadcrumb":{"@id":"https:\/\/www.anovapeneira.gal\/index.php\/2020\/09\/03\/anton-barreiro-voceiro-do-bng-de-a-lama\/#breadcrumb"},"inLanguage":"gl-ES","potentialAction":[{"@type":"ReadAction","target":["https:\/\/www.anovapeneira.gal\/index.php\/2020\/09\/03\/anton-barreiro-voceiro-do-bng-de-a-lama\/"]}]},{"@type":"ImageObject","inLanguage":"gl-ES","@id":"https:\/\/www.anovapeneira.gal\/index.php\/2020\/09\/03\/anton-barreiro-voceiro-do-bng-de-a-lama\/#primaryimage","url":"https:\/\/www.anovapeneira.gal\/wp-content\/uploads\/2020\/09\/anton_barreiro_bng_a_lama_a_nova_peneira.jpg","contentUrl":"https:\/\/www.anovapeneira.gal\/wp-content\/uploads\/2020\/09\/anton_barreiro_bng_a_lama_a_nova_peneira.jpg","width":720,"height":432,"caption":"Ant\u00f3n Barreiro, Voceiro do BNG de A Lama"},{"@type":"BreadcrumbList","@id":"https:\/\/www.anovapeneira.gal\/index.php\/2020\/09\/03\/anton-barreiro-voceiro-do-bng-de-a-lama\/#breadcrumb","itemListElement":[{"@type":"ListItem","position":1,"name":"Portada","item":"https:\/\/www.anovapeneira.gal\/"},{"@type":"ListItem","position":2,"name":"Ant\u00f3n Barreiro, Voceiro do BNG de A Lama"}]},{"@type":"WebSite","@id":"https:\/\/www.anovapeneira.gal\/#website","url":"https:\/\/www.anovapeneira.gal\/","name":"","description":"Xornal galego de informaci\u00f3n xeral Publicaci\u00f3n mensual de novas de Galicia e en especial dos Concellos da sur da provincia de Pontevedra.","publisher":{"@id":"https:\/\/www.anovapeneira.gal\/#organization"},"potentialAction":[{"@type":"SearchAction","target":{"@type":"EntryPoint","urlTemplate":"https:\/\/www.anovapeneira.gal\/?s={search_term_string}"},"query-input":{"@type":"PropertyValueSpecification","valueRequired":true,"valueName":"search_term_string"}}],"inLanguage":"gl-ES"},{"@type":"Organization","@id":"https:\/\/www.anovapeneira.gal\/#organization","name":"A Nova Peneira","url":"https:\/\/www.anovapeneira.gal\/","logo":{"@type":"ImageObject","inLanguage":"gl-ES","@id":"https:\/\/www.anovapeneira.gal\/#\/schema\/logo\/image\/","url":"http:\/\/www.anovapeneira.gal\/wp-content\/uploads\/2019\/06\/logo_a_nova_peneira_portal_web.png","contentUrl":"http:\/\/www.anovapeneira.gal\/wp-content\/uploads\/2019\/06\/logo_a_nova_peneira_portal_web.png","width":300,"height":100,"caption":"A Nova Peneira"},"image":{"@id":"https:\/\/www.anovapeneira.gal\/#\/schema\/logo\/image\/"},"sameAs":["https:\/\/www.facebook.com\/anovapeneira","https:\/\/x.com\/APeneira"]},{"@type":"Person","@id":"https:\/\/www.anovapeneira.gal\/#\/schema\/person\/b93e3f8932e3f8da96334607eb6ac6aa","name":"Redacci\u00f3n A Nova Peneira","image":{"@type":"ImageObject","inLanguage":"gl-ES","@id":"https:\/\/secure.gravatar.com\/avatar\/c052a2551a06e23fac63626232eaa90abd78dbcf1700fc46a2b2c89fd27b735f?s=96&d=mm&r=g","url":"https:\/\/secure.gravatar.com\/avatar\/c052a2551a06e23fac63626232eaa90abd78dbcf1700fc46a2b2c89fd27b735f?s=96&d=mm&r=g","contentUrl":"https:\/\/secure.gravatar.com\/avatar\/c052a2551a06e23fac63626232eaa90abd78dbcf1700fc46a2b2c89fd27b735f?s=96&d=mm&r=g","caption":"Redacci\u00f3n A Nova Peneira"},"sameAs":["http:\/\/www.anovapeneira.gal\/"],"url":"https:\/\/www.anovapeneira.gal\/index.php\/author\/redactor\/"}]}},"jetpack_featured_media_url":"https:\/\/www.anovapeneira.gal\/wp-content\/uploads\/2020\/09\/anton_barreiro_bng_a_lama_a_nova_peneira.jpg","_links":{"self":[{"href":"https:\/\/www.anovapeneira.gal\/index.php\/wp-json\/wp\/v2\/posts\/3841","targetHints":{"allow":["GET"]}}],"collection":[{"href":"https:\/\/www.anovapeneira.gal\/index.php\/wp-json\/wp\/v2\/posts"}],"about":[{"href":"https:\/\/www.anovapeneira.gal\/index.php\/wp-json\/wp\/v2\/types\/post"}],"author":[{"embeddable":true,"href":"https:\/\/www.anovapeneira.gal\/index.php\/wp-json\/wp\/v2\/users\/3"}],"replies":[{"embeddable":true,"href":"https:\/\/www.anovapeneira.gal\/index.php\/wp-json\/wp\/v2\/comments?post=3841"}],"version-history":[{"count":1,"href":"https:\/\/www.anovapeneira.gal\/index.php\/wp-json\/wp\/v2\/posts\/3841\/revisions"}],"predecessor-version":[{"id":3843,"href":"https:\/\/www.anovapeneira.gal\/index.php\/wp-json\/wp\/v2\/posts\/3841\/revisions\/3843"}],"wp:featuredmedia":[{"embeddable":true,"href":"https:\/\/www.anovapeneira.gal\/index.php\/wp-json\/wp\/v2\/media\/3842"}],"wp:attachment":[{"href":"https:\/\/www.anovapeneira.gal\/index.php\/wp-json\/wp\/v2\/media?parent=3841"}],"wp:term":[{"taxonomy":"category","embeddable":true,"href":"https:\/\/www.anovapeneira.gal\/index.php\/wp-json\/wp\/v2\/categories?post=3841"},{"taxonomy":"post_tag","embeddable":true,"href":"https:\/\/www.anovapeneira.gal\/index.php\/wp-json\/wp\/v2\/tags?post=3841"}],"curies":[{"name":"wp","href":"https:\/\/api.w.org\/{rel}","templated":true}]}}