{"id":3847,"date":"2020-09-04T12:00:47","date_gmt":"2020-09-04T10:00:47","guid":{"rendered":"http:\/\/www.anovapeneira.gal\/?p=3847"},"modified":"2020-09-04T10:29:44","modified_gmt":"2020-09-04T08:29:44","slug":"belen-cachafeiro-voceira-do-pp-de-forcarei","status":"publish","type":"post","link":"https:\/\/www.anovapeneira.gal\/index.php\/2020\/09\/04\/belen-cachafeiro-voceira-do-pp-de-forcarei\/","title":{"rendered":"Bel\u00e9n Cachafeiro  voceira do PP de Forcarei"},"content":{"rendered":"\n<p><strong>Bel\u00e9n \u00e9 a xefa da oposici\u00f3n no concello de Forcarei. Militante do PP desde hai m\u00e1is de 20 anos, foi alcaldesa do seu pobo desde o 2.012, despois da desgraza do falecemento do alcalde David Raposeira, ata as municipais de maio do pasado ano, nas que por tan s\u00f3 37 votos perdeu a maior\u00eda absoluta, facendo que por primeira vez na historia da democracia o PSOE goberne este concello.<\/strong><\/p>\n\n\n\n<p>\u201c<strong>A XESTI\u00d3N DESTE EQUIPO DE GOBERNO \u00c9 CA\u00d3TICA\u201d<\/strong><\/p>\n\n\n\n<p><strong>A ti, apelid\u00e1ndote Cachafeiro, como te apelidas, case non che vou preguntar de onde es<\/strong><\/p>\n\n\n\n<blockquote class=\"wp-block-quote is-layout-flow wp-block-quote-is-layout-flow\"><p>Ha ha ha ha. Efectivamente, o meu apelido \u00e9 moi com\u00fan no noso pobo<\/p><\/blockquote>\n\n\n\n<p><strong>Cal \u00e9 a t\u00faa actividade profesional?<\/strong><\/p>\n\n\n\n<blockquote class=\"wp-block-quote is-layout-flow wp-block-quote-is-layout-flow\"><p>Eu te\u00f1o un negocio, unha asesor\u00eda, da que me desvinculei cando entrei en pol\u00edtica. E na actualidade, estou completamente centrada na pol\u00edtica local<\/p><\/blockquote>\n\n\n\n<p><strong>Cando iniciaches a t\u00faa actividade pol\u00edtica?<\/strong><\/p>\n\n\n\n<blockquote class=\"wp-block-quote is-layout-flow wp-block-quote-is-layout-flow\"><p>En 1.999. Levo 21 anos de militancia no PPdeG<\/p><\/blockquote>\n\n\n\n<p><strong>Tam\u00e9n fuches deputada provincial?<\/strong><\/p>\n\n\n\n<blockquote class=\"wp-block-quote is-layout-flow wp-block-quote-is-layout-flow\"><p>Si, no mandato anterior 2.015-2.019<\/p><\/blockquote>\n\n\n\n<p><strong>Cando comezaches a t\u00faa actividade pol\u00edtica estaba David de alcalde, non?<\/strong><\/p>\n\n\n\n<blockquote class=\"wp-block-quote is-layout-flow wp-block-quote-is-layout-flow\"><p>Si, a\u00ednda estaba el de alcalde.<\/p><\/blockquote>\n\n\n\n<p><strong>Que significou \u00e1 s\u00faa figura para o concello de Forcarei?<\/strong><\/p>\n\n\n\n<blockquote class=\"wp-block-quote is-layout-flow wp-block-quote-is-layout-flow\"><p>Estou convencida de que, David, \u00e9 un alcalde que vai pasar \u00e1 historia do noso pobo. El quen foi quen fixo a obra m\u00e1is importante do concello, o pol\u00edgono industrial de Vilapouca. Eu sei que deixou a vida para poder concretar ese proxecto. E grazas ao seu esforzo e lucidez moitos veci\u00f1os, non s\u00f3 de Forcarei, poden ter un posto de traballo na nosa comarca<\/p><\/blockquote>\n\n\n\n<p><strong>Cando, por desgraza, David faleceu, asumiches ti a alcald\u00eda, non?<\/strong><\/p>\n\n\n\n<blockquote class=\"wp-block-quote is-layout-flow wp-block-quote-is-layout-flow\"><p>Si, no ano 2.012<\/p><\/blockquote>\n\n\n\n<p><strong>E como foron eses primeiros anos como alcaldesa?<\/strong><\/p>\n\n\n\n<blockquote class=\"wp-block-quote is-layout-flow wp-block-quote-is-layout-flow\"><p>Moi duros, foi algo totalmente inesperado. E, David, al\u00e9n de ser un excelente alcalde era unha persoa marabillosa, un amigo leal ao que eu quer\u00eda moito. E acceder \u00e1 alcald\u00eda pola morte dunha persoa que queres foi emocionalmente moi dif\u00edcil para min.\u00a0<\/p><\/blockquote>\n\n\n\n<p><strong>No 2.015 ga\u00f1aches as elecci\u00f3ns<\/strong><\/p>\n\n\n\n<blockquote class=\"wp-block-quote is-layout-flow wp-block-quote-is-layout-flow\"><p>Si, eu e todos os meus compa\u00f1eiros do PP fomos distinguidos coa confianza da maior\u00eda absoluta, naquel proceso electoral<\/p><\/blockquote>\n\n\n\n<p><strong>Nos catro anos que tivestes a maior\u00eda absoluta, cales foron as t\u00faas principais li\u00f1as de traballo?<\/strong><\/p>\n\n\n\n<blockquote class=\"wp-block-quote is-layout-flow wp-block-quote-is-layout-flow\"><p>Unha moi sinxela: procurar o ben com\u00fan do conxunto da veci\u00f1anza de Forcarei. A\u00ednda que non o tivemos nada f\u00e1cil pois tocounos unha \u00e9poca economicamente moi complicada na que tivemos que emprender un plan de axuste realmente duro .De feito baixeime eu mesma o meu propio soldo<\/p><\/blockquote>\n\n\n\n<p><strong>O resultado dese plan de axuste?<\/strong><\/p>\n\n\n\n<blockquote class=\"wp-block-quote is-layout-flow wp-block-quote-is-layout-flow\"><p>Moi satisfactorio. De feito en dous anos eliminamos unha moi importante d\u00e9beda de 800.000\u20ac e melloramos substancialmente os per\u00edodos de pago a provedores al\u00e9n de deixar importantes cantidades en caixa. De feito, grazas \u00e1s nosas pol\u00edticas, agora mesmo hai un remanente de 1.700.000\u20ac<\/p><\/blockquote>\n\n\n\n<p><strong>Que relaci\u00f3n tivestes como alcaldesa coa DEP?<\/strong><\/p>\n\n\n\n<blockquote class=\"wp-block-quote is-layout-flow wp-block-quote-is-layout-flow\"><p>Cando estaba Louz\u00e1n, tivemos unha relaci\u00f3n boa. Unha vez que chega o partido socialista \u00e1 presidencia da DEP o trato con Forcarei foi inxusto e sectario. Agora que no noso pobo temos unha alcaldesa do PSOE semella que queren portarse mellor con Forcarei<\/p><\/blockquote>\n\n\n\n<p><strong>Chegamos ao 2.019 e falt\u00e1ronche 37 votos<\/strong><\/p>\n\n\n\n<blockquote class=\"wp-block-quote is-layout-flow wp-block-quote-is-layout-flow\"><p>Pois si, perdemos a maior\u00eda absoluta por tan s\u00f3 37 votos<\/p><\/blockquote>\n\n\n\n<p><strong>A que o achacas?<\/strong><\/p>\n\n\n\n<blockquote class=\"wp-block-quote is-layout-flow wp-block-quote-is-layout-flow\"><p>Eu sab\u00eda que fixeramos un bo traballo, e confiaba en revalidar a maior\u00eda. Creo que o problema foi que se produciron lamentables pr\u00e1cticas de carretaxe de votos a persoas maiores<\/p><\/blockquote>\n\n\n\n<blockquote class=\"wp-block-quote is-layout-flow wp-block-quote-is-layout-flow\"><p>Eu fun advertida desa situaci\u00f3n na xornada electoral, incluso pola garda civil, pero tomei a decisi\u00f3n de non interpo\u00f1er ningunha demanda<\/p><\/blockquote>\n\n\n\n<p><strong>Vaia, pois esa pr\u00e1ctica de carretaxe de persoas maiores aos colexios electorais tradicionalmente sodes acusados de exercela v\u00f3s<\/strong><\/p>\n\n\n\n<blockquote class=\"wp-block-quote is-layout-flow wp-block-quote-is-layout-flow\"><p>Pois eu podo dicir que sendo alcaldesa do PP do Concello de Forcarei, sufrina nas mi\u00f1as propias carnes. E d\u00edgoche con rotundidade que nin con David como alcalde, nin comigo como alcaldesa, xamais utilizamos ese modus operandi<\/p><\/blockquote>\n\n\n\n<p><strong>Este novo goberno xa leva algo m\u00e1is dun ano, cal \u00e9 a t\u00faa valoraci\u00f3n?<\/strong><\/p>\n\n\n\n<blockquote class=\"wp-block-quote is-layout-flow wp-block-quote-is-layout-flow\"><p>A xesti\u00f3n pol\u00edtica deste novo goberno \u00e9 nula. Al\u00e9n de facer publicidade nas redes sociais, publicidade enganosa por certo, non fan nada por Forcarei. Ata tal punto que nun ano e pico non foron capaces de presentar uns orzamentos, e est\u00e1n con nosos prorrogados. Por outra parte os per\u00edodos de pago a provedores empeoraron considerablemente. En definitiva, a xesti\u00f3n deste equipo de goberno \u00e9 ca\u00f3tica. Non son capaces de asumir responsabilidades e s\u00f3 fan botarlle a culpa de todo \u00e1 Xunta.<\/p><\/blockquote>\n\n\n\n<p><strong>Esta pregunta ter\u00edame encantado facerlla \u00e1 alcaldesa pero increiblemente negouse a falar con n\u00f3s<\/strong><\/p>\n\n\n\n<blockquote class=\"wp-block-quote is-layout-flow wp-block-quote-is-layout-flow\"><p>Non te estra\u00f1e<\/p><\/blockquote>\n\n\n\n<p><strong>Pois si, estr\u00e1\u00f1ame e decepci\u00f3name porque \u00e9 algo non habitual, pero ben, vai a pregunta. Se un lector ou lectora quixera co\u00f1ecer o teu pobo cales son os seus atractivos principais?<\/strong><\/p>\n\n\n\n<blockquote class=\"wp-block-quote is-layout-flow wp-block-quote-is-layout-flow\"><p>Forcarei \u00e9 un lugar m\u00e1xico, eu non o cambio por ning\u00fan outro sitio no mundo, e aproveito a oportunidade para convidar a todas e todos os lectores da Peneira a que nos co\u00f1ezan. O noso pobo \u00e9 moi hospitalario e recibe a todo o mundo con grandes doses de cari\u00f1o. A nosa gastronom\u00eda \u00e9 inigualable. Que dicir por exemplo dos cocidos de Cachafeiro\u00a1\u00a1.A natureza foi especialmente xenerosa con n\u00f3s, os r\u00edos L\u00e9rez e Umia nacen en Forcarei. \u00c1s s\u00faas beiras poderedes gozar de rutas de sendeirismo que non deixan indiferente a ningu\u00e9n. A intensidade crom\u00e1tica das nosas fragas fan que o viaxeiro se sinta transportado a outra \u00e9poca na que o estr\u00e9s da vida coti\u00e1 non parece ter importancia. O mosteiro de Aciveiro \u00e9 unha xoia benedictina que paga a pena co\u00f1ecer, logo temos as neveiras que restaurou o noso goberno en colaboraci\u00f3n coa Xunta. O circu\u00edto de karting de Soutelo \u00e9 tam\u00e9n digno de ver&#8230;<\/p><\/blockquote>\n\n\n\n<p><strong>Rematamos Bel\u00e9n, o teu futuro pol\u00edtico?<\/strong><\/p>\n\n\n\n<blockquote class=\"wp-block-quote is-layout-flow wp-block-quote-is-layout-flow\"><p>No 2.023 voume presentar \u00e1s elecci\u00f3ns municipais sen ning\u00fan tipo de d\u00fabida. Estou implicad\u00edsima co meu pobo e vou traballar con toda a intensidade e con toda humildade o tempo que queda de mandato para tentar recuperar a confianza maioritaria da veci\u00f1anza de Forcarei.<\/p><\/blockquote>\n","protected":false},"excerpt":{"rendered":"<div class=\"mh-excerpt\"><p>Bel\u00e9n \u00e9 a xefa da oposici\u00f3n no concello de Forcarei. Militante do PP desde hai m\u00e1is de 20 anos, foi alcaldesa do seu pobo desde o 2.012, despois da desgraza do falecemento do alcalde David Raposeira, ata as municipais de maio do pasado ano, nas que por tan s\u00f3 37 votos perdeu a maior\u00eda absoluta, facendo que por primeira vez na historia da democracia o PSOE goberne este concello. <a class=\"mh-excerpt-more\" href=\"https:\/\/www.anovapeneira.gal\/index.php\/2020\/09\/04\/belen-cachafeiro-voceira-do-pp-de-forcarei\/\" title=\"Bel\u00e9n Cachafeiro  voceira do PP de Forcarei\">[&#8230;]<\/a><\/p>\n<\/div>","protected":false},"author":3,"featured_media":3848,"comment_status":"open","ping_status":"open","sticky":false,"template":"","format":"standard","meta":{"_exactmetrics_skip_tracking":false,"_exactmetrics_sitenote_active":false,"_exactmetrics_sitenote_note":"","_exactmetrics_sitenote_category":0,"footnotes":""},"categories":[264],"tags":[1189],"class_list":{"0":"post-3847","1":"post","2":"type-post","3":"status-publish","4":"format-standard","5":"has-post-thumbnail","7":"category-entrevistas-galicia","8":"tag-concello-forcarei"},"yoast_head":"<!-- This site is optimized with the Yoast SEO plugin v27.4 - https:\/\/yoast.com\/product\/yoast-seo-wordpress\/ -->\n<title>Bel\u00e9n Cachafeiro voceira do PP de Forcarei -<\/title>\n<meta name=\"robots\" content=\"index, follow, max-snippet:-1, max-image-preview:large, max-video-preview:-1\" \/>\n<link rel=\"canonical\" href=\"https:\/\/www.anovapeneira.gal\/index.php\/2020\/09\/04\/belen-cachafeiro-voceira-do-pp-de-forcarei\/\" \/>\n<meta property=\"og:locale\" content=\"gl_ES\" \/>\n<meta property=\"og:type\" content=\"article\" \/>\n<meta property=\"og:title\" content=\"Bel\u00e9n Cachafeiro voceira do PP de Forcarei -\" \/>\n<meta property=\"og:description\" content=\"Bel\u00e9n \u00e9 a xefa da oposici\u00f3n no concello de Forcarei. Militante do PP desde hai m\u00e1is de 20 anos, foi alcaldesa do seu pobo desde o 2.012, despois da desgraza do falecemento do alcalde David Raposeira, ata as municipais de maio do pasado ano, nas que por tan s\u00f3 37 votos perdeu a maior\u00eda absoluta, facendo que por primeira vez na historia da democracia o PSOE goberne este concello. [...]\" \/>\n<meta property=\"og:url\" content=\"https:\/\/www.anovapeneira.gal\/index.php\/2020\/09\/04\/belen-cachafeiro-voceira-do-pp-de-forcarei\/\" \/>\n<meta property=\"article:publisher\" content=\"https:\/\/www.facebook.com\/anovapeneira\" \/>\n<meta property=\"article:published_time\" content=\"2020-09-04T10:00:47+00:00\" \/>\n<meta property=\"og:image\" content=\"https:\/\/www.anovapeneira.gal\/wp-content\/uploads\/2020\/09\/belen_pp_forcarei_a_nova_peneira.jpg\" \/>\n\t<meta property=\"og:image:width\" content=\"720\" \/>\n\t<meta property=\"og:image:height\" content=\"432\" \/>\n\t<meta property=\"og:image:type\" content=\"image\/jpeg\" \/>\n<meta name=\"author\" content=\"Redacci\u00f3n A Nova Peneira\" \/>\n<meta name=\"twitter:card\" content=\"summary_large_image\" \/>\n<meta name=\"twitter:creator\" content=\"@APeneira\" \/>\n<meta name=\"twitter:site\" content=\"@APeneira\" \/>\n<meta name=\"twitter:label1\" content=\"Escrito por\" \/>\n\t<meta name=\"twitter:data1\" content=\"Redacci\u00f3n A Nova Peneira\" \/>\n\t<meta name=\"twitter:label2\" content=\"Tempo de lectura\" \/>\n\t<meta name=\"twitter:data2\" content=\"5 minutos\" \/>\n<script type=\"application\/ld+json\" class=\"yoast-schema-graph\">{\"@context\":\"https:\\\/\\\/schema.org\",\"@graph\":[{\"@type\":\"Article\",\"@id\":\"https:\\\/\\\/www.anovapeneira.gal\\\/index.php\\\/2020\\\/09\\\/04\\\/belen-cachafeiro-voceira-do-pp-de-forcarei\\\/#article\",\"isPartOf\":{\"@id\":\"https:\\\/\\\/www.anovapeneira.gal\\\/index.php\\\/2020\\\/09\\\/04\\\/belen-cachafeiro-voceira-do-pp-de-forcarei\\\/\"},\"author\":{\"name\":\"Redacci\u00f3n A Nova Peneira\",\"@id\":\"https:\\\/\\\/www.anovapeneira.gal\\\/#\\\/schema\\\/person\\\/b93e3f8932e3f8da96334607eb6ac6aa\"},\"headline\":\"Bel\u00e9n Cachafeiro voceira do PP de Forcarei\",\"datePublished\":\"2020-09-04T10:00:47+00:00\",\"mainEntityOfPage\":{\"@id\":\"https:\\\/\\\/www.anovapeneira.gal\\\/index.php\\\/2020\\\/09\\\/04\\\/belen-cachafeiro-voceira-do-pp-de-forcarei\\\/\"},\"wordCount\":1051,\"commentCount\":0,\"publisher\":{\"@id\":\"https:\\\/\\\/www.anovapeneira.gal\\\/#organization\"},\"image\":{\"@id\":\"https:\\\/\\\/www.anovapeneira.gal\\\/index.php\\\/2020\\\/09\\\/04\\\/belen-cachafeiro-voceira-do-pp-de-forcarei\\\/#primaryimage\"},\"thumbnailUrl\":\"https:\\\/\\\/www.anovapeneira.gal\\\/wp-content\\\/uploads\\\/2020\\\/09\\\/belen_pp_forcarei_a_nova_peneira.jpg\",\"keywords\":[\"Concello Forcarei\"],\"articleSection\":[\"Entrevistas\"],\"inLanguage\":\"gl-ES\",\"potentialAction\":[{\"@type\":\"CommentAction\",\"name\":\"Comment\",\"target\":[\"https:\\\/\\\/www.anovapeneira.gal\\\/index.php\\\/2020\\\/09\\\/04\\\/belen-cachafeiro-voceira-do-pp-de-forcarei\\\/#respond\"]}]},{\"@type\":\"WebPage\",\"@id\":\"https:\\\/\\\/www.anovapeneira.gal\\\/index.php\\\/2020\\\/09\\\/04\\\/belen-cachafeiro-voceira-do-pp-de-forcarei\\\/\",\"url\":\"https:\\\/\\\/www.anovapeneira.gal\\\/index.php\\\/2020\\\/09\\\/04\\\/belen-cachafeiro-voceira-do-pp-de-forcarei\\\/\",\"name\":\"Bel\u00e9n Cachafeiro voceira do PP de Forcarei -\",\"isPartOf\":{\"@id\":\"https:\\\/\\\/www.anovapeneira.gal\\\/#website\"},\"primaryImageOfPage\":{\"@id\":\"https:\\\/\\\/www.anovapeneira.gal\\\/index.php\\\/2020\\\/09\\\/04\\\/belen-cachafeiro-voceira-do-pp-de-forcarei\\\/#primaryimage\"},\"image\":{\"@id\":\"https:\\\/\\\/www.anovapeneira.gal\\\/index.php\\\/2020\\\/09\\\/04\\\/belen-cachafeiro-voceira-do-pp-de-forcarei\\\/#primaryimage\"},\"thumbnailUrl\":\"https:\\\/\\\/www.anovapeneira.gal\\\/wp-content\\\/uploads\\\/2020\\\/09\\\/belen_pp_forcarei_a_nova_peneira.jpg\",\"datePublished\":\"2020-09-04T10:00:47+00:00\",\"breadcrumb\":{\"@id\":\"https:\\\/\\\/www.anovapeneira.gal\\\/index.php\\\/2020\\\/09\\\/04\\\/belen-cachafeiro-voceira-do-pp-de-forcarei\\\/#breadcrumb\"},\"inLanguage\":\"gl-ES\",\"potentialAction\":[{\"@type\":\"ReadAction\",\"target\":[\"https:\\\/\\\/www.anovapeneira.gal\\\/index.php\\\/2020\\\/09\\\/04\\\/belen-cachafeiro-voceira-do-pp-de-forcarei\\\/\"]}]},{\"@type\":\"ImageObject\",\"inLanguage\":\"gl-ES\",\"@id\":\"https:\\\/\\\/www.anovapeneira.gal\\\/index.php\\\/2020\\\/09\\\/04\\\/belen-cachafeiro-voceira-do-pp-de-forcarei\\\/#primaryimage\",\"url\":\"https:\\\/\\\/www.anovapeneira.gal\\\/wp-content\\\/uploads\\\/2020\\\/09\\\/belen_pp_forcarei_a_nova_peneira.jpg\",\"contentUrl\":\"https:\\\/\\\/www.anovapeneira.gal\\\/wp-content\\\/uploads\\\/2020\\\/09\\\/belen_pp_forcarei_a_nova_peneira.jpg\",\"width\":720,\"height\":432},{\"@type\":\"BreadcrumbList\",\"@id\":\"https:\\\/\\\/www.anovapeneira.gal\\\/index.php\\\/2020\\\/09\\\/04\\\/belen-cachafeiro-voceira-do-pp-de-forcarei\\\/#breadcrumb\",\"itemListElement\":[{\"@type\":\"ListItem\",\"position\":1,\"name\":\"Portada\",\"item\":\"https:\\\/\\\/www.anovapeneira.gal\\\/\"},{\"@type\":\"ListItem\",\"position\":2,\"name\":\"Bel\u00e9n Cachafeiro voceira do PP de Forcarei\"}]},{\"@type\":\"WebSite\",\"@id\":\"https:\\\/\\\/www.anovapeneira.gal\\\/#website\",\"url\":\"https:\\\/\\\/www.anovapeneira.gal\\\/\",\"name\":\"\",\"description\":\"Xornal galego de informaci\u00f3n xeral Publicaci\u00f3n mensual de novas de Galicia e en especial dos Concellos da sur da provincia de Pontevedra.\",\"publisher\":{\"@id\":\"https:\\\/\\\/www.anovapeneira.gal\\\/#organization\"},\"potentialAction\":[{\"@type\":\"SearchAction\",\"target\":{\"@type\":\"EntryPoint\",\"urlTemplate\":\"https:\\\/\\\/www.anovapeneira.gal\\\/?s={search_term_string}\"},\"query-input\":{\"@type\":\"PropertyValueSpecification\",\"valueRequired\":true,\"valueName\":\"search_term_string\"}}],\"inLanguage\":\"gl-ES\"},{\"@type\":\"Organization\",\"@id\":\"https:\\\/\\\/www.anovapeneira.gal\\\/#organization\",\"name\":\"A Nova Peneira\",\"url\":\"https:\\\/\\\/www.anovapeneira.gal\\\/\",\"logo\":{\"@type\":\"ImageObject\",\"inLanguage\":\"gl-ES\",\"@id\":\"https:\\\/\\\/www.anovapeneira.gal\\\/#\\\/schema\\\/logo\\\/image\\\/\",\"url\":\"http:\\\/\\\/www.anovapeneira.gal\\\/wp-content\\\/uploads\\\/2019\\\/06\\\/logo_a_nova_peneira_portal_web.png\",\"contentUrl\":\"http:\\\/\\\/www.anovapeneira.gal\\\/wp-content\\\/uploads\\\/2019\\\/06\\\/logo_a_nova_peneira_portal_web.png\",\"width\":300,\"height\":100,\"caption\":\"A Nova Peneira\"},\"image\":{\"@id\":\"https:\\\/\\\/www.anovapeneira.gal\\\/#\\\/schema\\\/logo\\\/image\\\/\"},\"sameAs\":[\"https:\\\/\\\/www.facebook.com\\\/anovapeneira\",\"https:\\\/\\\/x.com\\\/APeneira\"]},{\"@type\":\"Person\",\"@id\":\"https:\\\/\\\/www.anovapeneira.gal\\\/#\\\/schema\\\/person\\\/b93e3f8932e3f8da96334607eb6ac6aa\",\"name\":\"Redacci\u00f3n A Nova Peneira\",\"image\":{\"@type\":\"ImageObject\",\"inLanguage\":\"gl-ES\",\"@id\":\"https:\\\/\\\/secure.gravatar.com\\\/avatar\\\/c052a2551a06e23fac63626232eaa90abd78dbcf1700fc46a2b2c89fd27b735f?s=96&d=mm&r=g\",\"url\":\"https:\\\/\\\/secure.gravatar.com\\\/avatar\\\/c052a2551a06e23fac63626232eaa90abd78dbcf1700fc46a2b2c89fd27b735f?s=96&d=mm&r=g\",\"contentUrl\":\"https:\\\/\\\/secure.gravatar.com\\\/avatar\\\/c052a2551a06e23fac63626232eaa90abd78dbcf1700fc46a2b2c89fd27b735f?s=96&d=mm&r=g\",\"caption\":\"Redacci\u00f3n A Nova Peneira\"},\"sameAs\":[\"http:\\\/\\\/www.anovapeneira.gal\\\/\"],\"url\":\"https:\\\/\\\/www.anovapeneira.gal\\\/index.php\\\/author\\\/redactor\\\/\"}]}<\/script>\n<!-- \/ Yoast SEO plugin. -->","yoast_head_json":{"title":"Bel\u00e9n Cachafeiro voceira do PP de Forcarei -","robots":{"index":"index","follow":"follow","max-snippet":"max-snippet:-1","max-image-preview":"max-image-preview:large","max-video-preview":"max-video-preview:-1"},"canonical":"https:\/\/www.anovapeneira.gal\/index.php\/2020\/09\/04\/belen-cachafeiro-voceira-do-pp-de-forcarei\/","og_locale":"gl_ES","og_type":"article","og_title":"Bel\u00e9n Cachafeiro voceira do PP de Forcarei -","og_description":"Bel\u00e9n \u00e9 a xefa da oposici\u00f3n no concello de Forcarei. Militante do PP desde hai m\u00e1is de 20 anos, foi alcaldesa do seu pobo desde o 2.012, despois da desgraza do falecemento do alcalde David Raposeira, ata as municipais de maio do pasado ano, nas que por tan s\u00f3 37 votos perdeu a maior\u00eda absoluta, facendo que por primeira vez na historia da democracia o PSOE goberne este concello. [...]","og_url":"https:\/\/www.anovapeneira.gal\/index.php\/2020\/09\/04\/belen-cachafeiro-voceira-do-pp-de-forcarei\/","article_publisher":"https:\/\/www.facebook.com\/anovapeneira","article_published_time":"2020-09-04T10:00:47+00:00","og_image":[{"width":720,"height":432,"url":"https:\/\/www.anovapeneira.gal\/wp-content\/uploads\/2020\/09\/belen_pp_forcarei_a_nova_peneira.jpg","type":"image\/jpeg"}],"author":"Redacci\u00f3n A Nova Peneira","twitter_card":"summary_large_image","twitter_creator":"@APeneira","twitter_site":"@APeneira","twitter_misc":{"Escrito por":"Redacci\u00f3n A Nova Peneira","Tempo de lectura":"5 minutos"},"schema":{"@context":"https:\/\/schema.org","@graph":[{"@type":"Article","@id":"https:\/\/www.anovapeneira.gal\/index.php\/2020\/09\/04\/belen-cachafeiro-voceira-do-pp-de-forcarei\/#article","isPartOf":{"@id":"https:\/\/www.anovapeneira.gal\/index.php\/2020\/09\/04\/belen-cachafeiro-voceira-do-pp-de-forcarei\/"},"author":{"name":"Redacci\u00f3n A Nova Peneira","@id":"https:\/\/www.anovapeneira.gal\/#\/schema\/person\/b93e3f8932e3f8da96334607eb6ac6aa"},"headline":"Bel\u00e9n Cachafeiro voceira do PP de Forcarei","datePublished":"2020-09-04T10:00:47+00:00","mainEntityOfPage":{"@id":"https:\/\/www.anovapeneira.gal\/index.php\/2020\/09\/04\/belen-cachafeiro-voceira-do-pp-de-forcarei\/"},"wordCount":1051,"commentCount":0,"publisher":{"@id":"https:\/\/www.anovapeneira.gal\/#organization"},"image":{"@id":"https:\/\/www.anovapeneira.gal\/index.php\/2020\/09\/04\/belen-cachafeiro-voceira-do-pp-de-forcarei\/#primaryimage"},"thumbnailUrl":"https:\/\/www.anovapeneira.gal\/wp-content\/uploads\/2020\/09\/belen_pp_forcarei_a_nova_peneira.jpg","keywords":["Concello Forcarei"],"articleSection":["Entrevistas"],"inLanguage":"gl-ES","potentialAction":[{"@type":"CommentAction","name":"Comment","target":["https:\/\/www.anovapeneira.gal\/index.php\/2020\/09\/04\/belen-cachafeiro-voceira-do-pp-de-forcarei\/#respond"]}]},{"@type":"WebPage","@id":"https:\/\/www.anovapeneira.gal\/index.php\/2020\/09\/04\/belen-cachafeiro-voceira-do-pp-de-forcarei\/","url":"https:\/\/www.anovapeneira.gal\/index.php\/2020\/09\/04\/belen-cachafeiro-voceira-do-pp-de-forcarei\/","name":"Bel\u00e9n Cachafeiro voceira do PP de Forcarei -","isPartOf":{"@id":"https:\/\/www.anovapeneira.gal\/#website"},"primaryImageOfPage":{"@id":"https:\/\/www.anovapeneira.gal\/index.php\/2020\/09\/04\/belen-cachafeiro-voceira-do-pp-de-forcarei\/#primaryimage"},"image":{"@id":"https:\/\/www.anovapeneira.gal\/index.php\/2020\/09\/04\/belen-cachafeiro-voceira-do-pp-de-forcarei\/#primaryimage"},"thumbnailUrl":"https:\/\/www.anovapeneira.gal\/wp-content\/uploads\/2020\/09\/belen_pp_forcarei_a_nova_peneira.jpg","datePublished":"2020-09-04T10:00:47+00:00","breadcrumb":{"@id":"https:\/\/www.anovapeneira.gal\/index.php\/2020\/09\/04\/belen-cachafeiro-voceira-do-pp-de-forcarei\/#breadcrumb"},"inLanguage":"gl-ES","potentialAction":[{"@type":"ReadAction","target":["https:\/\/www.anovapeneira.gal\/index.php\/2020\/09\/04\/belen-cachafeiro-voceira-do-pp-de-forcarei\/"]}]},{"@type":"ImageObject","inLanguage":"gl-ES","@id":"https:\/\/www.anovapeneira.gal\/index.php\/2020\/09\/04\/belen-cachafeiro-voceira-do-pp-de-forcarei\/#primaryimage","url":"https:\/\/www.anovapeneira.gal\/wp-content\/uploads\/2020\/09\/belen_pp_forcarei_a_nova_peneira.jpg","contentUrl":"https:\/\/www.anovapeneira.gal\/wp-content\/uploads\/2020\/09\/belen_pp_forcarei_a_nova_peneira.jpg","width":720,"height":432},{"@type":"BreadcrumbList","@id":"https:\/\/www.anovapeneira.gal\/index.php\/2020\/09\/04\/belen-cachafeiro-voceira-do-pp-de-forcarei\/#breadcrumb","itemListElement":[{"@type":"ListItem","position":1,"name":"Portada","item":"https:\/\/www.anovapeneira.gal\/"},{"@type":"ListItem","position":2,"name":"Bel\u00e9n Cachafeiro voceira do PP de Forcarei"}]},{"@type":"WebSite","@id":"https:\/\/www.anovapeneira.gal\/#website","url":"https:\/\/www.anovapeneira.gal\/","name":"","description":"Xornal galego de informaci\u00f3n xeral Publicaci\u00f3n mensual de novas de Galicia e en especial dos Concellos da sur da provincia de Pontevedra.","publisher":{"@id":"https:\/\/www.anovapeneira.gal\/#organization"},"potentialAction":[{"@type":"SearchAction","target":{"@type":"EntryPoint","urlTemplate":"https:\/\/www.anovapeneira.gal\/?s={search_term_string}"},"query-input":{"@type":"PropertyValueSpecification","valueRequired":true,"valueName":"search_term_string"}}],"inLanguage":"gl-ES"},{"@type":"Organization","@id":"https:\/\/www.anovapeneira.gal\/#organization","name":"A Nova Peneira","url":"https:\/\/www.anovapeneira.gal\/","logo":{"@type":"ImageObject","inLanguage":"gl-ES","@id":"https:\/\/www.anovapeneira.gal\/#\/schema\/logo\/image\/","url":"http:\/\/www.anovapeneira.gal\/wp-content\/uploads\/2019\/06\/logo_a_nova_peneira_portal_web.png","contentUrl":"http:\/\/www.anovapeneira.gal\/wp-content\/uploads\/2019\/06\/logo_a_nova_peneira_portal_web.png","width":300,"height":100,"caption":"A Nova Peneira"},"image":{"@id":"https:\/\/www.anovapeneira.gal\/#\/schema\/logo\/image\/"},"sameAs":["https:\/\/www.facebook.com\/anovapeneira","https:\/\/x.com\/APeneira"]},{"@type":"Person","@id":"https:\/\/www.anovapeneira.gal\/#\/schema\/person\/b93e3f8932e3f8da96334607eb6ac6aa","name":"Redacci\u00f3n A Nova Peneira","image":{"@type":"ImageObject","inLanguage":"gl-ES","@id":"https:\/\/secure.gravatar.com\/avatar\/c052a2551a06e23fac63626232eaa90abd78dbcf1700fc46a2b2c89fd27b735f?s=96&d=mm&r=g","url":"https:\/\/secure.gravatar.com\/avatar\/c052a2551a06e23fac63626232eaa90abd78dbcf1700fc46a2b2c89fd27b735f?s=96&d=mm&r=g","contentUrl":"https:\/\/secure.gravatar.com\/avatar\/c052a2551a06e23fac63626232eaa90abd78dbcf1700fc46a2b2c89fd27b735f?s=96&d=mm&r=g","caption":"Redacci\u00f3n A Nova Peneira"},"sameAs":["http:\/\/www.anovapeneira.gal\/"],"url":"https:\/\/www.anovapeneira.gal\/index.php\/author\/redactor\/"}]}},"jetpack_featured_media_url":"https:\/\/www.anovapeneira.gal\/wp-content\/uploads\/2020\/09\/belen_pp_forcarei_a_nova_peneira.jpg","_links":{"self":[{"href":"https:\/\/www.anovapeneira.gal\/index.php\/wp-json\/wp\/v2\/posts\/3847","targetHints":{"allow":["GET"]}}],"collection":[{"href":"https:\/\/www.anovapeneira.gal\/index.php\/wp-json\/wp\/v2\/posts"}],"about":[{"href":"https:\/\/www.anovapeneira.gal\/index.php\/wp-json\/wp\/v2\/types\/post"}],"author":[{"embeddable":true,"href":"https:\/\/www.anovapeneira.gal\/index.php\/wp-json\/wp\/v2\/users\/3"}],"replies":[{"embeddable":true,"href":"https:\/\/www.anovapeneira.gal\/index.php\/wp-json\/wp\/v2\/comments?post=3847"}],"version-history":[{"count":1,"href":"https:\/\/www.anovapeneira.gal\/index.php\/wp-json\/wp\/v2\/posts\/3847\/revisions"}],"predecessor-version":[{"id":3849,"href":"https:\/\/www.anovapeneira.gal\/index.php\/wp-json\/wp\/v2\/posts\/3847\/revisions\/3849"}],"wp:featuredmedia":[{"embeddable":true,"href":"https:\/\/www.anovapeneira.gal\/index.php\/wp-json\/wp\/v2\/media\/3848"}],"wp:attachment":[{"href":"https:\/\/www.anovapeneira.gal\/index.php\/wp-json\/wp\/v2\/media?parent=3847"}],"wp:term":[{"taxonomy":"category","embeddable":true,"href":"https:\/\/www.anovapeneira.gal\/index.php\/wp-json\/wp\/v2\/categories?post=3847"},{"taxonomy":"post_tag","embeddable":true,"href":"https:\/\/www.anovapeneira.gal\/index.php\/wp-json\/wp\/v2\/tags?post=3847"}],"curies":[{"name":"wp","href":"https:\/\/api.w.org\/{rel}","templated":true}]}}