{"id":3854,"date":"2020-09-07T12:00:00","date_gmt":"2020-09-07T10:00:00","guid":{"rendered":"http:\/\/www.anovapeneira.gal\/?p=3854"},"modified":"2020-09-07T12:20:17","modified_gmt":"2020-09-07T10:20:17","slug":"a-lama-s-d-toca-o-ceo","status":"publish","type":"post","link":"https:\/\/www.anovapeneira.gal\/index.php\/2020\/09\/07\/a-lama-s-d-toca-o-ceo\/","title":{"rendered":"A Lama S.D toca o ceo"},"content":{"rendered":"\n<h2 class=\"wp-block-heading\"><strong>O equipo de f\u00fatbol de A Lama acaba de ascender a 1\u00ba divisi\u00f3n auton\u00f3mica. Sen d\u00fabida un enorme \u00e9xito para un pobo tan pequeno, pero que ten unha vinculaci\u00f3n superlativa co seu club. N\u00f3s falamos co seu presidente<\/strong><\/h2>\n\n\n\n<p><strong>MARCIAL PESO PRESIDENTE DO EQUIPO<\/strong><\/p>\n\n\n\n<p><strong>De onde es ti natural?<\/strong><\/p>\n\n\n\n<blockquote class=\"wp-block-quote is-layout-flow wp-block-quote-is-layout-flow\"><p>Eu son de Ponte Caldelas<\/p><\/blockquote>\n\n\n\n<p><strong>Vaia, que sorpresa. E como un home de Ponte Caldelas chega a ser presidente do equipo de f\u00fatbol de A Lama?<\/strong><\/p>\n\n\n\n<blockquote class=\"wp-block-quote is-layout-flow wp-block-quote-is-layout-flow\"><p>Pois hai 21 anos comezou a mi\u00f1a relaci\u00f3n con este equipo, inicialmente fun xogador, e como comprender\u00e1s unha relaci\u00f3n tan intensa pois xa \u00e9 irrompible<\/p><\/blockquote>\n\n\n\n<p><strong>Cando accediches \u00e1 presidencia?<\/strong><\/p>\n\n\n\n<blockquote class=\"wp-block-quote is-layout-flow wp-block-quote-is-layout-flow\"><p>O anterior presidente, Daniel, cansouse e propux\u00e9ronme a min, xa no ano 2.005<\/p><\/blockquote>\n\n\n\n<p><strong>Xa levas 15 anos ininterrompidos na presidencia?<\/strong><\/p>\n\n\n\n<blockquote class=\"wp-block-quote is-layout-flow wp-block-quote-is-layout-flow\"><p>Pois si. E xogando estiven ata o ano 2.015<\/p><\/blockquote>\n\n\n\n<p><strong>Eu co\u00f1ezo moitos presidentes de equipos modestos e a pr\u00e1ctica totalidade dinme que o cargo irremediablemente ocasiona problemas familiares, pois hai que dedicarlle tanto tempo ao club que inevitablemente descoidas a familia. No teu caso \u00e9 as\u00ed?<\/strong><\/p>\n\n\n\n<blockquote class=\"wp-block-quote is-layout-flow wp-block-quote-is-layout-flow\"><p>Non, no meu caso non \u00e9 as\u00ed. O meu traballo perm\u00edteme dispor de tempo, e no que respecta \u00e1 vida persoal casei hai moi pouco tempo, en decembro do ano pasado<\/p><\/blockquote>\n\n\n\n<p><strong>Ah, como quen di es recen casado, a\u00ednda non tiveches tempo de ter problemas<\/strong><\/p>\n\n\n\n<blockquote class=\"wp-block-quote is-layout-flow wp-block-quote-is-layout-flow\"><p>Ha ha ha ha ha<\/p><\/blockquote>\n\n\n\n<p><strong>Levando 15 anos na presidencia, a\u00ednda mant\u00e9s a ilusi\u00f3n?<\/strong><\/p>\n\n\n\n<blockquote class=\"wp-block-quote is-layout-flow wp-block-quote-is-layout-flow\"><p>Si, a verdade \u00e9 que sigo moi ilusionado en levar a este equipo o m\u00e1is alto posible, e este ano puidemos culminar o noso traballo co \u00e9xito do ascenso, e foi algo marabilloso. A pena foi que tiveramos que parar a liga pola situaci\u00f3n sanitaria que estamos a vivir<\/p><\/blockquote>\n\n\n\n<p><strong>Cando parou en que posto estabades?<\/strong><\/p>\n\n\n\n<blockquote class=\"wp-block-quote is-layout-flow wp-block-quote-is-layout-flow\"><p>N\u00f3s estivemos toda a temporada de primeiros<\/p><\/blockquote>\n\n\n\n<figure class=\"wp-block-image size-large is-style-default\"><img loading=\"lazy\" decoding=\"async\" width=\"1024\" height=\"543\" src=\"http:\/\/www.anovapeneira.gal\/wp-content\/uploads\/2020\/09\/A-LAMA-SD-1024x543.jpg\" alt=\"\" class=\"wp-image-3855\" srcset=\"https:\/\/www.anovapeneira.gal\/wp-content\/uploads\/2020\/09\/A-LAMA-SD-1024x543.jpg 1024w, https:\/\/www.anovapeneira.gal\/wp-content\/uploads\/2020\/09\/A-LAMA-SD-300x159.jpg 300w, https:\/\/www.anovapeneira.gal\/wp-content\/uploads\/2020\/09\/A-LAMA-SD-768x407.jpg 768w, https:\/\/www.anovapeneira.gal\/wp-content\/uploads\/2020\/09\/A-LAMA-SD.jpg 1191w\" sizes=\"auto, (max-width: 1024px) 100vw, 1024px\" \/><\/figure>\n\n\n\n<p><strong>Como \u00e9 posible que un pobo tan pequeno como A Lama te\u00f1a o equipo en 1\u00ba divisi\u00f3n?<\/strong><\/p>\n\n\n\n<blockquote class=\"wp-block-quote is-layout-flow wp-block-quote-is-layout-flow\"><p>Supo\u00f1o que a explicaci\u00f3n ter\u00e1 que combinar raz\u00f3ns derivadas dun traballo previo notable tanto en calidade como en cantidade, como dalgo de fortuna que sempre ten que ver nalg\u00fans partidos. \u00c1s veces a diferencia entre o \u00e9xito e o fracaso \u00e9 tan delgada que pode depender dun bal\u00f3n que entre ou que dea no poste.<\/p><\/blockquote>\n\n\n\n<p><strong>Cando asumiches a presidencia en que divisi\u00f3n estabades?<\/strong><\/p>\n\n\n\n<blockquote class=\"wp-block-quote is-layout-flow wp-block-quote-is-layout-flow\"><p>En terceira. Subimos ao segundo ano e mantiv\u00e9monos en segunda ata o ano 2.015 que baixamos polos arrastres. En todo este tempo sempre coa mesma filosof\u00eda de traballo consistente en montar o equipo con rapaces da nosa contorna. Volvemos subir ao ano seguinte e ata esta temporada marabillosa que acadamos o ascenso a primeira<\/p><\/blockquote>\n\n\n\n<p><strong>Lembras a \u00faltima vez que estivestes en primeira?<\/strong><\/p>\n\n\n\n<blockquote class=\"wp-block-quote is-layout-flow wp-block-quote-is-layout-flow\"><p>Creo que hai 32 anos<\/p><\/blockquote>\n\n\n\n<p><strong>Como \u00e9 a implicaci\u00f3n da sociedade de A Lama co equipo?<\/strong><\/p>\n\n\n\n<blockquote class=\"wp-block-quote is-layout-flow wp-block-quote-is-layout-flow\"><p>Magn\u00edfica. Temos unha masa social de 650 persoas. E \u00e9 practicamente imposible que a asistencia aos nosos partidos baixe de 150 persoas<\/p><\/blockquote>\n\n\n\n<p><strong>Nun pobo de pouco m\u00e1is de 2.000 habitantes. Que barbaridade\u00a1\u00a1<\/strong><\/p>\n\n\n\n<blockquote class=\"wp-block-quote is-layout-flow wp-block-quote-is-layout-flow\"><p>Alg\u00fans son de f\u00f3ra, pero si, como che dixen a implicaci\u00f3n da sociedade co noso club \u00e9 sobresa\u00ednte. Incluso temos socios emigrantes<\/p><\/blockquote>\n\n\n\n<p><strong>A cuesti\u00f3n econ\u00f3mica como a levades?<\/strong><\/p>\n\n\n\n<blockquote class=\"wp-block-quote is-layout-flow wp-block-quote-is-layout-flow\"><p>Moi ben. Agora mesmo temos un orzamento de 42.000\u20ac e nos \u00faltimos anos temos super\u00e1vit<\/p><\/blockquote>\n\n\n\n<p><strong>Que tal se porta o concello con v\u00f3s?<\/strong><\/p>\n\n\n\n<blockquote class=\"wp-block-quote is-layout-flow wp-block-quote-is-layout-flow\"><p>Moi ben. A s\u00faa axuda tanto econ\u00f3mica como lox\u00edstica \u00e9 realmente importante<\/p><\/blockquote>\n\n\n\n<p><strong>Cantos equipos tedes?<\/strong><\/p>\n\n\n\n<blockquote class=\"wp-block-quote is-layout-flow wp-block-quote-is-layout-flow\"><p>Na actualidade un s\u00f3. Nalg\u00fan momento chegamos a ter xuven\u00eds pero hai tan poucos nenos que non \u00e9 viable<\/p><\/blockquote>\n\n\n\n<p><strong>Unha moza do pobo queix\u00f3useme porque a ela enc\u00e1ntalle o f\u00fatbol e ten que ir xogar a Ponte Caldelas. Para cando o equipo feminino?<\/strong><\/p>\n\n\n\n<blockquote class=\"wp-block-quote is-layout-flow wp-block-quote-is-layout-flow\"><p>Claro que nos gustar\u00eda telo. O problema non \u00e9 a falta de vontade de montalo, que si existe. A min encantar\u00edame ter un equipo feminino, pero por desgraza non hai nenas dabondo para montalo<\/p><\/blockquote>\n\n\n\n<p><strong>Cantos xogadores temos?<\/strong><\/p>\n\n\n\n<blockquote class=\"wp-block-quote is-layout-flow wp-block-quote-is-layout-flow\"><p>A idea \u00e9 termos entre 20 e 21 fichas<\/p><\/blockquote>\n\n\n\n<p><strong>Mantemos ao equipo t\u00e9cnico?<\/strong><\/p>\n\n\n\n<blockquote class=\"wp-block-quote is-layout-flow wp-block-quote-is-layout-flow\"><p>Si, o adestrador vai iniciar a cuarta temporada con n\u00f3s. Confiamos plenamente na s\u00faa capacidade e no seu traballo<\/p><\/blockquote>\n\n\n\n<p><strong>Temos previsto reforzarnos para afrontar esta temporada en primeira divisi\u00f3n?<\/strong><\/p>\n\n\n\n<blockquote class=\"wp-block-quote is-layout-flow wp-block-quote-is-layout-flow\"><p>De momento fichamos xa a tres rapaces, dous xogadores de campo que ve\u00f1en do Mar\u00edn, e un porteiro que ven do Zacande<\/p><\/blockquote>\n\n\n\n<p><strong>O obxectivo deportivo para este ano cal \u00e9?<\/strong><\/p>\n\n\n\n<blockquote class=\"wp-block-quote is-layout-flow wp-block-quote-is-layout-flow\"><p>Manternos claro, pero sen renunciar a nada. Veremos como se estruturan os grupos<\/p><\/blockquote>\n\n\n\n<p><strong>Cal \u00e9 o derbi que se vive con m\u00e1is paix\u00f3n?<\/strong><\/p>\n\n\n\n<blockquote class=\"wp-block-quote is-layout-flow wp-block-quote-is-layout-flow\"><p>Contra o Ponte Caldelas claro. Neses partidos, tanto aqu\u00ed como al\u00ed pode haber 500 espectadores tranquilamente<\/p><\/blockquote>\n\n\n\n<p><strong>Como foron os dous partidos o ano pasado?<\/strong><\/p>\n\n\n\n<blockquote class=\"wp-block-quote is-layout-flow wp-block-quote-is-layout-flow\"><p>O partido na nosa casa non se puido xogar, polo COVID, e al\u00e1 foi enormemente emocionante ga\u00f1amos no desconto<\/p><\/blockquote>\n\n\n\n<p><strong>Confesa Marcial, ti sendo natural de Ponte Caldelas, cando a S.D xoga contra o Ponte Caldelas, non tes un pouco o coraz\u00f3n partido?<\/strong><\/p>\n\n\n\n<blockquote class=\"wp-block-quote is-layout-flow wp-block-quote-is-layout-flow\"><p>Non o te\u00f1o en absoluto. Sen ning\u00fan tipo de d\u00fabida quero que ga\u00f1e a S.D<\/p><\/blockquote>\n\n\n\n<p><strong>Gustar\u00edache que o Ponte Caldelas subira a 1\u00ba con v\u00f3s?<\/strong><\/p>\n\n\n\n<blockquote class=\"wp-block-quote is-layout-flow wp-block-quote-is-layout-flow\"><p>Si, si que me gustar\u00eda. Eses derbis son moi emocionantes e encantar\u00edame que eles estiveran en 1\u00ba con n\u00f3s e poder disputalos nesa divisi\u00f3n tan bonita. Agora ben, que estean en primeira si, pero por baixo nosa, tam\u00e9n.<\/p><\/blockquote>\n\n\n\n<p><strong>Rematamos Marcial, o f\u00fatbol modesto sen p\u00fablico \u00e9 viable?<\/strong><\/p>\n\n\n\n<blockquote class=\"wp-block-quote is-layout-flow wp-block-quote-is-layout-flow\"><p>Non, \u00e9 absolutamente inviable. Agardo que mellore pronto a situaci\u00f3n epid\u00e9mica porque no caso contrario non sei que vai pasar.<\/p><\/blockquote>\n","protected":false},"excerpt":{"rendered":"<div class=\"mh-excerpt\"><p>O equipo de f\u00fatbol de A Lama acaba de ascender a 1\u00ba divisi\u00f3n auton\u00f3mica. Sen d\u00fabida un enorme \u00e9xito para un pobo tan pequeno, pero que ten unha vinculaci\u00f3n superlativa co seu club. N\u00f3s falamos co seu presidente <a class=\"mh-excerpt-more\" href=\"https:\/\/www.anovapeneira.gal\/index.php\/2020\/09\/07\/a-lama-s-d-toca-o-ceo\/\" title=\"A Lama S.D toca o ceo\">[&#8230;]<\/a><\/p>\n<\/div>","protected":false},"author":3,"featured_media":3856,"comment_status":"open","ping_status":"open","sticky":false,"template":"","format":"standard","meta":{"_exactmetrics_skip_tracking":false,"_exactmetrics_sitenote_active":false,"_exactmetrics_sitenote_note":"","_exactmetrics_sitenote_category":0,"footnotes":""},"categories":[494],"tags":[692,368],"class_list":{"0":"post-3854","1":"post","2":"type-post","3":"status-publish","4":"format-standard","5":"has-post-thumbnail","7":"category-pontevedra-reportaxes","8":"tag-concello-de-a-lama","9":"tag-futbol"},"yoast_head":"<!-- This site is optimized with the Yoast SEO plugin v27.4 - https:\/\/yoast.com\/product\/yoast-seo-wordpress\/ -->\n<title>A Lama S.D toca o ceo -<\/title>\n<meta name=\"robots\" content=\"index, follow, max-snippet:-1, max-image-preview:large, max-video-preview:-1\" \/>\n<link rel=\"canonical\" href=\"https:\/\/www.anovapeneira.gal\/index.php\/2020\/09\/07\/a-lama-s-d-toca-o-ceo\/\" \/>\n<meta property=\"og:locale\" content=\"gl_ES\" \/>\n<meta property=\"og:type\" content=\"article\" \/>\n<meta property=\"og:title\" content=\"A Lama S.D toca o ceo -\" \/>\n<meta property=\"og:description\" content=\"O equipo de f\u00fatbol de A Lama acaba de ascender a 1\u00ba divisi\u00f3n auton\u00f3mica. Sen d\u00fabida un enorme \u00e9xito para un pobo tan pequeno, pero que ten unha vinculaci\u00f3n superlativa co seu club. N\u00f3s falamos co seu presidente [...]\" \/>\n<meta property=\"og:url\" content=\"https:\/\/www.anovapeneira.gal\/index.php\/2020\/09\/07\/a-lama-s-d-toca-o-ceo\/\" \/>\n<meta property=\"article:publisher\" content=\"https:\/\/www.facebook.com\/anovapeneira\" \/>\n<meta property=\"article:published_time\" content=\"2020-09-07T10:00:00+00:00\" \/>\n<meta property=\"article:modified_time\" content=\"2020-09-07T10:20:17+00:00\" \/>\n<meta property=\"og:image\" content=\"https:\/\/www.anovapeneira.gal\/wp-content\/uploads\/2020\/09\/marcial_a_lama_a_nova_peneira.jpg\" \/>\n\t<meta property=\"og:image:width\" content=\"720\" \/>\n\t<meta property=\"og:image:height\" content=\"432\" \/>\n\t<meta property=\"og:image:type\" content=\"image\/jpeg\" \/>\n<meta name=\"author\" content=\"Redacci\u00f3n A Nova Peneira\" \/>\n<meta name=\"twitter:card\" content=\"summary_large_image\" \/>\n<meta name=\"twitter:creator\" content=\"@APeneira\" \/>\n<meta name=\"twitter:site\" content=\"@APeneira\" \/>\n<meta name=\"twitter:label1\" content=\"Escrito por\" \/>\n\t<meta name=\"twitter:data1\" content=\"Redacci\u00f3n A Nova Peneira\" \/>\n\t<meta name=\"twitter:label2\" content=\"Tempo de lectura\" \/>\n\t<meta name=\"twitter:data2\" content=\"5 minutos\" \/>\n<script type=\"application\/ld+json\" class=\"yoast-schema-graph\">{\"@context\":\"https:\\\/\\\/schema.org\",\"@graph\":[{\"@type\":\"Article\",\"@id\":\"https:\\\/\\\/www.anovapeneira.gal\\\/index.php\\\/2020\\\/09\\\/07\\\/a-lama-s-d-toca-o-ceo\\\/#article\",\"isPartOf\":{\"@id\":\"https:\\\/\\\/www.anovapeneira.gal\\\/index.php\\\/2020\\\/09\\\/07\\\/a-lama-s-d-toca-o-ceo\\\/\"},\"author\":{\"name\":\"Redacci\u00f3n A Nova Peneira\",\"@id\":\"https:\\\/\\\/www.anovapeneira.gal\\\/#\\\/schema\\\/person\\\/b93e3f8932e3f8da96334607eb6ac6aa\"},\"headline\":\"A Lama S.D toca o ceo\",\"datePublished\":\"2020-09-07T10:00:00+00:00\",\"dateModified\":\"2020-09-07T10:20:17+00:00\",\"mainEntityOfPage\":{\"@id\":\"https:\\\/\\\/www.anovapeneira.gal\\\/index.php\\\/2020\\\/09\\\/07\\\/a-lama-s-d-toca-o-ceo\\\/\"},\"wordCount\":929,\"commentCount\":0,\"publisher\":{\"@id\":\"https:\\\/\\\/www.anovapeneira.gal\\\/#organization\"},\"image\":{\"@id\":\"https:\\\/\\\/www.anovapeneira.gal\\\/index.php\\\/2020\\\/09\\\/07\\\/a-lama-s-d-toca-o-ceo\\\/#primaryimage\"},\"thumbnailUrl\":\"https:\\\/\\\/www.anovapeneira.gal\\\/wp-content\\\/uploads\\\/2020\\\/09\\\/marcial_a_lama_a_nova_peneira.jpg\",\"keywords\":[\"Concello de A Lama\",\"F\u00fatbol\"],\"articleSection\":[\"Pontevedra\"],\"inLanguage\":\"gl-ES\",\"potentialAction\":[{\"@type\":\"CommentAction\",\"name\":\"Comment\",\"target\":[\"https:\\\/\\\/www.anovapeneira.gal\\\/index.php\\\/2020\\\/09\\\/07\\\/a-lama-s-d-toca-o-ceo\\\/#respond\"]}]},{\"@type\":\"WebPage\",\"@id\":\"https:\\\/\\\/www.anovapeneira.gal\\\/index.php\\\/2020\\\/09\\\/07\\\/a-lama-s-d-toca-o-ceo\\\/\",\"url\":\"https:\\\/\\\/www.anovapeneira.gal\\\/index.php\\\/2020\\\/09\\\/07\\\/a-lama-s-d-toca-o-ceo\\\/\",\"name\":\"A Lama S.D toca o ceo -\",\"isPartOf\":{\"@id\":\"https:\\\/\\\/www.anovapeneira.gal\\\/#website\"},\"primaryImageOfPage\":{\"@id\":\"https:\\\/\\\/www.anovapeneira.gal\\\/index.php\\\/2020\\\/09\\\/07\\\/a-lama-s-d-toca-o-ceo\\\/#primaryimage\"},\"image\":{\"@id\":\"https:\\\/\\\/www.anovapeneira.gal\\\/index.php\\\/2020\\\/09\\\/07\\\/a-lama-s-d-toca-o-ceo\\\/#primaryimage\"},\"thumbnailUrl\":\"https:\\\/\\\/www.anovapeneira.gal\\\/wp-content\\\/uploads\\\/2020\\\/09\\\/marcial_a_lama_a_nova_peneira.jpg\",\"datePublished\":\"2020-09-07T10:00:00+00:00\",\"dateModified\":\"2020-09-07T10:20:17+00:00\",\"breadcrumb\":{\"@id\":\"https:\\\/\\\/www.anovapeneira.gal\\\/index.php\\\/2020\\\/09\\\/07\\\/a-lama-s-d-toca-o-ceo\\\/#breadcrumb\"},\"inLanguage\":\"gl-ES\",\"potentialAction\":[{\"@type\":\"ReadAction\",\"target\":[\"https:\\\/\\\/www.anovapeneira.gal\\\/index.php\\\/2020\\\/09\\\/07\\\/a-lama-s-d-toca-o-ceo\\\/\"]}]},{\"@type\":\"ImageObject\",\"inLanguage\":\"gl-ES\",\"@id\":\"https:\\\/\\\/www.anovapeneira.gal\\\/index.php\\\/2020\\\/09\\\/07\\\/a-lama-s-d-toca-o-ceo\\\/#primaryimage\",\"url\":\"https:\\\/\\\/www.anovapeneira.gal\\\/wp-content\\\/uploads\\\/2020\\\/09\\\/marcial_a_lama_a_nova_peneira.jpg\",\"contentUrl\":\"https:\\\/\\\/www.anovapeneira.gal\\\/wp-content\\\/uploads\\\/2020\\\/09\\\/marcial_a_lama_a_nova_peneira.jpg\",\"width\":720,\"height\":432,\"caption\":\"F\u00fatbol A Lama\"},{\"@type\":\"BreadcrumbList\",\"@id\":\"https:\\\/\\\/www.anovapeneira.gal\\\/index.php\\\/2020\\\/09\\\/07\\\/a-lama-s-d-toca-o-ceo\\\/#breadcrumb\",\"itemListElement\":[{\"@type\":\"ListItem\",\"position\":1,\"name\":\"Portada\",\"item\":\"https:\\\/\\\/www.anovapeneira.gal\\\/\"},{\"@type\":\"ListItem\",\"position\":2,\"name\":\"A Lama S.D toca o ceo\"}]},{\"@type\":\"WebSite\",\"@id\":\"https:\\\/\\\/www.anovapeneira.gal\\\/#website\",\"url\":\"https:\\\/\\\/www.anovapeneira.gal\\\/\",\"name\":\"\",\"description\":\"Xornal galego de informaci\u00f3n xeral Publicaci\u00f3n mensual de novas de Galicia e en especial dos Concellos da sur da provincia de Pontevedra.\",\"publisher\":{\"@id\":\"https:\\\/\\\/www.anovapeneira.gal\\\/#organization\"},\"potentialAction\":[{\"@type\":\"SearchAction\",\"target\":{\"@type\":\"EntryPoint\",\"urlTemplate\":\"https:\\\/\\\/www.anovapeneira.gal\\\/?s={search_term_string}\"},\"query-input\":{\"@type\":\"PropertyValueSpecification\",\"valueRequired\":true,\"valueName\":\"search_term_string\"}}],\"inLanguage\":\"gl-ES\"},{\"@type\":\"Organization\",\"@id\":\"https:\\\/\\\/www.anovapeneira.gal\\\/#organization\",\"name\":\"A Nova Peneira\",\"url\":\"https:\\\/\\\/www.anovapeneira.gal\\\/\",\"logo\":{\"@type\":\"ImageObject\",\"inLanguage\":\"gl-ES\",\"@id\":\"https:\\\/\\\/www.anovapeneira.gal\\\/#\\\/schema\\\/logo\\\/image\\\/\",\"url\":\"http:\\\/\\\/www.anovapeneira.gal\\\/wp-content\\\/uploads\\\/2019\\\/06\\\/logo_a_nova_peneira_portal_web.png\",\"contentUrl\":\"http:\\\/\\\/www.anovapeneira.gal\\\/wp-content\\\/uploads\\\/2019\\\/06\\\/logo_a_nova_peneira_portal_web.png\",\"width\":300,\"height\":100,\"caption\":\"A Nova Peneira\"},\"image\":{\"@id\":\"https:\\\/\\\/www.anovapeneira.gal\\\/#\\\/schema\\\/logo\\\/image\\\/\"},\"sameAs\":[\"https:\\\/\\\/www.facebook.com\\\/anovapeneira\",\"https:\\\/\\\/x.com\\\/APeneira\"]},{\"@type\":\"Person\",\"@id\":\"https:\\\/\\\/www.anovapeneira.gal\\\/#\\\/schema\\\/person\\\/b93e3f8932e3f8da96334607eb6ac6aa\",\"name\":\"Redacci\u00f3n A Nova Peneira\",\"image\":{\"@type\":\"ImageObject\",\"inLanguage\":\"gl-ES\",\"@id\":\"https:\\\/\\\/secure.gravatar.com\\\/avatar\\\/c052a2551a06e23fac63626232eaa90abd78dbcf1700fc46a2b2c89fd27b735f?s=96&d=mm&r=g\",\"url\":\"https:\\\/\\\/secure.gravatar.com\\\/avatar\\\/c052a2551a06e23fac63626232eaa90abd78dbcf1700fc46a2b2c89fd27b735f?s=96&d=mm&r=g\",\"contentUrl\":\"https:\\\/\\\/secure.gravatar.com\\\/avatar\\\/c052a2551a06e23fac63626232eaa90abd78dbcf1700fc46a2b2c89fd27b735f?s=96&d=mm&r=g\",\"caption\":\"Redacci\u00f3n A Nova Peneira\"},\"sameAs\":[\"http:\\\/\\\/www.anovapeneira.gal\\\/\"],\"url\":\"https:\\\/\\\/www.anovapeneira.gal\\\/index.php\\\/author\\\/redactor\\\/\"}]}<\/script>\n<!-- \/ Yoast SEO plugin. -->","yoast_head_json":{"title":"A Lama S.D toca o ceo -","robots":{"index":"index","follow":"follow","max-snippet":"max-snippet:-1","max-image-preview":"max-image-preview:large","max-video-preview":"max-video-preview:-1"},"canonical":"https:\/\/www.anovapeneira.gal\/index.php\/2020\/09\/07\/a-lama-s-d-toca-o-ceo\/","og_locale":"gl_ES","og_type":"article","og_title":"A Lama S.D toca o ceo -","og_description":"O equipo de f\u00fatbol de A Lama acaba de ascender a 1\u00ba divisi\u00f3n auton\u00f3mica. Sen d\u00fabida un enorme \u00e9xito para un pobo tan pequeno, pero que ten unha vinculaci\u00f3n superlativa co seu club. N\u00f3s falamos co seu presidente [...]","og_url":"https:\/\/www.anovapeneira.gal\/index.php\/2020\/09\/07\/a-lama-s-d-toca-o-ceo\/","article_publisher":"https:\/\/www.facebook.com\/anovapeneira","article_published_time":"2020-09-07T10:00:00+00:00","article_modified_time":"2020-09-07T10:20:17+00:00","og_image":[{"width":720,"height":432,"url":"https:\/\/www.anovapeneira.gal\/wp-content\/uploads\/2020\/09\/marcial_a_lama_a_nova_peneira.jpg","type":"image\/jpeg"}],"author":"Redacci\u00f3n A Nova Peneira","twitter_card":"summary_large_image","twitter_creator":"@APeneira","twitter_site":"@APeneira","twitter_misc":{"Escrito por":"Redacci\u00f3n A Nova Peneira","Tempo de lectura":"5 minutos"},"schema":{"@context":"https:\/\/schema.org","@graph":[{"@type":"Article","@id":"https:\/\/www.anovapeneira.gal\/index.php\/2020\/09\/07\/a-lama-s-d-toca-o-ceo\/#article","isPartOf":{"@id":"https:\/\/www.anovapeneira.gal\/index.php\/2020\/09\/07\/a-lama-s-d-toca-o-ceo\/"},"author":{"name":"Redacci\u00f3n A Nova Peneira","@id":"https:\/\/www.anovapeneira.gal\/#\/schema\/person\/b93e3f8932e3f8da96334607eb6ac6aa"},"headline":"A Lama S.D toca o ceo","datePublished":"2020-09-07T10:00:00+00:00","dateModified":"2020-09-07T10:20:17+00:00","mainEntityOfPage":{"@id":"https:\/\/www.anovapeneira.gal\/index.php\/2020\/09\/07\/a-lama-s-d-toca-o-ceo\/"},"wordCount":929,"commentCount":0,"publisher":{"@id":"https:\/\/www.anovapeneira.gal\/#organization"},"image":{"@id":"https:\/\/www.anovapeneira.gal\/index.php\/2020\/09\/07\/a-lama-s-d-toca-o-ceo\/#primaryimage"},"thumbnailUrl":"https:\/\/www.anovapeneira.gal\/wp-content\/uploads\/2020\/09\/marcial_a_lama_a_nova_peneira.jpg","keywords":["Concello de A Lama","F\u00fatbol"],"articleSection":["Pontevedra"],"inLanguage":"gl-ES","potentialAction":[{"@type":"CommentAction","name":"Comment","target":["https:\/\/www.anovapeneira.gal\/index.php\/2020\/09\/07\/a-lama-s-d-toca-o-ceo\/#respond"]}]},{"@type":"WebPage","@id":"https:\/\/www.anovapeneira.gal\/index.php\/2020\/09\/07\/a-lama-s-d-toca-o-ceo\/","url":"https:\/\/www.anovapeneira.gal\/index.php\/2020\/09\/07\/a-lama-s-d-toca-o-ceo\/","name":"A Lama S.D toca o ceo -","isPartOf":{"@id":"https:\/\/www.anovapeneira.gal\/#website"},"primaryImageOfPage":{"@id":"https:\/\/www.anovapeneira.gal\/index.php\/2020\/09\/07\/a-lama-s-d-toca-o-ceo\/#primaryimage"},"image":{"@id":"https:\/\/www.anovapeneira.gal\/index.php\/2020\/09\/07\/a-lama-s-d-toca-o-ceo\/#primaryimage"},"thumbnailUrl":"https:\/\/www.anovapeneira.gal\/wp-content\/uploads\/2020\/09\/marcial_a_lama_a_nova_peneira.jpg","datePublished":"2020-09-07T10:00:00+00:00","dateModified":"2020-09-07T10:20:17+00:00","breadcrumb":{"@id":"https:\/\/www.anovapeneira.gal\/index.php\/2020\/09\/07\/a-lama-s-d-toca-o-ceo\/#breadcrumb"},"inLanguage":"gl-ES","potentialAction":[{"@type":"ReadAction","target":["https:\/\/www.anovapeneira.gal\/index.php\/2020\/09\/07\/a-lama-s-d-toca-o-ceo\/"]}]},{"@type":"ImageObject","inLanguage":"gl-ES","@id":"https:\/\/www.anovapeneira.gal\/index.php\/2020\/09\/07\/a-lama-s-d-toca-o-ceo\/#primaryimage","url":"https:\/\/www.anovapeneira.gal\/wp-content\/uploads\/2020\/09\/marcial_a_lama_a_nova_peneira.jpg","contentUrl":"https:\/\/www.anovapeneira.gal\/wp-content\/uploads\/2020\/09\/marcial_a_lama_a_nova_peneira.jpg","width":720,"height":432,"caption":"F\u00fatbol A Lama"},{"@type":"BreadcrumbList","@id":"https:\/\/www.anovapeneira.gal\/index.php\/2020\/09\/07\/a-lama-s-d-toca-o-ceo\/#breadcrumb","itemListElement":[{"@type":"ListItem","position":1,"name":"Portada","item":"https:\/\/www.anovapeneira.gal\/"},{"@type":"ListItem","position":2,"name":"A Lama S.D toca o ceo"}]},{"@type":"WebSite","@id":"https:\/\/www.anovapeneira.gal\/#website","url":"https:\/\/www.anovapeneira.gal\/","name":"","description":"Xornal galego de informaci\u00f3n xeral Publicaci\u00f3n mensual de novas de Galicia e en especial dos Concellos da sur da provincia de Pontevedra.","publisher":{"@id":"https:\/\/www.anovapeneira.gal\/#organization"},"potentialAction":[{"@type":"SearchAction","target":{"@type":"EntryPoint","urlTemplate":"https:\/\/www.anovapeneira.gal\/?s={search_term_string}"},"query-input":{"@type":"PropertyValueSpecification","valueRequired":true,"valueName":"search_term_string"}}],"inLanguage":"gl-ES"},{"@type":"Organization","@id":"https:\/\/www.anovapeneira.gal\/#organization","name":"A Nova Peneira","url":"https:\/\/www.anovapeneira.gal\/","logo":{"@type":"ImageObject","inLanguage":"gl-ES","@id":"https:\/\/www.anovapeneira.gal\/#\/schema\/logo\/image\/","url":"http:\/\/www.anovapeneira.gal\/wp-content\/uploads\/2019\/06\/logo_a_nova_peneira_portal_web.png","contentUrl":"http:\/\/www.anovapeneira.gal\/wp-content\/uploads\/2019\/06\/logo_a_nova_peneira_portal_web.png","width":300,"height":100,"caption":"A Nova Peneira"},"image":{"@id":"https:\/\/www.anovapeneira.gal\/#\/schema\/logo\/image\/"},"sameAs":["https:\/\/www.facebook.com\/anovapeneira","https:\/\/x.com\/APeneira"]},{"@type":"Person","@id":"https:\/\/www.anovapeneira.gal\/#\/schema\/person\/b93e3f8932e3f8da96334607eb6ac6aa","name":"Redacci\u00f3n A Nova Peneira","image":{"@type":"ImageObject","inLanguage":"gl-ES","@id":"https:\/\/secure.gravatar.com\/avatar\/c052a2551a06e23fac63626232eaa90abd78dbcf1700fc46a2b2c89fd27b735f?s=96&d=mm&r=g","url":"https:\/\/secure.gravatar.com\/avatar\/c052a2551a06e23fac63626232eaa90abd78dbcf1700fc46a2b2c89fd27b735f?s=96&d=mm&r=g","contentUrl":"https:\/\/secure.gravatar.com\/avatar\/c052a2551a06e23fac63626232eaa90abd78dbcf1700fc46a2b2c89fd27b735f?s=96&d=mm&r=g","caption":"Redacci\u00f3n A Nova Peneira"},"sameAs":["http:\/\/www.anovapeneira.gal\/"],"url":"https:\/\/www.anovapeneira.gal\/index.php\/author\/redactor\/"}]}},"jetpack_featured_media_url":"https:\/\/www.anovapeneira.gal\/wp-content\/uploads\/2020\/09\/marcial_a_lama_a_nova_peneira.jpg","_links":{"self":[{"href":"https:\/\/www.anovapeneira.gal\/index.php\/wp-json\/wp\/v2\/posts\/3854","targetHints":{"allow":["GET"]}}],"collection":[{"href":"https:\/\/www.anovapeneira.gal\/index.php\/wp-json\/wp\/v2\/posts"}],"about":[{"href":"https:\/\/www.anovapeneira.gal\/index.php\/wp-json\/wp\/v2\/types\/post"}],"author":[{"embeddable":true,"href":"https:\/\/www.anovapeneira.gal\/index.php\/wp-json\/wp\/v2\/users\/3"}],"replies":[{"embeddable":true,"href":"https:\/\/www.anovapeneira.gal\/index.php\/wp-json\/wp\/v2\/comments?post=3854"}],"version-history":[{"count":2,"href":"https:\/\/www.anovapeneira.gal\/index.php\/wp-json\/wp\/v2\/posts\/3854\/revisions"}],"predecessor-version":[{"id":3882,"href":"https:\/\/www.anovapeneira.gal\/index.php\/wp-json\/wp\/v2\/posts\/3854\/revisions\/3882"}],"wp:featuredmedia":[{"embeddable":true,"href":"https:\/\/www.anovapeneira.gal\/index.php\/wp-json\/wp\/v2\/media\/3856"}],"wp:attachment":[{"href":"https:\/\/www.anovapeneira.gal\/index.php\/wp-json\/wp\/v2\/media?parent=3854"}],"wp:term":[{"taxonomy":"category","embeddable":true,"href":"https:\/\/www.anovapeneira.gal\/index.php\/wp-json\/wp\/v2\/categories?post=3854"},{"taxonomy":"post_tag","embeddable":true,"href":"https:\/\/www.anovapeneira.gal\/index.php\/wp-json\/wp\/v2\/tags?post=3854"}],"curies":[{"name":"wp","href":"https:\/\/api.w.org\/{rel}","templated":true}]}}