{"id":3858,"date":"2020-09-08T10:00:07","date_gmt":"2020-09-08T08:00:07","guid":{"rendered":"http:\/\/www.anovapeneira.gal\/?p=3858"},"modified":"2020-09-07T12:08:52","modified_gmt":"2020-09-07T10:08:52","slug":"jorge-canda-alcalde-de-a-lama","status":"publish","type":"post","link":"https:\/\/www.anovapeneira.gal\/index.php\/2020\/09\/08\/jorge-canda-alcalde-de-a-lama\/","title":{"rendered":"Jorge Canda Alcalde de A Lama"},"content":{"rendered":"\n<h2 class=\"wp-block-heading\"><strong>Jorge Canda \u00e9 o alcalde de A Lama, leva toda unha vida como primeiro edil do seu pobo, un cuarto de s\u00e9culo. Despois de pasar polo CDS e de chegar \u00e1 alcald\u00eda encabezando unha lista do PSOE como independente decidiu presentarse nas listas do PP al\u00e1 polo 1.999.Semella que o PP, como estamos vendo na actualidade na provincia de Ourense, xa ten pedigree hist\u00f3rico no modus operandi consistente en captar a representantes pol\u00edticos que proceden doutras organizaci\u00f3ns. N\u00f3s conversamos con el e atendeunos moi amablemente.<\/strong><\/h2>\n\n\n\n<p>\u201c<strong>A nosa relaci\u00f3n coa Xunta \u00e9 excelente. Todo o que eu lle pido, fanmo\u201d<\/strong><\/p>\n\n\n\n<p><strong>De onde es natural ti Jorge?<\/strong><\/p>\n\n\n\n<blockquote class=\"wp-block-quote is-layout-flow wp-block-quote-is-layout-flow\"><p>Eu son natural de A Lama, somos unha familia bastante grande. O meu av\u00f3 era de Avi\u00f3n e foi el quen se instalou aqu\u00ed. Nac\u00edn no mesmo centro en concreto na zona da Pedreira. Antes o noso concello ti\u00f1a o nome de Calde Vergazo<\/p><\/blockquote>\n\n\n\n<p><strong>Vaia, non ti\u00f1a nin idea e de que \u00e9poca estamos falando?<\/strong><\/p>\n\n\n\n<blockquote class=\"wp-block-quote is-layout-flow wp-block-quote-is-layout-flow\"><p>Do SXIX, de feito no dicionario xeogr\u00e1fico estat\u00edstico de Espa\u00f1a e Portugal publicado en 1.827 a\u00ednda aparec\u00eda as\u00ed denominado<\/p><\/blockquote>\n\n\n\n<p><strong>Creo que a t\u00faa familia ten bastante relaci\u00f3n co equipo de f\u00fatbol non?<\/strong><\/p>\n\n\n\n<blockquote class=\"wp-block-quote is-layout-flow wp-block-quote-is-layout-flow\"><p>E tanto que si. F\u00edxate non somos nove irm\u00e1ns, sete somos homes e os sete chegamos a xogar no equipo de f\u00fatbol. Todos os meus irm\u00e1ns tiveron que emigrar menos eu que sempre quedei aqu\u00ed. Eu mesmo tiven un papel importante na creaci\u00f3n do equipo noso pobo. Tivemos \u00e9pocas moi boas , chegamos a xogar contra o Xuvenil de Ponteareas ou contra o Goi\u00e1n<\/p><\/blockquote>\n\n\n\n<p><strong>V\u00e9xoche a bufanda da S.D no teu despacho supo\u00f1o que estar\u00e1s moi satisfeito do ascenso \u00e1 primeira divisi\u00f3n?<\/strong><\/p>\n\n\n\n<blockquote class=\"wp-block-quote is-layout-flow wp-block-quote-is-layout-flow\"><p>Abof\u00e9 que o estou. Como che dixen antes eu te\u00f1o moita vinculaci\u00f3n co mundo do f\u00fatbol, de feito non \u00e9 por nada pero creo que lle pegaba bastante ben. O noso Concello desde logo que apoia ao equipo absolutamente. De feito temos un campo marabilloso no que o concello ten investido moitos cartos<\/p><\/blockquote>\n\n\n\n<p><strong>Cal foi a t\u00faa actividade profesional?<\/strong><\/p>\n\n\n\n<blockquote class=\"wp-block-quote is-layout-flow wp-block-quote-is-layout-flow\"><p>Estudiei en Ponteareas, e no ano 1.979 entrei na c\u00e1mara agraria de A Lama levando temas de cobros. Logo metinme no sector dos seguros e na banca.<\/p><\/blockquote>\n\n\n\n<p><strong>Cando iniciaches a t\u00faa actividade pol\u00edtica?<\/strong><\/p>\n\n\n\n<blockquote class=\"wp-block-quote is-layout-flow wp-block-quote-is-layout-flow\"><p>Eu comecei a mi\u00f1a vida pol\u00edtica no CDS, logo ese espazo pol\u00edtico esvaeceuse<\/p><\/blockquote>\n\n\n\n<p><strong>Desculpa, se comezaches no CDS, seguro que coincidiches co amigo Emiliano, o alcalde de Fornelos<\/strong><\/p>\n\n\n\n<blockquote class=\"wp-block-quote is-layout-flow wp-block-quote-is-layout-flow\"><p>Emiliano e eu somos como irm\u00e1ns. Cando eramos mozos fomos xuntos \u00e1 moitas festas. De feito eu metinme no CDS pola influencia de Emiliano e de Seraf\u00edn, o antigo alcalde de Fornelos<\/p><\/blockquote>\n\n\n\n<p><strong>Que voltas d\u00e1 a vida , eles remataron no PSOE e ti no PP<\/strong><\/p>\n\n\n\n<blockquote class=\"wp-block-quote is-layout-flow wp-block-quote-is-layout-flow\"><p>Pois si, pero iso non quita, que tanto a nivel persoal como institucional sigamos tendo unha relaci\u00f3n excelente<\/p><\/blockquote>\n\n\n\n<p><strong>Pero no CDS non ga\u00f1astes<\/strong><\/p>\n\n\n\n<blockquote class=\"wp-block-quote is-layout-flow wp-block-quote-is-layout-flow\"><p>Non, a primeira vez sacamos un bo resultado, catro de once, pero non nos deu para gobernar pois o PP quitou seis<\/p><\/blockquote>\n\n\n\n<p><strong>E cando desapareceu o CDS que fixeches?<\/strong><\/p>\n\n\n\n<blockquote class=\"wp-block-quote is-layout-flow wp-block-quote-is-layout-flow\"><p>Pois presenteime como independente encabezando a lista do PSOE. Sacamos catro e pactamos cunha lista de independentes que ti\u00f1an dous. E al\u00ed asum\u00edn \u00e1 alcald\u00eda<\/p><\/blockquote>\n\n\n\n<p><strong>En que ano foi?<\/strong><\/p>\n\n\n\n<blockquote class=\"wp-block-quote is-layout-flow wp-block-quote-is-layout-flow\"><p>En 1.995<\/p><\/blockquote>\n\n\n\n<p><strong>Ent\u00f3n a\u00ednda que non foses afiliado, a primeira vez que accediches \u00e1 alcald\u00eda foi na lista do PSOE<\/strong><\/p>\n\n\n\n<blockquote class=\"wp-block-quote is-layout-flow wp-block-quote-is-layout-flow\"><p>Si.<\/p><\/blockquote>\n\n\n\n<p><strong>E despois de 25 anos ininterrompidos como alcalde, non est\u00e1s canso?<\/strong><\/p>\n\n\n\n<blockquote class=\"wp-block-quote is-layout-flow wp-block-quote-is-layout-flow\"><p>Si, sigo estando ilusionado, pero canso tam\u00e9n. Eu xa te\u00f1o 63 anos e xa dixen con claridade que este vai ser o meu \u00faltimo mandato<\/p><\/blockquote>\n\n\n\n<p><strong>Como se produciu o teu paso de encabezar a lista do PSOE a ser alcalde polas listas do PP?<\/strong><\/p>\n\n\n\n<blockquote class=\"wp-block-quote is-layout-flow wp-block-quote-is-layout-flow\"><p>Foi n 1.999.O PP local estaba en mala situaci\u00f3n, e eu estaba a desgusto no PSOE pois ti\u00f1an unha problem\u00e1tica interna que fac\u00eda a convivencia moi dif\u00edcil. O PP deume todas as facilidades e un grupo de persoas cabre\u00e1monos co psoe e decidimos cambiar<\/p><\/blockquote>\n\n\n\n<p><strong>Na Lama ga\u00f1a o PP ou ga\u00f1a Jorge Canda?<\/strong><\/p>\n\n\n\n<blockquote class=\"wp-block-quote is-layout-flow wp-block-quote-is-layout-flow\"><p>Eu creo que non s\u00f3 na Lama sen\u00f3n na maior\u00eda dos concellos nas elecci\u00f3ns municipais v\u00f3tase m\u00e1is \u00e1 persoa que \u00e1 opci\u00f3n pol\u00edtica que representa<\/p><\/blockquote>\n\n\n\n<p><strong>Cales son os principais atractivos tur\u00edsticos de A Lama?<\/strong><\/p>\n\n\n\n<blockquote class=\"wp-block-quote is-layout-flow wp-block-quote-is-layout-flow\"><p>A contorna natural \u00e9 espectacular, a serra do Cando e as nosas fervenzas compo\u00f1en unha paisaxe inigualable e calquera viaxeiro que nos queira distinguir coa s\u00faa compa\u00f1\u00eda estar\u00eda encantado de gozar con n\u00f3s da inmensa beleza das paraxes na que se enclava o noso pobo. Temos cinco rutas de sendeirismo preciosas, un foxo do lobo que paga a pena co\u00f1ecer. A nosa praia fluvial \u00e9 do mellor que hai en Galicia..<\/p><\/blockquote>\n\n\n\n<p><strong>Todos os sitios que mencionas ori\u00e9ntanse cara ao sector turismo, pero este concello, corr\u00edxeme se me equivoco, carece de establecementos de hostaler\u00eda para acoller turistas?<\/strong><\/p>\n\n\n\n<blockquote class=\"wp-block-quote is-layout-flow wp-block-quote-is-layout-flow\"><p>Agardo que no ver\u00e1n do ano pr\u00f3ximo estea o hotel restaurado. Pero si, tes raz\u00f3n, malia que alg\u00fan restaurante hai, necesitabamos alg\u00fan establecemento de hostalar\u00eda m\u00e1is para podermos acoller un volume m\u00e1is elevado de visitantes. Te\u00f1o que dicir, ao respecto disto, que os mellores cocidos do mundo, c\u00f3mense na Lama, no Pelete, a\u00ednda que son por encargo. Aproveito a oportunidade que me d\u00e1 A Nova Peneira para recomendar a todos os lectores a que nos fagan unha visita e os proben<\/p><\/blockquote>\n\n\n\n<p><strong>Cantos habitantes ten A Lama, alcalde?<\/strong><\/p>\n\n\n\n<blockquote class=\"wp-block-quote is-layout-flow wp-block-quote-is-layout-flow\"><p>2.476.Estamos subindo<\/p><\/blockquote>\n\n\n\n<p><strong>Toda a Galicia interior ten un moi grave problema de despoboamento e envellecemento da poboaci\u00f3n. Supo\u00f1o que A Lama non ser\u00e1 allea a esa circunstancia tan preocupante?<\/strong><\/p>\n\n\n\n<blockquote class=\"wp-block-quote is-layout-flow wp-block-quote-is-layout-flow\"><p>Si claro \u00e9 un problema que tam\u00e9n temos. N\u00f3s temos moit\u00edsima emigraci\u00f3n e nos meses de ver\u00e1n aumenta a nosa poboaci\u00f3n significativamente<\/p><\/blockquote>\n\n\n\n<p><strong>Xa, pero o id\u00f3neo ser\u00eda que o aumento da poboaci\u00f3n non fose algo estacional dos emigrantes que ve\u00f1en pasar uns meses aqu\u00ed e logo marchan sen\u00f3n que na Lama houbese alternativas e servizos suficientes para que os mozos e mozas que o desexen puidesen desenvolver un proxecto vital no pobo se as\u00ed o quixesen?<\/strong><\/p>\n\n\n\n<blockquote class=\"wp-block-quote is-layout-flow wp-block-quote-is-layout-flow\"><p>Si, pero incluso a nosa poboaci\u00f3n infantil est\u00e1 aumentando cada vez temos m\u00e1is nenas e nenos<\/p><\/blockquote>\n\n\n\n<p><strong>Que ben, canto me alegro. Outro mal end\u00e9mico da Galicia rural e a situaci\u00f3n da sanidade. Como estamos na Lama?<\/strong><\/p>\n\n\n\n<blockquote class=\"wp-block-quote is-layout-flow wp-block-quote-is-layout-flow\"><p>Aqu\u00ed ata agora estabamos ben. Agora comeza a percibirse algunha queixa. Temos certa dificultade con pediatr\u00eda, pero tam\u00e9n te\u00f1o que dicir que, ao meu xu\u00edzo, \u00e1s veces hai xente que vai demasiado aos m\u00e9dicos por cousas non demasiado importantes<\/p><\/blockquote>\n\n\n\n<p><strong>Que tal son as relaci\u00f3ns cos DEP?<\/strong><\/p>\n\n\n\n<blockquote class=\"wp-block-quote is-layout-flow wp-block-quote-is-layout-flow\"><p>Boas<\/p><\/blockquote>\n\n\n\n<p><strong>O cambio de Louz\u00e1n pola actual presidenta que resultado tivo na DEP ao teu xu\u00edzo?<\/strong><\/p>\n\n\n\n<blockquote class=\"wp-block-quote is-layout-flow wp-block-quote-is-layout-flow\"><p>Empeorou, as relaci\u00f3ns seguen sendo boas pero agora a xesti\u00f3n \u00e9 peor<\/p><\/blockquote>\n\n\n\n<p><strong>O teu colega Emiliano di que cando Louz\u00e1n era presidente da DEP Fornelos era claramente agraviado?<\/strong><\/p>\n\n\n\n<blockquote class=\"wp-block-quote is-layout-flow wp-block-quote-is-layout-flow\"><p>Cada un conta o conto segundo lle vai nel, pero que non diga iso Emiliano porque non \u00e9 certo. Eu co\u00f1ezo ben a Emiliano e qu\u00e9ixase moito.<\/p><\/blockquote>\n\n\n\n<p><strong>E coa Xunta que tal?<\/strong><\/p>\n\n\n\n<blockquote class=\"wp-block-quote is-layout-flow wp-block-quote-is-layout-flow\"><p>Moi ben, sempre se portan ben co noso pobo. Todo o que eu lle pido a Feijoo faimo<\/p><\/blockquote>\n","protected":false},"excerpt":{"rendered":"<div class=\"mh-excerpt\"><p>Jorge Canda \u00e9 o alcalde de A Lama, leva toda unha vida como primeiro edil do seu pobo, un cuarto de s\u00e9culo. Despois de pasar polo CDS e de chegar \u00e1 alcald\u00eda encabezando unha lista do PSOE como independente decidiu presentarse nas listas do PP al\u00e1 polo 1.999.Semella que o PP, como estamos vendo na actualidade na provincia de Ourense, xa ten pedigree hist\u00f3rico  no modus operandi consistente en captar a representantes pol\u00edticos que proceden doutras organizaci\u00f3ns. N\u00f3s conversamos con el e atendeunos moi amablemente. <a class=\"mh-excerpt-more\" href=\"https:\/\/www.anovapeneira.gal\/index.php\/2020\/09\/08\/jorge-canda-alcalde-de-a-lama\/\" title=\"Jorge Canda Alcalde de A Lama\">[&#8230;]<\/a><\/p>\n<\/div>","protected":false},"author":3,"featured_media":3859,"comment_status":"open","ping_status":"open","sticky":false,"template":"","format":"standard","meta":{"_exactmetrics_skip_tracking":false,"_exactmetrics_sitenote_active":false,"_exactmetrics_sitenote_note":"","_exactmetrics_sitenote_category":0,"footnotes":""},"categories":[269],"tags":[692],"class_list":{"0":"post-3858","1":"post","2":"type-post","3":"status-publish","4":"format-standard","5":"has-post-thumbnail","7":"category-pontevedra-entrevistas","8":"tag-concello-de-a-lama"},"yoast_head":"<!-- This site is optimized with the Yoast SEO plugin v27.4 - https:\/\/yoast.com\/product\/yoast-seo-wordpress\/ -->\n<title>Jorge Canda Alcalde de A Lama -<\/title>\n<meta name=\"robots\" content=\"index, follow, max-snippet:-1, max-image-preview:large, max-video-preview:-1\" \/>\n<link rel=\"canonical\" href=\"https:\/\/www.anovapeneira.gal\/index.php\/2020\/09\/08\/jorge-canda-alcalde-de-a-lama\/\" \/>\n<meta property=\"og:locale\" content=\"gl_ES\" \/>\n<meta property=\"og:type\" content=\"article\" \/>\n<meta property=\"og:title\" content=\"Jorge Canda Alcalde de A Lama -\" \/>\n<meta property=\"og:description\" content=\"Jorge Canda \u00e9 o alcalde de A Lama, leva toda unha vida como primeiro edil do seu pobo, un cuarto de s\u00e9culo. Despois de pasar polo CDS e de chegar \u00e1 alcald\u00eda encabezando unha lista do PSOE como independente decidiu presentarse nas listas do PP al\u00e1 polo 1.999.Semella que o PP, como estamos vendo na actualidade na provincia de Ourense, xa ten pedigree hist\u00f3rico no modus operandi consistente en captar a representantes pol\u00edticos que proceden doutras organizaci\u00f3ns. N\u00f3s conversamos con el e atendeunos moi amablemente. [...]\" \/>\n<meta property=\"og:url\" content=\"https:\/\/www.anovapeneira.gal\/index.php\/2020\/09\/08\/jorge-canda-alcalde-de-a-lama\/\" \/>\n<meta property=\"article:publisher\" content=\"https:\/\/www.facebook.com\/anovapeneira\" \/>\n<meta property=\"article:published_time\" content=\"2020-09-08T08:00:07+00:00\" \/>\n<meta property=\"og:image\" content=\"https:\/\/www.anovapeneira.gal\/wp-content\/uploads\/2020\/09\/alcade_de_a_lama_a_nova_peneira.jpg\" \/>\n\t<meta property=\"og:image:width\" content=\"720\" \/>\n\t<meta property=\"og:image:height\" content=\"432\" \/>\n\t<meta property=\"og:image:type\" content=\"image\/jpeg\" \/>\n<meta name=\"author\" content=\"Redacci\u00f3n A Nova Peneira\" \/>\n<meta name=\"twitter:card\" content=\"summary_large_image\" \/>\n<meta name=\"twitter:creator\" content=\"@APeneira\" \/>\n<meta name=\"twitter:site\" content=\"@APeneira\" \/>\n<meta name=\"twitter:label1\" content=\"Escrito por\" \/>\n\t<meta name=\"twitter:data1\" content=\"Redacci\u00f3n A Nova Peneira\" \/>\n\t<meta name=\"twitter:label2\" content=\"Tempo de lectura\" \/>\n\t<meta name=\"twitter:data2\" content=\"6 minutos\" \/>\n<script type=\"application\/ld+json\" class=\"yoast-schema-graph\">{\"@context\":\"https:\\\/\\\/schema.org\",\"@graph\":[{\"@type\":\"Article\",\"@id\":\"https:\\\/\\\/www.anovapeneira.gal\\\/index.php\\\/2020\\\/09\\\/08\\\/jorge-canda-alcalde-de-a-lama\\\/#article\",\"isPartOf\":{\"@id\":\"https:\\\/\\\/www.anovapeneira.gal\\\/index.php\\\/2020\\\/09\\\/08\\\/jorge-canda-alcalde-de-a-lama\\\/\"},\"author\":{\"name\":\"Redacci\u00f3n A Nova Peneira\",\"@id\":\"https:\\\/\\\/www.anovapeneira.gal\\\/#\\\/schema\\\/person\\\/b93e3f8932e3f8da96334607eb6ac6aa\"},\"headline\":\"Jorge Canda Alcalde de A Lama\",\"datePublished\":\"2020-09-08T08:00:07+00:00\",\"mainEntityOfPage\":{\"@id\":\"https:\\\/\\\/www.anovapeneira.gal\\\/index.php\\\/2020\\\/09\\\/08\\\/jorge-canda-alcalde-de-a-lama\\\/\"},\"wordCount\":1251,\"commentCount\":0,\"publisher\":{\"@id\":\"https:\\\/\\\/www.anovapeneira.gal\\\/#organization\"},\"image\":{\"@id\":\"https:\\\/\\\/www.anovapeneira.gal\\\/index.php\\\/2020\\\/09\\\/08\\\/jorge-canda-alcalde-de-a-lama\\\/#primaryimage\"},\"thumbnailUrl\":\"https:\\\/\\\/www.anovapeneira.gal\\\/wp-content\\\/uploads\\\/2020\\\/09\\\/alcade_de_a_lama_a_nova_peneira.jpg\",\"keywords\":[\"Concello de A Lama\"],\"articleSection\":[\"Pontevedra\"],\"inLanguage\":\"gl-ES\",\"potentialAction\":[{\"@type\":\"CommentAction\",\"name\":\"Comment\",\"target\":[\"https:\\\/\\\/www.anovapeneira.gal\\\/index.php\\\/2020\\\/09\\\/08\\\/jorge-canda-alcalde-de-a-lama\\\/#respond\"]}]},{\"@type\":\"WebPage\",\"@id\":\"https:\\\/\\\/www.anovapeneira.gal\\\/index.php\\\/2020\\\/09\\\/08\\\/jorge-canda-alcalde-de-a-lama\\\/\",\"url\":\"https:\\\/\\\/www.anovapeneira.gal\\\/index.php\\\/2020\\\/09\\\/08\\\/jorge-canda-alcalde-de-a-lama\\\/\",\"name\":\"Jorge Canda Alcalde de A Lama -\",\"isPartOf\":{\"@id\":\"https:\\\/\\\/www.anovapeneira.gal\\\/#website\"},\"primaryImageOfPage\":{\"@id\":\"https:\\\/\\\/www.anovapeneira.gal\\\/index.php\\\/2020\\\/09\\\/08\\\/jorge-canda-alcalde-de-a-lama\\\/#primaryimage\"},\"image\":{\"@id\":\"https:\\\/\\\/www.anovapeneira.gal\\\/index.php\\\/2020\\\/09\\\/08\\\/jorge-canda-alcalde-de-a-lama\\\/#primaryimage\"},\"thumbnailUrl\":\"https:\\\/\\\/www.anovapeneira.gal\\\/wp-content\\\/uploads\\\/2020\\\/09\\\/alcade_de_a_lama_a_nova_peneira.jpg\",\"datePublished\":\"2020-09-08T08:00:07+00:00\",\"breadcrumb\":{\"@id\":\"https:\\\/\\\/www.anovapeneira.gal\\\/index.php\\\/2020\\\/09\\\/08\\\/jorge-canda-alcalde-de-a-lama\\\/#breadcrumb\"},\"inLanguage\":\"gl-ES\",\"potentialAction\":[{\"@type\":\"ReadAction\",\"target\":[\"https:\\\/\\\/www.anovapeneira.gal\\\/index.php\\\/2020\\\/09\\\/08\\\/jorge-canda-alcalde-de-a-lama\\\/\"]}]},{\"@type\":\"ImageObject\",\"inLanguage\":\"gl-ES\",\"@id\":\"https:\\\/\\\/www.anovapeneira.gal\\\/index.php\\\/2020\\\/09\\\/08\\\/jorge-canda-alcalde-de-a-lama\\\/#primaryimage\",\"url\":\"https:\\\/\\\/www.anovapeneira.gal\\\/wp-content\\\/uploads\\\/2020\\\/09\\\/alcade_de_a_lama_a_nova_peneira.jpg\",\"contentUrl\":\"https:\\\/\\\/www.anovapeneira.gal\\\/wp-content\\\/uploads\\\/2020\\\/09\\\/alcade_de_a_lama_a_nova_peneira.jpg\",\"width\":720,\"height\":432,\"caption\":\"Jorge Canda \u00e9 o alcalde de A Lama, leva toda unha vida como primeiro edil do seu pobo, un cuarto de s\u00e9culo. Despois de pasar polo CDS e de chegar \u00e1 alcald\u00eda encabezando unha lista do PSOE como independente decidiu presentarse nas listas do PP al\u00e1 polo 1.999.Semella que o PP, como estamos vendo na actualidade na provincia de Ourense, xa ten pedigree hist\u00f3rico no modus operandi consistente en captar a representantes pol\u00edticos que proceden doutras organizaci\u00f3ns. N\u00f3s conversamos con el e atendeunos moi amablemente.\"},{\"@type\":\"BreadcrumbList\",\"@id\":\"https:\\\/\\\/www.anovapeneira.gal\\\/index.php\\\/2020\\\/09\\\/08\\\/jorge-canda-alcalde-de-a-lama\\\/#breadcrumb\",\"itemListElement\":[{\"@type\":\"ListItem\",\"position\":1,\"name\":\"Portada\",\"item\":\"https:\\\/\\\/www.anovapeneira.gal\\\/\"},{\"@type\":\"ListItem\",\"position\":2,\"name\":\"Jorge Canda Alcalde de A Lama\"}]},{\"@type\":\"WebSite\",\"@id\":\"https:\\\/\\\/www.anovapeneira.gal\\\/#website\",\"url\":\"https:\\\/\\\/www.anovapeneira.gal\\\/\",\"name\":\"\",\"description\":\"Xornal galego de informaci\u00f3n xeral Publicaci\u00f3n mensual de novas de Galicia e en especial dos Concellos da sur da provincia de Pontevedra.\",\"publisher\":{\"@id\":\"https:\\\/\\\/www.anovapeneira.gal\\\/#organization\"},\"potentialAction\":[{\"@type\":\"SearchAction\",\"target\":{\"@type\":\"EntryPoint\",\"urlTemplate\":\"https:\\\/\\\/www.anovapeneira.gal\\\/?s={search_term_string}\"},\"query-input\":{\"@type\":\"PropertyValueSpecification\",\"valueRequired\":true,\"valueName\":\"search_term_string\"}}],\"inLanguage\":\"gl-ES\"},{\"@type\":\"Organization\",\"@id\":\"https:\\\/\\\/www.anovapeneira.gal\\\/#organization\",\"name\":\"A Nova Peneira\",\"url\":\"https:\\\/\\\/www.anovapeneira.gal\\\/\",\"logo\":{\"@type\":\"ImageObject\",\"inLanguage\":\"gl-ES\",\"@id\":\"https:\\\/\\\/www.anovapeneira.gal\\\/#\\\/schema\\\/logo\\\/image\\\/\",\"url\":\"http:\\\/\\\/www.anovapeneira.gal\\\/wp-content\\\/uploads\\\/2019\\\/06\\\/logo_a_nova_peneira_portal_web.png\",\"contentUrl\":\"http:\\\/\\\/www.anovapeneira.gal\\\/wp-content\\\/uploads\\\/2019\\\/06\\\/logo_a_nova_peneira_portal_web.png\",\"width\":300,\"height\":100,\"caption\":\"A Nova Peneira\"},\"image\":{\"@id\":\"https:\\\/\\\/www.anovapeneira.gal\\\/#\\\/schema\\\/logo\\\/image\\\/\"},\"sameAs\":[\"https:\\\/\\\/www.facebook.com\\\/anovapeneira\",\"https:\\\/\\\/x.com\\\/APeneira\"]},{\"@type\":\"Person\",\"@id\":\"https:\\\/\\\/www.anovapeneira.gal\\\/#\\\/schema\\\/person\\\/b93e3f8932e3f8da96334607eb6ac6aa\",\"name\":\"Redacci\u00f3n A Nova Peneira\",\"image\":{\"@type\":\"ImageObject\",\"inLanguage\":\"gl-ES\",\"@id\":\"https:\\\/\\\/secure.gravatar.com\\\/avatar\\\/c052a2551a06e23fac63626232eaa90abd78dbcf1700fc46a2b2c89fd27b735f?s=96&d=mm&r=g\",\"url\":\"https:\\\/\\\/secure.gravatar.com\\\/avatar\\\/c052a2551a06e23fac63626232eaa90abd78dbcf1700fc46a2b2c89fd27b735f?s=96&d=mm&r=g\",\"contentUrl\":\"https:\\\/\\\/secure.gravatar.com\\\/avatar\\\/c052a2551a06e23fac63626232eaa90abd78dbcf1700fc46a2b2c89fd27b735f?s=96&d=mm&r=g\",\"caption\":\"Redacci\u00f3n A Nova Peneira\"},\"sameAs\":[\"http:\\\/\\\/www.anovapeneira.gal\\\/\"],\"url\":\"https:\\\/\\\/www.anovapeneira.gal\\\/index.php\\\/author\\\/redactor\\\/\"}]}<\/script>\n<!-- \/ Yoast SEO plugin. -->","yoast_head_json":{"title":"Jorge Canda Alcalde de A Lama -","robots":{"index":"index","follow":"follow","max-snippet":"max-snippet:-1","max-image-preview":"max-image-preview:large","max-video-preview":"max-video-preview:-1"},"canonical":"https:\/\/www.anovapeneira.gal\/index.php\/2020\/09\/08\/jorge-canda-alcalde-de-a-lama\/","og_locale":"gl_ES","og_type":"article","og_title":"Jorge Canda Alcalde de A Lama -","og_description":"Jorge Canda \u00e9 o alcalde de A Lama, leva toda unha vida como primeiro edil do seu pobo, un cuarto de s\u00e9culo. Despois de pasar polo CDS e de chegar \u00e1 alcald\u00eda encabezando unha lista do PSOE como independente decidiu presentarse nas listas do PP al\u00e1 polo 1.999.Semella que o PP, como estamos vendo na actualidade na provincia de Ourense, xa ten pedigree hist\u00f3rico no modus operandi consistente en captar a representantes pol\u00edticos que proceden doutras organizaci\u00f3ns. N\u00f3s conversamos con el e atendeunos moi amablemente. [...]","og_url":"https:\/\/www.anovapeneira.gal\/index.php\/2020\/09\/08\/jorge-canda-alcalde-de-a-lama\/","article_publisher":"https:\/\/www.facebook.com\/anovapeneira","article_published_time":"2020-09-08T08:00:07+00:00","og_image":[{"width":720,"height":432,"url":"https:\/\/www.anovapeneira.gal\/wp-content\/uploads\/2020\/09\/alcade_de_a_lama_a_nova_peneira.jpg","type":"image\/jpeg"}],"author":"Redacci\u00f3n A Nova Peneira","twitter_card":"summary_large_image","twitter_creator":"@APeneira","twitter_site":"@APeneira","twitter_misc":{"Escrito por":"Redacci\u00f3n A Nova Peneira","Tempo de lectura":"6 minutos"},"schema":{"@context":"https:\/\/schema.org","@graph":[{"@type":"Article","@id":"https:\/\/www.anovapeneira.gal\/index.php\/2020\/09\/08\/jorge-canda-alcalde-de-a-lama\/#article","isPartOf":{"@id":"https:\/\/www.anovapeneira.gal\/index.php\/2020\/09\/08\/jorge-canda-alcalde-de-a-lama\/"},"author":{"name":"Redacci\u00f3n A Nova Peneira","@id":"https:\/\/www.anovapeneira.gal\/#\/schema\/person\/b93e3f8932e3f8da96334607eb6ac6aa"},"headline":"Jorge Canda Alcalde de A Lama","datePublished":"2020-09-08T08:00:07+00:00","mainEntityOfPage":{"@id":"https:\/\/www.anovapeneira.gal\/index.php\/2020\/09\/08\/jorge-canda-alcalde-de-a-lama\/"},"wordCount":1251,"commentCount":0,"publisher":{"@id":"https:\/\/www.anovapeneira.gal\/#organization"},"image":{"@id":"https:\/\/www.anovapeneira.gal\/index.php\/2020\/09\/08\/jorge-canda-alcalde-de-a-lama\/#primaryimage"},"thumbnailUrl":"https:\/\/www.anovapeneira.gal\/wp-content\/uploads\/2020\/09\/alcade_de_a_lama_a_nova_peneira.jpg","keywords":["Concello de A Lama"],"articleSection":["Pontevedra"],"inLanguage":"gl-ES","potentialAction":[{"@type":"CommentAction","name":"Comment","target":["https:\/\/www.anovapeneira.gal\/index.php\/2020\/09\/08\/jorge-canda-alcalde-de-a-lama\/#respond"]}]},{"@type":"WebPage","@id":"https:\/\/www.anovapeneira.gal\/index.php\/2020\/09\/08\/jorge-canda-alcalde-de-a-lama\/","url":"https:\/\/www.anovapeneira.gal\/index.php\/2020\/09\/08\/jorge-canda-alcalde-de-a-lama\/","name":"Jorge Canda Alcalde de A Lama -","isPartOf":{"@id":"https:\/\/www.anovapeneira.gal\/#website"},"primaryImageOfPage":{"@id":"https:\/\/www.anovapeneira.gal\/index.php\/2020\/09\/08\/jorge-canda-alcalde-de-a-lama\/#primaryimage"},"image":{"@id":"https:\/\/www.anovapeneira.gal\/index.php\/2020\/09\/08\/jorge-canda-alcalde-de-a-lama\/#primaryimage"},"thumbnailUrl":"https:\/\/www.anovapeneira.gal\/wp-content\/uploads\/2020\/09\/alcade_de_a_lama_a_nova_peneira.jpg","datePublished":"2020-09-08T08:00:07+00:00","breadcrumb":{"@id":"https:\/\/www.anovapeneira.gal\/index.php\/2020\/09\/08\/jorge-canda-alcalde-de-a-lama\/#breadcrumb"},"inLanguage":"gl-ES","potentialAction":[{"@type":"ReadAction","target":["https:\/\/www.anovapeneira.gal\/index.php\/2020\/09\/08\/jorge-canda-alcalde-de-a-lama\/"]}]},{"@type":"ImageObject","inLanguage":"gl-ES","@id":"https:\/\/www.anovapeneira.gal\/index.php\/2020\/09\/08\/jorge-canda-alcalde-de-a-lama\/#primaryimage","url":"https:\/\/www.anovapeneira.gal\/wp-content\/uploads\/2020\/09\/alcade_de_a_lama_a_nova_peneira.jpg","contentUrl":"https:\/\/www.anovapeneira.gal\/wp-content\/uploads\/2020\/09\/alcade_de_a_lama_a_nova_peneira.jpg","width":720,"height":432,"caption":"Jorge Canda \u00e9 o alcalde de A Lama, leva toda unha vida como primeiro edil do seu pobo, un cuarto de s\u00e9culo. Despois de pasar polo CDS e de chegar \u00e1 alcald\u00eda encabezando unha lista do PSOE como independente decidiu presentarse nas listas do PP al\u00e1 polo 1.999.Semella que o PP, como estamos vendo na actualidade na provincia de Ourense, xa ten pedigree hist\u00f3rico no modus operandi consistente en captar a representantes pol\u00edticos que proceden doutras organizaci\u00f3ns. N\u00f3s conversamos con el e atendeunos moi amablemente."},{"@type":"BreadcrumbList","@id":"https:\/\/www.anovapeneira.gal\/index.php\/2020\/09\/08\/jorge-canda-alcalde-de-a-lama\/#breadcrumb","itemListElement":[{"@type":"ListItem","position":1,"name":"Portada","item":"https:\/\/www.anovapeneira.gal\/"},{"@type":"ListItem","position":2,"name":"Jorge Canda Alcalde de A Lama"}]},{"@type":"WebSite","@id":"https:\/\/www.anovapeneira.gal\/#website","url":"https:\/\/www.anovapeneira.gal\/","name":"","description":"Xornal galego de informaci\u00f3n xeral Publicaci\u00f3n mensual de novas de Galicia e en especial dos Concellos da sur da provincia de Pontevedra.","publisher":{"@id":"https:\/\/www.anovapeneira.gal\/#organization"},"potentialAction":[{"@type":"SearchAction","target":{"@type":"EntryPoint","urlTemplate":"https:\/\/www.anovapeneira.gal\/?s={search_term_string}"},"query-input":{"@type":"PropertyValueSpecification","valueRequired":true,"valueName":"search_term_string"}}],"inLanguage":"gl-ES"},{"@type":"Organization","@id":"https:\/\/www.anovapeneira.gal\/#organization","name":"A Nova Peneira","url":"https:\/\/www.anovapeneira.gal\/","logo":{"@type":"ImageObject","inLanguage":"gl-ES","@id":"https:\/\/www.anovapeneira.gal\/#\/schema\/logo\/image\/","url":"http:\/\/www.anovapeneira.gal\/wp-content\/uploads\/2019\/06\/logo_a_nova_peneira_portal_web.png","contentUrl":"http:\/\/www.anovapeneira.gal\/wp-content\/uploads\/2019\/06\/logo_a_nova_peneira_portal_web.png","width":300,"height":100,"caption":"A Nova Peneira"},"image":{"@id":"https:\/\/www.anovapeneira.gal\/#\/schema\/logo\/image\/"},"sameAs":["https:\/\/www.facebook.com\/anovapeneira","https:\/\/x.com\/APeneira"]},{"@type":"Person","@id":"https:\/\/www.anovapeneira.gal\/#\/schema\/person\/b93e3f8932e3f8da96334607eb6ac6aa","name":"Redacci\u00f3n A Nova Peneira","image":{"@type":"ImageObject","inLanguage":"gl-ES","@id":"https:\/\/secure.gravatar.com\/avatar\/c052a2551a06e23fac63626232eaa90abd78dbcf1700fc46a2b2c89fd27b735f?s=96&d=mm&r=g","url":"https:\/\/secure.gravatar.com\/avatar\/c052a2551a06e23fac63626232eaa90abd78dbcf1700fc46a2b2c89fd27b735f?s=96&d=mm&r=g","contentUrl":"https:\/\/secure.gravatar.com\/avatar\/c052a2551a06e23fac63626232eaa90abd78dbcf1700fc46a2b2c89fd27b735f?s=96&d=mm&r=g","caption":"Redacci\u00f3n A Nova Peneira"},"sameAs":["http:\/\/www.anovapeneira.gal\/"],"url":"https:\/\/www.anovapeneira.gal\/index.php\/author\/redactor\/"}]}},"jetpack_featured_media_url":"https:\/\/www.anovapeneira.gal\/wp-content\/uploads\/2020\/09\/alcade_de_a_lama_a_nova_peneira.jpg","_links":{"self":[{"href":"https:\/\/www.anovapeneira.gal\/index.php\/wp-json\/wp\/v2\/posts\/3858","targetHints":{"allow":["GET"]}}],"collection":[{"href":"https:\/\/www.anovapeneira.gal\/index.php\/wp-json\/wp\/v2\/posts"}],"about":[{"href":"https:\/\/www.anovapeneira.gal\/index.php\/wp-json\/wp\/v2\/types\/post"}],"author":[{"embeddable":true,"href":"https:\/\/www.anovapeneira.gal\/index.php\/wp-json\/wp\/v2\/users\/3"}],"replies":[{"embeddable":true,"href":"https:\/\/www.anovapeneira.gal\/index.php\/wp-json\/wp\/v2\/comments?post=3858"}],"version-history":[{"count":1,"href":"https:\/\/www.anovapeneira.gal\/index.php\/wp-json\/wp\/v2\/posts\/3858\/revisions"}],"predecessor-version":[{"id":3860,"href":"https:\/\/www.anovapeneira.gal\/index.php\/wp-json\/wp\/v2\/posts\/3858\/revisions\/3860"}],"wp:featuredmedia":[{"embeddable":true,"href":"https:\/\/www.anovapeneira.gal\/index.php\/wp-json\/wp\/v2\/media\/3859"}],"wp:attachment":[{"href":"https:\/\/www.anovapeneira.gal\/index.php\/wp-json\/wp\/v2\/media?parent=3858"}],"wp:term":[{"taxonomy":"category","embeddable":true,"href":"https:\/\/www.anovapeneira.gal\/index.php\/wp-json\/wp\/v2\/categories?post=3858"},{"taxonomy":"post_tag","embeddable":true,"href":"https:\/\/www.anovapeneira.gal\/index.php\/wp-json\/wp\/v2\/tags?post=3858"}],"curies":[{"name":"wp","href":"https:\/\/api.w.org\/{rel}","templated":true}]}}