{"id":3872,"date":"2020-09-10T10:00:44","date_gmt":"2020-09-10T08:00:44","guid":{"rendered":"http:\/\/www.anovapeneira.gal\/?p=3872"},"modified":"2020-09-07T12:10:46","modified_gmt":"2020-09-07T10:10:46","slug":"ernesto-filgueira-e-anxo-santome-concelleiro-e-responsable-local-do-bng-de-cerdedo-cotobade","status":"publish","type":"post","link":"https:\/\/www.anovapeneira.gal\/index.php\/2020\/09\/10\/ernesto-filgueira-e-anxo-santome-concelleiro-e-responsable-local-do-bng-de-cerdedo-cotobade\/","title":{"rendered":"Ernesto Filgueira e Anxo Santom\u00e9 Concelleiro e responsable local do BNG de Cerdedo-Cotobade"},"content":{"rendered":"\n<h2 class=\"wp-block-heading\"><strong>Cerdedo-Cotobade \u00e9 un concello que xorde da fusi\u00f3n dos antigos concellos de Cerdedo e Cotobade. N\u00f3s falamos con Anxo responsable local do BNG e con Ernesto, concelleiro desta mesma formaci\u00f3n pol\u00edtica para co\u00f1ecer a s\u00faa valoraci\u00f3n sobre o resultado da fusi\u00f3n e sobre a realidade do seu concello<\/strong><\/h2>\n\n\n\n<p>\u201c&nbsp;<strong>A FUSI\u00d3N FOI FEITA CON CALZADOR , SEN NING\u00daN TIPO DE ESTUDO NIN ECON\u00d3MICO NIN DEMOGR\u00c1FICO QUE A AVALASE\u201d<\/strong><\/p>\n\n\n\n<p><strong>O voso \u00e9 un concello peculiar pois resulta da fusi\u00f3n de dous concellos. Describ\u00eddeme a situaci\u00f3n sociol\u00f3xica de Cerdedo-Cotobade?<\/strong><\/p>\n\n\n\n<blockquote class=\"wp-block-quote is-layout-flow wp-block-quote-is-layout-flow\"><p>Somos un concello esencialmente rural, no que, como tantos outros que comparten caracter\u00edsticas co noso, se opera sobre o circunstancial, arranxo de cami\u00f1os , puntos de luz&#8230;.., e non se fai nada sobre o estrutural; a creaci\u00f3n das condici\u00f3ns para que quen o desexe poida desenvolver un proxecto vital no noso pobo. Creo que debemos ter o r\u00e9cord mundial de estradas interiores<\/p><\/blockquote>\n\n\n\n<p><strong>Dou fe. Mi\u00f1a nai querida\u00a1\u00a1 as voltas que dei hoxe e a de cami\u00f1os e corredoiras que tendes<\/strong><\/p>\n\n\n\n<blockquote class=\"wp-block-quote is-layout-flow wp-block-quote-is-layout-flow\"><p>Cr\u00e9ocho ben. Creo que temos 215kmts cadrados. Cando facemos as campa\u00f1as electorais xa nos decatamos da nosa inmensidade. E n\u00f3s aspiramos a telos en condici\u00f3ns , claro que si, pero de pouco vale iso se a xente moza ten que marchar porque carece de servizos e de alternativas laborais<\/p><\/blockquote>\n\n\n\n<p><strong>E como se deber\u00eda facer iso?<\/strong><\/p>\n\n\n\n<blockquote class=\"wp-block-quote is-layout-flow wp-block-quote-is-layout-flow\"><p>Aproveitando as inmensas potencialidades que ten a nosa contorna, vendernos m\u00e1is e mellor e investindo na creaci\u00f3n de servizos que non nos deixen \u00e1 marxe do futuro. O traballo cultural deber\u00eda de realizarse desde unha perspectiva integral e de base, para que a sociedade se agrupe e participe no desenrolo cultural do concello. A apoio \u00e1 cultura da festa est\u00e1 moi ben pero non debe ser esa a \u00fanica pol\u00edtica cultural. A instalaci\u00f3n da fibra \u00f3ptica debera ser por igual para todas as zonas , non s\u00f3 para as parroquias con maior poboaci\u00f3n. O turismo precisa dun plan conxunto non de medidas soltas que xorden en funci\u00f3ns de circunstancias concretas. \u00c9 dicir, ao noso concello f\u00e1ltalle un estudo integral para o seu desenrolo<\/p><\/blockquote>\n\n\n\n<p><strong>En Pontevedra, Cerdedo-Cotobade \u00e9 o \u00fanico concello fusionado. Como valorades o resultado da fusi\u00f3n?<\/strong><\/p>\n\n\n\n<blockquote class=\"wp-block-quote is-layout-flow wp-block-quote-is-layout-flow\"><p>N\u00f3s temos unha dispersi\u00f3n demogr\u00e1fica enorme, unha poboaci\u00f3n moi envellecida, carecemos dun n\u00facleo que nos unifique , temos moi poucos servizos e de moi dif\u00edcil acceso. Esa situaci\u00f3n f\u00edsica propicia que a conexi\u00f3n entre Cotobade e Cerdedo practicamente non exista. A fusi\u00f3n foi feita a calzador sen ning\u00fan tipo de estudio econ\u00f3mico nin demogr\u00e1fico que a avalase. A escusa da fusi\u00f3n era pasar dos 5.000 habitantes. Cando se produciu pasabamos dos 6.000, agora andamos polos 5.600 e baixando a un ritmo moi elevado, polo que me temo que pronto ese \u201cargumento\u201d esvaecerase como se esvaece un terr\u00f3n de azucre no caf\u00e9.<\/p><\/blockquote>\n\n\n\n<p><strong>Semella que a fusi\u00f3n non conseguiu parar a sangr\u00eda de poboaci\u00f3n ?<\/strong><\/p>\n\n\n\n<blockquote class=\"wp-block-quote is-layout-flow wp-block-quote-is-layout-flow\"><p>Non, por desgraza \u00e9 un problema grav\u00edsimo. \u00c9 m\u00e1is, imos ter en moi poucos anos outro atranco a maiores<\/p><\/blockquote>\n\n\n\n<p><strong>Que \u00e9?<\/strong><\/p>\n\n\n\n<blockquote class=\"wp-block-quote is-layout-flow wp-block-quote-is-layout-flow\"><p>N\u00f3s recibimos algo m\u00e1is dun mill\u00f3n de \u20ac como axuda \u00e1 fusi\u00f3n , e practicamente estamos vivindo deses cartos, pero iso remata en 2.022 e logo imos quedar cun pouqui\u00f1o m\u00e1is do orzamento que s\u00f3 ti\u00f1a Cotobade para os dous territorios. Agora estamos como dopados, pero iso rematar\u00e1 pronto<\/p><\/blockquote>\n\n\n\n<p><strong>A pulsi\u00f3n colectiva que percibides na sociedade sobre a fusi\u00f3n es favorable ou desfavorable?<\/strong><\/p>\n\n\n\n<blockquote class=\"wp-block-quote is-layout-flow wp-block-quote-is-layout-flow\"><p>No sentir colectivo a fusi\u00f3n non \u00e9 real. A xente de Cotobade s\u00e9ntese de Cotobade, e as persoas de Cerdedo s\u00e9ntense de Cerdedo.<\/p><\/blockquote>\n\n\n\n<p><strong>O Nepotismo, o cancro que leva padecendo Galicia desde a noite dos tempos perc\u00edbese en Cerdedo-Cotobade?<\/strong><\/p>\n\n\n\n<blockquote class=\"wp-block-quote is-layout-flow wp-block-quote-is-layout-flow\"><p>Si<\/p><\/blockquote>\n\n\n\n<p><strong>Algunha persoa doutro concello dic\u00edame que hai moita xente que simpatiza pero que ten medo a comprometerse co BNG. Esa situaci\u00f3n v\u00edvese no voso Concello?<\/strong><\/p>\n\n\n\n<blockquote class=\"wp-block-quote is-layout-flow wp-block-quote-is-layout-flow\"><p>En Cotobade non, pero en Cerdedo si.<\/p><\/blockquote>\n\n\n\n<p><strong>Como est\u00e1 a sa\u00fade do nacionalismo en Cerdedo-Cotobade?<\/strong><\/p>\n\n\n\n<blockquote class=\"wp-block-quote is-layout-flow wp-block-quote-is-layout-flow\"><p>Somos a organizaci\u00f3n m\u00e1is s\u00f3lida do tecido pol\u00edtico deste concello. Temos un grupo comprometido, capaz e formado. O que notamos \u00e9 que a propia veci\u00f1anza dir\u00edxese a n\u00f3s para trasladarnos os problemas que sofren.<\/p><\/blockquote>\n\n\n\n<p><strong>Como valorades a xesti\u00f3n pol\u00edtica do goberno municipal?<\/strong><\/p>\n\n\n\n<blockquote class=\"wp-block-quote is-layout-flow wp-block-quote-is-layout-flow\"><p>Como che dixen antes est\u00e1n dopados pola axuda para a fusi\u00f3n que pronto rematar\u00e1, pero a xesti\u00f3n \u00e9 nefasta.<\/p><\/blockquote>\n\n\n\n<p><strong>E a relaci\u00f3n pol\u00edtica co PSOE?<\/strong><\/p>\n\n\n\n<blockquote class=\"wp-block-quote is-layout-flow wp-block-quote-is-layout-flow\"><p>Boa<\/p><\/blockquote>\n\n\n\n<p><strong>Que posici\u00f3n tendes en relaci\u00f3n coa suposta mina?<\/strong><\/p>\n\n\n\n<blockquote class=\"wp-block-quote is-layout-flow wp-block-quote-is-layout-flow\"><p>Vamos ver polo que sabemos aqu\u00ed afectar\u00eda \u00e1 parte de Cerdedo, pero pouco che podemos dicir porque o que hai son moit\u00edsimas preguntas e moi poucas respostas. De momento a informaci\u00f3n brilla pola s\u00faa ausencia<\/p><\/blockquote>\n","protected":false},"excerpt":{"rendered":"<div class=\"mh-excerpt\"><p>Cerdedo-Cotobade \u00e9 un concello que xorde da fusi\u00f3n dos antigos concellos de Cerdedo e Cotobade. N\u00f3s falamos con Anxo responsable local do BNG e con Ernesto, concelleiro desta mesma formaci\u00f3n pol\u00edtica para co\u00f1ecer a s\u00faa valoraci\u00f3n sobre o resultado da fusi\u00f3n e sobre a realidade do seu concello <a class=\"mh-excerpt-more\" href=\"https:\/\/www.anovapeneira.gal\/index.php\/2020\/09\/10\/ernesto-filgueira-e-anxo-santome-concelleiro-e-responsable-local-do-bng-de-cerdedo-cotobade\/\" title=\"Ernesto Filgueira e Anxo Santom\u00e9 Concelleiro e responsable local do BNG de Cerdedo-Cotobade\">[&#8230;]<\/a><\/p>\n<\/div>","protected":false},"author":3,"featured_media":3873,"comment_status":"open","ping_status":"open","sticky":false,"template":"","format":"standard","meta":{"_exactmetrics_skip_tracking":false,"_exactmetrics_sitenote_active":false,"_exactmetrics_sitenote_note":"","_exactmetrics_sitenote_category":0,"footnotes":""},"categories":[269],"tags":[1190,1191],"class_list":{"0":"post-3872","1":"post","2":"type-post","3":"status-publish","4":"format-standard","5":"has-post-thumbnail","7":"category-pontevedra-entrevistas","8":"tag-concello-de-cerdedo","9":"tag-concello-de-cotobade"},"yoast_head":"<!-- This site is optimized with the Yoast SEO plugin v27.4 - https:\/\/yoast.com\/product\/yoast-seo-wordpress\/ -->\n<title>Ernesto Filgueira e Anxo Santom\u00e9 Concelleiro e responsable local do BNG de Cerdedo-Cotobade -<\/title>\n<meta name=\"robots\" content=\"index, follow, max-snippet:-1, max-image-preview:large, max-video-preview:-1\" \/>\n<link rel=\"canonical\" href=\"https:\/\/www.anovapeneira.gal\/index.php\/2020\/09\/10\/ernesto-filgueira-e-anxo-santome-concelleiro-e-responsable-local-do-bng-de-cerdedo-cotobade\/\" \/>\n<meta property=\"og:locale\" content=\"gl_ES\" \/>\n<meta property=\"og:type\" content=\"article\" \/>\n<meta property=\"og:title\" content=\"Ernesto Filgueira e Anxo Santom\u00e9 Concelleiro e responsable local do BNG de Cerdedo-Cotobade -\" \/>\n<meta property=\"og:description\" content=\"Cerdedo-Cotobade \u00e9 un concello que xorde da fusi\u00f3n dos antigos concellos de Cerdedo e Cotobade. N\u00f3s falamos con Anxo responsable local do BNG e con Ernesto, concelleiro desta mesma formaci\u00f3n pol\u00edtica para co\u00f1ecer a s\u00faa valoraci\u00f3n sobre o resultado da fusi\u00f3n e sobre a realidade do seu concello [...]\" \/>\n<meta property=\"og:url\" content=\"https:\/\/www.anovapeneira.gal\/index.php\/2020\/09\/10\/ernesto-filgueira-e-anxo-santome-concelleiro-e-responsable-local-do-bng-de-cerdedo-cotobade\/\" \/>\n<meta property=\"article:publisher\" content=\"https:\/\/www.facebook.com\/anovapeneira\" \/>\n<meta property=\"article:published_time\" content=\"2020-09-10T08:00:44+00:00\" \/>\n<meta property=\"og:image\" content=\"https:\/\/www.anovapeneira.gal\/wp-content\/uploads\/2020\/09\/bng_cerdedo_cotobade_a_nova_peneira.jpg\" \/>\n\t<meta property=\"og:image:width\" content=\"720\" \/>\n\t<meta property=\"og:image:height\" content=\"432\" \/>\n\t<meta property=\"og:image:type\" content=\"image\/jpeg\" \/>\n<meta name=\"author\" content=\"Redacci\u00f3n A Nova Peneira\" \/>\n<meta name=\"twitter:card\" content=\"summary_large_image\" \/>\n<meta name=\"twitter:creator\" content=\"@APeneira\" \/>\n<meta name=\"twitter:site\" content=\"@APeneira\" \/>\n<meta name=\"twitter:label1\" content=\"Escrito por\" \/>\n\t<meta name=\"twitter:data1\" content=\"Redacci\u00f3n A Nova Peneira\" \/>\n\t<meta name=\"twitter:label2\" content=\"Tempo de lectura\" \/>\n\t<meta name=\"twitter:data2\" content=\"4 minutos\" \/>\n<script type=\"application\/ld+json\" class=\"yoast-schema-graph\">{\"@context\":\"https:\\\/\\\/schema.org\",\"@graph\":[{\"@type\":\"Article\",\"@id\":\"https:\\\/\\\/www.anovapeneira.gal\\\/index.php\\\/2020\\\/09\\\/10\\\/ernesto-filgueira-e-anxo-santome-concelleiro-e-responsable-local-do-bng-de-cerdedo-cotobade\\\/#article\",\"isPartOf\":{\"@id\":\"https:\\\/\\\/www.anovapeneira.gal\\\/index.php\\\/2020\\\/09\\\/10\\\/ernesto-filgueira-e-anxo-santome-concelleiro-e-responsable-local-do-bng-de-cerdedo-cotobade\\\/\"},\"author\":{\"name\":\"Redacci\u00f3n A Nova Peneira\",\"@id\":\"https:\\\/\\\/www.anovapeneira.gal\\\/#\\\/schema\\\/person\\\/b93e3f8932e3f8da96334607eb6ac6aa\"},\"headline\":\"Ernesto Filgueira e Anxo Santom\u00e9 Concelleiro e responsable local do BNG de Cerdedo-Cotobade\",\"datePublished\":\"2020-09-10T08:00:44+00:00\",\"mainEntityOfPage\":{\"@id\":\"https:\\\/\\\/www.anovapeneira.gal\\\/index.php\\\/2020\\\/09\\\/10\\\/ernesto-filgueira-e-anxo-santome-concelleiro-e-responsable-local-do-bng-de-cerdedo-cotobade\\\/\"},\"wordCount\":828,\"commentCount\":0,\"publisher\":{\"@id\":\"https:\\\/\\\/www.anovapeneira.gal\\\/#organization\"},\"image\":{\"@id\":\"https:\\\/\\\/www.anovapeneira.gal\\\/index.php\\\/2020\\\/09\\\/10\\\/ernesto-filgueira-e-anxo-santome-concelleiro-e-responsable-local-do-bng-de-cerdedo-cotobade\\\/#primaryimage\"},\"thumbnailUrl\":\"https:\\\/\\\/www.anovapeneira.gal\\\/wp-content\\\/uploads\\\/2020\\\/09\\\/bng_cerdedo_cotobade_a_nova_peneira.jpg\",\"keywords\":[\"Concello de Cerdedo\",\"Concello de Cotobade\"],\"articleSection\":[\"Pontevedra\"],\"inLanguage\":\"gl-ES\",\"potentialAction\":[{\"@type\":\"CommentAction\",\"name\":\"Comment\",\"target\":[\"https:\\\/\\\/www.anovapeneira.gal\\\/index.php\\\/2020\\\/09\\\/10\\\/ernesto-filgueira-e-anxo-santome-concelleiro-e-responsable-local-do-bng-de-cerdedo-cotobade\\\/#respond\"]}]},{\"@type\":\"WebPage\",\"@id\":\"https:\\\/\\\/www.anovapeneira.gal\\\/index.php\\\/2020\\\/09\\\/10\\\/ernesto-filgueira-e-anxo-santome-concelleiro-e-responsable-local-do-bng-de-cerdedo-cotobade\\\/\",\"url\":\"https:\\\/\\\/www.anovapeneira.gal\\\/index.php\\\/2020\\\/09\\\/10\\\/ernesto-filgueira-e-anxo-santome-concelleiro-e-responsable-local-do-bng-de-cerdedo-cotobade\\\/\",\"name\":\"Ernesto Filgueira e Anxo Santom\u00e9 Concelleiro e responsable local do BNG de Cerdedo-Cotobade -\",\"isPartOf\":{\"@id\":\"https:\\\/\\\/www.anovapeneira.gal\\\/#website\"},\"primaryImageOfPage\":{\"@id\":\"https:\\\/\\\/www.anovapeneira.gal\\\/index.php\\\/2020\\\/09\\\/10\\\/ernesto-filgueira-e-anxo-santome-concelleiro-e-responsable-local-do-bng-de-cerdedo-cotobade\\\/#primaryimage\"},\"image\":{\"@id\":\"https:\\\/\\\/www.anovapeneira.gal\\\/index.php\\\/2020\\\/09\\\/10\\\/ernesto-filgueira-e-anxo-santome-concelleiro-e-responsable-local-do-bng-de-cerdedo-cotobade\\\/#primaryimage\"},\"thumbnailUrl\":\"https:\\\/\\\/www.anovapeneira.gal\\\/wp-content\\\/uploads\\\/2020\\\/09\\\/bng_cerdedo_cotobade_a_nova_peneira.jpg\",\"datePublished\":\"2020-09-10T08:00:44+00:00\",\"breadcrumb\":{\"@id\":\"https:\\\/\\\/www.anovapeneira.gal\\\/index.php\\\/2020\\\/09\\\/10\\\/ernesto-filgueira-e-anxo-santome-concelleiro-e-responsable-local-do-bng-de-cerdedo-cotobade\\\/#breadcrumb\"},\"inLanguage\":\"gl-ES\",\"potentialAction\":[{\"@type\":\"ReadAction\",\"target\":[\"https:\\\/\\\/www.anovapeneira.gal\\\/index.php\\\/2020\\\/09\\\/10\\\/ernesto-filgueira-e-anxo-santome-concelleiro-e-responsable-local-do-bng-de-cerdedo-cotobade\\\/\"]}]},{\"@type\":\"ImageObject\",\"inLanguage\":\"gl-ES\",\"@id\":\"https:\\\/\\\/www.anovapeneira.gal\\\/index.php\\\/2020\\\/09\\\/10\\\/ernesto-filgueira-e-anxo-santome-concelleiro-e-responsable-local-do-bng-de-cerdedo-cotobade\\\/#primaryimage\",\"url\":\"https:\\\/\\\/www.anovapeneira.gal\\\/wp-content\\\/uploads\\\/2020\\\/09\\\/bng_cerdedo_cotobade_a_nova_peneira.jpg\",\"contentUrl\":\"https:\\\/\\\/www.anovapeneira.gal\\\/wp-content\\\/uploads\\\/2020\\\/09\\\/bng_cerdedo_cotobade_a_nova_peneira.jpg\",\"width\":720,\"height\":432,\"caption\":\"Ernesto Filgueira e Anxo Santom\u00e9 Concelleiro e responsable local do BNG de Cerdedo-Cotobade\"},{\"@type\":\"BreadcrumbList\",\"@id\":\"https:\\\/\\\/www.anovapeneira.gal\\\/index.php\\\/2020\\\/09\\\/10\\\/ernesto-filgueira-e-anxo-santome-concelleiro-e-responsable-local-do-bng-de-cerdedo-cotobade\\\/#breadcrumb\",\"itemListElement\":[{\"@type\":\"ListItem\",\"position\":1,\"name\":\"Portada\",\"item\":\"https:\\\/\\\/www.anovapeneira.gal\\\/\"},{\"@type\":\"ListItem\",\"position\":2,\"name\":\"Ernesto Filgueira e Anxo Santom\u00e9 Concelleiro e responsable local do BNG de Cerdedo-Cotobade\"}]},{\"@type\":\"WebSite\",\"@id\":\"https:\\\/\\\/www.anovapeneira.gal\\\/#website\",\"url\":\"https:\\\/\\\/www.anovapeneira.gal\\\/\",\"name\":\"\",\"description\":\"Xornal galego de informaci\u00f3n xeral Publicaci\u00f3n mensual de novas de Galicia e en especial dos Concellos da sur da provincia de Pontevedra.\",\"publisher\":{\"@id\":\"https:\\\/\\\/www.anovapeneira.gal\\\/#organization\"},\"potentialAction\":[{\"@type\":\"SearchAction\",\"target\":{\"@type\":\"EntryPoint\",\"urlTemplate\":\"https:\\\/\\\/www.anovapeneira.gal\\\/?s={search_term_string}\"},\"query-input\":{\"@type\":\"PropertyValueSpecification\",\"valueRequired\":true,\"valueName\":\"search_term_string\"}}],\"inLanguage\":\"gl-ES\"},{\"@type\":\"Organization\",\"@id\":\"https:\\\/\\\/www.anovapeneira.gal\\\/#organization\",\"name\":\"A Nova Peneira\",\"url\":\"https:\\\/\\\/www.anovapeneira.gal\\\/\",\"logo\":{\"@type\":\"ImageObject\",\"inLanguage\":\"gl-ES\",\"@id\":\"https:\\\/\\\/www.anovapeneira.gal\\\/#\\\/schema\\\/logo\\\/image\\\/\",\"url\":\"http:\\\/\\\/www.anovapeneira.gal\\\/wp-content\\\/uploads\\\/2019\\\/06\\\/logo_a_nova_peneira_portal_web.png\",\"contentUrl\":\"http:\\\/\\\/www.anovapeneira.gal\\\/wp-content\\\/uploads\\\/2019\\\/06\\\/logo_a_nova_peneira_portal_web.png\",\"width\":300,\"height\":100,\"caption\":\"A Nova Peneira\"},\"image\":{\"@id\":\"https:\\\/\\\/www.anovapeneira.gal\\\/#\\\/schema\\\/logo\\\/image\\\/\"},\"sameAs\":[\"https:\\\/\\\/www.facebook.com\\\/anovapeneira\",\"https:\\\/\\\/x.com\\\/APeneira\"]},{\"@type\":\"Person\",\"@id\":\"https:\\\/\\\/www.anovapeneira.gal\\\/#\\\/schema\\\/person\\\/b93e3f8932e3f8da96334607eb6ac6aa\",\"name\":\"Redacci\u00f3n A Nova Peneira\",\"image\":{\"@type\":\"ImageObject\",\"inLanguage\":\"gl-ES\",\"@id\":\"https:\\\/\\\/secure.gravatar.com\\\/avatar\\\/c052a2551a06e23fac63626232eaa90abd78dbcf1700fc46a2b2c89fd27b735f?s=96&d=mm&r=g\",\"url\":\"https:\\\/\\\/secure.gravatar.com\\\/avatar\\\/c052a2551a06e23fac63626232eaa90abd78dbcf1700fc46a2b2c89fd27b735f?s=96&d=mm&r=g\",\"contentUrl\":\"https:\\\/\\\/secure.gravatar.com\\\/avatar\\\/c052a2551a06e23fac63626232eaa90abd78dbcf1700fc46a2b2c89fd27b735f?s=96&d=mm&r=g\",\"caption\":\"Redacci\u00f3n A Nova Peneira\"},\"sameAs\":[\"http:\\\/\\\/www.anovapeneira.gal\\\/\"],\"url\":\"https:\\\/\\\/www.anovapeneira.gal\\\/index.php\\\/author\\\/redactor\\\/\"}]}<\/script>\n<!-- \/ Yoast SEO plugin. -->","yoast_head_json":{"title":"Ernesto Filgueira e Anxo Santom\u00e9 Concelleiro e responsable local do BNG de Cerdedo-Cotobade -","robots":{"index":"index","follow":"follow","max-snippet":"max-snippet:-1","max-image-preview":"max-image-preview:large","max-video-preview":"max-video-preview:-1"},"canonical":"https:\/\/www.anovapeneira.gal\/index.php\/2020\/09\/10\/ernesto-filgueira-e-anxo-santome-concelleiro-e-responsable-local-do-bng-de-cerdedo-cotobade\/","og_locale":"gl_ES","og_type":"article","og_title":"Ernesto Filgueira e Anxo Santom\u00e9 Concelleiro e responsable local do BNG de Cerdedo-Cotobade -","og_description":"Cerdedo-Cotobade \u00e9 un concello que xorde da fusi\u00f3n dos antigos concellos de Cerdedo e Cotobade. N\u00f3s falamos con Anxo responsable local do BNG e con Ernesto, concelleiro desta mesma formaci\u00f3n pol\u00edtica para co\u00f1ecer a s\u00faa valoraci\u00f3n sobre o resultado da fusi\u00f3n e sobre a realidade do seu concello [...]","og_url":"https:\/\/www.anovapeneira.gal\/index.php\/2020\/09\/10\/ernesto-filgueira-e-anxo-santome-concelleiro-e-responsable-local-do-bng-de-cerdedo-cotobade\/","article_publisher":"https:\/\/www.facebook.com\/anovapeneira","article_published_time":"2020-09-10T08:00:44+00:00","og_image":[{"width":720,"height":432,"url":"https:\/\/www.anovapeneira.gal\/wp-content\/uploads\/2020\/09\/bng_cerdedo_cotobade_a_nova_peneira.jpg","type":"image\/jpeg"}],"author":"Redacci\u00f3n A Nova Peneira","twitter_card":"summary_large_image","twitter_creator":"@APeneira","twitter_site":"@APeneira","twitter_misc":{"Escrito por":"Redacci\u00f3n A Nova Peneira","Tempo de lectura":"4 minutos"},"schema":{"@context":"https:\/\/schema.org","@graph":[{"@type":"Article","@id":"https:\/\/www.anovapeneira.gal\/index.php\/2020\/09\/10\/ernesto-filgueira-e-anxo-santome-concelleiro-e-responsable-local-do-bng-de-cerdedo-cotobade\/#article","isPartOf":{"@id":"https:\/\/www.anovapeneira.gal\/index.php\/2020\/09\/10\/ernesto-filgueira-e-anxo-santome-concelleiro-e-responsable-local-do-bng-de-cerdedo-cotobade\/"},"author":{"name":"Redacci\u00f3n A Nova Peneira","@id":"https:\/\/www.anovapeneira.gal\/#\/schema\/person\/b93e3f8932e3f8da96334607eb6ac6aa"},"headline":"Ernesto Filgueira e Anxo Santom\u00e9 Concelleiro e responsable local do BNG de Cerdedo-Cotobade","datePublished":"2020-09-10T08:00:44+00:00","mainEntityOfPage":{"@id":"https:\/\/www.anovapeneira.gal\/index.php\/2020\/09\/10\/ernesto-filgueira-e-anxo-santome-concelleiro-e-responsable-local-do-bng-de-cerdedo-cotobade\/"},"wordCount":828,"commentCount":0,"publisher":{"@id":"https:\/\/www.anovapeneira.gal\/#organization"},"image":{"@id":"https:\/\/www.anovapeneira.gal\/index.php\/2020\/09\/10\/ernesto-filgueira-e-anxo-santome-concelleiro-e-responsable-local-do-bng-de-cerdedo-cotobade\/#primaryimage"},"thumbnailUrl":"https:\/\/www.anovapeneira.gal\/wp-content\/uploads\/2020\/09\/bng_cerdedo_cotobade_a_nova_peneira.jpg","keywords":["Concello de Cerdedo","Concello de Cotobade"],"articleSection":["Pontevedra"],"inLanguage":"gl-ES","potentialAction":[{"@type":"CommentAction","name":"Comment","target":["https:\/\/www.anovapeneira.gal\/index.php\/2020\/09\/10\/ernesto-filgueira-e-anxo-santome-concelleiro-e-responsable-local-do-bng-de-cerdedo-cotobade\/#respond"]}]},{"@type":"WebPage","@id":"https:\/\/www.anovapeneira.gal\/index.php\/2020\/09\/10\/ernesto-filgueira-e-anxo-santome-concelleiro-e-responsable-local-do-bng-de-cerdedo-cotobade\/","url":"https:\/\/www.anovapeneira.gal\/index.php\/2020\/09\/10\/ernesto-filgueira-e-anxo-santome-concelleiro-e-responsable-local-do-bng-de-cerdedo-cotobade\/","name":"Ernesto Filgueira e Anxo Santom\u00e9 Concelleiro e responsable local do BNG de Cerdedo-Cotobade -","isPartOf":{"@id":"https:\/\/www.anovapeneira.gal\/#website"},"primaryImageOfPage":{"@id":"https:\/\/www.anovapeneira.gal\/index.php\/2020\/09\/10\/ernesto-filgueira-e-anxo-santome-concelleiro-e-responsable-local-do-bng-de-cerdedo-cotobade\/#primaryimage"},"image":{"@id":"https:\/\/www.anovapeneira.gal\/index.php\/2020\/09\/10\/ernesto-filgueira-e-anxo-santome-concelleiro-e-responsable-local-do-bng-de-cerdedo-cotobade\/#primaryimage"},"thumbnailUrl":"https:\/\/www.anovapeneira.gal\/wp-content\/uploads\/2020\/09\/bng_cerdedo_cotobade_a_nova_peneira.jpg","datePublished":"2020-09-10T08:00:44+00:00","breadcrumb":{"@id":"https:\/\/www.anovapeneira.gal\/index.php\/2020\/09\/10\/ernesto-filgueira-e-anxo-santome-concelleiro-e-responsable-local-do-bng-de-cerdedo-cotobade\/#breadcrumb"},"inLanguage":"gl-ES","potentialAction":[{"@type":"ReadAction","target":["https:\/\/www.anovapeneira.gal\/index.php\/2020\/09\/10\/ernesto-filgueira-e-anxo-santome-concelleiro-e-responsable-local-do-bng-de-cerdedo-cotobade\/"]}]},{"@type":"ImageObject","inLanguage":"gl-ES","@id":"https:\/\/www.anovapeneira.gal\/index.php\/2020\/09\/10\/ernesto-filgueira-e-anxo-santome-concelleiro-e-responsable-local-do-bng-de-cerdedo-cotobade\/#primaryimage","url":"https:\/\/www.anovapeneira.gal\/wp-content\/uploads\/2020\/09\/bng_cerdedo_cotobade_a_nova_peneira.jpg","contentUrl":"https:\/\/www.anovapeneira.gal\/wp-content\/uploads\/2020\/09\/bng_cerdedo_cotobade_a_nova_peneira.jpg","width":720,"height":432,"caption":"Ernesto Filgueira e Anxo Santom\u00e9 Concelleiro e responsable local do BNG de Cerdedo-Cotobade"},{"@type":"BreadcrumbList","@id":"https:\/\/www.anovapeneira.gal\/index.php\/2020\/09\/10\/ernesto-filgueira-e-anxo-santome-concelleiro-e-responsable-local-do-bng-de-cerdedo-cotobade\/#breadcrumb","itemListElement":[{"@type":"ListItem","position":1,"name":"Portada","item":"https:\/\/www.anovapeneira.gal\/"},{"@type":"ListItem","position":2,"name":"Ernesto Filgueira e Anxo Santom\u00e9 Concelleiro e responsable local do BNG de Cerdedo-Cotobade"}]},{"@type":"WebSite","@id":"https:\/\/www.anovapeneira.gal\/#website","url":"https:\/\/www.anovapeneira.gal\/","name":"","description":"Xornal galego de informaci\u00f3n xeral Publicaci\u00f3n mensual de novas de Galicia e en especial dos Concellos da sur da provincia de Pontevedra.","publisher":{"@id":"https:\/\/www.anovapeneira.gal\/#organization"},"potentialAction":[{"@type":"SearchAction","target":{"@type":"EntryPoint","urlTemplate":"https:\/\/www.anovapeneira.gal\/?s={search_term_string}"},"query-input":{"@type":"PropertyValueSpecification","valueRequired":true,"valueName":"search_term_string"}}],"inLanguage":"gl-ES"},{"@type":"Organization","@id":"https:\/\/www.anovapeneira.gal\/#organization","name":"A Nova Peneira","url":"https:\/\/www.anovapeneira.gal\/","logo":{"@type":"ImageObject","inLanguage":"gl-ES","@id":"https:\/\/www.anovapeneira.gal\/#\/schema\/logo\/image\/","url":"http:\/\/www.anovapeneira.gal\/wp-content\/uploads\/2019\/06\/logo_a_nova_peneira_portal_web.png","contentUrl":"http:\/\/www.anovapeneira.gal\/wp-content\/uploads\/2019\/06\/logo_a_nova_peneira_portal_web.png","width":300,"height":100,"caption":"A Nova Peneira"},"image":{"@id":"https:\/\/www.anovapeneira.gal\/#\/schema\/logo\/image\/"},"sameAs":["https:\/\/www.facebook.com\/anovapeneira","https:\/\/x.com\/APeneira"]},{"@type":"Person","@id":"https:\/\/www.anovapeneira.gal\/#\/schema\/person\/b93e3f8932e3f8da96334607eb6ac6aa","name":"Redacci\u00f3n A Nova Peneira","image":{"@type":"ImageObject","inLanguage":"gl-ES","@id":"https:\/\/secure.gravatar.com\/avatar\/c052a2551a06e23fac63626232eaa90abd78dbcf1700fc46a2b2c89fd27b735f?s=96&d=mm&r=g","url":"https:\/\/secure.gravatar.com\/avatar\/c052a2551a06e23fac63626232eaa90abd78dbcf1700fc46a2b2c89fd27b735f?s=96&d=mm&r=g","contentUrl":"https:\/\/secure.gravatar.com\/avatar\/c052a2551a06e23fac63626232eaa90abd78dbcf1700fc46a2b2c89fd27b735f?s=96&d=mm&r=g","caption":"Redacci\u00f3n A Nova Peneira"},"sameAs":["http:\/\/www.anovapeneira.gal\/"],"url":"https:\/\/www.anovapeneira.gal\/index.php\/author\/redactor\/"}]}},"jetpack_featured_media_url":"https:\/\/www.anovapeneira.gal\/wp-content\/uploads\/2020\/09\/bng_cerdedo_cotobade_a_nova_peneira.jpg","_links":{"self":[{"href":"https:\/\/www.anovapeneira.gal\/index.php\/wp-json\/wp\/v2\/posts\/3872","targetHints":{"allow":["GET"]}}],"collection":[{"href":"https:\/\/www.anovapeneira.gal\/index.php\/wp-json\/wp\/v2\/posts"}],"about":[{"href":"https:\/\/www.anovapeneira.gal\/index.php\/wp-json\/wp\/v2\/types\/post"}],"author":[{"embeddable":true,"href":"https:\/\/www.anovapeneira.gal\/index.php\/wp-json\/wp\/v2\/users\/3"}],"replies":[{"embeddable":true,"href":"https:\/\/www.anovapeneira.gal\/index.php\/wp-json\/wp\/v2\/comments?post=3872"}],"version-history":[{"count":1,"href":"https:\/\/www.anovapeneira.gal\/index.php\/wp-json\/wp\/v2\/posts\/3872\/revisions"}],"predecessor-version":[{"id":3874,"href":"https:\/\/www.anovapeneira.gal\/index.php\/wp-json\/wp\/v2\/posts\/3872\/revisions\/3874"}],"wp:featuredmedia":[{"embeddable":true,"href":"https:\/\/www.anovapeneira.gal\/index.php\/wp-json\/wp\/v2\/media\/3873"}],"wp:attachment":[{"href":"https:\/\/www.anovapeneira.gal\/index.php\/wp-json\/wp\/v2\/media?parent=3872"}],"wp:term":[{"taxonomy":"category","embeddable":true,"href":"https:\/\/www.anovapeneira.gal\/index.php\/wp-json\/wp\/v2\/categories?post=3872"},{"taxonomy":"post_tag","embeddable":true,"href":"https:\/\/www.anovapeneira.gal\/index.php\/wp-json\/wp\/v2\/tags?post=3872"}],"curies":[{"name":"wp","href":"https:\/\/api.w.org\/{rel}","templated":true}]}}