{"id":3875,"date":"2020-09-10T12:00:29","date_gmt":"2020-09-10T10:00:29","guid":{"rendered":"http:\/\/www.anovapeneira.gal\/?p=3875"},"modified":"2020-09-07T12:10:53","modified_gmt":"2020-09-07T10:10:53","slug":"pedro-rodriguez-souto-presidente-da-s-c-d-ponte-caldelas","status":"publish","type":"post","link":"https:\/\/www.anovapeneira.gal\/index.php\/2020\/09\/10\/pedro-rodriguez-souto-presidente-da-s-c-d-ponte-caldelas\/","title":{"rendered":"Pedro Rodr\u00edguez Souto presidente da S.C.D Ponte Caldelas"},"content":{"rendered":"\n<h2 class=\"wp-block-heading\"><strong>O proxecto futbol\u00edstico de Ponte Caldelas \u00e9 e enormemente s\u00f3lido solvente. Pensado a longo prazo pois bas\u00e9ase nunha escola de f\u00fatbol que trata de formar aos nenos tanto na pr\u00e1ctica deportiva como na s\u00faa construci\u00f3n como seres humanos , intenta ao mesmo tempo crear unha vinculaci\u00f3n afectiva intensa entre o xogador e o club. N\u00f3s falamos con Pedro, o seu presidente<\/strong><\/h2>\n\n\n\n<p>\u201c<strong>POLA DIMENSI\u00d3N DE PONTE CALDELAS N\u00d3S DEBEMOS DE ASPIRAR A CHEGAR E CONSOLIDARNOS EN PREFERENTE\u201d<\/strong><\/p>\n\n\n\n<p><strong>De onde es ti Pedro?<\/strong><\/p>\n\n\n\n<blockquote class=\"wp-block-quote is-layout-flow wp-block-quote-is-layout-flow\"><p>Eu son natural de Ponte Caldelas<\/p><\/blockquote>\n\n\n\n<p><strong>A que te dedicas ti?<\/strong><\/p>\n\n\n\n<blockquote class=\"wp-block-quote is-layout-flow wp-block-quote-is-layout-flow\"><p>Eu te\u00f1o unha reloxer\u00eda, levo xa 26 anos nese mundo<\/p><\/blockquote>\n\n\n\n<p><strong>Como comezou a t\u00faa vinculaci\u00f3n co mundo do f\u00fatbol?<\/strong><\/p>\n\n\n\n<blockquote class=\"wp-block-quote is-layout-flow wp-block-quote-is-layout-flow\"><p>Eu estou vinculado ao f\u00fatbol desde sempre. Xa desde neno xoguei en diversos equipos. Estiven no L\u00e9rez, logo por cuesti\u00f3ns familiares tiven que marchar a Brasil uns anos e tam\u00e9n xoguei al\u00ed. Cando volv\u00edn xoguei na Lama. En fin a relaci\u00f3n mi\u00f1a co f\u00fatbol \u00e9 desde sempre<\/p><\/blockquote>\n\n\n\n<p><strong>E como chegaches a presidir o equipo do teu pobo?<\/strong><\/p>\n\n\n\n<blockquote class=\"wp-block-quote is-layout-flow wp-block-quote-is-layout-flow\"><p>Pois non sei exactamente por que, a directiva que levaba antes o equipo decidiu abandonar e non hab\u00eda ningu\u00e9n que tomara o relevo. E varias persoas que estaban comigo nun equipo de veteranos coment\u00e1ronme a posibilidade de collermos o equipo e que asumira eu a presidencia. A verdade foi un tanto de rebote e un pouco de sorpresa.<\/p><\/blockquote>\n\n\n\n<p><strong>De que ano estamos falando?<\/strong><\/p>\n\n\n\n<blockquote class=\"wp-block-quote is-layout-flow wp-block-quote-is-layout-flow\"><p>Non me lembro con exactitude pero arredor de hai dez anos.<\/p><\/blockquote>\n\n\n\n<p><strong>E non est\u00e1s canso?<\/strong><\/p>\n\n\n\n<blockquote class=\"wp-block-quote is-layout-flow wp-block-quote-is-layout-flow\"><p>Si, un pouco si. De feito a mi\u00f1a idea \u00e9 botar alg\u00fan ani\u00f1o m\u00e1is e deixalo<\/p><\/blockquote>\n\n\n\n<p><strong>Cantas persoas sodes na directiva?<\/strong><\/p>\n\n\n\n<blockquote class=\"wp-block-quote is-layout-flow wp-block-quote-is-layout-flow\"><p>Actualmente somos 10 persoas<\/p><\/blockquote>\n\n\n\n<p><strong>A relaci\u00f3n entre a S.C.D e o pobo \u00e9 moi importante, verdade Pedro?<\/strong><\/p>\n\n\n\n<blockquote class=\"wp-block-quote is-layout-flow wp-block-quote-is-layout-flow\"><p>Si. No noso pobo hai moit\u00edsima afecci\u00f3n ao f\u00fatbol. O primeiro equipo ten un seguimento enorme, e todos os equipos que nos visitan quedan abraiados da grande cantidade de p\u00fablico que asiste aos partidos<\/p><\/blockquote>\n\n\n\n<p><strong>Cantas persoas poden ir ao campo nun partido normal?<\/strong><\/p>\n\n\n\n<blockquote class=\"wp-block-quote is-layout-flow wp-block-quote-is-layout-flow\"><p>Entre 500 e 600<\/p><\/blockquote>\n\n\n\n<p><strong>Impresionante\u00a1\u00a1<\/strong><\/p>\n\n\n\n<blockquote class=\"wp-block-quote is-layout-flow wp-block-quote-is-layout-flow\"><p>A verdade \u00e9 que si<\/p><\/blockquote>\n\n\n\n<p><strong>Como \u00e9 posible Pedro, que o voso rival principal, A lama, un pobo moito m\u00e1is pequeno ca Ponte Caldelas, te\u00f1a o equipo en primeira e v\u00f3s esteades en segunda?<\/strong><\/p>\n\n\n\n<blockquote class=\"wp-block-quote is-layout-flow wp-block-quote-is-layout-flow\"><p>Esa \u00e9 a pregunta do mill\u00f3n. Eu non sei o que pasaba antes de que n\u00f3s cheg\u00e1semos, por\u00e9n podo dicirche que cando collemos o equipo todo era un desastre. Non hab\u00eda nin xogadores suficientes. Cando comezamos, a nosa intenci\u00f3n era armar un proxecto s\u00f3lido desde a base .N\u00f3s tendo unha escola de f\u00fatbol ti\u00f1amos o equipo en 3\u00ba e a\u00ednda por riba vi\u00e1monos na necesidade de buscar xogadores.<\/p><\/blockquote>\n\n\n\n<p><strong>Algo fallaba claro<\/strong><\/p>\n\n\n\n<blockquote class=\"wp-block-quote is-layout-flow wp-block-quote-is-layout-flow\"><p>Evidentemente. As cadeas de transmisi\u00f3n entre a escola e o equipo de maiores non funcionaban. O problema arranx\u00e1base collendo aos nenos desde pequenos e tratando de que se implicaran emocionalmente co equipo. E iso, non se fai nun ano. \u00c9 un problema que costou moito tempo solucionar<\/p><\/blockquote>\n\n\n\n<p><strong>Est\u00e1 solucionado ese problema?<\/strong><\/p>\n\n\n\n<blockquote class=\"wp-block-quote is-layout-flow wp-block-quote-is-layout-flow\"><p>Creo que si. A pasada temporada ti\u00f1amos un equipo no que o 90% dos xogadores eran de aqu\u00ed e no 100% dos casos hai unha conexi\u00f3n afectiva total entre o xogador e o club.<\/p><\/blockquote>\n\n\n\n<p><strong>Cantos equipos tendes?<\/strong><\/p>\n\n\n\n<blockquote class=\"wp-block-quote is-layout-flow wp-block-quote-is-layout-flow\"><p>Depende do ano. Agora mesmo temos todas as categor\u00edas cubertas e incluso nalgunhas categor\u00edas temos dous equipos.<\/p><\/blockquote>\n\n\n\n<p><strong>E fichas cantas tedes?<\/strong><\/p>\n\n\n\n<blockquote class=\"wp-block-quote is-layout-flow wp-block-quote-is-layout-flow\"><p>M\u00e1is de 200<\/p><\/blockquote>\n\n\n\n<p><strong>Tam\u00e9n temos un equipo feminino?<\/strong><\/p>\n\n\n\n<blockquote class=\"wp-block-quote is-layout-flow wp-block-quote-is-layout-flow\"><p>Si, desde hai catro ou cinco anos. Nun principio d\u00e9moslle o nome pero ti\u00f1an que xestionarse elas, pois cando comezou n\u00f3s non dabamos feito. As persoas que o formaron f\u00f3ronse desvinculando e o equipo feminino estaba un pouco deixado. Este ano decidimos collelo n\u00f3s con todas as consecuencias e imos xestionalo exactamente igual que calquera dos outros equipos que temos.<\/p><\/blockquote>\n\n\n\n<p><strong>Como facedes a captaci\u00f3n dos nenos?<\/strong><\/p>\n\n\n\n<blockquote class=\"wp-block-quote is-layout-flow wp-block-quote-is-layout-flow\"><p>Nun principio foi polos colexios, dando charlas. Agora xa funciona o boca a boca<\/p><\/blockquote>\n\n\n\n<p><strong>Eu co\u00f1ezo a moitos presidentes de equipos modestos e a maior\u00eda din que hai que dedicarlle tanto tempo ao cargo que case inevitablemente ocasiona ter problemas familiares. No teu caso \u00e9 as\u00ed?<\/strong><\/p>\n\n\n\n<blockquote class=\"wp-block-quote is-layout-flow wp-block-quote-is-layout-flow\"><p>No meu caso podo dicir que coincido en que hai que hai que dedicarlle moit\u00edsimo tempo e iso desgasta moito, abof\u00e9 que si. O tempo necesario \u00e9 moit\u00edsimo a recompensa \u00e9 inexistente<\/p><\/blockquote>\n\n\n\n<p><strong>Que tal se porta o concello de Ponte Caldelas con v\u00f3s?<\/strong><\/p>\n\n\n\n<blockquote class=\"wp-block-quote is-layout-flow wp-block-quote-is-layout-flow\"><p>A relaci\u00f3n \u00e9 moi boa, tanto con Andr\u00e9s como co anterior alcalde do PP. N\u00f3s temos unha axuda moi importante da administraci\u00f3n municipal. O ano pasado tivemos un problema derivado do atraso no cobro da soluci\u00f3n pero afortunadamente acabouse solucionando. Eu entendo as raz\u00f3ns do Concello, e como che dixen a relaci\u00f3n con Andr\u00e9s \u00e9 moi boa<\/p><\/blockquote>\n\n\n\n<p><strong>Como valoras a temporada pasada?<\/strong><\/p>\n\n\n\n<blockquote class=\"wp-block-quote is-layout-flow wp-block-quote-is-layout-flow\"><p>Pois foi unha m\u00e1goa o par\u00f3n, pois cando a situaci\u00f3n sanitaria fixo que de suspendera a liga, n\u00f3s estabamos de quintos pero nun magn\u00edfico momento de forma. Estabamos en progresi\u00f3n ascendente, ti\u00f1amos un calendario moi alcanzable e te\u00f1o a convicci\u00f3n de que nunha situaci\u00f3n de normalidade ti\u00f1amos moitos boletos para rematar a liga entre os dous primeiros, en posto de ascenso directo.<\/p><\/blockquote>\n\n\n\n<p><strong>Este ano mantemos o equipo t\u00e9cnico?<\/strong><\/p>\n\n\n\n<blockquote class=\"wp-block-quote is-layout-flow wp-block-quote-is-layout-flow\"><p>Si. E a base do equipo de xogadores tam\u00e9n<\/p><\/blockquote>\n\n\n\n<p><strong>Fixemos algunha fichaxe?<\/strong><\/p>\n\n\n\n<blockquote class=\"wp-block-quote is-layout-flow wp-block-quote-is-layout-flow\"><p>De momento s\u00f3 unha. Un rapaz que ven do Lerez<\/p><\/blockquote>\n\n\n\n<p><strong>O obxectivo deportivo \u00e9 claramente o ascenso?<\/strong><\/p>\n\n\n\n<blockquote class=\"wp-block-quote is-layout-flow wp-block-quote-is-layout-flow\"><p>Hai que ser prudentes, pero no fondo creo que todos pensamos que si.<\/p><\/blockquote>\n\n\n\n<p><strong>Cal \u00e9 o derbi que vivides con m\u00e1is paix\u00f3n?<\/strong><\/p>\n\n\n\n<blockquote class=\"wp-block-quote is-layout-flow wp-block-quote-is-layout-flow\"><p>Contra a Lama sen ningunha d\u00fabida.<\/p><\/blockquote>\n\n\n\n<p><strong>Pola cantidade de habitantes e a sociolox\u00eda de Ponte Caldelas cal \u00e9 o lugar natural do equipo?<\/strong><\/p>\n\n\n\n<blockquote class=\"wp-block-quote is-layout-flow wp-block-quote-is-layout-flow\"><p>Eu creo que a preferente. Nunca estivemos na nosa historia, pero coa nosa afecci\u00f3n, e coa axuda que temos do noso Concello e coa potencia que ten Ponte Caldelas estou seguro de que a preferente \u00e9 a categor\u00eda na que m\u00e1is tarde ou m\u00e1is cedoo nos debemos consolidar<\/p><\/blockquote>\n\n\n\n<p><strong>Unha \u00faltima pregunta Pedro. O f\u00fatbol modesto sen p\u00fablico \u00e9 viable?<\/strong><\/p>\n\n\n\n<blockquote class=\"wp-block-quote is-layout-flow wp-block-quote-is-layout-flow\"><p>Non, non \u00e9 viable.<\/p><\/blockquote>\n","protected":false},"excerpt":{"rendered":"<div class=\"mh-excerpt\"><p>O proxecto futbol\u00edstico de Ponte Caldelas \u00e9 e enormemente s\u00f3lido solvente. Pensado a longo prazo pois bas\u00e9ase nunha escola de f\u00fatbol que trata de formar aos nenos tanto na pr\u00e1ctica deportiva como na s\u00faa construci\u00f3n como seres humanos , intenta ao mesmo tempo crear unha vinculaci\u00f3n afectiva intensa entre o xogador e o club. N\u00f3s falamos con Pedro, o seu presidente <a class=\"mh-excerpt-more\" href=\"https:\/\/www.anovapeneira.gal\/index.php\/2020\/09\/10\/pedro-rodriguez-souto-presidente-da-s-c-d-ponte-caldelas\/\" title=\"Pedro Rodr\u00edguez Souto presidente da S.C.D Ponte Caldelas\">[&#8230;]<\/a><\/p>\n<\/div>","protected":false},"author":3,"featured_media":3876,"comment_status":"open","ping_status":"open","sticky":false,"template":"","format":"standard","meta":{"_exactmetrics_skip_tracking":false,"_exactmetrics_sitenote_active":false,"_exactmetrics_sitenote_note":"","_exactmetrics_sitenote_category":0,"footnotes":""},"categories":[494],"tags":[128,368],"class_list":{"0":"post-3875","1":"post","2":"type-post","3":"status-publish","4":"format-standard","5":"has-post-thumbnail","7":"category-pontevedra-reportaxes","8":"tag-concello-de-ponte-caldelas","9":"tag-futbol"},"yoast_head":"<!-- This site is optimized with the Yoast SEO plugin v27.4 - https:\/\/yoast.com\/product\/yoast-seo-wordpress\/ -->\n<title>Pedro Rodr\u00edguez Souto presidente da S.C.D Ponte Caldelas -<\/title>\n<meta name=\"robots\" content=\"index, follow, max-snippet:-1, max-image-preview:large, max-video-preview:-1\" \/>\n<link rel=\"canonical\" href=\"https:\/\/www.anovapeneira.gal\/index.php\/2020\/09\/10\/pedro-rodriguez-souto-presidente-da-s-c-d-ponte-caldelas\/\" \/>\n<meta property=\"og:locale\" content=\"gl_ES\" \/>\n<meta property=\"og:type\" content=\"article\" \/>\n<meta property=\"og:title\" content=\"Pedro Rodr\u00edguez Souto presidente da S.C.D Ponte Caldelas -\" \/>\n<meta property=\"og:description\" content=\"O proxecto futbol\u00edstico de Ponte Caldelas \u00e9 e enormemente s\u00f3lido solvente. Pensado a longo prazo pois bas\u00e9ase nunha escola de f\u00fatbol que trata de formar aos nenos tanto na pr\u00e1ctica deportiva como na s\u00faa construci\u00f3n como seres humanos , intenta ao mesmo tempo crear unha vinculaci\u00f3n afectiva intensa entre o xogador e o club. N\u00f3s falamos con Pedro, o seu presidente [...]\" \/>\n<meta property=\"og:url\" content=\"https:\/\/www.anovapeneira.gal\/index.php\/2020\/09\/10\/pedro-rodriguez-souto-presidente-da-s-c-d-ponte-caldelas\/\" \/>\n<meta property=\"article:publisher\" content=\"https:\/\/www.facebook.com\/anovapeneira\" \/>\n<meta property=\"article:published_time\" content=\"2020-09-10T10:00:29+00:00\" \/>\n<meta property=\"og:image\" content=\"https:\/\/www.anovapeneira.gal\/wp-content\/uploads\/2020\/09\/SCD_ponte_caldelas_a_nova_peneira.jpg\" \/>\n\t<meta property=\"og:image:width\" content=\"720\" \/>\n\t<meta property=\"og:image:height\" content=\"432\" \/>\n\t<meta property=\"og:image:type\" content=\"image\/jpeg\" \/>\n<meta name=\"author\" content=\"Redacci\u00f3n A Nova Peneira\" \/>\n<meta name=\"twitter:card\" content=\"summary_large_image\" \/>\n<meta name=\"twitter:creator\" content=\"@APeneira\" \/>\n<meta name=\"twitter:site\" content=\"@APeneira\" \/>\n<meta name=\"twitter:label1\" content=\"Escrito por\" \/>\n\t<meta name=\"twitter:data1\" content=\"Redacci\u00f3n A Nova Peneira\" \/>\n\t<meta name=\"twitter:label2\" content=\"Tempo de lectura\" \/>\n\t<meta name=\"twitter:data2\" content=\"5 minutos\" \/>\n<script type=\"application\/ld+json\" class=\"yoast-schema-graph\">{\"@context\":\"https:\\\/\\\/schema.org\",\"@graph\":[{\"@type\":\"Article\",\"@id\":\"https:\\\/\\\/www.anovapeneira.gal\\\/index.php\\\/2020\\\/09\\\/10\\\/pedro-rodriguez-souto-presidente-da-s-c-d-ponte-caldelas\\\/#article\",\"isPartOf\":{\"@id\":\"https:\\\/\\\/www.anovapeneira.gal\\\/index.php\\\/2020\\\/09\\\/10\\\/pedro-rodriguez-souto-presidente-da-s-c-d-ponte-caldelas\\\/\"},\"author\":{\"name\":\"Redacci\u00f3n A Nova Peneira\",\"@id\":\"https:\\\/\\\/www.anovapeneira.gal\\\/#\\\/schema\\\/person\\\/b93e3f8932e3f8da96334607eb6ac6aa\"},\"headline\":\"Pedro Rodr\u00edguez Souto presidente da S.C.D Ponte Caldelas\",\"datePublished\":\"2020-09-10T10:00:29+00:00\",\"mainEntityOfPage\":{\"@id\":\"https:\\\/\\\/www.anovapeneira.gal\\\/index.php\\\/2020\\\/09\\\/10\\\/pedro-rodriguez-souto-presidente-da-s-c-d-ponte-caldelas\\\/\"},\"wordCount\":1063,\"commentCount\":0,\"publisher\":{\"@id\":\"https:\\\/\\\/www.anovapeneira.gal\\\/#organization\"},\"image\":{\"@id\":\"https:\\\/\\\/www.anovapeneira.gal\\\/index.php\\\/2020\\\/09\\\/10\\\/pedro-rodriguez-souto-presidente-da-s-c-d-ponte-caldelas\\\/#primaryimage\"},\"thumbnailUrl\":\"https:\\\/\\\/www.anovapeneira.gal\\\/wp-content\\\/uploads\\\/2020\\\/09\\\/SCD_ponte_caldelas_a_nova_peneira.jpg\",\"keywords\":[\"Concello de Ponte Caldelas\",\"F\u00fatbol\"],\"articleSection\":[\"Pontevedra\"],\"inLanguage\":\"gl-ES\",\"potentialAction\":[{\"@type\":\"CommentAction\",\"name\":\"Comment\",\"target\":[\"https:\\\/\\\/www.anovapeneira.gal\\\/index.php\\\/2020\\\/09\\\/10\\\/pedro-rodriguez-souto-presidente-da-s-c-d-ponte-caldelas\\\/#respond\"]}]},{\"@type\":\"WebPage\",\"@id\":\"https:\\\/\\\/www.anovapeneira.gal\\\/index.php\\\/2020\\\/09\\\/10\\\/pedro-rodriguez-souto-presidente-da-s-c-d-ponte-caldelas\\\/\",\"url\":\"https:\\\/\\\/www.anovapeneira.gal\\\/index.php\\\/2020\\\/09\\\/10\\\/pedro-rodriguez-souto-presidente-da-s-c-d-ponte-caldelas\\\/\",\"name\":\"Pedro Rodr\u00edguez Souto presidente da S.C.D Ponte Caldelas -\",\"isPartOf\":{\"@id\":\"https:\\\/\\\/www.anovapeneira.gal\\\/#website\"},\"primaryImageOfPage\":{\"@id\":\"https:\\\/\\\/www.anovapeneira.gal\\\/index.php\\\/2020\\\/09\\\/10\\\/pedro-rodriguez-souto-presidente-da-s-c-d-ponte-caldelas\\\/#primaryimage\"},\"image\":{\"@id\":\"https:\\\/\\\/www.anovapeneira.gal\\\/index.php\\\/2020\\\/09\\\/10\\\/pedro-rodriguez-souto-presidente-da-s-c-d-ponte-caldelas\\\/#primaryimage\"},\"thumbnailUrl\":\"https:\\\/\\\/www.anovapeneira.gal\\\/wp-content\\\/uploads\\\/2020\\\/09\\\/SCD_ponte_caldelas_a_nova_peneira.jpg\",\"datePublished\":\"2020-09-10T10:00:29+00:00\",\"breadcrumb\":{\"@id\":\"https:\\\/\\\/www.anovapeneira.gal\\\/index.php\\\/2020\\\/09\\\/10\\\/pedro-rodriguez-souto-presidente-da-s-c-d-ponte-caldelas\\\/#breadcrumb\"},\"inLanguage\":\"gl-ES\",\"potentialAction\":[{\"@type\":\"ReadAction\",\"target\":[\"https:\\\/\\\/www.anovapeneira.gal\\\/index.php\\\/2020\\\/09\\\/10\\\/pedro-rodriguez-souto-presidente-da-s-c-d-ponte-caldelas\\\/\"]}]},{\"@type\":\"ImageObject\",\"inLanguage\":\"gl-ES\",\"@id\":\"https:\\\/\\\/www.anovapeneira.gal\\\/index.php\\\/2020\\\/09\\\/10\\\/pedro-rodriguez-souto-presidente-da-s-c-d-ponte-caldelas\\\/#primaryimage\",\"url\":\"https:\\\/\\\/www.anovapeneira.gal\\\/wp-content\\\/uploads\\\/2020\\\/09\\\/SCD_ponte_caldelas_a_nova_peneira.jpg\",\"contentUrl\":\"https:\\\/\\\/www.anovapeneira.gal\\\/wp-content\\\/uploads\\\/2020\\\/09\\\/SCD_ponte_caldelas_a_nova_peneira.jpg\",\"width\":720,\"height\":432,\"caption\":\"Pedro Rodr\u00edguez Souto presidente da S.C.D Ponte Caldelas\"},{\"@type\":\"BreadcrumbList\",\"@id\":\"https:\\\/\\\/www.anovapeneira.gal\\\/index.php\\\/2020\\\/09\\\/10\\\/pedro-rodriguez-souto-presidente-da-s-c-d-ponte-caldelas\\\/#breadcrumb\",\"itemListElement\":[{\"@type\":\"ListItem\",\"position\":1,\"name\":\"Portada\",\"item\":\"https:\\\/\\\/www.anovapeneira.gal\\\/\"},{\"@type\":\"ListItem\",\"position\":2,\"name\":\"Pedro Rodr\u00edguez Souto presidente da S.C.D Ponte Caldelas\"}]},{\"@type\":\"WebSite\",\"@id\":\"https:\\\/\\\/www.anovapeneira.gal\\\/#website\",\"url\":\"https:\\\/\\\/www.anovapeneira.gal\\\/\",\"name\":\"\",\"description\":\"Xornal galego de informaci\u00f3n xeral Publicaci\u00f3n mensual de novas de Galicia e en especial dos Concellos da sur da provincia de Pontevedra.\",\"publisher\":{\"@id\":\"https:\\\/\\\/www.anovapeneira.gal\\\/#organization\"},\"potentialAction\":[{\"@type\":\"SearchAction\",\"target\":{\"@type\":\"EntryPoint\",\"urlTemplate\":\"https:\\\/\\\/www.anovapeneira.gal\\\/?s={search_term_string}\"},\"query-input\":{\"@type\":\"PropertyValueSpecification\",\"valueRequired\":true,\"valueName\":\"search_term_string\"}}],\"inLanguage\":\"gl-ES\"},{\"@type\":\"Organization\",\"@id\":\"https:\\\/\\\/www.anovapeneira.gal\\\/#organization\",\"name\":\"A Nova Peneira\",\"url\":\"https:\\\/\\\/www.anovapeneira.gal\\\/\",\"logo\":{\"@type\":\"ImageObject\",\"inLanguage\":\"gl-ES\",\"@id\":\"https:\\\/\\\/www.anovapeneira.gal\\\/#\\\/schema\\\/logo\\\/image\\\/\",\"url\":\"http:\\\/\\\/www.anovapeneira.gal\\\/wp-content\\\/uploads\\\/2019\\\/06\\\/logo_a_nova_peneira_portal_web.png\",\"contentUrl\":\"http:\\\/\\\/www.anovapeneira.gal\\\/wp-content\\\/uploads\\\/2019\\\/06\\\/logo_a_nova_peneira_portal_web.png\",\"width\":300,\"height\":100,\"caption\":\"A Nova Peneira\"},\"image\":{\"@id\":\"https:\\\/\\\/www.anovapeneira.gal\\\/#\\\/schema\\\/logo\\\/image\\\/\"},\"sameAs\":[\"https:\\\/\\\/www.facebook.com\\\/anovapeneira\",\"https:\\\/\\\/x.com\\\/APeneira\"]},{\"@type\":\"Person\",\"@id\":\"https:\\\/\\\/www.anovapeneira.gal\\\/#\\\/schema\\\/person\\\/b93e3f8932e3f8da96334607eb6ac6aa\",\"name\":\"Redacci\u00f3n A Nova Peneira\",\"image\":{\"@type\":\"ImageObject\",\"inLanguage\":\"gl-ES\",\"@id\":\"https:\\\/\\\/secure.gravatar.com\\\/avatar\\\/c052a2551a06e23fac63626232eaa90abd78dbcf1700fc46a2b2c89fd27b735f?s=96&d=mm&r=g\",\"url\":\"https:\\\/\\\/secure.gravatar.com\\\/avatar\\\/c052a2551a06e23fac63626232eaa90abd78dbcf1700fc46a2b2c89fd27b735f?s=96&d=mm&r=g\",\"contentUrl\":\"https:\\\/\\\/secure.gravatar.com\\\/avatar\\\/c052a2551a06e23fac63626232eaa90abd78dbcf1700fc46a2b2c89fd27b735f?s=96&d=mm&r=g\",\"caption\":\"Redacci\u00f3n A Nova Peneira\"},\"sameAs\":[\"http:\\\/\\\/www.anovapeneira.gal\\\/\"],\"url\":\"https:\\\/\\\/www.anovapeneira.gal\\\/index.php\\\/author\\\/redactor\\\/\"}]}<\/script>\n<!-- \/ Yoast SEO plugin. -->","yoast_head_json":{"title":"Pedro Rodr\u00edguez Souto presidente da S.C.D Ponte Caldelas -","robots":{"index":"index","follow":"follow","max-snippet":"max-snippet:-1","max-image-preview":"max-image-preview:large","max-video-preview":"max-video-preview:-1"},"canonical":"https:\/\/www.anovapeneira.gal\/index.php\/2020\/09\/10\/pedro-rodriguez-souto-presidente-da-s-c-d-ponte-caldelas\/","og_locale":"gl_ES","og_type":"article","og_title":"Pedro Rodr\u00edguez Souto presidente da S.C.D Ponte Caldelas -","og_description":"O proxecto futbol\u00edstico de Ponte Caldelas \u00e9 e enormemente s\u00f3lido solvente. Pensado a longo prazo pois bas\u00e9ase nunha escola de f\u00fatbol que trata de formar aos nenos tanto na pr\u00e1ctica deportiva como na s\u00faa construci\u00f3n como seres humanos , intenta ao mesmo tempo crear unha vinculaci\u00f3n afectiva intensa entre o xogador e o club. N\u00f3s falamos con Pedro, o seu presidente [...]","og_url":"https:\/\/www.anovapeneira.gal\/index.php\/2020\/09\/10\/pedro-rodriguez-souto-presidente-da-s-c-d-ponte-caldelas\/","article_publisher":"https:\/\/www.facebook.com\/anovapeneira","article_published_time":"2020-09-10T10:00:29+00:00","og_image":[{"width":720,"height":432,"url":"https:\/\/www.anovapeneira.gal\/wp-content\/uploads\/2020\/09\/SCD_ponte_caldelas_a_nova_peneira.jpg","type":"image\/jpeg"}],"author":"Redacci\u00f3n A Nova Peneira","twitter_card":"summary_large_image","twitter_creator":"@APeneira","twitter_site":"@APeneira","twitter_misc":{"Escrito por":"Redacci\u00f3n A Nova Peneira","Tempo de lectura":"5 minutos"},"schema":{"@context":"https:\/\/schema.org","@graph":[{"@type":"Article","@id":"https:\/\/www.anovapeneira.gal\/index.php\/2020\/09\/10\/pedro-rodriguez-souto-presidente-da-s-c-d-ponte-caldelas\/#article","isPartOf":{"@id":"https:\/\/www.anovapeneira.gal\/index.php\/2020\/09\/10\/pedro-rodriguez-souto-presidente-da-s-c-d-ponte-caldelas\/"},"author":{"name":"Redacci\u00f3n A Nova Peneira","@id":"https:\/\/www.anovapeneira.gal\/#\/schema\/person\/b93e3f8932e3f8da96334607eb6ac6aa"},"headline":"Pedro Rodr\u00edguez Souto presidente da S.C.D Ponte Caldelas","datePublished":"2020-09-10T10:00:29+00:00","mainEntityOfPage":{"@id":"https:\/\/www.anovapeneira.gal\/index.php\/2020\/09\/10\/pedro-rodriguez-souto-presidente-da-s-c-d-ponte-caldelas\/"},"wordCount":1063,"commentCount":0,"publisher":{"@id":"https:\/\/www.anovapeneira.gal\/#organization"},"image":{"@id":"https:\/\/www.anovapeneira.gal\/index.php\/2020\/09\/10\/pedro-rodriguez-souto-presidente-da-s-c-d-ponte-caldelas\/#primaryimage"},"thumbnailUrl":"https:\/\/www.anovapeneira.gal\/wp-content\/uploads\/2020\/09\/SCD_ponte_caldelas_a_nova_peneira.jpg","keywords":["Concello de Ponte Caldelas","F\u00fatbol"],"articleSection":["Pontevedra"],"inLanguage":"gl-ES","potentialAction":[{"@type":"CommentAction","name":"Comment","target":["https:\/\/www.anovapeneira.gal\/index.php\/2020\/09\/10\/pedro-rodriguez-souto-presidente-da-s-c-d-ponte-caldelas\/#respond"]}]},{"@type":"WebPage","@id":"https:\/\/www.anovapeneira.gal\/index.php\/2020\/09\/10\/pedro-rodriguez-souto-presidente-da-s-c-d-ponte-caldelas\/","url":"https:\/\/www.anovapeneira.gal\/index.php\/2020\/09\/10\/pedro-rodriguez-souto-presidente-da-s-c-d-ponte-caldelas\/","name":"Pedro Rodr\u00edguez Souto presidente da S.C.D Ponte Caldelas -","isPartOf":{"@id":"https:\/\/www.anovapeneira.gal\/#website"},"primaryImageOfPage":{"@id":"https:\/\/www.anovapeneira.gal\/index.php\/2020\/09\/10\/pedro-rodriguez-souto-presidente-da-s-c-d-ponte-caldelas\/#primaryimage"},"image":{"@id":"https:\/\/www.anovapeneira.gal\/index.php\/2020\/09\/10\/pedro-rodriguez-souto-presidente-da-s-c-d-ponte-caldelas\/#primaryimage"},"thumbnailUrl":"https:\/\/www.anovapeneira.gal\/wp-content\/uploads\/2020\/09\/SCD_ponte_caldelas_a_nova_peneira.jpg","datePublished":"2020-09-10T10:00:29+00:00","breadcrumb":{"@id":"https:\/\/www.anovapeneira.gal\/index.php\/2020\/09\/10\/pedro-rodriguez-souto-presidente-da-s-c-d-ponte-caldelas\/#breadcrumb"},"inLanguage":"gl-ES","potentialAction":[{"@type":"ReadAction","target":["https:\/\/www.anovapeneira.gal\/index.php\/2020\/09\/10\/pedro-rodriguez-souto-presidente-da-s-c-d-ponte-caldelas\/"]}]},{"@type":"ImageObject","inLanguage":"gl-ES","@id":"https:\/\/www.anovapeneira.gal\/index.php\/2020\/09\/10\/pedro-rodriguez-souto-presidente-da-s-c-d-ponte-caldelas\/#primaryimage","url":"https:\/\/www.anovapeneira.gal\/wp-content\/uploads\/2020\/09\/SCD_ponte_caldelas_a_nova_peneira.jpg","contentUrl":"https:\/\/www.anovapeneira.gal\/wp-content\/uploads\/2020\/09\/SCD_ponte_caldelas_a_nova_peneira.jpg","width":720,"height":432,"caption":"Pedro Rodr\u00edguez Souto presidente da S.C.D Ponte Caldelas"},{"@type":"BreadcrumbList","@id":"https:\/\/www.anovapeneira.gal\/index.php\/2020\/09\/10\/pedro-rodriguez-souto-presidente-da-s-c-d-ponte-caldelas\/#breadcrumb","itemListElement":[{"@type":"ListItem","position":1,"name":"Portada","item":"https:\/\/www.anovapeneira.gal\/"},{"@type":"ListItem","position":2,"name":"Pedro Rodr\u00edguez Souto presidente da S.C.D Ponte Caldelas"}]},{"@type":"WebSite","@id":"https:\/\/www.anovapeneira.gal\/#website","url":"https:\/\/www.anovapeneira.gal\/","name":"","description":"Xornal galego de informaci\u00f3n xeral Publicaci\u00f3n mensual de novas de Galicia e en especial dos Concellos da sur da provincia de Pontevedra.","publisher":{"@id":"https:\/\/www.anovapeneira.gal\/#organization"},"potentialAction":[{"@type":"SearchAction","target":{"@type":"EntryPoint","urlTemplate":"https:\/\/www.anovapeneira.gal\/?s={search_term_string}"},"query-input":{"@type":"PropertyValueSpecification","valueRequired":true,"valueName":"search_term_string"}}],"inLanguage":"gl-ES"},{"@type":"Organization","@id":"https:\/\/www.anovapeneira.gal\/#organization","name":"A Nova Peneira","url":"https:\/\/www.anovapeneira.gal\/","logo":{"@type":"ImageObject","inLanguage":"gl-ES","@id":"https:\/\/www.anovapeneira.gal\/#\/schema\/logo\/image\/","url":"http:\/\/www.anovapeneira.gal\/wp-content\/uploads\/2019\/06\/logo_a_nova_peneira_portal_web.png","contentUrl":"http:\/\/www.anovapeneira.gal\/wp-content\/uploads\/2019\/06\/logo_a_nova_peneira_portal_web.png","width":300,"height":100,"caption":"A Nova Peneira"},"image":{"@id":"https:\/\/www.anovapeneira.gal\/#\/schema\/logo\/image\/"},"sameAs":["https:\/\/www.facebook.com\/anovapeneira","https:\/\/x.com\/APeneira"]},{"@type":"Person","@id":"https:\/\/www.anovapeneira.gal\/#\/schema\/person\/b93e3f8932e3f8da96334607eb6ac6aa","name":"Redacci\u00f3n A Nova Peneira","image":{"@type":"ImageObject","inLanguage":"gl-ES","@id":"https:\/\/secure.gravatar.com\/avatar\/c052a2551a06e23fac63626232eaa90abd78dbcf1700fc46a2b2c89fd27b735f?s=96&d=mm&r=g","url":"https:\/\/secure.gravatar.com\/avatar\/c052a2551a06e23fac63626232eaa90abd78dbcf1700fc46a2b2c89fd27b735f?s=96&d=mm&r=g","contentUrl":"https:\/\/secure.gravatar.com\/avatar\/c052a2551a06e23fac63626232eaa90abd78dbcf1700fc46a2b2c89fd27b735f?s=96&d=mm&r=g","caption":"Redacci\u00f3n A Nova Peneira"},"sameAs":["http:\/\/www.anovapeneira.gal\/"],"url":"https:\/\/www.anovapeneira.gal\/index.php\/author\/redactor\/"}]}},"jetpack_featured_media_url":"https:\/\/www.anovapeneira.gal\/wp-content\/uploads\/2020\/09\/SCD_ponte_caldelas_a_nova_peneira.jpg","_links":{"self":[{"href":"https:\/\/www.anovapeneira.gal\/index.php\/wp-json\/wp\/v2\/posts\/3875","targetHints":{"allow":["GET"]}}],"collection":[{"href":"https:\/\/www.anovapeneira.gal\/index.php\/wp-json\/wp\/v2\/posts"}],"about":[{"href":"https:\/\/www.anovapeneira.gal\/index.php\/wp-json\/wp\/v2\/types\/post"}],"author":[{"embeddable":true,"href":"https:\/\/www.anovapeneira.gal\/index.php\/wp-json\/wp\/v2\/users\/3"}],"replies":[{"embeddable":true,"href":"https:\/\/www.anovapeneira.gal\/index.php\/wp-json\/wp\/v2\/comments?post=3875"}],"version-history":[{"count":1,"href":"https:\/\/www.anovapeneira.gal\/index.php\/wp-json\/wp\/v2\/posts\/3875\/revisions"}],"predecessor-version":[{"id":3877,"href":"https:\/\/www.anovapeneira.gal\/index.php\/wp-json\/wp\/v2\/posts\/3875\/revisions\/3877"}],"wp:featuredmedia":[{"embeddable":true,"href":"https:\/\/www.anovapeneira.gal\/index.php\/wp-json\/wp\/v2\/media\/3876"}],"wp:attachment":[{"href":"https:\/\/www.anovapeneira.gal\/index.php\/wp-json\/wp\/v2\/media?parent=3875"}],"wp:term":[{"taxonomy":"category","embeddable":true,"href":"https:\/\/www.anovapeneira.gal\/index.php\/wp-json\/wp\/v2\/categories?post=3875"},{"taxonomy":"post_tag","embeddable":true,"href":"https:\/\/www.anovapeneira.gal\/index.php\/wp-json\/wp\/v2\/tags?post=3875"}],"curies":[{"name":"wp","href":"https:\/\/api.w.org\/{rel}","templated":true}]}}