{"id":3883,"date":"2020-09-11T10:00:05","date_gmt":"2020-09-11T08:00:05","guid":{"rendered":"http:\/\/www.anovapeneira.gal\/?p=3883"},"modified":"2020-09-10T07:52:21","modified_gmt":"2020-09-10T05:52:21","slug":"eva-de-la-torre-alcaldesa-de-o-porrino","status":"publish","type":"post","link":"https:\/\/www.anovapeneira.gal\/index.php\/2020\/09\/11\/eva-de-la-torre-alcaldesa-de-o-porrino\/","title":{"rendered":"Eva De La Torre Alcaldesa de O Porri\u00f1o"},"content":{"rendered":"\n<h3 class=\"wp-block-heading\"><strong>Un ano m\u00e1is acheg\u00e1monos ata o Concello de O Porri\u00f1o, para conversar con Eva, a s\u00faa alcaldesa. Vela\u00ed vai o que deu se di a nosa conversa<\/strong><\/h3>\n\n\n\n<h2 class=\"wp-block-heading\">\u201c<strong>NON PODE HABER NORMALIDADE NAS RELACI\u00d3NS CO PP CANDO AO QUE SE DEDICAN ELES CONTINUAMENTE \u00c9 A TENTAR METERME NO C\u00c1RCERE\u201d<\/strong><\/h2>\n\n\n\n<p><strong>O ano pr\u00f3ximo toca celebrar a IV gala de entrega de premios A Nova Peneira, que como sempre faremos no Porri\u00f1o. Supo\u00f1o que, como nas anteriores, contaremos coa t\u00faa compa\u00f1\u00eda para inaugurala?<\/strong><\/p>\n\n\n\n<blockquote class=\"wp-block-quote is-layout-flow wp-block-quote-is-layout-flow\"><p>Por suposto que si, e como xa che dixen m\u00e1is veces, o voso empe\u00f1o en tirar para adiante cun xornal independente e plural, cun acento especial na defensa da identidade e da cultura de Galicia, \u00e9 encomiable. \u00c9 para min un orgullo que sempre escollades a O Porri\u00f1o como sede das vosas galas, e ser\u00e1 un pracer, inaugurala.<\/p><\/blockquote>\n\n\n\n<p><strong>As circunstancias sanitarias excepcionais fan que este sexa un ano dur\u00edsimo. Como o estades a vivir no Porri\u00f1o?<\/strong><\/p>\n\n\n\n<blockquote class=\"wp-block-quote is-layout-flow wp-block-quote-is-layout-flow\"><p>Con moita inquietude polas consecuencias sanitarias e socio econ\u00f3micas, con enorme dor pola inmensidade de mortes que causa esta pandemia e con profunda solidariedade por todas as v\u00edtimas, as s\u00faas familias e en xeral por todas as persoas \u00e1s que estas circunstancias lles provocou dor e sufrimento. As consecuencias econ\u00f3micas te\u00f1en moi mala pinta, n\u00f3s, no noso concello no que ao desemprego se refire estamos resistindo razoablemente ben, pero o \u00faltimo trimestre do ano tenme moi preocupada. Veremos como se desenvolven os acontecementos<\/p><\/blockquote>\n\n\n\n<p><strong>Despois das primeiras semanas da desescalada, que semellaban tranquilas pronto comezaron a espallarse os brotes con moita virulencia. Un dos primeiros na nosa \u00e1rea de influencia foi en Porri\u00f1o. Que sabemos das persoas afectadas?<\/strong><\/p>\n\n\n\n<blockquote class=\"wp-block-quote is-layout-flow wp-block-quote-is-layout-flow\"><p>Afortunadamente est\u00e1 controlado .Foi nun n\u00facleo familiar e as persoas afectadas pasaron a enfermidade sen maiores consecuencias. Sabemos que nalgunha empresa houbo alg\u00fan afectado, pero en Porri\u00f1o, de momento, a situaci\u00f3n vai ben<\/p><\/blockquote>\n\n\n\n<p><strong>Est\u00e1s contenta en xeral do grao de civismo da poboaci\u00f3n porri\u00f1esa?<\/strong><\/p>\n\n\n\n<blockquote class=\"wp-block-quote is-layout-flow wp-block-quote-is-layout-flow\"><p>Si, en xeral si. S\u00f3 abonda con dar un paseo por calquera dos nosos barrios para constatar como a inmensa maior\u00eda da veci\u00f1anza cumpre coas instruci\u00f3ns de seguridade das autoridades sanitarias.<\/p><\/blockquote>\n\n\n\n<p><strong>Por\u00e9n, eu lembro un control de seguridade que fixo a polic\u00eda local a finais de xullo e creo que multaron arredor de 100 persoas por non levar a mascara?<\/strong><\/p>\n\n\n\n<blockquote class=\"wp-block-quote is-layout-flow wp-block-quote-is-layout-flow\"><p>Xa, \u00e1s veces por desgraza estas cousas son necesarias para que as persoas nos concienciemos da necesidade de protexernos n\u00f3s, para protexer a todos. Eu mesma, en ocasi\u00f3ns esquezo po\u00f1ela, pero non queda outra que\u00a0afacerse. \u00c9 como o cinto de seguridade, imprescindible para salvar vidas<\/p><\/blockquote>\n\n\n\n<p><strong>Nalg\u00fan concello dinme que est\u00e1n moi preocupados porque o n\u00famero de familias que requiren da asistencia social para atender \u00e1s s\u00faas necesidades m\u00e1is b\u00e1sicas aumenta a pasos axigantados. No teu concello?<\/strong><\/p>\n\n\n\n<blockquote class=\"wp-block-quote is-layout-flow wp-block-quote-is-layout-flow\"><p>N\u00f3s fixemos unha modificaci\u00f3n orzamentaria de partidas para aspectos non imprescindibles para a vida, para podermos aumentar a dotaci\u00f3n destinada \u00e1 emerxencia social. N\u00f3s atendiamos, antes da pandemia a 160 familias que acud\u00edan ao banco de alimentos, e agora mesmo atendemos a arredor de 500.<\/p><\/blockquote>\n\n\n\n<p><strong>Que barbaridade\u00a1\u00a1<\/strong><\/p>\n\n\n\n<blockquote class=\"wp-block-quote is-layout-flow wp-block-quote-is-layout-flow\"><p>A verdade \u00e9 que si. E lev\u00e1molo razoablemente ben porque o concelleiro de servizos sociais David Bargiela, fai un traballo de enorme calidade conseguindo doaz\u00f3ns de alimentos de moitas empresas<\/p><\/blockquote>\n\n\n\n<p><strong>Que che pasou no estado de alarma cos veci\u00f1os de Mos, non lles quer\u00edas deixar comprar no Porri\u00f1o?<\/strong><\/p>\n\n\n\n<blockquote class=\"wp-block-quote is-layout-flow wp-block-quote-is-layout-flow\"><p>Eu creo que a Nidia o que lle pasou \u00e9 que estaba cabreada comigo polas alegaci\u00f3ns que fixemos contra a cidade deportiva, pero \u00e9 que tivemos que facelas para defender os intereses de O Porri\u00f1o porque temos raz\u00f3n. Pero a ela pareceulle fatal e declaroume \u201cinimiga hostil\u201d. O d\u00eda dos feitos era festivo en Vigo, o d\u00eda 28 de marzo, e a subdelegaci\u00f3n do goberno decidiu reforzar a seguridade coa BRILAT e a garda civil que eran os que ti\u00f1an o mando, e quen ao parar aos autom\u00f3biles dirix\u00edan aos ocupantes ao supermercado m\u00e1is pr\u00f3ximo ao seus domicilios. No estado de alarma, a seguridade non entra nas competencias dun concello.<\/p><\/blockquote>\n\n\n\n<p><strong>Que tal as relaci\u00f3ns co teu socio de goberno, o BNG, e que tal as tes con Eu Son e o PP?<\/strong><\/p>\n\n\n\n<blockquote class=\"wp-block-quote is-layout-flow wp-block-quote-is-layout-flow\"><p>No que respecta ao noso socio estou encantada, con ela e con el tam\u00e9n. \u00c9 un luxo ter un concelleiro coa solvencia o rigor e a dedicaci\u00f3n de Pedro Pereira. En canto a Esquerda unida moito criticar pero facer moi pouco. Non \u00e9 compresible que despois dun ano de votar a investidura, pidan a mi\u00f1a dimisi\u00f3n, cham\u00e1ndome ilex\u00edtima. E dende logo e moi doloroso que un partido de esquerdas, o que se lle sup\u00f3n unha empat\u00eda especial ante situaci\u00f3ns de inxustiza, sinale na nota na que piden a mi\u00f1a dimisi\u00f3n, que as mi\u00f1as continuas faltas de asistencia no lles interesa o por que, sabendo como sab\u00edan que estaba de baixa por enfermidade, e non leve precisamente. A falta dun proxecto viable, transversal e inclusivo para Porri\u00f1o por parte de EU Son refl\u00edctese nesa forma de actuar, espallando de forma incontrolada culpas para todos os que non lle bailan a auga.<\/p><\/blockquote>\n\n\n\n<p><strong>Xa tes bo rollo con Alejandro?<\/strong><\/p>\n\n\n\n<blockquote class=\"wp-block-quote is-layout-flow wp-block-quote-is-layout-flow\"><p>Eu non podo ter \u201cbo rollo\u201d cunha persoa cuxo obxectivo pol\u00edtico \u00e9 a destruci\u00f3n do adversario pol\u00edtico. Como sexa. Non hai m\u00e1is proxecto.\u00a0<\/p><\/blockquote>\n\n\n\n<blockquote class=\"wp-block-quote is-layout-flow wp-block-quote-is-layout-flow\"><p>Como exemplo: o feito de que permanentemente, sen importarlle a quen perxudica, si ao Concello ou a empresarios, que noutros tempos lles apoiaron, e que necesitan que se lles aboen o cartos que o Concello lles debe. Da igual. Se iso serve para p\u00f3r en dubida a honestidade de que lles fala: vale. Se iso debilita ao goberno: v\u00e1lelles. Si iso fai que Eu Son compre seu discurso e retire o apoio ao Goberno: v\u00e1lelles.<\/p><\/blockquote>\n\n\n\n<blockquote class=\"wp-block-quote is-layout-flow wp-block-quote-is-layout-flow\"><p>A gobernanza, a inquedanza polos problemas da veci\u00f1anza non ten importancia. O que importa e o asalto ao poder como sexa.\u00a0<\/p><\/blockquote>\n\n\n\n<p><strong>Ent\u00f3n as relaci\u00f3ns co PP seguen estando tensas?<\/strong><\/p>\n\n\n\n<p>As relaci\u00f3ns con PP ser\u00e1n tensas se o seu proxecto e de destruci\u00f3n e non construtivo. Sirva este incidente coma exemplo: Como acordo de goberno co BNG, decidimos delegar a competencia en materia de compravenda de inm\u00f3beis, permuta, etc., no pleno, co fin de que este tivera co\u00f1ecemento dende o primeiro minuto sobre o expediente, o non esperara a ver os Decretos de Alcald\u00eda. As\u00ed levamos a pleno un expediente para a venda dunha parcela e o PP votou en contra por non ter a informaci\u00f3n de cal era a empresa \u00e1 que se lle \u00eda adxudicar. Isto e un exemplo claro do tipo de oposici\u00f3n que fan. Oposici\u00f3n que dende logo ningu\u00e9n entende e menos comparte.<\/p>\n\n\n\n<blockquote class=\"wp-block-quote is-layout-flow wp-block-quote-is-layout-flow\"><p>Non pode haber normalidade cando o PP exclusivamente ded\u00edcase a intentar meterme no c\u00e1rcere, sen ning\u00fan tipo de raz\u00f3n, que quede claro. Eu te\u00f1o pendente m\u00e1is de 17 denuncias realizadas polo PP contra a mi\u00f1a persoa. Dende o 2.015 o obxectivo do PP \u00e9 destru\u00edrme e non politicamente<\/p><\/blockquote>\n\n\n\n<p><strong>E logo?<\/strong><\/p>\n\n\n\n<blockquote class=\"wp-block-quote is-layout-flow wp-block-quote-is-layout-flow\"><p>Destru\u00edr ao adversario pol\u00edtico, como sexa, levando ao Xulgado calquera actuaci\u00f3n desta alcaldesa \u00e9 un xeito de facer imposible a vida pol\u00edtica. Instala hostilidade nalg\u00fans dos seus seguidores e \u00e1s veces o ambiente e irrespirable.<\/p><\/blockquote>\n\n\n\n<p><strong>Hai facturas duplicadas?<\/strong><\/p>\n\n\n\n<blockquote class=\"wp-block-quote is-layout-flow wp-block-quote-is-layout-flow\"><p>Non, claro que non, rotundamente non. O que pasa \u00e9 que n\u00f3s a factura que se refira a un servizo do que non temos constancia absoluta de que se executara, non a podemos pagar. Neses casos devolv\u00e9mola e en ocasi\u00f3ns algunha empresas v\u00f3lvea presentar , por iso pode aparecer d\u00faas veces. Esa conclusi\u00f3n tir\u00e1mola dunha auditor\u00eda de intervenci\u00f3n que determinou con claridade que de duplicidade de facturas non hai absolutamente nada. E todo ese veleno que de maneira sistem\u00e1tica vai inserindo o PP na sociedade crea o caldo de cultivo para que a xente que non ten filtros poida facer cousas espantosa<\/p><\/blockquote>\n\n\n\n<p><strong>E os insultos e agresi\u00f3ns verbais que sufriches no primeiro mandato contin\u00faan?<\/strong><\/p>\n\n\n\n<blockquote class=\"wp-block-quote is-layout-flow wp-block-quote-is-layout-flow\"><p>Si, si contin\u00faan. Ao inicio deste mandato cando tomamos posesi\u00f3n Manuel Carrera, Pedro Pereira e os concelleiros de Esquerda Unida, \u00e9 dicir, os que votaron a favor de investirme como alcaldesa recibiron insultos grav\u00edsimos e tivemos que soportar unha agresividade en grao superlativo. E eu mesmo sufr\u00edn un intento de agresi\u00f3n f\u00edsica contra a mi\u00f1a persoa. E non che quero dicir como est\u00e1n as redes sociais, cunha virulencia enorme, inspirada por quen asesora a Alejandro de que siga por ese cami\u00f1o<\/p><\/blockquote>\n\n\n\n<p><strong>Quen asesora a Alejandro?<\/strong><\/p>\n\n\n\n<blockquote class=\"wp-block-quote is-layout-flow wp-block-quote-is-layout-flow\"><p>Non o sei, cada un que saque as s\u00faas conclusi\u00f3ns. A min chegaron a chamarme &#8221; rata de d\u00faas patas\u201d e ese \u00e9 un s\u00f3 dos moitos insultos recibidos e o PP s\u00e1beo e nunca fixo nada por cortalo. Te\u00f1o un dosier enorme dos insultos e descualificaci\u00f3ns que me dedicou unha persoa pr\u00f3xima ao PP, e que ostentou un cargo neste concello, dese modo non \u00e9 posible ter unha relaci\u00f3n normal.<\/p><\/blockquote>\n\n\n\n<p><strong>Est\u00e1s arrepentida de terlle chamado \u201ccabr\u00f3n\u201d ao l\u00edder do PP?<\/strong><\/p>\n\n\n\n<blockquote class=\"wp-block-quote is-layout-flow wp-block-quote-is-layout-flow\"><p>Si, estou arrepentida. Non te\u00f1o xustificaci\u00f3n, tiven que morderme a lingua a pesares da continua provocaci\u00f3n do l\u00edder da oposici\u00f3n no pleno, que era o que buscaba, que eu saltara. E tivo todo o \u00e9xito. Deb\u00edn votalo do pleno e non darlle a vantaxe de por o acento no meu insulto sen que ningu\u00e9n lle afeara o seu.<\/p><\/blockquote>\n\n\n\n<p><strong>Ben supo\u00f1o, que algu\u00e9n si que che defender\u00eda?<\/strong><\/p>\n\n\n\n<blockquote class=\"wp-block-quote is-layout-flow wp-block-quote-is-layout-flow\"><p>Ademais dos meus amigos, e a xente que quero e que me quere, s\u00f3 Manuela Carmena, a ex alcaldesa de Madrid, \u00e1 que eu estou enormemente agradecida pola s\u00faa valent\u00eda.<\/p><\/blockquote>\n\n\n\n<p><strong>F\u00e1lanos do Son da Canteira e do Festival de Cans?<\/strong><\/p>\n\n\n\n<blockquote class=\"wp-block-quote is-layout-flow wp-block-quote-is-layout-flow\"><p>Con todas as precauci\u00f3ns do mundo fixemos o Son da Canteira, que resultou un aut\u00e9ntico \u00e9xito. Sa\u00edu todo moi ben e estivo todo moi controlado. En canto a Cans fixemos moit\u00edsimo fincap\u00e9 nos protocolos de control de acceso, de seguridade e de actuaci\u00f3n en xeral para que non haxa ning\u00fan problema. Eu creo que est\u00e1 ben dese\u00f1ado e salvo que haxa un empeoramento das restrici\u00f3ns eu creo que se vai celebrar, e agardo que saia todo ben.<\/p><\/blockquote>\n\n\n\n<p><strong>Que pasou co aparcadoiro de cami\u00f3ns fronte ao restaurante Castro?<\/strong><\/p>\n\n\n\n<blockquote class=\"wp-block-quote is-layout-flow wp-block-quote-is-layout-flow\"><p>Hai unha ordenanza municipal feita por Nelson Santos, na que prohiben aparcar al\u00ed. E a n\u00f3s non nos queda m\u00e1is remedio que aplicala. Se fixeramos a vista gorda estariamos prevaricando.<\/p><\/blockquote>\n\n\n\n<p><strong>Que actuaci\u00f3ns fixo o teu goberno para mellorar Torneiros?<\/strong><\/p>\n\n\n\n<blockquote class=\"wp-block-quote is-layout-flow wp-block-quote-is-layout-flow\"><p>Moitas: Remodelamos parques, recuperamos terreos para o lecer da veci\u00f1anza. Na fase I solucionamos un grave problema de afundimento e filtraci\u00f3ns. Temos un proxecto para facer un aparcamento en bater\u00eda cerca da garda civil. Imos arranxar a cultural que est\u00e1 no parque do lindano, imos arranxar as pistas deportivas, e nos antigos vestiarios que est\u00e1n derru\u00eddos e constit\u00faen un foco de marxinalidade imos facer unha pista de skate. Estamos tratando de chegar a un acordo para retirar as torres de alta tensi\u00f3n, e temos a intenci\u00f3n de trasladar al\u00ed servizos municipais.<\/p><\/blockquote>\n\n\n\n<p><strong>Cando se produza o hist\u00f3rico derbi Atios Pontellas en 3\u00ba divisi\u00f3n, con quen vai ir a alcaldesa?<\/strong><\/p>\n\n\n\n<blockquote class=\"wp-block-quote is-layout-flow wp-block-quote-is-layout-flow\"><p>Eu vou con Porri\u00f1o.<\/p><\/blockquote>\n\n\n\n<p><strong>Pero o Porri\u00f1o industrial non est\u00e1 en 3\u00ba?<\/strong><\/p>\n\n\n\n<blockquote class=\"wp-block-quote is-layout-flow wp-block-quote-is-layout-flow\"><p>Ha ha ha ha. Non digo co Porri\u00f1o Industrial, eu vou con Porri\u00f1o. Non vou moito ao f\u00fatbol, pero algo tan importante para Porri\u00f1o como que dous equipos do noso pobo disputen un derbi en 3\u00ba divisi\u00f3n, procurarei non perdermo.<\/p><\/blockquote>\n\n\n\n<p><strong>Vaia decepci\u00f3n o resultado das auton\u00f3micas?<\/strong><\/p>\n\n\n\n<blockquote class=\"wp-block-quote is-layout-flow wp-block-quote-is-layout-flow\"><p>Con todo o cari\u00f1o para Gonzalo Caballero, v\u00edase vir. O PSdG durante a pandemia estivo desaparecido e deix\u00e1moslle todo o espazo a Feijoo, que ten unha habilidade enorme en quedar ben sen facer nada. O presidente \u00e9 especialista en lavar as mans, o problema sempre \u00e9 para o goberno central ou para os concellos. O seu \u00e9 escorrer o vulto<\/p><\/blockquote>\n\n\n\n<p><strong>\u00cddevos cargar a Gonzalo Caballero, ou vai ter outra oportunidade?<\/strong><\/p>\n\n\n\n<blockquote class=\"wp-block-quote is-layout-flow wp-block-quote-is-layout-flow\"><p>Eu creo que o PSdG debe apostar por un proxecto e darlle continuidade. Non podemos estar queimando xente continuamente porque o bloque c\u00f3menos. Agora ben, Gonzalo debera rodearse dun equipo que lle asesore para ter unha presenza moito m\u00e1is intensa. E un proxecto e un discurso que conecte coa cidadan\u00eda. Hai que ir ao concreto. Que est\u00e1 a pasar na educaci\u00f3n, que est\u00e1 a pasar na sanidade, en que gastou a Xunta os cartos que lle deu o Goberno, cantos sanitarios mais temos, hasta cando vamos a ter que aguantar a telemedicina. Canto vamos a soportar os recortes en servicios esenciais, nunha educaci\u00f3n de calidade, e investir de forma significativa en pol\u00edticas que fomenten a igualdade de oportunidades. Medio Ambiente, novas tecnolox\u00edas, transporte, sanidade, fenda tecnol\u00f3xica. Ten responsabilidade, ten medios, ten que facelo e nos dende a nosa parte temos que obrigarlles a retratarse. Pero sobre par\u00e1metros de realidade. Non estamos no \u00e1mbito de abstracci\u00f3n, sino no \u00e1mbito da realidade, do que nos afecta, do que nos atinxe.<\/p><\/blockquote>\n","protected":false},"excerpt":{"rendered":"<div class=\"mh-excerpt\"><p>Un ano m\u00e1is acheg\u00e1monos ata o Concello de O Porri\u00f1o, para conversar con Eva, a s\u00faa alcaldesa. Vela\u00ed vai o que deu se di a nosa conversa <a class=\"mh-excerpt-more\" href=\"https:\/\/www.anovapeneira.gal\/index.php\/2020\/09\/11\/eva-de-la-torre-alcaldesa-de-o-porrino\/\" title=\"Eva De La Torre Alcaldesa de O Porri\u00f1o\">[&#8230;]<\/a><\/p>\n<\/div>","protected":false},"author":3,"featured_media":3884,"comment_status":"open","ping_status":"open","sticky":false,"template":"","format":"standard","meta":{"_exactmetrics_skip_tracking":false,"_exactmetrics_sitenote_active":false,"_exactmetrics_sitenote_note":"","_exactmetrics_sitenote_category":0,"footnotes":""},"categories":[23],"tags":[1192],"class_list":{"0":"post-3883","1":"post","2":"type-post","3":"status-publish","4":"format-standard","5":"has-post-thumbnail","7":"category-a-lourina","8":"tag-concello-de-o-porrino"},"yoast_head":"<!-- This site is optimized with the Yoast SEO plugin v27.4 - https:\/\/yoast.com\/product\/yoast-seo-wordpress\/ -->\n<title>Eva De La Torre Alcaldesa de O Porri\u00f1o -<\/title>\n<meta name=\"description\" content=\"non pode haber normalidade nas relaci\u00f3ns co PP cando ao que se dedican eles continuamente \u00e9 a tentar meterme no c\u00e1rcere\" \/>\n<meta name=\"robots\" content=\"index, follow, max-snippet:-1, max-image-preview:large, max-video-preview:-1\" \/>\n<link rel=\"canonical\" href=\"https:\/\/www.anovapeneira.gal\/index.php\/2020\/09\/11\/eva-de-la-torre-alcaldesa-de-o-porrino\/\" \/>\n<meta property=\"og:locale\" content=\"gl_ES\" \/>\n<meta property=\"og:type\" content=\"article\" \/>\n<meta property=\"og:title\" content=\"Eva De La Torre Alcaldesa de O Porri\u00f1o -\" \/>\n<meta property=\"og:description\" content=\"non pode haber normalidade nas relaci\u00f3ns co PP cando ao que se dedican eles continuamente \u00e9 a tentar meterme no c\u00e1rcere\" \/>\n<meta property=\"og:url\" content=\"https:\/\/www.anovapeneira.gal\/index.php\/2020\/09\/11\/eva-de-la-torre-alcaldesa-de-o-porrino\/\" \/>\n<meta property=\"article:publisher\" content=\"https:\/\/www.facebook.com\/anovapeneira\" \/>\n<meta property=\"article:published_time\" content=\"2020-09-11T08:00:05+00:00\" \/>\n<meta property=\"og:image\" content=\"https:\/\/www.anovapeneira.gal\/wp-content\/uploads\/2020\/09\/eva_torre_alcaldesa_porrino_a_nova_peneira.jpg\" \/>\n\t<meta property=\"og:image:width\" content=\"720\" \/>\n\t<meta property=\"og:image:height\" content=\"432\" \/>\n\t<meta property=\"og:image:type\" content=\"image\/jpeg\" \/>\n<meta name=\"author\" content=\"Redacci\u00f3n A Nova Peneira\" \/>\n<meta name=\"twitter:card\" content=\"summary_large_image\" \/>\n<meta name=\"twitter:creator\" content=\"@APeneira\" \/>\n<meta name=\"twitter:site\" content=\"@APeneira\" \/>\n<meta name=\"twitter:label1\" content=\"Escrito por\" \/>\n\t<meta name=\"twitter:data1\" content=\"Redacci\u00f3n A Nova Peneira\" \/>\n\t<meta name=\"twitter:label2\" content=\"Tempo de lectura\" \/>\n\t<meta name=\"twitter:data2\" content=\"11 minutos\" \/>\n<script type=\"application\/ld+json\" class=\"yoast-schema-graph\">{\"@context\":\"https:\\\/\\\/schema.org\",\"@graph\":[{\"@type\":\"Article\",\"@id\":\"https:\\\/\\\/www.anovapeneira.gal\\\/index.php\\\/2020\\\/09\\\/11\\\/eva-de-la-torre-alcaldesa-de-o-porrino\\\/#article\",\"isPartOf\":{\"@id\":\"https:\\\/\\\/www.anovapeneira.gal\\\/index.php\\\/2020\\\/09\\\/11\\\/eva-de-la-torre-alcaldesa-de-o-porrino\\\/\"},\"author\":{\"name\":\"Redacci\u00f3n A Nova Peneira\",\"@id\":\"https:\\\/\\\/www.anovapeneira.gal\\\/#\\\/schema\\\/person\\\/b93e3f8932e3f8da96334607eb6ac6aa\"},\"headline\":\"Eva De La Torre Alcaldesa de O Porri\u00f1o\",\"datePublished\":\"2020-09-11T08:00:05+00:00\",\"mainEntityOfPage\":{\"@id\":\"https:\\\/\\\/www.anovapeneira.gal\\\/index.php\\\/2020\\\/09\\\/11\\\/eva-de-la-torre-alcaldesa-de-o-porrino\\\/\"},\"wordCount\":2264,\"commentCount\":0,\"publisher\":{\"@id\":\"https:\\\/\\\/www.anovapeneira.gal\\\/#organization\"},\"image\":{\"@id\":\"https:\\\/\\\/www.anovapeneira.gal\\\/index.php\\\/2020\\\/09\\\/11\\\/eva-de-la-torre-alcaldesa-de-o-porrino\\\/#primaryimage\"},\"thumbnailUrl\":\"https:\\\/\\\/www.anovapeneira.gal\\\/wp-content\\\/uploads\\\/2020\\\/09\\\/eva_torre_alcaldesa_porrino_a_nova_peneira.jpg\",\"keywords\":[\"Concello de O Porri\u00f1o\"],\"articleSection\":[\"A Louri\u00f1a\"],\"inLanguage\":\"gl-ES\",\"potentialAction\":[{\"@type\":\"CommentAction\",\"name\":\"Comment\",\"target\":[\"https:\\\/\\\/www.anovapeneira.gal\\\/index.php\\\/2020\\\/09\\\/11\\\/eva-de-la-torre-alcaldesa-de-o-porrino\\\/#respond\"]}]},{\"@type\":\"WebPage\",\"@id\":\"https:\\\/\\\/www.anovapeneira.gal\\\/index.php\\\/2020\\\/09\\\/11\\\/eva-de-la-torre-alcaldesa-de-o-porrino\\\/\",\"url\":\"https:\\\/\\\/www.anovapeneira.gal\\\/index.php\\\/2020\\\/09\\\/11\\\/eva-de-la-torre-alcaldesa-de-o-porrino\\\/\",\"name\":\"Eva De La Torre Alcaldesa de O Porri\u00f1o -\",\"isPartOf\":{\"@id\":\"https:\\\/\\\/www.anovapeneira.gal\\\/#website\"},\"primaryImageOfPage\":{\"@id\":\"https:\\\/\\\/www.anovapeneira.gal\\\/index.php\\\/2020\\\/09\\\/11\\\/eva-de-la-torre-alcaldesa-de-o-porrino\\\/#primaryimage\"},\"image\":{\"@id\":\"https:\\\/\\\/www.anovapeneira.gal\\\/index.php\\\/2020\\\/09\\\/11\\\/eva-de-la-torre-alcaldesa-de-o-porrino\\\/#primaryimage\"},\"thumbnailUrl\":\"https:\\\/\\\/www.anovapeneira.gal\\\/wp-content\\\/uploads\\\/2020\\\/09\\\/eva_torre_alcaldesa_porrino_a_nova_peneira.jpg\",\"datePublished\":\"2020-09-11T08:00:05+00:00\",\"description\":\"non pode haber normalidade nas relaci\u00f3ns co PP cando ao que se dedican eles continuamente \u00e9 a tentar meterme no c\u00e1rcere\",\"breadcrumb\":{\"@id\":\"https:\\\/\\\/www.anovapeneira.gal\\\/index.php\\\/2020\\\/09\\\/11\\\/eva-de-la-torre-alcaldesa-de-o-porrino\\\/#breadcrumb\"},\"inLanguage\":\"gl-ES\",\"potentialAction\":[{\"@type\":\"ReadAction\",\"target\":[\"https:\\\/\\\/www.anovapeneira.gal\\\/index.php\\\/2020\\\/09\\\/11\\\/eva-de-la-torre-alcaldesa-de-o-porrino\\\/\"]}]},{\"@type\":\"ImageObject\",\"inLanguage\":\"gl-ES\",\"@id\":\"https:\\\/\\\/www.anovapeneira.gal\\\/index.php\\\/2020\\\/09\\\/11\\\/eva-de-la-torre-alcaldesa-de-o-porrino\\\/#primaryimage\",\"url\":\"https:\\\/\\\/www.anovapeneira.gal\\\/wp-content\\\/uploads\\\/2020\\\/09\\\/eva_torre_alcaldesa_porrino_a_nova_peneira.jpg\",\"contentUrl\":\"https:\\\/\\\/www.anovapeneira.gal\\\/wp-content\\\/uploads\\\/2020\\\/09\\\/eva_torre_alcaldesa_porrino_a_nova_peneira.jpg\",\"width\":720,\"height\":432,\"caption\":\"Eva De La Torre Alcaldesa de O Porri\u00f1o\"},{\"@type\":\"BreadcrumbList\",\"@id\":\"https:\\\/\\\/www.anovapeneira.gal\\\/index.php\\\/2020\\\/09\\\/11\\\/eva-de-la-torre-alcaldesa-de-o-porrino\\\/#breadcrumb\",\"itemListElement\":[{\"@type\":\"ListItem\",\"position\":1,\"name\":\"Portada\",\"item\":\"https:\\\/\\\/www.anovapeneira.gal\\\/\"},{\"@type\":\"ListItem\",\"position\":2,\"name\":\"Eva De La Torre Alcaldesa de O Porri\u00f1o\"}]},{\"@type\":\"WebSite\",\"@id\":\"https:\\\/\\\/www.anovapeneira.gal\\\/#website\",\"url\":\"https:\\\/\\\/www.anovapeneira.gal\\\/\",\"name\":\"\",\"description\":\"Xornal galego de informaci\u00f3n xeral Publicaci\u00f3n mensual de novas de Galicia e en especial dos Concellos da sur da provincia de Pontevedra.\",\"publisher\":{\"@id\":\"https:\\\/\\\/www.anovapeneira.gal\\\/#organization\"},\"potentialAction\":[{\"@type\":\"SearchAction\",\"target\":{\"@type\":\"EntryPoint\",\"urlTemplate\":\"https:\\\/\\\/www.anovapeneira.gal\\\/?s={search_term_string}\"},\"query-input\":{\"@type\":\"PropertyValueSpecification\",\"valueRequired\":true,\"valueName\":\"search_term_string\"}}],\"inLanguage\":\"gl-ES\"},{\"@type\":\"Organization\",\"@id\":\"https:\\\/\\\/www.anovapeneira.gal\\\/#organization\",\"name\":\"A Nova Peneira\",\"url\":\"https:\\\/\\\/www.anovapeneira.gal\\\/\",\"logo\":{\"@type\":\"ImageObject\",\"inLanguage\":\"gl-ES\",\"@id\":\"https:\\\/\\\/www.anovapeneira.gal\\\/#\\\/schema\\\/logo\\\/image\\\/\",\"url\":\"http:\\\/\\\/www.anovapeneira.gal\\\/wp-content\\\/uploads\\\/2019\\\/06\\\/logo_a_nova_peneira_portal_web.png\",\"contentUrl\":\"http:\\\/\\\/www.anovapeneira.gal\\\/wp-content\\\/uploads\\\/2019\\\/06\\\/logo_a_nova_peneira_portal_web.png\",\"width\":300,\"height\":100,\"caption\":\"A Nova Peneira\"},\"image\":{\"@id\":\"https:\\\/\\\/www.anovapeneira.gal\\\/#\\\/schema\\\/logo\\\/image\\\/\"},\"sameAs\":[\"https:\\\/\\\/www.facebook.com\\\/anovapeneira\",\"https:\\\/\\\/x.com\\\/APeneira\"]},{\"@type\":\"Person\",\"@id\":\"https:\\\/\\\/www.anovapeneira.gal\\\/#\\\/schema\\\/person\\\/b93e3f8932e3f8da96334607eb6ac6aa\",\"name\":\"Redacci\u00f3n A Nova Peneira\",\"image\":{\"@type\":\"ImageObject\",\"inLanguage\":\"gl-ES\",\"@id\":\"https:\\\/\\\/secure.gravatar.com\\\/avatar\\\/c052a2551a06e23fac63626232eaa90abd78dbcf1700fc46a2b2c89fd27b735f?s=96&d=mm&r=g\",\"url\":\"https:\\\/\\\/secure.gravatar.com\\\/avatar\\\/c052a2551a06e23fac63626232eaa90abd78dbcf1700fc46a2b2c89fd27b735f?s=96&d=mm&r=g\",\"contentUrl\":\"https:\\\/\\\/secure.gravatar.com\\\/avatar\\\/c052a2551a06e23fac63626232eaa90abd78dbcf1700fc46a2b2c89fd27b735f?s=96&d=mm&r=g\",\"caption\":\"Redacci\u00f3n A Nova Peneira\"},\"sameAs\":[\"http:\\\/\\\/www.anovapeneira.gal\\\/\"],\"url\":\"https:\\\/\\\/www.anovapeneira.gal\\\/index.php\\\/author\\\/redactor\\\/\"}]}<\/script>\n<!-- \/ Yoast SEO plugin. -->","yoast_head_json":{"title":"Eva De La Torre Alcaldesa de O Porri\u00f1o -","description":"non pode haber normalidade nas relaci\u00f3ns co PP cando ao que se dedican eles continuamente \u00e9 a tentar meterme no c\u00e1rcere","robots":{"index":"index","follow":"follow","max-snippet":"max-snippet:-1","max-image-preview":"max-image-preview:large","max-video-preview":"max-video-preview:-1"},"canonical":"https:\/\/www.anovapeneira.gal\/index.php\/2020\/09\/11\/eva-de-la-torre-alcaldesa-de-o-porrino\/","og_locale":"gl_ES","og_type":"article","og_title":"Eva De La Torre Alcaldesa de O Porri\u00f1o -","og_description":"non pode haber normalidade nas relaci\u00f3ns co PP cando ao que se dedican eles continuamente \u00e9 a tentar meterme no c\u00e1rcere","og_url":"https:\/\/www.anovapeneira.gal\/index.php\/2020\/09\/11\/eva-de-la-torre-alcaldesa-de-o-porrino\/","article_publisher":"https:\/\/www.facebook.com\/anovapeneira","article_published_time":"2020-09-11T08:00:05+00:00","og_image":[{"width":720,"height":432,"url":"https:\/\/www.anovapeneira.gal\/wp-content\/uploads\/2020\/09\/eva_torre_alcaldesa_porrino_a_nova_peneira.jpg","type":"image\/jpeg"}],"author":"Redacci\u00f3n A Nova Peneira","twitter_card":"summary_large_image","twitter_creator":"@APeneira","twitter_site":"@APeneira","twitter_misc":{"Escrito por":"Redacci\u00f3n A Nova Peneira","Tempo de lectura":"11 minutos"},"schema":{"@context":"https:\/\/schema.org","@graph":[{"@type":"Article","@id":"https:\/\/www.anovapeneira.gal\/index.php\/2020\/09\/11\/eva-de-la-torre-alcaldesa-de-o-porrino\/#article","isPartOf":{"@id":"https:\/\/www.anovapeneira.gal\/index.php\/2020\/09\/11\/eva-de-la-torre-alcaldesa-de-o-porrino\/"},"author":{"name":"Redacci\u00f3n A Nova Peneira","@id":"https:\/\/www.anovapeneira.gal\/#\/schema\/person\/b93e3f8932e3f8da96334607eb6ac6aa"},"headline":"Eva De La Torre Alcaldesa de O Porri\u00f1o","datePublished":"2020-09-11T08:00:05+00:00","mainEntityOfPage":{"@id":"https:\/\/www.anovapeneira.gal\/index.php\/2020\/09\/11\/eva-de-la-torre-alcaldesa-de-o-porrino\/"},"wordCount":2264,"commentCount":0,"publisher":{"@id":"https:\/\/www.anovapeneira.gal\/#organization"},"image":{"@id":"https:\/\/www.anovapeneira.gal\/index.php\/2020\/09\/11\/eva-de-la-torre-alcaldesa-de-o-porrino\/#primaryimage"},"thumbnailUrl":"https:\/\/www.anovapeneira.gal\/wp-content\/uploads\/2020\/09\/eva_torre_alcaldesa_porrino_a_nova_peneira.jpg","keywords":["Concello de O Porri\u00f1o"],"articleSection":["A Louri\u00f1a"],"inLanguage":"gl-ES","potentialAction":[{"@type":"CommentAction","name":"Comment","target":["https:\/\/www.anovapeneira.gal\/index.php\/2020\/09\/11\/eva-de-la-torre-alcaldesa-de-o-porrino\/#respond"]}]},{"@type":"WebPage","@id":"https:\/\/www.anovapeneira.gal\/index.php\/2020\/09\/11\/eva-de-la-torre-alcaldesa-de-o-porrino\/","url":"https:\/\/www.anovapeneira.gal\/index.php\/2020\/09\/11\/eva-de-la-torre-alcaldesa-de-o-porrino\/","name":"Eva De La Torre Alcaldesa de O Porri\u00f1o -","isPartOf":{"@id":"https:\/\/www.anovapeneira.gal\/#website"},"primaryImageOfPage":{"@id":"https:\/\/www.anovapeneira.gal\/index.php\/2020\/09\/11\/eva-de-la-torre-alcaldesa-de-o-porrino\/#primaryimage"},"image":{"@id":"https:\/\/www.anovapeneira.gal\/index.php\/2020\/09\/11\/eva-de-la-torre-alcaldesa-de-o-porrino\/#primaryimage"},"thumbnailUrl":"https:\/\/www.anovapeneira.gal\/wp-content\/uploads\/2020\/09\/eva_torre_alcaldesa_porrino_a_nova_peneira.jpg","datePublished":"2020-09-11T08:00:05+00:00","description":"non pode haber normalidade nas relaci\u00f3ns co PP cando ao que se dedican eles continuamente \u00e9 a tentar meterme no c\u00e1rcere","breadcrumb":{"@id":"https:\/\/www.anovapeneira.gal\/index.php\/2020\/09\/11\/eva-de-la-torre-alcaldesa-de-o-porrino\/#breadcrumb"},"inLanguage":"gl-ES","potentialAction":[{"@type":"ReadAction","target":["https:\/\/www.anovapeneira.gal\/index.php\/2020\/09\/11\/eva-de-la-torre-alcaldesa-de-o-porrino\/"]}]},{"@type":"ImageObject","inLanguage":"gl-ES","@id":"https:\/\/www.anovapeneira.gal\/index.php\/2020\/09\/11\/eva-de-la-torre-alcaldesa-de-o-porrino\/#primaryimage","url":"https:\/\/www.anovapeneira.gal\/wp-content\/uploads\/2020\/09\/eva_torre_alcaldesa_porrino_a_nova_peneira.jpg","contentUrl":"https:\/\/www.anovapeneira.gal\/wp-content\/uploads\/2020\/09\/eva_torre_alcaldesa_porrino_a_nova_peneira.jpg","width":720,"height":432,"caption":"Eva De La Torre Alcaldesa de O Porri\u00f1o"},{"@type":"BreadcrumbList","@id":"https:\/\/www.anovapeneira.gal\/index.php\/2020\/09\/11\/eva-de-la-torre-alcaldesa-de-o-porrino\/#breadcrumb","itemListElement":[{"@type":"ListItem","position":1,"name":"Portada","item":"https:\/\/www.anovapeneira.gal\/"},{"@type":"ListItem","position":2,"name":"Eva De La Torre Alcaldesa de O Porri\u00f1o"}]},{"@type":"WebSite","@id":"https:\/\/www.anovapeneira.gal\/#website","url":"https:\/\/www.anovapeneira.gal\/","name":"","description":"Xornal galego de informaci\u00f3n xeral Publicaci\u00f3n mensual de novas de Galicia e en especial dos Concellos da sur da provincia de Pontevedra.","publisher":{"@id":"https:\/\/www.anovapeneira.gal\/#organization"},"potentialAction":[{"@type":"SearchAction","target":{"@type":"EntryPoint","urlTemplate":"https:\/\/www.anovapeneira.gal\/?s={search_term_string}"},"query-input":{"@type":"PropertyValueSpecification","valueRequired":true,"valueName":"search_term_string"}}],"inLanguage":"gl-ES"},{"@type":"Organization","@id":"https:\/\/www.anovapeneira.gal\/#organization","name":"A Nova Peneira","url":"https:\/\/www.anovapeneira.gal\/","logo":{"@type":"ImageObject","inLanguage":"gl-ES","@id":"https:\/\/www.anovapeneira.gal\/#\/schema\/logo\/image\/","url":"http:\/\/www.anovapeneira.gal\/wp-content\/uploads\/2019\/06\/logo_a_nova_peneira_portal_web.png","contentUrl":"http:\/\/www.anovapeneira.gal\/wp-content\/uploads\/2019\/06\/logo_a_nova_peneira_portal_web.png","width":300,"height":100,"caption":"A Nova Peneira"},"image":{"@id":"https:\/\/www.anovapeneira.gal\/#\/schema\/logo\/image\/"},"sameAs":["https:\/\/www.facebook.com\/anovapeneira","https:\/\/x.com\/APeneira"]},{"@type":"Person","@id":"https:\/\/www.anovapeneira.gal\/#\/schema\/person\/b93e3f8932e3f8da96334607eb6ac6aa","name":"Redacci\u00f3n A Nova Peneira","image":{"@type":"ImageObject","inLanguage":"gl-ES","@id":"https:\/\/secure.gravatar.com\/avatar\/c052a2551a06e23fac63626232eaa90abd78dbcf1700fc46a2b2c89fd27b735f?s=96&d=mm&r=g","url":"https:\/\/secure.gravatar.com\/avatar\/c052a2551a06e23fac63626232eaa90abd78dbcf1700fc46a2b2c89fd27b735f?s=96&d=mm&r=g","contentUrl":"https:\/\/secure.gravatar.com\/avatar\/c052a2551a06e23fac63626232eaa90abd78dbcf1700fc46a2b2c89fd27b735f?s=96&d=mm&r=g","caption":"Redacci\u00f3n A Nova Peneira"},"sameAs":["http:\/\/www.anovapeneira.gal\/"],"url":"https:\/\/www.anovapeneira.gal\/index.php\/author\/redactor\/"}]}},"jetpack_featured_media_url":"https:\/\/www.anovapeneira.gal\/wp-content\/uploads\/2020\/09\/eva_torre_alcaldesa_porrino_a_nova_peneira.jpg","_links":{"self":[{"href":"https:\/\/www.anovapeneira.gal\/index.php\/wp-json\/wp\/v2\/posts\/3883","targetHints":{"allow":["GET"]}}],"collection":[{"href":"https:\/\/www.anovapeneira.gal\/index.php\/wp-json\/wp\/v2\/posts"}],"about":[{"href":"https:\/\/www.anovapeneira.gal\/index.php\/wp-json\/wp\/v2\/types\/post"}],"author":[{"embeddable":true,"href":"https:\/\/www.anovapeneira.gal\/index.php\/wp-json\/wp\/v2\/users\/3"}],"replies":[{"embeddable":true,"href":"https:\/\/www.anovapeneira.gal\/index.php\/wp-json\/wp\/v2\/comments?post=3883"}],"version-history":[{"count":2,"href":"https:\/\/www.anovapeneira.gal\/index.php\/wp-json\/wp\/v2\/posts\/3883\/revisions"}],"predecessor-version":[{"id":3886,"href":"https:\/\/www.anovapeneira.gal\/index.php\/wp-json\/wp\/v2\/posts\/3883\/revisions\/3886"}],"wp:featuredmedia":[{"embeddable":true,"href":"https:\/\/www.anovapeneira.gal\/index.php\/wp-json\/wp\/v2\/media\/3884"}],"wp:attachment":[{"href":"https:\/\/www.anovapeneira.gal\/index.php\/wp-json\/wp\/v2\/media?parent=3883"}],"wp:term":[{"taxonomy":"category","embeddable":true,"href":"https:\/\/www.anovapeneira.gal\/index.php\/wp-json\/wp\/v2\/categories?post=3883"},{"taxonomy":"post_tag","embeddable":true,"href":"https:\/\/www.anovapeneira.gal\/index.php\/wp-json\/wp\/v2\/tags?post=3883"}],"curies":[{"name":"wp","href":"https:\/\/api.w.org\/{rel}","templated":true}]}}