{"id":3900,"date":"2020-09-14T12:00:05","date_gmt":"2020-09-14T10:00:05","guid":{"rendered":"http:\/\/www.anovapeneira.gal\/?p=3900"},"modified":"2020-09-12T08:06:38","modified_gmt":"2020-09-12T06:06:38","slug":"gondomar-achega-as-aulas-da-universidade-de-vigo-aos-maiores-do-municipio","status":"publish","type":"post","link":"https:\/\/www.anovapeneira.gal\/index.php\/2020\/09\/14\/gondomar-achega-as-aulas-da-universidade-de-vigo-aos-maiores-do-municipio\/","title":{"rendered":"Gondomar achega as aulas da Universidade de Vigo aos maiores do municipio"},"content":{"rendered":"\n<h2 class=\"wp-block-heading\">A conceller\u00eda de Formaci\u00f3n, dirixida por Roc\u00edo Goberna, e a Universidade de Vigo po\u00f1er\u00e1n en marcha no municipio o programa \u201cMareas de co\u00f1ecemento e experiencia\u201d, dirixido a maiores de 50 anos e que se desenvolver\u00e1 entre os meses setembro e outubro.\u00a0<\/h2>\n\n\n\n<p>Gondomar 10 de setembro de 2020<\/p>\n\n\n\n<p>O programa concr\u00e9tase nun curso de 15 horas que se estruturar\u00e1 en tres seminarios, con sesi\u00f3n divulgativa e pr\u00e1ctica, que abordar\u00e1n cuesti\u00f3ns como \u201cSa\u00fade e Benestar\u201d, \u201cArte e Historia\u201d e, por \u00faltimo, \u201cTecnolox\u00eda: uso das ferramentas no tel\u00e9fono m\u00f3vil\u201d, todos eles impartidos por profesorado da Universidade de Vigo.<\/p>\n\n\n\n<p>O alcalde, Paco Ferreira, agradece este tipo de proxectos acad\u00e9micos como o da formaci\u00f3n universitaria para os maiores de 50 anos porque \u201c\u00e9 fundamental que sigan activos e facilitarlles as ferramentas e medios para que sexa as\u00ed, para que gocen da s\u00faa terceira mocidade e sigan achegando a nosa sociedade tanto como fixeron ata o de agora\u201d.<\/p>\n\n\n\n<p>Os interesados en matricularse, calquera maior de 50 anos, deber\u00e1n facelo con inscrici\u00f3n previa no correo emprego@concellodegondomar.gal ou no tel\u00e9fono 986 384 020. Os grupos, atendendo \u00e1s normas de seguridade hixi\u00e9nico-sanitarias, ser\u00e1n reducidos e nas clases o uso de m\u00e1scara ser\u00e1 sempre obrigatorio.<\/p>\n\n\n\n<p>O curso arrincar\u00e1 co seminario \u201cSa\u00fade e benestar\u201d, que se desenvolver\u00e1 os d\u00edas 17 e 18 de setembro a cargo de profesorado da Facultade de Ciencias da Educaci\u00f3n e do Deporte, no que se dar\u00e1 noci\u00f3ns b\u00e1sicas sobre a actividade f\u00edsica para o d\u00eda a d\u00eda. Os d\u00eda 24 e 25 de setembro, docentes do programa universitario de maiores da Universidade de Vigo impartir\u00e1n o seminario \u201cArte e Historia\u201d onde centr\u00e1ranse na arqueolox\u00eda de Gondomar.<\/p>\n\n\n\n<p>Pechar\u00e1 o curso o seminario \u201cTecnolox\u00eda: uso de ferramentas no tel\u00e9fono m\u00f3bil\u201d impartido por profesores da Escola de Enxe\u00f1er\u00eda Industrial de Vigo e que en sesi\u00f3ns te\u00f3rico-pr\u00e1cticas achegar\u00e1n o uso do tel\u00e9fono m\u00f3bil e o uso de redes sociais ou diferentes aplicaci\u00f3ns nelas as\u00ed como o seu uso.<\/p>\n","protected":false},"excerpt":{"rendered":"<div class=\"mh-excerpt\"><p>A conceller\u00eda de Formaci\u00f3n, dirixida por Roc\u00edo Goberna, e a Universidade de Vigo po\u00f1er\u00e1n en marcha no municipio o programa \u201cMareas de co\u00f1ecemento e experiencia\u201d, dirixido a maiores de 50 anos e que se desenvolver\u00e1 entre os meses setembro e outubro <a class=\"mh-excerpt-more\" href=\"https:\/\/www.anovapeneira.gal\/index.php\/2020\/09\/14\/gondomar-achega-as-aulas-da-universidade-de-vigo-aos-maiores-do-municipio\/\" title=\"Gondomar achega as aulas da Universidade de Vigo aos maiores do municipio\">[&#8230;]<\/a><\/p>\n<\/div>","protected":false},"author":3,"featured_media":3901,"comment_status":"open","ping_status":"open","sticky":false,"template":"","format":"standard","meta":{"_exactmetrics_skip_tracking":false,"_exactmetrics_sitenote_active":false,"_exactmetrics_sitenote_note":"","_exactmetrics_sitenote_category":0,"footnotes":""},"categories":[20],"tags":[149],"class_list":{"0":"post-3900","1":"post","2":"type-post","3":"status-publish","4":"format-standard","5":"has-post-thumbnail","7":"category-val-minor","8":"tag-concello-de-gondomar"},"yoast_head":"<!-- This site is optimized with the Yoast SEO plugin v27.4 - https:\/\/yoast.com\/product\/yoast-seo-wordpress\/ -->\n<title>Gondomar achega as aulas da Universidade de Vigo aos maiores do municipio -<\/title>\n<meta name=\"robots\" content=\"index, follow, max-snippet:-1, max-image-preview:large, max-video-preview:-1\" \/>\n<link rel=\"canonical\" href=\"https:\/\/www.anovapeneira.gal\/index.php\/2020\/09\/14\/gondomar-achega-as-aulas-da-universidade-de-vigo-aos-maiores-do-municipio\/\" \/>\n<meta property=\"og:locale\" content=\"gl_ES\" \/>\n<meta property=\"og:type\" content=\"article\" \/>\n<meta property=\"og:title\" content=\"Gondomar achega as aulas da Universidade de Vigo aos maiores do municipio -\" \/>\n<meta property=\"og:description\" content=\"A conceller\u00eda de Formaci\u00f3n, dirixida por Roc\u00edo Goberna, e a Universidade de Vigo po\u00f1er\u00e1n en marcha no municipio o programa \u201cMareas de co\u00f1ecemento e experiencia\u201d, dirixido a maiores de 50 anos e que se desenvolver\u00e1 entre os meses setembro e outubro [...]\" \/>\n<meta property=\"og:url\" content=\"https:\/\/www.anovapeneira.gal\/index.php\/2020\/09\/14\/gondomar-achega-as-aulas-da-universidade-de-vigo-aos-maiores-do-municipio\/\" \/>\n<meta property=\"article:publisher\" content=\"https:\/\/www.facebook.com\/anovapeneira\" \/>\n<meta property=\"article:published_time\" content=\"2020-09-14T10:00:05+00:00\" \/>\n<meta property=\"og:image\" content=\"https:\/\/www.anovapeneira.gal\/wp-content\/uploads\/2020\/09\/concello_gondomar.jpg\" \/>\n\t<meta property=\"og:image:width\" content=\"720\" \/>\n\t<meta property=\"og:image:height\" content=\"432\" \/>\n\t<meta property=\"og:image:type\" content=\"image\/jpeg\" \/>\n<meta name=\"author\" content=\"Redacci\u00f3n A Nova Peneira\" \/>\n<meta name=\"twitter:card\" content=\"summary_large_image\" \/>\n<meta name=\"twitter:creator\" content=\"@APeneira\" \/>\n<meta name=\"twitter:site\" content=\"@APeneira\" \/>\n<meta name=\"twitter:label1\" content=\"Escrito por\" \/>\n\t<meta name=\"twitter:data1\" content=\"Redacci\u00f3n A Nova Peneira\" \/>\n\t<meta name=\"twitter:label2\" content=\"Tempo de lectura\" \/>\n\t<meta name=\"twitter:data2\" content=\"2 minutos\" \/>\n<script type=\"application\/ld+json\" class=\"yoast-schema-graph\">{\"@context\":\"https:\\\/\\\/schema.org\",\"@graph\":[{\"@type\":\"Article\",\"@id\":\"https:\\\/\\\/www.anovapeneira.gal\\\/index.php\\\/2020\\\/09\\\/14\\\/gondomar-achega-as-aulas-da-universidade-de-vigo-aos-maiores-do-municipio\\\/#article\",\"isPartOf\":{\"@id\":\"https:\\\/\\\/www.anovapeneira.gal\\\/index.php\\\/2020\\\/09\\\/14\\\/gondomar-achega-as-aulas-da-universidade-de-vigo-aos-maiores-do-municipio\\\/\"},\"author\":{\"name\":\"Redacci\u00f3n A Nova Peneira\",\"@id\":\"https:\\\/\\\/www.anovapeneira.gal\\\/#\\\/schema\\\/person\\\/b93e3f8932e3f8da96334607eb6ac6aa\"},\"headline\":\"Gondomar achega as aulas da Universidade de Vigo aos maiores do municipio\",\"datePublished\":\"2020-09-14T10:00:05+00:00\",\"mainEntityOfPage\":{\"@id\":\"https:\\\/\\\/www.anovapeneira.gal\\\/index.php\\\/2020\\\/09\\\/14\\\/gondomar-achega-as-aulas-da-universidade-de-vigo-aos-maiores-do-municipio\\\/\"},\"wordCount\":366,\"commentCount\":0,\"publisher\":{\"@id\":\"https:\\\/\\\/www.anovapeneira.gal\\\/#organization\"},\"image\":{\"@id\":\"https:\\\/\\\/www.anovapeneira.gal\\\/index.php\\\/2020\\\/09\\\/14\\\/gondomar-achega-as-aulas-da-universidade-de-vigo-aos-maiores-do-municipio\\\/#primaryimage\"},\"thumbnailUrl\":\"https:\\\/\\\/www.anovapeneira.gal\\\/wp-content\\\/uploads\\\/2020\\\/09\\\/concello_gondomar.jpg\",\"keywords\":[\"Concello de Gondomar\"],\"articleSection\":[\"Val Mi\u00f1or\"],\"inLanguage\":\"gl-ES\",\"potentialAction\":[{\"@type\":\"CommentAction\",\"name\":\"Comment\",\"target\":[\"https:\\\/\\\/www.anovapeneira.gal\\\/index.php\\\/2020\\\/09\\\/14\\\/gondomar-achega-as-aulas-da-universidade-de-vigo-aos-maiores-do-municipio\\\/#respond\"]}]},{\"@type\":\"WebPage\",\"@id\":\"https:\\\/\\\/www.anovapeneira.gal\\\/index.php\\\/2020\\\/09\\\/14\\\/gondomar-achega-as-aulas-da-universidade-de-vigo-aos-maiores-do-municipio\\\/\",\"url\":\"https:\\\/\\\/www.anovapeneira.gal\\\/index.php\\\/2020\\\/09\\\/14\\\/gondomar-achega-as-aulas-da-universidade-de-vigo-aos-maiores-do-municipio\\\/\",\"name\":\"Gondomar achega as aulas da Universidade de Vigo aos maiores do municipio -\",\"isPartOf\":{\"@id\":\"https:\\\/\\\/www.anovapeneira.gal\\\/#website\"},\"primaryImageOfPage\":{\"@id\":\"https:\\\/\\\/www.anovapeneira.gal\\\/index.php\\\/2020\\\/09\\\/14\\\/gondomar-achega-as-aulas-da-universidade-de-vigo-aos-maiores-do-municipio\\\/#primaryimage\"},\"image\":{\"@id\":\"https:\\\/\\\/www.anovapeneira.gal\\\/index.php\\\/2020\\\/09\\\/14\\\/gondomar-achega-as-aulas-da-universidade-de-vigo-aos-maiores-do-municipio\\\/#primaryimage\"},\"thumbnailUrl\":\"https:\\\/\\\/www.anovapeneira.gal\\\/wp-content\\\/uploads\\\/2020\\\/09\\\/concello_gondomar.jpg\",\"datePublished\":\"2020-09-14T10:00:05+00:00\",\"breadcrumb\":{\"@id\":\"https:\\\/\\\/www.anovapeneira.gal\\\/index.php\\\/2020\\\/09\\\/14\\\/gondomar-achega-as-aulas-da-universidade-de-vigo-aos-maiores-do-municipio\\\/#breadcrumb\"},\"inLanguage\":\"gl-ES\",\"potentialAction\":[{\"@type\":\"ReadAction\",\"target\":[\"https:\\\/\\\/www.anovapeneira.gal\\\/index.php\\\/2020\\\/09\\\/14\\\/gondomar-achega-as-aulas-da-universidade-de-vigo-aos-maiores-do-municipio\\\/\"]}]},{\"@type\":\"ImageObject\",\"inLanguage\":\"gl-ES\",\"@id\":\"https:\\\/\\\/www.anovapeneira.gal\\\/index.php\\\/2020\\\/09\\\/14\\\/gondomar-achega-as-aulas-da-universidade-de-vigo-aos-maiores-do-municipio\\\/#primaryimage\",\"url\":\"https:\\\/\\\/www.anovapeneira.gal\\\/wp-content\\\/uploads\\\/2020\\\/09\\\/concello_gondomar.jpg\",\"contentUrl\":\"https:\\\/\\\/www.anovapeneira.gal\\\/wp-content\\\/uploads\\\/2020\\\/09\\\/concello_gondomar.jpg\",\"width\":720,\"height\":432,\"caption\":\"Concello de Gondomar\"},{\"@type\":\"BreadcrumbList\",\"@id\":\"https:\\\/\\\/www.anovapeneira.gal\\\/index.php\\\/2020\\\/09\\\/14\\\/gondomar-achega-as-aulas-da-universidade-de-vigo-aos-maiores-do-municipio\\\/#breadcrumb\",\"itemListElement\":[{\"@type\":\"ListItem\",\"position\":1,\"name\":\"Portada\",\"item\":\"https:\\\/\\\/www.anovapeneira.gal\\\/\"},{\"@type\":\"ListItem\",\"position\":2,\"name\":\"Gondomar achega as aulas da Universidade de Vigo aos maiores do municipio\"}]},{\"@type\":\"WebSite\",\"@id\":\"https:\\\/\\\/www.anovapeneira.gal\\\/#website\",\"url\":\"https:\\\/\\\/www.anovapeneira.gal\\\/\",\"name\":\"\",\"description\":\"Xornal galego de informaci\u00f3n xeral Publicaci\u00f3n mensual de novas de Galicia e en especial dos Concellos da sur da provincia de Pontevedra.\",\"publisher\":{\"@id\":\"https:\\\/\\\/www.anovapeneira.gal\\\/#organization\"},\"potentialAction\":[{\"@type\":\"SearchAction\",\"target\":{\"@type\":\"EntryPoint\",\"urlTemplate\":\"https:\\\/\\\/www.anovapeneira.gal\\\/?s={search_term_string}\"},\"query-input\":{\"@type\":\"PropertyValueSpecification\",\"valueRequired\":true,\"valueName\":\"search_term_string\"}}],\"inLanguage\":\"gl-ES\"},{\"@type\":\"Organization\",\"@id\":\"https:\\\/\\\/www.anovapeneira.gal\\\/#organization\",\"name\":\"A Nova Peneira\",\"url\":\"https:\\\/\\\/www.anovapeneira.gal\\\/\",\"logo\":{\"@type\":\"ImageObject\",\"inLanguage\":\"gl-ES\",\"@id\":\"https:\\\/\\\/www.anovapeneira.gal\\\/#\\\/schema\\\/logo\\\/image\\\/\",\"url\":\"http:\\\/\\\/www.anovapeneira.gal\\\/wp-content\\\/uploads\\\/2019\\\/06\\\/logo_a_nova_peneira_portal_web.png\",\"contentUrl\":\"http:\\\/\\\/www.anovapeneira.gal\\\/wp-content\\\/uploads\\\/2019\\\/06\\\/logo_a_nova_peneira_portal_web.png\",\"width\":300,\"height\":100,\"caption\":\"A Nova Peneira\"},\"image\":{\"@id\":\"https:\\\/\\\/www.anovapeneira.gal\\\/#\\\/schema\\\/logo\\\/image\\\/\"},\"sameAs\":[\"https:\\\/\\\/www.facebook.com\\\/anovapeneira\",\"https:\\\/\\\/x.com\\\/APeneira\"]},{\"@type\":\"Person\",\"@id\":\"https:\\\/\\\/www.anovapeneira.gal\\\/#\\\/schema\\\/person\\\/b93e3f8932e3f8da96334607eb6ac6aa\",\"name\":\"Redacci\u00f3n A Nova Peneira\",\"image\":{\"@type\":\"ImageObject\",\"inLanguage\":\"gl-ES\",\"@id\":\"https:\\\/\\\/secure.gravatar.com\\\/avatar\\\/c052a2551a06e23fac63626232eaa90abd78dbcf1700fc46a2b2c89fd27b735f?s=96&d=mm&r=g\",\"url\":\"https:\\\/\\\/secure.gravatar.com\\\/avatar\\\/c052a2551a06e23fac63626232eaa90abd78dbcf1700fc46a2b2c89fd27b735f?s=96&d=mm&r=g\",\"contentUrl\":\"https:\\\/\\\/secure.gravatar.com\\\/avatar\\\/c052a2551a06e23fac63626232eaa90abd78dbcf1700fc46a2b2c89fd27b735f?s=96&d=mm&r=g\",\"caption\":\"Redacci\u00f3n A Nova Peneira\"},\"sameAs\":[\"http:\\\/\\\/www.anovapeneira.gal\\\/\"],\"url\":\"https:\\\/\\\/www.anovapeneira.gal\\\/index.php\\\/author\\\/redactor\\\/\"}]}<\/script>\n<!-- \/ Yoast SEO plugin. -->","yoast_head_json":{"title":"Gondomar achega as aulas da Universidade de Vigo aos maiores do municipio -","robots":{"index":"index","follow":"follow","max-snippet":"max-snippet:-1","max-image-preview":"max-image-preview:large","max-video-preview":"max-video-preview:-1"},"canonical":"https:\/\/www.anovapeneira.gal\/index.php\/2020\/09\/14\/gondomar-achega-as-aulas-da-universidade-de-vigo-aos-maiores-do-municipio\/","og_locale":"gl_ES","og_type":"article","og_title":"Gondomar achega as aulas da Universidade de Vigo aos maiores do municipio -","og_description":"A conceller\u00eda de Formaci\u00f3n, dirixida por Roc\u00edo Goberna, e a Universidade de Vigo po\u00f1er\u00e1n en marcha no municipio o programa \u201cMareas de co\u00f1ecemento e experiencia\u201d, dirixido a maiores de 50 anos e que se desenvolver\u00e1 entre os meses setembro e outubro [...]","og_url":"https:\/\/www.anovapeneira.gal\/index.php\/2020\/09\/14\/gondomar-achega-as-aulas-da-universidade-de-vigo-aos-maiores-do-municipio\/","article_publisher":"https:\/\/www.facebook.com\/anovapeneira","article_published_time":"2020-09-14T10:00:05+00:00","og_image":[{"width":720,"height":432,"url":"https:\/\/www.anovapeneira.gal\/wp-content\/uploads\/2020\/09\/concello_gondomar.jpg","type":"image\/jpeg"}],"author":"Redacci\u00f3n A Nova Peneira","twitter_card":"summary_large_image","twitter_creator":"@APeneira","twitter_site":"@APeneira","twitter_misc":{"Escrito por":"Redacci\u00f3n A Nova Peneira","Tempo de lectura":"2 minutos"},"schema":{"@context":"https:\/\/schema.org","@graph":[{"@type":"Article","@id":"https:\/\/www.anovapeneira.gal\/index.php\/2020\/09\/14\/gondomar-achega-as-aulas-da-universidade-de-vigo-aos-maiores-do-municipio\/#article","isPartOf":{"@id":"https:\/\/www.anovapeneira.gal\/index.php\/2020\/09\/14\/gondomar-achega-as-aulas-da-universidade-de-vigo-aos-maiores-do-municipio\/"},"author":{"name":"Redacci\u00f3n A Nova Peneira","@id":"https:\/\/www.anovapeneira.gal\/#\/schema\/person\/b93e3f8932e3f8da96334607eb6ac6aa"},"headline":"Gondomar achega as aulas da Universidade de Vigo aos maiores do municipio","datePublished":"2020-09-14T10:00:05+00:00","mainEntityOfPage":{"@id":"https:\/\/www.anovapeneira.gal\/index.php\/2020\/09\/14\/gondomar-achega-as-aulas-da-universidade-de-vigo-aos-maiores-do-municipio\/"},"wordCount":366,"commentCount":0,"publisher":{"@id":"https:\/\/www.anovapeneira.gal\/#organization"},"image":{"@id":"https:\/\/www.anovapeneira.gal\/index.php\/2020\/09\/14\/gondomar-achega-as-aulas-da-universidade-de-vigo-aos-maiores-do-municipio\/#primaryimage"},"thumbnailUrl":"https:\/\/www.anovapeneira.gal\/wp-content\/uploads\/2020\/09\/concello_gondomar.jpg","keywords":["Concello de Gondomar"],"articleSection":["Val Mi\u00f1or"],"inLanguage":"gl-ES","potentialAction":[{"@type":"CommentAction","name":"Comment","target":["https:\/\/www.anovapeneira.gal\/index.php\/2020\/09\/14\/gondomar-achega-as-aulas-da-universidade-de-vigo-aos-maiores-do-municipio\/#respond"]}]},{"@type":"WebPage","@id":"https:\/\/www.anovapeneira.gal\/index.php\/2020\/09\/14\/gondomar-achega-as-aulas-da-universidade-de-vigo-aos-maiores-do-municipio\/","url":"https:\/\/www.anovapeneira.gal\/index.php\/2020\/09\/14\/gondomar-achega-as-aulas-da-universidade-de-vigo-aos-maiores-do-municipio\/","name":"Gondomar achega as aulas da Universidade de Vigo aos maiores do municipio -","isPartOf":{"@id":"https:\/\/www.anovapeneira.gal\/#website"},"primaryImageOfPage":{"@id":"https:\/\/www.anovapeneira.gal\/index.php\/2020\/09\/14\/gondomar-achega-as-aulas-da-universidade-de-vigo-aos-maiores-do-municipio\/#primaryimage"},"image":{"@id":"https:\/\/www.anovapeneira.gal\/index.php\/2020\/09\/14\/gondomar-achega-as-aulas-da-universidade-de-vigo-aos-maiores-do-municipio\/#primaryimage"},"thumbnailUrl":"https:\/\/www.anovapeneira.gal\/wp-content\/uploads\/2020\/09\/concello_gondomar.jpg","datePublished":"2020-09-14T10:00:05+00:00","breadcrumb":{"@id":"https:\/\/www.anovapeneira.gal\/index.php\/2020\/09\/14\/gondomar-achega-as-aulas-da-universidade-de-vigo-aos-maiores-do-municipio\/#breadcrumb"},"inLanguage":"gl-ES","potentialAction":[{"@type":"ReadAction","target":["https:\/\/www.anovapeneira.gal\/index.php\/2020\/09\/14\/gondomar-achega-as-aulas-da-universidade-de-vigo-aos-maiores-do-municipio\/"]}]},{"@type":"ImageObject","inLanguage":"gl-ES","@id":"https:\/\/www.anovapeneira.gal\/index.php\/2020\/09\/14\/gondomar-achega-as-aulas-da-universidade-de-vigo-aos-maiores-do-municipio\/#primaryimage","url":"https:\/\/www.anovapeneira.gal\/wp-content\/uploads\/2020\/09\/concello_gondomar.jpg","contentUrl":"https:\/\/www.anovapeneira.gal\/wp-content\/uploads\/2020\/09\/concello_gondomar.jpg","width":720,"height":432,"caption":"Concello de Gondomar"},{"@type":"BreadcrumbList","@id":"https:\/\/www.anovapeneira.gal\/index.php\/2020\/09\/14\/gondomar-achega-as-aulas-da-universidade-de-vigo-aos-maiores-do-municipio\/#breadcrumb","itemListElement":[{"@type":"ListItem","position":1,"name":"Portada","item":"https:\/\/www.anovapeneira.gal\/"},{"@type":"ListItem","position":2,"name":"Gondomar achega as aulas da Universidade de Vigo aos maiores do municipio"}]},{"@type":"WebSite","@id":"https:\/\/www.anovapeneira.gal\/#website","url":"https:\/\/www.anovapeneira.gal\/","name":"","description":"Xornal galego de informaci\u00f3n xeral Publicaci\u00f3n mensual de novas de Galicia e en especial dos Concellos da sur da provincia de Pontevedra.","publisher":{"@id":"https:\/\/www.anovapeneira.gal\/#organization"},"potentialAction":[{"@type":"SearchAction","target":{"@type":"EntryPoint","urlTemplate":"https:\/\/www.anovapeneira.gal\/?s={search_term_string}"},"query-input":{"@type":"PropertyValueSpecification","valueRequired":true,"valueName":"search_term_string"}}],"inLanguage":"gl-ES"},{"@type":"Organization","@id":"https:\/\/www.anovapeneira.gal\/#organization","name":"A Nova Peneira","url":"https:\/\/www.anovapeneira.gal\/","logo":{"@type":"ImageObject","inLanguage":"gl-ES","@id":"https:\/\/www.anovapeneira.gal\/#\/schema\/logo\/image\/","url":"http:\/\/www.anovapeneira.gal\/wp-content\/uploads\/2019\/06\/logo_a_nova_peneira_portal_web.png","contentUrl":"http:\/\/www.anovapeneira.gal\/wp-content\/uploads\/2019\/06\/logo_a_nova_peneira_portal_web.png","width":300,"height":100,"caption":"A Nova Peneira"},"image":{"@id":"https:\/\/www.anovapeneira.gal\/#\/schema\/logo\/image\/"},"sameAs":["https:\/\/www.facebook.com\/anovapeneira","https:\/\/x.com\/APeneira"]},{"@type":"Person","@id":"https:\/\/www.anovapeneira.gal\/#\/schema\/person\/b93e3f8932e3f8da96334607eb6ac6aa","name":"Redacci\u00f3n A Nova Peneira","image":{"@type":"ImageObject","inLanguage":"gl-ES","@id":"https:\/\/secure.gravatar.com\/avatar\/c052a2551a06e23fac63626232eaa90abd78dbcf1700fc46a2b2c89fd27b735f?s=96&d=mm&r=g","url":"https:\/\/secure.gravatar.com\/avatar\/c052a2551a06e23fac63626232eaa90abd78dbcf1700fc46a2b2c89fd27b735f?s=96&d=mm&r=g","contentUrl":"https:\/\/secure.gravatar.com\/avatar\/c052a2551a06e23fac63626232eaa90abd78dbcf1700fc46a2b2c89fd27b735f?s=96&d=mm&r=g","caption":"Redacci\u00f3n A Nova Peneira"},"sameAs":["http:\/\/www.anovapeneira.gal\/"],"url":"https:\/\/www.anovapeneira.gal\/index.php\/author\/redactor\/"}]}},"jetpack_featured_media_url":"https:\/\/www.anovapeneira.gal\/wp-content\/uploads\/2020\/09\/concello_gondomar.jpg","_links":{"self":[{"href":"https:\/\/www.anovapeneira.gal\/index.php\/wp-json\/wp\/v2\/posts\/3900","targetHints":{"allow":["GET"]}}],"collection":[{"href":"https:\/\/www.anovapeneira.gal\/index.php\/wp-json\/wp\/v2\/posts"}],"about":[{"href":"https:\/\/www.anovapeneira.gal\/index.php\/wp-json\/wp\/v2\/types\/post"}],"author":[{"embeddable":true,"href":"https:\/\/www.anovapeneira.gal\/index.php\/wp-json\/wp\/v2\/users\/3"}],"replies":[{"embeddable":true,"href":"https:\/\/www.anovapeneira.gal\/index.php\/wp-json\/wp\/v2\/comments?post=3900"}],"version-history":[{"count":1,"href":"https:\/\/www.anovapeneira.gal\/index.php\/wp-json\/wp\/v2\/posts\/3900\/revisions"}],"predecessor-version":[{"id":3902,"href":"https:\/\/www.anovapeneira.gal\/index.php\/wp-json\/wp\/v2\/posts\/3900\/revisions\/3902"}],"wp:featuredmedia":[{"embeddable":true,"href":"https:\/\/www.anovapeneira.gal\/index.php\/wp-json\/wp\/v2\/media\/3901"}],"wp:attachment":[{"href":"https:\/\/www.anovapeneira.gal\/index.php\/wp-json\/wp\/v2\/media?parent=3900"}],"wp:term":[{"taxonomy":"category","embeddable":true,"href":"https:\/\/www.anovapeneira.gal\/index.php\/wp-json\/wp\/v2\/categories?post=3900"},{"taxonomy":"post_tag","embeddable":true,"href":"https:\/\/www.anovapeneira.gal\/index.php\/wp-json\/wp\/v2\/tags?post=3900"}],"curies":[{"name":"wp","href":"https:\/\/api.w.org\/{rel}","templated":true}]}}