{"id":3906,"date":"2020-09-15T12:00:57","date_gmt":"2020-09-15T10:00:57","guid":{"rendered":"http:\/\/www.anovapeneira.gal\/?p=3906"},"modified":"2020-09-12T08:21:25","modified_gmt":"2020-09-12T06:21:25","slug":"se-as-paredes-falaran-historia-negra-de-vigo","status":"publish","type":"post","link":"https:\/\/www.anovapeneira.gal\/index.php\/2020\/09\/15\/se-as-paredes-falaran-historia-negra-de-vigo\/","title":{"rendered":"Se as paredes falaran [Historia negra de Vigo]"},"content":{"rendered":"\n<p><strong>Crist\u00f3bal L\u00f3pez Pazo | Asociaci\u00f3n viguesa pola memoria hist\u00f3rica do 36<\/strong><\/p>\n\n\n\n<p>Neste lugar, que hai m\u00e1is de 80 anos era Pazo de Xustiza, c\u00e1rcere e cuartel, o cuartel no que ti\u00f1a a s\u00faa sede a m\u00e1xima autoridade militar de Vigo, o comandante Felipe S\u00e1nchez, neste mesmo lugar, pola tarde do d\u00eda 19 de xullo de 1936 imprimiuse o bando que \u00eda declarar \u00f3 d\u00eda seguinte a rebeli\u00f3n da guarnici\u00f3n militar de Vigo contra a Rep\u00fablica. Daquela, proclamar o bando de guerra, anular a autoridade lex\u00edtima da Rep\u00fablica e comezar a represi\u00f3n foi todo un. A media ma\u00f1\u00e1 do 20 de xullo de 1936, na Porta do Sol, cando un piquete de soldados \u00e1s ordes do capit\u00e1n Carrer\u00f3 l\u00eda o bando de guerra contra a Rep\u00fablica, caeron as primeiras v\u00edtimas entre os que non quer\u00edan que as armas cambearan o que fac\u00eda uns meses decidiran as urnas. Os que perderan as elecci\u00f3ns en febreiro de 1936&nbsp; impu\u00f1an coa forza das armas&nbsp; un cambio pol\u00edtico que \u00eda traer c\u00e1rcere, morte e olvido para os que escolleran ser fieis a Rep\u00fablica e defender a legalidade constitucional.<\/p>\n\n\n\n<p>Neste mesmo lugar no que hoxe estamos,&nbsp; un mes despois, o 22 de agosto de 1936, tivo lugar o proceso m\u00e1is importante dos que se seguiron na nosa cidade contra dirixentes da Fronte Popular. \u00d3s cinco d\u00edas daquela farsa xudicial, <em>o 27 de agosto de 1936<\/em>, dez homes, pagaron coa s\u00faa vida a lealdade \u00e1 Rep\u00fablica.<\/p>\n\n\n\n<p>Na historia m\u00e1is recente, nos estertores do franquismo, muros adentro desta prisi\u00f3n perderon a xuventude sindicalistas e loitadoras pola democracia. Entraron coa ilusi\u00f3n dun mundo mellor e sairon cos osos e a vida rota&nbsp;<\/p>\n\n\n\n<p>As persoas e as sociedades necesitan da memoria para saber o que son, para saber de onde ve\u00f1en a ata incluso para ter algunha idea a prop\u00f3sito de onde ir. Hai unha \u00e9poca do noso pasado non tan pasado sobre a que caeu durante moitos anos a pesada lousa do olvido. A longa noite de pedra do franquismo agochou feitos, nomes e lugares en relaci\u00f3n coa represi\u00f3n que segu\u00edu \u00f3 golpe de Estado contra a Rep\u00fablica o 18 de xullo de 1936.<\/p>\n\n\n\n<figure class=\"wp-block-embed-youtube wp-block-embed is-type-video is-provider-youtube wp-embed-aspect-16-9 wp-has-aspect-ratio\"><div class=\"wp-block-embed__wrapper\">\n<iframe loading=\"lazy\" title=\"Se as paredes falaran [Historia negra de Vigo]\" width=\"500\" height=\"281\" src=\"https:\/\/www.youtube.com\/embed\/Okt1epvrDIE?feature=oembed\" frameborder=\"0\" allow=\"accelerometer; autoplay; clipboard-write; encrypted-media; gyroscope; picture-in-picture; web-share\" referrerpolicy=\"strict-origin-when-cross-origin\" allowfullscreen><\/iframe>\n<\/div><\/figure>\n","protected":false},"excerpt":{"rendered":"<div class=\"mh-excerpt\"><p>Neste lugar, que hai m\u00e1is de 80 anos era Pazo de Xustiza, c\u00e1rcere e cuartel, o cuartel no que ti\u00f1a a s\u00faa sede a m\u00e1xima autoridade militar de Vigo, o comandante Felipe S\u00e1nchez, neste mesmo lugar, pola tarde do d\u00eda 19 de xullo de 1936 imprimiuse o bando que \u00eda declarar \u00f3 d\u00eda seguinte a rebeli\u00f3n da guarnici\u00f3n militar de Vigo contra a Rep\u00fablica <a class=\"mh-excerpt-more\" href=\"https:\/\/www.anovapeneira.gal\/index.php\/2020\/09\/15\/se-as-paredes-falaran-historia-negra-de-vigo\/\" title=\"Se as paredes falaran [Historia negra de Vigo]\">[&#8230;]<\/a><\/p>\n<\/div>","protected":false},"author":13,"featured_media":3908,"comment_status":"open","ping_status":"open","sticky":false,"template":"","format":"standard","meta":{"_exactmetrics_skip_tracking":false,"_exactmetrics_sitenote_active":false,"_exactmetrics_sitenote_note":"","_exactmetrics_sitenote_category":0,"footnotes":""},"categories":[497],"tags":[227,448],"class_list":{"0":"post-3906","1":"post","2":"type-post","3":"status-publish","4":"format-standard","5":"has-post-thumbnail","7":"category-vigo-reportaxes","8":"tag-concello-de-vigo","9":"tag-memoria-historica"},"yoast_head":"<!-- This site is optimized with the Yoast SEO plugin v27.4 - https:\/\/yoast.com\/product\/yoast-seo-wordpress\/ -->\n<title>Se as paredes falaran [Historia negra de Vigo] -<\/title>\n<meta name=\"robots\" content=\"index, follow, max-snippet:-1, max-image-preview:large, max-video-preview:-1\" \/>\n<link rel=\"canonical\" href=\"https:\/\/www.anovapeneira.gal\/index.php\/2020\/09\/15\/se-as-paredes-falaran-historia-negra-de-vigo\/\" \/>\n<meta property=\"og:locale\" content=\"gl_ES\" \/>\n<meta property=\"og:type\" content=\"article\" \/>\n<meta property=\"og:title\" content=\"Se as paredes falaran [Historia negra de Vigo] -\" \/>\n<meta property=\"og:description\" content=\"Neste lugar, que hai m\u00e1is de 80 anos era Pazo de Xustiza, c\u00e1rcere e cuartel, o cuartel no que ti\u00f1a a s\u00faa sede a m\u00e1xima autoridade militar de Vigo, o comandante Felipe S\u00e1nchez, neste mesmo lugar, pola tarde do d\u00eda 19 de xullo de 1936 imprimiuse o bando que \u00eda declarar \u00f3 d\u00eda seguinte a rebeli\u00f3n da guarnici\u00f3n militar de Vigo contra a Rep\u00fablica [...]\" \/>\n<meta property=\"og:url\" content=\"https:\/\/www.anovapeneira.gal\/index.php\/2020\/09\/15\/se-as-paredes-falaran-historia-negra-de-vigo\/\" \/>\n<meta property=\"article:publisher\" content=\"https:\/\/www.facebook.com\/anovapeneira\" \/>\n<meta property=\"article:published_time\" content=\"2020-09-15T10:00:57+00:00\" \/>\n<meta property=\"og:image\" content=\"https:\/\/www.anovapeneira.gal\/wp-content\/uploads\/2020\/09\/memoria_historica_Historia_negra_de_Vigo.jpg\" \/>\n\t<meta property=\"og:image:width\" content=\"720\" \/>\n\t<meta property=\"og:image:height\" content=\"432\" \/>\n\t<meta property=\"og:image:type\" content=\"image\/jpeg\" \/>\n<meta name=\"author\" content=\"Cristobal L\u00f3pez\" \/>\n<meta name=\"twitter:card\" content=\"summary_large_image\" \/>\n<meta name=\"twitter:creator\" content=\"@APeneira\" \/>\n<meta name=\"twitter:site\" content=\"@APeneira\" \/>\n<meta name=\"twitter:label1\" content=\"Escrito por\" \/>\n\t<meta name=\"twitter:data1\" content=\"Cristobal L\u00f3pez\" \/>\n\t<meta name=\"twitter:label2\" content=\"Tempo de lectura\" \/>\n\t<meta name=\"twitter:data2\" content=\"2 minutos\" \/>\n<script type=\"application\/ld+json\" class=\"yoast-schema-graph\">{\"@context\":\"https:\\\/\\\/schema.org\",\"@graph\":[{\"@type\":\"Article\",\"@id\":\"https:\\\/\\\/www.anovapeneira.gal\\\/index.php\\\/2020\\\/09\\\/15\\\/se-as-paredes-falaran-historia-negra-de-vigo\\\/#article\",\"isPartOf\":{\"@id\":\"https:\\\/\\\/www.anovapeneira.gal\\\/index.php\\\/2020\\\/09\\\/15\\\/se-as-paredes-falaran-historia-negra-de-vigo\\\/\"},\"author\":{\"name\":\"Cristobal L\u00f3pez\",\"@id\":\"https:\\\/\\\/www.anovapeneira.gal\\\/#\\\/schema\\\/person\\\/45b3df2338e4d898b7616809f9c5906c\"},\"headline\":\"Se as paredes falaran [Historia negra de Vigo]\",\"datePublished\":\"2020-09-15T10:00:57+00:00\",\"mainEntityOfPage\":{\"@id\":\"https:\\\/\\\/www.anovapeneira.gal\\\/index.php\\\/2020\\\/09\\\/15\\\/se-as-paredes-falaran-historia-negra-de-vigo\\\/\"},\"wordCount\":397,\"commentCount\":0,\"publisher\":{\"@id\":\"https:\\\/\\\/www.anovapeneira.gal\\\/#organization\"},\"image\":{\"@id\":\"https:\\\/\\\/www.anovapeneira.gal\\\/index.php\\\/2020\\\/09\\\/15\\\/se-as-paredes-falaran-historia-negra-de-vigo\\\/#primaryimage\"},\"thumbnailUrl\":\"https:\\\/\\\/www.anovapeneira.gal\\\/wp-content\\\/uploads\\\/2020\\\/09\\\/memoria_historica_Historia_negra_de_Vigo.jpg\",\"keywords\":[\"Concello de Vigo\",\"Memoria hist\u00f3rica\"],\"articleSection\":[\"Vigo\"],\"inLanguage\":\"gl-ES\",\"potentialAction\":[{\"@type\":\"CommentAction\",\"name\":\"Comment\",\"target\":[\"https:\\\/\\\/www.anovapeneira.gal\\\/index.php\\\/2020\\\/09\\\/15\\\/se-as-paredes-falaran-historia-negra-de-vigo\\\/#respond\"]}]},{\"@type\":\"WebPage\",\"@id\":\"https:\\\/\\\/www.anovapeneira.gal\\\/index.php\\\/2020\\\/09\\\/15\\\/se-as-paredes-falaran-historia-negra-de-vigo\\\/\",\"url\":\"https:\\\/\\\/www.anovapeneira.gal\\\/index.php\\\/2020\\\/09\\\/15\\\/se-as-paredes-falaran-historia-negra-de-vigo\\\/\",\"name\":\"Se as paredes falaran [Historia negra de Vigo] -\",\"isPartOf\":{\"@id\":\"https:\\\/\\\/www.anovapeneira.gal\\\/#website\"},\"primaryImageOfPage\":{\"@id\":\"https:\\\/\\\/www.anovapeneira.gal\\\/index.php\\\/2020\\\/09\\\/15\\\/se-as-paredes-falaran-historia-negra-de-vigo\\\/#primaryimage\"},\"image\":{\"@id\":\"https:\\\/\\\/www.anovapeneira.gal\\\/index.php\\\/2020\\\/09\\\/15\\\/se-as-paredes-falaran-historia-negra-de-vigo\\\/#primaryimage\"},\"thumbnailUrl\":\"https:\\\/\\\/www.anovapeneira.gal\\\/wp-content\\\/uploads\\\/2020\\\/09\\\/memoria_historica_Historia_negra_de_Vigo.jpg\",\"datePublished\":\"2020-09-15T10:00:57+00:00\",\"breadcrumb\":{\"@id\":\"https:\\\/\\\/www.anovapeneira.gal\\\/index.php\\\/2020\\\/09\\\/15\\\/se-as-paredes-falaran-historia-negra-de-vigo\\\/#breadcrumb\"},\"inLanguage\":\"gl-ES\",\"potentialAction\":[{\"@type\":\"ReadAction\",\"target\":[\"https:\\\/\\\/www.anovapeneira.gal\\\/index.php\\\/2020\\\/09\\\/15\\\/se-as-paredes-falaran-historia-negra-de-vigo\\\/\"]}]},{\"@type\":\"ImageObject\",\"inLanguage\":\"gl-ES\",\"@id\":\"https:\\\/\\\/www.anovapeneira.gal\\\/index.php\\\/2020\\\/09\\\/15\\\/se-as-paredes-falaran-historia-negra-de-vigo\\\/#primaryimage\",\"url\":\"https:\\\/\\\/www.anovapeneira.gal\\\/wp-content\\\/uploads\\\/2020\\\/09\\\/memoria_historica_Historia_negra_de_Vigo.jpg\",\"contentUrl\":\"https:\\\/\\\/www.anovapeneira.gal\\\/wp-content\\\/uploads\\\/2020\\\/09\\\/memoria_historica_Historia_negra_de_Vigo.jpg\",\"width\":720,\"height\":432,\"caption\":\"Se as paredes falaran [Historia negra de Vigo]\"},{\"@type\":\"BreadcrumbList\",\"@id\":\"https:\\\/\\\/www.anovapeneira.gal\\\/index.php\\\/2020\\\/09\\\/15\\\/se-as-paredes-falaran-historia-negra-de-vigo\\\/#breadcrumb\",\"itemListElement\":[{\"@type\":\"ListItem\",\"position\":1,\"name\":\"Portada\",\"item\":\"https:\\\/\\\/www.anovapeneira.gal\\\/\"},{\"@type\":\"ListItem\",\"position\":2,\"name\":\"Se as paredes falaran [Historia negra de Vigo]\"}]},{\"@type\":\"WebSite\",\"@id\":\"https:\\\/\\\/www.anovapeneira.gal\\\/#website\",\"url\":\"https:\\\/\\\/www.anovapeneira.gal\\\/\",\"name\":\"\",\"description\":\"Xornal galego de informaci\u00f3n xeral Publicaci\u00f3n mensual de novas de Galicia e en especial dos Concellos da sur da provincia de Pontevedra.\",\"publisher\":{\"@id\":\"https:\\\/\\\/www.anovapeneira.gal\\\/#organization\"},\"potentialAction\":[{\"@type\":\"SearchAction\",\"target\":{\"@type\":\"EntryPoint\",\"urlTemplate\":\"https:\\\/\\\/www.anovapeneira.gal\\\/?s={search_term_string}\"},\"query-input\":{\"@type\":\"PropertyValueSpecification\",\"valueRequired\":true,\"valueName\":\"search_term_string\"}}],\"inLanguage\":\"gl-ES\"},{\"@type\":\"Organization\",\"@id\":\"https:\\\/\\\/www.anovapeneira.gal\\\/#organization\",\"name\":\"A Nova Peneira\",\"url\":\"https:\\\/\\\/www.anovapeneira.gal\\\/\",\"logo\":{\"@type\":\"ImageObject\",\"inLanguage\":\"gl-ES\",\"@id\":\"https:\\\/\\\/www.anovapeneira.gal\\\/#\\\/schema\\\/logo\\\/image\\\/\",\"url\":\"http:\\\/\\\/www.anovapeneira.gal\\\/wp-content\\\/uploads\\\/2019\\\/06\\\/logo_a_nova_peneira_portal_web.png\",\"contentUrl\":\"http:\\\/\\\/www.anovapeneira.gal\\\/wp-content\\\/uploads\\\/2019\\\/06\\\/logo_a_nova_peneira_portal_web.png\",\"width\":300,\"height\":100,\"caption\":\"A Nova Peneira\"},\"image\":{\"@id\":\"https:\\\/\\\/www.anovapeneira.gal\\\/#\\\/schema\\\/logo\\\/image\\\/\"},\"sameAs\":[\"https:\\\/\\\/www.facebook.com\\\/anovapeneira\",\"https:\\\/\\\/x.com\\\/APeneira\"]},{\"@type\":\"Person\",\"@id\":\"https:\\\/\\\/www.anovapeneira.gal\\\/#\\\/schema\\\/person\\\/45b3df2338e4d898b7616809f9c5906c\",\"name\":\"Cristobal L\u00f3pez\",\"image\":{\"@type\":\"ImageObject\",\"inLanguage\":\"gl-ES\",\"@id\":\"https:\\\/\\\/secure.gravatar.com\\\/avatar\\\/b537cf06ef8166c9ef72b09f4d5f6446b1e22ea99505d94e40b8685710482f79?s=96&d=mm&r=g\",\"url\":\"https:\\\/\\\/secure.gravatar.com\\\/avatar\\\/b537cf06ef8166c9ef72b09f4d5f6446b1e22ea99505d94e40b8685710482f79?s=96&d=mm&r=g\",\"contentUrl\":\"https:\\\/\\\/secure.gravatar.com\\\/avatar\\\/b537cf06ef8166c9ef72b09f4d5f6446b1e22ea99505d94e40b8685710482f79?s=96&d=mm&r=g\",\"caption\":\"Cristobal L\u00f3pez\"},\"sameAs\":[\"http:\\\/\\\/anovapeneira.gal\"],\"url\":\"https:\\\/\\\/www.anovapeneira.gal\\\/index.php\\\/author\\\/opinioncristoballopez\\\/\"}]}<\/script>\n<!-- \/ Yoast SEO plugin. -->","yoast_head_json":{"title":"Se as paredes falaran [Historia negra de Vigo] -","robots":{"index":"index","follow":"follow","max-snippet":"max-snippet:-1","max-image-preview":"max-image-preview:large","max-video-preview":"max-video-preview:-1"},"canonical":"https:\/\/www.anovapeneira.gal\/index.php\/2020\/09\/15\/se-as-paredes-falaran-historia-negra-de-vigo\/","og_locale":"gl_ES","og_type":"article","og_title":"Se as paredes falaran [Historia negra de Vigo] -","og_description":"Neste lugar, que hai m\u00e1is de 80 anos era Pazo de Xustiza, c\u00e1rcere e cuartel, o cuartel no que ti\u00f1a a s\u00faa sede a m\u00e1xima autoridade militar de Vigo, o comandante Felipe S\u00e1nchez, neste mesmo lugar, pola tarde do d\u00eda 19 de xullo de 1936 imprimiuse o bando que \u00eda declarar \u00f3 d\u00eda seguinte a rebeli\u00f3n da guarnici\u00f3n militar de Vigo contra a Rep\u00fablica [...]","og_url":"https:\/\/www.anovapeneira.gal\/index.php\/2020\/09\/15\/se-as-paredes-falaran-historia-negra-de-vigo\/","article_publisher":"https:\/\/www.facebook.com\/anovapeneira","article_published_time":"2020-09-15T10:00:57+00:00","og_image":[{"width":720,"height":432,"url":"https:\/\/www.anovapeneira.gal\/wp-content\/uploads\/2020\/09\/memoria_historica_Historia_negra_de_Vigo.jpg","type":"image\/jpeg"}],"author":"Cristobal L\u00f3pez","twitter_card":"summary_large_image","twitter_creator":"@APeneira","twitter_site":"@APeneira","twitter_misc":{"Escrito por":"Cristobal L\u00f3pez","Tempo de lectura":"2 minutos"},"schema":{"@context":"https:\/\/schema.org","@graph":[{"@type":"Article","@id":"https:\/\/www.anovapeneira.gal\/index.php\/2020\/09\/15\/se-as-paredes-falaran-historia-negra-de-vigo\/#article","isPartOf":{"@id":"https:\/\/www.anovapeneira.gal\/index.php\/2020\/09\/15\/se-as-paredes-falaran-historia-negra-de-vigo\/"},"author":{"name":"Cristobal L\u00f3pez","@id":"https:\/\/www.anovapeneira.gal\/#\/schema\/person\/45b3df2338e4d898b7616809f9c5906c"},"headline":"Se as paredes falaran [Historia negra de Vigo]","datePublished":"2020-09-15T10:00:57+00:00","mainEntityOfPage":{"@id":"https:\/\/www.anovapeneira.gal\/index.php\/2020\/09\/15\/se-as-paredes-falaran-historia-negra-de-vigo\/"},"wordCount":397,"commentCount":0,"publisher":{"@id":"https:\/\/www.anovapeneira.gal\/#organization"},"image":{"@id":"https:\/\/www.anovapeneira.gal\/index.php\/2020\/09\/15\/se-as-paredes-falaran-historia-negra-de-vigo\/#primaryimage"},"thumbnailUrl":"https:\/\/www.anovapeneira.gal\/wp-content\/uploads\/2020\/09\/memoria_historica_Historia_negra_de_Vigo.jpg","keywords":["Concello de Vigo","Memoria hist\u00f3rica"],"articleSection":["Vigo"],"inLanguage":"gl-ES","potentialAction":[{"@type":"CommentAction","name":"Comment","target":["https:\/\/www.anovapeneira.gal\/index.php\/2020\/09\/15\/se-as-paredes-falaran-historia-negra-de-vigo\/#respond"]}]},{"@type":"WebPage","@id":"https:\/\/www.anovapeneira.gal\/index.php\/2020\/09\/15\/se-as-paredes-falaran-historia-negra-de-vigo\/","url":"https:\/\/www.anovapeneira.gal\/index.php\/2020\/09\/15\/se-as-paredes-falaran-historia-negra-de-vigo\/","name":"Se as paredes falaran [Historia negra de Vigo] -","isPartOf":{"@id":"https:\/\/www.anovapeneira.gal\/#website"},"primaryImageOfPage":{"@id":"https:\/\/www.anovapeneira.gal\/index.php\/2020\/09\/15\/se-as-paredes-falaran-historia-negra-de-vigo\/#primaryimage"},"image":{"@id":"https:\/\/www.anovapeneira.gal\/index.php\/2020\/09\/15\/se-as-paredes-falaran-historia-negra-de-vigo\/#primaryimage"},"thumbnailUrl":"https:\/\/www.anovapeneira.gal\/wp-content\/uploads\/2020\/09\/memoria_historica_Historia_negra_de_Vigo.jpg","datePublished":"2020-09-15T10:00:57+00:00","breadcrumb":{"@id":"https:\/\/www.anovapeneira.gal\/index.php\/2020\/09\/15\/se-as-paredes-falaran-historia-negra-de-vigo\/#breadcrumb"},"inLanguage":"gl-ES","potentialAction":[{"@type":"ReadAction","target":["https:\/\/www.anovapeneira.gal\/index.php\/2020\/09\/15\/se-as-paredes-falaran-historia-negra-de-vigo\/"]}]},{"@type":"ImageObject","inLanguage":"gl-ES","@id":"https:\/\/www.anovapeneira.gal\/index.php\/2020\/09\/15\/se-as-paredes-falaran-historia-negra-de-vigo\/#primaryimage","url":"https:\/\/www.anovapeneira.gal\/wp-content\/uploads\/2020\/09\/memoria_historica_Historia_negra_de_Vigo.jpg","contentUrl":"https:\/\/www.anovapeneira.gal\/wp-content\/uploads\/2020\/09\/memoria_historica_Historia_negra_de_Vigo.jpg","width":720,"height":432,"caption":"Se as paredes falaran [Historia negra de Vigo]"},{"@type":"BreadcrumbList","@id":"https:\/\/www.anovapeneira.gal\/index.php\/2020\/09\/15\/se-as-paredes-falaran-historia-negra-de-vigo\/#breadcrumb","itemListElement":[{"@type":"ListItem","position":1,"name":"Portada","item":"https:\/\/www.anovapeneira.gal\/"},{"@type":"ListItem","position":2,"name":"Se as paredes falaran [Historia negra de Vigo]"}]},{"@type":"WebSite","@id":"https:\/\/www.anovapeneira.gal\/#website","url":"https:\/\/www.anovapeneira.gal\/","name":"","description":"Xornal galego de informaci\u00f3n xeral Publicaci\u00f3n mensual de novas de Galicia e en especial dos Concellos da sur da provincia de Pontevedra.","publisher":{"@id":"https:\/\/www.anovapeneira.gal\/#organization"},"potentialAction":[{"@type":"SearchAction","target":{"@type":"EntryPoint","urlTemplate":"https:\/\/www.anovapeneira.gal\/?s={search_term_string}"},"query-input":{"@type":"PropertyValueSpecification","valueRequired":true,"valueName":"search_term_string"}}],"inLanguage":"gl-ES"},{"@type":"Organization","@id":"https:\/\/www.anovapeneira.gal\/#organization","name":"A Nova Peneira","url":"https:\/\/www.anovapeneira.gal\/","logo":{"@type":"ImageObject","inLanguage":"gl-ES","@id":"https:\/\/www.anovapeneira.gal\/#\/schema\/logo\/image\/","url":"http:\/\/www.anovapeneira.gal\/wp-content\/uploads\/2019\/06\/logo_a_nova_peneira_portal_web.png","contentUrl":"http:\/\/www.anovapeneira.gal\/wp-content\/uploads\/2019\/06\/logo_a_nova_peneira_portal_web.png","width":300,"height":100,"caption":"A Nova Peneira"},"image":{"@id":"https:\/\/www.anovapeneira.gal\/#\/schema\/logo\/image\/"},"sameAs":["https:\/\/www.facebook.com\/anovapeneira","https:\/\/x.com\/APeneira"]},{"@type":"Person","@id":"https:\/\/www.anovapeneira.gal\/#\/schema\/person\/45b3df2338e4d898b7616809f9c5906c","name":"Cristobal L\u00f3pez","image":{"@type":"ImageObject","inLanguage":"gl-ES","@id":"https:\/\/secure.gravatar.com\/avatar\/b537cf06ef8166c9ef72b09f4d5f6446b1e22ea99505d94e40b8685710482f79?s=96&d=mm&r=g","url":"https:\/\/secure.gravatar.com\/avatar\/b537cf06ef8166c9ef72b09f4d5f6446b1e22ea99505d94e40b8685710482f79?s=96&d=mm&r=g","contentUrl":"https:\/\/secure.gravatar.com\/avatar\/b537cf06ef8166c9ef72b09f4d5f6446b1e22ea99505d94e40b8685710482f79?s=96&d=mm&r=g","caption":"Cristobal L\u00f3pez"},"sameAs":["http:\/\/anovapeneira.gal"],"url":"https:\/\/www.anovapeneira.gal\/index.php\/author\/opinioncristoballopez\/"}]}},"jetpack_featured_media_url":"https:\/\/www.anovapeneira.gal\/wp-content\/uploads\/2020\/09\/memoria_historica_Historia_negra_de_Vigo.jpg","_links":{"self":[{"href":"https:\/\/www.anovapeneira.gal\/index.php\/wp-json\/wp\/v2\/posts\/3906","targetHints":{"allow":["GET"]}}],"collection":[{"href":"https:\/\/www.anovapeneira.gal\/index.php\/wp-json\/wp\/v2\/posts"}],"about":[{"href":"https:\/\/www.anovapeneira.gal\/index.php\/wp-json\/wp\/v2\/types\/post"}],"author":[{"embeddable":true,"href":"https:\/\/www.anovapeneira.gal\/index.php\/wp-json\/wp\/v2\/users\/13"}],"replies":[{"embeddable":true,"href":"https:\/\/www.anovapeneira.gal\/index.php\/wp-json\/wp\/v2\/comments?post=3906"}],"version-history":[{"count":1,"href":"https:\/\/www.anovapeneira.gal\/index.php\/wp-json\/wp\/v2\/posts\/3906\/revisions"}],"predecessor-version":[{"id":3909,"href":"https:\/\/www.anovapeneira.gal\/index.php\/wp-json\/wp\/v2\/posts\/3906\/revisions\/3909"}],"wp:featuredmedia":[{"embeddable":true,"href":"https:\/\/www.anovapeneira.gal\/index.php\/wp-json\/wp\/v2\/media\/3908"}],"wp:attachment":[{"href":"https:\/\/www.anovapeneira.gal\/index.php\/wp-json\/wp\/v2\/media?parent=3906"}],"wp:term":[{"taxonomy":"category","embeddable":true,"href":"https:\/\/www.anovapeneira.gal\/index.php\/wp-json\/wp\/v2\/categories?post=3906"},{"taxonomy":"post_tag","embeddable":true,"href":"https:\/\/www.anovapeneira.gal\/index.php\/wp-json\/wp\/v2\/tags?post=3906"}],"curies":[{"name":"wp","href":"https:\/\/api.w.org\/{rel}","templated":true}]}}