{"id":3918,"date":"2020-09-17T10:00:25","date_gmt":"2020-09-17T08:00:25","guid":{"rendered":"http:\/\/www.anovapeneira.gal\/?p=3918"},"modified":"2020-09-17T21:14:32","modified_gmt":"2020-09-17T19:14:32","slug":"maria-xose-garcia-responsable-comarcal-da-cig-do-sector-de-automocion","status":"publish","type":"post","link":"https:\/\/www.anovapeneira.gal\/index.php\/2020\/09\/17\/maria-xose-garcia-responsable-comarcal-da-cig-do-sector-de-automocion\/","title":{"rendered":"Mar\u00eda Xos\u00e9 Garc\u00eda. Responsable Nacional da CIG do sector de automoci\u00f3n"},"content":{"rendered":"\n<h2 class=\"wp-block-heading\">\u201c<strong>A administraci\u00f3n carece dun plan para a preparaci\u00f3n do noso sector, cara ao futuro tecnol\u00f3xico e ecol\u00f3xico\u201d<\/strong><\/h2>\n\n\n\n<p><strong>Como comezou a t\u00faa vida profesional?<\/strong><\/p>\n\n\n\n<blockquote class=\"wp-block-quote is-layout-flow wp-block-quote-is-layout-flow\"><p>Eu estudei dese\u00f1o e patronaxe<\/p><\/blockquote>\n\n\n\n<p><strong>Vaia, polo tanto non ti\u00f1as pensado orientar a t\u00faa vida neste sector?<\/strong><\/p>\n\n\n\n<blockquote class=\"wp-block-quote is-layout-flow wp-block-quote-is-layout-flow\"><p>Pois non. Comecei na mesma empresa que estou agora en abril de 1.991. Arrincou en Redondela en febreiro dese ano, e eu entrei dous meses depois de agora p\u00f3moslle &#8220;a antiga Inerga, actualmente Plasticomnium.<\/p><\/blockquote>\n\n\n\n<p><strong>Debes ser das traballadoras m\u00e1is antigas da empresa?<\/strong><\/p>\n\n\n\n<blockquote class=\"wp-block-quote is-layout-flow wp-block-quote-is-layout-flow\"><p>Pois si, en abril do ano pr\u00f3ximo far\u00e1 30 anos que estou al\u00ed. Os comezos foron por pura e dura casualidade. Vi\u00f1a eu de Pontevedra no coche e parei a un amigo que fac\u00eda dedo, o home vi\u00f1a todo contento porque acababan de collelo na empresa e animoume a que fora pedir traballo al\u00ed. E eu fun, e como non quere a cousa xa van 3 d\u00e9cadas<\/p><\/blockquote>\n\n\n\n<p><strong>Hoxe, trinta anos despois, est\u00e1s arrepentida de ter collido a ese autostopista?<\/strong><\/p>\n\n\n\n<blockquote class=\"wp-block-quote is-layout-flow wp-block-quote-is-layout-flow\"><p>Non<\/p><\/blockquote>\n\n\n\n<p><strong>Eu sei positivamente que ti pasaches por circunstancias dur\u00edsimas no teu traballo, sei que sufriches boicots e que se somet\u00eda a presi\u00f3n a compa\u00f1eiras e compa\u00f1eiros teus para que non falasen contigo<\/strong><\/p>\n\n\n\n<blockquote class=\"wp-block-quote is-layout-flow wp-block-quote-is-layout-flow\"><p>Si, foi as\u00ed, tal como o dis<\/p><\/blockquote>\n\n\n\n<p><strong>E segues sufrindo esa situaci\u00f3n?<\/strong><\/p>\n\n\n\n<blockquote class=\"wp-block-quote is-layout-flow wp-block-quote-is-layout-flow\"><p>Non, eu creo que os que a instigaran xa se deron por derrotados<\/p><\/blockquote>\n\n\n\n<p><strong>Humanamente como se leva?<\/strong><\/p>\n\n\n\n<blockquote class=\"wp-block-quote is-layout-flow wp-block-quote-is-layout-flow\"><p>Non \u00e9 nada f\u00e1cil claro. Eu cheguei a pasalo moi mal<\/p><\/blockquote>\n\n\n\n<p><strong>Por que comezaron os boicots?<\/strong><\/p>\n\n\n\n<blockquote class=\"wp-block-quote is-layout-flow wp-block-quote-is-layout-flow\"><p>Todo comezou cando a CIG decidiu presentarse ao comit\u00e9. Para evitar as presi\u00f3ns a preparaci\u00f3n da candidatura foi digamos que secreta, de feito a s\u00faa presentaci\u00f3n fix\u00e9mola o \u00faltimo d\u00eda, dez minutos antes de que pechara a mesa<\/p><\/blockquote>\n\n\n\n<p><strong>Debeu ser impactante?<\/strong><\/p>\n\n\n\n<blockquote class=\"wp-block-quote is-layout-flow wp-block-quote-is-layout-flow\"><p>E tanto que si. Aos 4 meses a min bot\u00e1ronme \u00e1 r\u00faa e o comit\u00e9 foi revogado. Protestamos e a min acab\u00e1ronme por readmitir co castigo de dous meses de suspensi\u00f3n de emprego e soldo. E a partir de a\u00ed comezou o a pol\u00edtica de acoso e derrubo<\/p><\/blockquote>\n\n\n\n<p><strong>Contra a t\u00faa persoa ou contra a CIG?<\/strong><\/p>\n\n\n\n<blockquote class=\"wp-block-quote is-layout-flow wp-block-quote-is-layout-flow\"><p>Todos os que estabamos na CIG pas\u00e1molo mal. No meu caso chegou ao punto de que cando eu entraba na cafeter\u00eda todo o mundo marchaba. Tam\u00e9n me chegaron a ofrecer 16.000.000 de pesetas para que me marchase da empresa<\/p><\/blockquote>\n\n\n\n<p><strong>Mi\u00f1a nai \u00a1\u00a1<\/strong><\/p>\n\n\n\n<blockquote class=\"wp-block-quote is-layout-flow wp-block-quote-is-layout-flow\"><p>Eu son moi teimuda e nin acepto nin me rindo ante as inxustizas. A min cheg\u00e1ronme ofrecer ser xefa de secci\u00f3n se abandonaba o comit\u00e9, cando lles dixen que non, coment\u00e1ronme a posibilidade de cambiar para CCOOO ou para UGT<\/p><\/blockquote>\n\n\n\n<p><strong>E ti que contestaches?<\/strong><\/p>\n\n\n\n<blockquote class=\"wp-block-quote is-layout-flow wp-block-quote-is-layout-flow\"><p>Desculpa a expresi\u00f3n pero xa que mo preguntas vouche responder literalmente o que lle dixen: eu milito onde me sae da cona, eu milito na CIG e nin vostede nin cristo bendito vaime facer cambiar de central sindical<\/p><\/blockquote>\n\n\n\n<p><strong>Quen foi a primeira persoa da CIG que contactou contigo?<\/strong><\/p>\n\n\n\n<blockquote class=\"wp-block-quote is-layout-flow wp-block-quote-is-layout-flow\"><p>Henrique Vi\u00e9itez, pero eu te\u00f1o tres referencias sindicais por encima de calquera outra que son Miranda Vigo, Alberte Gon\u00e7alvez e Xose Lois Romero. Non quero ser inxusta porque eu son da CIG , estou orgullosa de selo e sempre concib\u00edn a actividade sindical como un traballo colectivo, pero habendo na CIG infinidade de persoas \u00e1s que aprecio e respecto vasme permitir salientar a esas 3 como especiais para min.<\/p><\/blockquote>\n\n\n\n<p><strong>Como valoras a situaci\u00f3n actual do sector da automoci\u00f3n na nosa comarca?<\/strong><\/p>\n\n\n\n<blockquote class=\"wp-block-quote is-layout-flow wp-block-quote-is-layout-flow\"><p>Agora mesmo est\u00e1 nunha situaci\u00f3n alcista. N\u00f3s non contabamos con que despois do par\u00f3n motivado pola situaci\u00f3n sanitaria estiveramos producindo con quendas incluso de fin de semana. Neste momento estamos producindo igual que antes do confinamento. Na empresa principal de automoci\u00f3n, PSA, en outubro van quitar unha nova quenda de fin de semana. O problema m\u00e1is importante \u00e9 que a devandita empresa principal \u00e9 unha empresa de furgonetas, di\u00e9sel e gasolina. Non te\u00f1en un proxecto el\u00e9ctrico grande que poida dotar de carga de traballo \u00e1s auxiliares. Hai empresas como por exemplo Borgwarner que fan motores que est\u00e1n nunha situaci\u00f3n moi complicada, e que si se deixase de facer o coche di\u00e9sel poder\u00edan ter problemas moi serios<\/p><\/blockquote>\n\n\n\n<p><strong>De feito nesa empresa de Zam\u00e1ns chegou a haber unha formulaci\u00f3n de hip\u00f3tese dun ERE moi importante hai pouco tempo<\/strong><\/p>\n\n\n\n<blockquote class=\"wp-block-quote is-layout-flow wp-block-quote-is-layout-flow\"><p>Si. Imos ver, o razoable \u00e9 que tanto PSA como todas as factor\u00edas fabricantes pensen xa en modelos el\u00e9ctricos viables , para \u00edrmonos adaptado aos poucos, porque no ano 2.050, hai quen di que xa no 2.030, as cidades de m\u00e1is de 50.000 habitantes non poder\u00e1n ter coches nin de di\u00e9sel nin de gasolina.<\/p><\/blockquote>\n\n\n\n<p><strong>A ecolox\u00eda e a necesidade de apostar por non contaminar o planeta \u00e9 compatible cunha industria de automoci\u00f3n s\u00f3lida e solvente?<\/strong><\/p>\n\n\n\n<blockquote class=\"wp-block-quote is-layout-flow wp-block-quote-is-layout-flow\"><p>Si, estou segura de que si. Debemos de buscar as f\u00f3rmulas que o fagan compatible, porque o desenrolo industrial \u00e9 moi importante, pero se nos cargamos o planeta non serve absolutamente para nada.<\/p><\/blockquote>\n\n\n\n<p><strong>E hai alternativas?<\/strong><\/p>\n\n\n\n<blockquote class=\"wp-block-quote is-layout-flow wp-block-quote-is-layout-flow\"><p>Si, claro que as hai, pero lamentablemente a administraci\u00f3n auton\u00f3mica non desenvolve ning\u00fan tipo de pol\u00edtica na s\u00faa procura. A CIG ten un proxecto para a automoci\u00f3n desde o 2.018<\/p><\/blockquote>\n\n\n\n<p><strong>En que consiste?<\/strong><\/p>\n\n\n\n<blockquote class=\"wp-block-quote is-layout-flow wp-block-quote-is-layout-flow\"><p>Basicamente nas seguintes medidas:<\/p><\/blockquote>\n\n\n\n<ul class=\"wp-block-list\"><li>Apostar polo coche h\u00edbrido e el\u00e9ctrico<\/li><li>Apostar polo coche h\u00edbrido a gas<\/li><li>Apostar polo coche aut\u00f3nomo<\/li><li>Desenvolver unha pol\u00edtica enerx\u00e9tica de pa\u00eds para o sector da automoci\u00f3n<\/li><li>Desenvolver un plan de rexuvenecemento dos cadros de persoal<\/li><li>Formaci\u00f3n do persoal cara aos novos sistemas de fabricaci\u00f3n<\/li><li>Ter unha mesa do sector na que participen a parte sindical, a empresarial, a administraci\u00f3n e as 3 universidades galegas<\/li><\/ul>\n\n\n\n<p><strong>Os principais problemas que ten o sector cales son?<\/strong><\/p>\n\n\n\n<blockquote class=\"wp-block-quote is-layout-flow wp-block-quote-is-layout-flow\"><p>Al\u00e9n do que che comentei referente a que non existe un plan global de preparaci\u00f3n do sector para o futuro tecnol\u00f3xico e para o futuro, en realidade para o presente, ecol\u00f3xico, pois os ritmos de traballo desbocados, os salarios cada vez m\u00e1is baixos ,as produci\u00f3ns extremas, a precarizaci\u00f3n xeral das condici\u00f3ns de traballo e apouca estabilidade na contrataci\u00f3n. As plantillas mudan con moita frecuencia co que non \u00e9 nada f\u00e1cil acadar a especializaci\u00f3n necesaria para desenvolver un traballo de maneira adecuada. N\u00f3s temos que ser capaces en Vigo de que a automoci\u00f3n te\u00f1a contratos estables<\/p><\/blockquote>\n\n\n\n<p><strong>O meu pai traballou 38 anos en Citro\u00ebn, e recordo que na s\u00faa \u00e9poca traballar al\u00ed era para un operario o mesmo que para un monta\u00f1eiro coroar o Everest<\/strong><\/p>\n\n\n\n<blockquote class=\"wp-block-quote is-layout-flow wp-block-quote-is-layout-flow\"><p>Esa situaci\u00f3n que describes, efectivamente foi as\u00ed, pero xa morreu hai anos. Hoxe calquera operario ou operaria prefire traballar nunha auxiliar ca na principal<\/p><\/blockquote>\n\n\n\n<p><strong>Por que?<\/strong><\/p>\n\n\n\n<blockquote class=\"wp-block-quote is-layout-flow wp-block-quote-is-layout-flow\"><p>As condici\u00f3ns de precariedade , e ritmos de traballo esaxerados que antes che comente, i en PSA son peores ca nas demais empresas.<\/p><\/blockquote>\n\n\n\n<p><strong>Vimos de vivir na nosa contorna unha arrepiante vaga de accidentes laborais que orixinaron a morte de varias persoas. Que explicaci\u00f3n ten, para a CIG, esa situaci\u00f3n?<\/strong><\/p>\n\n\n\n<blockquote class=\"wp-block-quote is-layout-flow wp-block-quote-is-layout-flow\"><p>Os erros humanos existen, pero cando algo se repite con frecuencia con par\u00e1metros semellantes xeralmente hai algunha raz\u00f3n que o provoca. N\u00f3s consideramos que os ritmos de traballo esaxerados son os que orixinan este tipo de accidentes .<\/p><\/blockquote>\n\n\n\n<p><strong>Sobre a deslocalizaci\u00f3n que nos dis?<\/strong><\/p>\n\n\n\n<blockquote class=\"wp-block-quote is-layout-flow wp-block-quote-is-layout-flow\"><p>Esa \u00e9 unha das ameazas m\u00e1is grandes \u00e1 que nos someten. Eu levo m\u00e1is de 15 anos escoitando que se non aceptamos empeorar as condici\u00f3ns as empresas marchan<\/p><\/blockquote>\n\n\n\n<p><strong>O problema \u00e9 que cobrades demasiado?<\/strong><\/p>\n\n\n\n<blockquote class=\"wp-block-quote is-layout-flow wp-block-quote-is-layout-flow\"><p>Non, claro que non. Se ese fose o problema en Euskadi, por exemplo, non debera existir unha soa empresa pois eles te\u00f1en mellores condici\u00f3ns ca n\u00f3s. O problema \u00e9 que non existe por parte da administraci\u00f3n auton\u00f3mica unha pol\u00edtica adecuada de fiscalizaci\u00f3n dos cartos que se lles d\u00e1 \u00e1s empresas a modo de subvenci\u00f3ns. Se unha empresa recibe cartos p\u00fablicos deben estar suficientemente regulados para que lles sexa imposible levar a produci\u00f3n a outras zonas<\/p><\/blockquote>\n","protected":false},"excerpt":{"rendered":"<div class=\"mh-excerpt\"><p>A administraci\u00f3n carece dun plan para a preparaci\u00f3n do noso sector, cara ao futuro tecnol\u00f3xico e ecol\u00f3xico <a class=\"mh-excerpt-more\" href=\"https:\/\/www.anovapeneira.gal\/index.php\/2020\/09\/17\/maria-xose-garcia-responsable-comarcal-da-cig-do-sector-de-automocion\/\" title=\"Mar\u00eda Xos\u00e9 Garc\u00eda. Responsable Nacional da CIG do sector de automoci\u00f3n\">[&#8230;]<\/a><\/p>\n<\/div>","protected":false},"author":3,"featured_media":3919,"comment_status":"open","ping_status":"open","sticky":false,"template":"","format":"standard","meta":{"_exactmetrics_skip_tracking":false,"_exactmetrics_sitenote_active":false,"_exactmetrics_sitenote_note":"","_exactmetrics_sitenote_category":0,"footnotes":""},"categories":[272],"tags":[88,1194],"class_list":{"0":"post-3918","1":"post","2":"type-post","3":"status-publish","4":"format-standard","5":"has-post-thumbnail","7":"category-vigo-entrevistas","8":"tag-cig","9":"tag-sector-de-automocion"},"yoast_head":"<!-- This site is optimized with the Yoast SEO plugin v27.4 - https:\/\/yoast.com\/product\/yoast-seo-wordpress\/ -->\n<title>Mar\u00eda Xos\u00e9 Garc\u00eda. Responsable Nacional da CIG do sector de automoci\u00f3n -<\/title>\n<meta name=\"description\" content=\"CIG do sector de automoci\u00f3n: A administraci\u00f3n carece dun plan para a preparaci\u00f3n do noso sector, cara ao futuro tecnol\u00f3xico e ecol\u00f3xico\" \/>\n<meta name=\"robots\" content=\"index, follow, max-snippet:-1, max-image-preview:large, max-video-preview:-1\" \/>\n<link rel=\"canonical\" href=\"https:\/\/www.anovapeneira.gal\/index.php\/2020\/09\/17\/maria-xose-garcia-responsable-comarcal-da-cig-do-sector-de-automocion\/\" \/>\n<meta property=\"og:locale\" content=\"gl_ES\" \/>\n<meta property=\"og:type\" content=\"article\" \/>\n<meta property=\"og:title\" content=\"Mar\u00eda Xos\u00e9 Garc\u00eda. Responsable Nacional da CIG do sector de automoci\u00f3n -\" \/>\n<meta property=\"og:description\" content=\"CIG do sector de automoci\u00f3n: A administraci\u00f3n carece dun plan para a preparaci\u00f3n do noso sector, cara ao futuro tecnol\u00f3xico e ecol\u00f3xico\" \/>\n<meta property=\"og:url\" content=\"https:\/\/www.anovapeneira.gal\/index.php\/2020\/09\/17\/maria-xose-garcia-responsable-comarcal-da-cig-do-sector-de-automocion\/\" \/>\n<meta property=\"article:publisher\" content=\"https:\/\/www.facebook.com\/anovapeneira\" \/>\n<meta property=\"article:published_time\" content=\"2020-09-17T08:00:25+00:00\" \/>\n<meta property=\"article:modified_time\" content=\"2020-09-17T19:14:32+00:00\" \/>\n<meta property=\"og:image\" content=\"https:\/\/www.anovapeneira.gal\/wp-content\/uploads\/2020\/09\/cig_automocion_maria_xose_garcia_a_nova_peneira.jpg\" \/>\n\t<meta property=\"og:image:width\" content=\"720\" \/>\n\t<meta property=\"og:image:height\" content=\"432\" \/>\n\t<meta property=\"og:image:type\" content=\"image\/jpeg\" \/>\n<meta name=\"author\" content=\"Redacci\u00f3n A Nova Peneira\" \/>\n<meta name=\"twitter:card\" content=\"summary_large_image\" \/>\n<meta name=\"twitter:creator\" content=\"@APeneira\" \/>\n<meta name=\"twitter:site\" content=\"@APeneira\" \/>\n<meta name=\"twitter:label1\" content=\"Escrito por\" \/>\n\t<meta name=\"twitter:data1\" content=\"Redacci\u00f3n A Nova Peneira\" \/>\n\t<meta name=\"twitter:label2\" content=\"Tempo de lectura\" \/>\n\t<meta name=\"twitter:data2\" content=\"7 minutos\" \/>\n<script type=\"application\/ld+json\" class=\"yoast-schema-graph\">{\"@context\":\"https:\\\/\\\/schema.org\",\"@graph\":[{\"@type\":\"Article\",\"@id\":\"https:\\\/\\\/www.anovapeneira.gal\\\/index.php\\\/2020\\\/09\\\/17\\\/maria-xose-garcia-responsable-comarcal-da-cig-do-sector-de-automocion\\\/#article\",\"isPartOf\":{\"@id\":\"https:\\\/\\\/www.anovapeneira.gal\\\/index.php\\\/2020\\\/09\\\/17\\\/maria-xose-garcia-responsable-comarcal-da-cig-do-sector-de-automocion\\\/\"},\"author\":{\"name\":\"Redacci\u00f3n A Nova Peneira\",\"@id\":\"https:\\\/\\\/www.anovapeneira.gal\\\/#\\\/schema\\\/person\\\/b93e3f8932e3f8da96334607eb6ac6aa\"},\"headline\":\"Mar\u00eda Xos\u00e9 Garc\u00eda. Responsable Nacional da CIG do sector de automoci\u00f3n\",\"datePublished\":\"2020-09-17T08:00:25+00:00\",\"dateModified\":\"2020-09-17T19:14:32+00:00\",\"mainEntityOfPage\":{\"@id\":\"https:\\\/\\\/www.anovapeneira.gal\\\/index.php\\\/2020\\\/09\\\/17\\\/maria-xose-garcia-responsable-comarcal-da-cig-do-sector-de-automocion\\\/\"},\"wordCount\":1375,\"commentCount\":0,\"publisher\":{\"@id\":\"https:\\\/\\\/www.anovapeneira.gal\\\/#organization\"},\"image\":{\"@id\":\"https:\\\/\\\/www.anovapeneira.gal\\\/index.php\\\/2020\\\/09\\\/17\\\/maria-xose-garcia-responsable-comarcal-da-cig-do-sector-de-automocion\\\/#primaryimage\"},\"thumbnailUrl\":\"https:\\\/\\\/www.anovapeneira.gal\\\/wp-content\\\/uploads\\\/2020\\\/09\\\/cig_automocion_maria_xose_garcia_a_nova_peneira.jpg\",\"keywords\":[\"CIG\",\"sector de automoci\u00f3n\"],\"articleSection\":[\"Vigo\"],\"inLanguage\":\"gl-ES\",\"potentialAction\":[{\"@type\":\"CommentAction\",\"name\":\"Comment\",\"target\":[\"https:\\\/\\\/www.anovapeneira.gal\\\/index.php\\\/2020\\\/09\\\/17\\\/maria-xose-garcia-responsable-comarcal-da-cig-do-sector-de-automocion\\\/#respond\"]}]},{\"@type\":\"WebPage\",\"@id\":\"https:\\\/\\\/www.anovapeneira.gal\\\/index.php\\\/2020\\\/09\\\/17\\\/maria-xose-garcia-responsable-comarcal-da-cig-do-sector-de-automocion\\\/\",\"url\":\"https:\\\/\\\/www.anovapeneira.gal\\\/index.php\\\/2020\\\/09\\\/17\\\/maria-xose-garcia-responsable-comarcal-da-cig-do-sector-de-automocion\\\/\",\"name\":\"Mar\u00eda Xos\u00e9 Garc\u00eda. Responsable Nacional da CIG do sector de automoci\u00f3n -\",\"isPartOf\":{\"@id\":\"https:\\\/\\\/www.anovapeneira.gal\\\/#website\"},\"primaryImageOfPage\":{\"@id\":\"https:\\\/\\\/www.anovapeneira.gal\\\/index.php\\\/2020\\\/09\\\/17\\\/maria-xose-garcia-responsable-comarcal-da-cig-do-sector-de-automocion\\\/#primaryimage\"},\"image\":{\"@id\":\"https:\\\/\\\/www.anovapeneira.gal\\\/index.php\\\/2020\\\/09\\\/17\\\/maria-xose-garcia-responsable-comarcal-da-cig-do-sector-de-automocion\\\/#primaryimage\"},\"thumbnailUrl\":\"https:\\\/\\\/www.anovapeneira.gal\\\/wp-content\\\/uploads\\\/2020\\\/09\\\/cig_automocion_maria_xose_garcia_a_nova_peneira.jpg\",\"datePublished\":\"2020-09-17T08:00:25+00:00\",\"dateModified\":\"2020-09-17T19:14:32+00:00\",\"description\":\"CIG do sector de automoci\u00f3n: A administraci\u00f3n carece dun plan para a preparaci\u00f3n do noso sector, cara ao futuro tecnol\u00f3xico e ecol\u00f3xico\",\"breadcrumb\":{\"@id\":\"https:\\\/\\\/www.anovapeneira.gal\\\/index.php\\\/2020\\\/09\\\/17\\\/maria-xose-garcia-responsable-comarcal-da-cig-do-sector-de-automocion\\\/#breadcrumb\"},\"inLanguage\":\"gl-ES\",\"potentialAction\":[{\"@type\":\"ReadAction\",\"target\":[\"https:\\\/\\\/www.anovapeneira.gal\\\/index.php\\\/2020\\\/09\\\/17\\\/maria-xose-garcia-responsable-comarcal-da-cig-do-sector-de-automocion\\\/\"]}]},{\"@type\":\"ImageObject\",\"inLanguage\":\"gl-ES\",\"@id\":\"https:\\\/\\\/www.anovapeneira.gal\\\/index.php\\\/2020\\\/09\\\/17\\\/maria-xose-garcia-responsable-comarcal-da-cig-do-sector-de-automocion\\\/#primaryimage\",\"url\":\"https:\\\/\\\/www.anovapeneira.gal\\\/wp-content\\\/uploads\\\/2020\\\/09\\\/cig_automocion_maria_xose_garcia_a_nova_peneira.jpg\",\"contentUrl\":\"https:\\\/\\\/www.anovapeneira.gal\\\/wp-content\\\/uploads\\\/2020\\\/09\\\/cig_automocion_maria_xose_garcia_a_nova_peneira.jpg\",\"width\":720,\"height\":432,\"caption\":\"CIG automaci\u00f3n Mar\u00eda Xos\u00e9 Garc\u00eda\"},{\"@type\":\"BreadcrumbList\",\"@id\":\"https:\\\/\\\/www.anovapeneira.gal\\\/index.php\\\/2020\\\/09\\\/17\\\/maria-xose-garcia-responsable-comarcal-da-cig-do-sector-de-automocion\\\/#breadcrumb\",\"itemListElement\":[{\"@type\":\"ListItem\",\"position\":1,\"name\":\"Portada\",\"item\":\"https:\\\/\\\/www.anovapeneira.gal\\\/\"},{\"@type\":\"ListItem\",\"position\":2,\"name\":\"Mar\u00eda Xos\u00e9 Garc\u00eda. Responsable Nacional da CIG do sector de automoci\u00f3n\"}]},{\"@type\":\"WebSite\",\"@id\":\"https:\\\/\\\/www.anovapeneira.gal\\\/#website\",\"url\":\"https:\\\/\\\/www.anovapeneira.gal\\\/\",\"name\":\"\",\"description\":\"Xornal galego de informaci\u00f3n xeral Publicaci\u00f3n mensual de novas de Galicia e en especial dos Concellos da sur da provincia de Pontevedra.\",\"publisher\":{\"@id\":\"https:\\\/\\\/www.anovapeneira.gal\\\/#organization\"},\"potentialAction\":[{\"@type\":\"SearchAction\",\"target\":{\"@type\":\"EntryPoint\",\"urlTemplate\":\"https:\\\/\\\/www.anovapeneira.gal\\\/?s={search_term_string}\"},\"query-input\":{\"@type\":\"PropertyValueSpecification\",\"valueRequired\":true,\"valueName\":\"search_term_string\"}}],\"inLanguage\":\"gl-ES\"},{\"@type\":\"Organization\",\"@id\":\"https:\\\/\\\/www.anovapeneira.gal\\\/#organization\",\"name\":\"A Nova Peneira\",\"url\":\"https:\\\/\\\/www.anovapeneira.gal\\\/\",\"logo\":{\"@type\":\"ImageObject\",\"inLanguage\":\"gl-ES\",\"@id\":\"https:\\\/\\\/www.anovapeneira.gal\\\/#\\\/schema\\\/logo\\\/image\\\/\",\"url\":\"http:\\\/\\\/www.anovapeneira.gal\\\/wp-content\\\/uploads\\\/2019\\\/06\\\/logo_a_nova_peneira_portal_web.png\",\"contentUrl\":\"http:\\\/\\\/www.anovapeneira.gal\\\/wp-content\\\/uploads\\\/2019\\\/06\\\/logo_a_nova_peneira_portal_web.png\",\"width\":300,\"height\":100,\"caption\":\"A Nova Peneira\"},\"image\":{\"@id\":\"https:\\\/\\\/www.anovapeneira.gal\\\/#\\\/schema\\\/logo\\\/image\\\/\"},\"sameAs\":[\"https:\\\/\\\/www.facebook.com\\\/anovapeneira\",\"https:\\\/\\\/x.com\\\/APeneira\"]},{\"@type\":\"Person\",\"@id\":\"https:\\\/\\\/www.anovapeneira.gal\\\/#\\\/schema\\\/person\\\/b93e3f8932e3f8da96334607eb6ac6aa\",\"name\":\"Redacci\u00f3n A Nova Peneira\",\"image\":{\"@type\":\"ImageObject\",\"inLanguage\":\"gl-ES\",\"@id\":\"https:\\\/\\\/secure.gravatar.com\\\/avatar\\\/c052a2551a06e23fac63626232eaa90abd78dbcf1700fc46a2b2c89fd27b735f?s=96&d=mm&r=g\",\"url\":\"https:\\\/\\\/secure.gravatar.com\\\/avatar\\\/c052a2551a06e23fac63626232eaa90abd78dbcf1700fc46a2b2c89fd27b735f?s=96&d=mm&r=g\",\"contentUrl\":\"https:\\\/\\\/secure.gravatar.com\\\/avatar\\\/c052a2551a06e23fac63626232eaa90abd78dbcf1700fc46a2b2c89fd27b735f?s=96&d=mm&r=g\",\"caption\":\"Redacci\u00f3n A Nova Peneira\"},\"sameAs\":[\"http:\\\/\\\/www.anovapeneira.gal\\\/\"],\"url\":\"https:\\\/\\\/www.anovapeneira.gal\\\/index.php\\\/author\\\/redactor\\\/\"}]}<\/script>\n<!-- \/ Yoast SEO plugin. -->","yoast_head_json":{"title":"Mar\u00eda Xos\u00e9 Garc\u00eda. Responsable Nacional da CIG do sector de automoci\u00f3n -","description":"CIG do sector de automoci\u00f3n: A administraci\u00f3n carece dun plan para a preparaci\u00f3n do noso sector, cara ao futuro tecnol\u00f3xico e ecol\u00f3xico","robots":{"index":"index","follow":"follow","max-snippet":"max-snippet:-1","max-image-preview":"max-image-preview:large","max-video-preview":"max-video-preview:-1"},"canonical":"https:\/\/www.anovapeneira.gal\/index.php\/2020\/09\/17\/maria-xose-garcia-responsable-comarcal-da-cig-do-sector-de-automocion\/","og_locale":"gl_ES","og_type":"article","og_title":"Mar\u00eda Xos\u00e9 Garc\u00eda. Responsable Nacional da CIG do sector de automoci\u00f3n -","og_description":"CIG do sector de automoci\u00f3n: A administraci\u00f3n carece dun plan para a preparaci\u00f3n do noso sector, cara ao futuro tecnol\u00f3xico e ecol\u00f3xico","og_url":"https:\/\/www.anovapeneira.gal\/index.php\/2020\/09\/17\/maria-xose-garcia-responsable-comarcal-da-cig-do-sector-de-automocion\/","article_publisher":"https:\/\/www.facebook.com\/anovapeneira","article_published_time":"2020-09-17T08:00:25+00:00","article_modified_time":"2020-09-17T19:14:32+00:00","og_image":[{"width":720,"height":432,"url":"https:\/\/www.anovapeneira.gal\/wp-content\/uploads\/2020\/09\/cig_automocion_maria_xose_garcia_a_nova_peneira.jpg","type":"image\/jpeg"}],"author":"Redacci\u00f3n A Nova Peneira","twitter_card":"summary_large_image","twitter_creator":"@APeneira","twitter_site":"@APeneira","twitter_misc":{"Escrito por":"Redacci\u00f3n A Nova Peneira","Tempo de lectura":"7 minutos"},"schema":{"@context":"https:\/\/schema.org","@graph":[{"@type":"Article","@id":"https:\/\/www.anovapeneira.gal\/index.php\/2020\/09\/17\/maria-xose-garcia-responsable-comarcal-da-cig-do-sector-de-automocion\/#article","isPartOf":{"@id":"https:\/\/www.anovapeneira.gal\/index.php\/2020\/09\/17\/maria-xose-garcia-responsable-comarcal-da-cig-do-sector-de-automocion\/"},"author":{"name":"Redacci\u00f3n A Nova Peneira","@id":"https:\/\/www.anovapeneira.gal\/#\/schema\/person\/b93e3f8932e3f8da96334607eb6ac6aa"},"headline":"Mar\u00eda Xos\u00e9 Garc\u00eda. Responsable Nacional da CIG do sector de automoci\u00f3n","datePublished":"2020-09-17T08:00:25+00:00","dateModified":"2020-09-17T19:14:32+00:00","mainEntityOfPage":{"@id":"https:\/\/www.anovapeneira.gal\/index.php\/2020\/09\/17\/maria-xose-garcia-responsable-comarcal-da-cig-do-sector-de-automocion\/"},"wordCount":1375,"commentCount":0,"publisher":{"@id":"https:\/\/www.anovapeneira.gal\/#organization"},"image":{"@id":"https:\/\/www.anovapeneira.gal\/index.php\/2020\/09\/17\/maria-xose-garcia-responsable-comarcal-da-cig-do-sector-de-automocion\/#primaryimage"},"thumbnailUrl":"https:\/\/www.anovapeneira.gal\/wp-content\/uploads\/2020\/09\/cig_automocion_maria_xose_garcia_a_nova_peneira.jpg","keywords":["CIG","sector de automoci\u00f3n"],"articleSection":["Vigo"],"inLanguage":"gl-ES","potentialAction":[{"@type":"CommentAction","name":"Comment","target":["https:\/\/www.anovapeneira.gal\/index.php\/2020\/09\/17\/maria-xose-garcia-responsable-comarcal-da-cig-do-sector-de-automocion\/#respond"]}]},{"@type":"WebPage","@id":"https:\/\/www.anovapeneira.gal\/index.php\/2020\/09\/17\/maria-xose-garcia-responsable-comarcal-da-cig-do-sector-de-automocion\/","url":"https:\/\/www.anovapeneira.gal\/index.php\/2020\/09\/17\/maria-xose-garcia-responsable-comarcal-da-cig-do-sector-de-automocion\/","name":"Mar\u00eda Xos\u00e9 Garc\u00eda. Responsable Nacional da CIG do sector de automoci\u00f3n -","isPartOf":{"@id":"https:\/\/www.anovapeneira.gal\/#website"},"primaryImageOfPage":{"@id":"https:\/\/www.anovapeneira.gal\/index.php\/2020\/09\/17\/maria-xose-garcia-responsable-comarcal-da-cig-do-sector-de-automocion\/#primaryimage"},"image":{"@id":"https:\/\/www.anovapeneira.gal\/index.php\/2020\/09\/17\/maria-xose-garcia-responsable-comarcal-da-cig-do-sector-de-automocion\/#primaryimage"},"thumbnailUrl":"https:\/\/www.anovapeneira.gal\/wp-content\/uploads\/2020\/09\/cig_automocion_maria_xose_garcia_a_nova_peneira.jpg","datePublished":"2020-09-17T08:00:25+00:00","dateModified":"2020-09-17T19:14:32+00:00","description":"CIG do sector de automoci\u00f3n: A administraci\u00f3n carece dun plan para a preparaci\u00f3n do noso sector, cara ao futuro tecnol\u00f3xico e ecol\u00f3xico","breadcrumb":{"@id":"https:\/\/www.anovapeneira.gal\/index.php\/2020\/09\/17\/maria-xose-garcia-responsable-comarcal-da-cig-do-sector-de-automocion\/#breadcrumb"},"inLanguage":"gl-ES","potentialAction":[{"@type":"ReadAction","target":["https:\/\/www.anovapeneira.gal\/index.php\/2020\/09\/17\/maria-xose-garcia-responsable-comarcal-da-cig-do-sector-de-automocion\/"]}]},{"@type":"ImageObject","inLanguage":"gl-ES","@id":"https:\/\/www.anovapeneira.gal\/index.php\/2020\/09\/17\/maria-xose-garcia-responsable-comarcal-da-cig-do-sector-de-automocion\/#primaryimage","url":"https:\/\/www.anovapeneira.gal\/wp-content\/uploads\/2020\/09\/cig_automocion_maria_xose_garcia_a_nova_peneira.jpg","contentUrl":"https:\/\/www.anovapeneira.gal\/wp-content\/uploads\/2020\/09\/cig_automocion_maria_xose_garcia_a_nova_peneira.jpg","width":720,"height":432,"caption":"CIG automaci\u00f3n Mar\u00eda Xos\u00e9 Garc\u00eda"},{"@type":"BreadcrumbList","@id":"https:\/\/www.anovapeneira.gal\/index.php\/2020\/09\/17\/maria-xose-garcia-responsable-comarcal-da-cig-do-sector-de-automocion\/#breadcrumb","itemListElement":[{"@type":"ListItem","position":1,"name":"Portada","item":"https:\/\/www.anovapeneira.gal\/"},{"@type":"ListItem","position":2,"name":"Mar\u00eda Xos\u00e9 Garc\u00eda. Responsable Nacional da CIG do sector de automoci\u00f3n"}]},{"@type":"WebSite","@id":"https:\/\/www.anovapeneira.gal\/#website","url":"https:\/\/www.anovapeneira.gal\/","name":"","description":"Xornal galego de informaci\u00f3n xeral Publicaci\u00f3n mensual de novas de Galicia e en especial dos Concellos da sur da provincia de Pontevedra.","publisher":{"@id":"https:\/\/www.anovapeneira.gal\/#organization"},"potentialAction":[{"@type":"SearchAction","target":{"@type":"EntryPoint","urlTemplate":"https:\/\/www.anovapeneira.gal\/?s={search_term_string}"},"query-input":{"@type":"PropertyValueSpecification","valueRequired":true,"valueName":"search_term_string"}}],"inLanguage":"gl-ES"},{"@type":"Organization","@id":"https:\/\/www.anovapeneira.gal\/#organization","name":"A Nova Peneira","url":"https:\/\/www.anovapeneira.gal\/","logo":{"@type":"ImageObject","inLanguage":"gl-ES","@id":"https:\/\/www.anovapeneira.gal\/#\/schema\/logo\/image\/","url":"http:\/\/www.anovapeneira.gal\/wp-content\/uploads\/2019\/06\/logo_a_nova_peneira_portal_web.png","contentUrl":"http:\/\/www.anovapeneira.gal\/wp-content\/uploads\/2019\/06\/logo_a_nova_peneira_portal_web.png","width":300,"height":100,"caption":"A Nova Peneira"},"image":{"@id":"https:\/\/www.anovapeneira.gal\/#\/schema\/logo\/image\/"},"sameAs":["https:\/\/www.facebook.com\/anovapeneira","https:\/\/x.com\/APeneira"]},{"@type":"Person","@id":"https:\/\/www.anovapeneira.gal\/#\/schema\/person\/b93e3f8932e3f8da96334607eb6ac6aa","name":"Redacci\u00f3n A Nova Peneira","image":{"@type":"ImageObject","inLanguage":"gl-ES","@id":"https:\/\/secure.gravatar.com\/avatar\/c052a2551a06e23fac63626232eaa90abd78dbcf1700fc46a2b2c89fd27b735f?s=96&d=mm&r=g","url":"https:\/\/secure.gravatar.com\/avatar\/c052a2551a06e23fac63626232eaa90abd78dbcf1700fc46a2b2c89fd27b735f?s=96&d=mm&r=g","contentUrl":"https:\/\/secure.gravatar.com\/avatar\/c052a2551a06e23fac63626232eaa90abd78dbcf1700fc46a2b2c89fd27b735f?s=96&d=mm&r=g","caption":"Redacci\u00f3n A Nova Peneira"},"sameAs":["http:\/\/www.anovapeneira.gal\/"],"url":"https:\/\/www.anovapeneira.gal\/index.php\/author\/redactor\/"}]}},"jetpack_featured_media_url":"https:\/\/www.anovapeneira.gal\/wp-content\/uploads\/2020\/09\/cig_automocion_maria_xose_garcia_a_nova_peneira.jpg","_links":{"self":[{"href":"https:\/\/www.anovapeneira.gal\/index.php\/wp-json\/wp\/v2\/posts\/3918","targetHints":{"allow":["GET"]}}],"collection":[{"href":"https:\/\/www.anovapeneira.gal\/index.php\/wp-json\/wp\/v2\/posts"}],"about":[{"href":"https:\/\/www.anovapeneira.gal\/index.php\/wp-json\/wp\/v2\/types\/post"}],"author":[{"embeddable":true,"href":"https:\/\/www.anovapeneira.gal\/index.php\/wp-json\/wp\/v2\/users\/3"}],"replies":[{"embeddable":true,"href":"https:\/\/www.anovapeneira.gal\/index.php\/wp-json\/wp\/v2\/comments?post=3918"}],"version-history":[{"count":4,"href":"https:\/\/www.anovapeneira.gal\/index.php\/wp-json\/wp\/v2\/posts\/3918\/revisions"}],"predecessor-version":[{"id":3939,"href":"https:\/\/www.anovapeneira.gal\/index.php\/wp-json\/wp\/v2\/posts\/3918\/revisions\/3939"}],"wp:featuredmedia":[{"embeddable":true,"href":"https:\/\/www.anovapeneira.gal\/index.php\/wp-json\/wp\/v2\/media\/3919"}],"wp:attachment":[{"href":"https:\/\/www.anovapeneira.gal\/index.php\/wp-json\/wp\/v2\/media?parent=3918"}],"wp:term":[{"taxonomy":"category","embeddable":true,"href":"https:\/\/www.anovapeneira.gal\/index.php\/wp-json\/wp\/v2\/categories?post=3918"},{"taxonomy":"post_tag","embeddable":true,"href":"https:\/\/www.anovapeneira.gal\/index.php\/wp-json\/wp\/v2\/tags?post=3918"}],"curies":[{"name":"wp","href":"https:\/\/api.w.org\/{rel}","templated":true}]}}