{"id":3934,"date":"2020-09-18T12:00:52","date_gmt":"2020-09-18T10:00:52","guid":{"rendered":"http:\/\/www.anovapeneira.gal\/?p=3934"},"modified":"2020-09-15T08:21:23","modified_gmt":"2020-09-15T06:21:23","slug":"sobre-as-ocupacions-de-vivendas-e-sobre-os-ocupas-da-democracia","status":"publish","type":"post","link":"https:\/\/www.anovapeneira.gal\/index.php\/2020\/09\/18\/sobre-as-ocupacions-de-vivendas-e-sobre-os-ocupas-da-democracia\/","title":{"rendered":"Sobre as ocupaci\u00f3ns de vivendas e sobre os ocupas da democracia"},"content":{"rendered":"\n<figure class=\"wp-block-image size-large is-resized is-style-default\"><img loading=\"lazy\" decoding=\"async\" src=\"http:\/\/www.anovapeneira.gal\/wp-content\/uploads\/2019\/05\/tino_lago_director_a_nova_peneira.jpg\" alt=\"Tino Lago director a Nova Peneira\" class=\"wp-image-189\" width=\"95\" height=\"111\"\/><figcaption>Tino Lago director a Nova Peneira<\/figcaption><\/figure>\n\n\n\n<p>As persoas que pasamos moito tempo na estrada, temos que conformarnos coa compa\u00f1\u00eda da radio do coche para cubrir as nosas necesidades de interacci\u00f3n social. E a todas horas, escoites o que escoites, a publicidade das empresas de alarmas bate de maneira sistem\u00e1tica no subconsciente dos receptores das mensaxes con discursos que suxiren a existencia dun inminente apocalipse de ocupaci\u00f3ns das nosas vivendas, e, xa que logo, a consecuencia l\u00f3xica de tal situaci\u00f3n \u00e9 que debemos contratar unha das alarmas anunciadas, para protexer a nosa seguridade e a das nosas familias. Non sei se algunha vez, amigas e amigos lectores, tiveron a curiosidade de tratar de co\u00f1ecer o prezo deses aparellos. Eu si, e m\u00e1is ou menos \u00e9 o seguinte: Arredor de 250\u20ac \u00e9 o que custa o equipo, entre 50 e 100\u20ac \u00e9 o que soen cobrar pola instalaci\u00f3n, e no que respecta \u00e1 tarifa mensual, as cotas m\u00e1is baratas que atopei eran de 33\u20ac ao mes. \u00c9 dicir, a broma pode sa\u00edr en torno aos 700\u20ac o primeiro ano, o da instalaci\u00f3n, e logo sobre 400\u20ac cada ano, todos e cada un dos anos nos que o cliente decida seguir coa alarma instalada. En realidade, \u00e9 de sentido com\u00fan pensar que hai unha inmensidade de persoas que potencialmente prefiran ocupar unha casa polo morro, no canto de ter unha vivenda digna, xa sexa mercada , xa de aluguer, para vivir nela?. Vostede, que ten a amabilidade de achegarse ata estas p\u00e1xinas, co\u00f1ece no seu entorno habitual a algu\u00e9n, a unha soa persoa, que se meta por que si, pola cara, na casa de algu\u00e9n?. A resposta a ambas preguntas \u00e9 non, con certeza na pr\u00e1ctica totalidade dos casos, e como a condici\u00f3n humana \u00e9 universal, do mesmo xeito que non co\u00f1ecemos a ningu\u00e9n que te\u00f1a por costume irse a vivir nunha casa allea, no resto de contextos pasa o mesmo, porque a maior\u00eda dos seres humanos somos persoas dignas , que queremos vivir en paz, traballar e ter tempo para o lecer e os afectos con quen queremos e quen nos quere. O problema real non \u00e9 a ocupaci\u00f3n, o que \u00e9 realmente grave \u00e9 que hai xente que non ten posibilidades de acceder a unha vivenda, iso si que \u00e9 un drama de verdade, e un s\u00edntoma m\u00e1is do terriblemente cruel que \u00e9 o liberalismo econ\u00f3mico, o sistema que fai posible que haxa grupos empresariais que pos\u00faan centos de vivendas para especular con elas, \u00e1 vez que existen familias que non te\u00f1en posibilidades de vivir nunha casa digna. O estado espa\u00f1ol ten a taxa de aluguer social m\u00e1is baixa de toda Europa, s\u00f3 un 2% das vivendas dispo\u00f1ibles dest\u00ednanse ao alugueiro social .Unha porcentaxe realmente rid\u00edcula se a comparamos por exemplo co 17% dos veci\u00f1os franceses, co 24% que se d\u00e1 en Austria ou cos Pa\u00edses Baixos que reservan case 1\/3 do parque de vivendas para o aluguer das familias con menos recursos. A pobreza \u00e9 a causa de que haxa persoas que se metan en casas valeiras. Se se quere eliminar esa consecuencia non queda outra que atacar directamente \u00e1 causa que a provoca, cumprir a constituci\u00f3n espa\u00f1ola e non permitir que haxa unha soa familia que non poida ter un teito digno baixo o que atopar acubillo. O bombardeo nos medios de comunicaci\u00f3n e propaganda sobre o fen\u00f3meno da ocupaci\u00f3n presentado como se fose unha das pragas do apocalipse, non di a verdade, pero tampouco \u00e9 unha casualidade, pretende , ao meu xu\u00edzo, crear un estado de opini\u00f3n non hostil a unha grande vaga de desafiuzamentos que se presume acontecer\u00e1 nos primeiros meses do ano pr\u00f3ximo, cando moitas persoas afectadas polo cataclismo econ\u00f3mico derivado da COVID 19 non poidan pagar os alugueres e as s\u00faas hipotecas, al\u00e9n de facilitar o negocio das empresas de seguridade. A pobreza non debe de ser causa do medo de ningu\u00e9n, o que debe producirnos terror son os modelos de sociedade que crean as condici\u00f3ns necesarias para producir o empobrecemento de masas de seres humanos. A familia que non te\u00f1a un teito, os ocupas, non deben de suscitar o noso p\u00e1nico. Os que son realmente estarrecedores son os ocupas da democracia que se negan a renovar o consello xeral do poder xudicial para que os xu\u00edces sigan sendo \u201c el \u00b4\u00b4\u00fanico dique de contenci\u00f3n frente a la ofensiva social comunista y separatista\u201d. Eles, os que non aceptan a derrota, os que utilizan o \u201clawfare\u201d como estratexia de acci\u00f3n pol\u00edtica son un perigo para a democracia e os que deben facernos considerar a hip\u00f3tese de contratar unha alarma cando o virus da xenreira e a estupidez que inoculan na sociedade alcanza a categor\u00eda de pandemia.<\/p>\n","protected":false},"excerpt":{"rendered":"<div class=\"mh-excerpt\"><p>As persoas que pasamos moito tempo na estrada, temos que conformarnos coa compa\u00f1\u00eda da radio do coche para cubrir as nosas necesidades de interacci\u00f3n social <a class=\"mh-excerpt-more\" href=\"https:\/\/www.anovapeneira.gal\/index.php\/2020\/09\/18\/sobre-as-ocupacions-de-vivendas-e-sobre-os-ocupas-da-democracia\/\" title=\"Sobre as ocupaci\u00f3ns de vivendas e sobre os ocupas da democracia\">[&#8230;]<\/a><\/p>\n<\/div>","protected":false},"author":2,"featured_media":913,"comment_status":"open","ping_status":"open","sticky":false,"template":"","format":"standard","meta":{"_exactmetrics_skip_tracking":false,"_exactmetrics_sitenote_active":false,"_exactmetrics_sitenote_note":"","_exactmetrics_sitenote_category":0,"footnotes":""},"categories":[61],"tags":[58],"class_list":{"0":"post-3934","1":"post","2":"type-post","3":"status-publish","4":"format-standard","5":"has-post-thumbnail","7":"category-artigo-editorial","8":"tag-opinion"},"yoast_head":"<!-- This site is optimized with the Yoast SEO plugin v27.4 - https:\/\/yoast.com\/product\/yoast-seo-wordpress\/ -->\n<title>Sobre as ocupaci\u00f3ns de vivendas e sobre os ocupas da democracia -<\/title>\n<meta name=\"robots\" content=\"index, follow, max-snippet:-1, max-image-preview:large, max-video-preview:-1\" \/>\n<link rel=\"canonical\" href=\"https:\/\/www.anovapeneira.gal\/index.php\/2020\/09\/18\/sobre-as-ocupacions-de-vivendas-e-sobre-os-ocupas-da-democracia\/\" \/>\n<meta property=\"og:locale\" content=\"gl_ES\" \/>\n<meta property=\"og:type\" content=\"article\" \/>\n<meta property=\"og:title\" content=\"Sobre as ocupaci\u00f3ns de vivendas e sobre os ocupas da democracia -\" \/>\n<meta property=\"og:description\" content=\"As persoas que pasamos moito tempo na estrada, temos que conformarnos coa compa\u00f1\u00eda da radio do coche para cubrir as nosas necesidades de interacci\u00f3n social [...]\" \/>\n<meta property=\"og:url\" content=\"https:\/\/www.anovapeneira.gal\/index.php\/2020\/09\/18\/sobre-as-ocupacions-de-vivendas-e-sobre-os-ocupas-da-democracia\/\" \/>\n<meta property=\"article:publisher\" content=\"https:\/\/www.facebook.com\/anovapeneira\" \/>\n<meta property=\"article:published_time\" content=\"2020-09-18T10:00:52+00:00\" \/>\n<meta property=\"og:image\" content=\"https:\/\/www.anovapeneira.gal\/wp-content\/uploads\/2019\/08\/artigo_editorial_a_nova_peneira.jpg\" \/>\n\t<meta property=\"og:image:width\" content=\"720\" \/>\n\t<meta property=\"og:image:height\" content=\"473\" \/>\n\t<meta property=\"og:image:type\" content=\"image\/jpeg\" \/>\n<meta name=\"author\" content=\"Tino Lago\" \/>\n<meta name=\"twitter:card\" content=\"summary_large_image\" \/>\n<meta name=\"twitter:creator\" content=\"@APeneira\" \/>\n<meta name=\"twitter:site\" content=\"@APeneira\" \/>\n<meta name=\"twitter:label1\" content=\"Escrito por\" \/>\n\t<meta name=\"twitter:data1\" content=\"Tino Lago\" \/>\n\t<meta name=\"twitter:label2\" content=\"Tempo de lectura\" \/>\n\t<meta name=\"twitter:data2\" content=\"4 minutos\" \/>\n<script type=\"application\/ld+json\" class=\"yoast-schema-graph\">{\"@context\":\"https:\\\/\\\/schema.org\",\"@graph\":[{\"@type\":\"Article\",\"@id\":\"https:\\\/\\\/www.anovapeneira.gal\\\/index.php\\\/2020\\\/09\\\/18\\\/sobre-as-ocupacions-de-vivendas-e-sobre-os-ocupas-da-democracia\\\/#article\",\"isPartOf\":{\"@id\":\"https:\\\/\\\/www.anovapeneira.gal\\\/index.php\\\/2020\\\/09\\\/18\\\/sobre-as-ocupacions-de-vivendas-e-sobre-os-ocupas-da-democracia\\\/\"},\"author\":{\"name\":\"Tino Lago\",\"@id\":\"https:\\\/\\\/www.anovapeneira.gal\\\/#\\\/schema\\\/person\\\/424dfe65e3070fd8a44d22d2c088762a\"},\"headline\":\"Sobre as ocupaci\u00f3ns de vivendas e sobre os ocupas da democracia\",\"datePublished\":\"2020-09-18T10:00:52+00:00\",\"mainEntityOfPage\":{\"@id\":\"https:\\\/\\\/www.anovapeneira.gal\\\/index.php\\\/2020\\\/09\\\/18\\\/sobre-as-ocupacions-de-vivendas-e-sobre-os-ocupas-da-democracia\\\/\"},\"wordCount\":816,\"commentCount\":0,\"publisher\":{\"@id\":\"https:\\\/\\\/www.anovapeneira.gal\\\/#organization\"},\"image\":{\"@id\":\"https:\\\/\\\/www.anovapeneira.gal\\\/index.php\\\/2020\\\/09\\\/18\\\/sobre-as-ocupacions-de-vivendas-e-sobre-os-ocupas-da-democracia\\\/#primaryimage\"},\"thumbnailUrl\":\"https:\\\/\\\/www.anovapeneira.gal\\\/wp-content\\\/uploads\\\/2019\\\/08\\\/artigo_editorial_a_nova_peneira.jpg\",\"keywords\":[\"Opini\u00f3n\"],\"articleSection\":[\"Artigo editorial\"],\"inLanguage\":\"gl-ES\",\"potentialAction\":[{\"@type\":\"CommentAction\",\"name\":\"Comment\",\"target\":[\"https:\\\/\\\/www.anovapeneira.gal\\\/index.php\\\/2020\\\/09\\\/18\\\/sobre-as-ocupacions-de-vivendas-e-sobre-os-ocupas-da-democracia\\\/#respond\"]}]},{\"@type\":\"WebPage\",\"@id\":\"https:\\\/\\\/www.anovapeneira.gal\\\/index.php\\\/2020\\\/09\\\/18\\\/sobre-as-ocupacions-de-vivendas-e-sobre-os-ocupas-da-democracia\\\/\",\"url\":\"https:\\\/\\\/www.anovapeneira.gal\\\/index.php\\\/2020\\\/09\\\/18\\\/sobre-as-ocupacions-de-vivendas-e-sobre-os-ocupas-da-democracia\\\/\",\"name\":\"Sobre as ocupaci\u00f3ns de vivendas e sobre os ocupas da democracia -\",\"isPartOf\":{\"@id\":\"https:\\\/\\\/www.anovapeneira.gal\\\/#website\"},\"primaryImageOfPage\":{\"@id\":\"https:\\\/\\\/www.anovapeneira.gal\\\/index.php\\\/2020\\\/09\\\/18\\\/sobre-as-ocupacions-de-vivendas-e-sobre-os-ocupas-da-democracia\\\/#primaryimage\"},\"image\":{\"@id\":\"https:\\\/\\\/www.anovapeneira.gal\\\/index.php\\\/2020\\\/09\\\/18\\\/sobre-as-ocupacions-de-vivendas-e-sobre-os-ocupas-da-democracia\\\/#primaryimage\"},\"thumbnailUrl\":\"https:\\\/\\\/www.anovapeneira.gal\\\/wp-content\\\/uploads\\\/2019\\\/08\\\/artigo_editorial_a_nova_peneira.jpg\",\"datePublished\":\"2020-09-18T10:00:52+00:00\",\"breadcrumb\":{\"@id\":\"https:\\\/\\\/www.anovapeneira.gal\\\/index.php\\\/2020\\\/09\\\/18\\\/sobre-as-ocupacions-de-vivendas-e-sobre-os-ocupas-da-democracia\\\/#breadcrumb\"},\"inLanguage\":\"gl-ES\",\"potentialAction\":[{\"@type\":\"ReadAction\",\"target\":[\"https:\\\/\\\/www.anovapeneira.gal\\\/index.php\\\/2020\\\/09\\\/18\\\/sobre-as-ocupacions-de-vivendas-e-sobre-os-ocupas-da-democracia\\\/\"]}]},{\"@type\":\"ImageObject\",\"inLanguage\":\"gl-ES\",\"@id\":\"https:\\\/\\\/www.anovapeneira.gal\\\/index.php\\\/2020\\\/09\\\/18\\\/sobre-as-ocupacions-de-vivendas-e-sobre-os-ocupas-da-democracia\\\/#primaryimage\",\"url\":\"https:\\\/\\\/www.anovapeneira.gal\\\/wp-content\\\/uploads\\\/2019\\\/08\\\/artigo_editorial_a_nova_peneira.jpg\",\"contentUrl\":\"https:\\\/\\\/www.anovapeneira.gal\\\/wp-content\\\/uploads\\\/2019\\\/08\\\/artigo_editorial_a_nova_peneira.jpg\",\"width\":720,\"height\":473,\"caption\":\"Artigo editorial Tino Lago A Nova Peneira\"},{\"@type\":\"BreadcrumbList\",\"@id\":\"https:\\\/\\\/www.anovapeneira.gal\\\/index.php\\\/2020\\\/09\\\/18\\\/sobre-as-ocupacions-de-vivendas-e-sobre-os-ocupas-da-democracia\\\/#breadcrumb\",\"itemListElement\":[{\"@type\":\"ListItem\",\"position\":1,\"name\":\"Portada\",\"item\":\"https:\\\/\\\/www.anovapeneira.gal\\\/\"},{\"@type\":\"ListItem\",\"position\":2,\"name\":\"Sobre as ocupaci\u00f3ns de vivendas e sobre os ocupas da democracia\"}]},{\"@type\":\"WebSite\",\"@id\":\"https:\\\/\\\/www.anovapeneira.gal\\\/#website\",\"url\":\"https:\\\/\\\/www.anovapeneira.gal\\\/\",\"name\":\"\",\"description\":\"Xornal galego de informaci\u00f3n xeral Publicaci\u00f3n mensual de novas de Galicia e en especial dos Concellos da sur da provincia de Pontevedra.\",\"publisher\":{\"@id\":\"https:\\\/\\\/www.anovapeneira.gal\\\/#organization\"},\"potentialAction\":[{\"@type\":\"SearchAction\",\"target\":{\"@type\":\"EntryPoint\",\"urlTemplate\":\"https:\\\/\\\/www.anovapeneira.gal\\\/?s={search_term_string}\"},\"query-input\":{\"@type\":\"PropertyValueSpecification\",\"valueRequired\":true,\"valueName\":\"search_term_string\"}}],\"inLanguage\":\"gl-ES\"},{\"@type\":\"Organization\",\"@id\":\"https:\\\/\\\/www.anovapeneira.gal\\\/#organization\",\"name\":\"A Nova Peneira\",\"url\":\"https:\\\/\\\/www.anovapeneira.gal\\\/\",\"logo\":{\"@type\":\"ImageObject\",\"inLanguage\":\"gl-ES\",\"@id\":\"https:\\\/\\\/www.anovapeneira.gal\\\/#\\\/schema\\\/logo\\\/image\\\/\",\"url\":\"http:\\\/\\\/www.anovapeneira.gal\\\/wp-content\\\/uploads\\\/2019\\\/06\\\/logo_a_nova_peneira_portal_web.png\",\"contentUrl\":\"http:\\\/\\\/www.anovapeneira.gal\\\/wp-content\\\/uploads\\\/2019\\\/06\\\/logo_a_nova_peneira_portal_web.png\",\"width\":300,\"height\":100,\"caption\":\"A Nova Peneira\"},\"image\":{\"@id\":\"https:\\\/\\\/www.anovapeneira.gal\\\/#\\\/schema\\\/logo\\\/image\\\/\"},\"sameAs\":[\"https:\\\/\\\/www.facebook.com\\\/anovapeneira\",\"https:\\\/\\\/x.com\\\/APeneira\"]},{\"@type\":\"Person\",\"@id\":\"https:\\\/\\\/www.anovapeneira.gal\\\/#\\\/schema\\\/person\\\/424dfe65e3070fd8a44d22d2c088762a\",\"name\":\"Tino Lago\",\"image\":{\"@type\":\"ImageObject\",\"inLanguage\":\"gl-ES\",\"@id\":\"https:\\\/\\\/secure.gravatar.com\\\/avatar\\\/b3df6a06e44bab3111583b90f0f33a0379ee5e3d22cbadd232d39f21c30c62be?s=96&d=mm&r=g\",\"url\":\"https:\\\/\\\/secure.gravatar.com\\\/avatar\\\/b3df6a06e44bab3111583b90f0f33a0379ee5e3d22cbadd232d39f21c30c62be?s=96&d=mm&r=g\",\"contentUrl\":\"https:\\\/\\\/secure.gravatar.com\\\/avatar\\\/b3df6a06e44bab3111583b90f0f33a0379ee5e3d22cbadd232d39f21c30c62be?s=96&d=mm&r=g\",\"caption\":\"Tino Lago\"},\"sameAs\":[\"http:\\\/\\\/www.anovapeneira.gal\"],\"url\":\"https:\\\/\\\/www.anovapeneira.gal\\\/index.php\\\/author\\\/director\\\/\"}]}<\/script>\n<!-- \/ Yoast SEO plugin. -->","yoast_head_json":{"title":"Sobre as ocupaci\u00f3ns de vivendas e sobre os ocupas da democracia -","robots":{"index":"index","follow":"follow","max-snippet":"max-snippet:-1","max-image-preview":"max-image-preview:large","max-video-preview":"max-video-preview:-1"},"canonical":"https:\/\/www.anovapeneira.gal\/index.php\/2020\/09\/18\/sobre-as-ocupacions-de-vivendas-e-sobre-os-ocupas-da-democracia\/","og_locale":"gl_ES","og_type":"article","og_title":"Sobre as ocupaci\u00f3ns de vivendas e sobre os ocupas da democracia -","og_description":"As persoas que pasamos moito tempo na estrada, temos que conformarnos coa compa\u00f1\u00eda da radio do coche para cubrir as nosas necesidades de interacci\u00f3n social [...]","og_url":"https:\/\/www.anovapeneira.gal\/index.php\/2020\/09\/18\/sobre-as-ocupacions-de-vivendas-e-sobre-os-ocupas-da-democracia\/","article_publisher":"https:\/\/www.facebook.com\/anovapeneira","article_published_time":"2020-09-18T10:00:52+00:00","og_image":[{"width":720,"height":473,"url":"https:\/\/www.anovapeneira.gal\/wp-content\/uploads\/2019\/08\/artigo_editorial_a_nova_peneira.jpg","type":"image\/jpeg"}],"author":"Tino Lago","twitter_card":"summary_large_image","twitter_creator":"@APeneira","twitter_site":"@APeneira","twitter_misc":{"Escrito por":"Tino Lago","Tempo de lectura":"4 minutos"},"schema":{"@context":"https:\/\/schema.org","@graph":[{"@type":"Article","@id":"https:\/\/www.anovapeneira.gal\/index.php\/2020\/09\/18\/sobre-as-ocupacions-de-vivendas-e-sobre-os-ocupas-da-democracia\/#article","isPartOf":{"@id":"https:\/\/www.anovapeneira.gal\/index.php\/2020\/09\/18\/sobre-as-ocupacions-de-vivendas-e-sobre-os-ocupas-da-democracia\/"},"author":{"name":"Tino Lago","@id":"https:\/\/www.anovapeneira.gal\/#\/schema\/person\/424dfe65e3070fd8a44d22d2c088762a"},"headline":"Sobre as ocupaci\u00f3ns de vivendas e sobre os ocupas da democracia","datePublished":"2020-09-18T10:00:52+00:00","mainEntityOfPage":{"@id":"https:\/\/www.anovapeneira.gal\/index.php\/2020\/09\/18\/sobre-as-ocupacions-de-vivendas-e-sobre-os-ocupas-da-democracia\/"},"wordCount":816,"commentCount":0,"publisher":{"@id":"https:\/\/www.anovapeneira.gal\/#organization"},"image":{"@id":"https:\/\/www.anovapeneira.gal\/index.php\/2020\/09\/18\/sobre-as-ocupacions-de-vivendas-e-sobre-os-ocupas-da-democracia\/#primaryimage"},"thumbnailUrl":"https:\/\/www.anovapeneira.gal\/wp-content\/uploads\/2019\/08\/artigo_editorial_a_nova_peneira.jpg","keywords":["Opini\u00f3n"],"articleSection":["Artigo editorial"],"inLanguage":"gl-ES","potentialAction":[{"@type":"CommentAction","name":"Comment","target":["https:\/\/www.anovapeneira.gal\/index.php\/2020\/09\/18\/sobre-as-ocupacions-de-vivendas-e-sobre-os-ocupas-da-democracia\/#respond"]}]},{"@type":"WebPage","@id":"https:\/\/www.anovapeneira.gal\/index.php\/2020\/09\/18\/sobre-as-ocupacions-de-vivendas-e-sobre-os-ocupas-da-democracia\/","url":"https:\/\/www.anovapeneira.gal\/index.php\/2020\/09\/18\/sobre-as-ocupacions-de-vivendas-e-sobre-os-ocupas-da-democracia\/","name":"Sobre as ocupaci\u00f3ns de vivendas e sobre os ocupas da democracia -","isPartOf":{"@id":"https:\/\/www.anovapeneira.gal\/#website"},"primaryImageOfPage":{"@id":"https:\/\/www.anovapeneira.gal\/index.php\/2020\/09\/18\/sobre-as-ocupacions-de-vivendas-e-sobre-os-ocupas-da-democracia\/#primaryimage"},"image":{"@id":"https:\/\/www.anovapeneira.gal\/index.php\/2020\/09\/18\/sobre-as-ocupacions-de-vivendas-e-sobre-os-ocupas-da-democracia\/#primaryimage"},"thumbnailUrl":"https:\/\/www.anovapeneira.gal\/wp-content\/uploads\/2019\/08\/artigo_editorial_a_nova_peneira.jpg","datePublished":"2020-09-18T10:00:52+00:00","breadcrumb":{"@id":"https:\/\/www.anovapeneira.gal\/index.php\/2020\/09\/18\/sobre-as-ocupacions-de-vivendas-e-sobre-os-ocupas-da-democracia\/#breadcrumb"},"inLanguage":"gl-ES","potentialAction":[{"@type":"ReadAction","target":["https:\/\/www.anovapeneira.gal\/index.php\/2020\/09\/18\/sobre-as-ocupacions-de-vivendas-e-sobre-os-ocupas-da-democracia\/"]}]},{"@type":"ImageObject","inLanguage":"gl-ES","@id":"https:\/\/www.anovapeneira.gal\/index.php\/2020\/09\/18\/sobre-as-ocupacions-de-vivendas-e-sobre-os-ocupas-da-democracia\/#primaryimage","url":"https:\/\/www.anovapeneira.gal\/wp-content\/uploads\/2019\/08\/artigo_editorial_a_nova_peneira.jpg","contentUrl":"https:\/\/www.anovapeneira.gal\/wp-content\/uploads\/2019\/08\/artigo_editorial_a_nova_peneira.jpg","width":720,"height":473,"caption":"Artigo editorial Tino Lago A Nova Peneira"},{"@type":"BreadcrumbList","@id":"https:\/\/www.anovapeneira.gal\/index.php\/2020\/09\/18\/sobre-as-ocupacions-de-vivendas-e-sobre-os-ocupas-da-democracia\/#breadcrumb","itemListElement":[{"@type":"ListItem","position":1,"name":"Portada","item":"https:\/\/www.anovapeneira.gal\/"},{"@type":"ListItem","position":2,"name":"Sobre as ocupaci\u00f3ns de vivendas e sobre os ocupas da democracia"}]},{"@type":"WebSite","@id":"https:\/\/www.anovapeneira.gal\/#website","url":"https:\/\/www.anovapeneira.gal\/","name":"","description":"Xornal galego de informaci\u00f3n xeral Publicaci\u00f3n mensual de novas de Galicia e en especial dos Concellos da sur da provincia de Pontevedra.","publisher":{"@id":"https:\/\/www.anovapeneira.gal\/#organization"},"potentialAction":[{"@type":"SearchAction","target":{"@type":"EntryPoint","urlTemplate":"https:\/\/www.anovapeneira.gal\/?s={search_term_string}"},"query-input":{"@type":"PropertyValueSpecification","valueRequired":true,"valueName":"search_term_string"}}],"inLanguage":"gl-ES"},{"@type":"Organization","@id":"https:\/\/www.anovapeneira.gal\/#organization","name":"A Nova Peneira","url":"https:\/\/www.anovapeneira.gal\/","logo":{"@type":"ImageObject","inLanguage":"gl-ES","@id":"https:\/\/www.anovapeneira.gal\/#\/schema\/logo\/image\/","url":"http:\/\/www.anovapeneira.gal\/wp-content\/uploads\/2019\/06\/logo_a_nova_peneira_portal_web.png","contentUrl":"http:\/\/www.anovapeneira.gal\/wp-content\/uploads\/2019\/06\/logo_a_nova_peneira_portal_web.png","width":300,"height":100,"caption":"A Nova Peneira"},"image":{"@id":"https:\/\/www.anovapeneira.gal\/#\/schema\/logo\/image\/"},"sameAs":["https:\/\/www.facebook.com\/anovapeneira","https:\/\/x.com\/APeneira"]},{"@type":"Person","@id":"https:\/\/www.anovapeneira.gal\/#\/schema\/person\/424dfe65e3070fd8a44d22d2c088762a","name":"Tino Lago","image":{"@type":"ImageObject","inLanguage":"gl-ES","@id":"https:\/\/secure.gravatar.com\/avatar\/b3df6a06e44bab3111583b90f0f33a0379ee5e3d22cbadd232d39f21c30c62be?s=96&d=mm&r=g","url":"https:\/\/secure.gravatar.com\/avatar\/b3df6a06e44bab3111583b90f0f33a0379ee5e3d22cbadd232d39f21c30c62be?s=96&d=mm&r=g","contentUrl":"https:\/\/secure.gravatar.com\/avatar\/b3df6a06e44bab3111583b90f0f33a0379ee5e3d22cbadd232d39f21c30c62be?s=96&d=mm&r=g","caption":"Tino Lago"},"sameAs":["http:\/\/www.anovapeneira.gal"],"url":"https:\/\/www.anovapeneira.gal\/index.php\/author\/director\/"}]}},"jetpack_featured_media_url":"https:\/\/www.anovapeneira.gal\/wp-content\/uploads\/2019\/08\/artigo_editorial_a_nova_peneira.jpg","_links":{"self":[{"href":"https:\/\/www.anovapeneira.gal\/index.php\/wp-json\/wp\/v2\/posts\/3934","targetHints":{"allow":["GET"]}}],"collection":[{"href":"https:\/\/www.anovapeneira.gal\/index.php\/wp-json\/wp\/v2\/posts"}],"about":[{"href":"https:\/\/www.anovapeneira.gal\/index.php\/wp-json\/wp\/v2\/types\/post"}],"author":[{"embeddable":true,"href":"https:\/\/www.anovapeneira.gal\/index.php\/wp-json\/wp\/v2\/users\/2"}],"replies":[{"embeddable":true,"href":"https:\/\/www.anovapeneira.gal\/index.php\/wp-json\/wp\/v2\/comments?post=3934"}],"version-history":[{"count":2,"href":"https:\/\/www.anovapeneira.gal\/index.php\/wp-json\/wp\/v2\/posts\/3934\/revisions"}],"predecessor-version":[{"id":3936,"href":"https:\/\/www.anovapeneira.gal\/index.php\/wp-json\/wp\/v2\/posts\/3934\/revisions\/3936"}],"wp:featuredmedia":[{"embeddable":true,"href":"https:\/\/www.anovapeneira.gal\/index.php\/wp-json\/wp\/v2\/media\/913"}],"wp:attachment":[{"href":"https:\/\/www.anovapeneira.gal\/index.php\/wp-json\/wp\/v2\/media?parent=3934"}],"wp:term":[{"taxonomy":"category","embeddable":true,"href":"https:\/\/www.anovapeneira.gal\/index.php\/wp-json\/wp\/v2\/categories?post=3934"},{"taxonomy":"post_tag","embeddable":true,"href":"https:\/\/www.anovapeneira.gal\/index.php\/wp-json\/wp\/v2\/tags?post=3934"}],"curies":[{"name":"wp","href":"https:\/\/api.w.org\/{rel}","templated":true}]}}