{"id":3940,"date":"2020-09-21T10:00:30","date_gmt":"2020-09-21T08:00:30","guid":{"rendered":"http:\/\/www.anovapeneira.gal\/?p=3940"},"modified":"2020-09-21T08:30:57","modified_gmt":"2020-09-21T06:30:57","slug":"tomino-agradece-cun-sentido-homenaxe-a-todas-as-persoas-que-colaboraron-durante-a-pandemia","status":"publish","type":"post","link":"https:\/\/www.anovapeneira.gal\/index.php\/2020\/09\/21\/tomino-agradece-cun-sentido-homenaxe-a-todas-as-persoas-que-colaboraron-durante-a-pandemia\/","title":{"rendered":"Tomi\u00f1o agradece cun sentido homenaxe a todas as persoas que colaboraron durante a pandemia"},"content":{"rendered":"\n<h2 class=\"wp-block-heading\"><strong>A alcaldesa fixo un sa\u00fado especial \u00e1 Comisi\u00f3n de Festas do Alivio, que este ano, nun exercicio de responsabilidade, decidiu suspender as Festas do Alivio por 1\u00aa vez&nbsp;<\/strong><\/h2>\n\n\n\n<p><strong>Tomi\u00f1o, 15 de setembro de 2020<\/strong><\/p>\n\n\n\n<p>O Alivio celebrouse de forma diferente este ano. Co aforo limitado e todas as medidas de seguridade, a Praza do Seixo acolleu o s\u00e1bado pasado o peche das festas co tradicional acto c\u00edvico e cun concerto da Agrupaci\u00f3n Musical de Goi\u00e1n.\u00a0<\/p>\n\n\n\n<p>A celebraci\u00f3n arrancou \u00e1s 20.00 horas cunha sentida homenaxe a \u201c<strong>Heroes e hero\u00ednas da crise sanitaria pecha O Alivio 2020\u201d,&nbsp;<\/strong>todas as persoas que durante a crise sanitaria colaboraron de forma activa na loita contra a COVID-19, a todos os colectivos e a toda a veci\u00f1anza que converteron o municipio nun exemplo de unidade e solidariedade durante unha situaci\u00f3n excepcional. Colectivos coma a Polic\u00eda Local, Protecci\u00f3n Civil, Garda Civil; ANPAS, empresas de alimentaci\u00f3n e transporte, aut\u00f3nomos do sector agrario que colaboraron na desinfecci\u00f3n das r\u00faas; Asociaci\u00f3n de Comerciantes (ADETO), voluntariado do programa \u201cTomi\u00f1o suma\u201d e voluntarias que confeccionaron m\u00e1scaras de protecci\u00f3n, etc.<\/p>\n\n\n\n<p>O acto c\u00edvico, que por primeira vez non protagonizaba unha persoa individual, centrou o seu reco\u00f1ecemento no persoal sanitario, que estivo representado por Ana Mar\u00eda Fonterosa, enfermeira do Centro de Sa\u00fade tomi\u00f1\u00e9s, con m\u00e1is de 32 anos de experiencia.<\/p>\n\n\n\n<p>A Agrupaci\u00f3n Musical de Goi\u00e1n non faltou \u00e1 s\u00faa cita co Alivio e amenizou con varias pezas a velada, brindando un concerto de balde, moi aplaudido polo p\u00fablico, que comezou \u00e1s 22.30h.<\/p>\n\n\n\n<p>A alcaldesa de Tomi\u00f1o, Sandra Gonz\u00e1lez, na s\u00faa intervenci\u00f3n deu \u00e1s grazas en primeiro lugar \u00e1s persoas que asistiron ao acto con responsabilidade e seguridade, cumprindo con todas as medidas de prevenci\u00f3n.<\/p>\n\n\n\n<p>A rexedora fixo un sa\u00fado especial \u00e1 Comisi\u00f3n de Festas do Alivio, que \u201ceste ano, con tristeza, pero nun exercicio de responsabilidade, decidiu suspender as festas do Alivio, por primeira vez en moitos anos\u201d.<\/p>\n\n\n\n<p>\u201cQuen nos \u00eda dicir hai un ano que iamos celebrar este Alivio tan especial? Quen nos \u00eda dicir que estar\u00edamos homenaxeando a solidariedade dun pobo e duns profesionais, e a todos e todas que foron quen de garantir a nosa vida, a\u00ednda en condici\u00f3ns de confinamento?\u201d, pregunt\u00e1base Gonz\u00e1lez, antes de agradecer a todas e cada unha de esas persoas e colectivos que colaboraron sen descanso durante a pandemia e seguen a facelo. Por \u00faltimo, a alcaldesa referiuse \u00e1 Agrupaci\u00f3n Musical de Goi\u00e1n para manifestar o seu profundo agradecemento; unha agrupaci\u00f3n \u201cque enche de m\u00fasica este acto e que sempre est\u00e1, mellorando e embelecendo coa s\u00faa m\u00fasica as nosas vidas\u201d.<\/p>\n","protected":false},"excerpt":{"rendered":"<div class=\"mh-excerpt\"><p>A alcaldesa fixo un sa\u00fado especial \u00e1 Comisi\u00f3n de Festas do Alivio, que este ano, nun exercicio de responsabilidade, decidiu suspender as Festas do Alivio por 1\u00aa vez  <a class=\"mh-excerpt-more\" href=\"https:\/\/www.anovapeneira.gal\/index.php\/2020\/09\/21\/tomino-agradece-cun-sentido-homenaxe-a-todas-as-persoas-que-colaboraron-durante-a-pandemia\/\" title=\"Tomi\u00f1o agradece cun sentido homenaxe a todas as persoas que colaboraron durante a pandemia\">[&#8230;]<\/a><\/p>\n<\/div>","protected":false},"author":3,"featured_media":3941,"comment_status":"open","ping_status":"open","sticky":false,"template":"","format":"standard","meta":{"_exactmetrics_skip_tracking":false,"_exactmetrics_sitenote_active":false,"_exactmetrics_sitenote_note":"","_exactmetrics_sitenote_category":0,"footnotes":""},"categories":[21],"tags":[81],"class_list":{"0":"post-3940","1":"post","2":"type-post","3":"status-publish","4":"format-standard","5":"has-post-thumbnail","7":"category-baixo-mino","8":"tag-concello-de-tomino"},"yoast_head":"<!-- This site is optimized with the Yoast SEO plugin v27.4 - https:\/\/yoast.com\/product\/yoast-seo-wordpress\/ -->\n<title>Tomi\u00f1o agradece cun sentido homenaxe a todas as persoas que colaboraron durante a pandemia -<\/title>\n<meta name=\"description\" content=\"A alcaldesa fixo un sa\u00fado especial \u00e1 Comisi\u00f3n de Festas do Alivio, que este ano, nun exercicio de responsabilidade, decidiu suspender as Festas do Alivio por 1\u00aa vez\" \/>\n<meta name=\"robots\" content=\"index, follow, max-snippet:-1, max-image-preview:large, max-video-preview:-1\" \/>\n<link rel=\"canonical\" href=\"https:\/\/www.anovapeneira.gal\/index.php\/2020\/09\/21\/tomino-agradece-cun-sentido-homenaxe-a-todas-as-persoas-que-colaboraron-durante-a-pandemia\/\" \/>\n<meta property=\"og:locale\" content=\"gl_ES\" \/>\n<meta property=\"og:type\" content=\"article\" \/>\n<meta property=\"og:title\" content=\"Tomi\u00f1o agradece cun sentido homenaxe a todas as persoas que colaboraron durante a pandemia -\" \/>\n<meta property=\"og:description\" content=\"A alcaldesa fixo un sa\u00fado especial \u00e1 Comisi\u00f3n de Festas do Alivio, que este ano, nun exercicio de responsabilidade, decidiu suspender as Festas do Alivio por 1\u00aa vez\" \/>\n<meta property=\"og:url\" content=\"https:\/\/www.anovapeneira.gal\/index.php\/2020\/09\/21\/tomino-agradece-cun-sentido-homenaxe-a-todas-as-persoas-que-colaboraron-durante-a-pandemia\/\" \/>\n<meta property=\"article:publisher\" content=\"https:\/\/www.facebook.com\/anovapeneira\" \/>\n<meta property=\"article:published_time\" content=\"2020-09-21T08:00:30+00:00\" \/>\n<meta property=\"og:image\" content=\"https:\/\/www.anovapeneira.gal\/wp-content\/uploads\/2020\/09\/homenaxe_colaboradores_pandemia_tominho_a_nova_peneira.jpg\" \/>\n\t<meta property=\"og:image:width\" content=\"720\" \/>\n\t<meta property=\"og:image:height\" content=\"432\" \/>\n\t<meta property=\"og:image:type\" content=\"image\/jpeg\" \/>\n<meta name=\"author\" content=\"Redacci\u00f3n A Nova Peneira\" \/>\n<meta name=\"twitter:card\" content=\"summary_large_image\" \/>\n<meta name=\"twitter:creator\" content=\"@APeneira\" \/>\n<meta name=\"twitter:site\" content=\"@APeneira\" \/>\n<meta name=\"twitter:label1\" content=\"Escrito por\" \/>\n\t<meta name=\"twitter:data1\" content=\"Redacci\u00f3n A Nova Peneira\" \/>\n\t<meta name=\"twitter:label2\" content=\"Tempo de lectura\" \/>\n\t<meta name=\"twitter:data2\" content=\"2 minutos\" \/>\n<script type=\"application\/ld+json\" class=\"yoast-schema-graph\">{\"@context\":\"https:\\\/\\\/schema.org\",\"@graph\":[{\"@type\":\"Article\",\"@id\":\"https:\\\/\\\/www.anovapeneira.gal\\\/index.php\\\/2020\\\/09\\\/21\\\/tomino-agradece-cun-sentido-homenaxe-a-todas-as-persoas-que-colaboraron-durante-a-pandemia\\\/#article\",\"isPartOf\":{\"@id\":\"https:\\\/\\\/www.anovapeneira.gal\\\/index.php\\\/2020\\\/09\\\/21\\\/tomino-agradece-cun-sentido-homenaxe-a-todas-as-persoas-que-colaboraron-durante-a-pandemia\\\/\"},\"author\":{\"name\":\"Redacci\u00f3n A Nova Peneira\",\"@id\":\"https:\\\/\\\/www.anovapeneira.gal\\\/#\\\/schema\\\/person\\\/b93e3f8932e3f8da96334607eb6ac6aa\"},\"headline\":\"Tomi\u00f1o agradece cun sentido homenaxe a todas as persoas que colaboraron durante a pandemia\",\"datePublished\":\"2020-09-21T08:00:30+00:00\",\"mainEntityOfPage\":{\"@id\":\"https:\\\/\\\/www.anovapeneira.gal\\\/index.php\\\/2020\\\/09\\\/21\\\/tomino-agradece-cun-sentido-homenaxe-a-todas-as-persoas-que-colaboraron-durante-a-pandemia\\\/\"},\"wordCount\":479,\"commentCount\":0,\"publisher\":{\"@id\":\"https:\\\/\\\/www.anovapeneira.gal\\\/#organization\"},\"image\":{\"@id\":\"https:\\\/\\\/www.anovapeneira.gal\\\/index.php\\\/2020\\\/09\\\/21\\\/tomino-agradece-cun-sentido-homenaxe-a-todas-as-persoas-que-colaboraron-durante-a-pandemia\\\/#primaryimage\"},\"thumbnailUrl\":\"https:\\\/\\\/www.anovapeneira.gal\\\/wp-content\\\/uploads\\\/2020\\\/09\\\/homenaxe_colaboradores_pandemia_tominho_a_nova_peneira.jpg\",\"keywords\":[\"Concello de Tomi\u00f1o\"],\"articleSection\":[\"Baixo Mi\u00f1o\"],\"inLanguage\":\"gl-ES\",\"potentialAction\":[{\"@type\":\"CommentAction\",\"name\":\"Comment\",\"target\":[\"https:\\\/\\\/www.anovapeneira.gal\\\/index.php\\\/2020\\\/09\\\/21\\\/tomino-agradece-cun-sentido-homenaxe-a-todas-as-persoas-que-colaboraron-durante-a-pandemia\\\/#respond\"]}]},{\"@type\":\"WebPage\",\"@id\":\"https:\\\/\\\/www.anovapeneira.gal\\\/index.php\\\/2020\\\/09\\\/21\\\/tomino-agradece-cun-sentido-homenaxe-a-todas-as-persoas-que-colaboraron-durante-a-pandemia\\\/\",\"url\":\"https:\\\/\\\/www.anovapeneira.gal\\\/index.php\\\/2020\\\/09\\\/21\\\/tomino-agradece-cun-sentido-homenaxe-a-todas-as-persoas-que-colaboraron-durante-a-pandemia\\\/\",\"name\":\"Tomi\u00f1o agradece cun sentido homenaxe a todas as persoas que colaboraron durante a pandemia -\",\"isPartOf\":{\"@id\":\"https:\\\/\\\/www.anovapeneira.gal\\\/#website\"},\"primaryImageOfPage\":{\"@id\":\"https:\\\/\\\/www.anovapeneira.gal\\\/index.php\\\/2020\\\/09\\\/21\\\/tomino-agradece-cun-sentido-homenaxe-a-todas-as-persoas-que-colaboraron-durante-a-pandemia\\\/#primaryimage\"},\"image\":{\"@id\":\"https:\\\/\\\/www.anovapeneira.gal\\\/index.php\\\/2020\\\/09\\\/21\\\/tomino-agradece-cun-sentido-homenaxe-a-todas-as-persoas-que-colaboraron-durante-a-pandemia\\\/#primaryimage\"},\"thumbnailUrl\":\"https:\\\/\\\/www.anovapeneira.gal\\\/wp-content\\\/uploads\\\/2020\\\/09\\\/homenaxe_colaboradores_pandemia_tominho_a_nova_peneira.jpg\",\"datePublished\":\"2020-09-21T08:00:30+00:00\",\"description\":\"A alcaldesa fixo un sa\u00fado especial \u00e1 Comisi\u00f3n de Festas do Alivio, que este ano, nun exercicio de responsabilidade, decidiu suspender as Festas do Alivio por 1\u00aa vez\",\"breadcrumb\":{\"@id\":\"https:\\\/\\\/www.anovapeneira.gal\\\/index.php\\\/2020\\\/09\\\/21\\\/tomino-agradece-cun-sentido-homenaxe-a-todas-as-persoas-que-colaboraron-durante-a-pandemia\\\/#breadcrumb\"},\"inLanguage\":\"gl-ES\",\"potentialAction\":[{\"@type\":\"ReadAction\",\"target\":[\"https:\\\/\\\/www.anovapeneira.gal\\\/index.php\\\/2020\\\/09\\\/21\\\/tomino-agradece-cun-sentido-homenaxe-a-todas-as-persoas-que-colaboraron-durante-a-pandemia\\\/\"]}]},{\"@type\":\"ImageObject\",\"inLanguage\":\"gl-ES\",\"@id\":\"https:\\\/\\\/www.anovapeneira.gal\\\/index.php\\\/2020\\\/09\\\/21\\\/tomino-agradece-cun-sentido-homenaxe-a-todas-as-persoas-que-colaboraron-durante-a-pandemia\\\/#primaryimage\",\"url\":\"https:\\\/\\\/www.anovapeneira.gal\\\/wp-content\\\/uploads\\\/2020\\\/09\\\/homenaxe_colaboradores_pandemia_tominho_a_nova_peneira.jpg\",\"contentUrl\":\"https:\\\/\\\/www.anovapeneira.gal\\\/wp-content\\\/uploads\\\/2020\\\/09\\\/homenaxe_colaboradores_pandemia_tominho_a_nova_peneira.jpg\",\"width\":720,\"height\":432,\"caption\":\"Tomi\u00f1o agradece cun sentido homenaxe a todas as persoas que colaboraron durante a pandemia\"},{\"@type\":\"BreadcrumbList\",\"@id\":\"https:\\\/\\\/www.anovapeneira.gal\\\/index.php\\\/2020\\\/09\\\/21\\\/tomino-agradece-cun-sentido-homenaxe-a-todas-as-persoas-que-colaboraron-durante-a-pandemia\\\/#breadcrumb\",\"itemListElement\":[{\"@type\":\"ListItem\",\"position\":1,\"name\":\"Portada\",\"item\":\"https:\\\/\\\/www.anovapeneira.gal\\\/\"},{\"@type\":\"ListItem\",\"position\":2,\"name\":\"Tomi\u00f1o agradece cun sentido homenaxe a todas as persoas que colaboraron durante a pandemia\"}]},{\"@type\":\"WebSite\",\"@id\":\"https:\\\/\\\/www.anovapeneira.gal\\\/#website\",\"url\":\"https:\\\/\\\/www.anovapeneira.gal\\\/\",\"name\":\"\",\"description\":\"Xornal galego de informaci\u00f3n xeral Publicaci\u00f3n mensual de novas de Galicia e en especial dos Concellos da sur da provincia de Pontevedra.\",\"publisher\":{\"@id\":\"https:\\\/\\\/www.anovapeneira.gal\\\/#organization\"},\"potentialAction\":[{\"@type\":\"SearchAction\",\"target\":{\"@type\":\"EntryPoint\",\"urlTemplate\":\"https:\\\/\\\/www.anovapeneira.gal\\\/?s={search_term_string}\"},\"query-input\":{\"@type\":\"PropertyValueSpecification\",\"valueRequired\":true,\"valueName\":\"search_term_string\"}}],\"inLanguage\":\"gl-ES\"},{\"@type\":\"Organization\",\"@id\":\"https:\\\/\\\/www.anovapeneira.gal\\\/#organization\",\"name\":\"A Nova Peneira\",\"url\":\"https:\\\/\\\/www.anovapeneira.gal\\\/\",\"logo\":{\"@type\":\"ImageObject\",\"inLanguage\":\"gl-ES\",\"@id\":\"https:\\\/\\\/www.anovapeneira.gal\\\/#\\\/schema\\\/logo\\\/image\\\/\",\"url\":\"http:\\\/\\\/www.anovapeneira.gal\\\/wp-content\\\/uploads\\\/2019\\\/06\\\/logo_a_nova_peneira_portal_web.png\",\"contentUrl\":\"http:\\\/\\\/www.anovapeneira.gal\\\/wp-content\\\/uploads\\\/2019\\\/06\\\/logo_a_nova_peneira_portal_web.png\",\"width\":300,\"height\":100,\"caption\":\"A Nova Peneira\"},\"image\":{\"@id\":\"https:\\\/\\\/www.anovapeneira.gal\\\/#\\\/schema\\\/logo\\\/image\\\/\"},\"sameAs\":[\"https:\\\/\\\/www.facebook.com\\\/anovapeneira\",\"https:\\\/\\\/x.com\\\/APeneira\"]},{\"@type\":\"Person\",\"@id\":\"https:\\\/\\\/www.anovapeneira.gal\\\/#\\\/schema\\\/person\\\/b93e3f8932e3f8da96334607eb6ac6aa\",\"name\":\"Redacci\u00f3n A Nova Peneira\",\"image\":{\"@type\":\"ImageObject\",\"inLanguage\":\"gl-ES\",\"@id\":\"https:\\\/\\\/secure.gravatar.com\\\/avatar\\\/c052a2551a06e23fac63626232eaa90abd78dbcf1700fc46a2b2c89fd27b735f?s=96&d=mm&r=g\",\"url\":\"https:\\\/\\\/secure.gravatar.com\\\/avatar\\\/c052a2551a06e23fac63626232eaa90abd78dbcf1700fc46a2b2c89fd27b735f?s=96&d=mm&r=g\",\"contentUrl\":\"https:\\\/\\\/secure.gravatar.com\\\/avatar\\\/c052a2551a06e23fac63626232eaa90abd78dbcf1700fc46a2b2c89fd27b735f?s=96&d=mm&r=g\",\"caption\":\"Redacci\u00f3n A Nova Peneira\"},\"sameAs\":[\"http:\\\/\\\/www.anovapeneira.gal\\\/\"],\"url\":\"https:\\\/\\\/www.anovapeneira.gal\\\/index.php\\\/author\\\/redactor\\\/\"}]}<\/script>\n<!-- \/ Yoast SEO plugin. -->","yoast_head_json":{"title":"Tomi\u00f1o agradece cun sentido homenaxe a todas as persoas que colaboraron durante a pandemia -","description":"A alcaldesa fixo un sa\u00fado especial \u00e1 Comisi\u00f3n de Festas do Alivio, que este ano, nun exercicio de responsabilidade, decidiu suspender as Festas do Alivio por 1\u00aa vez","robots":{"index":"index","follow":"follow","max-snippet":"max-snippet:-1","max-image-preview":"max-image-preview:large","max-video-preview":"max-video-preview:-1"},"canonical":"https:\/\/www.anovapeneira.gal\/index.php\/2020\/09\/21\/tomino-agradece-cun-sentido-homenaxe-a-todas-as-persoas-que-colaboraron-durante-a-pandemia\/","og_locale":"gl_ES","og_type":"article","og_title":"Tomi\u00f1o agradece cun sentido homenaxe a todas as persoas que colaboraron durante a pandemia -","og_description":"A alcaldesa fixo un sa\u00fado especial \u00e1 Comisi\u00f3n de Festas do Alivio, que este ano, nun exercicio de responsabilidade, decidiu suspender as Festas do Alivio por 1\u00aa vez","og_url":"https:\/\/www.anovapeneira.gal\/index.php\/2020\/09\/21\/tomino-agradece-cun-sentido-homenaxe-a-todas-as-persoas-que-colaboraron-durante-a-pandemia\/","article_publisher":"https:\/\/www.facebook.com\/anovapeneira","article_published_time":"2020-09-21T08:00:30+00:00","og_image":[{"width":720,"height":432,"url":"https:\/\/www.anovapeneira.gal\/wp-content\/uploads\/2020\/09\/homenaxe_colaboradores_pandemia_tominho_a_nova_peneira.jpg","type":"image\/jpeg"}],"author":"Redacci\u00f3n A Nova Peneira","twitter_card":"summary_large_image","twitter_creator":"@APeneira","twitter_site":"@APeneira","twitter_misc":{"Escrito por":"Redacci\u00f3n A Nova Peneira","Tempo de lectura":"2 minutos"},"schema":{"@context":"https:\/\/schema.org","@graph":[{"@type":"Article","@id":"https:\/\/www.anovapeneira.gal\/index.php\/2020\/09\/21\/tomino-agradece-cun-sentido-homenaxe-a-todas-as-persoas-que-colaboraron-durante-a-pandemia\/#article","isPartOf":{"@id":"https:\/\/www.anovapeneira.gal\/index.php\/2020\/09\/21\/tomino-agradece-cun-sentido-homenaxe-a-todas-as-persoas-que-colaboraron-durante-a-pandemia\/"},"author":{"name":"Redacci\u00f3n A Nova Peneira","@id":"https:\/\/www.anovapeneira.gal\/#\/schema\/person\/b93e3f8932e3f8da96334607eb6ac6aa"},"headline":"Tomi\u00f1o agradece cun sentido homenaxe a todas as persoas que colaboraron durante a pandemia","datePublished":"2020-09-21T08:00:30+00:00","mainEntityOfPage":{"@id":"https:\/\/www.anovapeneira.gal\/index.php\/2020\/09\/21\/tomino-agradece-cun-sentido-homenaxe-a-todas-as-persoas-que-colaboraron-durante-a-pandemia\/"},"wordCount":479,"commentCount":0,"publisher":{"@id":"https:\/\/www.anovapeneira.gal\/#organization"},"image":{"@id":"https:\/\/www.anovapeneira.gal\/index.php\/2020\/09\/21\/tomino-agradece-cun-sentido-homenaxe-a-todas-as-persoas-que-colaboraron-durante-a-pandemia\/#primaryimage"},"thumbnailUrl":"https:\/\/www.anovapeneira.gal\/wp-content\/uploads\/2020\/09\/homenaxe_colaboradores_pandemia_tominho_a_nova_peneira.jpg","keywords":["Concello de Tomi\u00f1o"],"articleSection":["Baixo Mi\u00f1o"],"inLanguage":"gl-ES","potentialAction":[{"@type":"CommentAction","name":"Comment","target":["https:\/\/www.anovapeneira.gal\/index.php\/2020\/09\/21\/tomino-agradece-cun-sentido-homenaxe-a-todas-as-persoas-que-colaboraron-durante-a-pandemia\/#respond"]}]},{"@type":"WebPage","@id":"https:\/\/www.anovapeneira.gal\/index.php\/2020\/09\/21\/tomino-agradece-cun-sentido-homenaxe-a-todas-as-persoas-que-colaboraron-durante-a-pandemia\/","url":"https:\/\/www.anovapeneira.gal\/index.php\/2020\/09\/21\/tomino-agradece-cun-sentido-homenaxe-a-todas-as-persoas-que-colaboraron-durante-a-pandemia\/","name":"Tomi\u00f1o agradece cun sentido homenaxe a todas as persoas que colaboraron durante a pandemia -","isPartOf":{"@id":"https:\/\/www.anovapeneira.gal\/#website"},"primaryImageOfPage":{"@id":"https:\/\/www.anovapeneira.gal\/index.php\/2020\/09\/21\/tomino-agradece-cun-sentido-homenaxe-a-todas-as-persoas-que-colaboraron-durante-a-pandemia\/#primaryimage"},"image":{"@id":"https:\/\/www.anovapeneira.gal\/index.php\/2020\/09\/21\/tomino-agradece-cun-sentido-homenaxe-a-todas-as-persoas-que-colaboraron-durante-a-pandemia\/#primaryimage"},"thumbnailUrl":"https:\/\/www.anovapeneira.gal\/wp-content\/uploads\/2020\/09\/homenaxe_colaboradores_pandemia_tominho_a_nova_peneira.jpg","datePublished":"2020-09-21T08:00:30+00:00","description":"A alcaldesa fixo un sa\u00fado especial \u00e1 Comisi\u00f3n de Festas do Alivio, que este ano, nun exercicio de responsabilidade, decidiu suspender as Festas do Alivio por 1\u00aa vez","breadcrumb":{"@id":"https:\/\/www.anovapeneira.gal\/index.php\/2020\/09\/21\/tomino-agradece-cun-sentido-homenaxe-a-todas-as-persoas-que-colaboraron-durante-a-pandemia\/#breadcrumb"},"inLanguage":"gl-ES","potentialAction":[{"@type":"ReadAction","target":["https:\/\/www.anovapeneira.gal\/index.php\/2020\/09\/21\/tomino-agradece-cun-sentido-homenaxe-a-todas-as-persoas-que-colaboraron-durante-a-pandemia\/"]}]},{"@type":"ImageObject","inLanguage":"gl-ES","@id":"https:\/\/www.anovapeneira.gal\/index.php\/2020\/09\/21\/tomino-agradece-cun-sentido-homenaxe-a-todas-as-persoas-que-colaboraron-durante-a-pandemia\/#primaryimage","url":"https:\/\/www.anovapeneira.gal\/wp-content\/uploads\/2020\/09\/homenaxe_colaboradores_pandemia_tominho_a_nova_peneira.jpg","contentUrl":"https:\/\/www.anovapeneira.gal\/wp-content\/uploads\/2020\/09\/homenaxe_colaboradores_pandemia_tominho_a_nova_peneira.jpg","width":720,"height":432,"caption":"Tomi\u00f1o agradece cun sentido homenaxe a todas as persoas que colaboraron durante a pandemia"},{"@type":"BreadcrumbList","@id":"https:\/\/www.anovapeneira.gal\/index.php\/2020\/09\/21\/tomino-agradece-cun-sentido-homenaxe-a-todas-as-persoas-que-colaboraron-durante-a-pandemia\/#breadcrumb","itemListElement":[{"@type":"ListItem","position":1,"name":"Portada","item":"https:\/\/www.anovapeneira.gal\/"},{"@type":"ListItem","position":2,"name":"Tomi\u00f1o agradece cun sentido homenaxe a todas as persoas que colaboraron durante a pandemia"}]},{"@type":"WebSite","@id":"https:\/\/www.anovapeneira.gal\/#website","url":"https:\/\/www.anovapeneira.gal\/","name":"","description":"Xornal galego de informaci\u00f3n xeral Publicaci\u00f3n mensual de novas de Galicia e en especial dos Concellos da sur da provincia de Pontevedra.","publisher":{"@id":"https:\/\/www.anovapeneira.gal\/#organization"},"potentialAction":[{"@type":"SearchAction","target":{"@type":"EntryPoint","urlTemplate":"https:\/\/www.anovapeneira.gal\/?s={search_term_string}"},"query-input":{"@type":"PropertyValueSpecification","valueRequired":true,"valueName":"search_term_string"}}],"inLanguage":"gl-ES"},{"@type":"Organization","@id":"https:\/\/www.anovapeneira.gal\/#organization","name":"A Nova Peneira","url":"https:\/\/www.anovapeneira.gal\/","logo":{"@type":"ImageObject","inLanguage":"gl-ES","@id":"https:\/\/www.anovapeneira.gal\/#\/schema\/logo\/image\/","url":"http:\/\/www.anovapeneira.gal\/wp-content\/uploads\/2019\/06\/logo_a_nova_peneira_portal_web.png","contentUrl":"http:\/\/www.anovapeneira.gal\/wp-content\/uploads\/2019\/06\/logo_a_nova_peneira_portal_web.png","width":300,"height":100,"caption":"A Nova Peneira"},"image":{"@id":"https:\/\/www.anovapeneira.gal\/#\/schema\/logo\/image\/"},"sameAs":["https:\/\/www.facebook.com\/anovapeneira","https:\/\/x.com\/APeneira"]},{"@type":"Person","@id":"https:\/\/www.anovapeneira.gal\/#\/schema\/person\/b93e3f8932e3f8da96334607eb6ac6aa","name":"Redacci\u00f3n A Nova Peneira","image":{"@type":"ImageObject","inLanguage":"gl-ES","@id":"https:\/\/secure.gravatar.com\/avatar\/c052a2551a06e23fac63626232eaa90abd78dbcf1700fc46a2b2c89fd27b735f?s=96&d=mm&r=g","url":"https:\/\/secure.gravatar.com\/avatar\/c052a2551a06e23fac63626232eaa90abd78dbcf1700fc46a2b2c89fd27b735f?s=96&d=mm&r=g","contentUrl":"https:\/\/secure.gravatar.com\/avatar\/c052a2551a06e23fac63626232eaa90abd78dbcf1700fc46a2b2c89fd27b735f?s=96&d=mm&r=g","caption":"Redacci\u00f3n A Nova Peneira"},"sameAs":["http:\/\/www.anovapeneira.gal\/"],"url":"https:\/\/www.anovapeneira.gal\/index.php\/author\/redactor\/"}]}},"jetpack_featured_media_url":"https:\/\/www.anovapeneira.gal\/wp-content\/uploads\/2020\/09\/homenaxe_colaboradores_pandemia_tominho_a_nova_peneira.jpg","_links":{"self":[{"href":"https:\/\/www.anovapeneira.gal\/index.php\/wp-json\/wp\/v2\/posts\/3940","targetHints":{"allow":["GET"]}}],"collection":[{"href":"https:\/\/www.anovapeneira.gal\/index.php\/wp-json\/wp\/v2\/posts"}],"about":[{"href":"https:\/\/www.anovapeneira.gal\/index.php\/wp-json\/wp\/v2\/types\/post"}],"author":[{"embeddable":true,"href":"https:\/\/www.anovapeneira.gal\/index.php\/wp-json\/wp\/v2\/users\/3"}],"replies":[{"embeddable":true,"href":"https:\/\/www.anovapeneira.gal\/index.php\/wp-json\/wp\/v2\/comments?post=3940"}],"version-history":[{"count":1,"href":"https:\/\/www.anovapeneira.gal\/index.php\/wp-json\/wp\/v2\/posts\/3940\/revisions"}],"predecessor-version":[{"id":3942,"href":"https:\/\/www.anovapeneira.gal\/index.php\/wp-json\/wp\/v2\/posts\/3940\/revisions\/3942"}],"wp:featuredmedia":[{"embeddable":true,"href":"https:\/\/www.anovapeneira.gal\/index.php\/wp-json\/wp\/v2\/media\/3941"}],"wp:attachment":[{"href":"https:\/\/www.anovapeneira.gal\/index.php\/wp-json\/wp\/v2\/media?parent=3940"}],"wp:term":[{"taxonomy":"category","embeddable":true,"href":"https:\/\/www.anovapeneira.gal\/index.php\/wp-json\/wp\/v2\/categories?post=3940"},{"taxonomy":"post_tag","embeddable":true,"href":"https:\/\/www.anovapeneira.gal\/index.php\/wp-json\/wp\/v2\/tags?post=3940"}],"curies":[{"name":"wp","href":"https:\/\/api.w.org\/{rel}","templated":true}]}}