{"id":3943,"date":"2020-09-21T12:00:07","date_gmt":"2020-09-21T10:00:07","guid":{"rendered":"http:\/\/www.anovapeneira.gal\/?p=3943"},"modified":"2020-09-21T08:43:25","modified_gmt":"2020-09-21T06:43:25","slug":"o-vixesimo-cuarto-fragmento-do-diario-de-senlua-arraiana","status":"publish","type":"post","link":"https:\/\/www.anovapeneira.gal\/index.php\/2020\/09\/21\/o-vixesimo-cuarto-fragmento-do-diario-de-senlua-arraiana\/","title":{"rendered":"O vix\u00e9simo cuarto fragmento do diario de Senl\u00faa Arraiana"},"content":{"rendered":"\n<h2 class=\"wp-block-heading\"><strong><em>O pasadizo das mouras<\/em><\/strong><\/h2>\n\n\n\n<figure class=\"wp-block-image size-large is-resized is-style-default\"><img loading=\"lazy\" decoding=\"async\" src=\"http:\/\/www.anovapeneira.gal\/wp-content\/uploads\/2019\/07\/cristobal_a_nova_peneira.jpg\" alt=\"Crist\u00f3bal L\u00f3pez A Nova Peneira\" class=\"wp-image-555\" width=\"95\" height=\"111\"\/><figcaption>Crist\u00f3bal L\u00f3pez Pazo | Comuneiro dos montes de Tameiga, militante de anticapitalistas, ecoloxista en acci\u00f3n e veci\u00f1o constitu\u00ednte da asemblea veci\u00f1al ga\u00f1aM\u00f3s<\/figcaption><\/figure>\n\n\n\n<div class=\"wp-block-columns is-layout-flex wp-container-core-columns-is-layout-9d6595d7 wp-block-columns-is-layout-flex\">\n<div class=\"wp-block-column is-layout-flow wp-block-column-is-layout-flow\">\n<figure class=\"wp-block-image size-large is-style-default\"><img loading=\"lazy\" decoding=\"async\" width=\"700\" height=\"816\" src=\"http:\/\/www.anovapeneira.gal\/wp-content\/uploads\/2019\/08\/senlua_arraiana_2135.jpg\" alt=\"\" class=\"wp-image-877\" srcset=\"https:\/\/www.anovapeneira.gal\/wp-content\/uploads\/2019\/08\/senlua_arraiana_2135.jpg 700w, https:\/\/www.anovapeneira.gal\/wp-content\/uploads\/2019\/08\/senlua_arraiana_2135-257x300.jpg 257w\" sizes=\"auto, (max-width: 700px) 100vw, 700px\" \/><\/figure>\n<\/div>\n\n\n\n<div class=\"wp-block-column is-layout-flow wp-block-column-is-layout-flow\">\n<p><strong><em>Este vix\u00e9simo cuarto fragmento do diario de Senl\u00faa Arraiana foi recuperado e adiantado ao noso tempo por Noitepedralonga, fiel camarada do av\u00f3 da futura l\u00edder da resistencia arraiana<\/em><\/strong><\/p>\n<\/div>\n<\/div>\n\n\n\n<p>Un chanzo tras outro fumos baixando \u00e1s profundidades do pasadizo das mouras. O fragor do crepitar das lapas apremiaba a nosa marcha e soslaiaba as queixas dos nosos xeonllos naquel interminable viacrucis.\u00a0<\/p>\n\n\n\n<p>Chanzo tras chanzo adentr\u00e1bamonos na garganta do averno. Milleiros de miradas baleiras eran testemu\u00f1as da nosa peregrinaci\u00f3n. Os craneos clavados entre os saintes das pedras fac\u00edan a\u00ednda m\u00e1is x\u00e9lido aquel lobrego corredor da morte.<\/p>\n\n\n\n<p>S\u00f3lo ao remate daquela escada infernal deixamos atr\u00e1s as catacumbas. O treito de paredes desnudas era m\u00e1is angosto e o meu coraz\u00f3n encolleuse no silencio.&nbsp; Chegamos a un ensanchamento do pasadizo e a Portela indicounos que faciamos un alto para descansar. O murmurio das escorrent\u00edas subterraneas sent\u00edase neste recodo, parec\u00edan voces falando entre si nun di\u00e1logo eterno.<\/p>\n\n\n\n<p>Recosteime buscando acomodo para recuperame do esforzo, pero a vista do teito foi tan arrepiante que quedeime envarada. As tenues luces das nosas linternas cobraban vida enriba das nosas cabezas formando unha danza de espectros. As mouras vi\u00f1an a buscarme.&nbsp;<\/p>\n\n\n\n<p>-Non asustarvos -dixo Malandrea-, \u00e9 unha veta de \u00f3palos a que fai iso no ar. As iniciais exclamaci\u00f3ns de alivio remataron nunha gargallada xeral. Ate alg\u00fan atreveuse a imitar voces de ultratumba dando m\u00e1is p\u00e1bulo as risotadas. Coa serenidade recobrada f\u00edxoseme m\u00e1is doado o resto do cami\u00f1o, incluso animeime a participar nalgunha das conversas que prenderon ao retomar a marcha.&nbsp;<\/p>\n\n\n\n<p>Detr\u00e1s mi\u00f1a \u00edan unha bi\u00f3loga e un matem\u00e1tico debatindo sobre a necesidade de que as persoas que conforman un pobo est\u00e9n formadas e informadas. Defin\u00edan como masas superfluas \u00e1 xente indiferente coa gobernanza do seu pa\u00eds. Para eles canto m\u00e1is numerosa e inconexa era a poboaci\u00f3n maior risco de que se conformaran o que eles defin\u00edan &#8220;as masas superfluas&#8221; como grupo maioritario. A aparente perenne apat\u00eda destas masas, informes ideoloxicamente, pode tornarse nun virulento fanatismo se algu\u00e9n se erixe como o seu mesias. Xurde ent\u00f3n entre eles unha solidariedade negativa, nova e aterradora. A s\u00faa fascinaci\u00f3n polas convicci\u00f3ns intransixentes medra canto m\u00e1is son estas contrarias e refutadas pola raz\u00f3n establecida. Aceptan sen recelo o control arbitrario e a dominaci\u00f3n homicida incluso cando \u00e9 a s\u00faa sangue a que escorrega pola picota.&nbsp;<\/p>\n\n\n\n<p>-Non creo que a vacina contra o totalitarismo sexa simplemente aumentar o nivel educativo da poboaci\u00f3n -entrometinme na conversa-. O populacho que sustenta a Areval\u00e9fica e sobre o que se edifucou a Colmea non \u00e9 unha masa ignorante. As masas superfluas das que falades se forman cando se relega a s\u00faa voz a absoluta irrelevancia desafect\u00e1ndolas de toda implicaci\u00f3n na gobernanza do ben com\u00fan.&nbsp;<\/p>\n\n\n\n<p>Lonxe de onfenderse pola mi\u00f1a intromisi\u00f3n, acaloraron a conversa ao ter un terceiro en discordia. A bi\u00f3loga sosten\u00eda que a caracter\u00edstica principal das masas non era a brutalidade, esta deve\u00f1e, senon o seu aillamento social e a s\u00faa incapacidade para relacionarse normalmente. Por iso o nacionalismo tribal non os satisface e nos momentos de maior desamparado engrosan as filas do nacionalismo violento e fan\u00e1tico que lles propo\u00f1a alg\u00fan mesias. O matem\u00e1tico abundou na maleabilidade dunha sociedade atomizada. Na totalitaria Colmea, cando se instauro o r\u00e9xime do terror, as persoas evitaron o contacto \u00edntimo entre si para impedir ser delatadas polo m\u00e1is m\u00ednimo desliz, pero sobre todo para non verse arrastradas \u00e1 picota pola ca\u00edda en desgraza dalg\u00fan amigo. A inhabilidade social e a incompetencia pol\u00edtica propia da masa superflua converteuse en garant\u00eda de supervivencia.&nbsp;<\/p>\n\n\n\n<p>-Si, tedes raz\u00f3n -aseverei-, pero non concordo co determinismo que asoma en toda o que decides. Seica non \u00e9 evitable a desafecci\u00f3n desas persoas dot\u00e1ndonos dunha organizaci\u00f3n horizontal e inclusiva? E o m\u00e1is crucial, acaso non poderemos recuperar a toda a xente entelara\u00f1ada na Colmea? Que facemos con eles cando derrotemos a Areval\u00e9fica?<\/p>\n\n\n\n<p>-Irrecuperables. Poder\u00e1s cortar todas as mans que empu\u00f1an o l\u00e1tigo na Colmea, que a poboaci\u00f3n non responder\u00e1 ate que algu\u00e9n encarne a s\u00faa fan\u00e1tica obsesi\u00f3n -soltoume a bi\u00f3loga mentres o matem\u00e1tico asent\u00eda ostentosamente coa cabeza-. Levar\u00e1n o terror no seus corpos e os seus fillos se criar\u00e1n con ese ascendiente.&nbsp;<\/p>\n\n\n\n<p>-Non facemos unha guerra para que todo siga igual -rebeleime alporizada-. Igual estades no bando equivocado -espeteilles e afasteime deles torcendo o xesto.&nbsp;<\/p>\n\n\n\n<p>En seguida decateime do inxusto da mi\u00f1a acusaci\u00f3n e do infantil da mi\u00f1a reacci\u00f3n. Por moi presuntuosos que me resultasen, levaban resistindo e loitando contra a Colmea desde o inicio dos progromos e as persecuci\u00f3ns. Achegueime de novo a eles para desculparme polo meu comportamento, pero eles adiant\u00e1ronseme:<\/p>\n\n\n\n<p>-Non nos fagas caso, Senl\u00faa. Ti tes raz\u00f3n. Debemos ter esperanza nunha rexeneraci\u00f3n da humanidade, pero levamos tantas decepci\u00f3ns -falou primeiro Zorostra.&nbsp;<\/p>\n\n\n\n<p>-Estabamos os dous co teu pai o d\u00eda que o levaron. Nunca creimos que foran capaces e con el s\u00f3 deron o pistoletazo de sa\u00edda -continuo o matem\u00e1tico-. Os teus pais eran unha luz no cami\u00f1o para todos e para Zorostra m\u00e1is eu ademais eran uns amigos a quen a\u00f1oramos moito.&nbsp;<\/p>\n\n\n\n<p>Non dixen nada, limiteime a fundirme nun emocionado abrazo con eles. Deb\u00eda ter presente que a maior\u00eda dos que nos acompa\u00f1aban co\u00f1ec\u00edan mellor a meu pai ca min. Todos devec\u00edan por reencontrarse coa mi\u00f1a nai e os vellos arraianos, moitos deles oriundos de Tameiga e compa\u00f1eiros de fatigas. No Alto de Puxeiros foi un dos lugares da Galiza onde m\u00e1is supervivintes se rexistraron tr\u00e1s a hecatombe. Aquel monte polo que tanto loitaron devolveulles o favor mant\u00e9ndolos ao socaire da destrucci\u00f3n.&nbsp;<\/p>\n\n\n\n<p>Da cabeceira da columna chegaron voces de alborozo. O pasadizo das mouras d\u00e1banos acougo a trav\u00e9s dunha estreita fenda na rocha pola que fumos sa\u00edndo. F\u00f3ra, o sol comezaba a ga\u00f1ar o mediod\u00eda. En silencio e quedas reconfort\u00e1bamonos coa quentura do ba\u00f1o de luz mentres ench\u00edamos os nosos pulm\u00f3ns co aire puro da monta\u00f1a.&nbsp;<\/p>\n\n\n\n<p>S\u00f3 restaba unha corta caminata ate o punto de encontro cos veh\u00edculos nunha antiga estrada secundaria que hecatombe non deixara intransitable de todo.&nbsp;<\/p>\n\n\n\n<p>Romperon a mi\u00f1a abstracci\u00f3n as gargalladas dun home alto e desgarbado como poucos e unha rapariga que ben poder\u00eda ser a s\u00faa filla. R\u00edan como se non houbera m\u00e1is mundo allende da s\u00faa delicia. Xogaban aos ox\u00edmorons e certamente o desgarbado ti\u00f1a unha graza innata para maridar palabras contradictorias. Cantas veces ti\u00f1a retado a mi\u00f1a nai a ese mesmo xogo. Como a\u00f1oraba a mi\u00f1a nai. Que lonxe queda a Senl\u00faa que partiu da Raia do oeste. Apenas pasaron uns meses, pero non me extra\u00f1ar\u00eda se a mi\u00f1a xente non me reco\u00f1ecera. Eu mesma dubido ante o meu reflexo.&nbsp;<\/p>\n\n\n\n<p>Achegueime at\u00e9 a bulliciosa parella. Devec\u00eda por participar no xogo, mais limiteime a escoitar e non romper as\u00ed o v\u00ednculo entre eles.&nbsp;<\/p>\n\n\n\n<p>-Andas con graciosa torpeza, mi se\u00f1ora, para ter unha cabeza tan chea de baleiros -o desgarbado fac\u00eda, una vez m\u00e1is, as ledicias da rapariga.&nbsp;<\/p>\n\n\n\n<p>A nena intentou concentrarse para dar a r\u00e9plica que prolongara o xogo:<\/p>\n\n\n\n<p>-Imos nun viaxe a ningun sitio. Avanzamos cara atr\u00e1s adentr\u00e1ndonos no mesmo claroscuro do que prentend\u00edamos sa\u00edr. Esta tragicomedia \u00e9 un segredo a voces.&nbsp;<\/p>\n\n\n\n<p>Na s\u00faa docta ignorancia a rapariga oficiara de aprendiz de ar\u00faspice. O desgarbado det\u00edvose ante o mal augurio e case doume de bruces con el. Advertiron a mi\u00f1a presenza e un silencio atronador envolveunos. Cruzamos uns sorrisos insidiosos buscando retroceder no tempo, pero o mal estaba feito, o inconsciente or\u00e1culo levar\u00e1 a pesadumbre aos nosos ledos coraz\u00f3ns.&nbsp;<\/p>\n\n\n\n<p>Benvidas ao despiadado pa\u00eds das marabillas.<\/p>\n","protected":false},"excerpt":{"rendered":"<div class=\"mh-excerpt\"><p>Este vix\u00e9simo cuarto fragmento do diario de Senl\u00faa Arraiana foi recuperado e adiantado ao noso tempo por Noitepedralonga, fiel camarada do av\u00f3 da futura l\u00edder da resistencia arraiana <a class=\"mh-excerpt-more\" href=\"https:\/\/www.anovapeneira.gal\/index.php\/2020\/09\/21\/o-vixesimo-cuarto-fragmento-do-diario-de-senlua-arraiana\/\" title=\"O vix\u00e9simo cuarto fragmento do diario de Senl\u00faa Arraiana\">[&#8230;]<\/a><\/p>\n<\/div>","protected":false},"author":13,"featured_media":3945,"comment_status":"open","ping_status":"open","sticky":false,"template":"","format":"standard","meta":{"_exactmetrics_skip_tracking":false,"_exactmetrics_sitenote_active":false,"_exactmetrics_sitenote_note":"","_exactmetrics_sitenote_category":0,"footnotes":""},"categories":[7],"tags":[58],"class_list":{"0":"post-3943","1":"post","2":"type-post","3":"status-publish","4":"format-standard","5":"has-post-thumbnail","7":"category-artigos-de-opinion","8":"tag-opinion"},"yoast_head":"<!-- This site is optimized with the Yoast SEO plugin v27.4 - https:\/\/yoast.com\/product\/yoast-seo-wordpress\/ -->\n<title>O vix\u00e9simo cuarto fragmento do diario de Senl\u00faa Arraiana -<\/title>\n<meta name=\"robots\" content=\"index, follow, max-snippet:-1, max-image-preview:large, max-video-preview:-1\" \/>\n<link rel=\"canonical\" href=\"https:\/\/www.anovapeneira.gal\/index.php\/2020\/09\/21\/o-vixesimo-cuarto-fragmento-do-diario-de-senlua-arraiana\/\" \/>\n<meta property=\"og:locale\" content=\"gl_ES\" \/>\n<meta property=\"og:type\" content=\"article\" \/>\n<meta property=\"og:title\" content=\"O vix\u00e9simo cuarto fragmento do diario de Senl\u00faa Arraiana -\" \/>\n<meta property=\"og:description\" content=\"Este vix\u00e9simo cuarto fragmento do diario de Senl\u00faa Arraiana foi recuperado e adiantado ao noso tempo por Noitepedralonga, fiel camarada do av\u00f3 da futura l\u00edder da resistencia arraiana [...]\" \/>\n<meta property=\"og:url\" content=\"https:\/\/www.anovapeneira.gal\/index.php\/2020\/09\/21\/o-vixesimo-cuarto-fragmento-do-diario-de-senlua-arraiana\/\" \/>\n<meta property=\"article:publisher\" content=\"https:\/\/www.facebook.com\/anovapeneira\" \/>\n<meta property=\"article:published_time\" content=\"2020-09-21T10:00:07+00:00\" \/>\n<meta property=\"og:image\" content=\"https:\/\/www.anovapeneira.gal\/wp-content\/uploads\/2020\/09\/senlua_arraiana_24_a_nova_peneira.jpg\" \/>\n\t<meta property=\"og:image:width\" content=\"720\" \/>\n\t<meta property=\"og:image:height\" content=\"432\" \/>\n\t<meta property=\"og:image:type\" content=\"image\/jpeg\" \/>\n<meta name=\"author\" content=\"Cristobal L\u00f3pez\" \/>\n<meta name=\"twitter:card\" content=\"summary_large_image\" \/>\n<meta name=\"twitter:creator\" content=\"@APeneira\" \/>\n<meta name=\"twitter:site\" content=\"@APeneira\" \/>\n<meta name=\"twitter:label1\" content=\"Escrito por\" \/>\n\t<meta name=\"twitter:data1\" content=\"Cristobal L\u00f3pez\" \/>\n\t<meta name=\"twitter:label2\" content=\"Tempo de lectura\" \/>\n\t<meta name=\"twitter:data2\" content=\"7 minutos\" \/>\n<script type=\"application\/ld+json\" class=\"yoast-schema-graph\">{\"@context\":\"https:\\\/\\\/schema.org\",\"@graph\":[{\"@type\":\"Article\",\"@id\":\"https:\\\/\\\/www.anovapeneira.gal\\\/index.php\\\/2020\\\/09\\\/21\\\/o-vixesimo-cuarto-fragmento-do-diario-de-senlua-arraiana\\\/#article\",\"isPartOf\":{\"@id\":\"https:\\\/\\\/www.anovapeneira.gal\\\/index.php\\\/2020\\\/09\\\/21\\\/o-vixesimo-cuarto-fragmento-do-diario-de-senlua-arraiana\\\/\"},\"author\":{\"name\":\"Cristobal L\u00f3pez\",\"@id\":\"https:\\\/\\\/www.anovapeneira.gal\\\/#\\\/schema\\\/person\\\/45b3df2338e4d898b7616809f9c5906c\"},\"headline\":\"O vix\u00e9simo cuarto fragmento do diario de Senl\u00faa Arraiana\",\"datePublished\":\"2020-09-21T10:00:07+00:00\",\"mainEntityOfPage\":{\"@id\":\"https:\\\/\\\/www.anovapeneira.gal\\\/index.php\\\/2020\\\/09\\\/21\\\/o-vixesimo-cuarto-fragmento-do-diario-de-senlua-arraiana\\\/\"},\"wordCount\":1418,\"commentCount\":0,\"publisher\":{\"@id\":\"https:\\\/\\\/www.anovapeneira.gal\\\/#organization\"},\"image\":{\"@id\":\"https:\\\/\\\/www.anovapeneira.gal\\\/index.php\\\/2020\\\/09\\\/21\\\/o-vixesimo-cuarto-fragmento-do-diario-de-senlua-arraiana\\\/#primaryimage\"},\"thumbnailUrl\":\"https:\\\/\\\/www.anovapeneira.gal\\\/wp-content\\\/uploads\\\/2020\\\/09\\\/senlua_arraiana_24_a_nova_peneira.jpg\",\"keywords\":[\"Opini\u00f3n\"],\"articleSection\":[\"Artigos de opini\u00f3n\"],\"inLanguage\":\"gl-ES\",\"potentialAction\":[{\"@type\":\"CommentAction\",\"name\":\"Comment\",\"target\":[\"https:\\\/\\\/www.anovapeneira.gal\\\/index.php\\\/2020\\\/09\\\/21\\\/o-vixesimo-cuarto-fragmento-do-diario-de-senlua-arraiana\\\/#respond\"]}]},{\"@type\":\"WebPage\",\"@id\":\"https:\\\/\\\/www.anovapeneira.gal\\\/index.php\\\/2020\\\/09\\\/21\\\/o-vixesimo-cuarto-fragmento-do-diario-de-senlua-arraiana\\\/\",\"url\":\"https:\\\/\\\/www.anovapeneira.gal\\\/index.php\\\/2020\\\/09\\\/21\\\/o-vixesimo-cuarto-fragmento-do-diario-de-senlua-arraiana\\\/\",\"name\":\"O vix\u00e9simo cuarto fragmento do diario de Senl\u00faa Arraiana -\",\"isPartOf\":{\"@id\":\"https:\\\/\\\/www.anovapeneira.gal\\\/#website\"},\"primaryImageOfPage\":{\"@id\":\"https:\\\/\\\/www.anovapeneira.gal\\\/index.php\\\/2020\\\/09\\\/21\\\/o-vixesimo-cuarto-fragmento-do-diario-de-senlua-arraiana\\\/#primaryimage\"},\"image\":{\"@id\":\"https:\\\/\\\/www.anovapeneira.gal\\\/index.php\\\/2020\\\/09\\\/21\\\/o-vixesimo-cuarto-fragmento-do-diario-de-senlua-arraiana\\\/#primaryimage\"},\"thumbnailUrl\":\"https:\\\/\\\/www.anovapeneira.gal\\\/wp-content\\\/uploads\\\/2020\\\/09\\\/senlua_arraiana_24_a_nova_peneira.jpg\",\"datePublished\":\"2020-09-21T10:00:07+00:00\",\"breadcrumb\":{\"@id\":\"https:\\\/\\\/www.anovapeneira.gal\\\/index.php\\\/2020\\\/09\\\/21\\\/o-vixesimo-cuarto-fragmento-do-diario-de-senlua-arraiana\\\/#breadcrumb\"},\"inLanguage\":\"gl-ES\",\"potentialAction\":[{\"@type\":\"ReadAction\",\"target\":[\"https:\\\/\\\/www.anovapeneira.gal\\\/index.php\\\/2020\\\/09\\\/21\\\/o-vixesimo-cuarto-fragmento-do-diario-de-senlua-arraiana\\\/\"]}]},{\"@type\":\"ImageObject\",\"inLanguage\":\"gl-ES\",\"@id\":\"https:\\\/\\\/www.anovapeneira.gal\\\/index.php\\\/2020\\\/09\\\/21\\\/o-vixesimo-cuarto-fragmento-do-diario-de-senlua-arraiana\\\/#primaryimage\",\"url\":\"https:\\\/\\\/www.anovapeneira.gal\\\/wp-content\\\/uploads\\\/2020\\\/09\\\/senlua_arraiana_24_a_nova_peneira.jpg\",\"contentUrl\":\"https:\\\/\\\/www.anovapeneira.gal\\\/wp-content\\\/uploads\\\/2020\\\/09\\\/senlua_arraiana_24_a_nova_peneira.jpg\",\"width\":720,\"height\":432,\"caption\":\"Senl\u00faa Arraiana\"},{\"@type\":\"BreadcrumbList\",\"@id\":\"https:\\\/\\\/www.anovapeneira.gal\\\/index.php\\\/2020\\\/09\\\/21\\\/o-vixesimo-cuarto-fragmento-do-diario-de-senlua-arraiana\\\/#breadcrumb\",\"itemListElement\":[{\"@type\":\"ListItem\",\"position\":1,\"name\":\"Portada\",\"item\":\"https:\\\/\\\/www.anovapeneira.gal\\\/\"},{\"@type\":\"ListItem\",\"position\":2,\"name\":\"O vix\u00e9simo cuarto fragmento do diario de Senl\u00faa Arraiana\"}]},{\"@type\":\"WebSite\",\"@id\":\"https:\\\/\\\/www.anovapeneira.gal\\\/#website\",\"url\":\"https:\\\/\\\/www.anovapeneira.gal\\\/\",\"name\":\"\",\"description\":\"Xornal galego de informaci\u00f3n xeral Publicaci\u00f3n mensual de novas de Galicia e en especial dos Concellos da sur da provincia de Pontevedra.\",\"publisher\":{\"@id\":\"https:\\\/\\\/www.anovapeneira.gal\\\/#organization\"},\"potentialAction\":[{\"@type\":\"SearchAction\",\"target\":{\"@type\":\"EntryPoint\",\"urlTemplate\":\"https:\\\/\\\/www.anovapeneira.gal\\\/?s={search_term_string}\"},\"query-input\":{\"@type\":\"PropertyValueSpecification\",\"valueRequired\":true,\"valueName\":\"search_term_string\"}}],\"inLanguage\":\"gl-ES\"},{\"@type\":\"Organization\",\"@id\":\"https:\\\/\\\/www.anovapeneira.gal\\\/#organization\",\"name\":\"A Nova Peneira\",\"url\":\"https:\\\/\\\/www.anovapeneira.gal\\\/\",\"logo\":{\"@type\":\"ImageObject\",\"inLanguage\":\"gl-ES\",\"@id\":\"https:\\\/\\\/www.anovapeneira.gal\\\/#\\\/schema\\\/logo\\\/image\\\/\",\"url\":\"http:\\\/\\\/www.anovapeneira.gal\\\/wp-content\\\/uploads\\\/2019\\\/06\\\/logo_a_nova_peneira_portal_web.png\",\"contentUrl\":\"http:\\\/\\\/www.anovapeneira.gal\\\/wp-content\\\/uploads\\\/2019\\\/06\\\/logo_a_nova_peneira_portal_web.png\",\"width\":300,\"height\":100,\"caption\":\"A Nova Peneira\"},\"image\":{\"@id\":\"https:\\\/\\\/www.anovapeneira.gal\\\/#\\\/schema\\\/logo\\\/image\\\/\"},\"sameAs\":[\"https:\\\/\\\/www.facebook.com\\\/anovapeneira\",\"https:\\\/\\\/x.com\\\/APeneira\"]},{\"@type\":\"Person\",\"@id\":\"https:\\\/\\\/www.anovapeneira.gal\\\/#\\\/schema\\\/person\\\/45b3df2338e4d898b7616809f9c5906c\",\"name\":\"Cristobal L\u00f3pez\",\"image\":{\"@type\":\"ImageObject\",\"inLanguage\":\"gl-ES\",\"@id\":\"https:\\\/\\\/secure.gravatar.com\\\/avatar\\\/b537cf06ef8166c9ef72b09f4d5f6446b1e22ea99505d94e40b8685710482f79?s=96&d=mm&r=g\",\"url\":\"https:\\\/\\\/secure.gravatar.com\\\/avatar\\\/b537cf06ef8166c9ef72b09f4d5f6446b1e22ea99505d94e40b8685710482f79?s=96&d=mm&r=g\",\"contentUrl\":\"https:\\\/\\\/secure.gravatar.com\\\/avatar\\\/b537cf06ef8166c9ef72b09f4d5f6446b1e22ea99505d94e40b8685710482f79?s=96&d=mm&r=g\",\"caption\":\"Cristobal L\u00f3pez\"},\"sameAs\":[\"http:\\\/\\\/anovapeneira.gal\"],\"url\":\"https:\\\/\\\/www.anovapeneira.gal\\\/index.php\\\/author\\\/opinioncristoballopez\\\/\"}]}<\/script>\n<!-- \/ Yoast SEO plugin. -->","yoast_head_json":{"title":"O vix\u00e9simo cuarto fragmento do diario de Senl\u00faa Arraiana -","robots":{"index":"index","follow":"follow","max-snippet":"max-snippet:-1","max-image-preview":"max-image-preview:large","max-video-preview":"max-video-preview:-1"},"canonical":"https:\/\/www.anovapeneira.gal\/index.php\/2020\/09\/21\/o-vixesimo-cuarto-fragmento-do-diario-de-senlua-arraiana\/","og_locale":"gl_ES","og_type":"article","og_title":"O vix\u00e9simo cuarto fragmento do diario de Senl\u00faa Arraiana -","og_description":"Este vix\u00e9simo cuarto fragmento do diario de Senl\u00faa Arraiana foi recuperado e adiantado ao noso tempo por Noitepedralonga, fiel camarada do av\u00f3 da futura l\u00edder da resistencia arraiana [...]","og_url":"https:\/\/www.anovapeneira.gal\/index.php\/2020\/09\/21\/o-vixesimo-cuarto-fragmento-do-diario-de-senlua-arraiana\/","article_publisher":"https:\/\/www.facebook.com\/anovapeneira","article_published_time":"2020-09-21T10:00:07+00:00","og_image":[{"width":720,"height":432,"url":"https:\/\/www.anovapeneira.gal\/wp-content\/uploads\/2020\/09\/senlua_arraiana_24_a_nova_peneira.jpg","type":"image\/jpeg"}],"author":"Cristobal L\u00f3pez","twitter_card":"summary_large_image","twitter_creator":"@APeneira","twitter_site":"@APeneira","twitter_misc":{"Escrito por":"Cristobal L\u00f3pez","Tempo de lectura":"7 minutos"},"schema":{"@context":"https:\/\/schema.org","@graph":[{"@type":"Article","@id":"https:\/\/www.anovapeneira.gal\/index.php\/2020\/09\/21\/o-vixesimo-cuarto-fragmento-do-diario-de-senlua-arraiana\/#article","isPartOf":{"@id":"https:\/\/www.anovapeneira.gal\/index.php\/2020\/09\/21\/o-vixesimo-cuarto-fragmento-do-diario-de-senlua-arraiana\/"},"author":{"name":"Cristobal L\u00f3pez","@id":"https:\/\/www.anovapeneira.gal\/#\/schema\/person\/45b3df2338e4d898b7616809f9c5906c"},"headline":"O vix\u00e9simo cuarto fragmento do diario de Senl\u00faa Arraiana","datePublished":"2020-09-21T10:00:07+00:00","mainEntityOfPage":{"@id":"https:\/\/www.anovapeneira.gal\/index.php\/2020\/09\/21\/o-vixesimo-cuarto-fragmento-do-diario-de-senlua-arraiana\/"},"wordCount":1418,"commentCount":0,"publisher":{"@id":"https:\/\/www.anovapeneira.gal\/#organization"},"image":{"@id":"https:\/\/www.anovapeneira.gal\/index.php\/2020\/09\/21\/o-vixesimo-cuarto-fragmento-do-diario-de-senlua-arraiana\/#primaryimage"},"thumbnailUrl":"https:\/\/www.anovapeneira.gal\/wp-content\/uploads\/2020\/09\/senlua_arraiana_24_a_nova_peneira.jpg","keywords":["Opini\u00f3n"],"articleSection":["Artigos de opini\u00f3n"],"inLanguage":"gl-ES","potentialAction":[{"@type":"CommentAction","name":"Comment","target":["https:\/\/www.anovapeneira.gal\/index.php\/2020\/09\/21\/o-vixesimo-cuarto-fragmento-do-diario-de-senlua-arraiana\/#respond"]}]},{"@type":"WebPage","@id":"https:\/\/www.anovapeneira.gal\/index.php\/2020\/09\/21\/o-vixesimo-cuarto-fragmento-do-diario-de-senlua-arraiana\/","url":"https:\/\/www.anovapeneira.gal\/index.php\/2020\/09\/21\/o-vixesimo-cuarto-fragmento-do-diario-de-senlua-arraiana\/","name":"O vix\u00e9simo cuarto fragmento do diario de Senl\u00faa Arraiana -","isPartOf":{"@id":"https:\/\/www.anovapeneira.gal\/#website"},"primaryImageOfPage":{"@id":"https:\/\/www.anovapeneira.gal\/index.php\/2020\/09\/21\/o-vixesimo-cuarto-fragmento-do-diario-de-senlua-arraiana\/#primaryimage"},"image":{"@id":"https:\/\/www.anovapeneira.gal\/index.php\/2020\/09\/21\/o-vixesimo-cuarto-fragmento-do-diario-de-senlua-arraiana\/#primaryimage"},"thumbnailUrl":"https:\/\/www.anovapeneira.gal\/wp-content\/uploads\/2020\/09\/senlua_arraiana_24_a_nova_peneira.jpg","datePublished":"2020-09-21T10:00:07+00:00","breadcrumb":{"@id":"https:\/\/www.anovapeneira.gal\/index.php\/2020\/09\/21\/o-vixesimo-cuarto-fragmento-do-diario-de-senlua-arraiana\/#breadcrumb"},"inLanguage":"gl-ES","potentialAction":[{"@type":"ReadAction","target":["https:\/\/www.anovapeneira.gal\/index.php\/2020\/09\/21\/o-vixesimo-cuarto-fragmento-do-diario-de-senlua-arraiana\/"]}]},{"@type":"ImageObject","inLanguage":"gl-ES","@id":"https:\/\/www.anovapeneira.gal\/index.php\/2020\/09\/21\/o-vixesimo-cuarto-fragmento-do-diario-de-senlua-arraiana\/#primaryimage","url":"https:\/\/www.anovapeneira.gal\/wp-content\/uploads\/2020\/09\/senlua_arraiana_24_a_nova_peneira.jpg","contentUrl":"https:\/\/www.anovapeneira.gal\/wp-content\/uploads\/2020\/09\/senlua_arraiana_24_a_nova_peneira.jpg","width":720,"height":432,"caption":"Senl\u00faa Arraiana"},{"@type":"BreadcrumbList","@id":"https:\/\/www.anovapeneira.gal\/index.php\/2020\/09\/21\/o-vixesimo-cuarto-fragmento-do-diario-de-senlua-arraiana\/#breadcrumb","itemListElement":[{"@type":"ListItem","position":1,"name":"Portada","item":"https:\/\/www.anovapeneira.gal\/"},{"@type":"ListItem","position":2,"name":"O vix\u00e9simo cuarto fragmento do diario de Senl\u00faa Arraiana"}]},{"@type":"WebSite","@id":"https:\/\/www.anovapeneira.gal\/#website","url":"https:\/\/www.anovapeneira.gal\/","name":"","description":"Xornal galego de informaci\u00f3n xeral Publicaci\u00f3n mensual de novas de Galicia e en especial dos Concellos da sur da provincia de Pontevedra.","publisher":{"@id":"https:\/\/www.anovapeneira.gal\/#organization"},"potentialAction":[{"@type":"SearchAction","target":{"@type":"EntryPoint","urlTemplate":"https:\/\/www.anovapeneira.gal\/?s={search_term_string}"},"query-input":{"@type":"PropertyValueSpecification","valueRequired":true,"valueName":"search_term_string"}}],"inLanguage":"gl-ES"},{"@type":"Organization","@id":"https:\/\/www.anovapeneira.gal\/#organization","name":"A Nova Peneira","url":"https:\/\/www.anovapeneira.gal\/","logo":{"@type":"ImageObject","inLanguage":"gl-ES","@id":"https:\/\/www.anovapeneira.gal\/#\/schema\/logo\/image\/","url":"http:\/\/www.anovapeneira.gal\/wp-content\/uploads\/2019\/06\/logo_a_nova_peneira_portal_web.png","contentUrl":"http:\/\/www.anovapeneira.gal\/wp-content\/uploads\/2019\/06\/logo_a_nova_peneira_portal_web.png","width":300,"height":100,"caption":"A Nova Peneira"},"image":{"@id":"https:\/\/www.anovapeneira.gal\/#\/schema\/logo\/image\/"},"sameAs":["https:\/\/www.facebook.com\/anovapeneira","https:\/\/x.com\/APeneira"]},{"@type":"Person","@id":"https:\/\/www.anovapeneira.gal\/#\/schema\/person\/45b3df2338e4d898b7616809f9c5906c","name":"Cristobal L\u00f3pez","image":{"@type":"ImageObject","inLanguage":"gl-ES","@id":"https:\/\/secure.gravatar.com\/avatar\/b537cf06ef8166c9ef72b09f4d5f6446b1e22ea99505d94e40b8685710482f79?s=96&d=mm&r=g","url":"https:\/\/secure.gravatar.com\/avatar\/b537cf06ef8166c9ef72b09f4d5f6446b1e22ea99505d94e40b8685710482f79?s=96&d=mm&r=g","contentUrl":"https:\/\/secure.gravatar.com\/avatar\/b537cf06ef8166c9ef72b09f4d5f6446b1e22ea99505d94e40b8685710482f79?s=96&d=mm&r=g","caption":"Cristobal L\u00f3pez"},"sameAs":["http:\/\/anovapeneira.gal"],"url":"https:\/\/www.anovapeneira.gal\/index.php\/author\/opinioncristoballopez\/"}]}},"jetpack_featured_media_url":"https:\/\/www.anovapeneira.gal\/wp-content\/uploads\/2020\/09\/senlua_arraiana_24_a_nova_peneira.jpg","_links":{"self":[{"href":"https:\/\/www.anovapeneira.gal\/index.php\/wp-json\/wp\/v2\/posts\/3943","targetHints":{"allow":["GET"]}}],"collection":[{"href":"https:\/\/www.anovapeneira.gal\/index.php\/wp-json\/wp\/v2\/posts"}],"about":[{"href":"https:\/\/www.anovapeneira.gal\/index.php\/wp-json\/wp\/v2\/types\/post"}],"author":[{"embeddable":true,"href":"https:\/\/www.anovapeneira.gal\/index.php\/wp-json\/wp\/v2\/users\/13"}],"replies":[{"embeddable":true,"href":"https:\/\/www.anovapeneira.gal\/index.php\/wp-json\/wp\/v2\/comments?post=3943"}],"version-history":[{"count":2,"href":"https:\/\/www.anovapeneira.gal\/index.php\/wp-json\/wp\/v2\/posts\/3943\/revisions"}],"predecessor-version":[{"id":3947,"href":"https:\/\/www.anovapeneira.gal\/index.php\/wp-json\/wp\/v2\/posts\/3943\/revisions\/3947"}],"wp:featuredmedia":[{"embeddable":true,"href":"https:\/\/www.anovapeneira.gal\/index.php\/wp-json\/wp\/v2\/media\/3945"}],"wp:attachment":[{"href":"https:\/\/www.anovapeneira.gal\/index.php\/wp-json\/wp\/v2\/media?parent=3943"}],"wp:term":[{"taxonomy":"category","embeddable":true,"href":"https:\/\/www.anovapeneira.gal\/index.php\/wp-json\/wp\/v2\/categories?post=3943"},{"taxonomy":"post_tag","embeddable":true,"href":"https:\/\/www.anovapeneira.gal\/index.php\/wp-json\/wp\/v2\/tags?post=3943"}],"curies":[{"name":"wp","href":"https:\/\/api.w.org\/{rel}","templated":true}]}}