{"id":3949,"date":"2020-09-22T10:00:53","date_gmt":"2020-09-22T08:00:53","guid":{"rendered":"http:\/\/www.anovapeneira.gal\/?p=3949"},"modified":"2020-09-21T11:45:15","modified_gmt":"2020-09-21T09:45:15","slug":"samuel-blanco-ciclista-de-chapela-campion-de-espana-da-categoria-elite","status":"publish","type":"post","link":"https:\/\/www.anovapeneira.gal\/index.php\/2020\/09\/22\/samuel-blanco-ciclista-de-chapela-campion-de-espana-da-categoria-elite\/","title":{"rendered":"Samuel Blanco ciclista de Chapela, campi\u00f3n de Espa\u00f1a da categor\u00eda elite"},"content":{"rendered":"\n<h2 class=\"wp-block-heading\"><strong>Samuel \u00e9 un rapaz de Chapela, iso si fillo de redondel\u00e1n, que acaba de acadar o campionato de Espa\u00f1a da categor\u00eda elite de ciclismo. Esta \u00e9 unha categor\u00eda antesala do ciclismo profesional, o \u00faltimo chanzo ata competir contra as m\u00e1ximas figuras do pelot\u00f3n internacional. A vitoria de Samuel \u00e9 enormemente meritoria, pois o campionato sup\u00f3n unha carreira que se disputa xunto cos mellores ciclistas de Espa\u00f1a ao mesmo tempo. Computando o concurso dos profesionais, Samuel, obtivo un magn\u00edfico noveno posto absoluto. Talento de Chapela en estado puro, \u00e9 Samuel. Te\u00f1o a convicci\u00f3n de que pronto o veremos nas escarpadas costas dos Alpes franceses ao car\u00f3n da elite do ciclismo mundial. Vela\u00ed vai o que deu de si a nosa conversa.<\/strong><\/h2>\n\n\n\n<p>\u201c<strong>A PR\u00c1CTICA DO CICLISMO ACHEGA UNS VALORES ENORMEMENTE \u00daTILES PARA A VIDA\u201d<\/strong><\/p>\n\n\n\n<p><strong>Nun principio gustar\u00edame moito darche os parab\u00e9ns polos teus \u00e9xitos deportivos: un mozo de Chapela, nin m\u00e1is nin menos que campi\u00f3n de Espa\u00f1a na clase elite de ciclismo en estrada<\/strong><\/p>\n\n\n\n<blockquote class=\"wp-block-quote is-layout-flow wp-block-quote-is-layout-flow\"><p>Moitas grazas a v\u00f3s polo espazo na difusi\u00f3n do noso deporte. Evidentemente os \u00e9xitos , especialmente cando fas algo que che encanta, son enormemente agradables. E, en boa medida ve\u00f1en recompensar os momentos duros , que tam\u00e9n ten a pr\u00e1ctica deportiva.<\/p><\/blockquote>\n\n\n\n<p><strong>A orograf\u00eda e a climatolox\u00eda galegas, non fan especialmente duros os adestramentos?<\/strong><\/p>\n\n\n\n<blockquote class=\"wp-block-quote is-layout-flow wp-block-quote-is-layout-flow\"><p>Si, abof\u00e9 que \u00e9 as\u00ed. Galicia \u00e9 preciosa pero a s\u00faa forma f\u00edsica e o seu clima non son precisamente os m\u00e1is adecuados para a pr\u00e1ctica do ciclismo. Como che dixen antes, o campionato de Espa\u00f1a compensa todos os malos momentos pasados.<\/p><\/blockquote>\n\n\n\n<p><strong>Cantos anos tes, e c\u00f3ntanos as principais caracter\u00edsticas do teu triunfo?<\/strong><\/p>\n\n\n\n<blockquote class=\"wp-block-quote is-layout-flow wp-block-quote-is-layout-flow\"><p>Eu te\u00f1o 26 anos, e no que respecta a esta carreira en concreto x\u00fantamonos os elites cos corredores profesionais, eles disputan a s\u00faa carreira e n\u00f3s a nosa. Eu ga\u00f1ei a mi\u00f1a categor\u00eda e fixen noveno absoluto contando a todos os profesionais. E co que me quedo \u00e9 al\u00e9n do triunfo no campionato con saber que te\u00f1o nivel para competir cos mellores<\/p><\/blockquote>\n\n\n\n<p><strong>En Galicia tes acadado todo tipo de \u00e9xitos verdade?<\/strong><\/p>\n\n\n\n<blockquote class=\"wp-block-quote is-layout-flow wp-block-quote-is-layout-flow\"><p>Menos a xeral da volta a Coru\u00f1a si. Te\u00f1o campionatos de crono e de fondo<\/p><\/blockquote>\n\n\n\n<p><strong>So\u00f1aras algunha vez co campionato de Espa\u00f1a?<\/strong><\/p>\n\n\n\n<blockquote class=\"wp-block-quote is-layout-flow wp-block-quote-is-layout-flow\"><p>Ilusi\u00f3n si que ti\u00f1a, pero a verdade non pensei que puidera chegar a ser unha realidade<\/p><\/blockquote>\n\n\n\n<p><strong>Concr\u00e9tanos un pouco m\u00e1is que \u00e9 a clase elite?<\/strong><\/p>\n\n\n\n<blockquote class=\"wp-block-quote is-layout-flow wp-block-quote-is-layout-flow\"><p>\u00c9 a categor\u00eda inmediatamente anterior a profesionais. Traballas e adestras igual ca un profesional<\/p><\/blockquote>\n\n\n\n<p><strong>E iso que sup\u00f3n?<\/strong><\/p>\n\n\n\n<blockquote class=\"wp-block-quote is-layout-flow wp-block-quote-is-layout-flow\"><p>Pois unhas catro horas diarias de adestramento, e logo coidarse moit\u00edsimo as 20 restantes para podermos estar nas mellores condici\u00f3ns f\u00edsicas posibles. Esta categor\u00eda implica que vivas por e para o ciclismo, que \u00e9 o \u00fanico modo posible de poder, alg\u00fan d\u00eda, chegar a ser profesional<\/p><\/blockquote>\n\n\n\n<p><strong>E como asumes que est\u00e1s entre os 10 mellores ciclistas de Espa\u00f1a?<\/strong><\/p>\n\n\n\n<blockquote class=\"wp-block-quote is-layout-flow wp-block-quote-is-layout-flow\"><p>Iso \u00e9 matizable. As\u00ed foi naquela marabillosa carreira, pero o ciclismo ten moitos condicionantes, e un d\u00eda podes rodar xenial, e ao seguinte ir moito peor. Oxal\u00e1 alg\u00fan d\u00eda poida estar na elite real do ciclismo espa\u00f1ol, pero a\u00ednda te\u00f1o que engrosar moi moito o meu palmar\u00e9s<\/p><\/blockquote>\n\n\n\n<p><strong>Cando comezou a t\u00faa relaci\u00f3n co ciclismo?<\/strong><\/p>\n\n\n\n<blockquote class=\"wp-block-quote is-layout-flow wp-block-quote-is-layout-flow\"><p>Eu comecei non club ciclista vigu\u00e9s , con 16 anos, na categor\u00eda xuvenil. Comecei un pouco tarde na competici\u00f3n<\/p><\/blockquote>\n\n\n\n<p><strong>E a andar en Bici?<\/strong><\/p>\n\n\n\n<blockquote class=\"wp-block-quote is-layout-flow wp-block-quote-is-layout-flow\"><p>Desde que te\u00f1o memoria<\/p><\/blockquote>\n\n\n\n<p><strong>Cando comezaches no equipo xuvenil, tivestes que p\u00f3r cartos?<\/strong><\/p>\n\n\n\n<blockquote class=\"wp-block-quote is-layout-flow wp-block-quote-is-layout-flow\"><p>Ao principio, cando era xuvenil, a mi\u00f1a familia para mercar material, si, claro.<\/p><\/blockquote>\n\n\n\n<p><strong>Ti aspiras a ter unha carreira profesional?<\/strong><\/p>\n\n\n\n<blockquote class=\"wp-block-quote is-layout-flow wp-block-quote-is-layout-flow\"><p>Vou tentalo con todas as mi\u00f1as forzas, desde logo que si.<\/p><\/blockquote>\n\n\n\n<p><strong>Se cadra a competici\u00f3n m\u00e1is medi\u00e1tica no voso deporte \u00e9 o Tour de Francia. Cal \u00e9 o perfil adecuado, para ti, que debe de ter un potencial ga\u00f1ador desta carreira?<\/strong><\/p>\n\n\n\n<blockquote class=\"wp-block-quote is-layout-flow wp-block-quote-is-layout-flow\"><p>O Tour \u00e9 unha carreira de tres semanas de duraci\u00f3n que ante todo e sobre todo esixe unha enorme regularidade. Asemade para podelo ga\u00f1ar ten que ser un ciclista completo; algu\u00e9n que domine moi ben, tanto a monta\u00f1a como a contrareloxo. E ten que ter un equipo moi s\u00f3lido para que lle axude a resistir 3 semanas. Ten que saber ler moi ben a carreira para interpretar ben as fugas e ter un importante compo\u00f1ente de frialdade.<\/p><\/blockquote>\n\n\n\n<p><strong>E os campionatos de Espa\u00f1a ou do mundo?<\/strong><\/p>\n\n\n\n<blockquote class=\"wp-block-quote is-layout-flow wp-block-quote-is-layout-flow\"><p>Son diferentes, pois soen ser competici\u00f3ns dun d\u00eda nun circu\u00edto. E quen a ga\u00f1e, \u00e9 o mellor dese d\u00eda<\/p><\/blockquote>\n\n\n\n<p><strong>Un ciclista, cando remata a s\u00faa carreira deportiva ten opci\u00f3n de orientar a s\u00faa vida profesional de maneira que siga relacionado con este deporte?<\/strong><\/p>\n\n\n\n<blockquote class=\"wp-block-quote is-layout-flow wp-block-quote-is-layout-flow\"><p>Na categor\u00eda elite non \u00e9 posible vivir do ciclismo , a non ser que te\u00f1as outro traballo que complemente os teus ingresos. No c\u00edrculo profesional, si que \u00e9 posible vivir do ciclismo. Incluso, como profesional, si que podes chegar a ga\u00f1ar moitos cartos, pero claro, durante pouco tempo. Xa que logo c\u00f3mpre ser responsable e pensar que a despois de que remate a vida deportiva, se todo vai ben, a\u00ednda quedan moitos anos de vida f\u00edsica<\/p><\/blockquote>\n\n\n\n<p><strong>Que sup\u00f3n que a carreira profesional sexa m\u00e1is ou menos longa?<\/strong><\/p>\n\n\n\n<blockquote class=\"wp-block-quote is-layout-flow wp-block-quote-is-layout-flow\"><p>Eu creo que as motivaci\u00f3ns persoais xogan un papel moi relevante no descorrer da carreira dun deportista<\/p><\/blockquote>\n\n\n\n<p><strong>A pr\u00e1ctica deste deporte pode axudar na vida en xeral?<\/strong><\/p>\n\n\n\n<blockquote class=\"wp-block-quote is-layout-flow wp-block-quote-is-layout-flow\"><p>Si, eu creo que si. O ciclismo achega uns valores de superaci\u00f3n, e non renderse nunca que eu creo que son moi apropiados para os problemas que inevitablemente todos temos na vida<\/p><\/blockquote>\n\n\n\n<p><strong>O ciclismo, non cres que est\u00e1 infra promocionado en relaci\u00f3n co inmenso esforzo que sup\u00f3n a s\u00faa pr\u00e1ctica?<\/strong><\/p>\n\n\n\n<blockquote class=\"wp-block-quote is-layout-flow wp-block-quote-is-layout-flow\"><p>Si, si que o penso. Todos tiramos un pouco m\u00e1is polo noso, claro, pero creo que obxectivamente si que se pode dicir que o noso deporte, por todo o que sup\u00f3n, polo fermoso e polo duro que \u00e9 merece moita m\u00e1is repercusi\u00f3n da que ten en realidade.<\/p><\/blockquote>\n","protected":false},"excerpt":{"rendered":"<div class=\"mh-excerpt\"><p>Samuel \u00e9 un rapaz de Chapela, iso si fillo de redondel\u00e1n, que acaba de acadar o campionato de Espa\u00f1a da categor\u00eda elite de ciclismo. Esta \u00e9 unha categor\u00eda antesala do ciclismo profesional, o \u00faltimo chanzo ata competir contra as m\u00e1ximas figuras do pelot\u00f3n internacional. A vitoria de Samuel \u00e9 enormemente meritoria, pois o campionato sup\u00f3n unha carreira que se disputa xunto cos mellores ciclistas de Espa\u00f1a ao mesmo tempo. Computando o concurso dos profesionais, Samuel, obtivo un magn\u00edfico noveno posto absoluto. Talento de Chapela en estado puro, \u00e9 Samuel. Te\u00f1o a convicci\u00f3n de que pronto o veremos nas escarpadas costas dos Alpes franceses ao car\u00f3n da elite do ciclismo mundial <a class=\"mh-excerpt-more\" href=\"https:\/\/www.anovapeneira.gal\/index.php\/2020\/09\/22\/samuel-blanco-ciclista-de-chapela-campion-de-espana-da-categoria-elite\/\" title=\"Samuel Blanco ciclista de Chapela, campi\u00f3n de Espa\u00f1a da categor\u00eda elite\">[&#8230;]<\/a><\/p>\n<\/div>","protected":false},"author":6,"featured_media":3950,"comment_status":"open","ping_status":"open","sticky":false,"template":"","format":"standard","meta":{"_exactmetrics_skip_tracking":false,"_exactmetrics_sitenote_active":false,"_exactmetrics_sitenote_note":"","_exactmetrics_sitenote_category":0,"footnotes":""},"categories":[270],"tags":[534,171],"class_list":{"0":"post-3949","1":"post","2":"type-post","3":"status-publish","4":"format-standard","5":"has-post-thumbnail","7":"category-redondela-entrevistas","8":"tag-ciclismo","9":"tag-concello-de-redondela"},"yoast_head":"<!-- This site is optimized with the Yoast SEO plugin v27.4 - https:\/\/yoast.com\/product\/yoast-seo-wordpress\/ -->\n<title>Samuel Blanco ciclista de Chapela, campi\u00f3n de Espa\u00f1a da categor\u00eda elite -<\/title>\n<meta name=\"description\" content=\"Samuel \u00e9 un rapaz de Chapela, iso si fillo de redondel\u00e1n, que acaba de acadar o campionato de Espa\u00f1a da categor\u00eda elite de ciclismo\" \/>\n<meta name=\"robots\" content=\"index, follow, max-snippet:-1, max-image-preview:large, max-video-preview:-1\" \/>\n<link rel=\"canonical\" href=\"https:\/\/www.anovapeneira.gal\/index.php\/2020\/09\/22\/samuel-blanco-ciclista-de-chapela-campion-de-espana-da-categoria-elite\/\" \/>\n<meta property=\"og:locale\" content=\"gl_ES\" \/>\n<meta property=\"og:type\" content=\"article\" \/>\n<meta property=\"og:title\" content=\"Samuel Blanco ciclista de Chapela, campi\u00f3n de Espa\u00f1a da categor\u00eda elite -\" \/>\n<meta property=\"og:description\" content=\"Samuel \u00e9 un rapaz de Chapela, iso si fillo de redondel\u00e1n, que acaba de acadar o campionato de Espa\u00f1a da categor\u00eda elite de ciclismo\" \/>\n<meta property=\"og:url\" content=\"https:\/\/www.anovapeneira.gal\/index.php\/2020\/09\/22\/samuel-blanco-ciclista-de-chapela-campion-de-espana-da-categoria-elite\/\" \/>\n<meta property=\"article:publisher\" content=\"https:\/\/www.facebook.com\/anovapeneira\" \/>\n<meta property=\"article:published_time\" content=\"2020-09-22T08:00:53+00:00\" \/>\n<meta property=\"og:image\" content=\"https:\/\/www.anovapeneira.gal\/wp-content\/uploads\/2020\/09\/Samuel_Blanco_ciclista_de_Chapela.jpg\" \/>\n\t<meta property=\"og:image:width\" content=\"720\" \/>\n\t<meta property=\"og:image:height\" content=\"432\" \/>\n\t<meta property=\"og:image:type\" content=\"image\/jpeg\" \/>\n<meta name=\"author\" content=\"Marcos Santos\" \/>\n<meta name=\"twitter:card\" content=\"summary_large_image\" \/>\n<meta name=\"twitter:creator\" content=\"@APeneira\" \/>\n<meta name=\"twitter:site\" content=\"@APeneira\" \/>\n<meta name=\"twitter:label1\" content=\"Escrito por\" \/>\n\t<meta name=\"twitter:data1\" content=\"Marcos Santos\" \/>\n\t<meta name=\"twitter:label2\" content=\"Tempo de lectura\" \/>\n\t<meta name=\"twitter:data2\" content=\"5 minutos\" \/>\n<script type=\"application\/ld+json\" class=\"yoast-schema-graph\">{\"@context\":\"https:\\\/\\\/schema.org\",\"@graph\":[{\"@type\":\"Article\",\"@id\":\"https:\\\/\\\/www.anovapeneira.gal\\\/index.php\\\/2020\\\/09\\\/22\\\/samuel-blanco-ciclista-de-chapela-campion-de-espana-da-categoria-elite\\\/#article\",\"isPartOf\":{\"@id\":\"https:\\\/\\\/www.anovapeneira.gal\\\/index.php\\\/2020\\\/09\\\/22\\\/samuel-blanco-ciclista-de-chapela-campion-de-espana-da-categoria-elite\\\/\"},\"author\":{\"name\":\"Marcos Santos\",\"@id\":\"https:\\\/\\\/www.anovapeneira.gal\\\/#\\\/schema\\\/person\\\/d9d84823564720e7593293bab054e52d\"},\"headline\":\"Samuel Blanco ciclista de Chapela, campi\u00f3n de Espa\u00f1a da categor\u00eda elite\",\"datePublished\":\"2020-09-22T08:00:53+00:00\",\"mainEntityOfPage\":{\"@id\":\"https:\\\/\\\/www.anovapeneira.gal\\\/index.php\\\/2020\\\/09\\\/22\\\/samuel-blanco-ciclista-de-chapela-campion-de-espana-da-categoria-elite\\\/\"},\"wordCount\":1054,\"commentCount\":0,\"publisher\":{\"@id\":\"https:\\\/\\\/www.anovapeneira.gal\\\/#organization\"},\"image\":{\"@id\":\"https:\\\/\\\/www.anovapeneira.gal\\\/index.php\\\/2020\\\/09\\\/22\\\/samuel-blanco-ciclista-de-chapela-campion-de-espana-da-categoria-elite\\\/#primaryimage\"},\"thumbnailUrl\":\"https:\\\/\\\/www.anovapeneira.gal\\\/wp-content\\\/uploads\\\/2020\\\/09\\\/Samuel_Blanco_ciclista_de_Chapela.jpg\",\"keywords\":[\"Ciclismo\",\"Concello de Redondela\"],\"articleSection\":[\"Redondela\"],\"inLanguage\":\"gl-ES\",\"potentialAction\":[{\"@type\":\"CommentAction\",\"name\":\"Comment\",\"target\":[\"https:\\\/\\\/www.anovapeneira.gal\\\/index.php\\\/2020\\\/09\\\/22\\\/samuel-blanco-ciclista-de-chapela-campion-de-espana-da-categoria-elite\\\/#respond\"]}]},{\"@type\":\"WebPage\",\"@id\":\"https:\\\/\\\/www.anovapeneira.gal\\\/index.php\\\/2020\\\/09\\\/22\\\/samuel-blanco-ciclista-de-chapela-campion-de-espana-da-categoria-elite\\\/\",\"url\":\"https:\\\/\\\/www.anovapeneira.gal\\\/index.php\\\/2020\\\/09\\\/22\\\/samuel-blanco-ciclista-de-chapela-campion-de-espana-da-categoria-elite\\\/\",\"name\":\"Samuel Blanco ciclista de Chapela, campi\u00f3n de Espa\u00f1a da categor\u00eda elite -\",\"isPartOf\":{\"@id\":\"https:\\\/\\\/www.anovapeneira.gal\\\/#website\"},\"primaryImageOfPage\":{\"@id\":\"https:\\\/\\\/www.anovapeneira.gal\\\/index.php\\\/2020\\\/09\\\/22\\\/samuel-blanco-ciclista-de-chapela-campion-de-espana-da-categoria-elite\\\/#primaryimage\"},\"image\":{\"@id\":\"https:\\\/\\\/www.anovapeneira.gal\\\/index.php\\\/2020\\\/09\\\/22\\\/samuel-blanco-ciclista-de-chapela-campion-de-espana-da-categoria-elite\\\/#primaryimage\"},\"thumbnailUrl\":\"https:\\\/\\\/www.anovapeneira.gal\\\/wp-content\\\/uploads\\\/2020\\\/09\\\/Samuel_Blanco_ciclista_de_Chapela.jpg\",\"datePublished\":\"2020-09-22T08:00:53+00:00\",\"description\":\"Samuel \u00e9 un rapaz de Chapela, iso si fillo de redondel\u00e1n, que acaba de acadar o campionato de Espa\u00f1a da categor\u00eda elite de ciclismo\",\"breadcrumb\":{\"@id\":\"https:\\\/\\\/www.anovapeneira.gal\\\/index.php\\\/2020\\\/09\\\/22\\\/samuel-blanco-ciclista-de-chapela-campion-de-espana-da-categoria-elite\\\/#breadcrumb\"},\"inLanguage\":\"gl-ES\",\"potentialAction\":[{\"@type\":\"ReadAction\",\"target\":[\"https:\\\/\\\/www.anovapeneira.gal\\\/index.php\\\/2020\\\/09\\\/22\\\/samuel-blanco-ciclista-de-chapela-campion-de-espana-da-categoria-elite\\\/\"]}]},{\"@type\":\"ImageObject\",\"inLanguage\":\"gl-ES\",\"@id\":\"https:\\\/\\\/www.anovapeneira.gal\\\/index.php\\\/2020\\\/09\\\/22\\\/samuel-blanco-ciclista-de-chapela-campion-de-espana-da-categoria-elite\\\/#primaryimage\",\"url\":\"https:\\\/\\\/www.anovapeneira.gal\\\/wp-content\\\/uploads\\\/2020\\\/09\\\/Samuel_Blanco_ciclista_de_Chapela.jpg\",\"contentUrl\":\"https:\\\/\\\/www.anovapeneira.gal\\\/wp-content\\\/uploads\\\/2020\\\/09\\\/Samuel_Blanco_ciclista_de_Chapela.jpg\",\"width\":720,\"height\":432,\"caption\":\"Samuel Blanco ciclista de Chapela, campi\u00f3n de Espa\u00f1a da categor\u00eda elite\"},{\"@type\":\"BreadcrumbList\",\"@id\":\"https:\\\/\\\/www.anovapeneira.gal\\\/index.php\\\/2020\\\/09\\\/22\\\/samuel-blanco-ciclista-de-chapela-campion-de-espana-da-categoria-elite\\\/#breadcrumb\",\"itemListElement\":[{\"@type\":\"ListItem\",\"position\":1,\"name\":\"Portada\",\"item\":\"https:\\\/\\\/www.anovapeneira.gal\\\/\"},{\"@type\":\"ListItem\",\"position\":2,\"name\":\"Samuel Blanco ciclista de Chapela, campi\u00f3n de Espa\u00f1a da categor\u00eda elite\"}]},{\"@type\":\"WebSite\",\"@id\":\"https:\\\/\\\/www.anovapeneira.gal\\\/#website\",\"url\":\"https:\\\/\\\/www.anovapeneira.gal\\\/\",\"name\":\"\",\"description\":\"Xornal galego de informaci\u00f3n xeral Publicaci\u00f3n mensual de novas de Galicia e en especial dos Concellos da sur da provincia de Pontevedra.\",\"publisher\":{\"@id\":\"https:\\\/\\\/www.anovapeneira.gal\\\/#organization\"},\"potentialAction\":[{\"@type\":\"SearchAction\",\"target\":{\"@type\":\"EntryPoint\",\"urlTemplate\":\"https:\\\/\\\/www.anovapeneira.gal\\\/?s={search_term_string}\"},\"query-input\":{\"@type\":\"PropertyValueSpecification\",\"valueRequired\":true,\"valueName\":\"search_term_string\"}}],\"inLanguage\":\"gl-ES\"},{\"@type\":\"Organization\",\"@id\":\"https:\\\/\\\/www.anovapeneira.gal\\\/#organization\",\"name\":\"A Nova Peneira\",\"url\":\"https:\\\/\\\/www.anovapeneira.gal\\\/\",\"logo\":{\"@type\":\"ImageObject\",\"inLanguage\":\"gl-ES\",\"@id\":\"https:\\\/\\\/www.anovapeneira.gal\\\/#\\\/schema\\\/logo\\\/image\\\/\",\"url\":\"http:\\\/\\\/www.anovapeneira.gal\\\/wp-content\\\/uploads\\\/2019\\\/06\\\/logo_a_nova_peneira_portal_web.png\",\"contentUrl\":\"http:\\\/\\\/www.anovapeneira.gal\\\/wp-content\\\/uploads\\\/2019\\\/06\\\/logo_a_nova_peneira_portal_web.png\",\"width\":300,\"height\":100,\"caption\":\"A Nova Peneira\"},\"image\":{\"@id\":\"https:\\\/\\\/www.anovapeneira.gal\\\/#\\\/schema\\\/logo\\\/image\\\/\"},\"sameAs\":[\"https:\\\/\\\/www.facebook.com\\\/anovapeneira\",\"https:\\\/\\\/x.com\\\/APeneira\"]},{\"@type\":\"Person\",\"@id\":\"https:\\\/\\\/www.anovapeneira.gal\\\/#\\\/schema\\\/person\\\/d9d84823564720e7593293bab054e52d\",\"name\":\"Marcos Santos\",\"image\":{\"@type\":\"ImageObject\",\"inLanguage\":\"gl-ES\",\"@id\":\"https:\\\/\\\/secure.gravatar.com\\\/avatar\\\/0e8017099a7a47c0a9d2275e865fe326484561eb3d70649069e4b8e61a8d2e8c?s=96&d=mm&r=g\",\"url\":\"https:\\\/\\\/secure.gravatar.com\\\/avatar\\\/0e8017099a7a47c0a9d2275e865fe326484561eb3d70649069e4b8e61a8d2e8c?s=96&d=mm&r=g\",\"contentUrl\":\"https:\\\/\\\/secure.gravatar.com\\\/avatar\\\/0e8017099a7a47c0a9d2275e865fe326484561eb3d70649069e4b8e61a8d2e8c?s=96&d=mm&r=g\",\"caption\":\"Marcos Santos\"},\"sameAs\":[\"http:\\\/\\\/anovapeneira.gal\"],\"url\":\"https:\\\/\\\/www.anovapeneira.gal\\\/index.php\\\/author\\\/marcos-santos\\\/\"}]}<\/script>\n<!-- \/ Yoast SEO plugin. -->","yoast_head_json":{"title":"Samuel Blanco ciclista de Chapela, campi\u00f3n de Espa\u00f1a da categor\u00eda elite -","description":"Samuel \u00e9 un rapaz de Chapela, iso si fillo de redondel\u00e1n, que acaba de acadar o campionato de Espa\u00f1a da categor\u00eda elite de ciclismo","robots":{"index":"index","follow":"follow","max-snippet":"max-snippet:-1","max-image-preview":"max-image-preview:large","max-video-preview":"max-video-preview:-1"},"canonical":"https:\/\/www.anovapeneira.gal\/index.php\/2020\/09\/22\/samuel-blanco-ciclista-de-chapela-campion-de-espana-da-categoria-elite\/","og_locale":"gl_ES","og_type":"article","og_title":"Samuel Blanco ciclista de Chapela, campi\u00f3n de Espa\u00f1a da categor\u00eda elite -","og_description":"Samuel \u00e9 un rapaz de Chapela, iso si fillo de redondel\u00e1n, que acaba de acadar o campionato de Espa\u00f1a da categor\u00eda elite de ciclismo","og_url":"https:\/\/www.anovapeneira.gal\/index.php\/2020\/09\/22\/samuel-blanco-ciclista-de-chapela-campion-de-espana-da-categoria-elite\/","article_publisher":"https:\/\/www.facebook.com\/anovapeneira","article_published_time":"2020-09-22T08:00:53+00:00","og_image":[{"width":720,"height":432,"url":"https:\/\/www.anovapeneira.gal\/wp-content\/uploads\/2020\/09\/Samuel_Blanco_ciclista_de_Chapela.jpg","type":"image\/jpeg"}],"author":"Marcos Santos","twitter_card":"summary_large_image","twitter_creator":"@APeneira","twitter_site":"@APeneira","twitter_misc":{"Escrito por":"Marcos Santos","Tempo de lectura":"5 minutos"},"schema":{"@context":"https:\/\/schema.org","@graph":[{"@type":"Article","@id":"https:\/\/www.anovapeneira.gal\/index.php\/2020\/09\/22\/samuel-blanco-ciclista-de-chapela-campion-de-espana-da-categoria-elite\/#article","isPartOf":{"@id":"https:\/\/www.anovapeneira.gal\/index.php\/2020\/09\/22\/samuel-blanco-ciclista-de-chapela-campion-de-espana-da-categoria-elite\/"},"author":{"name":"Marcos Santos","@id":"https:\/\/www.anovapeneira.gal\/#\/schema\/person\/d9d84823564720e7593293bab054e52d"},"headline":"Samuel Blanco ciclista de Chapela, campi\u00f3n de Espa\u00f1a da categor\u00eda elite","datePublished":"2020-09-22T08:00:53+00:00","mainEntityOfPage":{"@id":"https:\/\/www.anovapeneira.gal\/index.php\/2020\/09\/22\/samuel-blanco-ciclista-de-chapela-campion-de-espana-da-categoria-elite\/"},"wordCount":1054,"commentCount":0,"publisher":{"@id":"https:\/\/www.anovapeneira.gal\/#organization"},"image":{"@id":"https:\/\/www.anovapeneira.gal\/index.php\/2020\/09\/22\/samuel-blanco-ciclista-de-chapela-campion-de-espana-da-categoria-elite\/#primaryimage"},"thumbnailUrl":"https:\/\/www.anovapeneira.gal\/wp-content\/uploads\/2020\/09\/Samuel_Blanco_ciclista_de_Chapela.jpg","keywords":["Ciclismo","Concello de Redondela"],"articleSection":["Redondela"],"inLanguage":"gl-ES","potentialAction":[{"@type":"CommentAction","name":"Comment","target":["https:\/\/www.anovapeneira.gal\/index.php\/2020\/09\/22\/samuel-blanco-ciclista-de-chapela-campion-de-espana-da-categoria-elite\/#respond"]}]},{"@type":"WebPage","@id":"https:\/\/www.anovapeneira.gal\/index.php\/2020\/09\/22\/samuel-blanco-ciclista-de-chapela-campion-de-espana-da-categoria-elite\/","url":"https:\/\/www.anovapeneira.gal\/index.php\/2020\/09\/22\/samuel-blanco-ciclista-de-chapela-campion-de-espana-da-categoria-elite\/","name":"Samuel Blanco ciclista de Chapela, campi\u00f3n de Espa\u00f1a da categor\u00eda elite -","isPartOf":{"@id":"https:\/\/www.anovapeneira.gal\/#website"},"primaryImageOfPage":{"@id":"https:\/\/www.anovapeneira.gal\/index.php\/2020\/09\/22\/samuel-blanco-ciclista-de-chapela-campion-de-espana-da-categoria-elite\/#primaryimage"},"image":{"@id":"https:\/\/www.anovapeneira.gal\/index.php\/2020\/09\/22\/samuel-blanco-ciclista-de-chapela-campion-de-espana-da-categoria-elite\/#primaryimage"},"thumbnailUrl":"https:\/\/www.anovapeneira.gal\/wp-content\/uploads\/2020\/09\/Samuel_Blanco_ciclista_de_Chapela.jpg","datePublished":"2020-09-22T08:00:53+00:00","description":"Samuel \u00e9 un rapaz de Chapela, iso si fillo de redondel\u00e1n, que acaba de acadar o campionato de Espa\u00f1a da categor\u00eda elite de ciclismo","breadcrumb":{"@id":"https:\/\/www.anovapeneira.gal\/index.php\/2020\/09\/22\/samuel-blanco-ciclista-de-chapela-campion-de-espana-da-categoria-elite\/#breadcrumb"},"inLanguage":"gl-ES","potentialAction":[{"@type":"ReadAction","target":["https:\/\/www.anovapeneira.gal\/index.php\/2020\/09\/22\/samuel-blanco-ciclista-de-chapela-campion-de-espana-da-categoria-elite\/"]}]},{"@type":"ImageObject","inLanguage":"gl-ES","@id":"https:\/\/www.anovapeneira.gal\/index.php\/2020\/09\/22\/samuel-blanco-ciclista-de-chapela-campion-de-espana-da-categoria-elite\/#primaryimage","url":"https:\/\/www.anovapeneira.gal\/wp-content\/uploads\/2020\/09\/Samuel_Blanco_ciclista_de_Chapela.jpg","contentUrl":"https:\/\/www.anovapeneira.gal\/wp-content\/uploads\/2020\/09\/Samuel_Blanco_ciclista_de_Chapela.jpg","width":720,"height":432,"caption":"Samuel Blanco ciclista de Chapela, campi\u00f3n de Espa\u00f1a da categor\u00eda elite"},{"@type":"BreadcrumbList","@id":"https:\/\/www.anovapeneira.gal\/index.php\/2020\/09\/22\/samuel-blanco-ciclista-de-chapela-campion-de-espana-da-categoria-elite\/#breadcrumb","itemListElement":[{"@type":"ListItem","position":1,"name":"Portada","item":"https:\/\/www.anovapeneira.gal\/"},{"@type":"ListItem","position":2,"name":"Samuel Blanco ciclista de Chapela, campi\u00f3n de Espa\u00f1a da categor\u00eda elite"}]},{"@type":"WebSite","@id":"https:\/\/www.anovapeneira.gal\/#website","url":"https:\/\/www.anovapeneira.gal\/","name":"","description":"Xornal galego de informaci\u00f3n xeral Publicaci\u00f3n mensual de novas de Galicia e en especial dos Concellos da sur da provincia de Pontevedra.","publisher":{"@id":"https:\/\/www.anovapeneira.gal\/#organization"},"potentialAction":[{"@type":"SearchAction","target":{"@type":"EntryPoint","urlTemplate":"https:\/\/www.anovapeneira.gal\/?s={search_term_string}"},"query-input":{"@type":"PropertyValueSpecification","valueRequired":true,"valueName":"search_term_string"}}],"inLanguage":"gl-ES"},{"@type":"Organization","@id":"https:\/\/www.anovapeneira.gal\/#organization","name":"A Nova Peneira","url":"https:\/\/www.anovapeneira.gal\/","logo":{"@type":"ImageObject","inLanguage":"gl-ES","@id":"https:\/\/www.anovapeneira.gal\/#\/schema\/logo\/image\/","url":"http:\/\/www.anovapeneira.gal\/wp-content\/uploads\/2019\/06\/logo_a_nova_peneira_portal_web.png","contentUrl":"http:\/\/www.anovapeneira.gal\/wp-content\/uploads\/2019\/06\/logo_a_nova_peneira_portal_web.png","width":300,"height":100,"caption":"A Nova Peneira"},"image":{"@id":"https:\/\/www.anovapeneira.gal\/#\/schema\/logo\/image\/"},"sameAs":["https:\/\/www.facebook.com\/anovapeneira","https:\/\/x.com\/APeneira"]},{"@type":"Person","@id":"https:\/\/www.anovapeneira.gal\/#\/schema\/person\/d9d84823564720e7593293bab054e52d","name":"Marcos Santos","image":{"@type":"ImageObject","inLanguage":"gl-ES","@id":"https:\/\/secure.gravatar.com\/avatar\/0e8017099a7a47c0a9d2275e865fe326484561eb3d70649069e4b8e61a8d2e8c?s=96&d=mm&r=g","url":"https:\/\/secure.gravatar.com\/avatar\/0e8017099a7a47c0a9d2275e865fe326484561eb3d70649069e4b8e61a8d2e8c?s=96&d=mm&r=g","contentUrl":"https:\/\/secure.gravatar.com\/avatar\/0e8017099a7a47c0a9d2275e865fe326484561eb3d70649069e4b8e61a8d2e8c?s=96&d=mm&r=g","caption":"Marcos Santos"},"sameAs":["http:\/\/anovapeneira.gal"],"url":"https:\/\/www.anovapeneira.gal\/index.php\/author\/marcos-santos\/"}]}},"jetpack_featured_media_url":"https:\/\/www.anovapeneira.gal\/wp-content\/uploads\/2020\/09\/Samuel_Blanco_ciclista_de_Chapela.jpg","_links":{"self":[{"href":"https:\/\/www.anovapeneira.gal\/index.php\/wp-json\/wp\/v2\/posts\/3949","targetHints":{"allow":["GET"]}}],"collection":[{"href":"https:\/\/www.anovapeneira.gal\/index.php\/wp-json\/wp\/v2\/posts"}],"about":[{"href":"https:\/\/www.anovapeneira.gal\/index.php\/wp-json\/wp\/v2\/types\/post"}],"author":[{"embeddable":true,"href":"https:\/\/www.anovapeneira.gal\/index.php\/wp-json\/wp\/v2\/users\/6"}],"replies":[{"embeddable":true,"href":"https:\/\/www.anovapeneira.gal\/index.php\/wp-json\/wp\/v2\/comments?post=3949"}],"version-history":[{"count":1,"href":"https:\/\/www.anovapeneira.gal\/index.php\/wp-json\/wp\/v2\/posts\/3949\/revisions"}],"predecessor-version":[{"id":3951,"href":"https:\/\/www.anovapeneira.gal\/index.php\/wp-json\/wp\/v2\/posts\/3949\/revisions\/3951"}],"wp:featuredmedia":[{"embeddable":true,"href":"https:\/\/www.anovapeneira.gal\/index.php\/wp-json\/wp\/v2\/media\/3950"}],"wp:attachment":[{"href":"https:\/\/www.anovapeneira.gal\/index.php\/wp-json\/wp\/v2\/media?parent=3949"}],"wp:term":[{"taxonomy":"category","embeddable":true,"href":"https:\/\/www.anovapeneira.gal\/index.php\/wp-json\/wp\/v2\/categories?post=3949"},{"taxonomy":"post_tag","embeddable":true,"href":"https:\/\/www.anovapeneira.gal\/index.php\/wp-json\/wp\/v2\/tags?post=3949"}],"curies":[{"name":"wp","href":"https:\/\/api.w.org\/{rel}","templated":true}]}}